{"id":664518,"date":"2026-04-23T22:51:01","date_gmt":"2026-04-23T20:51:01","guid":{"rendered":"https:\/\/kohenavocats.com\/cour-dappel-de-paris-le-10-janvier-2024-n23-06185\/"},"modified":"2026-04-23T22:51:01","modified_gmt":"2026-04-23T20:51:01","slug":"cour-dappel-de-paris-le-10-janvier-2024-n23-06185","status":"publish","type":"post","link":"https:\/\/kohenavocats.com\/pt-pt\/cour-dappel-de-paris-le-10-janvier-2024-n23-06185\/","title":{"rendered":"Cour d&#8217;appel de Paris, le 10 janvier 2024, n\u00b023\/06185"},"content":{"rendered":"<div class=\"article-content\">\n<p>La cour d\u2019appel de Paris, dans un arr\u00eat du 10 janvier 2024, statue sur un litige relatif \u00e0 l\u2019existence d\u2019un contrat de travail. Un travailleur, en situation irr\u00e9guli\u00e8re, affirme avoir effectu\u00e9 des t\u00e2ches d\u2019entretien pour une soci\u00e9t\u00e9. La soci\u00e9t\u00e9 soutient quant \u00e0 elle n\u2019avoir entretenu aucune relation contractuelle avec lui. La juridiction doit d\u00e9terminer si les \u00e9l\u00e9ments produits caract\u00e9risent un lien de subordination. Elle rejette la qualification de contrat de travail et d\u00e9boute le travailleur de ses demandes.<\/p>\n<p>La preuve insuffisante de la prestation de travail<\/p>\n<p>L\u2019exigence d\u2019une d\u00e9monstration concr\u00e8te des faits<\/p>\n<p>Le demandeur \u00e0 l\u2019action supporte la charge de prouver les \u00e9l\u00e9ments constitutifs du contrat. Il doit ainsi d\u00e9montrer l\u2019ex\u00e9cution d\u2019une prestation pour le compte d\u2019autrui. La cour rel\u00e8ve que les pi\u00e8ces vers\u00e9es manquent de pr\u00e9cision et de force probante. Des photographies et des feuilles manuscrites ne permettent pas d\u2019identifier la soci\u00e9t\u00e9 b\u00e9n\u00e9ficiaire du travail. Un document Cerfa non sign\u00e9 ne peut \u00eatre attribu\u00e9 \u00e0 la soci\u00e9t\u00e9 d\u00e9fenderesse. Ces \u00e9l\u00e9ments ne suffisent pas \u00e0 \u00e9tablir une prestation au profit de la soci\u00e9t\u00e9. La preuve doit \u00eatre certaine et non \u00e9quivoque pour fonder une cr\u00e9ance.<\/p>\n<p>La port\u00e9e d\u2019une exigence probatoire rigoureuse<\/p>\n<p>Cette analyse rappelle la s\u00e9v\u00e9rit\u00e9 du contr\u00f4le exerc\u00e9 par les juges du fond. L\u2019all\u00e9gation d\u2019une relation de travail n\u00e9cessite des \u00e9l\u00e9ments objectifs et v\u00e9rifiables. Des attestations trop impr\u00e9cises ou des documents non dat\u00e9s sont \u00e9cart\u00e9s. La cour op\u00e8re ainsi un tri strict parmi les moyens de preuve apport\u00e9s. Cette rigueur prot\u00e8ge les entreprises contre des r\u00e9clamations infond\u00e9es. Elle place cependant le travailleur, souvent en position de faiblesse, dans une situation d\u00e9licate. La preuve du travail dissimul\u00e9 reste ainsi difficile \u00e0 rapporter.<\/p>\n<p>L\u2019absence de caract\u00e9risation du lien de subordination<\/p>\n<p>La d\u00e9finition l\u00e9gale du lien de subordination<\/p>\n<p>Le droit du travail d\u00e9finit le contrat par l\u2019existence d\u2019un lien de subordination. &#8220;Le lien de subordination est caract\u00e9ris\u00e9 par l&#8217;ex\u00e9cution d&#8217;un travail sous l&#8217;autorit\u00e9 d&#8217;un employeur qui a le pouvoir de donner des ordres et des directives, d&#8217;en contr\u00f4ler l&#8217;ex\u00e9cution et de sanctionner les manquements de son subordonn\u00e9.&#8221; (Cour d&#8217;appel de Rouen, le 1 juillet 2025, n\u00b023\/04242) La qualification ne d\u00e9pend pas de la volont\u00e9 des parties mais des conditions de fait. La cour applique ce principe en recherchant les marques d\u2019autorit\u00e9. Elle constate que les \u00e9changes concernent uniquement une personne physique. Aucun ordre, contr\u00f4le ou sanction \u00e9manant de la soci\u00e9t\u00e9 n\u2019est \u00e9tabli. L\u2019absence de ces crit\u00e8res essentiels emp\u00eache la qualification salariale.<\/p>\n<p>La distinction cruciale entre engagement personnel et engagement social<\/p>\n<p>La d\u00e9cision op\u00e8re une distinction fondamentale entre les sph\u00e8res priv\u00e9e et professionnelle. La cour admet l\u2019existence de relations personnelles et de services entre les individus. Ces services, comme l\u2019h\u00e9bergement ou le repassage, rel\u00e8vent de la sph\u00e8re priv\u00e9e. Ils ne peuvent \u00eatre imput\u00e9s \u00e0 la soci\u00e9t\u00e9 sans preuve de son implication. Le dirigeant pr\u00e9sum\u00e9 agissait en dehors de tout cadre social d\u00e9montr\u00e9. La personnalit\u00e9 morale de la soci\u00e9t\u00e9 forme un \u00e9cran protecteur. Cette solution prot\u00e8ge l\u2019autonomie patrimoniale de la personne morale. Elle souligne la n\u00e9cessit\u00e9 de prouver que les directives \u00e9manaient bien de l\u2019entit\u00e9 employeuse.<\/p>\n<\/div>\n","protected":false},"excerpt":{"rendered":"<p>La cour d\u2019appel de Paris, dans un arr\u00eat du 10 janvier 2024, statue sur un litige relatif \u00e0 l\u2019existence d\u2019un contrat de travail. Un travailleur, en situation &#8230;<\/p>\n","protected":false},"author":232070755,"featured_media":4894,"comment_status":"open","ping_status":"open","sticky":false,"template":"","format":"standard","meta":{"_crdt_document":"","_jetpack_newsletter_access":"","_jetpack_dont_email_post_to_subs":false,"_jetpack_newsletter_tier_id":0,"_jetpack_memberships_contains_paywalled_content":false,"_jetpack_memberships_contains_paid_content":false,"footnotes":"","jetpack_post_was_ever_published":false},"categories":[7597],"tags":[],"class_list":["post-664518","post","type-post","status-publish","format-standard","has-post-thumbnail","hentry","category-jurisprudence"],"yoast_head":"<!-- This site is optimized with the Yoast SEO Premium plugin v27.4 (Yoast SEO v27.4) - https:\/\/yoast.com\/product\/yoast-seo-premium-wordpress\/ -->\n<title>Cour d&#039;appel de Paris, le 10 janvier 2024, n\u00b023\/06185 - Ma\u00eetre Hassan Kohen, avocat en droit p\u00e9nal \u00e0 Paris<\/title>\n<meta name=\"description\" content=\"La cour d\u2019appel de Paris, dans un arr\u00eat du 10 janvier 2024, statue sur un litige relatif \u00e0 l\u2019existence d\u2019un contrat de travail. Un travailleur, en situation ...\" \/>\n<meta name=\"robots\" content=\"index, follow, max-snippet:-1, max-image-preview:large, max-video-preview:-1\" \/>\n<link rel=\"canonical\" href=\"https:\/\/kohenavocats.com\/pt-pt\/cour-dappel-de-paris-le-10-janvier-2024-n23-06185\/\" \/>\n<meta property=\"og:locale\" content=\"pt_PT\" \/>\n<meta property=\"og:type\" content=\"article\" \/>\n<meta property=\"og:title\" content=\"Cour d&#039;appel de Paris, le 10 janvier 2024, n\u00b023\/06185\" \/>\n<meta property=\"og:description\" content=\"La cour d\u2019appel de Paris, dans un arr\u00eat du 10 janvier 2024, statue sur un litige relatif \u00e0 l\u2019existence d\u2019un contrat de travail. Un travailleur, en situation ...\" \/>\n<meta property=\"og:url\" content=\"https:\/\/kohenavocats.com\/pt-pt\/cour-dappel-de-paris-le-10-janvier-2024-n23-06185\/\" \/>\n<meta property=\"og:site_name\" content=\"Ma\u00eetre Hassan Kohen, avocat en droit p\u00e9nal \u00e0 Paris\" \/>\n<meta property=\"article:published_time\" content=\"2026-04-23T20:51:01+00:00\" \/>\n<meta property=\"og:image\" content=\"https:\/\/kohenavocats.com\/wp-content\/uploads\/2024\/08\/joshua-woods-hUREQwNYiZQ-unsplash.webp\" \/>\n\t<meta property=\"og:image:width\" content=\"4032\" \/>\n\t<meta property=\"og:image:height\" content=\"3024\" \/>\n\t<meta property=\"og:image:type\" content=\"image\/webp\" \/>\n<meta name=\"author\" content=\"Kohen\" \/>\n<meta name=\"twitter:card\" content=\"summary_large_image\" \/>\n<meta name=\"twitter:label1\" content=\"Escrito por\" \/>\n\t<meta name=\"twitter:data1\" content=\"Kohen\" \/>\n\t<meta name=\"twitter:label2\" content=\"Tempo estimado de leitura\" \/>\n\t<meta name=\"twitter:data2\" content=\"3 minutos\" \/>\n<script type=\"application\/ld+json\" class=\"yoast-schema-graph\">{\"@context\":\"https:\\\/\\\/schema.org\",\"@graph\":[{\"@type\":\"Article\",\"@id\":\"https:\\\/\\\/kohenavocats.com\\\/pt-pt\\\/cour-dappel-de-paris-le-10-janvier-2024-n23-06185\\\/#article\",\"isPartOf\":{\"@id\":\"https:\\\/\\\/kohenavocats.com\\\/pt-pt\\\/cour-dappel-de-paris-le-10-janvier-2024-n23-06185\\\/\"},\"author\":{\"name\":\"Kohen\",\"@id\":\"https:\\\/\\\/kohenavocats.com\\\/pt-pt\\\/#\\\/schema\\\/person\\\/761c9ba54fa1ca84d405cef0831ff751\"},\"headline\":\"Cour d&#8217;appel de Paris, le 10 janvier 2024, n\u00b023\\\/06185\",\"datePublished\":\"2026-04-23T20:51:01+00:00\",\"mainEntityOfPage\":{\"@id\":\"https:\\\/\\\/kohenavocats.com\\\/pt-pt\\\/cour-dappel-de-paris-le-10-janvier-2024-n23-06185\\\/\"},\"wordCount\":603,\"commentCount\":0,\"publisher\":{\"@id\":\"https:\\\/\\\/kohenavocats.com\\\/pt-pt\\\/#organization\"},\"image\":{\"@id\":\"https:\\\/\\\/kohenavocats.com\\\/pt-pt\\\/cour-dappel-de-paris-le-10-janvier-2024-n23-06185\\\/#primaryimage\"},\"thumbnailUrl\":\"https:\\\/\\\/kohenavocats.com\\\/wp-content\\\/uploads\\\/2024\\\/08\\\/joshua-woods-hUREQwNYiZQ-unsplash.webp\",\"articleSection\":[\"Jurisprudence\"],\"inLanguage\":\"pt-PT\",\"potentialAction\":[{\"@type\":\"CommentAction\",\"name\":\"Comment\",\"target\":[\"https:\\\/\\\/kohenavocats.com\\\/pt-pt\\\/cour-dappel-de-paris-le-10-janvier-2024-n23-06185\\\/#respond\"]}],\"citation\":\"Cour d&#8217;appel de Paris, le 10 janvier 2024, n\u00b023\\\/06185\",\"about\":[{\"@type\":\"Thing\",\"name\":\"Jurisprudence\"}],\"dateModified\":\"2026-04-23T20:51:01+00:00\",\"speakable\":{\"@type\":\"SpeakableSpecification\",\"cssSelector\":[\".article-content > p:first-of-type\"]}},{\"@type\":\"WebPage\",\"@id\":\"https:\\\/\\\/kohenavocats.com\\\/pt-pt\\\/cour-dappel-de-paris-le-10-janvier-2024-n23-06185\\\/\",\"url\":\"https:\\\/\\\/kohenavocats.com\\\/pt-pt\\\/cour-dappel-de-paris-le-10-janvier-2024-n23-06185\\\/\",\"name\":\"Cour d'appel de Paris, le 10 janvier 2024, n\u00b023\\\/06185 - Ma\u00eetre Hassan Kohen, avocat en droit p\u00e9nal \u00e0 Paris\",\"isPartOf\":{\"@id\":\"https:\\\/\\\/kohenavocats.com\\\/pt-pt\\\/#website\"},\"primaryImageOfPage\":{\"@id\":\"https:\\\/\\\/kohenavocats.com\\\/pt-pt\\\/cour-dappel-de-paris-le-10-janvier-2024-n23-06185\\\/#primaryimage\"},\"image\":{\"@id\":\"https:\\\/\\\/kohenavocats.com\\\/pt-pt\\\/cour-dappel-de-paris-le-10-janvier-2024-n23-06185\\\/#primaryimage\"},\"thumbnailUrl\":\"https:\\\/\\\/kohenavocats.com\\\/wp-content\\\/uploads\\\/2024\\\/08\\\/joshua-woods-hUREQwNYiZQ-unsplash.webp\",\"datePublished\":\"2026-04-23T20:51:01+00:00\",\"description\":\"La cour d\u2019appel de Paris, dans un arr\u00eat du 10 janvier 2024, statue sur un litige relatif \u00e0 l\u2019existence d\u2019un contrat de travail. Un travailleur, en situation ...\",\"breadcrumb\":{\"@id\":\"https:\\\/\\\/kohenavocats.com\\\/pt-pt\\\/cour-dappel-de-paris-le-10-janvier-2024-n23-06185\\\/#breadcrumb\"},\"inLanguage\":\"pt-PT\",\"potentialAction\":[{\"@type\":\"ReadAction\",\"target\":[\"https:\\\/\\\/kohenavocats.com\\\/pt-pt\\\/cour-dappel-de-paris-le-10-janvier-2024-n23-06185\\\/\"]}]},{\"@type\":\"ImageObject\",\"inLanguage\":\"pt-PT\",\"@id\":\"https:\\\/\\\/kohenavocats.com\\\/pt-pt\\\/cour-dappel-de-paris-le-10-janvier-2024-n23-06185\\\/#primaryimage\",\"url\":\"https:\\\/\\\/kohenavocats.com\\\/wp-content\\\/uploads\\\/2024\\\/08\\\/joshua-woods-hUREQwNYiZQ-unsplash.webp\",\"contentUrl\":\"https:\\\/\\\/kohenavocats.com\\\/wp-content\\\/uploads\\\/2024\\\/08\\\/joshua-woods-hUREQwNYiZQ-unsplash.webp\",\"width\":4032,\"height\":3024},{\"@type\":\"BreadcrumbList\",\"@id\":\"https:\\\/\\\/kohenavocats.com\\\/pt-pt\\\/cour-dappel-de-paris-le-10-janvier-2024-n23-06185\\\/#breadcrumb\",\"itemListElement\":[{\"@type\":\"ListItem\",\"position\":1,\"name\":\"Home\",\"item\":\"https:\\\/\\\/kohenavocats.com\\\/pt-pt\\\/avocats-en-droit-penal-a-paris-conseil-et-defense-strategique\\\/\"},{\"@type\":\"ListItem\",\"position\":2,\"name\":\"Cour d&rsquo;appel de Paris, le 10 janvier 2024, n\u00b023\\\/06185\"}]},{\"@type\":\"WebSite\",\"@id\":\"https:\\\/\\\/kohenavocats.com\\\/pt-pt\\\/#website\",\"url\":\"https:\\\/\\\/kohenavocats.com\\\/pt-pt\\\/\",\"name\":\"Kohen Avocats\",\"description\":\"Ma\u00eetre Hassan Kohen, avocat p\u00e9naliste \u00e0 Paris, intervient exclusivement en droit p\u00e9nal pour la d\u00e9fense des particuliers, notamment en mati\u00e8re d\u2019accusations de viol. Il assure un accompagnement rigoureux d\u00e8s la garde \u00e0 vue jusqu\u2019\u00e0 la Cour d\u2019assises, veillant au strict respect des garanties proc\u00e9durales.\",\"publisher\":{\"@id\":\"https:\\\/\\\/kohenavocats.com\\\/pt-pt\\\/#organization\"},\"potentialAction\":[{\"@type\":\"SearchAction\",\"target\":{\"@type\":\"EntryPoint\",\"urlTemplate\":\"https:\\\/\\\/kohenavocats.com\\\/pt-pt\\\/?s={search_term_string}\"},\"query-input\":{\"@type\":\"PropertyValueSpecification\",\"valueRequired\":true,\"valueName\":\"search_term_string\"}}],\"inLanguage\":\"pt-PT\"},{\"@type\":\"Organization\",\"@id\":\"https:\\\/\\\/kohenavocats.com\\\/pt-pt\\\/#organization\",\"name\":\"Kohen Avocats\",\"url\":\"https:\\\/\\\/kohenavocats.com\\\/pt-pt\\\/\",\"logo\":{\"@type\":\"ImageObject\",\"inLanguage\":\"pt-PT\",\"@id\":\"https:\\\/\\\/kohenavocats.com\\\/pt-pt\\\/#\\\/schema\\\/logo\\\/image\\\/\",\"url\":\"https:\\\/\\\/kohenavocats.com\\\/wp-content\\\/uploads\\\/2026\\\/01\\\/Logo-2-1.webp\",\"contentUrl\":\"https:\\\/\\\/kohenavocats.com\\\/wp-content\\\/uploads\\\/2026\\\/01\\\/Logo-2-1.webp\",\"width\":2114,\"height\":1253,\"caption\":\"Kohen Avocats\"},\"image\":{\"@id\":\"https:\\\/\\\/kohenavocats.com\\\/pt-pt\\\/#\\\/schema\\\/logo\\\/image\\\/\"}},{\"@type\":\"Person\",\"@id\":\"https:\\\/\\\/kohenavocats.com\\\/pt-pt\\\/#\\\/schema\\\/person\\\/761c9ba54fa1ca84d405cef0831ff751\",\"name\":\"Kohen\",\"image\":{\"@type\":\"ImageObject\",\"inLanguage\":\"pt-PT\",\"@id\":\"https:\\\/\\\/secure.gravatar.com\\\/avatar\\\/1c5e76ef76bbbfdd2b4da984e2bf2fa4056fd51a27d25ce2c332047f1dfd6e00?s=96&d=identicon&r=g\",\"url\":\"https:\\\/\\\/secure.gravatar.com\\\/avatar\\\/1c5e76ef76bbbfdd2b4da984e2bf2fa4056fd51a27d25ce2c332047f1dfd6e00?s=96&d=identicon&r=g\",\"contentUrl\":\"https:\\\/\\\/secure.gravatar.com\\\/avatar\\\/1c5e76ef76bbbfdd2b4da984e2bf2fa4056fd51a27d25ce2c332047f1dfd6e00?s=96&d=identicon&r=g\",\"caption\":\"Kohen\"},\"sameAs\":[\"https:\\\/\\\/www.linkedin.com\\\/in\\\/hassan-kohen-448548192\\\/\",\"https:\\\/\\\/www.youtube.com\\\/@Kohen-Avocats\"],\"url\":\"https:\\\/\\\/kohenavocats.com\\\/pt-pt\\\/author\\\/kohenmlk\\\/\"}]}<\/script>\n<!-- \/ Yoast SEO Premium plugin. -->","yoast_head_json":{"title":"Cour d'appel de Paris, le 10 janvier 2024, n\u00b023\/06185 - Ma\u00eetre Hassan Kohen, avocat en droit p\u00e9nal \u00e0 Paris","description":"La cour d\u2019appel de Paris, dans un arr\u00eat du 10 janvier 2024, statue sur un litige relatif \u00e0 l\u2019existence d\u2019un contrat de travail. Un travailleur, en situation ...","robots":{"index":"index","follow":"follow","max-snippet":"max-snippet:-1","max-image-preview":"max-image-preview:large","max-video-preview":"max-video-preview:-1"},"canonical":"https:\/\/kohenavocats.com\/pt-pt\/cour-dappel-de-paris-le-10-janvier-2024-n23-06185\/","og_locale":"pt_PT","og_type":"article","og_title":"Cour d'appel de Paris, le 10 janvier 2024, n\u00b023\/06185","og_description":"La cour d\u2019appel de Paris, dans un arr\u00eat du 10 janvier 2024, statue sur un litige relatif \u00e0 l\u2019existence d\u2019un contrat de travail. Un travailleur, en situation ...","og_url":"https:\/\/kohenavocats.com\/pt-pt\/cour-dappel-de-paris-le-10-janvier-2024-n23-06185\/","og_site_name":"Ma\u00eetre Hassan Kohen, avocat en droit p\u00e9nal \u00e0 Paris","article_published_time":"2026-04-23T20:51:01+00:00","og_image":[{"width":4032,"height":3024,"url":"https:\/\/kohenavocats.com\/wp-content\/uploads\/2024\/08\/joshua-woods-hUREQwNYiZQ-unsplash.webp","type":"image\/webp"}],"author":"Kohen","twitter_card":"summary_large_image","twitter_misc":{"Escrito por":"Kohen","Tempo estimado de leitura":"3 minutos"},"schema":{"@context":"https:\/\/schema.org","@graph":[{"@type":"Article","@id":"https:\/\/kohenavocats.com\/pt-pt\/cour-dappel-de-paris-le-10-janvier-2024-n23-06185\/#article","isPartOf":{"@id":"https:\/\/kohenavocats.com\/pt-pt\/cour-dappel-de-paris-le-10-janvier-2024-n23-06185\/"},"author":{"name":"Kohen","@id":"https:\/\/kohenavocats.com\/pt-pt\/#\/schema\/person\/761c9ba54fa1ca84d405cef0831ff751"},"headline":"Cour d&#8217;appel de Paris, le 10 janvier 2024, n\u00b023\/06185","datePublished":"2026-04-23T20:51:01+00:00","mainEntityOfPage":{"@id":"https:\/\/kohenavocats.com\/pt-pt\/cour-dappel-de-paris-le-10-janvier-2024-n23-06185\/"},"wordCount":603,"commentCount":0,"publisher":{"@id":"https:\/\/kohenavocats.com\/pt-pt\/#organization"},"image":{"@id":"https:\/\/kohenavocats.com\/pt-pt\/cour-dappel-de-paris-le-10-janvier-2024-n23-06185\/#primaryimage"},"thumbnailUrl":"https:\/\/kohenavocats.com\/wp-content\/uploads\/2024\/08\/joshua-woods-hUREQwNYiZQ-unsplash.webp","articleSection":["Jurisprudence"],"inLanguage":"pt-PT","potentialAction":[{"@type":"CommentAction","name":"Comment","target":["https:\/\/kohenavocats.com\/pt-pt\/cour-dappel-de-paris-le-10-janvier-2024-n23-06185\/#respond"]}],"citation":"Cour d&#8217;appel de Paris, le 10 janvier 2024, n\u00b023\/06185","about":[{"@type":"Thing","name":"Jurisprudence"}],"dateModified":"2026-04-23T20:51:01+00:00","speakable":{"@type":"SpeakableSpecification","cssSelector":[".article-content > p:first-of-type"]}},{"@type":"WebPage","@id":"https:\/\/kohenavocats.com\/pt-pt\/cour-dappel-de-paris-le-10-janvier-2024-n23-06185\/","url":"https:\/\/kohenavocats.com\/pt-pt\/cour-dappel-de-paris-le-10-janvier-2024-n23-06185\/","name":"Cour d'appel de Paris, le 10 janvier 2024, n\u00b023\/06185 - Ma\u00eetre Hassan Kohen, avocat en droit p\u00e9nal \u00e0 Paris","isPartOf":{"@id":"https:\/\/kohenavocats.com\/pt-pt\/#website"},"primaryImageOfPage":{"@id":"https:\/\/kohenavocats.com\/pt-pt\/cour-dappel-de-paris-le-10-janvier-2024-n23-06185\/#primaryimage"},"image":{"@id":"https:\/\/kohenavocats.com\/pt-pt\/cour-dappel-de-paris-le-10-janvier-2024-n23-06185\/#primaryimage"},"thumbnailUrl":"https:\/\/kohenavocats.com\/wp-content\/uploads\/2024\/08\/joshua-woods-hUREQwNYiZQ-unsplash.webp","datePublished":"2026-04-23T20:51:01+00:00","description":"La cour d\u2019appel de Paris, dans un arr\u00eat du 10 janvier 2024, statue sur un litige relatif \u00e0 l\u2019existence d\u2019un contrat de travail. Un travailleur, en situation ...","breadcrumb":{"@id":"https:\/\/kohenavocats.com\/pt-pt\/cour-dappel-de-paris-le-10-janvier-2024-n23-06185\/#breadcrumb"},"inLanguage":"pt-PT","potentialAction":[{"@type":"ReadAction","target":["https:\/\/kohenavocats.com\/pt-pt\/cour-dappel-de-paris-le-10-janvier-2024-n23-06185\/"]}]},{"@type":"ImageObject","inLanguage":"pt-PT","@id":"https:\/\/kohenavocats.com\/pt-pt\/cour-dappel-de-paris-le-10-janvier-2024-n23-06185\/#primaryimage","url":"https:\/\/kohenavocats.com\/wp-content\/uploads\/2024\/08\/joshua-woods-hUREQwNYiZQ-unsplash.webp","contentUrl":"https:\/\/kohenavocats.com\/wp-content\/uploads\/2024\/08\/joshua-woods-hUREQwNYiZQ-unsplash.webp","width":4032,"height":3024},{"@type":"BreadcrumbList","@id":"https:\/\/kohenavocats.com\/pt-pt\/cour-dappel-de-paris-le-10-janvier-2024-n23-06185\/#breadcrumb","itemListElement":[{"@type":"ListItem","position":1,"name":"Home","item":"https:\/\/kohenavocats.com\/pt-pt\/avocats-en-droit-penal-a-paris-conseil-et-defense-strategique\/"},{"@type":"ListItem","position":2,"name":"Cour d&rsquo;appel de Paris, le 10 janvier 2024, n\u00b023\/06185"}]},{"@type":"WebSite","@id":"https:\/\/kohenavocats.com\/pt-pt\/#website","url":"https:\/\/kohenavocats.com\/pt-pt\/","name":"Kohen Avocats","description":"Ma\u00eetre Hassan Kohen, avocat p\u00e9naliste \u00e0 Paris, intervient exclusivement en droit p\u00e9nal pour la d\u00e9fense des particuliers, notamment en mati\u00e8re d\u2019accusations de viol. Il assure un accompagnement rigoureux d\u00e8s la garde \u00e0 vue jusqu\u2019\u00e0 la Cour d\u2019assises, veillant au strict respect des garanties proc\u00e9durales.","publisher":{"@id":"https:\/\/kohenavocats.com\/pt-pt\/#organization"},"potentialAction":[{"@type":"SearchAction","target":{"@type":"EntryPoint","urlTemplate":"https:\/\/kohenavocats.com\/pt-pt\/?s={search_term_string}"},"query-input":{"@type":"PropertyValueSpecification","valueRequired":true,"valueName":"search_term_string"}}],"inLanguage":"pt-PT"},{"@type":"Organization","@id":"https:\/\/kohenavocats.com\/pt-pt\/#organization","name":"Kohen Avocats","url":"https:\/\/kohenavocats.com\/pt-pt\/","logo":{"@type":"ImageObject","inLanguage":"pt-PT","@id":"https:\/\/kohenavocats.com\/pt-pt\/#\/schema\/logo\/image\/","url":"https:\/\/kohenavocats.com\/wp-content\/uploads\/2026\/01\/Logo-2-1.webp","contentUrl":"https:\/\/kohenavocats.com\/wp-content\/uploads\/2026\/01\/Logo-2-1.webp","width":2114,"height":1253,"caption":"Kohen Avocats"},"image":{"@id":"https:\/\/kohenavocats.com\/pt-pt\/#\/schema\/logo\/image\/"}},{"@type":"Person","@id":"https:\/\/kohenavocats.com\/pt-pt\/#\/schema\/person\/761c9ba54fa1ca84d405cef0831ff751","name":"Kohen","image":{"@type":"ImageObject","inLanguage":"pt-PT","@id":"https:\/\/secure.gravatar.com\/avatar\/1c5e76ef76bbbfdd2b4da984e2bf2fa4056fd51a27d25ce2c332047f1dfd6e00?s=96&d=identicon&r=g","url":"https:\/\/secure.gravatar.com\/avatar\/1c5e76ef76bbbfdd2b4da984e2bf2fa4056fd51a27d25ce2c332047f1dfd6e00?s=96&d=identicon&r=g","contentUrl":"https:\/\/secure.gravatar.com\/avatar\/1c5e76ef76bbbfdd2b4da984e2bf2fa4056fd51a27d25ce2c332047f1dfd6e00?s=96&d=identicon&r=g","caption":"Kohen"},"sameAs":["https:\/\/www.linkedin.com\/in\/hassan-kohen-448548192\/","https:\/\/www.youtube.com\/@Kohen-Avocats"],"url":"https:\/\/kohenavocats.com\/pt-pt\/author\/kohenmlk\/"}]}},"jetpack_featured_media_url":"https:\/\/kohenavocats.com\/wp-content\/uploads\/2024\/08\/joshua-woods-hUREQwNYiZQ-unsplash.webp","jetpack_likes_enabled":false,"jetpack_shortlink":"https:\/\/wp.me\/peCrII-2MS2","jetpack-related-posts":[{"id":235992,"url":"https:\/\/kohenavocats.com\/pt-pt\/cour-dappel-de-paris-le-2-juillet-2025-n24-03083\/","url_meta":{"origin":664518,"position":0},"title":"Cour d&#8217;appel de Paris, le 2 juillet 2025, n\u00b024\/03083","author":"Kohen","date":"29 de Dezembro, 2025","format":false,"excerpt":"La requalification du contrat liant un livreur \u00e0 une plateforme num\u00e9rique de livraison en contrat de travail constitue un contentieux r\u00e9current devant les juridictions sociales. La cour d\u2019appel de Paris, par un arr\u00eat du 2 juillet 2025, se prononce sur les crit\u00e8res permettant de caract\u00e9riser le lien de subordination juridique\u2026","rel":"","context":"In &quot;Cour d'appel&quot;","block_context":{"text":"Cour d'appel","link":"https:\/\/kohenavocats.com\/category\/cour-dappel\/"},"img":{"alt_text":"","src":"https:\/\/i0.wp.com\/kohenavocats.com\/wp-content\/uploads\/2024\/08\/tom-gainor-TRALLodRQE0-unsplash.webp?resize=350%2C200&ssl=1","width":350,"height":200,"srcset":"https:\/\/i0.wp.com\/kohenavocats.com\/wp-content\/uploads\/2024\/08\/tom-gainor-TRALLodRQE0-unsplash.webp?resize=350%2C200&ssl=1 1x, https:\/\/i0.wp.com\/kohenavocats.com\/wp-content\/uploads\/2024\/08\/tom-gainor-TRALLodRQE0-unsplash.webp?resize=525%2C300&ssl=1 1.5x, https:\/\/i0.wp.com\/kohenavocats.com\/wp-content\/uploads\/2024\/08\/tom-gainor-TRALLodRQE0-unsplash.webp?resize=700%2C400&ssl=1 2x, https:\/\/i0.wp.com\/kohenavocats.com\/wp-content\/uploads\/2024\/08\/tom-gainor-TRALLodRQE0-unsplash.webp?resize=1050%2C600&ssl=1 3x, https:\/\/i0.wp.com\/kohenavocats.com\/wp-content\/uploads\/2024\/08\/tom-gainor-TRALLodRQE0-unsplash.webp?resize=1400%2C800&ssl=1 4x"},"classes":[]},{"id":441911,"url":"https:\/\/kohenavocats.com\/pt-pt\/cour-dappel-le-6-novembre-2025-n23-00239\/","url_meta":{"origin":664518,"position":1},"title":"Cour d&#8217;appel, le 6 novembre 2025, n\u00b023\/00239","author":"","date":"4 de Abril, 2026","format":false,"excerpt":"La Cour d\u2019appel de Paris, dans un arr\u00eat du 6 novembre 2025, a \u00e9t\u00e9 saisie d\u2019un litige portant sur la qualification de la relation unissant un travailleur \u00e0...","rel":"","context":"In &quot;Cour d'appel&quot;","block_context":{"text":"Cour d'appel","link":"https:\/\/kohenavocats.com\/category\/cour-dappel\/"},"img":{"alt_text":"","src":"https:\/\/i0.wp.com\/kohenavocats.com\/wp-content\/uploads\/2024\/08\/diane-picchiottino-MgllRDA6GIA-unsplash.webp?resize=350%2C200&ssl=1","width":350,"height":200,"srcset":"https:\/\/i0.wp.com\/kohenavocats.com\/wp-content\/uploads\/2024\/08\/diane-picchiottino-MgllRDA6GIA-unsplash.webp?resize=350%2C200&ssl=1 1x, https:\/\/i0.wp.com\/kohenavocats.com\/wp-content\/uploads\/2024\/08\/diane-picchiottino-MgllRDA6GIA-unsplash.webp?resize=525%2C300&ssl=1 1.5x, https:\/\/i0.wp.com\/kohenavocats.com\/wp-content\/uploads\/2024\/08\/diane-picchiottino-MgllRDA6GIA-unsplash.webp?resize=700%2C400&ssl=1 2x, https:\/\/i0.wp.com\/kohenavocats.com\/wp-content\/uploads\/2024\/08\/diane-picchiottino-MgllRDA6GIA-unsplash.webp?resize=1050%2C600&ssl=1 3x, https:\/\/i0.wp.com\/kohenavocats.com\/wp-content\/uploads\/2024\/08\/diane-picchiottino-MgllRDA6GIA-unsplash.webp?resize=1400%2C800&ssl=1 4x"},"classes":[]},{"id":431716,"url":"https:\/\/kohenavocats.com\/pt-pt\/tribunal-de-commerce-de-chambery-le-8-janvier-2025-n2024f00370\/","url_meta":{"origin":664518,"position":2},"title":"Tribunal de commerce de Chamb\u00e9ry, le 8 janvier 2025, n\u00b02024F00370","author":"Kohen","date":"24 de Mar\u00e7o, 2026","format":false,"excerpt":"La Cour d\u2019appel de Paris, le 8 janvier 2025, a eu \u00e0 conna\u00eetre d\u2019un litige relatif \u00e0 la qualification d\u2019un contrat de travail. Une soci\u00e9t\u00e9 avait confi\u00e9 \u00e0 un prestataire la r\u00e9alisation de missions de conseil. Le prestataire, agissant par l\u2019interm\u00e9diaire d\u2019un de ses dirigeants, a ex\u00e9cut\u00e9 ces missions de\u2026","rel":"","context":"In &quot;D\u00e9cisions juridiques&quot;","block_context":{"text":"D\u00e9cisions juridiques","link":"https:\/\/kohenavocats.com\/category\/decisions-juridiques\/"},"img":{"alt_text":"","src":"https:\/\/i0.wp.com\/kohenavocats.com\/wp-content\/uploads\/2024\/08\/philippe-oursel-pWhx6q22d_I-unsplash.webp?resize=350%2C200&ssl=1","width":350,"height":200,"srcset":"https:\/\/i0.wp.com\/kohenavocats.com\/wp-content\/uploads\/2024\/08\/philippe-oursel-pWhx6q22d_I-unsplash.webp?resize=350%2C200&ssl=1 1x, https:\/\/i0.wp.com\/kohenavocats.com\/wp-content\/uploads\/2024\/08\/philippe-oursel-pWhx6q22d_I-unsplash.webp?resize=525%2C300&ssl=1 1.5x, https:\/\/i0.wp.com\/kohenavocats.com\/wp-content\/uploads\/2024\/08\/philippe-oursel-pWhx6q22d_I-unsplash.webp?resize=700%2C400&ssl=1 2x, https:\/\/i0.wp.com\/kohenavocats.com\/wp-content\/uploads\/2024\/08\/philippe-oursel-pWhx6q22d_I-unsplash.webp?resize=1050%2C600&ssl=1 3x, https:\/\/i0.wp.com\/kohenavocats.com\/wp-content\/uploads\/2024\/08\/philippe-oursel-pWhx6q22d_I-unsplash.webp?resize=1400%2C800&ssl=1 4x"},"classes":[]},{"id":608848,"url":"https:\/\/kohenavocats.com\/pt-pt\/cour-dappel-de-paris-le-9-decembre-2024-n25-00483\/","url_meta":{"origin":664518,"position":3},"title":"Cour d&#8217;appel de Paris, le 9 d\u00e9cembre 2024, n\u00b025\/00483","author":"Kohen","date":"19 de Abril, 2026","format":false,"excerpt":"La Cour d'appel de Paris, statuant le 9 d\u00e9cembre 2024, a examin\u00e9 un litige relatif \u00e0 la comp\u00e9tence juridictionnelle. Un prestataire, g\u00e9rant d'une soci\u00e9t\u00e9 de ...","rel":"","context":"In &quot;Jurisprudence&quot;","block_context":{"text":"Jurisprudence","link":"https:\/\/kohenavocats.com\/category\/jurisprudence\/"},"img":{"alt_text":"","src":"https:\/\/i0.wp.com\/kohenavocats.com\/wp-content\/uploads\/2024\/08\/les-anderson-OuR30IIMHBI-unsplash.webp?resize=350%2C200&ssl=1","width":350,"height":200,"srcset":"https:\/\/i0.wp.com\/kohenavocats.com\/wp-content\/uploads\/2024\/08\/les-anderson-OuR30IIMHBI-unsplash.webp?resize=350%2C200&ssl=1 1x, https:\/\/i0.wp.com\/kohenavocats.com\/wp-content\/uploads\/2024\/08\/les-anderson-OuR30IIMHBI-unsplash.webp?resize=525%2C300&ssl=1 1.5x, https:\/\/i0.wp.com\/kohenavocats.com\/wp-content\/uploads\/2024\/08\/les-anderson-OuR30IIMHBI-unsplash.webp?resize=700%2C400&ssl=1 2x, https:\/\/i0.wp.com\/kohenavocats.com\/wp-content\/uploads\/2024\/08\/les-anderson-OuR30IIMHBI-unsplash.webp?resize=1050%2C600&ssl=1 3x, https:\/\/i0.wp.com\/kohenavocats.com\/wp-content\/uploads\/2024\/08\/les-anderson-OuR30IIMHBI-unsplash.webp?resize=1400%2C800&ssl=1 4x"},"classes":[]},{"id":235071,"url":"https:\/\/kohenavocats.com\/pt-pt\/cour-dappel-de-paris-le-2-juillet-2025-n24-03089\/","url_meta":{"origin":664518,"position":4},"title":"Cour d&#8217;appel de Paris, le 2 juillet 2025, n\u00b024\/03089","author":"Kohen","date":"28 de Dezembro, 2025","format":false,"excerpt":"L'arr\u00eat rendu par la Cour d'appel de Paris le 2 juillet 2025 s'inscrit dans le contentieux d\u00e9sormais abondant relatif \u00e0 la qualification juridique des relations entre les plateformes num\u00e9riques de livraison et leurs coursiers. Cette d\u00e9cision statue sur la demande d'un livreur ayant exerc\u00e9 son activit\u00e9 par l'interm\u00e9diaire d'une application\u2026","rel":"","context":"In &quot;Cour d'appel&quot;","block_context":{"text":"Cour d'appel","link":"https:\/\/kohenavocats.com\/category\/cour-dappel\/"},"img":{"alt_text":"","src":"https:\/\/i0.wp.com\/kohenavocats.com\/wp-content\/uploads\/2024\/08\/chelms-varthoumlien-4lTf2N6pHZw-unsplash.webp?resize=350%2C200&ssl=1","width":350,"height":200,"srcset":"https:\/\/i0.wp.com\/kohenavocats.com\/wp-content\/uploads\/2024\/08\/chelms-varthoumlien-4lTf2N6pHZw-unsplash.webp?resize=350%2C200&ssl=1 1x, https:\/\/i0.wp.com\/kohenavocats.com\/wp-content\/uploads\/2024\/08\/chelms-varthoumlien-4lTf2N6pHZw-unsplash.webp?resize=525%2C300&ssl=1 1.5x, https:\/\/i0.wp.com\/kohenavocats.com\/wp-content\/uploads\/2024\/08\/chelms-varthoumlien-4lTf2N6pHZw-unsplash.webp?resize=700%2C400&ssl=1 2x, https:\/\/i0.wp.com\/kohenavocats.com\/wp-content\/uploads\/2024\/08\/chelms-varthoumlien-4lTf2N6pHZw-unsplash.webp?resize=1050%2C600&ssl=1 3x, https:\/\/i0.wp.com\/kohenavocats.com\/wp-content\/uploads\/2024\/08\/chelms-varthoumlien-4lTf2N6pHZw-unsplash.webp?resize=1400%2C800&ssl=1 4x"},"classes":[]},{"id":438327,"url":"https:\/\/kohenavocats.com\/pt-pt\/cour-dappel-de-paris-le-19-janvier-2011-n08-12062\/","url_meta":{"origin":664518,"position":5},"title":"Cour d&#8217;appel de Paris, le 19 janvier 2011, n\u00b008\/12062","author":"Kohen","date":"25 de Mar\u00e7o, 2026","format":false,"excerpt":"La Cour d\u2019appel de Paris, dans un arr\u00eat du 19 janvier 2011, a eu \u00e0 conna\u00eetre d\u2019un litige relatif \u00e0 la qualification d\u2019une relation de collaboration. Un photographe-graphiste pr\u00e9tendait \u00e0 la requalification en contrat de travail de sa prestation pour une soci\u00e9t\u00e9 de distribution. Le conseil de prud\u2019hommes avait rejet\u00e9\u2026","rel":"","context":"In &quot;Cour d'appel&quot;","block_context":{"text":"Cour d'appel","link":"https:\/\/kohenavocats.com\/category\/cour-dappel\/"},"img":{"alt_text":"","src":"https:\/\/i0.wp.com\/kohenavocats.com\/wp-content\/uploads\/2024\/08\/diane-picchiottino-wQiJxPvRk5U-unsplash.webp?resize=350%2C200&ssl=1","width":350,"height":200,"srcset":"https:\/\/i0.wp.com\/kohenavocats.com\/wp-content\/uploads\/2024\/08\/diane-picchiottino-wQiJxPvRk5U-unsplash.webp?resize=350%2C200&ssl=1 1x, https:\/\/i0.wp.com\/kohenavocats.com\/wp-content\/uploads\/2024\/08\/diane-picchiottino-wQiJxPvRk5U-unsplash.webp?resize=525%2C300&ssl=1 1.5x, https:\/\/i0.wp.com\/kohenavocats.com\/wp-content\/uploads\/2024\/08\/diane-picchiottino-wQiJxPvRk5U-unsplash.webp?resize=700%2C400&ssl=1 2x, https:\/\/i0.wp.com\/kohenavocats.com\/wp-content\/uploads\/2024\/08\/diane-picchiottino-wQiJxPvRk5U-unsplash.webp?resize=1050%2C600&ssl=1 3x, https:\/\/i0.wp.com\/kohenavocats.com\/wp-content\/uploads\/2024\/08\/diane-picchiottino-wQiJxPvRk5U-unsplash.webp?resize=1400%2C800&ssl=1 4x"},"classes":[]}],"jetpack_sharing_enabled":true,"_links":{"self":[{"href":"https:\/\/kohenavocats.com\/pt-pt\/wp-json\/wp\/v2\/posts\/664518","targetHints":{"allow":["GET"]}}],"collection":[{"href":"https:\/\/kohenavocats.com\/pt-pt\/wp-json\/wp\/v2\/posts"}],"about":[{"href":"https:\/\/kohenavocats.com\/pt-pt\/wp-json\/wp\/v2\/types\/post"}],"author":[{"embeddable":true,"href":"https:\/\/kohenavocats.com\/pt-pt\/wp-json\/wp\/v2\/users\/232070755"}],"replies":[{"embeddable":true,"href":"https:\/\/kohenavocats.com\/pt-pt\/wp-json\/wp\/v2\/comments?post=664518"}],"version-history":[{"count":0,"href":"https:\/\/kohenavocats.com\/pt-pt\/wp-json\/wp\/v2\/posts\/664518\/revisions"}],"wp:featuredmedia":[{"embeddable":true,"href":"https:\/\/kohenavocats.com\/pt-pt\/wp-json\/wp\/v2\/media\/4894"}],"wp:attachment":[{"href":"https:\/\/kohenavocats.com\/pt-pt\/wp-json\/wp\/v2\/media?parent=664518"}],"wp:term":[{"taxonomy":"category","embeddable":true,"href":"https:\/\/kohenavocats.com\/pt-pt\/wp-json\/wp\/v2\/categories?post=664518"},{"taxonomy":"post_tag","embeddable":true,"href":"https:\/\/kohenavocats.com\/pt-pt\/wp-json\/wp\/v2\/tags?post=664518"}],"curies":[{"name":"wp","href":"https:\/\/api.w.org\/{rel}","templated":true}]}}