{"id":665620,"date":"2026-04-24T00:03:01","date_gmt":"2026-04-23T22:03:01","guid":{"rendered":"https:\/\/kohenavocats.com\/tribunal-judiciaire-de-toulouse-le-24-septembre-2025-n22-02075\/"},"modified":"2026-04-24T00:03:01","modified_gmt":"2026-04-23T22:03:01","slug":"tribunal-judiciaire-de-toulouse-le-24-septembre-2025-n22-02075","status":"publish","type":"post","link":"https:\/\/kohenavocats.com\/pt-pt\/tribunal-judiciaire-de-toulouse-le-24-septembre-2025-n22-02075\/","title":{"rendered":"Tribunal judiciaire de Toulouse, le 24 septembre 2025, n\u00b022\/02075"},"content":{"rendered":"<div class=\"article-content\">\n<p>Le tribunal judiciaire de Toulouse, par jugement du 24 septembre 2025, statue sur une action en responsabilit\u00e9 d\u00e9lictuelle dirig\u00e9e contre un centre de contr\u00f4le technique automobile. L\u2019acqu\u00e9reur d\u2019un v\u00e9hicule, m\u00e9contente apr\u00e8s la d\u00e9couverte de nombreux d\u00e9fauts non signal\u00e9s lors du contr\u00f4le, assigne le contr\u00f4leur technique sur le fondement de l\u2019article 1240 du code civil. Le tribunal retient la faute du professionnel mais limite la r\u00e9paration \u00e0 un pr\u00e9judice moral distinct du pr\u00e9judice mat\u00e9riel d\u00e9j\u00e0 indemnis\u00e9 par la r\u00e9solution ant\u00e9rieure de la vente.<\/p>\n<p>La caract\u00e9risation d\u2019une faute d\u00e9lictuelle du contr\u00f4leur technique<\/p>\n<p>La d\u00e9termination du standard de diligence applicable. Le tribunal rappelle le cadre r\u00e9glementaire strict encadrant l\u2019activit\u00e9 de contr\u00f4le technique, issu de la transposition d\u2019une directive communautaire. Il pr\u00e9cise que la mission du contr\u00f4leur &#8220;se borne, en l\u2019\u00e9tat de l\u2019arr\u00eat\u00e9 du 18 juin 1991, \u00e0 la v\u00e9rification, sans d\u00e9montage du v\u00e9hicule, d\u2019un certain nombre de points consid\u00e9r\u00e9s comme prioritaires limitativement \u00e9num\u00e9r\u00e9s par ce texte.&#8221; (Motifs). Cette mission restreinte exclut toute obligation de s\u00e9curit\u00e9, de conseil ou de diagnostic approfondi. La responsabilit\u00e9 ne peut donc \u00eatre recherch\u00e9e qu\u2019en cas de n\u00e9gligence dans l\u2019examen des points r\u00e9glementaires.<\/p>\n<p>L\u2019appr\u00e9ciation in concreto de la faute par la preuve des n\u00e9gligences. En l\u2019esp\u00e8ce, le tribunal constate un \u00e9cart manifeste entre le proc\u00e8s-verbal sans anomalie et l\u2019expertise amiable ult\u00e9rieure. Cette derni\u00e8re rel\u00e8ve de nombreux d\u00e9sordres, comme une fuite d\u2019huile importante ou des plaquettes de frein tr\u00e8s us\u00e9es, qui &#8220;auraient d\u00fb \u00eatre signal\u00e9 au contr\u00f4le technique&#8221; (Motifs). Le juge en d\u00e9duit que le contr\u00f4leur a manqu\u00e9 \u00e0 son obligation en ne d\u00e9tectant pas des d\u00e9fauts perceptibles concernant des points qu\u2019il avait mission de v\u00e9rifier. Cette solution rejoint la jurisprudence selon laquelle le contr\u00f4leur peut engager sa responsabilit\u00e9 extra-contractuelle &#8220;en cas de faute prouv\u00e9e&#8221; (Cour d\u2019appel de Paris, le 5 juin 2025, n\u00b023\/14894). La faute est ici caract\u00e9ris\u00e9e par la n\u00e9gligence \u00e0 d\u00e9tecter des d\u00e9faillances critiques, rappelant que le contr\u00f4leur doit faire preuve de vigilance, notamment sur un v\u00e9hicule ancien, pour ne pas manquer une &#8220;d\u00e9faillance critique li\u00e9e \u00e0 la corrosion&#8221; ou d\u2019autres anomalies majeures (Cass. Chambre mixte, le 19 juillet 2024, n\u00b020-23.527).<\/p>\n<p>La r\u00e9paration limit\u00e9e du pr\u00e9judice subi par l\u2019acqu\u00e9reur<\/p>\n<p>La distinction entre pr\u00e9judice mat\u00e9riel r\u00e9par\u00e9 et pr\u00e9judice moral distinct. Le tribunal op\u00e8re une dissociation essentielle entre les pr\u00e9judices. Le pr\u00e9judice mat\u00e9riel, constitu\u00e9 par la perte financi\u00e8re li\u00e9e \u00e0 l\u2019acquisition du v\u00e9hicule d\u00e9fectueux, est consid\u00e9r\u00e9 comme d\u00e9j\u00e0 r\u00e9par\u00e9 par la r\u00e9solution judiciaire ant\u00e9rieure de la vente et la restitution du prix. D\u00e8s lors, &#8220;le pr\u00e9judice de l\u2019acqu\u00e9reur r\u00e9sultant des carences du contr\u00f4leur technique est distincte du pr\u00e9judice mat\u00e9riel qu\u2019elle a subi et qui est d\u2019ores et d\u00e9j\u00e0 r\u00e9par\u00e9&#8221; (Motifs). Seul subsiste un pr\u00e9judice moral, li\u00e9 au sentiment de s\u00e9curit\u00e9 trompeur induit par le contr\u00f4le d\u00e9faillant.<\/p>\n<p>La qualification en perte de chance et l\u2019\u00e9valuation du pr\u00e9judice moral. La responsabilit\u00e9 du contr\u00f4leur, tenu \u00e0 une obligation de moyens, ne peut selon le tribunal engendrer qu\u2019une indemnisation sous forme de perte de chance. En l\u2019occurrence, il s\u2019agit de la perte de chance de ne pas acqu\u00e9rir le v\u00e9hicule en \u00e9tant correctement inform\u00e9. Toutefois, la r\u00e9solution de la vente ayant an\u00e9anti la cons\u00e9quence \u00e9conomique de cette chance perdue, le pr\u00e9judice indemnisable se r\u00e9duit \u00e0 sa dimension morale. Le tribunal fixe \u00e9quitablement ce pr\u00e9judice \u00e0 la somme de 5 000 euros, \u00e9cartant la demande de remboursement int\u00e9gral du prix d\u2019achat d\u00e9j\u00e0 obtenu par ailleurs. Cette analyse circonscrit strictement l\u2019\u00e9tendue de la r\u00e9paration due par le contr\u00f4leur technique, dont la faute n\u2019ouvre pas droit \u00e0 une double indemnisation du m\u00eame pr\u00e9judice \u00e9conomique.<\/p>\n<\/div>\n","protected":false},"excerpt":{"rendered":"<p>Le tribunal judiciaire de Toulouse, par jugement du 24 septembre 2025, statue sur une action en responsabilit\u00e9 d\u00e9lictuelle dirig\u00e9e contre un centre de contr\u00f4&#8230;<\/p>\n","protected":false},"author":232070755,"featured_media":3899,"comment_status":"open","ping_status":"open","sticky":false,"template":"","format":"standard","meta":{"_crdt_document":"","_jetpack_newsletter_access":"","_jetpack_dont_email_post_to_subs":false,"_jetpack_newsletter_tier_id":0,"_jetpack_memberships_contains_paywalled_content":false,"_kj_source_type":"judilibre","_kj_official_id":"68d464426a4025c174c651f3","_kj_official_url":"https:\/\/www.courdecassation.fr\/decision\/68d464426a4025c174c651f3","_kj_judilibre_id":"68d464426a4025c174c651f3","_kj_jur":"Tribunal judiciaire","_kj_lieu":"Tribunal judiciaire de Toulouse","_kj_chambre":"POLE CIVIL - Fil 4","_kj_rg":"22\/02075","_kj_date":"2025-09-24","_jetpack_memberships_contains_paid_content":false,"footnotes":"","jetpack_post_was_ever_published":false},"categories":[7597],"tags":[],"class_list":["post-665620","post","type-post","status-publish","format-standard","has-post-thumbnail","hentry","category-jurisprudence"],"yoast_head":"<!-- This site is optimized with the Yoast SEO Premium plugin v27.5 (Yoast SEO v27.5) - https:\/\/yoast.com\/product\/yoast-seo-premium-wordpress\/ -->\n<title>Tribunal judiciaire de Toulouse, le 24 septembre 2025, n\u00b022\/02075 - Ma\u00eetre Hassan Kohen, avocat en droit p\u00e9nal \u00e0 Paris<\/title>\n<meta name=\"description\" content=\"Le tribunal judiciaire de Toulouse, par jugement du 24 septembre 2025, statue sur une action en responsabilit\u00e9 d\u00e9lictuelle dirig\u00e9e contre un centre de contr\u00f4...\" \/>\n<meta name=\"robots\" content=\"index, follow, max-snippet:-1, max-image-preview:large, max-video-preview:-1\" \/>\n<link rel=\"canonical\" href=\"https:\/\/kohenavocats.com\/pt-pt\/tribunal-judiciaire-de-toulouse-le-24-septembre-2025-n22-02075\/\" \/>\n<meta property=\"og:locale\" content=\"pt_PT\" \/>\n<meta property=\"og:type\" content=\"article\" \/>\n<meta property=\"og:title\" content=\"Tribunal judiciaire de Toulouse, le 24 septembre 2025, n\u00b022\/02075\" \/>\n<meta property=\"og:description\" content=\"Le tribunal judiciaire de Toulouse, par jugement du 24 septembre 2025, statue sur une action en responsabilit\u00e9 d\u00e9lictuelle dirig\u00e9e contre un centre de contr\u00f4...\" \/>\n<meta property=\"og:url\" content=\"https:\/\/kohenavocats.com\/pt-pt\/tribunal-judiciaire-de-toulouse-le-24-septembre-2025-n22-02075\/\" \/>\n<meta property=\"og:site_name\" content=\"Ma\u00eetre Hassan Kohen, avocat en droit p\u00e9nal \u00e0 Paris\" \/>\n<meta property=\"article:published_time\" content=\"2026-04-23T22:03:01+00:00\" \/>\n<meta property=\"og:image\" content=\"https:\/\/kohenavocats.com\/wp-content\/uploads\/2024\/07\/daniel-roe-2OqFyMN7R_E-unsplash.webp\" \/>\n\t<meta property=\"og:image:width\" content=\"3168\" \/>\n\t<meta property=\"og:image:height\" content=\"2116\" \/>\n\t<meta property=\"og:image:type\" content=\"image\/webp\" \/>\n<meta name=\"author\" content=\"Kohen\" \/>\n<meta name=\"twitter:card\" content=\"summary_large_image\" \/>\n<meta name=\"twitter:label1\" content=\"Escrito por\" \/>\n\t<meta name=\"twitter:data1\" content=\"Kohen\" \/>\n\t<meta name=\"twitter:label2\" content=\"Tempo estimado de leitura\" \/>\n\t<meta name=\"twitter:data2\" content=\"4 minutos\" \/>\n<script type=\"application\/ld+json\" class=\"yoast-schema-graph\">{\"@context\":\"https:\\\/\\\/schema.org\",\"@graph\":[{\"@type\":\"Article\",\"@id\":\"https:\\\/\\\/kohenavocats.com\\\/pt-pt\\\/tribunal-judiciaire-de-toulouse-le-24-septembre-2025-n22-02075\\\/#article\",\"isPartOf\":{\"@id\":\"https:\\\/\\\/kohenavocats.com\\\/pt-pt\\\/tribunal-judiciaire-de-toulouse-le-24-septembre-2025-n22-02075\\\/\"},\"author\":{\"name\":\"Kohen\",\"@id\":\"https:\\\/\\\/kohenavocats.com\\\/pt-pt\\\/#\\\/schema\\\/person\\\/761c9ba54fa1ca84d405cef0831ff751\"},\"headline\":\"Tribunal judiciaire de Toulouse, le 24 septembre 2025, n\u00b022\\\/02075\",\"datePublished\":\"2026-04-23T22:03:01+00:00\",\"mainEntityOfPage\":{\"@id\":\"https:\\\/\\\/kohenavocats.com\\\/pt-pt\\\/tribunal-judiciaire-de-toulouse-le-24-septembre-2025-n22-02075\\\/\"},\"wordCount\":711,\"commentCount\":0,\"publisher\":{\"@id\":\"https:\\\/\\\/kohenavocats.com\\\/pt-pt\\\/#organization\"},\"image\":{\"@id\":\"https:\\\/\\\/kohenavocats.com\\\/pt-pt\\\/tribunal-judiciaire-de-toulouse-le-24-septembre-2025-n22-02075\\\/#primaryimage\"},\"thumbnailUrl\":\"https:\\\/\\\/kohenavocats.com\\\/wp-content\\\/uploads\\\/2024\\\/07\\\/daniel-roe-2OqFyMN7R_E-unsplash.webp\",\"articleSection\":[\"Jurisprudence\"],\"inLanguage\":\"pt-PT\",\"potentialAction\":[{\"@type\":\"CommentAction\",\"name\":\"Comment\",\"target\":[\"https:\\\/\\\/kohenavocats.com\\\/pt-pt\\\/tribunal-judiciaire-de-toulouse-le-24-septembre-2025-n22-02075\\\/#respond\"]}],\"citation\":\"Tribunal judiciaire de Toulouse, le 24 septembre 2025, n\u00b022\\\/02075\",\"about\":[{\"@type\":\"Thing\",\"name\":\"Jurisprudence\"}],\"dateModified\":\"2026-04-23T22:03:01+00:00\",\"speakable\":{\"@type\":\"SpeakableSpecification\",\"cssSelector\":[\".article-content > p:first-of-type\"]}},{\"@type\":\"WebPage\",\"@id\":\"https:\\\/\\\/kohenavocats.com\\\/pt-pt\\\/tribunal-judiciaire-de-toulouse-le-24-septembre-2025-n22-02075\\\/\",\"url\":\"https:\\\/\\\/kohenavocats.com\\\/pt-pt\\\/tribunal-judiciaire-de-toulouse-le-24-septembre-2025-n22-02075\\\/\",\"name\":\"Tribunal judiciaire de Toulouse, le 24 septembre 2025, n\u00b022\\\/02075 - Ma\u00eetre Hassan Kohen, avocat en droit p\u00e9nal \u00e0 Paris\",\"isPartOf\":{\"@id\":\"https:\\\/\\\/kohenavocats.com\\\/pt-pt\\\/#website\"},\"primaryImageOfPage\":{\"@id\":\"https:\\\/\\\/kohenavocats.com\\\/pt-pt\\\/tribunal-judiciaire-de-toulouse-le-24-septembre-2025-n22-02075\\\/#primaryimage\"},\"image\":{\"@id\":\"https:\\\/\\\/kohenavocats.com\\\/pt-pt\\\/tribunal-judiciaire-de-toulouse-le-24-septembre-2025-n22-02075\\\/#primaryimage\"},\"thumbnailUrl\":\"https:\\\/\\\/kohenavocats.com\\\/wp-content\\\/uploads\\\/2024\\\/07\\\/daniel-roe-2OqFyMN7R_E-unsplash.webp\",\"datePublished\":\"2026-04-23T22:03:01+00:00\",\"description\":\"Le tribunal judiciaire de Toulouse, par jugement du 24 septembre 2025, statue sur une action en responsabilit\u00e9 d\u00e9lictuelle dirig\u00e9e contre un centre de contr\u00f4...\",\"breadcrumb\":{\"@id\":\"https:\\\/\\\/kohenavocats.com\\\/pt-pt\\\/tribunal-judiciaire-de-toulouse-le-24-septembre-2025-n22-02075\\\/#breadcrumb\"},\"inLanguage\":\"pt-PT\",\"potentialAction\":[{\"@type\":\"ReadAction\",\"target\":[\"https:\\\/\\\/kohenavocats.com\\\/pt-pt\\\/tribunal-judiciaire-de-toulouse-le-24-septembre-2025-n22-02075\\\/\"]}]},{\"@type\":\"ImageObject\",\"inLanguage\":\"pt-PT\",\"@id\":\"https:\\\/\\\/kohenavocats.com\\\/pt-pt\\\/tribunal-judiciaire-de-toulouse-le-24-septembre-2025-n22-02075\\\/#primaryimage\",\"url\":\"https:\\\/\\\/kohenavocats.com\\\/wp-content\\\/uploads\\\/2024\\\/07\\\/daniel-roe-2OqFyMN7R_E-unsplash.webp\",\"contentUrl\":\"https:\\\/\\\/kohenavocats.com\\\/wp-content\\\/uploads\\\/2024\\\/07\\\/daniel-roe-2OqFyMN7R_E-unsplash.webp\",\"width\":3168,\"height\":2116},{\"@type\":\"BreadcrumbList\",\"@id\":\"https:\\\/\\\/kohenavocats.com\\\/pt-pt\\\/tribunal-judiciaire-de-toulouse-le-24-septembre-2025-n22-02075\\\/#breadcrumb\",\"itemListElement\":[{\"@type\":\"ListItem\",\"position\":1,\"name\":\"Home\",\"item\":\"https:\\\/\\\/kohenavocats.com\\\/pt-pt\\\/avocats-en-droit-penal-a-paris-conseil-et-defense-strategique\\\/\"},{\"@type\":\"ListItem\",\"position\":2,\"name\":\"Tribunal judiciaire de Toulouse, le 24 septembre 2025, n\u00b022\\\/02075\"}]},{\"@type\":\"WebSite\",\"@id\":\"https:\\\/\\\/kohenavocats.com\\\/pt-pt\\\/#website\",\"url\":\"https:\\\/\\\/kohenavocats.com\\\/pt-pt\\\/\",\"name\":\"Kohen Avocats\",\"description\":\"Ma\u00eetre Hassan Kohen, avocat p\u00e9naliste \u00e0 Paris, intervient exclusivement en droit p\u00e9nal pour la d\u00e9fense des particuliers, notamment en mati\u00e8re d\u2019accusations de viol. Il assure un accompagnement rigoureux d\u00e8s la garde \u00e0 vue jusqu\u2019\u00e0 la Cour d\u2019assises, veillant au strict respect des garanties proc\u00e9durales.\",\"publisher\":{\"@id\":\"https:\\\/\\\/kohenavocats.com\\\/pt-pt\\\/#organization\"},\"potentialAction\":[{\"@type\":\"SearchAction\",\"target\":{\"@type\":\"EntryPoint\",\"urlTemplate\":\"https:\\\/\\\/kohenavocats.com\\\/pt-pt\\\/?s={search_term_string}\"},\"query-input\":{\"@type\":\"PropertyValueSpecification\",\"valueRequired\":true,\"valueName\":\"search_term_string\"}}],\"inLanguage\":\"pt-PT\"},{\"@type\":\"Organization\",\"@id\":\"https:\\\/\\\/kohenavocats.com\\\/pt-pt\\\/#organization\",\"name\":\"Kohen Avocats\",\"url\":\"https:\\\/\\\/kohenavocats.com\\\/pt-pt\\\/\",\"logo\":{\"@type\":\"ImageObject\",\"inLanguage\":\"pt-PT\",\"@id\":\"https:\\\/\\\/kohenavocats.com\\\/pt-pt\\\/#\\\/schema\\\/logo\\\/image\\\/\",\"url\":\"https:\\\/\\\/kohenavocats.com\\\/wp-content\\\/uploads\\\/2026\\\/01\\\/Logo-2-1.webp\",\"contentUrl\":\"https:\\\/\\\/kohenavocats.com\\\/wp-content\\\/uploads\\\/2026\\\/01\\\/Logo-2-1.webp\",\"width\":2114,\"height\":1253,\"caption\":\"Kohen Avocats\"},\"image\":{\"@id\":\"https:\\\/\\\/kohenavocats.com\\\/pt-pt\\\/#\\\/schema\\\/logo\\\/image\\\/\"}},{\"@type\":\"Person\",\"@id\":\"https:\\\/\\\/kohenavocats.com\\\/pt-pt\\\/#\\\/schema\\\/person\\\/761c9ba54fa1ca84d405cef0831ff751\",\"name\":\"Kohen\",\"image\":{\"@type\":\"ImageObject\",\"inLanguage\":\"pt-PT\",\"@id\":\"https:\\\/\\\/secure.gravatar.com\\\/avatar\\\/1c5e76ef76bbbfdd2b4da984e2bf2fa4056fd51a27d25ce2c332047f1dfd6e00?s=96&d=identicon&r=g\",\"url\":\"https:\\\/\\\/secure.gravatar.com\\\/avatar\\\/1c5e76ef76bbbfdd2b4da984e2bf2fa4056fd51a27d25ce2c332047f1dfd6e00?s=96&d=identicon&r=g\",\"contentUrl\":\"https:\\\/\\\/secure.gravatar.com\\\/avatar\\\/1c5e76ef76bbbfdd2b4da984e2bf2fa4056fd51a27d25ce2c332047f1dfd6e00?s=96&d=identicon&r=g\",\"caption\":\"Kohen\"},\"sameAs\":[\"https:\\\/\\\/www.linkedin.com\\\/in\\\/hassan-kohen-448548192\\\/\",\"https:\\\/\\\/www.youtube.com\\\/@Kohen-Avocats\"],\"url\":\"https:\\\/\\\/kohenavocats.com\\\/pt-pt\\\/author\\\/kohenmlk\\\/\"}]}<\/script>\n<!-- \/ Yoast SEO Premium plugin. -->","yoast_head_json":{"title":"Tribunal judiciaire de Toulouse, le 24 septembre 2025, n\u00b022\/02075 - Ma\u00eetre Hassan Kohen, avocat en droit p\u00e9nal \u00e0 Paris","description":"Le tribunal judiciaire de Toulouse, par jugement du 24 septembre 2025, statue sur une action en responsabilit\u00e9 d\u00e9lictuelle dirig\u00e9e contre un centre de contr\u00f4...","robots":{"index":"index","follow":"follow","max-snippet":"max-snippet:-1","max-image-preview":"max-image-preview:large","max-video-preview":"max-video-preview:-1"},"canonical":"https:\/\/kohenavocats.com\/pt-pt\/tribunal-judiciaire-de-toulouse-le-24-septembre-2025-n22-02075\/","og_locale":"pt_PT","og_type":"article","og_title":"Tribunal judiciaire de Toulouse, le 24 septembre 2025, n\u00b022\/02075","og_description":"Le tribunal judiciaire de Toulouse, par jugement du 24 septembre 2025, statue sur une action en responsabilit\u00e9 d\u00e9lictuelle dirig\u00e9e contre un centre de contr\u00f4...","og_url":"https:\/\/kohenavocats.com\/pt-pt\/tribunal-judiciaire-de-toulouse-le-24-septembre-2025-n22-02075\/","og_site_name":"Ma\u00eetre Hassan Kohen, avocat en droit p\u00e9nal \u00e0 Paris","article_published_time":"2026-04-23T22:03:01+00:00","og_image":[{"width":3168,"height":2116,"url":"https:\/\/kohenavocats.com\/wp-content\/uploads\/2024\/07\/daniel-roe-2OqFyMN7R_E-unsplash.webp","type":"image\/webp"}],"author":"Kohen","twitter_card":"summary_large_image","twitter_misc":{"Escrito por":"Kohen","Tempo estimado de leitura":"4 minutos"},"schema":{"@context":"https:\/\/schema.org","@graph":[{"@type":"Article","@id":"https:\/\/kohenavocats.com\/pt-pt\/tribunal-judiciaire-de-toulouse-le-24-septembre-2025-n22-02075\/#article","isPartOf":{"@id":"https:\/\/kohenavocats.com\/pt-pt\/tribunal-judiciaire-de-toulouse-le-24-septembre-2025-n22-02075\/"},"author":{"name":"Kohen","@id":"https:\/\/kohenavocats.com\/pt-pt\/#\/schema\/person\/761c9ba54fa1ca84d405cef0831ff751"},"headline":"Tribunal judiciaire de Toulouse, le 24 septembre 2025, n\u00b022\/02075","datePublished":"2026-04-23T22:03:01+00:00","mainEntityOfPage":{"@id":"https:\/\/kohenavocats.com\/pt-pt\/tribunal-judiciaire-de-toulouse-le-24-septembre-2025-n22-02075\/"},"wordCount":711,"commentCount":0,"publisher":{"@id":"https:\/\/kohenavocats.com\/pt-pt\/#organization"},"image":{"@id":"https:\/\/kohenavocats.com\/pt-pt\/tribunal-judiciaire-de-toulouse-le-24-septembre-2025-n22-02075\/#primaryimage"},"thumbnailUrl":"https:\/\/kohenavocats.com\/wp-content\/uploads\/2024\/07\/daniel-roe-2OqFyMN7R_E-unsplash.webp","articleSection":["Jurisprudence"],"inLanguage":"pt-PT","potentialAction":[{"@type":"CommentAction","name":"Comment","target":["https:\/\/kohenavocats.com\/pt-pt\/tribunal-judiciaire-de-toulouse-le-24-septembre-2025-n22-02075\/#respond"]}],"citation":"Tribunal judiciaire de Toulouse, le 24 septembre 2025, n\u00b022\/02075","about":[{"@type":"Thing","name":"Jurisprudence"}],"dateModified":"2026-04-23T22:03:01+00:00","speakable":{"@type":"SpeakableSpecification","cssSelector":[".article-content > p:first-of-type"]}},{"@type":"WebPage","@id":"https:\/\/kohenavocats.com\/pt-pt\/tribunal-judiciaire-de-toulouse-le-24-septembre-2025-n22-02075\/","url":"https:\/\/kohenavocats.com\/pt-pt\/tribunal-judiciaire-de-toulouse-le-24-septembre-2025-n22-02075\/","name":"Tribunal judiciaire de Toulouse, le 24 septembre 2025, n\u00b022\/02075 - Ma\u00eetre Hassan Kohen, avocat en droit p\u00e9nal \u00e0 Paris","isPartOf":{"@id":"https:\/\/kohenavocats.com\/pt-pt\/#website"},"primaryImageOfPage":{"@id":"https:\/\/kohenavocats.com\/pt-pt\/tribunal-judiciaire-de-toulouse-le-24-septembre-2025-n22-02075\/#primaryimage"},"image":{"@id":"https:\/\/kohenavocats.com\/pt-pt\/tribunal-judiciaire-de-toulouse-le-24-septembre-2025-n22-02075\/#primaryimage"},"thumbnailUrl":"https:\/\/kohenavocats.com\/wp-content\/uploads\/2024\/07\/daniel-roe-2OqFyMN7R_E-unsplash.webp","datePublished":"2026-04-23T22:03:01+00:00","description":"Le tribunal judiciaire de Toulouse, par jugement du 24 septembre 2025, statue sur une action en responsabilit\u00e9 d\u00e9lictuelle dirig\u00e9e contre un centre de contr\u00f4...","breadcrumb":{"@id":"https:\/\/kohenavocats.com\/pt-pt\/tribunal-judiciaire-de-toulouse-le-24-septembre-2025-n22-02075\/#breadcrumb"},"inLanguage":"pt-PT","potentialAction":[{"@type":"ReadAction","target":["https:\/\/kohenavocats.com\/pt-pt\/tribunal-judiciaire-de-toulouse-le-24-septembre-2025-n22-02075\/"]}]},{"@type":"ImageObject","inLanguage":"pt-PT","@id":"https:\/\/kohenavocats.com\/pt-pt\/tribunal-judiciaire-de-toulouse-le-24-septembre-2025-n22-02075\/#primaryimage","url":"https:\/\/kohenavocats.com\/wp-content\/uploads\/2024\/07\/daniel-roe-2OqFyMN7R_E-unsplash.webp","contentUrl":"https:\/\/kohenavocats.com\/wp-content\/uploads\/2024\/07\/daniel-roe-2OqFyMN7R_E-unsplash.webp","width":3168,"height":2116},{"@type":"BreadcrumbList","@id":"https:\/\/kohenavocats.com\/pt-pt\/tribunal-judiciaire-de-toulouse-le-24-septembre-2025-n22-02075\/#breadcrumb","itemListElement":[{"@type":"ListItem","position":1,"name":"Home","item":"https:\/\/kohenavocats.com\/pt-pt\/avocats-en-droit-penal-a-paris-conseil-et-defense-strategique\/"},{"@type":"ListItem","position":2,"name":"Tribunal judiciaire de Toulouse, le 24 septembre 2025, n\u00b022\/02075"}]},{"@type":"WebSite","@id":"https:\/\/kohenavocats.com\/pt-pt\/#website","url":"https:\/\/kohenavocats.com\/pt-pt\/","name":"Kohen Avocats","description":"Ma\u00eetre Hassan Kohen, avocat p\u00e9naliste \u00e0 Paris, intervient exclusivement en droit p\u00e9nal pour la d\u00e9fense des particuliers, notamment en mati\u00e8re d\u2019accusations de viol. Il assure un accompagnement rigoureux d\u00e8s la garde \u00e0 vue jusqu\u2019\u00e0 la Cour d\u2019assises, veillant au strict respect des garanties proc\u00e9durales.","publisher":{"@id":"https:\/\/kohenavocats.com\/pt-pt\/#organization"},"potentialAction":[{"@type":"SearchAction","target":{"@type":"EntryPoint","urlTemplate":"https:\/\/kohenavocats.com\/pt-pt\/?s={search_term_string}"},"query-input":{"@type":"PropertyValueSpecification","valueRequired":true,"valueName":"search_term_string"}}],"inLanguage":"pt-PT"},{"@type":"Organization","@id":"https:\/\/kohenavocats.com\/pt-pt\/#organization","name":"Kohen Avocats","url":"https:\/\/kohenavocats.com\/pt-pt\/","logo":{"@type":"ImageObject","inLanguage":"pt-PT","@id":"https:\/\/kohenavocats.com\/pt-pt\/#\/schema\/logo\/image\/","url":"https:\/\/kohenavocats.com\/wp-content\/uploads\/2026\/01\/Logo-2-1.webp","contentUrl":"https:\/\/kohenavocats.com\/wp-content\/uploads\/2026\/01\/Logo-2-1.webp","width":2114,"height":1253,"caption":"Kohen Avocats"},"image":{"@id":"https:\/\/kohenavocats.com\/pt-pt\/#\/schema\/logo\/image\/"}},{"@type":"Person","@id":"https:\/\/kohenavocats.com\/pt-pt\/#\/schema\/person\/761c9ba54fa1ca84d405cef0831ff751","name":"Kohen","image":{"@type":"ImageObject","inLanguage":"pt-PT","@id":"https:\/\/secure.gravatar.com\/avatar\/1c5e76ef76bbbfdd2b4da984e2bf2fa4056fd51a27d25ce2c332047f1dfd6e00?s=96&d=identicon&r=g","url":"https:\/\/secure.gravatar.com\/avatar\/1c5e76ef76bbbfdd2b4da984e2bf2fa4056fd51a27d25ce2c332047f1dfd6e00?s=96&d=identicon&r=g","contentUrl":"https:\/\/secure.gravatar.com\/avatar\/1c5e76ef76bbbfdd2b4da984e2bf2fa4056fd51a27d25ce2c332047f1dfd6e00?s=96&d=identicon&r=g","caption":"Kohen"},"sameAs":["https:\/\/www.linkedin.com\/in\/hassan-kohen-448548192\/","https:\/\/www.youtube.com\/@Kohen-Avocats"],"url":"https:\/\/kohenavocats.com\/pt-pt\/author\/kohenmlk\/"}]}},"jetpack_featured_media_url":"https:\/\/kohenavocats.com\/wp-content\/uploads\/2024\/07\/daniel-roe-2OqFyMN7R_E-unsplash.webp","jetpack_likes_enabled":false,"jetpack_shortlink":"https:\/\/wp.me\/peCrII-2N9O","jetpack-related-posts":[{"id":670756,"url":"https:\/\/kohenavocats.com\/pt-pt\/tribunal-judiciaire-de-nantes-le-24-septembre-2025-n24-00430\/","url_meta":{"origin":665620,"position":0},"title":"Tribunal judiciaire de Nantes, le 24 septembre 2025, n\u00b024\/00430","author":"Kohen","date":"24 de Abril, 2026","format":false,"excerpt":"Le tribunal judiciaire, statuant le 24 septembre 2025, a \u00e9t\u00e9 saisi par des acqu\u00e9reurs d\u2019un v\u00e9hicule d\u2019occasion contre son vendeur professionnel et le centre ...","rel":"","context":"In &quot;Immobilier&quot;","block_context":{"text":"Immobilier","link":"https:\/\/kohenavocats.com\/category\/immobilier\/"},"img":{"alt_text":"","src":"https:\/\/i0.wp.com\/kohenavocats.com\/wp-content\/uploads\/2024\/11\/allison-saeng-KddQtnCcZ68-unsplash.webp?resize=350%2C200&ssl=1","width":350,"height":200,"srcset":"https:\/\/i0.wp.com\/kohenavocats.com\/wp-content\/uploads\/2024\/11\/allison-saeng-KddQtnCcZ68-unsplash.webp?resize=350%2C200&ssl=1 1x, https:\/\/i0.wp.com\/kohenavocats.com\/wp-content\/uploads\/2024\/11\/allison-saeng-KddQtnCcZ68-unsplash.webp?resize=525%2C300&ssl=1 1.5x, https:\/\/i0.wp.com\/kohenavocats.com\/wp-content\/uploads\/2024\/11\/allison-saeng-KddQtnCcZ68-unsplash.webp?resize=700%2C400&ssl=1 2x, https:\/\/i0.wp.com\/kohenavocats.com\/wp-content\/uploads\/2024\/11\/allison-saeng-KddQtnCcZ68-unsplash.webp?resize=1050%2C600&ssl=1 3x, https:\/\/i0.wp.com\/kohenavocats.com\/wp-content\/uploads\/2024\/11\/allison-saeng-KddQtnCcZ68-unsplash.webp?resize=1400%2C800&ssl=1 4x"},"classes":[]},{"id":686724,"url":"https:\/\/kohenavocats.com\/pt-pt\/cour-dappel-de-montpellier-le-11-septembre-2025-n24-01332\/","url_meta":{"origin":665620,"position":1},"title":"Cour d&#8217;appel de Montpellier, le 11 septembre 2025, n\u00b024\/01332","author":"Kohen","date":"25 de Abril, 2026","format":false,"excerpt":"La Cour d'appel de Montpellier, 4e chambre civile, le 11 septembre 2025, confirme pour l\u2019essentiel un jugement rendu par le tribunal judiciaire de B\u00e9ziers le...","rel":"","context":"In &quot;Jurisprudence&quot;","block_context":{"text":"Jurisprudence","link":"https:\/\/kohenavocats.com\/category\/jurisprudence\/"},"img":{"alt_text":"","src":"https:\/\/i0.wp.com\/kohenavocats.com\/wp-content\/uploads\/2024\/11\/scott-webb-A-7Y4M0-e0M-unsplash.webp?resize=350%2C200&ssl=1","width":350,"height":200,"srcset":"https:\/\/i0.wp.com\/kohenavocats.com\/wp-content\/uploads\/2024\/11\/scott-webb-A-7Y4M0-e0M-unsplash.webp?resize=350%2C200&ssl=1 1x, https:\/\/i0.wp.com\/kohenavocats.com\/wp-content\/uploads\/2024\/11\/scott-webb-A-7Y4M0-e0M-unsplash.webp?resize=525%2C300&ssl=1 1.5x, https:\/\/i0.wp.com\/kohenavocats.com\/wp-content\/uploads\/2024\/11\/scott-webb-A-7Y4M0-e0M-unsplash.webp?resize=700%2C400&ssl=1 2x, https:\/\/i0.wp.com\/kohenavocats.com\/wp-content\/uploads\/2024\/11\/scott-webb-A-7Y4M0-e0M-unsplash.webp?resize=1050%2C600&ssl=1 3x, https:\/\/i0.wp.com\/kohenavocats.com\/wp-content\/uploads\/2024\/11\/scott-webb-A-7Y4M0-e0M-unsplash.webp?resize=1400%2C800&ssl=1 4x"},"classes":[]},{"id":460194,"url":"https:\/\/kohenavocats.com\/pt-pt\/caa-caa-de-nantes-14-11-2025-n-24nt03288\/","url_meta":{"origin":665620,"position":2},"title":"CAA \u2013 CAA de NANTES \u2013 14\/11\/2025 \u2013 n\u00b0 24NT03288","author":"Kohen","date":"7 de Abril, 2026","format":false,"excerpt":"La cour administrative d'appel de Nantes a statu\u00e9, le 14 novembre 2025, sur les responsabilit\u00e9s encourues lors de l'\u00e9dification d'un lyc\u00e9e public. Un...","rel":"","context":"In &quot;Juridictions administratives&quot;","block_context":{"text":"Juridictions administratives","link":"https:\/\/kohenavocats.com\/category\/juridictions-administratives\/"},"img":{"alt_text":"","src":"https:\/\/i0.wp.com\/kohenavocats.com\/wp-content\/uploads\/2024\/08\/camille-brodard-tJSToBa5cwc-unsplash.webp?resize=350%2C200&ssl=1","width":350,"height":200,"srcset":"https:\/\/i0.wp.com\/kohenavocats.com\/wp-content\/uploads\/2024\/08\/camille-brodard-tJSToBa5cwc-unsplash.webp?resize=350%2C200&ssl=1 1x, https:\/\/i0.wp.com\/kohenavocats.com\/wp-content\/uploads\/2024\/08\/camille-brodard-tJSToBa5cwc-unsplash.webp?resize=525%2C300&ssl=1 1.5x, https:\/\/i0.wp.com\/kohenavocats.com\/wp-content\/uploads\/2024\/08\/camille-brodard-tJSToBa5cwc-unsplash.webp?resize=700%2C400&ssl=1 2x, https:\/\/i0.wp.com\/kohenavocats.com\/wp-content\/uploads\/2024\/08\/camille-brodard-tJSToBa5cwc-unsplash.webp?resize=1050%2C600&ssl=1 3x, https:\/\/i0.wp.com\/kohenavocats.com\/wp-content\/uploads\/2024\/08\/camille-brodard-tJSToBa5cwc-unsplash.webp?resize=1400%2C800&ssl=1 4x"},"classes":[]},{"id":661253,"url":"https:\/\/kohenavocats.com\/pt-pt\/tribunal-judiciaire-de-toulouse-le-10-juillet-2024-n15-01328\/","url_meta":{"origin":665620,"position":3},"title":"Tribunal judiciaire de Toulouse, le 10 juillet 2024, n\u00b015\/01328","author":"Kohen","date":"23 de Abril, 2026","format":false,"excerpt":"Le Tribunal judiciaire de Toulouse, par jugement du 10 juillet 2024, statue sur un litige complexe relatif \u00e0 des inondations r\u00e9currentes affectant les parkin...","rel":"","context":"In &quot;Jurisprudence&quot;","block_context":{"text":"Jurisprudence","link":"https:\/\/kohenavocats.com\/category\/jurisprudence\/"},"img":{"alt_text":"","src":"https:\/\/i0.wp.com\/kohenavocats.com\/wp-content\/uploads\/2024\/11\/anita-austvika-0feDabnRz58-unsplash.webp?resize=350%2C200&ssl=1","width":350,"height":200,"srcset":"https:\/\/i0.wp.com\/kohenavocats.com\/wp-content\/uploads\/2024\/11\/anita-austvika-0feDabnRz58-unsplash.webp?resize=350%2C200&ssl=1 1x, https:\/\/i0.wp.com\/kohenavocats.com\/wp-content\/uploads\/2024\/11\/anita-austvika-0feDabnRz58-unsplash.webp?resize=525%2C300&ssl=1 1.5x, https:\/\/i0.wp.com\/kohenavocats.com\/wp-content\/uploads\/2024\/11\/anita-austvika-0feDabnRz58-unsplash.webp?resize=700%2C400&ssl=1 2x, https:\/\/i0.wp.com\/kohenavocats.com\/wp-content\/uploads\/2024\/11\/anita-austvika-0feDabnRz58-unsplash.webp?resize=1050%2C600&ssl=1 3x, https:\/\/i0.wp.com\/kohenavocats.com\/wp-content\/uploads\/2024\/11\/anita-austvika-0feDabnRz58-unsplash.webp?resize=1400%2C800&ssl=1 4x"},"classes":[]},{"id":439384,"url":"https:\/\/kohenavocats.com\/pt-pt\/cour-dappel-de-toulouse-le-4-mars-2026-n24-00028-2\/","url_meta":{"origin":665620,"position":4},"title":"Cour d&#8217;appel de Toulouse, le 4 mars 2026, n\u00b024\/00028","author":"Kohen","date":"26 de Mar\u00e7o, 2026","format":false,"excerpt":"La Cour d\u2019appel de Toulouse, dans un arr\u00eat du 4 mars 2026, se prononce sur un litige complexe mettant en cause la responsabilit\u00e9 de multiples intervenants \u00e0 la suite de d\u00e9sordres affectant un dispositif brise-soleil. Les faits remontent \u00e0 la construction d\u2019un ensemble immobilier. Le lot menuiseries ext\u00e9rieures avait \u00e9t\u00e9\u2026","rel":"","context":"In &quot;Cour d'appel&quot;","block_context":{"text":"Cour d'appel","link":"https:\/\/kohenavocats.com\/category\/cour-dappel\/"},"img":{"alt_text":"","src":"https:\/\/i0.wp.com\/kohenavocats.com\/wp-content\/uploads\/2024\/08\/adam-wood-IDVIKdf8JYw-unsplash.webp?resize=350%2C200&ssl=1","width":350,"height":200,"srcset":"https:\/\/i0.wp.com\/kohenavocats.com\/wp-content\/uploads\/2024\/08\/adam-wood-IDVIKdf8JYw-unsplash.webp?resize=350%2C200&ssl=1 1x, https:\/\/i0.wp.com\/kohenavocats.com\/wp-content\/uploads\/2024\/08\/adam-wood-IDVIKdf8JYw-unsplash.webp?resize=525%2C300&ssl=1 1.5x, https:\/\/i0.wp.com\/kohenavocats.com\/wp-content\/uploads\/2024\/08\/adam-wood-IDVIKdf8JYw-unsplash.webp?resize=700%2C400&ssl=1 2x, https:\/\/i0.wp.com\/kohenavocats.com\/wp-content\/uploads\/2024\/08\/adam-wood-IDVIKdf8JYw-unsplash.webp?resize=1050%2C600&ssl=1 3x, https:\/\/i0.wp.com\/kohenavocats.com\/wp-content\/uploads\/2024\/08\/adam-wood-IDVIKdf8JYw-unsplash.webp?resize=1400%2C800&ssl=1 4x"},"classes":[]},{"id":439126,"url":"https:\/\/kohenavocats.com\/pt-pt\/cour-dappel-de-toulouse-le-4-mars-2026-n24-00028\/","url_meta":{"origin":665620,"position":5},"title":"Cour d&#8217;appel de Toulouse, le 4 mars 2026, n\u00b024\/00028","author":"Kohen","date":"26 de Mar\u00e7o, 2026","format":false,"excerpt":"La Cour d\u2019appel de Toulouse, dans un arr\u00eat du 4 mars 2026, a \u00e9t\u00e9 saisie d\u2019un litige complexe mettant en cause la responsabilit\u00e9 de multiples intervenants \u00e0 la suite de la d\u00e9faillance d\u2019un dispositif brise-soleil. Les d\u00e9sordres, survenus peu apr\u00e8s la r\u00e9ception des travaux, \u00e9taient imputables \u00e0 un sous-dimensionnement des\u2026","rel":"","context":"In &quot;Cour d'appel&quot;","block_context":{"text":"Cour d'appel","link":"https:\/\/kohenavocats.com\/category\/cour-dappel\/"},"img":{"alt_text":"","src":"https:\/\/i0.wp.com\/kohenavocats.com\/wp-content\/uploads\/2024\/11\/mohamed-nohassi-kF7auA4ZbMM-unsplash.webp?resize=350%2C200&ssl=1","width":350,"height":200,"srcset":"https:\/\/i0.wp.com\/kohenavocats.com\/wp-content\/uploads\/2024\/11\/mohamed-nohassi-kF7auA4ZbMM-unsplash.webp?resize=350%2C200&ssl=1 1x, https:\/\/i0.wp.com\/kohenavocats.com\/wp-content\/uploads\/2024\/11\/mohamed-nohassi-kF7auA4ZbMM-unsplash.webp?resize=525%2C300&ssl=1 1.5x, https:\/\/i0.wp.com\/kohenavocats.com\/wp-content\/uploads\/2024\/11\/mohamed-nohassi-kF7auA4ZbMM-unsplash.webp?resize=700%2C400&ssl=1 2x, https:\/\/i0.wp.com\/kohenavocats.com\/wp-content\/uploads\/2024\/11\/mohamed-nohassi-kF7auA4ZbMM-unsplash.webp?resize=1050%2C600&ssl=1 3x, https:\/\/i0.wp.com\/kohenavocats.com\/wp-content\/uploads\/2024\/11\/mohamed-nohassi-kF7auA4ZbMM-unsplash.webp?resize=1400%2C800&ssl=1 4x"},"classes":[]}],"jetpack_sharing_enabled":true,"_links":{"self":[{"href":"https:\/\/kohenavocats.com\/pt-pt\/wp-json\/wp\/v2\/posts\/665620","targetHints":{"allow":["GET"]}}],"collection":[{"href":"https:\/\/kohenavocats.com\/pt-pt\/wp-json\/wp\/v2\/posts"}],"about":[{"href":"https:\/\/kohenavocats.com\/pt-pt\/wp-json\/wp\/v2\/types\/post"}],"author":[{"embeddable":true,"href":"https:\/\/kohenavocats.com\/pt-pt\/wp-json\/wp\/v2\/users\/232070755"}],"replies":[{"embeddable":true,"href":"https:\/\/kohenavocats.com\/pt-pt\/wp-json\/wp\/v2\/comments?post=665620"}],"version-history":[{"count":0,"href":"https:\/\/kohenavocats.com\/pt-pt\/wp-json\/wp\/v2\/posts\/665620\/revisions"}],"wp:featuredmedia":[{"embeddable":true,"href":"https:\/\/kohenavocats.com\/pt-pt\/wp-json\/wp\/v2\/media\/3899"}],"wp:attachment":[{"href":"https:\/\/kohenavocats.com\/pt-pt\/wp-json\/wp\/v2\/media?parent=665620"}],"wp:term":[{"taxonomy":"category","embeddable":true,"href":"https:\/\/kohenavocats.com\/pt-pt\/wp-json\/wp\/v2\/categories?post=665620"},{"taxonomy":"post_tag","embeddable":true,"href":"https:\/\/kohenavocats.com\/pt-pt\/wp-json\/wp\/v2\/tags?post=665620"}],"curies":[{"name":"wp","href":"https:\/\/api.w.org\/{rel}","templated":true}]}}