{"id":665643,"date":"2026-04-24T00:08:38","date_gmt":"2026-04-23T22:08:38","guid":{"rendered":"https:\/\/kohenavocats.com\/tribunal-judiciaire-de-tulle-le-7-octobre-2024-n24-00176\/"},"modified":"2026-04-24T00:08:38","modified_gmt":"2026-04-23T22:08:38","slug":"tribunal-judiciaire-de-tulle-le-7-octobre-2024-n24-00176","status":"publish","type":"post","link":"https:\/\/kohenavocats.com\/pt-pt\/tribunal-judiciaire-de-tulle-le-7-octobre-2024-n24-00176\/","title":{"rendered":"Tribunal judiciaire de Tulle, le 7 octobre 2024, n\u00b024\/00176"},"content":{"rendered":"<div class=\"article-content\">\n<p>Le Tribunal Judiciaire de Tulle, P\u00f4le Social, statue le 7 octobre 2024 sur un litige relatif \u00e0 une prise en charge m\u00e9dicale. L\u2019organisme de s\u00e9curit\u00e9 sociale avait refus\u00e9 de couvrir un forfait d\u2019oxyg\u00e9noth\u00e9rapie au motif d\u2019une demande incompl\u00e8te. La juridiction examine la recevabilit\u00e9 du recours puis le fond du droit relatif \u00e0 l\u2019entente pr\u00e9alable. Elle accueille la requ\u00eate de l\u2019employeur et ordonne la prise en charge du traitement contest\u00e9.<\/p>\n<p>La r\u00e9gularit\u00e9 de la saisine du juge<\/p>\n<p>Le respect des d\u00e9lais de recours contentieux. Le tribunal v\u00e9rifie d\u2019abord la recevabilit\u00e9 de la requ\u00eate introduite par l\u2019employeur. Il rappelle que le d\u00e9lai de recours est de deux mois \u00e0 compter de la notification d\u2019une d\u00e9cision explicite. \u00c0 d\u00e9faut de d\u00e9cision expresse, le d\u00e9lai court apr\u00e8s l\u2019expiration d\u2019un d\u00e9lai de deux mois imparti \u00e0 la commission pour statuer. En l\u2019esp\u00e8ce, la commission n\u2019ayant pas rendu de d\u00e9cision dans le d\u00e9lai, le recours est d\u00e9clar\u00e9 recevable.<\/p>\n<p>La sanction de l\u2019inaction de l\u2019administration. Cette analyse confirme le principe selon lequel le silence de l\u2019administration vaut d\u00e9cision implicite. Le d\u00e9lai de recours ne saurait \u00eatre ind\u00e9finiment suspendu par l\u2019inertie de l\u2019autorit\u00e9 comp\u00e9tente. La solution prot\u00e8ge ainsi les droits des administr\u00e9s en encadrant strictement la proc\u00e9dure. Elle garantit une s\u00e9curit\u00e9 juridique en fixant un point de d\u00e9part certain pour l\u2019exercice des voies de recours.<\/p>\n<p>Le r\u00e9gime probatoire de l\u2019entente pr\u00e9alable<\/p>\n<p>La charge de la preuve de la r\u00e9gularit\u00e9 de la proc\u00e9dure. Sur le fond, le tribunal se penche sur le m\u00e9canisme de l\u2019entente pr\u00e9alable soumise \u00e0 un d\u00e9lai. L\u2019article R. 165-23 du Code de la S\u00e9curit\u00e9 Sociale pr\u00e9voit que &#8220;L\u2019accord de l\u2019organisme est acquis \u00e0 d\u00e9faut de r\u00e9ponse dans le d\u00e9lai de quinze jours qui suit la r\u00e9ception de la demande d\u2019entente pr\u00e9alable.&#8221; (II \u2013 Sur le fond). L\u2019organisme all\u00e8gue avoir notifi\u00e9 l\u2019incompl\u00e9tude de la demande dans les d\u00e9lais.<\/p>\n<p>L\u2019exigence d\u2019une preuve certaine de la notification. La juridiction constate l\u2019absence de preuve de l\u2019envoi de cette notification. Elle rel\u00e8ve que &#8220;ladite notification ne fait nullement r\u00e9f\u00e9rence \u00e0 ce courrier all\u00e9gu\u00e9 du 22 f\u00e9vrier 2024&#8221; (II \u2013 Sur le fond). L\u2019organisme, qui ne rapporte pas la preuve de l\u2019effectivit\u00e9 de son courrier, est donc r\u00e9put\u00e9 avoir accept\u00e9 la demande tacitement. La charge de la preuve p\u00e8se int\u00e9gralement sur l\u2019administration pour d\u00e9montrer son action dans le d\u00e9lai l\u00e9gal.<\/p>\n<p>La port\u00e9e d\u2019une jurisprudence constante<\/p>\n<p>Le renforcement des obligations de l\u2019administration. Cette d\u00e9cision s\u2019inscrit dans une ligne jurisprudentielle exigeante. La Cour d\u2019appel de Montpellier rappelle que &#8220;Le d\u00e9lai au terme duquel, \u00e0 d\u00e9faut de d\u00e9cision expresse, la demande est r\u00e9put\u00e9e accept\u00e9e ne court qu\u2019\u00e0 compter de la r\u00e9ception des pi\u00e8ces et informations requises.&#8221; (Cour d\u2019appel de Montpellier, le 19 juin 2025, n\u00b021\/01391). Le point de d\u00e9part du d\u00e9lai est ainsi conditionn\u00e9 \u00e0 une demande compl\u00e8te.<\/p>\n<p>La n\u00e9cessit\u00e9 d\u2019une sollicitation formelle et prouv\u00e9e. La Cour d\u2019appel de Toulouse pr\u00e9cise les modalit\u00e9s de cette demande compl\u00e9mentaire. Elle indique qu\u2019un organisme &#8220;\u00e9tablit avoir re\u00e7u la demande [&#8230;] et avoir sollicit\u00e9 des pi\u00e8ces compl\u00e9mentaires [&#8230;] par courrier recommand\u00e9&#8221; (Cour d\u2019appel de Toulouse, le 30 janvier 2025, n\u00b023\/02965). La preuve de la r\u00e9ception par le demandeur est donc un \u00e9l\u00e9ment essentiel. Le pr\u00e9sent jugement en applique strictement le principe au d\u00e9triment de l\u2019organisme d\u00e9faillant.<\/p>\n<p>La valeur d\u2019une sanction automatique<\/p>\n<p>La protection des droits des assur\u00e9s par la fiction d\u2019acceptation. La port\u00e9e de la d\u00e9cision est significative en droit de la s\u00e9curit\u00e9 sociale. Elle applique de mani\u00e8re rigoureuse la sanction du d\u00e9lai de quinze jours pr\u00e9vue par le code. L\u2019accord tacite est acquis d\u00e8s lors que l\u2019organisme ne d\u00e9montre pas avoir notifi\u00e9 son refus dans le d\u00e9lai. Cette fiction juridique prot\u00e8ge l\u2019assur\u00e9 contre les lenteurs administratives injustifi\u00e9es.<\/p>\n<p>Une incitation \u00e0 une gestion probante des proc\u00e9dures. La solution a \u00e9galement une valeur pr\u00e9ventive et p\u00e9dagogique. Elle incite les organismes \u00e0 mettre en place une gestion rigoureuse et tra\u00e7able des demandes. La notification d\u2019une demande incompl\u00e8te doit \u00eatre formelle et prouv\u00e9e pour \u00eatre opposable. Ce jugement rappelle ainsi l\u2019importance des r\u00e8gles de preuve dans les relations entre l\u2019administration et les usagers.<\/p>\n<\/div>\n","protected":false},"excerpt":{"rendered":"<p>Le Tribunal Judiciaire de Tulle, P\u00f4le Social, statue le 7 octobre 2024 sur un litige relatif \u00e0 une prise en charge m\u00e9dicale. L\u2019organisme de s\u00e9curit\u00e9 sociale &#8230;<\/p>\n","protected":false},"author":232070755,"featured_media":4721,"comment_status":"open","ping_status":"open","sticky":false,"template":"","format":"standard","meta":{"_crdt_document":"","_jetpack_newsletter_access":"","_jetpack_dont_email_post_to_subs":false,"_jetpack_newsletter_tier_id":0,"_jetpack_memberships_contains_paywalled_content":false,"_kj_source_type":"judilibre","_kj_official_id":"68d6e6b5d22713eb88c89365","_kj_official_url":"https:\/\/www.courdecassation.fr\/decision\/68d6e6b5d22713eb88c89365","_kj_judilibre_id":"68d6e6b5d22713eb88c89365","_kj_jur":"Tribunal judiciaire","_kj_lieu":"Tribunal judiciaire de Tulle","_kj_chambre":"POLE SOCIAL","_kj_rg":"24\/00176","_kj_date":"2025-09-24","_jetpack_memberships_contains_paid_content":false,"footnotes":"","jetpack_post_was_ever_published":false},"categories":[7597],"tags":[],"class_list":["post-665643","post","type-post","status-publish","format-standard","has-post-thumbnail","hentry","category-jurisprudence"],"yoast_head":"<!-- This site is optimized with the Yoast SEO Premium plugin v27.5 (Yoast SEO v27.5) - https:\/\/yoast.com\/product\/yoast-seo-premium-wordpress\/ -->\n<title>Tribunal judiciaire de Tulle, le 7 octobre 2024, n\u00b024\/00176 - Ma\u00eetre Hassan Kohen, avocat en droit p\u00e9nal \u00e0 Paris<\/title>\n<meta name=\"description\" content=\"Le Tribunal Judiciaire de Tulle, P\u00f4le Social, statue le 7 octobre 2024 sur un litige relatif \u00e0 une prise en charge m\u00e9dicale. L\u2019organisme de s\u00e9curit\u00e9 sociale ...\" \/>\n<meta name=\"robots\" content=\"index, follow, max-snippet:-1, max-image-preview:large, max-video-preview:-1\" \/>\n<link rel=\"canonical\" href=\"https:\/\/kohenavocats.com\/pt-pt\/tribunal-judiciaire-de-tulle-le-7-octobre-2024-n24-00176\/\" \/>\n<meta property=\"og:locale\" content=\"pt_PT\" \/>\n<meta property=\"og:type\" content=\"article\" \/>\n<meta property=\"og:title\" content=\"Tribunal judiciaire de Tulle, le 7 octobre 2024, n\u00b024\/00176\" \/>\n<meta property=\"og:description\" content=\"Le Tribunal Judiciaire de Tulle, P\u00f4le Social, statue le 7 octobre 2024 sur un litige relatif \u00e0 une prise en charge m\u00e9dicale. L\u2019organisme de s\u00e9curit\u00e9 sociale ...\" \/>\n<meta property=\"og:url\" content=\"https:\/\/kohenavocats.com\/pt-pt\/tribunal-judiciaire-de-tulle-le-7-octobre-2024-n24-00176\/\" \/>\n<meta property=\"og:site_name\" content=\"Ma\u00eetre Hassan Kohen, avocat en droit p\u00e9nal \u00e0 Paris\" \/>\n<meta property=\"article:published_time\" content=\"2026-04-23T22:08:38+00:00\" \/>\n<meta property=\"og:image\" content=\"https:\/\/kohenavocats.com\/wp-content\/uploads\/2024\/08\/gloria-villa-ByP0PtBXpi0-unsplash.webp\" \/>\n\t<meta property=\"og:image:width\" content=\"5845\" \/>\n\t<meta property=\"og:image:height\" content=\"3902\" \/>\n\t<meta property=\"og:image:type\" content=\"image\/webp\" \/>\n<meta name=\"author\" content=\"Kohen\" \/>\n<meta name=\"twitter:card\" content=\"summary_large_image\" \/>\n<meta name=\"twitter:label1\" content=\"Escrito por\" \/>\n\t<meta name=\"twitter:data1\" content=\"Kohen\" \/>\n\t<meta name=\"twitter:label2\" content=\"Tempo estimado de leitura\" \/>\n\t<meta name=\"twitter:data2\" content=\"4 minutos\" \/>\n<script type=\"application\/ld+json\" class=\"yoast-schema-graph\">{\"@context\":\"https:\\\/\\\/schema.org\",\"@graph\":[{\"@type\":\"Article\",\"@id\":\"https:\\\/\\\/kohenavocats.com\\\/pt-pt\\\/tribunal-judiciaire-de-tulle-le-7-octobre-2024-n24-00176\\\/#article\",\"isPartOf\":{\"@id\":\"https:\\\/\\\/kohenavocats.com\\\/pt-pt\\\/tribunal-judiciaire-de-tulle-le-7-octobre-2024-n24-00176\\\/\"},\"author\":{\"name\":\"Kohen\",\"@id\":\"https:\\\/\\\/kohenavocats.com\\\/pt-pt\\\/#\\\/schema\\\/person\\\/761c9ba54fa1ca84d405cef0831ff751\"},\"headline\":\"Tribunal judiciaire de Tulle, le 7 octobre 2024, n\u00b024\\\/00176\",\"datePublished\":\"2026-04-23T22:08:38+00:00\",\"mainEntityOfPage\":{\"@id\":\"https:\\\/\\\/kohenavocats.com\\\/pt-pt\\\/tribunal-judiciaire-de-tulle-le-7-octobre-2024-n24-00176\\\/\"},\"wordCount\":801,\"commentCount\":0,\"publisher\":{\"@id\":\"https:\\\/\\\/kohenavocats.com\\\/pt-pt\\\/#organization\"},\"image\":{\"@id\":\"https:\\\/\\\/kohenavocats.com\\\/pt-pt\\\/tribunal-judiciaire-de-tulle-le-7-octobre-2024-n24-00176\\\/#primaryimage\"},\"thumbnailUrl\":\"https:\\\/\\\/kohenavocats.com\\\/wp-content\\\/uploads\\\/2024\\\/08\\\/gloria-villa-ByP0PtBXpi0-unsplash.webp\",\"articleSection\":[\"Jurisprudence\"],\"inLanguage\":\"pt-PT\",\"potentialAction\":[{\"@type\":\"CommentAction\",\"name\":\"Comment\",\"target\":[\"https:\\\/\\\/kohenavocats.com\\\/pt-pt\\\/tribunal-judiciaire-de-tulle-le-7-octobre-2024-n24-00176\\\/#respond\"]}],\"citation\":\"Tribunal judiciaire de Tulle, le 7 octobre 2024, n\u00b024\\\/00176\",\"about\":[{\"@type\":\"Thing\",\"name\":\"Jurisprudence\"}],\"dateModified\":\"2026-04-23T22:08:38+00:00\",\"speakable\":{\"@type\":\"SpeakableSpecification\",\"cssSelector\":[\".article-content > p:first-of-type\"]}},{\"@type\":\"WebPage\",\"@id\":\"https:\\\/\\\/kohenavocats.com\\\/pt-pt\\\/tribunal-judiciaire-de-tulle-le-7-octobre-2024-n24-00176\\\/\",\"url\":\"https:\\\/\\\/kohenavocats.com\\\/pt-pt\\\/tribunal-judiciaire-de-tulle-le-7-octobre-2024-n24-00176\\\/\",\"name\":\"Tribunal judiciaire de Tulle, le 7 octobre 2024, n\u00b024\\\/00176 - Ma\u00eetre Hassan Kohen, avocat en droit p\u00e9nal \u00e0 Paris\",\"isPartOf\":{\"@id\":\"https:\\\/\\\/kohenavocats.com\\\/pt-pt\\\/#website\"},\"primaryImageOfPage\":{\"@id\":\"https:\\\/\\\/kohenavocats.com\\\/pt-pt\\\/tribunal-judiciaire-de-tulle-le-7-octobre-2024-n24-00176\\\/#primaryimage\"},\"image\":{\"@id\":\"https:\\\/\\\/kohenavocats.com\\\/pt-pt\\\/tribunal-judiciaire-de-tulle-le-7-octobre-2024-n24-00176\\\/#primaryimage\"},\"thumbnailUrl\":\"https:\\\/\\\/kohenavocats.com\\\/wp-content\\\/uploads\\\/2024\\\/08\\\/gloria-villa-ByP0PtBXpi0-unsplash.webp\",\"datePublished\":\"2026-04-23T22:08:38+00:00\",\"description\":\"Le Tribunal Judiciaire de Tulle, P\u00f4le Social, statue le 7 octobre 2024 sur un litige relatif \u00e0 une prise en charge m\u00e9dicale. L\u2019organisme de s\u00e9curit\u00e9 sociale ...\",\"breadcrumb\":{\"@id\":\"https:\\\/\\\/kohenavocats.com\\\/pt-pt\\\/tribunal-judiciaire-de-tulle-le-7-octobre-2024-n24-00176\\\/#breadcrumb\"},\"inLanguage\":\"pt-PT\",\"potentialAction\":[{\"@type\":\"ReadAction\",\"target\":[\"https:\\\/\\\/kohenavocats.com\\\/pt-pt\\\/tribunal-judiciaire-de-tulle-le-7-octobre-2024-n24-00176\\\/\"]}]},{\"@type\":\"ImageObject\",\"inLanguage\":\"pt-PT\",\"@id\":\"https:\\\/\\\/kohenavocats.com\\\/pt-pt\\\/tribunal-judiciaire-de-tulle-le-7-octobre-2024-n24-00176\\\/#primaryimage\",\"url\":\"https:\\\/\\\/kohenavocats.com\\\/wp-content\\\/uploads\\\/2024\\\/08\\\/gloria-villa-ByP0PtBXpi0-unsplash.webp\",\"contentUrl\":\"https:\\\/\\\/kohenavocats.com\\\/wp-content\\\/uploads\\\/2024\\\/08\\\/gloria-villa-ByP0PtBXpi0-unsplash.webp\",\"width\":5845,\"height\":3902},{\"@type\":\"BreadcrumbList\",\"@id\":\"https:\\\/\\\/kohenavocats.com\\\/pt-pt\\\/tribunal-judiciaire-de-tulle-le-7-octobre-2024-n24-00176\\\/#breadcrumb\",\"itemListElement\":[{\"@type\":\"ListItem\",\"position\":1,\"name\":\"Home\",\"item\":\"https:\\\/\\\/kohenavocats.com\\\/pt-pt\\\/avocats-en-droit-penal-a-paris-conseil-et-defense-strategique\\\/\"},{\"@type\":\"ListItem\",\"position\":2,\"name\":\"Tribunal judiciaire de Tulle, le 7 octobre 2024, n\u00b024\\\/00176\"}]},{\"@type\":\"WebSite\",\"@id\":\"https:\\\/\\\/kohenavocats.com\\\/pt-pt\\\/#website\",\"url\":\"https:\\\/\\\/kohenavocats.com\\\/pt-pt\\\/\",\"name\":\"Kohen Avocats\",\"description\":\"Ma\u00eetre Hassan Kohen, avocat p\u00e9naliste \u00e0 Paris, intervient exclusivement en droit p\u00e9nal pour la d\u00e9fense des particuliers, notamment en mati\u00e8re d\u2019accusations de viol. Il assure un accompagnement rigoureux d\u00e8s la garde \u00e0 vue jusqu\u2019\u00e0 la Cour d\u2019assises, veillant au strict respect des garanties proc\u00e9durales.\",\"publisher\":{\"@id\":\"https:\\\/\\\/kohenavocats.com\\\/pt-pt\\\/#organization\"},\"potentialAction\":[{\"@type\":\"SearchAction\",\"target\":{\"@type\":\"EntryPoint\",\"urlTemplate\":\"https:\\\/\\\/kohenavocats.com\\\/pt-pt\\\/?s={search_term_string}\"},\"query-input\":{\"@type\":\"PropertyValueSpecification\",\"valueRequired\":true,\"valueName\":\"search_term_string\"}}],\"inLanguage\":\"pt-PT\"},{\"@type\":\"Organization\",\"@id\":\"https:\\\/\\\/kohenavocats.com\\\/pt-pt\\\/#organization\",\"name\":\"Kohen Avocats\",\"url\":\"https:\\\/\\\/kohenavocats.com\\\/pt-pt\\\/\",\"logo\":{\"@type\":\"ImageObject\",\"inLanguage\":\"pt-PT\",\"@id\":\"https:\\\/\\\/kohenavocats.com\\\/pt-pt\\\/#\\\/schema\\\/logo\\\/image\\\/\",\"url\":\"https:\\\/\\\/kohenavocats.com\\\/wp-content\\\/uploads\\\/2026\\\/01\\\/Logo-2-1.webp\",\"contentUrl\":\"https:\\\/\\\/kohenavocats.com\\\/wp-content\\\/uploads\\\/2026\\\/01\\\/Logo-2-1.webp\",\"width\":2114,\"height\":1253,\"caption\":\"Kohen Avocats\"},\"image\":{\"@id\":\"https:\\\/\\\/kohenavocats.com\\\/pt-pt\\\/#\\\/schema\\\/logo\\\/image\\\/\"}},{\"@type\":\"Person\",\"@id\":\"https:\\\/\\\/kohenavocats.com\\\/pt-pt\\\/#\\\/schema\\\/person\\\/761c9ba54fa1ca84d405cef0831ff751\",\"name\":\"Kohen\",\"image\":{\"@type\":\"ImageObject\",\"inLanguage\":\"pt-PT\",\"@id\":\"https:\\\/\\\/secure.gravatar.com\\\/avatar\\\/1c5e76ef76bbbfdd2b4da984e2bf2fa4056fd51a27d25ce2c332047f1dfd6e00?s=96&d=identicon&r=g\",\"url\":\"https:\\\/\\\/secure.gravatar.com\\\/avatar\\\/1c5e76ef76bbbfdd2b4da984e2bf2fa4056fd51a27d25ce2c332047f1dfd6e00?s=96&d=identicon&r=g\",\"contentUrl\":\"https:\\\/\\\/secure.gravatar.com\\\/avatar\\\/1c5e76ef76bbbfdd2b4da984e2bf2fa4056fd51a27d25ce2c332047f1dfd6e00?s=96&d=identicon&r=g\",\"caption\":\"Kohen\"},\"sameAs\":[\"https:\\\/\\\/www.linkedin.com\\\/in\\\/hassan-kohen-448548192\\\/\",\"https:\\\/\\\/www.youtube.com\\\/@Kohen-Avocats\"],\"url\":\"https:\\\/\\\/kohenavocats.com\\\/pt-pt\\\/author\\\/kohenmlk\\\/\"}]}<\/script>\n<!-- \/ Yoast SEO Premium plugin. -->","yoast_head_json":{"title":"Tribunal judiciaire de Tulle, le 7 octobre 2024, n\u00b024\/00176 - Ma\u00eetre Hassan Kohen, avocat en droit p\u00e9nal \u00e0 Paris","description":"Le Tribunal Judiciaire de Tulle, P\u00f4le Social, statue le 7 octobre 2024 sur un litige relatif \u00e0 une prise en charge m\u00e9dicale. L\u2019organisme de s\u00e9curit\u00e9 sociale ...","robots":{"index":"index","follow":"follow","max-snippet":"max-snippet:-1","max-image-preview":"max-image-preview:large","max-video-preview":"max-video-preview:-1"},"canonical":"https:\/\/kohenavocats.com\/pt-pt\/tribunal-judiciaire-de-tulle-le-7-octobre-2024-n24-00176\/","og_locale":"pt_PT","og_type":"article","og_title":"Tribunal judiciaire de Tulle, le 7 octobre 2024, n\u00b024\/00176","og_description":"Le Tribunal Judiciaire de Tulle, P\u00f4le Social, statue le 7 octobre 2024 sur un litige relatif \u00e0 une prise en charge m\u00e9dicale. L\u2019organisme de s\u00e9curit\u00e9 sociale ...","og_url":"https:\/\/kohenavocats.com\/pt-pt\/tribunal-judiciaire-de-tulle-le-7-octobre-2024-n24-00176\/","og_site_name":"Ma\u00eetre Hassan Kohen, avocat en droit p\u00e9nal \u00e0 Paris","article_published_time":"2026-04-23T22:08:38+00:00","og_image":[{"width":5845,"height":3902,"url":"https:\/\/kohenavocats.com\/wp-content\/uploads\/2024\/08\/gloria-villa-ByP0PtBXpi0-unsplash.webp","type":"image\/webp"}],"author":"Kohen","twitter_card":"summary_large_image","twitter_misc":{"Escrito por":"Kohen","Tempo estimado de leitura":"4 minutos"},"schema":{"@context":"https:\/\/schema.org","@graph":[{"@type":"Article","@id":"https:\/\/kohenavocats.com\/pt-pt\/tribunal-judiciaire-de-tulle-le-7-octobre-2024-n24-00176\/#article","isPartOf":{"@id":"https:\/\/kohenavocats.com\/pt-pt\/tribunal-judiciaire-de-tulle-le-7-octobre-2024-n24-00176\/"},"author":{"name":"Kohen","@id":"https:\/\/kohenavocats.com\/pt-pt\/#\/schema\/person\/761c9ba54fa1ca84d405cef0831ff751"},"headline":"Tribunal judiciaire de Tulle, le 7 octobre 2024, n\u00b024\/00176","datePublished":"2026-04-23T22:08:38+00:00","mainEntityOfPage":{"@id":"https:\/\/kohenavocats.com\/pt-pt\/tribunal-judiciaire-de-tulle-le-7-octobre-2024-n24-00176\/"},"wordCount":801,"commentCount":0,"publisher":{"@id":"https:\/\/kohenavocats.com\/pt-pt\/#organization"},"image":{"@id":"https:\/\/kohenavocats.com\/pt-pt\/tribunal-judiciaire-de-tulle-le-7-octobre-2024-n24-00176\/#primaryimage"},"thumbnailUrl":"https:\/\/kohenavocats.com\/wp-content\/uploads\/2024\/08\/gloria-villa-ByP0PtBXpi0-unsplash.webp","articleSection":["Jurisprudence"],"inLanguage":"pt-PT","potentialAction":[{"@type":"CommentAction","name":"Comment","target":["https:\/\/kohenavocats.com\/pt-pt\/tribunal-judiciaire-de-tulle-le-7-octobre-2024-n24-00176\/#respond"]}],"citation":"Tribunal judiciaire de Tulle, le 7 octobre 2024, n\u00b024\/00176","about":[{"@type":"Thing","name":"Jurisprudence"}],"dateModified":"2026-04-23T22:08:38+00:00","speakable":{"@type":"SpeakableSpecification","cssSelector":[".article-content > p:first-of-type"]}},{"@type":"WebPage","@id":"https:\/\/kohenavocats.com\/pt-pt\/tribunal-judiciaire-de-tulle-le-7-octobre-2024-n24-00176\/","url":"https:\/\/kohenavocats.com\/pt-pt\/tribunal-judiciaire-de-tulle-le-7-octobre-2024-n24-00176\/","name":"Tribunal judiciaire de Tulle, le 7 octobre 2024, n\u00b024\/00176 - Ma\u00eetre Hassan Kohen, avocat en droit p\u00e9nal \u00e0 Paris","isPartOf":{"@id":"https:\/\/kohenavocats.com\/pt-pt\/#website"},"primaryImageOfPage":{"@id":"https:\/\/kohenavocats.com\/pt-pt\/tribunal-judiciaire-de-tulle-le-7-octobre-2024-n24-00176\/#primaryimage"},"image":{"@id":"https:\/\/kohenavocats.com\/pt-pt\/tribunal-judiciaire-de-tulle-le-7-octobre-2024-n24-00176\/#primaryimage"},"thumbnailUrl":"https:\/\/kohenavocats.com\/wp-content\/uploads\/2024\/08\/gloria-villa-ByP0PtBXpi0-unsplash.webp","datePublished":"2026-04-23T22:08:38+00:00","description":"Le Tribunal Judiciaire de Tulle, P\u00f4le Social, statue le 7 octobre 2024 sur un litige relatif \u00e0 une prise en charge m\u00e9dicale. L\u2019organisme de s\u00e9curit\u00e9 sociale ...","breadcrumb":{"@id":"https:\/\/kohenavocats.com\/pt-pt\/tribunal-judiciaire-de-tulle-le-7-octobre-2024-n24-00176\/#breadcrumb"},"inLanguage":"pt-PT","potentialAction":[{"@type":"ReadAction","target":["https:\/\/kohenavocats.com\/pt-pt\/tribunal-judiciaire-de-tulle-le-7-octobre-2024-n24-00176\/"]}]},{"@type":"ImageObject","inLanguage":"pt-PT","@id":"https:\/\/kohenavocats.com\/pt-pt\/tribunal-judiciaire-de-tulle-le-7-octobre-2024-n24-00176\/#primaryimage","url":"https:\/\/kohenavocats.com\/wp-content\/uploads\/2024\/08\/gloria-villa-ByP0PtBXpi0-unsplash.webp","contentUrl":"https:\/\/kohenavocats.com\/wp-content\/uploads\/2024\/08\/gloria-villa-ByP0PtBXpi0-unsplash.webp","width":5845,"height":3902},{"@type":"BreadcrumbList","@id":"https:\/\/kohenavocats.com\/pt-pt\/tribunal-judiciaire-de-tulle-le-7-octobre-2024-n24-00176\/#breadcrumb","itemListElement":[{"@type":"ListItem","position":1,"name":"Home","item":"https:\/\/kohenavocats.com\/pt-pt\/avocats-en-droit-penal-a-paris-conseil-et-defense-strategique\/"},{"@type":"ListItem","position":2,"name":"Tribunal judiciaire de Tulle, le 7 octobre 2024, n\u00b024\/00176"}]},{"@type":"WebSite","@id":"https:\/\/kohenavocats.com\/pt-pt\/#website","url":"https:\/\/kohenavocats.com\/pt-pt\/","name":"Kohen Avocats","description":"Ma\u00eetre Hassan Kohen, avocat p\u00e9naliste \u00e0 Paris, intervient exclusivement en droit p\u00e9nal pour la d\u00e9fense des particuliers, notamment en mati\u00e8re d\u2019accusations de viol. Il assure un accompagnement rigoureux d\u00e8s la garde \u00e0 vue jusqu\u2019\u00e0 la Cour d\u2019assises, veillant au strict respect des garanties proc\u00e9durales.","publisher":{"@id":"https:\/\/kohenavocats.com\/pt-pt\/#organization"},"potentialAction":[{"@type":"SearchAction","target":{"@type":"EntryPoint","urlTemplate":"https:\/\/kohenavocats.com\/pt-pt\/?s={search_term_string}"},"query-input":{"@type":"PropertyValueSpecification","valueRequired":true,"valueName":"search_term_string"}}],"inLanguage":"pt-PT"},{"@type":"Organization","@id":"https:\/\/kohenavocats.com\/pt-pt\/#organization","name":"Kohen Avocats","url":"https:\/\/kohenavocats.com\/pt-pt\/","logo":{"@type":"ImageObject","inLanguage":"pt-PT","@id":"https:\/\/kohenavocats.com\/pt-pt\/#\/schema\/logo\/image\/","url":"https:\/\/kohenavocats.com\/wp-content\/uploads\/2026\/01\/Logo-2-1.webp","contentUrl":"https:\/\/kohenavocats.com\/wp-content\/uploads\/2026\/01\/Logo-2-1.webp","width":2114,"height":1253,"caption":"Kohen Avocats"},"image":{"@id":"https:\/\/kohenavocats.com\/pt-pt\/#\/schema\/logo\/image\/"}},{"@type":"Person","@id":"https:\/\/kohenavocats.com\/pt-pt\/#\/schema\/person\/761c9ba54fa1ca84d405cef0831ff751","name":"Kohen","image":{"@type":"ImageObject","inLanguage":"pt-PT","@id":"https:\/\/secure.gravatar.com\/avatar\/1c5e76ef76bbbfdd2b4da984e2bf2fa4056fd51a27d25ce2c332047f1dfd6e00?s=96&d=identicon&r=g","url":"https:\/\/secure.gravatar.com\/avatar\/1c5e76ef76bbbfdd2b4da984e2bf2fa4056fd51a27d25ce2c332047f1dfd6e00?s=96&d=identicon&r=g","contentUrl":"https:\/\/secure.gravatar.com\/avatar\/1c5e76ef76bbbfdd2b4da984e2bf2fa4056fd51a27d25ce2c332047f1dfd6e00?s=96&d=identicon&r=g","caption":"Kohen"},"sameAs":["https:\/\/www.linkedin.com\/in\/hassan-kohen-448548192\/","https:\/\/www.youtube.com\/@Kohen-Avocats"],"url":"https:\/\/kohenavocats.com\/pt-pt\/author\/kohenmlk\/"}]}},"jetpack_featured_media_url":"https:\/\/kohenavocats.com\/wp-content\/uploads\/2024\/08\/gloria-villa-ByP0PtBXpi0-unsplash.webp","jetpack_likes_enabled":false,"jetpack_shortlink":"https:\/\/wp.me\/peCrII-2Nab","jetpack-related-posts":[{"id":665308,"url":"https:\/\/kohenavocats.com\/pt-pt\/tribunal-judiciaire-de-tulle-le-7-octobre-2024-n24-00146\/","url_meta":{"origin":665643,"position":0},"title":"Tribunal judiciaire de Tulle, le 7 octobre 2024, n\u00b024\/00146","author":"Kohen","date":"23 de Abril, 2026","format":false,"excerpt":"Le Tribunal judiciaire de Tulle, statuant en p\u00f4le social, a rendu un jugement le 7 octobre 2024. Il s\u2019agissait d\u2019un recours contre le refus de prise en charg...","rel":"","context":"In &quot;Jurisprudence&quot;","block_context":{"text":"Jurisprudence","link":"https:\/\/kohenavocats.com\/category\/jurisprudence\/"},"img":{"alt_text":"","src":"https:\/\/i0.wp.com\/kohenavocats.com\/wp-content\/uploads\/2024\/07\/corentin-J5TYAxwQoM8-unsplash.webp?resize=350%2C200&ssl=1","width":350,"height":200,"srcset":"https:\/\/i0.wp.com\/kohenavocats.com\/wp-content\/uploads\/2024\/07\/corentin-J5TYAxwQoM8-unsplash.webp?resize=350%2C200&ssl=1 1x, https:\/\/i0.wp.com\/kohenavocats.com\/wp-content\/uploads\/2024\/07\/corentin-J5TYAxwQoM8-unsplash.webp?resize=525%2C300&ssl=1 1.5x, https:\/\/i0.wp.com\/kohenavocats.com\/wp-content\/uploads\/2024\/07\/corentin-J5TYAxwQoM8-unsplash.webp?resize=700%2C400&ssl=1 2x, https:\/\/i0.wp.com\/kohenavocats.com\/wp-content\/uploads\/2024\/07\/corentin-J5TYAxwQoM8-unsplash.webp?resize=1050%2C600&ssl=1 3x, https:\/\/i0.wp.com\/kohenavocats.com\/wp-content\/uploads\/2024\/07\/corentin-J5TYAxwQoM8-unsplash.webp?resize=1400%2C800&ssl=1 4x"},"classes":[]},{"id":665305,"url":"https:\/\/kohenavocats.com\/pt-pt\/tribunal-judiciaire-de-tulle-le-10-mars-2025-n24-00056\/","url_meta":{"origin":665643,"position":1},"title":"Tribunal judiciaire de Tulle, le 10 mars 2025, n\u00b024\/00056","author":"Kohen","date":"23 de Abril, 2026","format":false,"excerpt":"Le tribunal judiciaire de Tulle, statuant en mati\u00e8re sociale, a rendu un jugement le 10 mars 2025. Un requ\u00e9rant contestait le rejet de sa demande d\u2019allocatio...","rel":"","context":"In &quot;Droit du travail&quot;","block_context":{"text":"Droit du travail","link":"https:\/\/kohenavocats.com\/category\/droit-du-travail\/"},"img":{"alt_text":"","src":"https:\/\/i0.wp.com\/kohenavocats.com\/wp-content\/uploads\/2024\/08\/tom-gainor-TRALLodRQE0-unsplash.webp?resize=350%2C200&ssl=1","width":350,"height":200,"srcset":"https:\/\/i0.wp.com\/kohenavocats.com\/wp-content\/uploads\/2024\/08\/tom-gainor-TRALLodRQE0-unsplash.webp?resize=350%2C200&ssl=1 1x, https:\/\/i0.wp.com\/kohenavocats.com\/wp-content\/uploads\/2024\/08\/tom-gainor-TRALLodRQE0-unsplash.webp?resize=525%2C300&ssl=1 1.5x, https:\/\/i0.wp.com\/kohenavocats.com\/wp-content\/uploads\/2024\/08\/tom-gainor-TRALLodRQE0-unsplash.webp?resize=700%2C400&ssl=1 2x, https:\/\/i0.wp.com\/kohenavocats.com\/wp-content\/uploads\/2024\/08\/tom-gainor-TRALLodRQE0-unsplash.webp?resize=1050%2C600&ssl=1 3x, https:\/\/i0.wp.com\/kohenavocats.com\/wp-content\/uploads\/2024\/08\/tom-gainor-TRALLodRQE0-unsplash.webp?resize=1400%2C800&ssl=1 4x"},"classes":[]},{"id":263769,"url":"https:\/\/kohenavocats.com\/pt-pt\/tribunal-judiciaire-de-tulle-le-25-juin-2025-n23-00157\/","url_meta":{"origin":665643,"position":2},"title":"Tribunal judiciaire de Tulle, le 25 juin 2025, n\u00b023\/00157","author":"Kohen","date":"9 de Janeiro, 2026","format":false,"excerpt":"Rendu par le p\u00f4le social du tribunal judiciaire de Tulle le 25 juin 2025, le jugement tranche deux questions successives. La premi\u00e8re porte sur la prescription de l\u2019action en reconnaissance de la faute inexcusable. La seconde concerne l\u2019office du juge lorsque l\u2019employeur conteste le caract\u00e8re professionnel d\u2019une maladie hors tableau,\u2026","rel":"","context":"In &quot;D\u00e9cisions juridiques&quot;","block_context":{"text":"D\u00e9cisions juridiques","link":"https:\/\/kohenavocats.com\/category\/decisions-juridiques\/"},"img":{"alt_text":"","src":"https:\/\/i0.wp.com\/kohenavocats.com\/wp-content\/uploads\/2024\/08\/zoltan-tasi-Fdt2aSbdRig-unsplash.webp?resize=350%2C200&ssl=1","width":350,"height":200,"srcset":"https:\/\/i0.wp.com\/kohenavocats.com\/wp-content\/uploads\/2024\/08\/zoltan-tasi-Fdt2aSbdRig-unsplash.webp?resize=350%2C200&ssl=1 1x, https:\/\/i0.wp.com\/kohenavocats.com\/wp-content\/uploads\/2024\/08\/zoltan-tasi-Fdt2aSbdRig-unsplash.webp?resize=525%2C300&ssl=1 1.5x, https:\/\/i0.wp.com\/kohenavocats.com\/wp-content\/uploads\/2024\/08\/zoltan-tasi-Fdt2aSbdRig-unsplash.webp?resize=700%2C400&ssl=1 2x, https:\/\/i0.wp.com\/kohenavocats.com\/wp-content\/uploads\/2024\/08\/zoltan-tasi-Fdt2aSbdRig-unsplash.webp?resize=1050%2C600&ssl=1 3x, https:\/\/i0.wp.com\/kohenavocats.com\/wp-content\/uploads\/2024\/08\/zoltan-tasi-Fdt2aSbdRig-unsplash.webp?resize=1400%2C800&ssl=1 4x"},"classes":[]},{"id":624070,"url":"https:\/\/kohenavocats.com\/pt-pt\/tribunal-judiciaire-de-tulle-le-16-octobre-2025-n25-00031\/","url_meta":{"origin":665643,"position":3},"title":"Tribunal judiciaire de Tulle, le 16 octobre 2025, n\u00b025\/00031","author":"Kohen","date":"20 de Abril, 2026","format":false,"excerpt":"Le tribunal judiciaire de Tulle, statuant en la forme des contentieux de la protection, a rendu un jugement le 16 octobre 2025. Le bailleur demandait la r\u00e9si...","rel":"","context":"In &quot;Jurisprudence&quot;","block_context":{"text":"Jurisprudence","link":"https:\/\/kohenavocats.com\/category\/jurisprudence\/"},"img":{"alt_text":"","src":"https:\/\/i0.wp.com\/kohenavocats.com\/wp-content\/uploads\/2024\/11\/allison-saeng-HoeAHyJKj6o-unsplash.webp?resize=350%2C200&ssl=1","width":350,"height":200,"srcset":"https:\/\/i0.wp.com\/kohenavocats.com\/wp-content\/uploads\/2024\/11\/allison-saeng-HoeAHyJKj6o-unsplash.webp?resize=350%2C200&ssl=1 1x, https:\/\/i0.wp.com\/kohenavocats.com\/wp-content\/uploads\/2024\/11\/allison-saeng-HoeAHyJKj6o-unsplash.webp?resize=525%2C300&ssl=1 1.5x, https:\/\/i0.wp.com\/kohenavocats.com\/wp-content\/uploads\/2024\/11\/allison-saeng-HoeAHyJKj6o-unsplash.webp?resize=700%2C400&ssl=1 2x, https:\/\/i0.wp.com\/kohenavocats.com\/wp-content\/uploads\/2024\/11\/allison-saeng-HoeAHyJKj6o-unsplash.webp?resize=1050%2C600&ssl=1 3x, https:\/\/i0.wp.com\/kohenavocats.com\/wp-content\/uploads\/2024\/11\/allison-saeng-HoeAHyJKj6o-unsplash.webp?resize=1400%2C800&ssl=1 4x"},"classes":[]},{"id":669376,"url":"https:\/\/kohenavocats.com\/pt-pt\/tribunal-judiciaire-de-metz-le-12-mars-2026-n23-01162\/","url_meta":{"origin":665643,"position":4},"title":"Tribunal judiciaire de Metz, le 12 mars 2026, n\u00b023\/01162","author":"Kohen","date":"24 de Abril, 2026","format":false,"excerpt":"Le Tribunal judiciaire, P\u00f4le social, statuant le 12 mars 2026, a examin\u00e9 un litige relatif \u00e0 la prise en charge de soins apr\u00e8s consolidation suite \u00e0 un accid...","rel":"","context":"In &quot;Droit du travail&quot;","block_context":{"text":"Droit du travail","link":"https:\/\/kohenavocats.com\/category\/droit-du-travail\/"},"img":{"alt_text":"","src":"https:\/\/i0.wp.com\/kohenavocats.com\/wp-content\/uploads\/2024\/11\/laura-adai-483rEMrcau8-unsplash.webp?resize=350%2C200&ssl=1","width":350,"height":200,"srcset":"https:\/\/i0.wp.com\/kohenavocats.com\/wp-content\/uploads\/2024\/11\/laura-adai-483rEMrcau8-unsplash.webp?resize=350%2C200&ssl=1 1x, https:\/\/i0.wp.com\/kohenavocats.com\/wp-content\/uploads\/2024\/11\/laura-adai-483rEMrcau8-unsplash.webp?resize=525%2C300&ssl=1 1.5x, https:\/\/i0.wp.com\/kohenavocats.com\/wp-content\/uploads\/2024\/11\/laura-adai-483rEMrcau8-unsplash.webp?resize=700%2C400&ssl=1 2x, https:\/\/i0.wp.com\/kohenavocats.com\/wp-content\/uploads\/2024\/11\/laura-adai-483rEMrcau8-unsplash.webp?resize=1050%2C600&ssl=1 3x, https:\/\/i0.wp.com\/kohenavocats.com\/wp-content\/uploads\/2024\/11\/laura-adai-483rEMrcau8-unsplash.webp?resize=1400%2C800&ssl=1 4x"},"classes":[]}],"jetpack_sharing_enabled":true,"_links":{"self":[{"href":"https:\/\/kohenavocats.com\/pt-pt\/wp-json\/wp\/v2\/posts\/665643","targetHints":{"allow":["GET"]}}],"collection":[{"href":"https:\/\/kohenavocats.com\/pt-pt\/wp-json\/wp\/v2\/posts"}],"about":[{"href":"https:\/\/kohenavocats.com\/pt-pt\/wp-json\/wp\/v2\/types\/post"}],"author":[{"embeddable":true,"href":"https:\/\/kohenavocats.com\/pt-pt\/wp-json\/wp\/v2\/users\/232070755"}],"replies":[{"embeddable":true,"href":"https:\/\/kohenavocats.com\/pt-pt\/wp-json\/wp\/v2\/comments?post=665643"}],"version-history":[{"count":0,"href":"https:\/\/kohenavocats.com\/pt-pt\/wp-json\/wp\/v2\/posts\/665643\/revisions"}],"wp:featuredmedia":[{"embeddable":true,"href":"https:\/\/kohenavocats.com\/pt-pt\/wp-json\/wp\/v2\/media\/4721"}],"wp:attachment":[{"href":"https:\/\/kohenavocats.com\/pt-pt\/wp-json\/wp\/v2\/media?parent=665643"}],"wp:term":[{"taxonomy":"category","embeddable":true,"href":"https:\/\/kohenavocats.com\/pt-pt\/wp-json\/wp\/v2\/categories?post=665643"},{"taxonomy":"post_tag","embeddable":true,"href":"https:\/\/kohenavocats.com\/pt-pt\/wp-json\/wp\/v2\/tags?post=665643"}],"curies":[{"name":"wp","href":"https:\/\/api.w.org\/{rel}","templated":true}]}}