{"id":665717,"date":"2026-04-24T00:20:35","date_gmt":"2026-04-23T22:20:35","guid":{"rendered":"https:\/\/kohenavocats.com\/tribunal-judiciaire-de-bordeaux-le-17-janvier-2024-n24-00720\/"},"modified":"2026-04-24T00:20:35","modified_gmt":"2026-04-23T22:20:35","slug":"tribunal-judiciaire-de-bordeaux-le-17-janvier-2024-n24-00720","status":"publish","type":"post","link":"https:\/\/kohenavocats.com\/pt-pt\/tribunal-judiciaire-de-bordeaux-le-17-janvier-2024-n24-00720\/","title":{"rendered":"Tribunal judiciaire de Bordeaux, le 17 janvier 2024, n\u00b024\/00720"},"content":{"rendered":"<div class=\"article-content\">\n<p>Le Tribunal judiciaire de Bordeaux, statuant le 17 janvier 2024, examine un litige entre un ma\u00eetre d&#8217;ouvrage et son architecte. Le premier reproche au second un manquement \u00e0 son devoir de conseil ayant entra\u00een\u00e9 sa condamnation au paiement de sommes dues \u00e0 une entreprise. Le tribunal retient la responsabilit\u00e9 contractuelle de l&#8217;architecte mais limite la r\u00e9paration \u00e0 une perte de chance, fix\u00e9e \u00e0 cinquante pour cent du pr\u00e9judice subi.<\/p>\n<p>L&#8217;\u00e9tendue du devoir de conseil du ma\u00eetre d&#8217;\u0153uvre<br \/>\nLe devoir de conseil implique une vigilance active et continue. L&#8217;architecte doit non seulement contr\u00f4ler les documents techniques et financiers mais aussi en expliquer les cons\u00e9quences juridiques. En l&#8217;esp\u00e8ce, le ma\u00eetre d&#8217;\u0153uvre a partiellement satisfait \u00e0 cette obligation par ses v\u00e9rifications et ses transmissions d&#8217;informations. Il a corrig\u00e9 les d\u00e9comptes, organis\u00e9 une r\u00e9union contradictoire et explicit\u00e9 les motifs de ses retenues au ma\u00eetre d&#8217;ouvrage. Ces actions d\u00e9montrent un contr\u00f4le technique conforme aux stipulations contractuelles et \u00e0 la norme NFP 03-001. N\u00e9anmoins, cette diligence technique ne suffit pas \u00e0 exon\u00e9rer totalement sa responsabilit\u00e9. La mission de direction de l&#8217;ex\u00e9cution comporte une dimension juridique essentielle que le professionnel ne peut ignorer. Il lui incombe d&#8217;\u00e9clairer pleinement son client sur les risques encourus.<\/p>\n<p>Le manquement r\u00e9side dans l&#8217;absence d&#8217;alerte sur un d\u00e9lai critique. L&#8217;architecte a omis d&#8217;informer le ma\u00eetre d&#8217;ouvrage du d\u00e9lai de trente jours pour contester les observations de l&#8217;entreprise. &#8220;En n&#8217;alertant pas le ma\u00eetre d&#8217;ouvrage sur le caract\u00e8re d\u00e9finitif que rev\u00eatiraient les projets de d\u00e9comptes g\u00e9n\u00e9raux d\u00e9finitifs faute d&#8217;observations de sa part, la SARL ATELIER CAMBIUM a manqu\u00e9 \u00e0 son obligation de conseil&#8221; (Motifs). Ce manquement est distinct de l&#8217;obligation de contr\u00f4le et en constitue le prolongement n\u00e9cessaire. Il rappelle que le devoir de conseil en droit de la construction impose une information claire sur les \u00e9ch\u00e9ances proc\u00e9durales. Cette jurisprudence rejoint la solution selon laquelle l&#8217;entrepreneur doit &#8220;attirer l&#8217;attention du ma\u00eetre d&#8217;ouvrage sur la n\u00e9cessit\u00e9 du d\u00e9p\u00f4t de demandes des diverses autorisations administratives&#8221; (Cour d&#8217;appel de Paris, le 20 f\u00e9vrier 2023, n\u00b021\/12407). L&#8217;obligation p\u00e8se sur tout professionnel de guider son client dans les aspects administratifs et juridiques du chantier.<\/p>\n<p>La r\u00e9paration limit\u00e9e \u00e0 la perte de chance<br \/>\nLe pr\u00e9judice d\u00e9coulant du manquement est une perte de chance. Le ma\u00eetre d&#8217;ouvrage a \u00e9t\u00e9 priv\u00e9 de la possibilit\u00e9 de contester valablement les d\u00e9comptes dans le d\u00e9lai l\u00e9gal. Le tribunal \u00e9carte la demande de garantie int\u00e9grale des condamnations subies. Il estime que le client disposait des \u00e9l\u00e9ments n\u00e9cessaires pour agir malgr\u00e9 l&#8217;absence d&#8217;alerte formelle. &#8220;Le fait pour le ma\u00eetre d&#8217;\u0153uvre de ne pas attirer son attention sur le d\u00e9lai de 30 jours pour le faire alors que cela ne l&#8217;emp\u00eachait pas totalement d&#8217;y r\u00e9pondre, lui a seulement fait perdre une chance de les contester&#8221; (Motifs). Cette analyse distingue la cause exclusive du pr\u00e9judice d&#8217;une simple contribution \u00e0 sa r\u00e9alisation. Elle conduit \u00e0 une indemnisation proportionnelle et non \u00e0 une r\u00e9paration int\u00e9grale, pr\u00e9servant ainsi la responsabilit\u00e9 pour faute du ma\u00eetre d&#8217;ouvrage lui-m\u00eame.<\/p>\n<p>L&#8217;\u00e9valuation \u00e0 cinquante pour cent consacre une appr\u00e9ciation souveraine des juges du fond. Le tribunal proc\u00e8de \u00e0 une estimation in concreto sans m\u00e9thodologie arithm\u00e9tique pr\u00e9cise. Il pond\u00e8re la gravit\u00e9 du manquement professionnel avec la diligence que le ma\u00eetre d&#8217;ouvrage aurait pu manifester. Cette solution pragmatique \u00e9vite de transformer le devoir de conseil en une obligation de r\u00e9sultat concernant les d\u00e9lais proc\u00e9duraux. Elle rappelle que la garantie due par le ma\u00eetre d&#8217;\u0153uvre n&#8217;est pas automatiquement totale. &#8220;La responsabilit\u00e9 contractuelle de l&#8217;architecte est engag\u00e9e en cas de manquement commis dans le cadre de sa mission&#8221; (Motifs, se r\u00e9f\u00e9rant \u00e0 un arr\u00eat de la troisi\u00e8me chambre civile). Le lien de causalit\u00e9 entre la faute et le pr\u00e9judice final reste soumis \u00e0 une appr\u00e9ciation stricte, limitant l&#8217;indemnisation \u00e0 la perte de chance effective.<\/p>\n<\/div>\n","protected":false},"excerpt":{"rendered":"<p>Le Tribunal judiciaire de Bordeaux, statuant le 17 janvier 2024, examine un litige entre un ma\u00eetre d&#8217;ouvrage et son architecte. Le premier reproche au second&#8230;<\/p>\n","protected":false},"author":232070755,"featured_media":9620,"comment_status":"open","ping_status":"open","sticky":false,"template":"","format":"standard","meta":{"_crdt_document":"","_jetpack_newsletter_access":"","_jetpack_dont_email_post_to_subs":false,"_jetpack_newsletter_tier_id":0,"_jetpack_memberships_contains_paywalled_content":false,"_kj_source_type":"judilibre","_kj_official_id":"68daca90763c15057e56a6a8","_kj_official_url":"https:\/\/www.courdecassation.fr\/decision\/68daca90763c15057e56a6a8","_kj_judilibre_id":"68daca90763c15057e56a6a8","_kj_jur":"Tribunal judiciaire","_kj_lieu":"Tribunal judiciaire de Bordeaux","_kj_chambre":"7\u00e8me CHAMBRE CIVILE","_kj_rg":"24\/00720","_kj_date":"2025-09-24","_jetpack_memberships_contains_paid_content":false,"footnotes":"","jetpack_post_was_ever_published":false},"categories":[7597],"tags":[],"class_list":["post-665717","post","type-post","status-publish","format-standard","has-post-thumbnail","hentry","category-jurisprudence"],"yoast_head":"<!-- This site is optimized with the Yoast SEO Premium plugin v27.5 (Yoast SEO v27.5) - https:\/\/yoast.com\/product\/yoast-seo-premium-wordpress\/ -->\n<title>Tribunal judiciaire de Bordeaux, le 17 janvier 2024, n\u00b024\/00720 - Ma\u00eetre Hassan Kohen, avocat en droit p\u00e9nal \u00e0 Paris<\/title>\n<meta name=\"description\" content=\"Le Tribunal judiciaire de Bordeaux, statuant le 17 janvier 2024, examine un litige entre un ma\u00eetre d&#039;ouvrage et son architecte. Le premier reproche au second...\" \/>\n<meta name=\"robots\" content=\"index, follow, max-snippet:-1, max-image-preview:large, max-video-preview:-1\" \/>\n<link rel=\"canonical\" href=\"https:\/\/kohenavocats.com\/pt-pt\/tribunal-judiciaire-de-bordeaux-le-17-janvier-2024-n24-00720\/\" \/>\n<meta property=\"og:locale\" content=\"pt_PT\" \/>\n<meta property=\"og:type\" content=\"article\" \/>\n<meta property=\"og:title\" content=\"Tribunal judiciaire de Bordeaux, le 17 janvier 2024, n\u00b024\/00720\" \/>\n<meta property=\"og:description\" content=\"Le Tribunal judiciaire de Bordeaux, statuant le 17 janvier 2024, examine un litige entre un ma\u00eetre d&#039;ouvrage et son architecte. Le premier reproche au second...\" \/>\n<meta property=\"og:url\" content=\"https:\/\/kohenavocats.com\/pt-pt\/tribunal-judiciaire-de-bordeaux-le-17-janvier-2024-n24-00720\/\" \/>\n<meta property=\"og:site_name\" content=\"Ma\u00eetre Hassan Kohen, avocat en droit p\u00e9nal \u00e0 Paris\" \/>\n<meta property=\"article:published_time\" content=\"2026-04-23T22:20:35+00:00\" \/>\n<meta property=\"og:image\" content=\"https:\/\/kohenavocats.com\/wp-content\/uploads\/2024\/11\/chris-barbalis-r4ytn1RdQas-unsplash.webp\" \/>\n\t<meta property=\"og:image:width\" content=\"2994\" \/>\n\t<meta property=\"og:image:height\" content=\"3919\" \/>\n\t<meta property=\"og:image:type\" content=\"image\/webp\" \/>\n<meta name=\"author\" content=\"Kohen\" \/>\n<meta name=\"twitter:card\" content=\"summary_large_image\" \/>\n<meta name=\"twitter:label1\" content=\"Escrito por\" \/>\n\t<meta name=\"twitter:data1\" content=\"Kohen\" \/>\n\t<meta name=\"twitter:label2\" content=\"Tempo estimado de leitura\" \/>\n\t<meta name=\"twitter:data2\" content=\"3 minutos\" \/>\n<script type=\"application\/ld+json\" class=\"yoast-schema-graph\">{\"@context\":\"https:\\\/\\\/schema.org\",\"@graph\":[{\"@type\":\"Article\",\"@id\":\"https:\\\/\\\/kohenavocats.com\\\/pt-pt\\\/tribunal-judiciaire-de-bordeaux-le-17-janvier-2024-n24-00720\\\/#article\",\"isPartOf\":{\"@id\":\"https:\\\/\\\/kohenavocats.com\\\/pt-pt\\\/tribunal-judiciaire-de-bordeaux-le-17-janvier-2024-n24-00720\\\/\"},\"author\":{\"name\":\"Kohen\",\"@id\":\"https:\\\/\\\/kohenavocats.com\\\/pt-pt\\\/#\\\/schema\\\/person\\\/761c9ba54fa1ca84d405cef0831ff751\"},\"headline\":\"Tribunal judiciaire de Bordeaux, le 17 janvier 2024, n\u00b024\\\/00720\",\"datePublished\":\"2026-04-23T22:20:35+00:00\",\"mainEntityOfPage\":{\"@id\":\"https:\\\/\\\/kohenavocats.com\\\/pt-pt\\\/tribunal-judiciaire-de-bordeaux-le-17-janvier-2024-n24-00720\\\/\"},\"wordCount\":719,\"commentCount\":0,\"publisher\":{\"@id\":\"https:\\\/\\\/kohenavocats.com\\\/pt-pt\\\/#organization\"},\"image\":{\"@id\":\"https:\\\/\\\/kohenavocats.com\\\/pt-pt\\\/tribunal-judiciaire-de-bordeaux-le-17-janvier-2024-n24-00720\\\/#primaryimage\"},\"thumbnailUrl\":\"https:\\\/\\\/kohenavocats.com\\\/wp-content\\\/uploads\\\/2024\\\/11\\\/chris-barbalis-r4ytn1RdQas-unsplash.webp\",\"articleSection\":[\"Jurisprudence\"],\"inLanguage\":\"pt-PT\",\"potentialAction\":[{\"@type\":\"CommentAction\",\"name\":\"Comment\",\"target\":[\"https:\\\/\\\/kohenavocats.com\\\/pt-pt\\\/tribunal-judiciaire-de-bordeaux-le-17-janvier-2024-n24-00720\\\/#respond\"]}],\"citation\":\"Tribunal judiciaire de Bordeaux, le 17 janvier 2024, n\u00b024\\\/00720\",\"about\":[{\"@type\":\"Thing\",\"name\":\"Jurisprudence\"}],\"dateModified\":\"2026-04-23T22:20:35+00:00\",\"speakable\":{\"@type\":\"SpeakableSpecification\",\"cssSelector\":[\".article-content > p:first-of-type\"]}},{\"@type\":\"WebPage\",\"@id\":\"https:\\\/\\\/kohenavocats.com\\\/pt-pt\\\/tribunal-judiciaire-de-bordeaux-le-17-janvier-2024-n24-00720\\\/\",\"url\":\"https:\\\/\\\/kohenavocats.com\\\/pt-pt\\\/tribunal-judiciaire-de-bordeaux-le-17-janvier-2024-n24-00720\\\/\",\"name\":\"Tribunal judiciaire de Bordeaux, le 17 janvier 2024, n\u00b024\\\/00720 - Ma\u00eetre Hassan Kohen, avocat en droit p\u00e9nal \u00e0 Paris\",\"isPartOf\":{\"@id\":\"https:\\\/\\\/kohenavocats.com\\\/pt-pt\\\/#website\"},\"primaryImageOfPage\":{\"@id\":\"https:\\\/\\\/kohenavocats.com\\\/pt-pt\\\/tribunal-judiciaire-de-bordeaux-le-17-janvier-2024-n24-00720\\\/#primaryimage\"},\"image\":{\"@id\":\"https:\\\/\\\/kohenavocats.com\\\/pt-pt\\\/tribunal-judiciaire-de-bordeaux-le-17-janvier-2024-n24-00720\\\/#primaryimage\"},\"thumbnailUrl\":\"https:\\\/\\\/kohenavocats.com\\\/wp-content\\\/uploads\\\/2024\\\/11\\\/chris-barbalis-r4ytn1RdQas-unsplash.webp\",\"datePublished\":\"2026-04-23T22:20:35+00:00\",\"description\":\"Le Tribunal judiciaire de Bordeaux, statuant le 17 janvier 2024, examine un litige entre un ma\u00eetre d'ouvrage et son architecte. Le premier reproche au second...\",\"breadcrumb\":{\"@id\":\"https:\\\/\\\/kohenavocats.com\\\/pt-pt\\\/tribunal-judiciaire-de-bordeaux-le-17-janvier-2024-n24-00720\\\/#breadcrumb\"},\"inLanguage\":\"pt-PT\",\"potentialAction\":[{\"@type\":\"ReadAction\",\"target\":[\"https:\\\/\\\/kohenavocats.com\\\/pt-pt\\\/tribunal-judiciaire-de-bordeaux-le-17-janvier-2024-n24-00720\\\/\"]}]},{\"@type\":\"ImageObject\",\"inLanguage\":\"pt-PT\",\"@id\":\"https:\\\/\\\/kohenavocats.com\\\/pt-pt\\\/tribunal-judiciaire-de-bordeaux-le-17-janvier-2024-n24-00720\\\/#primaryimage\",\"url\":\"https:\\\/\\\/kohenavocats.com\\\/wp-content\\\/uploads\\\/2024\\\/11\\\/chris-barbalis-r4ytn1RdQas-unsplash.webp\",\"contentUrl\":\"https:\\\/\\\/kohenavocats.com\\\/wp-content\\\/uploads\\\/2024\\\/11\\\/chris-barbalis-r4ytn1RdQas-unsplash.webp\",\"width\":2994,\"height\":3919},{\"@type\":\"BreadcrumbList\",\"@id\":\"https:\\\/\\\/kohenavocats.com\\\/pt-pt\\\/tribunal-judiciaire-de-bordeaux-le-17-janvier-2024-n24-00720\\\/#breadcrumb\",\"itemListElement\":[{\"@type\":\"ListItem\",\"position\":1,\"name\":\"Home\",\"item\":\"https:\\\/\\\/kohenavocats.com\\\/pt-pt\\\/avocats-en-droit-penal-a-paris-conseil-et-defense-strategique\\\/\"},{\"@type\":\"ListItem\",\"position\":2,\"name\":\"Tribunal judiciaire de Bordeaux, le 17 janvier 2024, n\u00b024\\\/00720\"}]},{\"@type\":\"WebSite\",\"@id\":\"https:\\\/\\\/kohenavocats.com\\\/pt-pt\\\/#website\",\"url\":\"https:\\\/\\\/kohenavocats.com\\\/pt-pt\\\/\",\"name\":\"Kohen Avocats\",\"description\":\"Ma\u00eetre Hassan Kohen, avocat p\u00e9naliste \u00e0 Paris, intervient exclusivement en droit p\u00e9nal pour la d\u00e9fense des particuliers, notamment en mati\u00e8re d\u2019accusations de viol. Il assure un accompagnement rigoureux d\u00e8s la garde \u00e0 vue jusqu\u2019\u00e0 la Cour d\u2019assises, veillant au strict respect des garanties proc\u00e9durales.\",\"publisher\":{\"@id\":\"https:\\\/\\\/kohenavocats.com\\\/pt-pt\\\/#organization\"},\"potentialAction\":[{\"@type\":\"SearchAction\",\"target\":{\"@type\":\"EntryPoint\",\"urlTemplate\":\"https:\\\/\\\/kohenavocats.com\\\/pt-pt\\\/?s={search_term_string}\"},\"query-input\":{\"@type\":\"PropertyValueSpecification\",\"valueRequired\":true,\"valueName\":\"search_term_string\"}}],\"inLanguage\":\"pt-PT\"},{\"@type\":\"Organization\",\"@id\":\"https:\\\/\\\/kohenavocats.com\\\/pt-pt\\\/#organization\",\"name\":\"Kohen Avocats\",\"url\":\"https:\\\/\\\/kohenavocats.com\\\/pt-pt\\\/\",\"logo\":{\"@type\":\"ImageObject\",\"inLanguage\":\"pt-PT\",\"@id\":\"https:\\\/\\\/kohenavocats.com\\\/pt-pt\\\/#\\\/schema\\\/logo\\\/image\\\/\",\"url\":\"https:\\\/\\\/kohenavocats.com\\\/wp-content\\\/uploads\\\/2026\\\/01\\\/Logo-2-1.webp\",\"contentUrl\":\"https:\\\/\\\/kohenavocats.com\\\/wp-content\\\/uploads\\\/2026\\\/01\\\/Logo-2-1.webp\",\"width\":2114,\"height\":1253,\"caption\":\"Kohen Avocats\"},\"image\":{\"@id\":\"https:\\\/\\\/kohenavocats.com\\\/pt-pt\\\/#\\\/schema\\\/logo\\\/image\\\/\"}},{\"@type\":\"Person\",\"@id\":\"https:\\\/\\\/kohenavocats.com\\\/pt-pt\\\/#\\\/schema\\\/person\\\/761c9ba54fa1ca84d405cef0831ff751\",\"name\":\"Kohen\",\"image\":{\"@type\":\"ImageObject\",\"inLanguage\":\"pt-PT\",\"@id\":\"https:\\\/\\\/secure.gravatar.com\\\/avatar\\\/1c5e76ef76bbbfdd2b4da984e2bf2fa4056fd51a27d25ce2c332047f1dfd6e00?s=96&d=identicon&r=g\",\"url\":\"https:\\\/\\\/secure.gravatar.com\\\/avatar\\\/1c5e76ef76bbbfdd2b4da984e2bf2fa4056fd51a27d25ce2c332047f1dfd6e00?s=96&d=identicon&r=g\",\"contentUrl\":\"https:\\\/\\\/secure.gravatar.com\\\/avatar\\\/1c5e76ef76bbbfdd2b4da984e2bf2fa4056fd51a27d25ce2c332047f1dfd6e00?s=96&d=identicon&r=g\",\"caption\":\"Kohen\"},\"sameAs\":[\"https:\\\/\\\/www.linkedin.com\\\/in\\\/hassan-kohen-448548192\\\/\",\"https:\\\/\\\/www.youtube.com\\\/@Kohen-Avocats\"],\"url\":\"https:\\\/\\\/kohenavocats.com\\\/pt-pt\\\/author\\\/kohenmlk\\\/\"}]}<\/script>\n<!-- \/ Yoast SEO Premium plugin. -->","yoast_head_json":{"title":"Tribunal judiciaire de Bordeaux, le 17 janvier 2024, n\u00b024\/00720 - Ma\u00eetre Hassan Kohen, avocat en droit p\u00e9nal \u00e0 Paris","description":"Le Tribunal judiciaire de Bordeaux, statuant le 17 janvier 2024, examine un litige entre un ma\u00eetre d'ouvrage et son architecte. Le premier reproche au second...","robots":{"index":"index","follow":"follow","max-snippet":"max-snippet:-1","max-image-preview":"max-image-preview:large","max-video-preview":"max-video-preview:-1"},"canonical":"https:\/\/kohenavocats.com\/pt-pt\/tribunal-judiciaire-de-bordeaux-le-17-janvier-2024-n24-00720\/","og_locale":"pt_PT","og_type":"article","og_title":"Tribunal judiciaire de Bordeaux, le 17 janvier 2024, n\u00b024\/00720","og_description":"Le Tribunal judiciaire de Bordeaux, statuant le 17 janvier 2024, examine un litige entre un ma\u00eetre d'ouvrage et son architecte. Le premier reproche au second...","og_url":"https:\/\/kohenavocats.com\/pt-pt\/tribunal-judiciaire-de-bordeaux-le-17-janvier-2024-n24-00720\/","og_site_name":"Ma\u00eetre Hassan Kohen, avocat en droit p\u00e9nal \u00e0 Paris","article_published_time":"2026-04-23T22:20:35+00:00","og_image":[{"width":2994,"height":3919,"url":"https:\/\/kohenavocats.com\/wp-content\/uploads\/2024\/11\/chris-barbalis-r4ytn1RdQas-unsplash.webp","type":"image\/webp"}],"author":"Kohen","twitter_card":"summary_large_image","twitter_misc":{"Escrito por":"Kohen","Tempo estimado de leitura":"3 minutos"},"schema":{"@context":"https:\/\/schema.org","@graph":[{"@type":"Article","@id":"https:\/\/kohenavocats.com\/pt-pt\/tribunal-judiciaire-de-bordeaux-le-17-janvier-2024-n24-00720\/#article","isPartOf":{"@id":"https:\/\/kohenavocats.com\/pt-pt\/tribunal-judiciaire-de-bordeaux-le-17-janvier-2024-n24-00720\/"},"author":{"name":"Kohen","@id":"https:\/\/kohenavocats.com\/pt-pt\/#\/schema\/person\/761c9ba54fa1ca84d405cef0831ff751"},"headline":"Tribunal judiciaire de Bordeaux, le 17 janvier 2024, n\u00b024\/00720","datePublished":"2026-04-23T22:20:35+00:00","mainEntityOfPage":{"@id":"https:\/\/kohenavocats.com\/pt-pt\/tribunal-judiciaire-de-bordeaux-le-17-janvier-2024-n24-00720\/"},"wordCount":719,"commentCount":0,"publisher":{"@id":"https:\/\/kohenavocats.com\/pt-pt\/#organization"},"image":{"@id":"https:\/\/kohenavocats.com\/pt-pt\/tribunal-judiciaire-de-bordeaux-le-17-janvier-2024-n24-00720\/#primaryimage"},"thumbnailUrl":"https:\/\/kohenavocats.com\/wp-content\/uploads\/2024\/11\/chris-barbalis-r4ytn1RdQas-unsplash.webp","articleSection":["Jurisprudence"],"inLanguage":"pt-PT","potentialAction":[{"@type":"CommentAction","name":"Comment","target":["https:\/\/kohenavocats.com\/pt-pt\/tribunal-judiciaire-de-bordeaux-le-17-janvier-2024-n24-00720\/#respond"]}],"citation":"Tribunal judiciaire de Bordeaux, le 17 janvier 2024, n\u00b024\/00720","about":[{"@type":"Thing","name":"Jurisprudence"}],"dateModified":"2026-04-23T22:20:35+00:00","speakable":{"@type":"SpeakableSpecification","cssSelector":[".article-content > p:first-of-type"]}},{"@type":"WebPage","@id":"https:\/\/kohenavocats.com\/pt-pt\/tribunal-judiciaire-de-bordeaux-le-17-janvier-2024-n24-00720\/","url":"https:\/\/kohenavocats.com\/pt-pt\/tribunal-judiciaire-de-bordeaux-le-17-janvier-2024-n24-00720\/","name":"Tribunal judiciaire de Bordeaux, le 17 janvier 2024, n\u00b024\/00720 - Ma\u00eetre Hassan Kohen, avocat en droit p\u00e9nal \u00e0 Paris","isPartOf":{"@id":"https:\/\/kohenavocats.com\/pt-pt\/#website"},"primaryImageOfPage":{"@id":"https:\/\/kohenavocats.com\/pt-pt\/tribunal-judiciaire-de-bordeaux-le-17-janvier-2024-n24-00720\/#primaryimage"},"image":{"@id":"https:\/\/kohenavocats.com\/pt-pt\/tribunal-judiciaire-de-bordeaux-le-17-janvier-2024-n24-00720\/#primaryimage"},"thumbnailUrl":"https:\/\/kohenavocats.com\/wp-content\/uploads\/2024\/11\/chris-barbalis-r4ytn1RdQas-unsplash.webp","datePublished":"2026-04-23T22:20:35+00:00","description":"Le Tribunal judiciaire de Bordeaux, statuant le 17 janvier 2024, examine un litige entre un ma\u00eetre d'ouvrage et son architecte. Le premier reproche au second...","breadcrumb":{"@id":"https:\/\/kohenavocats.com\/pt-pt\/tribunal-judiciaire-de-bordeaux-le-17-janvier-2024-n24-00720\/#breadcrumb"},"inLanguage":"pt-PT","potentialAction":[{"@type":"ReadAction","target":["https:\/\/kohenavocats.com\/pt-pt\/tribunal-judiciaire-de-bordeaux-le-17-janvier-2024-n24-00720\/"]}]},{"@type":"ImageObject","inLanguage":"pt-PT","@id":"https:\/\/kohenavocats.com\/pt-pt\/tribunal-judiciaire-de-bordeaux-le-17-janvier-2024-n24-00720\/#primaryimage","url":"https:\/\/kohenavocats.com\/wp-content\/uploads\/2024\/11\/chris-barbalis-r4ytn1RdQas-unsplash.webp","contentUrl":"https:\/\/kohenavocats.com\/wp-content\/uploads\/2024\/11\/chris-barbalis-r4ytn1RdQas-unsplash.webp","width":2994,"height":3919},{"@type":"BreadcrumbList","@id":"https:\/\/kohenavocats.com\/pt-pt\/tribunal-judiciaire-de-bordeaux-le-17-janvier-2024-n24-00720\/#breadcrumb","itemListElement":[{"@type":"ListItem","position":1,"name":"Home","item":"https:\/\/kohenavocats.com\/pt-pt\/avocats-en-droit-penal-a-paris-conseil-et-defense-strategique\/"},{"@type":"ListItem","position":2,"name":"Tribunal judiciaire de Bordeaux, le 17 janvier 2024, n\u00b024\/00720"}]},{"@type":"WebSite","@id":"https:\/\/kohenavocats.com\/pt-pt\/#website","url":"https:\/\/kohenavocats.com\/pt-pt\/","name":"Kohen Avocats","description":"Ma\u00eetre Hassan Kohen, avocat p\u00e9naliste \u00e0 Paris, intervient exclusivement en droit p\u00e9nal pour la d\u00e9fense des particuliers, notamment en mati\u00e8re d\u2019accusations de viol. Il assure un accompagnement rigoureux d\u00e8s la garde \u00e0 vue jusqu\u2019\u00e0 la Cour d\u2019assises, veillant au strict respect des garanties proc\u00e9durales.","publisher":{"@id":"https:\/\/kohenavocats.com\/pt-pt\/#organization"},"potentialAction":[{"@type":"SearchAction","target":{"@type":"EntryPoint","urlTemplate":"https:\/\/kohenavocats.com\/pt-pt\/?s={search_term_string}"},"query-input":{"@type":"PropertyValueSpecification","valueRequired":true,"valueName":"search_term_string"}}],"inLanguage":"pt-PT"},{"@type":"Organization","@id":"https:\/\/kohenavocats.com\/pt-pt\/#organization","name":"Kohen Avocats","url":"https:\/\/kohenavocats.com\/pt-pt\/","logo":{"@type":"ImageObject","inLanguage":"pt-PT","@id":"https:\/\/kohenavocats.com\/pt-pt\/#\/schema\/logo\/image\/","url":"https:\/\/kohenavocats.com\/wp-content\/uploads\/2026\/01\/Logo-2-1.webp","contentUrl":"https:\/\/kohenavocats.com\/wp-content\/uploads\/2026\/01\/Logo-2-1.webp","width":2114,"height":1253,"caption":"Kohen Avocats"},"image":{"@id":"https:\/\/kohenavocats.com\/pt-pt\/#\/schema\/logo\/image\/"}},{"@type":"Person","@id":"https:\/\/kohenavocats.com\/pt-pt\/#\/schema\/person\/761c9ba54fa1ca84d405cef0831ff751","name":"Kohen","image":{"@type":"ImageObject","inLanguage":"pt-PT","@id":"https:\/\/secure.gravatar.com\/avatar\/1c5e76ef76bbbfdd2b4da984e2bf2fa4056fd51a27d25ce2c332047f1dfd6e00?s=96&d=identicon&r=g","url":"https:\/\/secure.gravatar.com\/avatar\/1c5e76ef76bbbfdd2b4da984e2bf2fa4056fd51a27d25ce2c332047f1dfd6e00?s=96&d=identicon&r=g","contentUrl":"https:\/\/secure.gravatar.com\/avatar\/1c5e76ef76bbbfdd2b4da984e2bf2fa4056fd51a27d25ce2c332047f1dfd6e00?s=96&d=identicon&r=g","caption":"Kohen"},"sameAs":["https:\/\/www.linkedin.com\/in\/hassan-kohen-448548192\/","https:\/\/www.youtube.com\/@Kohen-Avocats"],"url":"https:\/\/kohenavocats.com\/pt-pt\/author\/kohenmlk\/"}]}},"jetpack_featured_media_url":"https:\/\/kohenavocats.com\/wp-content\/uploads\/2024\/11\/chris-barbalis-r4ytn1RdQas-unsplash.webp","jetpack_likes_enabled":false,"jetpack_shortlink":"https:\/\/wp.me\/peCrII-2Nbn","jetpack-related-posts":[{"id":605732,"url":"https:\/\/kohenavocats.com\/pt-pt\/cour-dappel-de-bordeaux-le-19-juin-2024-n24-00901\/","url_meta":{"origin":665717,"position":0},"title":"Cour d&#8217;appel de Bordeaux, le 19 juin 2024, n\u00b024\/00901","author":"Kohen","date":"19 de Abril, 2026","format":false,"excerpt":"La cour d'appel de Bordeaux, statuant en mati\u00e8re civile, a rendu un arr\u00eat le 19 juin 2024. Cette d\u00e9cision intervient dans un litige complexe opposant le ma\u00eet...","rel":"","context":"In &quot;Jurisprudence&quot;","block_context":{"text":"Jurisprudence","link":"https:\/\/kohenavocats.com\/category\/jurisprudence\/"},"img":{"alt_text":"","src":"https:\/\/i0.wp.com\/kohenavocats.com\/wp-content\/uploads\/2024\/08\/eddie-junior-foXddRnxfc-unsplash.webp?resize=350%2C200&ssl=1","width":350,"height":200,"srcset":"https:\/\/i0.wp.com\/kohenavocats.com\/wp-content\/uploads\/2024\/08\/eddie-junior-foXddRnxfc-unsplash.webp?resize=350%2C200&ssl=1 1x, https:\/\/i0.wp.com\/kohenavocats.com\/wp-content\/uploads\/2024\/08\/eddie-junior-foXddRnxfc-unsplash.webp?resize=525%2C300&ssl=1 1.5x, https:\/\/i0.wp.com\/kohenavocats.com\/wp-content\/uploads\/2024\/08\/eddie-junior-foXddRnxfc-unsplash.webp?resize=700%2C400&ssl=1 2x, https:\/\/i0.wp.com\/kohenavocats.com\/wp-content\/uploads\/2024\/08\/eddie-junior-foXddRnxfc-unsplash.webp?resize=1050%2C600&ssl=1 3x, https:\/\/i0.wp.com\/kohenavocats.com\/wp-content\/uploads\/2024\/08\/eddie-junior-foXddRnxfc-unsplash.webp?resize=1400%2C800&ssl=1 4x"},"classes":[]},{"id":84291,"url":"https:\/\/kohenavocats.com\/pt-pt\/tribunal-judiciaire-de-bordeaux-le-13-juin-2025-n23-06378\/","url_meta":{"origin":665717,"position":1},"title":"Tribunal judiciaire de Bordeaux, le 13 juin 2025, n\u00b023\/06378","author":"Kohen","date":"10 de Novembro, 2025","format":false,"excerpt":"Tribunal judiciaire de Bordeaux, 13 juin 2025, 7e chambre civile (RG 23\/06378). Un ma\u00eetre d\u2019ouvrage a confi\u00e9 la r\u00e9alisation d\u2019une piscine \u00e0 un entrepreneur. La r\u00e9ception est intervenue avec r\u00e9serves, l\u2019alarme n\u2019\u00e9tant pas pos\u00e9e. Rapidement, des coupures sont apparues lors de l\u2019usage, tandis que l\u2019alarme, ensuite install\u00e9e, s\u2019est r\u00e9v\u00e9l\u00e9e d\u00e9faillante.\u2026","rel":"","context":"In &quot;Travaux Parlementaires&quot;","block_context":{"text":"Travaux Parlementaires","link":"https:\/\/kohenavocats.com\/category\/travaux-parlementaires\/"},"img":{"alt_text":"","src":"https:\/\/i0.wp.com\/kohenavocats.com\/wp-content\/uploads\/2024\/11\/steve-johnson-O6vuhf4ID2w-unsplash.webp?resize=350%2C200&ssl=1","width":350,"height":200,"srcset":"https:\/\/i0.wp.com\/kohenavocats.com\/wp-content\/uploads\/2024\/11\/steve-johnson-O6vuhf4ID2w-unsplash.webp?resize=350%2C200&ssl=1 1x, https:\/\/i0.wp.com\/kohenavocats.com\/wp-content\/uploads\/2024\/11\/steve-johnson-O6vuhf4ID2w-unsplash.webp?resize=525%2C300&ssl=1 1.5x, https:\/\/i0.wp.com\/kohenavocats.com\/wp-content\/uploads\/2024\/11\/steve-johnson-O6vuhf4ID2w-unsplash.webp?resize=700%2C400&ssl=1 2x, https:\/\/i0.wp.com\/kohenavocats.com\/wp-content\/uploads\/2024\/11\/steve-johnson-O6vuhf4ID2w-unsplash.webp?resize=1050%2C600&ssl=1 3x, https:\/\/i0.wp.com\/kohenavocats.com\/wp-content\/uploads\/2024\/11\/steve-johnson-O6vuhf4ID2w-unsplash.webp?resize=1400%2C800&ssl=1 4x"},"classes":[]},{"id":74529,"url":"https:\/\/kohenavocats.com\/pt-pt\/cour-dappel-de-montpellier-le-11-septembre-2025-n24-01033\/","url_meta":{"origin":665717,"position":2},"title":"Cour d&#8217;appel de Montpellier, le 11 septembre 2025, n\u00b024\/01033","author":"Kohen","date":"9 de Novembro, 2025","format":false,"excerpt":"Par un arr\u00eat rendu le 11 septembre 2025, la Cour d\u2019appel de Montpellier (4e chambre civile) infirme le jugement du tribunal judiciaire de Perpignan du 22 d\u00e9cembre 2023. Le litige porte sur la responsabilit\u00e9 d\u2019un architecte, puis d\u2019un cabinet de ma\u00eetrise d\u2019\u0153uvre, \u00e0 propos d\u2019un projet d\u00e9clar\u00e9 comme hangar agricole\u2026","rel":"","context":"In &quot;Cour d'appel&quot;","block_context":{"text":"Cour d'appel","link":"https:\/\/kohenavocats.com\/category\/cour-dappel\/"},"img":{"alt_text":"","src":"https:\/\/i0.wp.com\/kohenavocats.com\/wp-content\/uploads\/2024\/08\/stephanie-leblanc-h5RH0srRrwY-unsplash.webp?resize=350%2C200&ssl=1","width":350,"height":200,"srcset":"https:\/\/i0.wp.com\/kohenavocats.com\/wp-content\/uploads\/2024\/08\/stephanie-leblanc-h5RH0srRrwY-unsplash.webp?resize=350%2C200&ssl=1 1x, https:\/\/i0.wp.com\/kohenavocats.com\/wp-content\/uploads\/2024\/08\/stephanie-leblanc-h5RH0srRrwY-unsplash.webp?resize=525%2C300&ssl=1 1.5x, https:\/\/i0.wp.com\/kohenavocats.com\/wp-content\/uploads\/2024\/08\/stephanie-leblanc-h5RH0srRrwY-unsplash.webp?resize=700%2C400&ssl=1 2x, https:\/\/i0.wp.com\/kohenavocats.com\/wp-content\/uploads\/2024\/08\/stephanie-leblanc-h5RH0srRrwY-unsplash.webp?resize=1050%2C600&ssl=1 3x, https:\/\/i0.wp.com\/kohenavocats.com\/wp-content\/uploads\/2024\/08\/stephanie-leblanc-h5RH0srRrwY-unsplash.webp?resize=1400%2C800&ssl=1 4x"},"classes":[]},{"id":439401,"url":"https:\/\/kohenavocats.com\/pt-pt\/cour-dappel-de-toulouse-le-4-mars-2026-n23-00187\/","url_meta":{"origin":665717,"position":3},"title":"Cour d&#8217;appel de Toulouse, le 4 mars 2026, n\u00b023\/00187","author":"Kohen","date":"26 de Mar\u00e7o, 2026","format":false,"excerpt":"L\u2019arr\u00eat rendu par la Cour d\u2019appel de Toulouse le 4 mars 2026 statue sur la responsabilit\u00e9 contractuelle d\u2019un architecte et sur l\u2019engagement de la garantie d\u00e9cennale de l\u2019entrepreneur. Il confirme pour l\u2019essentiel un jugement du Tribunal judiciaire de Toulouse du 23 novembre 2022. L\u2019affaire trouve son origine dans la mission\u2026","rel":"","context":"In &quot;Cour d'appel&quot;","block_context":{"text":"Cour d'appel","link":"https:\/\/kohenavocats.com\/category\/cour-dappel\/"},"img":{"alt_text":"","src":"https:\/\/i0.wp.com\/kohenavocats.com\/wp-content\/uploads\/2024\/08\/camille-brodard-tJSToBa5cwc-unsplash.webp?resize=350%2C200&ssl=1","width":350,"height":200,"srcset":"https:\/\/i0.wp.com\/kohenavocats.com\/wp-content\/uploads\/2024\/08\/camille-brodard-tJSToBa5cwc-unsplash.webp?resize=350%2C200&ssl=1 1x, https:\/\/i0.wp.com\/kohenavocats.com\/wp-content\/uploads\/2024\/08\/camille-brodard-tJSToBa5cwc-unsplash.webp?resize=525%2C300&ssl=1 1.5x, https:\/\/i0.wp.com\/kohenavocats.com\/wp-content\/uploads\/2024\/08\/camille-brodard-tJSToBa5cwc-unsplash.webp?resize=700%2C400&ssl=1 2x, https:\/\/i0.wp.com\/kohenavocats.com\/wp-content\/uploads\/2024\/08\/camille-brodard-tJSToBa5cwc-unsplash.webp?resize=1050%2C600&ssl=1 3x, https:\/\/i0.wp.com\/kohenavocats.com\/wp-content\/uploads\/2024\/08\/camille-brodard-tJSToBa5cwc-unsplash.webp?resize=1400%2C800&ssl=1 4x"},"classes":[]},{"id":479917,"url":"https:\/\/kohenavocats.com\/pt-pt\/cour-dappel-de-douai-le-10-juillet-2024-n23-03472\/","url_meta":{"origin":665717,"position":4},"title":"Cour d&#8217;appel de Douai, le 10 juillet 2024, n\u00b023\/03472","author":"Kohen","date":"7 de Abril, 2026","format":false,"excerpt":"La cour d'appel de Douai, statuant le 10 juillet 2024, examine les recours form\u00e9s suite \u00e0 un litige relatif \u00e0 la r\u00e9habilitation d'un immeuble en secteur sauv...","rel":"","context":"In &quot;Jurisprudence&quot;","block_context":{"text":"Jurisprudence","link":"https:\/\/kohenavocats.com\/category\/jurisprudence\/"},"img":{"alt_text":"","src":"https:\/\/i0.wp.com\/kohenavocats.com\/wp-content\/uploads\/2024\/08\/joshua-coleman-FYev7eaTcRE-unsplash.webp?resize=350%2C200&ssl=1","width":350,"height":200,"srcset":"https:\/\/i0.wp.com\/kohenavocats.com\/wp-content\/uploads\/2024\/08\/joshua-coleman-FYev7eaTcRE-unsplash.webp?resize=350%2C200&ssl=1 1x, https:\/\/i0.wp.com\/kohenavocats.com\/wp-content\/uploads\/2024\/08\/joshua-coleman-FYev7eaTcRE-unsplash.webp?resize=525%2C300&ssl=1 1.5x, https:\/\/i0.wp.com\/kohenavocats.com\/wp-content\/uploads\/2024\/08\/joshua-coleman-FYev7eaTcRE-unsplash.webp?resize=700%2C400&ssl=1 2x, https:\/\/i0.wp.com\/kohenavocats.com\/wp-content\/uploads\/2024\/08\/joshua-coleman-FYev7eaTcRE-unsplash.webp?resize=1050%2C600&ssl=1 3x, https:\/\/i0.wp.com\/kohenavocats.com\/wp-content\/uploads\/2024\/08\/joshua-coleman-FYev7eaTcRE-unsplash.webp?resize=1400%2C800&ssl=1 4x"},"classes":[]},{"id":426974,"url":"https:\/\/kohenavocats.com\/pt-pt\/cour-dappel-de-paris-le-14-septembre-2011-n09-05634\/","url_meta":{"origin":665717,"position":5},"title":"Cour d&#8217;appel de Paris, le 14 septembre 2011, n\u00b009\/05634","author":"Kohen","date":"23 de Mar\u00e7o, 2026","format":false,"excerpt":"La Cour d\u2019appel de Paris, dans un arr\u00eat du 14 septembre 2011 statuant apr\u00e8s cassation, a eu \u00e0 conna\u00eetre d\u2019un litige relatif \u00e0 la construction d\u2019une maison individuelle. Le ma\u00eetre de l\u2019ouvrage avait confi\u00e9 la ma\u00eetrise d\u2019\u0153uvre \u00e0 un architecte et les travaux de gros \u0153uvre \u00e0 une entreprise. La\u2026","rel":"","context":"In &quot;Cour d'appel&quot;","block_context":{"text":"Cour d'appel","link":"https:\/\/kohenavocats.com\/category\/cour-dappel\/"},"img":{"alt_text":"","src":"https:\/\/i0.wp.com\/kohenavocats.com\/wp-content\/uploads\/2024\/08\/pierre-chatel-innocenti-bSUAjkiL7dQ-unsplash.webp?resize=350%2C200&ssl=1","width":350,"height":200,"srcset":"https:\/\/i0.wp.com\/kohenavocats.com\/wp-content\/uploads\/2024\/08\/pierre-chatel-innocenti-bSUAjkiL7dQ-unsplash.webp?resize=350%2C200&ssl=1 1x, https:\/\/i0.wp.com\/kohenavocats.com\/wp-content\/uploads\/2024\/08\/pierre-chatel-innocenti-bSUAjkiL7dQ-unsplash.webp?resize=525%2C300&ssl=1 1.5x, https:\/\/i0.wp.com\/kohenavocats.com\/wp-content\/uploads\/2024\/08\/pierre-chatel-innocenti-bSUAjkiL7dQ-unsplash.webp?resize=700%2C400&ssl=1 2x, https:\/\/i0.wp.com\/kohenavocats.com\/wp-content\/uploads\/2024\/08\/pierre-chatel-innocenti-bSUAjkiL7dQ-unsplash.webp?resize=1050%2C600&ssl=1 3x, https:\/\/i0.wp.com\/kohenavocats.com\/wp-content\/uploads\/2024\/08\/pierre-chatel-innocenti-bSUAjkiL7dQ-unsplash.webp?resize=1400%2C800&ssl=1 4x"},"classes":[]}],"jetpack_sharing_enabled":true,"_links":{"self":[{"href":"https:\/\/kohenavocats.com\/pt-pt\/wp-json\/wp\/v2\/posts\/665717","targetHints":{"allow":["GET"]}}],"collection":[{"href":"https:\/\/kohenavocats.com\/pt-pt\/wp-json\/wp\/v2\/posts"}],"about":[{"href":"https:\/\/kohenavocats.com\/pt-pt\/wp-json\/wp\/v2\/types\/post"}],"author":[{"embeddable":true,"href":"https:\/\/kohenavocats.com\/pt-pt\/wp-json\/wp\/v2\/users\/232070755"}],"replies":[{"embeddable":true,"href":"https:\/\/kohenavocats.com\/pt-pt\/wp-json\/wp\/v2\/comments?post=665717"}],"version-history":[{"count":0,"href":"https:\/\/kohenavocats.com\/pt-pt\/wp-json\/wp\/v2\/posts\/665717\/revisions"}],"wp:featuredmedia":[{"embeddable":true,"href":"https:\/\/kohenavocats.com\/pt-pt\/wp-json\/wp\/v2\/media\/9620"}],"wp:attachment":[{"href":"https:\/\/kohenavocats.com\/pt-pt\/wp-json\/wp\/v2\/media?parent=665717"}],"wp:term":[{"taxonomy":"category","embeddable":true,"href":"https:\/\/kohenavocats.com\/pt-pt\/wp-json\/wp\/v2\/categories?post=665717"},{"taxonomy":"post_tag","embeddable":true,"href":"https:\/\/kohenavocats.com\/pt-pt\/wp-json\/wp\/v2\/tags?post=665717"}],"curies":[{"name":"wp","href":"https:\/\/api.w.org\/{rel}","templated":true}]}}