{"id":665819,"date":"2026-04-24T00:32:34","date_gmt":"2026-04-23T22:32:34","guid":{"rendered":"https:\/\/kohenavocats.com\/tribunal-judiciaire-de-amiens-le-10-juillet-2024-n25-00181\/"},"modified":"2026-04-24T00:32:34","modified_gmt":"2026-04-23T22:32:34","slug":"tribunal-judiciaire-de-amiens-le-10-juillet-2024-n25-00181","status":"publish","type":"post","link":"https:\/\/kohenavocats.com\/pt-pt\/tribunal-judiciaire-de-amiens-le-10-juillet-2024-n25-00181\/","title":{"rendered":"Tribunal judiciaire de Amiens, le 10 juillet 2024, n\u00b025\/00181"},"content":{"rendered":"<div class=\"article-content\">\n<p>Le tribunal judiciaire d&#8217;Amiens, statuant par jugement du 10 juillet 2024, a examin\u00e9 un litige relatif \u00e0 des d\u00e9sordres survenus lors de travaux de ravalement. Les ma\u00eetres de l&#8217;ouvrage ont engag\u00e9 la responsabilit\u00e9 contractuelle de l&#8217;entreprise charg\u00e9e des travaux. Le tribunal a retenu cette responsabilit\u00e9 pour les malfa\u00e7ons affectant l&#8217;enduit mais l&#8217;a \u00e9cart\u00e9e pour un d\u00e9sordre \u00e9lectrique distinct. Il a accord\u00e9 une indemnisation pour les pr\u00e9judices mat\u00e9riel et moral ainsi que le remboursement des frais de proc\u00e9dure.<\/p>\n<p>La qualification des d\u00e9sordres et le fondement de la responsabilit\u00e9<\/p>\n<p>La caract\u00e9risation pr\u00e9cise des d\u00e9sordres constat\u00e9s. L&#8217;expert a relev\u00e9 que &#8220;la finition n&#8217;est pas lisse mais taloch\u00e9e sur le mur pignon Ouest&#8221; et que &#8220;les autres fa\u00e7ades sont en finition lisse mais avec beaucoup d&#8217;irr\u00e9gularit\u00e9s&#8221;. Il a qualifi\u00e9 ces d\u00e9sordres d&#8217;esth\u00e9tiques, imputables \u00e0 un choix de produits inadapt\u00e9 et \u00e0 une application d\u00e9faillante. Ces constats ont permis d&#8217;\u00e9carter l&#8217;application des garanties l\u00e9gales de l&#8217;article 1792 du code civil, lesquelles supposent une r\u00e9ception des travaux. La solution rejoint celle d&#8217;une cour d&#8217;appel ayant jug\u00e9 que &#8220;les demandes principales en indemnisation fond\u00e9es sur la garantie l\u00e9gale des dispositions de l&#8217;article 1792 du code civil ne pouvaient aboutir&#8221; (Cour d&#8217;appel de Versailles, le 12 mai 2025, n\u00b022\/04933). Le tribunal a ainsi op\u00e9r\u00e9 une distinction nette entre les r\u00e9gimes de responsabilit\u00e9 applicables avant et apr\u00e8s la r\u00e9ception.<\/p>\n<p>Le recours \u00e0 la responsabilit\u00e9 contractuelle de droit commun. Le juge a appliqu\u00e9 l&#8217;article 1231-1 du code civil, disposant que &#8220;le d\u00e9biteur est condamn\u00e9, s&#8217;il y a lieu, au paiement de dommages et int\u00e9r\u00eats soit \u00e0 raison de l&#8217;inex\u00e9cution de l&#8217;obligation&#8221;. Il a rappel\u00e9 que l&#8217;entrepreneur est tenu d&#8217;une obligation de r\u00e9sultat d&#8217;ex\u00e9cution conforme. L&#8217;analyse du devis a permis d&#8217;\u00e9tablir un lien d&#8217;imputabilit\u00e9 entre les malfa\u00e7ons et les prestations promises. En revanche, l&#8217;absence de preuve concernant le luminaire a conduit \u00e0 d\u00e9bouter les demandeurs sur ce point. Cette approche consacre la primaut\u00e9 de la preuve dans l&#8217;engagement de la responsabilit\u00e9 contractuelle pour les travaux non r\u00e9ceptionn\u00e9s.<\/p>\n<p>L&#8217;\u00e9valuation des pr\u00e9judices et la condamnation aux frais de proc\u00e9dure<\/p>\n<p>La r\u00e9paration int\u00e9grale du pr\u00e9judice mat\u00e9riel et moral. Le tribunal a liquid\u00e9 le pr\u00e9judice mat\u00e9riel sur la base du co\u00fbt des travaux de reprise estim\u00e9 par l&#8217;expert, soit 42.010 euros TTC. Il a \u00e9galement reconnu un pr\u00e9judice moral li\u00e9 aux dommages esth\u00e9tiques et aux tracas proc\u00e9duraux, l&#8217;indemnisant par une somme forfaitaire de 600 euros. Cette double indemnisation assure une r\u00e9paration compl\u00e8te des cons\u00e9quences de l&#8217;inex\u00e9cution contractuelle. Elle valide le principe selon lequel les pr\u00e9judices extrapatrimoniaux d\u00e9coulant de malfa\u00e7ons sont r\u00e9parables, m\u00eame en l&#8217;absence de faute lourde.<\/p>\n<p>La condamnation aux d\u00e9pens et aux frais irr\u00e9p\u00e9tibles. Se fondant sur les articles 696 et 700 du code de proc\u00e9dure civile, le tribunal a condamn\u00e9 l&#8217;entreprise d\u00e9faillante aux entiers d\u00e9pens, incluant les frais d&#8217;expertise. Il a aussi allou\u00e9 aux ma\u00eetres de l&#8217;ouvrage la somme de 3.000 euros au titre des frais irr\u00e9p\u00e9tibles. Cette d\u00e9cision applique le principe selon lequel la partie perdante supporte les frais de l&#8217;instance. Elle permet une indemnisation partielle des frais d&#8217;avocat non compris dans les d\u00e9pens, tenant compte de l&#8217;\u00e9quit\u00e9 et du bon d\u00e9roulement de la proc\u00e9dure.<\/p>\n<\/div>\n","protected":false},"excerpt":{"rendered":"<p>Le tribunal judiciaire d&#8217;Amiens, statuant par jugement du 10 juillet 2024, a examin\u00e9 un litige relatif \u00e0 des d\u00e9sordres survenus lors de travaux de ravalement&#8230;<\/p>\n","protected":false},"author":232070755,"featured_media":9465,"comment_status":"open","ping_status":"open","sticky":false,"template":"","format":"standard","meta":{"_crdt_document":"","_jetpack_newsletter_access":"","_jetpack_dont_email_post_to_subs":false,"_jetpack_newsletter_tier_id":0,"_jetpack_memberships_contains_paywalled_content":false,"_kj_source_type":"","_kj_official_id":"","_kj_official_url":"","_kj_judilibre_id":"","_kj_jur":"","_kj_lieu":"","_kj_chambre":"","_kj_rg":"","_kj_date":"","_jetpack_memberships_contains_paid_content":false,"footnotes":"","jetpack_post_was_ever_published":false},"categories":[7597],"tags":[],"class_list":["post-665819","post","type-post","status-publish","format-standard","has-post-thumbnail","hentry","category-jurisprudence"],"yoast_head":"<!-- This site is optimized with the Yoast SEO Premium plugin v27.5 (Yoast SEO v27.5) - https:\/\/yoast.com\/product\/yoast-seo-premium-wordpress\/ -->\n<title>Tribunal judiciaire de Amiens, le 10 juillet 2024, n\u00b025\/00181 - Ma\u00eetre Hassan Kohen, avocat en droit p\u00e9nal \u00e0 Paris<\/title>\n<meta name=\"description\" content=\"Le tribunal judiciaire d&#039;Amiens, statuant par jugement du 10 juillet 2024, a examin\u00e9 un litige relatif \u00e0 des d\u00e9sordres survenus lors de travaux de ravalement...\" \/>\n<meta name=\"robots\" content=\"index, follow, max-snippet:-1, max-image-preview:large, max-video-preview:-1\" \/>\n<link rel=\"canonical\" href=\"https:\/\/kohenavocats.com\/pt-pt\/tribunal-judiciaire-de-amiens-le-10-juillet-2024-n25-00181\/\" \/>\n<meta property=\"og:locale\" content=\"pt_PT\" \/>\n<meta property=\"og:type\" content=\"article\" \/>\n<meta property=\"og:title\" content=\"Tribunal judiciaire de Amiens, le 10 juillet 2024, n\u00b025\/00181\" \/>\n<meta property=\"og:description\" content=\"Le tribunal judiciaire d&#039;Amiens, statuant par jugement du 10 juillet 2024, a examin\u00e9 un litige relatif \u00e0 des d\u00e9sordres survenus lors de travaux de ravalement...\" \/>\n<meta property=\"og:url\" content=\"https:\/\/kohenavocats.com\/pt-pt\/tribunal-judiciaire-de-amiens-le-10-juillet-2024-n25-00181\/\" \/>\n<meta property=\"og:site_name\" content=\"Ma\u00eetre Hassan Kohen, avocat en droit p\u00e9nal \u00e0 Paris\" \/>\n<meta property=\"article:published_time\" content=\"2026-04-23T22:32:34+00:00\" \/>\n<meta property=\"og:image\" content=\"https:\/\/kohenavocats.com\/wp-content\/uploads\/2024\/11\/aakash-dhage-qZlPncXgGno-unsplash.webp\" \/>\n\t<meta property=\"og:image:width\" content=\"3840\" \/>\n\t<meta property=\"og:image:height\" content=\"2160\" \/>\n\t<meta property=\"og:image:type\" content=\"image\/webp\" \/>\n<meta name=\"author\" content=\"Kohen\" \/>\n<meta name=\"twitter:card\" content=\"summary_large_image\" \/>\n<meta name=\"twitter:label1\" content=\"Escrito por\" \/>\n\t<meta name=\"twitter:data1\" content=\"Kohen\" \/>\n\t<meta name=\"twitter:label2\" content=\"Tempo estimado de leitura\" \/>\n\t<meta name=\"twitter:data2\" content=\"3 minutos\" \/>\n<script type=\"application\/ld+json\" class=\"yoast-schema-graph\">{\"@context\":\"https:\\\/\\\/schema.org\",\"@graph\":[{\"@type\":\"Article\",\"@id\":\"https:\\\/\\\/kohenavocats.com\\\/pt-pt\\\/tribunal-judiciaire-de-amiens-le-10-juillet-2024-n25-00181\\\/#article\",\"isPartOf\":{\"@id\":\"https:\\\/\\\/kohenavocats.com\\\/pt-pt\\\/tribunal-judiciaire-de-amiens-le-10-juillet-2024-n25-00181\\\/\"},\"author\":{\"name\":\"Kohen\",\"@id\":\"https:\\\/\\\/kohenavocats.com\\\/pt-pt\\\/#\\\/schema\\\/person\\\/761c9ba54fa1ca84d405cef0831ff751\"},\"headline\":\"Tribunal judiciaire de Amiens, le 10 juillet 2024, n\u00b025\\\/00181\",\"datePublished\":\"2026-04-23T22:32:34+00:00\",\"mainEntityOfPage\":{\"@id\":\"https:\\\/\\\/kohenavocats.com\\\/pt-pt\\\/tribunal-judiciaire-de-amiens-le-10-juillet-2024-n25-00181\\\/\"},\"wordCount\":615,\"commentCount\":0,\"publisher\":{\"@id\":\"https:\\\/\\\/kohenavocats.com\\\/pt-pt\\\/#organization\"},\"image\":{\"@id\":\"https:\\\/\\\/kohenavocats.com\\\/pt-pt\\\/tribunal-judiciaire-de-amiens-le-10-juillet-2024-n25-00181\\\/#primaryimage\"},\"thumbnailUrl\":\"https:\\\/\\\/kohenavocats.com\\\/wp-content\\\/uploads\\\/2024\\\/11\\\/aakash-dhage-qZlPncXgGno-unsplash.webp\",\"articleSection\":[\"Jurisprudence\"],\"inLanguage\":\"pt-PT\",\"potentialAction\":[{\"@type\":\"CommentAction\",\"name\":\"Comment\",\"target\":[\"https:\\\/\\\/kohenavocats.com\\\/pt-pt\\\/tribunal-judiciaire-de-amiens-le-10-juillet-2024-n25-00181\\\/#respond\"]}],\"citation\":\"Tribunal judiciaire de Amiens, le 10 juillet 2024, n\u00b025\\\/00181\",\"about\":[{\"@type\":\"Thing\",\"name\":\"Jurisprudence\"}],\"dateModified\":\"2026-04-23T22:32:34+00:00\",\"speakable\":{\"@type\":\"SpeakableSpecification\",\"cssSelector\":[\".article-content > p:first-of-type\"]}},{\"@type\":\"WebPage\",\"@id\":\"https:\\\/\\\/kohenavocats.com\\\/pt-pt\\\/tribunal-judiciaire-de-amiens-le-10-juillet-2024-n25-00181\\\/\",\"url\":\"https:\\\/\\\/kohenavocats.com\\\/pt-pt\\\/tribunal-judiciaire-de-amiens-le-10-juillet-2024-n25-00181\\\/\",\"name\":\"Tribunal judiciaire de Amiens, le 10 juillet 2024, n\u00b025\\\/00181 - Ma\u00eetre Hassan Kohen, avocat en droit p\u00e9nal \u00e0 Paris\",\"isPartOf\":{\"@id\":\"https:\\\/\\\/kohenavocats.com\\\/pt-pt\\\/#website\"},\"primaryImageOfPage\":{\"@id\":\"https:\\\/\\\/kohenavocats.com\\\/pt-pt\\\/tribunal-judiciaire-de-amiens-le-10-juillet-2024-n25-00181\\\/#primaryimage\"},\"image\":{\"@id\":\"https:\\\/\\\/kohenavocats.com\\\/pt-pt\\\/tribunal-judiciaire-de-amiens-le-10-juillet-2024-n25-00181\\\/#primaryimage\"},\"thumbnailUrl\":\"https:\\\/\\\/kohenavocats.com\\\/wp-content\\\/uploads\\\/2024\\\/11\\\/aakash-dhage-qZlPncXgGno-unsplash.webp\",\"datePublished\":\"2026-04-23T22:32:34+00:00\",\"description\":\"Le tribunal judiciaire d'Amiens, statuant par jugement du 10 juillet 2024, a examin\u00e9 un litige relatif \u00e0 des d\u00e9sordres survenus lors de travaux de ravalement...\",\"breadcrumb\":{\"@id\":\"https:\\\/\\\/kohenavocats.com\\\/pt-pt\\\/tribunal-judiciaire-de-amiens-le-10-juillet-2024-n25-00181\\\/#breadcrumb\"},\"inLanguage\":\"pt-PT\",\"potentialAction\":[{\"@type\":\"ReadAction\",\"target\":[\"https:\\\/\\\/kohenavocats.com\\\/pt-pt\\\/tribunal-judiciaire-de-amiens-le-10-juillet-2024-n25-00181\\\/\"]}]},{\"@type\":\"ImageObject\",\"inLanguage\":\"pt-PT\",\"@id\":\"https:\\\/\\\/kohenavocats.com\\\/pt-pt\\\/tribunal-judiciaire-de-amiens-le-10-juillet-2024-n25-00181\\\/#primaryimage\",\"url\":\"https:\\\/\\\/kohenavocats.com\\\/wp-content\\\/uploads\\\/2024\\\/11\\\/aakash-dhage-qZlPncXgGno-unsplash.webp\",\"contentUrl\":\"https:\\\/\\\/kohenavocats.com\\\/wp-content\\\/uploads\\\/2024\\\/11\\\/aakash-dhage-qZlPncXgGno-unsplash.webp\",\"width\":3840,\"height\":2160},{\"@type\":\"BreadcrumbList\",\"@id\":\"https:\\\/\\\/kohenavocats.com\\\/pt-pt\\\/tribunal-judiciaire-de-amiens-le-10-juillet-2024-n25-00181\\\/#breadcrumb\",\"itemListElement\":[{\"@type\":\"ListItem\",\"position\":1,\"name\":\"Home\",\"item\":\"https:\\\/\\\/kohenavocats.com\\\/pt-pt\\\/avocats-en-droit-penal-a-paris-conseil-et-defense-strategique\\\/\"},{\"@type\":\"ListItem\",\"position\":2,\"name\":\"Tribunal judiciaire de Amiens, le 10 juillet 2024, n\u00b025\\\/00181\"}]},{\"@type\":\"WebSite\",\"@id\":\"https:\\\/\\\/kohenavocats.com\\\/pt-pt\\\/#website\",\"url\":\"https:\\\/\\\/kohenavocats.com\\\/pt-pt\\\/\",\"name\":\"Kohen Avocats\",\"description\":\"Ma\u00eetre Hassan Kohen, avocat p\u00e9naliste \u00e0 Paris, intervient exclusivement en droit p\u00e9nal pour la d\u00e9fense des particuliers, notamment en mati\u00e8re d\u2019accusations de viol. Il assure un accompagnement rigoureux d\u00e8s la garde \u00e0 vue jusqu\u2019\u00e0 la Cour d\u2019assises, veillant au strict respect des garanties proc\u00e9durales.\",\"publisher\":{\"@id\":\"https:\\\/\\\/kohenavocats.com\\\/pt-pt\\\/#organization\"},\"potentialAction\":[{\"@type\":\"SearchAction\",\"target\":{\"@type\":\"EntryPoint\",\"urlTemplate\":\"https:\\\/\\\/kohenavocats.com\\\/pt-pt\\\/?s={search_term_string}\"},\"query-input\":{\"@type\":\"PropertyValueSpecification\",\"valueRequired\":true,\"valueName\":\"search_term_string\"}}],\"inLanguage\":\"pt-PT\"},{\"@type\":\"Organization\",\"@id\":\"https:\\\/\\\/kohenavocats.com\\\/pt-pt\\\/#organization\",\"name\":\"Kohen Avocats\",\"url\":\"https:\\\/\\\/kohenavocats.com\\\/pt-pt\\\/\",\"logo\":{\"@type\":\"ImageObject\",\"inLanguage\":\"pt-PT\",\"@id\":\"https:\\\/\\\/kohenavocats.com\\\/pt-pt\\\/#\\\/schema\\\/logo\\\/image\\\/\",\"url\":\"https:\\\/\\\/kohenavocats.com\\\/wp-content\\\/uploads\\\/2026\\\/01\\\/Logo-2-1.webp\",\"contentUrl\":\"https:\\\/\\\/kohenavocats.com\\\/wp-content\\\/uploads\\\/2026\\\/01\\\/Logo-2-1.webp\",\"width\":2114,\"height\":1253,\"caption\":\"Kohen Avocats\"},\"image\":{\"@id\":\"https:\\\/\\\/kohenavocats.com\\\/pt-pt\\\/#\\\/schema\\\/logo\\\/image\\\/\"}},{\"@type\":\"Person\",\"@id\":\"https:\\\/\\\/kohenavocats.com\\\/pt-pt\\\/#\\\/schema\\\/person\\\/761c9ba54fa1ca84d405cef0831ff751\",\"name\":\"Kohen\",\"image\":{\"@type\":\"ImageObject\",\"inLanguage\":\"pt-PT\",\"@id\":\"https:\\\/\\\/secure.gravatar.com\\\/avatar\\\/1c5e76ef76bbbfdd2b4da984e2bf2fa4056fd51a27d25ce2c332047f1dfd6e00?s=96&d=identicon&r=g\",\"url\":\"https:\\\/\\\/secure.gravatar.com\\\/avatar\\\/1c5e76ef76bbbfdd2b4da984e2bf2fa4056fd51a27d25ce2c332047f1dfd6e00?s=96&d=identicon&r=g\",\"contentUrl\":\"https:\\\/\\\/secure.gravatar.com\\\/avatar\\\/1c5e76ef76bbbfdd2b4da984e2bf2fa4056fd51a27d25ce2c332047f1dfd6e00?s=96&d=identicon&r=g\",\"caption\":\"Kohen\"},\"sameAs\":[\"https:\\\/\\\/www.linkedin.com\\\/in\\\/hassan-kohen-448548192\\\/\",\"https:\\\/\\\/www.youtube.com\\\/@Kohen-Avocats\"],\"url\":\"https:\\\/\\\/kohenavocats.com\\\/pt-pt\\\/author\\\/kohenmlk\\\/\"}]}<\/script>\n<!-- \/ Yoast SEO Premium plugin. -->","yoast_head_json":{"title":"Tribunal judiciaire de Amiens, le 10 juillet 2024, n\u00b025\/00181 - Ma\u00eetre Hassan Kohen, avocat en droit p\u00e9nal \u00e0 Paris","description":"Le tribunal judiciaire d'Amiens, statuant par jugement du 10 juillet 2024, a examin\u00e9 un litige relatif \u00e0 des d\u00e9sordres survenus lors de travaux de ravalement...","robots":{"index":"index","follow":"follow","max-snippet":"max-snippet:-1","max-image-preview":"max-image-preview:large","max-video-preview":"max-video-preview:-1"},"canonical":"https:\/\/kohenavocats.com\/pt-pt\/tribunal-judiciaire-de-amiens-le-10-juillet-2024-n25-00181\/","og_locale":"pt_PT","og_type":"article","og_title":"Tribunal judiciaire de Amiens, le 10 juillet 2024, n\u00b025\/00181","og_description":"Le tribunal judiciaire d'Amiens, statuant par jugement du 10 juillet 2024, a examin\u00e9 un litige relatif \u00e0 des d\u00e9sordres survenus lors de travaux de ravalement...","og_url":"https:\/\/kohenavocats.com\/pt-pt\/tribunal-judiciaire-de-amiens-le-10-juillet-2024-n25-00181\/","og_site_name":"Ma\u00eetre Hassan Kohen, avocat en droit p\u00e9nal \u00e0 Paris","article_published_time":"2026-04-23T22:32:34+00:00","og_image":[{"width":3840,"height":2160,"url":"https:\/\/kohenavocats.com\/wp-content\/uploads\/2024\/11\/aakash-dhage-qZlPncXgGno-unsplash.webp","type":"image\/webp"}],"author":"Kohen","twitter_card":"summary_large_image","twitter_misc":{"Escrito por":"Kohen","Tempo estimado de leitura":"3 minutos"},"schema":{"@context":"https:\/\/schema.org","@graph":[{"@type":"Article","@id":"https:\/\/kohenavocats.com\/pt-pt\/tribunal-judiciaire-de-amiens-le-10-juillet-2024-n25-00181\/#article","isPartOf":{"@id":"https:\/\/kohenavocats.com\/pt-pt\/tribunal-judiciaire-de-amiens-le-10-juillet-2024-n25-00181\/"},"author":{"name":"Kohen","@id":"https:\/\/kohenavocats.com\/pt-pt\/#\/schema\/person\/761c9ba54fa1ca84d405cef0831ff751"},"headline":"Tribunal judiciaire de Amiens, le 10 juillet 2024, n\u00b025\/00181","datePublished":"2026-04-23T22:32:34+00:00","mainEntityOfPage":{"@id":"https:\/\/kohenavocats.com\/pt-pt\/tribunal-judiciaire-de-amiens-le-10-juillet-2024-n25-00181\/"},"wordCount":615,"commentCount":0,"publisher":{"@id":"https:\/\/kohenavocats.com\/pt-pt\/#organization"},"image":{"@id":"https:\/\/kohenavocats.com\/pt-pt\/tribunal-judiciaire-de-amiens-le-10-juillet-2024-n25-00181\/#primaryimage"},"thumbnailUrl":"https:\/\/kohenavocats.com\/wp-content\/uploads\/2024\/11\/aakash-dhage-qZlPncXgGno-unsplash.webp","articleSection":["Jurisprudence"],"inLanguage":"pt-PT","potentialAction":[{"@type":"CommentAction","name":"Comment","target":["https:\/\/kohenavocats.com\/pt-pt\/tribunal-judiciaire-de-amiens-le-10-juillet-2024-n25-00181\/#respond"]}],"citation":"Tribunal judiciaire de Amiens, le 10 juillet 2024, n\u00b025\/00181","about":[{"@type":"Thing","name":"Jurisprudence"}],"dateModified":"2026-04-23T22:32:34+00:00","speakable":{"@type":"SpeakableSpecification","cssSelector":[".article-content > p:first-of-type"]}},{"@type":"WebPage","@id":"https:\/\/kohenavocats.com\/pt-pt\/tribunal-judiciaire-de-amiens-le-10-juillet-2024-n25-00181\/","url":"https:\/\/kohenavocats.com\/pt-pt\/tribunal-judiciaire-de-amiens-le-10-juillet-2024-n25-00181\/","name":"Tribunal judiciaire de Amiens, le 10 juillet 2024, n\u00b025\/00181 - Ma\u00eetre Hassan Kohen, avocat en droit p\u00e9nal \u00e0 Paris","isPartOf":{"@id":"https:\/\/kohenavocats.com\/pt-pt\/#website"},"primaryImageOfPage":{"@id":"https:\/\/kohenavocats.com\/pt-pt\/tribunal-judiciaire-de-amiens-le-10-juillet-2024-n25-00181\/#primaryimage"},"image":{"@id":"https:\/\/kohenavocats.com\/pt-pt\/tribunal-judiciaire-de-amiens-le-10-juillet-2024-n25-00181\/#primaryimage"},"thumbnailUrl":"https:\/\/kohenavocats.com\/wp-content\/uploads\/2024\/11\/aakash-dhage-qZlPncXgGno-unsplash.webp","datePublished":"2026-04-23T22:32:34+00:00","description":"Le tribunal judiciaire d'Amiens, statuant par jugement du 10 juillet 2024, a examin\u00e9 un litige relatif \u00e0 des d\u00e9sordres survenus lors de travaux de ravalement...","breadcrumb":{"@id":"https:\/\/kohenavocats.com\/pt-pt\/tribunal-judiciaire-de-amiens-le-10-juillet-2024-n25-00181\/#breadcrumb"},"inLanguage":"pt-PT","potentialAction":[{"@type":"ReadAction","target":["https:\/\/kohenavocats.com\/pt-pt\/tribunal-judiciaire-de-amiens-le-10-juillet-2024-n25-00181\/"]}]},{"@type":"ImageObject","inLanguage":"pt-PT","@id":"https:\/\/kohenavocats.com\/pt-pt\/tribunal-judiciaire-de-amiens-le-10-juillet-2024-n25-00181\/#primaryimage","url":"https:\/\/kohenavocats.com\/wp-content\/uploads\/2024\/11\/aakash-dhage-qZlPncXgGno-unsplash.webp","contentUrl":"https:\/\/kohenavocats.com\/wp-content\/uploads\/2024\/11\/aakash-dhage-qZlPncXgGno-unsplash.webp","width":3840,"height":2160},{"@type":"BreadcrumbList","@id":"https:\/\/kohenavocats.com\/pt-pt\/tribunal-judiciaire-de-amiens-le-10-juillet-2024-n25-00181\/#breadcrumb","itemListElement":[{"@type":"ListItem","position":1,"name":"Home","item":"https:\/\/kohenavocats.com\/pt-pt\/avocats-en-droit-penal-a-paris-conseil-et-defense-strategique\/"},{"@type":"ListItem","position":2,"name":"Tribunal judiciaire de Amiens, le 10 juillet 2024, n\u00b025\/00181"}]},{"@type":"WebSite","@id":"https:\/\/kohenavocats.com\/pt-pt\/#website","url":"https:\/\/kohenavocats.com\/pt-pt\/","name":"Kohen Avocats","description":"Ma\u00eetre Hassan Kohen, avocat p\u00e9naliste \u00e0 Paris, intervient exclusivement en droit p\u00e9nal pour la d\u00e9fense des particuliers, notamment en mati\u00e8re d\u2019accusations de viol. Il assure un accompagnement rigoureux d\u00e8s la garde \u00e0 vue jusqu\u2019\u00e0 la Cour d\u2019assises, veillant au strict respect des garanties proc\u00e9durales.","publisher":{"@id":"https:\/\/kohenavocats.com\/pt-pt\/#organization"},"potentialAction":[{"@type":"SearchAction","target":{"@type":"EntryPoint","urlTemplate":"https:\/\/kohenavocats.com\/pt-pt\/?s={search_term_string}"},"query-input":{"@type":"PropertyValueSpecification","valueRequired":true,"valueName":"search_term_string"}}],"inLanguage":"pt-PT"},{"@type":"Organization","@id":"https:\/\/kohenavocats.com\/pt-pt\/#organization","name":"Kohen Avocats","url":"https:\/\/kohenavocats.com\/pt-pt\/","logo":{"@type":"ImageObject","inLanguage":"pt-PT","@id":"https:\/\/kohenavocats.com\/pt-pt\/#\/schema\/logo\/image\/","url":"https:\/\/kohenavocats.com\/wp-content\/uploads\/2026\/01\/Logo-2-1.webp","contentUrl":"https:\/\/kohenavocats.com\/wp-content\/uploads\/2026\/01\/Logo-2-1.webp","width":2114,"height":1253,"caption":"Kohen Avocats"},"image":{"@id":"https:\/\/kohenavocats.com\/pt-pt\/#\/schema\/logo\/image\/"}},{"@type":"Person","@id":"https:\/\/kohenavocats.com\/pt-pt\/#\/schema\/person\/761c9ba54fa1ca84d405cef0831ff751","name":"Kohen","image":{"@type":"ImageObject","inLanguage":"pt-PT","@id":"https:\/\/secure.gravatar.com\/avatar\/1c5e76ef76bbbfdd2b4da984e2bf2fa4056fd51a27d25ce2c332047f1dfd6e00?s=96&d=identicon&r=g","url":"https:\/\/secure.gravatar.com\/avatar\/1c5e76ef76bbbfdd2b4da984e2bf2fa4056fd51a27d25ce2c332047f1dfd6e00?s=96&d=identicon&r=g","contentUrl":"https:\/\/secure.gravatar.com\/avatar\/1c5e76ef76bbbfdd2b4da984e2bf2fa4056fd51a27d25ce2c332047f1dfd6e00?s=96&d=identicon&r=g","caption":"Kohen"},"sameAs":["https:\/\/www.linkedin.com\/in\/hassan-kohen-448548192\/","https:\/\/www.youtube.com\/@Kohen-Avocats"],"url":"https:\/\/kohenavocats.com\/pt-pt\/author\/kohenmlk\/"}]}},"jetpack_featured_media_url":"https:\/\/kohenavocats.com\/wp-content\/uploads\/2024\/11\/aakash-dhage-qZlPncXgGno-unsplash.webp","jetpack_likes_enabled":false,"jetpack_shortlink":"https:\/\/wp.me\/peCrII-2Nd1","jetpack-related-posts":[{"id":355493,"url":"https:\/\/kohenavocats.com\/pt-pt\/tribunal-judiciaire-de-amiens-le-24-septembre-2025-n25-00181\/","url_meta":{"origin":665819,"position":0},"title":"Tribunal judiciaire de Amiens, le 24 septembre 2025, n\u00b025\/00181","author":"Kohen","date":"11 de Fevereiro, 2026","format":false,"excerpt":"Le Tribunal judiciaire d\u2019Amiens, par jugement du 24 septembre 2025, a \u00e9t\u00e9 saisi d\u2019un litige opposant les propri\u00e9taires d\u2019un immeuble \u00e0 l\u2019entreprise...","rel":"","context":"In &quot;D\u00e9cisions juridiques&quot;","block_context":{"text":"D\u00e9cisions juridiques","link":"https:\/\/kohenavocats.com\/category\/decisions-juridiques\/"},"img":{"alt_text":"","src":"https:\/\/i0.wp.com\/kohenavocats.com\/wp-content\/uploads\/2024\/11\/getty-images-tKKyX0mbpQs-unsplash.webp?resize=350%2C200&ssl=1","width":350,"height":200,"srcset":"https:\/\/i0.wp.com\/kohenavocats.com\/wp-content\/uploads\/2024\/11\/getty-images-tKKyX0mbpQs-unsplash.webp?resize=350%2C200&ssl=1 1x, https:\/\/i0.wp.com\/kohenavocats.com\/wp-content\/uploads\/2024\/11\/getty-images-tKKyX0mbpQs-unsplash.webp?resize=525%2C300&ssl=1 1.5x, https:\/\/i0.wp.com\/kohenavocats.com\/wp-content\/uploads\/2024\/11\/getty-images-tKKyX0mbpQs-unsplash.webp?resize=700%2C400&ssl=1 2x, https:\/\/i0.wp.com\/kohenavocats.com\/wp-content\/uploads\/2024\/11\/getty-images-tKKyX0mbpQs-unsplash.webp?resize=1050%2C600&ssl=1 3x, https:\/\/i0.wp.com\/kohenavocats.com\/wp-content\/uploads\/2024\/11\/getty-images-tKKyX0mbpQs-unsplash.webp?resize=1400%2C800&ssl=1 4x"},"classes":[]},{"id":224337,"url":"https:\/\/kohenavocats.com\/pt-pt\/cour-dappel-de-amiens-le-4-septembre-2025-n24-00158\/","url_meta":{"origin":665819,"position":1},"title":"Cour d&#8217;appel de Amiens, le 4 septembre 2025, n\u00b024\/00158","author":"Kohen","date":"26 de Dezembro, 2025","format":false,"excerpt":"Now using node v22.15.1 (npm v10.8.2)Utilisation de Node.js v20.19.4 et npm 10.8.2Codex est d\u00e9j\u00e0 install\u00e9.Lancement de Codex\u2026La Cour d\u2019appel d\u2019Amiens, 4 septembre 2025, statue sur un litige n\u00e9 de la vente d\u2019un pavillon lourdement r\u00e9nov\u00e9 et sur\u00e9lev\u00e9 par le vendeur avant la cession. Apr\u00e8s des infiltrations et divers d\u00e9sordres, une\u2026","rel":"","context":"In &quot;Cour d'appel&quot;","block_context":{"text":"Cour d'appel","link":"https:\/\/kohenavocats.com\/category\/cour-dappel\/"},"img":{"alt_text":"","src":"https:\/\/i0.wp.com\/kohenavocats.com\/wp-content\/uploads\/2024\/11\/kateryna-hliznitsova-cSf0iO7Txkw-unsplash.webp?resize=350%2C200&ssl=1","width":350,"height":200,"srcset":"https:\/\/i0.wp.com\/kohenavocats.com\/wp-content\/uploads\/2024\/11\/kateryna-hliznitsova-cSf0iO7Txkw-unsplash.webp?resize=350%2C200&ssl=1 1x, https:\/\/i0.wp.com\/kohenavocats.com\/wp-content\/uploads\/2024\/11\/kateryna-hliznitsova-cSf0iO7Txkw-unsplash.webp?resize=525%2C300&ssl=1 1.5x, https:\/\/i0.wp.com\/kohenavocats.com\/wp-content\/uploads\/2024\/11\/kateryna-hliznitsova-cSf0iO7Txkw-unsplash.webp?resize=700%2C400&ssl=1 2x, https:\/\/i0.wp.com\/kohenavocats.com\/wp-content\/uploads\/2024\/11\/kateryna-hliznitsova-cSf0iO7Txkw-unsplash.webp?resize=1050%2C600&ssl=1 3x, https:\/\/i0.wp.com\/kohenavocats.com\/wp-content\/uploads\/2024\/11\/kateryna-hliznitsova-cSf0iO7Txkw-unsplash.webp?resize=1400%2C800&ssl=1 4x"},"classes":[]},{"id":622459,"url":"https:\/\/kohenavocats.com\/pt-pt\/tribunal-judiciaire-de-bordeaux-le-5-juillet-2024-n23-00508\/","url_meta":{"origin":665819,"position":2},"title":"Tribunal judiciaire de Bordeaux, le 5 juillet 2024, n\u00b023\/00508","author":"Kohen","date":"20 de Abril, 2026","format":false,"excerpt":"Le tribunal judiciaire de Bordeaux, par jugement du 5 juillet 2024, statue sur une action en responsabilit\u00e9 d\u00e9cennale et en garantie des vices cach\u00e9s intent\u00e9...","rel":"","context":"In &quot;Jurisprudence&quot;","block_context":{"text":"Jurisprudence","link":"https:\/\/kohenavocats.com\/category\/jurisprudence\/"},"img":{"alt_text":"","src":"https:\/\/i0.wp.com\/kohenavocats.com\/wp-content\/uploads\/2024\/08\/tobias-keller-2ecH5Lw3zSk-unsplash.webp?resize=350%2C200&ssl=1","width":350,"height":200,"srcset":"https:\/\/i0.wp.com\/kohenavocats.com\/wp-content\/uploads\/2024\/08\/tobias-keller-2ecH5Lw3zSk-unsplash.webp?resize=350%2C200&ssl=1 1x, https:\/\/i0.wp.com\/kohenavocats.com\/wp-content\/uploads\/2024\/08\/tobias-keller-2ecH5Lw3zSk-unsplash.webp?resize=525%2C300&ssl=1 1.5x, https:\/\/i0.wp.com\/kohenavocats.com\/wp-content\/uploads\/2024\/08\/tobias-keller-2ecH5Lw3zSk-unsplash.webp?resize=700%2C400&ssl=1 2x, https:\/\/i0.wp.com\/kohenavocats.com\/wp-content\/uploads\/2024\/08\/tobias-keller-2ecH5Lw3zSk-unsplash.webp?resize=1050%2C600&ssl=1 3x, https:\/\/i0.wp.com\/kohenavocats.com\/wp-content\/uploads\/2024\/08\/tobias-keller-2ecH5Lw3zSk-unsplash.webp?resize=1400%2C800&ssl=1 4x"},"classes":[]},{"id":636254,"url":"https:\/\/kohenavocats.com\/pt-pt\/tribunal-judiciaire-de-bordeaux-le-10-juillet-2024-n23-08447\/","url_meta":{"origin":665819,"position":3},"title":"Tribunal judiciaire de Bordeaux, le 10 juillet 2024, n\u00b023\/08447","author":"Kohen","date":"21 de Abril, 2026","format":false,"excerpt":"Le tribunal judiciaire de Bordeaux, dans un jugement du 10 juillet 2024, statue sur une action en responsabilit\u00e9 contractuelle. Un syndicat de copropri\u00e9taire...","rel":"","context":"In &quot;Jurisprudence&quot;","block_context":{"text":"Jurisprudence","link":"https:\/\/kohenavocats.com\/category\/jurisprudence\/"},"img":{"alt_text":"","src":"https:\/\/i0.wp.com\/kohenavocats.com\/wp-content\/uploads\/2024\/08\/mahdi-samadzad-8wGLqHdkKbk-unsplash.webp?resize=350%2C200&ssl=1","width":350,"height":200,"srcset":"https:\/\/i0.wp.com\/kohenavocats.com\/wp-content\/uploads\/2024\/08\/mahdi-samadzad-8wGLqHdkKbk-unsplash.webp?resize=350%2C200&ssl=1 1x, https:\/\/i0.wp.com\/kohenavocats.com\/wp-content\/uploads\/2024\/08\/mahdi-samadzad-8wGLqHdkKbk-unsplash.webp?resize=525%2C300&ssl=1 1.5x, https:\/\/i0.wp.com\/kohenavocats.com\/wp-content\/uploads\/2024\/08\/mahdi-samadzad-8wGLqHdkKbk-unsplash.webp?resize=700%2C400&ssl=1 2x, https:\/\/i0.wp.com\/kohenavocats.com\/wp-content\/uploads\/2024\/08\/mahdi-samadzad-8wGLqHdkKbk-unsplash.webp?resize=1050%2C600&ssl=1 3x, https:\/\/i0.wp.com\/kohenavocats.com\/wp-content\/uploads\/2024\/08\/mahdi-samadzad-8wGLqHdkKbk-unsplash.webp?resize=1400%2C800&ssl=1 4x"},"classes":[]},{"id":293510,"url":"https:\/\/kohenavocats.com\/pt-pt\/tribunal-judiciaire-de-amiens-le-2-juillet-2025-n25-00129\/","url_meta":{"origin":665819,"position":4},"title":"Tribunal judiciaire de Amiens, le 2 juillet 2025, n\u00b025\/00129","author":"Kohen","date":"25 de Janeiro, 2026","format":false,"excerpt":"Le Tribunal judiciaire d\u2019Amiens, statuant en r\u00e9f\u00e9r\u00e9 le 2 juillet 2025, a \u00e9t\u00e9 saisi de demandes relatives \u00e0 une expertise ordonn\u00e9e dans le cadre de travaux de construction. Le ma\u00eetre de l\u2019ouvrage avait sollicit\u00e9 la d\u00e9claration d\u2019opposabilit\u00e9 de cette expertise aux mandataires judiciaires d\u2019une association d\u00e9bitrice et \u00e0 un entrepreneur.\u2026","rel":"","context":"In &quot;D\u00e9cisions juridiques&quot;","block_context":{"text":"D\u00e9cisions juridiques","link":"https:\/\/kohenavocats.com\/category\/decisions-juridiques\/"},"img":{"alt_text":"","src":"https:\/\/i0.wp.com\/kohenavocats.com\/wp-content\/uploads\/2024\/08\/florian-wehde-KqAUa9OAwFY-unsplash.webp?resize=350%2C200&ssl=1","width":350,"height":200,"srcset":"https:\/\/i0.wp.com\/kohenavocats.com\/wp-content\/uploads\/2024\/08\/florian-wehde-KqAUa9OAwFY-unsplash.webp?resize=350%2C200&ssl=1 1x, https:\/\/i0.wp.com\/kohenavocats.com\/wp-content\/uploads\/2024\/08\/florian-wehde-KqAUa9OAwFY-unsplash.webp?resize=525%2C300&ssl=1 1.5x, https:\/\/i0.wp.com\/kohenavocats.com\/wp-content\/uploads\/2024\/08\/florian-wehde-KqAUa9OAwFY-unsplash.webp?resize=700%2C400&ssl=1 2x, https:\/\/i0.wp.com\/kohenavocats.com\/wp-content\/uploads\/2024\/08\/florian-wehde-KqAUa9OAwFY-unsplash.webp?resize=1050%2C600&ssl=1 3x, https:\/\/i0.wp.com\/kohenavocats.com\/wp-content\/uploads\/2024\/08\/florian-wehde-KqAUa9OAwFY-unsplash.webp?resize=1400%2C800&ssl=1 4x"},"classes":[]},{"id":56269,"url":"https:\/\/kohenavocats.com\/pt-pt\/cour-dappel-de-riom-le-1-juillet-2025-n23-01211\/","url_meta":{"origin":665819,"position":5},"title":"Cour d&#8217;appel de Riom, le 1 juillet 2025, n\u00b023\/01211","author":"Kohen","date":"8 de Novembro, 2025","format":false,"excerpt":"Par un arr\u00eat de la Cour d'appel de [Localit\u00e9 8] du 1er juillet 2025, premi\u00e8re chambre civile, la juridiction tranche un litige relatif \u00e0 des enduits de fa\u00e7ades ex\u00e9cut\u00e9s en 2019. L\u2019ouvrage principal avait \u00e9t\u00e9 r\u00e9ceptionn\u00e9 en 2017, le lot fa\u00e7ades ayant \u00e9t\u00e9 diff\u00e9r\u00e9 et trait\u00e9 s\u00e9par\u00e9ment apr\u00e8s l\u2019emm\u00e9nagement. Les\u2026","rel":"","context":"In &quot;Cour d'appel&quot;","block_context":{"text":"Cour d'appel","link":"https:\/\/kohenavocats.com\/category\/cour-dappel\/"},"img":{"alt_text":"","src":"https:\/\/i0.wp.com\/kohenavocats.com\/wp-content\/uploads\/2024\/11\/getty-images-wvhLLa5sdtg-unsplash.webp?resize=350%2C200&ssl=1","width":350,"height":200,"srcset":"https:\/\/i0.wp.com\/kohenavocats.com\/wp-content\/uploads\/2024\/11\/getty-images-wvhLLa5sdtg-unsplash.webp?resize=350%2C200&ssl=1 1x, https:\/\/i0.wp.com\/kohenavocats.com\/wp-content\/uploads\/2024\/11\/getty-images-wvhLLa5sdtg-unsplash.webp?resize=525%2C300&ssl=1 1.5x, https:\/\/i0.wp.com\/kohenavocats.com\/wp-content\/uploads\/2024\/11\/getty-images-wvhLLa5sdtg-unsplash.webp?resize=700%2C400&ssl=1 2x, https:\/\/i0.wp.com\/kohenavocats.com\/wp-content\/uploads\/2024\/11\/getty-images-wvhLLa5sdtg-unsplash.webp?resize=1050%2C600&ssl=1 3x, https:\/\/i0.wp.com\/kohenavocats.com\/wp-content\/uploads\/2024\/11\/getty-images-wvhLLa5sdtg-unsplash.webp?resize=1400%2C800&ssl=1 4x"},"classes":[]}],"jetpack_sharing_enabled":true,"_links":{"self":[{"href":"https:\/\/kohenavocats.com\/pt-pt\/wp-json\/wp\/v2\/posts\/665819","targetHints":{"allow":["GET"]}}],"collection":[{"href":"https:\/\/kohenavocats.com\/pt-pt\/wp-json\/wp\/v2\/posts"}],"about":[{"href":"https:\/\/kohenavocats.com\/pt-pt\/wp-json\/wp\/v2\/types\/post"}],"author":[{"embeddable":true,"href":"https:\/\/kohenavocats.com\/pt-pt\/wp-json\/wp\/v2\/users\/232070755"}],"replies":[{"embeddable":true,"href":"https:\/\/kohenavocats.com\/pt-pt\/wp-json\/wp\/v2\/comments?post=665819"}],"version-history":[{"count":0,"href":"https:\/\/kohenavocats.com\/pt-pt\/wp-json\/wp\/v2\/posts\/665819\/revisions"}],"wp:featuredmedia":[{"embeddable":true,"href":"https:\/\/kohenavocats.com\/pt-pt\/wp-json\/wp\/v2\/media\/9465"}],"wp:attachment":[{"href":"https:\/\/kohenavocats.com\/pt-pt\/wp-json\/wp\/v2\/media?parent=665819"}],"wp:term":[{"taxonomy":"category","embeddable":true,"href":"https:\/\/kohenavocats.com\/pt-pt\/wp-json\/wp\/v2\/categories?post=665819"},{"taxonomy":"post_tag","embeddable":true,"href":"https:\/\/kohenavocats.com\/pt-pt\/wp-json\/wp\/v2\/tags?post=665819"}],"curies":[{"name":"wp","href":"https:\/\/api.w.org\/{rel}","templated":true}]}}