{"id":665968,"date":"2026-04-24T00:46:00","date_gmt":"2026-04-23T22:46:00","guid":{"rendered":"https:\/\/kohenavocats.com\/cour-dappel-de-paris-le-7-decembre-2023-n22-05213\/"},"modified":"2026-04-26T20:25:30","modified_gmt":"2026-04-26T18:25:30","slug":"cour-dappel-de-paris-le-7-decembre-2023-n22-05213","status":"publish","type":"post","link":"https:\/\/kohenavocats.com\/pt-pt\/cour-dappel-de-paris-le-7-decembre-2023-n22-05213\/","title":{"rendered":"Cour d&#8217;appel de Paris, le 7 d\u00e9cembre 2023, n\u00b022\/05213"},"content":{"rendered":"<div class=\"article-content\">\n<p>La cour d&#8217;appel de Paris, le 7 d\u00e9cembre 2023, statue sur les demandes d&#8217;un salari\u00e9 plac\u00e9 en activit\u00e9 partielle durant la crise sanitaire. Le litige porte sur le <a href=\"https:\/\/kohenavocats.com\/avocats-droit-social-paris\/avocats-heures-supplementaires-paris\/\" target=\"_blank\" title=\"rappel de salaire\">rappel de salaire<\/a>, une indemnit\u00e9 pour <a href=\"https:\/\/kohenavocats.com\/avocats-en-droit-penal-a-paris-conseil-et-defense-strategique\/avocats-travail-dissimule-paris\/\" target=\"_blank\" title=\"travail dissimul\u00e9\">travail dissimul\u00e9<\/a> et la r\u00e9gularit\u00e9 d&#8217;un <a href=\"https:\/\/kohenavocats.com\/avocats-droit-social-paris\/avocats-licenciement-faute-paris\/\" target=\"_blank\" title=\"licenciement pour faute\">licenciement pour faute<\/a> grave. La cour confirme le jugement pour les deux premi\u00e8res demandes mais r\u00e9forme sur le caract\u00e8re vexatoire du licenciement.<\/p>\n<p>La caract\u00e9risation du travail effectif durant l&#8217;activit\u00e9 partielle<\/p>\n<p>La preuve du maintien de l&#8217;activit\u00e9 professionnelle<\/p>\n<p>La cour constate que le salari\u00e9 a fourni une prestation de travail durant la fermeture de l&#8217;\u00e9tablissement. Cette activit\u00e9 est d\u00e9montr\u00e9e par de nombreux \u00e9changes \u00e9crits avec la direction. &#8220;Il est d\u00e9montr\u00e9 que sur la p\u00e9riode du 18 mars au 5 juin 2020 [&#8230;] M. [D] a fourni une prestation de travail \u00e0 la demande de la direction g\u00e9n\u00e9rale&#8221; (Motifs). Ces instructions concernaient le d\u00e9veloppement commercial et la supervision de travaux. La cour rel\u00e8ve \u00e9galement des d\u00e9placements r\u00e9guliers sur site et des achats de mat\u00e9riaux. L&#8217;employeur, qui contestait l&#8217;ampleur du travail, ne pouvait ignorer ces sollicitations. Sa d\u00e9fense reposant sur le volontariat du salari\u00e9 est donc \u00e9cart\u00e9e. La position rappelle que la suspension du contrat n&#8217;est pas une simple formalit\u00e9 d\u00e9clarative. Elle impose \u00e0 l&#8217;employeur une obligation active de veiller \u00e0 son respect effectif.<\/p>\n<p>La cons\u00e9quence financi\u00e8re : le rappel de salaire int\u00e9gral<\/p>\n<p>Le travail effectif pendant la p\u00e9riode de ch\u00f4mage partiel entra\u00eene une requalification. Le salari\u00e9 a droit \u00e0 l&#8217;int\u00e9gralit\u00e9 de sa r\u00e9mun\u00e9ration, et non \u00e0 l&#8217;indemnit\u00e9 partielle. La cour calcule le rappel en fonction du salaire moyen des trois mois pr\u00e9c\u00e9dents. Elle valide ainsi la somme de 1 739,36 euros accord\u00e9e en premi\u00e8re instance. Cette solution est coh\u00e9rente avec le dispositif l\u00e9gal de l&#8217;activit\u00e9 partielle. L&#8217;article L. 5122-1 du code du travail pr\u00e9voit la suspension du contrat pendant les p\u00e9riodes sans activit\u00e9. D\u00e8s lors qu&#8217;une activit\u00e9 est maintenue, le salaire doit \u00eatre int\u00e9gralement vers\u00e9. La d\u00e9cision s&#8217;aligne sur une jurisprudence constante en la mati\u00e8re. &#8220;Il ressort des bulletins de paie que le contrat de travail a \u00e9t\u00e9 suspendu en raison de l&#8217;activit\u00e9 partielle [&#8230;] L&#8217;analyse des messages montrent ainsi que Mme [R] est rest\u00e9e \u00e0 la disposition permanente de son employeur&#8221; (Cour d&#8217;appel de Douai, le 30 janvier 2026, n\u00b023\/01560). La confirmation par l&#8217;inspection du travail d&#8217;un reversement des aides per\u00e7ues indique aussi la fraude.<\/p>\n<p>La sanction du travail dissimul\u00e9 et l&#8217;illic\u00e9it\u00e9 du licenciement<\/p>\n<p>La reconnaissance du travail dissimul\u00e9 et son \u00e9l\u00e9ment intentionnel<\/p>\n<p>La cour confirme la qualification de travail dissimul\u00e9 et condamne l&#8217;employeur \u00e0 une indemnit\u00e9 forfaitaire. L&#8217;article L. 8221-5 2\u00ba du code du travail vise la dissimulation d&#8217;heures r\u00e9ellement accomplies. L&#8217;\u00e9l\u00e9ment intentionnel est \u00e9tabli par la connaissance par l&#8217;employeur de la situation. &#8220;L&#8217;employeur, qui avait connaissance de sa situation de ch\u00f4mage partiel [&#8230;] a continu\u00e9 \u00e0 le solliciter r\u00e9guli\u00e8rement&#8221; (Motifs). Le fait d&#8217;\u00e9tablir des bulletins de paie indiquant l&#8217;activit\u00e9 partielle tout en donnant des instructions prouve la conscience de l&#8217;illic\u00e9it\u00e9. La cour valide ainsi l&#8217;indemnit\u00e9 de six mois de salaire, soit 31 638 euros nets. Cette sanction, d&#8217;ordre public, vise \u00e0 dissuader les pratiques frauduleuses. Elle prot\u00e8ge \u00e0 la fois le salari\u00e9 l\u00e9s\u00e9 et le syst\u00e8me de <a href=\"https:\/\/kohenavocats.com\/avocats-droit-social-paris\/avocats-protection-sociale-retraite-paris\/\" target=\"_blank\" title=\"protection sociale\">protection sociale<\/a>. La d\u00e9cision rappelle que l&#8217;intentionnalit\u00e9 se d\u00e9duit des circonstances et des agissements persistants.<\/p>\n<p>L&#8217;absence de cause r\u00e9elle et s\u00e9rieuse du licenciement pour faute grave<\/p>\n<p>La cour examine les griefs invoqu\u00e9s dans la lettre de licenciement du 14 octobre 2020. Elle rel\u00e8ve que les dysfonctionnements reproch\u00e9s sont soit non fond\u00e9s, soit imputables au contexte. Les premiers juges avaient pris en compte &#8220;un contexte \u00e9conomique et organisationnel d\u00e9grad\u00e9, marqu\u00e9 par la crise sanitaire du Covid&#8221; (Motifs). La cour confirme cette analyse en l&#8217;absence de nouveaux \u00e9l\u00e9ments probants. Elle souligne aussi les contraintes objectives comme les objectifs de ratio et les d\u00e9faillances logicielles. Le licenciement est donc d\u00e9clar\u00e9 d\u00e9pourvu de cause r\u00e9elle et s\u00e9rieuse. L&#8217;employeur est condamn\u00e9 \u00e0 diverses indemnit\u00e9s compensatrices, dont une indemnit\u00e9 sp\u00e9cifique de 18 456 euros bruts. En revanche, la cour r\u00e9forme la condamnation au titre du licenciement vexatoire. Elle estime que le salari\u00e9 n&#8217;apporte pas la preuve d&#8217;un comportement fautif dans la proc\u00e9dure.<\/p>\n<\/div>\n","protected":false},"excerpt":{"rendered":"<p>La cour d&#8217;appel de Paris, le 7 d\u00e9cembre 2023, statue sur les demandes d&#8217;un salari\u00e9 plac\u00e9 en activit\u00e9 partielle durant la crise sanitaire. Le litige porte sur&#8230;<\/p>\n","protected":false},"author":232070755,"featured_media":9534,"comment_status":"open","ping_status":"open","sticky":false,"template":"","format":"standard","meta":{"_crdt_document":"","_jetpack_newsletter_access":"","_jetpack_dont_email_post_to_subs":false,"_jetpack_newsletter_tier_id":0,"_jetpack_memberships_contains_paywalled_content":false,"_kj_source_type":"judilibre","_kj_official_id":"68d4cdc4653faf0d09392b30","_kj_official_url":"https:\/\/www.courdecassation.fr\/decision\/68d4cdc4653faf0d09392b30","_kj_judilibre_id":"68d4cdc4653faf0d09392b30","_kj_jur":"Cour d'appel","_kj_lieu":"Cour d'appel de Montpellier","_kj_chambre":"2e chambre sociale","_kj_rg":"22\/05213","_kj_date":"2025-09-24","_jetpack_memberships_contains_paid_content":false,"footnotes":"","jetpack_post_was_ever_published":false},"categories":[7123,6580,7597,6718,6992],"tags":[],"class_list":["post-665968","post","type-post","status-publish","format-standard","has-post-thumbnail","hentry","category-droit-du-travail","category-droit-social","category-jurisprudence","category-social","category-travail"],"yoast_head":"<!-- This site is optimized with the Yoast SEO Premium plugin v27.5 (Yoast SEO v27.5) - https:\/\/yoast.com\/product\/yoast-seo-premium-wordpress\/ -->\n<title>Cour d&#039;appel de Paris, le 7 d\u00e9cembre 2023, n\u00b022\/05213 - Ma\u00eetre Hassan Kohen, avocat en droit p\u00e9nal \u00e0 Paris<\/title>\n<meta name=\"description\" content=\"La cour d&#039;appel de Paris, le 7 d\u00e9cembre 2023, statue sur les demandes d&#039;un salari\u00e9 plac\u00e9 en activit\u00e9 partielle durant la crise sanitaire. Le litige porte sur...\" \/>\n<meta name=\"robots\" content=\"index, follow, max-snippet:-1, max-image-preview:large, max-video-preview:-1\" \/>\n<link rel=\"canonical\" href=\"https:\/\/kohenavocats.com\/pt-pt\/cour-dappel-de-paris-le-7-decembre-2023-n22-05213\/\" \/>\n<meta property=\"og:locale\" content=\"pt_PT\" \/>\n<meta property=\"og:type\" content=\"article\" \/>\n<meta property=\"og:title\" content=\"Cour d&#039;appel de Paris, le 7 d\u00e9cembre 2023, n\u00b022\/05213\" \/>\n<meta property=\"og:description\" content=\"La cour d&#039;appel de Paris, le 7 d\u00e9cembre 2023, statue sur les demandes d&#039;un salari\u00e9 plac\u00e9 en activit\u00e9 partielle durant la crise sanitaire. Le litige porte sur...\" \/>\n<meta property=\"og:url\" content=\"https:\/\/kohenavocats.com\/pt-pt\/cour-dappel-de-paris-le-7-decembre-2023-n22-05213\/\" \/>\n<meta property=\"og:site_name\" content=\"Ma\u00eetre Hassan Kohen, avocat en droit p\u00e9nal \u00e0 Paris\" \/>\n<meta property=\"article:published_time\" content=\"2026-04-23T22:46:00+00:00\" \/>\n<meta property=\"article:modified_time\" content=\"2026-04-26T18:25:30+00:00\" \/>\n<meta property=\"og:image\" content=\"https:\/\/kohenavocats.com\/wp-content\/uploads\/2024\/11\/davey-gravy-JkcYTtNfFgw-unsplash.webp\" \/>\n\t<meta property=\"og:image:width\" content=\"6206\" \/>\n\t<meta property=\"og:image:height\" content=\"4137\" \/>\n\t<meta property=\"og:image:type\" content=\"image\/webp\" \/>\n<meta name=\"author\" content=\"Kohen\" \/>\n<meta name=\"twitter:card\" content=\"summary_large_image\" \/>\n<meta name=\"twitter:label1\" content=\"Escrito por\" \/>\n\t<meta name=\"twitter:data1\" content=\"Kohen\" \/>\n\t<meta name=\"twitter:label2\" content=\"Tempo estimado de leitura\" \/>\n\t<meta name=\"twitter:data2\" content=\"4 minutos\" \/>\n<script type=\"application\/ld+json\" class=\"yoast-schema-graph\">{\"@context\":\"https:\\\/\\\/schema.org\",\"@graph\":[{\"@type\":\"Article\",\"@id\":\"https:\\\/\\\/kohenavocats.com\\\/pt-pt\\\/cour-dappel-de-paris-le-7-decembre-2023-n22-05213\\\/#article\",\"isPartOf\":{\"@id\":\"https:\\\/\\\/kohenavocats.com\\\/pt-pt\\\/cour-dappel-de-paris-le-7-decembre-2023-n22-05213\\\/\"},\"author\":{\"name\":\"Kohen\",\"@id\":\"https:\\\/\\\/kohenavocats.com\\\/pt-pt\\\/#\\\/schema\\\/person\\\/761c9ba54fa1ca84d405cef0831ff751\"},\"headline\":\"Cour d&#8217;appel de Paris, le 7 d\u00e9cembre 2023, n\u00b022\\\/05213\",\"datePublished\":\"2026-04-23T22:46:00+00:00\",\"dateModified\":\"2026-04-26T18:25:30+00:00\",\"mainEntityOfPage\":{\"@id\":\"https:\\\/\\\/kohenavocats.com\\\/pt-pt\\\/cour-dappel-de-paris-le-7-decembre-2023-n22-05213\\\/\"},\"wordCount\":764,\"commentCount\":0,\"publisher\":{\"@id\":\"https:\\\/\\\/kohenavocats.com\\\/pt-pt\\\/#organization\"},\"image\":{\"@id\":\"https:\\\/\\\/kohenavocats.com\\\/pt-pt\\\/cour-dappel-de-paris-le-7-decembre-2023-n22-05213\\\/#primaryimage\"},\"thumbnailUrl\":\"https:\\\/\\\/kohenavocats.com\\\/wp-content\\\/uploads\\\/2024\\\/11\\\/davey-gravy-JkcYTtNfFgw-unsplash.webp\",\"articleSection\":[\"Droit du travail\",\"Droit Social\",\"Jurisprudence\",\"Social\",\"Travail\"],\"inLanguage\":\"pt-PT\",\"potentialAction\":[{\"@type\":\"CommentAction\",\"name\":\"Comment\",\"target\":[\"https:\\\/\\\/kohenavocats.com\\\/pt-pt\\\/cour-dappel-de-paris-le-7-decembre-2023-n22-05213\\\/#respond\"]}],\"citation\":\"Cour d&#8217;appel de Paris, le 7 d\u00e9cembre 2023, n\u00b022\\\/05213\",\"about\":[{\"@type\":\"Thing\",\"name\":\"Droit du travail\"},{\"@type\":\"Thing\",\"name\":\"Droit Social\"},{\"@type\":\"Thing\",\"name\":\"Jurisprudence\"},{\"@type\":\"Thing\",\"name\":\"Social\"},{\"@type\":\"Thing\",\"name\":\"Travail\"}],\"speakable\":{\"@type\":\"SpeakableSpecification\",\"cssSelector\":[\".article-content > p:first-of-type\"]}},{\"@type\":\"WebPage\",\"@id\":\"https:\\\/\\\/kohenavocats.com\\\/pt-pt\\\/cour-dappel-de-paris-le-7-decembre-2023-n22-05213\\\/\",\"url\":\"https:\\\/\\\/kohenavocats.com\\\/pt-pt\\\/cour-dappel-de-paris-le-7-decembre-2023-n22-05213\\\/\",\"name\":\"Cour d'appel de Paris, le 7 d\u00e9cembre 2023, n\u00b022\\\/05213 - Ma\u00eetre Hassan Kohen, avocat en droit p\u00e9nal \u00e0 Paris\",\"isPartOf\":{\"@id\":\"https:\\\/\\\/kohenavocats.com\\\/pt-pt\\\/#website\"},\"primaryImageOfPage\":{\"@id\":\"https:\\\/\\\/kohenavocats.com\\\/pt-pt\\\/cour-dappel-de-paris-le-7-decembre-2023-n22-05213\\\/#primaryimage\"},\"image\":{\"@id\":\"https:\\\/\\\/kohenavocats.com\\\/pt-pt\\\/cour-dappel-de-paris-le-7-decembre-2023-n22-05213\\\/#primaryimage\"},\"thumbnailUrl\":\"https:\\\/\\\/kohenavocats.com\\\/wp-content\\\/uploads\\\/2024\\\/11\\\/davey-gravy-JkcYTtNfFgw-unsplash.webp\",\"datePublished\":\"2026-04-23T22:46:00+00:00\",\"dateModified\":\"2026-04-26T18:25:30+00:00\",\"description\":\"La cour d'appel de Paris, le 7 d\u00e9cembre 2023, statue sur les demandes d'un salari\u00e9 plac\u00e9 en activit\u00e9 partielle durant la crise sanitaire. Le litige porte sur...\",\"breadcrumb\":{\"@id\":\"https:\\\/\\\/kohenavocats.com\\\/pt-pt\\\/cour-dappel-de-paris-le-7-decembre-2023-n22-05213\\\/#breadcrumb\"},\"inLanguage\":\"pt-PT\",\"potentialAction\":[{\"@type\":\"ReadAction\",\"target\":[\"https:\\\/\\\/kohenavocats.com\\\/pt-pt\\\/cour-dappel-de-paris-le-7-decembre-2023-n22-05213\\\/\"]}]},{\"@type\":\"ImageObject\",\"inLanguage\":\"pt-PT\",\"@id\":\"https:\\\/\\\/kohenavocats.com\\\/pt-pt\\\/cour-dappel-de-paris-le-7-decembre-2023-n22-05213\\\/#primaryimage\",\"url\":\"https:\\\/\\\/kohenavocats.com\\\/wp-content\\\/uploads\\\/2024\\\/11\\\/davey-gravy-JkcYTtNfFgw-unsplash.webp\",\"contentUrl\":\"https:\\\/\\\/kohenavocats.com\\\/wp-content\\\/uploads\\\/2024\\\/11\\\/davey-gravy-JkcYTtNfFgw-unsplash.webp\",\"width\":6206,\"height\":4137},{\"@type\":\"BreadcrumbList\",\"@id\":\"https:\\\/\\\/kohenavocats.com\\\/pt-pt\\\/cour-dappel-de-paris-le-7-decembre-2023-n22-05213\\\/#breadcrumb\",\"itemListElement\":[{\"@type\":\"ListItem\",\"position\":1,\"name\":\"Home\",\"item\":\"https:\\\/\\\/kohenavocats.com\\\/pt-pt\\\/avocats-en-droit-penal-a-paris-conseil-et-defense-strategique\\\/\"},{\"@type\":\"ListItem\",\"position\":2,\"name\":\"Cour d&rsquo;appel de Paris, le 7 d\u00e9cembre 2023, n\u00b022\\\/05213\"}]},{\"@type\":\"WebSite\",\"@id\":\"https:\\\/\\\/kohenavocats.com\\\/pt-pt\\\/#website\",\"url\":\"https:\\\/\\\/kohenavocats.com\\\/pt-pt\\\/\",\"name\":\"Kohen Avocats\",\"description\":\"Ma\u00eetre Hassan Kohen, avocat p\u00e9naliste \u00e0 Paris, intervient exclusivement en droit p\u00e9nal pour la d\u00e9fense des particuliers, notamment en mati\u00e8re d\u2019accusations de viol. Il assure un accompagnement rigoureux d\u00e8s la garde \u00e0 vue jusqu\u2019\u00e0 la Cour d\u2019assises, veillant au strict respect des garanties proc\u00e9durales.\",\"publisher\":{\"@id\":\"https:\\\/\\\/kohenavocats.com\\\/pt-pt\\\/#organization\"},\"potentialAction\":[{\"@type\":\"SearchAction\",\"target\":{\"@type\":\"EntryPoint\",\"urlTemplate\":\"https:\\\/\\\/kohenavocats.com\\\/pt-pt\\\/?s={search_term_string}\"},\"query-input\":{\"@type\":\"PropertyValueSpecification\",\"valueRequired\":true,\"valueName\":\"search_term_string\"}}],\"inLanguage\":\"pt-PT\"},{\"@type\":\"Organization\",\"@id\":\"https:\\\/\\\/kohenavocats.com\\\/pt-pt\\\/#organization\",\"name\":\"Kohen Avocats\",\"url\":\"https:\\\/\\\/kohenavocats.com\\\/pt-pt\\\/\",\"logo\":{\"@type\":\"ImageObject\",\"inLanguage\":\"pt-PT\",\"@id\":\"https:\\\/\\\/kohenavocats.com\\\/pt-pt\\\/#\\\/schema\\\/logo\\\/image\\\/\",\"url\":\"https:\\\/\\\/kohenavocats.com\\\/wp-content\\\/uploads\\\/2026\\\/01\\\/Logo-2-1.webp\",\"contentUrl\":\"https:\\\/\\\/kohenavocats.com\\\/wp-content\\\/uploads\\\/2026\\\/01\\\/Logo-2-1.webp\",\"width\":2114,\"height\":1253,\"caption\":\"Kohen Avocats\"},\"image\":{\"@id\":\"https:\\\/\\\/kohenavocats.com\\\/pt-pt\\\/#\\\/schema\\\/logo\\\/image\\\/\"}},{\"@type\":\"Person\",\"@id\":\"https:\\\/\\\/kohenavocats.com\\\/pt-pt\\\/#\\\/schema\\\/person\\\/761c9ba54fa1ca84d405cef0831ff751\",\"name\":\"Kohen\",\"image\":{\"@type\":\"ImageObject\",\"inLanguage\":\"pt-PT\",\"@id\":\"https:\\\/\\\/secure.gravatar.com\\\/avatar\\\/1c5e76ef76bbbfdd2b4da984e2bf2fa4056fd51a27d25ce2c332047f1dfd6e00?s=96&d=identicon&r=g\",\"url\":\"https:\\\/\\\/secure.gravatar.com\\\/avatar\\\/1c5e76ef76bbbfdd2b4da984e2bf2fa4056fd51a27d25ce2c332047f1dfd6e00?s=96&d=identicon&r=g\",\"contentUrl\":\"https:\\\/\\\/secure.gravatar.com\\\/avatar\\\/1c5e76ef76bbbfdd2b4da984e2bf2fa4056fd51a27d25ce2c332047f1dfd6e00?s=96&d=identicon&r=g\",\"caption\":\"Kohen\"},\"sameAs\":[\"https:\\\/\\\/www.linkedin.com\\\/in\\\/hassan-kohen-448548192\\\/\",\"https:\\\/\\\/www.youtube.com\\\/@Kohen-Avocats\"],\"url\":\"https:\\\/\\\/kohenavocats.com\\\/pt-pt\\\/author\\\/kohenmlk\\\/\"}]}<\/script>\n<!-- \/ Yoast SEO Premium plugin. -->","yoast_head_json":{"title":"Cour d'appel de Paris, le 7 d\u00e9cembre 2023, n\u00b022\/05213 - Ma\u00eetre Hassan Kohen, avocat en droit p\u00e9nal \u00e0 Paris","description":"La cour d'appel de Paris, le 7 d\u00e9cembre 2023, statue sur les demandes d'un salari\u00e9 plac\u00e9 en activit\u00e9 partielle durant la crise sanitaire. Le litige porte sur...","robots":{"index":"index","follow":"follow","max-snippet":"max-snippet:-1","max-image-preview":"max-image-preview:large","max-video-preview":"max-video-preview:-1"},"canonical":"https:\/\/kohenavocats.com\/pt-pt\/cour-dappel-de-paris-le-7-decembre-2023-n22-05213\/","og_locale":"pt_PT","og_type":"article","og_title":"Cour d'appel de Paris, le 7 d\u00e9cembre 2023, n\u00b022\/05213","og_description":"La cour d'appel de Paris, le 7 d\u00e9cembre 2023, statue sur les demandes d'un salari\u00e9 plac\u00e9 en activit\u00e9 partielle durant la crise sanitaire. Le litige porte sur...","og_url":"https:\/\/kohenavocats.com\/pt-pt\/cour-dappel-de-paris-le-7-decembre-2023-n22-05213\/","og_site_name":"Ma\u00eetre Hassan Kohen, avocat en droit p\u00e9nal \u00e0 Paris","article_published_time":"2026-04-23T22:46:00+00:00","article_modified_time":"2026-04-26T18:25:30+00:00","og_image":[{"width":6206,"height":4137,"url":"https:\/\/kohenavocats.com\/wp-content\/uploads\/2024\/11\/davey-gravy-JkcYTtNfFgw-unsplash.webp","type":"image\/webp"}],"author":"Kohen","twitter_card":"summary_large_image","twitter_misc":{"Escrito por":"Kohen","Tempo estimado de leitura":"4 minutos"},"schema":{"@context":"https:\/\/schema.org","@graph":[{"@type":"Article","@id":"https:\/\/kohenavocats.com\/pt-pt\/cour-dappel-de-paris-le-7-decembre-2023-n22-05213\/#article","isPartOf":{"@id":"https:\/\/kohenavocats.com\/pt-pt\/cour-dappel-de-paris-le-7-decembre-2023-n22-05213\/"},"author":{"name":"Kohen","@id":"https:\/\/kohenavocats.com\/pt-pt\/#\/schema\/person\/761c9ba54fa1ca84d405cef0831ff751"},"headline":"Cour d&#8217;appel de Paris, le 7 d\u00e9cembre 2023, n\u00b022\/05213","datePublished":"2026-04-23T22:46:00+00:00","dateModified":"2026-04-26T18:25:30+00:00","mainEntityOfPage":{"@id":"https:\/\/kohenavocats.com\/pt-pt\/cour-dappel-de-paris-le-7-decembre-2023-n22-05213\/"},"wordCount":764,"commentCount":0,"publisher":{"@id":"https:\/\/kohenavocats.com\/pt-pt\/#organization"},"image":{"@id":"https:\/\/kohenavocats.com\/pt-pt\/cour-dappel-de-paris-le-7-decembre-2023-n22-05213\/#primaryimage"},"thumbnailUrl":"https:\/\/kohenavocats.com\/wp-content\/uploads\/2024\/11\/davey-gravy-JkcYTtNfFgw-unsplash.webp","articleSection":["Droit du travail","Droit Social","Jurisprudence","Social","Travail"],"inLanguage":"pt-PT","potentialAction":[{"@type":"CommentAction","name":"Comment","target":["https:\/\/kohenavocats.com\/pt-pt\/cour-dappel-de-paris-le-7-decembre-2023-n22-05213\/#respond"]}],"citation":"Cour d&#8217;appel de Paris, le 7 d\u00e9cembre 2023, n\u00b022\/05213","about":[{"@type":"Thing","name":"Droit du travail"},{"@type":"Thing","name":"Droit Social"},{"@type":"Thing","name":"Jurisprudence"},{"@type":"Thing","name":"Social"},{"@type":"Thing","name":"Travail"}],"speakable":{"@type":"SpeakableSpecification","cssSelector":[".article-content > p:first-of-type"]}},{"@type":"WebPage","@id":"https:\/\/kohenavocats.com\/pt-pt\/cour-dappel-de-paris-le-7-decembre-2023-n22-05213\/","url":"https:\/\/kohenavocats.com\/pt-pt\/cour-dappel-de-paris-le-7-decembre-2023-n22-05213\/","name":"Cour d'appel de Paris, le 7 d\u00e9cembre 2023, n\u00b022\/05213 - Ma\u00eetre Hassan Kohen, avocat en droit p\u00e9nal \u00e0 Paris","isPartOf":{"@id":"https:\/\/kohenavocats.com\/pt-pt\/#website"},"primaryImageOfPage":{"@id":"https:\/\/kohenavocats.com\/pt-pt\/cour-dappel-de-paris-le-7-decembre-2023-n22-05213\/#primaryimage"},"image":{"@id":"https:\/\/kohenavocats.com\/pt-pt\/cour-dappel-de-paris-le-7-decembre-2023-n22-05213\/#primaryimage"},"thumbnailUrl":"https:\/\/kohenavocats.com\/wp-content\/uploads\/2024\/11\/davey-gravy-JkcYTtNfFgw-unsplash.webp","datePublished":"2026-04-23T22:46:00+00:00","dateModified":"2026-04-26T18:25:30+00:00","description":"La cour d'appel de Paris, le 7 d\u00e9cembre 2023, statue sur les demandes d'un salari\u00e9 plac\u00e9 en activit\u00e9 partielle durant la crise sanitaire. Le litige porte sur...","breadcrumb":{"@id":"https:\/\/kohenavocats.com\/pt-pt\/cour-dappel-de-paris-le-7-decembre-2023-n22-05213\/#breadcrumb"},"inLanguage":"pt-PT","potentialAction":[{"@type":"ReadAction","target":["https:\/\/kohenavocats.com\/pt-pt\/cour-dappel-de-paris-le-7-decembre-2023-n22-05213\/"]}]},{"@type":"ImageObject","inLanguage":"pt-PT","@id":"https:\/\/kohenavocats.com\/pt-pt\/cour-dappel-de-paris-le-7-decembre-2023-n22-05213\/#primaryimage","url":"https:\/\/kohenavocats.com\/wp-content\/uploads\/2024\/11\/davey-gravy-JkcYTtNfFgw-unsplash.webp","contentUrl":"https:\/\/kohenavocats.com\/wp-content\/uploads\/2024\/11\/davey-gravy-JkcYTtNfFgw-unsplash.webp","width":6206,"height":4137},{"@type":"BreadcrumbList","@id":"https:\/\/kohenavocats.com\/pt-pt\/cour-dappel-de-paris-le-7-decembre-2023-n22-05213\/#breadcrumb","itemListElement":[{"@type":"ListItem","position":1,"name":"Home","item":"https:\/\/kohenavocats.com\/pt-pt\/avocats-en-droit-penal-a-paris-conseil-et-defense-strategique\/"},{"@type":"ListItem","position":2,"name":"Cour d&rsquo;appel de Paris, le 7 d\u00e9cembre 2023, n\u00b022\/05213"}]},{"@type":"WebSite","@id":"https:\/\/kohenavocats.com\/pt-pt\/#website","url":"https:\/\/kohenavocats.com\/pt-pt\/","name":"Kohen Avocats","description":"Ma\u00eetre Hassan Kohen, avocat p\u00e9naliste \u00e0 Paris, intervient exclusivement en droit p\u00e9nal pour la d\u00e9fense des particuliers, notamment en mati\u00e8re d\u2019accusations de viol. Il assure un accompagnement rigoureux d\u00e8s la garde \u00e0 vue jusqu\u2019\u00e0 la Cour d\u2019assises, veillant au strict respect des garanties proc\u00e9durales.","publisher":{"@id":"https:\/\/kohenavocats.com\/pt-pt\/#organization"},"potentialAction":[{"@type":"SearchAction","target":{"@type":"EntryPoint","urlTemplate":"https:\/\/kohenavocats.com\/pt-pt\/?s={search_term_string}"},"query-input":{"@type":"PropertyValueSpecification","valueRequired":true,"valueName":"search_term_string"}}],"inLanguage":"pt-PT"},{"@type":"Organization","@id":"https:\/\/kohenavocats.com\/pt-pt\/#organization","name":"Kohen Avocats","url":"https:\/\/kohenavocats.com\/pt-pt\/","logo":{"@type":"ImageObject","inLanguage":"pt-PT","@id":"https:\/\/kohenavocats.com\/pt-pt\/#\/schema\/logo\/image\/","url":"https:\/\/kohenavocats.com\/wp-content\/uploads\/2026\/01\/Logo-2-1.webp","contentUrl":"https:\/\/kohenavocats.com\/wp-content\/uploads\/2026\/01\/Logo-2-1.webp","width":2114,"height":1253,"caption":"Kohen Avocats"},"image":{"@id":"https:\/\/kohenavocats.com\/pt-pt\/#\/schema\/logo\/image\/"}},{"@type":"Person","@id":"https:\/\/kohenavocats.com\/pt-pt\/#\/schema\/person\/761c9ba54fa1ca84d405cef0831ff751","name":"Kohen","image":{"@type":"ImageObject","inLanguage":"pt-PT","@id":"https:\/\/secure.gravatar.com\/avatar\/1c5e76ef76bbbfdd2b4da984e2bf2fa4056fd51a27d25ce2c332047f1dfd6e00?s=96&d=identicon&r=g","url":"https:\/\/secure.gravatar.com\/avatar\/1c5e76ef76bbbfdd2b4da984e2bf2fa4056fd51a27d25ce2c332047f1dfd6e00?s=96&d=identicon&r=g","contentUrl":"https:\/\/secure.gravatar.com\/avatar\/1c5e76ef76bbbfdd2b4da984e2bf2fa4056fd51a27d25ce2c332047f1dfd6e00?s=96&d=identicon&r=g","caption":"Kohen"},"sameAs":["https:\/\/www.linkedin.com\/in\/hassan-kohen-448548192\/","https:\/\/www.youtube.com\/@Kohen-Avocats"],"url":"https:\/\/kohenavocats.com\/pt-pt\/author\/kohenmlk\/"}]}},"jetpack_featured_media_url":"https:\/\/kohenavocats.com\/wp-content\/uploads\/2024\/11\/davey-gravy-JkcYTtNfFgw-unsplash.webp","jetpack_likes_enabled":false,"jetpack_shortlink":"https:\/\/wp.me\/peCrII-2Nfq","jetpack-related-posts":[{"id":50064,"url":"https:\/\/kohenavocats.com\/pt-pt\/dispositif-dactivite-reduite-pour-le-maintien-en-emploi-arme-convention-idcc-1316\/","url_meta":{"origin":665968,"position":0},"title":"Dispositif d&#8217;activit\u00e9 r\u00e9duite pour le maintien en emploi (ARME) &#8211; Convention IDCC 1316","author":"Kohen","date":"8 de Novembro, 2025","format":false,"excerpt":"Accueil > Conventions collectives > Convention collective nationale de touri > \u2190 Retour \u00e0 la convention IDCC 1316 IDCC : 1316 Type : Accord \u00c9tat : Date du texte : 2020-12-02 Derni\u00e8re modification : 2022-10-06 Pr\u00e9ambule La crise sanitaire engendr\u00e9e par l'\u00e9pid\u00e9mie du \u00ab Covid-19 \u00bb entra\u00eene de graves difficult\u00e9s\u2026","rel":"","context":"In &quot;Hide&quot;","block_context":{"text":"Hide","link":"https:\/\/kohenavocats.com\/category\/hide\/"},"img":{"alt_text":"","src":"https:\/\/i0.wp.com\/kohenavocats.com\/wp-content\/uploads\/2024\/08\/sergi-design-BixD3GrTKeU-unsplash.webp?resize=350%2C200&ssl=1","width":350,"height":200,"srcset":"https:\/\/i0.wp.com\/kohenavocats.com\/wp-content\/uploads\/2024\/08\/sergi-design-BixD3GrTKeU-unsplash.webp?resize=350%2C200&ssl=1 1x, https:\/\/i0.wp.com\/kohenavocats.com\/wp-content\/uploads\/2024\/08\/sergi-design-BixD3GrTKeU-unsplash.webp?resize=525%2C300&ssl=1 1.5x, https:\/\/i0.wp.com\/kohenavocats.com\/wp-content\/uploads\/2024\/08\/sergi-design-BixD3GrTKeU-unsplash.webp?resize=700%2C400&ssl=1 2x, https:\/\/i0.wp.com\/kohenavocats.com\/wp-content\/uploads\/2024\/08\/sergi-design-BixD3GrTKeU-unsplash.webp?resize=1050%2C600&ssl=1 3x, https:\/\/i0.wp.com\/kohenavocats.com\/wp-content\/uploads\/2024\/08\/sergi-design-BixD3GrTKeU-unsplash.webp?resize=1400%2C800&ssl=1 4x"},"classes":[]},{"id":53793,"url":"https:\/\/kohenavocats.com\/pt-pt\/activite-partielle-convention-idcc-567\/","url_meta":{"origin":665968,"position":1},"title":"Activit\u00e9 partielle &#8211; Convention IDCC 567","author":"Kohen","date":"8 de Novembro, 2025","format":false,"excerpt":"Accueil > Conventions collectives > Convention collective nationale de la bi > \u2190 Retour \u00e0 la convention IDCC 567 IDCC : 567 Type : Accord \u00c9tat : Date du texte : 2020-09-17 Derni\u00e8re modification : 2024-01-01 Pr\u00e9ambule Dans le prolongement des accords du 8 avril 2020 mesures \u00ab Covid-19 \u00bb\u2026","rel":"","context":"In &quot;Hide&quot;","block_context":{"text":"Hide","link":"https:\/\/kohenavocats.com\/category\/hide\/"},"img":{"alt_text":"","src":"https:\/\/i0.wp.com\/kohenavocats.com\/wp-content\/uploads\/2024\/11\/shubham-dhage-ICCn56-jyuw-unsplash.webp?resize=350%2C200&ssl=1","width":350,"height":200,"srcset":"https:\/\/i0.wp.com\/kohenavocats.com\/wp-content\/uploads\/2024\/11\/shubham-dhage-ICCn56-jyuw-unsplash.webp?resize=350%2C200&ssl=1 1x, https:\/\/i0.wp.com\/kohenavocats.com\/wp-content\/uploads\/2024\/11\/shubham-dhage-ICCn56-jyuw-unsplash.webp?resize=525%2C300&ssl=1 1.5x, https:\/\/i0.wp.com\/kohenavocats.com\/wp-content\/uploads\/2024\/11\/shubham-dhage-ICCn56-jyuw-unsplash.webp?resize=700%2C400&ssl=1 2x, https:\/\/i0.wp.com\/kohenavocats.com\/wp-content\/uploads\/2024\/11\/shubham-dhage-ICCn56-jyuw-unsplash.webp?resize=1050%2C600&ssl=1 3x, https:\/\/i0.wp.com\/kohenavocats.com\/wp-content\/uploads\/2024\/11\/shubham-dhage-ICCn56-jyuw-unsplash.webp?resize=1400%2C800&ssl=1 4x"},"classes":[]},{"id":47531,"url":"https:\/\/kohenavocats.com\/pt-pt\/activite-partielle-convention-idcc-1044\/","url_meta":{"origin":665968,"position":2},"title":"Activit\u00e9 partielle &#8211; Convention IDCC 1044","author":"Kohen","date":"7 de Novembro, 2025","format":false,"excerpt":"Accueil > Conventions collectives > Convention collective nationale de l'hor > \u2190 Retour \u00e0 la convention IDCC 1044 IDCC : 1044 Type : Accord \u00c9tat : Date du texte : 2020-09-17 Derni\u00e8re modification : 2024-01-01 Pr\u00e9ambule Dans le prolongement des accords du 8 avril 2020 mesures \u00ab Covid-19 \u00bb et\u2026","rel":"","context":"In &quot;Hide&quot;","block_context":{"text":"Hide","link":"https:\/\/kohenavocats.com\/category\/hide\/"},"img":{"alt_text":"","src":"https:\/\/i0.wp.com\/kohenavocats.com\/wp-content\/uploads\/2024\/08\/kyle-glenn-TELAb4duebI-unsplash.webp?resize=350%2C200&ssl=1","width":350,"height":200,"srcset":"https:\/\/i0.wp.com\/kohenavocats.com\/wp-content\/uploads\/2024\/08\/kyle-glenn-TELAb4duebI-unsplash.webp?resize=350%2C200&ssl=1 1x, https:\/\/i0.wp.com\/kohenavocats.com\/wp-content\/uploads\/2024\/08\/kyle-glenn-TELAb4duebI-unsplash.webp?resize=525%2C300&ssl=1 1.5x, https:\/\/i0.wp.com\/kohenavocats.com\/wp-content\/uploads\/2024\/08\/kyle-glenn-TELAb4duebI-unsplash.webp?resize=700%2C400&ssl=1 2x, https:\/\/i0.wp.com\/kohenavocats.com\/wp-content\/uploads\/2024\/08\/kyle-glenn-TELAb4duebI-unsplash.webp?resize=1050%2C600&ssl=1 3x, https:\/\/i0.wp.com\/kohenavocats.com\/wp-content\/uploads\/2024\/08\/kyle-glenn-TELAb4duebI-unsplash.webp?resize=1400%2C800&ssl=1 4x"},"classes":[]},{"id":38847,"url":"https:\/\/kohenavocats.com\/pt-pt\/activite-partielle-de-longue-duree-apld-convention-idcc-675\/","url_meta":{"origin":665968,"position":3},"title":"Activit\u00e9 partielle de longue dur\u00e9e (APLD) &#8211; Convention IDCC 675","author":"Kohen","date":"6 de Novembro, 2025","format":false,"excerpt":"Accueil > Conventions collectives > Convention collective nationale des mais > \u2190 Retour \u00e0 la convention IDCC 675 IDCC : 675 Type : Accord \u00c9tat : Date du texte : 2020-11-30 Derni\u00e8re modification : 2022-12-31 Pr\u00e9ambule Devant la situation exceptionnelle li\u00e9e \u00e0 la propagation du \u00ab Covid-19 \u00bb \u00e0 laquelle\u2026","rel":"","context":"In &quot;Hide&quot;","block_context":{"text":"Hide","link":"https:\/\/kohenavocats.com\/category\/hide\/"},"img":{"alt_text":"","src":"https:\/\/i0.wp.com\/kohenavocats.com\/wp-content\/uploads\/2024\/11\/chris-barbalis-axkgSXdeD98-unsplash-1.webp?resize=350%2C200&ssl=1","width":350,"height":200,"srcset":"https:\/\/i0.wp.com\/kohenavocats.com\/wp-content\/uploads\/2024\/11\/chris-barbalis-axkgSXdeD98-unsplash-1.webp?resize=350%2C200&ssl=1 1x, https:\/\/i0.wp.com\/kohenavocats.com\/wp-content\/uploads\/2024\/11\/chris-barbalis-axkgSXdeD98-unsplash-1.webp?resize=525%2C300&ssl=1 1.5x, https:\/\/i0.wp.com\/kohenavocats.com\/wp-content\/uploads\/2024\/11\/chris-barbalis-axkgSXdeD98-unsplash-1.webp?resize=700%2C400&ssl=1 2x, https:\/\/i0.wp.com\/kohenavocats.com\/wp-content\/uploads\/2024\/11\/chris-barbalis-axkgSXdeD98-unsplash-1.webp?resize=1050%2C600&ssl=1 3x, https:\/\/i0.wp.com\/kohenavocats.com\/wp-content\/uploads\/2024\/11\/chris-barbalis-axkgSXdeD98-unsplash-1.webp?resize=1400%2C800&ssl=1 4x"},"classes":[]},{"id":81795,"url":"https:\/\/kohenavocats.com\/pt-pt\/dispositif-specifique-dactivite-partielle-de-longue-duree-apld-convention-idcc-1978\/","url_meta":{"origin":665968,"position":4},"title":"Dispositif sp\u00e9cifique d&#8217;activit\u00e9 partielle de longue dur\u00e9e (APLD) &#8211; Convention IDCC 1978","author":"Kohen","date":"10 de Novembro, 2025","format":false,"excerpt":"Accueil > Conventions collectives > Convention collective nationale des fleu > \u2190 Retour \u00e0 la convention IDCC 1978 IDCC : 1978 Type : Accord \u00c9tat : Date du texte : 2020-12-18 Derni\u00e8re modification : 2022-12-31 Pr\u00e9ambule Les partenaires sociaux de la branche des fleuristes, vente et services des animaux familiers\u2026","rel":"","context":"In &quot;Chambre sociale&quot;","block_context":{"text":"Chambre sociale","link":"https:\/\/kohenavocats.com\/category\/jurisprudence-sociale\/"},"img":{"alt_text":"","src":"https:\/\/i0.wp.com\/kohenavocats.com\/wp-content\/uploads\/2024\/07\/pierre-bamin-SnQnWFVPp-4-unsplash.webp?resize=350%2C200&ssl=1","width":350,"height":200,"srcset":"https:\/\/i0.wp.com\/kohenavocats.com\/wp-content\/uploads\/2024\/07\/pierre-bamin-SnQnWFVPp-4-unsplash.webp?resize=350%2C200&ssl=1 1x, https:\/\/i0.wp.com\/kohenavocats.com\/wp-content\/uploads\/2024\/07\/pierre-bamin-SnQnWFVPp-4-unsplash.webp?resize=525%2C300&ssl=1 1.5x, https:\/\/i0.wp.com\/kohenavocats.com\/wp-content\/uploads\/2024\/07\/pierre-bamin-SnQnWFVPp-4-unsplash.webp?resize=700%2C400&ssl=1 2x, https:\/\/i0.wp.com\/kohenavocats.com\/wp-content\/uploads\/2024\/07\/pierre-bamin-SnQnWFVPp-4-unsplash.webp?resize=1050%2C600&ssl=1 3x, https:\/\/i0.wp.com\/kohenavocats.com\/wp-content\/uploads\/2024\/07\/pierre-bamin-SnQnWFVPp-4-unsplash.webp?resize=1400%2C800&ssl=1 4x"},"classes":[]},{"id":84024,"url":"https:\/\/kohenavocats.com\/pt-pt\/activite-partielle-longue-duree-apld-convention-idcc-2104\/","url_meta":{"origin":665968,"position":5},"title":"Activit\u00e9 partielle longue dur\u00e9e (APLD) &#8211; Convention IDCC 2104","author":"Kohen","date":"10 de Novembro, 2025","format":false,"excerpt":"Accueil > Conventions collectives > Convention collective nationale du therm > \u2190 Retour \u00e0 la convention IDCC 2104 IDCC : 2104 Type : Accord \u00c9tat : Date du texte : 2021-11-16 Derni\u00e8re modification : 2022-03-19 Pr\u00e9ambule Dans un contexte de crise sanitaire majeure en France et dans le monde, les\u2026","rel":"","context":"In &quot;Chambre sociale&quot;","block_context":{"text":"Chambre sociale","link":"https:\/\/kohenavocats.com\/category\/jurisprudence-sociale\/"},"img":{"alt_text":"","src":"https:\/\/i0.wp.com\/kohenavocats.com\/wp-content\/uploads\/2024\/08\/wei-hunag-0qGqvY7BA2g-unsplash.webp?resize=350%2C200&ssl=1","width":350,"height":200,"srcset":"https:\/\/i0.wp.com\/kohenavocats.com\/wp-content\/uploads\/2024\/08\/wei-hunag-0qGqvY7BA2g-unsplash.webp?resize=350%2C200&ssl=1 1x, https:\/\/i0.wp.com\/kohenavocats.com\/wp-content\/uploads\/2024\/08\/wei-hunag-0qGqvY7BA2g-unsplash.webp?resize=525%2C300&ssl=1 1.5x, https:\/\/i0.wp.com\/kohenavocats.com\/wp-content\/uploads\/2024\/08\/wei-hunag-0qGqvY7BA2g-unsplash.webp?resize=700%2C400&ssl=1 2x, https:\/\/i0.wp.com\/kohenavocats.com\/wp-content\/uploads\/2024\/08\/wei-hunag-0qGqvY7BA2g-unsplash.webp?resize=1050%2C600&ssl=1 3x, https:\/\/i0.wp.com\/kohenavocats.com\/wp-content\/uploads\/2024\/08\/wei-hunag-0qGqvY7BA2g-unsplash.webp?resize=1400%2C800&ssl=1 4x"},"classes":[]}],"jetpack_sharing_enabled":true,"_links":{"self":[{"href":"https:\/\/kohenavocats.com\/pt-pt\/wp-json\/wp\/v2\/posts\/665968","targetHints":{"allow":["GET"]}}],"collection":[{"href":"https:\/\/kohenavocats.com\/pt-pt\/wp-json\/wp\/v2\/posts"}],"about":[{"href":"https:\/\/kohenavocats.com\/pt-pt\/wp-json\/wp\/v2\/types\/post"}],"author":[{"embeddable":true,"href":"https:\/\/kohenavocats.com\/pt-pt\/wp-json\/wp\/v2\/users\/232070755"}],"replies":[{"embeddable":true,"href":"https:\/\/kohenavocats.com\/pt-pt\/wp-json\/wp\/v2\/comments?post=665968"}],"version-history":[{"count":1,"href":"https:\/\/kohenavocats.com\/pt-pt\/wp-json\/wp\/v2\/posts\/665968\/revisions"}],"predecessor-version":[{"id":697231,"href":"https:\/\/kohenavocats.com\/pt-pt\/wp-json\/wp\/v2\/posts\/665968\/revisions\/697231"}],"wp:featuredmedia":[{"embeddable":true,"href":"https:\/\/kohenavocats.com\/pt-pt\/wp-json\/wp\/v2\/media\/9534"}],"wp:attachment":[{"href":"https:\/\/kohenavocats.com\/pt-pt\/wp-json\/wp\/v2\/media?parent=665968"}],"wp:term":[{"taxonomy":"category","embeddable":true,"href":"https:\/\/kohenavocats.com\/pt-pt\/wp-json\/wp\/v2\/categories?post=665968"},{"taxonomy":"post_tag","embeddable":true,"href":"https:\/\/kohenavocats.com\/pt-pt\/wp-json\/wp\/v2\/tags?post=665968"}],"curies":[{"name":"wp","href":"https:\/\/api.w.org\/{rel}","templated":true}]}}