{"id":665971,"date":"2026-04-24T00:46:11","date_gmt":"2026-04-23T22:46:11","guid":{"rendered":"https:\/\/kohenavocats.com\/cour-dappel-de-montpellier-le-9-mars-2023-n23-04963\/"},"modified":"2026-04-24T00:46:11","modified_gmt":"2026-04-23T22:46:11","slug":"cour-dappel-de-montpellier-le-9-mars-2023-n23-04963","status":"publish","type":"post","link":"https:\/\/kohenavocats.com\/pt-pt\/cour-dappel-de-montpellier-le-9-mars-2023-n23-04963\/","title":{"rendered":"Cour d&#8217;appel de Montpellier, le 9 mars 2023, n\u00b023\/04963"},"content":{"rendered":"<div class=\"article-content\">\n<p>La Cour d\u2019appel de Montpellier, dans un arr\u00eat du 9 mars 2023, a statu\u00e9 sur le calcul de l\u2019indemnit\u00e9 l\u00e9gale de licenciement. Un salari\u00e9, dont le contrat incluait une clause de reprise d\u2019anciennet\u00e9, contestait le montant vers\u00e9 par son employeur. La juridiction a confirm\u00e9 que l\u2019anciennet\u00e9 reprise pour le salaire s\u2019appliquait aussi \u00e0 l\u2019indemnit\u00e9 de licenciement. Elle a ainsi condamn\u00e9 l\u2019employeur \u00e0 payer un compl\u00e9ment substantiel et a r\u00e9gl\u00e9 les questions proc\u00e9durales aff\u00e9rentes.<\/p>\n<p>La port\u00e9e extensive de la clause de reprise d\u2019anciennet\u00e9<\/p>\n<p>La cour \u00e9carte d\u2019embl\u00e9e l\u2019interpr\u00e9tation restrictive d\u00e9fendue par l\u2019employeur. Celui-ci limitait la clause contractuelle \u00e0 la seule d\u00e9termination du salaire conventionnel. La d\u00e9cision affirme le principe contraire avec une port\u00e9e g\u00e9n\u00e9rale. L\u2019existence de cette clause, m\u00eame formul\u00e9e dans un objectif salarial, b\u00e9n\u00e9ficie au calcul de l\u2019indemnit\u00e9 de rupture. La logique est celle d\u2019une pr\u00e9somption d\u2019int\u00e9gration de la carri\u00e8re ant\u00e9rieure. Cette analyse trouve un \u00e9cho dans une jurisprudence r\u00e9cente. &#8220;Rappelant que la date d&#8217;anciennet\u00e9 figurant sur le bulletin de paye ou dans la clause contractuelle de reprise d&#8217;anciennet\u00e9 vaut pr\u00e9somption de reprise d&#8217;anciennet\u00e9 sauf pour l&#8217;employeur \u00e0 rapporter la preuve contraire&#8221; (Cour d&#8217;appel de Dijon, le 13 novembre 2025, n\u00b023\/00579). La solution adopt\u00e9e renforce ainsi la s\u00e9curit\u00e9 juridique du salari\u00e9.<\/p>\n<p>La m\u00e9thode de calcul et ses cons\u00e9quences pratiques<\/p>\n<p>L\u2019application du principe conduit \u00e0 une requalification compl\u00e8te de l\u2019anciennet\u00e9 prise en compte. L\u2019employeur avait calcul\u00e9 l\u2019indemnit\u00e9 depuis la date d\u2019embauche effective en 2008. La cour retient la date de d\u00e9but de carri\u00e8re dans le secteur, soit mars 1985, attest\u00e9e par des bulletins de salaire produits. La diff\u00e9rence est consid\u00e9rable et justifie le compl\u00e9ment d\u2019indemnit\u00e9 accord\u00e9. La d\u00e9cision op\u00e8re une distinction nette entre les sources de preuve. Les mentions port\u00e9es sur les bulletins de salaire par l\u2019employeur lui sont opposables. Elles l\u2019emportent sur sa propre argumentation contemporaine du litige. Cette approche conf\u00e8re une valeur probante forte aux documents salariaux. Elle simplifie la charge de la preuve pour le salari\u00e9, conform\u00e9ment \u00e0 l\u2019esprit des textes protecteurs.<\/p>\n<p>Les implications proc\u00e9durales de la d\u00e9cision<\/p>\n<p>Au-del\u00e0 du fond, l\u2019arr\u00eat comporte plusieurs enseignements sur les suites du litige. La cour confirme la condamnation aux d\u00e9pens de l\u2019appel et alloue une indemnit\u00e9 sur le fondement de l\u2019article 700 du CPC. Elle ordonne aussi la r\u00e9gularisation des documents de fin de contrat et de la situation sociale. Ces mesures garantissent l\u2019effectivit\u00e9 pratique de la d\u00e9cision sur le fond. Elles visent \u00e0 restaurer int\u00e9gralement la situation du salari\u00e9 apr\u00e8s la rupture. L\u2019employeur doit ainsi rectifier l\u2019ensemble des d\u00e9clarations administratives. Cette approche globale montre la volont\u00e9 de la juridiction de clore d\u00e9finitivement le diff\u00e9rend. Elle \u00e9vite la multiplication des contentieux annexes sur l\u2019ex\u00e9cution de la d\u00e9cision.<\/p>\n<p>La valeur d\u2019un arr\u00eat de principe en droit social<\/p>\n<p>Cet arr\u00eat s\u2019inscrit dans une ligne jurisprudentielle protectrice des droits acquis. Il consacre une interpr\u00e9tation large des clauses de reprise d\u2019anciennet\u00e9. Sa valeur r\u00e9side dans le refus de compartimenter les effets d\u2019une telle clause. L\u2019anciennet\u00e9, une fois reprise, irrigue l\u2019ensemble des droits li\u00e9s \u00e0 la dur\u00e9e des services. La solution pr\u00e9vaut m\u00eame lorsque la convention collective semble la limiter. La cour donne ainsi une effectivit\u00e9 concr\u00e8te \u00e0 un avantage contractuel. Elle renforce la coh\u00e9rence du statut du salari\u00e9 en unifiant son parcours professionnel. Cette d\u00e9cision constitue donc un guide pr\u00e9cieux pour le calcul des indemnit\u00e9s. Elle s\u00e9curise les salari\u00e9s dont la carri\u00e8re est marqu\u00e9e par une continuit\u00e9 sectorielle.<\/p>\n<\/div>\n","protected":false},"excerpt":{"rendered":"<p>La Cour d\u2019appel de Montpellier, dans un arr\u00eat du 9 mars 2023, a statu\u00e9 sur le calcul de l\u2019indemnit\u00e9 l\u00e9gale de licenciement. Un salari\u00e9, dont le contrat inclu&#8230;<\/p>\n","protected":false},"author":232070755,"featured_media":9496,"comment_status":"open","ping_status":"open","sticky":false,"template":"","format":"standard","meta":{"_crdt_document":"","_jetpack_newsletter_access":"","_jetpack_dont_email_post_to_subs":false,"_jetpack_newsletter_tier_id":0,"_jetpack_memberships_contains_paywalled_content":false,"_kj_source_type":"judilibre","_kj_official_id":"68d4cdc2653faf0d09392b12","_kj_official_url":"https:\/\/www.courdecassation.fr\/decision\/68d4cdc2653faf0d09392b12","_kj_judilibre_id":"68d4cdc2653faf0d09392b12","_kj_jur":"Cour d'appel","_kj_lieu":"Cour d'appel de Montpellier","_kj_chambre":"1re chambre sociale","_kj_rg":"23\/04963","_kj_date":"2025-09-24","_jetpack_memberships_contains_paid_content":false,"footnotes":"","jetpack_post_was_ever_published":false},"categories":[7597],"tags":[],"class_list":["post-665971","post","type-post","status-publish","format-standard","has-post-thumbnail","hentry","category-jurisprudence"],"yoast_head":"<!-- This site is optimized with the Yoast SEO Premium plugin v27.5 (Yoast SEO v27.5) - https:\/\/yoast.com\/product\/yoast-seo-premium-wordpress\/ -->\n<title>Cour d&#039;appel de Montpellier, le 9 mars 2023, n\u00b023\/04963 - Ma\u00eetre Hassan Kohen, avocat en droit p\u00e9nal \u00e0 Paris<\/title>\n<meta name=\"description\" content=\"La Cour d\u2019appel de Montpellier, dans un arr\u00eat du 9 mars 2023, a statu\u00e9 sur le calcul de l\u2019indemnit\u00e9 l\u00e9gale de licenciement. Un salari\u00e9, dont le contrat inclu...\" \/>\n<meta name=\"robots\" content=\"index, follow, max-snippet:-1, max-image-preview:large, max-video-preview:-1\" \/>\n<link rel=\"canonical\" href=\"https:\/\/kohenavocats.com\/pt-pt\/cour-dappel-de-montpellier-le-9-mars-2023-n23-04963\/\" \/>\n<meta property=\"og:locale\" content=\"pt_PT\" \/>\n<meta property=\"og:type\" content=\"article\" \/>\n<meta property=\"og:title\" content=\"Cour d&#039;appel de Montpellier, le 9 mars 2023, n\u00b023\/04963\" \/>\n<meta property=\"og:description\" content=\"La Cour d\u2019appel de Montpellier, dans un arr\u00eat du 9 mars 2023, a statu\u00e9 sur le calcul de l\u2019indemnit\u00e9 l\u00e9gale de licenciement. Un salari\u00e9, dont le contrat inclu...\" \/>\n<meta property=\"og:url\" content=\"https:\/\/kohenavocats.com\/pt-pt\/cour-dappel-de-montpellier-le-9-mars-2023-n23-04963\/\" \/>\n<meta property=\"og:site_name\" content=\"Ma\u00eetre Hassan Kohen, avocat en droit p\u00e9nal \u00e0 Paris\" \/>\n<meta property=\"article:published_time\" content=\"2026-04-23T22:46:11+00:00\" \/>\n<meta property=\"og:image\" content=\"https:\/\/kohenavocats.com\/wp-content\/uploads\/2024\/11\/getty-images-7NmYG4-AE24-unsplash.webp\" \/>\n\t<meta property=\"og:image:width\" content=\"6500\" \/>\n\t<meta property=\"og:image:height\" content=\"4000\" \/>\n\t<meta property=\"og:image:type\" content=\"image\/webp\" \/>\n<meta name=\"author\" content=\"Kohen\" \/>\n<meta name=\"twitter:card\" content=\"summary_large_image\" \/>\n<meta name=\"twitter:label1\" content=\"Escrito por\" \/>\n\t<meta name=\"twitter:data1\" content=\"Kohen\" \/>\n\t<meta name=\"twitter:label2\" content=\"Tempo estimado de leitura\" \/>\n\t<meta name=\"twitter:data2\" content=\"3 minutos\" \/>\n<script type=\"application\/ld+json\" class=\"yoast-schema-graph\">{\"@context\":\"https:\\\/\\\/schema.org\",\"@graph\":[{\"@type\":\"Article\",\"@id\":\"https:\\\/\\\/kohenavocats.com\\\/pt-pt\\\/cour-dappel-de-montpellier-le-9-mars-2023-n23-04963\\\/#article\",\"isPartOf\":{\"@id\":\"https:\\\/\\\/kohenavocats.com\\\/pt-pt\\\/cour-dappel-de-montpellier-le-9-mars-2023-n23-04963\\\/\"},\"author\":{\"name\":\"Kohen\",\"@id\":\"https:\\\/\\\/kohenavocats.com\\\/pt-pt\\\/#\\\/schema\\\/person\\\/761c9ba54fa1ca84d405cef0831ff751\"},\"headline\":\"Cour d&#8217;appel de Montpellier, le 9 mars 2023, n\u00b023\\\/04963\",\"datePublished\":\"2026-04-23T22:46:11+00:00\",\"mainEntityOfPage\":{\"@id\":\"https:\\\/\\\/kohenavocats.com\\\/pt-pt\\\/cour-dappel-de-montpellier-le-9-mars-2023-n23-04963\\\/\"},\"wordCount\":658,\"commentCount\":0,\"publisher\":{\"@id\":\"https:\\\/\\\/kohenavocats.com\\\/pt-pt\\\/#organization\"},\"image\":{\"@id\":\"https:\\\/\\\/kohenavocats.com\\\/pt-pt\\\/cour-dappel-de-montpellier-le-9-mars-2023-n23-04963\\\/#primaryimage\"},\"thumbnailUrl\":\"https:\\\/\\\/kohenavocats.com\\\/wp-content\\\/uploads\\\/2024\\\/11\\\/getty-images-7NmYG4-AE24-unsplash.webp\",\"articleSection\":[\"Jurisprudence\"],\"inLanguage\":\"pt-PT\",\"potentialAction\":[{\"@type\":\"CommentAction\",\"name\":\"Comment\",\"target\":[\"https:\\\/\\\/kohenavocats.com\\\/pt-pt\\\/cour-dappel-de-montpellier-le-9-mars-2023-n23-04963\\\/#respond\"]}],\"citation\":\"Cour d&#8217;appel de Montpellier, le 9 mars 2023, n\u00b023\\\/04963\",\"about\":[{\"@type\":\"Thing\",\"name\":\"Jurisprudence\"}],\"dateModified\":\"2026-04-23T22:46:11+00:00\",\"speakable\":{\"@type\":\"SpeakableSpecification\",\"cssSelector\":[\".article-content > p:first-of-type\"]}},{\"@type\":\"WebPage\",\"@id\":\"https:\\\/\\\/kohenavocats.com\\\/pt-pt\\\/cour-dappel-de-montpellier-le-9-mars-2023-n23-04963\\\/\",\"url\":\"https:\\\/\\\/kohenavocats.com\\\/pt-pt\\\/cour-dappel-de-montpellier-le-9-mars-2023-n23-04963\\\/\",\"name\":\"Cour d'appel de Montpellier, le 9 mars 2023, n\u00b023\\\/04963 - Ma\u00eetre Hassan Kohen, avocat en droit p\u00e9nal \u00e0 Paris\",\"isPartOf\":{\"@id\":\"https:\\\/\\\/kohenavocats.com\\\/pt-pt\\\/#website\"},\"primaryImageOfPage\":{\"@id\":\"https:\\\/\\\/kohenavocats.com\\\/pt-pt\\\/cour-dappel-de-montpellier-le-9-mars-2023-n23-04963\\\/#primaryimage\"},\"image\":{\"@id\":\"https:\\\/\\\/kohenavocats.com\\\/pt-pt\\\/cour-dappel-de-montpellier-le-9-mars-2023-n23-04963\\\/#primaryimage\"},\"thumbnailUrl\":\"https:\\\/\\\/kohenavocats.com\\\/wp-content\\\/uploads\\\/2024\\\/11\\\/getty-images-7NmYG4-AE24-unsplash.webp\",\"datePublished\":\"2026-04-23T22:46:11+00:00\",\"description\":\"La Cour d\u2019appel de Montpellier, dans un arr\u00eat du 9 mars 2023, a statu\u00e9 sur le calcul de l\u2019indemnit\u00e9 l\u00e9gale de licenciement. Un salari\u00e9, dont le contrat inclu...\",\"breadcrumb\":{\"@id\":\"https:\\\/\\\/kohenavocats.com\\\/pt-pt\\\/cour-dappel-de-montpellier-le-9-mars-2023-n23-04963\\\/#breadcrumb\"},\"inLanguage\":\"pt-PT\",\"potentialAction\":[{\"@type\":\"ReadAction\",\"target\":[\"https:\\\/\\\/kohenavocats.com\\\/pt-pt\\\/cour-dappel-de-montpellier-le-9-mars-2023-n23-04963\\\/\"]}]},{\"@type\":\"ImageObject\",\"inLanguage\":\"pt-PT\",\"@id\":\"https:\\\/\\\/kohenavocats.com\\\/pt-pt\\\/cour-dappel-de-montpellier-le-9-mars-2023-n23-04963\\\/#primaryimage\",\"url\":\"https:\\\/\\\/kohenavocats.com\\\/wp-content\\\/uploads\\\/2024\\\/11\\\/getty-images-7NmYG4-AE24-unsplash.webp\",\"contentUrl\":\"https:\\\/\\\/kohenavocats.com\\\/wp-content\\\/uploads\\\/2024\\\/11\\\/getty-images-7NmYG4-AE24-unsplash.webp\",\"width\":6500,\"height\":4000},{\"@type\":\"BreadcrumbList\",\"@id\":\"https:\\\/\\\/kohenavocats.com\\\/pt-pt\\\/cour-dappel-de-montpellier-le-9-mars-2023-n23-04963\\\/#breadcrumb\",\"itemListElement\":[{\"@type\":\"ListItem\",\"position\":1,\"name\":\"Home\",\"item\":\"https:\\\/\\\/kohenavocats.com\\\/pt-pt\\\/avocats-en-droit-penal-a-paris-conseil-et-defense-strategique\\\/\"},{\"@type\":\"ListItem\",\"position\":2,\"name\":\"Cour d&rsquo;appel de Montpellier, le 9 mars 2023, n\u00b023\\\/04963\"}]},{\"@type\":\"WebSite\",\"@id\":\"https:\\\/\\\/kohenavocats.com\\\/pt-pt\\\/#website\",\"url\":\"https:\\\/\\\/kohenavocats.com\\\/pt-pt\\\/\",\"name\":\"Kohen Avocats\",\"description\":\"Ma\u00eetre Hassan Kohen, avocat p\u00e9naliste \u00e0 Paris, intervient exclusivement en droit p\u00e9nal pour la d\u00e9fense des particuliers, notamment en mati\u00e8re d\u2019accusations de viol. Il assure un accompagnement rigoureux d\u00e8s la garde \u00e0 vue jusqu\u2019\u00e0 la Cour d\u2019assises, veillant au strict respect des garanties proc\u00e9durales.\",\"publisher\":{\"@id\":\"https:\\\/\\\/kohenavocats.com\\\/pt-pt\\\/#organization\"},\"potentialAction\":[{\"@type\":\"SearchAction\",\"target\":{\"@type\":\"EntryPoint\",\"urlTemplate\":\"https:\\\/\\\/kohenavocats.com\\\/pt-pt\\\/?s={search_term_string}\"},\"query-input\":{\"@type\":\"PropertyValueSpecification\",\"valueRequired\":true,\"valueName\":\"search_term_string\"}}],\"inLanguage\":\"pt-PT\"},{\"@type\":\"Organization\",\"@id\":\"https:\\\/\\\/kohenavocats.com\\\/pt-pt\\\/#organization\",\"name\":\"Kohen Avocats\",\"url\":\"https:\\\/\\\/kohenavocats.com\\\/pt-pt\\\/\",\"logo\":{\"@type\":\"ImageObject\",\"inLanguage\":\"pt-PT\",\"@id\":\"https:\\\/\\\/kohenavocats.com\\\/pt-pt\\\/#\\\/schema\\\/logo\\\/image\\\/\",\"url\":\"https:\\\/\\\/kohenavocats.com\\\/wp-content\\\/uploads\\\/2026\\\/01\\\/Logo-2-1.webp\",\"contentUrl\":\"https:\\\/\\\/kohenavocats.com\\\/wp-content\\\/uploads\\\/2026\\\/01\\\/Logo-2-1.webp\",\"width\":2114,\"height\":1253,\"caption\":\"Kohen Avocats\"},\"image\":{\"@id\":\"https:\\\/\\\/kohenavocats.com\\\/pt-pt\\\/#\\\/schema\\\/logo\\\/image\\\/\"}},{\"@type\":\"Person\",\"@id\":\"https:\\\/\\\/kohenavocats.com\\\/pt-pt\\\/#\\\/schema\\\/person\\\/761c9ba54fa1ca84d405cef0831ff751\",\"name\":\"Kohen\",\"image\":{\"@type\":\"ImageObject\",\"inLanguage\":\"pt-PT\",\"@id\":\"https:\\\/\\\/secure.gravatar.com\\\/avatar\\\/1c5e76ef76bbbfdd2b4da984e2bf2fa4056fd51a27d25ce2c332047f1dfd6e00?s=96&d=identicon&r=g\",\"url\":\"https:\\\/\\\/secure.gravatar.com\\\/avatar\\\/1c5e76ef76bbbfdd2b4da984e2bf2fa4056fd51a27d25ce2c332047f1dfd6e00?s=96&d=identicon&r=g\",\"contentUrl\":\"https:\\\/\\\/secure.gravatar.com\\\/avatar\\\/1c5e76ef76bbbfdd2b4da984e2bf2fa4056fd51a27d25ce2c332047f1dfd6e00?s=96&d=identicon&r=g\",\"caption\":\"Kohen\"},\"sameAs\":[\"https:\\\/\\\/www.linkedin.com\\\/in\\\/hassan-kohen-448548192\\\/\",\"https:\\\/\\\/www.youtube.com\\\/@Kohen-Avocats\"],\"url\":\"https:\\\/\\\/kohenavocats.com\\\/pt-pt\\\/author\\\/kohenmlk\\\/\"}]}<\/script>\n<!-- \/ Yoast SEO Premium plugin. -->","yoast_head_json":{"title":"Cour d'appel de Montpellier, le 9 mars 2023, n\u00b023\/04963 - Ma\u00eetre Hassan Kohen, avocat en droit p\u00e9nal \u00e0 Paris","description":"La Cour d\u2019appel de Montpellier, dans un arr\u00eat du 9 mars 2023, a statu\u00e9 sur le calcul de l\u2019indemnit\u00e9 l\u00e9gale de licenciement. Un salari\u00e9, dont le contrat inclu...","robots":{"index":"index","follow":"follow","max-snippet":"max-snippet:-1","max-image-preview":"max-image-preview:large","max-video-preview":"max-video-preview:-1"},"canonical":"https:\/\/kohenavocats.com\/pt-pt\/cour-dappel-de-montpellier-le-9-mars-2023-n23-04963\/","og_locale":"pt_PT","og_type":"article","og_title":"Cour d'appel de Montpellier, le 9 mars 2023, n\u00b023\/04963","og_description":"La Cour d\u2019appel de Montpellier, dans un arr\u00eat du 9 mars 2023, a statu\u00e9 sur le calcul de l\u2019indemnit\u00e9 l\u00e9gale de licenciement. Un salari\u00e9, dont le contrat inclu...","og_url":"https:\/\/kohenavocats.com\/pt-pt\/cour-dappel-de-montpellier-le-9-mars-2023-n23-04963\/","og_site_name":"Ma\u00eetre Hassan Kohen, avocat en droit p\u00e9nal \u00e0 Paris","article_published_time":"2026-04-23T22:46:11+00:00","og_image":[{"width":6500,"height":4000,"url":"https:\/\/kohenavocats.com\/wp-content\/uploads\/2024\/11\/getty-images-7NmYG4-AE24-unsplash.webp","type":"image\/webp"}],"author":"Kohen","twitter_card":"summary_large_image","twitter_misc":{"Escrito por":"Kohen","Tempo estimado de leitura":"3 minutos"},"schema":{"@context":"https:\/\/schema.org","@graph":[{"@type":"Article","@id":"https:\/\/kohenavocats.com\/pt-pt\/cour-dappel-de-montpellier-le-9-mars-2023-n23-04963\/#article","isPartOf":{"@id":"https:\/\/kohenavocats.com\/pt-pt\/cour-dappel-de-montpellier-le-9-mars-2023-n23-04963\/"},"author":{"name":"Kohen","@id":"https:\/\/kohenavocats.com\/pt-pt\/#\/schema\/person\/761c9ba54fa1ca84d405cef0831ff751"},"headline":"Cour d&#8217;appel de Montpellier, le 9 mars 2023, n\u00b023\/04963","datePublished":"2026-04-23T22:46:11+00:00","mainEntityOfPage":{"@id":"https:\/\/kohenavocats.com\/pt-pt\/cour-dappel-de-montpellier-le-9-mars-2023-n23-04963\/"},"wordCount":658,"commentCount":0,"publisher":{"@id":"https:\/\/kohenavocats.com\/pt-pt\/#organization"},"image":{"@id":"https:\/\/kohenavocats.com\/pt-pt\/cour-dappel-de-montpellier-le-9-mars-2023-n23-04963\/#primaryimage"},"thumbnailUrl":"https:\/\/kohenavocats.com\/wp-content\/uploads\/2024\/11\/getty-images-7NmYG4-AE24-unsplash.webp","articleSection":["Jurisprudence"],"inLanguage":"pt-PT","potentialAction":[{"@type":"CommentAction","name":"Comment","target":["https:\/\/kohenavocats.com\/pt-pt\/cour-dappel-de-montpellier-le-9-mars-2023-n23-04963\/#respond"]}],"citation":"Cour d&#8217;appel de Montpellier, le 9 mars 2023, n\u00b023\/04963","about":[{"@type":"Thing","name":"Jurisprudence"}],"dateModified":"2026-04-23T22:46:11+00:00","speakable":{"@type":"SpeakableSpecification","cssSelector":[".article-content > p:first-of-type"]}},{"@type":"WebPage","@id":"https:\/\/kohenavocats.com\/pt-pt\/cour-dappel-de-montpellier-le-9-mars-2023-n23-04963\/","url":"https:\/\/kohenavocats.com\/pt-pt\/cour-dappel-de-montpellier-le-9-mars-2023-n23-04963\/","name":"Cour d'appel de Montpellier, le 9 mars 2023, n\u00b023\/04963 - Ma\u00eetre Hassan Kohen, avocat en droit p\u00e9nal \u00e0 Paris","isPartOf":{"@id":"https:\/\/kohenavocats.com\/pt-pt\/#website"},"primaryImageOfPage":{"@id":"https:\/\/kohenavocats.com\/pt-pt\/cour-dappel-de-montpellier-le-9-mars-2023-n23-04963\/#primaryimage"},"image":{"@id":"https:\/\/kohenavocats.com\/pt-pt\/cour-dappel-de-montpellier-le-9-mars-2023-n23-04963\/#primaryimage"},"thumbnailUrl":"https:\/\/kohenavocats.com\/wp-content\/uploads\/2024\/11\/getty-images-7NmYG4-AE24-unsplash.webp","datePublished":"2026-04-23T22:46:11+00:00","description":"La Cour d\u2019appel de Montpellier, dans un arr\u00eat du 9 mars 2023, a statu\u00e9 sur le calcul de l\u2019indemnit\u00e9 l\u00e9gale de licenciement. Un salari\u00e9, dont le contrat inclu...","breadcrumb":{"@id":"https:\/\/kohenavocats.com\/pt-pt\/cour-dappel-de-montpellier-le-9-mars-2023-n23-04963\/#breadcrumb"},"inLanguage":"pt-PT","potentialAction":[{"@type":"ReadAction","target":["https:\/\/kohenavocats.com\/pt-pt\/cour-dappel-de-montpellier-le-9-mars-2023-n23-04963\/"]}]},{"@type":"ImageObject","inLanguage":"pt-PT","@id":"https:\/\/kohenavocats.com\/pt-pt\/cour-dappel-de-montpellier-le-9-mars-2023-n23-04963\/#primaryimage","url":"https:\/\/kohenavocats.com\/wp-content\/uploads\/2024\/11\/getty-images-7NmYG4-AE24-unsplash.webp","contentUrl":"https:\/\/kohenavocats.com\/wp-content\/uploads\/2024\/11\/getty-images-7NmYG4-AE24-unsplash.webp","width":6500,"height":4000},{"@type":"BreadcrumbList","@id":"https:\/\/kohenavocats.com\/pt-pt\/cour-dappel-de-montpellier-le-9-mars-2023-n23-04963\/#breadcrumb","itemListElement":[{"@type":"ListItem","position":1,"name":"Home","item":"https:\/\/kohenavocats.com\/pt-pt\/avocats-en-droit-penal-a-paris-conseil-et-defense-strategique\/"},{"@type":"ListItem","position":2,"name":"Cour d&rsquo;appel de Montpellier, le 9 mars 2023, n\u00b023\/04963"}]},{"@type":"WebSite","@id":"https:\/\/kohenavocats.com\/pt-pt\/#website","url":"https:\/\/kohenavocats.com\/pt-pt\/","name":"Kohen Avocats","description":"Ma\u00eetre Hassan Kohen, avocat p\u00e9naliste \u00e0 Paris, intervient exclusivement en droit p\u00e9nal pour la d\u00e9fense des particuliers, notamment en mati\u00e8re d\u2019accusations de viol. Il assure un accompagnement rigoureux d\u00e8s la garde \u00e0 vue jusqu\u2019\u00e0 la Cour d\u2019assises, veillant au strict respect des garanties proc\u00e9durales.","publisher":{"@id":"https:\/\/kohenavocats.com\/pt-pt\/#organization"},"potentialAction":[{"@type":"SearchAction","target":{"@type":"EntryPoint","urlTemplate":"https:\/\/kohenavocats.com\/pt-pt\/?s={search_term_string}"},"query-input":{"@type":"PropertyValueSpecification","valueRequired":true,"valueName":"search_term_string"}}],"inLanguage":"pt-PT"},{"@type":"Organization","@id":"https:\/\/kohenavocats.com\/pt-pt\/#organization","name":"Kohen Avocats","url":"https:\/\/kohenavocats.com\/pt-pt\/","logo":{"@type":"ImageObject","inLanguage":"pt-PT","@id":"https:\/\/kohenavocats.com\/pt-pt\/#\/schema\/logo\/image\/","url":"https:\/\/kohenavocats.com\/wp-content\/uploads\/2026\/01\/Logo-2-1.webp","contentUrl":"https:\/\/kohenavocats.com\/wp-content\/uploads\/2026\/01\/Logo-2-1.webp","width":2114,"height":1253,"caption":"Kohen Avocats"},"image":{"@id":"https:\/\/kohenavocats.com\/pt-pt\/#\/schema\/logo\/image\/"}},{"@type":"Person","@id":"https:\/\/kohenavocats.com\/pt-pt\/#\/schema\/person\/761c9ba54fa1ca84d405cef0831ff751","name":"Kohen","image":{"@type":"ImageObject","inLanguage":"pt-PT","@id":"https:\/\/secure.gravatar.com\/avatar\/1c5e76ef76bbbfdd2b4da984e2bf2fa4056fd51a27d25ce2c332047f1dfd6e00?s=96&d=identicon&r=g","url":"https:\/\/secure.gravatar.com\/avatar\/1c5e76ef76bbbfdd2b4da984e2bf2fa4056fd51a27d25ce2c332047f1dfd6e00?s=96&d=identicon&r=g","contentUrl":"https:\/\/secure.gravatar.com\/avatar\/1c5e76ef76bbbfdd2b4da984e2bf2fa4056fd51a27d25ce2c332047f1dfd6e00?s=96&d=identicon&r=g","caption":"Kohen"},"sameAs":["https:\/\/www.linkedin.com\/in\/hassan-kohen-448548192\/","https:\/\/www.youtube.com\/@Kohen-Avocats"],"url":"https:\/\/kohenavocats.com\/pt-pt\/author\/kohenmlk\/"}]}},"jetpack_featured_media_url":"https:\/\/kohenavocats.com\/wp-content\/uploads\/2024\/11\/getty-images-7NmYG4-AE24-unsplash.webp","jetpack_likes_enabled":false,"jetpack_shortlink":"https:\/\/wp.me\/peCrII-2Nft","jetpack-related-posts":[{"id":660337,"url":"https:\/\/kohenavocats.com\/pt-pt\/cour-dappel-de-douai-le-9-janvier-2025-n24-01502\/","url_meta":{"origin":665971,"position":0},"title":"Cour d&#8217;appel de Douai, le 9 janvier 2025, n\u00b024\/01502","author":"Kohen","date":"23 de Abril, 2026","format":false,"excerpt":"La cour d'appel de Douai, le 9 janvier 2025, statue sur un litige relatif \u00e0 la port\u00e9e d'une clause de reprise d'anciennet\u00e9. Une salari\u00e9e soutient que cette c...","rel":"","context":"In &quot;Jurisprudence&quot;","block_context":{"text":"Jurisprudence","link":"https:\/\/kohenavocats.com\/category\/jurisprudence\/"},"img":{"alt_text":"","src":"https:\/\/i0.wp.com\/kohenavocats.com\/wp-content\/uploads\/2024\/06\/pexels-pavel-danilyuk-8112201.jpg?resize=350%2C200&ssl=1","width":350,"height":200,"srcset":"https:\/\/i0.wp.com\/kohenavocats.com\/wp-content\/uploads\/2024\/06\/pexels-pavel-danilyuk-8112201.jpg?resize=350%2C200&ssl=1 1x, https:\/\/i0.wp.com\/kohenavocats.com\/wp-content\/uploads\/2024\/06\/pexels-pavel-danilyuk-8112201.jpg?resize=525%2C300&ssl=1 1.5x, https:\/\/i0.wp.com\/kohenavocats.com\/wp-content\/uploads\/2024\/06\/pexels-pavel-danilyuk-8112201.jpg?resize=700%2C400&ssl=1 2x, https:\/\/i0.wp.com\/kohenavocats.com\/wp-content\/uploads\/2024\/06\/pexels-pavel-danilyuk-8112201.jpg?resize=1050%2C600&ssl=1 3x, https:\/\/i0.wp.com\/kohenavocats.com\/wp-content\/uploads\/2024\/06\/pexels-pavel-danilyuk-8112201.jpg?resize=1400%2C800&ssl=1 4x"},"classes":[]},{"id":416035,"url":"https:\/\/kohenavocats.com\/pt-pt\/cour-dappel-de-paris-le-31-mai-2012-n10-08112\/","url_meta":{"origin":665971,"position":1},"title":"Cour d&#8217;appel de Paris, le 31 mai 2012, n\u00b010\/08112","author":"Kohen","date":"22 de Mar\u00e7o, 2026","format":false,"excerpt":"La Cour d\u2019appel de Paris, le 31 mai 2012, statue sur un litige n\u00e9 d\u2019un licenciement \u00e9conomique. Une salari\u00e9e engag\u00e9e en 2005 avait adh\u00e9r\u00e9 \u00e0 une convention de reclassement personnalis\u00e9 en mars 2008. Elle conteste ensuite la r\u00e9gularit\u00e9 de la rupture et r\u00e9clame diverses indemnit\u00e9s. Le conseil de prud\u2019hommes de\u2026","rel":"","context":"In &quot;Cour d'appel&quot;","block_context":{"text":"Cour d'appel","link":"https:\/\/kohenavocats.com\/category\/cour-dappel\/"},"img":{"alt_text":"","src":"https:\/\/i0.wp.com\/kohenavocats.com\/wp-content\/uploads\/2024\/11\/curated-lifestyle-qCnkmrhcitk-unsplash.webp?resize=350%2C200&ssl=1","width":350,"height":200,"srcset":"https:\/\/i0.wp.com\/kohenavocats.com\/wp-content\/uploads\/2024\/11\/curated-lifestyle-qCnkmrhcitk-unsplash.webp?resize=350%2C200&ssl=1 1x, https:\/\/i0.wp.com\/kohenavocats.com\/wp-content\/uploads\/2024\/11\/curated-lifestyle-qCnkmrhcitk-unsplash.webp?resize=525%2C300&ssl=1 1.5x, https:\/\/i0.wp.com\/kohenavocats.com\/wp-content\/uploads\/2024\/11\/curated-lifestyle-qCnkmrhcitk-unsplash.webp?resize=700%2C400&ssl=1 2x, https:\/\/i0.wp.com\/kohenavocats.com\/wp-content\/uploads\/2024\/11\/curated-lifestyle-qCnkmrhcitk-unsplash.webp?resize=1050%2C600&ssl=1 3x, https:\/\/i0.wp.com\/kohenavocats.com\/wp-content\/uploads\/2024\/11\/curated-lifestyle-qCnkmrhcitk-unsplash.webp?resize=1400%2C800&ssl=1 4x"},"classes":[]},{"id":613356,"url":"https:\/\/kohenavocats.com\/pt-pt\/cour-dappel-de-montpellier-le-10-juillet-2024-n22-06040\/","url_meta":{"origin":665971,"position":2},"title":"Cour d&#8217;appel de Montpellier, le 10 juillet 2024, n\u00b022\/06040","author":"Kohen","date":"19 de Abril, 2026","format":false,"excerpt":"La Cour d'appel de Montpellier, dans un arr\u00eat du 10 juillet 2024, a statu\u00e9 sur un litige opposant une salari\u00e9e coiffeuse \u00e0 son employeur suite \u00e0 son licencie...","rel":"","context":"In &quot;Jurisprudence&quot;","block_context":{"text":"Jurisprudence","link":"https:\/\/kohenavocats.com\/category\/jurisprudence\/"},"img":{"alt_text":"","src":"https:\/\/i0.wp.com\/kohenavocats.com\/wp-content\/uploads\/2024\/08\/luke-michael-DUV8TJtD2QY-unsplash-1.webp?resize=350%2C200&ssl=1","width":350,"height":200,"srcset":"https:\/\/i0.wp.com\/kohenavocats.com\/wp-content\/uploads\/2024\/08\/luke-michael-DUV8TJtD2QY-unsplash-1.webp?resize=350%2C200&ssl=1 1x, https:\/\/i0.wp.com\/kohenavocats.com\/wp-content\/uploads\/2024\/08\/luke-michael-DUV8TJtD2QY-unsplash-1.webp?resize=525%2C300&ssl=1 1.5x, https:\/\/i0.wp.com\/kohenavocats.com\/wp-content\/uploads\/2024\/08\/luke-michael-DUV8TJtD2QY-unsplash-1.webp?resize=700%2C400&ssl=1 2x, https:\/\/i0.wp.com\/kohenavocats.com\/wp-content\/uploads\/2024\/08\/luke-michael-DUV8TJtD2QY-unsplash-1.webp?resize=1050%2C600&ssl=1 3x, https:\/\/i0.wp.com\/kohenavocats.com\/wp-content\/uploads\/2024\/08\/luke-michael-DUV8TJtD2QY-unsplash-1.webp?resize=1400%2C800&ssl=1 4x"},"classes":[]},{"id":441173,"url":"https:\/\/kohenavocats.com\/pt-pt\/cour-dappel-le-13-novembre-2025-n23-00578\/","url_meta":{"origin":665971,"position":3},"title":"Cour d&#8217;appel, le 13 novembre 2025, n\u00b023\/00578","author":"","date":"4 de Abril, 2026","format":false,"excerpt":"La Cour d\u2019appel de Dijon, chambre sociale, dans un arr\u00eat du 13 novembre 2025, a \u00e9t\u00e9 saisie d\u2019un litige relatif au calcul de l\u2019indemnit\u00e9 de licenciement...","rel":"","context":"In &quot;6917&quot;","block_context":{"text":"6917","link":"https:\/\/kohenavocats.com\/category\/6917\/"},"img":{"alt_text":"","src":"https:\/\/i0.wp.com\/kohenavocats.com\/wp-content\/uploads\/2024\/08\/valentin-kremer-zqipptjLLJc-unsplash.webp?resize=350%2C200&ssl=1","width":350,"height":200,"srcset":"https:\/\/i0.wp.com\/kohenavocats.com\/wp-content\/uploads\/2024\/08\/valentin-kremer-zqipptjLLJc-unsplash.webp?resize=350%2C200&ssl=1 1x, https:\/\/i0.wp.com\/kohenavocats.com\/wp-content\/uploads\/2024\/08\/valentin-kremer-zqipptjLLJc-unsplash.webp?resize=525%2C300&ssl=1 1.5x, https:\/\/i0.wp.com\/kohenavocats.com\/wp-content\/uploads\/2024\/08\/valentin-kremer-zqipptjLLJc-unsplash.webp?resize=700%2C400&ssl=1 2x, https:\/\/i0.wp.com\/kohenavocats.com\/wp-content\/uploads\/2024\/08\/valentin-kremer-zqipptjLLJc-unsplash.webp?resize=1050%2C600&ssl=1 3x, https:\/\/i0.wp.com\/kohenavocats.com\/wp-content\/uploads\/2024\/08\/valentin-kremer-zqipptjLLJc-unsplash.webp?resize=1400%2C800&ssl=1 4x"},"classes":[]},{"id":611436,"url":"https:\/\/kohenavocats.com\/pt-pt\/cour-dappel-le-19-fevrier-2025-n21-15015\/","url_meta":{"origin":665971,"position":4},"title":"Cour d&#8217;appel, le 19 f\u00e9vrier 2025, n\u00b021\/15015","author":"Kohen","date":"19 de Abril, 2026","format":false,"excerpt":"Cour d'appel de Montpellier, le 19 f\u00e9vrier 2025, n\u00b021\/02910. La juridiction statue sur un litige n\u00e9 de la rupture d'un contrat de travail par prise d'acte. L...","rel":"","context":"In &quot;Jurisprudence&quot;","block_context":{"text":"Jurisprudence","link":"https:\/\/kohenavocats.com\/category\/jurisprudence\/"},"img":{"alt_text":"","src":"https:\/\/i0.wp.com\/kohenavocats.com\/wp-content\/uploads\/2024\/08\/julio-wolf-_eilSGpKYlY-unsplash.webp?resize=350%2C200&ssl=1","width":350,"height":200,"srcset":"https:\/\/i0.wp.com\/kohenavocats.com\/wp-content\/uploads\/2024\/08\/julio-wolf-_eilSGpKYlY-unsplash.webp?resize=350%2C200&ssl=1 1x, https:\/\/i0.wp.com\/kohenavocats.com\/wp-content\/uploads\/2024\/08\/julio-wolf-_eilSGpKYlY-unsplash.webp?resize=525%2C300&ssl=1 1.5x, https:\/\/i0.wp.com\/kohenavocats.com\/wp-content\/uploads\/2024\/08\/julio-wolf-_eilSGpKYlY-unsplash.webp?resize=700%2C400&ssl=1 2x, https:\/\/i0.wp.com\/kohenavocats.com\/wp-content\/uploads\/2024\/08\/julio-wolf-_eilSGpKYlY-unsplash.webp?resize=1050%2C600&ssl=1 3x, https:\/\/i0.wp.com\/kohenavocats.com\/wp-content\/uploads\/2024\/08\/julio-wolf-_eilSGpKYlY-unsplash.webp?resize=1400%2C800&ssl=1 4x"},"classes":[]},{"id":71083,"url":"https:\/\/kohenavocats.com\/pt-pt\/cour-dappel-de-montpellier-le-10-septembre-2025-n23-03686\/","url_meta":{"origin":665971,"position":5},"title":"Cour d&#8217;appel de Montpellier, le 10 septembre 2025, n\u00b023\/03686","author":"Kohen","date":"9 de Novembro, 2025","format":false,"excerpt":"Par un arr\u00eat du 10 septembre 2025, la Cour d\u2019appel de Montpellier, 1re chambre sociale, tranche une s\u00e9rie de demandes cons\u00e9cutives \u00e0 une prise d\u2019acte motiv\u00e9e par des manquements salariaux. Le litige oppose un salari\u00e9, barman serveur, \u00e0 l\u2019entreprise qu\u2019il estime \u00eatre son nouvel employeur depuis l\u2019automne 2020. La cour\u2026","rel":"","context":"In &quot;Contentieux prud'homal&quot;","block_context":{"text":"Contentieux prud'homal","link":"https:\/\/kohenavocats.com\/category\/contentieux-prudhomal\/"},"img":{"alt_text":"","src":"https:\/\/i0.wp.com\/kohenavocats.com\/wp-content\/uploads\/2024\/11\/planet-volumes-QaegYrPWWD4-unsplash.webp?resize=350%2C200&ssl=1","width":350,"height":200,"srcset":"https:\/\/i0.wp.com\/kohenavocats.com\/wp-content\/uploads\/2024\/11\/planet-volumes-QaegYrPWWD4-unsplash.webp?resize=350%2C200&ssl=1 1x, https:\/\/i0.wp.com\/kohenavocats.com\/wp-content\/uploads\/2024\/11\/planet-volumes-QaegYrPWWD4-unsplash.webp?resize=525%2C300&ssl=1 1.5x, https:\/\/i0.wp.com\/kohenavocats.com\/wp-content\/uploads\/2024\/11\/planet-volumes-QaegYrPWWD4-unsplash.webp?resize=700%2C400&ssl=1 2x, https:\/\/i0.wp.com\/kohenavocats.com\/wp-content\/uploads\/2024\/11\/planet-volumes-QaegYrPWWD4-unsplash.webp?resize=1050%2C600&ssl=1 3x, https:\/\/i0.wp.com\/kohenavocats.com\/wp-content\/uploads\/2024\/11\/planet-volumes-QaegYrPWWD4-unsplash.webp?resize=1400%2C800&ssl=1 4x"},"classes":[]}],"jetpack_sharing_enabled":true,"_links":{"self":[{"href":"https:\/\/kohenavocats.com\/pt-pt\/wp-json\/wp\/v2\/posts\/665971","targetHints":{"allow":["GET"]}}],"collection":[{"href":"https:\/\/kohenavocats.com\/pt-pt\/wp-json\/wp\/v2\/posts"}],"about":[{"href":"https:\/\/kohenavocats.com\/pt-pt\/wp-json\/wp\/v2\/types\/post"}],"author":[{"embeddable":true,"href":"https:\/\/kohenavocats.com\/pt-pt\/wp-json\/wp\/v2\/users\/232070755"}],"replies":[{"embeddable":true,"href":"https:\/\/kohenavocats.com\/pt-pt\/wp-json\/wp\/v2\/comments?post=665971"}],"version-history":[{"count":0,"href":"https:\/\/kohenavocats.com\/pt-pt\/wp-json\/wp\/v2\/posts\/665971\/revisions"}],"wp:featuredmedia":[{"embeddable":true,"href":"https:\/\/kohenavocats.com\/pt-pt\/wp-json\/wp\/v2\/media\/9496"}],"wp:attachment":[{"href":"https:\/\/kohenavocats.com\/pt-pt\/wp-json\/wp\/v2\/media?parent=665971"}],"wp:term":[{"taxonomy":"category","embeddable":true,"href":"https:\/\/kohenavocats.com\/pt-pt\/wp-json\/wp\/v2\/categories?post=665971"},{"taxonomy":"post_tag","embeddable":true,"href":"https:\/\/kohenavocats.com\/pt-pt\/wp-json\/wp\/v2\/tags?post=665971"}],"curies":[{"name":"wp","href":"https:\/\/api.w.org\/{rel}","templated":true}]}}