{"id":666509,"date":"2026-04-24T01:40:19","date_gmt":"2026-04-23T23:40:19","guid":{"rendered":"https:\/\/kohenavocats.com\/tribunal-judiciaire-de-montpellier-le-23-septembre-2025-n24-01985\/"},"modified":"2026-04-24T01:40:19","modified_gmt":"2026-04-23T23:40:19","slug":"tribunal-judiciaire-de-montpellier-le-23-septembre-2025-n24-01985","status":"publish","type":"post","link":"https:\/\/kohenavocats.com\/pt-pt\/tribunal-judiciaire-de-montpellier-le-23-septembre-2025-n24-01985\/","title":{"rendered":"Tribunal judiciaire de Montpellier, le 23 septembre 2025, n\u00b024\/01985"},"content":{"rendered":"<div class=\"article-content\">\n<p>Le tribunal judiciaire, statuant le 23 septembre 2025, examine une demande en paiement d&#8217;une somme pr\u00eat\u00e9e entre particuliers. Le d\u00e9fendeur ne compara\u00eet pas, rendant le jugement r\u00e9put\u00e9 contradictoire. La question principale concerne la preuve de l&#8217;obligation de rembourser un pr\u00eat d\u00e9passant mille cinq cents euros. Le tribunal accueille la demande en paiement mais rejette la demande de dommages et int\u00e9r\u00eats pour pr\u00e9judice moral, tout en allouant une indemnit\u00e9 sur le fondement de l&#8217;article 700 du code de proc\u00e9dure civile.<\/p>\n<p>La preuve de l&#8217;obligation par un commencement d&#8217;\u00e9crit<\/p>\n<p>Le juge rappelle d&#8217;abord les principes g\u00e9n\u00e9raux r\u00e9gissant la charge de la preuve en mati\u00e8re contractuelle. Celui qui r\u00e9clame l&#8217;ex\u00e9cution d&#8217;une obligation doit la prouver, selon l&#8217;article 1353 du code civil. Pour les actes juridiques portant sur une somme sup\u00e9rieure \u00e0 mille cinq cents euros, la preuve litt\u00e9rale est exig\u00e9e, sauf exceptions l\u00e9gales. &#8220;L\u2019acte juridique portant sur une somme ou une valeur sup\u00e9rieure \u00e0 1.500\u20ac doit \u00eatre prouv\u00e9 par \u00e9crit&#8221; (article 1359). Le demandeur ne produit pas de contrat formel mais soumet plusieurs \u00e9l\u00e9ments, dont une reconnaissance de dette.<\/p>\n<p>Le tribunal qualifie cet \u00e9crit de commencement de preuve par \u00e9crit, suffisant pour fonder la cr\u00e9ance. Il estime que la reconnaissance rend vraisemblable l&#8217;all\u00e9gation du pr\u00eat. &#8220;La reconnaissance de dette [&#8230;] constitue un commencement de preuve par \u00e9crit des divers emprunts effectu\u00e9s \u00e0 son profit&#8221; (Motifs, point 1). Cette analyse distingue la d\u00e9cision d&#8217;une jurisprudence o\u00f9 un \u00e9crit similaire \u00e9tait jug\u00e9 insuffisant. En l&#8217;esp\u00e8ce, l&#8217;\u00e9crit \u00e9mane du d\u00e9biteur et d\u00e9signe clairement le cr\u00e9ancier et la somme due, satisfaisant aux exigences des articles 1361 et 1362 du code civil.<\/p>\n<p>La distinction entre pr\u00e9judice de retard et pr\u00e9judice moral autonome<\/p>\n<p>La seconde partie traite de la demande indemnitaire pour un pr\u00e9judice moral ind\u00e9pendant du retard de paiement. Le tribunal rappelle le fondement l\u00e9gal de cette action. &#8220;Le cr\u00e9ancier auquel son d\u00e9biteur en retard a caus\u00e9, par sa mauvaise foi, un pr\u00e9judice ind\u00e9pendant de ce retard, peut obtenir des dommages et int\u00e9r\u00eats distincts&#8221; (article 1231-6). Toutefois, le demandeur doit prouver ce pr\u00e9judice sp\u00e9cifique et la mauvaise foi du d\u00e9biteur, conform\u00e9ment \u00e0 l&#8217;article 9 du code de proc\u00e9dure civile.<\/p>\n<p>En l&#8217;absence de preuve mat\u00e9rielle des difficult\u00e9s all\u00e9gu\u00e9es, la demande est rejet\u00e9e. Le demandeur \u00e9voque des difficult\u00e9s financi\u00e8res importantes mais &#8220;il ne produit aucune pi\u00e8ce permettant d\u2019\u00e9tablir la v\u00e9racit\u00e9 de ses all\u00e9gations&#8221; (Motifs, point 2). Cette solution est conforme \u00e0 une jurisprudence ant\u00e9rieure qui exige la d\u00e9monstration d&#8217;un pr\u00e9judice moral non r\u00e9par\u00e9 par les int\u00e9r\u00eats de retard. Le tribunal op\u00e8re ainsi une distinction nette entre le droit au paiement, \u00e9tabli par un commencement de preuve, et le droit \u00e0 des dommages et int\u00e9r\u00eats compl\u00e9mentaires, soumis \u00e0 une exigence probatoire plus stricte.<\/p>\n<p>La port\u00e9e de cette d\u00e9cision r\u00e9side dans l&#8217;application souple des r\u00e8gles de preuve pour les engagements entre particuliers. Un \u00e9crit non formaliste peut valoir commencement de preuve s&#8217;il \u00e9mane du d\u00e9biteur et rend l&#8217;all\u00e9gation vraisemblable. La valeur de l&#8217;arr\u00eat est \u00e9galement de rappeler que le pr\u00e9judice moral autonome, li\u00e9 \u00e0 la mauvaise foi, ne se pr\u00e9sume pas et doit \u00eatre prouv\u00e9 concr\u00e8tement. Enfin, le tribunal use de son pouvoir d&#8217;\u00e9quit\u00e9 pour allouer une indemnit\u00e9 au titre des frais non compris dans les d\u00e9pens, malgr\u00e9 le d\u00e9faut de comparution, assurant ainsi un acc\u00e8s effectif \u00e0 la justice.<\/p>\n<\/div>\n","protected":false},"excerpt":{"rendered":"<p>Le tribunal judiciaire, statuant le 23 septembre 2025, examine une demande en paiement d&#8217;une somme pr\u00eat\u00e9e entre particuliers. Le d\u00e9fendeur ne compara\u00eet pas, &#8230;<\/p>\n","protected":false},"author":232070755,"featured_media":4690,"comment_status":"open","ping_status":"open","sticky":false,"template":"","format":"standard","meta":{"_crdt_document":"","_jetpack_newsletter_access":"","_jetpack_dont_email_post_to_subs":false,"_jetpack_newsletter_tier_id":0,"_jetpack_memberships_contains_paywalled_content":false,"_jetpack_memberships_contains_paid_content":false,"footnotes":"","jetpack_post_was_ever_published":false},"categories":[7597],"tags":[],"class_list":["post-666509","post","type-post","status-publish","format-standard","has-post-thumbnail","hentry","category-jurisprudence"],"yoast_head":"<!-- This site is optimized with the Yoast SEO Premium plugin v27.4 (Yoast SEO v27.4) - https:\/\/yoast.com\/product\/yoast-seo-premium-wordpress\/ -->\n<title>Tribunal judiciaire de Montpellier, le 23 septembre 2025, n\u00b024\/01985 - Ma\u00eetre Hassan Kohen, avocat en droit p\u00e9nal \u00e0 Paris<\/title>\n<meta name=\"description\" content=\"Le tribunal judiciaire, statuant le 23 septembre 2025, examine une demande en paiement d&#039;une somme pr\u00eat\u00e9e entre particuliers. Le d\u00e9fendeur ne compara\u00eet pas, ...\" \/>\n<meta name=\"robots\" content=\"index, follow, max-snippet:-1, max-image-preview:large, max-video-preview:-1\" \/>\n<link rel=\"canonical\" href=\"https:\/\/kohenavocats.com\/pt-pt\/tribunal-judiciaire-de-montpellier-le-23-septembre-2025-n24-01985\/\" \/>\n<meta property=\"og:locale\" content=\"pt_PT\" \/>\n<meta property=\"og:type\" content=\"article\" \/>\n<meta property=\"og:title\" content=\"Tribunal judiciaire de Montpellier, le 23 septembre 2025, n\u00b024\/01985\" \/>\n<meta property=\"og:description\" content=\"Le tribunal judiciaire, statuant le 23 septembre 2025, examine une demande en paiement d&#039;une somme pr\u00eat\u00e9e entre particuliers. Le d\u00e9fendeur ne compara\u00eet pas, ...\" \/>\n<meta property=\"og:url\" content=\"https:\/\/kohenavocats.com\/pt-pt\/tribunal-judiciaire-de-montpellier-le-23-septembre-2025-n24-01985\/\" \/>\n<meta property=\"og:site_name\" content=\"Ma\u00eetre Hassan Kohen, avocat en droit p\u00e9nal \u00e0 Paris\" \/>\n<meta property=\"article:published_time\" content=\"2026-04-23T23:40:19+00:00\" \/>\n<meta property=\"og:image\" content=\"https:\/\/kohenavocats.com\/wp-content\/uploads\/2024\/08\/anthony-mcgee-iOZOydyIw3M-unsplash.webp\" \/>\n\t<meta property=\"og:image:width\" content=\"5133\" \/>\n\t<meta property=\"og:image:height\" content=\"3468\" \/>\n\t<meta property=\"og:image:type\" content=\"image\/webp\" \/>\n<meta name=\"author\" content=\"Kohen\" \/>\n<meta name=\"twitter:card\" content=\"summary_large_image\" \/>\n<meta name=\"twitter:label1\" content=\"Escrito por\" \/>\n\t<meta name=\"twitter:data1\" content=\"Kohen\" \/>\n\t<meta name=\"twitter:label2\" content=\"Tempo estimado de leitura\" \/>\n\t<meta name=\"twitter:data2\" content=\"3 minutos\" \/>\n<script type=\"application\/ld+json\" class=\"yoast-schema-graph\">{\"@context\":\"https:\\\/\\\/schema.org\",\"@graph\":[{\"@type\":\"Article\",\"@id\":\"https:\\\/\\\/kohenavocats.com\\\/pt-pt\\\/tribunal-judiciaire-de-montpellier-le-23-septembre-2025-n24-01985\\\/#article\",\"isPartOf\":{\"@id\":\"https:\\\/\\\/kohenavocats.com\\\/pt-pt\\\/tribunal-judiciaire-de-montpellier-le-23-septembre-2025-n24-01985\\\/\"},\"author\":{\"name\":\"Kohen\",\"@id\":\"https:\\\/\\\/kohenavocats.com\\\/pt-pt\\\/#\\\/schema\\\/person\\\/761c9ba54fa1ca84d405cef0831ff751\"},\"headline\":\"Tribunal judiciaire de Montpellier, le 23 septembre 2025, n\u00b024\\\/01985\",\"datePublished\":\"2026-04-23T23:40:19+00:00\",\"mainEntityOfPage\":{\"@id\":\"https:\\\/\\\/kohenavocats.com\\\/pt-pt\\\/tribunal-judiciaire-de-montpellier-le-23-septembre-2025-n24-01985\\\/\"},\"wordCount\":628,\"commentCount\":0,\"publisher\":{\"@id\":\"https:\\\/\\\/kohenavocats.com\\\/pt-pt\\\/#organization\"},\"image\":{\"@id\":\"https:\\\/\\\/kohenavocats.com\\\/pt-pt\\\/tribunal-judiciaire-de-montpellier-le-23-septembre-2025-n24-01985\\\/#primaryimage\"},\"thumbnailUrl\":\"https:\\\/\\\/kohenavocats.com\\\/wp-content\\\/uploads\\\/2024\\\/08\\\/anthony-mcgee-iOZOydyIw3M-unsplash.webp\",\"articleSection\":[\"Jurisprudence\"],\"inLanguage\":\"pt-PT\",\"potentialAction\":[{\"@type\":\"CommentAction\",\"name\":\"Comment\",\"target\":[\"https:\\\/\\\/kohenavocats.com\\\/pt-pt\\\/tribunal-judiciaire-de-montpellier-le-23-septembre-2025-n24-01985\\\/#respond\"]}],\"citation\":\"Tribunal judiciaire de Montpellier, le 23 septembre 2025, n\u00b024\\\/01985\",\"about\":[{\"@type\":\"Thing\",\"name\":\"Jurisprudence\"}],\"dateModified\":\"2026-04-23T23:40:19+00:00\",\"speakable\":{\"@type\":\"SpeakableSpecification\",\"cssSelector\":[\".article-content > p:first-of-type\"]}},{\"@type\":\"WebPage\",\"@id\":\"https:\\\/\\\/kohenavocats.com\\\/pt-pt\\\/tribunal-judiciaire-de-montpellier-le-23-septembre-2025-n24-01985\\\/\",\"url\":\"https:\\\/\\\/kohenavocats.com\\\/pt-pt\\\/tribunal-judiciaire-de-montpellier-le-23-septembre-2025-n24-01985\\\/\",\"name\":\"Tribunal judiciaire de Montpellier, le 23 septembre 2025, n\u00b024\\\/01985 - Ma\u00eetre Hassan Kohen, avocat en droit p\u00e9nal \u00e0 Paris\",\"isPartOf\":{\"@id\":\"https:\\\/\\\/kohenavocats.com\\\/pt-pt\\\/#website\"},\"primaryImageOfPage\":{\"@id\":\"https:\\\/\\\/kohenavocats.com\\\/pt-pt\\\/tribunal-judiciaire-de-montpellier-le-23-septembre-2025-n24-01985\\\/#primaryimage\"},\"image\":{\"@id\":\"https:\\\/\\\/kohenavocats.com\\\/pt-pt\\\/tribunal-judiciaire-de-montpellier-le-23-septembre-2025-n24-01985\\\/#primaryimage\"},\"thumbnailUrl\":\"https:\\\/\\\/kohenavocats.com\\\/wp-content\\\/uploads\\\/2024\\\/08\\\/anthony-mcgee-iOZOydyIw3M-unsplash.webp\",\"datePublished\":\"2026-04-23T23:40:19+00:00\",\"description\":\"Le tribunal judiciaire, statuant le 23 septembre 2025, examine une demande en paiement d'une somme pr\u00eat\u00e9e entre particuliers. Le d\u00e9fendeur ne compara\u00eet pas, ...\",\"breadcrumb\":{\"@id\":\"https:\\\/\\\/kohenavocats.com\\\/pt-pt\\\/tribunal-judiciaire-de-montpellier-le-23-septembre-2025-n24-01985\\\/#breadcrumb\"},\"inLanguage\":\"pt-PT\",\"potentialAction\":[{\"@type\":\"ReadAction\",\"target\":[\"https:\\\/\\\/kohenavocats.com\\\/pt-pt\\\/tribunal-judiciaire-de-montpellier-le-23-septembre-2025-n24-01985\\\/\"]}]},{\"@type\":\"ImageObject\",\"inLanguage\":\"pt-PT\",\"@id\":\"https:\\\/\\\/kohenavocats.com\\\/pt-pt\\\/tribunal-judiciaire-de-montpellier-le-23-septembre-2025-n24-01985\\\/#primaryimage\",\"url\":\"https:\\\/\\\/kohenavocats.com\\\/wp-content\\\/uploads\\\/2024\\\/08\\\/anthony-mcgee-iOZOydyIw3M-unsplash.webp\",\"contentUrl\":\"https:\\\/\\\/kohenavocats.com\\\/wp-content\\\/uploads\\\/2024\\\/08\\\/anthony-mcgee-iOZOydyIw3M-unsplash.webp\",\"width\":5133,\"height\":3468},{\"@type\":\"BreadcrumbList\",\"@id\":\"https:\\\/\\\/kohenavocats.com\\\/pt-pt\\\/tribunal-judiciaire-de-montpellier-le-23-septembre-2025-n24-01985\\\/#breadcrumb\",\"itemListElement\":[{\"@type\":\"ListItem\",\"position\":1,\"name\":\"Home\",\"item\":\"https:\\\/\\\/kohenavocats.com\\\/pt-pt\\\/avocats-en-droit-penal-a-paris-conseil-et-defense-strategique\\\/\"},{\"@type\":\"ListItem\",\"position\":2,\"name\":\"Tribunal judiciaire de Montpellier, le 23 septembre 2025, n\u00b024\\\/01985\"}]},{\"@type\":\"WebSite\",\"@id\":\"https:\\\/\\\/kohenavocats.com\\\/pt-pt\\\/#website\",\"url\":\"https:\\\/\\\/kohenavocats.com\\\/pt-pt\\\/\",\"name\":\"Kohen Avocats\",\"description\":\"Ma\u00eetre Hassan Kohen, avocat p\u00e9naliste \u00e0 Paris, intervient exclusivement en droit p\u00e9nal pour la d\u00e9fense des particuliers, notamment en mati\u00e8re d\u2019accusations de viol. Il assure un accompagnement rigoureux d\u00e8s la garde \u00e0 vue jusqu\u2019\u00e0 la Cour d\u2019assises, veillant au strict respect des garanties proc\u00e9durales.\",\"publisher\":{\"@id\":\"https:\\\/\\\/kohenavocats.com\\\/pt-pt\\\/#organization\"},\"potentialAction\":[{\"@type\":\"SearchAction\",\"target\":{\"@type\":\"EntryPoint\",\"urlTemplate\":\"https:\\\/\\\/kohenavocats.com\\\/pt-pt\\\/?s={search_term_string}\"},\"query-input\":{\"@type\":\"PropertyValueSpecification\",\"valueRequired\":true,\"valueName\":\"search_term_string\"}}],\"inLanguage\":\"pt-PT\"},{\"@type\":\"Organization\",\"@id\":\"https:\\\/\\\/kohenavocats.com\\\/pt-pt\\\/#organization\",\"name\":\"Kohen Avocats\",\"url\":\"https:\\\/\\\/kohenavocats.com\\\/pt-pt\\\/\",\"logo\":{\"@type\":\"ImageObject\",\"inLanguage\":\"pt-PT\",\"@id\":\"https:\\\/\\\/kohenavocats.com\\\/pt-pt\\\/#\\\/schema\\\/logo\\\/image\\\/\",\"url\":\"https:\\\/\\\/kohenavocats.com\\\/wp-content\\\/uploads\\\/2026\\\/01\\\/Logo-2-1.webp\",\"contentUrl\":\"https:\\\/\\\/kohenavocats.com\\\/wp-content\\\/uploads\\\/2026\\\/01\\\/Logo-2-1.webp\",\"width\":2114,\"height\":1253,\"caption\":\"Kohen Avocats\"},\"image\":{\"@id\":\"https:\\\/\\\/kohenavocats.com\\\/pt-pt\\\/#\\\/schema\\\/logo\\\/image\\\/\"}},{\"@type\":\"Person\",\"@id\":\"https:\\\/\\\/kohenavocats.com\\\/pt-pt\\\/#\\\/schema\\\/person\\\/761c9ba54fa1ca84d405cef0831ff751\",\"name\":\"Kohen\",\"image\":{\"@type\":\"ImageObject\",\"inLanguage\":\"pt-PT\",\"@id\":\"https:\\\/\\\/secure.gravatar.com\\\/avatar\\\/1c5e76ef76bbbfdd2b4da984e2bf2fa4056fd51a27d25ce2c332047f1dfd6e00?s=96&d=identicon&r=g\",\"url\":\"https:\\\/\\\/secure.gravatar.com\\\/avatar\\\/1c5e76ef76bbbfdd2b4da984e2bf2fa4056fd51a27d25ce2c332047f1dfd6e00?s=96&d=identicon&r=g\",\"contentUrl\":\"https:\\\/\\\/secure.gravatar.com\\\/avatar\\\/1c5e76ef76bbbfdd2b4da984e2bf2fa4056fd51a27d25ce2c332047f1dfd6e00?s=96&d=identicon&r=g\",\"caption\":\"Kohen\"},\"sameAs\":[\"https:\\\/\\\/www.linkedin.com\\\/in\\\/hassan-kohen-448548192\\\/\",\"https:\\\/\\\/www.youtube.com\\\/@Kohen-Avocats\"],\"url\":\"https:\\\/\\\/kohenavocats.com\\\/pt-pt\\\/author\\\/kohenmlk\\\/\"}]}<\/script>\n<!-- \/ Yoast SEO Premium plugin. -->","yoast_head_json":{"title":"Tribunal judiciaire de Montpellier, le 23 septembre 2025, n\u00b024\/01985 - Ma\u00eetre Hassan Kohen, avocat en droit p\u00e9nal \u00e0 Paris","description":"Le tribunal judiciaire, statuant le 23 septembre 2025, examine une demande en paiement d'une somme pr\u00eat\u00e9e entre particuliers. Le d\u00e9fendeur ne compara\u00eet pas, ...","robots":{"index":"index","follow":"follow","max-snippet":"max-snippet:-1","max-image-preview":"max-image-preview:large","max-video-preview":"max-video-preview:-1"},"canonical":"https:\/\/kohenavocats.com\/pt-pt\/tribunal-judiciaire-de-montpellier-le-23-septembre-2025-n24-01985\/","og_locale":"pt_PT","og_type":"article","og_title":"Tribunal judiciaire de Montpellier, le 23 septembre 2025, n\u00b024\/01985","og_description":"Le tribunal judiciaire, statuant le 23 septembre 2025, examine une demande en paiement d'une somme pr\u00eat\u00e9e entre particuliers. Le d\u00e9fendeur ne compara\u00eet pas, ...","og_url":"https:\/\/kohenavocats.com\/pt-pt\/tribunal-judiciaire-de-montpellier-le-23-septembre-2025-n24-01985\/","og_site_name":"Ma\u00eetre Hassan Kohen, avocat en droit p\u00e9nal \u00e0 Paris","article_published_time":"2026-04-23T23:40:19+00:00","og_image":[{"width":5133,"height":3468,"url":"https:\/\/kohenavocats.com\/wp-content\/uploads\/2024\/08\/anthony-mcgee-iOZOydyIw3M-unsplash.webp","type":"image\/webp"}],"author":"Kohen","twitter_card":"summary_large_image","twitter_misc":{"Escrito por":"Kohen","Tempo estimado de leitura":"3 minutos"},"schema":{"@context":"https:\/\/schema.org","@graph":[{"@type":"Article","@id":"https:\/\/kohenavocats.com\/pt-pt\/tribunal-judiciaire-de-montpellier-le-23-septembre-2025-n24-01985\/#article","isPartOf":{"@id":"https:\/\/kohenavocats.com\/pt-pt\/tribunal-judiciaire-de-montpellier-le-23-septembre-2025-n24-01985\/"},"author":{"name":"Kohen","@id":"https:\/\/kohenavocats.com\/pt-pt\/#\/schema\/person\/761c9ba54fa1ca84d405cef0831ff751"},"headline":"Tribunal judiciaire de Montpellier, le 23 septembre 2025, n\u00b024\/01985","datePublished":"2026-04-23T23:40:19+00:00","mainEntityOfPage":{"@id":"https:\/\/kohenavocats.com\/pt-pt\/tribunal-judiciaire-de-montpellier-le-23-septembre-2025-n24-01985\/"},"wordCount":628,"commentCount":0,"publisher":{"@id":"https:\/\/kohenavocats.com\/pt-pt\/#organization"},"image":{"@id":"https:\/\/kohenavocats.com\/pt-pt\/tribunal-judiciaire-de-montpellier-le-23-septembre-2025-n24-01985\/#primaryimage"},"thumbnailUrl":"https:\/\/kohenavocats.com\/wp-content\/uploads\/2024\/08\/anthony-mcgee-iOZOydyIw3M-unsplash.webp","articleSection":["Jurisprudence"],"inLanguage":"pt-PT","potentialAction":[{"@type":"CommentAction","name":"Comment","target":["https:\/\/kohenavocats.com\/pt-pt\/tribunal-judiciaire-de-montpellier-le-23-septembre-2025-n24-01985\/#respond"]}],"citation":"Tribunal judiciaire de Montpellier, le 23 septembre 2025, n\u00b024\/01985","about":[{"@type":"Thing","name":"Jurisprudence"}],"dateModified":"2026-04-23T23:40:19+00:00","speakable":{"@type":"SpeakableSpecification","cssSelector":[".article-content > p:first-of-type"]}},{"@type":"WebPage","@id":"https:\/\/kohenavocats.com\/pt-pt\/tribunal-judiciaire-de-montpellier-le-23-septembre-2025-n24-01985\/","url":"https:\/\/kohenavocats.com\/pt-pt\/tribunal-judiciaire-de-montpellier-le-23-septembre-2025-n24-01985\/","name":"Tribunal judiciaire de Montpellier, le 23 septembre 2025, n\u00b024\/01985 - Ma\u00eetre Hassan Kohen, avocat en droit p\u00e9nal \u00e0 Paris","isPartOf":{"@id":"https:\/\/kohenavocats.com\/pt-pt\/#website"},"primaryImageOfPage":{"@id":"https:\/\/kohenavocats.com\/pt-pt\/tribunal-judiciaire-de-montpellier-le-23-septembre-2025-n24-01985\/#primaryimage"},"image":{"@id":"https:\/\/kohenavocats.com\/pt-pt\/tribunal-judiciaire-de-montpellier-le-23-septembre-2025-n24-01985\/#primaryimage"},"thumbnailUrl":"https:\/\/kohenavocats.com\/wp-content\/uploads\/2024\/08\/anthony-mcgee-iOZOydyIw3M-unsplash.webp","datePublished":"2026-04-23T23:40:19+00:00","description":"Le tribunal judiciaire, statuant le 23 septembre 2025, examine une demande en paiement d'une somme pr\u00eat\u00e9e entre particuliers. Le d\u00e9fendeur ne compara\u00eet pas, ...","breadcrumb":{"@id":"https:\/\/kohenavocats.com\/pt-pt\/tribunal-judiciaire-de-montpellier-le-23-septembre-2025-n24-01985\/#breadcrumb"},"inLanguage":"pt-PT","potentialAction":[{"@type":"ReadAction","target":["https:\/\/kohenavocats.com\/pt-pt\/tribunal-judiciaire-de-montpellier-le-23-septembre-2025-n24-01985\/"]}]},{"@type":"ImageObject","inLanguage":"pt-PT","@id":"https:\/\/kohenavocats.com\/pt-pt\/tribunal-judiciaire-de-montpellier-le-23-septembre-2025-n24-01985\/#primaryimage","url":"https:\/\/kohenavocats.com\/wp-content\/uploads\/2024\/08\/anthony-mcgee-iOZOydyIw3M-unsplash.webp","contentUrl":"https:\/\/kohenavocats.com\/wp-content\/uploads\/2024\/08\/anthony-mcgee-iOZOydyIw3M-unsplash.webp","width":5133,"height":3468},{"@type":"BreadcrumbList","@id":"https:\/\/kohenavocats.com\/pt-pt\/tribunal-judiciaire-de-montpellier-le-23-septembre-2025-n24-01985\/#breadcrumb","itemListElement":[{"@type":"ListItem","position":1,"name":"Home","item":"https:\/\/kohenavocats.com\/pt-pt\/avocats-en-droit-penal-a-paris-conseil-et-defense-strategique\/"},{"@type":"ListItem","position":2,"name":"Tribunal judiciaire de Montpellier, le 23 septembre 2025, n\u00b024\/01985"}]},{"@type":"WebSite","@id":"https:\/\/kohenavocats.com\/pt-pt\/#website","url":"https:\/\/kohenavocats.com\/pt-pt\/","name":"Kohen Avocats","description":"Ma\u00eetre Hassan Kohen, avocat p\u00e9naliste \u00e0 Paris, intervient exclusivement en droit p\u00e9nal pour la d\u00e9fense des particuliers, notamment en mati\u00e8re d\u2019accusations de viol. Il assure un accompagnement rigoureux d\u00e8s la garde \u00e0 vue jusqu\u2019\u00e0 la Cour d\u2019assises, veillant au strict respect des garanties proc\u00e9durales.","publisher":{"@id":"https:\/\/kohenavocats.com\/pt-pt\/#organization"},"potentialAction":[{"@type":"SearchAction","target":{"@type":"EntryPoint","urlTemplate":"https:\/\/kohenavocats.com\/pt-pt\/?s={search_term_string}"},"query-input":{"@type":"PropertyValueSpecification","valueRequired":true,"valueName":"search_term_string"}}],"inLanguage":"pt-PT"},{"@type":"Organization","@id":"https:\/\/kohenavocats.com\/pt-pt\/#organization","name":"Kohen Avocats","url":"https:\/\/kohenavocats.com\/pt-pt\/","logo":{"@type":"ImageObject","inLanguage":"pt-PT","@id":"https:\/\/kohenavocats.com\/pt-pt\/#\/schema\/logo\/image\/","url":"https:\/\/kohenavocats.com\/wp-content\/uploads\/2026\/01\/Logo-2-1.webp","contentUrl":"https:\/\/kohenavocats.com\/wp-content\/uploads\/2026\/01\/Logo-2-1.webp","width":2114,"height":1253,"caption":"Kohen Avocats"},"image":{"@id":"https:\/\/kohenavocats.com\/pt-pt\/#\/schema\/logo\/image\/"}},{"@type":"Person","@id":"https:\/\/kohenavocats.com\/pt-pt\/#\/schema\/person\/761c9ba54fa1ca84d405cef0831ff751","name":"Kohen","image":{"@type":"ImageObject","inLanguage":"pt-PT","@id":"https:\/\/secure.gravatar.com\/avatar\/1c5e76ef76bbbfdd2b4da984e2bf2fa4056fd51a27d25ce2c332047f1dfd6e00?s=96&d=identicon&r=g","url":"https:\/\/secure.gravatar.com\/avatar\/1c5e76ef76bbbfdd2b4da984e2bf2fa4056fd51a27d25ce2c332047f1dfd6e00?s=96&d=identicon&r=g","contentUrl":"https:\/\/secure.gravatar.com\/avatar\/1c5e76ef76bbbfdd2b4da984e2bf2fa4056fd51a27d25ce2c332047f1dfd6e00?s=96&d=identicon&r=g","caption":"Kohen"},"sameAs":["https:\/\/www.linkedin.com\/in\/hassan-kohen-448548192\/","https:\/\/www.youtube.com\/@Kohen-Avocats"],"url":"https:\/\/kohenavocats.com\/pt-pt\/author\/kohenmlk\/"}]}},"jetpack_featured_media_url":"https:\/\/kohenavocats.com\/wp-content\/uploads\/2024\/08\/anthony-mcgee-iOZOydyIw3M-unsplash.webp","jetpack_likes_enabled":false,"jetpack_shortlink":"https:\/\/wp.me\/peCrII-2No9","jetpack-related-posts":[{"id":666652,"url":"https:\/\/kohenavocats.com\/pt-pt\/tribunal-judiciaire-de-nantes-le-23-septembre-2025-n22-03534\/","url_meta":{"origin":666509,"position":0},"title":"Tribunal judiciaire de Nantes, le 23 septembre 2025, n\u00b022\/03534","author":"Kohen","date":"24 de Abril, 2026","format":false,"excerpt":"La cour de premi\u00e8re instance, statuant en mati\u00e8re civile, a rendu sa d\u00e9cision le 23 septembre 2025. L'affaire opposait une soci\u00e9t\u00e9 de pl\u00e2trerie \u00e0 des propri\u00e9...","rel":"","context":"In &quot;Jurisprudence&quot;","block_context":{"text":"Jurisprudence","link":"https:\/\/kohenavocats.com\/category\/jurisprudence\/"},"img":{"alt_text":"","src":"https:\/\/i0.wp.com\/kohenavocats.com\/wp-content\/uploads\/2024\/11\/zyanya-citlalli-UacA8X7HWwg-unsplash-1.webp?resize=350%2C200&ssl=1","width":350,"height":200,"srcset":"https:\/\/i0.wp.com\/kohenavocats.com\/wp-content\/uploads\/2024\/11\/zyanya-citlalli-UacA8X7HWwg-unsplash-1.webp?resize=350%2C200&ssl=1 1x, https:\/\/i0.wp.com\/kohenavocats.com\/wp-content\/uploads\/2024\/11\/zyanya-citlalli-UacA8X7HWwg-unsplash-1.webp?resize=525%2C300&ssl=1 1.5x, https:\/\/i0.wp.com\/kohenavocats.com\/wp-content\/uploads\/2024\/11\/zyanya-citlalli-UacA8X7HWwg-unsplash-1.webp?resize=700%2C400&ssl=1 2x, https:\/\/i0.wp.com\/kohenavocats.com\/wp-content\/uploads\/2024\/11\/zyanya-citlalli-UacA8X7HWwg-unsplash-1.webp?resize=1050%2C600&ssl=1 3x, https:\/\/i0.wp.com\/kohenavocats.com\/wp-content\/uploads\/2024\/11\/zyanya-citlalli-UacA8X7HWwg-unsplash-1.webp?resize=1400%2C800&ssl=1 4x"},"classes":[]},{"id":667842,"url":"https:\/\/kohenavocats.com\/pt-pt\/cour-dappel-le-23-septembre-2025-n22-00342\/","url_meta":{"origin":666509,"position":1},"title":"Cour d&#8217;appel, le 23 septembre 2025, n\u00b022\/00342","author":"Kohen","date":"24 de Abril, 2026","format":false,"excerpt":"La Cour d'appel, statuant en dernier ressort, infirme partiellement un jugement en mati\u00e8re de cr\u00e9ances commerciales. Elle rejette la qualification commercial...","rel":"","context":"In &quot;Jurisprudence&quot;","block_context":{"text":"Jurisprudence","link":"https:\/\/kohenavocats.com\/category\/jurisprudence\/"},"img":{"alt_text":"","src":"https:\/\/i0.wp.com\/kohenavocats.com\/wp-content\/uploads\/2024\/11\/virginia-marinova-3UfkjHxVch0-unsplash.webp?resize=350%2C200&ssl=1","width":350,"height":200,"srcset":"https:\/\/i0.wp.com\/kohenavocats.com\/wp-content\/uploads\/2024\/11\/virginia-marinova-3UfkjHxVch0-unsplash.webp?resize=350%2C200&ssl=1 1x, https:\/\/i0.wp.com\/kohenavocats.com\/wp-content\/uploads\/2024\/11\/virginia-marinova-3UfkjHxVch0-unsplash.webp?resize=525%2C300&ssl=1 1.5x, https:\/\/i0.wp.com\/kohenavocats.com\/wp-content\/uploads\/2024\/11\/virginia-marinova-3UfkjHxVch0-unsplash.webp?resize=700%2C400&ssl=1 2x, https:\/\/i0.wp.com\/kohenavocats.com\/wp-content\/uploads\/2024\/11\/virginia-marinova-3UfkjHxVch0-unsplash.webp?resize=1050%2C600&ssl=1 3x, https:\/\/i0.wp.com\/kohenavocats.com\/wp-content\/uploads\/2024\/11\/virginia-marinova-3UfkjHxVch0-unsplash.webp?resize=1400%2C800&ssl=1 4x"},"classes":[]},{"id":485181,"url":"https:\/\/kohenavocats.com\/pt-pt\/tribunal-judiciaire-de-caen-le-23-septembre-2025-n25-01475\/","url_meta":{"origin":666509,"position":2},"title":"Tribunal judiciaire de Caen, le 23 septembre 2025, n\u00b025\/01475","author":"Kohen","date":"8 de Abril, 2026","format":false,"excerpt":"Le juge des contentieux de la protection, statuant en premier ressort, a rendu une d\u00e9cision le 23 septembre 2025. Un organisme public de logement a engag\u00e9 un...","rel":"","context":"In &quot;Jurisprudence&quot;","block_context":{"text":"Jurisprudence","link":"https:\/\/kohenavocats.com\/category\/jurisprudence\/"},"img":{"alt_text":"","src":"https:\/\/i0.wp.com\/kohenavocats.com\/wp-content\/uploads\/2024\/11\/ave-calvar-o6Zd8_PweIA-unsplash.webp?resize=350%2C200&ssl=1","width":350,"height":200,"srcset":"https:\/\/i0.wp.com\/kohenavocats.com\/wp-content\/uploads\/2024\/11\/ave-calvar-o6Zd8_PweIA-unsplash.webp?resize=350%2C200&ssl=1 1x, https:\/\/i0.wp.com\/kohenavocats.com\/wp-content\/uploads\/2024\/11\/ave-calvar-o6Zd8_PweIA-unsplash.webp?resize=525%2C300&ssl=1 1.5x, https:\/\/i0.wp.com\/kohenavocats.com\/wp-content\/uploads\/2024\/11\/ave-calvar-o6Zd8_PweIA-unsplash.webp?resize=700%2C400&ssl=1 2x, https:\/\/i0.wp.com\/kohenavocats.com\/wp-content\/uploads\/2024\/11\/ave-calvar-o6Zd8_PweIA-unsplash.webp?resize=1050%2C600&ssl=1 3x, https:\/\/i0.wp.com\/kohenavocats.com\/wp-content\/uploads\/2024\/11\/ave-calvar-o6Zd8_PweIA-unsplash.webp?resize=1400%2C800&ssl=1 4x"},"classes":[]},{"id":666852,"url":"https:\/\/kohenavocats.com\/pt-pt\/tribunal-judiciaire-de-paris-le-23-septembre-2025-n25-00444\/","url_meta":{"origin":666509,"position":3},"title":"Tribunal judiciaire de Paris, le 23 septembre 2025, n\u00b025\/00444","author":"Kohen","date":"24 de Abril, 2026","format":false,"excerpt":"Le juge des contentieux de la protection, statuant le 23 septembre 2025, a condamn\u00e9 un locataire d\u00e9faillant au paiement d\u2019un important arri\u00e9r\u00e9 locatif. Le ba...","rel":"","context":"In &quot;Jurisprudence&quot;","block_context":{"text":"Jurisprudence","link":"https:\/\/kohenavocats.com\/category\/jurisprudence\/"},"img":{"alt_text":"","src":"https:\/\/i0.wp.com\/kohenavocats.com\/wp-content\/uploads\/2024\/08\/daniele-d-andreti-ud9u7beav2s-unsplash.webp?resize=350%2C200&ssl=1","width":350,"height":200,"srcset":"https:\/\/i0.wp.com\/kohenavocats.com\/wp-content\/uploads\/2024\/08\/daniele-d-andreti-ud9u7beav2s-unsplash.webp?resize=350%2C200&ssl=1 1x, https:\/\/i0.wp.com\/kohenavocats.com\/wp-content\/uploads\/2024\/08\/daniele-d-andreti-ud9u7beav2s-unsplash.webp?resize=525%2C300&ssl=1 1.5x, https:\/\/i0.wp.com\/kohenavocats.com\/wp-content\/uploads\/2024\/08\/daniele-d-andreti-ud9u7beav2s-unsplash.webp?resize=700%2C400&ssl=1 2x, https:\/\/i0.wp.com\/kohenavocats.com\/wp-content\/uploads\/2024\/08\/daniele-d-andreti-ud9u7beav2s-unsplash.webp?resize=1050%2C600&ssl=1 3x, https:\/\/i0.wp.com\/kohenavocats.com\/wp-content\/uploads\/2024\/08\/daniele-d-andreti-ud9u7beav2s-unsplash.webp?resize=1400%2C800&ssl=1 4x"},"classes":[]},{"id":666791,"url":"https:\/\/kohenavocats.com\/pt-pt\/tribunal-judiciaire-de-evry-le-23-septembre-2025-n24-01142\/","url_meta":{"origin":666509,"position":4},"title":"Tribunal judiciaire de \u00c9vry, le 23 septembre 2025, n\u00b024\/01142","author":"Kohen","date":"24 de Abril, 2026","format":false,"excerpt":"Le tribunal judiciaire de premi\u00e8re instance, statuant le vingt-trois septembre deux mille vingt-cinq, a \u00e9t\u00e9 saisi d\u2019une demande en paiement du solde de trava...","rel":"","context":"In &quot;Jurisprudence&quot;","block_context":{"text":"Jurisprudence","link":"https:\/\/kohenavocats.com\/category\/jurisprudence\/"},"img":{"alt_text":"","src":"https:\/\/i0.wp.com\/kohenavocats.com\/wp-content\/uploads\/2024\/11\/mohamed-nohassi-kF7auA4ZbMM-unsplash.webp?resize=350%2C200&ssl=1","width":350,"height":200,"srcset":"https:\/\/i0.wp.com\/kohenavocats.com\/wp-content\/uploads\/2024\/11\/mohamed-nohassi-kF7auA4ZbMM-unsplash.webp?resize=350%2C200&ssl=1 1x, https:\/\/i0.wp.com\/kohenavocats.com\/wp-content\/uploads\/2024\/11\/mohamed-nohassi-kF7auA4ZbMM-unsplash.webp?resize=525%2C300&ssl=1 1.5x, https:\/\/i0.wp.com\/kohenavocats.com\/wp-content\/uploads\/2024\/11\/mohamed-nohassi-kF7auA4ZbMM-unsplash.webp?resize=700%2C400&ssl=1 2x, https:\/\/i0.wp.com\/kohenavocats.com\/wp-content\/uploads\/2024\/11\/mohamed-nohassi-kF7auA4ZbMM-unsplash.webp?resize=1050%2C600&ssl=1 3x, https:\/\/i0.wp.com\/kohenavocats.com\/wp-content\/uploads\/2024\/11\/mohamed-nohassi-kF7auA4ZbMM-unsplash.webp?resize=1400%2C800&ssl=1 4x"},"classes":[]},{"id":614897,"url":"https:\/\/kohenavocats.com\/pt-pt\/tribunal-judiciaire-de-nanterre-le-23-septembre-2025-n25-03786\/","url_meta":{"origin":666509,"position":5},"title":"Tribunal judiciaire de Nanterre, le 23 septembre 2025, n\u00b025\/03786","author":"Kohen","date":"20 de Abril, 2026","format":false,"excerpt":"Le tribunal judiciaire, statuant en mati\u00e8re d'ex\u00e9cution, a rendu un jugement le 23 septembre 2025. Il se pronon\u00e7ait sur une demande de d\u00e9lai de paiement et s...","rel":"","context":"In &quot;Jurisprudence&quot;","block_context":{"text":"Jurisprudence","link":"https:\/\/kohenavocats.com\/category\/jurisprudence\/"},"img":{"alt_text":"","src":"https:\/\/i0.wp.com\/kohenavocats.com\/wp-content\/uploads\/2024\/11\/aakash-dhage-qZlPncXgGno-unsplash.webp?resize=350%2C200&ssl=1","width":350,"height":200,"srcset":"https:\/\/i0.wp.com\/kohenavocats.com\/wp-content\/uploads\/2024\/11\/aakash-dhage-qZlPncXgGno-unsplash.webp?resize=350%2C200&ssl=1 1x, https:\/\/i0.wp.com\/kohenavocats.com\/wp-content\/uploads\/2024\/11\/aakash-dhage-qZlPncXgGno-unsplash.webp?resize=525%2C300&ssl=1 1.5x, https:\/\/i0.wp.com\/kohenavocats.com\/wp-content\/uploads\/2024\/11\/aakash-dhage-qZlPncXgGno-unsplash.webp?resize=700%2C400&ssl=1 2x, https:\/\/i0.wp.com\/kohenavocats.com\/wp-content\/uploads\/2024\/11\/aakash-dhage-qZlPncXgGno-unsplash.webp?resize=1050%2C600&ssl=1 3x, https:\/\/i0.wp.com\/kohenavocats.com\/wp-content\/uploads\/2024\/11\/aakash-dhage-qZlPncXgGno-unsplash.webp?resize=1400%2C800&ssl=1 4x"},"classes":[]}],"jetpack_sharing_enabled":true,"_links":{"self":[{"href":"https:\/\/kohenavocats.com\/pt-pt\/wp-json\/wp\/v2\/posts\/666509","targetHints":{"allow":["GET"]}}],"collection":[{"href":"https:\/\/kohenavocats.com\/pt-pt\/wp-json\/wp\/v2\/posts"}],"about":[{"href":"https:\/\/kohenavocats.com\/pt-pt\/wp-json\/wp\/v2\/types\/post"}],"author":[{"embeddable":true,"href":"https:\/\/kohenavocats.com\/pt-pt\/wp-json\/wp\/v2\/users\/232070755"}],"replies":[{"embeddable":true,"href":"https:\/\/kohenavocats.com\/pt-pt\/wp-json\/wp\/v2\/comments?post=666509"}],"version-history":[{"count":0,"href":"https:\/\/kohenavocats.com\/pt-pt\/wp-json\/wp\/v2\/posts\/666509\/revisions"}],"wp:featuredmedia":[{"embeddable":true,"href":"https:\/\/kohenavocats.com\/pt-pt\/wp-json\/wp\/v2\/media\/4690"}],"wp:attachment":[{"href":"https:\/\/kohenavocats.com\/pt-pt\/wp-json\/wp\/v2\/media?parent=666509"}],"wp:term":[{"taxonomy":"category","embeddable":true,"href":"https:\/\/kohenavocats.com\/pt-pt\/wp-json\/wp\/v2\/categories?post=666509"},{"taxonomy":"post_tag","embeddable":true,"href":"https:\/\/kohenavocats.com\/pt-pt\/wp-json\/wp\/v2\/tags?post=666509"}],"curies":[{"name":"wp","href":"https:\/\/api.w.org\/{rel}","templated":true}]}}