{"id":666954,"date":"2026-04-24T02:29:52","date_gmt":"2026-04-24T00:29:52","guid":{"rendered":"https:\/\/kohenavocats.com\/tribunal-judiciaire-de-creteil-le-23-septembre-2025-n25-00828-2\/"},"modified":"2026-04-24T02:29:52","modified_gmt":"2026-04-24T00:29:52","slug":"tribunal-judiciaire-de-creteil-le-23-septembre-2025-n25-00828-2","status":"publish","type":"post","link":"https:\/\/kohenavocats.com\/pt-pt\/tribunal-judiciaire-de-creteil-le-23-septembre-2025-n25-00828-2\/","title":{"rendered":"Tribunal judiciaire de Cr\u00e9teil, le 23 septembre 2025, n\u00b025\/00828"},"content":{"rendered":"<div class=\"article-content\">\n<p>Le tribunal judiciaire, statuant en r\u00e9f\u00e9r\u00e9 le 23 septembre 2025, a \u00e9t\u00e9 saisi par les proches d&#8217;une victime d\u00e9c\u00e9d\u00e9e imm\u00e9diatement apr\u00e8s un accident. Ils sollicitaient une expertise et des provisions. Le juge a rejet\u00e9 la demande d&#8217;expertise concernant le pr\u00e9judice de la victime directe. Il a en revanche accord\u00e9 des indemnit\u00e9s provisionnelles aux victimes indirectes, estimant l&#8217;obligation de l&#8217;auteur et de son assureur non s\u00e9rieusement contestable.<\/p>\n<p>Le rejet motiv\u00e9 de la mesure d&#8217;instruction in futurum<\/p>\n<p>La recevabilit\u00e9 conditionnelle de l&#8217;expertise pr\u00e9alable. Le juge rappelle les conditions strictes de l&#8217;article 145 du code de proc\u00e9dure civile. La mesure doit viser \u00e0 \u00e9tablir des faits d\u00e9terminants pour un litige futur et cr\u00e9dibles. &#8220;Si le demandeur \u00e0 la mesure d&#8217;instruction n&#8217;a pas \u00e0 d\u00e9montrer l&#8217;existence des faits qu&#8217;il invoque puisque cette mesure in futurum est justement destin\u00e9e \u00e0 les \u00e9tablir, il doit n\u00e9anmoins justifier d&#8217;\u00e9l\u00e9ments rendant cr\u00e9dibles ses all\u00e9gations&#8221; (Motifs de la d\u00e9cision). Cette exigence de vraisemblance initiale prot\u00e8ge contre les demandes dilatoires ou sp\u00e9culatives. Elle pr\u00e9serve ainsi l&#8217;\u00e9quilibre proc\u00e9dural entre les parties en r\u00e9f\u00e9r\u00e9.<\/p>\n<p>L&#8217;absence manifeste de fondement du pr\u00e9judice all\u00e9gu\u00e9. Le juge applique ces principes au cas d&#8217;une victime d\u00e9c\u00e9d\u00e9e sur le coup. Il d\u00e9finit le pr\u00e9judice d&#8217;angoisse comme &#8220;un pr\u00e9judice situationnel qui ne peut exister que si la victime est consciente de son \u00e9tat&#8221; (Motifs de la d\u00e9cision). La conscience du p\u00e9ril mortel est donc un \u00e9l\u00e9ment constitutif essentiel. En l&#8217;absence de cet \u00e9l\u00e9ment, l&#8217;action est &#8220;manifestement vou\u00e9e \u00e0 l&#8217;\u00e9chec&#8221;. Cette analyse rejoint la jurisprudence qui exige une conscience claire de la mort imminente. &#8220;Le pr\u00e9judice de mort imminente consiste pour la victime d\u00e9c\u00e9d\u00e9e \u00e0 avoir eu conscience entre la survenance de l\u2019accident et sa mort de la gravit\u00e9 de son \u00e9tat&#8221; (Tribunal judiciaire de Bordeaux, le 11 juillet 2025, n\u00b024\/00095). La d\u00e9cision \u00e9carte donc toute expertise inutile sur ce point.<\/p>\n<p>L&#8217;octroi diff\u00e9renci\u00e9 des provisions sur pr\u00e9judices par ricochet<\/p>\n<p>Le fondement l\u00e9gal d&#8217;une obligation non s\u00e9rieusement contestable. Pour les victimes indirectes, le juge applique l&#8217;article 835 alin\u00e9a 2 du code de proc\u00e9dure civile. Leur droit \u00e0 r\u00e9paration d\u00e9coule directement de la faute \u00e9tablie de l&#8217;auteur de l&#8217;accident. La circonstance que la victime \u00e9tait sur un passage pi\u00e9ton rend cette obligation \u00e9vidente. Le caract\u00e8re non s\u00e9rieusement contestable justifie ainsi l&#8217;intervention du juge des r\u00e9f\u00e9r\u00e9s. Cette proc\u00e9dure rapide permet une r\u00e9paration anticip\u00e9e sans attendre l&#8217;issue d&#8217;une instance au fond. Elle r\u00e9pond \u00e0 un imp\u00e9ratif d&#8217;\u00e9quit\u00e9 envers des proches endeuill\u00e9s.<\/p>\n<p>L&#8217;\u00e9valuation provisionnelle et la modulation des montants. Le juge op\u00e8re une pond\u00e9ration entre les demandes des victimes et les offres de l&#8217;assureur. Il retient des montants interm\u00e9diaires, sup\u00e9rieurs aux offres pour la fille et les parents. Cette modulation discr\u00e9tionnaire tient compte des &#8220;liens et alliance&#8221; et des &#8220;circonstances de l&#8217;accident&#8221;. Elle r\u00e9v\u00e8le une appr\u00e9ciation in concreto des pr\u00e9judices d&#8217;affection. La compagne et la fille obtiennent ainsi des provisions identiques et significatives. Les parents re\u00e7oivent des sommes inf\u00e9rieures mais notablement rehauss\u00e9es par rapport aux offres initiales. Cette d\u00e9cision provisionnelle n&#8217;emp\u00eache pas une indemnisation d\u00e9finitive ult\u00e9rieure plus compl\u00e8te.<\/p>\n<\/div>\n","protected":false},"excerpt":{"rendered":"<p>Le tribunal judiciaire, statuant en r\u00e9f\u00e9r\u00e9 le 23 septembre 2025, a \u00e9t\u00e9 saisi par les proches d&#8217;une victime d\u00e9c\u00e9d\u00e9e imm\u00e9diatement apr\u00e8s un accident. Ils solli&#8230;<\/p>\n","protected":false},"author":232070755,"featured_media":9460,"comment_status":"open","ping_status":"open","sticky":false,"template":"","format":"standard","meta":{"_crdt_document":"","_jetpack_newsletter_access":"","_jetpack_dont_email_post_to_subs":false,"_jetpack_newsletter_tier_id":0,"_jetpack_memberships_contains_paywalled_content":false,"_kj_source_type":"judilibre","_kj_official_id":"68d2ef9b69293f91fcc740a3","_kj_official_url":"https:\/\/www.courdecassation.fr\/decision\/68d2ef9b69293f91fcc740a3","_kj_judilibre_id":"68d2ef9b69293f91fcc740a3","_kj_jur":"Tribunal judiciaire","_kj_lieu":"Tribunal judiciaire de Cr\u00e9teil","_kj_chambre":"Section des R\u00e9f\u00e9r\u00e9s","_kj_rg":"25\/00828","_kj_date":"2025-09-23","_jetpack_memberships_contains_paid_content":false,"footnotes":"","jetpack_post_was_ever_published":false},"categories":[7597],"tags":[],"class_list":["post-666954","post","type-post","status-publish","format-standard","has-post-thumbnail","hentry","category-jurisprudence"],"yoast_head":"<!-- This site is optimized with the Yoast SEO Premium plugin v27.5 (Yoast SEO v27.5) - https:\/\/yoast.com\/product\/yoast-seo-premium-wordpress\/ -->\n<title>Tribunal judiciaire de Cr\u00e9teil, le 23 septembre 2025, n\u00b025\/00828 - Ma\u00eetre Hassan Kohen, avocat en droit p\u00e9nal \u00e0 Paris<\/title>\n<meta name=\"description\" content=\"Le tribunal judiciaire, statuant en r\u00e9f\u00e9r\u00e9 le 23 septembre 2025, a \u00e9t\u00e9 saisi par les proches d&#039;une victime d\u00e9c\u00e9d\u00e9e imm\u00e9diatement apr\u00e8s un accident. Ils solli...\" \/>\n<meta name=\"robots\" content=\"index, follow, max-snippet:-1, max-image-preview:large, max-video-preview:-1\" \/>\n<link rel=\"canonical\" href=\"https:\/\/kohenavocats.com\/pt-pt\/tribunal-judiciaire-de-creteil-le-23-septembre-2025-n25-00828-2\/\" \/>\n<meta property=\"og:locale\" content=\"pt_PT\" \/>\n<meta property=\"og:type\" content=\"article\" \/>\n<meta property=\"og:title\" content=\"Tribunal judiciaire de Cr\u00e9teil, le 23 septembre 2025, n\u00b025\/00828\" \/>\n<meta property=\"og:description\" content=\"Le tribunal judiciaire, statuant en r\u00e9f\u00e9r\u00e9 le 23 septembre 2025, a \u00e9t\u00e9 saisi par les proches d&#039;une victime d\u00e9c\u00e9d\u00e9e imm\u00e9diatement apr\u00e8s un accident. Ils solli...\" \/>\n<meta property=\"og:url\" content=\"https:\/\/kohenavocats.com\/pt-pt\/tribunal-judiciaire-de-creteil-le-23-septembre-2025-n25-00828-2\/\" \/>\n<meta property=\"og:site_name\" content=\"Ma\u00eetre Hassan Kohen, avocat en droit p\u00e9nal \u00e0 Paris\" \/>\n<meta property=\"article:published_time\" content=\"2026-04-24T00:29:52+00:00\" \/>\n<meta property=\"og:image\" content=\"https:\/\/kohenavocats.com\/wp-content\/uploads\/2024\/11\/alesia-kazantceva-RTiVDW3h5s8-unsplash.webp\" \/>\n\t<meta property=\"og:image:width\" content=\"5472\" \/>\n\t<meta property=\"og:image:height\" content=\"3648\" \/>\n\t<meta property=\"og:image:type\" content=\"image\/webp\" \/>\n<meta name=\"author\" content=\"Kohen\" \/>\n<meta name=\"twitter:card\" content=\"summary_large_image\" \/>\n<meta name=\"twitter:label1\" content=\"Escrito por\" \/>\n\t<meta name=\"twitter:data1\" content=\"Kohen\" \/>\n\t<meta name=\"twitter:label2\" content=\"Tempo estimado de leitura\" \/>\n\t<meta name=\"twitter:data2\" content=\"3 minutos\" \/>\n<script type=\"application\/ld+json\" class=\"yoast-schema-graph\">{\"@context\":\"https:\\\/\\\/schema.org\",\"@graph\":[{\"@type\":\"Article\",\"@id\":\"https:\\\/\\\/kohenavocats.com\\\/pt-pt\\\/tribunal-judiciaire-de-creteil-le-23-septembre-2025-n25-00828-2\\\/#article\",\"isPartOf\":{\"@id\":\"https:\\\/\\\/kohenavocats.com\\\/pt-pt\\\/tribunal-judiciaire-de-creteil-le-23-septembre-2025-n25-00828-2\\\/\"},\"author\":{\"name\":\"Kohen\",\"@id\":\"https:\\\/\\\/kohenavocats.com\\\/pt-pt\\\/#\\\/schema\\\/person\\\/761c9ba54fa1ca84d405cef0831ff751\"},\"headline\":\"Tribunal judiciaire de Cr\u00e9teil, le 23 septembre 2025, n\u00b025\\\/00828\",\"datePublished\":\"2026-04-24T00:29:52+00:00\",\"mainEntityOfPage\":{\"@id\":\"https:\\\/\\\/kohenavocats.com\\\/pt-pt\\\/tribunal-judiciaire-de-creteil-le-23-septembre-2025-n25-00828-2\\\/\"},\"wordCount\":602,\"commentCount\":0,\"publisher\":{\"@id\":\"https:\\\/\\\/kohenavocats.com\\\/pt-pt\\\/#organization\"},\"image\":{\"@id\":\"https:\\\/\\\/kohenavocats.com\\\/pt-pt\\\/tribunal-judiciaire-de-creteil-le-23-septembre-2025-n25-00828-2\\\/#primaryimage\"},\"thumbnailUrl\":\"https:\\\/\\\/kohenavocats.com\\\/wp-content\\\/uploads\\\/2024\\\/11\\\/alesia-kazantceva-RTiVDW3h5s8-unsplash.webp\",\"articleSection\":[\"Jurisprudence\"],\"inLanguage\":\"pt-PT\",\"potentialAction\":[{\"@type\":\"CommentAction\",\"name\":\"Comment\",\"target\":[\"https:\\\/\\\/kohenavocats.com\\\/pt-pt\\\/tribunal-judiciaire-de-creteil-le-23-septembre-2025-n25-00828-2\\\/#respond\"]}],\"citation\":\"Tribunal judiciaire de Cr\u00e9teil, le 23 septembre 2025, n\u00b025\\\/00828\",\"about\":[{\"@type\":\"Thing\",\"name\":\"Jurisprudence\"}],\"dateModified\":\"2026-04-24T00:29:52+00:00\",\"speakable\":{\"@type\":\"SpeakableSpecification\",\"cssSelector\":[\".article-content > p:first-of-type\"]}},{\"@type\":\"WebPage\",\"@id\":\"https:\\\/\\\/kohenavocats.com\\\/pt-pt\\\/tribunal-judiciaire-de-creteil-le-23-septembre-2025-n25-00828-2\\\/\",\"url\":\"https:\\\/\\\/kohenavocats.com\\\/pt-pt\\\/tribunal-judiciaire-de-creteil-le-23-septembre-2025-n25-00828-2\\\/\",\"name\":\"Tribunal judiciaire de Cr\u00e9teil, le 23 septembre 2025, n\u00b025\\\/00828 - Ma\u00eetre Hassan Kohen, avocat en droit p\u00e9nal \u00e0 Paris\",\"isPartOf\":{\"@id\":\"https:\\\/\\\/kohenavocats.com\\\/pt-pt\\\/#website\"},\"primaryImageOfPage\":{\"@id\":\"https:\\\/\\\/kohenavocats.com\\\/pt-pt\\\/tribunal-judiciaire-de-creteil-le-23-septembre-2025-n25-00828-2\\\/#primaryimage\"},\"image\":{\"@id\":\"https:\\\/\\\/kohenavocats.com\\\/pt-pt\\\/tribunal-judiciaire-de-creteil-le-23-septembre-2025-n25-00828-2\\\/#primaryimage\"},\"thumbnailUrl\":\"https:\\\/\\\/kohenavocats.com\\\/wp-content\\\/uploads\\\/2024\\\/11\\\/alesia-kazantceva-RTiVDW3h5s8-unsplash.webp\",\"datePublished\":\"2026-04-24T00:29:52+00:00\",\"description\":\"Le tribunal judiciaire, statuant en r\u00e9f\u00e9r\u00e9 le 23 septembre 2025, a \u00e9t\u00e9 saisi par les proches d'une victime d\u00e9c\u00e9d\u00e9e imm\u00e9diatement apr\u00e8s un accident. Ils solli...\",\"breadcrumb\":{\"@id\":\"https:\\\/\\\/kohenavocats.com\\\/pt-pt\\\/tribunal-judiciaire-de-creteil-le-23-septembre-2025-n25-00828-2\\\/#breadcrumb\"},\"inLanguage\":\"pt-PT\",\"potentialAction\":[{\"@type\":\"ReadAction\",\"target\":[\"https:\\\/\\\/kohenavocats.com\\\/pt-pt\\\/tribunal-judiciaire-de-creteil-le-23-septembre-2025-n25-00828-2\\\/\"]}]},{\"@type\":\"ImageObject\",\"inLanguage\":\"pt-PT\",\"@id\":\"https:\\\/\\\/kohenavocats.com\\\/pt-pt\\\/tribunal-judiciaire-de-creteil-le-23-septembre-2025-n25-00828-2\\\/#primaryimage\",\"url\":\"https:\\\/\\\/kohenavocats.com\\\/wp-content\\\/uploads\\\/2024\\\/11\\\/alesia-kazantceva-RTiVDW3h5s8-unsplash.webp\",\"contentUrl\":\"https:\\\/\\\/kohenavocats.com\\\/wp-content\\\/uploads\\\/2024\\\/11\\\/alesia-kazantceva-RTiVDW3h5s8-unsplash.webp\",\"width\":5472,\"height\":3648},{\"@type\":\"BreadcrumbList\",\"@id\":\"https:\\\/\\\/kohenavocats.com\\\/pt-pt\\\/tribunal-judiciaire-de-creteil-le-23-septembre-2025-n25-00828-2\\\/#breadcrumb\",\"itemListElement\":[{\"@type\":\"ListItem\",\"position\":1,\"name\":\"Home\",\"item\":\"https:\\\/\\\/kohenavocats.com\\\/pt-pt\\\/avocats-en-droit-penal-a-paris-conseil-et-defense-strategique\\\/\"},{\"@type\":\"ListItem\",\"position\":2,\"name\":\"Tribunal judiciaire de Cr\u00e9teil, le 23 septembre 2025, n\u00b025\\\/00828\"}]},{\"@type\":\"WebSite\",\"@id\":\"https:\\\/\\\/kohenavocats.com\\\/pt-pt\\\/#website\",\"url\":\"https:\\\/\\\/kohenavocats.com\\\/pt-pt\\\/\",\"name\":\"Kohen Avocats\",\"description\":\"Ma\u00eetre Hassan Kohen, avocat p\u00e9naliste \u00e0 Paris, intervient exclusivement en droit p\u00e9nal pour la d\u00e9fense des particuliers, notamment en mati\u00e8re d\u2019accusations de viol. Il assure un accompagnement rigoureux d\u00e8s la garde \u00e0 vue jusqu\u2019\u00e0 la Cour d\u2019assises, veillant au strict respect des garanties proc\u00e9durales.\",\"publisher\":{\"@id\":\"https:\\\/\\\/kohenavocats.com\\\/pt-pt\\\/#organization\"},\"potentialAction\":[{\"@type\":\"SearchAction\",\"target\":{\"@type\":\"EntryPoint\",\"urlTemplate\":\"https:\\\/\\\/kohenavocats.com\\\/pt-pt\\\/?s={search_term_string}\"},\"query-input\":{\"@type\":\"PropertyValueSpecification\",\"valueRequired\":true,\"valueName\":\"search_term_string\"}}],\"inLanguage\":\"pt-PT\"},{\"@type\":\"Organization\",\"@id\":\"https:\\\/\\\/kohenavocats.com\\\/pt-pt\\\/#organization\",\"name\":\"Kohen Avocats\",\"url\":\"https:\\\/\\\/kohenavocats.com\\\/pt-pt\\\/\",\"logo\":{\"@type\":\"ImageObject\",\"inLanguage\":\"pt-PT\",\"@id\":\"https:\\\/\\\/kohenavocats.com\\\/pt-pt\\\/#\\\/schema\\\/logo\\\/image\\\/\",\"url\":\"https:\\\/\\\/kohenavocats.com\\\/wp-content\\\/uploads\\\/2026\\\/01\\\/Logo-2-1.webp\",\"contentUrl\":\"https:\\\/\\\/kohenavocats.com\\\/wp-content\\\/uploads\\\/2026\\\/01\\\/Logo-2-1.webp\",\"width\":2114,\"height\":1253,\"caption\":\"Kohen Avocats\"},\"image\":{\"@id\":\"https:\\\/\\\/kohenavocats.com\\\/pt-pt\\\/#\\\/schema\\\/logo\\\/image\\\/\"}},{\"@type\":\"Person\",\"@id\":\"https:\\\/\\\/kohenavocats.com\\\/pt-pt\\\/#\\\/schema\\\/person\\\/761c9ba54fa1ca84d405cef0831ff751\",\"name\":\"Kohen\",\"image\":{\"@type\":\"ImageObject\",\"inLanguage\":\"pt-PT\",\"@id\":\"https:\\\/\\\/secure.gravatar.com\\\/avatar\\\/1c5e76ef76bbbfdd2b4da984e2bf2fa4056fd51a27d25ce2c332047f1dfd6e00?s=96&d=identicon&r=g\",\"url\":\"https:\\\/\\\/secure.gravatar.com\\\/avatar\\\/1c5e76ef76bbbfdd2b4da984e2bf2fa4056fd51a27d25ce2c332047f1dfd6e00?s=96&d=identicon&r=g\",\"contentUrl\":\"https:\\\/\\\/secure.gravatar.com\\\/avatar\\\/1c5e76ef76bbbfdd2b4da984e2bf2fa4056fd51a27d25ce2c332047f1dfd6e00?s=96&d=identicon&r=g\",\"caption\":\"Kohen\"},\"sameAs\":[\"https:\\\/\\\/www.linkedin.com\\\/in\\\/hassan-kohen-448548192\\\/\",\"https:\\\/\\\/www.youtube.com\\\/@Kohen-Avocats\"],\"url\":\"https:\\\/\\\/kohenavocats.com\\\/pt-pt\\\/author\\\/kohenmlk\\\/\"}]}<\/script>\n<!-- \/ Yoast SEO Premium plugin. -->","yoast_head_json":{"title":"Tribunal judiciaire de Cr\u00e9teil, le 23 septembre 2025, n\u00b025\/00828 - Ma\u00eetre Hassan Kohen, avocat en droit p\u00e9nal \u00e0 Paris","description":"Le tribunal judiciaire, statuant en r\u00e9f\u00e9r\u00e9 le 23 septembre 2025, a \u00e9t\u00e9 saisi par les proches d'une victime d\u00e9c\u00e9d\u00e9e imm\u00e9diatement apr\u00e8s un accident. Ils solli...","robots":{"index":"index","follow":"follow","max-snippet":"max-snippet:-1","max-image-preview":"max-image-preview:large","max-video-preview":"max-video-preview:-1"},"canonical":"https:\/\/kohenavocats.com\/pt-pt\/tribunal-judiciaire-de-creteil-le-23-septembre-2025-n25-00828-2\/","og_locale":"pt_PT","og_type":"article","og_title":"Tribunal judiciaire de Cr\u00e9teil, le 23 septembre 2025, n\u00b025\/00828","og_description":"Le tribunal judiciaire, statuant en r\u00e9f\u00e9r\u00e9 le 23 septembre 2025, a \u00e9t\u00e9 saisi par les proches d'une victime d\u00e9c\u00e9d\u00e9e imm\u00e9diatement apr\u00e8s un accident. Ils solli...","og_url":"https:\/\/kohenavocats.com\/pt-pt\/tribunal-judiciaire-de-creteil-le-23-septembre-2025-n25-00828-2\/","og_site_name":"Ma\u00eetre Hassan Kohen, avocat en droit p\u00e9nal \u00e0 Paris","article_published_time":"2026-04-24T00:29:52+00:00","og_image":[{"width":5472,"height":3648,"url":"https:\/\/kohenavocats.com\/wp-content\/uploads\/2024\/11\/alesia-kazantceva-RTiVDW3h5s8-unsplash.webp","type":"image\/webp"}],"author":"Kohen","twitter_card":"summary_large_image","twitter_misc":{"Escrito por":"Kohen","Tempo estimado de leitura":"3 minutos"},"schema":{"@context":"https:\/\/schema.org","@graph":[{"@type":"Article","@id":"https:\/\/kohenavocats.com\/pt-pt\/tribunal-judiciaire-de-creteil-le-23-septembre-2025-n25-00828-2\/#article","isPartOf":{"@id":"https:\/\/kohenavocats.com\/pt-pt\/tribunal-judiciaire-de-creteil-le-23-septembre-2025-n25-00828-2\/"},"author":{"name":"Kohen","@id":"https:\/\/kohenavocats.com\/pt-pt\/#\/schema\/person\/761c9ba54fa1ca84d405cef0831ff751"},"headline":"Tribunal judiciaire de Cr\u00e9teil, le 23 septembre 2025, n\u00b025\/00828","datePublished":"2026-04-24T00:29:52+00:00","mainEntityOfPage":{"@id":"https:\/\/kohenavocats.com\/pt-pt\/tribunal-judiciaire-de-creteil-le-23-septembre-2025-n25-00828-2\/"},"wordCount":602,"commentCount":0,"publisher":{"@id":"https:\/\/kohenavocats.com\/pt-pt\/#organization"},"image":{"@id":"https:\/\/kohenavocats.com\/pt-pt\/tribunal-judiciaire-de-creteil-le-23-septembre-2025-n25-00828-2\/#primaryimage"},"thumbnailUrl":"https:\/\/kohenavocats.com\/wp-content\/uploads\/2024\/11\/alesia-kazantceva-RTiVDW3h5s8-unsplash.webp","articleSection":["Jurisprudence"],"inLanguage":"pt-PT","potentialAction":[{"@type":"CommentAction","name":"Comment","target":["https:\/\/kohenavocats.com\/pt-pt\/tribunal-judiciaire-de-creteil-le-23-septembre-2025-n25-00828-2\/#respond"]}],"citation":"Tribunal judiciaire de Cr\u00e9teil, le 23 septembre 2025, n\u00b025\/00828","about":[{"@type":"Thing","name":"Jurisprudence"}],"dateModified":"2026-04-24T00:29:52+00:00","speakable":{"@type":"SpeakableSpecification","cssSelector":[".article-content > p:first-of-type"]}},{"@type":"WebPage","@id":"https:\/\/kohenavocats.com\/pt-pt\/tribunal-judiciaire-de-creteil-le-23-septembre-2025-n25-00828-2\/","url":"https:\/\/kohenavocats.com\/pt-pt\/tribunal-judiciaire-de-creteil-le-23-septembre-2025-n25-00828-2\/","name":"Tribunal judiciaire de Cr\u00e9teil, le 23 septembre 2025, n\u00b025\/00828 - Ma\u00eetre Hassan Kohen, avocat en droit p\u00e9nal \u00e0 Paris","isPartOf":{"@id":"https:\/\/kohenavocats.com\/pt-pt\/#website"},"primaryImageOfPage":{"@id":"https:\/\/kohenavocats.com\/pt-pt\/tribunal-judiciaire-de-creteil-le-23-septembre-2025-n25-00828-2\/#primaryimage"},"image":{"@id":"https:\/\/kohenavocats.com\/pt-pt\/tribunal-judiciaire-de-creteil-le-23-septembre-2025-n25-00828-2\/#primaryimage"},"thumbnailUrl":"https:\/\/kohenavocats.com\/wp-content\/uploads\/2024\/11\/alesia-kazantceva-RTiVDW3h5s8-unsplash.webp","datePublished":"2026-04-24T00:29:52+00:00","description":"Le tribunal judiciaire, statuant en r\u00e9f\u00e9r\u00e9 le 23 septembre 2025, a \u00e9t\u00e9 saisi par les proches d'une victime d\u00e9c\u00e9d\u00e9e imm\u00e9diatement apr\u00e8s un accident. Ils solli...","breadcrumb":{"@id":"https:\/\/kohenavocats.com\/pt-pt\/tribunal-judiciaire-de-creteil-le-23-septembre-2025-n25-00828-2\/#breadcrumb"},"inLanguage":"pt-PT","potentialAction":[{"@type":"ReadAction","target":["https:\/\/kohenavocats.com\/pt-pt\/tribunal-judiciaire-de-creteil-le-23-septembre-2025-n25-00828-2\/"]}]},{"@type":"ImageObject","inLanguage":"pt-PT","@id":"https:\/\/kohenavocats.com\/pt-pt\/tribunal-judiciaire-de-creteil-le-23-septembre-2025-n25-00828-2\/#primaryimage","url":"https:\/\/kohenavocats.com\/wp-content\/uploads\/2024\/11\/alesia-kazantceva-RTiVDW3h5s8-unsplash.webp","contentUrl":"https:\/\/kohenavocats.com\/wp-content\/uploads\/2024\/11\/alesia-kazantceva-RTiVDW3h5s8-unsplash.webp","width":5472,"height":3648},{"@type":"BreadcrumbList","@id":"https:\/\/kohenavocats.com\/pt-pt\/tribunal-judiciaire-de-creteil-le-23-septembre-2025-n25-00828-2\/#breadcrumb","itemListElement":[{"@type":"ListItem","position":1,"name":"Home","item":"https:\/\/kohenavocats.com\/pt-pt\/avocats-en-droit-penal-a-paris-conseil-et-defense-strategique\/"},{"@type":"ListItem","position":2,"name":"Tribunal judiciaire de Cr\u00e9teil, le 23 septembre 2025, n\u00b025\/00828"}]},{"@type":"WebSite","@id":"https:\/\/kohenavocats.com\/pt-pt\/#website","url":"https:\/\/kohenavocats.com\/pt-pt\/","name":"Kohen Avocats","description":"Ma\u00eetre Hassan Kohen, avocat p\u00e9naliste \u00e0 Paris, intervient exclusivement en droit p\u00e9nal pour la d\u00e9fense des particuliers, notamment en mati\u00e8re d\u2019accusations de viol. Il assure un accompagnement rigoureux d\u00e8s la garde \u00e0 vue jusqu\u2019\u00e0 la Cour d\u2019assises, veillant au strict respect des garanties proc\u00e9durales.","publisher":{"@id":"https:\/\/kohenavocats.com\/pt-pt\/#organization"},"potentialAction":[{"@type":"SearchAction","target":{"@type":"EntryPoint","urlTemplate":"https:\/\/kohenavocats.com\/pt-pt\/?s={search_term_string}"},"query-input":{"@type":"PropertyValueSpecification","valueRequired":true,"valueName":"search_term_string"}}],"inLanguage":"pt-PT"},{"@type":"Organization","@id":"https:\/\/kohenavocats.com\/pt-pt\/#organization","name":"Kohen Avocats","url":"https:\/\/kohenavocats.com\/pt-pt\/","logo":{"@type":"ImageObject","inLanguage":"pt-PT","@id":"https:\/\/kohenavocats.com\/pt-pt\/#\/schema\/logo\/image\/","url":"https:\/\/kohenavocats.com\/wp-content\/uploads\/2026\/01\/Logo-2-1.webp","contentUrl":"https:\/\/kohenavocats.com\/wp-content\/uploads\/2026\/01\/Logo-2-1.webp","width":2114,"height":1253,"caption":"Kohen Avocats"},"image":{"@id":"https:\/\/kohenavocats.com\/pt-pt\/#\/schema\/logo\/image\/"}},{"@type":"Person","@id":"https:\/\/kohenavocats.com\/pt-pt\/#\/schema\/person\/761c9ba54fa1ca84d405cef0831ff751","name":"Kohen","image":{"@type":"ImageObject","inLanguage":"pt-PT","@id":"https:\/\/secure.gravatar.com\/avatar\/1c5e76ef76bbbfdd2b4da984e2bf2fa4056fd51a27d25ce2c332047f1dfd6e00?s=96&d=identicon&r=g","url":"https:\/\/secure.gravatar.com\/avatar\/1c5e76ef76bbbfdd2b4da984e2bf2fa4056fd51a27d25ce2c332047f1dfd6e00?s=96&d=identicon&r=g","contentUrl":"https:\/\/secure.gravatar.com\/avatar\/1c5e76ef76bbbfdd2b4da984e2bf2fa4056fd51a27d25ce2c332047f1dfd6e00?s=96&d=identicon&r=g","caption":"Kohen"},"sameAs":["https:\/\/www.linkedin.com\/in\/hassan-kohen-448548192\/","https:\/\/www.youtube.com\/@Kohen-Avocats"],"url":"https:\/\/kohenavocats.com\/pt-pt\/author\/kohenmlk\/"}]}},"jetpack_featured_media_url":"https:\/\/kohenavocats.com\/wp-content\/uploads\/2024\/11\/alesia-kazantceva-RTiVDW3h5s8-unsplash.webp","jetpack_likes_enabled":false,"jetpack_shortlink":"https:\/\/wp.me\/peCrII-2Nvk","jetpack-related-posts":[{"id":666862,"url":"https:\/\/kohenavocats.com\/pt-pt\/tribunal-judiciaire-de-tarbes-le-23-septembre-2025-n25-00188\/","url_meta":{"origin":666954,"position":0},"title":"Tribunal judiciaire de Tarbes, le 23 septembre 2025, n\u00b025\/00188","author":"Kohen","date":"24 de Abril, 2026","format":false,"excerpt":"Le tribunal judiciaire de Tarbes, statuant en r\u00e9f\u00e9r\u00e9 le 23 septembre 2025, a \u00e9t\u00e9 saisi d'une demande relative \u00e0 une expertise ordonn\u00e9e suite \u00e0 une interventi...","rel":"","context":"In &quot;Jurisprudence&quot;","block_context":{"text":"Jurisprudence","link":"https:\/\/kohenavocats.com\/category\/jurisprudence\/"},"img":{"alt_text":"","src":"https:\/\/i0.wp.com\/kohenavocats.com\/wp-content\/uploads\/2024\/11\/virginia-marinova-xqo5V5aU09g-unsplash.webp?resize=350%2C200&ssl=1","width":350,"height":200,"srcset":"https:\/\/i0.wp.com\/kohenavocats.com\/wp-content\/uploads\/2024\/11\/virginia-marinova-xqo5V5aU09g-unsplash.webp?resize=350%2C200&ssl=1 1x, https:\/\/i0.wp.com\/kohenavocats.com\/wp-content\/uploads\/2024\/11\/virginia-marinova-xqo5V5aU09g-unsplash.webp?resize=525%2C300&ssl=1 1.5x, https:\/\/i0.wp.com\/kohenavocats.com\/wp-content\/uploads\/2024\/11\/virginia-marinova-xqo5V5aU09g-unsplash.webp?resize=700%2C400&ssl=1 2x, https:\/\/i0.wp.com\/kohenavocats.com\/wp-content\/uploads\/2024\/11\/virginia-marinova-xqo5V5aU09g-unsplash.webp?resize=1050%2C600&ssl=1 3x, https:\/\/i0.wp.com\/kohenavocats.com\/wp-content\/uploads\/2024\/11\/virginia-marinova-xqo5V5aU09g-unsplash.webp?resize=1400%2C800&ssl=1 4x"},"classes":[]},{"id":649909,"url":"https:\/\/kohenavocats.com\/pt-pt\/tribunal-judiciaire-de-privas-le-12-septembre-2025-n25-00162\/","url_meta":{"origin":666954,"position":1},"title":"Tribunal judiciaire de Privas, le 12 septembre 2025, n\u00b025\/00162","author":"Kohen","date":"22 de Abril, 2026","format":false,"excerpt":"Le juge des r\u00e9f\u00e9r\u00e9s du tribunal judiciaire de Privas, statuant par ordonnance le 12 septembre 2025, se prononce sur deux demandes cons\u00e9cutives \u00e0 un accident ...","rel":"","context":"In &quot;Jurisprudence&quot;","block_context":{"text":"Jurisprudence","link":"https:\/\/kohenavocats.com\/category\/jurisprudence\/"},"img":{"alt_text":"","src":"https:\/\/i0.wp.com\/kohenavocats.com\/wp-content\/uploads\/2024\/11\/getty-images-IfcBri1Vu6s-unsplash.webp?resize=350%2C200&ssl=1","width":350,"height":200,"srcset":"https:\/\/i0.wp.com\/kohenavocats.com\/wp-content\/uploads\/2024\/11\/getty-images-IfcBri1Vu6s-unsplash.webp?resize=350%2C200&ssl=1 1x, https:\/\/i0.wp.com\/kohenavocats.com\/wp-content\/uploads\/2024\/11\/getty-images-IfcBri1Vu6s-unsplash.webp?resize=525%2C300&ssl=1 1.5x, https:\/\/i0.wp.com\/kohenavocats.com\/wp-content\/uploads\/2024\/11\/getty-images-IfcBri1Vu6s-unsplash.webp?resize=700%2C400&ssl=1 2x, https:\/\/i0.wp.com\/kohenavocats.com\/wp-content\/uploads\/2024\/11\/getty-images-IfcBri1Vu6s-unsplash.webp?resize=1050%2C600&ssl=1 3x, https:\/\/i0.wp.com\/kohenavocats.com\/wp-content\/uploads\/2024\/11\/getty-images-IfcBri1Vu6s-unsplash.webp?resize=1400%2C800&ssl=1 4x"},"classes":[]},{"id":649885,"url":"https:\/\/kohenavocats.com\/pt-pt\/tribunal-judiciaire-de-creteil-le-4-septembre-2025-n23-00060\/","url_meta":{"origin":666954,"position":2},"title":"Tribunal judiciaire de Cr\u00e9teil, le 4 septembre 2025, n\u00b023\/00060","author":"Kohen","date":"22 de Abril, 2026","format":false,"excerpt":"Le tribunal judiciaire, p\u00f4le social, rend une d\u00e9cision le 4 septembre 2025. Une salari\u00e9e, victime d'un syndrome d\u00e9pressif reconnu comme accident du travail a...","rel":"","context":"In &quot;Jurisprudence&quot;","block_context":{"text":"Jurisprudence","link":"https:\/\/kohenavocats.com\/category\/jurisprudence\/"},"img":{"alt_text":"","src":"https:\/\/i0.wp.com\/kohenavocats.com\/wp-content\/uploads\/2024\/08\/florian-wehde-KqAUa9OAwFY-unsplash.webp?resize=350%2C200&ssl=1","width":350,"height":200,"srcset":"https:\/\/i0.wp.com\/kohenavocats.com\/wp-content\/uploads\/2024\/08\/florian-wehde-KqAUa9OAwFY-unsplash.webp?resize=350%2C200&ssl=1 1x, https:\/\/i0.wp.com\/kohenavocats.com\/wp-content\/uploads\/2024\/08\/florian-wehde-KqAUa9OAwFY-unsplash.webp?resize=525%2C300&ssl=1 1.5x, https:\/\/i0.wp.com\/kohenavocats.com\/wp-content\/uploads\/2024\/08\/florian-wehde-KqAUa9OAwFY-unsplash.webp?resize=700%2C400&ssl=1 2x, https:\/\/i0.wp.com\/kohenavocats.com\/wp-content\/uploads\/2024\/08\/florian-wehde-KqAUa9OAwFY-unsplash.webp?resize=1050%2C600&ssl=1 3x, https:\/\/i0.wp.com\/kohenavocats.com\/wp-content\/uploads\/2024\/08\/florian-wehde-KqAUa9OAwFY-unsplash.webp?resize=1400%2C800&ssl=1 4x"},"classes":[]},{"id":665389,"url":"https:\/\/kohenavocats.com\/pt-pt\/tribunal-judiciaire-de-paris-le-24-septembre-2025-n23-00517\/","url_meta":{"origin":666954,"position":3},"title":"Tribunal judiciaire de Paris, le 24 septembre 2025, n\u00b023\/00517","author":"Kohen","date":"23 de Abril, 2026","format":false,"excerpt":"Le tribunal judiciaire de Paris, le 24 septembre 2025, statue sur une contestation relative \u00e0 un accident du travail. Une salari\u00e9e conteste l'absence de s\u00e9qu...","rel":"","context":"In &quot;Droit du travail&quot;","block_context":{"text":"Droit du travail","link":"https:\/\/kohenavocats.com\/category\/droit-du-travail\/"},"img":{"alt_text":"","src":"https:\/\/i0.wp.com\/kohenavocats.com\/wp-content\/uploads\/2024\/07\/beatriz-perez-moya-XN4T2PVUUgk-unsplash.webp?resize=350%2C200&ssl=1","width":350,"height":200,"srcset":"https:\/\/i0.wp.com\/kohenavocats.com\/wp-content\/uploads\/2024\/07\/beatriz-perez-moya-XN4T2PVUUgk-unsplash.webp?resize=350%2C200&ssl=1 1x, https:\/\/i0.wp.com\/kohenavocats.com\/wp-content\/uploads\/2024\/07\/beatriz-perez-moya-XN4T2PVUUgk-unsplash.webp?resize=525%2C300&ssl=1 1.5x, https:\/\/i0.wp.com\/kohenavocats.com\/wp-content\/uploads\/2024\/07\/beatriz-perez-moya-XN4T2PVUUgk-unsplash.webp?resize=700%2C400&ssl=1 2x, https:\/\/i0.wp.com\/kohenavocats.com\/wp-content\/uploads\/2024\/07\/beatriz-perez-moya-XN4T2PVUUgk-unsplash.webp?resize=1050%2C600&ssl=1 3x, https:\/\/i0.wp.com\/kohenavocats.com\/wp-content\/uploads\/2024\/07\/beatriz-perez-moya-XN4T2PVUUgk-unsplash.webp?resize=1400%2C800&ssl=1 4x"},"classes":[]},{"id":493618,"url":"https:\/\/kohenavocats.com\/pt-pt\/tribunal-judiciaire-de-lyon-le-10-septembre-2026-n23-10241\/","url_meta":{"origin":666954,"position":4},"title":"Tribunal judiciaire de Lyon, le 10 septembre 2026, n\u00b023\/10241","author":"Kohen","date":"8 de Abril, 2026","format":false,"excerpt":"La chambre correctionnelle sur int\u00e9r\u00eats civils du tribunal judiciaire, dans un jugement du 10 septembre 2026, statue sur les demandes d\u2019une victime d\u2019un pr\u00e9j...","rel":"","context":"In &quot;Jurisprudence&quot;","block_context":{"text":"Jurisprudence","link":"https:\/\/kohenavocats.com\/category\/jurisprudence\/"},"img":{"alt_text":"","src":"https:\/\/i0.wp.com\/kohenavocats.com\/wp-content\/uploads\/2024\/08\/xavier-photography-Cgzlv8ZL188-unsplash.webp?resize=350%2C200&ssl=1","width":350,"height":200,"srcset":"https:\/\/i0.wp.com\/kohenavocats.com\/wp-content\/uploads\/2024\/08\/xavier-photography-Cgzlv8ZL188-unsplash.webp?resize=350%2C200&ssl=1 1x, https:\/\/i0.wp.com\/kohenavocats.com\/wp-content\/uploads\/2024\/08\/xavier-photography-Cgzlv8ZL188-unsplash.webp?resize=525%2C300&ssl=1 1.5x, https:\/\/i0.wp.com\/kohenavocats.com\/wp-content\/uploads\/2024\/08\/xavier-photography-Cgzlv8ZL188-unsplash.webp?resize=700%2C400&ssl=1 2x, https:\/\/i0.wp.com\/kohenavocats.com\/wp-content\/uploads\/2024\/08\/xavier-photography-Cgzlv8ZL188-unsplash.webp?resize=1050%2C600&ssl=1 3x, https:\/\/i0.wp.com\/kohenavocats.com\/wp-content\/uploads\/2024\/08\/xavier-photography-Cgzlv8ZL188-unsplash.webp?resize=1400%2C800&ssl=1 4x"},"classes":[]},{"id":666571,"url":"https:\/\/kohenavocats.com\/pt-pt\/cour-dappel-le-23-septembre-2025-n25-00820\/","url_meta":{"origin":666954,"position":5},"title":"Cour d&#8217;appel, le 23 septembre 2025, n\u00b025\/00820","author":"Kohen","date":"24 de Abril, 2026","format":false,"excerpt":"La cour d'appel, statuant par ordonnance de mise en \u00e9tat du 23 septembre 2025, se prononce sur une contestation de taux d'incapacit\u00e9 permanente. Le juge ordo...","rel":"","context":"In &quot;Jurisprudence&quot;","block_context":{"text":"Jurisprudence","link":"https:\/\/kohenavocats.com\/category\/jurisprudence\/"},"img":{"alt_text":"","src":"https:\/\/i0.wp.com\/kohenavocats.com\/wp-content\/uploads\/2024\/08\/peter-bucks-cDueGDswXy8-unsplash.webp?resize=350%2C200&ssl=1","width":350,"height":200,"srcset":"https:\/\/i0.wp.com\/kohenavocats.com\/wp-content\/uploads\/2024\/08\/peter-bucks-cDueGDswXy8-unsplash.webp?resize=350%2C200&ssl=1 1x, https:\/\/i0.wp.com\/kohenavocats.com\/wp-content\/uploads\/2024\/08\/peter-bucks-cDueGDswXy8-unsplash.webp?resize=525%2C300&ssl=1 1.5x, https:\/\/i0.wp.com\/kohenavocats.com\/wp-content\/uploads\/2024\/08\/peter-bucks-cDueGDswXy8-unsplash.webp?resize=700%2C400&ssl=1 2x, https:\/\/i0.wp.com\/kohenavocats.com\/wp-content\/uploads\/2024\/08\/peter-bucks-cDueGDswXy8-unsplash.webp?resize=1050%2C600&ssl=1 3x, https:\/\/i0.wp.com\/kohenavocats.com\/wp-content\/uploads\/2024\/08\/peter-bucks-cDueGDswXy8-unsplash.webp?resize=1400%2C800&ssl=1 4x"},"classes":[]}],"jetpack_sharing_enabled":true,"_links":{"self":[{"href":"https:\/\/kohenavocats.com\/pt-pt\/wp-json\/wp\/v2\/posts\/666954","targetHints":{"allow":["GET"]}}],"collection":[{"href":"https:\/\/kohenavocats.com\/pt-pt\/wp-json\/wp\/v2\/posts"}],"about":[{"href":"https:\/\/kohenavocats.com\/pt-pt\/wp-json\/wp\/v2\/types\/post"}],"author":[{"embeddable":true,"href":"https:\/\/kohenavocats.com\/pt-pt\/wp-json\/wp\/v2\/users\/232070755"}],"replies":[{"embeddable":true,"href":"https:\/\/kohenavocats.com\/pt-pt\/wp-json\/wp\/v2\/comments?post=666954"}],"version-history":[{"count":0,"href":"https:\/\/kohenavocats.com\/pt-pt\/wp-json\/wp\/v2\/posts\/666954\/revisions"}],"wp:featuredmedia":[{"embeddable":true,"href":"https:\/\/kohenavocats.com\/pt-pt\/wp-json\/wp\/v2\/media\/9460"}],"wp:attachment":[{"href":"https:\/\/kohenavocats.com\/pt-pt\/wp-json\/wp\/v2\/media?parent=666954"}],"wp:term":[{"taxonomy":"category","embeddable":true,"href":"https:\/\/kohenavocats.com\/pt-pt\/wp-json\/wp\/v2\/categories?post=666954"},{"taxonomy":"post_tag","embeddable":true,"href":"https:\/\/kohenavocats.com\/pt-pt\/wp-json\/wp\/v2\/tags?post=666954"}],"curies":[{"name":"wp","href":"https:\/\/api.w.org\/{rel}","templated":true}]}}