{"id":667059,"date":"2026-04-24T02:40:20","date_gmt":"2026-04-24T00:40:20","guid":{"rendered":"https:\/\/kohenavocats.com\/tribunal-judiciaire-de-nice-le-24-juin-2025-n25-00836\/"},"modified":"2026-04-24T02:40:20","modified_gmt":"2026-04-24T00:40:20","slug":"tribunal-judiciaire-de-nice-le-24-juin-2025-n25-00836","status":"publish","type":"post","link":"https:\/\/kohenavocats.com\/pt-pt\/tribunal-judiciaire-de-nice-le-24-juin-2025-n25-00836\/","title":{"rendered":"Tribunal judiciaire de Nice, le 24 juin 2025, n\u00b025\/00836"},"content":{"rendered":"<div class=\"article-content\">\n<p>Le juge des contentieux de la protection, statuant en dernier ressort, a rendu une d\u00e9cision r\u00e9put\u00e9e contradictoire le 24 juin 2025. Saisi par un d\u00e9biteur contestant l&#8217;\u00e9tat du passif dress\u00e9 par la commission de surendettement, le juge a examin\u00e9 la recevabilit\u00e9 formelle de la demande et le bien-fond\u00e9 des contestations. La juridiction a d\u00e9clar\u00e9 la demande recevable et a proc\u00e9d\u00e9 \u00e0 la v\u00e9rification et \u00e0 la fixation du montant de sept cr\u00e9ances distinctes, rappelant la nature purement proc\u00e9durale de sa d\u00e9cision.<\/p>\n<p>Le respect des principes directeurs du proc\u00e8s<\/p>\n<p>La n\u00e9cessaire observance du principe du contradictoire.<\/p>\n<p>Le juge rappelle avec rigueur les exigences proc\u00e9durales li\u00e9es au contradictoire. Il souligne que seules les observations dont la preuve de la communication aux autres parties est rapport\u00e9e peuvent \u00eatre prises en compte. &#8220;Le principe du contradictoire impose qu\u2019il ne puisse \u00eatre tenu compte que des observations dont la preuve est rapport\u00e9e qu\u2019elles ont \u00e9t\u00e9 adress\u00e9es par lettre recommand\u00e9e avec accus\u00e9 de r\u00e9ception aux autres parties.&#8221; (Motifs de la d\u00e9cision) Cette application stricte garantit l&#8217;\u00e9quit\u00e9 des d\u00e9bats et prot\u00e8ge les droits de la d\u00e9fense de chaque partie. La port\u00e9e de ce rappel est essentielle en mati\u00e8re de surendettement, o\u00f9 plusieurs cr\u00e9anciers sont impliqu\u00e9s. La valeur de cette rigueur est confirm\u00e9e par la validation des observations d&#8217;un cr\u00e9ancier qui a justifi\u00e9 d&#8217;un envoi recommand\u00e9, contrairement \u00e0 d&#8217;autres dont les \u00e9crits auraient pu \u00eatre \u00e9cart\u00e9s.<\/p>\n<p>La v\u00e9rification de la recevabilit\u00e9 formelle de la demande.<\/p>\n<p>Le juge contr\u00f4le scrupuleusement le respect des d\u00e9lais l\u00e9gaux pour la saisine. Il constate que la demande a \u00e9t\u00e9 form\u00e9e dans le d\u00e9lai de vingt jours apr\u00e8s notification de l&#8217;\u00e9tat du passif. &#8220;La demande de v\u00e9rification de cr\u00e9ance a \u00e9t\u00e9 form\u00e9e par courrier post\u00e9 le 3 d\u00e9cembre 2024, soit dans le d\u00e9lai de vingt jours apr\u00e8s notification de l\u2019\u00e9tat du passif&#8221; (Motifs de la d\u00e9cision) Ce contr\u00f4le formel est une condition pr\u00e9alable \u00e0 tout examen au fond, assurant la s\u00e9curit\u00e9 juridique de la proc\u00e9dure. Le sens de cette exigence est de permettre une instruction sereine par la commission, comme le pr\u00e9voit le code de la consommation. Cette approche rejoint la jurisprudence qui d\u00e9clare recevable une demande form\u00e9e dans les conditions l\u00e9gales (Tribunal judiciaire de Poitiers, le 14 janvier 2025, n\u00b023\/00108).<\/p>\n<p>Le contr\u00f4le juridictionnel des cr\u00e9ances contest\u00e9es<\/p>\n<p>L&#8217;office du juge face \u00e0 l&#8217;absence de preuve du d\u00e9biteur.<\/p>\n<p>Le juge rel\u00e8ve l&#8217;absence totale de production de pi\u00e8ces par le d\u00e9biteur \u00e0 l&#8217;appui de ses contestations. Cette carence limite consid\u00e9rablement l&#8217;\u00e9tendue de son contr\u00f4le, le pla\u00e7ant dans une position d&#8217;arbitre des \u00e9l\u00e9ments fournis par les seuls cr\u00e9anciers. Il doit alors se fonder sur les d\u00e9clarations faites \u00e0 l&#8217;audience et sur la documentation produite par les \u00e9tablissements financiers. La port\u00e9e de cette situation est de renforcer la charge de la preuve qui p\u00e8se sur la partie qui conteste une cr\u00e9ance. La valeur de la d\u00e9cision r\u00e9side dans son \u00e9quilibre, le juge retenant parfois le montant le plus favorable au d\u00e9biteur en l&#8217;absence de justification suffisante.<\/p>\n<p>L&#8217;examen au fond et la fixation du montant des dettes.<\/p>\n<p>Le juge proc\u00e8de \u00e0 un examen d\u00e9taill\u00e9 de chaque cr\u00e9ance, v\u00e9rifiant leur principe et leur quantum. Il op\u00e8re des distinctions selon la qualit\u00e9 des justificatifs produits. Pour une cr\u00e9ance, il retient le montant le plus favorable au d\u00e9biteur entre deux documents officiels. Pour une autre, il exclut les agios et int\u00e9r\u00eats de retard non v\u00e9rifiables, r\u00e9duisant le montant r\u00e9clam\u00e9. &#8220;Il convient de ramener la cr\u00e9ance \u00e0 la somme de 6 385,19 euros, d\u00e9duction faite des int\u00e9r\u00eats susvis\u00e9s, lesquels ne sont pas v\u00e9rifiables en l\u2019esp\u00e8ce.&#8221; (Motifs de la d\u00e9cision) Le sens de cet examen est de garantir l&#8217;exactitude du passif qui servira de base aux mesures de la commission. La port\u00e9e de ce contr\u00f4le est limit\u00e9e aux besoins de la proc\u00e9dure de surendettement, sans pr\u00e9juger d&#8217;autres litiges potentiels.<\/p>\n<\/div>\n","protected":false},"excerpt":{"rendered":"<p>Le juge des contentieux de la protection, statuant en dernier ressort, a rendu une d\u00e9cision r\u00e9put\u00e9e contradictoire le 24 juin 2025. Saisi par un d\u00e9biteur con&#8230;<\/p>\n","protected":false},"author":232070755,"featured_media":3911,"comment_status":"open","ping_status":"open","sticky":false,"template":"","format":"standard","meta":{"_crdt_document":"","_jetpack_newsletter_access":"","_jetpack_dont_email_post_to_subs":false,"_jetpack_newsletter_tier_id":0,"_jetpack_memberships_contains_paywalled_content":false,"_kj_source_type":"judilibre","_kj_official_id":"68d448266a4025c174c46a4e","_kj_official_url":"https:\/\/www.courdecassation.fr\/decision\/68d448266a4025c174c46a4e","_kj_judilibre_id":"68d448266a4025c174c46a4e","_kj_jur":"Tribunal judiciaire","_kj_lieu":"Tribunal judiciaire de Nice","_kj_chambre":"Service de proximit\u00e9","_kj_rg":"25\/00836","_kj_date":"2025-09-23","_jetpack_memberships_contains_paid_content":false,"footnotes":"","jetpack_post_was_ever_published":false},"categories":[7597],"tags":[],"class_list":["post-667059","post","type-post","status-publish","format-standard","has-post-thumbnail","hentry","category-jurisprudence"],"yoast_head":"<!-- This site is optimized with the Yoast SEO Premium plugin v27.5 (Yoast SEO v27.5) - https:\/\/yoast.com\/product\/yoast-seo-premium-wordpress\/ -->\n<title>Tribunal judiciaire de Nice, le 24 juin 2025, n\u00b025\/00836 - Ma\u00eetre Hassan Kohen, avocat en droit p\u00e9nal \u00e0 Paris<\/title>\n<meta name=\"description\" content=\"Le juge des contentieux de la protection, statuant en dernier ressort, a rendu une d\u00e9cision r\u00e9put\u00e9e contradictoire le 24 juin 2025. Saisi par un d\u00e9biteur con...\" \/>\n<meta name=\"robots\" content=\"index, follow, max-snippet:-1, max-image-preview:large, max-video-preview:-1\" \/>\n<link rel=\"canonical\" href=\"https:\/\/kohenavocats.com\/pt-pt\/tribunal-judiciaire-de-nice-le-24-juin-2025-n25-00836\/\" \/>\n<meta property=\"og:locale\" content=\"pt_PT\" \/>\n<meta property=\"og:type\" content=\"article\" \/>\n<meta property=\"og:title\" content=\"Tribunal judiciaire de Nice, le 24 juin 2025, n\u00b025\/00836\" \/>\n<meta property=\"og:description\" content=\"Le juge des contentieux de la protection, statuant en dernier ressort, a rendu une d\u00e9cision r\u00e9put\u00e9e contradictoire le 24 juin 2025. Saisi par un d\u00e9biteur con...\" \/>\n<meta property=\"og:url\" content=\"https:\/\/kohenavocats.com\/pt-pt\/tribunal-judiciaire-de-nice-le-24-juin-2025-n25-00836\/\" \/>\n<meta property=\"og:site_name\" content=\"Ma\u00eetre Hassan Kohen, avocat en droit p\u00e9nal \u00e0 Paris\" \/>\n<meta property=\"article:published_time\" content=\"2026-04-24T00:40:20+00:00\" \/>\n<meta property=\"og:image\" content=\"https:\/\/kohenavocats.com\/wp-content\/uploads\/2024\/07\/nathan-cima-A4Qca4vX1Q0-unsplash.webp\" \/>\n\t<meta property=\"og:image:width\" content=\"6000\" \/>\n\t<meta property=\"og:image:height\" content=\"4000\" \/>\n\t<meta property=\"og:image:type\" content=\"image\/webp\" \/>\n<meta name=\"author\" content=\"Kohen\" \/>\n<meta name=\"twitter:card\" content=\"summary_large_image\" \/>\n<meta name=\"twitter:label1\" content=\"Escrito por\" \/>\n\t<meta name=\"twitter:data1\" content=\"Kohen\" \/>\n\t<meta name=\"twitter:label2\" content=\"Tempo estimado de leitura\" \/>\n\t<meta name=\"twitter:data2\" content=\"4 minutos\" \/>\n<script type=\"application\/ld+json\" class=\"yoast-schema-graph\">{\"@context\":\"https:\\\/\\\/schema.org\",\"@graph\":[{\"@type\":\"Article\",\"@id\":\"https:\\\/\\\/kohenavocats.com\\\/pt-pt\\\/tribunal-judiciaire-de-nice-le-24-juin-2025-n25-00836\\\/#article\",\"isPartOf\":{\"@id\":\"https:\\\/\\\/kohenavocats.com\\\/pt-pt\\\/tribunal-judiciaire-de-nice-le-24-juin-2025-n25-00836\\\/\"},\"author\":{\"name\":\"Kohen\",\"@id\":\"https:\\\/\\\/kohenavocats.com\\\/pt-pt\\\/#\\\/schema\\\/person\\\/761c9ba54fa1ca84d405cef0831ff751\"},\"headline\":\"Tribunal judiciaire de Nice, le 24 juin 2025, n\u00b025\\\/00836\",\"datePublished\":\"2026-04-24T00:40:20+00:00\",\"mainEntityOfPage\":{\"@id\":\"https:\\\/\\\/kohenavocats.com\\\/pt-pt\\\/tribunal-judiciaire-de-nice-le-24-juin-2025-n25-00836\\\/\"},\"wordCount\":732,\"commentCount\":0,\"publisher\":{\"@id\":\"https:\\\/\\\/kohenavocats.com\\\/pt-pt\\\/#organization\"},\"image\":{\"@id\":\"https:\\\/\\\/kohenavocats.com\\\/pt-pt\\\/tribunal-judiciaire-de-nice-le-24-juin-2025-n25-00836\\\/#primaryimage\"},\"thumbnailUrl\":\"https:\\\/\\\/kohenavocats.com\\\/wp-content\\\/uploads\\\/2024\\\/07\\\/nathan-cima-A4Qca4vX1Q0-unsplash.webp\",\"articleSection\":[\"Jurisprudence\"],\"inLanguage\":\"pt-PT\",\"potentialAction\":[{\"@type\":\"CommentAction\",\"name\":\"Comment\",\"target\":[\"https:\\\/\\\/kohenavocats.com\\\/pt-pt\\\/tribunal-judiciaire-de-nice-le-24-juin-2025-n25-00836\\\/#respond\"]}],\"citation\":\"Tribunal judiciaire de Nice, le 24 juin 2025, n\u00b025\\\/00836\",\"about\":[{\"@type\":\"Thing\",\"name\":\"Jurisprudence\"}],\"dateModified\":\"2026-04-24T00:40:20+00:00\",\"speakable\":{\"@type\":\"SpeakableSpecification\",\"cssSelector\":[\".article-content > p:first-of-type\"]}},{\"@type\":\"WebPage\",\"@id\":\"https:\\\/\\\/kohenavocats.com\\\/pt-pt\\\/tribunal-judiciaire-de-nice-le-24-juin-2025-n25-00836\\\/\",\"url\":\"https:\\\/\\\/kohenavocats.com\\\/pt-pt\\\/tribunal-judiciaire-de-nice-le-24-juin-2025-n25-00836\\\/\",\"name\":\"Tribunal judiciaire de Nice, le 24 juin 2025, n\u00b025\\\/00836 - Ma\u00eetre Hassan Kohen, avocat en droit p\u00e9nal \u00e0 Paris\",\"isPartOf\":{\"@id\":\"https:\\\/\\\/kohenavocats.com\\\/pt-pt\\\/#website\"},\"primaryImageOfPage\":{\"@id\":\"https:\\\/\\\/kohenavocats.com\\\/pt-pt\\\/tribunal-judiciaire-de-nice-le-24-juin-2025-n25-00836\\\/#primaryimage\"},\"image\":{\"@id\":\"https:\\\/\\\/kohenavocats.com\\\/pt-pt\\\/tribunal-judiciaire-de-nice-le-24-juin-2025-n25-00836\\\/#primaryimage\"},\"thumbnailUrl\":\"https:\\\/\\\/kohenavocats.com\\\/wp-content\\\/uploads\\\/2024\\\/07\\\/nathan-cima-A4Qca4vX1Q0-unsplash.webp\",\"datePublished\":\"2026-04-24T00:40:20+00:00\",\"description\":\"Le juge des contentieux de la protection, statuant en dernier ressort, a rendu une d\u00e9cision r\u00e9put\u00e9e contradictoire le 24 juin 2025. Saisi par un d\u00e9biteur con...\",\"breadcrumb\":{\"@id\":\"https:\\\/\\\/kohenavocats.com\\\/pt-pt\\\/tribunal-judiciaire-de-nice-le-24-juin-2025-n25-00836\\\/#breadcrumb\"},\"inLanguage\":\"pt-PT\",\"potentialAction\":[{\"@type\":\"ReadAction\",\"target\":[\"https:\\\/\\\/kohenavocats.com\\\/pt-pt\\\/tribunal-judiciaire-de-nice-le-24-juin-2025-n25-00836\\\/\"]}]},{\"@type\":\"ImageObject\",\"inLanguage\":\"pt-PT\",\"@id\":\"https:\\\/\\\/kohenavocats.com\\\/pt-pt\\\/tribunal-judiciaire-de-nice-le-24-juin-2025-n25-00836\\\/#primaryimage\",\"url\":\"https:\\\/\\\/kohenavocats.com\\\/wp-content\\\/uploads\\\/2024\\\/07\\\/nathan-cima-A4Qca4vX1Q0-unsplash.webp\",\"contentUrl\":\"https:\\\/\\\/kohenavocats.com\\\/wp-content\\\/uploads\\\/2024\\\/07\\\/nathan-cima-A4Qca4vX1Q0-unsplash.webp\",\"width\":6000,\"height\":4000},{\"@type\":\"BreadcrumbList\",\"@id\":\"https:\\\/\\\/kohenavocats.com\\\/pt-pt\\\/tribunal-judiciaire-de-nice-le-24-juin-2025-n25-00836\\\/#breadcrumb\",\"itemListElement\":[{\"@type\":\"ListItem\",\"position\":1,\"name\":\"Home\",\"item\":\"https:\\\/\\\/kohenavocats.com\\\/pt-pt\\\/avocats-en-droit-penal-a-paris-conseil-et-defense-strategique\\\/\"},{\"@type\":\"ListItem\",\"position\":2,\"name\":\"Tribunal judiciaire de Nice, le 24 juin 2025, n\u00b025\\\/00836\"}]},{\"@type\":\"WebSite\",\"@id\":\"https:\\\/\\\/kohenavocats.com\\\/pt-pt\\\/#website\",\"url\":\"https:\\\/\\\/kohenavocats.com\\\/pt-pt\\\/\",\"name\":\"Kohen Avocats\",\"description\":\"Ma\u00eetre Hassan Kohen, avocat p\u00e9naliste \u00e0 Paris, intervient exclusivement en droit p\u00e9nal pour la d\u00e9fense des particuliers, notamment en mati\u00e8re d\u2019accusations de viol. Il assure un accompagnement rigoureux d\u00e8s la garde \u00e0 vue jusqu\u2019\u00e0 la Cour d\u2019assises, veillant au strict respect des garanties proc\u00e9durales.\",\"publisher\":{\"@id\":\"https:\\\/\\\/kohenavocats.com\\\/pt-pt\\\/#organization\"},\"potentialAction\":[{\"@type\":\"SearchAction\",\"target\":{\"@type\":\"EntryPoint\",\"urlTemplate\":\"https:\\\/\\\/kohenavocats.com\\\/pt-pt\\\/?s={search_term_string}\"},\"query-input\":{\"@type\":\"PropertyValueSpecification\",\"valueRequired\":true,\"valueName\":\"search_term_string\"}}],\"inLanguage\":\"pt-PT\"},{\"@type\":\"Organization\",\"@id\":\"https:\\\/\\\/kohenavocats.com\\\/pt-pt\\\/#organization\",\"name\":\"Kohen Avocats\",\"url\":\"https:\\\/\\\/kohenavocats.com\\\/pt-pt\\\/\",\"logo\":{\"@type\":\"ImageObject\",\"inLanguage\":\"pt-PT\",\"@id\":\"https:\\\/\\\/kohenavocats.com\\\/pt-pt\\\/#\\\/schema\\\/logo\\\/image\\\/\",\"url\":\"https:\\\/\\\/kohenavocats.com\\\/wp-content\\\/uploads\\\/2026\\\/01\\\/Logo-2-1.webp\",\"contentUrl\":\"https:\\\/\\\/kohenavocats.com\\\/wp-content\\\/uploads\\\/2026\\\/01\\\/Logo-2-1.webp\",\"width\":2114,\"height\":1253,\"caption\":\"Kohen Avocats\"},\"image\":{\"@id\":\"https:\\\/\\\/kohenavocats.com\\\/pt-pt\\\/#\\\/schema\\\/logo\\\/image\\\/\"}},{\"@type\":\"Person\",\"@id\":\"https:\\\/\\\/kohenavocats.com\\\/pt-pt\\\/#\\\/schema\\\/person\\\/761c9ba54fa1ca84d405cef0831ff751\",\"name\":\"Kohen\",\"image\":{\"@type\":\"ImageObject\",\"inLanguage\":\"pt-PT\",\"@id\":\"https:\\\/\\\/secure.gravatar.com\\\/avatar\\\/1c5e76ef76bbbfdd2b4da984e2bf2fa4056fd51a27d25ce2c332047f1dfd6e00?s=96&d=identicon&r=g\",\"url\":\"https:\\\/\\\/secure.gravatar.com\\\/avatar\\\/1c5e76ef76bbbfdd2b4da984e2bf2fa4056fd51a27d25ce2c332047f1dfd6e00?s=96&d=identicon&r=g\",\"contentUrl\":\"https:\\\/\\\/secure.gravatar.com\\\/avatar\\\/1c5e76ef76bbbfdd2b4da984e2bf2fa4056fd51a27d25ce2c332047f1dfd6e00?s=96&d=identicon&r=g\",\"caption\":\"Kohen\"},\"sameAs\":[\"https:\\\/\\\/www.linkedin.com\\\/in\\\/hassan-kohen-448548192\\\/\",\"https:\\\/\\\/www.youtube.com\\\/@Kohen-Avocats\"],\"url\":\"https:\\\/\\\/kohenavocats.com\\\/pt-pt\\\/author\\\/kohenmlk\\\/\"}]}<\/script>\n<!-- \/ Yoast SEO Premium plugin. -->","yoast_head_json":{"title":"Tribunal judiciaire de Nice, le 24 juin 2025, n\u00b025\/00836 - Ma\u00eetre Hassan Kohen, avocat en droit p\u00e9nal \u00e0 Paris","description":"Le juge des contentieux de la protection, statuant en dernier ressort, a rendu une d\u00e9cision r\u00e9put\u00e9e contradictoire le 24 juin 2025. Saisi par un d\u00e9biteur con...","robots":{"index":"index","follow":"follow","max-snippet":"max-snippet:-1","max-image-preview":"max-image-preview:large","max-video-preview":"max-video-preview:-1"},"canonical":"https:\/\/kohenavocats.com\/pt-pt\/tribunal-judiciaire-de-nice-le-24-juin-2025-n25-00836\/","og_locale":"pt_PT","og_type":"article","og_title":"Tribunal judiciaire de Nice, le 24 juin 2025, n\u00b025\/00836","og_description":"Le juge des contentieux de la protection, statuant en dernier ressort, a rendu une d\u00e9cision r\u00e9put\u00e9e contradictoire le 24 juin 2025. Saisi par un d\u00e9biteur con...","og_url":"https:\/\/kohenavocats.com\/pt-pt\/tribunal-judiciaire-de-nice-le-24-juin-2025-n25-00836\/","og_site_name":"Ma\u00eetre Hassan Kohen, avocat en droit p\u00e9nal \u00e0 Paris","article_published_time":"2026-04-24T00:40:20+00:00","og_image":[{"width":6000,"height":4000,"url":"https:\/\/kohenavocats.com\/wp-content\/uploads\/2024\/07\/nathan-cima-A4Qca4vX1Q0-unsplash.webp","type":"image\/webp"}],"author":"Kohen","twitter_card":"summary_large_image","twitter_misc":{"Escrito por":"Kohen","Tempo estimado de leitura":"4 minutos"},"schema":{"@context":"https:\/\/schema.org","@graph":[{"@type":"Article","@id":"https:\/\/kohenavocats.com\/pt-pt\/tribunal-judiciaire-de-nice-le-24-juin-2025-n25-00836\/#article","isPartOf":{"@id":"https:\/\/kohenavocats.com\/pt-pt\/tribunal-judiciaire-de-nice-le-24-juin-2025-n25-00836\/"},"author":{"name":"Kohen","@id":"https:\/\/kohenavocats.com\/pt-pt\/#\/schema\/person\/761c9ba54fa1ca84d405cef0831ff751"},"headline":"Tribunal judiciaire de Nice, le 24 juin 2025, n\u00b025\/00836","datePublished":"2026-04-24T00:40:20+00:00","mainEntityOfPage":{"@id":"https:\/\/kohenavocats.com\/pt-pt\/tribunal-judiciaire-de-nice-le-24-juin-2025-n25-00836\/"},"wordCount":732,"commentCount":0,"publisher":{"@id":"https:\/\/kohenavocats.com\/pt-pt\/#organization"},"image":{"@id":"https:\/\/kohenavocats.com\/pt-pt\/tribunal-judiciaire-de-nice-le-24-juin-2025-n25-00836\/#primaryimage"},"thumbnailUrl":"https:\/\/kohenavocats.com\/wp-content\/uploads\/2024\/07\/nathan-cima-A4Qca4vX1Q0-unsplash.webp","articleSection":["Jurisprudence"],"inLanguage":"pt-PT","potentialAction":[{"@type":"CommentAction","name":"Comment","target":["https:\/\/kohenavocats.com\/pt-pt\/tribunal-judiciaire-de-nice-le-24-juin-2025-n25-00836\/#respond"]}],"citation":"Tribunal judiciaire de Nice, le 24 juin 2025, n\u00b025\/00836","about":[{"@type":"Thing","name":"Jurisprudence"}],"dateModified":"2026-04-24T00:40:20+00:00","speakable":{"@type":"SpeakableSpecification","cssSelector":[".article-content > p:first-of-type"]}},{"@type":"WebPage","@id":"https:\/\/kohenavocats.com\/pt-pt\/tribunal-judiciaire-de-nice-le-24-juin-2025-n25-00836\/","url":"https:\/\/kohenavocats.com\/pt-pt\/tribunal-judiciaire-de-nice-le-24-juin-2025-n25-00836\/","name":"Tribunal judiciaire de Nice, le 24 juin 2025, n\u00b025\/00836 - Ma\u00eetre Hassan Kohen, avocat en droit p\u00e9nal \u00e0 Paris","isPartOf":{"@id":"https:\/\/kohenavocats.com\/pt-pt\/#website"},"primaryImageOfPage":{"@id":"https:\/\/kohenavocats.com\/pt-pt\/tribunal-judiciaire-de-nice-le-24-juin-2025-n25-00836\/#primaryimage"},"image":{"@id":"https:\/\/kohenavocats.com\/pt-pt\/tribunal-judiciaire-de-nice-le-24-juin-2025-n25-00836\/#primaryimage"},"thumbnailUrl":"https:\/\/kohenavocats.com\/wp-content\/uploads\/2024\/07\/nathan-cima-A4Qca4vX1Q0-unsplash.webp","datePublished":"2026-04-24T00:40:20+00:00","description":"Le juge des contentieux de la protection, statuant en dernier ressort, a rendu une d\u00e9cision r\u00e9put\u00e9e contradictoire le 24 juin 2025. Saisi par un d\u00e9biteur con...","breadcrumb":{"@id":"https:\/\/kohenavocats.com\/pt-pt\/tribunal-judiciaire-de-nice-le-24-juin-2025-n25-00836\/#breadcrumb"},"inLanguage":"pt-PT","potentialAction":[{"@type":"ReadAction","target":["https:\/\/kohenavocats.com\/pt-pt\/tribunal-judiciaire-de-nice-le-24-juin-2025-n25-00836\/"]}]},{"@type":"ImageObject","inLanguage":"pt-PT","@id":"https:\/\/kohenavocats.com\/pt-pt\/tribunal-judiciaire-de-nice-le-24-juin-2025-n25-00836\/#primaryimage","url":"https:\/\/kohenavocats.com\/wp-content\/uploads\/2024\/07\/nathan-cima-A4Qca4vX1Q0-unsplash.webp","contentUrl":"https:\/\/kohenavocats.com\/wp-content\/uploads\/2024\/07\/nathan-cima-A4Qca4vX1Q0-unsplash.webp","width":6000,"height":4000},{"@type":"BreadcrumbList","@id":"https:\/\/kohenavocats.com\/pt-pt\/tribunal-judiciaire-de-nice-le-24-juin-2025-n25-00836\/#breadcrumb","itemListElement":[{"@type":"ListItem","position":1,"name":"Home","item":"https:\/\/kohenavocats.com\/pt-pt\/avocats-en-droit-penal-a-paris-conseil-et-defense-strategique\/"},{"@type":"ListItem","position":2,"name":"Tribunal judiciaire de Nice, le 24 juin 2025, n\u00b025\/00836"}]},{"@type":"WebSite","@id":"https:\/\/kohenavocats.com\/pt-pt\/#website","url":"https:\/\/kohenavocats.com\/pt-pt\/","name":"Kohen Avocats","description":"Ma\u00eetre Hassan Kohen, avocat p\u00e9naliste \u00e0 Paris, intervient exclusivement en droit p\u00e9nal pour la d\u00e9fense des particuliers, notamment en mati\u00e8re d\u2019accusations de viol. Il assure un accompagnement rigoureux d\u00e8s la garde \u00e0 vue jusqu\u2019\u00e0 la Cour d\u2019assises, veillant au strict respect des garanties proc\u00e9durales.","publisher":{"@id":"https:\/\/kohenavocats.com\/pt-pt\/#organization"},"potentialAction":[{"@type":"SearchAction","target":{"@type":"EntryPoint","urlTemplate":"https:\/\/kohenavocats.com\/pt-pt\/?s={search_term_string}"},"query-input":{"@type":"PropertyValueSpecification","valueRequired":true,"valueName":"search_term_string"}}],"inLanguage":"pt-PT"},{"@type":"Organization","@id":"https:\/\/kohenavocats.com\/pt-pt\/#organization","name":"Kohen Avocats","url":"https:\/\/kohenavocats.com\/pt-pt\/","logo":{"@type":"ImageObject","inLanguage":"pt-PT","@id":"https:\/\/kohenavocats.com\/pt-pt\/#\/schema\/logo\/image\/","url":"https:\/\/kohenavocats.com\/wp-content\/uploads\/2026\/01\/Logo-2-1.webp","contentUrl":"https:\/\/kohenavocats.com\/wp-content\/uploads\/2026\/01\/Logo-2-1.webp","width":2114,"height":1253,"caption":"Kohen Avocats"},"image":{"@id":"https:\/\/kohenavocats.com\/pt-pt\/#\/schema\/logo\/image\/"}},{"@type":"Person","@id":"https:\/\/kohenavocats.com\/pt-pt\/#\/schema\/person\/761c9ba54fa1ca84d405cef0831ff751","name":"Kohen","image":{"@type":"ImageObject","inLanguage":"pt-PT","@id":"https:\/\/secure.gravatar.com\/avatar\/1c5e76ef76bbbfdd2b4da984e2bf2fa4056fd51a27d25ce2c332047f1dfd6e00?s=96&d=identicon&r=g","url":"https:\/\/secure.gravatar.com\/avatar\/1c5e76ef76bbbfdd2b4da984e2bf2fa4056fd51a27d25ce2c332047f1dfd6e00?s=96&d=identicon&r=g","contentUrl":"https:\/\/secure.gravatar.com\/avatar\/1c5e76ef76bbbfdd2b4da984e2bf2fa4056fd51a27d25ce2c332047f1dfd6e00?s=96&d=identicon&r=g","caption":"Kohen"},"sameAs":["https:\/\/www.linkedin.com\/in\/hassan-kohen-448548192\/","https:\/\/www.youtube.com\/@Kohen-Avocats"],"url":"https:\/\/kohenavocats.com\/pt-pt\/author\/kohenmlk\/"}]}},"jetpack_featured_media_url":"https:\/\/kohenavocats.com\/wp-content\/uploads\/2024\/07\/nathan-cima-A4Qca4vX1Q0-unsplash.webp","jetpack_likes_enabled":false,"jetpack_shortlink":"https:\/\/wp.me\/peCrII-2Nx1","jetpack-related-posts":[{"id":57464,"url":"https:\/\/kohenavocats.com\/pt-pt\/cour-dappel-de-aix-en-provence-le-13-juin-2025-n23-09496\/","url_meta":{"origin":667059,"position":0},"title":"Cour d&#8217;appel de Aix-en-Provence, le 13 juin 2025, n\u00b023\/09496","author":"Kohen","date":"8 de Novembro, 2025","format":false,"excerpt":"Cour d'appel d'Aix-en-Provence, 13 juin 2025. L\u2019arr\u00eat tranche la suspension de la prescription triennale pendant la p\u00e9riode contradictoire ouverte par une lettre d\u2019observations, au regard d\u2019une ill\u00e9galit\u00e9 r\u00e9glementaire.Le contr\u00f4le a port\u00e9 sur la p\u00e9riode du 1er janvier 2015 au 31 mars 2016. Une lettre d\u2019observations a \u00e9t\u00e9 adress\u00e9e le 22\u2026","rel":"","context":"In &quot;Cour d'appel&quot;","block_context":{"text":"Cour d'appel","link":"https:\/\/kohenavocats.com\/category\/cour-dappel\/"},"img":{"alt_text":"","src":"https:\/\/i0.wp.com\/kohenavocats.com\/wp-content\/uploads\/2024\/07\/nathan-cima-UMK1mwunTZ8-unsplash.webp?resize=350%2C200&ssl=1","width":350,"height":200,"srcset":"https:\/\/i0.wp.com\/kohenavocats.com\/wp-content\/uploads\/2024\/07\/nathan-cima-UMK1mwunTZ8-unsplash.webp?resize=350%2C200&ssl=1 1x, https:\/\/i0.wp.com\/kohenavocats.com\/wp-content\/uploads\/2024\/07\/nathan-cima-UMK1mwunTZ8-unsplash.webp?resize=525%2C300&ssl=1 1.5x, https:\/\/i0.wp.com\/kohenavocats.com\/wp-content\/uploads\/2024\/07\/nathan-cima-UMK1mwunTZ8-unsplash.webp?resize=700%2C400&ssl=1 2x, https:\/\/i0.wp.com\/kohenavocats.com\/wp-content\/uploads\/2024\/07\/nathan-cima-UMK1mwunTZ8-unsplash.webp?resize=1050%2C600&ssl=1 3x, https:\/\/i0.wp.com\/kohenavocats.com\/wp-content\/uploads\/2024\/07\/nathan-cima-UMK1mwunTZ8-unsplash.webp?resize=1400%2C800&ssl=1 4x"},"classes":[]},{"id":643476,"url":"https:\/\/kohenavocats.com\/pt-pt\/cour-dappel-de-rennes-le-18-juin-2025-n22-06943\/","url_meta":{"origin":667059,"position":1},"title":"Cour d&#8217;appel de Rennes, le 18 juin 2025, n\u00b022\/06943","author":"Kohen","date":"22 de Abril, 2026","format":false,"excerpt":"La Cour d'appel de Rennes, le 18 juin 2025, a statu\u00e9 sur l'opposabilit\u00e9 d'une d\u00e9cision de prise en charge d'un accident du travail. L'employeur contestait ce...","rel":"","context":"In &quot;Jurisprudence&quot;","block_context":{"text":"Jurisprudence","link":"https:\/\/kohenavocats.com\/category\/jurisprudence\/"},"img":{"alt_text":"","src":"https:\/\/i0.wp.com\/kohenavocats.com\/wp-content\/uploads\/2024\/08\/jakob-braun-S7d5wbPWb_A-unsplash.webp?resize=350%2C200&ssl=1","width":350,"height":200,"srcset":"https:\/\/i0.wp.com\/kohenavocats.com\/wp-content\/uploads\/2024\/08\/jakob-braun-S7d5wbPWb_A-unsplash.webp?resize=350%2C200&ssl=1 1x, https:\/\/i0.wp.com\/kohenavocats.com\/wp-content\/uploads\/2024\/08\/jakob-braun-S7d5wbPWb_A-unsplash.webp?resize=525%2C300&ssl=1 1.5x, https:\/\/i0.wp.com\/kohenavocats.com\/wp-content\/uploads\/2024\/08\/jakob-braun-S7d5wbPWb_A-unsplash.webp?resize=700%2C400&ssl=1 2x, https:\/\/i0.wp.com\/kohenavocats.com\/wp-content\/uploads\/2024\/08\/jakob-braun-S7d5wbPWb_A-unsplash.webp?resize=1050%2C600&ssl=1 3x, https:\/\/i0.wp.com\/kohenavocats.com\/wp-content\/uploads\/2024\/08\/jakob-braun-S7d5wbPWb_A-unsplash.webp?resize=1400%2C800&ssl=1 4x"},"classes":[]},{"id":42918,"url":"https:\/\/kohenavocats.com\/pt-pt\/cour-dappel-de-orleans-le-15-juillet-2025-n24-02440\/","url_meta":{"origin":667059,"position":2},"title":"Cour d&#8217;appel de Orl\u00e9ans, le 15 juillet 2025, n\u00b024\/02440","author":"Kohen","date":"7 de Novembro, 2025","format":false,"excerpt":"Rendue par la Cour d'appel d'Orl\u00e9ans le 15 juillet 2025, la d\u00e9cision commente la r\u00e9gularit\u00e9 de la proc\u00e9dure d\u2019instruction d\u2019une maladie professionnelle. L\u2019enjeu tient \u00e0 l\u2019opposabilit\u00e9 \u00e0 l\u2019employeur de la prise en charge, au regard du respect du contradictoire et de la \u00ab consultation passive \u00bb pr\u00e9vue apr\u00e8s la phase\u2026","rel":"","context":"In &quot;Cour d'appel&quot;","block_context":{"text":"Cour d'appel","link":"https:\/\/kohenavocats.com\/category\/cour-dappel\/"},"img":{"alt_text":"","src":"https:\/\/i0.wp.com\/kohenavocats.com\/wp-content\/uploads\/2024\/11\/scott-webb-A-7Y4M0-e0M-unsplash.webp?resize=350%2C200&ssl=1","width":350,"height":200,"srcset":"https:\/\/i0.wp.com\/kohenavocats.com\/wp-content\/uploads\/2024\/11\/scott-webb-A-7Y4M0-e0M-unsplash.webp?resize=350%2C200&ssl=1 1x, https:\/\/i0.wp.com\/kohenavocats.com\/wp-content\/uploads\/2024\/11\/scott-webb-A-7Y4M0-e0M-unsplash.webp?resize=525%2C300&ssl=1 1.5x, https:\/\/i0.wp.com\/kohenavocats.com\/wp-content\/uploads\/2024\/11\/scott-webb-A-7Y4M0-e0M-unsplash.webp?resize=700%2C400&ssl=1 2x, https:\/\/i0.wp.com\/kohenavocats.com\/wp-content\/uploads\/2024\/11\/scott-webb-A-7Y4M0-e0M-unsplash.webp?resize=1050%2C600&ssl=1 3x, https:\/\/i0.wp.com\/kohenavocats.com\/wp-content\/uploads\/2024\/11\/scott-webb-A-7Y4M0-e0M-unsplash.webp?resize=1400%2C800&ssl=1 4x"},"classes":[]},{"id":224649,"url":"https:\/\/kohenavocats.com\/pt-pt\/cour-dappel-de-rennes-le-18-juin-2025-n22-03741\/","url_meta":{"origin":667059,"position":3},"title":"Cour d&#8217;appel de Rennes, le 18 juin 2025, n\u00b022\/03741","author":"Kohen","date":"26 de Dezembro, 2025","format":false,"excerpt":"Now using node v22.15.1 (npm v10.8.2)Utilisation de Node.js v20.19.4 et npm 10.8.2Codex est d\u00e9j\u00e0 install\u00e9.Lancement de Codex...Rendue par la Cour d'appel de Rennes le 18 juin 2025, la d\u00e9cision commente une contestation d'opposabilit\u00e9 d\u2019une prise en charge au titre du tableau n\u00b057. L\u2019employeur invoquait des manquements au contradictoire, tenant \u00e0\u2026","rel":"","context":"In &quot;Cour d'appel&quot;","block_context":{"text":"Cour d'appel","link":"https:\/\/kohenavocats.com\/category\/cour-dappel\/"},"img":{"alt_text":"","src":"https:\/\/i0.wp.com\/kohenavocats.com\/wp-content\/uploads\/2024\/08\/nathan-cima-chaLsSBHLAs-unsplash.webp?resize=350%2C200&ssl=1","width":350,"height":200,"srcset":"https:\/\/i0.wp.com\/kohenavocats.com\/wp-content\/uploads\/2024\/08\/nathan-cima-chaLsSBHLAs-unsplash.webp?resize=350%2C200&ssl=1 1x, https:\/\/i0.wp.com\/kohenavocats.com\/wp-content\/uploads\/2024\/08\/nathan-cima-chaLsSBHLAs-unsplash.webp?resize=525%2C300&ssl=1 1.5x, https:\/\/i0.wp.com\/kohenavocats.com\/wp-content\/uploads\/2024\/08\/nathan-cima-chaLsSBHLAs-unsplash.webp?resize=700%2C400&ssl=1 2x, https:\/\/i0.wp.com\/kohenavocats.com\/wp-content\/uploads\/2024\/08\/nathan-cima-chaLsSBHLAs-unsplash.webp?resize=1050%2C600&ssl=1 3x, https:\/\/i0.wp.com\/kohenavocats.com\/wp-content\/uploads\/2024\/08\/nathan-cima-chaLsSBHLAs-unsplash.webp?resize=1400%2C800&ssl=1 4x"},"classes":[]},{"id":612541,"url":"https:\/\/kohenavocats.com\/pt-pt\/cour-dappel-de-pau-le-5-juin-2025-n23-02590\/","url_meta":{"origin":667059,"position":4},"title":"Cour d&#8217;appel de Pau, le 5 juin 2025, n\u00b023\/02590","author":"Kohen","date":"19 de Abril, 2026","format":false,"excerpt":"La Cour d'appel de Pau, le 5 juin 2025, statue sur l'opposabilit\u00e9 d'une d\u00e9cision de prise en charge d'une maladie professionnelle. L'employeur contestait la ...","rel":"","context":"In &quot;Jurisprudence&quot;","block_context":{"text":"Jurisprudence","link":"https:\/\/kohenavocats.com\/category\/jurisprudence\/"},"img":{"alt_text":"","src":"https:\/\/i0.wp.com\/kohenavocats.com\/wp-content\/uploads\/2024\/11\/steve-johnson-O6vuhf4ID2w-unsplash.webp?resize=350%2C200&ssl=1","width":350,"height":200,"srcset":"https:\/\/i0.wp.com\/kohenavocats.com\/wp-content\/uploads\/2024\/11\/steve-johnson-O6vuhf4ID2w-unsplash.webp?resize=350%2C200&ssl=1 1x, https:\/\/i0.wp.com\/kohenavocats.com\/wp-content\/uploads\/2024\/11\/steve-johnson-O6vuhf4ID2w-unsplash.webp?resize=525%2C300&ssl=1 1.5x, https:\/\/i0.wp.com\/kohenavocats.com\/wp-content\/uploads\/2024\/11\/steve-johnson-O6vuhf4ID2w-unsplash.webp?resize=700%2C400&ssl=1 2x, https:\/\/i0.wp.com\/kohenavocats.com\/wp-content\/uploads\/2024\/11\/steve-johnson-O6vuhf4ID2w-unsplash.webp?resize=1050%2C600&ssl=1 3x, https:\/\/i0.wp.com\/kohenavocats.com\/wp-content\/uploads\/2024\/11\/steve-johnson-O6vuhf4ID2w-unsplash.webp?resize=1400%2C800&ssl=1 4x"},"classes":[]},{"id":683908,"url":"https:\/\/kohenavocats.com\/pt-pt\/cour-dappel-de-reims-le-18-juin-2025-n23-23-932\/","url_meta":{"origin":667059,"position":5},"title":"Cour d&#8217;appel de Reims, le 18 juin 2025, n\u00b023-23.932","author":"Kohen","date":"25 de Abril, 2026","format":false,"excerpt":"Par un arr\u00eat du 18 juin 2025, la Cour de cassation, premi\u00e8re chambre civile, casse partiellement un arr\u00eat de la cour d\u2019appel de Reims du 24 octobre 2023. Le ...","rel":"","context":"In &quot;Jurisprudence&quot;","block_context":{"text":"Jurisprudence","link":"https:\/\/kohenavocats.com\/category\/jurisprudence\/"},"img":{"alt_text":"","src":"https:\/\/i0.wp.com\/kohenavocats.com\/wp-content\/uploads\/2024\/07\/alex-block-PdDBTrkGYLo-unsplash-1.webp?resize=350%2C200&ssl=1","width":350,"height":200,"srcset":"https:\/\/i0.wp.com\/kohenavocats.com\/wp-content\/uploads\/2024\/07\/alex-block-PdDBTrkGYLo-unsplash-1.webp?resize=350%2C200&ssl=1 1x, https:\/\/i0.wp.com\/kohenavocats.com\/wp-content\/uploads\/2024\/07\/alex-block-PdDBTrkGYLo-unsplash-1.webp?resize=525%2C300&ssl=1 1.5x, https:\/\/i0.wp.com\/kohenavocats.com\/wp-content\/uploads\/2024\/07\/alex-block-PdDBTrkGYLo-unsplash-1.webp?resize=700%2C400&ssl=1 2x, https:\/\/i0.wp.com\/kohenavocats.com\/wp-content\/uploads\/2024\/07\/alex-block-PdDBTrkGYLo-unsplash-1.webp?resize=1050%2C600&ssl=1 3x, https:\/\/i0.wp.com\/kohenavocats.com\/wp-content\/uploads\/2024\/07\/alex-block-PdDBTrkGYLo-unsplash-1.webp?resize=1400%2C800&ssl=1 4x"},"classes":[]}],"jetpack_sharing_enabled":true,"_links":{"self":[{"href":"https:\/\/kohenavocats.com\/pt-pt\/wp-json\/wp\/v2\/posts\/667059","targetHints":{"allow":["GET"]}}],"collection":[{"href":"https:\/\/kohenavocats.com\/pt-pt\/wp-json\/wp\/v2\/posts"}],"about":[{"href":"https:\/\/kohenavocats.com\/pt-pt\/wp-json\/wp\/v2\/types\/post"}],"author":[{"embeddable":true,"href":"https:\/\/kohenavocats.com\/pt-pt\/wp-json\/wp\/v2\/users\/232070755"}],"replies":[{"embeddable":true,"href":"https:\/\/kohenavocats.com\/pt-pt\/wp-json\/wp\/v2\/comments?post=667059"}],"version-history":[{"count":0,"href":"https:\/\/kohenavocats.com\/pt-pt\/wp-json\/wp\/v2\/posts\/667059\/revisions"}],"wp:featuredmedia":[{"embeddable":true,"href":"https:\/\/kohenavocats.com\/pt-pt\/wp-json\/wp\/v2\/media\/3911"}],"wp:attachment":[{"href":"https:\/\/kohenavocats.com\/pt-pt\/wp-json\/wp\/v2\/media?parent=667059"}],"wp:term":[{"taxonomy":"category","embeddable":true,"href":"https:\/\/kohenavocats.com\/pt-pt\/wp-json\/wp\/v2\/categories?post=667059"},{"taxonomy":"post_tag","embeddable":true,"href":"https:\/\/kohenavocats.com\/pt-pt\/wp-json\/wp\/v2\/tags?post=667059"}],"curies":[{"name":"wp","href":"https:\/\/api.w.org\/{rel}","templated":true}]}}