{"id":667198,"date":"2026-04-24T02:59:10","date_gmt":"2026-04-24T00:59:10","guid":{"rendered":"https:\/\/kohenavocats.com\/tribunal-judiciaire-de-ales-le-4-novembre-2025-n24-01130\/"},"modified":"2026-04-26T19:39:46","modified_gmt":"2026-04-26T17:39:46","slug":"tribunal-judiciaire-de-ales-le-4-novembre-2025-n24-01130","status":"publish","type":"post","link":"https:\/\/kohenavocats.com\/pt-pt\/tribunal-judiciaire-de-ales-le-4-novembre-2025-n24-01130\/","title":{"rendered":"Tribunal judiciaire de Al\u00e8s, le 4 novembre 2025, n\u00b024\/01130"},"content":{"rendered":"<div class=\"article-content\">\n<p>Le tribunal judiciaire d\u2019Al\u00e8s, statuant par son juge de la mise en \u00e9tat, a rendu une ordonnance le 4 novembre 2025. L\u2019\u00e9pouse d\u2019un acqu\u00e9reur avait engag\u00e9 une action en garantie des <a href=\"https:\/\/kohenavocats.fr\/avocat-vices-caches-immobilier-paris\/\" target=\"_blank\" title=\"vices cach\u00e9s\">vices cach\u00e9s<\/a> et en conformit\u00e9 concernant un v\u00e9hicule. Le vendeur soulevait une fin de non-recevoir pour d\u00e9faut de qualit\u00e9 \u00e0 agir, l\u2019automobile \u00e9tant un bien propre du mari. Le juge a rejet\u00e9 cette exception en validant la recevabilit\u00e9 de la demande de l\u2019\u00e9pouse. Il a \u00e9galement statu\u00e9 sur les demandes accessoires relatives aux d\u00e9pens et aux frais irr\u00e9p\u00e9tibles.<\/p>\n<p>La validation d\u2019un mandat tacite entre \u00e9poux pour agir en justice<\/p>\n<p>Le juge \u00e9carte l\u2019irrecevabilit\u00e9 fond\u00e9e sur l\u2019absence de qualit\u00e9 d\u2019acheteur. La requ\u00e9rante n\u2019est pas l\u2019acqu\u00e9reuse du v\u00e9hicule litigieux, son \u00e9poux en \u00e9tant le propri\u00e9taire depuis avant le mariage. Les textes applicables r\u00e9servent express\u00e9ment l\u2019action \u00e0 l\u2019acheteur. &#8220;Selon l\u2019article 1648 du code civil, l&#8217;action r\u00e9sultant des vices r\u00e9dhibitoires doit \u00eatre intent\u00e9e par l&#8217;acqu\u00e9reur.&#8221; (Motifs de la d\u00e9cision) L\u2019article L.217-1 du code de la consommation b\u00e9n\u00e9ficie \u00e9galement \u00e0 l\u2019acheteur consommateur. La qualit\u00e9 pour agir semble donc appartenir exclusivement au mari propri\u00e9taire du bien.<\/p>\n<p>Le juge d\u00e9duit pourtant un mandat conf\u00e9rant cette qualit\u00e9 \u00e0 l\u2019\u00e9pouse. Il rel\u00e8ve la participation active du mari aux expertises et aux instances. &#8220;Il s\u2019en d\u00e9duit donc l\u2019existence d\u2019un mandat tacite de Monsieur pour agir, lequel est corrobor\u00e9 par la production dans le cadre de l\u2019incident, d\u2019un mandat \u00e9crit \u00e0 la date du 03 avril 2025.&#8221; (Motifs de la d\u00e9cision) Le vendeur contestait l\u2019efficacit\u00e9 d\u2019un tel mandat pour un bien propre. Le juge rappelle que le r\u00e9gime matrimonial n\u2019y fait pas obstacle. &#8220;Pour autant, les articles 218 et 1432 du code civil n\u2019exclut pas du champ des mandats entre conjoints, les biens propres de l\u2019un d\u2019entre eux.&#8221; (Motifs de la d\u00e9cision) La solution consacre une interpr\u00e9tation souple des conditions de recevabilit\u00e9. Elle facilite l\u2019action en justice des couples face \u00e0 un vendeur professionnel. La port\u00e9e est pratique, \u00e9vitant une irrecevabilit\u00e9 formelle au fondement discutable.<\/p>\n<p>La comp\u00e9tence du juge de la mise en \u00e9tat pour statuer sur les incidents<\/p>\n<p>Le juge de la mise en \u00e9tat exerce pleinement ses pouvoirs pour trancher l\u2019incident. Sa comp\u00e9tence est d\u00e9finie par le code de proc\u00e9dure civile. &#8220;L\u2019article 789 du Code de proc\u00e9dure civile donne comp\u00e9tence au juge de la mise en \u00e9tat, \u00e0 l\u2019exclusion de toute autre formation du tribunal jusqu\u2019\u00e0 son dessaisissement, pour statuer sur les exceptions de proc\u00e9dure et sur les incidents mettant fin \u00e0 l\u2019instance ainsi que sur les fins de non-recevoir.&#8221; (Motifs de la d\u00e9cision) La fin de non-recevoir est ainsi express\u00e9ment vis\u00e9e. Elle permet de faire d\u00e9clarer l\u2019adversaire irrecevable sans examen au fond. &#8220;L&#8217;article 122 du Code de proc\u00e9dure civile d\u00e9finit la fin de non-recevoir comme tout moyen qui tend \u00e0 faire d\u00e9clarer l&#8217;adversaire irrecevable en sa demande, sans examen au fond, pour d\u00e9faut du droit d&#8217;agir, tel que le d\u00e9faut de qualit\u00e9, le d\u00e9faut d&#8217;int\u00e9r\u00eat, la prescription, le d\u00e9lai pr\u00e9fix, la chose jug\u00e9e.&#8221; (Motifs de la d\u00e9cision) Le juge statue donc en pleine l\u00e9galit\u00e9 sur la demande d\u2019irrecevabilit\u00e9.<\/p>\n<p>Il use \u00e9galement de son pouvoir pour condamner aux frais et d\u00e9pens. L\u2019article 790 du code de proc\u00e9dure civile l\u2019y autorise explicitement. &#8220;L\u2019article 790 du code de proc\u00e9dure civile pr\u00e9voit que \u00ab le juge de la mise en \u00e9tat peut statuer sur les d\u00e9pens et les demandes form\u00e9es en application de l\u2019article 700 \u00bb.&#8221; (Motifs de la d\u00e9cision) Appliquant ces dispositions, il condamne la partie succombante. La soci\u00e9t\u00e9 venderesse supporte ainsi les entiers d\u00e9pens de l\u2019incident. Elle doit aussi verser des sommes au titre des frais irr\u00e9p\u00e9tibles aux autres parties. Cette d\u00e9cision affirme l\u2019autorit\u00e9 du juge de la mise en \u00e9tat. Elle assure une gestion efficace et compl\u00e8te de la proc\u00e9dure pr\u00e9paratoire. La valeur est proc\u00e9durale, garantissant la c\u00e9l\u00e9rit\u00e9 et l\u2019\u00e9conomie des moyens devant le tribunal.<\/p>\n<\/div>\n","protected":false},"excerpt":{"rendered":"<p>Le tribunal judiciaire d\u2019Al\u00e8s, statuant par son juge de la mise en \u00e9tat, a rendu une ordonnance le 4 novembre 2025. L\u2019\u00e9pouse d\u2019un acqu\u00e9reur avait engag\u00e9 une &#8230;<\/p>\n","protected":false},"author":232070755,"featured_media":4769,"comment_status":"open","ping_status":"open","sticky":false,"template":"","format":"standard","meta":{"_crdt_document":"","_jetpack_newsletter_access":"","_jetpack_dont_email_post_to_subs":false,"_jetpack_newsletter_tier_id":0,"_jetpack_memberships_contains_paywalled_content":false,"_kj_source_type":"judilibre","_kj_official_id":"68dd2eca548223b2c7a281d1","_kj_official_url":"https:\/\/www.courdecassation.fr\/decision\/68dd2eca548223b2c7a281d1","_kj_judilibre_id":"68dd2eca548223b2c7a281d1","_kj_jur":"Tribunal judiciaire","_kj_lieu":"Tribunal judiciaire d'Al\u00e8s","_kj_chambre":"1\u00e8re Chambre","_kj_rg":"24\/01130","_kj_date":"2025-09-23","_jetpack_memberships_contains_paid_content":false,"footnotes":"","jetpack_post_was_ever_published":false},"categories":[6581,6719,35583,7597],"tags":[],"class_list":["post-667198","post","type-post","status-publish","format-standard","has-post-thumbnail","hentry","category-droit-de-la-famille","category-famille","category-immobilier","category-jurisprudence"],"yoast_head":"<!-- This site is optimized with the Yoast SEO Premium plugin v27.5 (Yoast SEO v27.5) - https:\/\/yoast.com\/product\/yoast-seo-premium-wordpress\/ -->\n<title>Tribunal judiciaire de Al\u00e8s, le 4 novembre 2025, n\u00b024\/01130 - Ma\u00eetre Hassan Kohen, avocat en droit p\u00e9nal \u00e0 Paris<\/title>\n<meta name=\"description\" content=\"Le tribunal judiciaire d\u2019Al\u00e8s, statuant par son juge de la mise en \u00e9tat, a rendu une ordonnance le 4 novembre 2025. L\u2019\u00e9pouse d\u2019un acqu\u00e9reur avait engag\u00e9 une ...\" \/>\n<meta name=\"robots\" content=\"index, follow, max-snippet:-1, max-image-preview:large, max-video-preview:-1\" \/>\n<link rel=\"canonical\" href=\"https:\/\/kohenavocats.com\/pt-pt\/tribunal-judiciaire-de-ales-le-4-novembre-2025-n24-01130\/\" \/>\n<meta property=\"og:locale\" content=\"pt_PT\" \/>\n<meta property=\"og:type\" content=\"article\" \/>\n<meta property=\"og:title\" content=\"Tribunal judiciaire de Al\u00e8s, le 4 novembre 2025, n\u00b024\/01130\" \/>\n<meta property=\"og:description\" content=\"Le tribunal judiciaire d\u2019Al\u00e8s, statuant par son juge de la mise en \u00e9tat, a rendu une ordonnance le 4 novembre 2025. L\u2019\u00e9pouse d\u2019un acqu\u00e9reur avait engag\u00e9 une ...\" \/>\n<meta property=\"og:url\" content=\"https:\/\/kohenavocats.com\/pt-pt\/tribunal-judiciaire-de-ales-le-4-novembre-2025-n24-01130\/\" \/>\n<meta property=\"og:site_name\" content=\"Ma\u00eetre Hassan Kohen, avocat en droit p\u00e9nal \u00e0 Paris\" \/>\n<meta property=\"article:published_time\" content=\"2026-04-24T00:59:10+00:00\" \/>\n<meta property=\"article:modified_time\" content=\"2026-04-26T17:39:46+00:00\" \/>\n<meta property=\"og:image\" content=\"https:\/\/kohenavocats.com\/wp-content\/uploads\/2024\/08\/jamieson-gordon-07cvLApfFvU-unsplash.webp\" \/>\n\t<meta property=\"og:image:width\" content=\"3264\" \/>\n\t<meta property=\"og:image:height\" content=\"2448\" \/>\n\t<meta property=\"og:image:type\" content=\"image\/webp\" \/>\n<meta name=\"author\" content=\"Kohen\" \/>\n<meta name=\"twitter:card\" content=\"summary_large_image\" \/>\n<meta name=\"twitter:label1\" content=\"Escrito por\" \/>\n\t<meta name=\"twitter:data1\" content=\"Kohen\" \/>\n\t<meta name=\"twitter:label2\" content=\"Tempo estimado de leitura\" \/>\n\t<meta name=\"twitter:data2\" content=\"4 minutos\" \/>\n<script type=\"application\/ld+json\" class=\"yoast-schema-graph\">{\"@context\":\"https:\\\/\\\/schema.org\",\"@graph\":[{\"@type\":\"Article\",\"@id\":\"https:\\\/\\\/kohenavocats.com\\\/pt-pt\\\/tribunal-judiciaire-de-ales-le-4-novembre-2025-n24-01130\\\/#article\",\"isPartOf\":{\"@id\":\"https:\\\/\\\/kohenavocats.com\\\/pt-pt\\\/tribunal-judiciaire-de-ales-le-4-novembre-2025-n24-01130\\\/\"},\"author\":{\"name\":\"Kohen\",\"@id\":\"https:\\\/\\\/kohenavocats.com\\\/pt-pt\\\/#\\\/schema\\\/person\\\/761c9ba54fa1ca84d405cef0831ff751\"},\"headline\":\"Tribunal judiciaire de Al\u00e8s, le 4 novembre 2025, n\u00b024\\\/01130\",\"datePublished\":\"2026-04-24T00:59:10+00:00\",\"dateModified\":\"2026-04-26T17:39:46+00:00\",\"mainEntityOfPage\":{\"@id\":\"https:\\\/\\\/kohenavocats.com\\\/pt-pt\\\/tribunal-judiciaire-de-ales-le-4-novembre-2025-n24-01130\\\/\"},\"wordCount\":735,\"commentCount\":0,\"publisher\":{\"@id\":\"https:\\\/\\\/kohenavocats.com\\\/pt-pt\\\/#organization\"},\"image\":{\"@id\":\"https:\\\/\\\/kohenavocats.com\\\/pt-pt\\\/tribunal-judiciaire-de-ales-le-4-novembre-2025-n24-01130\\\/#primaryimage\"},\"thumbnailUrl\":\"https:\\\/\\\/kohenavocats.com\\\/wp-content\\\/uploads\\\/2024\\\/08\\\/jamieson-gordon-07cvLApfFvU-unsplash.webp\",\"articleSection\":[\"Droit de la Famille\",\"Famille\",\"Immobilier\",\"Jurisprudence\"],\"inLanguage\":\"pt-PT\",\"potentialAction\":[{\"@type\":\"CommentAction\",\"name\":\"Comment\",\"target\":[\"https:\\\/\\\/kohenavocats.com\\\/pt-pt\\\/tribunal-judiciaire-de-ales-le-4-novembre-2025-n24-01130\\\/#respond\"]}],\"citation\":\"Tribunal judiciaire de Al\u00e8s, le 4 novembre 2025, n\u00b024\\\/01130\",\"about\":[{\"@type\":\"Thing\",\"name\":\"Droit de la Famille\"},{\"@type\":\"Thing\",\"name\":\"Famille\"},{\"@type\":\"Thing\",\"name\":\"Immobilier\"},{\"@type\":\"Thing\",\"name\":\"Jurisprudence\"}],\"speakable\":{\"@type\":\"SpeakableSpecification\",\"cssSelector\":[\".article-content > p:first-of-type\"]}},{\"@type\":\"WebPage\",\"@id\":\"https:\\\/\\\/kohenavocats.com\\\/pt-pt\\\/tribunal-judiciaire-de-ales-le-4-novembre-2025-n24-01130\\\/\",\"url\":\"https:\\\/\\\/kohenavocats.com\\\/pt-pt\\\/tribunal-judiciaire-de-ales-le-4-novembre-2025-n24-01130\\\/\",\"name\":\"Tribunal judiciaire de Al\u00e8s, le 4 novembre 2025, n\u00b024\\\/01130 - Ma\u00eetre Hassan Kohen, avocat en droit p\u00e9nal \u00e0 Paris\",\"isPartOf\":{\"@id\":\"https:\\\/\\\/kohenavocats.com\\\/pt-pt\\\/#website\"},\"primaryImageOfPage\":{\"@id\":\"https:\\\/\\\/kohenavocats.com\\\/pt-pt\\\/tribunal-judiciaire-de-ales-le-4-novembre-2025-n24-01130\\\/#primaryimage\"},\"image\":{\"@id\":\"https:\\\/\\\/kohenavocats.com\\\/pt-pt\\\/tribunal-judiciaire-de-ales-le-4-novembre-2025-n24-01130\\\/#primaryimage\"},\"thumbnailUrl\":\"https:\\\/\\\/kohenavocats.com\\\/wp-content\\\/uploads\\\/2024\\\/08\\\/jamieson-gordon-07cvLApfFvU-unsplash.webp\",\"datePublished\":\"2026-04-24T00:59:10+00:00\",\"dateModified\":\"2026-04-26T17:39:46+00:00\",\"description\":\"Le tribunal judiciaire d\u2019Al\u00e8s, statuant par son juge de la mise en \u00e9tat, a rendu une ordonnance le 4 novembre 2025. L\u2019\u00e9pouse d\u2019un acqu\u00e9reur avait engag\u00e9 une ...\",\"breadcrumb\":{\"@id\":\"https:\\\/\\\/kohenavocats.com\\\/pt-pt\\\/tribunal-judiciaire-de-ales-le-4-novembre-2025-n24-01130\\\/#breadcrumb\"},\"inLanguage\":\"pt-PT\",\"potentialAction\":[{\"@type\":\"ReadAction\",\"target\":[\"https:\\\/\\\/kohenavocats.com\\\/pt-pt\\\/tribunal-judiciaire-de-ales-le-4-novembre-2025-n24-01130\\\/\"]}]},{\"@type\":\"ImageObject\",\"inLanguage\":\"pt-PT\",\"@id\":\"https:\\\/\\\/kohenavocats.com\\\/pt-pt\\\/tribunal-judiciaire-de-ales-le-4-novembre-2025-n24-01130\\\/#primaryimage\",\"url\":\"https:\\\/\\\/kohenavocats.com\\\/wp-content\\\/uploads\\\/2024\\\/08\\\/jamieson-gordon-07cvLApfFvU-unsplash.webp\",\"contentUrl\":\"https:\\\/\\\/kohenavocats.com\\\/wp-content\\\/uploads\\\/2024\\\/08\\\/jamieson-gordon-07cvLApfFvU-unsplash.webp\",\"width\":3264,\"height\":2448},{\"@type\":\"BreadcrumbList\",\"@id\":\"https:\\\/\\\/kohenavocats.com\\\/pt-pt\\\/tribunal-judiciaire-de-ales-le-4-novembre-2025-n24-01130\\\/#breadcrumb\",\"itemListElement\":[{\"@type\":\"ListItem\",\"position\":1,\"name\":\"Home\",\"item\":\"https:\\\/\\\/kohenavocats.com\\\/pt-pt\\\/avocats-en-droit-penal-a-paris-conseil-et-defense-strategique\\\/\"},{\"@type\":\"ListItem\",\"position\":2,\"name\":\"Tribunal judiciaire de Al\u00e8s, le 4 novembre 2025, n\u00b024\\\/01130\"}]},{\"@type\":\"WebSite\",\"@id\":\"https:\\\/\\\/kohenavocats.com\\\/pt-pt\\\/#website\",\"url\":\"https:\\\/\\\/kohenavocats.com\\\/pt-pt\\\/\",\"name\":\"Kohen Avocats\",\"description\":\"Ma\u00eetre Hassan Kohen, avocat p\u00e9naliste \u00e0 Paris, intervient exclusivement en droit p\u00e9nal pour la d\u00e9fense des particuliers, notamment en mati\u00e8re d\u2019accusations de viol. Il assure un accompagnement rigoureux d\u00e8s la garde \u00e0 vue jusqu\u2019\u00e0 la Cour d\u2019assises, veillant au strict respect des garanties proc\u00e9durales.\",\"publisher\":{\"@id\":\"https:\\\/\\\/kohenavocats.com\\\/pt-pt\\\/#organization\"},\"potentialAction\":[{\"@type\":\"SearchAction\",\"target\":{\"@type\":\"EntryPoint\",\"urlTemplate\":\"https:\\\/\\\/kohenavocats.com\\\/pt-pt\\\/?s={search_term_string}\"},\"query-input\":{\"@type\":\"PropertyValueSpecification\",\"valueRequired\":true,\"valueName\":\"search_term_string\"}}],\"inLanguage\":\"pt-PT\"},{\"@type\":\"Organization\",\"@id\":\"https:\\\/\\\/kohenavocats.com\\\/pt-pt\\\/#organization\",\"name\":\"Kohen Avocats\",\"url\":\"https:\\\/\\\/kohenavocats.com\\\/pt-pt\\\/\",\"logo\":{\"@type\":\"ImageObject\",\"inLanguage\":\"pt-PT\",\"@id\":\"https:\\\/\\\/kohenavocats.com\\\/pt-pt\\\/#\\\/schema\\\/logo\\\/image\\\/\",\"url\":\"https:\\\/\\\/kohenavocats.com\\\/wp-content\\\/uploads\\\/2026\\\/01\\\/Logo-2-1.webp\",\"contentUrl\":\"https:\\\/\\\/kohenavocats.com\\\/wp-content\\\/uploads\\\/2026\\\/01\\\/Logo-2-1.webp\",\"width\":2114,\"height\":1253,\"caption\":\"Kohen Avocats\"},\"image\":{\"@id\":\"https:\\\/\\\/kohenavocats.com\\\/pt-pt\\\/#\\\/schema\\\/logo\\\/image\\\/\"}},{\"@type\":\"Person\",\"@id\":\"https:\\\/\\\/kohenavocats.com\\\/pt-pt\\\/#\\\/schema\\\/person\\\/761c9ba54fa1ca84d405cef0831ff751\",\"name\":\"Kohen\",\"image\":{\"@type\":\"ImageObject\",\"inLanguage\":\"pt-PT\",\"@id\":\"https:\\\/\\\/secure.gravatar.com\\\/avatar\\\/1c5e76ef76bbbfdd2b4da984e2bf2fa4056fd51a27d25ce2c332047f1dfd6e00?s=96&d=identicon&r=g\",\"url\":\"https:\\\/\\\/secure.gravatar.com\\\/avatar\\\/1c5e76ef76bbbfdd2b4da984e2bf2fa4056fd51a27d25ce2c332047f1dfd6e00?s=96&d=identicon&r=g\",\"contentUrl\":\"https:\\\/\\\/secure.gravatar.com\\\/avatar\\\/1c5e76ef76bbbfdd2b4da984e2bf2fa4056fd51a27d25ce2c332047f1dfd6e00?s=96&d=identicon&r=g\",\"caption\":\"Kohen\"},\"sameAs\":[\"https:\\\/\\\/www.linkedin.com\\\/in\\\/hassan-kohen-448548192\\\/\",\"https:\\\/\\\/www.youtube.com\\\/@Kohen-Avocats\"],\"url\":\"https:\\\/\\\/kohenavocats.com\\\/pt-pt\\\/author\\\/kohenmlk\\\/\"}]}<\/script>\n<!-- \/ Yoast SEO Premium plugin. -->","yoast_head_json":{"title":"Tribunal judiciaire de Al\u00e8s, le 4 novembre 2025, n\u00b024\/01130 - Ma\u00eetre Hassan Kohen, avocat en droit p\u00e9nal \u00e0 Paris","description":"Le tribunal judiciaire d\u2019Al\u00e8s, statuant par son juge de la mise en \u00e9tat, a rendu une ordonnance le 4 novembre 2025. L\u2019\u00e9pouse d\u2019un acqu\u00e9reur avait engag\u00e9 une ...","robots":{"index":"index","follow":"follow","max-snippet":"max-snippet:-1","max-image-preview":"max-image-preview:large","max-video-preview":"max-video-preview:-1"},"canonical":"https:\/\/kohenavocats.com\/pt-pt\/tribunal-judiciaire-de-ales-le-4-novembre-2025-n24-01130\/","og_locale":"pt_PT","og_type":"article","og_title":"Tribunal judiciaire de Al\u00e8s, le 4 novembre 2025, n\u00b024\/01130","og_description":"Le tribunal judiciaire d\u2019Al\u00e8s, statuant par son juge de la mise en \u00e9tat, a rendu une ordonnance le 4 novembre 2025. L\u2019\u00e9pouse d\u2019un acqu\u00e9reur avait engag\u00e9 une ...","og_url":"https:\/\/kohenavocats.com\/pt-pt\/tribunal-judiciaire-de-ales-le-4-novembre-2025-n24-01130\/","og_site_name":"Ma\u00eetre Hassan Kohen, avocat en droit p\u00e9nal \u00e0 Paris","article_published_time":"2026-04-24T00:59:10+00:00","article_modified_time":"2026-04-26T17:39:46+00:00","og_image":[{"width":3264,"height":2448,"url":"https:\/\/kohenavocats.com\/wp-content\/uploads\/2024\/08\/jamieson-gordon-07cvLApfFvU-unsplash.webp","type":"image\/webp"}],"author":"Kohen","twitter_card":"summary_large_image","twitter_misc":{"Escrito por":"Kohen","Tempo estimado de leitura":"4 minutos"},"schema":{"@context":"https:\/\/schema.org","@graph":[{"@type":"Article","@id":"https:\/\/kohenavocats.com\/pt-pt\/tribunal-judiciaire-de-ales-le-4-novembre-2025-n24-01130\/#article","isPartOf":{"@id":"https:\/\/kohenavocats.com\/pt-pt\/tribunal-judiciaire-de-ales-le-4-novembre-2025-n24-01130\/"},"author":{"name":"Kohen","@id":"https:\/\/kohenavocats.com\/pt-pt\/#\/schema\/person\/761c9ba54fa1ca84d405cef0831ff751"},"headline":"Tribunal judiciaire de Al\u00e8s, le 4 novembre 2025, n\u00b024\/01130","datePublished":"2026-04-24T00:59:10+00:00","dateModified":"2026-04-26T17:39:46+00:00","mainEntityOfPage":{"@id":"https:\/\/kohenavocats.com\/pt-pt\/tribunal-judiciaire-de-ales-le-4-novembre-2025-n24-01130\/"},"wordCount":735,"commentCount":0,"publisher":{"@id":"https:\/\/kohenavocats.com\/pt-pt\/#organization"},"image":{"@id":"https:\/\/kohenavocats.com\/pt-pt\/tribunal-judiciaire-de-ales-le-4-novembre-2025-n24-01130\/#primaryimage"},"thumbnailUrl":"https:\/\/kohenavocats.com\/wp-content\/uploads\/2024\/08\/jamieson-gordon-07cvLApfFvU-unsplash.webp","articleSection":["Droit de la Famille","Famille","Immobilier","Jurisprudence"],"inLanguage":"pt-PT","potentialAction":[{"@type":"CommentAction","name":"Comment","target":["https:\/\/kohenavocats.com\/pt-pt\/tribunal-judiciaire-de-ales-le-4-novembre-2025-n24-01130\/#respond"]}],"citation":"Tribunal judiciaire de Al\u00e8s, le 4 novembre 2025, n\u00b024\/01130","about":[{"@type":"Thing","name":"Droit de la Famille"},{"@type":"Thing","name":"Famille"},{"@type":"Thing","name":"Immobilier"},{"@type":"Thing","name":"Jurisprudence"}],"speakable":{"@type":"SpeakableSpecification","cssSelector":[".article-content > p:first-of-type"]}},{"@type":"WebPage","@id":"https:\/\/kohenavocats.com\/pt-pt\/tribunal-judiciaire-de-ales-le-4-novembre-2025-n24-01130\/","url":"https:\/\/kohenavocats.com\/pt-pt\/tribunal-judiciaire-de-ales-le-4-novembre-2025-n24-01130\/","name":"Tribunal judiciaire de Al\u00e8s, le 4 novembre 2025, n\u00b024\/01130 - Ma\u00eetre Hassan Kohen, avocat en droit p\u00e9nal \u00e0 Paris","isPartOf":{"@id":"https:\/\/kohenavocats.com\/pt-pt\/#website"},"primaryImageOfPage":{"@id":"https:\/\/kohenavocats.com\/pt-pt\/tribunal-judiciaire-de-ales-le-4-novembre-2025-n24-01130\/#primaryimage"},"image":{"@id":"https:\/\/kohenavocats.com\/pt-pt\/tribunal-judiciaire-de-ales-le-4-novembre-2025-n24-01130\/#primaryimage"},"thumbnailUrl":"https:\/\/kohenavocats.com\/wp-content\/uploads\/2024\/08\/jamieson-gordon-07cvLApfFvU-unsplash.webp","datePublished":"2026-04-24T00:59:10+00:00","dateModified":"2026-04-26T17:39:46+00:00","description":"Le tribunal judiciaire d\u2019Al\u00e8s, statuant par son juge de la mise en \u00e9tat, a rendu une ordonnance le 4 novembre 2025. L\u2019\u00e9pouse d\u2019un acqu\u00e9reur avait engag\u00e9 une ...","breadcrumb":{"@id":"https:\/\/kohenavocats.com\/pt-pt\/tribunal-judiciaire-de-ales-le-4-novembre-2025-n24-01130\/#breadcrumb"},"inLanguage":"pt-PT","potentialAction":[{"@type":"ReadAction","target":["https:\/\/kohenavocats.com\/pt-pt\/tribunal-judiciaire-de-ales-le-4-novembre-2025-n24-01130\/"]}]},{"@type":"ImageObject","inLanguage":"pt-PT","@id":"https:\/\/kohenavocats.com\/pt-pt\/tribunal-judiciaire-de-ales-le-4-novembre-2025-n24-01130\/#primaryimage","url":"https:\/\/kohenavocats.com\/wp-content\/uploads\/2024\/08\/jamieson-gordon-07cvLApfFvU-unsplash.webp","contentUrl":"https:\/\/kohenavocats.com\/wp-content\/uploads\/2024\/08\/jamieson-gordon-07cvLApfFvU-unsplash.webp","width":3264,"height":2448},{"@type":"BreadcrumbList","@id":"https:\/\/kohenavocats.com\/pt-pt\/tribunal-judiciaire-de-ales-le-4-novembre-2025-n24-01130\/#breadcrumb","itemListElement":[{"@type":"ListItem","position":1,"name":"Home","item":"https:\/\/kohenavocats.com\/pt-pt\/avocats-en-droit-penal-a-paris-conseil-et-defense-strategique\/"},{"@type":"ListItem","position":2,"name":"Tribunal judiciaire de Al\u00e8s, le 4 novembre 2025, n\u00b024\/01130"}]},{"@type":"WebSite","@id":"https:\/\/kohenavocats.com\/pt-pt\/#website","url":"https:\/\/kohenavocats.com\/pt-pt\/","name":"Kohen Avocats","description":"Ma\u00eetre Hassan Kohen, avocat p\u00e9naliste \u00e0 Paris, intervient exclusivement en droit p\u00e9nal pour la d\u00e9fense des particuliers, notamment en mati\u00e8re d\u2019accusations de viol. Il assure un accompagnement rigoureux d\u00e8s la garde \u00e0 vue jusqu\u2019\u00e0 la Cour d\u2019assises, veillant au strict respect des garanties proc\u00e9durales.","publisher":{"@id":"https:\/\/kohenavocats.com\/pt-pt\/#organization"},"potentialAction":[{"@type":"SearchAction","target":{"@type":"EntryPoint","urlTemplate":"https:\/\/kohenavocats.com\/pt-pt\/?s={search_term_string}"},"query-input":{"@type":"PropertyValueSpecification","valueRequired":true,"valueName":"search_term_string"}}],"inLanguage":"pt-PT"},{"@type":"Organization","@id":"https:\/\/kohenavocats.com\/pt-pt\/#organization","name":"Kohen Avocats","url":"https:\/\/kohenavocats.com\/pt-pt\/","logo":{"@type":"ImageObject","inLanguage":"pt-PT","@id":"https:\/\/kohenavocats.com\/pt-pt\/#\/schema\/logo\/image\/","url":"https:\/\/kohenavocats.com\/wp-content\/uploads\/2026\/01\/Logo-2-1.webp","contentUrl":"https:\/\/kohenavocats.com\/wp-content\/uploads\/2026\/01\/Logo-2-1.webp","width":2114,"height":1253,"caption":"Kohen Avocats"},"image":{"@id":"https:\/\/kohenavocats.com\/pt-pt\/#\/schema\/logo\/image\/"}},{"@type":"Person","@id":"https:\/\/kohenavocats.com\/pt-pt\/#\/schema\/person\/761c9ba54fa1ca84d405cef0831ff751","name":"Kohen","image":{"@type":"ImageObject","inLanguage":"pt-PT","@id":"https:\/\/secure.gravatar.com\/avatar\/1c5e76ef76bbbfdd2b4da984e2bf2fa4056fd51a27d25ce2c332047f1dfd6e00?s=96&d=identicon&r=g","url":"https:\/\/secure.gravatar.com\/avatar\/1c5e76ef76bbbfdd2b4da984e2bf2fa4056fd51a27d25ce2c332047f1dfd6e00?s=96&d=identicon&r=g","contentUrl":"https:\/\/secure.gravatar.com\/avatar\/1c5e76ef76bbbfdd2b4da984e2bf2fa4056fd51a27d25ce2c332047f1dfd6e00?s=96&d=identicon&r=g","caption":"Kohen"},"sameAs":["https:\/\/www.linkedin.com\/in\/hassan-kohen-448548192\/","https:\/\/www.youtube.com\/@Kohen-Avocats"],"url":"https:\/\/kohenavocats.com\/pt-pt\/author\/kohenmlk\/"}]}},"jetpack_featured_media_url":"https:\/\/kohenavocats.com\/wp-content\/uploads\/2024\/08\/jamieson-gordon-07cvLApfFvU-unsplash.webp","jetpack_likes_enabled":false,"jetpack_shortlink":"https:\/\/wp.me\/peCrII-2Nzg","jetpack-related-posts":[{"id":236586,"url":"https:\/\/kohenavocats.com\/pt-pt\/cour-dappel-de-poitiers-le-11-septembre-2025-n22-01360\/","url_meta":{"origin":667198,"position":0},"title":"Cour d&#8217;appel de Poitiers, le 11 septembre 2025, n\u00b022\/01360","author":"Kohen","date":"29 de Dezembro, 2025","format":false,"excerpt":"La recevabilit\u00e9 de l'action en justice constitue un pr\u00e9requis fondamental \u00e0 tout examen au fond des pr\u00e9tentions des parties. Cette exigence proc\u00e9durale, bien que n\u00e9cessaire \u00e0 la bonne administration de la justice, peut parfois se heurter \u00e0 des situations humaines difficiles o\u00f9 la rigueur du droit semble s'opposer \u00e0 l'\u00e9quit\u00e9.La\u2026","rel":"","context":"In &quot;Cour d'appel&quot;","block_context":{"text":"Cour d'appel","link":"https:\/\/kohenavocats.com\/category\/cour-dappel\/"},"img":{"alt_text":"","src":"https:\/\/i0.wp.com\/kohenavocats.com\/wp-content\/uploads\/2024\/08\/jean-baptiste-d-dWvNz4JdkKQ-unsplash.webp?resize=350%2C200&ssl=1","width":350,"height":200,"srcset":"https:\/\/i0.wp.com\/kohenavocats.com\/wp-content\/uploads\/2024\/08\/jean-baptiste-d-dWvNz4JdkKQ-unsplash.webp?resize=350%2C200&ssl=1 1x, https:\/\/i0.wp.com\/kohenavocats.com\/wp-content\/uploads\/2024\/08\/jean-baptiste-d-dWvNz4JdkKQ-unsplash.webp?resize=525%2C300&ssl=1 1.5x, https:\/\/i0.wp.com\/kohenavocats.com\/wp-content\/uploads\/2024\/08\/jean-baptiste-d-dWvNz4JdkKQ-unsplash.webp?resize=700%2C400&ssl=1 2x, https:\/\/i0.wp.com\/kohenavocats.com\/wp-content\/uploads\/2024\/08\/jean-baptiste-d-dWvNz4JdkKQ-unsplash.webp?resize=1050%2C600&ssl=1 3x, https:\/\/i0.wp.com\/kohenavocats.com\/wp-content\/uploads\/2024\/08\/jean-baptiste-d-dWvNz4JdkKQ-unsplash.webp?resize=1400%2C800&ssl=1 4x"},"classes":[]},{"id":423015,"url":"https:\/\/kohenavocats.com\/pt-pt\/cour-dappel-de-lyon-le-21-novembre-2011-n10-06724\/","url_meta":{"origin":667198,"position":1},"title":"Cour d&#8217;appel de Lyon, le 21 novembre 2011, n\u00b010\/06724","author":"Kohen","date":"23 de Mar\u00e7o, 2026","format":false,"excerpt":"La Cour d\u2019appel de Lyon, dans un arr\u00eat du 21 novembre 2011, a statu\u00e9 sur un appel form\u00e9 contre un jugement pronon\u00e7ant le divorce d\u2019un couple mari\u00e9 depuis 2001 et r\u00e9glant ses cons\u00e9quences. Les \u00e9poux, parents de deux enfants mineurs, s\u2019opposaient sur plusieurs mesures accessoires au divorce. Le tribunal de\u2026","rel":"","context":"In &quot;Cour d'appel&quot;","block_context":{"text":"Cour d'appel","link":"https:\/\/kohenavocats.com\/category\/cour-dappel\/"},"img":{"alt_text":"","src":"https:\/\/i0.wp.com\/kohenavocats.com\/wp-content\/uploads\/2024\/08\/sandip-roy-OSDpThB9elc-unsplash.webp?resize=350%2C200&ssl=1","width":350,"height":200,"srcset":"https:\/\/i0.wp.com\/kohenavocats.com\/wp-content\/uploads\/2024\/08\/sandip-roy-OSDpThB9elc-unsplash.webp?resize=350%2C200&ssl=1 1x, https:\/\/i0.wp.com\/kohenavocats.com\/wp-content\/uploads\/2024\/08\/sandip-roy-OSDpThB9elc-unsplash.webp?resize=525%2C300&ssl=1 1.5x, https:\/\/i0.wp.com\/kohenavocats.com\/wp-content\/uploads\/2024\/08\/sandip-roy-OSDpThB9elc-unsplash.webp?resize=700%2C400&ssl=1 2x, https:\/\/i0.wp.com\/kohenavocats.com\/wp-content\/uploads\/2024\/08\/sandip-roy-OSDpThB9elc-unsplash.webp?resize=1050%2C600&ssl=1 3x, https:\/\/i0.wp.com\/kohenavocats.com\/wp-content\/uploads\/2024\/08\/sandip-roy-OSDpThB9elc-unsplash.webp?resize=1400%2C800&ssl=1 4x"},"classes":[]},{"id":421678,"url":"https:\/\/kohenavocats.com\/pt-pt\/cour-dappel-de-bastia-le-14-decembre-2011-n11-00408\/","url_meta":{"origin":667198,"position":2},"title":"Cour d&#8217;appel de Bastia, le 14 d\u00e9cembre 2011, n\u00b011\/00408","author":"Kohen","date":"22 de Mar\u00e7o, 2026","format":false,"excerpt":"La Cour d\u2019appel de Bastia, dans un arr\u00eat du 14 d\u00e9cembre 2011, confirme une ordonnance autorisant la vente forc\u00e9e d\u2019un immeuble indivis appartenant \u00e0 des \u00e9poux s\u00e9par\u00e9s de biens. L\u2019un des \u00e9poux est en liquidation judiciaire. Le cr\u00e9ancier hypoth\u00e9caire, co-contractant des deux \u00e9poux, sollicitait la vente en la forme des\u2026","rel":"","context":"In &quot;Cour d'appel&quot;","block_context":{"text":"Cour d'appel","link":"https:\/\/kohenavocats.com\/category\/cour-dappel\/"},"img":{"alt_text":"","src":"https:\/\/i0.wp.com\/kohenavocats.com\/wp-content\/uploads\/2024\/08\/is-chessyca-ms276CveJPY-unsplash.webp?resize=350%2C200&ssl=1","width":350,"height":200,"srcset":"https:\/\/i0.wp.com\/kohenavocats.com\/wp-content\/uploads\/2024\/08\/is-chessyca-ms276CveJPY-unsplash.webp?resize=350%2C200&ssl=1 1x, https:\/\/i0.wp.com\/kohenavocats.com\/wp-content\/uploads\/2024\/08\/is-chessyca-ms276CveJPY-unsplash.webp?resize=525%2C300&ssl=1 1.5x, https:\/\/i0.wp.com\/kohenavocats.com\/wp-content\/uploads\/2024\/08\/is-chessyca-ms276CveJPY-unsplash.webp?resize=700%2C400&ssl=1 2x, https:\/\/i0.wp.com\/kohenavocats.com\/wp-content\/uploads\/2024\/08\/is-chessyca-ms276CveJPY-unsplash.webp?resize=1050%2C600&ssl=1 3x, https:\/\/i0.wp.com\/kohenavocats.com\/wp-content\/uploads\/2024\/08\/is-chessyca-ms276CveJPY-unsplash.webp?resize=1400%2C800&ssl=1 4x"},"classes":[]},{"id":420757,"url":"https:\/\/kohenavocats.com\/pt-pt\/cour-dappel-de-bastia-le-11-janvier-2012-n10-00441\/","url_meta":{"origin":667198,"position":3},"title":"Cour d&#8217;appel de Bastia, le 11 janvier 2012, n\u00b010\/00441","author":"Kohen","date":"22 de Mar\u00e7o, 2026","format":false,"excerpt":"La Cour d\u2019appel de Bastia, le 11 janvier 2012, statue sur un appel form\u00e9 contre un jugement ayant prononc\u00e9 le divorce et fix\u00e9 ses cons\u00e9quences p\u00e9cuniaires. Les \u00e9poux, mari\u00e9s en 1986, avaient d\u00e9j\u00e0 fait l\u2019objet d\u2019une proc\u00e9dure de divorce aboutissant en 2007 au rejet de la demande de l\u2019\u00e9pouse. Une\u2026","rel":"","context":"In &quot;Cour d'appel&quot;","block_context":{"text":"Cour d'appel","link":"https:\/\/kohenavocats.com\/category\/cour-dappel\/"},"img":{"alt_text":"","src":"https:\/\/i0.wp.com\/kohenavocats.com\/wp-content\/uploads\/2024\/08\/maximilian-zahn-SKf_POUVJnQ-unsplash.webp?resize=350%2C200&ssl=1","width":350,"height":200,"srcset":"https:\/\/i0.wp.com\/kohenavocats.com\/wp-content\/uploads\/2024\/08\/maximilian-zahn-SKf_POUVJnQ-unsplash.webp?resize=350%2C200&ssl=1 1x, https:\/\/i0.wp.com\/kohenavocats.com\/wp-content\/uploads\/2024\/08\/maximilian-zahn-SKf_POUVJnQ-unsplash.webp?resize=525%2C300&ssl=1 1.5x, https:\/\/i0.wp.com\/kohenavocats.com\/wp-content\/uploads\/2024\/08\/maximilian-zahn-SKf_POUVJnQ-unsplash.webp?resize=700%2C400&ssl=1 2x, https:\/\/i0.wp.com\/kohenavocats.com\/wp-content\/uploads\/2024\/08\/maximilian-zahn-SKf_POUVJnQ-unsplash.webp?resize=1050%2C600&ssl=1 3x, https:\/\/i0.wp.com\/kohenavocats.com\/wp-content\/uploads\/2024\/08\/maximilian-zahn-SKf_POUVJnQ-unsplash.webp?resize=1400%2C800&ssl=1 4x"},"classes":[]},{"id":234043,"url":"https:\/\/kohenavocats.com\/pt-pt\/peut-on-empecher-son-epoux-ou-epouse-de-faire-des-depenses-inconsiderees\/","url_meta":{"origin":667198,"position":4},"title":"Peut-on emp\u00eacher son \u00e9poux ou \u00e9pouse de faire des d\u00e9penses inconsid\u00e9r\u00e9es ?","author":"Kohen","date":"5 de Abril, 2026","format":false,"excerpt":"Information : Cette fiche presente les regles generales applicables. Votre situation personnelle peut necessiter une analyse specifique. Contactez notre cabinet pour un accompagnement personnalise. Si votre \u00e9poux ou \u00e9pouse fait des d\u00e9penses inconsid\u00e9r\u00e9es et que vous souhaitez prot\u00e9ger le patrimoine de votre famille, vous pouvez agir en justice si les\u2026","rel":"","context":"In &quot;Divorce et separation&quot;","block_context":{"text":"Divorce et separation","link":"https:\/\/kohenavocats.com\/category\/famille\/divorce-et-separation\/"},"img":{"alt_text":"","src":"https:\/\/i0.wp.com\/kohenavocats.com\/wp-content\/uploads\/2024\/08\/luis-cortes-NkmP4u5P1PM-unsplash.webp?resize=350%2C200&ssl=1","width":350,"height":200,"srcset":"https:\/\/i0.wp.com\/kohenavocats.com\/wp-content\/uploads\/2024\/08\/luis-cortes-NkmP4u5P1PM-unsplash.webp?resize=350%2C200&ssl=1 1x, https:\/\/i0.wp.com\/kohenavocats.com\/wp-content\/uploads\/2024\/08\/luis-cortes-NkmP4u5P1PM-unsplash.webp?resize=525%2C300&ssl=1 1.5x, https:\/\/i0.wp.com\/kohenavocats.com\/wp-content\/uploads\/2024\/08\/luis-cortes-NkmP4u5P1PM-unsplash.webp?resize=700%2C400&ssl=1 2x, https:\/\/i0.wp.com\/kohenavocats.com\/wp-content\/uploads\/2024\/08\/luis-cortes-NkmP4u5P1PM-unsplash.webp?resize=1050%2C600&ssl=1 3x, https:\/\/i0.wp.com\/kohenavocats.com\/wp-content\/uploads\/2024\/08\/luis-cortes-NkmP4u5P1PM-unsplash.webp?resize=1400%2C800&ssl=1 4x"},"classes":[]},{"id":645722,"url":"https:\/\/kohenavocats.com\/pt-pt\/cour-dappel-de-rennes-le-12-juin-2024-n23-02845\/","url_meta":{"origin":667198,"position":5},"title":"Cour d&#8217;appel de Rennes, le 12 juin 2024, n\u00b023\/02845","author":"Kohen","date":"22 de Abril, 2026","format":false,"excerpt":"La cour d'appel de Rennes, statuant le 12 juin 2024, examine un litige n\u00e9 de la vente d'un v\u00e9hicule d'occasion. L'acqu\u00e9reuse agit en r\u00e9solution pour vice cac...","rel":"","context":"In &quot;Jurisprudence&quot;","block_context":{"text":"Jurisprudence","link":"https:\/\/kohenavocats.com\/category\/jurisprudence\/"},"img":{"alt_text":"","src":"https:\/\/i0.wp.com\/kohenavocats.com\/wp-content\/uploads\/2024\/11\/laura-adai-0p4nLd2m-As-unsplash.webp?resize=350%2C200&ssl=1","width":350,"height":200,"srcset":"https:\/\/i0.wp.com\/kohenavocats.com\/wp-content\/uploads\/2024\/11\/laura-adai-0p4nLd2m-As-unsplash.webp?resize=350%2C200&ssl=1 1x, https:\/\/i0.wp.com\/kohenavocats.com\/wp-content\/uploads\/2024\/11\/laura-adai-0p4nLd2m-As-unsplash.webp?resize=525%2C300&ssl=1 1.5x, https:\/\/i0.wp.com\/kohenavocats.com\/wp-content\/uploads\/2024\/11\/laura-adai-0p4nLd2m-As-unsplash.webp?resize=700%2C400&ssl=1 2x, https:\/\/i0.wp.com\/kohenavocats.com\/wp-content\/uploads\/2024\/11\/laura-adai-0p4nLd2m-As-unsplash.webp?resize=1050%2C600&ssl=1 3x, https:\/\/i0.wp.com\/kohenavocats.com\/wp-content\/uploads\/2024\/11\/laura-adai-0p4nLd2m-As-unsplash.webp?resize=1400%2C800&ssl=1 4x"},"classes":[]}],"jetpack_sharing_enabled":true,"_links":{"self":[{"href":"https:\/\/kohenavocats.com\/pt-pt\/wp-json\/wp\/v2\/posts\/667198","targetHints":{"allow":["GET"]}}],"collection":[{"href":"https:\/\/kohenavocats.com\/pt-pt\/wp-json\/wp\/v2\/posts"}],"about":[{"href":"https:\/\/kohenavocats.com\/pt-pt\/wp-json\/wp\/v2\/types\/post"}],"author":[{"embeddable":true,"href":"https:\/\/kohenavocats.com\/pt-pt\/wp-json\/wp\/v2\/users\/232070755"}],"replies":[{"embeddable":true,"href":"https:\/\/kohenavocats.com\/pt-pt\/wp-json\/wp\/v2\/comments?post=667198"}],"version-history":[{"count":1,"href":"https:\/\/kohenavocats.com\/pt-pt\/wp-json\/wp\/v2\/posts\/667198\/revisions"}],"predecessor-version":[{"id":696740,"href":"https:\/\/kohenavocats.com\/pt-pt\/wp-json\/wp\/v2\/posts\/667198\/revisions\/696740"}],"wp:featuredmedia":[{"embeddable":true,"href":"https:\/\/kohenavocats.com\/pt-pt\/wp-json\/wp\/v2\/media\/4769"}],"wp:attachment":[{"href":"https:\/\/kohenavocats.com\/pt-pt\/wp-json\/wp\/v2\/media?parent=667198"}],"wp:term":[{"taxonomy":"category","embeddable":true,"href":"https:\/\/kohenavocats.com\/pt-pt\/wp-json\/wp\/v2\/categories?post=667198"},{"taxonomy":"post_tag","embeddable":true,"href":"https:\/\/kohenavocats.com\/pt-pt\/wp-json\/wp\/v2\/tags?post=667198"}],"curies":[{"name":"wp","href":"https:\/\/api.w.org\/{rel}","templated":true}]}}