{"id":669876,"date":"2026-04-24T06:54:45","date_gmt":"2026-04-24T04:54:45","guid":{"rendered":"https:\/\/kohenavocats.com\/cour-dappel-de-paris-le-23-mai-2024-n25-04309\/"},"modified":"2026-04-24T06:54:45","modified_gmt":"2026-04-24T04:54:45","slug":"cour-dappel-de-paris-le-23-mai-2024-n25-04309","status":"publish","type":"post","link":"https:\/\/kohenavocats.com\/pt-pt\/cour-dappel-de-paris-le-23-mai-2024-n25-04309\/","title":{"rendered":"Cour d&#8217;appel de Paris, le 23 mai 2024, n\u00b025\/04309"},"content":{"rendered":"<div class=\"article-content\">\n<p>La Cour d&#8217;appel de Paris, le 23 mai 2024, compl\u00e8te son arr\u00eat pour ordonner le remboursement d&#8217;allocations ch\u00f4mage. Suite \u00e0 un licenciement sans cause r\u00e9elle et s\u00e9rieuse, l&#8217;employeur est condamn\u00e9. La juridiction avait omis de statuer sur ce remboursement au profit de France Travail. Elle se saisit donc pour compl\u00e9ter sa d\u00e9cision initiale. La solution consacre le caract\u00e8re d&#8217;office de cette condamnation et en pr\u00e9cise les modalit\u00e9s.<\/p>\n<p>Le pouvoir rectificatif du juge et ses limites proc\u00e9durales<\/p>\n<p>Le fondement l\u00e9gal d&#8217;une compl\u00e9tion de d\u00e9cision<br \/>\nLa cour s&#8217;appuie sur l&#8217;article 463 du code de proc\u00e9dure civile pour justifier son intervention. &#8220;la juridiction qui a omis de statuer sur un chef de demande peut \u00e9galement compl\u00e9ter son jugement&#8221; (Vu l&#8217;article 463 du code de proc\u00e9dure civile). Ce pouvoir est strictement encadr\u00e9 par la loi. Il ne doit pas porter atteinte \u00e0 l&#8217;autorit\u00e9 de la chose jug\u00e9e sur les autres points. La d\u00e9cision rectificative suit les m\u00eames r\u00e8gles de notification et de recours.<\/p>\n<p>Une application respectueuse du principe dispositif<br \/>\nLa juridiction agit ici sur requ\u00eate, apr\u00e8s avoir entendu les parties concern\u00e9es par l&#8217;omission. Les motifs rappellent que &#8220;le juge est saisi par simple requ\u00eate de l&#8217;une des parties, ou par requ\u00eate commune&#8221; (Selon l&#8217;article 463 du code de proc\u00e9dure civile). Cette proc\u00e9dure garantit le respect des droits de la d\u00e9fense. Elle \u00e9vite toute r\u00e9formation arbitraire du jugement initial. La port\u00e9e est strictement limit\u00e9e au chef omis, pr\u00e9servant la s\u00e9curit\u00e9 juridique.<\/p>\n<p>La cons\u00e9cration d&#8217;une cr\u00e9ance accessoire automatique<\/p>\n<p>Le caract\u00e8re d&#8217;office du remboursement \u00e0 l&#8217;organisme payeur<br \/>\nLe droit au remboursement est pr\u00e9sent\u00e9 comme une cons\u00e9quence l\u00e9gale et obligatoire de la condamnation. &#8220;son droit au remboursement des indemnit\u00e9s servies au salari\u00e9 est une cons\u00e9quence l\u00e9gale et obligatoire&#8221; (S&#8217;agissant des int\u00e9r\u00eats de retard, par l&#8217;effet de l&#8217;article L. 1235-4). L&#8217;article L.1235-4 du code du travail impose cette condamnation. Le juge doit donc l&#8217;ordonner m\u00eame en l&#8217;absence de demande expresse de l&#8217;organisme. Cette automaticit\u00e9 prot\u00e8ge les int\u00e9r\u00eats des syst\u00e8mes de solidarit\u00e9.<\/p>\n<p>La naissance de la cr\u00e9ance et ses effets financiers<br \/>\nLa cour fixe avec pr\u00e9cision le point de d\u00e9part de l&#8217;obligation de remboursement et des int\u00e9r\u00eats. &#8220;sa cr\u00e9ance nait au jour du jugement&#8221; (Il en r\u00e9sulte que sa cr\u00e9ance nait au jour du jugement). Les int\u00e9r\u00eats de retard courent \u00e0 compter de la notification de la d\u00e9cision initiale. Cette solution aligne le sort de l&#8217;organisme sur celui du salari\u00e9 l\u00e9s\u00e9. Elle assure une r\u00e9paration int\u00e9grale du pr\u00e9judice subi par la collectivit\u00e9. La port\u00e9e est financi\u00e8re et dissuasive pour l&#8217;employeur fautif.<\/p>\n<\/div>\n","protected":false},"excerpt":{"rendered":"<p>La Cour d&#8217;appel de Paris, le 23 mai 2024, compl\u00e8te son arr\u00eat pour ordonner le remboursement d&#8217;allocations ch\u00f4mage. Suite \u00e0 un licenciement sans cause r\u00e9elle &#8230;<\/p>\n","protected":false},"author":232070755,"featured_media":4753,"comment_status":"open","ping_status":"open","sticky":false,"template":"","format":"standard","meta":{"_crdt_document":"","_jetpack_newsletter_access":"","_jetpack_dont_email_post_to_subs":false,"_jetpack_newsletter_tier_id":0,"_jetpack_memberships_contains_paywalled_content":false,"_jetpack_memberships_contains_paid_content":false,"footnotes":"","jetpack_post_was_ever_published":false},"categories":[7096,7123,6580,7597,6718,6992],"tags":[],"class_list":["post-669876","post","type-post","status-publish","format-standard","has-post-thumbnail","hentry","category-code-des-assurances","category-droit-du-travail","category-droit-social","category-jurisprudence","category-social","category-travail"],"yoast_head":"<!-- This site is optimized with the Yoast SEO Premium plugin v27.4 (Yoast SEO v27.4) - https:\/\/yoast.com\/product\/yoast-seo-premium-wordpress\/ -->\n<title>Cour d&#039;appel de Paris, le 23 mai 2024, n\u00b025\/04309 - Ma\u00eetre Hassan Kohen, avocat en droit p\u00e9nal \u00e0 Paris<\/title>\n<meta name=\"description\" content=\"La Cour d&#039;appel de Paris, le 23 mai 2024, compl\u00e8te son arr\u00eat pour ordonner le remboursement d&#039;allocations ch\u00f4mage. Suite \u00e0 un licenciement sans cause r\u00e9elle ...\" \/>\n<meta name=\"robots\" content=\"index, follow, max-snippet:-1, max-image-preview:large, max-video-preview:-1\" \/>\n<link rel=\"canonical\" href=\"https:\/\/kohenavocats.com\/pt-pt\/cour-dappel-de-paris-le-23-mai-2024-n25-04309\/\" \/>\n<meta property=\"og:locale\" content=\"pt_PT\" \/>\n<meta property=\"og:type\" content=\"article\" \/>\n<meta property=\"og:title\" content=\"Cour d&#039;appel de Paris, le 23 mai 2024, n\u00b025\/04309\" \/>\n<meta property=\"og:description\" content=\"La Cour d&#039;appel de Paris, le 23 mai 2024, compl\u00e8te son arr\u00eat pour ordonner le remboursement d&#039;allocations ch\u00f4mage. Suite \u00e0 un licenciement sans cause r\u00e9elle ...\" \/>\n<meta property=\"og:url\" content=\"https:\/\/kohenavocats.com\/pt-pt\/cour-dappel-de-paris-le-23-mai-2024-n25-04309\/\" \/>\n<meta property=\"og:site_name\" content=\"Ma\u00eetre Hassan Kohen, avocat en droit p\u00e9nal \u00e0 Paris\" \/>\n<meta property=\"article:published_time\" content=\"2026-04-24T04:54:45+00:00\" \/>\n<meta property=\"og:image\" content=\"https:\/\/kohenavocats.com\/wp-content\/uploads\/2024\/08\/zdenek-machacek-lmZtT6q8tt0-unsplash.webp\" \/>\n\t<meta property=\"og:image:width\" content=\"6720\" \/>\n\t<meta property=\"og:image:height\" content=\"4480\" \/>\n\t<meta property=\"og:image:type\" content=\"image\/webp\" \/>\n<meta name=\"author\" content=\"Kohen\" \/>\n<meta name=\"twitter:card\" content=\"summary_large_image\" \/>\n<meta name=\"twitter:label1\" content=\"Escrito por\" \/>\n\t<meta name=\"twitter:data1\" content=\"Kohen\" \/>\n\t<meta name=\"twitter:label2\" content=\"Tempo estimado de leitura\" \/>\n\t<meta name=\"twitter:data2\" content=\"2 minutos\" \/>\n<script type=\"application\/ld+json\" class=\"yoast-schema-graph\">{\"@context\":\"https:\\\/\\\/schema.org\",\"@graph\":[{\"@type\":\"Article\",\"@id\":\"https:\\\/\\\/kohenavocats.com\\\/pt-pt\\\/cour-dappel-de-paris-le-23-mai-2024-n25-04309\\\/#article\",\"isPartOf\":{\"@id\":\"https:\\\/\\\/kohenavocats.com\\\/pt-pt\\\/cour-dappel-de-paris-le-23-mai-2024-n25-04309\\\/\"},\"author\":{\"name\":\"Kohen\",\"@id\":\"https:\\\/\\\/kohenavocats.com\\\/pt-pt\\\/#\\\/schema\\\/person\\\/761c9ba54fa1ca84d405cef0831ff751\"},\"headline\":\"Cour d&#8217;appel de Paris, le 23 mai 2024, n\u00b025\\\/04309\",\"datePublished\":\"2026-04-24T04:54:45+00:00\",\"mainEntityOfPage\":{\"@id\":\"https:\\\/\\\/kohenavocats.com\\\/pt-pt\\\/cour-dappel-de-paris-le-23-mai-2024-n25-04309\\\/\"},\"wordCount\":503,\"commentCount\":0,\"publisher\":{\"@id\":\"https:\\\/\\\/kohenavocats.com\\\/pt-pt\\\/#organization\"},\"image\":{\"@id\":\"https:\\\/\\\/kohenavocats.com\\\/pt-pt\\\/cour-dappel-de-paris-le-23-mai-2024-n25-04309\\\/#primaryimage\"},\"thumbnailUrl\":\"https:\\\/\\\/kohenavocats.com\\\/wp-content\\\/uploads\\\/2024\\\/08\\\/zdenek-machacek-lmZtT6q8tt0-unsplash.webp\",\"articleSection\":[\"Code des assurances\",\"Droit du travail\",\"Droit Social\",\"Jurisprudence\",\"Social\",\"Travail\"],\"inLanguage\":\"pt-PT\",\"potentialAction\":[{\"@type\":\"CommentAction\",\"name\":\"Comment\",\"target\":[\"https:\\\/\\\/kohenavocats.com\\\/pt-pt\\\/cour-dappel-de-paris-le-23-mai-2024-n25-04309\\\/#respond\"]}],\"citation\":\"Cour d&#8217;appel de Paris, le 23 mai 2024, n\u00b025\\\/04309\",\"about\":[{\"@type\":\"Thing\",\"name\":\"Code des assurances\"},{\"@type\":\"Thing\",\"name\":\"Droit du travail\"},{\"@type\":\"Thing\",\"name\":\"Droit Social\"},{\"@type\":\"Thing\",\"name\":\"Jurisprudence\"},{\"@type\":\"Thing\",\"name\":\"Social\"},{\"@type\":\"Thing\",\"name\":\"Travail\"}],\"dateModified\":\"2026-04-24T04:54:45+00:00\",\"speakable\":{\"@type\":\"SpeakableSpecification\",\"cssSelector\":[\".article-content > p:first-of-type\"]}},{\"@type\":\"WebPage\",\"@id\":\"https:\\\/\\\/kohenavocats.com\\\/pt-pt\\\/cour-dappel-de-paris-le-23-mai-2024-n25-04309\\\/\",\"url\":\"https:\\\/\\\/kohenavocats.com\\\/pt-pt\\\/cour-dappel-de-paris-le-23-mai-2024-n25-04309\\\/\",\"name\":\"Cour d'appel de Paris, le 23 mai 2024, n\u00b025\\\/04309 - Ma\u00eetre Hassan Kohen, avocat en droit p\u00e9nal \u00e0 Paris\",\"isPartOf\":{\"@id\":\"https:\\\/\\\/kohenavocats.com\\\/pt-pt\\\/#website\"},\"primaryImageOfPage\":{\"@id\":\"https:\\\/\\\/kohenavocats.com\\\/pt-pt\\\/cour-dappel-de-paris-le-23-mai-2024-n25-04309\\\/#primaryimage\"},\"image\":{\"@id\":\"https:\\\/\\\/kohenavocats.com\\\/pt-pt\\\/cour-dappel-de-paris-le-23-mai-2024-n25-04309\\\/#primaryimage\"},\"thumbnailUrl\":\"https:\\\/\\\/kohenavocats.com\\\/wp-content\\\/uploads\\\/2024\\\/08\\\/zdenek-machacek-lmZtT6q8tt0-unsplash.webp\",\"datePublished\":\"2026-04-24T04:54:45+00:00\",\"description\":\"La Cour d'appel de Paris, le 23 mai 2024, compl\u00e8te son arr\u00eat pour ordonner le remboursement d'allocations ch\u00f4mage. Suite \u00e0 un licenciement sans cause r\u00e9elle ...\",\"breadcrumb\":{\"@id\":\"https:\\\/\\\/kohenavocats.com\\\/pt-pt\\\/cour-dappel-de-paris-le-23-mai-2024-n25-04309\\\/#breadcrumb\"},\"inLanguage\":\"pt-PT\",\"potentialAction\":[{\"@type\":\"ReadAction\",\"target\":[\"https:\\\/\\\/kohenavocats.com\\\/pt-pt\\\/cour-dappel-de-paris-le-23-mai-2024-n25-04309\\\/\"]}]},{\"@type\":\"ImageObject\",\"inLanguage\":\"pt-PT\",\"@id\":\"https:\\\/\\\/kohenavocats.com\\\/pt-pt\\\/cour-dappel-de-paris-le-23-mai-2024-n25-04309\\\/#primaryimage\",\"url\":\"https:\\\/\\\/kohenavocats.com\\\/wp-content\\\/uploads\\\/2024\\\/08\\\/zdenek-machacek-lmZtT6q8tt0-unsplash.webp\",\"contentUrl\":\"https:\\\/\\\/kohenavocats.com\\\/wp-content\\\/uploads\\\/2024\\\/08\\\/zdenek-machacek-lmZtT6q8tt0-unsplash.webp\",\"width\":6720,\"height\":4480},{\"@type\":\"BreadcrumbList\",\"@id\":\"https:\\\/\\\/kohenavocats.com\\\/pt-pt\\\/cour-dappel-de-paris-le-23-mai-2024-n25-04309\\\/#breadcrumb\",\"itemListElement\":[{\"@type\":\"ListItem\",\"position\":1,\"name\":\"Home\",\"item\":\"https:\\\/\\\/kohenavocats.com\\\/pt-pt\\\/avocats-en-droit-penal-a-paris-conseil-et-defense-strategique\\\/\"},{\"@type\":\"ListItem\",\"position\":2,\"name\":\"Cour d&rsquo;appel de Paris, le 23 mai 2024, n\u00b025\\\/04309\"}]},{\"@type\":\"WebSite\",\"@id\":\"https:\\\/\\\/kohenavocats.com\\\/pt-pt\\\/#website\",\"url\":\"https:\\\/\\\/kohenavocats.com\\\/pt-pt\\\/\",\"name\":\"Kohen Avocats\",\"description\":\"Ma\u00eetre Hassan Kohen, avocat p\u00e9naliste \u00e0 Paris, intervient exclusivement en droit p\u00e9nal pour la d\u00e9fense des particuliers, notamment en mati\u00e8re d\u2019accusations de viol. Il assure un accompagnement rigoureux d\u00e8s la garde \u00e0 vue jusqu\u2019\u00e0 la Cour d\u2019assises, veillant au strict respect des garanties proc\u00e9durales.\",\"publisher\":{\"@id\":\"https:\\\/\\\/kohenavocats.com\\\/pt-pt\\\/#organization\"},\"potentialAction\":[{\"@type\":\"SearchAction\",\"target\":{\"@type\":\"EntryPoint\",\"urlTemplate\":\"https:\\\/\\\/kohenavocats.com\\\/pt-pt\\\/?s={search_term_string}\"},\"query-input\":{\"@type\":\"PropertyValueSpecification\",\"valueRequired\":true,\"valueName\":\"search_term_string\"}}],\"inLanguage\":\"pt-PT\"},{\"@type\":\"Organization\",\"@id\":\"https:\\\/\\\/kohenavocats.com\\\/pt-pt\\\/#organization\",\"name\":\"Kohen Avocats\",\"url\":\"https:\\\/\\\/kohenavocats.com\\\/pt-pt\\\/\",\"logo\":{\"@type\":\"ImageObject\",\"inLanguage\":\"pt-PT\",\"@id\":\"https:\\\/\\\/kohenavocats.com\\\/pt-pt\\\/#\\\/schema\\\/logo\\\/image\\\/\",\"url\":\"https:\\\/\\\/kohenavocats.com\\\/wp-content\\\/uploads\\\/2026\\\/01\\\/Logo-2-1.webp\",\"contentUrl\":\"https:\\\/\\\/kohenavocats.com\\\/wp-content\\\/uploads\\\/2026\\\/01\\\/Logo-2-1.webp\",\"width\":2114,\"height\":1253,\"caption\":\"Kohen Avocats\"},\"image\":{\"@id\":\"https:\\\/\\\/kohenavocats.com\\\/pt-pt\\\/#\\\/schema\\\/logo\\\/image\\\/\"}},{\"@type\":\"Person\",\"@id\":\"https:\\\/\\\/kohenavocats.com\\\/pt-pt\\\/#\\\/schema\\\/person\\\/761c9ba54fa1ca84d405cef0831ff751\",\"name\":\"Kohen\",\"image\":{\"@type\":\"ImageObject\",\"inLanguage\":\"pt-PT\",\"@id\":\"https:\\\/\\\/secure.gravatar.com\\\/avatar\\\/1c5e76ef76bbbfdd2b4da984e2bf2fa4056fd51a27d25ce2c332047f1dfd6e00?s=96&d=identicon&r=g\",\"url\":\"https:\\\/\\\/secure.gravatar.com\\\/avatar\\\/1c5e76ef76bbbfdd2b4da984e2bf2fa4056fd51a27d25ce2c332047f1dfd6e00?s=96&d=identicon&r=g\",\"contentUrl\":\"https:\\\/\\\/secure.gravatar.com\\\/avatar\\\/1c5e76ef76bbbfdd2b4da984e2bf2fa4056fd51a27d25ce2c332047f1dfd6e00?s=96&d=identicon&r=g\",\"caption\":\"Kohen\"},\"sameAs\":[\"https:\\\/\\\/www.linkedin.com\\\/in\\\/hassan-kohen-448548192\\\/\",\"https:\\\/\\\/www.youtube.com\\\/@Kohen-Avocats\"],\"url\":\"https:\\\/\\\/kohenavocats.com\\\/pt-pt\\\/author\\\/kohenmlk\\\/\"}]}<\/script>\n<!-- \/ Yoast SEO Premium plugin. -->","yoast_head_json":{"title":"Cour d'appel de Paris, le 23 mai 2024, n\u00b025\/04309 - Ma\u00eetre Hassan Kohen, avocat en droit p\u00e9nal \u00e0 Paris","description":"La Cour d'appel de Paris, le 23 mai 2024, compl\u00e8te son arr\u00eat pour ordonner le remboursement d'allocations ch\u00f4mage. Suite \u00e0 un licenciement sans cause r\u00e9elle ...","robots":{"index":"index","follow":"follow","max-snippet":"max-snippet:-1","max-image-preview":"max-image-preview:large","max-video-preview":"max-video-preview:-1"},"canonical":"https:\/\/kohenavocats.com\/pt-pt\/cour-dappel-de-paris-le-23-mai-2024-n25-04309\/","og_locale":"pt_PT","og_type":"article","og_title":"Cour d'appel de Paris, le 23 mai 2024, n\u00b025\/04309","og_description":"La Cour d'appel de Paris, le 23 mai 2024, compl\u00e8te son arr\u00eat pour ordonner le remboursement d'allocations ch\u00f4mage. Suite \u00e0 un licenciement sans cause r\u00e9elle ...","og_url":"https:\/\/kohenavocats.com\/pt-pt\/cour-dappel-de-paris-le-23-mai-2024-n25-04309\/","og_site_name":"Ma\u00eetre Hassan Kohen, avocat en droit p\u00e9nal \u00e0 Paris","article_published_time":"2026-04-24T04:54:45+00:00","og_image":[{"width":6720,"height":4480,"url":"https:\/\/kohenavocats.com\/wp-content\/uploads\/2024\/08\/zdenek-machacek-lmZtT6q8tt0-unsplash.webp","type":"image\/webp"}],"author":"Kohen","twitter_card":"summary_large_image","twitter_misc":{"Escrito por":"Kohen","Tempo estimado de leitura":"2 minutos"},"schema":{"@context":"https:\/\/schema.org","@graph":[{"@type":"Article","@id":"https:\/\/kohenavocats.com\/pt-pt\/cour-dappel-de-paris-le-23-mai-2024-n25-04309\/#article","isPartOf":{"@id":"https:\/\/kohenavocats.com\/pt-pt\/cour-dappel-de-paris-le-23-mai-2024-n25-04309\/"},"author":{"name":"Kohen","@id":"https:\/\/kohenavocats.com\/pt-pt\/#\/schema\/person\/761c9ba54fa1ca84d405cef0831ff751"},"headline":"Cour d&#8217;appel de Paris, le 23 mai 2024, n\u00b025\/04309","datePublished":"2026-04-24T04:54:45+00:00","mainEntityOfPage":{"@id":"https:\/\/kohenavocats.com\/pt-pt\/cour-dappel-de-paris-le-23-mai-2024-n25-04309\/"},"wordCount":503,"commentCount":0,"publisher":{"@id":"https:\/\/kohenavocats.com\/pt-pt\/#organization"},"image":{"@id":"https:\/\/kohenavocats.com\/pt-pt\/cour-dappel-de-paris-le-23-mai-2024-n25-04309\/#primaryimage"},"thumbnailUrl":"https:\/\/kohenavocats.com\/wp-content\/uploads\/2024\/08\/zdenek-machacek-lmZtT6q8tt0-unsplash.webp","articleSection":["Code des assurances","Droit du travail","Droit Social","Jurisprudence","Social","Travail"],"inLanguage":"pt-PT","potentialAction":[{"@type":"CommentAction","name":"Comment","target":["https:\/\/kohenavocats.com\/pt-pt\/cour-dappel-de-paris-le-23-mai-2024-n25-04309\/#respond"]}],"citation":"Cour d&#8217;appel de Paris, le 23 mai 2024, n\u00b025\/04309","about":[{"@type":"Thing","name":"Code des assurances"},{"@type":"Thing","name":"Droit du travail"},{"@type":"Thing","name":"Droit Social"},{"@type":"Thing","name":"Jurisprudence"},{"@type":"Thing","name":"Social"},{"@type":"Thing","name":"Travail"}],"dateModified":"2026-04-24T04:54:45+00:00","speakable":{"@type":"SpeakableSpecification","cssSelector":[".article-content > p:first-of-type"]}},{"@type":"WebPage","@id":"https:\/\/kohenavocats.com\/pt-pt\/cour-dappel-de-paris-le-23-mai-2024-n25-04309\/","url":"https:\/\/kohenavocats.com\/pt-pt\/cour-dappel-de-paris-le-23-mai-2024-n25-04309\/","name":"Cour d'appel de Paris, le 23 mai 2024, n\u00b025\/04309 - Ma\u00eetre Hassan Kohen, avocat en droit p\u00e9nal \u00e0 Paris","isPartOf":{"@id":"https:\/\/kohenavocats.com\/pt-pt\/#website"},"primaryImageOfPage":{"@id":"https:\/\/kohenavocats.com\/pt-pt\/cour-dappel-de-paris-le-23-mai-2024-n25-04309\/#primaryimage"},"image":{"@id":"https:\/\/kohenavocats.com\/pt-pt\/cour-dappel-de-paris-le-23-mai-2024-n25-04309\/#primaryimage"},"thumbnailUrl":"https:\/\/kohenavocats.com\/wp-content\/uploads\/2024\/08\/zdenek-machacek-lmZtT6q8tt0-unsplash.webp","datePublished":"2026-04-24T04:54:45+00:00","description":"La Cour d'appel de Paris, le 23 mai 2024, compl\u00e8te son arr\u00eat pour ordonner le remboursement d'allocations ch\u00f4mage. Suite \u00e0 un licenciement sans cause r\u00e9elle ...","breadcrumb":{"@id":"https:\/\/kohenavocats.com\/pt-pt\/cour-dappel-de-paris-le-23-mai-2024-n25-04309\/#breadcrumb"},"inLanguage":"pt-PT","potentialAction":[{"@type":"ReadAction","target":["https:\/\/kohenavocats.com\/pt-pt\/cour-dappel-de-paris-le-23-mai-2024-n25-04309\/"]}]},{"@type":"ImageObject","inLanguage":"pt-PT","@id":"https:\/\/kohenavocats.com\/pt-pt\/cour-dappel-de-paris-le-23-mai-2024-n25-04309\/#primaryimage","url":"https:\/\/kohenavocats.com\/wp-content\/uploads\/2024\/08\/zdenek-machacek-lmZtT6q8tt0-unsplash.webp","contentUrl":"https:\/\/kohenavocats.com\/wp-content\/uploads\/2024\/08\/zdenek-machacek-lmZtT6q8tt0-unsplash.webp","width":6720,"height":4480},{"@type":"BreadcrumbList","@id":"https:\/\/kohenavocats.com\/pt-pt\/cour-dappel-de-paris-le-23-mai-2024-n25-04309\/#breadcrumb","itemListElement":[{"@type":"ListItem","position":1,"name":"Home","item":"https:\/\/kohenavocats.com\/pt-pt\/avocats-en-droit-penal-a-paris-conseil-et-defense-strategique\/"},{"@type":"ListItem","position":2,"name":"Cour d&rsquo;appel de Paris, le 23 mai 2024, n\u00b025\/04309"}]},{"@type":"WebSite","@id":"https:\/\/kohenavocats.com\/pt-pt\/#website","url":"https:\/\/kohenavocats.com\/pt-pt\/","name":"Kohen Avocats","description":"Ma\u00eetre Hassan Kohen, avocat p\u00e9naliste \u00e0 Paris, intervient exclusivement en droit p\u00e9nal pour la d\u00e9fense des particuliers, notamment en mati\u00e8re d\u2019accusations de viol. Il assure un accompagnement rigoureux d\u00e8s la garde \u00e0 vue jusqu\u2019\u00e0 la Cour d\u2019assises, veillant au strict respect des garanties proc\u00e9durales.","publisher":{"@id":"https:\/\/kohenavocats.com\/pt-pt\/#organization"},"potentialAction":[{"@type":"SearchAction","target":{"@type":"EntryPoint","urlTemplate":"https:\/\/kohenavocats.com\/pt-pt\/?s={search_term_string}"},"query-input":{"@type":"PropertyValueSpecification","valueRequired":true,"valueName":"search_term_string"}}],"inLanguage":"pt-PT"},{"@type":"Organization","@id":"https:\/\/kohenavocats.com\/pt-pt\/#organization","name":"Kohen Avocats","url":"https:\/\/kohenavocats.com\/pt-pt\/","logo":{"@type":"ImageObject","inLanguage":"pt-PT","@id":"https:\/\/kohenavocats.com\/pt-pt\/#\/schema\/logo\/image\/","url":"https:\/\/kohenavocats.com\/wp-content\/uploads\/2026\/01\/Logo-2-1.webp","contentUrl":"https:\/\/kohenavocats.com\/wp-content\/uploads\/2026\/01\/Logo-2-1.webp","width":2114,"height":1253,"caption":"Kohen Avocats"},"image":{"@id":"https:\/\/kohenavocats.com\/pt-pt\/#\/schema\/logo\/image\/"}},{"@type":"Person","@id":"https:\/\/kohenavocats.com\/pt-pt\/#\/schema\/person\/761c9ba54fa1ca84d405cef0831ff751","name":"Kohen","image":{"@type":"ImageObject","inLanguage":"pt-PT","@id":"https:\/\/secure.gravatar.com\/avatar\/1c5e76ef76bbbfdd2b4da984e2bf2fa4056fd51a27d25ce2c332047f1dfd6e00?s=96&d=identicon&r=g","url":"https:\/\/secure.gravatar.com\/avatar\/1c5e76ef76bbbfdd2b4da984e2bf2fa4056fd51a27d25ce2c332047f1dfd6e00?s=96&d=identicon&r=g","contentUrl":"https:\/\/secure.gravatar.com\/avatar\/1c5e76ef76bbbfdd2b4da984e2bf2fa4056fd51a27d25ce2c332047f1dfd6e00?s=96&d=identicon&r=g","caption":"Kohen"},"sameAs":["https:\/\/www.linkedin.com\/in\/hassan-kohen-448548192\/","https:\/\/www.youtube.com\/@Kohen-Avocats"],"url":"https:\/\/kohenavocats.com\/pt-pt\/author\/kohenmlk\/"}]}},"jetpack_featured_media_url":"https:\/\/kohenavocats.com\/wp-content\/uploads\/2024\/08\/zdenek-machacek-lmZtT6q8tt0-unsplash.webp","jetpack_likes_enabled":false,"jetpack_shortlink":"https:\/\/wp.me\/peCrII-2Ogs","jetpack-related-posts":[{"id":597768,"url":"https:\/\/kohenavocats.com\/pt-pt\/cour-dappel-de-paris-le-4-decembre-2025-n25-01248\/","url_meta":{"origin":669876,"position":0},"title":"Cour d&#8217;appel de Paris, le 4 d\u00e9cembre 2025, n\u00b025\/01248","author":"Kohen","date":"18 de Abril, 2026","format":false,"excerpt":"La cour d\u2019appel de Paris, statuant en r\u00e9f\u00e9r\u00e9 le 4 d\u00e9cembre 2025, examine une demande d\u2019expertise dans un litige relatif \u00e0 un pr\u00e9judice corporel. La juridicti...","rel":"","context":"In &quot;Jurisprudence&quot;","block_context":{"text":"Jurisprudence","link":"https:\/\/kohenavocats.com\/category\/jurisprudence\/"},"img":{"alt_text":"","src":"https:\/\/i0.wp.com\/kohenavocats.com\/wp-content\/uploads\/2024\/11\/laura-adai-aOfktR2DUFI-unsplash.webp?resize=350%2C200&ssl=1","width":350,"height":200,"srcset":"https:\/\/i0.wp.com\/kohenavocats.com\/wp-content\/uploads\/2024\/11\/laura-adai-aOfktR2DUFI-unsplash.webp?resize=350%2C200&ssl=1 1x, https:\/\/i0.wp.com\/kohenavocats.com\/wp-content\/uploads\/2024\/11\/laura-adai-aOfktR2DUFI-unsplash.webp?resize=525%2C300&ssl=1 1.5x, https:\/\/i0.wp.com\/kohenavocats.com\/wp-content\/uploads\/2024\/11\/laura-adai-aOfktR2DUFI-unsplash.webp?resize=700%2C400&ssl=1 2x, https:\/\/i0.wp.com\/kohenavocats.com\/wp-content\/uploads\/2024\/11\/laura-adai-aOfktR2DUFI-unsplash.webp?resize=1050%2C600&ssl=1 3x, https:\/\/i0.wp.com\/kohenavocats.com\/wp-content\/uploads\/2024\/11\/laura-adai-aOfktR2DUFI-unsplash.webp?resize=1400%2C800&ssl=1 4x"},"classes":[]},{"id":597818,"url":"https:\/\/kohenavocats.com\/pt-pt\/cour-dappel-de-paris-le-10-juillet-2024-n22-03047\/","url_meta":{"origin":669876,"position":1},"title":"Cour d&#8217;appel de Paris, le 10 juillet 2024, n\u00b022\/03047","author":"Kohen","date":"18 de Abril, 2026","format":false,"excerpt":"La cour d'appel de Paris, statuant le 10 juillet 2024, a examin\u00e9 un litige opposant une soci\u00e9t\u00e9 \u00e0 l'URSSAF concernant un redressement pour travail dissimul\u00e9....","rel":"","context":"In &quot;Jurisprudence&quot;","block_context":{"text":"Jurisprudence","link":"https:\/\/kohenavocats.com\/category\/jurisprudence\/"},"img":{"alt_text":"","src":"https:\/\/i0.wp.com\/kohenavocats.com\/wp-content\/uploads\/2024\/11\/kristijan-arsov-A2a12i_diJs-unsplash.webp?resize=350%2C200&ssl=1","width":350,"height":200,"srcset":"https:\/\/i0.wp.com\/kohenavocats.com\/wp-content\/uploads\/2024\/11\/kristijan-arsov-A2a12i_diJs-unsplash.webp?resize=350%2C200&ssl=1 1x, https:\/\/i0.wp.com\/kohenavocats.com\/wp-content\/uploads\/2024\/11\/kristijan-arsov-A2a12i_diJs-unsplash.webp?resize=525%2C300&ssl=1 1.5x, https:\/\/i0.wp.com\/kohenavocats.com\/wp-content\/uploads\/2024\/11\/kristijan-arsov-A2a12i_diJs-unsplash.webp?resize=700%2C400&ssl=1 2x, https:\/\/i0.wp.com\/kohenavocats.com\/wp-content\/uploads\/2024\/11\/kristijan-arsov-A2a12i_diJs-unsplash.webp?resize=1050%2C600&ssl=1 3x, https:\/\/i0.wp.com\/kohenavocats.com\/wp-content\/uploads\/2024\/11\/kristijan-arsov-A2a12i_diJs-unsplash.webp?resize=1400%2C800&ssl=1 4x"},"classes":[]},{"id":597820,"url":"https:\/\/kohenavocats.com\/pt-pt\/cour-dappel-de-paris-le-7-juin-2023-n22-07903\/","url_meta":{"origin":669876,"position":2},"title":"Cour d&#8217;appel de Paris, le 7 juin 2023, n\u00b022\/07903","author":"Kohen","date":"18 de Abril, 2026","format":false,"excerpt":"La Cour d'appel de Paris, dans un arr\u00eat du 7 juin 2023, a examin\u00e9 un litige opposant une caisse de s\u00e9curit\u00e9 sociale \u00e0 un employeur. L'affaire concernait la p...","rel":"","context":"In &quot;Jurisprudence&quot;","block_context":{"text":"Jurisprudence","link":"https:\/\/kohenavocats.com\/category\/jurisprudence\/"},"img":{"alt_text":"","src":"https:\/\/i0.wp.com\/kohenavocats.com\/wp-content\/uploads\/2024\/11\/planet-volumes-69z5zredkrw-unsplash.webp?resize=350%2C200&ssl=1","width":350,"height":200,"srcset":"https:\/\/i0.wp.com\/kohenavocats.com\/wp-content\/uploads\/2024\/11\/planet-volumes-69z5zredkrw-unsplash.webp?resize=350%2C200&ssl=1 1x, https:\/\/i0.wp.com\/kohenavocats.com\/wp-content\/uploads\/2024\/11\/planet-volumes-69z5zredkrw-unsplash.webp?resize=525%2C300&ssl=1 1.5x, https:\/\/i0.wp.com\/kohenavocats.com\/wp-content\/uploads\/2024\/11\/planet-volumes-69z5zredkrw-unsplash.webp?resize=700%2C400&ssl=1 2x, https:\/\/i0.wp.com\/kohenavocats.com\/wp-content\/uploads\/2024\/11\/planet-volumes-69z5zredkrw-unsplash.webp?resize=1050%2C600&ssl=1 3x, https:\/\/i0.wp.com\/kohenavocats.com\/wp-content\/uploads\/2024\/11\/planet-volumes-69z5zredkrw-unsplash.webp?resize=1400%2C800&ssl=1 4x"},"classes":[]},{"id":597789,"url":"https:\/\/kohenavocats.com\/pt-pt\/tribunal-judiciaire-de-privas-le-4-decembre-2025-n25-00985\/","url_meta":{"origin":669876,"position":3},"title":"Tribunal judiciaire de Privas, le 4 d\u00e9cembre 2025, n\u00b025\/00985","author":"Kohen","date":"18 de Abril, 2026","format":false,"excerpt":"Le juge de l'ex\u00e9cution, statuant le 4 d\u00e9cembre 2025, a \u00e9t\u00e9 saisi d'une contestation de saisie-attribution. Un salari\u00e9, b\u00e9n\u00e9ficiaire d'une avance de l'associa...","rel":"","context":"In &quot;Jurisprudence&quot;","block_context":{"text":"Jurisprudence","link":"https:\/\/kohenavocats.com\/category\/jurisprudence\/"},"img":{"alt_text":"","src":"https:\/\/i0.wp.com\/kohenavocats.com\/wp-content\/uploads\/2024\/07\/alex-block-PdDBTrkGYLo-unsplash-1-1.webp?resize=350%2C200&ssl=1","width":350,"height":200,"srcset":"https:\/\/i0.wp.com\/kohenavocats.com\/wp-content\/uploads\/2024\/07\/alex-block-PdDBTrkGYLo-unsplash-1-1.webp?resize=350%2C200&ssl=1 1x, https:\/\/i0.wp.com\/kohenavocats.com\/wp-content\/uploads\/2024\/07\/alex-block-PdDBTrkGYLo-unsplash-1-1.webp?resize=525%2C300&ssl=1 1.5x, https:\/\/i0.wp.com\/kohenavocats.com\/wp-content\/uploads\/2024\/07\/alex-block-PdDBTrkGYLo-unsplash-1-1.webp?resize=700%2C400&ssl=1 2x, https:\/\/i0.wp.com\/kohenavocats.com\/wp-content\/uploads\/2024\/07\/alex-block-PdDBTrkGYLo-unsplash-1-1.webp?resize=1050%2C600&ssl=1 3x, https:\/\/i0.wp.com\/kohenavocats.com\/wp-content\/uploads\/2024\/07\/alex-block-PdDBTrkGYLo-unsplash-1-1.webp?resize=1400%2C800&ssl=1 4x"},"classes":[]},{"id":597767,"url":"https:\/\/kohenavocats.com\/pt-pt\/tribunal-judiciaire-de-paris-le-4-decembre-2025-n23-16472\/","url_meta":{"origin":669876,"position":4},"title":"Tribunal judiciaire de Paris, le 4 d\u00e9cembre 2025, n\u00b023\/16472","author":"Kohen","date":"18 de Abril, 2026","format":false,"excerpt":"Le juge de la mise en \u00e9tat du tribunal judiciaire de Paris, par ordonnance du 4 d\u00e9cembre 2025, se prononce sur une demande de sursis \u00e0 statuer. Cette demande...","rel":"","context":"In &quot;Jurisprudence&quot;","block_context":{"text":"Jurisprudence","link":"https:\/\/kohenavocats.com\/category\/jurisprudence\/"},"img":{"alt_text":"","src":"https:\/\/i0.wp.com\/kohenavocats.com\/wp-content\/uploads\/2024\/11\/zyanya-citlalli-ypy0AuAozUo-unsplash.webp?resize=350%2C200&ssl=1","width":350,"height":200,"srcset":"https:\/\/i0.wp.com\/kohenavocats.com\/wp-content\/uploads\/2024\/11\/zyanya-citlalli-ypy0AuAozUo-unsplash.webp?resize=350%2C200&ssl=1 1x, https:\/\/i0.wp.com\/kohenavocats.com\/wp-content\/uploads\/2024\/11\/zyanya-citlalli-ypy0AuAozUo-unsplash.webp?resize=525%2C300&ssl=1 1.5x, https:\/\/i0.wp.com\/kohenavocats.com\/wp-content\/uploads\/2024\/11\/zyanya-citlalli-ypy0AuAozUo-unsplash.webp?resize=700%2C400&ssl=1 2x, https:\/\/i0.wp.com\/kohenavocats.com\/wp-content\/uploads\/2024\/11\/zyanya-citlalli-ypy0AuAozUo-unsplash.webp?resize=1050%2C600&ssl=1 3x, https:\/\/i0.wp.com\/kohenavocats.com\/wp-content\/uploads\/2024\/11\/zyanya-citlalli-ypy0AuAozUo-unsplash.webp?resize=1400%2C800&ssl=1 4x"},"classes":[]},{"id":597822,"url":"https:\/\/kohenavocats.com\/pt-pt\/cour-dappel-de-saint-denis-le-5-decembre-2025-n24-00537\/","url_meta":{"origin":669876,"position":5},"title":"Cour d&#8217;appel de Saint-Denis, le 5 d\u00e9cembre 2025, n\u00b024\/00537","author":"Kohen","date":"18 de Abril, 2026","format":false,"excerpt":"La cour d'appel de Saint-Denis, dans un arr\u00eat du 5 d\u00e9cembre 2025, se prononce sur l'appel form\u00e9 contre un jugement ayant d\u00e9clar\u00e9 parfaite la vente d'un bien ...","rel":"","context":"In &quot;Jurisprudence&quot;","block_context":{"text":"Jurisprudence","link":"https:\/\/kohenavocats.com\/category\/jurisprudence\/"},"img":{"alt_text":"","src":"https:\/\/i0.wp.com\/kohenavocats.com\/wp-content\/uploads\/2024\/11\/getty-images-sMJ3mY9amdU-unsplash.webp?resize=350%2C200&ssl=1","width":350,"height":200,"srcset":"https:\/\/i0.wp.com\/kohenavocats.com\/wp-content\/uploads\/2024\/11\/getty-images-sMJ3mY9amdU-unsplash.webp?resize=350%2C200&ssl=1 1x, https:\/\/i0.wp.com\/kohenavocats.com\/wp-content\/uploads\/2024\/11\/getty-images-sMJ3mY9amdU-unsplash.webp?resize=525%2C300&ssl=1 1.5x, https:\/\/i0.wp.com\/kohenavocats.com\/wp-content\/uploads\/2024\/11\/getty-images-sMJ3mY9amdU-unsplash.webp?resize=700%2C400&ssl=1 2x, https:\/\/i0.wp.com\/kohenavocats.com\/wp-content\/uploads\/2024\/11\/getty-images-sMJ3mY9amdU-unsplash.webp?resize=1050%2C600&ssl=1 3x, https:\/\/i0.wp.com\/kohenavocats.com\/wp-content\/uploads\/2024\/11\/getty-images-sMJ3mY9amdU-unsplash.webp?resize=1400%2C800&ssl=1 4x"},"classes":[]}],"jetpack_sharing_enabled":true,"_links":{"self":[{"href":"https:\/\/kohenavocats.com\/pt-pt\/wp-json\/wp\/v2\/posts\/669876","targetHints":{"allow":["GET"]}}],"collection":[{"href":"https:\/\/kohenavocats.com\/pt-pt\/wp-json\/wp\/v2\/posts"}],"about":[{"href":"https:\/\/kohenavocats.com\/pt-pt\/wp-json\/wp\/v2\/types\/post"}],"author":[{"embeddable":true,"href":"https:\/\/kohenavocats.com\/pt-pt\/wp-json\/wp\/v2\/users\/232070755"}],"replies":[{"embeddable":true,"href":"https:\/\/kohenavocats.com\/pt-pt\/wp-json\/wp\/v2\/comments?post=669876"}],"version-history":[{"count":0,"href":"https:\/\/kohenavocats.com\/pt-pt\/wp-json\/wp\/v2\/posts\/669876\/revisions"}],"wp:featuredmedia":[{"embeddable":true,"href":"https:\/\/kohenavocats.com\/pt-pt\/wp-json\/wp\/v2\/media\/4753"}],"wp:attachment":[{"href":"https:\/\/kohenavocats.com\/pt-pt\/wp-json\/wp\/v2\/media?parent=669876"}],"wp:term":[{"taxonomy":"category","embeddable":true,"href":"https:\/\/kohenavocats.com\/pt-pt\/wp-json\/wp\/v2\/categories?post=669876"},{"taxonomy":"post_tag","embeddable":true,"href":"https:\/\/kohenavocats.com\/pt-pt\/wp-json\/wp\/v2\/tags?post=669876"}],"curies":[{"name":"wp","href":"https:\/\/api.w.org\/{rel}","templated":true}]}}