{"id":670390,"date":"2026-04-24T07:46:20","date_gmt":"2026-04-24T05:46:20","guid":{"rendered":"https:\/\/kohenavocats.com\/tribunal-judiciaire-de-bar-le-duc-le-4-novembre-2025-n25-00191\/"},"modified":"2026-04-26T16:35:18","modified_gmt":"2026-04-26T14:35:18","slug":"tribunal-judiciaire-de-bar-le-duc-le-4-novembre-2025-n25-00191","status":"publish","type":"post","link":"https:\/\/kohenavocats.com\/pt-pt\/tribunal-judiciaire-de-bar-le-duc-le-4-novembre-2025-n25-00191\/","title":{"rendered":"Tribunal judiciaire de Bar-le-Duc, le 4 novembre 2025, n\u00b025\/00191"},"content":{"rendered":"<div class=\"article-content\">\n<p>Le tribunal judiciaire, statuant en premi\u00e8re instance, a rendu un jugement le 4 novembre 2025. L&#8217;affaire concernait la vente d&#8217;un v\u00e9hicule d&#8217;occasion pr\u00e9sentant rapidement des dysfonctionnements moteur. Les acheteurs ont engag\u00e9 une action en garantie des <a href=\"https:\/\/kohenavocats.fr\/avocat-vices-caches-immobilier-paris\/\" target=\"_blank\" title=\"vices cach\u00e9s\">vices cach\u00e9s<\/a> contre le vendeur professionnel, qui est demeur\u00e9 absent \u00e0 la proc\u00e9dure. Le juge a d\u00fb examiner la r\u00e9gularit\u00e9 de la demande et les conditions de la garantie l\u00e9gale. La juridiction a accueilli les demandes des acqu\u00e9reurs en pronon\u00e7ant la r\u00e9solution de la vente et en allouant diverses indemnit\u00e9s.<\/p>\n<p>La caract\u00e9risation rigoureuse du vice cach\u00e9<\/p>\n<p>La d\u00e9cision rappelle d&#8217;abord les conditions l\u00e9gales de l&#8217;article 1641 du code civil. Le juge exige la r\u00e9union cumulative d&#8217;un d\u00e9faut, de sa gravit\u00e9, de son caract\u00e8re cach\u00e9 et de son ant\u00e9riorit\u00e9 \u00e0 la vente. L&#8217;expertise judiciaire a jou\u00e9 un r\u00f4le central dans cette d\u00e9monstration. Le rapport d&#8217;expertise constate qu&#8217;apr\u00e8s d\u00e9marrage &#8220;une fum\u00e9e bleue est \u00e9mise par l\u2019\u00e9chappement&#8221; et attribue ce d\u00e9sordre \u00e0 une avarie des segments. L&#8217;expert pr\u00e9cise surtout que &#8220;cette avarie pr\u00e9existait \u00e0 la vente et rend le v\u00e9hicule inutilisable&#8221; et qu&#8217;elle ne pouvait \u00eatre d\u00e9cel\u00e9e par les acheteurs. Cette analyse technique permet au juge de constater que le d\u00e9faut \u00e9tait bien cach\u00e9 et ant\u00e9rieur au transfert de propri\u00e9t\u00e9. La gravit\u00e9 est \u00e9tablie par l&#8217;inaptitude \u00e0 l&#8217;usage, rendant la chose impropre \u00e0 sa destination normale. Cette approche est conforme \u00e0 une jurisprudence constante exigeant la preuve de l&#8217;ant\u00e9riorit\u00e9 du vice. Un arr\u00eat de la Cour d&#8217;appel de Paris soulignait d\u00e9j\u00e0, dans une affaire similaire, que l&#8217;expert &#8220;conclut que la pr\u00e9sence des traces de r\u00e9paration et la fissure sont \u00e0 l&#8217;origine de la perte d&#8217;huile moteur en totalit\u00e9, que cette r\u00e9paration est ancienne et ant\u00e9rieure \u00e0 la vente du v\u00e9hicule&#8221; (Cour d&#8217;appel de Paris, le 30 mai 2024, n\u00b022\/17025). La d\u00e9cision comment\u00e9e s&#8217;inscrit dans cette ligne en exigeant une d\u00e9monstration concr\u00e8te et \u00e9tay\u00e9e par un expert.<\/p>\n<p>La port\u00e9e de cette analyse est significative pour la pratique. Elle confirme que la preuve de l&#8217;ant\u00e9riorit\u00e9 repose souvent sur des constatations techniques objectives. Le juge s&#8217;appuie sur des \u00e9l\u00e9ments factuels pr\u00e9cis plut\u00f4t que sur de simples pr\u00e9somptions. La r\u00e9f\u00e9rence \u00e0 l&#8217;impossibilit\u00e9 de d\u00e9celer le vice par l&#8217;acheteur renforce le caract\u00e8re cach\u00e9. Cette rigueur dans l&#8217;appr\u00e9ciation des conditions prot\u00e8ge tant l&#8217;acheteur, qui doit prouver son all\u00e9gation, que le vendeur de bonne foi. Elle \u00e9vite les actions abusives tout en sanctionnant les d\u00e9fauts r\u00e9dhibitoires. La solution rappelle celle d&#8217;un tribunal qui avait jug\u00e9 qu&#8217;\u00e9tait &#8220;d\u00e9montr\u00e9e l&#8217;existence d&#8217;un vice, non apparent, ant\u00e9rieur \u00e0 la vente rendant le v\u00e9hicule impropre \u00e0 sa destination&#8221; (Tribunal judiciaire de Valence, le 4 novembre 2025, n\u00b024\/01785). L&#8217;expertise contradictoire demeure ainsi un moyen de preuve privil\u00e9gi\u00e9 pour \u00e9tablir le vice cach\u00e9 dans les litiges complexes.<\/p>\n<p>L&#8217;\u00e9tendue de la r\u00e9paration due par le vendeur professionnel<\/p>\n<p>La seconde partie du raisonnement concerne l&#8217;\u00e9tendue de l&#8217;obligation de garantie. Le juge applique l&#8217;article 1645 du code civil au vendeur professionnel. Il rappelle la pr\u00e9somption de connaissance des vices, qui impose une r\u00e9paration int\u00e9grale du pr\u00e9judice. La d\u00e9cision d\u00e9taille ensuite chaque chef de pr\u00e9judice indemnisable. Le trouble de jouissance est \u00e9valu\u00e9 sur la base de l&#8217;expertise, qui fixait un montant journalier. Le juge retient les p\u00e9riodes d&#8217;immobilisation totale et partielle pour calculer l&#8217;indemnit\u00e9 due. Les frais d&#8217;assurance sont \u00e9galement accord\u00e9s, car leur paiement sans contrepartie gr\u00e8ve le patrimoine de l&#8217;acheteur. Le juge estime que ce pr\u00e9judice financier d\u00e9coule directement du vice cach\u00e9. Enfin, les frais de transport pour l&#8217;expertise sont indemnis\u00e9s comme un pr\u00e9judice li\u00e9 \u00e0 la mise en \u0153uvre de la garantie. Cette approche extensive de la r\u00e9paration est caract\u00e9ristique du r\u00e9gime de la mauvaise foi pr\u00e9sum\u00e9e.<\/p>\n<p>La valeur de cette solution r\u00e9side dans sa compl\u00e9tude. Elle illustre la volont\u00e9 de remettre l&#8217;acheteur dans la situation o\u00f9 il se serait trouv\u00e9 sans le vice. La restitution du prix n&#8217;est que le premier \u00e9l\u00e9ment. L&#8217;indemnisation du trouble de jouissance compense la perte d&#8217;usage du v\u00e9hicule. L&#8217;allocation des frais d&#8217;assurance reconna\u00eet un pr\u00e9judice \u00e9conomique souvent n\u00e9glig\u00e9. La d\u00e9cision op\u00e8re une distinction nette entre les int\u00e9r\u00eats moratoires et les dommages-int\u00e9r\u00eats compensatoires. Les premiers courent \u00e0 partir de la mise en demeure, fix\u00e9e ici \u00e0 la date de l&#8217;assignation au fond. Les seconds r\u00e9parent le pr\u00e9judice subi ind\u00e9pendamment du retard. Cette distinction est cruciale pour une indemnisation juste et conforme au code civil. Le juge use \u00e9galement de son pouvoir d&#8217;appr\u00e9ciation pour allouer une somme au titre de l&#8217;article 700 du code de proc\u00e9dure civile. Cette condamnation couvre les frais non compris dans les d\u00e9pens et tient compte de l&#8217;\u00e9quit\u00e9.<\/p>\n<p>La port\u00e9e pratique de cette analyse est consid\u00e9rable pour les acheteurs. Elle d\u00e9montre que la garantie des vices cach\u00e9s peut couvrir un pr\u00e9judice \u00e9conomique \u00e9tendu. La pr\u00e9somption de connaissance \u00e9vite \u00e0 l&#8217;acheteur de prouver la mauvaise foi du vendeur professionnel. Le calcul pr\u00e9cis de chaque poste de pr\u00e9judice, fond\u00e9 sur des justificatifs, renforce la d\u00e9cision et en facilite l&#8217;ex\u00e9cution. En condamnant le vendeur absent aux d\u00e9pens et aux frais irr\u00e9p\u00e9tibles, le juge sanctionne aussi son comportement proc\u00e9dural. Cette d\u00e9cision envoie un message fort sur les cons\u00e9quences financi\u00e8res de la vente d&#8217;un bien affect\u00e9 d&#8217;un vice cach\u00e9. Elle incite les professionnels \u00e0 un devoir de vigilance accru lors de la revente de biens d&#8217;occasion. En d\u00e9finitive, le jugement assure une protection effective des consommateurs en alignant la r\u00e9paration sur l&#8217;\u00e9tendue r\u00e9elle du pr\u00e9judice subi.<\/p>\n<\/div>\n","protected":false},"excerpt":{"rendered":"<p>Le tribunal judiciaire, statuant en premi\u00e8re instance, a rendu un jugement le 4 novembre 2025. L&#8217;affaire concernait la vente d&#8217;un v\u00e9hicule d&#8217;occasion pr\u00e9sent&#8230;<\/p>\n","protected":false},"author":232070755,"featured_media":9643,"comment_status":"open","ping_status":"open","sticky":false,"template":"","format":"standard","meta":{"_crdt_document":"","_jetpack_newsletter_access":"","_jetpack_dont_email_post_to_subs":false,"_jetpack_newsletter_tier_id":0,"_jetpack_memberships_contains_paywalled_content":false,"_kj_source_type":"judilibre","_kj_official_id":"68f92816de0ebe408da9a4c8","_kj_official_url":"https:\/\/www.courdecassation.fr\/decision\/68f92816de0ebe408da9a4c8","_kj_judilibre_id":"68f92816de0ebe408da9a4c8","_kj_jur":"Tribunal judiciaire","_kj_lieu":"Tribunal judiciaire de Bar-le-Duc","_kj_chambre":"1ERE CHAMBRE","_kj_rg":"25\/00191","_kj_date":"2025-09-18","_jetpack_memberships_contains_paid_content":false,"footnotes":"","jetpack_post_was_ever_published":false},"categories":[7096,35583,7597],"tags":[],"class_list":["post-670390","post","type-post","status-publish","format-standard","has-post-thumbnail","hentry","category-code-des-assurances","category-immobilier","category-jurisprudence"],"yoast_head":"<!-- This site is optimized with the Yoast SEO Premium plugin v27.5 (Yoast SEO v27.5) - https:\/\/yoast.com\/product\/yoast-seo-premium-wordpress\/ -->\n<title>Tribunal judiciaire de Bar-le-Duc, le 4 novembre 2025, n\u00b025\/00191 - Ma\u00eetre Hassan Kohen, avocat en droit p\u00e9nal \u00e0 Paris<\/title>\n<meta name=\"description\" content=\"Le tribunal judiciaire, statuant en premi\u00e8re instance, a rendu un jugement le 4 novembre 2025. L&#039;affaire concernait la vente d&#039;un v\u00e9hicule d&#039;occasion pr\u00e9sent...\" \/>\n<meta name=\"robots\" content=\"index, follow, max-snippet:-1, max-image-preview:large, max-video-preview:-1\" \/>\n<link rel=\"canonical\" href=\"https:\/\/kohenavocats.com\/pt-pt\/tribunal-judiciaire-de-bar-le-duc-le-4-novembre-2025-n25-00191\/\" \/>\n<meta property=\"og:locale\" content=\"pt_PT\" \/>\n<meta property=\"og:type\" content=\"article\" \/>\n<meta property=\"og:title\" content=\"Tribunal judiciaire de Bar-le-Duc, le 4 novembre 2025, n\u00b025\/00191\" \/>\n<meta property=\"og:description\" content=\"Le tribunal judiciaire, statuant en premi\u00e8re instance, a rendu un jugement le 4 novembre 2025. L&#039;affaire concernait la vente d&#039;un v\u00e9hicule d&#039;occasion pr\u00e9sent...\" \/>\n<meta property=\"og:url\" content=\"https:\/\/kohenavocats.com\/pt-pt\/tribunal-judiciaire-de-bar-le-duc-le-4-novembre-2025-n25-00191\/\" \/>\n<meta property=\"og:site_name\" content=\"Ma\u00eetre Hassan Kohen, avocat en droit p\u00e9nal \u00e0 Paris\" \/>\n<meta property=\"article:published_time\" content=\"2026-04-24T05:46:20+00:00\" \/>\n<meta property=\"article:modified_time\" content=\"2026-04-26T14:35:18+00:00\" \/>\n<meta property=\"og:image\" content=\"https:\/\/kohenavocats.com\/wp-content\/uploads\/2024\/11\/dario-bronnimann-QRj9c38HgHg-unsplash.webp\" \/>\n\t<meta property=\"og:image:width\" content=\"6000\" \/>\n\t<meta property=\"og:image:height\" content=\"4000\" \/>\n\t<meta property=\"og:image:type\" content=\"image\/webp\" \/>\n<meta name=\"author\" content=\"Kohen\" \/>\n<meta name=\"twitter:card\" content=\"summary_large_image\" \/>\n<meta name=\"twitter:label1\" content=\"Escrito por\" \/>\n\t<meta name=\"twitter:data1\" content=\"Kohen\" \/>\n\t<meta name=\"twitter:label2\" content=\"Tempo estimado de leitura\" \/>\n\t<meta name=\"twitter:data2\" content=\"5 minutos\" \/>\n<script type=\"application\/ld+json\" class=\"yoast-schema-graph\">{\"@context\":\"https:\\\/\\\/schema.org\",\"@graph\":[{\"@type\":\"Article\",\"@id\":\"https:\\\/\\\/kohenavocats.com\\\/pt-pt\\\/tribunal-judiciaire-de-bar-le-duc-le-4-novembre-2025-n25-00191\\\/#article\",\"isPartOf\":{\"@id\":\"https:\\\/\\\/kohenavocats.com\\\/pt-pt\\\/tribunal-judiciaire-de-bar-le-duc-le-4-novembre-2025-n25-00191\\\/\"},\"author\":{\"name\":\"Kohen\",\"@id\":\"https:\\\/\\\/kohenavocats.com\\\/pt-pt\\\/#\\\/schema\\\/person\\\/761c9ba54fa1ca84d405cef0831ff751\"},\"headline\":\"Tribunal judiciaire de Bar-le-Duc, le 4 novembre 2025, n\u00b025\\\/00191\",\"datePublished\":\"2026-04-24T05:46:20+00:00\",\"dateModified\":\"2026-04-26T14:35:18+00:00\",\"mainEntityOfPage\":{\"@id\":\"https:\\\/\\\/kohenavocats.com\\\/pt-pt\\\/tribunal-judiciaire-de-bar-le-duc-le-4-novembre-2025-n25-00191\\\/\"},\"wordCount\":1041,\"commentCount\":0,\"publisher\":{\"@id\":\"https:\\\/\\\/kohenavocats.com\\\/pt-pt\\\/#organization\"},\"image\":{\"@id\":\"https:\\\/\\\/kohenavocats.com\\\/pt-pt\\\/tribunal-judiciaire-de-bar-le-duc-le-4-novembre-2025-n25-00191\\\/#primaryimage\"},\"thumbnailUrl\":\"https:\\\/\\\/kohenavocats.com\\\/wp-content\\\/uploads\\\/2024\\\/11\\\/dario-bronnimann-QRj9c38HgHg-unsplash.webp\",\"articleSection\":[\"Code des assurances\",\"Immobilier\",\"Jurisprudence\"],\"inLanguage\":\"pt-PT\",\"potentialAction\":[{\"@type\":\"CommentAction\",\"name\":\"Comment\",\"target\":[\"https:\\\/\\\/kohenavocats.com\\\/pt-pt\\\/tribunal-judiciaire-de-bar-le-duc-le-4-novembre-2025-n25-00191\\\/#respond\"]}],\"citation\":\"Tribunal judiciaire de Bar-le-Duc, le 4 novembre 2025, n\u00b025\\\/00191\",\"about\":[{\"@type\":\"Thing\",\"name\":\"Code des assurances\"},{\"@type\":\"Thing\",\"name\":\"Immobilier\"},{\"@type\":\"Thing\",\"name\":\"Jurisprudence\"}],\"speakable\":{\"@type\":\"SpeakableSpecification\",\"cssSelector\":[\".article-content > p:first-of-type\"]}},{\"@type\":\"WebPage\",\"@id\":\"https:\\\/\\\/kohenavocats.com\\\/pt-pt\\\/tribunal-judiciaire-de-bar-le-duc-le-4-novembre-2025-n25-00191\\\/\",\"url\":\"https:\\\/\\\/kohenavocats.com\\\/pt-pt\\\/tribunal-judiciaire-de-bar-le-duc-le-4-novembre-2025-n25-00191\\\/\",\"name\":\"Tribunal judiciaire de Bar-le-Duc, le 4 novembre 2025, n\u00b025\\\/00191 - Ma\u00eetre Hassan Kohen, avocat en droit p\u00e9nal \u00e0 Paris\",\"isPartOf\":{\"@id\":\"https:\\\/\\\/kohenavocats.com\\\/pt-pt\\\/#website\"},\"primaryImageOfPage\":{\"@id\":\"https:\\\/\\\/kohenavocats.com\\\/pt-pt\\\/tribunal-judiciaire-de-bar-le-duc-le-4-novembre-2025-n25-00191\\\/#primaryimage\"},\"image\":{\"@id\":\"https:\\\/\\\/kohenavocats.com\\\/pt-pt\\\/tribunal-judiciaire-de-bar-le-duc-le-4-novembre-2025-n25-00191\\\/#primaryimage\"},\"thumbnailUrl\":\"https:\\\/\\\/kohenavocats.com\\\/wp-content\\\/uploads\\\/2024\\\/11\\\/dario-bronnimann-QRj9c38HgHg-unsplash.webp\",\"datePublished\":\"2026-04-24T05:46:20+00:00\",\"dateModified\":\"2026-04-26T14:35:18+00:00\",\"description\":\"Le tribunal judiciaire, statuant en premi\u00e8re instance, a rendu un jugement le 4 novembre 2025. L'affaire concernait la vente d'un v\u00e9hicule d'occasion pr\u00e9sent...\",\"breadcrumb\":{\"@id\":\"https:\\\/\\\/kohenavocats.com\\\/pt-pt\\\/tribunal-judiciaire-de-bar-le-duc-le-4-novembre-2025-n25-00191\\\/#breadcrumb\"},\"inLanguage\":\"pt-PT\",\"potentialAction\":[{\"@type\":\"ReadAction\",\"target\":[\"https:\\\/\\\/kohenavocats.com\\\/pt-pt\\\/tribunal-judiciaire-de-bar-le-duc-le-4-novembre-2025-n25-00191\\\/\"]}]},{\"@type\":\"ImageObject\",\"inLanguage\":\"pt-PT\",\"@id\":\"https:\\\/\\\/kohenavocats.com\\\/pt-pt\\\/tribunal-judiciaire-de-bar-le-duc-le-4-novembre-2025-n25-00191\\\/#primaryimage\",\"url\":\"https:\\\/\\\/kohenavocats.com\\\/wp-content\\\/uploads\\\/2024\\\/11\\\/dario-bronnimann-QRj9c38HgHg-unsplash.webp\",\"contentUrl\":\"https:\\\/\\\/kohenavocats.com\\\/wp-content\\\/uploads\\\/2024\\\/11\\\/dario-bronnimann-QRj9c38HgHg-unsplash.webp\",\"width\":6000,\"height\":4000},{\"@type\":\"BreadcrumbList\",\"@id\":\"https:\\\/\\\/kohenavocats.com\\\/pt-pt\\\/tribunal-judiciaire-de-bar-le-duc-le-4-novembre-2025-n25-00191\\\/#breadcrumb\",\"itemListElement\":[{\"@type\":\"ListItem\",\"position\":1,\"name\":\"Home\",\"item\":\"https:\\\/\\\/kohenavocats.com\\\/pt-pt\\\/avocats-en-droit-penal-a-paris-conseil-et-defense-strategique\\\/\"},{\"@type\":\"ListItem\",\"position\":2,\"name\":\"Tribunal judiciaire de Bar-le-Duc, le 4 novembre 2025, n\u00b025\\\/00191\"}]},{\"@type\":\"WebSite\",\"@id\":\"https:\\\/\\\/kohenavocats.com\\\/pt-pt\\\/#website\",\"url\":\"https:\\\/\\\/kohenavocats.com\\\/pt-pt\\\/\",\"name\":\"Kohen Avocats\",\"description\":\"Ma\u00eetre Hassan Kohen, avocat p\u00e9naliste \u00e0 Paris, intervient exclusivement en droit p\u00e9nal pour la d\u00e9fense des particuliers, notamment en mati\u00e8re d\u2019accusations de viol. Il assure un accompagnement rigoureux d\u00e8s la garde \u00e0 vue jusqu\u2019\u00e0 la Cour d\u2019assises, veillant au strict respect des garanties proc\u00e9durales.\",\"publisher\":{\"@id\":\"https:\\\/\\\/kohenavocats.com\\\/pt-pt\\\/#organization\"},\"potentialAction\":[{\"@type\":\"SearchAction\",\"target\":{\"@type\":\"EntryPoint\",\"urlTemplate\":\"https:\\\/\\\/kohenavocats.com\\\/pt-pt\\\/?s={search_term_string}\"},\"query-input\":{\"@type\":\"PropertyValueSpecification\",\"valueRequired\":true,\"valueName\":\"search_term_string\"}}],\"inLanguage\":\"pt-PT\"},{\"@type\":\"Organization\",\"@id\":\"https:\\\/\\\/kohenavocats.com\\\/pt-pt\\\/#organization\",\"name\":\"Kohen Avocats\",\"url\":\"https:\\\/\\\/kohenavocats.com\\\/pt-pt\\\/\",\"logo\":{\"@type\":\"ImageObject\",\"inLanguage\":\"pt-PT\",\"@id\":\"https:\\\/\\\/kohenavocats.com\\\/pt-pt\\\/#\\\/schema\\\/logo\\\/image\\\/\",\"url\":\"https:\\\/\\\/kohenavocats.com\\\/wp-content\\\/uploads\\\/2026\\\/01\\\/Logo-2-1.webp\",\"contentUrl\":\"https:\\\/\\\/kohenavocats.com\\\/wp-content\\\/uploads\\\/2026\\\/01\\\/Logo-2-1.webp\",\"width\":2114,\"height\":1253,\"caption\":\"Kohen Avocats\"},\"image\":{\"@id\":\"https:\\\/\\\/kohenavocats.com\\\/pt-pt\\\/#\\\/schema\\\/logo\\\/image\\\/\"}},{\"@type\":\"Person\",\"@id\":\"https:\\\/\\\/kohenavocats.com\\\/pt-pt\\\/#\\\/schema\\\/person\\\/761c9ba54fa1ca84d405cef0831ff751\",\"name\":\"Kohen\",\"image\":{\"@type\":\"ImageObject\",\"inLanguage\":\"pt-PT\",\"@id\":\"https:\\\/\\\/secure.gravatar.com\\\/avatar\\\/1c5e76ef76bbbfdd2b4da984e2bf2fa4056fd51a27d25ce2c332047f1dfd6e00?s=96&d=identicon&r=g\",\"url\":\"https:\\\/\\\/secure.gravatar.com\\\/avatar\\\/1c5e76ef76bbbfdd2b4da984e2bf2fa4056fd51a27d25ce2c332047f1dfd6e00?s=96&d=identicon&r=g\",\"contentUrl\":\"https:\\\/\\\/secure.gravatar.com\\\/avatar\\\/1c5e76ef76bbbfdd2b4da984e2bf2fa4056fd51a27d25ce2c332047f1dfd6e00?s=96&d=identicon&r=g\",\"caption\":\"Kohen\"},\"sameAs\":[\"https:\\\/\\\/www.linkedin.com\\\/in\\\/hassan-kohen-448548192\\\/\",\"https:\\\/\\\/www.youtube.com\\\/@Kohen-Avocats\"],\"url\":\"https:\\\/\\\/kohenavocats.com\\\/pt-pt\\\/author\\\/kohenmlk\\\/\"}]}<\/script>\n<!-- \/ Yoast SEO Premium plugin. -->","yoast_head_json":{"title":"Tribunal judiciaire de Bar-le-Duc, le 4 novembre 2025, n\u00b025\/00191 - Ma\u00eetre Hassan Kohen, avocat en droit p\u00e9nal \u00e0 Paris","description":"Le tribunal judiciaire, statuant en premi\u00e8re instance, a rendu un jugement le 4 novembre 2025. L'affaire concernait la vente d'un v\u00e9hicule d'occasion pr\u00e9sent...","robots":{"index":"index","follow":"follow","max-snippet":"max-snippet:-1","max-image-preview":"max-image-preview:large","max-video-preview":"max-video-preview:-1"},"canonical":"https:\/\/kohenavocats.com\/pt-pt\/tribunal-judiciaire-de-bar-le-duc-le-4-novembre-2025-n25-00191\/","og_locale":"pt_PT","og_type":"article","og_title":"Tribunal judiciaire de Bar-le-Duc, le 4 novembre 2025, n\u00b025\/00191","og_description":"Le tribunal judiciaire, statuant en premi\u00e8re instance, a rendu un jugement le 4 novembre 2025. L'affaire concernait la vente d'un v\u00e9hicule d'occasion pr\u00e9sent...","og_url":"https:\/\/kohenavocats.com\/pt-pt\/tribunal-judiciaire-de-bar-le-duc-le-4-novembre-2025-n25-00191\/","og_site_name":"Ma\u00eetre Hassan Kohen, avocat en droit p\u00e9nal \u00e0 Paris","article_published_time":"2026-04-24T05:46:20+00:00","article_modified_time":"2026-04-26T14:35:18+00:00","og_image":[{"width":6000,"height":4000,"url":"https:\/\/kohenavocats.com\/wp-content\/uploads\/2024\/11\/dario-bronnimann-QRj9c38HgHg-unsplash.webp","type":"image\/webp"}],"author":"Kohen","twitter_card":"summary_large_image","twitter_misc":{"Escrito por":"Kohen","Tempo estimado de leitura":"5 minutos"},"schema":{"@context":"https:\/\/schema.org","@graph":[{"@type":"Article","@id":"https:\/\/kohenavocats.com\/pt-pt\/tribunal-judiciaire-de-bar-le-duc-le-4-novembre-2025-n25-00191\/#article","isPartOf":{"@id":"https:\/\/kohenavocats.com\/pt-pt\/tribunal-judiciaire-de-bar-le-duc-le-4-novembre-2025-n25-00191\/"},"author":{"name":"Kohen","@id":"https:\/\/kohenavocats.com\/pt-pt\/#\/schema\/person\/761c9ba54fa1ca84d405cef0831ff751"},"headline":"Tribunal judiciaire de Bar-le-Duc, le 4 novembre 2025, n\u00b025\/00191","datePublished":"2026-04-24T05:46:20+00:00","dateModified":"2026-04-26T14:35:18+00:00","mainEntityOfPage":{"@id":"https:\/\/kohenavocats.com\/pt-pt\/tribunal-judiciaire-de-bar-le-duc-le-4-novembre-2025-n25-00191\/"},"wordCount":1041,"commentCount":0,"publisher":{"@id":"https:\/\/kohenavocats.com\/pt-pt\/#organization"},"image":{"@id":"https:\/\/kohenavocats.com\/pt-pt\/tribunal-judiciaire-de-bar-le-duc-le-4-novembre-2025-n25-00191\/#primaryimage"},"thumbnailUrl":"https:\/\/kohenavocats.com\/wp-content\/uploads\/2024\/11\/dario-bronnimann-QRj9c38HgHg-unsplash.webp","articleSection":["Code des assurances","Immobilier","Jurisprudence"],"inLanguage":"pt-PT","potentialAction":[{"@type":"CommentAction","name":"Comment","target":["https:\/\/kohenavocats.com\/pt-pt\/tribunal-judiciaire-de-bar-le-duc-le-4-novembre-2025-n25-00191\/#respond"]}],"citation":"Tribunal judiciaire de Bar-le-Duc, le 4 novembre 2025, n\u00b025\/00191","about":[{"@type":"Thing","name":"Code des assurances"},{"@type":"Thing","name":"Immobilier"},{"@type":"Thing","name":"Jurisprudence"}],"speakable":{"@type":"SpeakableSpecification","cssSelector":[".article-content > p:first-of-type"]}},{"@type":"WebPage","@id":"https:\/\/kohenavocats.com\/pt-pt\/tribunal-judiciaire-de-bar-le-duc-le-4-novembre-2025-n25-00191\/","url":"https:\/\/kohenavocats.com\/pt-pt\/tribunal-judiciaire-de-bar-le-duc-le-4-novembre-2025-n25-00191\/","name":"Tribunal judiciaire de Bar-le-Duc, le 4 novembre 2025, n\u00b025\/00191 - Ma\u00eetre Hassan Kohen, avocat en droit p\u00e9nal \u00e0 Paris","isPartOf":{"@id":"https:\/\/kohenavocats.com\/pt-pt\/#website"},"primaryImageOfPage":{"@id":"https:\/\/kohenavocats.com\/pt-pt\/tribunal-judiciaire-de-bar-le-duc-le-4-novembre-2025-n25-00191\/#primaryimage"},"image":{"@id":"https:\/\/kohenavocats.com\/pt-pt\/tribunal-judiciaire-de-bar-le-duc-le-4-novembre-2025-n25-00191\/#primaryimage"},"thumbnailUrl":"https:\/\/kohenavocats.com\/wp-content\/uploads\/2024\/11\/dario-bronnimann-QRj9c38HgHg-unsplash.webp","datePublished":"2026-04-24T05:46:20+00:00","dateModified":"2026-04-26T14:35:18+00:00","description":"Le tribunal judiciaire, statuant en premi\u00e8re instance, a rendu un jugement le 4 novembre 2025. L'affaire concernait la vente d'un v\u00e9hicule d'occasion pr\u00e9sent...","breadcrumb":{"@id":"https:\/\/kohenavocats.com\/pt-pt\/tribunal-judiciaire-de-bar-le-duc-le-4-novembre-2025-n25-00191\/#breadcrumb"},"inLanguage":"pt-PT","potentialAction":[{"@type":"ReadAction","target":["https:\/\/kohenavocats.com\/pt-pt\/tribunal-judiciaire-de-bar-le-duc-le-4-novembre-2025-n25-00191\/"]}]},{"@type":"ImageObject","inLanguage":"pt-PT","@id":"https:\/\/kohenavocats.com\/pt-pt\/tribunal-judiciaire-de-bar-le-duc-le-4-novembre-2025-n25-00191\/#primaryimage","url":"https:\/\/kohenavocats.com\/wp-content\/uploads\/2024\/11\/dario-bronnimann-QRj9c38HgHg-unsplash.webp","contentUrl":"https:\/\/kohenavocats.com\/wp-content\/uploads\/2024\/11\/dario-bronnimann-QRj9c38HgHg-unsplash.webp","width":6000,"height":4000},{"@type":"BreadcrumbList","@id":"https:\/\/kohenavocats.com\/pt-pt\/tribunal-judiciaire-de-bar-le-duc-le-4-novembre-2025-n25-00191\/#breadcrumb","itemListElement":[{"@type":"ListItem","position":1,"name":"Home","item":"https:\/\/kohenavocats.com\/pt-pt\/avocats-en-droit-penal-a-paris-conseil-et-defense-strategique\/"},{"@type":"ListItem","position":2,"name":"Tribunal judiciaire de Bar-le-Duc, le 4 novembre 2025, n\u00b025\/00191"}]},{"@type":"WebSite","@id":"https:\/\/kohenavocats.com\/pt-pt\/#website","url":"https:\/\/kohenavocats.com\/pt-pt\/","name":"Kohen Avocats","description":"Ma\u00eetre Hassan Kohen, avocat p\u00e9naliste \u00e0 Paris, intervient exclusivement en droit p\u00e9nal pour la d\u00e9fense des particuliers, notamment en mati\u00e8re d\u2019accusations de viol. Il assure un accompagnement rigoureux d\u00e8s la garde \u00e0 vue jusqu\u2019\u00e0 la Cour d\u2019assises, veillant au strict respect des garanties proc\u00e9durales.","publisher":{"@id":"https:\/\/kohenavocats.com\/pt-pt\/#organization"},"potentialAction":[{"@type":"SearchAction","target":{"@type":"EntryPoint","urlTemplate":"https:\/\/kohenavocats.com\/pt-pt\/?s={search_term_string}"},"query-input":{"@type":"PropertyValueSpecification","valueRequired":true,"valueName":"search_term_string"}}],"inLanguage":"pt-PT"},{"@type":"Organization","@id":"https:\/\/kohenavocats.com\/pt-pt\/#organization","name":"Kohen Avocats","url":"https:\/\/kohenavocats.com\/pt-pt\/","logo":{"@type":"ImageObject","inLanguage":"pt-PT","@id":"https:\/\/kohenavocats.com\/pt-pt\/#\/schema\/logo\/image\/","url":"https:\/\/kohenavocats.com\/wp-content\/uploads\/2026\/01\/Logo-2-1.webp","contentUrl":"https:\/\/kohenavocats.com\/wp-content\/uploads\/2026\/01\/Logo-2-1.webp","width":2114,"height":1253,"caption":"Kohen Avocats"},"image":{"@id":"https:\/\/kohenavocats.com\/pt-pt\/#\/schema\/logo\/image\/"}},{"@type":"Person","@id":"https:\/\/kohenavocats.com\/pt-pt\/#\/schema\/person\/761c9ba54fa1ca84d405cef0831ff751","name":"Kohen","image":{"@type":"ImageObject","inLanguage":"pt-PT","@id":"https:\/\/secure.gravatar.com\/avatar\/1c5e76ef76bbbfdd2b4da984e2bf2fa4056fd51a27d25ce2c332047f1dfd6e00?s=96&d=identicon&r=g","url":"https:\/\/secure.gravatar.com\/avatar\/1c5e76ef76bbbfdd2b4da984e2bf2fa4056fd51a27d25ce2c332047f1dfd6e00?s=96&d=identicon&r=g","contentUrl":"https:\/\/secure.gravatar.com\/avatar\/1c5e76ef76bbbfdd2b4da984e2bf2fa4056fd51a27d25ce2c332047f1dfd6e00?s=96&d=identicon&r=g","caption":"Kohen"},"sameAs":["https:\/\/www.linkedin.com\/in\/hassan-kohen-448548192\/","https:\/\/www.youtube.com\/@Kohen-Avocats"],"url":"https:\/\/kohenavocats.com\/pt-pt\/author\/kohenmlk\/"}]}},"jetpack_featured_media_url":"https:\/\/kohenavocats.com\/wp-content\/uploads\/2024\/11\/dario-bronnimann-QRj9c38HgHg-unsplash.webp","jetpack_likes_enabled":false,"jetpack_shortlink":"https:\/\/wp.me\/peCrII-2OoK","jetpack-related-posts":[{"id":794212,"url":"https:\/\/kohenavocats.com\/pt-pt\/tribunal-judiciaire-de-bar-le-duc-le-11-decembre-2025-n25-00309-2\/","url_meta":{"origin":670390,"position":0},"title":"Tribunal judiciaire de Bar-le-Duc, le 11 d\u00e9cembre 2025, n\u00b025\/00309","author":"Kohen","date":"1 de Maio, 2026","format":false,"excerpt":"Le tribunal judiciaire de Bar-le-Duc, dans un jugement r\u00e9put\u00e9 contradictoire du 11 d\u00e9cembre 2025, a statu\u00e9 sur l'action r\u00e9dhibitoire d'un acqu\u00e9reur contre un...","rel":"","context":"In &quot;Jurisprudence&quot;","block_context":{"text":"Jurisprudence","link":"https:\/\/kohenavocats.com\/category\/jurisprudence\/"},"img":{"alt_text":"","src":"https:\/\/i0.wp.com\/kohenavocats.com\/wp-content\/uploads\/2024\/11\/getty-images-lG4kfeF1q-I-unsplash.webp?resize=350%2C200&ssl=1","width":350,"height":200,"srcset":"https:\/\/i0.wp.com\/kohenavocats.com\/wp-content\/uploads\/2024\/11\/getty-images-lG4kfeF1q-I-unsplash.webp?resize=350%2C200&ssl=1 1x, https:\/\/i0.wp.com\/kohenavocats.com\/wp-content\/uploads\/2024\/11\/getty-images-lG4kfeF1q-I-unsplash.webp?resize=525%2C300&ssl=1 1.5x, https:\/\/i0.wp.com\/kohenavocats.com\/wp-content\/uploads\/2024\/11\/getty-images-lG4kfeF1q-I-unsplash.webp?resize=700%2C400&ssl=1 2x, https:\/\/i0.wp.com\/kohenavocats.com\/wp-content\/uploads\/2024\/11\/getty-images-lG4kfeF1q-I-unsplash.webp?resize=1050%2C600&ssl=1 3x, https:\/\/i0.wp.com\/kohenavocats.com\/wp-content\/uploads\/2024\/11\/getty-images-lG4kfeF1q-I-unsplash.webp?resize=1400%2C800&ssl=1 4x"},"classes":[]},{"id":306618,"url":"https:\/\/kohenavocats.com\/pt-pt\/tribunal-judiciaire-de-clermont-ferrand-le-10-juillet-2025-n24-01453\/","url_meta":{"origin":670390,"position":1},"title":"Tribunal judiciaire de Clermont-Ferrand, le 10 juillet 2025, n\u00b024\/01453","author":"Kohen","date":"6 de Fevereiro, 2026","format":false,"excerpt":"Le Tribunal judiciaire de Clermont-Ferrand, premi\u00e8re chambre civile, a rendu un jugement le 10 juillet 2025. Cette d\u00e9cision tranche un litige relatif \u00e0 la vente d\u2019un bien immobilier affect\u00e9 par d\u2019importants d\u00e9sordres \u00e0 la toiture. Les acqu\u00e9reurs, ayant constat\u00e9 des infiltrations d\u2019eau peu apr\u00e8s l\u2019achat, agissaient en garantie des vices\u2026","rel":"","context":"In &quot;D\u00e9cisions juridiques&quot;","block_context":{"text":"D\u00e9cisions juridiques","link":"https:\/\/kohenavocats.com\/category\/decisions-juridiques\/"},"img":{"alt_text":"","src":"https:\/\/i0.wp.com\/kohenavocats.com\/wp-content\/uploads\/2024\/08\/giammarco-boscaro-a_VP5ObtzWk-unsplash-1.webp?resize=350%2C200&ssl=1","width":350,"height":200,"srcset":"https:\/\/i0.wp.com\/kohenavocats.com\/wp-content\/uploads\/2024\/08\/giammarco-boscaro-a_VP5ObtzWk-unsplash-1.webp?resize=350%2C200&ssl=1 1x, https:\/\/i0.wp.com\/kohenavocats.com\/wp-content\/uploads\/2024\/08\/giammarco-boscaro-a_VP5ObtzWk-unsplash-1.webp?resize=525%2C300&ssl=1 1.5x, https:\/\/i0.wp.com\/kohenavocats.com\/wp-content\/uploads\/2024\/08\/giammarco-boscaro-a_VP5ObtzWk-unsplash-1.webp?resize=700%2C400&ssl=1 2x, https:\/\/i0.wp.com\/kohenavocats.com\/wp-content\/uploads\/2024\/08\/giammarco-boscaro-a_VP5ObtzWk-unsplash-1.webp?resize=1050%2C600&ssl=1 3x, https:\/\/i0.wp.com\/kohenavocats.com\/wp-content\/uploads\/2024\/08\/giammarco-boscaro-a_VP5ObtzWk-unsplash-1.webp?resize=1400%2C800&ssl=1 4x"},"classes":[]},{"id":726851,"url":"https:\/\/kohenavocats.com\/pt-pt\/tribunal-judiciaire-de-draguignan-le-4-fevrier-2026-n25-03793\/","url_meta":{"origin":670390,"position":2},"title":"Tribunal judiciaire de Draguignan, le 4 f\u00e9vrier 2026, n\u00b025\/03793","author":"Kohen","date":"28 de Abril, 2026","format":false,"excerpt":"Le tribunal judiciaire de Draguignan, dans un jugement r\u00e9put\u00e9 contradictoire du 4 f\u00e9vrier 2026, a statu\u00e9 sur l'action en garantie des vices cach\u00e9s intent\u00e9e p...","rel":"","context":"In &quot;Jurisprudence&quot;","block_context":{"text":"Jurisprudence","link":"https:\/\/kohenavocats.com\/category\/jurisprudence\/"},"img":{"alt_text":"","src":"https:\/\/i0.wp.com\/kohenavocats.com\/wp-content\/uploads\/2024\/11\/viktor-forgacs-5j8nd3QpRbo-unsplash.webp?resize=350%2C200&ssl=1","width":350,"height":200,"srcset":"https:\/\/i0.wp.com\/kohenavocats.com\/wp-content\/uploads\/2024\/11\/viktor-forgacs-5j8nd3QpRbo-unsplash.webp?resize=350%2C200&ssl=1 1x, https:\/\/i0.wp.com\/kohenavocats.com\/wp-content\/uploads\/2024\/11\/viktor-forgacs-5j8nd3QpRbo-unsplash.webp?resize=525%2C300&ssl=1 1.5x, https:\/\/i0.wp.com\/kohenavocats.com\/wp-content\/uploads\/2024\/11\/viktor-forgacs-5j8nd3QpRbo-unsplash.webp?resize=700%2C400&ssl=1 2x, https:\/\/i0.wp.com\/kohenavocats.com\/wp-content\/uploads\/2024\/11\/viktor-forgacs-5j8nd3QpRbo-unsplash.webp?resize=1050%2C600&ssl=1 3x, https:\/\/i0.wp.com\/kohenavocats.com\/wp-content\/uploads\/2024\/11\/viktor-forgacs-5j8nd3QpRbo-unsplash.webp?resize=1400%2C800&ssl=1 4x"},"classes":[]},{"id":794162,"url":"https:\/\/kohenavocats.com\/pt-pt\/tribunal-judiciaire-de-angers-le-11-decembre-2025-n25-01507\/","url_meta":{"origin":670390,"position":3},"title":"Tribunal judiciaire de Angers, le 11 d\u00e9cembre 2025, n\u00b025\/01507","author":"Kohen","date":"1 de Maio, 2026","format":false,"excerpt":"Le tribunal judiciaire d\u2019Angers, dans un jugement r\u00e9put\u00e9 contradictoire du 11 d\u00e9cembre 2025, a prononc\u00e9 la r\u00e9solution d\u2019une vente de v\u00e9hicule d\u2019occasion pour...","rel":"","context":"In &quot;Jurisprudence&quot;","block_context":{"text":"Jurisprudence","link":"https:\/\/kohenavocats.com\/category\/jurisprudence\/"},"img":{"alt_text":"","src":"https:\/\/i0.wp.com\/kohenavocats.com\/wp-content\/uploads\/2024\/08\/wei-hunag-0qGqvY7BA2g-unsplash.webp?resize=350%2C200&ssl=1","width":350,"height":200,"srcset":"https:\/\/i0.wp.com\/kohenavocats.com\/wp-content\/uploads\/2024\/08\/wei-hunag-0qGqvY7BA2g-unsplash.webp?resize=350%2C200&ssl=1 1x, https:\/\/i0.wp.com\/kohenavocats.com\/wp-content\/uploads\/2024\/08\/wei-hunag-0qGqvY7BA2g-unsplash.webp?resize=525%2C300&ssl=1 1.5x, https:\/\/i0.wp.com\/kohenavocats.com\/wp-content\/uploads\/2024\/08\/wei-hunag-0qGqvY7BA2g-unsplash.webp?resize=700%2C400&ssl=1 2x, https:\/\/i0.wp.com\/kohenavocats.com\/wp-content\/uploads\/2024\/08\/wei-hunag-0qGqvY7BA2g-unsplash.webp?resize=1050%2C600&ssl=1 3x, https:\/\/i0.wp.com\/kohenavocats.com\/wp-content\/uploads\/2024\/08\/wei-hunag-0qGqvY7BA2g-unsplash.webp?resize=1400%2C800&ssl=1 4x"},"classes":[]},{"id":727009,"url":"https:\/\/kohenavocats.com\/pt-pt\/tribunal-judiciaire-de-saint-etienne-le-4-fevrier-2026-n25-00849\/","url_meta":{"origin":670390,"position":4},"title":"Tribunal judiciaire de Saint-\u00c9tienne, le 4 f\u00e9vrier 2026, n\u00b025\/00849","author":"Kohen","date":"28 de Abril, 2026","format":false,"excerpt":"Le tribunal judiciaire de Saint-\u00c9tienne, dans un jugement r\u00e9put\u00e9 contradictoire du 4 f\u00e9vrier 2026, a prononc\u00e9 la r\u00e9solution d'une vente automobile pour vice ...","rel":"","context":"In &quot;Jurisprudence&quot;","block_context":{"text":"Jurisprudence","link":"https:\/\/kohenavocats.com\/category\/jurisprudence\/"},"img":{"alt_text":"","src":"https:\/\/i0.wp.com\/kohenavocats.com\/wp-content\/uploads\/2024\/11\/getty-images-RvXjV3spXFA-unsplash.webp?resize=350%2C200&ssl=1","width":350,"height":200,"srcset":"https:\/\/i0.wp.com\/kohenavocats.com\/wp-content\/uploads\/2024\/11\/getty-images-RvXjV3spXFA-unsplash.webp?resize=350%2C200&ssl=1 1x, https:\/\/i0.wp.com\/kohenavocats.com\/wp-content\/uploads\/2024\/11\/getty-images-RvXjV3spXFA-unsplash.webp?resize=525%2C300&ssl=1 1.5x, https:\/\/i0.wp.com\/kohenavocats.com\/wp-content\/uploads\/2024\/11\/getty-images-RvXjV3spXFA-unsplash.webp?resize=700%2C400&ssl=1 2x, https:\/\/i0.wp.com\/kohenavocats.com\/wp-content\/uploads\/2024\/11\/getty-images-RvXjV3spXFA-unsplash.webp?resize=1050%2C600&ssl=1 3x, https:\/\/i0.wp.com\/kohenavocats.com\/wp-content\/uploads\/2024\/11\/getty-images-RvXjV3spXFA-unsplash.webp?resize=1400%2C800&ssl=1 4x"},"classes":[]},{"id":794455,"url":"https:\/\/kohenavocats.com\/pt-pt\/tribunal-judiciaire-de-lyon-le-11-decembre-2025-n25-02807-2\/","url_meta":{"origin":670390,"position":5},"title":"Tribunal judiciaire de Lyon, le 11 d\u00e9cembre 2025, n\u00b025\/02807","author":"Kohen","date":"1 de Maio, 2026","format":false,"excerpt":"Le Tribunal judiciaire de Lyon, dans un jugement r\u00e9put\u00e9 contradictoire du 11 d\u00e9cembre 2025, a condamn\u00e9 le vendeur d\u2019un v\u00e9hicule d\u2019occasion \u00e0 indemniser l\u2019ach...","rel":"","context":"In &quot;Jurisprudence&quot;","block_context":{"text":"Jurisprudence","link":"https:\/\/kohenavocats.com\/category\/jurisprudence\/"},"img":{"alt_text":"","src":"https:\/\/i0.wp.com\/kohenavocats.com\/wp-content\/uploads\/2024\/11\/mohamed-nohassi-wHmB_RPpurI-unsplash.webp?resize=350%2C200&ssl=1","width":350,"height":200,"srcset":"https:\/\/i0.wp.com\/kohenavocats.com\/wp-content\/uploads\/2024\/11\/mohamed-nohassi-wHmB_RPpurI-unsplash.webp?resize=350%2C200&ssl=1 1x, https:\/\/i0.wp.com\/kohenavocats.com\/wp-content\/uploads\/2024\/11\/mohamed-nohassi-wHmB_RPpurI-unsplash.webp?resize=525%2C300&ssl=1 1.5x, https:\/\/i0.wp.com\/kohenavocats.com\/wp-content\/uploads\/2024\/11\/mohamed-nohassi-wHmB_RPpurI-unsplash.webp?resize=700%2C400&ssl=1 2x, https:\/\/i0.wp.com\/kohenavocats.com\/wp-content\/uploads\/2024\/11\/mohamed-nohassi-wHmB_RPpurI-unsplash.webp?resize=1050%2C600&ssl=1 3x, https:\/\/i0.wp.com\/kohenavocats.com\/wp-content\/uploads\/2024\/11\/mohamed-nohassi-wHmB_RPpurI-unsplash.webp?resize=1400%2C800&ssl=1 4x"},"classes":[]}],"jetpack_sharing_enabled":true,"_links":{"self":[{"href":"https:\/\/kohenavocats.com\/pt-pt\/wp-json\/wp\/v2\/posts\/670390","targetHints":{"allow":["GET"]}}],"collection":[{"href":"https:\/\/kohenavocats.com\/pt-pt\/wp-json\/wp\/v2\/posts"}],"about":[{"href":"https:\/\/kohenavocats.com\/pt-pt\/wp-json\/wp\/v2\/types\/post"}],"author":[{"embeddable":true,"href":"https:\/\/kohenavocats.com\/pt-pt\/wp-json\/wp\/v2\/users\/232070755"}],"replies":[{"embeddable":true,"href":"https:\/\/kohenavocats.com\/pt-pt\/wp-json\/wp\/v2\/comments?post=670390"}],"version-history":[{"count":1,"href":"https:\/\/kohenavocats.com\/pt-pt\/wp-json\/wp\/v2\/posts\/670390\/revisions"}],"predecessor-version":[{"id":694495,"href":"https:\/\/kohenavocats.com\/pt-pt\/wp-json\/wp\/v2\/posts\/670390\/revisions\/694495"}],"wp:featuredmedia":[{"embeddable":true,"href":"https:\/\/kohenavocats.com\/pt-pt\/wp-json\/wp\/v2\/media\/9643"}],"wp:attachment":[{"href":"https:\/\/kohenavocats.com\/pt-pt\/wp-json\/wp\/v2\/media?parent=670390"}],"wp:term":[{"taxonomy":"category","embeddable":true,"href":"https:\/\/kohenavocats.com\/pt-pt\/wp-json\/wp\/v2\/categories?post=670390"},{"taxonomy":"post_tag","embeddable":true,"href":"https:\/\/kohenavocats.com\/pt-pt\/wp-json\/wp\/v2\/tags?post=670390"}],"curies":[{"name":"wp","href":"https:\/\/api.w.org\/{rel}","templated":true}]}}