{"id":670392,"date":"2026-04-24T07:46:29","date_gmt":"2026-04-24T05:46:29","guid":{"rendered":"https:\/\/kohenavocats.com\/tribunal-judiciaire-de-paris-le-18-septembre-2025-n24-01730\/"},"modified":"2026-04-26T16:35:18","modified_gmt":"2026-04-26T14:35:18","slug":"tribunal-judiciaire-de-paris-le-18-septembre-2025-n24-01730","status":"publish","type":"post","link":"https:\/\/kohenavocats.com\/pt-pt\/tribunal-judiciaire-de-paris-le-18-septembre-2025-n24-01730\/","title":{"rendered":"Tribunal judiciaire de Paris, le 18 septembre 2025, n\u00b024\/01730"},"content":{"rendered":"<div class=\"article-content\">\n<p>Le tribunal judiciaire de Paris, dans un jugement du 18 septembre 2025, statue sur les demandes de deux d\u00e9biteurs engag\u00e9s dans une proc\u00e9dure de surendettement. Ces derniers sollicitaient une m\u00e9diation et un report de paiement vis-\u00e0-vis d\u2019une <a href=\"https:\/\/kohenavocats.fr\/avocat-depot-garantie-paris\/\" target=\"_blank\" title=\"caution\">caution<\/a> ayant pay\u00e9 leur cr\u00e9ancier. Le tribunal rejette ces demandes et condamne les d\u00e9biteurs au remboursement de la caution, incluant frais et honoraires. La d\u00e9cision pr\u00e9cise les interactions entre le recours de la caution et les proc\u00e9dures de surendettement en cours.<\/p>\n<p>Le rejet des mesures de conciliation et d\u2019\u00e9talement<\/p>\n<p>L\u2019inopportunit\u00e9 des mesures sollicit\u00e9es face aux proc\u00e9dures collectives. Le tribunal \u00e9carte la demande de m\u00e9diation en raison de l\u2019opposition expresse du cr\u00e9ancier. Il motive son refus par l\u2019existence de mesures visant \u00e0 traiter les situations de surendettement. Cette solution rappelle que la m\u00e9diation n\u00e9cessite l\u2019adh\u00e9sion des parties et ne saurait \u00eatre impos\u00e9e. Elle souligne \u00e9galement la primaut\u00e9 des proc\u00e9dures structur\u00e9es de traitement du surendettement sur les initiatives individuelles.<\/p>\n<p>Le refus du report de paiement au titre de l\u2019article 1343-5 du code civil. Les d\u00e9biteurs invoquaient cette disposition pour obtenir un d\u00e9lai de deux ans. Le juge estime cette demande inopportune car ils b\u00e9n\u00e9ficient d\u00e9j\u00e0 d\u2019une proc\u00e9dure de surendettement. Cette derni\u00e8re interdit les mesures d\u2019ex\u00e9cution et impose la vente de leur bien immobilier. &#8220;L&#8217;octroi de d\u00e9lais suppl\u00e9mentaires dans le m\u00eame but serait de nature \u00e0 rendre inefficace le plan mis en place&#8221; (Motifs, point 3). Le juge \u00e9vite ainsi un double dispositif qui neutraliserait l\u2019efficacit\u00e9 du plan de la commission.<\/p>\n<p>La cons\u00e9cration des droits de la caution personne morale<\/p>\n<p>La reconnaissance du recours personnel de la caution incluant frais et honoraires. Le tribunal valide la cr\u00e9ance de la caution et son quantum, non contest\u00e9 par les d\u00e9biteurs. Il condamne ces derniers au paiement des honoraires d\u2019avocat et frais d\u2019hypoth\u00e8que. Il fonde express\u00e9ment cette condamnation sur l\u2019article 2308 du code civil. &#8220;Ces sommes sont recouvrables par la caution en application de l&#8217;article 2308 du Code civil qui dispose que la caution qui s&#8217;est acquitt\u00e9e de la dette d\u00e9tient un recours personnel contre le d\u00e9biteur tant pour les sommes pay\u00e9es pour les int\u00e9r\u00eats et les frais&#8221; (Motifs, point 2). Cette application stricte du texte garantit l\u2019indemnisation int\u00e9grale de la caution.<\/p>\n<p>L\u2019absence d\u2019opposabilit\u00e9 des mesures de surendettement \u00e0 la caution ayant pay\u00e9. La d\u00e9cision sous-entend que le plan en cours ne fait pas obstacle au recours. Cette analyse rejoint la jurisprudence r\u00e9cente de la premi\u00e8re chambre civile. &#8220;En statuant ainsi, alors que les mesures de r\u00e9\u00e9chelonnement des dettes de la d\u00e9bitrice par un plan de surendettement ne sont pas opposables \u00e0 la caution qui, ayant pay\u00e9 le cr\u00e9ancier apr\u00e8s l&#8217;<a href=\"https:\/\/kohenavocats.com\/avocats-droit-famille-paris\/avocats-adoption-paris\/\" target=\"_blank\" title=\"adoption\">adoption<\/a> du plan, exerce son recours personnel, la cour d&#8217;appel a viol\u00e9 le texte susvis\u00e9&#8221; (Cass. Premi\u00e8re chambre civile, le 4 avril 2024, n\u00b022-18.822). Le jugement confirme ainsi l\u2019autonomie du recours de la caution, non li\u00e9e par les am\u00e9nagements consentis au d\u00e9biteur principal.<\/p>\n<p>Ce jugement op\u00e8re une clarification pragmatique des rapports entre cautionnement et surendettement. Il affirme avec force les droits de la caution personne morale, dont le recours personnel reste pleinement effectif. Il rappelle simultan\u00e9ment la coh\u00e9rence n\u00e9cessaire des proc\u00e9dures, emp\u00eachant le cumul de dispositifs concurrents. Cette position assure l\u2019\u00e9quilibre entre la protection du d\u00e9biteur et la s\u00e9curit\u00e9 des engagements de caution.<\/p>\n<\/div>\n","protected":false},"excerpt":{"rendered":"<p>Le tribunal judiciaire de Paris, dans un jugement du 18 septembre 2025, statue sur les demandes de deux d\u00e9biteurs engag\u00e9s dans une proc\u00e9dure de surendettemen&#8230;<\/p>\n","protected":false},"author":232070755,"featured_media":9442,"comment_status":"open","ping_status":"open","sticky":false,"template":"","format":"standard","meta":{"_crdt_document":"","_jetpack_newsletter_access":"","_jetpack_dont_email_post_to_subs":false,"_jetpack_newsletter_tier_id":0,"_jetpack_memberships_contains_paywalled_content":false,"_kj_source_type":"judilibre","_kj_official_id":"68f92cc7de0ebe408daa007c","_kj_official_url":"https:\/\/www.courdecassation.fr\/decision\/68f92cc7de0ebe408daa007c","_kj_judilibre_id":"68f92cc7de0ebe408daa007c","_kj_jur":"Tribunal judiciaire","_kj_lieu":"Tribunal judiciaire de B\u00e9ziers","_kj_chambre":"Chambre 1 Section 9","_kj_rg":"24\/01730","_kj_date":"2025-09-18","_jetpack_memberships_contains_paid_content":false,"footnotes":"","jetpack_post_was_ever_published":false},"categories":[7096,6581,6719,7597],"tags":[],"class_list":["post-670392","post","type-post","status-publish","format-standard","has-post-thumbnail","hentry","category-code-des-assurances","category-droit-de-la-famille","category-famille","category-jurisprudence"],"yoast_head":"<!-- This site is optimized with the Yoast SEO Premium plugin v27.5 (Yoast SEO v27.5) - https:\/\/yoast.com\/product\/yoast-seo-premium-wordpress\/ -->\n<title>Tribunal judiciaire de Paris, le 18 septembre 2025, n\u00b024\/01730 - Ma\u00eetre Hassan Kohen, avocat en droit p\u00e9nal \u00e0 Paris<\/title>\n<meta name=\"description\" content=\"Le tribunal judiciaire de Paris, dans un jugement du 18 septembre 2025, statue sur les demandes de deux d\u00e9biteurs engag\u00e9s dans une proc\u00e9dure de surendettemen...\" \/>\n<meta name=\"robots\" content=\"index, follow, max-snippet:-1, max-image-preview:large, max-video-preview:-1\" \/>\n<link rel=\"canonical\" href=\"https:\/\/kohenavocats.com\/pt-pt\/tribunal-judiciaire-de-paris-le-18-septembre-2025-n24-01730\/\" \/>\n<meta property=\"og:locale\" content=\"pt_PT\" \/>\n<meta property=\"og:type\" content=\"article\" \/>\n<meta property=\"og:title\" content=\"Tribunal judiciaire de Paris, le 18 septembre 2025, n\u00b024\/01730\" \/>\n<meta property=\"og:description\" content=\"Le tribunal judiciaire de Paris, dans un jugement du 18 septembre 2025, statue sur les demandes de deux d\u00e9biteurs engag\u00e9s dans une proc\u00e9dure de surendettemen...\" \/>\n<meta property=\"og:url\" content=\"https:\/\/kohenavocats.com\/pt-pt\/tribunal-judiciaire-de-paris-le-18-septembre-2025-n24-01730\/\" \/>\n<meta property=\"og:site_name\" content=\"Ma\u00eetre Hassan Kohen, avocat en droit p\u00e9nal \u00e0 Paris\" \/>\n<meta property=\"article:published_time\" content=\"2026-04-24T05:46:29+00:00\" \/>\n<meta property=\"article:modified_time\" content=\"2026-04-26T14:35:18+00:00\" \/>\n<meta property=\"og:image\" content=\"https:\/\/kohenavocats.com\/wp-content\/uploads\/2024\/11\/viktor-forgacs-5j8nd3QpRbo-unsplash.webp\" \/>\n\t<meta property=\"og:image:width\" content=\"3456\" \/>\n\t<meta property=\"og:image:height\" content=\"2444\" \/>\n\t<meta property=\"og:image:type\" content=\"image\/webp\" \/>\n<meta name=\"author\" content=\"Kohen\" \/>\n<meta name=\"twitter:card\" content=\"summary_large_image\" \/>\n<meta name=\"twitter:label1\" content=\"Escrito por\" \/>\n\t<meta name=\"twitter:data1\" content=\"Kohen\" \/>\n\t<meta name=\"twitter:label2\" content=\"Tempo estimado de leitura\" \/>\n\t<meta name=\"twitter:data2\" content=\"3 minutos\" \/>\n<script type=\"application\/ld+json\" class=\"yoast-schema-graph\">{\"@context\":\"https:\\\/\\\/schema.org\",\"@graph\":[{\"@type\":\"Article\",\"@id\":\"https:\\\/\\\/kohenavocats.com\\\/pt-pt\\\/tribunal-judiciaire-de-paris-le-18-septembre-2025-n24-01730\\\/#article\",\"isPartOf\":{\"@id\":\"https:\\\/\\\/kohenavocats.com\\\/pt-pt\\\/tribunal-judiciaire-de-paris-le-18-septembre-2025-n24-01730\\\/\"},\"author\":{\"name\":\"Kohen\",\"@id\":\"https:\\\/\\\/kohenavocats.com\\\/pt-pt\\\/#\\\/schema\\\/person\\\/761c9ba54fa1ca84d405cef0831ff751\"},\"headline\":\"Tribunal judiciaire de Paris, le 18 septembre 2025, n\u00b024\\\/01730\",\"datePublished\":\"2026-04-24T05:46:29+00:00\",\"dateModified\":\"2026-04-26T14:35:18+00:00\",\"mainEntityOfPage\":{\"@id\":\"https:\\\/\\\/kohenavocats.com\\\/pt-pt\\\/tribunal-judiciaire-de-paris-le-18-septembre-2025-n24-01730\\\/\"},\"wordCount\":615,\"commentCount\":0,\"publisher\":{\"@id\":\"https:\\\/\\\/kohenavocats.com\\\/pt-pt\\\/#organization\"},\"image\":{\"@id\":\"https:\\\/\\\/kohenavocats.com\\\/pt-pt\\\/tribunal-judiciaire-de-paris-le-18-septembre-2025-n24-01730\\\/#primaryimage\"},\"thumbnailUrl\":\"https:\\\/\\\/kohenavocats.com\\\/wp-content\\\/uploads\\\/2024\\\/11\\\/viktor-forgacs-5j8nd3QpRbo-unsplash.webp\",\"articleSection\":[\"Code des assurances\",\"Droit de la Famille\",\"Famille\",\"Jurisprudence\"],\"inLanguage\":\"pt-PT\",\"potentialAction\":[{\"@type\":\"CommentAction\",\"name\":\"Comment\",\"target\":[\"https:\\\/\\\/kohenavocats.com\\\/pt-pt\\\/tribunal-judiciaire-de-paris-le-18-septembre-2025-n24-01730\\\/#respond\"]}],\"citation\":\"Tribunal judiciaire de Paris, le 18 septembre 2025, n\u00b024\\\/01730\",\"about\":[{\"@type\":\"Thing\",\"name\":\"Code des assurances\"},{\"@type\":\"Thing\",\"name\":\"Droit de la Famille\"},{\"@type\":\"Thing\",\"name\":\"Famille\"},{\"@type\":\"Thing\",\"name\":\"Jurisprudence\"}],\"speakable\":{\"@type\":\"SpeakableSpecification\",\"cssSelector\":[\".article-content > p:first-of-type\"]}},{\"@type\":\"WebPage\",\"@id\":\"https:\\\/\\\/kohenavocats.com\\\/pt-pt\\\/tribunal-judiciaire-de-paris-le-18-septembre-2025-n24-01730\\\/\",\"url\":\"https:\\\/\\\/kohenavocats.com\\\/pt-pt\\\/tribunal-judiciaire-de-paris-le-18-septembre-2025-n24-01730\\\/\",\"name\":\"Tribunal judiciaire de Paris, le 18 septembre 2025, n\u00b024\\\/01730 - Ma\u00eetre Hassan Kohen, avocat en droit p\u00e9nal \u00e0 Paris\",\"isPartOf\":{\"@id\":\"https:\\\/\\\/kohenavocats.com\\\/pt-pt\\\/#website\"},\"primaryImageOfPage\":{\"@id\":\"https:\\\/\\\/kohenavocats.com\\\/pt-pt\\\/tribunal-judiciaire-de-paris-le-18-septembre-2025-n24-01730\\\/#primaryimage\"},\"image\":{\"@id\":\"https:\\\/\\\/kohenavocats.com\\\/pt-pt\\\/tribunal-judiciaire-de-paris-le-18-septembre-2025-n24-01730\\\/#primaryimage\"},\"thumbnailUrl\":\"https:\\\/\\\/kohenavocats.com\\\/wp-content\\\/uploads\\\/2024\\\/11\\\/viktor-forgacs-5j8nd3QpRbo-unsplash.webp\",\"datePublished\":\"2026-04-24T05:46:29+00:00\",\"dateModified\":\"2026-04-26T14:35:18+00:00\",\"description\":\"Le tribunal judiciaire de Paris, dans un jugement du 18 septembre 2025, statue sur les demandes de deux d\u00e9biteurs engag\u00e9s dans une proc\u00e9dure de surendettemen...\",\"breadcrumb\":{\"@id\":\"https:\\\/\\\/kohenavocats.com\\\/pt-pt\\\/tribunal-judiciaire-de-paris-le-18-septembre-2025-n24-01730\\\/#breadcrumb\"},\"inLanguage\":\"pt-PT\",\"potentialAction\":[{\"@type\":\"ReadAction\",\"target\":[\"https:\\\/\\\/kohenavocats.com\\\/pt-pt\\\/tribunal-judiciaire-de-paris-le-18-septembre-2025-n24-01730\\\/\"]}]},{\"@type\":\"ImageObject\",\"inLanguage\":\"pt-PT\",\"@id\":\"https:\\\/\\\/kohenavocats.com\\\/pt-pt\\\/tribunal-judiciaire-de-paris-le-18-septembre-2025-n24-01730\\\/#primaryimage\",\"url\":\"https:\\\/\\\/kohenavocats.com\\\/wp-content\\\/uploads\\\/2024\\\/11\\\/viktor-forgacs-5j8nd3QpRbo-unsplash.webp\",\"contentUrl\":\"https:\\\/\\\/kohenavocats.com\\\/wp-content\\\/uploads\\\/2024\\\/11\\\/viktor-forgacs-5j8nd3QpRbo-unsplash.webp\",\"width\":3456,\"height\":2444},{\"@type\":\"BreadcrumbList\",\"@id\":\"https:\\\/\\\/kohenavocats.com\\\/pt-pt\\\/tribunal-judiciaire-de-paris-le-18-septembre-2025-n24-01730\\\/#breadcrumb\",\"itemListElement\":[{\"@type\":\"ListItem\",\"position\":1,\"name\":\"Home\",\"item\":\"https:\\\/\\\/kohenavocats.com\\\/pt-pt\\\/avocats-en-droit-penal-a-paris-conseil-et-defense-strategique\\\/\"},{\"@type\":\"ListItem\",\"position\":2,\"name\":\"Tribunal judiciaire de Paris, le 18 septembre 2025, n\u00b024\\\/01730\"}]},{\"@type\":\"WebSite\",\"@id\":\"https:\\\/\\\/kohenavocats.com\\\/pt-pt\\\/#website\",\"url\":\"https:\\\/\\\/kohenavocats.com\\\/pt-pt\\\/\",\"name\":\"Kohen Avocats\",\"description\":\"Ma\u00eetre Hassan Kohen, avocat p\u00e9naliste \u00e0 Paris, intervient exclusivement en droit p\u00e9nal pour la d\u00e9fense des particuliers, notamment en mati\u00e8re d\u2019accusations de viol. Il assure un accompagnement rigoureux d\u00e8s la garde \u00e0 vue jusqu\u2019\u00e0 la Cour d\u2019assises, veillant au strict respect des garanties proc\u00e9durales.\",\"publisher\":{\"@id\":\"https:\\\/\\\/kohenavocats.com\\\/pt-pt\\\/#organization\"},\"potentialAction\":[{\"@type\":\"SearchAction\",\"target\":{\"@type\":\"EntryPoint\",\"urlTemplate\":\"https:\\\/\\\/kohenavocats.com\\\/pt-pt\\\/?s={search_term_string}\"},\"query-input\":{\"@type\":\"PropertyValueSpecification\",\"valueRequired\":true,\"valueName\":\"search_term_string\"}}],\"inLanguage\":\"pt-PT\"},{\"@type\":\"Organization\",\"@id\":\"https:\\\/\\\/kohenavocats.com\\\/pt-pt\\\/#organization\",\"name\":\"Kohen Avocats\",\"url\":\"https:\\\/\\\/kohenavocats.com\\\/pt-pt\\\/\",\"logo\":{\"@type\":\"ImageObject\",\"inLanguage\":\"pt-PT\",\"@id\":\"https:\\\/\\\/kohenavocats.com\\\/pt-pt\\\/#\\\/schema\\\/logo\\\/image\\\/\",\"url\":\"https:\\\/\\\/kohenavocats.com\\\/wp-content\\\/uploads\\\/2026\\\/01\\\/Logo-2-1.webp\",\"contentUrl\":\"https:\\\/\\\/kohenavocats.com\\\/wp-content\\\/uploads\\\/2026\\\/01\\\/Logo-2-1.webp\",\"width\":2114,\"height\":1253,\"caption\":\"Kohen Avocats\"},\"image\":{\"@id\":\"https:\\\/\\\/kohenavocats.com\\\/pt-pt\\\/#\\\/schema\\\/logo\\\/image\\\/\"}},{\"@type\":\"Person\",\"@id\":\"https:\\\/\\\/kohenavocats.com\\\/pt-pt\\\/#\\\/schema\\\/person\\\/761c9ba54fa1ca84d405cef0831ff751\",\"name\":\"Kohen\",\"image\":{\"@type\":\"ImageObject\",\"inLanguage\":\"pt-PT\",\"@id\":\"https:\\\/\\\/secure.gravatar.com\\\/avatar\\\/1c5e76ef76bbbfdd2b4da984e2bf2fa4056fd51a27d25ce2c332047f1dfd6e00?s=96&d=identicon&r=g\",\"url\":\"https:\\\/\\\/secure.gravatar.com\\\/avatar\\\/1c5e76ef76bbbfdd2b4da984e2bf2fa4056fd51a27d25ce2c332047f1dfd6e00?s=96&d=identicon&r=g\",\"contentUrl\":\"https:\\\/\\\/secure.gravatar.com\\\/avatar\\\/1c5e76ef76bbbfdd2b4da984e2bf2fa4056fd51a27d25ce2c332047f1dfd6e00?s=96&d=identicon&r=g\",\"caption\":\"Kohen\"},\"sameAs\":[\"https:\\\/\\\/www.linkedin.com\\\/in\\\/hassan-kohen-448548192\\\/\",\"https:\\\/\\\/www.youtube.com\\\/@Kohen-Avocats\"],\"url\":\"https:\\\/\\\/kohenavocats.com\\\/pt-pt\\\/author\\\/kohenmlk\\\/\"}]}<\/script>\n<!-- \/ Yoast SEO Premium plugin. -->","yoast_head_json":{"title":"Tribunal judiciaire de Paris, le 18 septembre 2025, n\u00b024\/01730 - Ma\u00eetre Hassan Kohen, avocat en droit p\u00e9nal \u00e0 Paris","description":"Le tribunal judiciaire de Paris, dans un jugement du 18 septembre 2025, statue sur les demandes de deux d\u00e9biteurs engag\u00e9s dans une proc\u00e9dure de surendettemen...","robots":{"index":"index","follow":"follow","max-snippet":"max-snippet:-1","max-image-preview":"max-image-preview:large","max-video-preview":"max-video-preview:-1"},"canonical":"https:\/\/kohenavocats.com\/pt-pt\/tribunal-judiciaire-de-paris-le-18-septembre-2025-n24-01730\/","og_locale":"pt_PT","og_type":"article","og_title":"Tribunal judiciaire de Paris, le 18 septembre 2025, n\u00b024\/01730","og_description":"Le tribunal judiciaire de Paris, dans un jugement du 18 septembre 2025, statue sur les demandes de deux d\u00e9biteurs engag\u00e9s dans une proc\u00e9dure de surendettemen...","og_url":"https:\/\/kohenavocats.com\/pt-pt\/tribunal-judiciaire-de-paris-le-18-septembre-2025-n24-01730\/","og_site_name":"Ma\u00eetre Hassan Kohen, avocat en droit p\u00e9nal \u00e0 Paris","article_published_time":"2026-04-24T05:46:29+00:00","article_modified_time":"2026-04-26T14:35:18+00:00","og_image":[{"width":3456,"height":2444,"url":"https:\/\/kohenavocats.com\/wp-content\/uploads\/2024\/11\/viktor-forgacs-5j8nd3QpRbo-unsplash.webp","type":"image\/webp"}],"author":"Kohen","twitter_card":"summary_large_image","twitter_misc":{"Escrito por":"Kohen","Tempo estimado de leitura":"3 minutos"},"schema":{"@context":"https:\/\/schema.org","@graph":[{"@type":"Article","@id":"https:\/\/kohenavocats.com\/pt-pt\/tribunal-judiciaire-de-paris-le-18-septembre-2025-n24-01730\/#article","isPartOf":{"@id":"https:\/\/kohenavocats.com\/pt-pt\/tribunal-judiciaire-de-paris-le-18-septembre-2025-n24-01730\/"},"author":{"name":"Kohen","@id":"https:\/\/kohenavocats.com\/pt-pt\/#\/schema\/person\/761c9ba54fa1ca84d405cef0831ff751"},"headline":"Tribunal judiciaire de Paris, le 18 septembre 2025, n\u00b024\/01730","datePublished":"2026-04-24T05:46:29+00:00","dateModified":"2026-04-26T14:35:18+00:00","mainEntityOfPage":{"@id":"https:\/\/kohenavocats.com\/pt-pt\/tribunal-judiciaire-de-paris-le-18-septembre-2025-n24-01730\/"},"wordCount":615,"commentCount":0,"publisher":{"@id":"https:\/\/kohenavocats.com\/pt-pt\/#organization"},"image":{"@id":"https:\/\/kohenavocats.com\/pt-pt\/tribunal-judiciaire-de-paris-le-18-septembre-2025-n24-01730\/#primaryimage"},"thumbnailUrl":"https:\/\/kohenavocats.com\/wp-content\/uploads\/2024\/11\/viktor-forgacs-5j8nd3QpRbo-unsplash.webp","articleSection":["Code des assurances","Droit de la Famille","Famille","Jurisprudence"],"inLanguage":"pt-PT","potentialAction":[{"@type":"CommentAction","name":"Comment","target":["https:\/\/kohenavocats.com\/pt-pt\/tribunal-judiciaire-de-paris-le-18-septembre-2025-n24-01730\/#respond"]}],"citation":"Tribunal judiciaire de Paris, le 18 septembre 2025, n\u00b024\/01730","about":[{"@type":"Thing","name":"Code des assurances"},{"@type":"Thing","name":"Droit de la Famille"},{"@type":"Thing","name":"Famille"},{"@type":"Thing","name":"Jurisprudence"}],"speakable":{"@type":"SpeakableSpecification","cssSelector":[".article-content > p:first-of-type"]}},{"@type":"WebPage","@id":"https:\/\/kohenavocats.com\/pt-pt\/tribunal-judiciaire-de-paris-le-18-septembre-2025-n24-01730\/","url":"https:\/\/kohenavocats.com\/pt-pt\/tribunal-judiciaire-de-paris-le-18-septembre-2025-n24-01730\/","name":"Tribunal judiciaire de Paris, le 18 septembre 2025, n\u00b024\/01730 - Ma\u00eetre Hassan Kohen, avocat en droit p\u00e9nal \u00e0 Paris","isPartOf":{"@id":"https:\/\/kohenavocats.com\/pt-pt\/#website"},"primaryImageOfPage":{"@id":"https:\/\/kohenavocats.com\/pt-pt\/tribunal-judiciaire-de-paris-le-18-septembre-2025-n24-01730\/#primaryimage"},"image":{"@id":"https:\/\/kohenavocats.com\/pt-pt\/tribunal-judiciaire-de-paris-le-18-septembre-2025-n24-01730\/#primaryimage"},"thumbnailUrl":"https:\/\/kohenavocats.com\/wp-content\/uploads\/2024\/11\/viktor-forgacs-5j8nd3QpRbo-unsplash.webp","datePublished":"2026-04-24T05:46:29+00:00","dateModified":"2026-04-26T14:35:18+00:00","description":"Le tribunal judiciaire de Paris, dans un jugement du 18 septembre 2025, statue sur les demandes de deux d\u00e9biteurs engag\u00e9s dans une proc\u00e9dure de surendettemen...","breadcrumb":{"@id":"https:\/\/kohenavocats.com\/pt-pt\/tribunal-judiciaire-de-paris-le-18-septembre-2025-n24-01730\/#breadcrumb"},"inLanguage":"pt-PT","potentialAction":[{"@type":"ReadAction","target":["https:\/\/kohenavocats.com\/pt-pt\/tribunal-judiciaire-de-paris-le-18-septembre-2025-n24-01730\/"]}]},{"@type":"ImageObject","inLanguage":"pt-PT","@id":"https:\/\/kohenavocats.com\/pt-pt\/tribunal-judiciaire-de-paris-le-18-septembre-2025-n24-01730\/#primaryimage","url":"https:\/\/kohenavocats.com\/wp-content\/uploads\/2024\/11\/viktor-forgacs-5j8nd3QpRbo-unsplash.webp","contentUrl":"https:\/\/kohenavocats.com\/wp-content\/uploads\/2024\/11\/viktor-forgacs-5j8nd3QpRbo-unsplash.webp","width":3456,"height":2444},{"@type":"BreadcrumbList","@id":"https:\/\/kohenavocats.com\/pt-pt\/tribunal-judiciaire-de-paris-le-18-septembre-2025-n24-01730\/#breadcrumb","itemListElement":[{"@type":"ListItem","position":1,"name":"Home","item":"https:\/\/kohenavocats.com\/pt-pt\/avocats-en-droit-penal-a-paris-conseil-et-defense-strategique\/"},{"@type":"ListItem","position":2,"name":"Tribunal judiciaire de Paris, le 18 septembre 2025, n\u00b024\/01730"}]},{"@type":"WebSite","@id":"https:\/\/kohenavocats.com\/pt-pt\/#website","url":"https:\/\/kohenavocats.com\/pt-pt\/","name":"Kohen Avocats","description":"Ma\u00eetre Hassan Kohen, avocat p\u00e9naliste \u00e0 Paris, intervient exclusivement en droit p\u00e9nal pour la d\u00e9fense des particuliers, notamment en mati\u00e8re d\u2019accusations de viol. Il assure un accompagnement rigoureux d\u00e8s la garde \u00e0 vue jusqu\u2019\u00e0 la Cour d\u2019assises, veillant au strict respect des garanties proc\u00e9durales.","publisher":{"@id":"https:\/\/kohenavocats.com\/pt-pt\/#organization"},"potentialAction":[{"@type":"SearchAction","target":{"@type":"EntryPoint","urlTemplate":"https:\/\/kohenavocats.com\/pt-pt\/?s={search_term_string}"},"query-input":{"@type":"PropertyValueSpecification","valueRequired":true,"valueName":"search_term_string"}}],"inLanguage":"pt-PT"},{"@type":"Organization","@id":"https:\/\/kohenavocats.com\/pt-pt\/#organization","name":"Kohen Avocats","url":"https:\/\/kohenavocats.com\/pt-pt\/","logo":{"@type":"ImageObject","inLanguage":"pt-PT","@id":"https:\/\/kohenavocats.com\/pt-pt\/#\/schema\/logo\/image\/","url":"https:\/\/kohenavocats.com\/wp-content\/uploads\/2026\/01\/Logo-2-1.webp","contentUrl":"https:\/\/kohenavocats.com\/wp-content\/uploads\/2026\/01\/Logo-2-1.webp","width":2114,"height":1253,"caption":"Kohen Avocats"},"image":{"@id":"https:\/\/kohenavocats.com\/pt-pt\/#\/schema\/logo\/image\/"}},{"@type":"Person","@id":"https:\/\/kohenavocats.com\/pt-pt\/#\/schema\/person\/761c9ba54fa1ca84d405cef0831ff751","name":"Kohen","image":{"@type":"ImageObject","inLanguage":"pt-PT","@id":"https:\/\/secure.gravatar.com\/avatar\/1c5e76ef76bbbfdd2b4da984e2bf2fa4056fd51a27d25ce2c332047f1dfd6e00?s=96&d=identicon&r=g","url":"https:\/\/secure.gravatar.com\/avatar\/1c5e76ef76bbbfdd2b4da984e2bf2fa4056fd51a27d25ce2c332047f1dfd6e00?s=96&d=identicon&r=g","contentUrl":"https:\/\/secure.gravatar.com\/avatar\/1c5e76ef76bbbfdd2b4da984e2bf2fa4056fd51a27d25ce2c332047f1dfd6e00?s=96&d=identicon&r=g","caption":"Kohen"},"sameAs":["https:\/\/www.linkedin.com\/in\/hassan-kohen-448548192\/","https:\/\/www.youtube.com\/@Kohen-Avocats"],"url":"https:\/\/kohenavocats.com\/pt-pt\/author\/kohenmlk\/"}]}},"jetpack_featured_media_url":"https:\/\/kohenavocats.com\/wp-content\/uploads\/2024\/11\/viktor-forgacs-5j8nd3QpRbo-unsplash.webp","jetpack_likes_enabled":false,"jetpack_shortlink":"https:\/\/wp.me\/peCrII-2OoM","jetpack-related-posts":[{"id":228811,"url":"https:\/\/kohenavocats.com\/pt-pt\/cour-dappel-de-paris-le-4-septembre-2025-n24-09064\/","url_meta":{"origin":670392,"position":0},"title":"Cour d&#8217;appel de Paris, le 4 septembre 2025, n\u00b024\/09064","author":"Kohen","date":"27 de Dezembro, 2025","format":false,"excerpt":"La Cour d\u2019appel de Paris, 4 septembre 2025, statue sur des mesures d\u2019ex\u00e9cution pratiqu\u00e9es \u00e0 l\u2019encontre de cautions d\u2019un bail commercial. Le contrat, re\u00e7u en la forme authentique le 14 juin 2019, pr\u00e9voyait un engagement de caution solidaire des dettes locatives. Le locataire a \u00e9t\u00e9 plac\u00e9 en redressement, puis en\u2026","rel":"","context":"In &quot;Cour d'appel&quot;","block_context":{"text":"Cour d'appel","link":"https:\/\/kohenavocats.com\/category\/cour-dappel\/"},"img":{"alt_text":"","src":"https:\/\/i0.wp.com\/kohenavocats.com\/wp-content\/uploads\/2024\/11\/laura-adai-0p4nLd2m-As-unsplash.webp?resize=350%2C200&ssl=1","width":350,"height":200,"srcset":"https:\/\/i0.wp.com\/kohenavocats.com\/wp-content\/uploads\/2024\/11\/laura-adai-0p4nLd2m-As-unsplash.webp?resize=350%2C200&ssl=1 1x, https:\/\/i0.wp.com\/kohenavocats.com\/wp-content\/uploads\/2024\/11\/laura-adai-0p4nLd2m-As-unsplash.webp?resize=525%2C300&ssl=1 1.5x, https:\/\/i0.wp.com\/kohenavocats.com\/wp-content\/uploads\/2024\/11\/laura-adai-0p4nLd2m-As-unsplash.webp?resize=700%2C400&ssl=1 2x, https:\/\/i0.wp.com\/kohenavocats.com\/wp-content\/uploads\/2024\/11\/laura-adai-0p4nLd2m-As-unsplash.webp?resize=1050%2C600&ssl=1 3x, https:\/\/i0.wp.com\/kohenavocats.com\/wp-content\/uploads\/2024\/11\/laura-adai-0p4nLd2m-As-unsplash.webp?resize=1400%2C800&ssl=1 4x"},"classes":[]},{"id":726889,"url":"https:\/\/kohenavocats.com\/pt-pt\/tribunal-judiciaire-de-draguignan-le-4-fevrier-2026-n24-00707\/","url_meta":{"origin":670392,"position":1},"title":"Tribunal judiciaire de Draguignan, le 4 f\u00e9vrier 2026, n\u00b024\/00707","author":"Kohen","date":"28 de Abril, 2026","format":false,"excerpt":"Le tribunal judiciaire de Draguignan, dans un jugement du 4 f\u00e9vrier 2026, \u00e9tait saisi d\u2019une action en paiement intent\u00e9e par une soci\u00e9t\u00e9 de cautionnement cont...","rel":"","context":"In &quot;Jurisprudence&quot;","block_context":{"text":"Jurisprudence","link":"https:\/\/kohenavocats.com\/category\/jurisprudence\/"},"img":{"alt_text":"","src":"https:\/\/i0.wp.com\/kohenavocats.com\/wp-content\/uploads\/2024\/11\/getty-images-KLAusgd2DI8-unsplash.webp?resize=350%2C200&ssl=1","width":350,"height":200,"srcset":"https:\/\/i0.wp.com\/kohenavocats.com\/wp-content\/uploads\/2024\/11\/getty-images-KLAusgd2DI8-unsplash.webp?resize=350%2C200&ssl=1 1x, https:\/\/i0.wp.com\/kohenavocats.com\/wp-content\/uploads\/2024\/11\/getty-images-KLAusgd2DI8-unsplash.webp?resize=525%2C300&ssl=1 1.5x, https:\/\/i0.wp.com\/kohenavocats.com\/wp-content\/uploads\/2024\/11\/getty-images-KLAusgd2DI8-unsplash.webp?resize=700%2C400&ssl=1 2x, https:\/\/i0.wp.com\/kohenavocats.com\/wp-content\/uploads\/2024\/11\/getty-images-KLAusgd2DI8-unsplash.webp?resize=1050%2C600&ssl=1 3x, https:\/\/i0.wp.com\/kohenavocats.com\/wp-content\/uploads\/2024\/11\/getty-images-KLAusgd2DI8-unsplash.webp?resize=1400%2C800&ssl=1 4x"},"classes":[]},{"id":304650,"url":"https:\/\/kohenavocats.com\/pt-pt\/tribunal-judiciaire-de-nanterre-le-18-juillet-2025-n23-09872\/","url_meta":{"origin":670392,"position":2},"title":"Tribunal judiciaire de Nanterre, le 18 juillet 2025, n\u00b023\/09872","author":"Kohen","date":"5 de Fevereiro, 2026","format":false,"excerpt":"Le pr\u00e9sent jugement statue sur le recours personnel exerc\u00e9 par une caution apr\u00e8s paiement de la dette principale. Il rappelle les conditions de ce recours et en pr\u00e9cise les effets \u00e0 l\u2019\u00e9gard de d\u00e9biteurs ayant fait l\u2019objet de mesures de traitement du surendettement. La d\u00e9cision rejette \u00e9galement une demande de\u2026","rel":"","context":"In &quot;D\u00e9cisions juridiques&quot;","block_context":{"text":"D\u00e9cisions juridiques","link":"https:\/\/kohenavocats.com\/category\/decisions-juridiques\/"},"img":{"alt_text":"","src":"https:\/\/i0.wp.com\/kohenavocats.com\/wp-content\/uploads\/2024\/08\/jan-zinnbauer-NeLDhX6pbxE-unsplash.webp?resize=350%2C200&ssl=1","width":350,"height":200,"srcset":"https:\/\/i0.wp.com\/kohenavocats.com\/wp-content\/uploads\/2024\/08\/jan-zinnbauer-NeLDhX6pbxE-unsplash.webp?resize=350%2C200&ssl=1 1x, https:\/\/i0.wp.com\/kohenavocats.com\/wp-content\/uploads\/2024\/08\/jan-zinnbauer-NeLDhX6pbxE-unsplash.webp?resize=525%2C300&ssl=1 1.5x, https:\/\/i0.wp.com\/kohenavocats.com\/wp-content\/uploads\/2024\/08\/jan-zinnbauer-NeLDhX6pbxE-unsplash.webp?resize=700%2C400&ssl=1 2x, https:\/\/i0.wp.com\/kohenavocats.com\/wp-content\/uploads\/2024\/08\/jan-zinnbauer-NeLDhX6pbxE-unsplash.webp?resize=1050%2C600&ssl=1 3x, https:\/\/i0.wp.com\/kohenavocats.com\/wp-content\/uploads\/2024\/08\/jan-zinnbauer-NeLDhX6pbxE-unsplash.webp?resize=1400%2C800&ssl=1 4x"},"classes":[]},{"id":33055,"url":"https:\/\/kohenavocats.com\/pt-pt\/cour-dappel-de-versailles-le-13-juin-2025-n23-00004\/","url_meta":{"origin":670392,"position":3},"title":"Cour d&#8217;appel de Versailles, le 13 juin 2025, n\u00b023\/00004","author":"Kohen","date":"5 de Novembro, 2025","format":false,"excerpt":"Cour d'appel de Versailles, 13 juin 2025, arr\u00eat rendu par d\u00e9faut en mati\u00e8re de surendettement des particuliers. Le litige na\u00eet d'une proc\u00e9dure engag\u00e9e par des d\u00e9biteurs, dont la situation a \u00e9t\u00e9 d\u00e9clar\u00e9e recevable par la commission comp\u00e9tente, puis trait\u00e9e par des mesures impos\u00e9es comprenant un r\u00e9\u00e9chelonnement et la vente de\u2026","rel":"","context":"In &quot;Cour d'appel&quot;","block_context":{"text":"Cour d'appel","link":"https:\/\/kohenavocats.com\/category\/cour-dappel\/"},"img":{"alt_text":"","src":"https:\/\/i0.wp.com\/kohenavocats.com\/wp-content\/uploads\/2024\/11\/virginia-marinova-3UfkjHxVch0-unsplash.webp?resize=350%2C200&ssl=1","width":350,"height":200,"srcset":"https:\/\/i0.wp.com\/kohenavocats.com\/wp-content\/uploads\/2024\/11\/virginia-marinova-3UfkjHxVch0-unsplash.webp?resize=350%2C200&ssl=1 1x, https:\/\/i0.wp.com\/kohenavocats.com\/wp-content\/uploads\/2024\/11\/virginia-marinova-3UfkjHxVch0-unsplash.webp?resize=525%2C300&ssl=1 1.5x, https:\/\/i0.wp.com\/kohenavocats.com\/wp-content\/uploads\/2024\/11\/virginia-marinova-3UfkjHxVch0-unsplash.webp?resize=700%2C400&ssl=1 2x, https:\/\/i0.wp.com\/kohenavocats.com\/wp-content\/uploads\/2024\/11\/virginia-marinova-3UfkjHxVch0-unsplash.webp?resize=1050%2C600&ssl=1 3x, https:\/\/i0.wp.com\/kohenavocats.com\/wp-content\/uploads\/2024\/11\/virginia-marinova-3UfkjHxVch0-unsplash.webp?resize=1400%2C800&ssl=1 4x"},"classes":[]},{"id":307071,"url":"https:\/\/kohenavocats.com\/pt-pt\/tribunal-judiciaire-de-versailles-le-11-juillet-2025-n24-06664\/","url_meta":{"origin":670392,"position":4},"title":"Tribunal judiciaire de Versailles, le 11 juillet 2025, n\u00b024\/06664","author":"Kohen","date":"6 de Fevereiro, 2026","format":false,"excerpt":"Le Tribunal judiciaire de Versailles, dans un jugement du 11 juillet 2025, a eu \u00e0 conna\u00eetre d\u2019un recours personnel exerc\u00e9 par une caution contre les d\u00e9biteurs principaux. Une soci\u00e9t\u00e9 s\u2019\u00e9tait port\u00e9e caution pour un pr\u00eat immobilier consenti \u00e0 un couple. Suite au d\u00e9faut de paiement des emprunteurs, la caution a\u2026","rel":"","context":"In &quot;D\u00e9cisions juridiques&quot;","block_context":{"text":"D\u00e9cisions juridiques","link":"https:\/\/kohenavocats.com\/category\/decisions-juridiques\/"},"img":{"alt_text":"","src":"https:\/\/i0.wp.com\/kohenavocats.com\/wp-content\/uploads\/2024\/11\/allison-saeng-KddQtnCcZ68-unsplash.webp?resize=350%2C200&ssl=1","width":350,"height":200,"srcset":"https:\/\/i0.wp.com\/kohenavocats.com\/wp-content\/uploads\/2024\/11\/allison-saeng-KddQtnCcZ68-unsplash.webp?resize=350%2C200&ssl=1 1x, https:\/\/i0.wp.com\/kohenavocats.com\/wp-content\/uploads\/2024\/11\/allison-saeng-KddQtnCcZ68-unsplash.webp?resize=525%2C300&ssl=1 1.5x, https:\/\/i0.wp.com\/kohenavocats.com\/wp-content\/uploads\/2024\/11\/allison-saeng-KddQtnCcZ68-unsplash.webp?resize=700%2C400&ssl=1 2x, https:\/\/i0.wp.com\/kohenavocats.com\/wp-content\/uploads\/2024\/11\/allison-saeng-KddQtnCcZ68-unsplash.webp?resize=1050%2C600&ssl=1 3x, https:\/\/i0.wp.com\/kohenavocats.com\/wp-content\/uploads\/2024\/11\/allison-saeng-KddQtnCcZ68-unsplash.webp?resize=1400%2C800&ssl=1 4x"},"classes":[]},{"id":33062,"url":"https:\/\/kohenavocats.com\/pt-pt\/tribunal-judiciaire-de-bergerac-le-13-juin-2025-n24-00354\/","url_meta":{"origin":670392,"position":5},"title":"Tribunal judiciaire de Bergerac, le 13 juin 2025, n\u00b024\/00354","author":"Kohen","date":"5 de Novembro, 2025","format":false,"excerpt":"Tribunal judiciaire de Bergerac, juge de la mise en \u00e9tat, ordonnance du 13 juin 2025. Le litige na\u00eet de plusieurs engagements de caution consentis entre 2012 et 2020 au profit d\u2019un d\u00e9biteur professionnel. Un redressement judiciaire a \u00e9t\u00e9 ouvert en 2023, suivi d\u2019une d\u00e9claration de cr\u00e9ances par la banque. Autoris\u00e9e\u2026","rel":"","context":"In &quot;D\u00e9cisions juridiques&quot;","block_context":{"text":"D\u00e9cisions juridiques","link":"https:\/\/kohenavocats.com\/category\/decisions-juridiques\/"},"img":{"alt_text":"","src":"https:\/\/i0.wp.com\/kohenavocats.com\/wp-content\/uploads\/2024\/08\/vlad-kutepov-utAMCFc1-SY-unsplash.webp?resize=350%2C200&ssl=1","width":350,"height":200,"srcset":"https:\/\/i0.wp.com\/kohenavocats.com\/wp-content\/uploads\/2024\/08\/vlad-kutepov-utAMCFc1-SY-unsplash.webp?resize=350%2C200&ssl=1 1x, https:\/\/i0.wp.com\/kohenavocats.com\/wp-content\/uploads\/2024\/08\/vlad-kutepov-utAMCFc1-SY-unsplash.webp?resize=525%2C300&ssl=1 1.5x, https:\/\/i0.wp.com\/kohenavocats.com\/wp-content\/uploads\/2024\/08\/vlad-kutepov-utAMCFc1-SY-unsplash.webp?resize=700%2C400&ssl=1 2x, https:\/\/i0.wp.com\/kohenavocats.com\/wp-content\/uploads\/2024\/08\/vlad-kutepov-utAMCFc1-SY-unsplash.webp?resize=1050%2C600&ssl=1 3x, https:\/\/i0.wp.com\/kohenavocats.com\/wp-content\/uploads\/2024\/08\/vlad-kutepov-utAMCFc1-SY-unsplash.webp?resize=1400%2C800&ssl=1 4x"},"classes":[]}],"jetpack_sharing_enabled":true,"_links":{"self":[{"href":"https:\/\/kohenavocats.com\/pt-pt\/wp-json\/wp\/v2\/posts\/670392","targetHints":{"allow":["GET"]}}],"collection":[{"href":"https:\/\/kohenavocats.com\/pt-pt\/wp-json\/wp\/v2\/posts"}],"about":[{"href":"https:\/\/kohenavocats.com\/pt-pt\/wp-json\/wp\/v2\/types\/post"}],"author":[{"embeddable":true,"href":"https:\/\/kohenavocats.com\/pt-pt\/wp-json\/wp\/v2\/users\/232070755"}],"replies":[{"embeddable":true,"href":"https:\/\/kohenavocats.com\/pt-pt\/wp-json\/wp\/v2\/comments?post=670392"}],"version-history":[{"count":1,"href":"https:\/\/kohenavocats.com\/pt-pt\/wp-json\/wp\/v2\/posts\/670392\/revisions"}],"predecessor-version":[{"id":694496,"href":"https:\/\/kohenavocats.com\/pt-pt\/wp-json\/wp\/v2\/posts\/670392\/revisions\/694496"}],"wp:featuredmedia":[{"embeddable":true,"href":"https:\/\/kohenavocats.com\/pt-pt\/wp-json\/wp\/v2\/media\/9442"}],"wp:attachment":[{"href":"https:\/\/kohenavocats.com\/pt-pt\/wp-json\/wp\/v2\/media?parent=670392"}],"wp:term":[{"taxonomy":"category","embeddable":true,"href":"https:\/\/kohenavocats.com\/pt-pt\/wp-json\/wp\/v2\/categories?post=670392"},{"taxonomy":"post_tag","embeddable":true,"href":"https:\/\/kohenavocats.com\/pt-pt\/wp-json\/wp\/v2\/tags?post=670392"}],"curies":[{"name":"wp","href":"https:\/\/api.w.org\/{rel}","templated":true}]}}