{"id":670949,"date":"2026-04-24T08:34:23","date_gmt":"2026-04-24T06:34:23","guid":{"rendered":"https:\/\/kohenavocats.com\/tribunal-judiciaire-de-toulouse-le-1-juillet-2025-n25-01482\/"},"modified":"2026-04-24T08:34:23","modified_gmt":"2026-04-24T06:34:23","slug":"tribunal-judiciaire-de-toulouse-le-1-juillet-2025-n25-01482","status":"publish","type":"post","link":"https:\/\/kohenavocats.com\/pt-pt\/tribunal-judiciaire-de-toulouse-le-1-juillet-2025-n25-01482\/","title":{"rendered":"Tribunal judiciaire de Toulouse, le 1 juillet 2025, n\u00b025\/01482"},"content":{"rendered":"<div class=\"article-content\">\n<p>Le juge des contentieux de la protection, statuant par ordonnance r\u00e9put\u00e9e contradictoire le 1er juillet 2025, examine une demande en r\u00e9siliation de bail pour d\u00e9faut de paiement. Le bailleur invoque une clause r\u00e9solutoire apr\u00e8s un commandement demeur\u00e9 infructueux. Le tribunal d\u00e9clare l&#8217;action recevable et fait droit aux demandes de r\u00e9siliation, d&#8217;expulsion et de paiement de sommes dues.<\/p>\n<p>La r\u00e9gularit\u00e9 proc\u00e9durale de la demande en r\u00e9siliation<br \/>\nLe juge v\u00e9rifie d&#8217;abord le strict respect des formalit\u00e9s pr\u00e9alables \u00e0 l&#8217;action. La notification de l&#8217;assignation \u00e0 la pr\u00e9fecture est intervenue dans les d\u00e9lais l\u00e9gaux. La saisine obligatoire de la commission de pr\u00e9vention des expulsions est \u00e9galement justifi\u00e9e. Ces conditions de recevabilit\u00e9 sont des pr\u00e9alables incontournables \u00e0 l&#8217;examen du fond. Leur v\u00e9rification rigoureuse prot\u00e8ge le locataire contre une expulsion pr\u00e9cipit\u00e9e. Elle assure la s\u00e9curit\u00e9 juridique de la proc\u00e9dure engag\u00e9e par le bailleur. Ce contr\u00f4le strict est essentiel dans un contentieux d\u00e9s\u00e9quilibr\u00e9.<\/p>\n<p>L&#8217;acquisition des effets de la clause r\u00e9solutoire<br \/>\nLe tribunal analyse ensuite les conditions de mise en \u0153uvre de la clause. La loi pr\u00e9voit que &#8220;toute clause pr\u00e9voyant la r\u00e9siliation de plein droit du contrat de location pour d\u00e9faut de paiement du loyer ou des charges aux termes convenus ou pour non-versement du d\u00e9p\u00f4t de garantie ne produit effet que deux mois apr\u00e8s un commandement de payer demeur\u00e9 infructueux&#8221; (article 24 I de la loi du 06 juillet 1989). Le commandement d\u00e9livr\u00e9 laissait express\u00e9ment ce d\u00e9lai de deux mois. Aucun paiement n&#8217;\u00e9tant intervenu dans ce d\u00e9lai, la condition est remplie. Cette solution rappelle que le d\u00e9lai de deux mois est un imp\u00e9ratif. Il s&#8217;agit d&#8217;une formalit\u00e9 substantielle protectrice des droits du locataire. La jurisprudence confirme cette exigence en d&#8217;autres mati\u00e8res. &#8220;C&#8217;est donc \u00e0 bon droit que le premier juge a constat\u00e9 l&#8217;acquisition de la clause r\u00e9solutoire \u00e0 compter du 5 octobre 2024, soit un mois apr\u00e8s le commandement de payer demeur\u00e9 infructueux&#8221; (Tribunal judiciaire de Clermont-Ferrand, le 13 f\u00e9vrier 2025, n\u00b023\/00816). Le principe est identique, seul le d\u00e9lai diff\u00e8re selon la nature du bail.<\/p>\n<p>La condamnation au paiement des sommes r\u00e9clam\u00e9es<br \/>\nLe juge use de son pouvoir d&#8217;office pour v\u00e9rifier la cr\u00e9ance locative. Il examine le d\u00e9compte produit et rel\u00e8ve l&#8217;absence de contestation du d\u00e9biteur. Le principe de la dette est donc retenu, avec des int\u00e9r\u00eats au taux l\u00e9gal. Le montant est accord\u00e9 \u00e0 titre provisionnel, pr\u00e9servant un contr\u00f4le ult\u00e9rieur. Cette approche concilie l&#8217;exigence du paiement avec les droits de la d\u00e9fense. Elle \u00e9vite une condamnation d\u00e9finitive sur une cr\u00e9ance potentiellement discutable. Le juge remplit ainsi son r\u00f4le de protection des parties en l&#8217;absence du d\u00e9fendeur.<\/p>\n<p>La fixation d&#8217;une indemnit\u00e9 d&#8217;occupation post-r\u00e9siliation<br \/>\nLa r\u00e9siliation du bail transforme la nature de l&#8217;occupation. Le locataire devient un occupant sans droit ni titre. Le tribunal condamne donc au paiement d&#8217;une indemnit\u00e9 d&#8217;occupation mensuelle. Celle-ci est fix\u00e9e au montant du loyer et des charges pr\u00e9c\u00e9dents. Cette solution est classique et vise \u00e0 compenser l&#8217;enrichissement sans cause. Elle court jusqu&#8217;\u00e0 la lib\u00e9ration effective des lieux. Elle pr\u00e9serve les int\u00e9r\u00eats du propri\u00e9taire priv\u00e9 de la jouissance de son bien. Elle incite \u00e9galement l&#8217;occupant \u00e0 quitter rapidement les lieux lib\u00e9r\u00e9s.<\/p>\n<\/div>\n","protected":false},"excerpt":{"rendered":"<p>Le juge des contentieux de la protection, statuant par ordonnance r\u00e9put\u00e9e contradictoire le 1er juillet 2025, examine une demande en r\u00e9siliation de bail pour&#8230;<\/p>\n","protected":false},"author":232070755,"featured_media":4904,"comment_status":"open","ping_status":"open","sticky":false,"template":"","format":"standard","meta":{"_crdt_document":"","_jetpack_newsletter_access":"","_jetpack_dont_email_post_to_subs":false,"_jetpack_newsletter_tier_id":0,"_jetpack_memberships_contains_paywalled_content":false,"_jetpack_memberships_contains_paid_content":false,"footnotes":"","jetpack_post_was_ever_published":false},"categories":[7597],"tags":[],"class_list":["post-670949","post","type-post","status-publish","format-standard","has-post-thumbnail","hentry","category-jurisprudence"],"yoast_head":"<!-- This site is optimized with the Yoast SEO Premium plugin v27.4 (Yoast SEO v27.4) - https:\/\/yoast.com\/product\/yoast-seo-premium-wordpress\/ -->\n<title>Tribunal judiciaire de Toulouse, le 1 juillet 2025, n\u00b025\/01482 - Ma\u00eetre Hassan Kohen, avocat en droit p\u00e9nal \u00e0 Paris<\/title>\n<meta name=\"description\" content=\"Le juge des contentieux de la protection, statuant par ordonnance r\u00e9put\u00e9e contradictoire le 1er juillet 2025, examine une demande en r\u00e9siliation de bail pour...\" \/>\n<meta name=\"robots\" content=\"index, follow, max-snippet:-1, max-image-preview:large, max-video-preview:-1\" \/>\n<link rel=\"canonical\" href=\"https:\/\/kohenavocats.com\/pt-pt\/tribunal-judiciaire-de-toulouse-le-1-juillet-2025-n25-01482\/\" \/>\n<meta property=\"og:locale\" content=\"pt_PT\" \/>\n<meta property=\"og:type\" content=\"article\" \/>\n<meta property=\"og:title\" content=\"Tribunal judiciaire de Toulouse, le 1 juillet 2025, n\u00b025\/01482\" \/>\n<meta property=\"og:description\" content=\"Le juge des contentieux de la protection, statuant par ordonnance r\u00e9put\u00e9e contradictoire le 1er juillet 2025, examine une demande en r\u00e9siliation de bail pour...\" \/>\n<meta property=\"og:url\" content=\"https:\/\/kohenavocats.com\/pt-pt\/tribunal-judiciaire-de-toulouse-le-1-juillet-2025-n25-01482\/\" \/>\n<meta property=\"og:site_name\" content=\"Ma\u00eetre Hassan Kohen, avocat en droit p\u00e9nal \u00e0 Paris\" \/>\n<meta property=\"article:published_time\" content=\"2026-04-24T06:34:23+00:00\" \/>\n<meta property=\"og:image\" content=\"https:\/\/kohenavocats.com\/wp-content\/uploads\/2024\/08\/lisa-IfngoxB5ORA-unsplash-1.webp\" \/>\n\t<meta property=\"og:image:width\" content=\"2592\" \/>\n\t<meta property=\"og:image:height\" content=\"1944\" \/>\n\t<meta property=\"og:image:type\" content=\"image\/webp\" \/>\n<meta name=\"author\" content=\"Kohen\" \/>\n<meta name=\"twitter:card\" content=\"summary_large_image\" \/>\n<meta name=\"twitter:label1\" content=\"Escrito por\" \/>\n\t<meta name=\"twitter:data1\" content=\"Kohen\" \/>\n\t<meta name=\"twitter:label2\" content=\"Tempo estimado de leitura\" \/>\n\t<meta name=\"twitter:data2\" content=\"3 minutos\" \/>\n<script type=\"application\/ld+json\" class=\"yoast-schema-graph\">{\"@context\":\"https:\\\/\\\/schema.org\",\"@graph\":[{\"@type\":\"Article\",\"@id\":\"https:\\\/\\\/kohenavocats.com\\\/pt-pt\\\/tribunal-judiciaire-de-toulouse-le-1-juillet-2025-n25-01482\\\/#article\",\"isPartOf\":{\"@id\":\"https:\\\/\\\/kohenavocats.com\\\/pt-pt\\\/tribunal-judiciaire-de-toulouse-le-1-juillet-2025-n25-01482\\\/\"},\"author\":{\"name\":\"Kohen\",\"@id\":\"https:\\\/\\\/kohenavocats.com\\\/pt-pt\\\/#\\\/schema\\\/person\\\/761c9ba54fa1ca84d405cef0831ff751\"},\"headline\":\"Tribunal judiciaire de Toulouse, le 1 juillet 2025, n\u00b025\\\/01482\",\"datePublished\":\"2026-04-24T06:34:23+00:00\",\"mainEntityOfPage\":{\"@id\":\"https:\\\/\\\/kohenavocats.com\\\/pt-pt\\\/tribunal-judiciaire-de-toulouse-le-1-juillet-2025-n25-01482\\\/\"},\"wordCount\":603,\"commentCount\":0,\"publisher\":{\"@id\":\"https:\\\/\\\/kohenavocats.com\\\/pt-pt\\\/#organization\"},\"image\":{\"@id\":\"https:\\\/\\\/kohenavocats.com\\\/pt-pt\\\/tribunal-judiciaire-de-toulouse-le-1-juillet-2025-n25-01482\\\/#primaryimage\"},\"thumbnailUrl\":\"https:\\\/\\\/kohenavocats.com\\\/wp-content\\\/uploads\\\/2024\\\/08\\\/lisa-IfngoxB5ORA-unsplash-1.webp\",\"articleSection\":[\"Jurisprudence\"],\"inLanguage\":\"pt-PT\",\"potentialAction\":[{\"@type\":\"CommentAction\",\"name\":\"Comment\",\"target\":[\"https:\\\/\\\/kohenavocats.com\\\/pt-pt\\\/tribunal-judiciaire-de-toulouse-le-1-juillet-2025-n25-01482\\\/#respond\"]}],\"citation\":\"Tribunal judiciaire de Toulouse, le 1 juillet 2025, n\u00b025\\\/01482\",\"about\":[{\"@type\":\"Thing\",\"name\":\"Jurisprudence\"}],\"dateModified\":\"2026-04-24T06:34:23+00:00\",\"speakable\":{\"@type\":\"SpeakableSpecification\",\"cssSelector\":[\".article-content > p:first-of-type\"]}},{\"@type\":\"WebPage\",\"@id\":\"https:\\\/\\\/kohenavocats.com\\\/pt-pt\\\/tribunal-judiciaire-de-toulouse-le-1-juillet-2025-n25-01482\\\/\",\"url\":\"https:\\\/\\\/kohenavocats.com\\\/pt-pt\\\/tribunal-judiciaire-de-toulouse-le-1-juillet-2025-n25-01482\\\/\",\"name\":\"Tribunal judiciaire de Toulouse, le 1 juillet 2025, n\u00b025\\\/01482 - Ma\u00eetre Hassan Kohen, avocat en droit p\u00e9nal \u00e0 Paris\",\"isPartOf\":{\"@id\":\"https:\\\/\\\/kohenavocats.com\\\/pt-pt\\\/#website\"},\"primaryImageOfPage\":{\"@id\":\"https:\\\/\\\/kohenavocats.com\\\/pt-pt\\\/tribunal-judiciaire-de-toulouse-le-1-juillet-2025-n25-01482\\\/#primaryimage\"},\"image\":{\"@id\":\"https:\\\/\\\/kohenavocats.com\\\/pt-pt\\\/tribunal-judiciaire-de-toulouse-le-1-juillet-2025-n25-01482\\\/#primaryimage\"},\"thumbnailUrl\":\"https:\\\/\\\/kohenavocats.com\\\/wp-content\\\/uploads\\\/2024\\\/08\\\/lisa-IfngoxB5ORA-unsplash-1.webp\",\"datePublished\":\"2026-04-24T06:34:23+00:00\",\"description\":\"Le juge des contentieux de la protection, statuant par ordonnance r\u00e9put\u00e9e contradictoire le 1er juillet 2025, examine une demande en r\u00e9siliation de bail pour...\",\"breadcrumb\":{\"@id\":\"https:\\\/\\\/kohenavocats.com\\\/pt-pt\\\/tribunal-judiciaire-de-toulouse-le-1-juillet-2025-n25-01482\\\/#breadcrumb\"},\"inLanguage\":\"pt-PT\",\"potentialAction\":[{\"@type\":\"ReadAction\",\"target\":[\"https:\\\/\\\/kohenavocats.com\\\/pt-pt\\\/tribunal-judiciaire-de-toulouse-le-1-juillet-2025-n25-01482\\\/\"]}]},{\"@type\":\"ImageObject\",\"inLanguage\":\"pt-PT\",\"@id\":\"https:\\\/\\\/kohenavocats.com\\\/pt-pt\\\/tribunal-judiciaire-de-toulouse-le-1-juillet-2025-n25-01482\\\/#primaryimage\",\"url\":\"https:\\\/\\\/kohenavocats.com\\\/wp-content\\\/uploads\\\/2024\\\/08\\\/lisa-IfngoxB5ORA-unsplash-1.webp\",\"contentUrl\":\"https:\\\/\\\/kohenavocats.com\\\/wp-content\\\/uploads\\\/2024\\\/08\\\/lisa-IfngoxB5ORA-unsplash-1.webp\",\"width\":2592,\"height\":1944},{\"@type\":\"BreadcrumbList\",\"@id\":\"https:\\\/\\\/kohenavocats.com\\\/pt-pt\\\/tribunal-judiciaire-de-toulouse-le-1-juillet-2025-n25-01482\\\/#breadcrumb\",\"itemListElement\":[{\"@type\":\"ListItem\",\"position\":1,\"name\":\"Home\",\"item\":\"https:\\\/\\\/kohenavocats.com\\\/pt-pt\\\/avocats-en-droit-penal-a-paris-conseil-et-defense-strategique\\\/\"},{\"@type\":\"ListItem\",\"position\":2,\"name\":\"Tribunal judiciaire de Toulouse, le 1 juillet 2025, n\u00b025\\\/01482\"}]},{\"@type\":\"WebSite\",\"@id\":\"https:\\\/\\\/kohenavocats.com\\\/pt-pt\\\/#website\",\"url\":\"https:\\\/\\\/kohenavocats.com\\\/pt-pt\\\/\",\"name\":\"Kohen Avocats\",\"description\":\"Ma\u00eetre Hassan Kohen, avocat p\u00e9naliste \u00e0 Paris, intervient exclusivement en droit p\u00e9nal pour la d\u00e9fense des particuliers, notamment en mati\u00e8re d\u2019accusations de viol. Il assure un accompagnement rigoureux d\u00e8s la garde \u00e0 vue jusqu\u2019\u00e0 la Cour d\u2019assises, veillant au strict respect des garanties proc\u00e9durales.\",\"publisher\":{\"@id\":\"https:\\\/\\\/kohenavocats.com\\\/pt-pt\\\/#organization\"},\"potentialAction\":[{\"@type\":\"SearchAction\",\"target\":{\"@type\":\"EntryPoint\",\"urlTemplate\":\"https:\\\/\\\/kohenavocats.com\\\/pt-pt\\\/?s={search_term_string}\"},\"query-input\":{\"@type\":\"PropertyValueSpecification\",\"valueRequired\":true,\"valueName\":\"search_term_string\"}}],\"inLanguage\":\"pt-PT\"},{\"@type\":\"Organization\",\"@id\":\"https:\\\/\\\/kohenavocats.com\\\/pt-pt\\\/#organization\",\"name\":\"Kohen Avocats\",\"url\":\"https:\\\/\\\/kohenavocats.com\\\/pt-pt\\\/\",\"logo\":{\"@type\":\"ImageObject\",\"inLanguage\":\"pt-PT\",\"@id\":\"https:\\\/\\\/kohenavocats.com\\\/pt-pt\\\/#\\\/schema\\\/logo\\\/image\\\/\",\"url\":\"https:\\\/\\\/kohenavocats.com\\\/wp-content\\\/uploads\\\/2026\\\/01\\\/Logo-2-1.webp\",\"contentUrl\":\"https:\\\/\\\/kohenavocats.com\\\/wp-content\\\/uploads\\\/2026\\\/01\\\/Logo-2-1.webp\",\"width\":2114,\"height\":1253,\"caption\":\"Kohen Avocats\"},\"image\":{\"@id\":\"https:\\\/\\\/kohenavocats.com\\\/pt-pt\\\/#\\\/schema\\\/logo\\\/image\\\/\"}},{\"@type\":\"Person\",\"@id\":\"https:\\\/\\\/kohenavocats.com\\\/pt-pt\\\/#\\\/schema\\\/person\\\/761c9ba54fa1ca84d405cef0831ff751\",\"name\":\"Kohen\",\"image\":{\"@type\":\"ImageObject\",\"inLanguage\":\"pt-PT\",\"@id\":\"https:\\\/\\\/secure.gravatar.com\\\/avatar\\\/1c5e76ef76bbbfdd2b4da984e2bf2fa4056fd51a27d25ce2c332047f1dfd6e00?s=96&d=identicon&r=g\",\"url\":\"https:\\\/\\\/secure.gravatar.com\\\/avatar\\\/1c5e76ef76bbbfdd2b4da984e2bf2fa4056fd51a27d25ce2c332047f1dfd6e00?s=96&d=identicon&r=g\",\"contentUrl\":\"https:\\\/\\\/secure.gravatar.com\\\/avatar\\\/1c5e76ef76bbbfdd2b4da984e2bf2fa4056fd51a27d25ce2c332047f1dfd6e00?s=96&d=identicon&r=g\",\"caption\":\"Kohen\"},\"sameAs\":[\"https:\\\/\\\/www.linkedin.com\\\/in\\\/hassan-kohen-448548192\\\/\",\"https:\\\/\\\/www.youtube.com\\\/@Kohen-Avocats\"],\"url\":\"https:\\\/\\\/kohenavocats.com\\\/pt-pt\\\/author\\\/kohenmlk\\\/\"}]}<\/script>\n<!-- \/ Yoast SEO Premium plugin. -->","yoast_head_json":{"title":"Tribunal judiciaire de Toulouse, le 1 juillet 2025, n\u00b025\/01482 - Ma\u00eetre Hassan Kohen, avocat en droit p\u00e9nal \u00e0 Paris","description":"Le juge des contentieux de la protection, statuant par ordonnance r\u00e9put\u00e9e contradictoire le 1er juillet 2025, examine une demande en r\u00e9siliation de bail pour...","robots":{"index":"index","follow":"follow","max-snippet":"max-snippet:-1","max-image-preview":"max-image-preview:large","max-video-preview":"max-video-preview:-1"},"canonical":"https:\/\/kohenavocats.com\/pt-pt\/tribunal-judiciaire-de-toulouse-le-1-juillet-2025-n25-01482\/","og_locale":"pt_PT","og_type":"article","og_title":"Tribunal judiciaire de Toulouse, le 1 juillet 2025, n\u00b025\/01482","og_description":"Le juge des contentieux de la protection, statuant par ordonnance r\u00e9put\u00e9e contradictoire le 1er juillet 2025, examine une demande en r\u00e9siliation de bail pour...","og_url":"https:\/\/kohenavocats.com\/pt-pt\/tribunal-judiciaire-de-toulouse-le-1-juillet-2025-n25-01482\/","og_site_name":"Ma\u00eetre Hassan Kohen, avocat en droit p\u00e9nal \u00e0 Paris","article_published_time":"2026-04-24T06:34:23+00:00","og_image":[{"width":2592,"height":1944,"url":"https:\/\/kohenavocats.com\/wp-content\/uploads\/2024\/08\/lisa-IfngoxB5ORA-unsplash-1.webp","type":"image\/webp"}],"author":"Kohen","twitter_card":"summary_large_image","twitter_misc":{"Escrito por":"Kohen","Tempo estimado de leitura":"3 minutos"},"schema":{"@context":"https:\/\/schema.org","@graph":[{"@type":"Article","@id":"https:\/\/kohenavocats.com\/pt-pt\/tribunal-judiciaire-de-toulouse-le-1-juillet-2025-n25-01482\/#article","isPartOf":{"@id":"https:\/\/kohenavocats.com\/pt-pt\/tribunal-judiciaire-de-toulouse-le-1-juillet-2025-n25-01482\/"},"author":{"name":"Kohen","@id":"https:\/\/kohenavocats.com\/pt-pt\/#\/schema\/person\/761c9ba54fa1ca84d405cef0831ff751"},"headline":"Tribunal judiciaire de Toulouse, le 1 juillet 2025, n\u00b025\/01482","datePublished":"2026-04-24T06:34:23+00:00","mainEntityOfPage":{"@id":"https:\/\/kohenavocats.com\/pt-pt\/tribunal-judiciaire-de-toulouse-le-1-juillet-2025-n25-01482\/"},"wordCount":603,"commentCount":0,"publisher":{"@id":"https:\/\/kohenavocats.com\/pt-pt\/#organization"},"image":{"@id":"https:\/\/kohenavocats.com\/pt-pt\/tribunal-judiciaire-de-toulouse-le-1-juillet-2025-n25-01482\/#primaryimage"},"thumbnailUrl":"https:\/\/kohenavocats.com\/wp-content\/uploads\/2024\/08\/lisa-IfngoxB5ORA-unsplash-1.webp","articleSection":["Jurisprudence"],"inLanguage":"pt-PT","potentialAction":[{"@type":"CommentAction","name":"Comment","target":["https:\/\/kohenavocats.com\/pt-pt\/tribunal-judiciaire-de-toulouse-le-1-juillet-2025-n25-01482\/#respond"]}],"citation":"Tribunal judiciaire de Toulouse, le 1 juillet 2025, n\u00b025\/01482","about":[{"@type":"Thing","name":"Jurisprudence"}],"dateModified":"2026-04-24T06:34:23+00:00","speakable":{"@type":"SpeakableSpecification","cssSelector":[".article-content > p:first-of-type"]}},{"@type":"WebPage","@id":"https:\/\/kohenavocats.com\/pt-pt\/tribunal-judiciaire-de-toulouse-le-1-juillet-2025-n25-01482\/","url":"https:\/\/kohenavocats.com\/pt-pt\/tribunal-judiciaire-de-toulouse-le-1-juillet-2025-n25-01482\/","name":"Tribunal judiciaire de Toulouse, le 1 juillet 2025, n\u00b025\/01482 - Ma\u00eetre Hassan Kohen, avocat en droit p\u00e9nal \u00e0 Paris","isPartOf":{"@id":"https:\/\/kohenavocats.com\/pt-pt\/#website"},"primaryImageOfPage":{"@id":"https:\/\/kohenavocats.com\/pt-pt\/tribunal-judiciaire-de-toulouse-le-1-juillet-2025-n25-01482\/#primaryimage"},"image":{"@id":"https:\/\/kohenavocats.com\/pt-pt\/tribunal-judiciaire-de-toulouse-le-1-juillet-2025-n25-01482\/#primaryimage"},"thumbnailUrl":"https:\/\/kohenavocats.com\/wp-content\/uploads\/2024\/08\/lisa-IfngoxB5ORA-unsplash-1.webp","datePublished":"2026-04-24T06:34:23+00:00","description":"Le juge des contentieux de la protection, statuant par ordonnance r\u00e9put\u00e9e contradictoire le 1er juillet 2025, examine une demande en r\u00e9siliation de bail pour...","breadcrumb":{"@id":"https:\/\/kohenavocats.com\/pt-pt\/tribunal-judiciaire-de-toulouse-le-1-juillet-2025-n25-01482\/#breadcrumb"},"inLanguage":"pt-PT","potentialAction":[{"@type":"ReadAction","target":["https:\/\/kohenavocats.com\/pt-pt\/tribunal-judiciaire-de-toulouse-le-1-juillet-2025-n25-01482\/"]}]},{"@type":"ImageObject","inLanguage":"pt-PT","@id":"https:\/\/kohenavocats.com\/pt-pt\/tribunal-judiciaire-de-toulouse-le-1-juillet-2025-n25-01482\/#primaryimage","url":"https:\/\/kohenavocats.com\/wp-content\/uploads\/2024\/08\/lisa-IfngoxB5ORA-unsplash-1.webp","contentUrl":"https:\/\/kohenavocats.com\/wp-content\/uploads\/2024\/08\/lisa-IfngoxB5ORA-unsplash-1.webp","width":2592,"height":1944},{"@type":"BreadcrumbList","@id":"https:\/\/kohenavocats.com\/pt-pt\/tribunal-judiciaire-de-toulouse-le-1-juillet-2025-n25-01482\/#breadcrumb","itemListElement":[{"@type":"ListItem","position":1,"name":"Home","item":"https:\/\/kohenavocats.com\/pt-pt\/avocats-en-droit-penal-a-paris-conseil-et-defense-strategique\/"},{"@type":"ListItem","position":2,"name":"Tribunal judiciaire de Toulouse, le 1 juillet 2025, n\u00b025\/01482"}]},{"@type":"WebSite","@id":"https:\/\/kohenavocats.com\/pt-pt\/#website","url":"https:\/\/kohenavocats.com\/pt-pt\/","name":"Kohen Avocats","description":"Ma\u00eetre Hassan Kohen, avocat p\u00e9naliste \u00e0 Paris, intervient exclusivement en droit p\u00e9nal pour la d\u00e9fense des particuliers, notamment en mati\u00e8re d\u2019accusations de viol. Il assure un accompagnement rigoureux d\u00e8s la garde \u00e0 vue jusqu\u2019\u00e0 la Cour d\u2019assises, veillant au strict respect des garanties proc\u00e9durales.","publisher":{"@id":"https:\/\/kohenavocats.com\/pt-pt\/#organization"},"potentialAction":[{"@type":"SearchAction","target":{"@type":"EntryPoint","urlTemplate":"https:\/\/kohenavocats.com\/pt-pt\/?s={search_term_string}"},"query-input":{"@type":"PropertyValueSpecification","valueRequired":true,"valueName":"search_term_string"}}],"inLanguage":"pt-PT"},{"@type":"Organization","@id":"https:\/\/kohenavocats.com\/pt-pt\/#organization","name":"Kohen Avocats","url":"https:\/\/kohenavocats.com\/pt-pt\/","logo":{"@type":"ImageObject","inLanguage":"pt-PT","@id":"https:\/\/kohenavocats.com\/pt-pt\/#\/schema\/logo\/image\/","url":"https:\/\/kohenavocats.com\/wp-content\/uploads\/2026\/01\/Logo-2-1.webp","contentUrl":"https:\/\/kohenavocats.com\/wp-content\/uploads\/2026\/01\/Logo-2-1.webp","width":2114,"height":1253,"caption":"Kohen Avocats"},"image":{"@id":"https:\/\/kohenavocats.com\/pt-pt\/#\/schema\/logo\/image\/"}},{"@type":"Person","@id":"https:\/\/kohenavocats.com\/pt-pt\/#\/schema\/person\/761c9ba54fa1ca84d405cef0831ff751","name":"Kohen","image":{"@type":"ImageObject","inLanguage":"pt-PT","@id":"https:\/\/secure.gravatar.com\/avatar\/1c5e76ef76bbbfdd2b4da984e2bf2fa4056fd51a27d25ce2c332047f1dfd6e00?s=96&d=identicon&r=g","url":"https:\/\/secure.gravatar.com\/avatar\/1c5e76ef76bbbfdd2b4da984e2bf2fa4056fd51a27d25ce2c332047f1dfd6e00?s=96&d=identicon&r=g","contentUrl":"https:\/\/secure.gravatar.com\/avatar\/1c5e76ef76bbbfdd2b4da984e2bf2fa4056fd51a27d25ce2c332047f1dfd6e00?s=96&d=identicon&r=g","caption":"Kohen"},"sameAs":["https:\/\/www.linkedin.com\/in\/hassan-kohen-448548192\/","https:\/\/www.youtube.com\/@Kohen-Avocats"],"url":"https:\/\/kohenavocats.com\/pt-pt\/author\/kohenmlk\/"}]}},"jetpack_featured_media_url":"https:\/\/kohenavocats.com\/wp-content\/uploads\/2024\/08\/lisa-IfngoxB5ORA-unsplash-1.webp","jetpack_likes_enabled":false,"jetpack_shortlink":"https:\/\/wp.me\/peCrII-2OxL","jetpack-related-posts":[{"id":614895,"url":"https:\/\/kohenavocats.com\/pt-pt\/tribunal-judiciaire-de-saint-etienne-le-29-juillet-2025-n24-03605\/","url_meta":{"origin":670949,"position":0},"title":"Tribunal judiciaire de Saint-Etienne, le 29 juillet 2025, n\u00b024\/03605","author":"Kohen","date":"20 de Abril, 2026","format":false,"excerpt":"Le tribunal judiciaire, dans un jugement du 29 juillet 2025, statue sur une action en r\u00e9siliation de bail et expulsion. La caution, subrog\u00e9e aux droits du ba...","rel":"","context":"In &quot;Jurisprudence&quot;","block_context":{"text":"Jurisprudence","link":"https:\/\/kohenavocats.com\/category\/jurisprudence\/"},"img":{"alt_text":"","src":"https:\/\/i0.wp.com\/kohenavocats.com\/wp-content\/uploads\/2024\/11\/getty-images-dWqNBrbg25A-unsplash.webp?resize=350%2C200&ssl=1","width":350,"height":200,"srcset":"https:\/\/i0.wp.com\/kohenavocats.com\/wp-content\/uploads\/2024\/11\/getty-images-dWqNBrbg25A-unsplash.webp?resize=350%2C200&ssl=1 1x, https:\/\/i0.wp.com\/kohenavocats.com\/wp-content\/uploads\/2024\/11\/getty-images-dWqNBrbg25A-unsplash.webp?resize=525%2C300&ssl=1 1.5x, https:\/\/i0.wp.com\/kohenavocats.com\/wp-content\/uploads\/2024\/11\/getty-images-dWqNBrbg25A-unsplash.webp?resize=700%2C400&ssl=1 2x, https:\/\/i0.wp.com\/kohenavocats.com\/wp-content\/uploads\/2024\/11\/getty-images-dWqNBrbg25A-unsplash.webp?resize=1050%2C600&ssl=1 3x, https:\/\/i0.wp.com\/kohenavocats.com\/wp-content\/uploads\/2024\/11\/getty-images-dWqNBrbg25A-unsplash.webp?resize=1400%2C800&ssl=1 4x"},"classes":[]},{"id":476448,"url":"https:\/\/kohenavocats.com\/pt-pt\/tribunal-judiciaire-de-reims-le-8-decembre-2025-n25-02379\/","url_meta":{"origin":670949,"position":1},"title":"Tribunal judiciaire de Reims, le 8 d\u00e9cembre 2025, n\u00b025\/02379","author":"Kohen","date":"7 de Abril, 2026","format":false,"excerpt":"Le juge des contentieux de la protection, statuant en premier ressort, a rendu un jugement le vingt-deux septembre 2025. Une soci\u00e9t\u00e9 bailleur a engag\u00e9 une ac...","rel":"","context":"In &quot;Jurisprudence&quot;","block_context":{"text":"Jurisprudence","link":"https:\/\/kohenavocats.com\/category\/jurisprudence\/"},"img":{"alt_text":"","src":"https:\/\/i0.wp.com\/kohenavocats.com\/wp-content\/uploads\/2024\/11\/mohamed-nohassi-CRktpOMkRIs-unsplash.webp?resize=350%2C200&ssl=1","width":350,"height":200,"srcset":"https:\/\/i0.wp.com\/kohenavocats.com\/wp-content\/uploads\/2024\/11\/mohamed-nohassi-CRktpOMkRIs-unsplash.webp?resize=350%2C200&ssl=1 1x, https:\/\/i0.wp.com\/kohenavocats.com\/wp-content\/uploads\/2024\/11\/mohamed-nohassi-CRktpOMkRIs-unsplash.webp?resize=525%2C300&ssl=1 1.5x, https:\/\/i0.wp.com\/kohenavocats.com\/wp-content\/uploads\/2024\/11\/mohamed-nohassi-CRktpOMkRIs-unsplash.webp?resize=700%2C400&ssl=1 2x, https:\/\/i0.wp.com\/kohenavocats.com\/wp-content\/uploads\/2024\/11\/mohamed-nohassi-CRktpOMkRIs-unsplash.webp?resize=1050%2C600&ssl=1 3x, https:\/\/i0.wp.com\/kohenavocats.com\/wp-content\/uploads\/2024\/11\/mohamed-nohassi-CRktpOMkRIs-unsplash.webp?resize=1400%2C800&ssl=1 4x"},"classes":[]},{"id":620130,"url":"https:\/\/kohenavocats.com\/pt-pt\/tribunal-judiciaire-de-mulhouse-le-20-octobre-2025-n25-00192\/","url_meta":{"origin":670949,"position":2},"title":"Tribunal judiciaire de Mulhouse, le 20 octobre 2025, n\u00b025\/00192","author":"Kohen","date":"20 de Abril, 2026","format":false,"excerpt":"Le juge des contentieux de la protection de Thann, statuant le vingt octobre deux mille vingt-cinq, examine une demande en r\u00e9siliation de bail pour impay\u00e9s. ...","rel":"","context":"In &quot;Jurisprudence&quot;","block_context":{"text":"Jurisprudence","link":"https:\/\/kohenavocats.com\/category\/jurisprudence\/"},"img":{"alt_text":"","src":"https:\/\/i0.wp.com\/kohenavocats.com\/wp-content\/uploads\/2024\/11\/planet-volumes-QaegYrPWWD4-unsplash.webp?resize=350%2C200&ssl=1","width":350,"height":200,"srcset":"https:\/\/i0.wp.com\/kohenavocats.com\/wp-content\/uploads\/2024\/11\/planet-volumes-QaegYrPWWD4-unsplash.webp?resize=350%2C200&ssl=1 1x, https:\/\/i0.wp.com\/kohenavocats.com\/wp-content\/uploads\/2024\/11\/planet-volumes-QaegYrPWWD4-unsplash.webp?resize=525%2C300&ssl=1 1.5x, https:\/\/i0.wp.com\/kohenavocats.com\/wp-content\/uploads\/2024\/11\/planet-volumes-QaegYrPWWD4-unsplash.webp?resize=700%2C400&ssl=1 2x, https:\/\/i0.wp.com\/kohenavocats.com\/wp-content\/uploads\/2024\/11\/planet-volumes-QaegYrPWWD4-unsplash.webp?resize=1050%2C600&ssl=1 3x, https:\/\/i0.wp.com\/kohenavocats.com\/wp-content\/uploads\/2024\/11\/planet-volumes-QaegYrPWWD4-unsplash.webp?resize=1400%2C800&ssl=1 4x"},"classes":[]},{"id":490205,"url":"https:\/\/kohenavocats.com\/pt-pt\/tribunal-judiciaire-de-vannes-le-16-septembre-2025-n25-00407\/","url_meta":{"origin":670949,"position":3},"title":"Tribunal judiciaire de Vannes, le 16 septembre 2025, n\u00b025\/00407","author":"Kohen","date":"8 de Abril, 2026","format":false,"excerpt":"Le juge des contentieux de la protection, statuant par jugement du 16 septembre 2025, examine une demande en constat de r\u00e9siliation de bail pour impay\u00e9s. Apr...","rel":"","context":"In &quot;Jurisprudence&quot;","block_context":{"text":"Jurisprudence","link":"https:\/\/kohenavocats.com\/category\/jurisprudence\/"},"img":{"alt_text":"","src":"https:\/\/i0.wp.com\/kohenavocats.com\/wp-content\/uploads\/2024\/11\/pramod-tiwari-fcMI6xvRcYE-unsplash.webp?resize=350%2C200&ssl=1","width":350,"height":200,"srcset":"https:\/\/i0.wp.com\/kohenavocats.com\/wp-content\/uploads\/2024\/11\/pramod-tiwari-fcMI6xvRcYE-unsplash.webp?resize=350%2C200&ssl=1 1x, https:\/\/i0.wp.com\/kohenavocats.com\/wp-content\/uploads\/2024\/11\/pramod-tiwari-fcMI6xvRcYE-unsplash.webp?resize=525%2C300&ssl=1 1.5x, https:\/\/i0.wp.com\/kohenavocats.com\/wp-content\/uploads\/2024\/11\/pramod-tiwari-fcMI6xvRcYE-unsplash.webp?resize=700%2C400&ssl=1 2x, https:\/\/i0.wp.com\/kohenavocats.com\/wp-content\/uploads\/2024\/11\/pramod-tiwari-fcMI6xvRcYE-unsplash.webp?resize=1050%2C600&ssl=1 3x, https:\/\/i0.wp.com\/kohenavocats.com\/wp-content\/uploads\/2024\/11\/pramod-tiwari-fcMI6xvRcYE-unsplash.webp?resize=1400%2C800&ssl=1 4x"},"classes":[]},{"id":475019,"url":"https:\/\/kohenavocats.com\/pt-pt\/tribunal-judiciaire-de-lille-le-30-septembre-2025-n25-07376\/","url_meta":{"origin":670949,"position":4},"title":"Tribunal judiciaire de Lille, le 30 septembre 2025, n\u00b025\/07376","author":"Kohen","date":"7 de Abril, 2026","format":false,"excerpt":"Le juge des contentieux de la protection du tribunal de proximit\u00e9 de Tourcoing, par jugement du 30 septembre 2025, statue sur une action en constatation de r...","rel":"","context":"In &quot;Jurisprudence&quot;","block_context":{"text":"Jurisprudence","link":"https:\/\/kohenavocats.com\/category\/jurisprudence\/"},"img":{"alt_text":"","src":"https:\/\/i0.wp.com\/kohenavocats.com\/wp-content\/uploads\/2024\/11\/steve-johnson-GMZq7FZRcvc-unsplash.webp?resize=350%2C200&ssl=1","width":350,"height":200,"srcset":"https:\/\/i0.wp.com\/kohenavocats.com\/wp-content\/uploads\/2024\/11\/steve-johnson-GMZq7FZRcvc-unsplash.webp?resize=350%2C200&ssl=1 1x, https:\/\/i0.wp.com\/kohenavocats.com\/wp-content\/uploads\/2024\/11\/steve-johnson-GMZq7FZRcvc-unsplash.webp?resize=525%2C300&ssl=1 1.5x, https:\/\/i0.wp.com\/kohenavocats.com\/wp-content\/uploads\/2024\/11\/steve-johnson-GMZq7FZRcvc-unsplash.webp?resize=700%2C400&ssl=1 2x, https:\/\/i0.wp.com\/kohenavocats.com\/wp-content\/uploads\/2024\/11\/steve-johnson-GMZq7FZRcvc-unsplash.webp?resize=1050%2C600&ssl=1 3x, https:\/\/i0.wp.com\/kohenavocats.com\/wp-content\/uploads\/2024\/11\/steve-johnson-GMZq7FZRcvc-unsplash.webp?resize=1400%2C800&ssl=1 4x"},"classes":[]},{"id":493487,"url":"https:\/\/kohenavocats.com\/pt-pt\/tribunal-judiciaire-de-marseille-le-13-novembre-2025-n25-04949\/","url_meta":{"origin":670949,"position":5},"title":"Tribunal judiciaire de Marseille, le 13 novembre 2025, n\u00b025\/04949","author":"Kohen","date":"8 de Abril, 2026","format":false,"excerpt":"Le tribunal judiciaire de Marseille, statuant en r\u00e9f\u00e9r\u00e9 par le juge des contentieux de la protection, a rendu une ordonnance le 13 novembre 2025. Le bailleur...","rel":"","context":"In &quot;Jurisprudence&quot;","block_context":{"text":"Jurisprudence","link":"https:\/\/kohenavocats.com\/category\/jurisprudence\/"},"img":{"alt_text":"","src":"https:\/\/i0.wp.com\/kohenavocats.com\/wp-content\/uploads\/2024\/07\/henry-be-Pg63JThyCg-unsplash.webp?resize=350%2C200&ssl=1","width":350,"height":200,"srcset":"https:\/\/i0.wp.com\/kohenavocats.com\/wp-content\/uploads\/2024\/07\/henry-be-Pg63JThyCg-unsplash.webp?resize=350%2C200&ssl=1 1x, https:\/\/i0.wp.com\/kohenavocats.com\/wp-content\/uploads\/2024\/07\/henry-be-Pg63JThyCg-unsplash.webp?resize=525%2C300&ssl=1 1.5x, https:\/\/i0.wp.com\/kohenavocats.com\/wp-content\/uploads\/2024\/07\/henry-be-Pg63JThyCg-unsplash.webp?resize=700%2C400&ssl=1 2x, https:\/\/i0.wp.com\/kohenavocats.com\/wp-content\/uploads\/2024\/07\/henry-be-Pg63JThyCg-unsplash.webp?resize=1050%2C600&ssl=1 3x, https:\/\/i0.wp.com\/kohenavocats.com\/wp-content\/uploads\/2024\/07\/henry-be-Pg63JThyCg-unsplash.webp?resize=1400%2C800&ssl=1 4x"},"classes":[]}],"jetpack_sharing_enabled":true,"_links":{"self":[{"href":"https:\/\/kohenavocats.com\/pt-pt\/wp-json\/wp\/v2\/posts\/670949","targetHints":{"allow":["GET"]}}],"collection":[{"href":"https:\/\/kohenavocats.com\/pt-pt\/wp-json\/wp\/v2\/posts"}],"about":[{"href":"https:\/\/kohenavocats.com\/pt-pt\/wp-json\/wp\/v2\/types\/post"}],"author":[{"embeddable":true,"href":"https:\/\/kohenavocats.com\/pt-pt\/wp-json\/wp\/v2\/users\/232070755"}],"replies":[{"embeddable":true,"href":"https:\/\/kohenavocats.com\/pt-pt\/wp-json\/wp\/v2\/comments?post=670949"}],"version-history":[{"count":0,"href":"https:\/\/kohenavocats.com\/pt-pt\/wp-json\/wp\/v2\/posts\/670949\/revisions"}],"wp:featuredmedia":[{"embeddable":true,"href":"https:\/\/kohenavocats.com\/pt-pt\/wp-json\/wp\/v2\/media\/4904"}],"wp:attachment":[{"href":"https:\/\/kohenavocats.com\/pt-pt\/wp-json\/wp\/v2\/media?parent=670949"}],"wp:term":[{"taxonomy":"category","embeddable":true,"href":"https:\/\/kohenavocats.com\/pt-pt\/wp-json\/wp\/v2\/categories?post=670949"},{"taxonomy":"post_tag","embeddable":true,"href":"https:\/\/kohenavocats.com\/pt-pt\/wp-json\/wp\/v2\/tags?post=670949"}],"curies":[{"name":"wp","href":"https:\/\/api.w.org\/{rel}","templated":true}]}}