{"id":670950,"date":"2026-04-24T08:34:29","date_gmt":"2026-04-24T06:34:29","guid":{"rendered":"https:\/\/kohenavocats.com\/tribunal-judiciaire-de-orleans-le-18-septembre-2025-n23-02533\/"},"modified":"2026-04-24T08:34:29","modified_gmt":"2026-04-24T06:34:29","slug":"tribunal-judiciaire-de-orleans-le-18-septembre-2025-n23-02533","status":"publish","type":"post","link":"https:\/\/kohenavocats.com\/pt-pt\/tribunal-judiciaire-de-orleans-le-18-septembre-2025-n23-02533\/","title":{"rendered":"Tribunal judiciaire de Orl\u00e9ans, le 18 septembre 2025, n\u00b023\/02533"},"content":{"rendered":"<div class=\"article-content\">\n<p>Le tribunal judiciaire d&#8217;Orl\u00e9ans, statuant le 18 septembre 2025, a \u00e9t\u00e9 saisi d&#8217;un litige cons\u00e9cutif \u00e0 la vente d&#8217;un v\u00e9hicule d&#8217;occasion. L&#8217;acqu\u00e9reur, personne physique, a constat\u00e9 des dysfonctionnements de la bo\u00eete de vitesse peu apr\u00e8s l&#8217;achat aupr\u00e8s d&#8217;un vendeur professionnel. La juridiction a d\u00fb d\u00e9terminer si les r\u00e8gles protectrices du consommateur \u00e9taient applicables et caract\u00e9riser la nature du vice. Elle a fait droit aux demandes de l&#8217;acheteur en condamnant le vendeur au remboursement des frais de r\u00e9paration et \u00e0 des dommages-int\u00e9r\u00eats.<\/p>\n<p>L&#8217;application du droit de la consommation au v\u00e9hicule d&#8217;occasion<\/p>\n<p><em>La qualification de consommateur retenue<\/em><br \/>\nL&#8217;acheteur a acquis le v\u00e9hicule en tant que personne physique pour ses besoins personnels. Le tribunal \u00e9tablit que cette destination exclusive \u00e0 la vie priv\u00e9e emporte l&#8217;application du code de la consommation. &#8220;Ces dispositions sont applicables au pr\u00e9sent litige quelle que soit la profession de Monsieur [Z] puisqu\u2019il a \u00e9t\u00e9 \u00e9tabli et d\u00e9montr\u00e9 ci-dessus que cette acquisition du v\u00e9hicule BMW litigieux du 16 juillet 2021 \u00e9tait exclusivement destin\u00e9e \u00e0 ses besoins personnels et \u00e0 sa vie priv\u00e9e.&#8221; (Motifs de la d\u00e9cision). La port\u00e9e de cette analyse est essentielle car elle \u00e9carte tout d\u00e9bat sur la profession de l&#8217;acqu\u00e9reur. La valeur de la solution r\u00e9side dans l&#8217;appr\u00e9ciation concr\u00e8te de la finalit\u00e9 de l&#8217;acquisition, prot\u00e9geant ainsi l&#8217;acheteur non professionnel.<\/p>\n<p><em>La pr\u00e9somption de d\u00e9livrance non conforme<\/em><br \/>\nLe d\u00e9faut est apparu moins de six mois apr\u00e8s la vente du bien d&#8217;occasion. Le juge applique le r\u00e9gime protecteur de l&#8217;article L. 217-7 du code de la consommation sans exiger la preuve de l&#8217;ant\u00e9riorit\u00e9 du vice. &#8220;Le d\u00e9faut de conformit\u00e9 affectant la bo\u00eete de vitesses est survenu moins de six mois apr\u00e8s l\u2019achat du v\u00e9hicule d\u2019occasion concern\u00e9, de sorte qu\u2019il importe peu qu\u2019il puisse \u00eatre d\u00e9montr\u00e9 que ce d\u00e9faut existait de fa\u00e7on certaine au moment de l\u2019achat&#8221; (Motifs de la d\u00e9cision). Cette interpr\u00e9tation renforce la s\u00e9curit\u00e9 juridique du consommateur. Elle rejoint une jurisprudence constante, comme le rappelle un tribunal en indiquant que &#8220;les d\u00e9fauts de conformit\u00e9 qui apparaissent dans un d\u00e9lai de douze mois \u00e0 compter de la d\u00e9livrance du bien d\u2019occasion, sont, sauf preuve contraire, pr\u00e9sum\u00e9s exister au moment de la d\u00e9livrance&#8221; (Tribunal judiciaire de Versailles, le 10 f\u00e9vrier 2026, n\u00b025\/00710).<\/p>\n<p>La caract\u00e9risation du d\u00e9faut et la r\u00e9paration du pr\u00e9judice<\/p>\n<p><em>L&#8217;impropri\u00e9t\u00e9 \u00e0 l&#8217;usage attendu du v\u00e9hicule<\/em><br \/>\nLe dysfonctionnement de la bo\u00eete de vitesses emp\u00eache une utilisation normale de l&#8217;automobile. Le tribunal qualifie cela de d\u00e9faut de conformit\u00e9 au sens l\u00e9gal, rendant le bien impropre \u00e0 son usage. &#8220;Le non fonctionnement de la bo\u00eete de vitesses du v\u00e9hicule BMW acquis le 16 juillet 2021 rel\u00e8ve d\u2019un d\u00e9faut de conformit\u00e9 comme le rendant impropre \u00e0 l\u2019usage habituellement attendu d\u2019un v\u00e9hicule automobile, au sens des dispositions de l\u2019article L217-5 du code de la consommation.&#8221; (Motifs de la d\u00e9cision). Le sens de cette qualification est d&#8217;ancrer le litige dans le champ de la garantie l\u00e9gale de conformit\u00e9. Sa port\u00e9e pratique est d&#8217;offrir \u00e0 l&#8217;acheteur le choix entre la r\u00e9paration et le remplacement du bien.<\/p>\n<p><em>L&#8217;\u00e9valuation et l&#8217;indemnisation du pr\u00e9judice subi<\/em><br \/>\nL&#8217;acheteur ayant opt\u00e9 pour la r\u00e9paration, le tribunal alloue le montant du devis correspondant. Il reconna\u00eet \u00e9galement un pr\u00e9judice de jouissance distinct du simple co\u00fbt de la r\u00e9paration. &#8220;La somme de 800 euros lui sera allou\u00e9e \u00e0 titre de dommages et int\u00e9r\u00eats en r\u00e9paration du pr\u00e9judice de jouissance de fait subi cons\u00e9cutivement \u00e0 l\u2019absence d\u2019utilisation normale du v\u00e9hicule acquis possible&#8221; (Motifs de la d\u00e9cision). La valeur de cette d\u00e9cision est de dissocier la remise en \u00e9tat mat\u00e9rielle de l&#8217;indemnisation de la g\u00eane subie. La port\u00e9e en est la cons\u00e9cration d&#8217;un pr\u00e9judice autonome li\u00e9 \u00e0 la privation de l&#8217;usage du bien conforme.<\/p>\n<\/div>\n","protected":false},"excerpt":{"rendered":"<p>Le tribunal judiciaire d&#8217;Orl\u00e9ans, statuant le 18 septembre 2025, a \u00e9t\u00e9 saisi d&#8217;un litige cons\u00e9cutif \u00e0 la vente d&#8217;un v\u00e9hicule d&#8217;occasion. L&#8217;acqu\u00e9reur, personn&#8230;<\/p>\n","protected":false},"author":232070755,"featured_media":9736,"comment_status":"open","ping_status":"open","sticky":false,"template":"","format":"standard","meta":{"_crdt_document":"","_jetpack_newsletter_access":"","_jetpack_dont_email_post_to_subs":false,"_jetpack_newsletter_tier_id":0,"_jetpack_memberships_contains_paywalled_content":false,"_kj_source_type":"","_kj_official_id":"","_kj_official_url":"","_kj_judilibre_id":"","_kj_jur":"","_kj_lieu":"","_kj_chambre":"","_kj_rg":"","_kj_date":"","_jetpack_memberships_contains_paid_content":false,"footnotes":"","jetpack_post_was_ever_published":false},"categories":[7597],"tags":[],"class_list":["post-670950","post","type-post","status-publish","format-standard","has-post-thumbnail","hentry","category-jurisprudence"],"yoast_head":"<!-- This site is optimized with the Yoast SEO Premium plugin v27.5 (Yoast SEO v27.5) - https:\/\/yoast.com\/product\/yoast-seo-premium-wordpress\/ -->\n<title>Tribunal judiciaire de Orl\u00e9ans, le 18 septembre 2025, n\u00b023\/02533 - Ma\u00eetre Hassan Kohen, avocat en droit p\u00e9nal \u00e0 Paris<\/title>\n<meta name=\"description\" content=\"Le tribunal judiciaire d&#039;Orl\u00e9ans, statuant le 18 septembre 2025, a \u00e9t\u00e9 saisi d&#039;un litige cons\u00e9cutif \u00e0 la vente d&#039;un v\u00e9hicule d&#039;occasion. L&#039;acqu\u00e9reur, personn...\" \/>\n<meta name=\"robots\" content=\"index, follow, max-snippet:-1, max-image-preview:large, max-video-preview:-1\" \/>\n<link rel=\"canonical\" href=\"https:\/\/kohenavocats.com\/pt-pt\/tribunal-judiciaire-de-orleans-le-18-septembre-2025-n23-02533\/\" \/>\n<meta property=\"og:locale\" content=\"pt_PT\" \/>\n<meta property=\"og:type\" content=\"article\" \/>\n<meta property=\"og:title\" content=\"Tribunal judiciaire de Orl\u00e9ans, le 18 septembre 2025, n\u00b023\/02533\" \/>\n<meta property=\"og:description\" content=\"Le tribunal judiciaire d&#039;Orl\u00e9ans, statuant le 18 septembre 2025, a \u00e9t\u00e9 saisi d&#039;un litige cons\u00e9cutif \u00e0 la vente d&#039;un v\u00e9hicule d&#039;occasion. L&#039;acqu\u00e9reur, personn...\" \/>\n<meta property=\"og:url\" content=\"https:\/\/kohenavocats.com\/pt-pt\/tribunal-judiciaire-de-orleans-le-18-septembre-2025-n23-02533\/\" \/>\n<meta property=\"og:site_name\" content=\"Ma\u00eetre Hassan Kohen, avocat en droit p\u00e9nal \u00e0 Paris\" \/>\n<meta property=\"article:published_time\" content=\"2026-04-24T06:34:29+00:00\" \/>\n<meta property=\"og:image\" content=\"https:\/\/kohenavocats.com\/wp-content\/uploads\/2024\/11\/mourad-saadi-LWhFQL0hL7o-unsplash.webp\" \/>\n\t<meta property=\"og:image:width\" content=\"5012\" \/>\n\t<meta property=\"og:image:height\" content=\"3346\" \/>\n\t<meta property=\"og:image:type\" content=\"image\/webp\" \/>\n<meta name=\"author\" content=\"Kohen\" \/>\n<meta name=\"twitter:card\" content=\"summary_large_image\" \/>\n<meta name=\"twitter:label1\" content=\"Escrito por\" \/>\n\t<meta name=\"twitter:data1\" content=\"Kohen\" \/>\n\t<meta name=\"twitter:label2\" content=\"Tempo estimado de leitura\" \/>\n\t<meta name=\"twitter:data2\" content=\"3 minutos\" \/>\n<script type=\"application\/ld+json\" class=\"yoast-schema-graph\">{\"@context\":\"https:\\\/\\\/schema.org\",\"@graph\":[{\"@type\":\"Article\",\"@id\":\"https:\\\/\\\/kohenavocats.com\\\/pt-pt\\\/tribunal-judiciaire-de-orleans-le-18-septembre-2025-n23-02533\\\/#article\",\"isPartOf\":{\"@id\":\"https:\\\/\\\/kohenavocats.com\\\/pt-pt\\\/tribunal-judiciaire-de-orleans-le-18-septembre-2025-n23-02533\\\/\"},\"author\":{\"name\":\"Kohen\",\"@id\":\"https:\\\/\\\/kohenavocats.com\\\/pt-pt\\\/#\\\/schema\\\/person\\\/761c9ba54fa1ca84d405cef0831ff751\"},\"headline\":\"Tribunal judiciaire de Orl\u00e9ans, le 18 septembre 2025, n\u00b023\\\/02533\",\"datePublished\":\"2026-04-24T06:34:29+00:00\",\"mainEntityOfPage\":{\"@id\":\"https:\\\/\\\/kohenavocats.com\\\/pt-pt\\\/tribunal-judiciaire-de-orleans-le-18-septembre-2025-n23-02533\\\/\"},\"wordCount\":719,\"commentCount\":0,\"publisher\":{\"@id\":\"https:\\\/\\\/kohenavocats.com\\\/pt-pt\\\/#organization\"},\"image\":{\"@id\":\"https:\\\/\\\/kohenavocats.com\\\/pt-pt\\\/tribunal-judiciaire-de-orleans-le-18-septembre-2025-n23-02533\\\/#primaryimage\"},\"thumbnailUrl\":\"https:\\\/\\\/kohenavocats.com\\\/wp-content\\\/uploads\\\/2024\\\/11\\\/mourad-saadi-LWhFQL0hL7o-unsplash.webp\",\"articleSection\":[\"Jurisprudence\"],\"inLanguage\":\"pt-PT\",\"potentialAction\":[{\"@type\":\"CommentAction\",\"name\":\"Comment\",\"target\":[\"https:\\\/\\\/kohenavocats.com\\\/pt-pt\\\/tribunal-judiciaire-de-orleans-le-18-septembre-2025-n23-02533\\\/#respond\"]}],\"citation\":\"Tribunal judiciaire de Orl\u00e9ans, le 18 septembre 2025, n\u00b023\\\/02533\",\"about\":[{\"@type\":\"Thing\",\"name\":\"Jurisprudence\"}],\"dateModified\":\"2026-04-24T06:34:29+00:00\",\"speakable\":{\"@type\":\"SpeakableSpecification\",\"cssSelector\":[\".article-content > p:first-of-type\"]}},{\"@type\":\"WebPage\",\"@id\":\"https:\\\/\\\/kohenavocats.com\\\/pt-pt\\\/tribunal-judiciaire-de-orleans-le-18-septembre-2025-n23-02533\\\/\",\"url\":\"https:\\\/\\\/kohenavocats.com\\\/pt-pt\\\/tribunal-judiciaire-de-orleans-le-18-septembre-2025-n23-02533\\\/\",\"name\":\"Tribunal judiciaire de Orl\u00e9ans, le 18 septembre 2025, n\u00b023\\\/02533 - Ma\u00eetre Hassan Kohen, avocat en droit p\u00e9nal \u00e0 Paris\",\"isPartOf\":{\"@id\":\"https:\\\/\\\/kohenavocats.com\\\/pt-pt\\\/#website\"},\"primaryImageOfPage\":{\"@id\":\"https:\\\/\\\/kohenavocats.com\\\/pt-pt\\\/tribunal-judiciaire-de-orleans-le-18-septembre-2025-n23-02533\\\/#primaryimage\"},\"image\":{\"@id\":\"https:\\\/\\\/kohenavocats.com\\\/pt-pt\\\/tribunal-judiciaire-de-orleans-le-18-septembre-2025-n23-02533\\\/#primaryimage\"},\"thumbnailUrl\":\"https:\\\/\\\/kohenavocats.com\\\/wp-content\\\/uploads\\\/2024\\\/11\\\/mourad-saadi-LWhFQL0hL7o-unsplash.webp\",\"datePublished\":\"2026-04-24T06:34:29+00:00\",\"description\":\"Le tribunal judiciaire d'Orl\u00e9ans, statuant le 18 septembre 2025, a \u00e9t\u00e9 saisi d'un litige cons\u00e9cutif \u00e0 la vente d'un v\u00e9hicule d'occasion. L'acqu\u00e9reur, personn...\",\"breadcrumb\":{\"@id\":\"https:\\\/\\\/kohenavocats.com\\\/pt-pt\\\/tribunal-judiciaire-de-orleans-le-18-septembre-2025-n23-02533\\\/#breadcrumb\"},\"inLanguage\":\"pt-PT\",\"potentialAction\":[{\"@type\":\"ReadAction\",\"target\":[\"https:\\\/\\\/kohenavocats.com\\\/pt-pt\\\/tribunal-judiciaire-de-orleans-le-18-septembre-2025-n23-02533\\\/\"]}]},{\"@type\":\"ImageObject\",\"inLanguage\":\"pt-PT\",\"@id\":\"https:\\\/\\\/kohenavocats.com\\\/pt-pt\\\/tribunal-judiciaire-de-orleans-le-18-septembre-2025-n23-02533\\\/#primaryimage\",\"url\":\"https:\\\/\\\/kohenavocats.com\\\/wp-content\\\/uploads\\\/2024\\\/11\\\/mourad-saadi-LWhFQL0hL7o-unsplash.webp\",\"contentUrl\":\"https:\\\/\\\/kohenavocats.com\\\/wp-content\\\/uploads\\\/2024\\\/11\\\/mourad-saadi-LWhFQL0hL7o-unsplash.webp\",\"width\":5012,\"height\":3346},{\"@type\":\"BreadcrumbList\",\"@id\":\"https:\\\/\\\/kohenavocats.com\\\/pt-pt\\\/tribunal-judiciaire-de-orleans-le-18-septembre-2025-n23-02533\\\/#breadcrumb\",\"itemListElement\":[{\"@type\":\"ListItem\",\"position\":1,\"name\":\"Home\",\"item\":\"https:\\\/\\\/kohenavocats.com\\\/pt-pt\\\/avocats-en-droit-penal-a-paris-conseil-et-defense-strategique\\\/\"},{\"@type\":\"ListItem\",\"position\":2,\"name\":\"Tribunal judiciaire de Orl\u00e9ans, le 18 septembre 2025, n\u00b023\\\/02533\"}]},{\"@type\":\"WebSite\",\"@id\":\"https:\\\/\\\/kohenavocats.com\\\/pt-pt\\\/#website\",\"url\":\"https:\\\/\\\/kohenavocats.com\\\/pt-pt\\\/\",\"name\":\"Kohen Avocats\",\"description\":\"Ma\u00eetre Hassan Kohen, avocat p\u00e9naliste \u00e0 Paris, intervient exclusivement en droit p\u00e9nal pour la d\u00e9fense des particuliers, notamment en mati\u00e8re d\u2019accusations de viol. Il assure un accompagnement rigoureux d\u00e8s la garde \u00e0 vue jusqu\u2019\u00e0 la Cour d\u2019assises, veillant au strict respect des garanties proc\u00e9durales.\",\"publisher\":{\"@id\":\"https:\\\/\\\/kohenavocats.com\\\/pt-pt\\\/#organization\"},\"potentialAction\":[{\"@type\":\"SearchAction\",\"target\":{\"@type\":\"EntryPoint\",\"urlTemplate\":\"https:\\\/\\\/kohenavocats.com\\\/pt-pt\\\/?s={search_term_string}\"},\"query-input\":{\"@type\":\"PropertyValueSpecification\",\"valueRequired\":true,\"valueName\":\"search_term_string\"}}],\"inLanguage\":\"pt-PT\"},{\"@type\":\"Organization\",\"@id\":\"https:\\\/\\\/kohenavocats.com\\\/pt-pt\\\/#organization\",\"name\":\"Kohen Avocats\",\"url\":\"https:\\\/\\\/kohenavocats.com\\\/pt-pt\\\/\",\"logo\":{\"@type\":\"ImageObject\",\"inLanguage\":\"pt-PT\",\"@id\":\"https:\\\/\\\/kohenavocats.com\\\/pt-pt\\\/#\\\/schema\\\/logo\\\/image\\\/\",\"url\":\"https:\\\/\\\/kohenavocats.com\\\/wp-content\\\/uploads\\\/2026\\\/01\\\/Logo-2-1.webp\",\"contentUrl\":\"https:\\\/\\\/kohenavocats.com\\\/wp-content\\\/uploads\\\/2026\\\/01\\\/Logo-2-1.webp\",\"width\":2114,\"height\":1253,\"caption\":\"Kohen Avocats\"},\"image\":{\"@id\":\"https:\\\/\\\/kohenavocats.com\\\/pt-pt\\\/#\\\/schema\\\/logo\\\/image\\\/\"}},{\"@type\":\"Person\",\"@id\":\"https:\\\/\\\/kohenavocats.com\\\/pt-pt\\\/#\\\/schema\\\/person\\\/761c9ba54fa1ca84d405cef0831ff751\",\"name\":\"Kohen\",\"image\":{\"@type\":\"ImageObject\",\"inLanguage\":\"pt-PT\",\"@id\":\"https:\\\/\\\/secure.gravatar.com\\\/avatar\\\/1c5e76ef76bbbfdd2b4da984e2bf2fa4056fd51a27d25ce2c332047f1dfd6e00?s=96&d=identicon&r=g\",\"url\":\"https:\\\/\\\/secure.gravatar.com\\\/avatar\\\/1c5e76ef76bbbfdd2b4da984e2bf2fa4056fd51a27d25ce2c332047f1dfd6e00?s=96&d=identicon&r=g\",\"contentUrl\":\"https:\\\/\\\/secure.gravatar.com\\\/avatar\\\/1c5e76ef76bbbfdd2b4da984e2bf2fa4056fd51a27d25ce2c332047f1dfd6e00?s=96&d=identicon&r=g\",\"caption\":\"Kohen\"},\"sameAs\":[\"https:\\\/\\\/www.linkedin.com\\\/in\\\/hassan-kohen-448548192\\\/\",\"https:\\\/\\\/www.youtube.com\\\/@Kohen-Avocats\"],\"url\":\"https:\\\/\\\/kohenavocats.com\\\/pt-pt\\\/author\\\/kohenmlk\\\/\"}]}<\/script>\n<!-- \/ Yoast SEO Premium plugin. -->","yoast_head_json":{"title":"Tribunal judiciaire de Orl\u00e9ans, le 18 septembre 2025, n\u00b023\/02533 - Ma\u00eetre Hassan Kohen, avocat en droit p\u00e9nal \u00e0 Paris","description":"Le tribunal judiciaire d'Orl\u00e9ans, statuant le 18 septembre 2025, a \u00e9t\u00e9 saisi d'un litige cons\u00e9cutif \u00e0 la vente d'un v\u00e9hicule d'occasion. L'acqu\u00e9reur, personn...","robots":{"index":"index","follow":"follow","max-snippet":"max-snippet:-1","max-image-preview":"max-image-preview:large","max-video-preview":"max-video-preview:-1"},"canonical":"https:\/\/kohenavocats.com\/pt-pt\/tribunal-judiciaire-de-orleans-le-18-septembre-2025-n23-02533\/","og_locale":"pt_PT","og_type":"article","og_title":"Tribunal judiciaire de Orl\u00e9ans, le 18 septembre 2025, n\u00b023\/02533","og_description":"Le tribunal judiciaire d'Orl\u00e9ans, statuant le 18 septembre 2025, a \u00e9t\u00e9 saisi d'un litige cons\u00e9cutif \u00e0 la vente d'un v\u00e9hicule d'occasion. L'acqu\u00e9reur, personn...","og_url":"https:\/\/kohenavocats.com\/pt-pt\/tribunal-judiciaire-de-orleans-le-18-septembre-2025-n23-02533\/","og_site_name":"Ma\u00eetre Hassan Kohen, avocat en droit p\u00e9nal \u00e0 Paris","article_published_time":"2026-04-24T06:34:29+00:00","og_image":[{"width":5012,"height":3346,"url":"https:\/\/kohenavocats.com\/wp-content\/uploads\/2024\/11\/mourad-saadi-LWhFQL0hL7o-unsplash.webp","type":"image\/webp"}],"author":"Kohen","twitter_card":"summary_large_image","twitter_misc":{"Escrito por":"Kohen","Tempo estimado de leitura":"3 minutos"},"schema":{"@context":"https:\/\/schema.org","@graph":[{"@type":"Article","@id":"https:\/\/kohenavocats.com\/pt-pt\/tribunal-judiciaire-de-orleans-le-18-septembre-2025-n23-02533\/#article","isPartOf":{"@id":"https:\/\/kohenavocats.com\/pt-pt\/tribunal-judiciaire-de-orleans-le-18-septembre-2025-n23-02533\/"},"author":{"name":"Kohen","@id":"https:\/\/kohenavocats.com\/pt-pt\/#\/schema\/person\/761c9ba54fa1ca84d405cef0831ff751"},"headline":"Tribunal judiciaire de Orl\u00e9ans, le 18 septembre 2025, n\u00b023\/02533","datePublished":"2026-04-24T06:34:29+00:00","mainEntityOfPage":{"@id":"https:\/\/kohenavocats.com\/pt-pt\/tribunal-judiciaire-de-orleans-le-18-septembre-2025-n23-02533\/"},"wordCount":719,"commentCount":0,"publisher":{"@id":"https:\/\/kohenavocats.com\/pt-pt\/#organization"},"image":{"@id":"https:\/\/kohenavocats.com\/pt-pt\/tribunal-judiciaire-de-orleans-le-18-septembre-2025-n23-02533\/#primaryimage"},"thumbnailUrl":"https:\/\/kohenavocats.com\/wp-content\/uploads\/2024\/11\/mourad-saadi-LWhFQL0hL7o-unsplash.webp","articleSection":["Jurisprudence"],"inLanguage":"pt-PT","potentialAction":[{"@type":"CommentAction","name":"Comment","target":["https:\/\/kohenavocats.com\/pt-pt\/tribunal-judiciaire-de-orleans-le-18-septembre-2025-n23-02533\/#respond"]}],"citation":"Tribunal judiciaire de Orl\u00e9ans, le 18 septembre 2025, n\u00b023\/02533","about":[{"@type":"Thing","name":"Jurisprudence"}],"dateModified":"2026-04-24T06:34:29+00:00","speakable":{"@type":"SpeakableSpecification","cssSelector":[".article-content > p:first-of-type"]}},{"@type":"WebPage","@id":"https:\/\/kohenavocats.com\/pt-pt\/tribunal-judiciaire-de-orleans-le-18-septembre-2025-n23-02533\/","url":"https:\/\/kohenavocats.com\/pt-pt\/tribunal-judiciaire-de-orleans-le-18-septembre-2025-n23-02533\/","name":"Tribunal judiciaire de Orl\u00e9ans, le 18 septembre 2025, n\u00b023\/02533 - Ma\u00eetre Hassan Kohen, avocat en droit p\u00e9nal \u00e0 Paris","isPartOf":{"@id":"https:\/\/kohenavocats.com\/pt-pt\/#website"},"primaryImageOfPage":{"@id":"https:\/\/kohenavocats.com\/pt-pt\/tribunal-judiciaire-de-orleans-le-18-septembre-2025-n23-02533\/#primaryimage"},"image":{"@id":"https:\/\/kohenavocats.com\/pt-pt\/tribunal-judiciaire-de-orleans-le-18-septembre-2025-n23-02533\/#primaryimage"},"thumbnailUrl":"https:\/\/kohenavocats.com\/wp-content\/uploads\/2024\/11\/mourad-saadi-LWhFQL0hL7o-unsplash.webp","datePublished":"2026-04-24T06:34:29+00:00","description":"Le tribunal judiciaire d'Orl\u00e9ans, statuant le 18 septembre 2025, a \u00e9t\u00e9 saisi d'un litige cons\u00e9cutif \u00e0 la vente d'un v\u00e9hicule d'occasion. L'acqu\u00e9reur, personn...","breadcrumb":{"@id":"https:\/\/kohenavocats.com\/pt-pt\/tribunal-judiciaire-de-orleans-le-18-septembre-2025-n23-02533\/#breadcrumb"},"inLanguage":"pt-PT","potentialAction":[{"@type":"ReadAction","target":["https:\/\/kohenavocats.com\/pt-pt\/tribunal-judiciaire-de-orleans-le-18-septembre-2025-n23-02533\/"]}]},{"@type":"ImageObject","inLanguage":"pt-PT","@id":"https:\/\/kohenavocats.com\/pt-pt\/tribunal-judiciaire-de-orleans-le-18-septembre-2025-n23-02533\/#primaryimage","url":"https:\/\/kohenavocats.com\/wp-content\/uploads\/2024\/11\/mourad-saadi-LWhFQL0hL7o-unsplash.webp","contentUrl":"https:\/\/kohenavocats.com\/wp-content\/uploads\/2024\/11\/mourad-saadi-LWhFQL0hL7o-unsplash.webp","width":5012,"height":3346},{"@type":"BreadcrumbList","@id":"https:\/\/kohenavocats.com\/pt-pt\/tribunal-judiciaire-de-orleans-le-18-septembre-2025-n23-02533\/#breadcrumb","itemListElement":[{"@type":"ListItem","position":1,"name":"Home","item":"https:\/\/kohenavocats.com\/pt-pt\/avocats-en-droit-penal-a-paris-conseil-et-defense-strategique\/"},{"@type":"ListItem","position":2,"name":"Tribunal judiciaire de Orl\u00e9ans, le 18 septembre 2025, n\u00b023\/02533"}]},{"@type":"WebSite","@id":"https:\/\/kohenavocats.com\/pt-pt\/#website","url":"https:\/\/kohenavocats.com\/pt-pt\/","name":"Kohen Avocats","description":"Ma\u00eetre Hassan Kohen, avocat p\u00e9naliste \u00e0 Paris, intervient exclusivement en droit p\u00e9nal pour la d\u00e9fense des particuliers, notamment en mati\u00e8re d\u2019accusations de viol. Il assure un accompagnement rigoureux d\u00e8s la garde \u00e0 vue jusqu\u2019\u00e0 la Cour d\u2019assises, veillant au strict respect des garanties proc\u00e9durales.","publisher":{"@id":"https:\/\/kohenavocats.com\/pt-pt\/#organization"},"potentialAction":[{"@type":"SearchAction","target":{"@type":"EntryPoint","urlTemplate":"https:\/\/kohenavocats.com\/pt-pt\/?s={search_term_string}"},"query-input":{"@type":"PropertyValueSpecification","valueRequired":true,"valueName":"search_term_string"}}],"inLanguage":"pt-PT"},{"@type":"Organization","@id":"https:\/\/kohenavocats.com\/pt-pt\/#organization","name":"Kohen Avocats","url":"https:\/\/kohenavocats.com\/pt-pt\/","logo":{"@type":"ImageObject","inLanguage":"pt-PT","@id":"https:\/\/kohenavocats.com\/pt-pt\/#\/schema\/logo\/image\/","url":"https:\/\/kohenavocats.com\/wp-content\/uploads\/2026\/01\/Logo-2-1.webp","contentUrl":"https:\/\/kohenavocats.com\/wp-content\/uploads\/2026\/01\/Logo-2-1.webp","width":2114,"height":1253,"caption":"Kohen Avocats"},"image":{"@id":"https:\/\/kohenavocats.com\/pt-pt\/#\/schema\/logo\/image\/"}},{"@type":"Person","@id":"https:\/\/kohenavocats.com\/pt-pt\/#\/schema\/person\/761c9ba54fa1ca84d405cef0831ff751","name":"Kohen","image":{"@type":"ImageObject","inLanguage":"pt-PT","@id":"https:\/\/secure.gravatar.com\/avatar\/1c5e76ef76bbbfdd2b4da984e2bf2fa4056fd51a27d25ce2c332047f1dfd6e00?s=96&d=identicon&r=g","url":"https:\/\/secure.gravatar.com\/avatar\/1c5e76ef76bbbfdd2b4da984e2bf2fa4056fd51a27d25ce2c332047f1dfd6e00?s=96&d=identicon&r=g","contentUrl":"https:\/\/secure.gravatar.com\/avatar\/1c5e76ef76bbbfdd2b4da984e2bf2fa4056fd51a27d25ce2c332047f1dfd6e00?s=96&d=identicon&r=g","caption":"Kohen"},"sameAs":["https:\/\/www.linkedin.com\/in\/hassan-kohen-448548192\/","https:\/\/www.youtube.com\/@Kohen-Avocats"],"url":"https:\/\/kohenavocats.com\/pt-pt\/author\/kohenmlk\/"}]}},"jetpack_featured_media_url":"https:\/\/kohenavocats.com\/wp-content\/uploads\/2024\/11\/mourad-saadi-LWhFQL0hL7o-unsplash.webp","jetpack_likes_enabled":false,"jetpack_shortlink":"https:\/\/wp.me\/peCrII-2OxM","jetpack-related-posts":[{"id":656773,"url":"https:\/\/kohenavocats.com\/pt-pt\/tribunal-judiciaire-de-orleans-le-30-septembre-2025-n24-05971\/","url_meta":{"origin":670950,"position":0},"title":"Tribunal judiciaire de Orl\u00e9ans, le 30 septembre 2025, n\u00b024\/05971","author":"Kohen","date":"23 de Abril, 2026","format":false,"excerpt":"Le tribunal judiciaire d'Orl\u00e9ans, le 30 septembre 2025, statue sur une demande en r\u00e9solution de vente pour vice cach\u00e9. L'acqu\u00e9reur d'un v\u00e9hicule d'occasion c...","rel":"","context":"In &quot;Jurisprudence&quot;","block_context":{"text":"Jurisprudence","link":"https:\/\/kohenavocats.com\/category\/jurisprudence\/"},"img":{"alt_text":"","src":"https:\/\/i0.wp.com\/kohenavocats.com\/wp-content\/uploads\/2024\/08\/jan-zinnbauer-XoiUrDgtB-g-unsplash.webp?resize=350%2C200&ssl=1","width":350,"height":200,"srcset":"https:\/\/i0.wp.com\/kohenavocats.com\/wp-content\/uploads\/2024\/08\/jan-zinnbauer-XoiUrDgtB-g-unsplash.webp?resize=350%2C200&ssl=1 1x, https:\/\/i0.wp.com\/kohenavocats.com\/wp-content\/uploads\/2024\/08\/jan-zinnbauer-XoiUrDgtB-g-unsplash.webp?resize=525%2C300&ssl=1 1.5x, https:\/\/i0.wp.com\/kohenavocats.com\/wp-content\/uploads\/2024\/08\/jan-zinnbauer-XoiUrDgtB-g-unsplash.webp?resize=700%2C400&ssl=1 2x, https:\/\/i0.wp.com\/kohenavocats.com\/wp-content\/uploads\/2024\/08\/jan-zinnbauer-XoiUrDgtB-g-unsplash.webp?resize=1050%2C600&ssl=1 3x, https:\/\/i0.wp.com\/kohenavocats.com\/wp-content\/uploads\/2024\/08\/jan-zinnbauer-XoiUrDgtB-g-unsplash.webp?resize=1400%2C800&ssl=1 4x"},"classes":[]},{"id":488569,"url":"https:\/\/kohenavocats.com\/pt-pt\/tribunal-judiciaire-de-aix-en-provence-le-24-novembre-2025-n24-02158\/","url_meta":{"origin":670950,"position":1},"title":"Tribunal judiciaire de Aix-en-Provence, le 24 novembre 2025, n\u00b024\/02158","author":"Kohen","date":"8 de Abril, 2026","format":false,"excerpt":"Le tribunal judiciaire d\u2019Aix-en-Provence, le 24 novembre 2025, statue sur une action en garantie apr\u00e8s la vente d\u2019un v\u00e9hicule d\u2019occasion. L\u2019acqu\u00e9reur invoque...","rel":"","context":"In &quot;Jurisprudence&quot;","block_context":{"text":"Jurisprudence","link":"https:\/\/kohenavocats.com\/category\/jurisprudence\/"},"img":{"alt_text":"","src":"https:\/\/i0.wp.com\/kohenavocats.com\/wp-content\/uploads\/2024\/11\/mohamed-nohassi-wHmB_RPpurI-unsplash.webp?resize=350%2C200&ssl=1","width":350,"height":200,"srcset":"https:\/\/i0.wp.com\/kohenavocats.com\/wp-content\/uploads\/2024\/11\/mohamed-nohassi-wHmB_RPpurI-unsplash.webp?resize=350%2C200&ssl=1 1x, https:\/\/i0.wp.com\/kohenavocats.com\/wp-content\/uploads\/2024\/11\/mohamed-nohassi-wHmB_RPpurI-unsplash.webp?resize=525%2C300&ssl=1 1.5x, https:\/\/i0.wp.com\/kohenavocats.com\/wp-content\/uploads\/2024\/11\/mohamed-nohassi-wHmB_RPpurI-unsplash.webp?resize=700%2C400&ssl=1 2x, https:\/\/i0.wp.com\/kohenavocats.com\/wp-content\/uploads\/2024\/11\/mohamed-nohassi-wHmB_RPpurI-unsplash.webp?resize=1050%2C600&ssl=1 3x, https:\/\/i0.wp.com\/kohenavocats.com\/wp-content\/uploads\/2024\/11\/mohamed-nohassi-wHmB_RPpurI-unsplash.webp?resize=1400%2C800&ssl=1 4x"},"classes":[]},{"id":491951,"url":"https:\/\/kohenavocats.com\/pt-pt\/tribunal-judiciaire-de-saint-omer-le-17-juin-2025-n25-00550\/","url_meta":{"origin":670950,"position":2},"title":"Tribunal judiciaire de Saint-Omer, le 17 juin 2025, n\u00b025\/00550","author":"Kohen","date":"8 de Abril, 2026","format":false,"excerpt":"Le tribunal judiciaire de Saint-Omer, statuant le 17 juin 2025, examine un litige cons\u00e9cutif \u00e0 la vente d'un v\u00e9hicule d'occasion. L'acqu\u00e9reur, agissant en qu...","rel":"","context":"In &quot;Jurisprudence&quot;","block_context":{"text":"Jurisprudence","link":"https:\/\/kohenavocats.com\/category\/jurisprudence\/"},"img":{"alt_text":"","src":"https:\/\/i0.wp.com\/kohenavocats.com\/wp-content\/uploads\/2024\/11\/arnaud-mariat-ilqys8HnQak-unsplash.webp?resize=350%2C200&ssl=1","width":350,"height":200,"srcset":"https:\/\/i0.wp.com\/kohenavocats.com\/wp-content\/uploads\/2024\/11\/arnaud-mariat-ilqys8HnQak-unsplash.webp?resize=350%2C200&ssl=1 1x, https:\/\/i0.wp.com\/kohenavocats.com\/wp-content\/uploads\/2024\/11\/arnaud-mariat-ilqys8HnQak-unsplash.webp?resize=525%2C300&ssl=1 1.5x, https:\/\/i0.wp.com\/kohenavocats.com\/wp-content\/uploads\/2024\/11\/arnaud-mariat-ilqys8HnQak-unsplash.webp?resize=700%2C400&ssl=1 2x, https:\/\/i0.wp.com\/kohenavocats.com\/wp-content\/uploads\/2024\/11\/arnaud-mariat-ilqys8HnQak-unsplash.webp?resize=1050%2C600&ssl=1 3x, https:\/\/i0.wp.com\/kohenavocats.com\/wp-content\/uploads\/2024\/11\/arnaud-mariat-ilqys8HnQak-unsplash.webp?resize=1400%2C800&ssl=1 4x"},"classes":[]},{"id":682519,"url":"https:\/\/kohenavocats.com\/pt-pt\/cour-dappel-de-amiens-le-10-juillet-2024-n22-02498\/","url_meta":{"origin":670950,"position":3},"title":"Cour d&#8217;appel de Amiens, le 10 juillet 2024, n\u00b022\/02498","author":"Kohen","date":"25 de Abril, 2026","format":false,"excerpt":"La cour d'appel d'Amiens, statuant le 10 juillet 2024, examine un litige n\u00e9 de la vente d'un v\u00e9hicule d'occasion. L'acheteur sollicite la r\u00e9solution de la ve...","rel":"","context":"In &quot;Jurisprudence&quot;","block_context":{"text":"Jurisprudence","link":"https:\/\/kohenavocats.com\/category\/jurisprudence\/"},"img":{"alt_text":"","src":"https:\/\/i0.wp.com\/kohenavocats.com\/wp-content\/uploads\/2024\/08\/karla-caloca-2uGxst615P4-unsplash.webp?resize=350%2C200&ssl=1","width":350,"height":200,"srcset":"https:\/\/i0.wp.com\/kohenavocats.com\/wp-content\/uploads\/2024\/08\/karla-caloca-2uGxst615P4-unsplash.webp?resize=350%2C200&ssl=1 1x, https:\/\/i0.wp.com\/kohenavocats.com\/wp-content\/uploads\/2024\/08\/karla-caloca-2uGxst615P4-unsplash.webp?resize=525%2C300&ssl=1 1.5x, https:\/\/i0.wp.com\/kohenavocats.com\/wp-content\/uploads\/2024\/08\/karla-caloca-2uGxst615P4-unsplash.webp?resize=700%2C400&ssl=1 2x, https:\/\/i0.wp.com\/kohenavocats.com\/wp-content\/uploads\/2024\/08\/karla-caloca-2uGxst615P4-unsplash.webp?resize=1050%2C600&ssl=1 3x, https:\/\/i0.wp.com\/kohenavocats.com\/wp-content\/uploads\/2024\/08\/karla-caloca-2uGxst615P4-unsplash.webp?resize=1400%2C800&ssl=1 4x"},"classes":[]},{"id":659582,"url":"https:\/\/kohenavocats.com\/pt-pt\/tribunal-judiciaire-de-nice-le-26-septembre-2025-n23-00271\/","url_meta":{"origin":670950,"position":4},"title":"Tribunal judiciaire de Nice, le 26 septembre 2025, n\u00b023\/00271","author":"Kohen","date":"23 de Abril, 2026","format":false,"excerpt":"Le Tribunal judiciaire de Nice, statuant le 26 septembre 2025, examine un litige cons\u00e9cutif \u00e0 la vente d\u2019un v\u00e9hicule d\u2019occasion. L\u2019acqu\u00e9reur agit en r\u00e9soluti...","rel":"","context":"In &quot;Jurisprudence&quot;","block_context":{"text":"Jurisprudence","link":"https:\/\/kohenavocats.com\/category\/jurisprudence\/"},"img":{"alt_text":"","src":"https:\/\/i0.wp.com\/kohenavocats.com\/wp-content\/uploads\/2024\/11\/aakash-dhage-nARm1vWkl1I-unsplash.webp?resize=350%2C200&ssl=1","width":350,"height":200,"srcset":"https:\/\/i0.wp.com\/kohenavocats.com\/wp-content\/uploads\/2024\/11\/aakash-dhage-nARm1vWkl1I-unsplash.webp?resize=350%2C200&ssl=1 1x, https:\/\/i0.wp.com\/kohenavocats.com\/wp-content\/uploads\/2024\/11\/aakash-dhage-nARm1vWkl1I-unsplash.webp?resize=525%2C300&ssl=1 1.5x, https:\/\/i0.wp.com\/kohenavocats.com\/wp-content\/uploads\/2024\/11\/aakash-dhage-nARm1vWkl1I-unsplash.webp?resize=700%2C400&ssl=1 2x, https:\/\/i0.wp.com\/kohenavocats.com\/wp-content\/uploads\/2024\/11\/aakash-dhage-nARm1vWkl1I-unsplash.webp?resize=1050%2C600&ssl=1 3x, https:\/\/i0.wp.com\/kohenavocats.com\/wp-content\/uploads\/2024\/11\/aakash-dhage-nARm1vWkl1I-unsplash.webp?resize=1400%2C800&ssl=1 4x"},"classes":[]},{"id":682988,"url":"https:\/\/kohenavocats.com\/pt-pt\/tribunal-judiciaire-de-orleans-le-17-septembre-2025-n23-00373\/","url_meta":{"origin":670950,"position":5},"title":"Tribunal judiciaire de Orl\u00e9ans, le 17 septembre 2025, n\u00b023\/00373","author":"Kohen","date":"25 de Abril, 2026","format":false,"excerpt":"Le tribunal judiciaire, par jugement du 17 septembre 2025, a annul\u00e9 une vente de v\u00e9hicule d'occasion pour r\u00e9ticence dolosive. Un couple d'acqu\u00e9reurs profanes...","rel":"","context":"In &quot;Jurisprudence&quot;","block_context":{"text":"Jurisprudence","link":"https:\/\/kohenavocats.com\/category\/jurisprudence\/"},"img":{"alt_text":"","src":"https:\/\/i0.wp.com\/kohenavocats.com\/wp-content\/uploads\/2024\/11\/getty-images-2F-9_XQYhP8-unsplash.webp?resize=350%2C200&ssl=1","width":350,"height":200,"srcset":"https:\/\/i0.wp.com\/kohenavocats.com\/wp-content\/uploads\/2024\/11\/getty-images-2F-9_XQYhP8-unsplash.webp?resize=350%2C200&ssl=1 1x, https:\/\/i0.wp.com\/kohenavocats.com\/wp-content\/uploads\/2024\/11\/getty-images-2F-9_XQYhP8-unsplash.webp?resize=525%2C300&ssl=1 1.5x, https:\/\/i0.wp.com\/kohenavocats.com\/wp-content\/uploads\/2024\/11\/getty-images-2F-9_XQYhP8-unsplash.webp?resize=700%2C400&ssl=1 2x, https:\/\/i0.wp.com\/kohenavocats.com\/wp-content\/uploads\/2024\/11\/getty-images-2F-9_XQYhP8-unsplash.webp?resize=1050%2C600&ssl=1 3x, https:\/\/i0.wp.com\/kohenavocats.com\/wp-content\/uploads\/2024\/11\/getty-images-2F-9_XQYhP8-unsplash.webp?resize=1400%2C800&ssl=1 4x"},"classes":[]}],"jetpack_sharing_enabled":true,"_links":{"self":[{"href":"https:\/\/kohenavocats.com\/pt-pt\/wp-json\/wp\/v2\/posts\/670950","targetHints":{"allow":["GET"]}}],"collection":[{"href":"https:\/\/kohenavocats.com\/pt-pt\/wp-json\/wp\/v2\/posts"}],"about":[{"href":"https:\/\/kohenavocats.com\/pt-pt\/wp-json\/wp\/v2\/types\/post"}],"author":[{"embeddable":true,"href":"https:\/\/kohenavocats.com\/pt-pt\/wp-json\/wp\/v2\/users\/232070755"}],"replies":[{"embeddable":true,"href":"https:\/\/kohenavocats.com\/pt-pt\/wp-json\/wp\/v2\/comments?post=670950"}],"version-history":[{"count":0,"href":"https:\/\/kohenavocats.com\/pt-pt\/wp-json\/wp\/v2\/posts\/670950\/revisions"}],"wp:featuredmedia":[{"embeddable":true,"href":"https:\/\/kohenavocats.com\/pt-pt\/wp-json\/wp\/v2\/media\/9736"}],"wp:attachment":[{"href":"https:\/\/kohenavocats.com\/pt-pt\/wp-json\/wp\/v2\/media?parent=670950"}],"wp:term":[{"taxonomy":"category","embeddable":true,"href":"https:\/\/kohenavocats.com\/pt-pt\/wp-json\/wp\/v2\/categories?post=670950"},{"taxonomy":"post_tag","embeddable":true,"href":"https:\/\/kohenavocats.com\/pt-pt\/wp-json\/wp\/v2\/tags?post=670950"}],"curies":[{"name":"wp","href":"https:\/\/api.w.org\/{rel}","templated":true}]}}