{"id":672988,"date":"2026-04-24T14:46:55","date_gmt":"2026-04-24T12:46:55","guid":{"rendered":"https:\/\/kohenavocats.com\/prise-empreintes-audition-libre-refus-taj-avocat\/"},"modified":"2026-04-26T17:25:48","modified_gmt":"2026-04-26T15:25:48","slug":"prise-empreintes-audition-libre-refus-taj-avocat","status":"publish","type":"post","link":"https:\/\/kohenavocats.com\/pt-pt\/prise-empreintes-audition-libre-refus-taj-avocat\/","title":{"rendered":"Prise d&#8217;empreintes en audition libre : peut-on refuser et que risque-t-on ?"},"content":{"rendered":"<p>Vous \u00eates convoqu\u00e9 au commissariat ou \u00e0 la gendarmerie pour une audition libre. \u00c0 la fin de l&#8217;audition, l&#8217;enqu\u00eateur demande vos empreintes, votre photographie, parfois d&#8217;autres relev\u00e9s. Beaucoup d\u00e9couvrent \u00e0 ce moment que l&#8217;audition n&#8217;est pas seulement un \u00e9change oral. Elle laisse des traces dans un proc\u00e8s-verbal, mais aussi dans des fichiers de police.<\/p>\n<p>La bonne r\u00e9action n&#8217;est pas de r\u00e9pondre \u00e0 chaud. Il faut d&#8217;abord comprendre trois choses : sous quel statut vous \u00eates entendu, quelle infraction est vis\u00e9e, et ce que l&#8217;enqu\u00eateur veut exactement relever. Une empreinte prise sans discussion peut ensuite nourrir un fichier. Un refus mal formul\u00e9 peut cr\u00e9er une difficult\u00e9 p\u00e9nale secondaire. Une signature du proc\u00e8s-verbal sans observation peut rendre plus difficile la contestation ult\u00e9rieure.<\/p>\n<p>L&#8217;angle est donc pratique : que faire quand la demande arrive, que faut-il v\u00e9rifier avant de donner ses empreintes, et comment \u00e9viter qu&#8217;une audition libre devienne un dossier mal ma\u00eetris\u00e9.<\/p>\n<h2>Pourquoi les empreintes sont demand\u00e9es pendant une audition libre<\/h2>\n<p>L&#8217;audition libre permet d&#8217;entendre une personne soup\u00e7onn\u00e9e sans la placer en <a href=\"https:\/\/kohenavocats.com\/avocats-en-droit-penal-a-paris-conseil-et-defense-strategique\/avocats-garde-a-vue-paris\/\" target=\"_blank\" title=\"garde \u00e0 vue\">garde \u00e0 vue<\/a>. Le r\u00e9gime reste encadr\u00e9 par l&#8217;<a href=\"https:\/\/www.legifrance.gouv.fr\/codes\/article_lc\/LEGIARTI000042915707\">article 61-1 du Code de proc\u00e9dure p\u00e9nale<\/a>. La personne doit notamment \u00eatre inform\u00e9e de l&#8217;infraction vis\u00e9e, de son droit de quitter les locaux, de son droit de se taire et, lorsque l&#8217;infraction est punie d&#8217;emprisonnement, de son droit \u00e0 l&#8217;avocat.<\/p>\n<p>Les relev\u00e9s signal\u00e9tiques rel\u00e8vent d&#8217;un autre texte. L&#8217;<a href=\"https:\/\/www.legifrance.gouv.fr\/codes\/article_lc\/LEGIARTI000048441923\">article 55-1 du Code de proc\u00e9dure p\u00e9nale<\/a> permet \u00e0 l&#8217;officier de police judiciaire de faire proc\u00e9der, sous son contr\u00f4le, \u00e0 des relev\u00e9s comme les empreintes digitales, les empreintes palmaires ou les photographies, lorsqu&#8217;ils sont n\u00e9cessaires \u00e0 l&#8217;enqu\u00eate et aux fichiers de police.<\/p>\n<p>En pratique, ces relev\u00e9s servent \u00e0 plusieurs usages :<\/p>\n<ul>\n<li>identifier la personne entendue ;<\/li>\n<li>comparer ses traces avec celles trouv\u00e9es dans le dossier ;<\/li>\n<li>alimenter ou consulter les fichiers de police ;<\/li>\n<li>conserver une trace de l&#8217;enqu\u00eate si le parquet d\u00e9cide plus tard de poursuivre, de classer ou d&#8217;orienter vers une mesure alternative.<\/li>\n<\/ul>\n<p>Le probl\u00e8me vient rarement de la prise mat\u00e9rielle des empreintes. Le vrai sujet est la suite : quel fichier, quelle dur\u00e9e de conservation, quelle cons\u00e9quence si le dossier est class\u00e9, et quelle demande d&#8217;effacement pourra \u00eatre faite ensuite.<\/p>\n<h2>Peut-on refuser la prise d&#8217;empreintes ?<\/h2>\n<p>La question est plus risqu\u00e9e qu&#8217;elle n&#8217;en a l&#8217;air. Une personne entendue librement peut quitter les locaux. C&#8217;est l&#8217;un des droits fondamentaux de l&#8217;audition libre. Mais le refus de se soumettre \u00e0 des relev\u00e9s ordonn\u00e9s par l&#8217;officier de police judiciaire peut \u00eatre poursuivi lorsque les conditions de l&#8217;article 55-1 sont r\u00e9unies.<\/p>\n<p>Le texte pr\u00e9voit une peine d&#8217;un an d&#8217;emprisonnement et 15 000 euros d&#8217;amende pour le refus, par une personne soup\u00e7onn\u00e9e, de se soumettre aux op\u00e9rations vis\u00e9es. Ce risque ne doit pas \u00eatre trait\u00e9 comme une menace abstraite. Dans certains dossiers, le refus d&#8217;empreintes devient une infraction autonome, plus simple \u00e0 prouver que l&#8217;infraction initialement reproch\u00e9e.<\/p>\n<p>Il existe toutefois une distinction importante. La personne entendue en audition libre n&#8217;est pas en garde \u00e0 vue. Elle n&#8217;est pas retenue sous contrainte pour l&#8217;audition elle-m\u00eame. Le Conseil d&#8217;\u00c9tat a rappel\u00e9, dans le prolongement de la d\u00e9cision constitutionnelle de 2023, que la prise d&#8217;empreintes ou de photographies sans consentement dans le cadre de l&#8217;audition libre a \u00e9t\u00e9 censur\u00e9e pour ce qui concerne la contrainte physique appliqu\u00e9e \u00e0 ce statut. Autrement dit, il faut distinguer le risque p\u00e9nal du refus et la possibilit\u00e9 d&#8217;imposer mat\u00e9riellement le relev\u00e9.<\/p>\n<p>Pour une personne convoqu\u00e9e, cette nuance change la m\u00e9thode. Il ne faut pas simplement dire &#8220;je refuse&#8221; puis partir. Il faut demander la base l\u00e9gale, faire pr\u00e9ciser le statut, demander l&#8217;avocat si l&#8217;infraction permet son assistance, et faire inscrire les observations utiles au proc\u00e8s-verbal.<\/p>\n<h2>Les questions \u00e0 poser avant toute empreinte<\/h2>\n<p>Avant de donner ses empreintes, la personne entendue ou son avocat doit obtenir des r\u00e9ponses pr\u00e9cises.<\/p>\n<p>Premi\u00e8re question : suis-je entendu comme suspect ou comme t\u00e9moin ? Un t\u00e9moin simple n&#8217;est pas dans la m\u00eame situation qu&#8217;une personne contre laquelle il existe des raisons plausibles de soup\u00e7onner une infraction. La notification des droits doit \u00eatre coh\u00e9rente avec le statut r\u00e9el.<\/p>\n<p>Deuxi\u00e8me question : quelle infraction est vis\u00e9e ? La convocation peut \u00eatre vague. Le proc\u00e8s-verbal doit permettre de comprendre la qualification, la date et le lieu pr\u00e9sum\u00e9s des faits. Si l&#8217;infraction est punie d&#8217;emprisonnement, le droit \u00e0 l&#8217;avocat doit \u00eatre notifi\u00e9.<\/p>\n<p>Troisi\u00e8me question : quels relev\u00e9s sont demand\u00e9s ? Empreintes digitales, empreintes palmaires, photographie, pr\u00e9l\u00e8vement biologique, comparaison avec des traces : ces actes ne se confondent pas. Le fichier concern\u00e9 n&#8217;est pas toujours le m\u00eame.<\/p>\n<p>Quatri\u00e8me question : l&#8217;acte est-il n\u00e9cessaire \u00e0 l&#8217;enqu\u00eate ? Une demande automatique, sans lien avec les faits, doit \u00eatre interrog\u00e9e. Dans un dossier de violences, de vol, de stup\u00e9fiants ou de d\u00e9gradation, la logique peut \u00eatre diff\u00e9rente selon l&#8217;existence de traces \u00e0 comparer.<\/p>\n<p>Cinqui\u00e8me question : que va mentionner le proc\u00e8s-verbal ? C&#8217;est souvent le point d\u00e9cisif. Le PV ne doit pas transformer une demande de temps, d&#8217;avocat ou d&#8217;explication en refus sec et hostile. Les mots utilis\u00e9s dans le PV peuvent ensuite peser plus que l&#8217;\u00e9change oral.<\/p>\n<h2>Pourquoi l&#8217;avocat doit intervenir avant la signature du PV<\/h2>\n<p>L&#8217;audition libre donne parfois une fausse impression de simplicit\u00e9. La personne est venue seule. Elle n&#8217;est pas menott\u00e9e. Elle pense pouvoir &#8220;expliquer&#8221;. Puis la situation se d\u00e9place : questions suggestives, confrontation avec une plainte, demande d&#8217;empreintes, signature d&#8217;un proc\u00e8s-verbal, puis attente de plusieurs mois.<\/p>\n<p>L&#8217;avocat intervient \u00e0 trois moments.<\/p>\n<p>D&#8217;abord avant l&#8217;audition, pour identifier le risque. Une convocation pour &#8220;affaire vous concernant&#8221; ne dit pas tout. Le cabinet peut pr\u00e9parer une strat\u00e9gie de silence, de d\u00e9clarations courtes, de production de pi\u00e8ces ou de demande de report.<\/p>\n<p>Ensuite pendant l&#8217;audition, lorsque l&#8217;infraction est punie d&#8217;emprisonnement. L&#8217;avocat v\u00e9rifie la notification des droits, la formulation des questions, le respect du droit au silence, et la mani\u00e8re dont les r\u00e9ponses sont retranscrites.<\/p>\n<p>Enfin au moment des relev\u00e9s. Si les empreintes ou la photographie sont demand\u00e9es, l&#8217;avocat peut faire inscrire que la personne demande la base l\u00e9gale, qu&#8217;elle entend exercer son droit de quitter les locaux si elle n&#8217;est plus d&#8217;accord avec les conditions de l&#8217;audition, ou qu&#8217;elle sollicite que la difficult\u00e9 soit act\u00e9e sans formulation aggravante.<\/p>\n<p>Ce travail n&#8217;est pas de pure forme. Dans un dossier p\u00e9nal, le proc\u00e8s-verbal devient la premi\u00e8re pi\u00e8ce lue par le parquet, puis parfois par le tribunal.<\/p>\n<h2>Les erreurs fr\u00e9quentes quand les empreintes sont demand\u00e9es<\/h2>\n<p>La premi\u00e8re erreur consiste \u00e0 croire que l&#8217;audition libre ne produit aucune cons\u00e9quence. C&#8217;est faux. Les d\u00e9clarations peuvent \u00eatre utilis\u00e9es. Les relev\u00e9s peuvent \u00eatre conserv\u00e9s. Le parquet peut poursuivre plusieurs mois apr\u00e8s.<\/p>\n<p>La deuxi\u00e8me erreur consiste \u00e0 refuser de mani\u00e8re brutale, sans demander l&#8217;avocat ni faire pr\u00e9ciser les textes. Cette r\u00e9action peut cr\u00e9er une infraction distincte ou donner au dossier une tonalit\u00e9 d\u00e9favorable.<\/p>\n<p>La troisi\u00e8me erreur consiste \u00e0 signer trop vite. Le PV doit \u00eatre relu ligne par ligne. Si une phrase est inexacte, il faut demander sa correction. Si la correction est refus\u00e9e, il faut demander que l&#8217;observation soit ajout\u00e9e. Refuser de signer n&#8217;efface pas le PV, mais une signature sans observation rend la contestation plus difficile.<\/p>\n<p>La quatri\u00e8me erreur consiste \u00e0 attendre le classement sans suite pour agir. Si le dossier alimente un fichier, il faudra ensuite organiser une demande d&#8217;effacement. Cette demande se pr\u00e9pare avec les pi\u00e8ces de proc\u00e9dure, l&#8217;avis de classement, la d\u00e9cision de relaxe ou la d\u00e9cision de non-lieu. Sur ce point, l&#8217;article sur l&#8217;<a href=\"https:\/\/kohenavocats.com\/effacement-taj-apres-classement-sans-suite-courrier-delai-refus\/\">effacement TAJ apr\u00e8s classement sans suite<\/a> compl\u00e8te utilement la strat\u00e9gie de sortie.<\/p>\n<p>La cinqui\u00e8me erreur consiste \u00e0 confondre TAJ, empreintes et ADN. Les fichiers n&#8217;ont pas les m\u00eames r\u00e8gles. Une photographie, une mention d&#8217;ant\u00e9c\u00e9dent, une empreinte digitale et une trace biologique ne soul\u00e8vent pas les m\u00eames d\u00e9marches.<\/p>\n<h2>Que faire si les empreintes ont d\u00e9j\u00e0 \u00e9t\u00e9 prises ?<\/h2>\n<p>Il faut repartir du dossier, pas du ressenti.<\/p>\n<p>Premi\u00e8re \u00e9tape : r\u00e9cup\u00e9rer ou demander les pi\u00e8ces disponibles. Convocation, proc\u00e8s-verbal d&#8217;audition, mention des droits, r\u00e9f\u00e9rence de l&#8217;infraction, r\u00e9c\u00e9piss\u00e9 ou avis de classement s&#8217;il existe. Sans documents, la discussion reste trop vague.<\/p>\n<p>Deuxi\u00e8me \u00e9tape : v\u00e9rifier la r\u00e9gularit\u00e9 du statut. La personne a-t-elle \u00e9t\u00e9 inform\u00e9e de son droit de quitter les locaux ? A-t-elle demand\u00e9 un avocat ? L&#8217;infraction \u00e9tait-elle punie d&#8217;emprisonnement ? La demande de relev\u00e9s a-t-elle \u00e9t\u00e9 expliqu\u00e9e ?<\/p>\n<p>Troisi\u00e8me \u00e9tape : suivre la d\u00e9cision du parquet. L&#8217;issue peut \u00eatre un classement sans suite, une composition p\u00e9nale, une ordonnance p\u00e9nale, une convocation devant le <a href=\"https:\/\/kohenavocats.com\/avocats-en-droit-penal-a-paris-conseil-et-defense-strategique\/avocats-tribunal-correctionnel-paris\/\" target=\"_blank\" title=\"tribunal correctionnel\">tribunal correctionnel<\/a>, une comparution sur reconnaissance pr\u00e9alable de culpabilit\u00e9, ou une poursuite plus lourde.<\/p>\n<p>Quatri\u00e8me \u00e9tape : pr\u00e9parer l&#8217;effacement \u00e9ventuel. Si le dossier se termine favorablement, il faut analyser la demande d&#8217;effacement aupr\u00e8s de l&#8217;autorit\u00e9 comp\u00e9tente. Si le dossier est encore ouvert, la priorit\u00e9 peut \u00eatre de s\u00e9curiser la d\u00e9fense p\u00e9nale avant d&#8217;engager une d\u00e9marche de fichier.<\/p>\n<h2>Et si l&#8217;audition libre se transforme en garde \u00e0 vue ?<\/h2>\n<p>La demande d&#8217;empreintes peut arriver dans un climat tendu. La personne veut partir. L&#8217;enqu\u00eateur estime que l&#8217;enqu\u00eate doit continuer. Le statut peut alors basculer vers la garde \u00e0 vue si les conditions l\u00e9gales sont r\u00e9unies.<\/p>\n<p>Ce basculement n&#8217;est pas automatique. Vouloir garder le silence ou demander un avocat ne suffit pas, en soi, \u00e0 justifier une garde \u00e0 vue. Mais la garde \u00e0 vue peut \u00eatre d\u00e9cid\u00e9e si l&#8217;officier de police judiciaire estime qu&#8217;elle r\u00e9pond \u00e0 l&#8217;un des objectifs l\u00e9gaux : poursuivre les investigations, emp\u00eacher une pression sur les t\u00e9moins, \u00e9viter une concertation, garantir la pr\u00e9sentation devant le procureur, ou pr\u00e9venir le renouvellement de l&#8217;infraction.<\/p>\n<p>Dans cette hypoth\u00e8se, il faut imm\u00e9diatement demander l&#8217;avocat. Le r\u00e9gime des droits change. Le droit \u00e0 un entretien confidentiel, l&#8217;acc\u00e8s \u00e0 certaines pi\u00e8ces, l&#8217;assistance pendant les auditions et les observations \u00e9crites deviennent centraux.<\/p>\n<p>Pour les dossiers parisiens, le satellite consacr\u00e9 \u00e0 la <a href=\"https:\/\/kohenavocats.fr\/2026\/04\/24\/prise-empreintes-audition-libre-paris-ile-de-france-police-gendarmerie-taj\/\">prise d&#8217;empreintes en audition libre \u00e0 Paris et en \u00cele-de-France<\/a> d\u00e9taille les r\u00e9flexes pratiques selon le lieu de convocation.<\/p>\n<h2>La m\u00e9thode \u00e0 suivre avant l&#8217;audition<\/h2>\n<p>Avant de vous pr\u00e9senter, rassemblez les \u00e9l\u00e9ments simples :<\/p>\n<ul>\n<li>la convocation ou le message re\u00e7u ;<\/li>\n<li>le nom du commissariat ou de la brigade ;<\/li>\n<li>le nom de l&#8217;enqu\u00eateur si vous l&#8217;avez ;<\/li>\n<li>les faits que vous pensez concern\u00e9s ;<\/li>\n<li>les messages, documents, justificatifs ou t\u00e9moins utiles ;<\/li>\n<li>les ant\u00e9c\u00e9dents \u00e9ventuels de plainte, classement, composition p\u00e9nale ou condamnation.<\/li>\n<\/ul>\n<p>Ensuite, il faut d\u00e9cider de la ligne. Parler sans strat\u00e9gie est rarement utile. Se taire sans explication peut aussi \u00eatre mal compris si des pi\u00e8ces \u00e0 d\u00e9charge existent. La bonne ligne d\u00e9pend du dossier : parfois une d\u00e9claration courte suffit, parfois il faut produire des pi\u00e8ces, parfois il faut demander un report, parfois il ne faut rien d\u00e9clarer avant d&#8217;avoir acc\u00e8s au dossier.<\/p>\n<p>La prise d&#8217;empreintes doit \u00eatre int\u00e9gr\u00e9e \u00e0 cette strat\u00e9gie. Elle n&#8217;est pas un d\u00e9tail administratif. Elle peut devenir le point de d\u00e9part d&#8217;une discussion sur les fichiers, l&#8217;effacement, l&#8217;image professionnelle, la mobilit\u00e9, les agr\u00e9ments ou la suite de l&#8217;enqu\u00eate.<\/p>\n<h2>Besoin d&#8217;un avis rapide sur votre dossier<\/h2>\n<p>Le cabinet peut relire votre convocation, pr\u00e9parer l&#8217;audition libre et vous assister si une demande d&#8217;empreintes, de photographie ou de relev\u00e9s est envisag\u00e9e.<\/p>\n<p>Une consultation t\u00e9l\u00e9phonique peut \u00eatre organis\u00e9e sous 48 heures avec un avocat du cabinet afin d&#8217;identifier le risque p\u00e9nal, la strat\u00e9gie de d\u00e9claration et les suites possibles sur les fichiers.<\/p>\n<p><a href=\"tel:+33689113445\">06 89 11 34 45<\/a><br \/>\n<a href=\"https:\/\/kohenavocats.com\/contactez-nous\/\">Page contact du cabinet<\/a><\/p>\n","protected":false},"excerpt":{"rendered":"<p>Que faire si la police ou la gendarmerie demande vos empreintes en audition libre : refus, avocat, proc\u00e8s-verbal, TAJ et suites p\u00e9nales.<\/p>\n","protected":false},"author":232070755,"featured_media":4668,"comment_status":"open","ping_status":"open","sticky":false,"template":"","format":"standard","meta":{"_crdt_document":"","_jetpack_newsletter_access":"","_jetpack_dont_email_post_to_subs":false,"_jetpack_newsletter_tier_id":0,"_jetpack_memberships_contains_paywalled_content":false,"_kj_source_type":"","_kj_official_id":"","_kj_official_url":"","_kj_judilibre_id":"","_kj_jur":"","_kj_lieu":"","_kj_chambre":"","_kj_rg":"","_kj_date":"","_jetpack_memberships_contains_paid_content":false,"footnotes":"","jetpack_post_was_ever_published":false},"categories":[6995,6708,6364,6991],"tags":[],"class_list":["post-672988","post","type-post","status-publish","format-standard","has-post-thumbnail","hentry","category-decryptage","category-droit-penal","category-penal","category-penal-2"],"yoast_head":"<!-- This site is optimized with the Yoast SEO Premium plugin v27.5 (Yoast SEO v27.5) - https:\/\/yoast.com\/product\/yoast-seo-premium-wordpress\/ -->\n<title>Prise d&#039;empreintes en audition libre : peut-on refuser et que risque-t-on ? - Ma\u00eetre Hassan Kohen, avocat en droit p\u00e9nal \u00e0 Paris<\/title>\n<meta name=\"robots\" content=\"index, follow, max-snippet:-1, max-image-preview:large, max-video-preview:-1\" \/>\n<link rel=\"canonical\" href=\"https:\/\/kohenavocats.com\/pt-pt\/prise-empreintes-audition-libre-refus-taj-avocat\/\" \/>\n<meta property=\"og:locale\" content=\"pt_PT\" \/>\n<meta property=\"og:type\" content=\"article\" \/>\n<meta property=\"og:title\" content=\"Prise d&#039;empreintes en audition libre : peut-on refuser et que risque-t-on ?\" \/>\n<meta property=\"og:description\" content=\"Que faire si la police ou la gendarmerie demande vos empreintes en audition libre : refus, avocat, proc\u00e8s-verbal, TAJ et suites p\u00e9nales.\" \/>\n<meta property=\"og:url\" content=\"https:\/\/kohenavocats.com\/pt-pt\/prise-empreintes-audition-libre-refus-taj-avocat\/\" \/>\n<meta property=\"og:site_name\" content=\"Ma\u00eetre Hassan Kohen, avocat en droit p\u00e9nal \u00e0 Paris\" \/>\n<meta property=\"article:published_time\" content=\"2026-04-24T12:46:55+00:00\" \/>\n<meta property=\"article:modified_time\" content=\"2026-04-26T15:25:48+00:00\" \/>\n<meta property=\"og:image\" content=\"https:\/\/kohenavocats.com\/wp-content\/uploads\/2024\/08\/valeria-m-zgvMPH83znI-unsplash.webp\" \/>\n\t<meta property=\"og:image:width\" content=\"2797\" \/>\n\t<meta property=\"og:image:height\" content=\"1854\" \/>\n\t<meta property=\"og:image:type\" content=\"image\/webp\" \/>\n<meta name=\"author\" content=\"Kohen\" \/>\n<meta name=\"twitter:card\" content=\"summary_large_image\" \/>\n<meta name=\"twitter:label1\" content=\"Escrito por\" \/>\n\t<meta name=\"twitter:data1\" content=\"Kohen\" \/>\n\t<meta name=\"twitter:label2\" content=\"Tempo estimado de leitura\" \/>\n\t<meta name=\"twitter:data2\" content=\"10 minutos\" \/>\n<script type=\"application\/ld+json\" class=\"yoast-schema-graph\">{\"@context\":\"https:\\\/\\\/schema.org\",\"@graph\":[{\"@type\":\"Article\",\"@id\":\"https:\\\/\\\/kohenavocats.com\\\/pt-pt\\\/prise-empreintes-audition-libre-refus-taj-avocat\\\/#article\",\"isPartOf\":{\"@id\":\"https:\\\/\\\/kohenavocats.com\\\/pt-pt\\\/prise-empreintes-audition-libre-refus-taj-avocat\\\/\"},\"author\":{\"name\":\"Kohen\",\"@id\":\"https:\\\/\\\/kohenavocats.com\\\/pt-pt\\\/#\\\/schema\\\/person\\\/761c9ba54fa1ca84d405cef0831ff751\"},\"headline\":\"Prise d&#8217;empreintes en audition libre : peut-on refuser et que risque-t-on ?\",\"datePublished\":\"2026-04-24T12:46:55+00:00\",\"dateModified\":\"2026-04-26T15:25:48+00:00\",\"mainEntityOfPage\":{\"@id\":\"https:\\\/\\\/kohenavocats.com\\\/pt-pt\\\/prise-empreintes-audition-libre-refus-taj-avocat\\\/\"},\"wordCount\":2128,\"commentCount\":0,\"publisher\":{\"@id\":\"https:\\\/\\\/kohenavocats.com\\\/pt-pt\\\/#organization\"},\"image\":{\"@id\":\"https:\\\/\\\/kohenavocats.com\\\/pt-pt\\\/prise-empreintes-audition-libre-refus-taj-avocat\\\/#primaryimage\"},\"thumbnailUrl\":\"https:\\\/\\\/kohenavocats.com\\\/wp-content\\\/uploads\\\/2024\\\/08\\\/valeria-m-zgvMPH83znI-unsplash.webp\",\"articleSection\":[\"D\u00e9cryptage\",\"Droit P\u00e9nal\",\"P\u00e9nal\",\"Penal\"],\"inLanguage\":\"pt-PT\",\"potentialAction\":[{\"@type\":\"CommentAction\",\"name\":\"Comment\",\"target\":[\"https:\\\/\\\/kohenavocats.com\\\/pt-pt\\\/prise-empreintes-audition-libre-refus-taj-avocat\\\/#respond\"]}],\"citation\":\"Prise d&#8217;empreintes en audition libre : peut-on refuser et que risque-t-on ?\",\"about\":[{\"@type\":\"Thing\",\"name\":\"D\u00e9cryptage\"},{\"@type\":\"Thing\",\"name\":\"Droit P\u00e9nal\"},{\"@type\":\"Thing\",\"name\":\"P\u00e9nal\"},{\"@type\":\"Thing\",\"name\":\"Penal\"}],\"speakable\":{\"@type\":\"SpeakableSpecification\",\"cssSelector\":[\".article-content > p:first-of-type\"]}},{\"@type\":\"WebPage\",\"@id\":\"https:\\\/\\\/kohenavocats.com\\\/pt-pt\\\/prise-empreintes-audition-libre-refus-taj-avocat\\\/\",\"url\":\"https:\\\/\\\/kohenavocats.com\\\/pt-pt\\\/prise-empreintes-audition-libre-refus-taj-avocat\\\/\",\"name\":\"Prise d'empreintes en audition libre : peut-on refuser et que risque-t-on ? - Ma\u00eetre Hassan Kohen, avocat en droit p\u00e9nal \u00e0 Paris\",\"isPartOf\":{\"@id\":\"https:\\\/\\\/kohenavocats.com\\\/pt-pt\\\/#website\"},\"primaryImageOfPage\":{\"@id\":\"https:\\\/\\\/kohenavocats.com\\\/pt-pt\\\/prise-empreintes-audition-libre-refus-taj-avocat\\\/#primaryimage\"},\"image\":{\"@id\":\"https:\\\/\\\/kohenavocats.com\\\/pt-pt\\\/prise-empreintes-audition-libre-refus-taj-avocat\\\/#primaryimage\"},\"thumbnailUrl\":\"https:\\\/\\\/kohenavocats.com\\\/wp-content\\\/uploads\\\/2024\\\/08\\\/valeria-m-zgvMPH83znI-unsplash.webp\",\"datePublished\":\"2026-04-24T12:46:55+00:00\",\"dateModified\":\"2026-04-26T15:25:48+00:00\",\"breadcrumb\":{\"@id\":\"https:\\\/\\\/kohenavocats.com\\\/pt-pt\\\/prise-empreintes-audition-libre-refus-taj-avocat\\\/#breadcrumb\"},\"inLanguage\":\"pt-PT\",\"potentialAction\":[{\"@type\":\"ReadAction\",\"target\":[\"https:\\\/\\\/kohenavocats.com\\\/pt-pt\\\/prise-empreintes-audition-libre-refus-taj-avocat\\\/\"]}]},{\"@type\":\"ImageObject\",\"inLanguage\":\"pt-PT\",\"@id\":\"https:\\\/\\\/kohenavocats.com\\\/pt-pt\\\/prise-empreintes-audition-libre-refus-taj-avocat\\\/#primaryimage\",\"url\":\"https:\\\/\\\/kohenavocats.com\\\/wp-content\\\/uploads\\\/2024\\\/08\\\/valeria-m-zgvMPH83znI-unsplash.webp\",\"contentUrl\":\"https:\\\/\\\/kohenavocats.com\\\/wp-content\\\/uploads\\\/2024\\\/08\\\/valeria-m-zgvMPH83znI-unsplash.webp\",\"width\":2797,\"height\":1854},{\"@type\":\"BreadcrumbList\",\"@id\":\"https:\\\/\\\/kohenavocats.com\\\/pt-pt\\\/prise-empreintes-audition-libre-refus-taj-avocat\\\/#breadcrumb\",\"itemListElement\":[{\"@type\":\"ListItem\",\"position\":1,\"name\":\"Home\",\"item\":\"https:\\\/\\\/kohenavocats.com\\\/pt-pt\\\/avocats-en-droit-penal-a-paris-conseil-et-defense-strategique\\\/\"},{\"@type\":\"ListItem\",\"position\":2,\"name\":\"Prise d&#8217;empreintes en audition libre : peut-on refuser et que risque-t-on ?\"}]},{\"@type\":\"WebSite\",\"@id\":\"https:\\\/\\\/kohenavocats.com\\\/pt-pt\\\/#website\",\"url\":\"https:\\\/\\\/kohenavocats.com\\\/pt-pt\\\/\",\"name\":\"Kohen Avocats\",\"description\":\"Ma\u00eetre Hassan Kohen, avocat p\u00e9naliste \u00e0 Paris, intervient exclusivement en droit p\u00e9nal pour la d\u00e9fense des particuliers, notamment en mati\u00e8re d\u2019accusations de viol. Il assure un accompagnement rigoureux d\u00e8s la garde \u00e0 vue jusqu\u2019\u00e0 la Cour d\u2019assises, veillant au strict respect des garanties proc\u00e9durales.\",\"publisher\":{\"@id\":\"https:\\\/\\\/kohenavocats.com\\\/pt-pt\\\/#organization\"},\"potentialAction\":[{\"@type\":\"SearchAction\",\"target\":{\"@type\":\"EntryPoint\",\"urlTemplate\":\"https:\\\/\\\/kohenavocats.com\\\/pt-pt\\\/?s={search_term_string}\"},\"query-input\":{\"@type\":\"PropertyValueSpecification\",\"valueRequired\":true,\"valueName\":\"search_term_string\"}}],\"inLanguage\":\"pt-PT\"},{\"@type\":\"Organization\",\"@id\":\"https:\\\/\\\/kohenavocats.com\\\/pt-pt\\\/#organization\",\"name\":\"Kohen Avocats\",\"url\":\"https:\\\/\\\/kohenavocats.com\\\/pt-pt\\\/\",\"logo\":{\"@type\":\"ImageObject\",\"inLanguage\":\"pt-PT\",\"@id\":\"https:\\\/\\\/kohenavocats.com\\\/pt-pt\\\/#\\\/schema\\\/logo\\\/image\\\/\",\"url\":\"https:\\\/\\\/kohenavocats.com\\\/wp-content\\\/uploads\\\/2026\\\/01\\\/Logo-2-1.webp\",\"contentUrl\":\"https:\\\/\\\/kohenavocats.com\\\/wp-content\\\/uploads\\\/2026\\\/01\\\/Logo-2-1.webp\",\"width\":2114,\"height\":1253,\"caption\":\"Kohen Avocats\"},\"image\":{\"@id\":\"https:\\\/\\\/kohenavocats.com\\\/pt-pt\\\/#\\\/schema\\\/logo\\\/image\\\/\"}},{\"@type\":\"Person\",\"@id\":\"https:\\\/\\\/kohenavocats.com\\\/pt-pt\\\/#\\\/schema\\\/person\\\/761c9ba54fa1ca84d405cef0831ff751\",\"name\":\"Kohen\",\"image\":{\"@type\":\"ImageObject\",\"inLanguage\":\"pt-PT\",\"@id\":\"https:\\\/\\\/secure.gravatar.com\\\/avatar\\\/1c5e76ef76bbbfdd2b4da984e2bf2fa4056fd51a27d25ce2c332047f1dfd6e00?s=96&d=identicon&r=g\",\"url\":\"https:\\\/\\\/secure.gravatar.com\\\/avatar\\\/1c5e76ef76bbbfdd2b4da984e2bf2fa4056fd51a27d25ce2c332047f1dfd6e00?s=96&d=identicon&r=g\",\"contentUrl\":\"https:\\\/\\\/secure.gravatar.com\\\/avatar\\\/1c5e76ef76bbbfdd2b4da984e2bf2fa4056fd51a27d25ce2c332047f1dfd6e00?s=96&d=identicon&r=g\",\"caption\":\"Kohen\"},\"sameAs\":[\"https:\\\/\\\/www.linkedin.com\\\/in\\\/hassan-kohen-448548192\\\/\",\"https:\\\/\\\/www.youtube.com\\\/@Kohen-Avocats\"],\"url\":\"https:\\\/\\\/kohenavocats.com\\\/pt-pt\\\/author\\\/kohenmlk\\\/\"}]}<\/script>\n<!-- \/ Yoast SEO Premium plugin. -->","yoast_head_json":{"title":"Prise d'empreintes en audition libre : peut-on refuser et que risque-t-on ? - Ma\u00eetre Hassan Kohen, avocat en droit p\u00e9nal \u00e0 Paris","robots":{"index":"index","follow":"follow","max-snippet":"max-snippet:-1","max-image-preview":"max-image-preview:large","max-video-preview":"max-video-preview:-1"},"canonical":"https:\/\/kohenavocats.com\/pt-pt\/prise-empreintes-audition-libre-refus-taj-avocat\/","og_locale":"pt_PT","og_type":"article","og_title":"Prise d'empreintes en audition libre : peut-on refuser et que risque-t-on ?","og_description":"Que faire si la police ou la gendarmerie demande vos empreintes en audition libre : refus, avocat, proc\u00e8s-verbal, TAJ et suites p\u00e9nales.","og_url":"https:\/\/kohenavocats.com\/pt-pt\/prise-empreintes-audition-libre-refus-taj-avocat\/","og_site_name":"Ma\u00eetre Hassan Kohen, avocat en droit p\u00e9nal \u00e0 Paris","article_published_time":"2026-04-24T12:46:55+00:00","article_modified_time":"2026-04-26T15:25:48+00:00","og_image":[{"width":2797,"height":1854,"url":"https:\/\/kohenavocats.com\/wp-content\/uploads\/2024\/08\/valeria-m-zgvMPH83znI-unsplash.webp","type":"image\/webp"}],"author":"Kohen","twitter_card":"summary_large_image","twitter_misc":{"Escrito por":"Kohen","Tempo estimado de leitura":"10 minutos"},"schema":{"@context":"https:\/\/schema.org","@graph":[{"@type":"Article","@id":"https:\/\/kohenavocats.com\/pt-pt\/prise-empreintes-audition-libre-refus-taj-avocat\/#article","isPartOf":{"@id":"https:\/\/kohenavocats.com\/pt-pt\/prise-empreintes-audition-libre-refus-taj-avocat\/"},"author":{"name":"Kohen","@id":"https:\/\/kohenavocats.com\/pt-pt\/#\/schema\/person\/761c9ba54fa1ca84d405cef0831ff751"},"headline":"Prise d&#8217;empreintes en audition libre : peut-on refuser et que risque-t-on ?","datePublished":"2026-04-24T12:46:55+00:00","dateModified":"2026-04-26T15:25:48+00:00","mainEntityOfPage":{"@id":"https:\/\/kohenavocats.com\/pt-pt\/prise-empreintes-audition-libre-refus-taj-avocat\/"},"wordCount":2128,"commentCount":0,"publisher":{"@id":"https:\/\/kohenavocats.com\/pt-pt\/#organization"},"image":{"@id":"https:\/\/kohenavocats.com\/pt-pt\/prise-empreintes-audition-libre-refus-taj-avocat\/#primaryimage"},"thumbnailUrl":"https:\/\/kohenavocats.com\/wp-content\/uploads\/2024\/08\/valeria-m-zgvMPH83znI-unsplash.webp","articleSection":["D\u00e9cryptage","Droit P\u00e9nal","P\u00e9nal","Penal"],"inLanguage":"pt-PT","potentialAction":[{"@type":"CommentAction","name":"Comment","target":["https:\/\/kohenavocats.com\/pt-pt\/prise-empreintes-audition-libre-refus-taj-avocat\/#respond"]}],"citation":"Prise d&#8217;empreintes en audition libre : peut-on refuser et que risque-t-on ?","about":[{"@type":"Thing","name":"D\u00e9cryptage"},{"@type":"Thing","name":"Droit P\u00e9nal"},{"@type":"Thing","name":"P\u00e9nal"},{"@type":"Thing","name":"Penal"}],"speakable":{"@type":"SpeakableSpecification","cssSelector":[".article-content > p:first-of-type"]}},{"@type":"WebPage","@id":"https:\/\/kohenavocats.com\/pt-pt\/prise-empreintes-audition-libre-refus-taj-avocat\/","url":"https:\/\/kohenavocats.com\/pt-pt\/prise-empreintes-audition-libre-refus-taj-avocat\/","name":"Prise d'empreintes en audition libre : peut-on refuser et que risque-t-on ? - Ma\u00eetre Hassan Kohen, avocat en droit p\u00e9nal \u00e0 Paris","isPartOf":{"@id":"https:\/\/kohenavocats.com\/pt-pt\/#website"},"primaryImageOfPage":{"@id":"https:\/\/kohenavocats.com\/pt-pt\/prise-empreintes-audition-libre-refus-taj-avocat\/#primaryimage"},"image":{"@id":"https:\/\/kohenavocats.com\/pt-pt\/prise-empreintes-audition-libre-refus-taj-avocat\/#primaryimage"},"thumbnailUrl":"https:\/\/kohenavocats.com\/wp-content\/uploads\/2024\/08\/valeria-m-zgvMPH83znI-unsplash.webp","datePublished":"2026-04-24T12:46:55+00:00","dateModified":"2026-04-26T15:25:48+00:00","breadcrumb":{"@id":"https:\/\/kohenavocats.com\/pt-pt\/prise-empreintes-audition-libre-refus-taj-avocat\/#breadcrumb"},"inLanguage":"pt-PT","potentialAction":[{"@type":"ReadAction","target":["https:\/\/kohenavocats.com\/pt-pt\/prise-empreintes-audition-libre-refus-taj-avocat\/"]}]},{"@type":"ImageObject","inLanguage":"pt-PT","@id":"https:\/\/kohenavocats.com\/pt-pt\/prise-empreintes-audition-libre-refus-taj-avocat\/#primaryimage","url":"https:\/\/kohenavocats.com\/wp-content\/uploads\/2024\/08\/valeria-m-zgvMPH83znI-unsplash.webp","contentUrl":"https:\/\/kohenavocats.com\/wp-content\/uploads\/2024\/08\/valeria-m-zgvMPH83znI-unsplash.webp","width":2797,"height":1854},{"@type":"BreadcrumbList","@id":"https:\/\/kohenavocats.com\/pt-pt\/prise-empreintes-audition-libre-refus-taj-avocat\/#breadcrumb","itemListElement":[{"@type":"ListItem","position":1,"name":"Home","item":"https:\/\/kohenavocats.com\/pt-pt\/avocats-en-droit-penal-a-paris-conseil-et-defense-strategique\/"},{"@type":"ListItem","position":2,"name":"Prise d&#8217;empreintes en audition libre : peut-on refuser et que risque-t-on ?"}]},{"@type":"WebSite","@id":"https:\/\/kohenavocats.com\/pt-pt\/#website","url":"https:\/\/kohenavocats.com\/pt-pt\/","name":"Kohen Avocats","description":"Ma\u00eetre Hassan Kohen, avocat p\u00e9naliste \u00e0 Paris, intervient exclusivement en droit p\u00e9nal pour la d\u00e9fense des particuliers, notamment en mati\u00e8re d\u2019accusations de viol. Il assure un accompagnement rigoureux d\u00e8s la garde \u00e0 vue jusqu\u2019\u00e0 la Cour d\u2019assises, veillant au strict respect des garanties proc\u00e9durales.","publisher":{"@id":"https:\/\/kohenavocats.com\/pt-pt\/#organization"},"potentialAction":[{"@type":"SearchAction","target":{"@type":"EntryPoint","urlTemplate":"https:\/\/kohenavocats.com\/pt-pt\/?s={search_term_string}"},"query-input":{"@type":"PropertyValueSpecification","valueRequired":true,"valueName":"search_term_string"}}],"inLanguage":"pt-PT"},{"@type":"Organization","@id":"https:\/\/kohenavocats.com\/pt-pt\/#organization","name":"Kohen Avocats","url":"https:\/\/kohenavocats.com\/pt-pt\/","logo":{"@type":"ImageObject","inLanguage":"pt-PT","@id":"https:\/\/kohenavocats.com\/pt-pt\/#\/schema\/logo\/image\/","url":"https:\/\/kohenavocats.com\/wp-content\/uploads\/2026\/01\/Logo-2-1.webp","contentUrl":"https:\/\/kohenavocats.com\/wp-content\/uploads\/2026\/01\/Logo-2-1.webp","width":2114,"height":1253,"caption":"Kohen Avocats"},"image":{"@id":"https:\/\/kohenavocats.com\/pt-pt\/#\/schema\/logo\/image\/"}},{"@type":"Person","@id":"https:\/\/kohenavocats.com\/pt-pt\/#\/schema\/person\/761c9ba54fa1ca84d405cef0831ff751","name":"Kohen","image":{"@type":"ImageObject","inLanguage":"pt-PT","@id":"https:\/\/secure.gravatar.com\/avatar\/1c5e76ef76bbbfdd2b4da984e2bf2fa4056fd51a27d25ce2c332047f1dfd6e00?s=96&d=identicon&r=g","url":"https:\/\/secure.gravatar.com\/avatar\/1c5e76ef76bbbfdd2b4da984e2bf2fa4056fd51a27d25ce2c332047f1dfd6e00?s=96&d=identicon&r=g","contentUrl":"https:\/\/secure.gravatar.com\/avatar\/1c5e76ef76bbbfdd2b4da984e2bf2fa4056fd51a27d25ce2c332047f1dfd6e00?s=96&d=identicon&r=g","caption":"Kohen"},"sameAs":["https:\/\/www.linkedin.com\/in\/hassan-kohen-448548192\/","https:\/\/www.youtube.com\/@Kohen-Avocats"],"url":"https:\/\/kohenavocats.com\/pt-pt\/author\/kohenmlk\/"}]}},"jetpack_featured_media_url":"https:\/\/kohenavocats.com\/wp-content\/uploads\/2024\/08\/valeria-m-zgvMPH83znI-unsplash.webp","jetpack_likes_enabled":false,"jetpack_shortlink":"https:\/\/wp.me\/peCrII-2P4E","jetpack-related-posts":[{"id":235386,"url":"https:\/\/kohenavocats.com\/pt-pt\/qu-est-ce-qu-une-audition-libre\/","url_meta":{"origin":672988,"position":0},"title":"Qu&#8217;est-ce qu&#8217;une audition libre\u00a0?","author":"Kohen","date":"20 de Abril, 2026","format":false,"excerpt":"Information : Cette fiche presente les regles generales applicables. Votre situation personnelle peut necessiter une analyse specifique. Contactez notre cabinet pour un accompagnement personnalise. Dans une enqu\u00eate, l'audition libre est la d\u00e9cision prise par un (policier, gendarme) ou officier de police judiciairefonctionnaire ayant des pouvoirs de police judiciaire d'entendre une\u2026","rel":"","context":"In &quot;Droit penal&quot;","block_context":{"text":"Droit penal","link":"https:\/\/kohenavocats.com\/category\/droit-penal\/"},"img":{"alt_text":"","src":"https:\/\/i0.wp.com\/kohenavocats.com\/wp-content\/uploads\/2024\/08\/alexey-larionov-D2hRgjgmB8Y-unsplash.webp?resize=350%2C200&ssl=1","width":350,"height":200,"srcset":"https:\/\/i0.wp.com\/kohenavocats.com\/wp-content\/uploads\/2024\/08\/alexey-larionov-D2hRgjgmB8Y-unsplash.webp?resize=350%2C200&ssl=1 1x, https:\/\/i0.wp.com\/kohenavocats.com\/wp-content\/uploads\/2024\/08\/alexey-larionov-D2hRgjgmB8Y-unsplash.webp?resize=525%2C300&ssl=1 1.5x, https:\/\/i0.wp.com\/kohenavocats.com\/wp-content\/uploads\/2024\/08\/alexey-larionov-D2hRgjgmB8Y-unsplash.webp?resize=700%2C400&ssl=1 2x, https:\/\/i0.wp.com\/kohenavocats.com\/wp-content\/uploads\/2024\/08\/alexey-larionov-D2hRgjgmB8Y-unsplash.webp?resize=1050%2C600&ssl=1 3x, https:\/\/i0.wp.com\/kohenavocats.com\/wp-content\/uploads\/2024\/08\/alexey-larionov-D2hRgjgmB8Y-unsplash.webp?resize=1400%2C800&ssl=1 4x"},"classes":[]},{"id":234003,"url":"https:\/\/kohenavocats.com\/pt-pt\/peut-on-refuser-une-convocation-par-la-police-ou-la-gendarmerie\/","url_meta":{"origin":672988,"position":1},"title":"Peut-on refuser une convocation par la police ou la gendarmerie\u00a0?","author":"Kohen","date":"28 de Dezembro, 2025","format":false,"excerpt":"Information : Cette fiche presente les regles generales applicables. Votre situation personnelle peut necessiter une analyse specifique. Contactez notre cabinet pour un accompagnement personnalise. Non, vous ne pouvez pas la refuser. Si vous recevez une convocation par la police ou la gendarmerie, vous devez vous y rendre obligatoirement. Quels sont\u2026","rel":"","context":"In &quot;Droit penal&quot;","block_context":{"text":"Droit penal","link":"https:\/\/kohenavocats.com\/category\/droit-penal\/"},"img":{"alt_text":"","src":"https:\/\/i0.wp.com\/kohenavocats.com\/wp-content\/uploads\/2024\/11\/tim-schmidbauer-EnC5f7At4ac-unsplash.webp?resize=350%2C200&ssl=1","width":350,"height":200,"srcset":"https:\/\/i0.wp.com\/kohenavocats.com\/wp-content\/uploads\/2024\/11\/tim-schmidbauer-EnC5f7At4ac-unsplash.webp?resize=350%2C200&ssl=1 1x, https:\/\/i0.wp.com\/kohenavocats.com\/wp-content\/uploads\/2024\/11\/tim-schmidbauer-EnC5f7At4ac-unsplash.webp?resize=525%2C300&ssl=1 1.5x, https:\/\/i0.wp.com\/kohenavocats.com\/wp-content\/uploads\/2024\/11\/tim-schmidbauer-EnC5f7At4ac-unsplash.webp?resize=700%2C400&ssl=1 2x, https:\/\/i0.wp.com\/kohenavocats.com\/wp-content\/uploads\/2024\/11\/tim-schmidbauer-EnC5f7At4ac-unsplash.webp?resize=1050%2C600&ssl=1 3x, https:\/\/i0.wp.com\/kohenavocats.com\/wp-content\/uploads\/2024\/11\/tim-schmidbauer-EnC5f7At4ac-unsplash.webp?resize=1400%2C800&ssl=1 4x"},"classes":[]},{"id":234450,"url":"https:\/\/kohenavocats.com\/pt-pt\/audition-des-temoins-au-cours-d-une-enquete-penale\/","url_meta":{"origin":672988,"position":2},"title":"Audition des t\u00e9moins au cours d&#8217;une enqu\u00eate p\u00e9nale","author":"Kohen","date":"22 de Abril, 2026","format":false,"excerpt":"Information : Cette fiche presente les regles generales applicables. Votre situation personnelle peut necessiter une analyse specifique. Contactez notre cabinet pour un accompagnement personnalise. Vous \u00eates convoqu\u00e9 pour t\u00e9moigner dans le cadre d\u2019une enqu\u00eate p\u00e9nale. Vous vous demandez comment votre audition va se d\u00e9rouler et quels sont vos droits et\u2026","rel":"","context":"In &quot;Droit penal&quot;","block_context":{"text":"Droit penal","link":"https:\/\/kohenavocats.com\/category\/droit-penal\/"},"img":{"alt_text":"","src":"https:\/\/i0.wp.com\/kohenavocats.com\/wp-content\/uploads\/2024\/11\/alex-shuper-sApmGHWDAWM-unsplash.webp?resize=350%2C200&ssl=1","width":350,"height":200,"srcset":"https:\/\/i0.wp.com\/kohenavocats.com\/wp-content\/uploads\/2024\/11\/alex-shuper-sApmGHWDAWM-unsplash.webp?resize=350%2C200&ssl=1 1x, https:\/\/i0.wp.com\/kohenavocats.com\/wp-content\/uploads\/2024\/11\/alex-shuper-sApmGHWDAWM-unsplash.webp?resize=525%2C300&ssl=1 1.5x, https:\/\/i0.wp.com\/kohenavocats.com\/wp-content\/uploads\/2024\/11\/alex-shuper-sApmGHWDAWM-unsplash.webp?resize=700%2C400&ssl=1 2x, https:\/\/i0.wp.com\/kohenavocats.com\/wp-content\/uploads\/2024\/11\/alex-shuper-sApmGHWDAWM-unsplash.webp?resize=1050%2C600&ssl=1 3x, https:\/\/i0.wp.com\/kohenavocats.com\/wp-content\/uploads\/2024\/11\/alex-shuper-sApmGHWDAWM-unsplash.webp?resize=1400%2C800&ssl=1 4x"},"classes":[]},{"id":233695,"url":"https:\/\/kohenavocats.com\/pt-pt\/audition-des-temoins-lors-d-un-proces-penal\/","url_meta":{"origin":672988,"position":3},"title":"Audition des t\u00e9moins lors d&#8217;un proc\u00e8s p\u00e9nal","author":"Kohen","date":"21 de Abril, 2026","format":false,"excerpt":"Information : Cette fiche presente les regles generales applicables. Votre situation personnelle peut necessiter une analyse specifique. Contactez notre cabinet pour un accompagnement personnalise. Vous \u00eates appel\u00e9 \u00e0 t\u00e9moigner lors d'un proc\u00e8s p\u00e9nal ? Vous vous demandez comment se d\u00e9roule cette audition et quelles sont vos obligations. Nous vous expliquons\u2026","rel":"","context":"In &quot;Droit penal&quot;","block_context":{"text":"Droit penal","link":"https:\/\/kohenavocats.com\/category\/droit-penal\/"},"img":{"alt_text":"","src":"https:\/\/i0.wp.com\/kohenavocats.com\/wp-content\/uploads\/2024\/08\/nikolay-maslov-BFjDJJrCBpM-unsplash.webp?resize=350%2C200&ssl=1","width":350,"height":200,"srcset":"https:\/\/i0.wp.com\/kohenavocats.com\/wp-content\/uploads\/2024\/08\/nikolay-maslov-BFjDJJrCBpM-unsplash.webp?resize=350%2C200&ssl=1 1x, https:\/\/i0.wp.com\/kohenavocats.com\/wp-content\/uploads\/2024\/08\/nikolay-maslov-BFjDJJrCBpM-unsplash.webp?resize=525%2C300&ssl=1 1.5x, https:\/\/i0.wp.com\/kohenavocats.com\/wp-content\/uploads\/2024\/08\/nikolay-maslov-BFjDJJrCBpM-unsplash.webp?resize=700%2C400&ssl=1 2x, https:\/\/i0.wp.com\/kohenavocats.com\/wp-content\/uploads\/2024\/08\/nikolay-maslov-BFjDJJrCBpM-unsplash.webp?resize=1050%2C600&ssl=1 3x, https:\/\/i0.wp.com\/kohenavocats.com\/wp-content\/uploads\/2024\/08\/nikolay-maslov-BFjDJJrCBpM-unsplash.webp?resize=1400%2C800&ssl=1 4x"},"classes":[]},{"id":235709,"url":"https:\/\/kohenavocats.com\/pt-pt\/un-mineur-peut-il-faire-l-objet-d-une-audition-libre\/","url_meta":{"origin":672988,"position":4},"title":"Un mineur peut-il faire l&#8217;objet d&#8217;une audition libre\u00a0?","author":"Kohen","date":"21 de Abril, 2026","format":false,"excerpt":"Information : Cette fiche presente les regles generales applicables. Votre situation personnelle peut necessiter une analyse specifique. Contactez notre cabinet pour un accompagnement personnalise. Quel que soit son \u00e2ge, un mineur soup\u00e7onn\u00e9 d\u2019avoir commis ou tent\u00e9 de commettre une infraction peut faire l\u2019objet d\u2019une audition libre. Le mineur est convoqu\u00e9\u2026","rel":"","context":"In &quot;Justice des mineurs&quot;","block_context":{"text":"Justice des mineurs","link":"https:\/\/kohenavocats.com\/category\/penal\/justice-mineurs\/"},"img":{"alt_text":"","src":"https:\/\/i0.wp.com\/kohenavocats.com\/wp-content\/uploads\/2024\/11\/kamran-abdullayev-KGkwMo7r-kA-unsplash.webp?resize=350%2C200&ssl=1","width":350,"height":200,"srcset":"https:\/\/i0.wp.com\/kohenavocats.com\/wp-content\/uploads\/2024\/11\/kamran-abdullayev-KGkwMo7r-kA-unsplash.webp?resize=350%2C200&ssl=1 1x, https:\/\/i0.wp.com\/kohenavocats.com\/wp-content\/uploads\/2024\/11\/kamran-abdullayev-KGkwMo7r-kA-unsplash.webp?resize=525%2C300&ssl=1 1.5x, https:\/\/i0.wp.com\/kohenavocats.com\/wp-content\/uploads\/2024\/11\/kamran-abdullayev-KGkwMo7r-kA-unsplash.webp?resize=700%2C400&ssl=1 2x, https:\/\/i0.wp.com\/kohenavocats.com\/wp-content\/uploads\/2024\/11\/kamran-abdullayev-KGkwMo7r-kA-unsplash.webp?resize=1050%2C600&ssl=1 3x, https:\/\/i0.wp.com\/kohenavocats.com\/wp-content\/uploads\/2024\/11\/kamran-abdullayev-KGkwMo7r-kA-unsplash.webp?resize=1400%2C800&ssl=1 4x"},"classes":[]},{"id":235653,"url":"https:\/\/kohenavocats.com\/pt-pt\/porter-plainte\/","url_meta":{"origin":672988,"position":5},"title":"Porter plainte","author":"Kohen","date":"20 de Abril, 2026","format":false,"excerpt":"Information : Cette fiche presente les regles generales applicables. Votre situation personnelle peut necessiter une analyse specifique. Contactez notre cabinet pour un accompagnement personnalise. Vous \u00eates victime d'une infraction. Vous voulez porter plainte ? Nous vous pr\u00e9sentons comment faire. Analyse pratique du cabinet La fiche officielle explique comment d\u00e9poser plainte.\u2026","rel":"","context":"In &quot;6908&quot;","block_context":{"text":"6908","link":"https:\/\/kohenavocats.com\/category\/6908\/"},"img":{"alt_text":"","src":"https:\/\/i0.wp.com\/kohenavocats.com\/wp-content\/uploads\/2024\/11\/zyanya-citlalli-0ITfUIWxi9k-unsplash.webp?resize=350%2C200&ssl=1","width":350,"height":200,"srcset":"https:\/\/i0.wp.com\/kohenavocats.com\/wp-content\/uploads\/2024\/11\/zyanya-citlalli-0ITfUIWxi9k-unsplash.webp?resize=350%2C200&ssl=1 1x, https:\/\/i0.wp.com\/kohenavocats.com\/wp-content\/uploads\/2024\/11\/zyanya-citlalli-0ITfUIWxi9k-unsplash.webp?resize=525%2C300&ssl=1 1.5x, https:\/\/i0.wp.com\/kohenavocats.com\/wp-content\/uploads\/2024\/11\/zyanya-citlalli-0ITfUIWxi9k-unsplash.webp?resize=700%2C400&ssl=1 2x, https:\/\/i0.wp.com\/kohenavocats.com\/wp-content\/uploads\/2024\/11\/zyanya-citlalli-0ITfUIWxi9k-unsplash.webp?resize=1050%2C600&ssl=1 3x, https:\/\/i0.wp.com\/kohenavocats.com\/wp-content\/uploads\/2024\/11\/zyanya-citlalli-0ITfUIWxi9k-unsplash.webp?resize=1400%2C800&ssl=1 4x"},"classes":[]}],"jetpack_sharing_enabled":true,"_links":{"self":[{"href":"https:\/\/kohenavocats.com\/pt-pt\/wp-json\/wp\/v2\/posts\/672988","targetHints":{"allow":["GET"]}}],"collection":[{"href":"https:\/\/kohenavocats.com\/pt-pt\/wp-json\/wp\/v2\/posts"}],"about":[{"href":"https:\/\/kohenavocats.com\/pt-pt\/wp-json\/wp\/v2\/types\/post"}],"author":[{"embeddable":true,"href":"https:\/\/kohenavocats.com\/pt-pt\/wp-json\/wp\/v2\/users\/232070755"}],"replies":[{"embeddable":true,"href":"https:\/\/kohenavocats.com\/pt-pt\/wp-json\/wp\/v2\/comments?post=672988"}],"version-history":[{"count":1,"href":"https:\/\/kohenavocats.com\/pt-pt\/wp-json\/wp\/v2\/posts\/672988\/revisions"}],"predecessor-version":[{"id":694947,"href":"https:\/\/kohenavocats.com\/pt-pt\/wp-json\/wp\/v2\/posts\/672988\/revisions\/694947"}],"wp:featuredmedia":[{"embeddable":true,"href":"https:\/\/kohenavocats.com\/pt-pt\/wp-json\/wp\/v2\/media\/4668"}],"wp:attachment":[{"href":"https:\/\/kohenavocats.com\/pt-pt\/wp-json\/wp\/v2\/media?parent=672988"}],"wp:term":[{"taxonomy":"category","embeddable":true,"href":"https:\/\/kohenavocats.com\/pt-pt\/wp-json\/wp\/v2\/categories?post=672988"},{"taxonomy":"post_tag","embeddable":true,"href":"https:\/\/kohenavocats.com\/pt-pt\/wp-json\/wp\/v2\/tags?post=672988"}],"curies":[{"name":"wp","href":"https:\/\/api.w.org\/{rel}","templated":true}]}}