{"id":673897,"date":"2026-04-24T17:13:43","date_gmt":"2026-04-24T15:13:43","guid":{"rendered":"https:\/\/kohenavocats.com\/retard-vefa-paris-ile-de-france-contester-causes-legitimes-promoteur\/"},"modified":"2026-04-24T17:13:43","modified_gmt":"2026-04-24T15:13:43","slug":"retard-vefa-paris-ile-de-france-contester-causes-legitimes-promoteur","status":"publish","type":"post","link":"https:\/\/kohenavocats.com\/pt-pt\/retard-vefa-paris-ile-de-france-contester-causes-legitimes-promoteur\/","title":{"rendered":"Retard VEFA \u00e0 Paris et en \u00cele-de-France : contester les causes l\u00e9gitimes du promoteur"},"content":{"rendered":"<p>\u00c0 Paris et en \u00cele-de-France, les retards de livraison en VEFA sont fr\u00e9quents parce que les programmes neufs cumulent contraintes administratives, densit\u00e9 urbaine, voisinage sensible, raccordements complexes, sous-traitance en cascade et co\u00fbts de chantier \u00e9lev\u00e9s. Pour l&#8217;acqu\u00e9reur, le probl\u00e8me appara\u00eet souvent de mani\u00e8re tr\u00e8s concr\u00e8te : le bail actuel arrive \u00e0 son terme, le pr\u00eat commence \u00e0 peser, le d\u00e9m\u00e9nagement est r\u00e9serv\u00e9, mais le promoteur annonce un report en invoquant des &#8220;causes l\u00e9gitimes&#8221;.<\/p>\n<p>La bonne r\u00e9ponse n&#8217;est pas de contester tout retard par principe. Certains \u00e9v\u00e9nements peuvent r\u00e9ellement d\u00e9caler un chantier. La bonne r\u00e9ponse consiste \u00e0 v\u00e9rifier la clause du contrat, demander les pi\u00e8ces, contr\u00f4ler le calcul du report et pr\u00e9parer un chiffrage. Le satellite parisien compl\u00e8te l&#8217;article principal consacr\u00e9 \u00e0 la <a href=\"https:\/\/kohenavocats.fr\/2026\/04\/24\/retard-livraison-vefa-contester-causes-legitimes-promoteur\/\">contestation des causes l\u00e9gitimes de retard VEFA<\/a> en ajoutant les r\u00e9flexes locaux utiles pour Paris, les Hauts-de-Seine, la Seine-Saint-Denis, le Val-de-Marne et les autres d\u00e9partements franciliens.<\/p>\n<h2>Pourquoi les causes l\u00e9gitimes doivent \u00eatre contr\u00f4l\u00e9es localement<\/h2>\n<p>Un promoteur peut invoquer une cause l\u00e9gitime de retard li\u00e9e \u00e0 un \u00e9v\u00e9nement administratif, technique ou climatique. En \u00cele-de-France, les motifs reviennent souvent : recours contre le permis de construire, prescriptions de la mairie, intervention du concessionnaire, retard de raccordement, chantier voisin, gr\u00e8ve, intemp\u00e9ries, d\u00e9faillance d&#8217;une entreprise ou difficult\u00e9 d&#8217;approvisionnement.<\/p>\n<p>Mais un motif localement plausible n&#8217;est pas automatiquement une cause juridiquement valable. Un retard de raccordement doit \u00eatre dat\u00e9 et document\u00e9. Une prescription administrative doit \u00eatre reli\u00e9e au programme concern\u00e9. Un recours de tiers doit \u00eatre prouv\u00e9 par une pi\u00e8ce identifi\u00e9e. Une difficult\u00e9 de circulation ou d&#8217;acc\u00e8s au chantier ne suffit pas, si elle \u00e9tait pr\u00e9visible d\u00e8s la conception du programme. Le promoteur professionnel est cens\u00e9 int\u00e9grer les contraintes normales d&#8217;un chantier francilien.<\/p>\n<p>La densit\u00e9 parisienne accentue aussi la question du lien causal. Un programme situ\u00e9 \u00e0 Paris, Boulogne-Billancourt, Saint-Denis, Montreuil, Cr\u00e9teil, Versailles ou Massy peut subir des al\u00e9as sp\u00e9cifiques. Mais l&#8217;acqu\u00e9reur doit demander en quoi ces al\u00e9as expliquent pr\u00e9cis\u00e9ment le nombre de jours ou de mois de report. Le courrier du promoteur doit donc \u00eatre confront\u00e9 au planning, aux comptes rendus de chantier et aux justificatifs transmis.<\/p>\n<p>Le premier courrier \u00e0 envoyer doit rester m\u00e9thodique. Il faut rappeler la date de livraison pr\u00e9vue, l&#8217;annonce de report, le motif invoqu\u00e9 et les cons\u00e9quences d\u00e9j\u00e0 subies. Il faut demander le d\u00e9compte exact des jours de report, les justificatifs et une nouvelle date ferme. Ce courrier pr\u00e9pare ensuite la mise en demeure si le promoteur r\u00e9pond mal ou ne r\u00e9pond pas.<\/p>\n<h2>Tribunal comp\u00e9tent : raisonner \u00e0 partir de l&#8217;immeuble et du d\u00e9fendeur<\/h2>\n<p>En mati\u00e8re immobili\u00e8re, la comp\u00e9tence territoriale d\u00e9pend notamment de la localisation de l&#8217;immeuble et de la nature de la demande. Pour un programme situ\u00e9 \u00e0 Paris, le tribunal judiciaire de Paris est g\u00e9n\u00e9ralement le point de r\u00e9f\u00e9rence. En petite couronne, le dossier peut relever du tribunal judiciaire de Nanterre pour les Hauts-de-Seine, Bobigny pour la Seine-Saint-Denis ou Cr\u00e9teil pour le Val-de-Marne. En grande couronne, il faut v\u00e9rifier le ressort : Versailles pour une partie des Yvelines, \u00c9vry-Courcouronnes pour l&#8217;Essonne, Pontoise pour le Val-d&#8217;Oise, et les tribunaux comp\u00e9tents de Seine-et-Marne selon la commune concern\u00e9e.<\/p>\n<p>Cette orientation doit toujours \u00eatre v\u00e9rifi\u00e9e avec l&#8217;adresse exacte du bien, la qualit\u00e9 des parties, le contrat et la demande envisag\u00e9e. Une demande de paiement de p\u00e9nalit\u00e9s, une demande d&#8217;expertise, une demande li\u00e9e \u00e0 la livraison et une action plus large contre le promoteur ne se pr\u00e9parent pas de la m\u00eame mani\u00e8re.<\/p>\n<p>Avant d&#8217;assigner, l&#8217;avocat doit aussi identifier le bon d\u00e9fendeur. Dans un programme VEFA, l&#8217;interlocuteur commercial n&#8217;est pas toujours la soci\u00e9t\u00e9 venderesse. Il peut exister une soci\u00e9t\u00e9 de projet, un promoteur de marque, un ma\u00eetre d&#8217;oeuvre, des entreprises et un garant financier d&#8217;ach\u00e8vement. L&#8217;acte authentique, les appels de fonds et les courriers officiels permettent de d\u00e9terminer contre qui agir.<\/p>\n<p>Le choix de la voie proc\u00e9durale d\u00e9pend ensuite de l&#8217;urgence. Si le litige porte principalement sur le paiement de p\u00e9nalit\u00e9s ou de dommages, une action au fond peut \u00eatre n\u00e9cessaire. Si le chantier est bloqu\u00e9, si la livraison est incertaine ou si les causes invoqu\u00e9es sont opaques, une demande d&#8217;expertise ou une mise en demeure renforc\u00e9e peut \u00eatre utile avant le fond. Si plusieurs acqu\u00e9reurs sont concern\u00e9s, il faut coordonner les d\u00e9marches sans confondre les situations individuelles, car chaque acqu\u00e9reur n&#8217;a pas forc\u00e9ment le m\u00eame pr\u00e9judice.<\/p>\n<h2>Chiffrer les cons\u00e9quences d&#8217;un retard \u00e0 Paris et en \u00cele-de-France<\/h2>\n<p>Le co\u00fbt du retard est souvent plus \u00e9lev\u00e9 en \u00cele-de-France qu&#8217;ailleurs. Les loyers provisoires sont importants, les garde-meubles co\u00fbtent cher, les d\u00e9m\u00e9nagements sont difficiles \u00e0 reprogrammer et certains acqu\u00e9reurs ont organis\u00e9 une relocation, une vente ou une s\u00e9paration patrimoniale autour de la date de livraison. Pour que ces \u00e9l\u00e9ments soient indemnisables, ils doivent \u00eatre document\u00e9s.<\/p>\n<p>Un acqu\u00e9reur occupant doit conserver les quittances de loyer, les frais de stockage, les devis de d\u00e9m\u00e9nagement report\u00e9, les \u00e9changes avec son bailleur et les frais bancaires li\u00e9s au d\u00e9calage. Un investisseur doit conserver les preuves de perte locative, le mandat de gestion, les annonces, les \u00e9changes avec les candidats locataires et le calendrier fiscal du projet. Un couple qui devait vendre ou lib\u00e9rer un logement doit documenter les frais suppl\u00e9mentaires et les cons\u00e9quences sur le financement.<\/p>\n<p>Le chiffrage doit rester sobre. Il faut s\u00e9parer les p\u00e9nalit\u00e9s contractuelles, lorsqu&#8217;elles existent, des dommages compl\u00e9mentaires. Les p\u00e9nalit\u00e9s sont calcul\u00e9es selon la clause. Les autres pr\u00e9judices doivent \u00eatre prouv\u00e9s et rattach\u00e9s au retard non justifi\u00e9. Si le promoteur d\u00e9montre une cause l\u00e9gitime pour une partie du retard, le calcul doit neutraliser cette p\u00e9riode et viser seulement le retard restant contestable.<\/p>\n<p>Cette rigueur am\u00e9liore la n\u00e9gociation. Un promoteur r\u00e9pond plus difficilement \u00e0 une r\u00e9clamation qui contient un tableau dat\u00e9, des pi\u00e8ces et un calcul transparent. \u00c0 l&#8217;inverse, une demande globale sans justificatifs lui permet d&#8217;opposer une contestation g\u00e9n\u00e9rale. Dans un march\u00e9 francilien tendu, le s\u00e9rieux du dossier peut faire la diff\u00e9rence entre une remise commerciale, un paiement partiel, une transaction \u00e9crite ou une proc\u00e9dure.<\/p>\n<h2>Pr\u00e9parer la livraison sans renoncer \u00e0 contester le retard<\/h2>\n<p>La livraison du logement ne doit pas effacer le retard. Beaucoup d&#8217;acqu\u00e9reurs h\u00e9sitent \u00e0 signer le proc\u00e8s-verbal par crainte de perdre leurs droits. Il faut distinguer les sujets. Le proc\u00e8s-verbal de livraison sert \u00e0 constater la remise des cl\u00e9s et les r\u00e9serves visibles. La contestation du retard, des p\u00e9nalit\u00e9s et des dommages peut \u00eatre maintenue si elle est clairement formul\u00e9e et si aucune renonciation n&#8217;est sign\u00e9e.<\/p>\n<p>Le jour de la livraison, l&#8217;acqu\u00e9reur doit donc \u00eatre attentif aux documents pr\u00e9sent\u00e9s. Il ne faut pas signer une mention g\u00e9n\u00e9rale selon laquelle aucun recours n&#8217;est maintenu au titre du retard, sauf accord chiffr\u00e9 et compris. Les r\u00e9serves techniques doivent \u00eatre inscrites pr\u00e9cis\u00e9ment, avec photos si possible. Les \u00e9changes sur les p\u00e9nalit\u00e9s doivent rester s\u00e9par\u00e9s et \u00e9crits.<\/p>\n<p>Dans certains programmes d&#8217;\u00cele-de-France, les acqu\u00e9reurs se regroupent pour faire pression sur le promoteur. Cette d\u00e9marche peut \u00eatre utile pour obtenir des informations sur le chantier. Mais chaque dossier conserve sa dimension individuelle : un propri\u00e9taire occupant, un investisseur locatif et un acqu\u00e9reur qui a vendu son ancien logement ne subissent pas le m\u00eame pr\u00e9judice. La strat\u00e9gie collective ne doit donc pas emp\u00eacher un chiffrage personnel.<\/p>\n<p>Si le promoteur invoque des causes l\u00e9gitimes sans fournir de preuves, l&#8217;acqu\u00e9reur peut demander une consultation cibl\u00e9e. L&#8217;objectif n&#8217;est pas de lancer imm\u00e9diatement une proc\u00e9dure lourde. Il est d&#8217;abord de v\u00e9rifier si le contrat permet un report, si les pi\u00e8ces du promoteur sont suffisantes, si le calcul tient, et si une mise en demeure peut d\u00e9bloquer une indemnisation. Le cabinet intervient d\u00e9j\u00e0 sur les probl\u00e9matiques de <a href=\"https:\/\/kohenavocats.fr\/avocat-vefa-paris\/\">VEFA \u00e0 Paris<\/a> et d&#8217;<a href=\"https:\/\/kohenavocats.fr\/avocat-expertise-batiment-paris\/\">expertise b\u00e2timent<\/a>, ce qui permet de relier retard, r\u00e9serves, malfa\u00e7ons et strat\u00e9gie contentieuse.<\/p>\n<h2>Pi\u00e8ces utiles pour une consultation \u00e0 Paris ou en \u00cele-de-France<\/h2>\n<ul>\n<li>contrat de r\u00e9servation, acte authentique et annexes du programme ;<\/li>\n<li>clause de livraison, clause de causes l\u00e9gitimes et clause de p\u00e9nalit\u00e9s ;<\/li>\n<li>courriers de report envoy\u00e9s par le promoteur ;<\/li>\n<li>justificatifs transmis : intemp\u00e9ries, d\u00e9cisions administratives, recours, compte rendu de chantier ;<\/li>\n<li>\u00e9ch\u00e9ancier d&#8217;appels de fonds et relev\u00e9s bancaires ;<\/li>\n<li>justificatifs de loyer, relogement, garde-meubles, d\u00e9m\u00e9nagement ou perte locative ;<\/li>\n<li>photos de chantier et comptes rendus de visite ;<\/li>\n<li>projet de proc\u00e8s-verbal de livraison ou proc\u00e8s-verbal d\u00e9j\u00e0 sign\u00e9 ;<\/li>\n<li>\u00e9changes avec le notaire, le promoteur, le syndic provisoire ou les autres acqu\u00e9reurs.<\/li>\n<\/ul>\n<h2>Besoin d&#8217;un avis rapide sur votre dossier.<\/h2>\n<p>Vous avez achet\u00e9 en VEFA \u00e0 Paris ou en \u00cele-de-France et le promoteur invoque des causes l\u00e9gitimes de retard sans d\u00e9compte clair.<\/p>\n<p>Le cabinet peut organiser une consultation t\u00e9l\u00e9phonique en 48 heures avec un avocat pour v\u00e9rifier le contrat, identifier le tribunal utile et pr\u00e9parer une mise en demeure chiffr\u00e9e.<\/p>\n<p>Vous pouvez appeler le <a href=\"tel:+33689113445\">06 89 11 34 45<\/a> ou utiliser le <a href=\"https:\/\/kohenavocats.com\/contactez-nous\/\">formulaire de contact<\/a>.<\/p>\n","protected":false},"excerpt":{"rendered":"<p>\u00c0 Paris et en \u00cele-de-France, comment contester les causes l\u00e9gitimes invoqu\u00e9es par un promoteur en cas de retard VEFA, v\u00e9rifier le tribunal comp\u00e9tent et pr\u00e9parer les pi\u00e8ces.<\/p>\n","protected":false},"author":232070755,"featured_media":9426,"comment_status":"open","ping_status":"open","sticky":false,"template":"","format":"standard","meta":{"_crdt_document":"","_jetpack_newsletter_access":"","_jetpack_dont_email_post_to_subs":false,"_jetpack_newsletter_tier_id":0,"_jetpack_memberships_contains_paywalled_content":false,"_jetpack_memberships_contains_paid_content":false,"footnotes":"","jetpack_post_was_ever_published":false},"categories":[6995,35583],"tags":[],"class_list":["post-673897","post","type-post","status-publish","format-standard","has-post-thumbnail","hentry","category-decryptage","category-immobilier"],"yoast_head":"<!-- This site is optimized with the Yoast SEO Premium plugin v27.4 (Yoast SEO v27.4) - https:\/\/yoast.com\/product\/yoast-seo-premium-wordpress\/ -->\n<title>Retard VEFA \u00e0 Paris et en \u00cele-de-France : contester les causes l\u00e9gitimes du promoteur - Ma\u00eetre Hassan Kohen, avocat en droit p\u00e9nal \u00e0 Paris<\/title>\n<meta name=\"robots\" content=\"index, follow, max-snippet:-1, max-image-preview:large, max-video-preview:-1\" \/>\n<link rel=\"canonical\" href=\"https:\/\/kohenavocats.com\/pt-pt\/retard-vefa-paris-ile-de-france-contester-causes-legitimes-promoteur\/\" \/>\n<meta property=\"og:locale\" content=\"pt_PT\" \/>\n<meta property=\"og:type\" content=\"article\" \/>\n<meta property=\"og:title\" content=\"Retard VEFA \u00e0 Paris et en \u00cele-de-France : contester les causes l\u00e9gitimes du promoteur\" \/>\n<meta property=\"og:description\" content=\"\u00c0 Paris et en \u00cele-de-France, comment contester les causes l\u00e9gitimes invoqu\u00e9es par un promoteur en cas de retard VEFA, v\u00e9rifier le tribunal comp\u00e9tent et pr\u00e9parer les pi\u00e8ces.\" \/>\n<meta property=\"og:url\" content=\"https:\/\/kohenavocats.com\/pt-pt\/retard-vefa-paris-ile-de-france-contester-causes-legitimes-promoteur\/\" \/>\n<meta property=\"og:site_name\" content=\"Ma\u00eetre Hassan Kohen, avocat en droit p\u00e9nal \u00e0 Paris\" \/>\n<meta property=\"article:published_time\" content=\"2026-04-24T15:13:43+00:00\" \/>\n<meta name=\"author\" content=\"Kohen\" \/>\n<meta name=\"twitter:card\" content=\"summary_large_image\" \/>\n<meta name=\"twitter:label1\" content=\"Escrito por\" \/>\n\t<meta name=\"twitter:data1\" content=\"Kohen\" \/>\n\t<meta name=\"twitter:label2\" content=\"Tempo estimado de leitura\" \/>\n\t<meta name=\"twitter:data2\" content=\"8 minutos\" \/>\n<script type=\"application\/ld+json\" class=\"yoast-schema-graph\">{\"@context\":\"https:\\\/\\\/schema.org\",\"@graph\":[{\"@type\":\"Article\",\"@id\":\"https:\\\/\\\/kohenavocats.com\\\/pt-pt\\\/retard-vefa-paris-ile-de-france-contester-causes-legitimes-promoteur\\\/#article\",\"isPartOf\":{\"@id\":\"https:\\\/\\\/kohenavocats.com\\\/pt-pt\\\/retard-vefa-paris-ile-de-france-contester-causes-legitimes-promoteur\\\/\"},\"author\":{\"name\":\"Kohen\",\"@id\":\"https:\\\/\\\/kohenavocats.com\\\/pt-pt\\\/#\\\/schema\\\/person\\\/761c9ba54fa1ca84d405cef0831ff751\"},\"headline\":\"Retard VEFA \u00e0 Paris et en \u00cele-de-France : contester les causes l\u00e9gitimes du promoteur\",\"datePublished\":\"2026-04-24T15:13:43+00:00\",\"mainEntityOfPage\":{\"@id\":\"https:\\\/\\\/kohenavocats.com\\\/pt-pt\\\/retard-vefa-paris-ile-de-france-contester-causes-legitimes-promoteur\\\/\"},\"wordCount\":1649,\"commentCount\":0,\"publisher\":{\"@id\":\"https:\\\/\\\/kohenavocats.com\\\/pt-pt\\\/#organization\"},\"image\":{\"@id\":\"https:\\\/\\\/kohenavocats.com\\\/pt-pt\\\/retard-vefa-paris-ile-de-france-contester-causes-legitimes-promoteur\\\/#primaryimage\"},\"thumbnailUrl\":\"https:\\\/\\\/kohenavocats.com\\\/wp-content\\\/uploads\\\/2024\\\/11\\\/mohamed-nohassi-_gRInX3DeBQ-unsplash.webp\",\"articleSection\":[\"D\u00e9cryptage\",\"Immobilier\"],\"inLanguage\":\"pt-PT\",\"potentialAction\":[{\"@type\":\"CommentAction\",\"name\":\"Comment\",\"target\":[\"https:\\\/\\\/kohenavocats.com\\\/pt-pt\\\/retard-vefa-paris-ile-de-france-contester-causes-legitimes-promoteur\\\/#respond\"]}],\"citation\":\"Retard VEFA \u00e0 Paris et en \u00cele-de-France : contester les causes l\u00e9gitimes du promoteur\",\"about\":[{\"@type\":\"Thing\",\"name\":\"D\u00e9cryptage\"},{\"@type\":\"Thing\",\"name\":\"Immobilier\"}],\"dateModified\":\"2026-04-24T15:13:43+00:00\",\"speakable\":{\"@type\":\"SpeakableSpecification\",\"cssSelector\":[\".article-content > p:first-of-type\"]}},{\"@type\":\"WebPage\",\"@id\":\"https:\\\/\\\/kohenavocats.com\\\/pt-pt\\\/retard-vefa-paris-ile-de-france-contester-causes-legitimes-promoteur\\\/\",\"url\":\"https:\\\/\\\/kohenavocats.com\\\/pt-pt\\\/retard-vefa-paris-ile-de-france-contester-causes-legitimes-promoteur\\\/\",\"name\":\"Retard VEFA \u00e0 Paris et en \u00cele-de-France : contester les causes l\u00e9gitimes du promoteur - Ma\u00eetre Hassan Kohen, avocat en droit p\u00e9nal \u00e0 Paris\",\"isPartOf\":{\"@id\":\"https:\\\/\\\/kohenavocats.com\\\/pt-pt\\\/#website\"},\"primaryImageOfPage\":{\"@id\":\"https:\\\/\\\/kohenavocats.com\\\/pt-pt\\\/retard-vefa-paris-ile-de-france-contester-causes-legitimes-promoteur\\\/#primaryimage\"},\"image\":{\"@id\":\"https:\\\/\\\/kohenavocats.com\\\/pt-pt\\\/retard-vefa-paris-ile-de-france-contester-causes-legitimes-promoteur\\\/#primaryimage\"},\"thumbnailUrl\":\"https:\\\/\\\/kohenavocats.com\\\/wp-content\\\/uploads\\\/2024\\\/11\\\/mohamed-nohassi-_gRInX3DeBQ-unsplash.webp\",\"datePublished\":\"2026-04-24T15:13:43+00:00\",\"breadcrumb\":{\"@id\":\"https:\\\/\\\/kohenavocats.com\\\/pt-pt\\\/retard-vefa-paris-ile-de-france-contester-causes-legitimes-promoteur\\\/#breadcrumb\"},\"inLanguage\":\"pt-PT\",\"potentialAction\":[{\"@type\":\"ReadAction\",\"target\":[\"https:\\\/\\\/kohenavocats.com\\\/pt-pt\\\/retard-vefa-paris-ile-de-france-contester-causes-legitimes-promoteur\\\/\"]}]},{\"@type\":\"ImageObject\",\"inLanguage\":\"pt-PT\",\"@id\":\"https:\\\/\\\/kohenavocats.com\\\/pt-pt\\\/retard-vefa-paris-ile-de-france-contester-causes-legitimes-promoteur\\\/#primaryimage\",\"url\":\"https:\\\/\\\/kohenavocats.com\\\/wp-content\\\/uploads\\\/2024\\\/11\\\/mohamed-nohassi-_gRInX3DeBQ-unsplash.webp\",\"contentUrl\":\"https:\\\/\\\/kohenavocats.com\\\/wp-content\\\/uploads\\\/2024\\\/11\\\/mohamed-nohassi-_gRInX3DeBQ-unsplash.webp\",\"width\":6998,\"height\":4096},{\"@type\":\"BreadcrumbList\",\"@id\":\"https:\\\/\\\/kohenavocats.com\\\/pt-pt\\\/retard-vefa-paris-ile-de-france-contester-causes-legitimes-promoteur\\\/#breadcrumb\",\"itemListElement\":[{\"@type\":\"ListItem\",\"position\":1,\"name\":\"Home\",\"item\":\"https:\\\/\\\/kohenavocats.com\\\/pt-pt\\\/avocats-en-droit-penal-a-paris-conseil-et-defense-strategique\\\/\"},{\"@type\":\"ListItem\",\"position\":2,\"name\":\"Retard VEFA \u00e0 Paris et en \u00cele-de-France : contester les causes l\u00e9gitimes du promoteur\"}]},{\"@type\":\"WebSite\",\"@id\":\"https:\\\/\\\/kohenavocats.com\\\/pt-pt\\\/#website\",\"url\":\"https:\\\/\\\/kohenavocats.com\\\/pt-pt\\\/\",\"name\":\"Kohen Avocats\",\"description\":\"Ma\u00eetre Hassan Kohen, avocat p\u00e9naliste \u00e0 Paris, intervient exclusivement en droit p\u00e9nal pour la d\u00e9fense des particuliers, notamment en mati\u00e8re d\u2019accusations de viol. Il assure un accompagnement rigoureux d\u00e8s la garde \u00e0 vue jusqu\u2019\u00e0 la Cour d\u2019assises, veillant au strict respect des garanties proc\u00e9durales.\",\"publisher\":{\"@id\":\"https:\\\/\\\/kohenavocats.com\\\/pt-pt\\\/#organization\"},\"potentialAction\":[{\"@type\":\"SearchAction\",\"target\":{\"@type\":\"EntryPoint\",\"urlTemplate\":\"https:\\\/\\\/kohenavocats.com\\\/pt-pt\\\/?s={search_term_string}\"},\"query-input\":{\"@type\":\"PropertyValueSpecification\",\"valueRequired\":true,\"valueName\":\"search_term_string\"}}],\"inLanguage\":\"pt-PT\"},{\"@type\":\"Organization\",\"@id\":\"https:\\\/\\\/kohenavocats.com\\\/pt-pt\\\/#organization\",\"name\":\"Kohen Avocats\",\"url\":\"https:\\\/\\\/kohenavocats.com\\\/pt-pt\\\/\",\"logo\":{\"@type\":\"ImageObject\",\"inLanguage\":\"pt-PT\",\"@id\":\"https:\\\/\\\/kohenavocats.com\\\/pt-pt\\\/#\\\/schema\\\/logo\\\/image\\\/\",\"url\":\"https:\\\/\\\/kohenavocats.com\\\/wp-content\\\/uploads\\\/2026\\\/01\\\/Logo-2-1.webp\",\"contentUrl\":\"https:\\\/\\\/kohenavocats.com\\\/wp-content\\\/uploads\\\/2026\\\/01\\\/Logo-2-1.webp\",\"width\":2114,\"height\":1253,\"caption\":\"Kohen Avocats\"},\"image\":{\"@id\":\"https:\\\/\\\/kohenavocats.com\\\/pt-pt\\\/#\\\/schema\\\/logo\\\/image\\\/\"}},{\"@type\":\"Person\",\"@id\":\"https:\\\/\\\/kohenavocats.com\\\/pt-pt\\\/#\\\/schema\\\/person\\\/761c9ba54fa1ca84d405cef0831ff751\",\"name\":\"Kohen\",\"image\":{\"@type\":\"ImageObject\",\"inLanguage\":\"pt-PT\",\"@id\":\"https:\\\/\\\/secure.gravatar.com\\\/avatar\\\/1c5e76ef76bbbfdd2b4da984e2bf2fa4056fd51a27d25ce2c332047f1dfd6e00?s=96&d=identicon&r=g\",\"url\":\"https:\\\/\\\/secure.gravatar.com\\\/avatar\\\/1c5e76ef76bbbfdd2b4da984e2bf2fa4056fd51a27d25ce2c332047f1dfd6e00?s=96&d=identicon&r=g\",\"contentUrl\":\"https:\\\/\\\/secure.gravatar.com\\\/avatar\\\/1c5e76ef76bbbfdd2b4da984e2bf2fa4056fd51a27d25ce2c332047f1dfd6e00?s=96&d=identicon&r=g\",\"caption\":\"Kohen\"},\"sameAs\":[\"https:\\\/\\\/www.linkedin.com\\\/in\\\/hassan-kohen-448548192\\\/\",\"https:\\\/\\\/www.youtube.com\\\/@Kohen-Avocats\"],\"url\":\"https:\\\/\\\/kohenavocats.com\\\/pt-pt\\\/author\\\/kohenmlk\\\/\"}]}<\/script>\n<!-- \/ Yoast SEO Premium plugin. -->","yoast_head_json":{"title":"Retard VEFA \u00e0 Paris et en \u00cele-de-France : contester les causes l\u00e9gitimes du promoteur - Ma\u00eetre Hassan Kohen, avocat en droit p\u00e9nal \u00e0 Paris","robots":{"index":"index","follow":"follow","max-snippet":"max-snippet:-1","max-image-preview":"max-image-preview:large","max-video-preview":"max-video-preview:-1"},"canonical":"https:\/\/kohenavocats.com\/pt-pt\/retard-vefa-paris-ile-de-france-contester-causes-legitimes-promoteur\/","og_locale":"pt_PT","og_type":"article","og_title":"Retard VEFA \u00e0 Paris et en \u00cele-de-France : contester les causes l\u00e9gitimes du promoteur","og_description":"\u00c0 Paris et en \u00cele-de-France, comment contester les causes l\u00e9gitimes invoqu\u00e9es par un promoteur en cas de retard VEFA, v\u00e9rifier le tribunal comp\u00e9tent et pr\u00e9parer les pi\u00e8ces.","og_url":"https:\/\/kohenavocats.com\/pt-pt\/retard-vefa-paris-ile-de-france-contester-causes-legitimes-promoteur\/","og_site_name":"Ma\u00eetre Hassan Kohen, avocat en droit p\u00e9nal \u00e0 Paris","article_published_time":"2026-04-24T15:13:43+00:00","author":"Kohen","twitter_card":"summary_large_image","twitter_misc":{"Escrito por":"Kohen","Tempo estimado de leitura":"8 minutos"},"schema":{"@context":"https:\/\/schema.org","@graph":[{"@type":"Article","@id":"https:\/\/kohenavocats.com\/pt-pt\/retard-vefa-paris-ile-de-france-contester-causes-legitimes-promoteur\/#article","isPartOf":{"@id":"https:\/\/kohenavocats.com\/pt-pt\/retard-vefa-paris-ile-de-france-contester-causes-legitimes-promoteur\/"},"author":{"name":"Kohen","@id":"https:\/\/kohenavocats.com\/pt-pt\/#\/schema\/person\/761c9ba54fa1ca84d405cef0831ff751"},"headline":"Retard VEFA \u00e0 Paris et en \u00cele-de-France : contester les causes l\u00e9gitimes du promoteur","datePublished":"2026-04-24T15:13:43+00:00","mainEntityOfPage":{"@id":"https:\/\/kohenavocats.com\/pt-pt\/retard-vefa-paris-ile-de-france-contester-causes-legitimes-promoteur\/"},"wordCount":1649,"commentCount":0,"publisher":{"@id":"https:\/\/kohenavocats.com\/pt-pt\/#organization"},"image":{"@id":"https:\/\/kohenavocats.com\/pt-pt\/retard-vefa-paris-ile-de-france-contester-causes-legitimes-promoteur\/#primaryimage"},"thumbnailUrl":"https:\/\/kohenavocats.com\/wp-content\/uploads\/2024\/11\/mohamed-nohassi-_gRInX3DeBQ-unsplash.webp","articleSection":["D\u00e9cryptage","Immobilier"],"inLanguage":"pt-PT","potentialAction":[{"@type":"CommentAction","name":"Comment","target":["https:\/\/kohenavocats.com\/pt-pt\/retard-vefa-paris-ile-de-france-contester-causes-legitimes-promoteur\/#respond"]}],"citation":"Retard VEFA \u00e0 Paris et en \u00cele-de-France : contester les causes l\u00e9gitimes du promoteur","about":[{"@type":"Thing","name":"D\u00e9cryptage"},{"@type":"Thing","name":"Immobilier"}],"dateModified":"2026-04-24T15:13:43+00:00","speakable":{"@type":"SpeakableSpecification","cssSelector":[".article-content > p:first-of-type"]}},{"@type":"WebPage","@id":"https:\/\/kohenavocats.com\/pt-pt\/retard-vefa-paris-ile-de-france-contester-causes-legitimes-promoteur\/","url":"https:\/\/kohenavocats.com\/pt-pt\/retard-vefa-paris-ile-de-france-contester-causes-legitimes-promoteur\/","name":"Retard VEFA \u00e0 Paris et en \u00cele-de-France : contester les causes l\u00e9gitimes du promoteur - Ma\u00eetre Hassan Kohen, avocat en droit p\u00e9nal \u00e0 Paris","isPartOf":{"@id":"https:\/\/kohenavocats.com\/pt-pt\/#website"},"primaryImageOfPage":{"@id":"https:\/\/kohenavocats.com\/pt-pt\/retard-vefa-paris-ile-de-france-contester-causes-legitimes-promoteur\/#primaryimage"},"image":{"@id":"https:\/\/kohenavocats.com\/pt-pt\/retard-vefa-paris-ile-de-france-contester-causes-legitimes-promoteur\/#primaryimage"},"thumbnailUrl":"https:\/\/kohenavocats.com\/wp-content\/uploads\/2024\/11\/mohamed-nohassi-_gRInX3DeBQ-unsplash.webp","datePublished":"2026-04-24T15:13:43+00:00","breadcrumb":{"@id":"https:\/\/kohenavocats.com\/pt-pt\/retard-vefa-paris-ile-de-france-contester-causes-legitimes-promoteur\/#breadcrumb"},"inLanguage":"pt-PT","potentialAction":[{"@type":"ReadAction","target":["https:\/\/kohenavocats.com\/pt-pt\/retard-vefa-paris-ile-de-france-contester-causes-legitimes-promoteur\/"]}]},{"@type":"ImageObject","inLanguage":"pt-PT","@id":"https:\/\/kohenavocats.com\/pt-pt\/retard-vefa-paris-ile-de-france-contester-causes-legitimes-promoteur\/#primaryimage","url":"https:\/\/kohenavocats.com\/wp-content\/uploads\/2024\/11\/mohamed-nohassi-_gRInX3DeBQ-unsplash.webp","contentUrl":"https:\/\/kohenavocats.com\/wp-content\/uploads\/2024\/11\/mohamed-nohassi-_gRInX3DeBQ-unsplash.webp","width":6998,"height":4096},{"@type":"BreadcrumbList","@id":"https:\/\/kohenavocats.com\/pt-pt\/retard-vefa-paris-ile-de-france-contester-causes-legitimes-promoteur\/#breadcrumb","itemListElement":[{"@type":"ListItem","position":1,"name":"Home","item":"https:\/\/kohenavocats.com\/pt-pt\/avocats-en-droit-penal-a-paris-conseil-et-defense-strategique\/"},{"@type":"ListItem","position":2,"name":"Retard VEFA \u00e0 Paris et en \u00cele-de-France : contester les causes l\u00e9gitimes du promoteur"}]},{"@type":"WebSite","@id":"https:\/\/kohenavocats.com\/pt-pt\/#website","url":"https:\/\/kohenavocats.com\/pt-pt\/","name":"Kohen Avocats","description":"Ma\u00eetre Hassan Kohen, avocat p\u00e9naliste \u00e0 Paris, intervient exclusivement en droit p\u00e9nal pour la d\u00e9fense des particuliers, notamment en mati\u00e8re d\u2019accusations de viol. Il assure un accompagnement rigoureux d\u00e8s la garde \u00e0 vue jusqu\u2019\u00e0 la Cour d\u2019assises, veillant au strict respect des garanties proc\u00e9durales.","publisher":{"@id":"https:\/\/kohenavocats.com\/pt-pt\/#organization"},"potentialAction":[{"@type":"SearchAction","target":{"@type":"EntryPoint","urlTemplate":"https:\/\/kohenavocats.com\/pt-pt\/?s={search_term_string}"},"query-input":{"@type":"PropertyValueSpecification","valueRequired":true,"valueName":"search_term_string"}}],"inLanguage":"pt-PT"},{"@type":"Organization","@id":"https:\/\/kohenavocats.com\/pt-pt\/#organization","name":"Kohen Avocats","url":"https:\/\/kohenavocats.com\/pt-pt\/","logo":{"@type":"ImageObject","inLanguage":"pt-PT","@id":"https:\/\/kohenavocats.com\/pt-pt\/#\/schema\/logo\/image\/","url":"https:\/\/kohenavocats.com\/wp-content\/uploads\/2026\/01\/Logo-2-1.webp","contentUrl":"https:\/\/kohenavocats.com\/wp-content\/uploads\/2026\/01\/Logo-2-1.webp","width":2114,"height":1253,"caption":"Kohen Avocats"},"image":{"@id":"https:\/\/kohenavocats.com\/pt-pt\/#\/schema\/logo\/image\/"}},{"@type":"Person","@id":"https:\/\/kohenavocats.com\/pt-pt\/#\/schema\/person\/761c9ba54fa1ca84d405cef0831ff751","name":"Kohen","image":{"@type":"ImageObject","inLanguage":"pt-PT","@id":"https:\/\/secure.gravatar.com\/avatar\/1c5e76ef76bbbfdd2b4da984e2bf2fa4056fd51a27d25ce2c332047f1dfd6e00?s=96&d=identicon&r=g","url":"https:\/\/secure.gravatar.com\/avatar\/1c5e76ef76bbbfdd2b4da984e2bf2fa4056fd51a27d25ce2c332047f1dfd6e00?s=96&d=identicon&r=g","contentUrl":"https:\/\/secure.gravatar.com\/avatar\/1c5e76ef76bbbfdd2b4da984e2bf2fa4056fd51a27d25ce2c332047f1dfd6e00?s=96&d=identicon&r=g","caption":"Kohen"},"sameAs":["https:\/\/www.linkedin.com\/in\/hassan-kohen-448548192\/","https:\/\/www.youtube.com\/@Kohen-Avocats"],"url":"https:\/\/kohenavocats.com\/pt-pt\/author\/kohenmlk\/"}]}},"jetpack_featured_media_url":"https:\/\/kohenavocats.com\/wp-content\/uploads\/2024\/11\/mohamed-nohassi-_gRInX3DeBQ-unsplash.webp","jetpack_likes_enabled":false,"jetpack_shortlink":"https:\/\/wp.me\/peCrII-2Pjj","jetpack-related-posts":[{"id":440469,"url":"https:\/\/kohenavocats.com\/pt-pt\/vefa-les-recours-de-lacquereur-face-au-retard-de-livraison-et-aux-desordres-de-construction\/","url_meta":{"origin":673897,"position":0},"title":"VEFA : les recours de l&#8217;acqu\u00e9reur face au retard de livraison et aux d\u00e9sordres de construction","author":"Kohen","date":"2 de Abril, 2026","format":false,"excerpt":"VEFA : recours de l'acqu\u00e9reur, retard de livraison, r\u00e9serves \u00e0 la livraison, action en garantie des vices apparents et r\u00e9solution judiciaire. Guide pratique et jurisprudence 2024-2025.","rel":"","context":"In &quot;D\u00e9cryptage&quot;","block_context":{"text":"D\u00e9cryptage","link":"https:\/\/kohenavocats.com\/category\/decryptage\/"},"img":{"alt_text":"","src":"https:\/\/i0.wp.com\/kohenavocats.com\/wp-content\/uploads\/2024\/11\/andrew-petrischev-rEgt1jzRHeU-unsplash.webp?resize=350%2C200&ssl=1","width":350,"height":200,"srcset":"https:\/\/i0.wp.com\/kohenavocats.com\/wp-content\/uploads\/2024\/11\/andrew-petrischev-rEgt1jzRHeU-unsplash.webp?resize=350%2C200&ssl=1 1x, https:\/\/i0.wp.com\/kohenavocats.com\/wp-content\/uploads\/2024\/11\/andrew-petrischev-rEgt1jzRHeU-unsplash.webp?resize=525%2C300&ssl=1 1.5x, https:\/\/i0.wp.com\/kohenavocats.com\/wp-content\/uploads\/2024\/11\/andrew-petrischev-rEgt1jzRHeU-unsplash.webp?resize=700%2C400&ssl=1 2x, https:\/\/i0.wp.com\/kohenavocats.com\/wp-content\/uploads\/2024\/11\/andrew-petrischev-rEgt1jzRHeU-unsplash.webp?resize=1050%2C600&ssl=1 3x, https:\/\/i0.wp.com\/kohenavocats.com\/wp-content\/uploads\/2024\/11\/andrew-petrischev-rEgt1jzRHeU-unsplash.webp?resize=1400%2C800&ssl=1 4x"},"classes":[]},{"id":674783,"url":"https:\/\/kohenavocats.com\/pt-pt\/dommage-ouvrage-paris-ile-de-france-refus-assureur-expertise-tribunal\/","url_meta":{"origin":673897,"position":1},"title":"Dommage-ouvrage \u00e0 Paris et en \u00cele-de-France : contester un refus apr\u00e8s expertise","author":"Kohen","date":"24 de Abril, 2026","format":false,"excerpt":"Assurance dommages-ouvrage \u00e0 Paris et en \u00cele-de-France : v\u00e9rifier les d\u00e9lais, contester le refus apr\u00e8s expertise et pr\u00e9parer le tribunal comp\u00e9tent.","rel":"","context":"In &quot;D\u00e9cryptage&quot;","block_context":{"text":"D\u00e9cryptage","link":"https:\/\/kohenavocats.com\/category\/decryptage\/"},"img":{"alt_text":"","src":"https:\/\/i0.wp.com\/kohenavocats.com\/wp-content\/uploads\/2024\/11\/allison-saeng-MrtYdShGeQY-unsplash.webp?resize=350%2C200&ssl=1","width":350,"height":200,"srcset":"https:\/\/i0.wp.com\/kohenavocats.com\/wp-content\/uploads\/2024\/11\/allison-saeng-MrtYdShGeQY-unsplash.webp?resize=350%2C200&ssl=1 1x, https:\/\/i0.wp.com\/kohenavocats.com\/wp-content\/uploads\/2024\/11\/allison-saeng-MrtYdShGeQY-unsplash.webp?resize=525%2C300&ssl=1 1.5x, https:\/\/i0.wp.com\/kohenavocats.com\/wp-content\/uploads\/2024\/11\/allison-saeng-MrtYdShGeQY-unsplash.webp?resize=700%2C400&ssl=1 2x, https:\/\/i0.wp.com\/kohenavocats.com\/wp-content\/uploads\/2024\/11\/allison-saeng-MrtYdShGeQY-unsplash.webp?resize=1050%2C600&ssl=1 3x, https:\/\/i0.wp.com\/kohenavocats.com\/wp-content\/uploads\/2024\/11\/allison-saeng-MrtYdShGeQY-unsplash.webp?resize=1400%2C800&ssl=1 4x"},"classes":[]},{"id":498283,"url":"https:\/\/kohenavocats.com\/pt-pt\/tribunal-judiciaire-de-paris-le-5-mars-2025-n24-04105\/","url_meta":{"origin":673897,"position":2},"title":"Tribunal judiciaire de Paris, le 5 mars 2025, n\u00b024\/04105","author":"Kohen","date":"8 de Abril, 2026","format":false,"excerpt":"Le tribunal judiciaire de Paris, dans un jugement du 5 mars 2025, statue sur les demandes d'acqu\u00e9reurs d'un bien en VEFA contre le promoteur et d'autres soci...","rel":"","context":"In &quot;Jurisprudence&quot;","block_context":{"text":"Jurisprudence","link":"https:\/\/kohenavocats.com\/category\/jurisprudence\/"},"img":{"alt_text":"","src":"https:\/\/i0.wp.com\/kohenavocats.com\/wp-content\/uploads\/2024\/08\/chris-czermak-PamFFHL6fVY-unsplash.webp?resize=350%2C200&ssl=1","width":350,"height":200,"srcset":"https:\/\/i0.wp.com\/kohenavocats.com\/wp-content\/uploads\/2024\/08\/chris-czermak-PamFFHL6fVY-unsplash.webp?resize=350%2C200&ssl=1 1x, https:\/\/i0.wp.com\/kohenavocats.com\/wp-content\/uploads\/2024\/08\/chris-czermak-PamFFHL6fVY-unsplash.webp?resize=525%2C300&ssl=1 1.5x, https:\/\/i0.wp.com\/kohenavocats.com\/wp-content\/uploads\/2024\/08\/chris-czermak-PamFFHL6fVY-unsplash.webp?resize=700%2C400&ssl=1 2x, https:\/\/i0.wp.com\/kohenavocats.com\/wp-content\/uploads\/2024\/08\/chris-czermak-PamFFHL6fVY-unsplash.webp?resize=1050%2C600&ssl=1 3x, https:\/\/i0.wp.com\/kohenavocats.com\/wp-content\/uploads\/2024\/08\/chris-czermak-PamFFHL6fVY-unsplash.webp?resize=1400%2C800&ssl=1 4x"},"classes":[]},{"id":382749,"url":"https:\/\/kohenavocats.com\/pt-pt\/vefa-et-retard-de-livraison-4-reflexes-pratiques-pour-proteger-vos-droits-dacquereur\/","url_meta":{"origin":673897,"position":3},"title":"VEFA et retard de livraison : 4 r\u00e9flexes pratiques pour prot\u00e9ger vos droits d&#8217;acqu\u00e9reur","author":"Kohen","date":"2 de Mar\u00e7o, 2026","format":false,"excerpt":"Un retard de livraison en VEFA : un probl\u00e8me plus courant qu'on ne le croit Acheter un logement sur plan repr\u00e9sente souvent le projet d'une vie. Pourtant, de nombreux acqu\u00e9reurs d\u00e9couvrent avec inqui\u00e9tude que la date de livraison promise par le promoteur n'est pas respect\u00e9e. Semaines puis mois s'accumulent, sans\u2026","rel":"","context":"In &quot;Non cat\u00e9goris\u00e9&quot;","block_context":{"text":"Non cat\u00e9goris\u00e9","link":"https:\/\/kohenavocats.com\/category\/non-categorise\/"},"img":{"alt_text":"","src":"https:\/\/i0.wp.com\/kohenavocats.com\/wp-content\/uploads\/2024\/08\/pierre-chatel-innocenti-5ASZ_qxS9dQ-unsplash.webp?resize=350%2C200&ssl=1","width":350,"height":200,"srcset":"https:\/\/i0.wp.com\/kohenavocats.com\/wp-content\/uploads\/2024\/08\/pierre-chatel-innocenti-5ASZ_qxS9dQ-unsplash.webp?resize=350%2C200&ssl=1 1x, https:\/\/i0.wp.com\/kohenavocats.com\/wp-content\/uploads\/2024\/08\/pierre-chatel-innocenti-5ASZ_qxS9dQ-unsplash.webp?resize=525%2C300&ssl=1 1.5x, https:\/\/i0.wp.com\/kohenavocats.com\/wp-content\/uploads\/2024\/08\/pierre-chatel-innocenti-5ASZ_qxS9dQ-unsplash.webp?resize=700%2C400&ssl=1 2x, https:\/\/i0.wp.com\/kohenavocats.com\/wp-content\/uploads\/2024\/08\/pierre-chatel-innocenti-5ASZ_qxS9dQ-unsplash.webp?resize=1050%2C600&ssl=1 3x, https:\/\/i0.wp.com\/kohenavocats.com\/wp-content\/uploads\/2024\/08\/pierre-chatel-innocenti-5ASZ_qxS9dQ-unsplash.webp?resize=1400%2C800&ssl=1 4x"},"classes":[]},{"id":645790,"url":"https:\/\/kohenavocats.com\/pt-pt\/cour-dappel-de-rennes-le-7-octobre-2025-n22-05926\/","url_meta":{"origin":673897,"position":4},"title":"Cour d&#8217;appel de Rennes, le 7 octobre 2025, n\u00b022\/05926","author":"Kohen","date":"22 de Abril, 2026","format":false,"excerpt":"La Cour d'appel de Rennes, le 7 octobre 2025, confirme un jugement condamnant un vendeur pour retard de livraison en VEFA. L'acqu\u00e9reur avait subi un d\u00e9passem...","rel":"","context":"In &quot;Jurisprudence&quot;","block_context":{"text":"Jurisprudence","link":"https:\/\/kohenavocats.com\/category\/jurisprudence\/"},"img":{"alt_text":"","src":"https:\/\/i0.wp.com\/kohenavocats.com\/wp-content\/uploads\/2024\/08\/alex-h0dEvfM3EU8-unsplash.webp?resize=350%2C200&ssl=1","width":350,"height":200,"srcset":"https:\/\/i0.wp.com\/kohenavocats.com\/wp-content\/uploads\/2024\/08\/alex-h0dEvfM3EU8-unsplash.webp?resize=350%2C200&ssl=1 1x, https:\/\/i0.wp.com\/kohenavocats.com\/wp-content\/uploads\/2024\/08\/alex-h0dEvfM3EU8-unsplash.webp?resize=525%2C300&ssl=1 1.5x, https:\/\/i0.wp.com\/kohenavocats.com\/wp-content\/uploads\/2024\/08\/alex-h0dEvfM3EU8-unsplash.webp?resize=700%2C400&ssl=1 2x, https:\/\/i0.wp.com\/kohenavocats.com\/wp-content\/uploads\/2024\/08\/alex-h0dEvfM3EU8-unsplash.webp?resize=1050%2C600&ssl=1 3x, https:\/\/i0.wp.com\/kohenavocats.com\/wp-content\/uploads\/2024\/08\/alex-h0dEvfM3EU8-unsplash.webp?resize=1400%2C800&ssl=1 4x"},"classes":[]},{"id":480626,"url":"https:\/\/kohenavocats.com\/pt-pt\/tribunal-judiciaire-de-paris-le-27-mars-2025-n24-04103\/","url_meta":{"origin":673897,"position":5},"title":"Tribunal judiciaire de Paris, le 27 mars 2025, n\u00b024\/04103","author":"Kohen","date":"7 de Abril, 2026","format":false,"excerpt":"Le tribunal judiciaire de Paris, dans un jugement du 27 mars 2025, a statu\u00e9 sur les demandes d\u2019acqu\u00e9reurs d\u2019un logement en VEFA dirig\u00e9es contre le promoteur ...","rel":"","context":"In &quot;Jurisprudence&quot;","block_context":{"text":"Jurisprudence","link":"https:\/\/kohenavocats.com\/category\/jurisprudence\/"},"img":{"alt_text":"","src":"https:\/\/i0.wp.com\/kohenavocats.com\/wp-content\/uploads\/2024\/07\/pierre-bamin-SnQnWFVPp-4-unsplash.webp?resize=350%2C200&ssl=1","width":350,"height":200,"srcset":"https:\/\/i0.wp.com\/kohenavocats.com\/wp-content\/uploads\/2024\/07\/pierre-bamin-SnQnWFVPp-4-unsplash.webp?resize=350%2C200&ssl=1 1x, https:\/\/i0.wp.com\/kohenavocats.com\/wp-content\/uploads\/2024\/07\/pierre-bamin-SnQnWFVPp-4-unsplash.webp?resize=525%2C300&ssl=1 1.5x, https:\/\/i0.wp.com\/kohenavocats.com\/wp-content\/uploads\/2024\/07\/pierre-bamin-SnQnWFVPp-4-unsplash.webp?resize=700%2C400&ssl=1 2x, https:\/\/i0.wp.com\/kohenavocats.com\/wp-content\/uploads\/2024\/07\/pierre-bamin-SnQnWFVPp-4-unsplash.webp?resize=1050%2C600&ssl=1 3x, https:\/\/i0.wp.com\/kohenavocats.com\/wp-content\/uploads\/2024\/07\/pierre-bamin-SnQnWFVPp-4-unsplash.webp?resize=1400%2C800&ssl=1 4x"},"classes":[]}],"jetpack_sharing_enabled":true,"_links":{"self":[{"href":"https:\/\/kohenavocats.com\/pt-pt\/wp-json\/wp\/v2\/posts\/673897","targetHints":{"allow":["GET"]}}],"collection":[{"href":"https:\/\/kohenavocats.com\/pt-pt\/wp-json\/wp\/v2\/posts"}],"about":[{"href":"https:\/\/kohenavocats.com\/pt-pt\/wp-json\/wp\/v2\/types\/post"}],"author":[{"embeddable":true,"href":"https:\/\/kohenavocats.com\/pt-pt\/wp-json\/wp\/v2\/users\/232070755"}],"replies":[{"embeddable":true,"href":"https:\/\/kohenavocats.com\/pt-pt\/wp-json\/wp\/v2\/comments?post=673897"}],"version-history":[{"count":0,"href":"https:\/\/kohenavocats.com\/pt-pt\/wp-json\/wp\/v2\/posts\/673897\/revisions"}],"wp:featuredmedia":[{"embeddable":true,"href":"https:\/\/kohenavocats.com\/pt-pt\/wp-json\/wp\/v2\/media\/9426"}],"wp:attachment":[{"href":"https:\/\/kohenavocats.com\/pt-pt\/wp-json\/wp\/v2\/media?parent=673897"}],"wp:term":[{"taxonomy":"category","embeddable":true,"href":"https:\/\/kohenavocats.com\/pt-pt\/wp-json\/wp\/v2\/categories?post=673897"},{"taxonomy":"post_tag","embeddable":true,"href":"https:\/\/kohenavocats.com\/pt-pt\/wp-json\/wp\/v2\/tags?post=673897"}],"curies":[{"name":"wp","href":"https:\/\/api.w.org\/{rel}","templated":true}]}}