{"id":674100,"date":"2026-04-24T18:05:48","date_gmt":"2026-04-24T16:05:48","guid":{"rendered":"https:\/\/kohenavocats.com\/logement-insalubre-paris-ile-de-france-jcp-preuves-relogement\/"},"modified":"2026-04-24T18:05:48","modified_gmt":"2026-04-24T16:05:48","slug":"logement-insalubre-paris-ile-de-france-jcp-preuves-relogement","status":"publish","type":"post","link":"https:\/\/kohenavocats.com\/pt-pt\/logement-insalubre-paris-ile-de-france-jcp-preuves-relogement\/","title":{"rendered":"Logement insalubre \u00e0 Paris et en \u00cele-de-France : quel juge saisir, quelles preuves r\u00e9unir et que faire pour le loyer ?"},"content":{"rendered":"<p>\u00c0 Paris et en \u00cele-de-France, un logement insalubre ou ind\u00e9cent peut devenir tr\u00e8s vite un dossier d&#8217;urgence. Les situations les plus fr\u00e9quentes sont connues : humidit\u00e9 persistante, moisissures, cafards, rats, \u00e9lectricit\u00e9 dangereuse, absence de ventilation, infiltrations venant de parties communes, chauffage collectif d\u00e9faillant, ou appartement devenu difficilement habitable avec des enfants.<\/p>\n<p>Le locataire cherche souvent une r\u00e9ponse simple : qui appeler, quel juge saisir, peut-on arr\u00eater de payer, et quelles pi\u00e8ces r\u00e9unir ? La r\u00e9ponse d\u00e9pend du canal choisi. Le bailleur et le juge des contentieux de la protection traitent le bail, les travaux, le loyer et l&#8217;indemnisation. La mairie, le service d&#8217;hygi\u00e8ne ou la pr\u00e9fecture traitent l&#8217;habitat indigne et l&#8217;arr\u00eat\u00e9 d&#8217;insalubrit\u00e9 ou de mise en s\u00e9curit\u00e9. Ces deux chemins ne s&#8217;excluent pas. Ils doivent \u00eatre coordonn\u00e9s.<\/p>\n<p>Pour le cadre national complet, voir aussi l&#8217;article principal : <a href=\"https:\/\/kohenavocats.fr\/2026\/04\/24\/logement-insalubre-que-faire-locataire-preuves-recours-loyer\/\">logement insalubre, que faire comme locataire<\/a>. Pour le p\u00f4le du cabinet, voir la page <a href=\"https:\/\/kohenavocats.fr\/avocats-droit-immobilier-paris\/avocat-troubles-jouissance-locative-paris\/\">troubles de jouissance locative<\/a>.<\/p>\n<h2>Paris : identifier vite le bon dossier et le bon interlocuteur<\/h2>\n<p>\u00c0 Paris, le r\u00e9flexe utile consiste \u00e0 s\u00e9parer trois questions.<\/p>\n<p>Premi\u00e8re question : le logement est-il simplement d\u00e9grad\u00e9, ou existe-t-il un risque s\u00e9rieux pour la sant\u00e9 ou la s\u00e9curit\u00e9 ? L&#8217;<a href=\"https:\/\/www.legifrance.gouv.fr\/codes\/article_lc\/LEGIARTI000039369541\">article 6 de la loi du 6 juillet 1989<\/a> impose un logement d\u00e9cent. Le <a href=\"https:\/\/www.legifrance.gouv.fr\/loda\/id\/JORFTEXT000000217471\/\">d\u00e9cret n\u00b0 2002-120 du 30 janvier 2002<\/a> pr\u00e9cise les crit\u00e8res de d\u00e9cence. Mais l&#8217;insalubrit\u00e9 au sens strict peut appeler une intervention administrative.<\/p>\n<p>Deuxi\u00e8me question : le bailleur a-t-il \u00e9t\u00e9 mis en demeure avec des preuves suffisantes ? Les appels t\u00e9l\u00e9phoniques et les messages flous ne suffisent pas. Il faut un dossier dat\u00e9, avec photos, vid\u00e9os, attestations, rapports, factures, certificats m\u00e9dicaux le cas \u00e9ch\u00e9ant, et demandes \u00e9crites.<\/p>\n<p>Troisi\u00e8me question : faut-il saisir le juge ou attendre l&#8217;administration ? Dans les dossiers graves, il est souvent dangereux d&#8217;attendre passivement l&#8217;issue administrative. Le locataire peut saisir le juge des contentieux de la protection pour obtenir travaux, r\u00e9duction de loyer, suspension avec consignation, indemnisation ou expertise. L&#8217;<a href=\"https:\/\/www.legifrance.gouv.fr\/codes\/article_lc\/LEGIARTI000043977099\">article 20-1 de la loi de 1989<\/a> est le texte central lorsque le logement ne satisfait pas aux exigences de d\u00e9cence.<\/p>\n<h2>Quel tribunal saisir en \u00cele-de-France<\/h2>\n<p>En mati\u00e8re de bail d&#8217;habitation, le litige rel\u00e8ve en pratique du juge des contentieux de la protection rattach\u00e9 au tribunal judiciaire comp\u00e9tent. Pour un litige localis\u00e9 \u00e0 Paris, le dossier rel\u00e8ve du tribunal judiciaire de Paris.<\/p>\n<p>En \u00cele-de-France, il faut v\u00e9rifier le ressort selon la commune du logement. Les grandes lignes sont les suivantes :<\/p>\n<ul>\n<li>Paris : tribunal judiciaire de Paris ;<\/li>\n<li>Hauts-de-Seine : tribunal judiciaire de Nanterre, avec chambres de proximit\u00e9 selon la commune ;<\/li>\n<li>Seine-Saint-Denis : tribunal judiciaire de Bobigny, avec chambres de proximit\u00e9 selon la commune ;<\/li>\n<li>Val-de-Marne : tribunal judiciaire de Cr\u00e9teil, avec chambres de proximit\u00e9 selon la commune ;<\/li>\n<li>Yvelines : tribunal judiciaire de Versailles ou chambres de proximit\u00e9 ;<\/li>\n<li>Essonne : tribunal judiciaire d&#8217;\u00c9vry-Courcouronnes ou chambres de proximit\u00e9 ;<\/li>\n<li>Seine-et-Marne : tribunaux judiciaires de Meaux, Melun ou Fontainebleau selon la commune ;<\/li>\n<li>Val-d&#8217;Oise : tribunal judiciaire de Pontoise ou chambres de proximit\u00e9.<\/li>\n<\/ul>\n<p>Le point de vigilance est simple : le dossier doit \u00eatre rattach\u00e9 au lieu de l&#8217;immeuble ou au domicile du d\u00e9fendeur selon les demandes. En contentieux locatif, l&#8217;adresse du logement et l&#8217;identit\u00e9 exacte du bailleur ou de l&#8217;agence doivent \u00eatre v\u00e9rifi\u00e9es avant l&#8217;assignation.<\/p>\n<h2>Quelles pi\u00e8ces r\u00e9unir avant un r\u00e9f\u00e9r\u00e9 ou une action au fond<\/h2>\n<p>\u00c0 Paris et en petite couronne, les dossiers de logement d\u00e9grad\u00e9 sont souvent contest\u00e9s sur la preuve. Le bailleur r\u00e9pond que les d\u00e9sordres viennent d&#8217;un d\u00e9faut d&#8217;a\u00e9ration, d&#8217;un usage anormal, d&#8217;une condensation, d&#8217;une absence de signalement, d&#8217;un sinistre relevant du syndic, ou d&#8217;un refus d&#8217;acc\u00e8s aux artisans.<\/p>\n<p>Il faut donc pr\u00e9parer un dossier qui ferme ces portes.<\/p>\n<p>Les pi\u00e8ces de base sont les suivantes :<\/p>\n<ul>\n<li>bail, \u00e9tat des lieux d&#8217;entr\u00e9e, diagnostics et avenants ;<\/li>\n<li>courriels et lettres au bailleur, \u00e0 l&#8217;agence, au syndic ou au gestionnaire ;<\/li>\n<li>photos et vid\u00e9os dat\u00e9es ;<\/li>\n<li>attestations de voisins ou d&#8217;occupants ;<\/li>\n<li>preuves de vuln\u00e9rabilit\u00e9 : enfant, grossesse, maladie, certificat m\u00e9dical si l&#8217;\u00e9tat du logement a une incidence ;<\/li>\n<li>devis, rapports d&#8217;artisans, tickets d&#8217;intervention, constat de commissaire de justice si n\u00e9cessaire ;<\/li>\n<li>factures li\u00e9es au trouble : d\u00e9shumidificateur, chauffage d&#8217;appoint, h\u00f4tel, nettoyage, remplacement de biens ab\u00eem\u00e9s ;<\/li>\n<li>preuves de relances et de r\u00e9ponses insuffisantes ;<\/li>\n<li>tout \u00e9change avec la mairie, l&#8217;ADIL, le service d&#8217;hygi\u00e8ne ou la pr\u00e9fecture.<\/li>\n<\/ul>\n<p>Le dossier doit aussi montrer que le locataire n&#8217;a pas emp\u00each\u00e9 les travaux. Si un artisan a demand\u00e9 l&#8217;acc\u00e8s, il faut conserver la r\u00e9ponse et proposer des cr\u00e9neaux. Une d\u00e9fense classique du bailleur consiste \u00e0 dire que l&#8217;occupant a lui-m\u00eame bloqu\u00e9 la r\u00e9solution du probl\u00e8me.<\/p>\n<h2>Loyer : ne pas confondre arr\u00eat\u00e9, consignation et arr\u00eat sauvage<\/h2>\n<p>Le point le plus sensible reste le loyer. Beaucoup de locataires pensent qu&#8217;un logement insalubre autorise automatiquement l&#8217;arr\u00eat du paiement. C&#8217;est risqu\u00e9.<\/p>\n<p>Sans d\u00e9cision du juge, sans accord \u00e9crit ou sans arr\u00eat\u00e9 produisant cet effet, l&#8217;arr\u00eat total du loyer peut d\u00e9clencher un commandement de payer puis une proc\u00e9dure d&#8217;expulsion. M\u00eame lorsque le bailleur est fautif, il faut choisir le bon instrument.<\/p>\n<p>Le juge peut r\u00e9duire le loyer ou suspendre son paiement sur le fondement de l&#8217;article 20-1 de la loi de 1989. Il peut aussi ordonner une consignation, ce qui prot\u00e8ge davantage le locataire qu&#8217;une cessation unilat\u00e9rale.<\/p>\n<p>En revanche, lorsqu&#8217;un arr\u00eat\u00e9 de mise en s\u00e9curit\u00e9 ou de traitement de l&#8217;insalubrit\u00e9 vise le local, l&#8217;<a href=\"https:\/\/www.legifrance.gouv.fr\/codes\/article_lc\/LEGIARTI000050623398\">article L. 521-2 du Code de la construction et de l&#8217;habitation<\/a> pr\u00e9voit un r\u00e9gime sp\u00e9cifique de cessation du loyer dans les conditions du texte. Il faut donc lire l&#8217;arr\u00eat\u00e9, sa date de notification ou d&#8217;affichage, sa port\u00e9e et son \u00e9ventuelle mainlev\u00e9e.<\/p>\n<p>La strat\u00e9gie prudente est la suivante : payer ou consigner selon la situation, mettre en demeure, saisir le juge rapidement, et demander express\u00e9ment la r\u00e9duction ou la suspension. Cela \u00e9vite que le bailleur transforme un dossier d&#8217;insalubrit\u00e9 en dossier d&#8217;impay\u00e9.<\/p>\n<h2>Relogement et h\u00e9bergement : quand le bailleur peut \u00eatre tenu d&#8217;agir<\/h2>\n<p>Le relogement n&#8217;est pas automatique \u00e0 chaque d\u00e9sordre. Il d\u00e9pend de la gravit\u00e9, de l&#8217;arr\u00eat\u00e9 et du caract\u00e8re habitable ou non du logement.<\/p>\n<p>L&#8217;<a href=\"https:\/\/www.legifrance.gouv.fr\/codes\/article_lc\/LEGIARTI000042343009\">article L. 521-1 du Code de la construction et de l&#8217;habitation<\/a> d\u00e9finit l&#8217;occupant prot\u00e9g\u00e9 et renvoie aux obligations de relogement ou d&#8217;h\u00e9bergement. L&#8217;<a href=\"https:\/\/www.legifrance.gouv.fr\/loda\/article_lc\/LEGIARTI000049397643\/2025-08-23\">article L. 521-3-1<\/a> traite notamment l&#8217;h\u00e9bergement pendant certains travaux et le relogement lorsque l&#8217;interdiction d&#8217;habiter est d\u00e9finitive ou que la cessation de mise \u00e0 disposition est prescrite.<\/p>\n<p>En pratique parisienne, il faut distinguer :<\/p>\n<ul>\n<li>le logement d\u00e9cent mais momentan\u00e9ment affect\u00e9 par une panne ;<\/li>\n<li>le logement non d\u00e9cent mais encore occupable avec travaux rapides ;<\/li>\n<li>le logement dangereux ou inhabitable, qui impose un canal d&#8217;urgence ;<\/li>\n<li>le logement sous arr\u00eat\u00e9, qui ouvre un r\u00e9gime particulier.<\/li>\n<\/ul>\n<p>Les demandes financi\u00e8res doivent \u00eatre pr\u00e9par\u00e9es avec des justificatifs. Une nuit d&#8217;h\u00f4tel, un relogement temporaire ou des achats d&#8217;urgence ne seront indemnis\u00e9s que si le lien avec le trouble est clair.<\/p>\n<h2>Le delta par rapport aux contenus concurrents<\/h2>\n<p>Trois contenus organiques fran\u00e7ais ont \u00e9t\u00e9 benchmark\u00e9s avec <code>playwright-cli<\/code>.<\/p>\n<p>Service-Public traite l&#8217;habitat insalubre avec une approche administrative : mesures, arr\u00eat\u00e9, cons\u00e9quences et textes. L&#8217;ADIL de Paris distingue logement d\u00e9cent et habitat d\u00e9grad\u00e9 avec une bonne p\u00e9dagogie locale. LocService r\u00e9pond \u00e0 logement insalubre, que faire, et insiste sur les obligations du propri\u00e9taire et le signalement.<\/p>\n<p>Le manque exploitable est ailleurs : ces contenus ne d\u00e9roulent pas assez la strat\u00e9gie contentieuse Paris et \u00cele-de-France, le choix JCP, la preuve contre les d\u00e9fenses du bailleur, la s\u00e9curisation du loyer, et l&#8217;articulation entre arr\u00eat\u00e9 administratif, r\u00e9f\u00e9r\u00e9 et indemnisation. C&#8217;est pr\u00e9cis\u00e9ment l&#8217;angle de cet article.<\/p>\n<h2>Plan d&#8217;action concret pour un dossier Paris ou \u00cele-de-France<\/h2>\n<p>Dans les premi\u00e8res 48 heures, il faut \u00e9crire au bailleur ou \u00e0 l&#8217;agence avec des photos dat\u00e9es, demander une intervention, et conserver la preuve d&#8217;envoi.<\/p>\n<p>Si la situation persiste, il faut envoyer une mise en demeure structur\u00e9e : description, dates, pi\u00e8ces, danger, d\u00e9lai, demande de travaux, demande de solution provisoire et annonce des recours.<\/p>\n<p>Si le danger est s\u00e9rieux, il faut en parall\u00e8le saisir le canal administratif : mairie, service d&#8217;hygi\u00e8ne, pr\u00e9fecture ou plateforme comp\u00e9tente selon la commune. Cette d\u00e9marche doit \u00eatre trac\u00e9e.<\/p>\n<p>Si le bailleur reste inactif, il faut pr\u00e9parer le r\u00e9f\u00e9r\u00e9 ou l&#8217;action au fond devant le JCP comp\u00e9tent : assignation, bordereau de pi\u00e8ces, demandes de travaux, astreinte, r\u00e9duction ou suspension du loyer, dommages et int\u00e9r\u00eats, expertise si besoin.<\/p>\n<p>Enfin, il faut \u00e9viter les d\u00e9cisions irr\u00e9versibles prises seul : arr\u00eat complet du loyer, r\u00e9paration priv\u00e9e co\u00fbteuse sans alerte pr\u00e9alable, d\u00e9part du logement sans trace, ou refus d&#8217;acc\u00e8s aux artisans.<\/p>\n<h2>Besoin d&#8217;un avis rapide sur votre dossier<\/h2>\n<p>Le cabinet peut v\u00e9rifier rapidement le bon tribunal, les preuves utiles, le risque li\u00e9 au loyer et l&#8217;opportunit\u00e9 d&#8217;une mise en demeure, d&#8217;un r\u00e9f\u00e9r\u00e9 ou d&#8217;un signalement administratif.<\/p>\n<p>Consultation t\u00e9l\u00e9phonique en 48 heures avec un avocat du cabinet.<\/p>\n<p>Si votre dossier est localis\u00e9 \u00e0 Paris ou en \u00cele-de-France, appelez le cabinet au <a href=\"tel:+33689113445\">06 89 11 34 45<\/a> ou utilisez la page <a href=\"https:\/\/kohenavocats.com\/contactez-nous\/\">contact du cabinet<\/a>. Nous intervenons \u00e0 Paris et en \u00cele-de-France pour pr\u00e9parer la saisine, s\u00e9curiser le paiement du loyer et organiser les preuves.<\/p>\n","protected":false},"excerpt":{"rendered":"<p>Logement insalubre \u00e0 Paris et en \u00cele-de-France : JCP comp\u00e9tent, preuves, signalement, loyer, relogement et strat\u00e9gie contre le bailleur.<\/p>\n","protected":false},"author":232070755,"featured_media":4734,"comment_status":"open","ping_status":"open","sticky":false,"template":"","format":"standard","meta":{"_crdt_document":"","_jetpack_newsletter_access":"","_jetpack_dont_email_post_to_subs":false,"_jetpack_newsletter_tier_id":0,"_jetpack_memberships_contains_paywalled_content":false,"_jetpack_memberships_contains_paid_content":false,"footnotes":"","jetpack_post_was_ever_published":false},"categories":[6995,35583],"tags":[],"class_list":["post-674100","post","type-post","status-publish","format-standard","has-post-thumbnail","hentry","category-decryptage","category-immobilier"],"yoast_head":"<!-- This site is optimized with the Yoast SEO Premium plugin v27.4 (Yoast SEO v27.4) - https:\/\/yoast.com\/product\/yoast-seo-premium-wordpress\/ -->\n<title>Logement insalubre \u00e0 Paris et en \u00cele-de-France : quel juge saisir, quelles preuves r\u00e9unir et que faire pour le loyer ? - Ma\u00eetre Hassan Kohen, avocat en droit p\u00e9nal \u00e0 Paris<\/title>\n<meta name=\"robots\" content=\"index, follow, max-snippet:-1, max-image-preview:large, max-video-preview:-1\" \/>\n<link rel=\"canonical\" href=\"https:\/\/kohenavocats.com\/pt-pt\/logement-insalubre-paris-ile-de-france-jcp-preuves-relogement\/\" \/>\n<meta property=\"og:locale\" content=\"pt_PT\" \/>\n<meta property=\"og:type\" content=\"article\" \/>\n<meta property=\"og:title\" content=\"Logement insalubre \u00e0 Paris et en \u00cele-de-France : quel juge saisir, quelles preuves r\u00e9unir et que faire pour le loyer ?\" \/>\n<meta property=\"og:description\" content=\"Logement insalubre \u00e0 Paris et en \u00cele-de-France : JCP comp\u00e9tent, preuves, signalement, loyer, relogement et strat\u00e9gie contre le bailleur.\" \/>\n<meta property=\"og:url\" content=\"https:\/\/kohenavocats.com\/pt-pt\/logement-insalubre-paris-ile-de-france-jcp-preuves-relogement\/\" \/>\n<meta property=\"og:site_name\" content=\"Ma\u00eetre Hassan Kohen, avocat en droit p\u00e9nal \u00e0 Paris\" \/>\n<meta property=\"article:published_time\" content=\"2026-04-24T16:05:48+00:00\" \/>\n<meta name=\"author\" content=\"Kohen\" \/>\n<meta name=\"twitter:card\" content=\"summary_large_image\" \/>\n<meta name=\"twitter:label1\" content=\"Escrito por\" \/>\n\t<meta name=\"twitter:data1\" content=\"Kohen\" \/>\n\t<meta name=\"twitter:label2\" content=\"Tempo estimado de leitura\" \/>\n\t<meta name=\"twitter:data2\" content=\"8 minutos\" \/>\n<script type=\"application\/ld+json\" class=\"yoast-schema-graph\">{\"@context\":\"https:\\\/\\\/schema.org\",\"@graph\":[{\"@type\":\"Article\",\"@id\":\"https:\\\/\\\/kohenavocats.com\\\/pt-pt\\\/logement-insalubre-paris-ile-de-france-jcp-preuves-relogement\\\/#article\",\"isPartOf\":{\"@id\":\"https:\\\/\\\/kohenavocats.com\\\/pt-pt\\\/logement-insalubre-paris-ile-de-france-jcp-preuves-relogement\\\/\"},\"author\":{\"name\":\"Kohen\",\"@id\":\"https:\\\/\\\/kohenavocats.com\\\/pt-pt\\\/#\\\/schema\\\/person\\\/761c9ba54fa1ca84d405cef0831ff751\"},\"headline\":\"Logement insalubre \u00e0 Paris et en \u00cele-de-France : quel juge saisir, quelles preuves r\u00e9unir et que faire pour le loyer ?\",\"datePublished\":\"2026-04-24T16:05:48+00:00\",\"mainEntityOfPage\":{\"@id\":\"https:\\\/\\\/kohenavocats.com\\\/pt-pt\\\/logement-insalubre-paris-ile-de-france-jcp-preuves-relogement\\\/\"},\"wordCount\":1686,\"commentCount\":0,\"publisher\":{\"@id\":\"https:\\\/\\\/kohenavocats.com\\\/pt-pt\\\/#organization\"},\"image\":{\"@id\":\"https:\\\/\\\/kohenavocats.com\\\/pt-pt\\\/logement-insalubre-paris-ile-de-france-jcp-preuves-relogement\\\/#primaryimage\"},\"thumbnailUrl\":\"https:\\\/\\\/kohenavocats.com\\\/wp-content\\\/uploads\\\/2024\\\/08\\\/jianxiang-wu-TQEfLtojDQA-unsplash.webp\",\"articleSection\":[\"D\u00e9cryptage\",\"Immobilier\"],\"inLanguage\":\"pt-PT\",\"potentialAction\":[{\"@type\":\"CommentAction\",\"name\":\"Comment\",\"target\":[\"https:\\\/\\\/kohenavocats.com\\\/pt-pt\\\/logement-insalubre-paris-ile-de-france-jcp-preuves-relogement\\\/#respond\"]}],\"citation\":\"Logement insalubre \u00e0 Paris et en \u00cele-de-France : quel juge saisir, quelles preuves r\u00e9unir et que faire pour le loyer ?\",\"about\":[{\"@type\":\"Thing\",\"name\":\"D\u00e9cryptage\"},{\"@type\":\"Thing\",\"name\":\"Immobilier\"}],\"dateModified\":\"2026-04-24T16:05:48+00:00\",\"speakable\":{\"@type\":\"SpeakableSpecification\",\"cssSelector\":[\".article-content > p:first-of-type\"]}},{\"@type\":\"WebPage\",\"@id\":\"https:\\\/\\\/kohenavocats.com\\\/pt-pt\\\/logement-insalubre-paris-ile-de-france-jcp-preuves-relogement\\\/\",\"url\":\"https:\\\/\\\/kohenavocats.com\\\/pt-pt\\\/logement-insalubre-paris-ile-de-france-jcp-preuves-relogement\\\/\",\"name\":\"Logement insalubre \u00e0 Paris et en \u00cele-de-France : quel juge saisir, quelles preuves r\u00e9unir et que faire pour le loyer ? - Ma\u00eetre Hassan Kohen, avocat en droit p\u00e9nal \u00e0 Paris\",\"isPartOf\":{\"@id\":\"https:\\\/\\\/kohenavocats.com\\\/pt-pt\\\/#website\"},\"primaryImageOfPage\":{\"@id\":\"https:\\\/\\\/kohenavocats.com\\\/pt-pt\\\/logement-insalubre-paris-ile-de-france-jcp-preuves-relogement\\\/#primaryimage\"},\"image\":{\"@id\":\"https:\\\/\\\/kohenavocats.com\\\/pt-pt\\\/logement-insalubre-paris-ile-de-france-jcp-preuves-relogement\\\/#primaryimage\"},\"thumbnailUrl\":\"https:\\\/\\\/kohenavocats.com\\\/wp-content\\\/uploads\\\/2024\\\/08\\\/jianxiang-wu-TQEfLtojDQA-unsplash.webp\",\"datePublished\":\"2026-04-24T16:05:48+00:00\",\"breadcrumb\":{\"@id\":\"https:\\\/\\\/kohenavocats.com\\\/pt-pt\\\/logement-insalubre-paris-ile-de-france-jcp-preuves-relogement\\\/#breadcrumb\"},\"inLanguage\":\"pt-PT\",\"potentialAction\":[{\"@type\":\"ReadAction\",\"target\":[\"https:\\\/\\\/kohenavocats.com\\\/pt-pt\\\/logement-insalubre-paris-ile-de-france-jcp-preuves-relogement\\\/\"]}]},{\"@type\":\"ImageObject\",\"inLanguage\":\"pt-PT\",\"@id\":\"https:\\\/\\\/kohenavocats.com\\\/pt-pt\\\/logement-insalubre-paris-ile-de-france-jcp-preuves-relogement\\\/#primaryimage\",\"url\":\"https:\\\/\\\/kohenavocats.com\\\/wp-content\\\/uploads\\\/2024\\\/08\\\/jianxiang-wu-TQEfLtojDQA-unsplash.webp\",\"contentUrl\":\"https:\\\/\\\/kohenavocats.com\\\/wp-content\\\/uploads\\\/2024\\\/08\\\/jianxiang-wu-TQEfLtojDQA-unsplash.webp\",\"width\":5348,\"height\":3565},{\"@type\":\"BreadcrumbList\",\"@id\":\"https:\\\/\\\/kohenavocats.com\\\/pt-pt\\\/logement-insalubre-paris-ile-de-france-jcp-preuves-relogement\\\/#breadcrumb\",\"itemListElement\":[{\"@type\":\"ListItem\",\"position\":1,\"name\":\"Home\",\"item\":\"https:\\\/\\\/kohenavocats.com\\\/pt-pt\\\/avocats-en-droit-penal-a-paris-conseil-et-defense-strategique\\\/\"},{\"@type\":\"ListItem\",\"position\":2,\"name\":\"Logement insalubre \u00e0 Paris et en \u00cele-de-France : quel juge saisir, quelles preuves r\u00e9unir et que faire pour le loyer ?\"}]},{\"@type\":\"WebSite\",\"@id\":\"https:\\\/\\\/kohenavocats.com\\\/pt-pt\\\/#website\",\"url\":\"https:\\\/\\\/kohenavocats.com\\\/pt-pt\\\/\",\"name\":\"Kohen Avocats\",\"description\":\"Ma\u00eetre Hassan Kohen, avocat p\u00e9naliste \u00e0 Paris, intervient exclusivement en droit p\u00e9nal pour la d\u00e9fense des particuliers, notamment en mati\u00e8re d\u2019accusations de viol. Il assure un accompagnement rigoureux d\u00e8s la garde \u00e0 vue jusqu\u2019\u00e0 la Cour d\u2019assises, veillant au strict respect des garanties proc\u00e9durales.\",\"publisher\":{\"@id\":\"https:\\\/\\\/kohenavocats.com\\\/pt-pt\\\/#organization\"},\"potentialAction\":[{\"@type\":\"SearchAction\",\"target\":{\"@type\":\"EntryPoint\",\"urlTemplate\":\"https:\\\/\\\/kohenavocats.com\\\/pt-pt\\\/?s={search_term_string}\"},\"query-input\":{\"@type\":\"PropertyValueSpecification\",\"valueRequired\":true,\"valueName\":\"search_term_string\"}}],\"inLanguage\":\"pt-PT\"},{\"@type\":\"Organization\",\"@id\":\"https:\\\/\\\/kohenavocats.com\\\/pt-pt\\\/#organization\",\"name\":\"Kohen Avocats\",\"url\":\"https:\\\/\\\/kohenavocats.com\\\/pt-pt\\\/\",\"logo\":{\"@type\":\"ImageObject\",\"inLanguage\":\"pt-PT\",\"@id\":\"https:\\\/\\\/kohenavocats.com\\\/pt-pt\\\/#\\\/schema\\\/logo\\\/image\\\/\",\"url\":\"https:\\\/\\\/kohenavocats.com\\\/wp-content\\\/uploads\\\/2026\\\/01\\\/Logo-2-1.webp\",\"contentUrl\":\"https:\\\/\\\/kohenavocats.com\\\/wp-content\\\/uploads\\\/2026\\\/01\\\/Logo-2-1.webp\",\"width\":2114,\"height\":1253,\"caption\":\"Kohen Avocats\"},\"image\":{\"@id\":\"https:\\\/\\\/kohenavocats.com\\\/pt-pt\\\/#\\\/schema\\\/logo\\\/image\\\/\"}},{\"@type\":\"Person\",\"@id\":\"https:\\\/\\\/kohenavocats.com\\\/pt-pt\\\/#\\\/schema\\\/person\\\/761c9ba54fa1ca84d405cef0831ff751\",\"name\":\"Kohen\",\"image\":{\"@type\":\"ImageObject\",\"inLanguage\":\"pt-PT\",\"@id\":\"https:\\\/\\\/secure.gravatar.com\\\/avatar\\\/1c5e76ef76bbbfdd2b4da984e2bf2fa4056fd51a27d25ce2c332047f1dfd6e00?s=96&d=identicon&r=g\",\"url\":\"https:\\\/\\\/secure.gravatar.com\\\/avatar\\\/1c5e76ef76bbbfdd2b4da984e2bf2fa4056fd51a27d25ce2c332047f1dfd6e00?s=96&d=identicon&r=g\",\"contentUrl\":\"https:\\\/\\\/secure.gravatar.com\\\/avatar\\\/1c5e76ef76bbbfdd2b4da984e2bf2fa4056fd51a27d25ce2c332047f1dfd6e00?s=96&d=identicon&r=g\",\"caption\":\"Kohen\"},\"sameAs\":[\"https:\\\/\\\/www.linkedin.com\\\/in\\\/hassan-kohen-448548192\\\/\",\"https:\\\/\\\/www.youtube.com\\\/@Kohen-Avocats\"],\"url\":\"https:\\\/\\\/kohenavocats.com\\\/pt-pt\\\/author\\\/kohenmlk\\\/\"}]}<\/script>\n<!-- \/ Yoast SEO Premium plugin. -->","yoast_head_json":{"title":"Logement insalubre \u00e0 Paris et en \u00cele-de-France : quel juge saisir, quelles preuves r\u00e9unir et que faire pour le loyer ? - Ma\u00eetre Hassan Kohen, avocat en droit p\u00e9nal \u00e0 Paris","robots":{"index":"index","follow":"follow","max-snippet":"max-snippet:-1","max-image-preview":"max-image-preview:large","max-video-preview":"max-video-preview:-1"},"canonical":"https:\/\/kohenavocats.com\/pt-pt\/logement-insalubre-paris-ile-de-france-jcp-preuves-relogement\/","og_locale":"pt_PT","og_type":"article","og_title":"Logement insalubre \u00e0 Paris et en \u00cele-de-France : quel juge saisir, quelles preuves r\u00e9unir et que faire pour le loyer ?","og_description":"Logement insalubre \u00e0 Paris et en \u00cele-de-France : JCP comp\u00e9tent, preuves, signalement, loyer, relogement et strat\u00e9gie contre le bailleur.","og_url":"https:\/\/kohenavocats.com\/pt-pt\/logement-insalubre-paris-ile-de-france-jcp-preuves-relogement\/","og_site_name":"Ma\u00eetre Hassan Kohen, avocat en droit p\u00e9nal \u00e0 Paris","article_published_time":"2026-04-24T16:05:48+00:00","author":"Kohen","twitter_card":"summary_large_image","twitter_misc":{"Escrito por":"Kohen","Tempo estimado de leitura":"8 minutos"},"schema":{"@context":"https:\/\/schema.org","@graph":[{"@type":"Article","@id":"https:\/\/kohenavocats.com\/pt-pt\/logement-insalubre-paris-ile-de-france-jcp-preuves-relogement\/#article","isPartOf":{"@id":"https:\/\/kohenavocats.com\/pt-pt\/logement-insalubre-paris-ile-de-france-jcp-preuves-relogement\/"},"author":{"name":"Kohen","@id":"https:\/\/kohenavocats.com\/pt-pt\/#\/schema\/person\/761c9ba54fa1ca84d405cef0831ff751"},"headline":"Logement insalubre \u00e0 Paris et en \u00cele-de-France : quel juge saisir, quelles preuves r\u00e9unir et que faire pour le loyer ?","datePublished":"2026-04-24T16:05:48+00:00","mainEntityOfPage":{"@id":"https:\/\/kohenavocats.com\/pt-pt\/logement-insalubre-paris-ile-de-france-jcp-preuves-relogement\/"},"wordCount":1686,"commentCount":0,"publisher":{"@id":"https:\/\/kohenavocats.com\/pt-pt\/#organization"},"image":{"@id":"https:\/\/kohenavocats.com\/pt-pt\/logement-insalubre-paris-ile-de-france-jcp-preuves-relogement\/#primaryimage"},"thumbnailUrl":"https:\/\/kohenavocats.com\/wp-content\/uploads\/2024\/08\/jianxiang-wu-TQEfLtojDQA-unsplash.webp","articleSection":["D\u00e9cryptage","Immobilier"],"inLanguage":"pt-PT","potentialAction":[{"@type":"CommentAction","name":"Comment","target":["https:\/\/kohenavocats.com\/pt-pt\/logement-insalubre-paris-ile-de-france-jcp-preuves-relogement\/#respond"]}],"citation":"Logement insalubre \u00e0 Paris et en \u00cele-de-France : quel juge saisir, quelles preuves r\u00e9unir et que faire pour le loyer ?","about":[{"@type":"Thing","name":"D\u00e9cryptage"},{"@type":"Thing","name":"Immobilier"}],"dateModified":"2026-04-24T16:05:48+00:00","speakable":{"@type":"SpeakableSpecification","cssSelector":[".article-content > p:first-of-type"]}},{"@type":"WebPage","@id":"https:\/\/kohenavocats.com\/pt-pt\/logement-insalubre-paris-ile-de-france-jcp-preuves-relogement\/","url":"https:\/\/kohenavocats.com\/pt-pt\/logement-insalubre-paris-ile-de-france-jcp-preuves-relogement\/","name":"Logement insalubre \u00e0 Paris et en \u00cele-de-France : quel juge saisir, quelles preuves r\u00e9unir et que faire pour le loyer ? - Ma\u00eetre Hassan Kohen, avocat en droit p\u00e9nal \u00e0 Paris","isPartOf":{"@id":"https:\/\/kohenavocats.com\/pt-pt\/#website"},"primaryImageOfPage":{"@id":"https:\/\/kohenavocats.com\/pt-pt\/logement-insalubre-paris-ile-de-france-jcp-preuves-relogement\/#primaryimage"},"image":{"@id":"https:\/\/kohenavocats.com\/pt-pt\/logement-insalubre-paris-ile-de-france-jcp-preuves-relogement\/#primaryimage"},"thumbnailUrl":"https:\/\/kohenavocats.com\/wp-content\/uploads\/2024\/08\/jianxiang-wu-TQEfLtojDQA-unsplash.webp","datePublished":"2026-04-24T16:05:48+00:00","breadcrumb":{"@id":"https:\/\/kohenavocats.com\/pt-pt\/logement-insalubre-paris-ile-de-france-jcp-preuves-relogement\/#breadcrumb"},"inLanguage":"pt-PT","potentialAction":[{"@type":"ReadAction","target":["https:\/\/kohenavocats.com\/pt-pt\/logement-insalubre-paris-ile-de-france-jcp-preuves-relogement\/"]}]},{"@type":"ImageObject","inLanguage":"pt-PT","@id":"https:\/\/kohenavocats.com\/pt-pt\/logement-insalubre-paris-ile-de-france-jcp-preuves-relogement\/#primaryimage","url":"https:\/\/kohenavocats.com\/wp-content\/uploads\/2024\/08\/jianxiang-wu-TQEfLtojDQA-unsplash.webp","contentUrl":"https:\/\/kohenavocats.com\/wp-content\/uploads\/2024\/08\/jianxiang-wu-TQEfLtojDQA-unsplash.webp","width":5348,"height":3565},{"@type":"BreadcrumbList","@id":"https:\/\/kohenavocats.com\/pt-pt\/logement-insalubre-paris-ile-de-france-jcp-preuves-relogement\/#breadcrumb","itemListElement":[{"@type":"ListItem","position":1,"name":"Home","item":"https:\/\/kohenavocats.com\/pt-pt\/avocats-en-droit-penal-a-paris-conseil-et-defense-strategique\/"},{"@type":"ListItem","position":2,"name":"Logement insalubre \u00e0 Paris et en \u00cele-de-France : quel juge saisir, quelles preuves r\u00e9unir et que faire pour le loyer ?"}]},{"@type":"WebSite","@id":"https:\/\/kohenavocats.com\/pt-pt\/#website","url":"https:\/\/kohenavocats.com\/pt-pt\/","name":"Kohen Avocats","description":"Ma\u00eetre Hassan Kohen, avocat p\u00e9naliste \u00e0 Paris, intervient exclusivement en droit p\u00e9nal pour la d\u00e9fense des particuliers, notamment en mati\u00e8re d\u2019accusations de viol. Il assure un accompagnement rigoureux d\u00e8s la garde \u00e0 vue jusqu\u2019\u00e0 la Cour d\u2019assises, veillant au strict respect des garanties proc\u00e9durales.","publisher":{"@id":"https:\/\/kohenavocats.com\/pt-pt\/#organization"},"potentialAction":[{"@type":"SearchAction","target":{"@type":"EntryPoint","urlTemplate":"https:\/\/kohenavocats.com\/pt-pt\/?s={search_term_string}"},"query-input":{"@type":"PropertyValueSpecification","valueRequired":true,"valueName":"search_term_string"}}],"inLanguage":"pt-PT"},{"@type":"Organization","@id":"https:\/\/kohenavocats.com\/pt-pt\/#organization","name":"Kohen Avocats","url":"https:\/\/kohenavocats.com\/pt-pt\/","logo":{"@type":"ImageObject","inLanguage":"pt-PT","@id":"https:\/\/kohenavocats.com\/pt-pt\/#\/schema\/logo\/image\/","url":"https:\/\/kohenavocats.com\/wp-content\/uploads\/2026\/01\/Logo-2-1.webp","contentUrl":"https:\/\/kohenavocats.com\/wp-content\/uploads\/2026\/01\/Logo-2-1.webp","width":2114,"height":1253,"caption":"Kohen Avocats"},"image":{"@id":"https:\/\/kohenavocats.com\/pt-pt\/#\/schema\/logo\/image\/"}},{"@type":"Person","@id":"https:\/\/kohenavocats.com\/pt-pt\/#\/schema\/person\/761c9ba54fa1ca84d405cef0831ff751","name":"Kohen","image":{"@type":"ImageObject","inLanguage":"pt-PT","@id":"https:\/\/secure.gravatar.com\/avatar\/1c5e76ef76bbbfdd2b4da984e2bf2fa4056fd51a27d25ce2c332047f1dfd6e00?s=96&d=identicon&r=g","url":"https:\/\/secure.gravatar.com\/avatar\/1c5e76ef76bbbfdd2b4da984e2bf2fa4056fd51a27d25ce2c332047f1dfd6e00?s=96&d=identicon&r=g","contentUrl":"https:\/\/secure.gravatar.com\/avatar\/1c5e76ef76bbbfdd2b4da984e2bf2fa4056fd51a27d25ce2c332047f1dfd6e00?s=96&d=identicon&r=g","caption":"Kohen"},"sameAs":["https:\/\/www.linkedin.com\/in\/hassan-kohen-448548192\/","https:\/\/www.youtube.com\/@Kohen-Avocats"],"url":"https:\/\/kohenavocats.com\/pt-pt\/author\/kohenmlk\/"}]}},"jetpack_featured_media_url":"https:\/\/kohenavocats.com\/wp-content\/uploads\/2024\/08\/jianxiang-wu-TQEfLtojDQA-unsplash.webp","jetpack_likes_enabled":false,"jetpack_shortlink":"https:\/\/wp.me\/peCrII-2PmA","jetpack-related-posts":[{"id":268532,"url":"https:\/\/kohenavocats.com\/pt-pt\/tribunal-judiciaire-de-paris-le-26-juin-2025-n25-01416\/","url_meta":{"origin":674100,"position":0},"title":"Tribunal judiciaire de Paris, le 26 juin 2025, n\u00b025\/01416","author":"Kohen","date":"10 de Janeiro, 2026","format":false,"excerpt":"Par un jugement rendu par le juge des contentieux de la protection du tribunal judiciaire de Paris le 26 juin 2025, un bailleur d\u2019habitation a sollicit\u00e9 la constatation de la r\u00e9siliation du bail par clause r\u00e9solutoire, l\u2019expulsion de l\u2019occupante, sa condamnation au paiement d\u2019un arri\u00e9r\u00e9 et la fixation d\u2019une indemnit\u00e9\u2026","rel":"","context":"In &quot;D\u00e9cisions juridiques&quot;","block_context":{"text":"D\u00e9cisions juridiques","link":"https:\/\/kohenavocats.com\/category\/decisions-juridiques\/"},"img":{"alt_text":"","src":"https:\/\/i0.wp.com\/kohenavocats.com\/wp-content\/uploads\/2024\/11\/getty-images-uXScU4WS2YM-unsplash.webp?resize=350%2C200&ssl=1","width":350,"height":200,"srcset":"https:\/\/i0.wp.com\/kohenavocats.com\/wp-content\/uploads\/2024\/11\/getty-images-uXScU4WS2YM-unsplash.webp?resize=350%2C200&ssl=1 1x, https:\/\/i0.wp.com\/kohenavocats.com\/wp-content\/uploads\/2024\/11\/getty-images-uXScU4WS2YM-unsplash.webp?resize=525%2C300&ssl=1 1.5x, https:\/\/i0.wp.com\/kohenavocats.com\/wp-content\/uploads\/2024\/11\/getty-images-uXScU4WS2YM-unsplash.webp?resize=700%2C400&ssl=1 2x, https:\/\/i0.wp.com\/kohenavocats.com\/wp-content\/uploads\/2024\/11\/getty-images-uXScU4WS2YM-unsplash.webp?resize=1050%2C600&ssl=1 3x, https:\/\/i0.wp.com\/kohenavocats.com\/wp-content\/uploads\/2024\/11\/getty-images-uXScU4WS2YM-unsplash.webp?resize=1400%2C800&ssl=1 4x"},"classes":[]},{"id":280351,"url":"https:\/\/kohenavocats.com\/pt-pt\/cour-dappel-administrative-de-paris-le-18-decembre-2025-n24pa04738\/","url_meta":{"origin":674100,"position":1},"title":"Cour d&#8217;appel administrative de Paris, le 18 d\u00e9cembre 2025, n\u00b024PA04738","author":"Kohen","date":"12 de Janeiro, 2026","format":false,"excerpt":"La Cour administrative d\u2019appel de Paris, par un arr\u00eat rendu le 18 d\u00e9cembre 2025, pr\u00e9cise les conditions d'opposabilit\u00e9 du d\u00e9lai de recours contre une mesure d'\u00e9loignement. Un ressortissant \u00e9tranger, entr\u00e9 mineur en France, a fait l'objet d'une obligation de quitter le territoire sans d\u00e9lai assortie d'une interdiction de retour de\u2026","rel":"","context":"In &quot;Cour administrative d'appel&quot;","block_context":{"text":"Cour administrative d'appel","link":"https:\/\/kohenavocats.com\/category\/cour-administrative-dappel\/"},"img":{"alt_text":"","src":"https:\/\/i0.wp.com\/kohenavocats.com\/wp-content\/uploads\/2024\/11\/nigel-hoare-KNfEd8GKTgw-unsplash.webp?resize=350%2C200&ssl=1","width":350,"height":200,"srcset":"https:\/\/i0.wp.com\/kohenavocats.com\/wp-content\/uploads\/2024\/11\/nigel-hoare-KNfEd8GKTgw-unsplash.webp?resize=350%2C200&ssl=1 1x, https:\/\/i0.wp.com\/kohenavocats.com\/wp-content\/uploads\/2024\/11\/nigel-hoare-KNfEd8GKTgw-unsplash.webp?resize=525%2C300&ssl=1 1.5x, https:\/\/i0.wp.com\/kohenavocats.com\/wp-content\/uploads\/2024\/11\/nigel-hoare-KNfEd8GKTgw-unsplash.webp?resize=700%2C400&ssl=1 2x, https:\/\/i0.wp.com\/kohenavocats.com\/wp-content\/uploads\/2024\/11\/nigel-hoare-KNfEd8GKTgw-unsplash.webp?resize=1050%2C600&ssl=1 3x, https:\/\/i0.wp.com\/kohenavocats.com\/wp-content\/uploads\/2024\/11\/nigel-hoare-KNfEd8GKTgw-unsplash.webp?resize=1400%2C800&ssl=1 4x"},"classes":[]},{"id":279518,"url":"https:\/\/kohenavocats.com\/pt-pt\/cour-dappel-administrative-de-paris-le-18-decembre-2025-n24pa04579\/","url_meta":{"origin":674100,"position":2},"title":"Cour d&#8217;appel administrative de Paris, le 18 d\u00e9cembre 2025, n\u00b024PA04579","author":"Kohen","date":"12 de Janeiro, 2026","format":false,"excerpt":"La Cour administrative d'appel de Paris a rendu le 18 d\u00e9cembre 2025 une d\u00e9cision pr\u00e9cisant les effets de la demande d'aide juridictionnelle sur les d\u00e9lais de recours. Un ressortissant \u00e9tranger, pr\u00e9sent en France depuis l'an 2000, contestait le rejet de sa demande d'admission exceptionnelle au s\u00e9jour assorti d'une obligation de\u2026","rel":"","context":"In &quot;Cour administrative d'appel&quot;","block_context":{"text":"Cour administrative d'appel","link":"https:\/\/kohenavocats.com\/category\/cour-administrative-dappel\/"},"img":{"alt_text":"","src":"https:\/\/i0.wp.com\/kohenavocats.com\/wp-content\/uploads\/2024\/11\/mohamed-nohassi-IriAhed60QU-unsplash.webp?resize=350%2C200&ssl=1","width":350,"height":200,"srcset":"https:\/\/i0.wp.com\/kohenavocats.com\/wp-content\/uploads\/2024\/11\/mohamed-nohassi-IriAhed60QU-unsplash.webp?resize=350%2C200&ssl=1 1x, https:\/\/i0.wp.com\/kohenavocats.com\/wp-content\/uploads\/2024\/11\/mohamed-nohassi-IriAhed60QU-unsplash.webp?resize=525%2C300&ssl=1 1.5x, https:\/\/i0.wp.com\/kohenavocats.com\/wp-content\/uploads\/2024\/11\/mohamed-nohassi-IriAhed60QU-unsplash.webp?resize=700%2C400&ssl=1 2x, https:\/\/i0.wp.com\/kohenavocats.com\/wp-content\/uploads\/2024\/11\/mohamed-nohassi-IriAhed60QU-unsplash.webp?resize=1050%2C600&ssl=1 3x, https:\/\/i0.wp.com\/kohenavocats.com\/wp-content\/uploads\/2024\/11\/mohamed-nohassi-IriAhed60QU-unsplash.webp?resize=1400%2C800&ssl=1 4x"},"classes":[]},{"id":374861,"url":"https:\/\/kohenavocats.com\/pt-pt\/cour-dappel-de-amiens-le-5-decembre-2025-n25-01689\/","url_meta":{"origin":674100,"position":3},"title":"Cour d&#8217;appel de Amiens, le 5 d\u00e9cembre 2025, n\u00b025\/01689","author":"Kohen","date":"17 de Fevereiro, 2026","format":false,"excerpt":"La Cour d\u2019appel d\u2019Amiens, statuant en mati\u00e8re de tarification par arr\u00eat du 5 d\u00e9cembre 2025, a \u00e9t\u00e9 saisie d\u2019un litige opposant une soci\u00e9t\u00e9 employeur \u00e0 un...","rel":"","context":"In &quot;Cour d'appel&quot;","block_context":{"text":"Cour d'appel","link":"https:\/\/kohenavocats.com\/category\/cour-dappel\/"},"img":{"alt_text":"","src":"https:\/\/i0.wp.com\/kohenavocats.com\/wp-content\/uploads\/2024\/11\/mourad-saadi-tgP7H6LH4OU-unsplash.webp?resize=350%2C200&ssl=1","width":350,"height":200,"srcset":"https:\/\/i0.wp.com\/kohenavocats.com\/wp-content\/uploads\/2024\/11\/mourad-saadi-tgP7H6LH4OU-unsplash.webp?resize=350%2C200&ssl=1 1x, https:\/\/i0.wp.com\/kohenavocats.com\/wp-content\/uploads\/2024\/11\/mourad-saadi-tgP7H6LH4OU-unsplash.webp?resize=525%2C300&ssl=1 1.5x, https:\/\/i0.wp.com\/kohenavocats.com\/wp-content\/uploads\/2024\/11\/mourad-saadi-tgP7H6LH4OU-unsplash.webp?resize=700%2C400&ssl=1 2x, https:\/\/i0.wp.com\/kohenavocats.com\/wp-content\/uploads\/2024\/11\/mourad-saadi-tgP7H6LH4OU-unsplash.webp?resize=1050%2C600&ssl=1 3x, https:\/\/i0.wp.com\/kohenavocats.com\/wp-content\/uploads\/2024\/11\/mourad-saadi-tgP7H6LH4OU-unsplash.webp?resize=1400%2C800&ssl=1 4x"},"classes":[]},{"id":268771,"url":"https:\/\/kohenavocats.com\/pt-pt\/conseil-constitutionnel-decision-n-2018-709-qpc-du-1-juin-2018\/","url_meta":{"origin":674100,"position":4},"title":"Conseil constitutionnel, D\u00e9cision n\u00b0 2018-709 QPC du 1 juin 2018","author":"Kohen","date":"10 de Janeiro, 2026","format":false,"excerpt":"Le Conseil constitutionnel, par une d\u00e9cision n\u00b0 2018-709 QPC du 1er juin 2018, s'est prononc\u00e9 sur la conformit\u00e9 de dispositions l\u00e9gislatives encadrant le recours contre l'\u00e9loignement des \u00e9trangers. Le Conseil d'\u00c9tat l'a saisi le 14 mars 2018 d'une question prioritaire de constitutionnalit\u00e9 relative \u00e0 l'article L. 512-1 du code de\u2026","rel":"","context":"In &quot;Conseil constitutionnel&quot;","block_context":{"text":"Conseil constitutionnel","link":"https:\/\/kohenavocats.com\/category\/jurisprudence-constitutionnelle\/"},"img":{"alt_text":"","src":"https:\/\/i0.wp.com\/kohenavocats.com\/wp-content\/uploads\/2024\/08\/kyle-glenn-TELAb4duebI-unsplash.webp?resize=350%2C200&ssl=1","width":350,"height":200,"srcset":"https:\/\/i0.wp.com\/kohenavocats.com\/wp-content\/uploads\/2024\/08\/kyle-glenn-TELAb4duebI-unsplash.webp?resize=350%2C200&ssl=1 1x, https:\/\/i0.wp.com\/kohenavocats.com\/wp-content\/uploads\/2024\/08\/kyle-glenn-TELAb4duebI-unsplash.webp?resize=525%2C300&ssl=1 1.5x, https:\/\/i0.wp.com\/kohenavocats.com\/wp-content\/uploads\/2024\/08\/kyle-glenn-TELAb4duebI-unsplash.webp?resize=700%2C400&ssl=1 2x, https:\/\/i0.wp.com\/kohenavocats.com\/wp-content\/uploads\/2024\/08\/kyle-glenn-TELAb4duebI-unsplash.webp?resize=1050%2C600&ssl=1 3x, https:\/\/i0.wp.com\/kohenavocats.com\/wp-content\/uploads\/2024\/08\/kyle-glenn-TELAb4duebI-unsplash.webp?resize=1400%2C800&ssl=1 4x"},"classes":[]}],"jetpack_sharing_enabled":true,"_links":{"self":[{"href":"https:\/\/kohenavocats.com\/pt-pt\/wp-json\/wp\/v2\/posts\/674100","targetHints":{"allow":["GET"]}}],"collection":[{"href":"https:\/\/kohenavocats.com\/pt-pt\/wp-json\/wp\/v2\/posts"}],"about":[{"href":"https:\/\/kohenavocats.com\/pt-pt\/wp-json\/wp\/v2\/types\/post"}],"author":[{"embeddable":true,"href":"https:\/\/kohenavocats.com\/pt-pt\/wp-json\/wp\/v2\/users\/232070755"}],"replies":[{"embeddable":true,"href":"https:\/\/kohenavocats.com\/pt-pt\/wp-json\/wp\/v2\/comments?post=674100"}],"version-history":[{"count":0,"href":"https:\/\/kohenavocats.com\/pt-pt\/wp-json\/wp\/v2\/posts\/674100\/revisions"}],"wp:featuredmedia":[{"embeddable":true,"href":"https:\/\/kohenavocats.com\/pt-pt\/wp-json\/wp\/v2\/media\/4734"}],"wp:attachment":[{"href":"https:\/\/kohenavocats.com\/pt-pt\/wp-json\/wp\/v2\/media?parent=674100"}],"wp:term":[{"taxonomy":"category","embeddable":true,"href":"https:\/\/kohenavocats.com\/pt-pt\/wp-json\/wp\/v2\/categories?post=674100"},{"taxonomy":"post_tag","embeddable":true,"href":"https:\/\/kohenavocats.com\/pt-pt\/wp-json\/wp\/v2\/tags?post=674100"}],"curies":[{"name":"wp","href":"https:\/\/api.w.org\/{rel}","templated":true}]}}