{"id":675593,"date":"2026-04-24T22:33:30","date_gmt":"2026-04-24T20:33:30","guid":{"rendered":"https:\/\/kohenavocats.com\/licenciement-faute-grave-chomage-france-travail-droits-recours\/"},"modified":"2026-04-24T22:33:30","modified_gmt":"2026-04-24T20:33:30","slug":"licenciement-faute-grave-chomage-france-travail-droits-recours","status":"publish","type":"post","link":"https:\/\/kohenavocats.com\/pt-pt\/licenciement-faute-grave-chomage-france-travail-droits-recours\/","title":{"rendered":"Licenciement pour faute grave et ch\u00f4mage : droits France Travail, documents \u00e0 obtenir et recours"},"content":{"rendered":"<p>Un licenciement pour faute grave ne prive pas automatiquement le salari\u00e9 de ch\u00f4mage. C&#8217;est l&#8217;une des confusions les plus fr\u00e9quentes apr\u00e8s la r\u00e9ception d&#8217;une lettre de licenciement : la faute grave supprime en principe le pr\u00e9avis et l&#8217;indemnit\u00e9 de licenciement, mais elle ne ferme pas, \u00e0 elle seule, le droit \u00e0 l&#8217;allocation d&#8217;aide au retour \u00e0 l&#8217;emploi.<\/p>\n<p>La vraie question est ailleurs. Le salari\u00e9 doit v\u00e9rifier s&#8217;il remplit les conditions d&#8217;affiliation, si la rupture est bien d\u00e9clar\u00e9e \u00e0 France Travail, si l&#8217;attestation employeur est remise rapidement, si les sommes vers\u00e9es cr\u00e9ent un diff\u00e9r\u00e9 d&#8217;indemnisation, et si le licenciement doit \u00eatre contest\u00e9 devant le conseil de prud&#8217;hommes. Un dossier mal trait\u00e9 peut retarder l&#8217;indemnisation, cr\u00e9er une erreur sur l&#8217;attestation, ou faire perdre du temps au moment o\u00f9 le salari\u00e9 doit d\u00e9j\u00e0 se d\u00e9fendre.<\/p>\n<p>L&#8217;objectif est donc pratique : savoir ce qui est d\u00fb imm\u00e9diatement, quelles pi\u00e8ces r\u00e9clamer, comment s&#8217;inscrire, quand contester la faute grave, et comment articuler France Travail avec une action prud&#8217;homale.<\/p>\n<h2>La faute grave ne supprime pas le droit au ch\u00f4mage<\/h2>\n<p>Pour l&#8217;assurance ch\u00f4mage, le point d\u00e9cisif est que la rupture du contrat vient de l&#8217;employeur. Un licenciement pour faute grave reste une perte involontaire d&#8217;emploi. France Travail indique que le licenciement pour faute, y compris faute grave ou faute lourde, peut ouvrir droit aux allocations si les autres conditions sont remplies.<\/p>\n<p>Il ne faut donc pas confondre deux r\u00e9gimes.<\/p>\n<p>Sur le terrain du droit du travail, la faute grave est celle qui rend impossible le maintien du salari\u00e9 dans l&#8217;entreprise. Elle prive normalement le salari\u00e9 de l&#8217;indemnit\u00e9 compensatrice de pr\u00e9avis et de l&#8217;indemnit\u00e9 l\u00e9gale ou conventionnelle de licenciement, sauf disposition plus favorable. Le salari\u00e9 conserve en revanche son indemnit\u00e9 compensatrice de cong\u00e9s pay\u00e9s sur les cong\u00e9s acquis non pris.<\/p>\n<p>Sur le terrain de l&#8217;assurance ch\u00f4mage, le motif disciplinaire ne suffit pas \u00e0 exclure l&#8217;ARE. Le salari\u00e9 doit surtout \u00e9tablir une fin de contrat prise en compte par France Travail, une dur\u00e9e de travail suffisante, une inscription comme demandeur d&#8217;emploi et une recherche d&#8217;emploi conforme aux r\u00e8gles applicables.<\/p>\n<h2>Les conditions \u00e0 v\u00e9rifier avant de compter sur l&#8217;ARE<\/h2>\n<p>Le salari\u00e9 licenci\u00e9 pour faute grave doit d&#8217;abord v\u00e9rifier sa dur\u00e9e d&#8217;activit\u00e9. L&#8217;ouverture des droits d\u00e9pend de la p\u00e9riode travaill\u00e9e au cours de la p\u00e9riode de r\u00e9f\u00e9rence. Les r\u00e8gles peuvent varier selon la date de fin de contrat, l&#8217;\u00e2ge du demandeur d&#8217;emploi et les textes d&#8217;assurance ch\u00f4mage applicables au moment de l&#8217;inscription.<\/p>\n<p>Il doit ensuite s&#8217;inscrire rapidement \u00e0 France Travail. L&#8217;inscription ne doit pas attendre la fin d&#8217;un litige prud&#8217;homal. Contester le licenciement devant le conseil de prud&#8217;hommes ne bloque pas, en principe, la demande d&#8217;allocation. Les deux d\u00e9marches r\u00e9pondent \u00e0 deux objectifs diff\u00e9rents : l&#8217;indemnisation ch\u00f4mage d&#8217;un c\u00f4t\u00e9, la r\u00e9paration du licenciement contest\u00e9 de l&#8217;autre.<\/p>\n<p>Il faut aussi contr\u00f4ler les diff\u00e9r\u00e9s. M\u00eame si le droit est ouvert, le versement peut \u00eatre repouss\u00e9 par le d\u00e9lai d&#8217;attente l\u00e9gal, par les cong\u00e9s pay\u00e9s indemnis\u00e9s, ou par certaines indemnit\u00e9s supra-l\u00e9gales. En faute grave, le salari\u00e9 ne re\u00e7oit normalement pas d&#8217;indemnit\u00e9 de pr\u00e9avis ni d&#8217;indemnit\u00e9 de licenciement. Le diff\u00e9r\u00e9 peut donc \u00eatre plus court que dans d&#8217;autres ruptures, mais il faut v\u00e9rifier le solde de tout compte.<\/p>\n<p>Enfin, le salari\u00e9 doit contr\u00f4ler l&#8217;attestation employeur. Une attestation France Travail absente, tardive ou erron\u00e9e peut bloquer l&#8217;\u00e9tude du dossier. L&#8217;employeur doit remettre les documents de fin de contrat, dont l&#8217;attestation destin\u00e9e \u00e0 France Travail. Si le document mentionne une date de rupture incorrecte, des salaires faux ou des indemnit\u00e9s mal qualifi\u00e9es, il faut demander une correction \u00e9crite.<\/p>\n<h2>Les documents \u00e0 r\u00e9clamer d\u00e8s la rupture<\/h2>\n<p>Apr\u00e8s un licenciement pour faute grave, il faut obtenir un dossier complet, pas seulement la lettre de licenciement.<\/p>\n<p>Les documents indispensables sont :<\/p>\n<ul>\n<li>la lettre de licenciement ;<\/li>\n<li>le certificat de travail ;<\/li>\n<li>le re\u00e7u pour solde de tout compte ;<\/li>\n<li>l&#8217;attestation employeur destin\u00e9e \u00e0 France Travail ;<\/li>\n<li>le dernier bulletin de paie ;<\/li>\n<li>le d\u00e9tail des cong\u00e9s pay\u00e9s ;<\/li>\n<li>les \u00e9ventuels courriers de mise \u00e0 pied conservatoire ;<\/li>\n<li>la convocation \u00e0 entretien pr\u00e9alable ;<\/li>\n<li>les preuves \u00e9chang\u00e9es pendant la proc\u00e9dure disciplinaire.<\/li>\n<\/ul>\n<p>La lettre de licenciement fixe les limites du litige. Si le salari\u00e9 saisit le conseil de prud&#8217;hommes, le juge examinera les griefs \u00e9nonc\u00e9s dans cette lettre et les preuves produites par l&#8217;employeur. La faute grave ne se pr\u00e9sume pas. L&#8217;employeur doit \u00e9tablir des faits suffisamment s\u00e9rieux pour justifier l&#8217;\u00e9viction imm\u00e9diate du salari\u00e9.<\/p>\n<p>La Cour de cassation rappelle r\u00e9guli\u00e8rement que la faute grave suppose une impossibilit\u00e9 de maintien dans l&#8217;entreprise. Dans un arr\u00eat du 21 mai 2025, elle a encore formul\u00e9 ce crit\u00e8re central : <a href=\"https:\/\/www.courdecassation.fr\/decision\/682d685216fd466a1ce9001c\">Cass. soc., 21 mai 2025, n\u00b0 24-12.654<\/a>. Dans un arr\u00eat du 17 septembre 2025, elle a aussi cass\u00e9 une d\u00e9cision qui avait d\u00e9natur\u00e9 les termes de la lettre de licenciement : <a href=\"https:\/\/www.courdecassation.fr\/decision\/68ca5a2b892376614a83453b\">Cass. soc., 17 septembre 2025, n\u00b0 24-17.435<\/a>. Ces d\u00e9cisions montrent l&#8217;importance de lire pr\u00e9cis\u00e9ment la lettre et les pi\u00e8ces.<\/p>\n<h2>Attestation France Travail erron\u00e9e : que faire ?<\/h2>\n<p>Une erreur sur l&#8217;attestation employeur peut avoir des cons\u00e9quences imm\u00e9diates. Le salari\u00e9 peut voir son dossier suspendu, son salaire journalier de r\u00e9f\u00e9rence mal calcul\u00e9, ou son diff\u00e9r\u00e9 d&#8217;indemnisation fauss\u00e9.<\/p>\n<p>Les erreurs fr\u00e9quentes portent sur :<\/p>\n<ul>\n<li>la date de fin de contrat ;<\/li>\n<li>le motif de rupture ;<\/li>\n<li>les salaires des derniers mois ;<\/li>\n<li>les primes ;<\/li>\n<li>les cong\u00e9s pay\u00e9s ;<\/li>\n<li>l&#8217;existence ou non d&#8217;un pr\u00e9avis pay\u00e9 ;<\/li>\n<li>les indemnit\u00e9s vers\u00e9es au solde de tout compte.<\/li>\n<\/ul>\n<p>La premi\u00e8re \u00e9tape est de demander la rectification \u00e0 l&#8217;employeur par \u00e9crit. Le message doit \u00eatre factuel : identifier l&#8217;erreur, joindre la pi\u00e8ce qui la d\u00e9montre et demander l&#8217;envoi d&#8217;une attestation corrig\u00e9e. Il est utile de mettre France Travail en copie ou de d\u00e9poser la demande dans l&#8217;espace personnel si le dossier est d\u00e9j\u00e0 ouvert.<\/p>\n<p>Si l&#8217;employeur refuse ou tarde, le salari\u00e9 peut envisager une action prud&#8217;homale, parfois en r\u00e9f\u00e9r\u00e9 lorsque la remise d&#8217;un document obligatoire ou sa correction rel\u00e8ve d&#8217;une \u00e9vidence. L&#8217;urgence est forte lorsque l&#8217;absence de document bloque l&#8217;ARE. Voir aussi notre article sur l&#8217;<a href=\"https:\/\/kohenavocats.com\/attestation-france-travail-erronee-ou-remise-trop-tard-debloquer-droits-chomage-reparation\/\">attestation France Travail erron\u00e9e ou remise trop tard<\/a>.<\/p>\n<h2>Contester la faute grave peut changer l&#8217;indemnisation prud&#8217;homale<\/h2>\n<p>Le fait de toucher le ch\u00f4mage ne signifie pas que le licenciement est juridiquement valable. Le salari\u00e9 peut percevoir l&#8217;ARE et contester en m\u00eame temps la faute grave.<\/p>\n<p>La contestation peut viser plusieurs objectifs :<\/p>\n<ul>\n<li>faire juger que la faute grave n&#8217;est pas \u00e9tablie ;<\/li>\n<li>obtenir l&#8217;indemnit\u00e9 compensatrice de pr\u00e9avis ;<\/li>\n<li>obtenir l&#8217;indemnit\u00e9 l\u00e9gale ou conventionnelle de licenciement ;<\/li>\n<li>faire reconna\u00eetre un licenciement sans cause r\u00e9elle et s\u00e9rieuse ;<\/li>\n<li>obtenir des dommages-int\u00e9r\u00eats ;<\/li>\n<li>faire corriger les documents de fin de contrat.<\/li>\n<\/ul>\n<p>Le d\u00e9bat n&#8217;est pas seulement moral. Il est financier. Si le juge \u00e9carte la faute grave mais retient une cause r\u00e9elle et s\u00e9rieuse, le salari\u00e9 peut r\u00e9cup\u00e9rer des indemnit\u00e9s de rupture. Si le licenciement est jug\u00e9 sans cause r\u00e9elle et s\u00e9rieuse, il peut obtenir une indemnisation compl\u00e9mentaire. Si le licenciement est nul, notamment en cas d&#8217;atteinte \u00e0 une libert\u00e9 fondamentale, de discrimination ou de harc\u00e8lement, le r\u00e9gime peut \u00eatre plus protecteur.<\/p>\n<p>Il faut toutefois anticiper l&#8217;effet d&#8217;une condamnation sur les allocations ch\u00f4mage. Certaines sommes vers\u00e9es apr\u00e8s jugement peuvent cr\u00e9er des r\u00e9gularisations ou des \u00e9changes avec France Travail. C&#8217;est une raison de plus pour chiffrer proprement les demandes et conserver les notifications d&#8217;allocation.<\/p>\n<h2>Faut-il signer le solde de tout compte ?<\/h2>\n<p>Signer le re\u00e7u pour solde de tout compte n&#8217;emp\u00eache pas toute contestation, mais cela peut r\u00e9duire le d\u00e9lai pour contester les sommes qui y sont mentionn\u00e9es. En pratique, il faut \u00e9viter de signer sans avoir v\u00e9rifi\u00e9 le contenu.<\/p>\n<p>Le salari\u00e9 doit comparer le solde de tout compte avec le dernier bulletin de paie, le nombre de cong\u00e9s, la convention collective, les primes, les variables et les remboursements de frais. En faute grave, l&#8217;absence de pr\u00e9avis et d&#8217;indemnit\u00e9 de licenciement est attendue, mais elle peut \u00eatre contest\u00e9e si la faute grave ne tient pas.<\/p>\n<p>Si le salari\u00e9 signe, il peut ajouter une r\u00e9serve manuscrite lorsque c&#8217;est possible, mais la formule ne remplace pas une contestation \u00e9crite. Le plus important est de conserver la date de remise, la version sign\u00e9e, et la preuve de toute demande de correction.<\/p>\n<h2>Les erreurs \u00e0 \u00e9viter avec France Travail<\/h2>\n<p>Premi\u00e8re erreur : attendre le r\u00e9sultat prud&#8217;homal avant de s&#8217;inscrire. L&#8217;inscription doit \u00eatre trait\u00e9e rapidement.<\/p>\n<p>Deuxi\u00e8me erreur : croire que la faute grave exclut automatiquement l&#8217;ARE. Ce n&#8217;est pas le principe applicable.<\/p>\n<p>Troisi\u00e8me erreur : ne pas contr\u00f4ler l&#8217;attestation employeur. Le document peut contenir des erreurs qui affectent directement l&#8217;indemnisation.<\/p>\n<p>Quatri\u00e8me erreur : confondre indemnisation ch\u00f4mage et indemnisation prud&#8217;homale. L&#8217;ARE aide \u00e0 vivre apr\u00e8s la rupture ; l&#8217;action prud&#8217;homale vise \u00e0 faire sanctionner le licenciement si la faute grave n&#8217;est pas d\u00e9montr\u00e9e.<\/p>\n<p>Cinqui\u00e8me erreur : n\u00e9gliger les preuves. Le salari\u00e9 doit garder les emails, SMS, plannings, attestations, comptes rendus, avertissements ant\u00e9rieurs, \u00e9l\u00e9ments de contexte et documents internes utiles. Une contestation de faute grave se construit sur les faits.<\/p>\n<h2>Quand saisir un avocat ?<\/h2>\n<p>Un avis rapide est utile dans trois situations.<\/p>\n<p>La premi\u00e8re est le blocage France Travail : attestation non remise, erreur sur le motif, salaire mal d\u00e9clar\u00e9, absence de correction par l&#8217;employeur.<\/p>\n<p>La deuxi\u00e8me est la contestation de la faute grave : anciennet\u00e9 importante, absence d&#8217;ant\u00e9c\u00e9dent disciplinaire, faits discutables, enqu\u00eate interne fragile, mise \u00e0 pied conservatoire incoh\u00e9rente, ou sanction disproportionn\u00e9e.<\/p>\n<p>La troisi\u00e8me est le chiffrage : pr\u00e9avis, indemnit\u00e9 de licenciement, cong\u00e9s pay\u00e9s, dommages-int\u00e9r\u00eats, diff\u00e9r\u00e9s France Travail, transaction \u00e9ventuelle. Un chiffrage incomplet peut conduire \u00e0 accepter une proposition trop basse ou \u00e0 saisir les prud&#8217;hommes avec des demandes mal articul\u00e9es.<\/p>\n<p>Pour le contexte g\u00e9n\u00e9ral de la faute grave, voir notre article sur le <a href=\"https:\/\/kohenavocats.com\/licenciement-faute-grave-conditions-procedure-consequences-jurisprudence-2024-2026\/\">licenciement pour faute grave<\/a>. Pour la d\u00e9clinaison locale, voir notre article sur le <a href=\"https:\/\/kohenavocats.fr\/2026\/04\/24\/licenciement-faute-grave-chomage-paris-ile-de-france-france-travail-prudhommes\/\">licenciement pour faute grave et ch\u00f4mage \u00e0 Paris et en \u00cele-de-France<\/a>. Le cabinet intervient aussi en <a href=\"https:\/\/kohenavocats.com\/avocats-droit-social-paris\/\">droit du travail \u00e0 Paris<\/a>.<\/p>\n<h2>Besoin d&#8217;un avis rapide sur votre dossier.<\/h2>\n<p>Vous avez \u00e9t\u00e9 licenci\u00e9 pour faute grave, votre indemnisation France Travail est bloqu\u00e9e ou vous voulez savoir si la faute grave peut \u00eatre contest\u00e9e. Le cabinet peut relire la lettre, v\u00e9rifier les documents de fin de contrat et cadrer les recours utiles.<\/p>\n<p>Consultation t\u00e9l\u00e9phonique en 48 heures avec un avocat du cabinet.<\/p>\n<p>Appelez le <a href=\"tel:+33689113445\">06 89 11 34 45<\/a> ou utilisez notre <a href=\"https:\/\/kohenavocats.com\/contactez-nous\/\">formulaire de contact<\/a>.<\/p>\n","protected":false},"excerpt":{"rendered":"<p>Faute grave et ch\u00f4mage : droits ARE, attestation France Travail, documents de fin de contrat et recours prud&#8217;homal.<\/p>\n","protected":false},"author":232070755,"featured_media":3886,"comment_status":"open","ping_status":"open","sticky":false,"template":"","format":"standard","meta":{"_crdt_document":"","_jetpack_newsletter_access":"","_jetpack_dont_email_post_to_subs":false,"_jetpack_newsletter_tier_id":0,"_jetpack_memberships_contains_paywalled_content":false,"_kj_source_type":"","_kj_official_id":"","_kj_official_url":"","_kj_judilibre_id":"","_kj_jur":"","_kj_lieu":"","_kj_chambre":"","_kj_rg":"","_kj_date":"","_jetpack_memberships_contains_paid_content":false,"footnotes":"","jetpack_post_was_ever_published":false},"categories":[6995,6992],"tags":[],"class_list":["post-675593","post","type-post","status-publish","format-standard","has-post-thumbnail","hentry","category-decryptage","category-travail"],"yoast_head":"<!-- This site is optimized with the Yoast SEO Premium plugin v27.5 (Yoast SEO v27.5) - https:\/\/yoast.com\/product\/yoast-seo-premium-wordpress\/ -->\n<title>Licenciement pour faute grave et ch\u00f4mage : droits France Travail, documents \u00e0 obtenir et recours - Ma\u00eetre Hassan Kohen, avocat en droit p\u00e9nal \u00e0 Paris<\/title>\n<meta name=\"robots\" content=\"index, follow, max-snippet:-1, max-image-preview:large, max-video-preview:-1\" \/>\n<link rel=\"canonical\" href=\"https:\/\/kohenavocats.com\/pt-pt\/licenciement-faute-grave-chomage-france-travail-droits-recours\/\" \/>\n<meta property=\"og:locale\" content=\"pt_PT\" \/>\n<meta property=\"og:type\" content=\"article\" \/>\n<meta property=\"og:title\" content=\"Licenciement pour faute grave et ch\u00f4mage : droits France Travail, documents \u00e0 obtenir et recours\" \/>\n<meta property=\"og:description\" content=\"Faute grave et ch\u00f4mage : droits ARE, attestation France Travail, documents de fin de contrat et recours prud&#039;homal.\" \/>\n<meta property=\"og:url\" content=\"https:\/\/kohenavocats.com\/pt-pt\/licenciement-faute-grave-chomage-france-travail-droits-recours\/\" \/>\n<meta property=\"og:site_name\" content=\"Ma\u00eetre Hassan Kohen, avocat en droit p\u00e9nal \u00e0 Paris\" \/>\n<meta property=\"article:published_time\" content=\"2026-04-24T20:33:30+00:00\" \/>\n<meta name=\"author\" content=\"Kohen\" \/>\n<meta name=\"twitter:card\" content=\"summary_large_image\" \/>\n<meta name=\"twitter:label1\" content=\"Escrito por\" \/>\n\t<meta name=\"twitter:data1\" content=\"Kohen\" \/>\n\t<meta name=\"twitter:label2\" content=\"Tempo estimado de leitura\" \/>\n\t<meta name=\"twitter:data2\" content=\"9 minutos\" \/>\n<script type=\"application\/ld+json\" class=\"yoast-schema-graph\">{\"@context\":\"https:\\\/\\\/schema.org\",\"@graph\":[{\"@type\":\"Article\",\"@id\":\"https:\\\/\\\/kohenavocats.com\\\/pt-pt\\\/licenciement-faute-grave-chomage-france-travail-droits-recours\\\/#article\",\"isPartOf\":{\"@id\":\"https:\\\/\\\/kohenavocats.com\\\/pt-pt\\\/licenciement-faute-grave-chomage-france-travail-droits-recours\\\/\"},\"author\":{\"name\":\"Kohen\",\"@id\":\"https:\\\/\\\/kohenavocats.com\\\/pt-pt\\\/#\\\/schema\\\/person\\\/761c9ba54fa1ca84d405cef0831ff751\"},\"headline\":\"Licenciement pour faute grave et ch\u00f4mage : droits France Travail, documents \u00e0 obtenir et recours\",\"datePublished\":\"2026-04-24T20:33:30+00:00\",\"mainEntityOfPage\":{\"@id\":\"https:\\\/\\\/kohenavocats.com\\\/pt-pt\\\/licenciement-faute-grave-chomage-france-travail-droits-recours\\\/\"},\"wordCount\":1917,\"commentCount\":0,\"publisher\":{\"@id\":\"https:\\\/\\\/kohenavocats.com\\\/pt-pt\\\/#organization\"},\"image\":{\"@id\":\"https:\\\/\\\/kohenavocats.com\\\/pt-pt\\\/licenciement-faute-grave-chomage-france-travail-droits-recours\\\/#primaryimage\"},\"thumbnailUrl\":\"https:\\\/\\\/kohenavocats.com\\\/wp-content\\\/uploads\\\/2024\\\/07\\\/aleix-ventayol-yPoM-wmzKMM-unsplash-2.webp\",\"articleSection\":[\"D\u00e9cryptage\",\"Travail\"],\"inLanguage\":\"pt-PT\",\"potentialAction\":[{\"@type\":\"CommentAction\",\"name\":\"Comment\",\"target\":[\"https:\\\/\\\/kohenavocats.com\\\/pt-pt\\\/licenciement-faute-grave-chomage-france-travail-droits-recours\\\/#respond\"]}],\"citation\":\"Licenciement pour faute grave et ch\u00f4mage : droits France Travail, documents \u00e0 obtenir et recours\",\"about\":[{\"@type\":\"Thing\",\"name\":\"D\u00e9cryptage\"},{\"@type\":\"Thing\",\"name\":\"Travail\"}],\"dateModified\":\"2026-04-24T20:33:30+00:00\",\"speakable\":{\"@type\":\"SpeakableSpecification\",\"cssSelector\":[\".article-content > p:first-of-type\"]}},{\"@type\":\"WebPage\",\"@id\":\"https:\\\/\\\/kohenavocats.com\\\/pt-pt\\\/licenciement-faute-grave-chomage-france-travail-droits-recours\\\/\",\"url\":\"https:\\\/\\\/kohenavocats.com\\\/pt-pt\\\/licenciement-faute-grave-chomage-france-travail-droits-recours\\\/\",\"name\":\"Licenciement pour faute grave et ch\u00f4mage : droits France Travail, documents \u00e0 obtenir et recours - Ma\u00eetre Hassan Kohen, avocat en droit p\u00e9nal \u00e0 Paris\",\"isPartOf\":{\"@id\":\"https:\\\/\\\/kohenavocats.com\\\/pt-pt\\\/#website\"},\"primaryImageOfPage\":{\"@id\":\"https:\\\/\\\/kohenavocats.com\\\/pt-pt\\\/licenciement-faute-grave-chomage-france-travail-droits-recours\\\/#primaryimage\"},\"image\":{\"@id\":\"https:\\\/\\\/kohenavocats.com\\\/pt-pt\\\/licenciement-faute-grave-chomage-france-travail-droits-recours\\\/#primaryimage\"},\"thumbnailUrl\":\"https:\\\/\\\/kohenavocats.com\\\/wp-content\\\/uploads\\\/2024\\\/07\\\/aleix-ventayol-yPoM-wmzKMM-unsplash-2.webp\",\"datePublished\":\"2026-04-24T20:33:30+00:00\",\"breadcrumb\":{\"@id\":\"https:\\\/\\\/kohenavocats.com\\\/pt-pt\\\/licenciement-faute-grave-chomage-france-travail-droits-recours\\\/#breadcrumb\"},\"inLanguage\":\"pt-PT\",\"potentialAction\":[{\"@type\":\"ReadAction\",\"target\":[\"https:\\\/\\\/kohenavocats.com\\\/pt-pt\\\/licenciement-faute-grave-chomage-france-travail-droits-recours\\\/\"]}]},{\"@type\":\"ImageObject\",\"inLanguage\":\"pt-PT\",\"@id\":\"https:\\\/\\\/kohenavocats.com\\\/pt-pt\\\/licenciement-faute-grave-chomage-france-travail-droits-recours\\\/#primaryimage\",\"url\":\"https:\\\/\\\/kohenavocats.com\\\/wp-content\\\/uploads\\\/2024\\\/07\\\/aleix-ventayol-yPoM-wmzKMM-unsplash-2.webp\",\"contentUrl\":\"https:\\\/\\\/kohenavocats.com\\\/wp-content\\\/uploads\\\/2024\\\/07\\\/aleix-ventayol-yPoM-wmzKMM-unsplash-2.webp\",\"width\":7526,\"height\":5020},{\"@type\":\"BreadcrumbList\",\"@id\":\"https:\\\/\\\/kohenavocats.com\\\/pt-pt\\\/licenciement-faute-grave-chomage-france-travail-droits-recours\\\/#breadcrumb\",\"itemListElement\":[{\"@type\":\"ListItem\",\"position\":1,\"name\":\"Home\",\"item\":\"https:\\\/\\\/kohenavocats.com\\\/pt-pt\\\/avocats-en-droit-penal-a-paris-conseil-et-defense-strategique\\\/\"},{\"@type\":\"ListItem\",\"position\":2,\"name\":\"Licenciement pour faute grave et ch\u00f4mage : droits France Travail, documents \u00e0 obtenir et recours\"}]},{\"@type\":\"WebSite\",\"@id\":\"https:\\\/\\\/kohenavocats.com\\\/pt-pt\\\/#website\",\"url\":\"https:\\\/\\\/kohenavocats.com\\\/pt-pt\\\/\",\"name\":\"Kohen Avocats\",\"description\":\"Ma\u00eetre Hassan Kohen, avocat p\u00e9naliste \u00e0 Paris, intervient exclusivement en droit p\u00e9nal pour la d\u00e9fense des particuliers, notamment en mati\u00e8re d\u2019accusations de viol. Il assure un accompagnement rigoureux d\u00e8s la garde \u00e0 vue jusqu\u2019\u00e0 la Cour d\u2019assises, veillant au strict respect des garanties proc\u00e9durales.\",\"publisher\":{\"@id\":\"https:\\\/\\\/kohenavocats.com\\\/pt-pt\\\/#organization\"},\"potentialAction\":[{\"@type\":\"SearchAction\",\"target\":{\"@type\":\"EntryPoint\",\"urlTemplate\":\"https:\\\/\\\/kohenavocats.com\\\/pt-pt\\\/?s={search_term_string}\"},\"query-input\":{\"@type\":\"PropertyValueSpecification\",\"valueRequired\":true,\"valueName\":\"search_term_string\"}}],\"inLanguage\":\"pt-PT\"},{\"@type\":\"Organization\",\"@id\":\"https:\\\/\\\/kohenavocats.com\\\/pt-pt\\\/#organization\",\"name\":\"Kohen Avocats\",\"url\":\"https:\\\/\\\/kohenavocats.com\\\/pt-pt\\\/\",\"logo\":{\"@type\":\"ImageObject\",\"inLanguage\":\"pt-PT\",\"@id\":\"https:\\\/\\\/kohenavocats.com\\\/pt-pt\\\/#\\\/schema\\\/logo\\\/image\\\/\",\"url\":\"https:\\\/\\\/kohenavocats.com\\\/wp-content\\\/uploads\\\/2026\\\/01\\\/Logo-2-1.webp\",\"contentUrl\":\"https:\\\/\\\/kohenavocats.com\\\/wp-content\\\/uploads\\\/2026\\\/01\\\/Logo-2-1.webp\",\"width\":2114,\"height\":1253,\"caption\":\"Kohen Avocats\"},\"image\":{\"@id\":\"https:\\\/\\\/kohenavocats.com\\\/pt-pt\\\/#\\\/schema\\\/logo\\\/image\\\/\"}},{\"@type\":\"Person\",\"@id\":\"https:\\\/\\\/kohenavocats.com\\\/pt-pt\\\/#\\\/schema\\\/person\\\/761c9ba54fa1ca84d405cef0831ff751\",\"name\":\"Kohen\",\"image\":{\"@type\":\"ImageObject\",\"inLanguage\":\"pt-PT\",\"@id\":\"https:\\\/\\\/secure.gravatar.com\\\/avatar\\\/1c5e76ef76bbbfdd2b4da984e2bf2fa4056fd51a27d25ce2c332047f1dfd6e00?s=96&d=identicon&r=g\",\"url\":\"https:\\\/\\\/secure.gravatar.com\\\/avatar\\\/1c5e76ef76bbbfdd2b4da984e2bf2fa4056fd51a27d25ce2c332047f1dfd6e00?s=96&d=identicon&r=g\",\"contentUrl\":\"https:\\\/\\\/secure.gravatar.com\\\/avatar\\\/1c5e76ef76bbbfdd2b4da984e2bf2fa4056fd51a27d25ce2c332047f1dfd6e00?s=96&d=identicon&r=g\",\"caption\":\"Kohen\"},\"sameAs\":[\"https:\\\/\\\/www.linkedin.com\\\/in\\\/hassan-kohen-448548192\\\/\",\"https:\\\/\\\/www.youtube.com\\\/@Kohen-Avocats\"],\"url\":\"https:\\\/\\\/kohenavocats.com\\\/pt-pt\\\/author\\\/kohenmlk\\\/\"}]}<\/script>\n<!-- \/ Yoast SEO Premium plugin. -->","yoast_head_json":{"title":"Licenciement pour faute grave et ch\u00f4mage : droits France Travail, documents \u00e0 obtenir et recours - Ma\u00eetre Hassan Kohen, avocat en droit p\u00e9nal \u00e0 Paris","robots":{"index":"index","follow":"follow","max-snippet":"max-snippet:-1","max-image-preview":"max-image-preview:large","max-video-preview":"max-video-preview:-1"},"canonical":"https:\/\/kohenavocats.com\/pt-pt\/licenciement-faute-grave-chomage-france-travail-droits-recours\/","og_locale":"pt_PT","og_type":"article","og_title":"Licenciement pour faute grave et ch\u00f4mage : droits France Travail, documents \u00e0 obtenir et recours","og_description":"Faute grave et ch\u00f4mage : droits ARE, attestation France Travail, documents de fin de contrat et recours prud'homal.","og_url":"https:\/\/kohenavocats.com\/pt-pt\/licenciement-faute-grave-chomage-france-travail-droits-recours\/","og_site_name":"Ma\u00eetre Hassan Kohen, avocat en droit p\u00e9nal \u00e0 Paris","article_published_time":"2026-04-24T20:33:30+00:00","author":"Kohen","twitter_card":"summary_large_image","twitter_misc":{"Escrito por":"Kohen","Tempo estimado de leitura":"9 minutos"},"schema":{"@context":"https:\/\/schema.org","@graph":[{"@type":"Article","@id":"https:\/\/kohenavocats.com\/pt-pt\/licenciement-faute-grave-chomage-france-travail-droits-recours\/#article","isPartOf":{"@id":"https:\/\/kohenavocats.com\/pt-pt\/licenciement-faute-grave-chomage-france-travail-droits-recours\/"},"author":{"name":"Kohen","@id":"https:\/\/kohenavocats.com\/pt-pt\/#\/schema\/person\/761c9ba54fa1ca84d405cef0831ff751"},"headline":"Licenciement pour faute grave et ch\u00f4mage : droits France Travail, documents \u00e0 obtenir et recours","datePublished":"2026-04-24T20:33:30+00:00","mainEntityOfPage":{"@id":"https:\/\/kohenavocats.com\/pt-pt\/licenciement-faute-grave-chomage-france-travail-droits-recours\/"},"wordCount":1917,"commentCount":0,"publisher":{"@id":"https:\/\/kohenavocats.com\/pt-pt\/#organization"},"image":{"@id":"https:\/\/kohenavocats.com\/pt-pt\/licenciement-faute-grave-chomage-france-travail-droits-recours\/#primaryimage"},"thumbnailUrl":"https:\/\/kohenavocats.com\/wp-content\/uploads\/2024\/07\/aleix-ventayol-yPoM-wmzKMM-unsplash-2.webp","articleSection":["D\u00e9cryptage","Travail"],"inLanguage":"pt-PT","potentialAction":[{"@type":"CommentAction","name":"Comment","target":["https:\/\/kohenavocats.com\/pt-pt\/licenciement-faute-grave-chomage-france-travail-droits-recours\/#respond"]}],"citation":"Licenciement pour faute grave et ch\u00f4mage : droits France Travail, documents \u00e0 obtenir et recours","about":[{"@type":"Thing","name":"D\u00e9cryptage"},{"@type":"Thing","name":"Travail"}],"dateModified":"2026-04-24T20:33:30+00:00","speakable":{"@type":"SpeakableSpecification","cssSelector":[".article-content > p:first-of-type"]}},{"@type":"WebPage","@id":"https:\/\/kohenavocats.com\/pt-pt\/licenciement-faute-grave-chomage-france-travail-droits-recours\/","url":"https:\/\/kohenavocats.com\/pt-pt\/licenciement-faute-grave-chomage-france-travail-droits-recours\/","name":"Licenciement pour faute grave et ch\u00f4mage : droits France Travail, documents \u00e0 obtenir et recours - Ma\u00eetre Hassan Kohen, avocat en droit p\u00e9nal \u00e0 Paris","isPartOf":{"@id":"https:\/\/kohenavocats.com\/pt-pt\/#website"},"primaryImageOfPage":{"@id":"https:\/\/kohenavocats.com\/pt-pt\/licenciement-faute-grave-chomage-france-travail-droits-recours\/#primaryimage"},"image":{"@id":"https:\/\/kohenavocats.com\/pt-pt\/licenciement-faute-grave-chomage-france-travail-droits-recours\/#primaryimage"},"thumbnailUrl":"https:\/\/kohenavocats.com\/wp-content\/uploads\/2024\/07\/aleix-ventayol-yPoM-wmzKMM-unsplash-2.webp","datePublished":"2026-04-24T20:33:30+00:00","breadcrumb":{"@id":"https:\/\/kohenavocats.com\/pt-pt\/licenciement-faute-grave-chomage-france-travail-droits-recours\/#breadcrumb"},"inLanguage":"pt-PT","potentialAction":[{"@type":"ReadAction","target":["https:\/\/kohenavocats.com\/pt-pt\/licenciement-faute-grave-chomage-france-travail-droits-recours\/"]}]},{"@type":"ImageObject","inLanguage":"pt-PT","@id":"https:\/\/kohenavocats.com\/pt-pt\/licenciement-faute-grave-chomage-france-travail-droits-recours\/#primaryimage","url":"https:\/\/kohenavocats.com\/wp-content\/uploads\/2024\/07\/aleix-ventayol-yPoM-wmzKMM-unsplash-2.webp","contentUrl":"https:\/\/kohenavocats.com\/wp-content\/uploads\/2024\/07\/aleix-ventayol-yPoM-wmzKMM-unsplash-2.webp","width":7526,"height":5020},{"@type":"BreadcrumbList","@id":"https:\/\/kohenavocats.com\/pt-pt\/licenciement-faute-grave-chomage-france-travail-droits-recours\/#breadcrumb","itemListElement":[{"@type":"ListItem","position":1,"name":"Home","item":"https:\/\/kohenavocats.com\/pt-pt\/avocats-en-droit-penal-a-paris-conseil-et-defense-strategique\/"},{"@type":"ListItem","position":2,"name":"Licenciement pour faute grave et ch\u00f4mage : droits France Travail, documents \u00e0 obtenir et recours"}]},{"@type":"WebSite","@id":"https:\/\/kohenavocats.com\/pt-pt\/#website","url":"https:\/\/kohenavocats.com\/pt-pt\/","name":"Kohen Avocats","description":"Ma\u00eetre Hassan Kohen, avocat p\u00e9naliste \u00e0 Paris, intervient exclusivement en droit p\u00e9nal pour la d\u00e9fense des particuliers, notamment en mati\u00e8re d\u2019accusations de viol. Il assure un accompagnement rigoureux d\u00e8s la garde \u00e0 vue jusqu\u2019\u00e0 la Cour d\u2019assises, veillant au strict respect des garanties proc\u00e9durales.","publisher":{"@id":"https:\/\/kohenavocats.com\/pt-pt\/#organization"},"potentialAction":[{"@type":"SearchAction","target":{"@type":"EntryPoint","urlTemplate":"https:\/\/kohenavocats.com\/pt-pt\/?s={search_term_string}"},"query-input":{"@type":"PropertyValueSpecification","valueRequired":true,"valueName":"search_term_string"}}],"inLanguage":"pt-PT"},{"@type":"Organization","@id":"https:\/\/kohenavocats.com\/pt-pt\/#organization","name":"Kohen Avocats","url":"https:\/\/kohenavocats.com\/pt-pt\/","logo":{"@type":"ImageObject","inLanguage":"pt-PT","@id":"https:\/\/kohenavocats.com\/pt-pt\/#\/schema\/logo\/image\/","url":"https:\/\/kohenavocats.com\/wp-content\/uploads\/2026\/01\/Logo-2-1.webp","contentUrl":"https:\/\/kohenavocats.com\/wp-content\/uploads\/2026\/01\/Logo-2-1.webp","width":2114,"height":1253,"caption":"Kohen Avocats"},"image":{"@id":"https:\/\/kohenavocats.com\/pt-pt\/#\/schema\/logo\/image\/"}},{"@type":"Person","@id":"https:\/\/kohenavocats.com\/pt-pt\/#\/schema\/person\/761c9ba54fa1ca84d405cef0831ff751","name":"Kohen","image":{"@type":"ImageObject","inLanguage":"pt-PT","@id":"https:\/\/secure.gravatar.com\/avatar\/1c5e76ef76bbbfdd2b4da984e2bf2fa4056fd51a27d25ce2c332047f1dfd6e00?s=96&d=identicon&r=g","url":"https:\/\/secure.gravatar.com\/avatar\/1c5e76ef76bbbfdd2b4da984e2bf2fa4056fd51a27d25ce2c332047f1dfd6e00?s=96&d=identicon&r=g","contentUrl":"https:\/\/secure.gravatar.com\/avatar\/1c5e76ef76bbbfdd2b4da984e2bf2fa4056fd51a27d25ce2c332047f1dfd6e00?s=96&d=identicon&r=g","caption":"Kohen"},"sameAs":["https:\/\/www.linkedin.com\/in\/hassan-kohen-448548192\/","https:\/\/www.youtube.com\/@Kohen-Avocats"],"url":"https:\/\/kohenavocats.com\/pt-pt\/author\/kohenmlk\/"}]}},"jetpack_featured_media_url":"https:\/\/kohenavocats.com\/wp-content\/uploads\/2024\/07\/aleix-ventayol-yPoM-wmzKMM-unsplash-2.webp","jetpack_likes_enabled":false,"jetpack_shortlink":"https:\/\/wp.me\/peCrII-2PKF","jetpack-related-posts":[{"id":641019,"url":"https:\/\/kohenavocats.com\/pt-pt\/cour-dappel-de-aix-en-provence-le-9-janvier-2025-n21-03336\/","url_meta":{"origin":675593,"position":0},"title":"Cour d&#8217;appel de Aix-en-Provence, le 9 janvier 2025, n\u00b021\/03336","author":"Kohen","date":"21 de Abril, 2026","format":false,"excerpt":"La Cour d\u2019appel d\u2019Aix-en-Provence, statuant le 9 janvier 2025, examine un licenciement pour faute grave. Un salari\u00e9, en cong\u00e9 paternit\u00e9 jusqu\u2019au 1er mars 201...","rel":"","context":"In &quot;Jurisprudence&quot;","block_context":{"text":"Jurisprudence","link":"https:\/\/kohenavocats.com\/category\/jurisprudence\/"},"img":{"alt_text":"","src":"https:\/\/i0.wp.com\/kohenavocats.com\/wp-content\/uploads\/2024\/08\/pierre-chatel-innocenti-hJEqMutj3qc-unsplash.webp?resize=350%2C200&ssl=1","width":350,"height":200,"srcset":"https:\/\/i0.wp.com\/kohenavocats.com\/wp-content\/uploads\/2024\/08\/pierre-chatel-innocenti-hJEqMutj3qc-unsplash.webp?resize=350%2C200&ssl=1 1x, https:\/\/i0.wp.com\/kohenavocats.com\/wp-content\/uploads\/2024\/08\/pierre-chatel-innocenti-hJEqMutj3qc-unsplash.webp?resize=525%2C300&ssl=1 1.5x, https:\/\/i0.wp.com\/kohenavocats.com\/wp-content\/uploads\/2024\/08\/pierre-chatel-innocenti-hJEqMutj3qc-unsplash.webp?resize=700%2C400&ssl=1 2x, https:\/\/i0.wp.com\/kohenavocats.com\/wp-content\/uploads\/2024\/08\/pierre-chatel-innocenti-hJEqMutj3qc-unsplash.webp?resize=1050%2C600&ssl=1 3x, https:\/\/i0.wp.com\/kohenavocats.com\/wp-content\/uploads\/2024\/08\/pierre-chatel-innocenti-hJEqMutj3qc-unsplash.webp?resize=1400%2C800&ssl=1 4x"},"classes":[]},{"id":616583,"url":"https:\/\/kohenavocats.com\/pt-pt\/cour-dappel-de-paris-le-27-juin-2024-n22-08517\/","url_meta":{"origin":675593,"position":1},"title":"Cour d&#8217;appel de Paris, le 27 juin 2024, n\u00b022\/08517","author":"Kohen","date":"20 de Abril, 2026","format":false,"excerpt":"La cour d'appel de Paris, dans un arr\u00eat du 27 juin 2024, a statu\u00e9 sur le licenciement pour faute grave d'un cadre. La soci\u00e9t\u00e9 avait prononc\u00e9 ce licenciement ...","rel":"","context":"In &quot;Jurisprudence&quot;","block_context":{"text":"Jurisprudence","link":"https:\/\/kohenavocats.com\/category\/jurisprudence\/"},"img":{"alt_text":"","src":"https:\/\/i0.wp.com\/kohenavocats.com\/wp-content\/uploads\/2024\/11\/lala-azizli-oAaj82io-2k-unsplash.webp?resize=350%2C200&ssl=1","width":350,"height":200,"srcset":"https:\/\/i0.wp.com\/kohenavocats.com\/wp-content\/uploads\/2024\/11\/lala-azizli-oAaj82io-2k-unsplash.webp?resize=350%2C200&ssl=1 1x, https:\/\/i0.wp.com\/kohenavocats.com\/wp-content\/uploads\/2024\/11\/lala-azizli-oAaj82io-2k-unsplash.webp?resize=525%2C300&ssl=1 1.5x, https:\/\/i0.wp.com\/kohenavocats.com\/wp-content\/uploads\/2024\/11\/lala-azizli-oAaj82io-2k-unsplash.webp?resize=700%2C400&ssl=1 2x, https:\/\/i0.wp.com\/kohenavocats.com\/wp-content\/uploads\/2024\/11\/lala-azizli-oAaj82io-2k-unsplash.webp?resize=1050%2C600&ssl=1 3x, https:\/\/i0.wp.com\/kohenavocats.com\/wp-content\/uploads\/2024\/11\/lala-azizli-oAaj82io-2k-unsplash.webp?resize=1400%2C800&ssl=1 4x"},"classes":[]},{"id":436743,"url":"https:\/\/kohenavocats.com\/pt-pt\/cour-dappel-de-colmar-le-27-fevrier-2026-n23-03572\/","url_meta":{"origin":675593,"position":2},"title":"Cour d&#8217;appel de Colmar, le 27 f\u00e9vrier 2026, n\u00b023\/03572","author":"Kohen","date":"25 de Mar\u00e7o, 2026","format":false,"excerpt":"La Cour d\u2019appel de Colmar, chambre sociale, le 27 f\u00e9vrier 2026, statue sur un pourvoi form\u00e9 contre un jugement du conseil de prud\u2019hommes de Mulhouse du 4 septembre 2023. Ce dernier avait annul\u00e9 un licenciement pour faute grave et octroy\u00e9 diverses indemnit\u00e9s au salari\u00e9. La cour d\u2019appel, tout en confirmant\u2026","rel":"","context":"In &quot;Cour d'appel&quot;","block_context":{"text":"Cour d'appel","link":"https:\/\/kohenavocats.com\/category\/cour-dappel\/"},"img":{"alt_text":"","src":"https:\/\/i0.wp.com\/kohenavocats.com\/wp-content\/uploads\/2024\/06\/giammarco-boscaro-eWpBNXRHfTI-unsplash.jpg?resize=350%2C200&ssl=1","width":350,"height":200,"srcset":"https:\/\/i0.wp.com\/kohenavocats.com\/wp-content\/uploads\/2024\/06\/giammarco-boscaro-eWpBNXRHfTI-unsplash.jpg?resize=350%2C200&ssl=1 1x, https:\/\/i0.wp.com\/kohenavocats.com\/wp-content\/uploads\/2024\/06\/giammarco-boscaro-eWpBNXRHfTI-unsplash.jpg?resize=525%2C300&ssl=1 1.5x, https:\/\/i0.wp.com\/kohenavocats.com\/wp-content\/uploads\/2024\/06\/giammarco-boscaro-eWpBNXRHfTI-unsplash.jpg?resize=700%2C400&ssl=1 2x, https:\/\/i0.wp.com\/kohenavocats.com\/wp-content\/uploads\/2024\/06\/giammarco-boscaro-eWpBNXRHfTI-unsplash.jpg?resize=1050%2C600&ssl=1 3x, https:\/\/i0.wp.com\/kohenavocats.com\/wp-content\/uploads\/2024\/06\/giammarco-boscaro-eWpBNXRHfTI-unsplash.jpg?resize=1400%2C800&ssl=1 4x"},"classes":[]},{"id":444133,"url":"https:\/\/kohenavocats.com\/pt-pt\/cour-dappel-le-24-octobre-2025-n24-01079\/","url_meta":{"origin":675593,"position":3},"title":"Cour d&#8217;appel, le 24 octobre 2025, n\u00b024\/01079","author":"","date":"4 de Abril, 2026","format":false,"excerpt":"L\u2019arr\u00eat rendu par la Cour d\u2019appel de Douai, chambre sociale, le 24 octobre 2025, statue sur le bien-fond\u00e9 d\u2019un licenciement pour faute grave et sur...","rel":"","context":"In &quot;Cour d'appel&quot;","block_context":{"text":"Cour d'appel","link":"https:\/\/kohenavocats.com\/category\/cour-dappel\/"},"img":{"alt_text":"","src":"https:\/\/i0.wp.com\/kohenavocats.com\/wp-content\/uploads\/2024\/07\/chris-brignola-X2CxUXFqKcM-unsplash.webp?resize=350%2C200&ssl=1","width":350,"height":200,"srcset":"https:\/\/i0.wp.com\/kohenavocats.com\/wp-content\/uploads\/2024\/07\/chris-brignola-X2CxUXFqKcM-unsplash.webp?resize=350%2C200&ssl=1 1x, https:\/\/i0.wp.com\/kohenavocats.com\/wp-content\/uploads\/2024\/07\/chris-brignola-X2CxUXFqKcM-unsplash.webp?resize=525%2C300&ssl=1 1.5x, https:\/\/i0.wp.com\/kohenavocats.com\/wp-content\/uploads\/2024\/07\/chris-brignola-X2CxUXFqKcM-unsplash.webp?resize=700%2C400&ssl=1 2x, https:\/\/i0.wp.com\/kohenavocats.com\/wp-content\/uploads\/2024\/07\/chris-brignola-X2CxUXFqKcM-unsplash.webp?resize=1050%2C600&ssl=1 3x, https:\/\/i0.wp.com\/kohenavocats.com\/wp-content\/uploads\/2024\/07\/chris-brignola-X2CxUXFqKcM-unsplash.webp?resize=1400%2C800&ssl=1 4x"},"classes":[]},{"id":424563,"url":"https:\/\/kohenavocats.com\/pt-pt\/cour-dappel-de-versailles-le-26-octobre-2011-n09-00055\/","url_meta":{"origin":675593,"position":4},"title":"Cour d&#8217;appel de Versailles, le 26 octobre 2011, n\u00b009\/00055","author":"Kohen","date":"23 de Mar\u00e7o, 2026","format":false,"excerpt":"Un salari\u00e9 engag\u00e9 en 1991 a connu une \u00e9volution de carri\u00e8re au sein de son entreprise. Il occupait le poste d\u2019analyste m\u00e9thode maintenance depuis janvier 2007. Une mise \u00e0 pied conservatoire lui est notifi\u00e9e en novembre 2008. Son licenciement pour faute grave suit rapidement. L\u2019employeur invoque des manquements r\u00e9p\u00e9t\u00e9s \u00e0\u2026","rel":"","context":"In &quot;Cour d'appel&quot;","block_context":{"text":"Cour d'appel","link":"https:\/\/kohenavocats.com\/category\/cour-dappel\/"},"img":{"alt_text":"","src":"https:\/\/i0.wp.com\/kohenavocats.com\/wp-content\/uploads\/2024\/11\/frank-van-hulst-DNYn_v6WVJo-unsplash.webp?resize=350%2C200&ssl=1","width":350,"height":200,"srcset":"https:\/\/i0.wp.com\/kohenavocats.com\/wp-content\/uploads\/2024\/11\/frank-van-hulst-DNYn_v6WVJo-unsplash.webp?resize=350%2C200&ssl=1 1x, https:\/\/i0.wp.com\/kohenavocats.com\/wp-content\/uploads\/2024\/11\/frank-van-hulst-DNYn_v6WVJo-unsplash.webp?resize=525%2C300&ssl=1 1.5x, https:\/\/i0.wp.com\/kohenavocats.com\/wp-content\/uploads\/2024\/11\/frank-van-hulst-DNYn_v6WVJo-unsplash.webp?resize=700%2C400&ssl=1 2x, https:\/\/i0.wp.com\/kohenavocats.com\/wp-content\/uploads\/2024\/11\/frank-van-hulst-DNYn_v6WVJo-unsplash.webp?resize=1050%2C600&ssl=1 3x, https:\/\/i0.wp.com\/kohenavocats.com\/wp-content\/uploads\/2024\/11\/frank-van-hulst-DNYn_v6WVJo-unsplash.webp?resize=1400%2C800&ssl=1 4x"},"classes":[]},{"id":486755,"url":"https:\/\/kohenavocats.com\/pt-pt\/cour-dappel-le-28-novembre-2025-n24-01559\/","url_meta":{"origin":675593,"position":5},"title":"Cour d&#8217;appel, le 28 novembre 2025, n\u00b024\/01559","author":"Kohen","date":"8 de Abril, 2026","format":false,"excerpt":"La Cour d'appel, statuant en date non pr\u00e9cis\u00e9e, examine le recours d'une salari\u00e9e contre son licenciement pour faute grave. L'int\u00e9ress\u00e9e invoquait la nullit\u00e9...","rel":"","context":"In &quot;Jurisprudence&quot;","block_context":{"text":"Jurisprudence","link":"https:\/\/kohenavocats.com\/category\/jurisprudence\/"},"img":{"alt_text":"","src":"https:\/\/i0.wp.com\/kohenavocats.com\/wp-content\/uploads\/2024\/08\/alex-h0dEvfM3EU8-unsplash.webp?resize=350%2C200&ssl=1","width":350,"height":200,"srcset":"https:\/\/i0.wp.com\/kohenavocats.com\/wp-content\/uploads\/2024\/08\/alex-h0dEvfM3EU8-unsplash.webp?resize=350%2C200&ssl=1 1x, https:\/\/i0.wp.com\/kohenavocats.com\/wp-content\/uploads\/2024\/08\/alex-h0dEvfM3EU8-unsplash.webp?resize=525%2C300&ssl=1 1.5x, https:\/\/i0.wp.com\/kohenavocats.com\/wp-content\/uploads\/2024\/08\/alex-h0dEvfM3EU8-unsplash.webp?resize=700%2C400&ssl=1 2x, https:\/\/i0.wp.com\/kohenavocats.com\/wp-content\/uploads\/2024\/08\/alex-h0dEvfM3EU8-unsplash.webp?resize=1050%2C600&ssl=1 3x, https:\/\/i0.wp.com\/kohenavocats.com\/wp-content\/uploads\/2024\/08\/alex-h0dEvfM3EU8-unsplash.webp?resize=1400%2C800&ssl=1 4x"},"classes":[]}],"jetpack_sharing_enabled":true,"_links":{"self":[{"href":"https:\/\/kohenavocats.com\/pt-pt\/wp-json\/wp\/v2\/posts\/675593","targetHints":{"allow":["GET"]}}],"collection":[{"href":"https:\/\/kohenavocats.com\/pt-pt\/wp-json\/wp\/v2\/posts"}],"about":[{"href":"https:\/\/kohenavocats.com\/pt-pt\/wp-json\/wp\/v2\/types\/post"}],"author":[{"embeddable":true,"href":"https:\/\/kohenavocats.com\/pt-pt\/wp-json\/wp\/v2\/users\/232070755"}],"replies":[{"embeddable":true,"href":"https:\/\/kohenavocats.com\/pt-pt\/wp-json\/wp\/v2\/comments?post=675593"}],"version-history":[{"count":0,"href":"https:\/\/kohenavocats.com\/pt-pt\/wp-json\/wp\/v2\/posts\/675593\/revisions"}],"wp:featuredmedia":[{"embeddable":true,"href":"https:\/\/kohenavocats.com\/pt-pt\/wp-json\/wp\/v2\/media\/3886"}],"wp:attachment":[{"href":"https:\/\/kohenavocats.com\/pt-pt\/wp-json\/wp\/v2\/media?parent=675593"}],"wp:term":[{"taxonomy":"category","embeddable":true,"href":"https:\/\/kohenavocats.com\/pt-pt\/wp-json\/wp\/v2\/categories?post=675593"},{"taxonomy":"post_tag","embeddable":true,"href":"https:\/\/kohenavocats.com\/pt-pt\/wp-json\/wp\/v2\/tags?post=675593"}],"curies":[{"name":"wp","href":"https:\/\/api.w.org\/{rel}","templated":true}]}}