{"id":681042,"date":"2026-04-25T14:23:22","date_gmt":"2026-04-25T12:23:22","guid":{"rendered":"https:\/\/kohenavocats.com\/reconnaissance-maladie-professionnelle-apres-licenciement-indemnites-recours-prudhommes\/"},"modified":"2026-04-25T14:23:22","modified_gmt":"2026-04-25T12:23:22","slug":"reconnaissance-maladie-professionnelle-apres-licenciement-indemnites-recours-prudhommes","status":"publish","type":"post","link":"https:\/\/kohenavocats.com\/pt-pt\/reconnaissance-maladie-professionnelle-apres-licenciement-indemnites-recours-prudhommes\/","title":{"rendered":"Reconnaissance de maladie professionnelle apr\u00e8s licenciement : indemnit\u00e9 sp\u00e9ciale, pr\u00e9avis et recours aux prud&#8217;hommes"},"content":{"rendered":"<p>Le salari\u00e9 peut \u00eatre licenci\u00e9 pour inaptitude, recevoir un solde de tout compte calcul\u00e9 comme une inaptitude non professionnelle, puis obtenir plus tard la reconnaissance de sa maladie professionnelle. Cette chronologie n&#8217;est pas rare. Elle pose une question tr\u00e8s concr\u00e8te : peut-on r\u00e9clamer apr\u00e8s coup l&#8217;indemnit\u00e9 sp\u00e9ciale de licenciement, l&#8217;indemnit\u00e9 \u00e9quivalente au pr\u00e9avis et une correction du solde de tout compte ?<\/p>\n<p>La r\u00e9ponse d\u00e9pend rarement d&#8217;une seule pi\u00e8ce. Il faut v\u00e9rifier l&#8217;origine de l&#8217;inaptitude, la connaissance qu&#8217;avait l&#8217;employeur au moment du licenciement, les d\u00e9marches engag\u00e9es aupr\u00e8s de la CPAM, les mentions de l&#8217;avis d&#8217;inaptitude, les \u00e9changes ant\u00e9rieurs et les sommes d\u00e9j\u00e0 vers\u00e9es.<\/p>\n<p>Le point d\u00e9cisif est le suivant : la reconnaissance par la CPAM n&#8217;est pas toujours le d\u00e9but et la fin du raisonnement. Le conseil de prud&#8217;hommes peut appr\u00e9cier lui-m\u00eame si l&#8217;inaptitude avait au moins partiellement une origine professionnelle. Il peut aussi v\u00e9rifier si l&#8217;employeur avait connaissance de cette origine au moment o\u00f9 il a licenci\u00e9.<\/p>\n<p>Ce sujet rel\u00e8ve du contentieux de <a href=\"https:\/\/kohenavocats.com\/avocats-droit-social-paris\/\">droit du travail<\/a> : il articule la proc\u00e9dure m\u00e9dicale, les documents de fin de contrat, le calcul des indemnit\u00e9s et la saisine du conseil de prud&#8217;hommes.<\/p>\n<h2>Le cas typique : licenciement d&#8217;abord, reconnaissance CPAM ensuite<\/h2>\n<p>La situation commence souvent par un arr\u00eat de travail li\u00e9 \u00e0 une pathologie apparue dans le travail : trouble musculo-squelettique, affection li\u00e9e aux gestes r\u00e9p\u00e9titifs, burn-out reconnu au titre d&#8217;une maladie professionnelle dans certains cas, rechute d&#8217;un accident du travail ou aggravation d&#8217;un \u00e9tat de sant\u00e9 d\u00e9j\u00e0 signal\u00e9.<\/p>\n<p>Le m\u00e9decin du travail d\u00e9clare ensuite le salari\u00e9 inapte. L&#8217;employeur engage une proc\u00e9dure de licenciement pour inaptitude et impossibilit\u00e9 de reclassement. Le solde de tout compte est \u00e9tabli. Il ne contient pas l&#8217;indemnit\u00e9 sp\u00e9ciale de licenciement pr\u00e9vue en cas d&#8217;inaptitude d&#8217;origine professionnelle. Il ne contient pas non plus l&#8217;indemnit\u00e9 \u00e9quivalente \u00e0 l&#8217;indemnit\u00e9 compensatrice de pr\u00e9avis.<\/p>\n<p>Quelques semaines ou plusieurs mois plus tard, la CPAM reconna\u00eet le caract\u00e8re professionnel de la maladie, ou le salari\u00e9 obtient un \u00e9l\u00e9ment m\u00e9dical qui rattache l&#8217;inaptitude au travail.<\/p>\n<p>\u00c0 ce stade, il ne faut pas seulement demander une correction amiable. Il faut v\u00e9rifier les conditions juridiques de la demande, car l&#8217;employeur r\u00e9pond souvent que le licenciement \u00e9tait d\u00e9j\u00e0 prononc\u00e9, que l&#8217;avis d&#8217;inaptitude ne visait pas express\u00e9ment une maladie professionnelle, ou que la CPAM n&#8217;avait pas encore statu\u00e9.<\/p>\n<p>Ces objections ne suffisent pas toujours.<\/p>\n<h2>Les textes \u00e0 mobiliser<\/h2>\n<p>L&#8217;article <a href=\"https:\/\/www.legifrance.gouv.fr\/codes\/article_lc\/LEGIARTI000035653215\">L. 1226-10 du Code du travail<\/a> organise le reclassement du salari\u00e9 d\u00e9clar\u00e9 inapte apr\u00e8s un accident du travail ou une maladie professionnelle. L&#8217;article <a href=\"https:\/\/www.legifrance.gouv.fr\/codes\/article_lc\/LEGIARTI000033024893\">L. 1226-12 du Code du travail<\/a> encadre la rupture lorsque l&#8217;employeur justifie de son impossibilit\u00e9 de reclassement ou lorsque l&#8217;avis du m\u00e9decin du travail exclut le maintien dans l&#8217;emploi.<\/p>\n<p>L&#8217;article <a href=\"https:\/\/www.legifrance.gouv.fr\/codes\/article_lc\/LEGIARTI000006900981\/\">L. 1226-14 du Code du travail<\/a> est le texte financier central. Lorsque le licenciement intervient dans ce cadre, le salari\u00e9 a droit \u00e0 une indemnit\u00e9 compensatrice d&#8217;un montant \u00e9gal \u00e0 l&#8217;indemnit\u00e9 compensatrice de pr\u00e9avis, ainsi qu&#8217;\u00e0 une indemnit\u00e9 sp\u00e9ciale de licenciement. Cette indemnit\u00e9 sp\u00e9ciale correspond, sauf disposition conventionnelle plus favorable, au double de l&#8217;indemnit\u00e9 l\u00e9gale de licenciement.<\/p>\n<p>L&#8217;article <a href=\"https:\/\/www.legifrance.gouv.fr\/codes\/article_lc\/LEGIARTI000035643503\">L. 1226-15 du Code du travail<\/a> vise les sanctions lorsque l&#8217;employeur m\u00e9conna\u00eet certaines r\u00e8gles protectrices, notamment autour de la r\u00e9int\u00e9gration, du reclassement et de la proc\u00e9dure applicable.<\/p>\n<p>Il faut donc s\u00e9parer deux familles de demandes.<\/p>\n<p>La premi\u00e8re famille concerne les sommes automatiquement attach\u00e9es \u00e0 l&#8217;origine professionnelle de l&#8217;inaptitude : indemnit\u00e9 sp\u00e9ciale de licenciement et indemnit\u00e9 \u00e9quivalente au pr\u00e9avis.<\/p>\n<p>La seconde famille concerne les fautes de proc\u00e9dure ou de fond : absence de consultation du CSE lorsqu&#8217;elle \u00e9tait n\u00e9cessaire, recherche de reclassement insuffisante, licenciement sans cause r\u00e9elle et s\u00e9rieuse, nullit\u00e9 li\u00e9e \u00e0 l&#8217;\u00e9tat de sant\u00e9 ou \u00e0 une discrimination. Ces demandes ne reposent pas toutes sur le m\u00eame raisonnement.<\/p>\n<h2>La r\u00e8gle de jurisprudence : deux conditions \u00e0 prouver<\/h2>\n<p>La Cour de cassation retient une formule constante. Les r\u00e8gles protectrices applicables aux victimes d&#8217;un accident du travail ou d&#8217;une maladie professionnelle s&#8217;appliquent lorsque deux conditions sont r\u00e9unies.<\/p>\n<p>Premi\u00e8re condition : l&#8217;inaptitude a, au moins partiellement, pour origine l&#8217;accident du travail ou la maladie professionnelle.<\/p>\n<p>Deuxi\u00e8me condition : l&#8217;employeur avait connaissance de cette origine professionnelle au moment du licenciement.<\/p>\n<p>Dans un arr\u00eat du 9 juin 2010, n\u00b0 09-41.040, publi\u00e9 au Bulletin, la chambre sociale a pr\u00e9cis\u00e9 que l&#8217;application de l&#8217;article L. 1226-10 n&#8217;est pas subordonn\u00e9e \u00e0 la reconnaissance par la CPAM du lien de causalit\u00e9 entre l&#8217;accident du travail et l&#8217;inaptitude (<a href=\"https:\/\/www.courdecassation.fr\/decision\/6079bb1a9ba5988459c5701c\">Cour de cassation<\/a>).<\/p>\n<p>Cette solution est importante pour le salari\u00e9 dont la reconnaissance CPAM intervient apr\u00e8s le licenciement. Le juge prud&#8217;homal ne se contente pas de regarder la date de la d\u00e9cision de la caisse. Il examine les faits disponibles au moment de la rupture.<\/p>\n<p>La Cour de cassation l&#8217;a encore rappel\u00e9 dans un arr\u00eat du 11 juin 2025, n\u00b0 23-16.734. Elle a censur\u00e9 une cour d&#8217;appel qui avait raisonn\u00e9 par chronologie sans rechercher pr\u00e9cis\u00e9ment si l&#8217;inaptitude avait pour origine une maladie professionnelle et si l&#8217;employeur connaissait cette origine au moment du licenciement (<a href=\"https:\/\/www.courdecassation.fr\/decision\/684912bc73d71a3e1cc31e27\">Cour de cassation<\/a>).<\/p>\n<p>Le message pratique est simple : il ne suffit pas de produire une d\u00e9cision de la CPAM. Il faut rattacher cette d\u00e9cision \u00e0 l&#8217;inaptitude ayant fond\u00e9 le licenciement, puis d\u00e9montrer ce que l&#8217;employeur savait avant d&#8217;envoyer la lettre de rupture.<\/p>\n<h2>Ce qui peut d\u00e9montrer la connaissance de l&#8217;employeur<\/h2>\n<p>La connaissance de l&#8217;employeur se prouve par faisceau d&#8217;indices. Une seule pi\u00e8ce peut suffire dans certains dossiers, mais il est pr\u00e9f\u00e9rable de construire une chronologie compl\u00e8te.<\/p>\n<p>Les pi\u00e8ces utiles sont d&#8217;abord les arr\u00eats de travail. Un arr\u00eat mentionnant un accident du travail ou une maladie professionnelle, transmis \u00e0 l&#8217;employeur avant le licenciement, p\u00e8se dans l&#8217;analyse. Les certificats m\u00e9dicaux, les d\u00e9clarations d&#8217;accident, les courriers de la CPAM, les convocations \u00e0 expertise ou les \u00e9changes sur la d\u00e9claration de maladie professionnelle peuvent \u00e9galement \u00e9tablir que l&#8217;employeur ne d\u00e9couvrait pas le sujet apr\u00e8s coup.<\/p>\n<p>L&#8217;avis d&#8217;inaptitude compte aussi. Certains avis mentionnent une demande d&#8217;indemnit\u00e9 temporaire d&#8217;inaptitude ou un lien possible avec un accident du travail ou une maladie professionnelle. Cette mention ne r\u00e8gle pas tout, mais elle peut \u00eatre un indice.<\/p>\n<p>Les \u00e9changes internes ont souvent une valeur d\u00e9terminante. Un mail adress\u00e9 aux ressources humaines, une alerte au manager, une demande d&#8217;am\u00e9nagement de poste, un compte rendu du CSE, une fiche de poste d\u00e9crivant les gestes r\u00e9p\u00e9titifs, un rapport d&#8217;enqu\u00eate ou une d\u00e9claration de rechute peuvent montrer que l&#8217;employeur connaissait au moins le contexte professionnel de la pathologie.<\/p>\n<p>La lettre de licenciement doit \u00e9galement \u00eatre lue attentivement. Elle peut mentionner l&#8217;inaptitude, l&#8217;impossibilit\u00e9 de reclassement, l&#8217;avis du m\u00e9decin du travail ou les contraintes m\u00e9dicales. Elle ne mentionne pas toujours l&#8217;origine professionnelle. Cette absence n&#8217;est pas d\u00e9cisive, mais elle explique pourquoi le dossier doit \u00eatre compl\u00e9t\u00e9.<\/p>\n<h2>Ce que la reconnaissance CPAM change apr\u00e8s le licenciement<\/h2>\n<p>La d\u00e9cision de la CPAM peut changer la strat\u00e9gie. Elle peut renforcer le lien entre la pathologie et le travail, permettre de demander \u00e0 l&#8217;employeur une r\u00e9gularisation du solde de tout compte, puis justifier une action prud&#8217;homale si l&#8217;employeur refuse.<\/p>\n<p>Mais elle ne transforme pas automatiquement tous les licenciements en licenciements nuls ou sans cause r\u00e9elle et s\u00e9rieuse. La reconnaissance de la maladie professionnelle ouvre d&#8217;abord une discussion sur le r\u00e9gime applicable \u00e0 l&#8217;inaptitude et sur les indemnit\u00e9s dues. Pour obtenir davantage, il faut identifier un manquement pr\u00e9cis : absence de reclassement s\u00e9rieux, absence de consultation obligatoire, licenciement discriminatoire, manquement \u00e0 l&#8217;obligation de s\u00e9curit\u00e9 ayant provoqu\u00e9 l&#8217;inaptitude, ou erreur proc\u00e9durale ayant caus\u00e9 un pr\u00e9judice.<\/p>\n<p>Cette distinction \u00e9vite une demande mal calibr\u00e9e. Dans beaucoup de dossiers, la demande la plus solide n&#8217;est pas de tout remettre en cause. Elle consiste \u00e0 r\u00e9clamer le compl\u00e9ment d&#8217;indemnit\u00e9 sp\u00e9ciale de licenciement et l&#8217;indemnit\u00e9 \u00e9quivalente au pr\u00e9avis, puis \u00e0 ajouter les autres demandes seulement si les pi\u00e8ces les soutiennent.<\/p>\n<h2>Indemnit\u00e9 sp\u00e9ciale : comment raisonner sur le montant<\/h2>\n<p>Le calcul commence par l&#8217;indemnit\u00e9 l\u00e9gale de licenciement. En cas d&#8217;inaptitude d&#8217;origine professionnelle, l&#8217;indemnit\u00e9 sp\u00e9ciale est en principe \u00e9gale au double de cette indemnit\u00e9 l\u00e9gale, sauf convention collective plus favorable.<\/p>\n<p>Il faut donc v\u00e9rifier trois \u00e9l\u00e9ments.<\/p>\n<p>D&#8217;abord, l&#8217;anciennet\u00e9 exacte. Elle se calcule en tenant compte de la date d&#8217;entr\u00e9e, des \u00e9ventuelles reprises d&#8217;anciennet\u00e9, des p\u00e9riodes assimil\u00e9es et de la date de rupture.<\/p>\n<p>Ensuite, le salaire de r\u00e9f\u00e9rence. Selon les cas, il faut comparer la moyenne mensuelle des douze derniers mois et celle des trois derniers mois, en int\u00e9grant les primes pertinentes. Une erreur de salaire de r\u00e9f\u00e9rence peut r\u00e9duire fortement l&#8217;indemnit\u00e9.<\/p>\n<p>Enfin, les sommes d\u00e9j\u00e0 vers\u00e9es. Si l&#8217;employeur a vers\u00e9 une indemnit\u00e9 l\u00e9gale simple, la demande peut porter sur le compl\u00e9ment permettant d&#8217;atteindre l&#8217;indemnit\u00e9 sp\u00e9ciale. Si aucune indemnit\u00e9 n&#8217;a \u00e9t\u00e9 vers\u00e9e en raison d&#8217;une anciennet\u00e9 discut\u00e9e ou d&#8217;une faute invoqu\u00e9e \u00e0 tort, le calcul doit \u00eatre repris depuis le d\u00e9but.<\/p>\n<p>Il faut aussi v\u00e9rifier la convention collective. Certaines conventions pr\u00e9voient une indemnit\u00e9 conventionnelle plus favorable. Dans ce cas, la comparaison doit \u00eatre faite avec pr\u00e9cision, car le doublement l\u00e9gal ne s&#8217;applique pas m\u00e9caniquement \u00e0 toutes les indemnit\u00e9s conventionnelles de la m\u00eame mani\u00e8re. Le dossier doit donc chiffrer plusieurs hypoth\u00e8ses.<\/p>\n<h2>Pr\u00e9avis : attention \u00e0 la formulation<\/h2>\n<p>En cas de licenciement pour inaptitude, le salari\u00e9 n&#8217;ex\u00e9cute g\u00e9n\u00e9ralement pas son pr\u00e9avis, puisqu&#8217;il est d\u00e9clar\u00e9 inapte. En mati\u00e8re non professionnelle, l&#8217;indemnit\u00e9 compensatrice de pr\u00e9avis n&#8217;est en principe pas due, sauf situation particuli\u00e8re.<\/p>\n<p>En mati\u00e8re professionnelle, l&#8217;article L. 1226-14 pr\u00e9voit une indemnit\u00e9 compensatrice d&#8217;un montant \u00e9gal \u00e0 l&#8217;indemnit\u00e9 compensatrice de pr\u00e9avis. La nuance compte. Le salari\u00e9 r\u00e9clame une somme \u00e9quivalente au pr\u00e9avis en application du r\u00e9gime protecteur, m\u00eame s&#8217;il n&#8217;a pas mat\u00e9riellement travaill\u00e9 pendant cette p\u00e9riode.<\/p>\n<p>Il faut donc v\u00e9rifier la dur\u00e9e th\u00e9orique du pr\u00e9avis : un mois, deux mois, trois mois ou davantage selon le statut, l&#8217;anciennet\u00e9 et la convention collective. Il faut ensuite v\u00e9rifier si l&#8217;employeur a vers\u00e9 une somme comparable sous un autre intitul\u00e9. Le bulletin de paie de sortie et le re\u00e7u pour solde de tout compte doivent \u00eatre lus ligne par ligne.<\/p>\n<h2>Le solde de tout compte doit-il \u00eatre d\u00e9nonc\u00e9 ?<\/h2>\n<p>Oui, si le re\u00e7u a \u00e9t\u00e9 sign\u00e9 et si les sommes contest\u00e9es y figurent. L&#8217;article <a href=\"https:\/\/www.legifrance.gouv.fr\/codes\/article_lc\/LEGIARTI000019071122\">L. 1234-20 du Code du travail<\/a> pr\u00e9voit que le re\u00e7u pour solde de tout compte peut \u00eatre d\u00e9nonc\u00e9 dans les six mois suivant sa signature. Pass\u00e9 ce d\u00e9lai, il devient lib\u00e9ratoire pour l&#8217;employeur pour les sommes qui y sont mentionn\u00e9es.<\/p>\n<p>Dans un dossier de reconnaissance de maladie professionnelle apr\u00e8s licenciement, il faut donc agir vite. M\u00eame si la d\u00e9cision CPAM n&#8217;est pas encore rendue, le salari\u00e9 peut d\u00e9noncer le re\u00e7u en visant les chefs contest\u00e9s : indemnit\u00e9 sp\u00e9ciale, indemnit\u00e9 \u00e9quivalente au pr\u00e9avis, compl\u00e9ment d&#8217;indemnit\u00e9 de licenciement, r\u00e9gularisation du dernier bulletin.<\/p>\n<p>La d\u00e9nonciation doit \u00eatre \u00e9crite, dat\u00e9e, pr\u00e9cise et conserv\u00e9e. Une lettre recommand\u00e9e ou un courrier remis contre preuve \u00e9vite une discussion inutile. Il ne faut pas attendre passivement la CPAM si le d\u00e9lai de six mois court d\u00e9j\u00e0.<\/p>\n<p>Lorsque le re\u00e7u n&#8217;a pas \u00e9t\u00e9 sign\u00e9, l&#8217;effet lib\u00e9ratoire est diff\u00e9rent. Cela ne dispense pas de surveiller les prescriptions, mais cela retire \u00e0 l&#8217;employeur un argument fr\u00e9quent.<\/p>\n<h2>Quel d\u00e9lai pour saisir les prud&#8217;hommes ?<\/h2>\n<p>Les d\u00e9lais doivent \u00eatre v\u00e9rifi\u00e9s selon la nature des demandes. L&#8217;article <a href=\"https:\/\/www.legifrance.gouv.fr\/codes\/article_lc\/LEGIARTI000036762126\">L. 1471-1 du Code du travail<\/a> fixe notamment un d\u00e9lai de douze mois pour les actions portant sur la rupture du contrat de travail. Les demandes salariales ob\u00e9issent \u00e0 d&#8217;autres d\u00e9lais, notamment l&#8217;article <a href=\"https:\/\/www.legifrance.gouv.fr\/codes\/article_lc\/LEGIARTI000027566295\">L. 3245-1 du Code du travail<\/a> pour l&#8217;action en paiement du salaire.<\/p>\n<p>Le point sensible est la qualification de chaque demande. Un compl\u00e9ment d&#8217;indemnit\u00e9 de rupture, une contestation du licenciement, une demande de rappel de salaire ou une demande indemnitaire ne se traitent pas toujours de la m\u00eame fa\u00e7on. Il faut donc prot\u00e9ger les d\u00e9lais les plus courts.<\/p>\n<p>En pratique, lorsqu&#8217;une maladie professionnelle est reconnue apr\u00e8s un licenciement, il faut imm\u00e9diatement v\u00e9rifier la date d&#8217;envoi de la lettre de licenciement, la date de signature du solde de tout compte, la date de notification CPAM et les recours \u00e9ventuellement exerc\u00e9s contre la d\u00e9cision de la caisse.<\/p>\n<h2>Les cinq pi\u00e8ces \u00e0 r\u00e9unir avant d&#8217;agir<\/h2>\n<p>La premi\u00e8re pi\u00e8ce est l&#8217;avis d&#8217;inaptitude du m\u00e9decin du travail, avec les \u00e9ventuelles mentions relatives \u00e0 l&#8217;origine professionnelle ou \u00e0 l&#8217;indemnit\u00e9 temporaire d&#8217;inaptitude.<\/p>\n<p>La deuxi\u00e8me pi\u00e8ce est la lettre de licenciement. Elle fixe le motif de rupture et permet de v\u00e9rifier si l&#8217;employeur a retenu une inaptitude non professionnelle, une impossibilit\u00e9 de reclassement ou une dispense de reclassement.<\/p>\n<p>La troisi\u00e8me pi\u00e8ce est le dossier CPAM : d\u00e9claration de maladie professionnelle, accus\u00e9s de r\u00e9ception, d\u00e9cision de prise en charge, d\u00e9cision de refus, recours, notification \u00e0 l&#8217;employeur, certificats m\u00e9dicaux.<\/p>\n<p>La quatri\u00e8me pi\u00e8ce est le dossier paie : bulletins des douze derniers mois, solde de tout compte, re\u00e7u sign\u00e9 ou non sign\u00e9, dernier bulletin, preuve du virement.<\/p>\n<p>La cinqui\u00e8me pi\u00e8ce est la chronologie de connaissance de l&#8217;employeur : courriels, arr\u00eats de travail transmis, \u00e9changes avec les ressources humaines, demande d&#8217;am\u00e9nagement, fiches d&#8217;exposition, comptes rendus du CSE, \u00e9l\u00e9ments montrant que l&#8217;entreprise connaissait la pathologie ou son origine professionnelle avant la rupture.<\/p>\n<p>Sans cette chronologie, le dossier reste fragile. Avec elle, la demande devient lisible : l&#8217;inaptitude \u00e9tait li\u00e9e au travail, l&#8217;employeur le savait, les indemnit\u00e9s ont \u00e9t\u00e9 calcul\u00e9es comme si ce lien n&#8217;existait pas.<\/p>\n<h2>Et si le salari\u00e9 \u00e9tait prot\u00e9g\u00e9 ?<\/h2>\n<p>Lorsque le salari\u00e9 est repr\u00e9sentant du personnel ou b\u00e9n\u00e9ficie d&#8217;un statut protecteur, le licenciement a pu \u00eatre autoris\u00e9 par l&#8217;inspection du travail. Cela ne ferme pas n\u00e9cessairement la demande d&#8217;indemnit\u00e9 sp\u00e9ciale.<\/p>\n<p>Dans un arr\u00eat du 11 septembre 2019, n\u00b0 17-31.321, publi\u00e9 au Bulletin, la Cour de cassation a jug\u00e9 que le juge judiciaire reste comp\u00e9tent pour rechercher si l&#8217;inaptitude du salari\u00e9 prot\u00e9g\u00e9 avait une origine professionnelle et, dans l&#8217;affirmative, accorder les indemnit\u00e9s sp\u00e9ciales de l&#8217;article L. 1226-14 (<a href=\"https:\/\/www.courdecassation.fr\/decision\/5fca68387e4a3e51d6b96369\">Cour de cassation<\/a>).<\/p>\n<p>La nuance est importante. Le conseil de prud&#8217;hommes ne peut pas remettre en cause ce qui rel\u00e8ve de l&#8217;autorisation administrative de licenciement. En revanche, il peut encore statuer sur les droits financiers attach\u00e9s \u00e0 l&#8217;origine professionnelle de l&#8217;inaptitude.<\/p>\n<h2>Comment formuler la demande \u00e0 l&#8217;employeur<\/h2>\n<p>Avant de saisir le conseil de prud&#8217;hommes, une mise en demeure peut \u00eatre utile si le dossier est suffisamment document\u00e9. Elle doit \u00e9viter les formules g\u00e9n\u00e9rales. Il faut viser les textes, les dates et les sommes.<\/p>\n<p>Le courrier doit rappeler la date de l&#8217;avis d&#8217;inaptitude, la date du licenciement, la date de la d\u00e9cision CPAM ou les \u00e9l\u00e9ments \u00e9tablissant l&#8217;origine professionnelle, puis demander la r\u00e9gularisation du solde de tout compte.<\/p>\n<p>La demande peut porter sur le compl\u00e9ment d&#8217;indemnit\u00e9 sp\u00e9ciale de licenciement, l&#8217;indemnit\u00e9 \u00e9quivalente au pr\u00e9avis, les cong\u00e9s pay\u00e9s si une somme salariale distincte est due, la rectification du bulletin de paie et la remise d&#8217;une attestation France Travail rectifi\u00e9e si les montants d\u00e9clar\u00e9s sont erron\u00e9s.<\/p>\n<p>Si le re\u00e7u pour solde de tout compte a \u00e9t\u00e9 sign\u00e9, la mise en demeure doit aussi valoir d\u00e9nonciation lorsqu&#8217;elle intervient dans le d\u00e9lai de six mois. Il faut alors viser express\u00e9ment les sommes contest\u00e9es.<\/p>\n<h2>Quand saisir directement les prud&#8217;hommes<\/h2>\n<p>La saisine directe se justifie lorsque l&#8217;employeur refuse la r\u00e9gularisation, ne r\u00e9pond pas, conteste l&#8217;origine professionnelle malgr\u00e9 les pi\u00e8ces, ou lorsque les d\u00e9lais sont proches.<\/p>\n<p>Le dossier prud&#8217;homal doit \u00eatre chiffr\u00e9. Il ne suffit pas de demander &#8220;l&#8217;application du r\u00e9gime professionnel&#8221;. Il faut indiquer le salaire de r\u00e9f\u00e9rence, l&#8217;anciennet\u00e9, l&#8217;indemnit\u00e9 l\u00e9gale d\u00e9j\u00e0 vers\u00e9e, le compl\u00e9ment r\u00e9clam\u00e9, la dur\u00e9e du pr\u00e9avis th\u00e9orique et les pi\u00e8ces qui \u00e9tablissent la connaissance de l&#8217;employeur.<\/p>\n<p>Il faut aussi d\u00e9cider si la demande se limite aux indemnit\u00e9s sp\u00e9ciales ou si elle inclut une contestation plus large du licenciement. Cette d\u00e9cision d\u00e9pend de la qualit\u00e9 du reclassement, de la consultation du CSE, des postes disponibles, des \u00e9changes avec le m\u00e9decin du travail et des manquements \u00e9ventuels de l&#8217;employeur \u00e0 son obligation de s\u00e9curit\u00e9.<\/p>\n<p>Notre article sur le <a href=\"https:\/\/kohenavocats.com\/licenciement-inaptitude-obligation-reclassement-employeur-dispenses\/\">licenciement pour inaptitude et l&#8217;obligation de reclassement<\/a> d\u00e9taille ce second terrain. Le pr\u00e9sent article vise le cas plus \u00e9troit du salari\u00e9 qui d\u00e9couvre, apr\u00e8s la rupture, que son indemnisation aurait d\u00fb \u00eatre calcul\u00e9e comme une inaptitude d&#8217;origine professionnelle.<\/p>\n<h2>L&#8217;erreur \u00e0 \u00e9viter : attendre que tout soit termin\u00e9 c\u00f4t\u00e9 CPAM<\/h2>\n<p>Attendre peut co\u00fbter cher. La proc\u00e9dure CPAM et le contentieux prud&#8217;homal ne suivent pas toujours les m\u00eames calendriers. Le salari\u00e9 peut \u00eatre tent\u00e9 d&#8217;attendre la d\u00e9cision d\u00e9finitive de la caisse, puis de revenir vers l&#8217;employeur. Pendant ce temps, le d\u00e9lai de d\u00e9nonciation du solde de tout compte et le d\u00e9lai de contestation de la rupture peuvent courir.<\/p>\n<p>La bonne m\u00e9thode consiste \u00e0 prot\u00e9ger les d\u00e9lais, m\u00eame si certaines pi\u00e8ces arrivent plus tard. Il est possible d&#8217;envoyer une d\u00e9nonciation du re\u00e7u, de demander une r\u00e9gularisation, de conserver les preuves et d&#8217;\u00e9valuer l&#8217;opportunit\u00e9 d&#8217;une saisine prud&#8217;homale avant l&#8217;expiration du d\u00e9lai le plus court.<\/p>\n<p>Le salari\u00e9 doit aussi conserver les enveloppes, notifications et accus\u00e9s de r\u00e9ception. Dans ces dossiers, une date peut changer l&#8217;analyse.<\/p>\n<h2>Ce que le cabinet v\u00e9rifie en priorit\u00e9<\/h2>\n<p>Nous v\u00e9rifions d&#8217;abord si le sujet a un int\u00e9r\u00eat financier r\u00e9el : anciennet\u00e9, salaire de r\u00e9f\u00e9rence, indemnit\u00e9 d\u00e9j\u00e0 vers\u00e9e, dur\u00e9e de pr\u00e9avis, convention collective applicable.<\/p>\n<p>Nous v\u00e9rifions ensuite le point juridique d\u00e9cisif : l&#8217;employeur avait-il connaissance, avant le licenciement, d&#8217;une origine professionnelle au moins partielle de l&#8217;inaptitude ? Cette v\u00e9rification se fait \u00e0 partir des pi\u00e8ces, pas \u00e0 partir d&#8217;une impression g\u00e9n\u00e9rale.<\/p>\n<p>Nous v\u00e9rifions enfin la strat\u00e9gie proc\u00e9durale : mise en demeure, d\u00e9nonciation du solde de tout compte, saisine prud&#8217;homale, demandes accessoires, rectification des documents de fin de contrat, articulation avec la proc\u00e9dure CPAM.<\/p>\n<p>L&#8217;objectif est d&#8217;\u00e9viter deux exc\u00e8s. Le premier serait de renoncer parce que la reconnaissance CPAM est post\u00e9rieure au licenciement. Le second serait de contester tout le licenciement sans disposer des pi\u00e8ces n\u00e9cessaires.<\/p>\n<h2>Besoin d&#8217;un avis rapide sur votre dossier<\/h2>\n<p>Vous pouvez obtenir une consultation t\u00e9l\u00e9phonique sous 48 heures avec un avocat du cabinet.<\/p>\n<p>Nous v\u00e9rifions l&#8217;origine professionnelle de l&#8217;inaptitude, les indemnit\u00e9s dues, le solde de tout compte et l&#8217;opportunit\u00e9 d&#8217;une mise en demeure ou d&#8217;une saisine prud&#8217;homale.<\/p>\n<p>Contactez le cabinet au <a href=\"tel:+33689113445\">06 89 11 34 45<\/a> ou via notre <a href=\"https:\/\/kohenavocats.com\/contactez-nous\/\">page contact<\/a>.<\/p>\n","protected":false},"excerpt":{"rendered":"<p>Que faire si une maladie professionnelle est reconnue apr\u00e8s un licenciement pour inaptitude : indemnit\u00e9 sp\u00e9ciale, pr\u00e9avis, solde de tout compte et recours prud&#8217;homal.<\/p>\n","protected":false},"author":232070755,"featured_media":4874,"comment_status":"open","ping_status":"open","sticky":false,"template":"","format":"standard","meta":{"_crdt_document":"","_jetpack_newsletter_access":"","_jetpack_dont_email_post_to_subs":false,"_jetpack_newsletter_tier_id":0,"_jetpack_memberships_contains_paywalled_content":false,"_jetpack_memberships_contains_paid_content":false,"footnotes":"","jetpack_post_was_ever_published":false},"categories":[6995,6992],"tags":[],"class_list":["post-681042","post","type-post","status-publish","format-standard","has-post-thumbnail","hentry","category-decryptage","category-travail"],"yoast_head":"<!-- This site is optimized with the Yoast SEO Premium plugin v27.4 (Yoast SEO v27.4) - https:\/\/yoast.com\/product\/yoast-seo-premium-wordpress\/ -->\n<title>Reconnaissance de maladie professionnelle apr\u00e8s licenciement : indemnit\u00e9 sp\u00e9ciale, pr\u00e9avis et recours aux prud&#039;hommes - Ma\u00eetre Hassan Kohen, avocat en droit p\u00e9nal \u00e0 Paris<\/title>\n<meta name=\"robots\" content=\"index, follow, max-snippet:-1, max-image-preview:large, max-video-preview:-1\" \/>\n<link rel=\"canonical\" href=\"https:\/\/kohenavocats.com\/pt-pt\/reconnaissance-maladie-professionnelle-apres-licenciement-indemnites-recours-prudhommes\/\" \/>\n<meta property=\"og:locale\" content=\"pt_PT\" \/>\n<meta property=\"og:type\" content=\"article\" \/>\n<meta property=\"og:title\" content=\"Reconnaissance de maladie professionnelle apr\u00e8s licenciement : indemnit\u00e9 sp\u00e9ciale, pr\u00e9avis et recours aux prud&#039;hommes\" \/>\n<meta property=\"og:description\" content=\"Que faire si une maladie professionnelle est reconnue apr\u00e8s un licenciement pour inaptitude : indemnit\u00e9 sp\u00e9ciale, pr\u00e9avis, solde de tout compte et recours prud&#039;homal.\" \/>\n<meta property=\"og:url\" content=\"https:\/\/kohenavocats.com\/pt-pt\/reconnaissance-maladie-professionnelle-apres-licenciement-indemnites-recours-prudhommes\/\" \/>\n<meta property=\"og:site_name\" content=\"Ma\u00eetre Hassan Kohen, avocat en droit p\u00e9nal \u00e0 Paris\" \/>\n<meta property=\"article:published_time\" content=\"2026-04-25T12:23:22+00:00\" \/>\n<meta name=\"author\" content=\"Kohen\" \/>\n<meta name=\"twitter:card\" content=\"summary_large_image\" \/>\n<meta name=\"twitter:label1\" content=\"Escrito por\" \/>\n\t<meta name=\"twitter:data1\" content=\"Kohen\" \/>\n\t<meta name=\"twitter:label2\" content=\"Tempo estimado de leitura\" \/>\n\t<meta name=\"twitter:data2\" content=\"16 minutos\" \/>\n<script type=\"application\/ld+json\" class=\"yoast-schema-graph\">{\"@context\":\"https:\\\/\\\/schema.org\",\"@graph\":[{\"@type\":\"Article\",\"@id\":\"https:\\\/\\\/kohenavocats.com\\\/pt-pt\\\/reconnaissance-maladie-professionnelle-apres-licenciement-indemnites-recours-prudhommes\\\/#article\",\"isPartOf\":{\"@id\":\"https:\\\/\\\/kohenavocats.com\\\/pt-pt\\\/reconnaissance-maladie-professionnelle-apres-licenciement-indemnites-recours-prudhommes\\\/\"},\"author\":{\"name\":\"Kohen\",\"@id\":\"https:\\\/\\\/kohenavocats.com\\\/pt-pt\\\/#\\\/schema\\\/person\\\/761c9ba54fa1ca84d405cef0831ff751\"},\"headline\":\"Reconnaissance de maladie professionnelle apr\u00e8s licenciement : indemnit\u00e9 sp\u00e9ciale, pr\u00e9avis et recours aux prud&#8217;hommes\",\"datePublished\":\"2026-04-25T12:23:22+00:00\",\"mainEntityOfPage\":{\"@id\":\"https:\\\/\\\/kohenavocats.com\\\/pt-pt\\\/reconnaissance-maladie-professionnelle-apres-licenciement-indemnites-recours-prudhommes\\\/\"},\"wordCount\":3444,\"commentCount\":0,\"publisher\":{\"@id\":\"https:\\\/\\\/kohenavocats.com\\\/pt-pt\\\/#organization\"},\"image\":{\"@id\":\"https:\\\/\\\/kohenavocats.com\\\/pt-pt\\\/reconnaissance-maladie-professionnelle-apres-licenciement-indemnites-recours-prudhommes\\\/#primaryimage\"},\"thumbnailUrl\":\"https:\\\/\\\/kohenavocats.com\\\/wp-content\\\/uploads\\\/2024\\\/08\\\/asa-rodger-QTbiwll3e68-unsplash.webp\",\"articleSection\":[\"D\u00e9cryptage\",\"Travail\"],\"inLanguage\":\"pt-PT\",\"potentialAction\":[{\"@type\":\"CommentAction\",\"name\":\"Comment\",\"target\":[\"https:\\\/\\\/kohenavocats.com\\\/pt-pt\\\/reconnaissance-maladie-professionnelle-apres-licenciement-indemnites-recours-prudhommes\\\/#respond\"]}],\"citation\":\"Reconnaissance de maladie professionnelle apr\u00e8s licenciement : indemnit\u00e9 sp\u00e9ciale, pr\u00e9avis et recours aux prud&#8217;hommes\",\"about\":[{\"@type\":\"Thing\",\"name\":\"D\u00e9cryptage\"},{\"@type\":\"Thing\",\"name\":\"Travail\"}],\"dateModified\":\"2026-04-25T12:23:22+00:00\",\"speakable\":{\"@type\":\"SpeakableSpecification\",\"cssSelector\":[\".article-content > p:first-of-type\"]}},{\"@type\":\"WebPage\",\"@id\":\"https:\\\/\\\/kohenavocats.com\\\/pt-pt\\\/reconnaissance-maladie-professionnelle-apres-licenciement-indemnites-recours-prudhommes\\\/\",\"url\":\"https:\\\/\\\/kohenavocats.com\\\/pt-pt\\\/reconnaissance-maladie-professionnelle-apres-licenciement-indemnites-recours-prudhommes\\\/\",\"name\":\"Reconnaissance de maladie professionnelle apr\u00e8s licenciement : indemnit\u00e9 sp\u00e9ciale, pr\u00e9avis et recours aux prud'hommes - Ma\u00eetre Hassan Kohen, avocat en droit p\u00e9nal \u00e0 Paris\",\"isPartOf\":{\"@id\":\"https:\\\/\\\/kohenavocats.com\\\/pt-pt\\\/#website\"},\"primaryImageOfPage\":{\"@id\":\"https:\\\/\\\/kohenavocats.com\\\/pt-pt\\\/reconnaissance-maladie-professionnelle-apres-licenciement-indemnites-recours-prudhommes\\\/#primaryimage\"},\"image\":{\"@id\":\"https:\\\/\\\/kohenavocats.com\\\/pt-pt\\\/reconnaissance-maladie-professionnelle-apres-licenciement-indemnites-recours-prudhommes\\\/#primaryimage\"},\"thumbnailUrl\":\"https:\\\/\\\/kohenavocats.com\\\/wp-content\\\/uploads\\\/2024\\\/08\\\/asa-rodger-QTbiwll3e68-unsplash.webp\",\"datePublished\":\"2026-04-25T12:23:22+00:00\",\"breadcrumb\":{\"@id\":\"https:\\\/\\\/kohenavocats.com\\\/pt-pt\\\/reconnaissance-maladie-professionnelle-apres-licenciement-indemnites-recours-prudhommes\\\/#breadcrumb\"},\"inLanguage\":\"pt-PT\",\"potentialAction\":[{\"@type\":\"ReadAction\",\"target\":[\"https:\\\/\\\/kohenavocats.com\\\/pt-pt\\\/reconnaissance-maladie-professionnelle-apres-licenciement-indemnites-recours-prudhommes\\\/\"]}]},{\"@type\":\"ImageObject\",\"inLanguage\":\"pt-PT\",\"@id\":\"https:\\\/\\\/kohenavocats.com\\\/pt-pt\\\/reconnaissance-maladie-professionnelle-apres-licenciement-indemnites-recours-prudhommes\\\/#primaryimage\",\"url\":\"https:\\\/\\\/kohenavocats.com\\\/wp-content\\\/uploads\\\/2024\\\/08\\\/asa-rodger-QTbiwll3e68-unsplash.webp\",\"contentUrl\":\"https:\\\/\\\/kohenavocats.com\\\/wp-content\\\/uploads\\\/2024\\\/08\\\/asa-rodger-QTbiwll3e68-unsplash.webp\",\"width\":5172,\"height\":3448},{\"@type\":\"BreadcrumbList\",\"@id\":\"https:\\\/\\\/kohenavocats.com\\\/pt-pt\\\/reconnaissance-maladie-professionnelle-apres-licenciement-indemnites-recours-prudhommes\\\/#breadcrumb\",\"itemListElement\":[{\"@type\":\"ListItem\",\"position\":1,\"name\":\"Home\",\"item\":\"https:\\\/\\\/kohenavocats.com\\\/pt-pt\\\/avocats-en-droit-penal-a-paris-conseil-et-defense-strategique\\\/\"},{\"@type\":\"ListItem\",\"position\":2,\"name\":\"Reconnaissance de maladie professionnelle apr\u00e8s licenciement : indemnit\u00e9 sp\u00e9ciale, pr\u00e9avis et recours aux prud&rsquo;hommes\"}]},{\"@type\":\"WebSite\",\"@id\":\"https:\\\/\\\/kohenavocats.com\\\/pt-pt\\\/#website\",\"url\":\"https:\\\/\\\/kohenavocats.com\\\/pt-pt\\\/\",\"name\":\"Kohen Avocats\",\"description\":\"Ma\u00eetre Hassan Kohen, avocat p\u00e9naliste \u00e0 Paris, intervient exclusivement en droit p\u00e9nal pour la d\u00e9fense des particuliers, notamment en mati\u00e8re d\u2019accusations de viol. Il assure un accompagnement rigoureux d\u00e8s la garde \u00e0 vue jusqu\u2019\u00e0 la Cour d\u2019assises, veillant au strict respect des garanties proc\u00e9durales.\",\"publisher\":{\"@id\":\"https:\\\/\\\/kohenavocats.com\\\/pt-pt\\\/#organization\"},\"potentialAction\":[{\"@type\":\"SearchAction\",\"target\":{\"@type\":\"EntryPoint\",\"urlTemplate\":\"https:\\\/\\\/kohenavocats.com\\\/pt-pt\\\/?s={search_term_string}\"},\"query-input\":{\"@type\":\"PropertyValueSpecification\",\"valueRequired\":true,\"valueName\":\"search_term_string\"}}],\"inLanguage\":\"pt-PT\"},{\"@type\":\"Organization\",\"@id\":\"https:\\\/\\\/kohenavocats.com\\\/pt-pt\\\/#organization\",\"name\":\"Kohen Avocats\",\"url\":\"https:\\\/\\\/kohenavocats.com\\\/pt-pt\\\/\",\"logo\":{\"@type\":\"ImageObject\",\"inLanguage\":\"pt-PT\",\"@id\":\"https:\\\/\\\/kohenavocats.com\\\/pt-pt\\\/#\\\/schema\\\/logo\\\/image\\\/\",\"url\":\"https:\\\/\\\/kohenavocats.com\\\/wp-content\\\/uploads\\\/2026\\\/01\\\/Logo-2-1.webp\",\"contentUrl\":\"https:\\\/\\\/kohenavocats.com\\\/wp-content\\\/uploads\\\/2026\\\/01\\\/Logo-2-1.webp\",\"width\":2114,\"height\":1253,\"caption\":\"Kohen Avocats\"},\"image\":{\"@id\":\"https:\\\/\\\/kohenavocats.com\\\/pt-pt\\\/#\\\/schema\\\/logo\\\/image\\\/\"}},{\"@type\":\"Person\",\"@id\":\"https:\\\/\\\/kohenavocats.com\\\/pt-pt\\\/#\\\/schema\\\/person\\\/761c9ba54fa1ca84d405cef0831ff751\",\"name\":\"Kohen\",\"image\":{\"@type\":\"ImageObject\",\"inLanguage\":\"pt-PT\",\"@id\":\"https:\\\/\\\/secure.gravatar.com\\\/avatar\\\/1c5e76ef76bbbfdd2b4da984e2bf2fa4056fd51a27d25ce2c332047f1dfd6e00?s=96&d=identicon&r=g\",\"url\":\"https:\\\/\\\/secure.gravatar.com\\\/avatar\\\/1c5e76ef76bbbfdd2b4da984e2bf2fa4056fd51a27d25ce2c332047f1dfd6e00?s=96&d=identicon&r=g\",\"contentUrl\":\"https:\\\/\\\/secure.gravatar.com\\\/avatar\\\/1c5e76ef76bbbfdd2b4da984e2bf2fa4056fd51a27d25ce2c332047f1dfd6e00?s=96&d=identicon&r=g\",\"caption\":\"Kohen\"},\"sameAs\":[\"https:\\\/\\\/www.linkedin.com\\\/in\\\/hassan-kohen-448548192\\\/\",\"https:\\\/\\\/www.youtube.com\\\/@Kohen-Avocats\"],\"url\":\"https:\\\/\\\/kohenavocats.com\\\/pt-pt\\\/author\\\/kohenmlk\\\/\"}]}<\/script>\n<!-- \/ Yoast SEO Premium plugin. -->","yoast_head_json":{"title":"Reconnaissance de maladie professionnelle apr\u00e8s licenciement : indemnit\u00e9 sp\u00e9ciale, pr\u00e9avis et recours aux prud'hommes - Ma\u00eetre Hassan Kohen, avocat en droit p\u00e9nal \u00e0 Paris","robots":{"index":"index","follow":"follow","max-snippet":"max-snippet:-1","max-image-preview":"max-image-preview:large","max-video-preview":"max-video-preview:-1"},"canonical":"https:\/\/kohenavocats.com\/pt-pt\/reconnaissance-maladie-professionnelle-apres-licenciement-indemnites-recours-prudhommes\/","og_locale":"pt_PT","og_type":"article","og_title":"Reconnaissance de maladie professionnelle apr\u00e8s licenciement : indemnit\u00e9 sp\u00e9ciale, pr\u00e9avis et recours aux prud'hommes","og_description":"Que faire si une maladie professionnelle est reconnue apr\u00e8s un licenciement pour inaptitude : indemnit\u00e9 sp\u00e9ciale, pr\u00e9avis, solde de tout compte et recours prud'homal.","og_url":"https:\/\/kohenavocats.com\/pt-pt\/reconnaissance-maladie-professionnelle-apres-licenciement-indemnites-recours-prudhommes\/","og_site_name":"Ma\u00eetre Hassan Kohen, avocat en droit p\u00e9nal \u00e0 Paris","article_published_time":"2026-04-25T12:23:22+00:00","author":"Kohen","twitter_card":"summary_large_image","twitter_misc":{"Escrito por":"Kohen","Tempo estimado de leitura":"16 minutos"},"schema":{"@context":"https:\/\/schema.org","@graph":[{"@type":"Article","@id":"https:\/\/kohenavocats.com\/pt-pt\/reconnaissance-maladie-professionnelle-apres-licenciement-indemnites-recours-prudhommes\/#article","isPartOf":{"@id":"https:\/\/kohenavocats.com\/pt-pt\/reconnaissance-maladie-professionnelle-apres-licenciement-indemnites-recours-prudhommes\/"},"author":{"name":"Kohen","@id":"https:\/\/kohenavocats.com\/pt-pt\/#\/schema\/person\/761c9ba54fa1ca84d405cef0831ff751"},"headline":"Reconnaissance de maladie professionnelle apr\u00e8s licenciement : indemnit\u00e9 sp\u00e9ciale, pr\u00e9avis et recours aux prud&#8217;hommes","datePublished":"2026-04-25T12:23:22+00:00","mainEntityOfPage":{"@id":"https:\/\/kohenavocats.com\/pt-pt\/reconnaissance-maladie-professionnelle-apres-licenciement-indemnites-recours-prudhommes\/"},"wordCount":3444,"commentCount":0,"publisher":{"@id":"https:\/\/kohenavocats.com\/pt-pt\/#organization"},"image":{"@id":"https:\/\/kohenavocats.com\/pt-pt\/reconnaissance-maladie-professionnelle-apres-licenciement-indemnites-recours-prudhommes\/#primaryimage"},"thumbnailUrl":"https:\/\/kohenavocats.com\/wp-content\/uploads\/2024\/08\/asa-rodger-QTbiwll3e68-unsplash.webp","articleSection":["D\u00e9cryptage","Travail"],"inLanguage":"pt-PT","potentialAction":[{"@type":"CommentAction","name":"Comment","target":["https:\/\/kohenavocats.com\/pt-pt\/reconnaissance-maladie-professionnelle-apres-licenciement-indemnites-recours-prudhommes\/#respond"]}],"citation":"Reconnaissance de maladie professionnelle apr\u00e8s licenciement : indemnit\u00e9 sp\u00e9ciale, pr\u00e9avis et recours aux prud&#8217;hommes","about":[{"@type":"Thing","name":"D\u00e9cryptage"},{"@type":"Thing","name":"Travail"}],"dateModified":"2026-04-25T12:23:22+00:00","speakable":{"@type":"SpeakableSpecification","cssSelector":[".article-content > p:first-of-type"]}},{"@type":"WebPage","@id":"https:\/\/kohenavocats.com\/pt-pt\/reconnaissance-maladie-professionnelle-apres-licenciement-indemnites-recours-prudhommes\/","url":"https:\/\/kohenavocats.com\/pt-pt\/reconnaissance-maladie-professionnelle-apres-licenciement-indemnites-recours-prudhommes\/","name":"Reconnaissance de maladie professionnelle apr\u00e8s licenciement : indemnit\u00e9 sp\u00e9ciale, pr\u00e9avis et recours aux prud'hommes - Ma\u00eetre Hassan Kohen, avocat en droit p\u00e9nal \u00e0 Paris","isPartOf":{"@id":"https:\/\/kohenavocats.com\/pt-pt\/#website"},"primaryImageOfPage":{"@id":"https:\/\/kohenavocats.com\/pt-pt\/reconnaissance-maladie-professionnelle-apres-licenciement-indemnites-recours-prudhommes\/#primaryimage"},"image":{"@id":"https:\/\/kohenavocats.com\/pt-pt\/reconnaissance-maladie-professionnelle-apres-licenciement-indemnites-recours-prudhommes\/#primaryimage"},"thumbnailUrl":"https:\/\/kohenavocats.com\/wp-content\/uploads\/2024\/08\/asa-rodger-QTbiwll3e68-unsplash.webp","datePublished":"2026-04-25T12:23:22+00:00","breadcrumb":{"@id":"https:\/\/kohenavocats.com\/pt-pt\/reconnaissance-maladie-professionnelle-apres-licenciement-indemnites-recours-prudhommes\/#breadcrumb"},"inLanguage":"pt-PT","potentialAction":[{"@type":"ReadAction","target":["https:\/\/kohenavocats.com\/pt-pt\/reconnaissance-maladie-professionnelle-apres-licenciement-indemnites-recours-prudhommes\/"]}]},{"@type":"ImageObject","inLanguage":"pt-PT","@id":"https:\/\/kohenavocats.com\/pt-pt\/reconnaissance-maladie-professionnelle-apres-licenciement-indemnites-recours-prudhommes\/#primaryimage","url":"https:\/\/kohenavocats.com\/wp-content\/uploads\/2024\/08\/asa-rodger-QTbiwll3e68-unsplash.webp","contentUrl":"https:\/\/kohenavocats.com\/wp-content\/uploads\/2024\/08\/asa-rodger-QTbiwll3e68-unsplash.webp","width":5172,"height":3448},{"@type":"BreadcrumbList","@id":"https:\/\/kohenavocats.com\/pt-pt\/reconnaissance-maladie-professionnelle-apres-licenciement-indemnites-recours-prudhommes\/#breadcrumb","itemListElement":[{"@type":"ListItem","position":1,"name":"Home","item":"https:\/\/kohenavocats.com\/pt-pt\/avocats-en-droit-penal-a-paris-conseil-et-defense-strategique\/"},{"@type":"ListItem","position":2,"name":"Reconnaissance de maladie professionnelle apr\u00e8s licenciement : indemnit\u00e9 sp\u00e9ciale, pr\u00e9avis et recours aux prud&rsquo;hommes"}]},{"@type":"WebSite","@id":"https:\/\/kohenavocats.com\/pt-pt\/#website","url":"https:\/\/kohenavocats.com\/pt-pt\/","name":"Kohen Avocats","description":"Ma\u00eetre Hassan Kohen, avocat p\u00e9naliste \u00e0 Paris, intervient exclusivement en droit p\u00e9nal pour la d\u00e9fense des particuliers, notamment en mati\u00e8re d\u2019accusations de viol. Il assure un accompagnement rigoureux d\u00e8s la garde \u00e0 vue jusqu\u2019\u00e0 la Cour d\u2019assises, veillant au strict respect des garanties proc\u00e9durales.","publisher":{"@id":"https:\/\/kohenavocats.com\/pt-pt\/#organization"},"potentialAction":[{"@type":"SearchAction","target":{"@type":"EntryPoint","urlTemplate":"https:\/\/kohenavocats.com\/pt-pt\/?s={search_term_string}"},"query-input":{"@type":"PropertyValueSpecification","valueRequired":true,"valueName":"search_term_string"}}],"inLanguage":"pt-PT"},{"@type":"Organization","@id":"https:\/\/kohenavocats.com\/pt-pt\/#organization","name":"Kohen Avocats","url":"https:\/\/kohenavocats.com\/pt-pt\/","logo":{"@type":"ImageObject","inLanguage":"pt-PT","@id":"https:\/\/kohenavocats.com\/pt-pt\/#\/schema\/logo\/image\/","url":"https:\/\/kohenavocats.com\/wp-content\/uploads\/2026\/01\/Logo-2-1.webp","contentUrl":"https:\/\/kohenavocats.com\/wp-content\/uploads\/2026\/01\/Logo-2-1.webp","width":2114,"height":1253,"caption":"Kohen Avocats"},"image":{"@id":"https:\/\/kohenavocats.com\/pt-pt\/#\/schema\/logo\/image\/"}},{"@type":"Person","@id":"https:\/\/kohenavocats.com\/pt-pt\/#\/schema\/person\/761c9ba54fa1ca84d405cef0831ff751","name":"Kohen","image":{"@type":"ImageObject","inLanguage":"pt-PT","@id":"https:\/\/secure.gravatar.com\/avatar\/1c5e76ef76bbbfdd2b4da984e2bf2fa4056fd51a27d25ce2c332047f1dfd6e00?s=96&d=identicon&r=g","url":"https:\/\/secure.gravatar.com\/avatar\/1c5e76ef76bbbfdd2b4da984e2bf2fa4056fd51a27d25ce2c332047f1dfd6e00?s=96&d=identicon&r=g","contentUrl":"https:\/\/secure.gravatar.com\/avatar\/1c5e76ef76bbbfdd2b4da984e2bf2fa4056fd51a27d25ce2c332047f1dfd6e00?s=96&d=identicon&r=g","caption":"Kohen"},"sameAs":["https:\/\/www.linkedin.com\/in\/hassan-kohen-448548192\/","https:\/\/www.youtube.com\/@Kohen-Avocats"],"url":"https:\/\/kohenavocats.com\/pt-pt\/author\/kohenmlk\/"}]}},"jetpack_featured_media_url":"https:\/\/kohenavocats.com\/wp-content\/uploads\/2024\/08\/asa-rodger-QTbiwll3e68-unsplash.webp","jetpack_likes_enabled":false,"jetpack_shortlink":"https:\/\/wp.me\/peCrII-2Ray","jetpack-related-posts":[{"id":231071,"url":"https:\/\/kohenavocats.com\/pt-pt\/cour-dappel-de-amiens-le-20-aout-2025-n24-02593\/","url_meta":{"origin":681042,"position":0},"title":"Cour d&#8217;appel de Amiens, le 20 ao\u00fbt 2025, n\u00b024\/02593","author":"Kohen","date":"27 de Dezembro, 2025","format":false,"excerpt":"L\u2019arr\u00eat rendu par la Cour d\u2019appel d\u2019Amiens le 20 ao\u00fbt 2025 illustre les difficult\u00e9s contentieuses li\u00e9es au licenciement pour inaptitude lorsque son origine professionnelle est contest\u00e9e. Une salari\u00e9e, embauch\u00e9e en qualit\u00e9 de contr\u00f4leur dimensionnel apr\u00e8s plusieurs ann\u00e9es d\u2019int\u00e9rim, avait \u00e9t\u00e9 d\u00e9clar\u00e9e inapte \u00e0 son poste par le m\u00e9decin du travail.\u2026","rel":"","context":"In &quot;Cour d'appel&quot;","block_context":{"text":"Cour d'appel","link":"https:\/\/kohenavocats.com\/category\/cour-dappel\/"},"img":{"alt_text":"","src":"https:\/\/i0.wp.com\/kohenavocats.com\/wp-content\/uploads\/2024\/08\/diane-picchiottino-wQiJxPvRk5U-unsplash.webp?resize=350%2C200&ssl=1","width":350,"height":200,"srcset":"https:\/\/i0.wp.com\/kohenavocats.com\/wp-content\/uploads\/2024\/08\/diane-picchiottino-wQiJxPvRk5U-unsplash.webp?resize=350%2C200&ssl=1 1x, https:\/\/i0.wp.com\/kohenavocats.com\/wp-content\/uploads\/2024\/08\/diane-picchiottino-wQiJxPvRk5U-unsplash.webp?resize=525%2C300&ssl=1 1.5x, https:\/\/i0.wp.com\/kohenavocats.com\/wp-content\/uploads\/2024\/08\/diane-picchiottino-wQiJxPvRk5U-unsplash.webp?resize=700%2C400&ssl=1 2x, https:\/\/i0.wp.com\/kohenavocats.com\/wp-content\/uploads\/2024\/08\/diane-picchiottino-wQiJxPvRk5U-unsplash.webp?resize=1050%2C600&ssl=1 3x, https:\/\/i0.wp.com\/kohenavocats.com\/wp-content\/uploads\/2024\/08\/diane-picchiottino-wQiJxPvRk5U-unsplash.webp?resize=1400%2C800&ssl=1 4x"},"classes":[]},{"id":662979,"url":"https:\/\/kohenavocats.com\/pt-pt\/licenciement-inaptitude-non-professionnelle-indemnite-preavis-solde-tout-compte\/","url_meta":{"origin":681042,"position":1},"title":"Licenciement pour inaptitude non professionnelle : quelle indemnit\u00e9, quel pr\u00e9avis et que v\u00e9rifier sur le solde de tout compte ?","author":"Kohen","date":"23 de Abril, 2026","format":false,"excerpt":"Inaptitude non professionnelle : indemnit\u00e9 l\u00e9gale ou conventionnelle, pas d'indemnit\u00e9 compensatrice de pr\u00e9avis en principe, anciennet\u00e9 augment\u00e9e, cong\u00e9s pay\u00e9s, solde de tout compte et recours.","rel":"","context":"In &quot;D\u00e9cryptage&quot;","block_context":{"text":"D\u00e9cryptage","link":"https:\/\/kohenavocats.com\/category\/decryptage\/"},"img":{"alt_text":"","src":"https:\/\/i0.wp.com\/kohenavocats.com\/wp-content\/uploads\/2024\/08\/clement-dellandrea-2racULxVpbw-unsplash.webp?resize=350%2C200&ssl=1","width":350,"height":200,"srcset":"https:\/\/i0.wp.com\/kohenavocats.com\/wp-content\/uploads\/2024\/08\/clement-dellandrea-2racULxVpbw-unsplash.webp?resize=350%2C200&ssl=1 1x, https:\/\/i0.wp.com\/kohenavocats.com\/wp-content\/uploads\/2024\/08\/clement-dellandrea-2racULxVpbw-unsplash.webp?resize=525%2C300&ssl=1 1.5x, https:\/\/i0.wp.com\/kohenavocats.com\/wp-content\/uploads\/2024\/08\/clement-dellandrea-2racULxVpbw-unsplash.webp?resize=700%2C400&ssl=1 2x, https:\/\/i0.wp.com\/kohenavocats.com\/wp-content\/uploads\/2024\/08\/clement-dellandrea-2racULxVpbw-unsplash.webp?resize=1050%2C600&ssl=1 3x, https:\/\/i0.wp.com\/kohenavocats.com\/wp-content\/uploads\/2024\/08\/clement-dellandrea-2racULxVpbw-unsplash.webp?resize=1400%2C800&ssl=1 4x"},"classes":[]},{"id":38967,"url":"https:\/\/kohenavocats.com\/pt-pt\/cour-dappel-de-toulouse-le-12-septembre-2025-n23-03577\/","url_meta":{"origin":681042,"position":2},"title":"Cour d&#8217;appel de Toulouse, le 12 septembre 2025, n\u00b023\/03577","author":"Kohen","date":"6 de Novembro, 2025","format":false,"excerpt":"La Cour d\u2019appel de Toulouse, 12 septembre 2025, statue sur l\u2019articulation entre l\u2019origine professionnelle d\u2019une inaptitude et l\u2019\u00e9tendue du devoir de reclassement. Un salari\u00e9 de la m\u00e9tallurgie, requalifi\u00e9 en 2019 sur un poste d\u2019\u00e9tudes, a \u00e9t\u00e9 arr\u00eat\u00e9, puis d\u00e9clar\u00e9 inapte fin octobre 2020. L\u2019employeur a annonc\u00e9 l\u2019impossibilit\u00e9 de reclassement en\u2026","rel":"","context":"In &quot;Cour d'appel&quot;","block_context":{"text":"Cour d'appel","link":"https:\/\/kohenavocats.com\/category\/cour-dappel\/"},"img":{"alt_text":"","src":"https:\/\/i0.wp.com\/kohenavocats.com\/wp-content\/uploads\/2024\/07\/daniel-roe-2OqFyMN7R_E-unsplash.webp?resize=350%2C200&ssl=1","width":350,"height":200,"srcset":"https:\/\/i0.wp.com\/kohenavocats.com\/wp-content\/uploads\/2024\/07\/daniel-roe-2OqFyMN7R_E-unsplash.webp?resize=350%2C200&ssl=1 1x, https:\/\/i0.wp.com\/kohenavocats.com\/wp-content\/uploads\/2024\/07\/daniel-roe-2OqFyMN7R_E-unsplash.webp?resize=525%2C300&ssl=1 1.5x, https:\/\/i0.wp.com\/kohenavocats.com\/wp-content\/uploads\/2024\/07\/daniel-roe-2OqFyMN7R_E-unsplash.webp?resize=700%2C400&ssl=1 2x, https:\/\/i0.wp.com\/kohenavocats.com\/wp-content\/uploads\/2024\/07\/daniel-roe-2OqFyMN7R_E-unsplash.webp?resize=1050%2C600&ssl=1 3x, https:\/\/i0.wp.com\/kohenavocats.com\/wp-content\/uploads\/2024\/07\/daniel-roe-2OqFyMN7R_E-unsplash.webp?resize=1400%2C800&ssl=1 4x"},"classes":[]},{"id":39355,"url":"https:\/\/kohenavocats.com\/pt-pt\/cour-dappel-de-aix-en-provence-le-4-juillet-2025-n21-07785\/","url_meta":{"origin":681042,"position":3},"title":"Cour d&#8217;appel de Aix-en-Provence, le 4 juillet 2025, n\u00b021\/07785","author":"Kohen","date":"6 de Novembro, 2025","format":false,"excerpt":"La Cour d'appel d'Aix-en-Provence, 4 juillet 2025, se prononce sur un licenciement pour inaptitude faisant suite \u00e0 un accident d\u00e9clar\u00e9 au travail. La salari\u00e9e, engag\u00e9e en 2018 \u00e0 temps partiel comme aide \u00e0 domicile, a d\u00e9clar\u00e9 un accident d\u00e9but 2019. Le m\u00e9decin du travail l'a ensuite d\u00e9clar\u00e9e inapte au poste\u2026","rel":"","context":"In &quot;Cour d'appel&quot;","block_context":{"text":"Cour d'appel","link":"https:\/\/kohenavocats.com\/category\/cour-dappel\/"},"img":{"alt_text":"","src":"https:\/\/i0.wp.com\/kohenavocats.com\/wp-content\/uploads\/2024\/11\/arnaud-mariat-ilqys8HnQak-unsplash.webp?resize=350%2C200&ssl=1","width":350,"height":200,"srcset":"https:\/\/i0.wp.com\/kohenavocats.com\/wp-content\/uploads\/2024\/11\/arnaud-mariat-ilqys8HnQak-unsplash.webp?resize=350%2C200&ssl=1 1x, https:\/\/i0.wp.com\/kohenavocats.com\/wp-content\/uploads\/2024\/11\/arnaud-mariat-ilqys8HnQak-unsplash.webp?resize=525%2C300&ssl=1 1.5x, https:\/\/i0.wp.com\/kohenavocats.com\/wp-content\/uploads\/2024\/11\/arnaud-mariat-ilqys8HnQak-unsplash.webp?resize=700%2C400&ssl=1 2x, https:\/\/i0.wp.com\/kohenavocats.com\/wp-content\/uploads\/2024\/11\/arnaud-mariat-ilqys8HnQak-unsplash.webp?resize=1050%2C600&ssl=1 3x, https:\/\/i0.wp.com\/kohenavocats.com\/wp-content\/uploads\/2024\/11\/arnaud-mariat-ilqys8HnQak-unsplash.webp?resize=1400%2C800&ssl=1 4x"},"classes":[]},{"id":241981,"url":"https:\/\/kohenavocats.com\/pt-pt\/cour-dappel-de-amiens-le-26-juin-2025-n24-04007\/","url_meta":{"origin":681042,"position":4},"title":"Cour d&#8217;appel de Amiens, le 26 juin 2025, n\u00b024\/04007","author":"Kohen","date":"3 de Janeiro, 2026","format":false,"excerpt":"Cour d\u2019appel d\u2019Amiens (5e chambre prud\u2019homale), 26 juin 2025, n\u00b0 RG 24\/04007. L\u2019arr\u00eat tranche un litige prud\u2019homal opposant un salari\u00e9 \u00e0 son ancien employeur, apr\u00e8s licenciement pour inaptitude prononc\u00e9 le 21 novembre 2023. Le contrat, initialement \u00e0 dur\u00e9e d\u00e9termin\u00e9e puis \u00e0 dur\u00e9e ind\u00e9termin\u00e9e, relevait de la convention collective des ouvriers\u2026","rel":"","context":"In &quot;Cour d'appel&quot;","block_context":{"text":"Cour d'appel","link":"https:\/\/kohenavocats.com\/category\/cour-dappel\/"},"img":{"alt_text":"","src":"https:\/\/i0.wp.com\/kohenavocats.com\/wp-content\/uploads\/2024\/08\/wander-fleur-8ZoE26ywFFM-unsplash.webp?resize=350%2C200&ssl=1","width":350,"height":200,"srcset":"https:\/\/i0.wp.com\/kohenavocats.com\/wp-content\/uploads\/2024\/08\/wander-fleur-8ZoE26ywFFM-unsplash.webp?resize=350%2C200&ssl=1 1x, https:\/\/i0.wp.com\/kohenavocats.com\/wp-content\/uploads\/2024\/08\/wander-fleur-8ZoE26ywFFM-unsplash.webp?resize=525%2C300&ssl=1 1.5x, https:\/\/i0.wp.com\/kohenavocats.com\/wp-content\/uploads\/2024\/08\/wander-fleur-8ZoE26ywFFM-unsplash.webp?resize=700%2C400&ssl=1 2x, https:\/\/i0.wp.com\/kohenavocats.com\/wp-content\/uploads\/2024\/08\/wander-fleur-8ZoE26ywFFM-unsplash.webp?resize=1050%2C600&ssl=1 3x, https:\/\/i0.wp.com\/kohenavocats.com\/wp-content\/uploads\/2024\/08\/wander-fleur-8ZoE26ywFFM-unsplash.webp?resize=1400%2C800&ssl=1 4x"},"classes":[]},{"id":689110,"url":"https:\/\/kohenavocats.com\/pt-pt\/refus-poste-reclassement-inaptitude-salarie-abusif-indemnites-jurisprudence\/","url_meta":{"origin":681042,"position":5},"title":"Refus du poste de reclassement apr\u00e8s inaptitude : que peut refuser le salari\u00e9 sans perdre ses indemnit\u00e9s sp\u00e9ciales ?","author":"Kohen","date":"26 de Abril, 2026","format":false,"excerpt":"Refus de reclassement apr\u00e8s inaptitude : la jurisprudence 2024-2026 d\u00e9limite refus l\u00e9gitime et refus abusif. Indemnit\u00e9s L. 1226-14, modification du contrat, recours prud'hommes.","rel":"","context":"In &quot;D\u00e9cryptage&quot;","block_context":{"text":"D\u00e9cryptage","link":"https:\/\/kohenavocats.com\/category\/decryptage\/"},"img":{"alt_text":"","src":"https:\/\/i0.wp.com\/kohenavocats.com\/wp-content\/uploads\/2024\/11\/toa-heftiba-BUG3Exlsdko-unsplash.webp?resize=350%2C200&ssl=1","width":350,"height":200,"srcset":"https:\/\/i0.wp.com\/kohenavocats.com\/wp-content\/uploads\/2024\/11\/toa-heftiba-BUG3Exlsdko-unsplash.webp?resize=350%2C200&ssl=1 1x, https:\/\/i0.wp.com\/kohenavocats.com\/wp-content\/uploads\/2024\/11\/toa-heftiba-BUG3Exlsdko-unsplash.webp?resize=525%2C300&ssl=1 1.5x, https:\/\/i0.wp.com\/kohenavocats.com\/wp-content\/uploads\/2024\/11\/toa-heftiba-BUG3Exlsdko-unsplash.webp?resize=700%2C400&ssl=1 2x, https:\/\/i0.wp.com\/kohenavocats.com\/wp-content\/uploads\/2024\/11\/toa-heftiba-BUG3Exlsdko-unsplash.webp?resize=1050%2C600&ssl=1 3x, https:\/\/i0.wp.com\/kohenavocats.com\/wp-content\/uploads\/2024\/11\/toa-heftiba-BUG3Exlsdko-unsplash.webp?resize=1400%2C800&ssl=1 4x"},"classes":[]}],"jetpack_sharing_enabled":true,"_links":{"self":[{"href":"https:\/\/kohenavocats.com\/pt-pt\/wp-json\/wp\/v2\/posts\/681042","targetHints":{"allow":["GET"]}}],"collection":[{"href":"https:\/\/kohenavocats.com\/pt-pt\/wp-json\/wp\/v2\/posts"}],"about":[{"href":"https:\/\/kohenavocats.com\/pt-pt\/wp-json\/wp\/v2\/types\/post"}],"author":[{"embeddable":true,"href":"https:\/\/kohenavocats.com\/pt-pt\/wp-json\/wp\/v2\/users\/232070755"}],"replies":[{"embeddable":true,"href":"https:\/\/kohenavocats.com\/pt-pt\/wp-json\/wp\/v2\/comments?post=681042"}],"version-history":[{"count":0,"href":"https:\/\/kohenavocats.com\/pt-pt\/wp-json\/wp\/v2\/posts\/681042\/revisions"}],"wp:featuredmedia":[{"embeddable":true,"href":"https:\/\/kohenavocats.com\/pt-pt\/wp-json\/wp\/v2\/media\/4874"}],"wp:attachment":[{"href":"https:\/\/kohenavocats.com\/pt-pt\/wp-json\/wp\/v2\/media?parent=681042"}],"wp:term":[{"taxonomy":"category","embeddable":true,"href":"https:\/\/kohenavocats.com\/pt-pt\/wp-json\/wp\/v2\/categories?post=681042"},{"taxonomy":"post_tag","embeddable":true,"href":"https:\/\/kohenavocats.com\/pt-pt\/wp-json\/wp\/v2\/tags?post=681042"}],"curies":[{"name":"wp","href":"https:\/\/api.w.org\/{rel}","templated":true}]}}