{"id":684149,"date":"2026-04-25T19:22:18","date_gmt":"2026-04-25T17:22:18","guid":{"rendered":"https:\/\/kohenavocats.com\/cour-dappel-de-nancy-le-2-juillet-2025-n24-02673\/"},"modified":"2026-04-25T19:22:18","modified_gmt":"2026-04-25T17:22:18","slug":"cour-dappel-de-nancy-le-2-juillet-2025-n24-02673","status":"publish","type":"post","link":"https:\/\/kohenavocats.com\/pt-pt\/cour-dappel-de-nancy-le-2-juillet-2025-n24-02673\/","title":{"rendered":"Cour d&#8217;appel de Nancy, le 2 juillet 2025, n\u00b024\/02673"},"content":{"rendered":"<div class=\"article-content\">\n<p>Par un arr\u00eat du 2 juillet 2025, la Cour d&#8217;appel de Nancy statue sur la nullit\u00e9 d&#8217;une assignation et sur la comp\u00e9tence mat\u00e9rielle des juridictions saisies. Le contentieux s\u2019inscrit dans un ensemble de demandes en concurrence d\u00e9loyale, cons\u00e9cutif \u00e0 la cr\u00e9ation d\u2019une agence concurrente par une ancienne salari\u00e9e d\u2019un op\u00e9rateur du secteur.<\/p>\n<p>Apr\u00e8s une mesure d\u2019instruction autoris\u00e9e puis d\u00e9battue, une action au fond est engag\u00e9e devant le tribunal de commerce de Nancy pour faire cesser des agissements all\u00e9gu\u00e9s et obtenir r\u00e9paration. Les d\u00e9fendeurs soul\u00e8vent la nullit\u00e9 de l\u2019assignation pour vice de forme ainsi que plusieurs exceptions d\u2019incomp\u00e9tence, au profit du conseil de prud\u2019hommes et du tribunal judiciaire.<\/p>\n<p>Le premier juge rejette la nullit\u00e9 et retient sa comp\u00e9tence sur la globalit\u00e9 du litige. L\u2019appel r\u00e9it\u00e8re la nullit\u00e9 en raison de l\u2019omission des modalit\u00e9s de comparution, puis, subsidiairement, sollicite la disjonction et le renvoi des demandes concernant une personne physique vers les juridictions de droit commun.<\/p>\n<p>La question porte, d\u2019une part, sur l\u2019exigence du grief proc\u00e9dural pour sanctionner un vice de forme, d\u2019autre part, sur la ligne de partage entre comp\u00e9tence commerciale, prud\u2019homale et judiciaire en pr\u00e9sence de pr\u00e9tentions m\u00ealant soci\u00e9t\u00e9s commerciales et personnes non commer\u00e7antes.<\/p>\n<p>La Cour confirme le rejet de la nullit\u00e9 faute de grief, refuse tout am\u00e9nagement des r\u00e8gles de comp\u00e9tence au nom d\u2019une bonne administration de la justice, et op\u00e8re un partage: le litige soci\u00e9t\u00e9 contre soci\u00e9t\u00e9 demeure devant la juridiction consulaire, tandis que les demandes impliquant une personne physique non commer\u00e7ante sont renvoy\u00e9es au tribunal judiciaire.<\/p>\n<p>I. La nullit\u00e9 de l\u2019assignation irr\u00e9guli\u00e8re et l\u2019exigence du grief<\/p>\n<p>A. Le rappel des principes et leur application<\/p>\n<p>La juridiction d\u2019appel rel\u00e8ve d\u2019abord l\u2019irr\u00e9gularit\u00e9 all\u00e9gu\u00e9e, tenant au d\u00e9faut de mention des modalit\u00e9s de comparution. Elle constate que \u00abcet acte ne contient effectivement pas cette mention qui est impos\u00e9e \u00e0 peine de nullit\u00e9\u00bb. Elle ajoute cependant que, conform\u00e9ment \u00e0 l\u2019article 114 du code de proc\u00e9dure civile, \u00abla nullit\u00e9 ne peut \u00eatre prononc\u00e9e qu\u2019\u00e0 charge pour l\u2019adversaire qui l\u2019invoque de prouver le grief que lui cause l\u2019irr\u00e9gularit\u00e9&#8230;\u00bb. Le contr\u00f4le op\u00e9r\u00e9 porte donc sur l\u2019atteinte concr\u00e8te aux droits de la d\u00e9fense caus\u00e9e par la carence formelle invoqu\u00e9e.<\/p>\n<p>La Cour pr\u00e9cise la nature du grief pertinent en ces termes, d\u00e9nu\u00e9s d\u2019ambigu\u00eft\u00e9: \u00abLes \u00e9motions n\u00e9gatives ressenties par une partie \u00e0 la r\u00e9ception d&#8217;une assignation en justice (&#8230;) ne constituent pas un grief au sens de l&#8217;article 114 du code de proc\u00e9dure civile.\u00bb Elle exige un lien de causalit\u00e9 direct entre l\u2019irr\u00e9gularit\u00e9 et un d\u00e9savantage proc\u00e9dural, avant de constater l\u2019effectivit\u00e9 de la d\u00e9fense constitu\u00e9e et d\u2019\u00e9noncer qu\u2019\u00abaucun grief proc\u00e9dural n&#8217;est d\u00e9montr\u00e9\u00bb. L\u2019exigence probatoire, ici, neutralise la sanction malgr\u00e9 l\u2019irr\u00e9gularit\u00e9 textuellement encourue.<\/p>\n<p>B. Port\u00e9e de la solution et appr\u00e9ciation critique<\/p>\n<p>La solution s\u2019inscrit dans la trajectoire constante qui r\u00e9serve la nullit\u00e9 pour vice de forme \u00e0 l\u2019hypoth\u00e8se d\u2019un pr\u00e9judice proc\u00e9dural caract\u00e9ris\u00e9. Elle renforce l\u2019id\u00e9e d\u2019une nullit\u00e9 rem\u00e8de, strictement finalis\u00e9e par la protection des droits de la d\u00e9fense, plut\u00f4t que d\u2019une nullit\u00e9 sanction automatique d\u2019un formalisme manqu\u00e9.<\/p>\n<p>On peut approuver la clart\u00e9 du crit\u00e8re, qui responsabilise la partie invoquant le vice et maintient l\u2019\u00e9conomie du proc\u00e8s. Toutefois, l\u2019exigence d\u2019un grief sp\u00e9cifique et causal peut placer le d\u00e9fendeur face \u00e0 une preuve d\u00e9licate, en particulier lorsque l\u2019irr\u00e9gularit\u00e9 touche l\u2019information proc\u00e9durale. L\u2019arr\u00eat rappelle utilement que le seuil probatoire demeure \u00e9lev\u00e9: l\u2019affect ressenti ne suffit pas sans d\u00e9monstration d\u2019un d\u00e9savantage concret dans la conduite de l\u2019instance.<\/p>\n<p>II. La comp\u00e9tence mat\u00e9rielle: fronti\u00e8res et renvois<\/p>\n<p>A. L\u2019impossibilit\u00e9 d\u2019am\u00e9nager et le r\u00f4le du tribunal judiciaire<\/p>\n<p>La Cour refuse que la bonne administration de la justice puisse justifier une comp\u00e9tence globale: \u00abIl ne peut \u00eatre apport\u00e9 des am\u00e9nagements aux r\u00e8gles de comp\u00e9tence des juridictions au nom d&#8217;une bonne administration de la justice.\u00bb Cette affirmation ferme emp\u00eache de regrouper artificiellement des demandes lorsque les conditions l\u00e9gales de comp\u00e9tence ne sont pas r\u00e9unies.<\/p>\n<p>S\u2019agissant des pr\u00e9tentions dirig\u00e9es contre une personne physique, la Cour rel\u00e8ve l\u2019absence de qualit\u00e9 de commer\u00e7ant et la circonstance que les faits retenus, post\u00e9rieurs \u00e0 la rupture, \u00abne rel\u00e8vent donc pas de la comp\u00e9tence mat\u00e9rielle du conseil de prud&#8217;hommes\u00bb. Elle mobilise ensuite le droit commun de l\u2019organisation judiciaire, en citant que \u00able tribunal judiciaire conna\u00eet de toutes les affaires civiles et commerciales pour lesquelles comp\u00e9tence n&#8217;est pas attribu\u00e9e, en raison de la nature de la demande, \u00e0 une autre juridiction\u00bb. La cons\u00e9quence logique est le renvoi des demandes concern\u00e9es au tribunal judiciaire de Nancy.<\/p>\n<p>B. La comp\u00e9tence commerciale pour les litiges entre soci\u00e9t\u00e9s<\/p>\n<p>La Cour confirme la comp\u00e9tence du tribunal de commerce pour le litige opposant deux soci\u00e9t\u00e9s, au regard de leur forme et de l\u2019objet du diff\u00e9rend. Elle \u00e9nonce que \u00abil s&#8217;agit de soci\u00e9t\u00e9s anonymes et par cons\u00e9quent de soci\u00e9t\u00e9s commerciales en vertu de l&#8217;article L210-1 du Code de commerce\u00bb, avant de conclure que \u00able tribunal de commerce de Nancy est mat\u00e9riellement comp\u00e9tent pour en conna\u00eetre\u00bb. L\u2019objet m\u00eame des demandes, centr\u00e9 sur la concurrence d\u00e9loyale entre professionnels, ach\u00e8ve de justifier la comp\u00e9tence consulaire.<\/p>\n<p>Cette d\u00e9limitation engendre une fragmentation assum\u00e9e du contentieux, mais conforme au principe de sp\u00e9cialit\u00e9 des juridictions. La clarification op\u00e9r\u00e9e par l\u2019arr\u00eat guide la strat\u00e9gie de saisine en pr\u00e9sence de faisceaux de pr\u00e9tentions m\u00ealant soci\u00e9t\u00e9s et personnes non commer\u00e7antes. Elle rappelle, enfin, que l\u2019argument d\u2019\u00e9conomie de proc\u00e9dure ne peut suppl\u00e9er la loi de comp\u00e9tence lorsque les qualit\u00e9s des parties et la nature des demandes divergent.<\/p>\n<\/div>\n","protected":false},"excerpt":{"rendered":"<p>Par un arr\u00eat du 2 juillet 2025, la Cour d&#8217;appel de Nancy statue sur la nullit\u00e9 d&#8217;une assignation et sur la comp\u00e9tence mat\u00e9rielle des juridictions saisies. Le&#8230;<\/p>\n","protected":false},"author":232070755,"featured_media":9521,"comment_status":"open","ping_status":"open","sticky":false,"template":"","format":"standard","meta":{"_crdt_document":"","_jetpack_newsletter_access":"","_jetpack_dont_email_post_to_subs":false,"_jetpack_newsletter_tier_id":0,"_jetpack_memberships_contains_paywalled_content":false,"_jetpack_memberships_contains_paid_content":false,"footnotes":"","jetpack_post_was_ever_published":false},"categories":[7597],"tags":[],"class_list":["post-684149","post","type-post","status-publish","format-standard","has-post-thumbnail","hentry","category-jurisprudence"],"yoast_head":"<!-- This site is optimized with the Yoast SEO Premium plugin v27.4 (Yoast SEO v27.4) - https:\/\/yoast.com\/product\/yoast-seo-premium-wordpress\/ -->\n<title>Cour d&#039;appel de Nancy, le 2 juillet 2025, n\u00b024\/02673 - Ma\u00eetre Hassan Kohen, avocat en droit p\u00e9nal \u00e0 Paris<\/title>\n<meta name=\"description\" content=\"Par un arr\u00eat du 2 juillet 2025, la Cour d&#039;appel de Nancy statue sur la nullit\u00e9 d&#039;une assignation et sur la comp\u00e9tence mat\u00e9rielle des juridictions saisies. Le...\" \/>\n<meta name=\"robots\" content=\"index, follow, max-snippet:-1, max-image-preview:large, max-video-preview:-1\" \/>\n<link rel=\"canonical\" href=\"https:\/\/kohenavocats.com\/pt-pt\/cour-dappel-de-nancy-le-2-juillet-2025-n24-02673\/\" \/>\n<meta property=\"og:locale\" content=\"pt_PT\" \/>\n<meta property=\"og:type\" content=\"article\" \/>\n<meta property=\"og:title\" content=\"Cour d&#039;appel de Nancy, le 2 juillet 2025, n\u00b024\/02673\" \/>\n<meta property=\"og:description\" content=\"Par un arr\u00eat du 2 juillet 2025, la Cour d&#039;appel de Nancy statue sur la nullit\u00e9 d&#039;une assignation et sur la comp\u00e9tence mat\u00e9rielle des juridictions saisies. Le...\" \/>\n<meta property=\"og:url\" content=\"https:\/\/kohenavocats.com\/pt-pt\/cour-dappel-de-nancy-le-2-juillet-2025-n24-02673\/\" \/>\n<meta property=\"og:site_name\" content=\"Ma\u00eetre Hassan Kohen, avocat en droit p\u00e9nal \u00e0 Paris\" \/>\n<meta property=\"article:published_time\" content=\"2026-04-25T17:22:18+00:00\" \/>\n<meta property=\"og:image\" content=\"https:\/\/kohenavocats.com\/wp-content\/uploads\/2024\/11\/ave-calvar-GQ7ejmoWJUY-unsplash.webp\" \/>\n\t<meta property=\"og:image:width\" content=\"7178\" \/>\n\t<meta property=\"og:image:height\" content=\"4037\" \/>\n\t<meta property=\"og:image:type\" content=\"image\/webp\" \/>\n<meta name=\"author\" content=\"Kohen\" \/>\n<meta name=\"twitter:card\" content=\"summary_large_image\" \/>\n<meta name=\"twitter:label1\" content=\"Escrito por\" \/>\n\t<meta name=\"twitter:data1\" content=\"Kohen\" \/>\n\t<meta name=\"twitter:label2\" content=\"Tempo estimado de leitura\" \/>\n\t<meta name=\"twitter:data2\" content=\"5 minutos\" \/>\n<script type=\"application\/ld+json\" class=\"yoast-schema-graph\">{\"@context\":\"https:\\\/\\\/schema.org\",\"@graph\":[{\"@type\":\"Article\",\"@id\":\"https:\\\/\\\/kohenavocats.com\\\/pt-pt\\\/cour-dappel-de-nancy-le-2-juillet-2025-n24-02673\\\/#article\",\"isPartOf\":{\"@id\":\"https:\\\/\\\/kohenavocats.com\\\/pt-pt\\\/cour-dappel-de-nancy-le-2-juillet-2025-n24-02673\\\/\"},\"author\":{\"name\":\"Kohen\",\"@id\":\"https:\\\/\\\/kohenavocats.com\\\/pt-pt\\\/#\\\/schema\\\/person\\\/761c9ba54fa1ca84d405cef0831ff751\"},\"headline\":\"Cour d&#8217;appel de Nancy, le 2 juillet 2025, n\u00b024\\\/02673\",\"datePublished\":\"2026-04-25T17:22:18+00:00\",\"mainEntityOfPage\":{\"@id\":\"https:\\\/\\\/kohenavocats.com\\\/pt-pt\\\/cour-dappel-de-nancy-le-2-juillet-2025-n24-02673\\\/\"},\"wordCount\":1092,\"commentCount\":0,\"publisher\":{\"@id\":\"https:\\\/\\\/kohenavocats.com\\\/pt-pt\\\/#organization\"},\"image\":{\"@id\":\"https:\\\/\\\/kohenavocats.com\\\/pt-pt\\\/cour-dappel-de-nancy-le-2-juillet-2025-n24-02673\\\/#primaryimage\"},\"thumbnailUrl\":\"https:\\\/\\\/kohenavocats.com\\\/wp-content\\\/uploads\\\/2024\\\/11\\\/ave-calvar-GQ7ejmoWJUY-unsplash.webp\",\"articleSection\":[\"Jurisprudence\"],\"inLanguage\":\"pt-PT\",\"potentialAction\":[{\"@type\":\"CommentAction\",\"name\":\"Comment\",\"target\":[\"https:\\\/\\\/kohenavocats.com\\\/pt-pt\\\/cour-dappel-de-nancy-le-2-juillet-2025-n24-02673\\\/#respond\"]}],\"citation\":\"Cour d&#8217;appel de Nancy, le 2 juillet 2025, n\u00b024\\\/02673\",\"about\":[{\"@type\":\"Thing\",\"name\":\"Jurisprudence\"}],\"dateModified\":\"2026-04-25T17:22:18+00:00\",\"speakable\":{\"@type\":\"SpeakableSpecification\",\"cssSelector\":[\".article-content > p:first-of-type\"]}},{\"@type\":\"WebPage\",\"@id\":\"https:\\\/\\\/kohenavocats.com\\\/pt-pt\\\/cour-dappel-de-nancy-le-2-juillet-2025-n24-02673\\\/\",\"url\":\"https:\\\/\\\/kohenavocats.com\\\/pt-pt\\\/cour-dappel-de-nancy-le-2-juillet-2025-n24-02673\\\/\",\"name\":\"Cour d'appel de Nancy, le 2 juillet 2025, n\u00b024\\\/02673 - Ma\u00eetre Hassan Kohen, avocat en droit p\u00e9nal \u00e0 Paris\",\"isPartOf\":{\"@id\":\"https:\\\/\\\/kohenavocats.com\\\/pt-pt\\\/#website\"},\"primaryImageOfPage\":{\"@id\":\"https:\\\/\\\/kohenavocats.com\\\/pt-pt\\\/cour-dappel-de-nancy-le-2-juillet-2025-n24-02673\\\/#primaryimage\"},\"image\":{\"@id\":\"https:\\\/\\\/kohenavocats.com\\\/pt-pt\\\/cour-dappel-de-nancy-le-2-juillet-2025-n24-02673\\\/#primaryimage\"},\"thumbnailUrl\":\"https:\\\/\\\/kohenavocats.com\\\/wp-content\\\/uploads\\\/2024\\\/11\\\/ave-calvar-GQ7ejmoWJUY-unsplash.webp\",\"datePublished\":\"2026-04-25T17:22:18+00:00\",\"description\":\"Par un arr\u00eat du 2 juillet 2025, la Cour d'appel de Nancy statue sur la nullit\u00e9 d'une assignation et sur la comp\u00e9tence mat\u00e9rielle des juridictions saisies. Le...\",\"breadcrumb\":{\"@id\":\"https:\\\/\\\/kohenavocats.com\\\/pt-pt\\\/cour-dappel-de-nancy-le-2-juillet-2025-n24-02673\\\/#breadcrumb\"},\"inLanguage\":\"pt-PT\",\"potentialAction\":[{\"@type\":\"ReadAction\",\"target\":[\"https:\\\/\\\/kohenavocats.com\\\/pt-pt\\\/cour-dappel-de-nancy-le-2-juillet-2025-n24-02673\\\/\"]}]},{\"@type\":\"ImageObject\",\"inLanguage\":\"pt-PT\",\"@id\":\"https:\\\/\\\/kohenavocats.com\\\/pt-pt\\\/cour-dappel-de-nancy-le-2-juillet-2025-n24-02673\\\/#primaryimage\",\"url\":\"https:\\\/\\\/kohenavocats.com\\\/wp-content\\\/uploads\\\/2024\\\/11\\\/ave-calvar-GQ7ejmoWJUY-unsplash.webp\",\"contentUrl\":\"https:\\\/\\\/kohenavocats.com\\\/wp-content\\\/uploads\\\/2024\\\/11\\\/ave-calvar-GQ7ejmoWJUY-unsplash.webp\",\"width\":7178,\"height\":4037},{\"@type\":\"BreadcrumbList\",\"@id\":\"https:\\\/\\\/kohenavocats.com\\\/pt-pt\\\/cour-dappel-de-nancy-le-2-juillet-2025-n24-02673\\\/#breadcrumb\",\"itemListElement\":[{\"@type\":\"ListItem\",\"position\":1,\"name\":\"Home\",\"item\":\"https:\\\/\\\/kohenavocats.com\\\/pt-pt\\\/avocats-en-droit-penal-a-paris-conseil-et-defense-strategique\\\/\"},{\"@type\":\"ListItem\",\"position\":2,\"name\":\"Cour d&rsquo;appel de Nancy, le 2 juillet 2025, n\u00b024\\\/02673\"}]},{\"@type\":\"WebSite\",\"@id\":\"https:\\\/\\\/kohenavocats.com\\\/pt-pt\\\/#website\",\"url\":\"https:\\\/\\\/kohenavocats.com\\\/pt-pt\\\/\",\"name\":\"Kohen Avocats\",\"description\":\"Ma\u00eetre Hassan Kohen, avocat p\u00e9naliste \u00e0 Paris, intervient exclusivement en droit p\u00e9nal pour la d\u00e9fense des particuliers, notamment en mati\u00e8re d\u2019accusations de viol. Il assure un accompagnement rigoureux d\u00e8s la garde \u00e0 vue jusqu\u2019\u00e0 la Cour d\u2019assises, veillant au strict respect des garanties proc\u00e9durales.\",\"publisher\":{\"@id\":\"https:\\\/\\\/kohenavocats.com\\\/pt-pt\\\/#organization\"},\"potentialAction\":[{\"@type\":\"SearchAction\",\"target\":{\"@type\":\"EntryPoint\",\"urlTemplate\":\"https:\\\/\\\/kohenavocats.com\\\/pt-pt\\\/?s={search_term_string}\"},\"query-input\":{\"@type\":\"PropertyValueSpecification\",\"valueRequired\":true,\"valueName\":\"search_term_string\"}}],\"inLanguage\":\"pt-PT\"},{\"@type\":\"Organization\",\"@id\":\"https:\\\/\\\/kohenavocats.com\\\/pt-pt\\\/#organization\",\"name\":\"Kohen Avocats\",\"url\":\"https:\\\/\\\/kohenavocats.com\\\/pt-pt\\\/\",\"logo\":{\"@type\":\"ImageObject\",\"inLanguage\":\"pt-PT\",\"@id\":\"https:\\\/\\\/kohenavocats.com\\\/pt-pt\\\/#\\\/schema\\\/logo\\\/image\\\/\",\"url\":\"https:\\\/\\\/kohenavocats.com\\\/wp-content\\\/uploads\\\/2026\\\/01\\\/Logo-2-1.webp\",\"contentUrl\":\"https:\\\/\\\/kohenavocats.com\\\/wp-content\\\/uploads\\\/2026\\\/01\\\/Logo-2-1.webp\",\"width\":2114,\"height\":1253,\"caption\":\"Kohen Avocats\"},\"image\":{\"@id\":\"https:\\\/\\\/kohenavocats.com\\\/pt-pt\\\/#\\\/schema\\\/logo\\\/image\\\/\"}},{\"@type\":\"Person\",\"@id\":\"https:\\\/\\\/kohenavocats.com\\\/pt-pt\\\/#\\\/schema\\\/person\\\/761c9ba54fa1ca84d405cef0831ff751\",\"name\":\"Kohen\",\"image\":{\"@type\":\"ImageObject\",\"inLanguage\":\"pt-PT\",\"@id\":\"https:\\\/\\\/secure.gravatar.com\\\/avatar\\\/1c5e76ef76bbbfdd2b4da984e2bf2fa4056fd51a27d25ce2c332047f1dfd6e00?s=96&d=identicon&r=g\",\"url\":\"https:\\\/\\\/secure.gravatar.com\\\/avatar\\\/1c5e76ef76bbbfdd2b4da984e2bf2fa4056fd51a27d25ce2c332047f1dfd6e00?s=96&d=identicon&r=g\",\"contentUrl\":\"https:\\\/\\\/secure.gravatar.com\\\/avatar\\\/1c5e76ef76bbbfdd2b4da984e2bf2fa4056fd51a27d25ce2c332047f1dfd6e00?s=96&d=identicon&r=g\",\"caption\":\"Kohen\"},\"sameAs\":[\"https:\\\/\\\/www.linkedin.com\\\/in\\\/hassan-kohen-448548192\\\/\",\"https:\\\/\\\/www.youtube.com\\\/@Kohen-Avocats\"],\"url\":\"https:\\\/\\\/kohenavocats.com\\\/pt-pt\\\/author\\\/kohenmlk\\\/\"}]}<\/script>\n<!-- \/ Yoast SEO Premium plugin. -->","yoast_head_json":{"title":"Cour d'appel de Nancy, le 2 juillet 2025, n\u00b024\/02673 - Ma\u00eetre Hassan Kohen, avocat en droit p\u00e9nal \u00e0 Paris","description":"Par un arr\u00eat du 2 juillet 2025, la Cour d'appel de Nancy statue sur la nullit\u00e9 d'une assignation et sur la comp\u00e9tence mat\u00e9rielle des juridictions saisies. Le...","robots":{"index":"index","follow":"follow","max-snippet":"max-snippet:-1","max-image-preview":"max-image-preview:large","max-video-preview":"max-video-preview:-1"},"canonical":"https:\/\/kohenavocats.com\/pt-pt\/cour-dappel-de-nancy-le-2-juillet-2025-n24-02673\/","og_locale":"pt_PT","og_type":"article","og_title":"Cour d'appel de Nancy, le 2 juillet 2025, n\u00b024\/02673","og_description":"Par un arr\u00eat du 2 juillet 2025, la Cour d'appel de Nancy statue sur la nullit\u00e9 d'une assignation et sur la comp\u00e9tence mat\u00e9rielle des juridictions saisies. Le...","og_url":"https:\/\/kohenavocats.com\/pt-pt\/cour-dappel-de-nancy-le-2-juillet-2025-n24-02673\/","og_site_name":"Ma\u00eetre Hassan Kohen, avocat en droit p\u00e9nal \u00e0 Paris","article_published_time":"2026-04-25T17:22:18+00:00","og_image":[{"width":7178,"height":4037,"url":"https:\/\/kohenavocats.com\/wp-content\/uploads\/2024\/11\/ave-calvar-GQ7ejmoWJUY-unsplash.webp","type":"image\/webp"}],"author":"Kohen","twitter_card":"summary_large_image","twitter_misc":{"Escrito por":"Kohen","Tempo estimado de leitura":"5 minutos"},"schema":{"@context":"https:\/\/schema.org","@graph":[{"@type":"Article","@id":"https:\/\/kohenavocats.com\/pt-pt\/cour-dappel-de-nancy-le-2-juillet-2025-n24-02673\/#article","isPartOf":{"@id":"https:\/\/kohenavocats.com\/pt-pt\/cour-dappel-de-nancy-le-2-juillet-2025-n24-02673\/"},"author":{"name":"Kohen","@id":"https:\/\/kohenavocats.com\/pt-pt\/#\/schema\/person\/761c9ba54fa1ca84d405cef0831ff751"},"headline":"Cour d&#8217;appel de Nancy, le 2 juillet 2025, n\u00b024\/02673","datePublished":"2026-04-25T17:22:18+00:00","mainEntityOfPage":{"@id":"https:\/\/kohenavocats.com\/pt-pt\/cour-dappel-de-nancy-le-2-juillet-2025-n24-02673\/"},"wordCount":1092,"commentCount":0,"publisher":{"@id":"https:\/\/kohenavocats.com\/pt-pt\/#organization"},"image":{"@id":"https:\/\/kohenavocats.com\/pt-pt\/cour-dappel-de-nancy-le-2-juillet-2025-n24-02673\/#primaryimage"},"thumbnailUrl":"https:\/\/kohenavocats.com\/wp-content\/uploads\/2024\/11\/ave-calvar-GQ7ejmoWJUY-unsplash.webp","articleSection":["Jurisprudence"],"inLanguage":"pt-PT","potentialAction":[{"@type":"CommentAction","name":"Comment","target":["https:\/\/kohenavocats.com\/pt-pt\/cour-dappel-de-nancy-le-2-juillet-2025-n24-02673\/#respond"]}],"citation":"Cour d&#8217;appel de Nancy, le 2 juillet 2025, n\u00b024\/02673","about":[{"@type":"Thing","name":"Jurisprudence"}],"dateModified":"2026-04-25T17:22:18+00:00","speakable":{"@type":"SpeakableSpecification","cssSelector":[".article-content > p:first-of-type"]}},{"@type":"WebPage","@id":"https:\/\/kohenavocats.com\/pt-pt\/cour-dappel-de-nancy-le-2-juillet-2025-n24-02673\/","url":"https:\/\/kohenavocats.com\/pt-pt\/cour-dappel-de-nancy-le-2-juillet-2025-n24-02673\/","name":"Cour d'appel de Nancy, le 2 juillet 2025, n\u00b024\/02673 - Ma\u00eetre Hassan Kohen, avocat en droit p\u00e9nal \u00e0 Paris","isPartOf":{"@id":"https:\/\/kohenavocats.com\/pt-pt\/#website"},"primaryImageOfPage":{"@id":"https:\/\/kohenavocats.com\/pt-pt\/cour-dappel-de-nancy-le-2-juillet-2025-n24-02673\/#primaryimage"},"image":{"@id":"https:\/\/kohenavocats.com\/pt-pt\/cour-dappel-de-nancy-le-2-juillet-2025-n24-02673\/#primaryimage"},"thumbnailUrl":"https:\/\/kohenavocats.com\/wp-content\/uploads\/2024\/11\/ave-calvar-GQ7ejmoWJUY-unsplash.webp","datePublished":"2026-04-25T17:22:18+00:00","description":"Par un arr\u00eat du 2 juillet 2025, la Cour d'appel de Nancy statue sur la nullit\u00e9 d'une assignation et sur la comp\u00e9tence mat\u00e9rielle des juridictions saisies. Le...","breadcrumb":{"@id":"https:\/\/kohenavocats.com\/pt-pt\/cour-dappel-de-nancy-le-2-juillet-2025-n24-02673\/#breadcrumb"},"inLanguage":"pt-PT","potentialAction":[{"@type":"ReadAction","target":["https:\/\/kohenavocats.com\/pt-pt\/cour-dappel-de-nancy-le-2-juillet-2025-n24-02673\/"]}]},{"@type":"ImageObject","inLanguage":"pt-PT","@id":"https:\/\/kohenavocats.com\/pt-pt\/cour-dappel-de-nancy-le-2-juillet-2025-n24-02673\/#primaryimage","url":"https:\/\/kohenavocats.com\/wp-content\/uploads\/2024\/11\/ave-calvar-GQ7ejmoWJUY-unsplash.webp","contentUrl":"https:\/\/kohenavocats.com\/wp-content\/uploads\/2024\/11\/ave-calvar-GQ7ejmoWJUY-unsplash.webp","width":7178,"height":4037},{"@type":"BreadcrumbList","@id":"https:\/\/kohenavocats.com\/pt-pt\/cour-dappel-de-nancy-le-2-juillet-2025-n24-02673\/#breadcrumb","itemListElement":[{"@type":"ListItem","position":1,"name":"Home","item":"https:\/\/kohenavocats.com\/pt-pt\/avocats-en-droit-penal-a-paris-conseil-et-defense-strategique\/"},{"@type":"ListItem","position":2,"name":"Cour d&rsquo;appel de Nancy, le 2 juillet 2025, n\u00b024\/02673"}]},{"@type":"WebSite","@id":"https:\/\/kohenavocats.com\/pt-pt\/#website","url":"https:\/\/kohenavocats.com\/pt-pt\/","name":"Kohen Avocats","description":"Ma\u00eetre Hassan Kohen, avocat p\u00e9naliste \u00e0 Paris, intervient exclusivement en droit p\u00e9nal pour la d\u00e9fense des particuliers, notamment en mati\u00e8re d\u2019accusations de viol. Il assure un accompagnement rigoureux d\u00e8s la garde \u00e0 vue jusqu\u2019\u00e0 la Cour d\u2019assises, veillant au strict respect des garanties proc\u00e9durales.","publisher":{"@id":"https:\/\/kohenavocats.com\/pt-pt\/#organization"},"potentialAction":[{"@type":"SearchAction","target":{"@type":"EntryPoint","urlTemplate":"https:\/\/kohenavocats.com\/pt-pt\/?s={search_term_string}"},"query-input":{"@type":"PropertyValueSpecification","valueRequired":true,"valueName":"search_term_string"}}],"inLanguage":"pt-PT"},{"@type":"Organization","@id":"https:\/\/kohenavocats.com\/pt-pt\/#organization","name":"Kohen Avocats","url":"https:\/\/kohenavocats.com\/pt-pt\/","logo":{"@type":"ImageObject","inLanguage":"pt-PT","@id":"https:\/\/kohenavocats.com\/pt-pt\/#\/schema\/logo\/image\/","url":"https:\/\/kohenavocats.com\/wp-content\/uploads\/2026\/01\/Logo-2-1.webp","contentUrl":"https:\/\/kohenavocats.com\/wp-content\/uploads\/2026\/01\/Logo-2-1.webp","width":2114,"height":1253,"caption":"Kohen Avocats"},"image":{"@id":"https:\/\/kohenavocats.com\/pt-pt\/#\/schema\/logo\/image\/"}},{"@type":"Person","@id":"https:\/\/kohenavocats.com\/pt-pt\/#\/schema\/person\/761c9ba54fa1ca84d405cef0831ff751","name":"Kohen","image":{"@type":"ImageObject","inLanguage":"pt-PT","@id":"https:\/\/secure.gravatar.com\/avatar\/1c5e76ef76bbbfdd2b4da984e2bf2fa4056fd51a27d25ce2c332047f1dfd6e00?s=96&d=identicon&r=g","url":"https:\/\/secure.gravatar.com\/avatar\/1c5e76ef76bbbfdd2b4da984e2bf2fa4056fd51a27d25ce2c332047f1dfd6e00?s=96&d=identicon&r=g","contentUrl":"https:\/\/secure.gravatar.com\/avatar\/1c5e76ef76bbbfdd2b4da984e2bf2fa4056fd51a27d25ce2c332047f1dfd6e00?s=96&d=identicon&r=g","caption":"Kohen"},"sameAs":["https:\/\/www.linkedin.com\/in\/hassan-kohen-448548192\/","https:\/\/www.youtube.com\/@Kohen-Avocats"],"url":"https:\/\/kohenavocats.com\/pt-pt\/author\/kohenmlk\/"}]}},"jetpack_featured_media_url":"https:\/\/kohenavocats.com\/wp-content\/uploads\/2024\/11\/ave-calvar-GQ7ejmoWJUY-unsplash.webp","jetpack_likes_enabled":false,"jetpack_shortlink":"https:\/\/wp.me\/peCrII-2RYF","jetpack-related-posts":[{"id":374330,"url":"https:\/\/kohenavocats.com\/pt-pt\/cour-dappel-de-aix-en-provence-le-4-decembre-2025-n19-13978\/","url_meta":{"origin":684149,"position":0},"title":"Cour d&#8217;appel de Aix-en-Provence, le 4 d\u00e9cembre 2025, n\u00b019\/13978","author":"Kohen","date":"17 de Fevereiro, 2026","format":false,"excerpt":"La Cour d\u2019appel d\u2019Aix-en-Provence, dans un arr\u00eat du 4 d\u00e9cembre 2025, statue sur l\u2019appel form\u00e9 par un \u00e9tablissement bancaire contre une d\u00e9cision du juge...","rel":"","context":"In &quot;Cour d'appel&quot;","block_context":{"text":"Cour d'appel","link":"https:\/\/kohenavocats.com\/category\/cour-dappel\/"},"img":{"alt_text":"","src":"https:\/\/i0.wp.com\/kohenavocats.com\/wp-content\/uploads\/2024\/11\/mohamed-nohassi-2pwiobQzBhg-unsplash.webp?resize=350%2C200&ssl=1","width":350,"height":200,"srcset":"https:\/\/i0.wp.com\/kohenavocats.com\/wp-content\/uploads\/2024\/11\/mohamed-nohassi-2pwiobQzBhg-unsplash.webp?resize=350%2C200&ssl=1 1x, https:\/\/i0.wp.com\/kohenavocats.com\/wp-content\/uploads\/2024\/11\/mohamed-nohassi-2pwiobQzBhg-unsplash.webp?resize=525%2C300&ssl=1 1.5x, https:\/\/i0.wp.com\/kohenavocats.com\/wp-content\/uploads\/2024\/11\/mohamed-nohassi-2pwiobQzBhg-unsplash.webp?resize=700%2C400&ssl=1 2x, https:\/\/i0.wp.com\/kohenavocats.com\/wp-content\/uploads\/2024\/11\/mohamed-nohassi-2pwiobQzBhg-unsplash.webp?resize=1050%2C600&ssl=1 3x, https:\/\/i0.wp.com\/kohenavocats.com\/wp-content\/uploads\/2024\/11\/mohamed-nohassi-2pwiobQzBhg-unsplash.webp?resize=1400%2C800&ssl=1 4x"},"classes":[]},{"id":376478,"url":"https:\/\/kohenavocats.com\/pt-pt\/cour-dappel-de-nancy-le-11-decembre-2025-n24-01453\/","url_meta":{"origin":684149,"position":1},"title":"Cour d&#8217;appel de Nancy, le 11 d\u00e9cembre 2025, n\u00b024\/01453","author":"Kohen","date":"19 de Fevereiro, 2026","format":false,"excerpt":"La Cour d\u2019appel de Nancy, chambre sociale, dans un arr\u00eat du 11 d\u00e9cembre 2025, a \u00e9t\u00e9 saisie d\u2019un double appel suite \u00e0 un jugement du Conseil de prud\u2019hommes...","rel":"","context":"In &quot;Cour d'appel&quot;","block_context":{"text":"Cour d'appel","link":"https:\/\/kohenavocats.com\/category\/cour-dappel\/"},"img":{"alt_text":"","src":"https:\/\/i0.wp.com\/kohenavocats.com\/wp-content\/uploads\/2024\/11\/sarah-penney-kSEP9ouxNp4-unsplash.webp?resize=350%2C200&ssl=1","width":350,"height":200,"srcset":"https:\/\/i0.wp.com\/kohenavocats.com\/wp-content\/uploads\/2024\/11\/sarah-penney-kSEP9ouxNp4-unsplash.webp?resize=350%2C200&ssl=1 1x, https:\/\/i0.wp.com\/kohenavocats.com\/wp-content\/uploads\/2024\/11\/sarah-penney-kSEP9ouxNp4-unsplash.webp?resize=525%2C300&ssl=1 1.5x, https:\/\/i0.wp.com\/kohenavocats.com\/wp-content\/uploads\/2024\/11\/sarah-penney-kSEP9ouxNp4-unsplash.webp?resize=700%2C400&ssl=1 2x, https:\/\/i0.wp.com\/kohenavocats.com\/wp-content\/uploads\/2024\/11\/sarah-penney-kSEP9ouxNp4-unsplash.webp?resize=1050%2C600&ssl=1 3x, https:\/\/i0.wp.com\/kohenavocats.com\/wp-content\/uploads\/2024\/11\/sarah-penney-kSEP9ouxNp4-unsplash.webp?resize=1400%2C800&ssl=1 4x"},"classes":[]},{"id":280429,"url":"https:\/\/kohenavocats.com\/pt-pt\/cour-de-justice-de-lunion-europeenne-le-29-juillet-2019-nc-124-18\/","url_meta":{"origin":684149,"position":2},"title":"Cour de justice de l&#8217;Union europ\u00e9enne, le 29 juillet 2019, n\u00b0C-124\/18","author":"Kohen","date":"12 de Janeiro, 2026","format":false,"excerpt":"Le 29 juillet 2019, la Cour de justice de l\u2019Union europ\u00e9enne a statu\u00e9 sur la validit\u00e9 de l\u2019enregistrement de marques consistant en des combinaisons de couleurs. Un op\u00e9rateur \u00e9conomique avait obtenu deux titres pour les couleurs bleue et argent, assortis de descriptions relatives \u00e0 leurs proportions et leur juxtaposition. Une\u2026","rel":"","context":"In &quot;Cour de justice de l'Union europeenne&quot;","block_context":{"text":"Cour de justice de l'Union europeenne","link":"https:\/\/kohenavocats.com\/category\/cour-de-justice-de-lunion-europeenne\/"},"img":{"alt_text":"","src":"https:\/\/i0.wp.com\/kohenavocats.com\/wp-content\/uploads\/2024\/08\/waqar-KY7GFNrxoOY-unsplash-2.webp?resize=350%2C200&ssl=1","width":350,"height":200,"srcset":"https:\/\/i0.wp.com\/kohenavocats.com\/wp-content\/uploads\/2024\/08\/waqar-KY7GFNrxoOY-unsplash-2.webp?resize=350%2C200&ssl=1 1x, https:\/\/i0.wp.com\/kohenavocats.com\/wp-content\/uploads\/2024\/08\/waqar-KY7GFNrxoOY-unsplash-2.webp?resize=525%2C300&ssl=1 1.5x, https:\/\/i0.wp.com\/kohenavocats.com\/wp-content\/uploads\/2024\/08\/waqar-KY7GFNrxoOY-unsplash-2.webp?resize=700%2C400&ssl=1 2x, https:\/\/i0.wp.com\/kohenavocats.com\/wp-content\/uploads\/2024\/08\/waqar-KY7GFNrxoOY-unsplash-2.webp?resize=1050%2C600&ssl=1 3x, https:\/\/i0.wp.com\/kohenavocats.com\/wp-content\/uploads\/2024\/08\/waqar-KY7GFNrxoOY-unsplash-2.webp?resize=1400%2C800&ssl=1 4x"},"classes":[]}],"jetpack_sharing_enabled":true,"_links":{"self":[{"href":"https:\/\/kohenavocats.com\/pt-pt\/wp-json\/wp\/v2\/posts\/684149","targetHints":{"allow":["GET"]}}],"collection":[{"href":"https:\/\/kohenavocats.com\/pt-pt\/wp-json\/wp\/v2\/posts"}],"about":[{"href":"https:\/\/kohenavocats.com\/pt-pt\/wp-json\/wp\/v2\/types\/post"}],"author":[{"embeddable":true,"href":"https:\/\/kohenavocats.com\/pt-pt\/wp-json\/wp\/v2\/users\/232070755"}],"replies":[{"embeddable":true,"href":"https:\/\/kohenavocats.com\/pt-pt\/wp-json\/wp\/v2\/comments?post=684149"}],"version-history":[{"count":0,"href":"https:\/\/kohenavocats.com\/pt-pt\/wp-json\/wp\/v2\/posts\/684149\/revisions"}],"wp:featuredmedia":[{"embeddable":true,"href":"https:\/\/kohenavocats.com\/pt-pt\/wp-json\/wp\/v2\/media\/9521"}],"wp:attachment":[{"href":"https:\/\/kohenavocats.com\/pt-pt\/wp-json\/wp\/v2\/media?parent=684149"}],"wp:term":[{"taxonomy":"category","embeddable":true,"href":"https:\/\/kohenavocats.com\/pt-pt\/wp-json\/wp\/v2\/categories?post=684149"},{"taxonomy":"post_tag","embeddable":true,"href":"https:\/\/kohenavocats.com\/pt-pt\/wp-json\/wp\/v2\/tags?post=684149"}],"curies":[{"name":"wp","href":"https:\/\/api.w.org\/{rel}","templated":true}]}}