{"id":698336,"date":"2026-04-26T22:27:03","date_gmt":"2026-04-26T20:27:03","guid":{"rendered":"https:\/\/kohenavocats.com\/demande-mise-en-liberte-mandat-depot-correctionnel-appel-delais-pieces\/"},"modified":"2026-04-26T22:27:03","modified_gmt":"2026-04-26T20:27:03","slug":"demande-mise-en-liberte-mandat-depot-correctionnel-appel-delais-pieces","status":"publish","type":"post","link":"https:\/\/kohenavocats.com\/pt-pt\/demande-mise-en-liberte-mandat-depot-correctionnel-appel-delais-pieces\/","title":{"rendered":"Demande de mise en libert\u00e9 apr\u00e8s mandat de d\u00e9p\u00f4t correctionnel : appel, d\u00e9lais et pi\u00e8ces utiles"},"content":{"rendered":"<p>Un tribunal correctionnel vient de prononcer une peine de prison ferme avec mandat de d\u00e9p\u00f4t. La personne est partie en d\u00e9tention, parfois alors qu&#8217;elle \u00e9tait venue libre \u00e0 l&#8217;audience. La famille cherche \u00e0 comprendre si l&#8217;appel suspend l&#8217;incarc\u00e9ration. L&#8217;employeur attend une r\u00e9ponse. Les proches veulent savoir s&#8217;il existe une demande urgente pour sortir avant l&#8217;audience d&#8217;appel.<\/p>\n<p>La r\u00e9ponse utile tient en trois id\u00e9es. Le mandat de d\u00e9p\u00f4t peut continuer \u00e0 produire effet malgr\u00e9 l&#8217;appel. La demande de mise en libert\u00e9 reste possible. Mais elle doit \u00eatre d\u00e9pos\u00e9e devant la bonne juridiction, avec des garanties concr\u00e8tes, dans un dossier pr\u00e9par\u00e9 pour r\u00e9pondre aux motifs de s\u00fbret\u00e9 retenus par le tribunal.<\/p>\n<p>Cet article traite du cas le plus pratique : le mandat de d\u00e9p\u00f4t correctionnel d\u00e9cern\u00e9 apr\u00e8s une condamnation, puis la demande de mise en libert\u00e9 pendant l&#8217;appel ou le pourvoi. Il ne remplace pas les pages du cabinet sur la <a href=\"https:\/\/kohenavocats.com\/avocat-comparution-immediate-paris\/\">comparution imm\u00e9diate<\/a>, le <a href=\"https:\/\/kohenavocats.com\/mandat-arret-mandat-amener-penal-que-faire-avant-arrestation\/\">mandat d&#8217;arr\u00eat ou d&#8217;amener<\/a>, ni le guide g\u00e9n\u00e9ral sur le <a href=\"https:\/\/kohenavocats.com\/avocat-penaliste-paris\/\">r\u00f4le de l&#8217;avocat p\u00e9naliste<\/a>. Il r\u00e9pond \u00e0 une question plus \u00e9troite : que faire quand le mandat de d\u00e9p\u00f4t est d\u00e9j\u00e0 ex\u00e9cut\u00e9 ou imminent ?<\/p>\n<h2>Mandat de d\u00e9p\u00f4t : ce que la d\u00e9cision change imm\u00e9diatement<\/h2>\n<p>Le mandat de d\u00e9p\u00f4t n&#8217;est pas seulement une mention dans le jugement. L&#8217;<a href=\"https:\/\/www.legifrance.gouv.fr\/codes\/article_lc\/LEGIARTI000006575560\">article 122 du Code de proc\u00e9dure p\u00e9nale<\/a> le d\u00e9finit comme l&#8217;ordre donn\u00e9 au chef de l&#8217;\u00e9tablissement p\u00e9nitentiaire de recevoir et de d\u00e9tenir la personne concern\u00e9e. En pratique, cela signifie \u00e9crou, transfert \u00e9ventuel, perte imm\u00e9diate de libert\u00e9 et urgence proc\u00e9durale.<\/p>\n<p>En mati\u00e8re correctionnelle, le tribunal peut d\u00e9cerner un mandat de d\u00e9p\u00f4t lorsque les conditions de l&#8217;<a href=\"https:\/\/www.legifrance.gouv.fr\/codes\/article_lc\/LEGIARTI000024497121\">article 465 du Code de proc\u00e9dure p\u00e9nale<\/a> sont r\u00e9unies : d\u00e9lit de droit commun ou d\u00e9lit d&#8217;ordre militaire vis\u00e9, peine d&#8217;au moins un an d&#8217;emprisonnement sans sursis, d\u00e9cision sp\u00e9ciale et motiv\u00e9e, et mesure particuli\u00e8re de s\u00fbret\u00e9 justifi\u00e9e par les \u00e9l\u00e9ments de l&#8217;esp\u00e8ce.<\/p>\n<p>L&#8217;appel ne fait donc pas dispara\u00eetre m\u00e9caniquement le mandat. L&#8217;article 465 pr\u00e9voit m\u00eame que le mandat de d\u00e9p\u00f4t d\u00e9cern\u00e9 par le tribunal produit effet lorsque la cour d&#8217;appel r\u00e9duit ensuite la peine d&#8217;emprisonnement \u00e0 moins d&#8217;un an. La cour peut cependant donner mainlev\u00e9e par d\u00e9cision sp\u00e9ciale et motiv\u00e9e. C&#8217;est pourquoi l&#8217;appel doit \u00eatre pens\u00e9 avec la demande de mise en libert\u00e9, et non comme une simple formalit\u00e9 d&#8217;attente.<\/p>\n<p>La premi\u00e8re v\u00e9rification est donc simple : lire le dispositif du jugement et les motifs relatifs au mandat. Il faut identifier si le tribunal vise la fuite, le renouvellement, la pression sur les victimes ou t\u00e9moins, l&#8217;absence de garanties de repr\u00e9sentation, ou un autre \u00e9l\u00e9ment de s\u00fbret\u00e9. La demande de mise en libert\u00e9 doit r\u00e9pondre \u00e0 ces points, pas seulement r\u00e9p\u00e9ter que la peine est contest\u00e9e.<\/p>\n<h2>L&#8217;appel ne suffit pas : il faut une demande autonome<\/h2>\n<p>Beaucoup de familles pensent que l&#8217;appel remet automatiquement la personne dehors. C&#8217;est faux dans de nombreux dossiers. L&#8217;appel ouvre une nouvelle phase de jugement, mais il ne neutralise pas \u00e0 lui seul l&#8217;\u00e9crou r\u00e9sultant du mandat.<\/p>\n<p>La voie utile est la demande de mise en libert\u00e9. L&#8217;<a href=\"https:\/\/www.legifrance.gouv.fr\/codes\/article_lc\/LEGIARTI000024445527\">article 148-1 du Code de proc\u00e9dure p\u00e9nale<\/a> pr\u00e9voit qu&#8217;elle peut \u00eatre demand\u00e9e en tout \u00e9tat de cause par toute personne mise en examen, tout pr\u00e9venu ou accus\u00e9, et en toute p\u00e9riode de la proc\u00e9dure. Lorsque la juridiction de jugement est saisie, elle statue sur la d\u00e9tention. En cas de pourvoi, la demande rel\u00e8ve en principe de la juridiction qui a connu en dernier lieu de l&#8217;affaire au fond.<\/p>\n<p>Cette r\u00e8gle est d\u00e9cisive. Une demande adress\u00e9e au mauvais greffe peut faire perdre du temps. Une demande sans pi\u00e8ces peut \u00eatre rejet\u00e9e rapidement. Une demande d\u00e9pos\u00e9e sans strat\u00e9gie peut installer une mauvaise premi\u00e8re impression devant la juridiction qui examinera ensuite l&#8217;appel.<\/p>\n<p>Il faut donc articuler trois actes : d\u00e9claration d&#8217;appel, demande de mise en libert\u00e9, pr\u00e9paration de l&#8217;audience. L&#8217;ordre exact d\u00e9pend du dossier, mais l&#8217;objectif reste le m\u00eame : montrer que la d\u00e9tention n&#8217;est plus n\u00e9cessaire dans l&#8217;attente du jugement d&#8217;appel, ou qu&#8217;un contr\u00f4le judiciaire strict suffit.<\/p>\n<h2>Les d\u00e9lais \u00e0 surveiller apr\u00e8s le d\u00e9p\u00f4t<\/h2>\n<p>La demande de mise en libert\u00e9 n&#8217;est pas un courrier libre auquel la juridiction r\u00e9pond quand elle peut. L&#8217;<a href=\"https:\/\/www.legifrance.gouv.fr\/codes\/article_lc\/LEGIARTI000051751991\">article 148-2 du Code de proc\u00e9dure p\u00e9nale<\/a> fixe des d\u00e9lais selon la phase de proc\u00e9dure.<\/p>\n<p>Lorsque la personne a d\u00e9j\u00e0 \u00e9t\u00e9 jug\u00e9e en premi\u00e8re instance et se trouve en instance d&#8217;appel, la juridiction saisie statue dans les deux mois de la demande. Lorsque la personne a d\u00e9j\u00e0 \u00e9t\u00e9 jug\u00e9e en second ressort et a form\u00e9 un pourvoi en cassation, le d\u00e9lai est de quatre mois. La d\u00e9cision du tribunal est imm\u00e9diatement ex\u00e9cutoire malgr\u00e9 appel ; lorsque le pr\u00e9venu est maintenu en d\u00e9tention, la cour se prononce dans les trente jours de l&#8217;appel, \u00e0 d\u00e9faut de quoi la mise en libert\u00e9 d&#8217;office peut \u00eatre encourue si la personne n&#8217;est d\u00e9tenue pour aucune autre cause.<\/p>\n<p>Ces d\u00e9lais doivent \u00eatre suivis d\u00e8s le d\u00e9p\u00f4t. Il faut conserver la preuve de la demande, la date de r\u00e9ception, le greffe destinataire, la convocation \u00e9ventuelle et la date d&#8217;audience. La question n&#8217;est pas seulement juridique. Elle est logistique. Un dossier p\u00e9nal en d\u00e9tention se gagne souvent sur le contr\u00f4le exact des dates.<\/p>\n<p>La chambre criminelle rappelle r\u00e9guli\u00e8rement que les titres de d\u00e9tention et les voies de recours doivent \u00eatre lus en fonction du stade de la proc\u00e9dure. Dans un arr\u00eat du <a href=\"https:\/\/www.courdecassation.fr\/decision\/69bce9d0cdc6046d474b48b1\">18 mars 2026, n\u00b0 26-80.148<\/a>, elle constate par exemple qu&#8217;un jugement correctionnel ayant condamn\u00e9 un pr\u00e9venu et d\u00e9cern\u00e9 mandat de d\u00e9p\u00f4t rend sans objet un pourvoi form\u00e9 contre une d\u00e9cision relative \u00e0 la d\u00e9tention provisoire ant\u00e9rieure. Le message pratique est clair : chaque d\u00e9cision peut cr\u00e9er un nouveau titre de d\u00e9tention. Il faut donc raisonner titre par titre.<\/p>\n<h2>Quels arguments peuvent convaincre ?<\/h2>\n<p>La demande ne doit pas se limiter \u00e0 dire que la personne conteste sa condamnation. La juridiction de mise en libert\u00e9 ne rejugera pas tout le dossier au fond. Elle v\u00e9rifie si la d\u00e9tention reste n\u00e9cessaire au regard de la proc\u00e9dure et des garanties propos\u00e9es.<\/p>\n<p>Les arguments utiles sont concrets :<\/p>\n<ul>\n<li>domicile stable et v\u00e9rifiable ;<\/li>\n<li>emploi conserv\u00e9 ou promesse de reprise ;<\/li>\n<li>famille pouvant h\u00e9berger et contr\u00f4ler les obligations ;<\/li>\n<li>absence de fuite lors de l&#8217;enqu\u00eate ou de l&#8217;audience ;<\/li>\n<li>respect ant\u00e9rieur du contr\u00f4le judiciaire, s&#8217;il existait ;<\/li>\n<li>indemnisation ou d\u00e9marche de r\u00e9paration ;<\/li>\n<li>suivi m\u00e9dical, psychologique ou addictologique d\u00e9j\u00e0 engag\u00e9 ;<\/li>\n<li>proposition d&#8217;assignation \u00e0 r\u00e9sidence avec surveillance \u00e9lectronique ;<\/li>\n<li>interdiction de contact avec la victime ou les t\u00e9moins ;<\/li>\n<li>remise volontaire du passeport lorsque le risque de fuite est invoqu\u00e9.<\/li>\n<\/ul>\n<p>L&#8217;<a href=\"https:\/\/www.legifrance.gouv.fr\/codes\/article_lc\/LEGIARTI000021332920\">article 144 du Code de proc\u00e9dure p\u00e9nale<\/a> donne la grille classique de la d\u00e9tention provisoire : conservation des preuves, pression sur les t\u00e9moins ou victimes, concertation frauduleuse, protection de la personne, maintien \u00e0 disposition de la justice, renouvellement de l&#8217;infraction. Il pr\u00e9cise aussi que le trouble exceptionnel et persistant \u00e0 l&#8217;ordre public ne peut pas r\u00e9sulter du seul retentissement m\u00e9diatique et que ce crit\u00e8re n&#8217;est pas applicable en mati\u00e8re correctionnelle.<\/p>\n<p>M\u00eame lorsqu&#8217;un mandat correctionnel repose sur l&#8217;article 465, cette grille aide \u00e0 structurer la d\u00e9fense. Il faut opposer une garantie \u00e0 chaque risque. Dire &#8220;il ne fuira pas&#8221; ne suffit pas. Il faut produire le bail, l&#8217;attestation d&#8217;h\u00e9bergement, le contrat de travail, les fiches de paie, l&#8217;engagement de pointage, les justificatifs de soins et les pi\u00e8ces familiales utiles.<\/p>\n<h2>Les pi\u00e8ces \u00e0 r\u00e9unir dans les vingt-quatre premi\u00e8res heures<\/h2>\n<p>Apr\u00e8s un mandat de d\u00e9p\u00f4t, le temps est court. La famille doit \u00e9viter deux erreurs : multiplier les appels au greffe sans dossier, ou envoyer des attestations affectives inutilisables. Les pi\u00e8ces doivent r\u00e9pondre aux motifs de d\u00e9tention.<\/p>\n<p>Le socle utile comprend g\u00e9n\u00e9ralement :<\/p>\n<ul>\n<li>le jugement ou, \u00e0 d\u00e9faut, les \u00e9l\u00e9ments disponibles sur la d\u00e9cision ;<\/li>\n<li>la d\u00e9claration d&#8217;appel ou la preuve qu&#8217;elle va \u00eatre faite ;<\/li>\n<li>le mandat ou la fiche d&#8217;\u00e9crou si elle est accessible ;<\/li>\n<li>un justificatif de domicile r\u00e9cent ;<\/li>\n<li>une attestation d&#8217;h\u00e9bergement pr\u00e9cise, dat\u00e9e, sign\u00e9e, avec pi\u00e8ce d&#8217;identit\u00e9 ;<\/li>\n<li>contrat de travail, promesse d&#8217;embauche ou attestation de maintien d&#8217;emploi ;<\/li>\n<li>justificatifs de charges familiales ;<\/li>\n<li>documents m\u00e9dicaux ou de suivi, sans exc\u00e8s de d\u00e9tail inutile ;<\/li>\n<li>preuves de r\u00e9paration, consignation ou indemnisation ;<\/li>\n<li>attestation sur l&#8217;absence de contact avec la victime ou l&#8217;acceptation d&#8217;une interdiction ;<\/li>\n<li>proposition d&#8217;horaires en cas d&#8217;assignation \u00e0 r\u00e9sidence sous surveillance \u00e9lectronique.<\/li>\n<\/ul>\n<p>Un dossier court et ordonn\u00e9 vaut mieux qu&#8217;un paquet de pi\u00e8ces confuses. La juridiction doit comprendre en quelques minutes quelle alternative \u00e0 la prison est propos\u00e9e et pourquoi elle est cr\u00e9dible.<\/p>\n<h2>Que demander exactement ?<\/h2>\n<p>La demande peut viser une remise en libert\u00e9 pure et simple. Mais dans beaucoup de dossiers, la demande principale doit \u00eatre accompagn\u00e9e de demandes subsidiaires.<\/p>\n<p>La premi\u00e8re alternative est le contr\u00f4le judiciaire : pointage, interdiction de para\u00eetre, interdiction de contact, obligation de soins, remise du passeport, obligation de r\u00e9pondre aux convocations, interdiction d&#8217;exercer certaines activit\u00e9s. Cette option peut rassurer la juridiction lorsque le risque invoqu\u00e9 n&#8217;exige pas la prison.<\/p>\n<p>La deuxi\u00e8me est l&#8217;assignation \u00e0 r\u00e9sidence avec surveillance \u00e9lectronique. Elle suppose de pr\u00e9parer le domicile, les horaires, les contraintes professionnelles, l&#8217;accord de l&#8217;h\u00e9bergeant et les informations n\u00e9cessaires \u00e0 l&#8217;enqu\u00eate de faisabilit\u00e9. Elle est particuli\u00e8rement utile lorsqu&#8217;il faut garantir la pr\u00e9sence de la personne tout en permettant un emploi ou un suivi m\u00e9dical.<\/p>\n<p>La troisi\u00e8me est une demande de mainlev\u00e9e du mandat lorsque la proc\u00e9dure ou la motivation le permet. Si le mandat ne r\u00e9pond pas aux exigences de l&#8217;article 465, ou si la motivation reste g\u00e9n\u00e9rale, l&#8217;argument doit \u00eatre formul\u00e9 pr\u00e9cis\u00e9ment. Il ne suffit pas d&#8217;invoquer l&#8217;injustice ressentie de l&#8217;incarc\u00e9ration.<\/p>\n<h2>La place de l&#8217;avocat \u00e0 ce stade<\/h2>\n<p>L&#8217;avocat ne peut pas promettre la sortie. Il peut en revanche faire trois choses imm\u00e9diatement.<\/p>\n<p>D&#8217;abord, il v\u00e9rifie le titre de d\u00e9tention : jugement, mandat, appel, comp\u00e9tence de la juridiction, d\u00e9lais. Cette v\u00e9rification \u00e9vite de d\u00e9poser la demande au mauvais endroit.<\/p>\n<p>Ensuite, il transforme les pi\u00e8ces familiales en garanties judiciaires. Une attestation d&#8217;\u00e9pouse ou de parent ne suffit pas si elle ne pr\u00e9cise pas l&#8217;adresse, la disponibilit\u00e9, les obligations accept\u00e9es et la capacit\u00e9 \u00e0 \u00e9viter les contacts interdits.<\/p>\n<p>Enfin, il pr\u00e9pare l&#8217;audience de mise en libert\u00e9. L&#8217;article 148-2 pr\u00e9voit que la juridiction statue apr\u00e8s avoir entendu le minist\u00e8re public, le pr\u00e9venu ou son avocat, et que le droit de se taire sur les faits reproch\u00e9s doit \u00eatre notifi\u00e9 au pr\u00e9venu. L&#8217;audience n&#8217;est donc pas un simple \u00e9change administratif. Elle doit \u00eatre pr\u00e9par\u00e9e comme une audience sur la n\u00e9cessit\u00e9 de la d\u00e9tention.<\/p>\n<h2>Delta concurrentiel : ce que l&#8217;article doit apporter<\/h2>\n<p>Les contenus concurrents sur le mandat de d\u00e9p\u00f4t expliquent souvent la d\u00e9finition g\u00e9n\u00e9rale du mandat, ou les grandes voies de recours. Ils traitent moins clairement le cas du mandat correctionnel apr\u00e8s jugement, de la demande pendant l&#8217;appel, et du contr\u00f4le concret des d\u00e9lais de l&#8217;article 148-2.<\/p>\n<p>Le point d\u00e9cisif pour un justiciable n&#8217;est pas seulement de comprendre ce qu&#8217;est un mandat de d\u00e9p\u00f4t. Il doit savoir quoi faire lundi matin : o\u00f9 d\u00e9poser la demande, quels d\u00e9lais contr\u00f4ler, quelles pi\u00e8ces r\u00e9unir, quelle alternative proposer et quel argument r\u00e9pondre au motif de s\u00fbret\u00e9. C&#8217;est l\u00e0 que se joue la valeur pratique du dossier.<\/p>\n<h2>Ce qu&#8217;il faut retenir<\/h2>\n<p>Apr\u00e8s un mandat de d\u00e9p\u00f4t correctionnel, l&#8217;appel ne suffit pas toujours \u00e0 faire sortir la personne condamn\u00e9e. Une demande de mise en libert\u00e9 peut \u00eatre d\u00e9pos\u00e9e, mais elle doit \u00eatre adress\u00e9e \u00e0 la juridiction comp\u00e9tente et construite autour de garanties concr\u00e8tes.<\/p>\n<p>Les textes essentiels sont les articles 122, 144, 148-1, 148-2 et 465 du Code de proc\u00e9dure p\u00e9nale. Le dossier doit r\u00e9pondre aux motifs de s\u00fbret\u00e9, proposer une alternative cr\u00e9dible et surveiller les d\u00e9lais. Les proches peuvent aider en r\u00e9unissant les pi\u00e8ces. L&#8217;avocat structure la demande, v\u00e9rifie le titre de d\u00e9tention et plaide la proportionnalit\u00e9 de la privation de libert\u00e9.<\/p>\n<p>Pour un dossier en cours \u00e0 Paris ou en \u00cele-de-France, la priorit\u00e9 est simple : r\u00e9cup\u00e9rer le jugement ou le dispositif, d\u00e9clarer appel dans les d\u00e9lais, pr\u00e9parer la demande de mise en libert\u00e9, et documenter imm\u00e9diatement domicile, emploi, soins, garanties familiales et absence de risque de fuite.<\/p>\n<p>Une d\u00e9clinaison locale est disponible pour les dossiers suivis devant les juridictions de Paris et d&#8217;\u00cele-de-France : <a href=\"https:\/\/kohenavocats.fr\/2026\/04\/26\/mandat-depot-correctionnel-paris-ile-de-france-mise-en-liberte\/\">mandat de d\u00e9p\u00f4t correctionnel \u00e0 Paris et en \u00cele-de-France<\/a>.<\/p>\n<h2>Besoin d&#8217;un avis rapide sur votre dossier<\/h2>\n<p>Consultation t\u00e9l\u00e9phonique en 48 heures avec un avocat du cabinet.<\/p>\n<p>Analyse cibl\u00e9e du mandat de d\u00e9p\u00f4t, de l&#8217;appel et d&#8217;une demande de mise en libert\u00e9.<\/p>\n<p><a href=\"tel:+33689113445\">06 89 11 34 45<\/a><\/p>\n<p><a href=\"https:\/\/kohenavocats.com\/contactez-nous\/\">Prendre contact avec le cabinet<\/a><\/p>\n<p>Cabinet \u00e0 Paris, intervention en \u00cele-de-France.<\/p>\n","protected":false},"excerpt":{"rendered":"<p>Apr\u00e8s un mandat de d\u00e9p\u00f4t correctionnel, l&#8217;appel ne suffit pas toujours. D\u00e9lais, juridiction comp\u00e9tente, pi\u00e8ces utiles et strat\u00e9gie de demande de mise en libert\u00e9.<\/p>\n","protected":false},"author":232070755,"featured_media":3570,"comment_status":"open","ping_status":"open","sticky":false,"template":"","format":"standard","meta":{"_crdt_document":"","_jetpack_newsletter_access":"","_jetpack_dont_email_post_to_subs":false,"_jetpack_newsletter_tier_id":0,"_jetpack_memberships_contains_paywalled_content":false,"_jetpack_memberships_contains_paid_content":false,"footnotes":"","jetpack_post_was_ever_published":false},"categories":[6995,6364],"tags":[],"class_list":["post-698336","post","type-post","status-publish","format-standard","has-post-thumbnail","hentry","category-decryptage","category-penal"],"yoast_head":"<!-- This site is optimized with the Yoast SEO Premium plugin v27.4 (Yoast SEO v27.4) - https:\/\/yoast.com\/product\/yoast-seo-premium-wordpress\/ -->\n<title>Demande de mise en libert\u00e9 apr\u00e8s mandat de d\u00e9p\u00f4t correctionnel : appel, d\u00e9lais et pi\u00e8ces utiles - Ma\u00eetre Hassan Kohen, avocat en droit p\u00e9nal \u00e0 Paris<\/title>\n<meta name=\"robots\" content=\"index, follow, max-snippet:-1, max-image-preview:large, max-video-preview:-1\" \/>\n<link rel=\"canonical\" href=\"https:\/\/kohenavocats.com\/pt-pt\/demande-mise-en-liberte-mandat-depot-correctionnel-appel-delais-pieces\/\" \/>\n<meta property=\"og:locale\" content=\"pt_PT\" \/>\n<meta property=\"og:type\" content=\"article\" \/>\n<meta property=\"og:title\" content=\"Demande de mise en libert\u00e9 apr\u00e8s mandat de d\u00e9p\u00f4t correctionnel : appel, d\u00e9lais et pi\u00e8ces utiles\" \/>\n<meta property=\"og:description\" content=\"Apr\u00e8s un mandat de d\u00e9p\u00f4t correctionnel, l&#039;appel ne suffit pas toujours. D\u00e9lais, juridiction comp\u00e9tente, pi\u00e8ces utiles et strat\u00e9gie de demande de mise en libert\u00e9.\" \/>\n<meta property=\"og:url\" content=\"https:\/\/kohenavocats.com\/pt-pt\/demande-mise-en-liberte-mandat-depot-correctionnel-appel-delais-pieces\/\" \/>\n<meta property=\"og:site_name\" content=\"Ma\u00eetre Hassan Kohen, avocat en droit p\u00e9nal \u00e0 Paris\" \/>\n<meta property=\"article:published_time\" content=\"2026-04-26T20:27:03+00:00\" \/>\n<meta name=\"author\" content=\"Kohen\" \/>\n<meta name=\"twitter:card\" content=\"summary_large_image\" \/>\n<meta name=\"twitter:label1\" content=\"Escrito por\" \/>\n\t<meta name=\"twitter:data1\" content=\"Kohen\" \/>\n\t<meta name=\"twitter:label2\" content=\"Tempo estimado de leitura\" \/>\n\t<meta name=\"twitter:data2\" content=\"11 minutos\" \/>\n<script type=\"application\/ld+json\" class=\"yoast-schema-graph\">{\"@context\":\"https:\\\/\\\/schema.org\",\"@graph\":[{\"@type\":\"Article\",\"@id\":\"https:\\\/\\\/kohenavocats.com\\\/pt-pt\\\/demande-mise-en-liberte-mandat-depot-correctionnel-appel-delais-pieces\\\/#article\",\"isPartOf\":{\"@id\":\"https:\\\/\\\/kohenavocats.com\\\/pt-pt\\\/demande-mise-en-liberte-mandat-depot-correctionnel-appel-delais-pieces\\\/\"},\"author\":{\"name\":\"Kohen\",\"@id\":\"https:\\\/\\\/kohenavocats.com\\\/pt-pt\\\/#\\\/schema\\\/person\\\/761c9ba54fa1ca84d405cef0831ff751\"},\"headline\":\"Demande de mise en libert\u00e9 apr\u00e8s mandat de d\u00e9p\u00f4t correctionnel : appel, d\u00e9lais et pi\u00e8ces utiles\",\"datePublished\":\"2026-04-26T20:27:03+00:00\",\"mainEntityOfPage\":{\"@id\":\"https:\\\/\\\/kohenavocats.com\\\/pt-pt\\\/demande-mise-en-liberte-mandat-depot-correctionnel-appel-delais-pieces\\\/\"},\"wordCount\":2397,\"commentCount\":0,\"publisher\":{\"@id\":\"https:\\\/\\\/kohenavocats.com\\\/pt-pt\\\/#organization\"},\"image\":{\"@id\":\"https:\\\/\\\/kohenavocats.com\\\/pt-pt\\\/demande-mise-en-liberte-mandat-depot-correctionnel-appel-delais-pieces\\\/#primaryimage\"},\"thumbnailUrl\":\"https:\\\/\\\/kohenavocats.com\\\/wp-content\\\/uploads\\\/2024\\\/06\\\/tingey-injury-law-firm-nSpj-Z12lX0-unsplash.jpg\",\"articleSection\":[\"D\u00e9cryptage\",\"P\u00e9nal\"],\"inLanguage\":\"pt-PT\",\"potentialAction\":[{\"@type\":\"CommentAction\",\"name\":\"Comment\",\"target\":[\"https:\\\/\\\/kohenavocats.com\\\/pt-pt\\\/demande-mise-en-liberte-mandat-depot-correctionnel-appel-delais-pieces\\\/#respond\"]}],\"citation\":\"Demande de mise en libert\u00e9 apr\u00e8s mandat de d\u00e9p\u00f4t correctionnel : appel, d\u00e9lais et pi\u00e8ces utiles\",\"about\":[{\"@type\":\"Thing\",\"name\":\"D\u00e9cryptage\"},{\"@type\":\"Thing\",\"name\":\"P\u00e9nal\"}],\"dateModified\":\"2026-04-26T20:27:03+00:00\",\"speakable\":{\"@type\":\"SpeakableSpecification\",\"cssSelector\":[\".article-content > p:first-of-type\"]}},{\"@type\":\"WebPage\",\"@id\":\"https:\\\/\\\/kohenavocats.com\\\/pt-pt\\\/demande-mise-en-liberte-mandat-depot-correctionnel-appel-delais-pieces\\\/\",\"url\":\"https:\\\/\\\/kohenavocats.com\\\/pt-pt\\\/demande-mise-en-liberte-mandat-depot-correctionnel-appel-delais-pieces\\\/\",\"name\":\"Demande de mise en libert\u00e9 apr\u00e8s mandat de d\u00e9p\u00f4t correctionnel : appel, d\u00e9lais et pi\u00e8ces utiles - Ma\u00eetre Hassan Kohen, avocat en droit p\u00e9nal \u00e0 Paris\",\"isPartOf\":{\"@id\":\"https:\\\/\\\/kohenavocats.com\\\/pt-pt\\\/#website\"},\"primaryImageOfPage\":{\"@id\":\"https:\\\/\\\/kohenavocats.com\\\/pt-pt\\\/demande-mise-en-liberte-mandat-depot-correctionnel-appel-delais-pieces\\\/#primaryimage\"},\"image\":{\"@id\":\"https:\\\/\\\/kohenavocats.com\\\/pt-pt\\\/demande-mise-en-liberte-mandat-depot-correctionnel-appel-delais-pieces\\\/#primaryimage\"},\"thumbnailUrl\":\"https:\\\/\\\/kohenavocats.com\\\/wp-content\\\/uploads\\\/2024\\\/06\\\/tingey-injury-law-firm-nSpj-Z12lX0-unsplash.jpg\",\"datePublished\":\"2026-04-26T20:27:03+00:00\",\"breadcrumb\":{\"@id\":\"https:\\\/\\\/kohenavocats.com\\\/pt-pt\\\/demande-mise-en-liberte-mandat-depot-correctionnel-appel-delais-pieces\\\/#breadcrumb\"},\"inLanguage\":\"pt-PT\",\"potentialAction\":[{\"@type\":\"ReadAction\",\"target\":[\"https:\\\/\\\/kohenavocats.com\\\/pt-pt\\\/demande-mise-en-liberte-mandat-depot-correctionnel-appel-delais-pieces\\\/\"]}]},{\"@type\":\"ImageObject\",\"inLanguage\":\"pt-PT\",\"@id\":\"https:\\\/\\\/kohenavocats.com\\\/pt-pt\\\/demande-mise-en-liberte-mandat-depot-correctionnel-appel-delais-pieces\\\/#primaryimage\",\"url\":\"https:\\\/\\\/kohenavocats.com\\\/wp-content\\\/uploads\\\/2024\\\/06\\\/tingey-injury-law-firm-nSpj-Z12lX0-unsplash.jpg\",\"contentUrl\":\"https:\\\/\\\/kohenavocats.com\\\/wp-content\\\/uploads\\\/2024\\\/06\\\/tingey-injury-law-firm-nSpj-Z12lX0-unsplash.jpg\",\"width\":5978,\"height\":3985},{\"@type\":\"BreadcrumbList\",\"@id\":\"https:\\\/\\\/kohenavocats.com\\\/pt-pt\\\/demande-mise-en-liberte-mandat-depot-correctionnel-appel-delais-pieces\\\/#breadcrumb\",\"itemListElement\":[{\"@type\":\"ListItem\",\"position\":1,\"name\":\"Home\",\"item\":\"https:\\\/\\\/kohenavocats.com\\\/pt-pt\\\/avocats-en-droit-penal-a-paris-conseil-et-defense-strategique\\\/\"},{\"@type\":\"ListItem\",\"position\":2,\"name\":\"Demande de mise en libert\u00e9 apr\u00e8s mandat de d\u00e9p\u00f4t correctionnel : appel, d\u00e9lais et pi\u00e8ces utiles\"}]},{\"@type\":\"WebSite\",\"@id\":\"https:\\\/\\\/kohenavocats.com\\\/pt-pt\\\/#website\",\"url\":\"https:\\\/\\\/kohenavocats.com\\\/pt-pt\\\/\",\"name\":\"Kohen Avocats\",\"description\":\"Ma\u00eetre Hassan Kohen, avocat p\u00e9naliste \u00e0 Paris, intervient exclusivement en droit p\u00e9nal pour la d\u00e9fense des particuliers, notamment en mati\u00e8re d\u2019accusations de viol. Il assure un accompagnement rigoureux d\u00e8s la garde \u00e0 vue jusqu\u2019\u00e0 la Cour d\u2019assises, veillant au strict respect des garanties proc\u00e9durales.\",\"publisher\":{\"@id\":\"https:\\\/\\\/kohenavocats.com\\\/pt-pt\\\/#organization\"},\"potentialAction\":[{\"@type\":\"SearchAction\",\"target\":{\"@type\":\"EntryPoint\",\"urlTemplate\":\"https:\\\/\\\/kohenavocats.com\\\/pt-pt\\\/?s={search_term_string}\"},\"query-input\":{\"@type\":\"PropertyValueSpecification\",\"valueRequired\":true,\"valueName\":\"search_term_string\"}}],\"inLanguage\":\"pt-PT\"},{\"@type\":\"Organization\",\"@id\":\"https:\\\/\\\/kohenavocats.com\\\/pt-pt\\\/#organization\",\"name\":\"Kohen Avocats\",\"url\":\"https:\\\/\\\/kohenavocats.com\\\/pt-pt\\\/\",\"logo\":{\"@type\":\"ImageObject\",\"inLanguage\":\"pt-PT\",\"@id\":\"https:\\\/\\\/kohenavocats.com\\\/pt-pt\\\/#\\\/schema\\\/logo\\\/image\\\/\",\"url\":\"https:\\\/\\\/kohenavocats.com\\\/wp-content\\\/uploads\\\/2026\\\/01\\\/Logo-2-1.webp\",\"contentUrl\":\"https:\\\/\\\/kohenavocats.com\\\/wp-content\\\/uploads\\\/2026\\\/01\\\/Logo-2-1.webp\",\"width\":2114,\"height\":1253,\"caption\":\"Kohen Avocats\"},\"image\":{\"@id\":\"https:\\\/\\\/kohenavocats.com\\\/pt-pt\\\/#\\\/schema\\\/logo\\\/image\\\/\"}},{\"@type\":\"Person\",\"@id\":\"https:\\\/\\\/kohenavocats.com\\\/pt-pt\\\/#\\\/schema\\\/person\\\/761c9ba54fa1ca84d405cef0831ff751\",\"name\":\"Kohen\",\"image\":{\"@type\":\"ImageObject\",\"inLanguage\":\"pt-PT\",\"@id\":\"https:\\\/\\\/secure.gravatar.com\\\/avatar\\\/1c5e76ef76bbbfdd2b4da984e2bf2fa4056fd51a27d25ce2c332047f1dfd6e00?s=96&d=identicon&r=g\",\"url\":\"https:\\\/\\\/secure.gravatar.com\\\/avatar\\\/1c5e76ef76bbbfdd2b4da984e2bf2fa4056fd51a27d25ce2c332047f1dfd6e00?s=96&d=identicon&r=g\",\"contentUrl\":\"https:\\\/\\\/secure.gravatar.com\\\/avatar\\\/1c5e76ef76bbbfdd2b4da984e2bf2fa4056fd51a27d25ce2c332047f1dfd6e00?s=96&d=identicon&r=g\",\"caption\":\"Kohen\"},\"sameAs\":[\"https:\\\/\\\/www.linkedin.com\\\/in\\\/hassan-kohen-448548192\\\/\",\"https:\\\/\\\/www.youtube.com\\\/@Kohen-Avocats\"],\"url\":\"https:\\\/\\\/kohenavocats.com\\\/pt-pt\\\/author\\\/kohenmlk\\\/\"}]}<\/script>\n<!-- \/ Yoast SEO Premium plugin. -->","yoast_head_json":{"title":"Demande de mise en libert\u00e9 apr\u00e8s mandat de d\u00e9p\u00f4t correctionnel : appel, d\u00e9lais et pi\u00e8ces utiles - Ma\u00eetre Hassan Kohen, avocat en droit p\u00e9nal \u00e0 Paris","robots":{"index":"index","follow":"follow","max-snippet":"max-snippet:-1","max-image-preview":"max-image-preview:large","max-video-preview":"max-video-preview:-1"},"canonical":"https:\/\/kohenavocats.com\/pt-pt\/demande-mise-en-liberte-mandat-depot-correctionnel-appel-delais-pieces\/","og_locale":"pt_PT","og_type":"article","og_title":"Demande de mise en libert\u00e9 apr\u00e8s mandat de d\u00e9p\u00f4t correctionnel : appel, d\u00e9lais et pi\u00e8ces utiles","og_description":"Apr\u00e8s un mandat de d\u00e9p\u00f4t correctionnel, l'appel ne suffit pas toujours. D\u00e9lais, juridiction comp\u00e9tente, pi\u00e8ces utiles et strat\u00e9gie de demande de mise en libert\u00e9.","og_url":"https:\/\/kohenavocats.com\/pt-pt\/demande-mise-en-liberte-mandat-depot-correctionnel-appel-delais-pieces\/","og_site_name":"Ma\u00eetre Hassan Kohen, avocat en droit p\u00e9nal \u00e0 Paris","article_published_time":"2026-04-26T20:27:03+00:00","author":"Kohen","twitter_card":"summary_large_image","twitter_misc":{"Escrito por":"Kohen","Tempo estimado de leitura":"11 minutos"},"schema":{"@context":"https:\/\/schema.org","@graph":[{"@type":"Article","@id":"https:\/\/kohenavocats.com\/pt-pt\/demande-mise-en-liberte-mandat-depot-correctionnel-appel-delais-pieces\/#article","isPartOf":{"@id":"https:\/\/kohenavocats.com\/pt-pt\/demande-mise-en-liberte-mandat-depot-correctionnel-appel-delais-pieces\/"},"author":{"name":"Kohen","@id":"https:\/\/kohenavocats.com\/pt-pt\/#\/schema\/person\/761c9ba54fa1ca84d405cef0831ff751"},"headline":"Demande de mise en libert\u00e9 apr\u00e8s mandat de d\u00e9p\u00f4t correctionnel : appel, d\u00e9lais et pi\u00e8ces utiles","datePublished":"2026-04-26T20:27:03+00:00","mainEntityOfPage":{"@id":"https:\/\/kohenavocats.com\/pt-pt\/demande-mise-en-liberte-mandat-depot-correctionnel-appel-delais-pieces\/"},"wordCount":2397,"commentCount":0,"publisher":{"@id":"https:\/\/kohenavocats.com\/pt-pt\/#organization"},"image":{"@id":"https:\/\/kohenavocats.com\/pt-pt\/demande-mise-en-liberte-mandat-depot-correctionnel-appel-delais-pieces\/#primaryimage"},"thumbnailUrl":"https:\/\/kohenavocats.com\/wp-content\/uploads\/2024\/06\/tingey-injury-law-firm-nSpj-Z12lX0-unsplash.jpg","articleSection":["D\u00e9cryptage","P\u00e9nal"],"inLanguage":"pt-PT","potentialAction":[{"@type":"CommentAction","name":"Comment","target":["https:\/\/kohenavocats.com\/pt-pt\/demande-mise-en-liberte-mandat-depot-correctionnel-appel-delais-pieces\/#respond"]}],"citation":"Demande de mise en libert\u00e9 apr\u00e8s mandat de d\u00e9p\u00f4t correctionnel : appel, d\u00e9lais et pi\u00e8ces utiles","about":[{"@type":"Thing","name":"D\u00e9cryptage"},{"@type":"Thing","name":"P\u00e9nal"}],"dateModified":"2026-04-26T20:27:03+00:00","speakable":{"@type":"SpeakableSpecification","cssSelector":[".article-content > p:first-of-type"]}},{"@type":"WebPage","@id":"https:\/\/kohenavocats.com\/pt-pt\/demande-mise-en-liberte-mandat-depot-correctionnel-appel-delais-pieces\/","url":"https:\/\/kohenavocats.com\/pt-pt\/demande-mise-en-liberte-mandat-depot-correctionnel-appel-delais-pieces\/","name":"Demande de mise en libert\u00e9 apr\u00e8s mandat de d\u00e9p\u00f4t correctionnel : appel, d\u00e9lais et pi\u00e8ces utiles - Ma\u00eetre Hassan Kohen, avocat en droit p\u00e9nal \u00e0 Paris","isPartOf":{"@id":"https:\/\/kohenavocats.com\/pt-pt\/#website"},"primaryImageOfPage":{"@id":"https:\/\/kohenavocats.com\/pt-pt\/demande-mise-en-liberte-mandat-depot-correctionnel-appel-delais-pieces\/#primaryimage"},"image":{"@id":"https:\/\/kohenavocats.com\/pt-pt\/demande-mise-en-liberte-mandat-depot-correctionnel-appel-delais-pieces\/#primaryimage"},"thumbnailUrl":"https:\/\/kohenavocats.com\/wp-content\/uploads\/2024\/06\/tingey-injury-law-firm-nSpj-Z12lX0-unsplash.jpg","datePublished":"2026-04-26T20:27:03+00:00","breadcrumb":{"@id":"https:\/\/kohenavocats.com\/pt-pt\/demande-mise-en-liberte-mandat-depot-correctionnel-appel-delais-pieces\/#breadcrumb"},"inLanguage":"pt-PT","potentialAction":[{"@type":"ReadAction","target":["https:\/\/kohenavocats.com\/pt-pt\/demande-mise-en-liberte-mandat-depot-correctionnel-appel-delais-pieces\/"]}]},{"@type":"ImageObject","inLanguage":"pt-PT","@id":"https:\/\/kohenavocats.com\/pt-pt\/demande-mise-en-liberte-mandat-depot-correctionnel-appel-delais-pieces\/#primaryimage","url":"https:\/\/kohenavocats.com\/wp-content\/uploads\/2024\/06\/tingey-injury-law-firm-nSpj-Z12lX0-unsplash.jpg","contentUrl":"https:\/\/kohenavocats.com\/wp-content\/uploads\/2024\/06\/tingey-injury-law-firm-nSpj-Z12lX0-unsplash.jpg","width":5978,"height":3985},{"@type":"BreadcrumbList","@id":"https:\/\/kohenavocats.com\/pt-pt\/demande-mise-en-liberte-mandat-depot-correctionnel-appel-delais-pieces\/#breadcrumb","itemListElement":[{"@type":"ListItem","position":1,"name":"Home","item":"https:\/\/kohenavocats.com\/pt-pt\/avocats-en-droit-penal-a-paris-conseil-et-defense-strategique\/"},{"@type":"ListItem","position":2,"name":"Demande de mise en libert\u00e9 apr\u00e8s mandat de d\u00e9p\u00f4t correctionnel : appel, d\u00e9lais et pi\u00e8ces utiles"}]},{"@type":"WebSite","@id":"https:\/\/kohenavocats.com\/pt-pt\/#website","url":"https:\/\/kohenavocats.com\/pt-pt\/","name":"Kohen Avocats","description":"Ma\u00eetre Hassan Kohen, avocat p\u00e9naliste \u00e0 Paris, intervient exclusivement en droit p\u00e9nal pour la d\u00e9fense des particuliers, notamment en mati\u00e8re d\u2019accusations de viol. Il assure un accompagnement rigoureux d\u00e8s la garde \u00e0 vue jusqu\u2019\u00e0 la Cour d\u2019assises, veillant au strict respect des garanties proc\u00e9durales.","publisher":{"@id":"https:\/\/kohenavocats.com\/pt-pt\/#organization"},"potentialAction":[{"@type":"SearchAction","target":{"@type":"EntryPoint","urlTemplate":"https:\/\/kohenavocats.com\/pt-pt\/?s={search_term_string}"},"query-input":{"@type":"PropertyValueSpecification","valueRequired":true,"valueName":"search_term_string"}}],"inLanguage":"pt-PT"},{"@type":"Organization","@id":"https:\/\/kohenavocats.com\/pt-pt\/#organization","name":"Kohen Avocats","url":"https:\/\/kohenavocats.com\/pt-pt\/","logo":{"@type":"ImageObject","inLanguage":"pt-PT","@id":"https:\/\/kohenavocats.com\/pt-pt\/#\/schema\/logo\/image\/","url":"https:\/\/kohenavocats.com\/wp-content\/uploads\/2026\/01\/Logo-2-1.webp","contentUrl":"https:\/\/kohenavocats.com\/wp-content\/uploads\/2026\/01\/Logo-2-1.webp","width":2114,"height":1253,"caption":"Kohen Avocats"},"image":{"@id":"https:\/\/kohenavocats.com\/pt-pt\/#\/schema\/logo\/image\/"}},{"@type":"Person","@id":"https:\/\/kohenavocats.com\/pt-pt\/#\/schema\/person\/761c9ba54fa1ca84d405cef0831ff751","name":"Kohen","image":{"@type":"ImageObject","inLanguage":"pt-PT","@id":"https:\/\/secure.gravatar.com\/avatar\/1c5e76ef76bbbfdd2b4da984e2bf2fa4056fd51a27d25ce2c332047f1dfd6e00?s=96&d=identicon&r=g","url":"https:\/\/secure.gravatar.com\/avatar\/1c5e76ef76bbbfdd2b4da984e2bf2fa4056fd51a27d25ce2c332047f1dfd6e00?s=96&d=identicon&r=g","contentUrl":"https:\/\/secure.gravatar.com\/avatar\/1c5e76ef76bbbfdd2b4da984e2bf2fa4056fd51a27d25ce2c332047f1dfd6e00?s=96&d=identicon&r=g","caption":"Kohen"},"sameAs":["https:\/\/www.linkedin.com\/in\/hassan-kohen-448548192\/","https:\/\/www.youtube.com\/@Kohen-Avocats"],"url":"https:\/\/kohenavocats.com\/pt-pt\/author\/kohenmlk\/"}]}},"jetpack_featured_media_url":"https:\/\/kohenavocats.com\/wp-content\/uploads\/2024\/06\/tingey-injury-law-firm-nSpj-Z12lX0-unsplash.jpg","jetpack_likes_enabled":false,"jetpack_shortlink":"https:\/\/wp.me\/peCrII-2VFu","jetpack-related-posts":[{"id":660466,"url":"https:\/\/kohenavocats.com\/pt-pt\/mandat-de-depot-correctionnel-sortie-audience-48h\/","url_meta":{"origin":698336,"position":0},"title":"Mandat de d\u00e9p\u00f4t correctionnel : que faire \u00e0 la sortie d&#8217;audience et dans les 48 premi\u00e8res heures ?","author":"Kohen","date":"23 de Abril, 2026","format":false,"excerpt":"Mandat de d\u00e9p\u00f4t correctionnel : appel, motivation sp\u00e9ciale, pi\u00e8ces utiles et erreurs \u00e0 \u00e9viter dans les 48 premi\u00e8res heures.","rel":"","context":"In &quot;Non cat\u00e9goris\u00e9&quot;","block_context":{"text":"Non cat\u00e9goris\u00e9","link":"https:\/\/kohenavocats.com\/category\/non-categorise\/"},"img":{"alt_text":"","src":"https:\/\/i0.wp.com\/kohenavocats.com\/wp-content\/uploads\/2024\/11\/anastassia-anufrieva-Lm7c-0yemo8-unsplash.webp?resize=350%2C200&ssl=1","width":350,"height":200,"srcset":"https:\/\/i0.wp.com\/kohenavocats.com\/wp-content\/uploads\/2024\/11\/anastassia-anufrieva-Lm7c-0yemo8-unsplash.webp?resize=350%2C200&ssl=1 1x, https:\/\/i0.wp.com\/kohenavocats.com\/wp-content\/uploads\/2024\/11\/anastassia-anufrieva-Lm7c-0yemo8-unsplash.webp?resize=525%2C300&ssl=1 1.5x, https:\/\/i0.wp.com\/kohenavocats.com\/wp-content\/uploads\/2024\/11\/anastassia-anufrieva-Lm7c-0yemo8-unsplash.webp?resize=700%2C400&ssl=1 2x, https:\/\/i0.wp.com\/kohenavocats.com\/wp-content\/uploads\/2024\/11\/anastassia-anufrieva-Lm7c-0yemo8-unsplash.webp?resize=1050%2C600&ssl=1 3x, https:\/\/i0.wp.com\/kohenavocats.com\/wp-content\/uploads\/2024\/11\/anastassia-anufrieva-Lm7c-0yemo8-unsplash.webp?resize=1400%2C800&ssl=1 4x"},"classes":[]},{"id":639058,"url":"https:\/\/kohenavocats.com\/pt-pt\/convocation-tribunal-correctionnel-risque-prison-premiere-audience\/","url_meta":{"origin":698336,"position":1},"title":"Convocation au tribunal correctionnel : risque-t-on la prison d\u00e8s la premi\u00e8re audience ?","author":"Kohen","date":"21 de Abril, 2026","format":false,"excerpt":"Convocation correctionnelle ordinaire : quand la prison le jour meme est possible, quand elle ne l'est pas, et comment preparer le debat sur l'amenagement.","rel":"","context":"In &quot;Non cat\u00e9goris\u00e9&quot;","block_context":{"text":"Non cat\u00e9goris\u00e9","link":"https:\/\/kohenavocats.com\/category\/non-categorise\/"},"img":{"alt_text":"","src":"https:\/\/i0.wp.com\/kohenavocats.com\/wp-content\/uploads\/2024\/08\/louis-paulin-hoyM4lFB8S0-unsplash.webp?resize=350%2C200&ssl=1","width":350,"height":200,"srcset":"https:\/\/i0.wp.com\/kohenavocats.com\/wp-content\/uploads\/2024\/08\/louis-paulin-hoyM4lFB8S0-unsplash.webp?resize=350%2C200&ssl=1 1x, https:\/\/i0.wp.com\/kohenavocats.com\/wp-content\/uploads\/2024\/08\/louis-paulin-hoyM4lFB8S0-unsplash.webp?resize=525%2C300&ssl=1 1.5x, https:\/\/i0.wp.com\/kohenavocats.com\/wp-content\/uploads\/2024\/08\/louis-paulin-hoyM4lFB8S0-unsplash.webp?resize=700%2C400&ssl=1 2x, https:\/\/i0.wp.com\/kohenavocats.com\/wp-content\/uploads\/2024\/08\/louis-paulin-hoyM4lFB8S0-unsplash.webp?resize=1050%2C600&ssl=1 3x, https:\/\/i0.wp.com\/kohenavocats.com\/wp-content\/uploads\/2024\/08\/louis-paulin-hoyM4lFB8S0-unsplash.webp?resize=1400%2C800&ssl=1 4x"},"classes":[]},{"id":643337,"url":"https:\/\/kohenavocats.com\/pt-pt\/mandat-arret-mandat-amener-penal-que-faire-avant-arrestation\/","url_meta":{"origin":698336,"position":2},"title":"Mandat d&#8217;arr\u00eat ou mandat d&#8217;amener apr\u00e8s une affaire p\u00e9nale : que faire avant l&#8217;arrestation ?","author":"Kohen","date":"22 de Abril, 2026","format":false,"excerpt":"Audience manqu\u00e9e, contr\u00f4le judiciaire, instruction, retour en France : comment lire un mandat d'arr\u00eat ou un mandat d'amener et reprendre la main avant l'interpellation.","rel":"","context":"In &quot;Non cat\u00e9goris\u00e9&quot;","block_context":{"text":"Non cat\u00e9goris\u00e9","link":"https:\/\/kohenavocats.com\/category\/non-categorise\/"},"img":{"alt_text":"","src":"https:\/\/i0.wp.com\/kohenavocats.com\/wp-content\/uploads\/2024\/08\/nicolas-hippert-xcIwC9TZnL4-unsplash.webp?resize=350%2C200&ssl=1","width":350,"height":200,"srcset":"https:\/\/i0.wp.com\/kohenavocats.com\/wp-content\/uploads\/2024\/08\/nicolas-hippert-xcIwC9TZnL4-unsplash.webp?resize=350%2C200&ssl=1 1x, https:\/\/i0.wp.com\/kohenavocats.com\/wp-content\/uploads\/2024\/08\/nicolas-hippert-xcIwC9TZnL4-unsplash.webp?resize=525%2C300&ssl=1 1.5x, https:\/\/i0.wp.com\/kohenavocats.com\/wp-content\/uploads\/2024\/08\/nicolas-hippert-xcIwC9TZnL4-unsplash.webp?resize=700%2C400&ssl=1 2x, https:\/\/i0.wp.com\/kohenavocats.com\/wp-content\/uploads\/2024\/08\/nicolas-hippert-xcIwC9TZnL4-unsplash.webp?resize=1050%2C600&ssl=1 3x, https:\/\/i0.wp.com\/kohenavocats.com\/wp-content\/uploads\/2024\/08\/nicolas-hippert-xcIwC9TZnL4-unsplash.webp?resize=1400%2C800&ssl=1 4x"},"classes":[]},{"id":660467,"url":"https:\/\/kohenavocats.com\/pt-pt\/mandat-de-depot-correctionnel-paris-ile-de-france-cour-appel-greffe-pieces\/","url_meta":{"origin":698336,"position":3},"title":"Mandat de d\u00e9p\u00f4t correctionnel \u00e0 Paris et en \u00cele-de-France : quel juge, quels d\u00e9lais et quelles pi\u00e8ces dans les 48 heures ?","author":"Kohen","date":"23 de Abril, 2026","format":false,"excerpt":"Mandat de d\u00e9p\u00f4t correctionnel \u00e0 Paris et en Ile-de-France : ressort d'appel, greffe utile, d\u00e9lais et pi\u00e8ces \u00e0 r\u00e9unir dans les 48 heures.","rel":"","context":"In &quot;Non cat\u00e9goris\u00e9&quot;","block_context":{"text":"Non cat\u00e9goris\u00e9","link":"https:\/\/kohenavocats.com\/category\/non-categorise\/"},"img":{"alt_text":"","src":"https:\/\/i0.wp.com\/kohenavocats.com\/wp-content\/uploads\/2024\/08\/daniel-bustos-KfhRfj6ZQPY-unsplash.webp?resize=350%2C200&ssl=1","width":350,"height":200,"srcset":"https:\/\/i0.wp.com\/kohenavocats.com\/wp-content\/uploads\/2024\/08\/daniel-bustos-KfhRfj6ZQPY-unsplash.webp?resize=350%2C200&ssl=1 1x, https:\/\/i0.wp.com\/kohenavocats.com\/wp-content\/uploads\/2024\/08\/daniel-bustos-KfhRfj6ZQPY-unsplash.webp?resize=525%2C300&ssl=1 1.5x, https:\/\/i0.wp.com\/kohenavocats.com\/wp-content\/uploads\/2024\/08\/daniel-bustos-KfhRfj6ZQPY-unsplash.webp?resize=700%2C400&ssl=1 2x, https:\/\/i0.wp.com\/kohenavocats.com\/wp-content\/uploads\/2024\/08\/daniel-bustos-KfhRfj6ZQPY-unsplash.webp?resize=1050%2C600&ssl=1 3x, https:\/\/i0.wp.com\/kohenavocats.com\/wp-content\/uploads\/2024\/08\/daniel-bustos-KfhRfj6ZQPY-unsplash.webp?resize=1400%2C800&ssl=1 4x"},"classes":[]},{"id":654300,"url":"https:\/\/kohenavocats.com\/pt-pt\/demande-mise-en-liberte-delai-reponse-refus-mandat-depot\/","url_meta":{"origin":698336,"position":4},"title":"Demande de mise en libert\u00e9 : quel d\u00e9lai de r\u00e9ponse, que faire si elle est refus\u00e9e et comment agir sous mandat de d\u00e9p\u00f4t ?","author":"Kohen","date":"23 de Abril, 2026","format":false,"excerpt":"Demande de mise en libert\u00e9 : d\u00e9lais des articles 148 et 148-2 CPP, refus, mandat de d\u00e9p\u00f4t, saisine directe et pi\u00e8ces utiles pour agir vite.","rel":"","context":"In &quot;Non cat\u00e9goris\u00e9&quot;","block_context":{"text":"Non cat\u00e9goris\u00e9","link":"https:\/\/kohenavocats.com\/category\/non-categorise\/"},"img":{"alt_text":"","src":"https:\/\/i0.wp.com\/kohenavocats.com\/wp-content\/uploads\/2024\/08\/fabian-schneidereit-pahbeN4wc_M-unsplash.webp?resize=350%2C200&ssl=1","width":350,"height":200,"srcset":"https:\/\/i0.wp.com\/kohenavocats.com\/wp-content\/uploads\/2024\/08\/fabian-schneidereit-pahbeN4wc_M-unsplash.webp?resize=350%2C200&ssl=1 1x, https:\/\/i0.wp.com\/kohenavocats.com\/wp-content\/uploads\/2024\/08\/fabian-schneidereit-pahbeN4wc_M-unsplash.webp?resize=525%2C300&ssl=1 1.5x, https:\/\/i0.wp.com\/kohenavocats.com\/wp-content\/uploads\/2024\/08\/fabian-schneidereit-pahbeN4wc_M-unsplash.webp?resize=700%2C400&ssl=1 2x, https:\/\/i0.wp.com\/kohenavocats.com\/wp-content\/uploads\/2024\/08\/fabian-schneidereit-pahbeN4wc_M-unsplash.webp?resize=1050%2C600&ssl=1 3x, https:\/\/i0.wp.com\/kohenavocats.com\/wp-content\/uploads\/2024\/08\/fabian-schneidereit-pahbeN4wc_M-unsplash.webp?resize=1400%2C800&ssl=1 4x"},"classes":[]},{"id":654309,"url":"https:\/\/kohenavocats.com\/pt-pt\/demande-mise-en-liberte-paris-ile-de-france-juge-delais-pieces\/","url_meta":{"origin":698336,"position":5},"title":"Demande de mise en libert\u00e9 \u00e0 Paris et en \u00cele-de-France : quel juge saisir, quels d\u00e9lais et quelles pi\u00e8ces pr\u00e9parer ?","author":"Kohen","date":"23 de Abril, 2026","format":false,"excerpt":"Demande de mise en libert\u00e9 \u00e0 Paris et en Ile-de-France : juge comp\u00e9tent, d\u00e9lais opposables, ressort utile et pi\u00e8ces \u00e0 pr\u00e9parer.","rel":"","context":"In &quot;Non cat\u00e9goris\u00e9&quot;","block_context":{"text":"Non cat\u00e9goris\u00e9","link":"https:\/\/kohenavocats.com\/category\/non-categorise\/"},"img":{"alt_text":"","src":"https:\/\/i0.wp.com\/kohenavocats.com\/wp-content\/uploads\/2024\/08\/amir-mortezaie-bKLKnHSwk4A-unsplash.webp?resize=350%2C200&ssl=1","width":350,"height":200,"srcset":"https:\/\/i0.wp.com\/kohenavocats.com\/wp-content\/uploads\/2024\/08\/amir-mortezaie-bKLKnHSwk4A-unsplash.webp?resize=350%2C200&ssl=1 1x, https:\/\/i0.wp.com\/kohenavocats.com\/wp-content\/uploads\/2024\/08\/amir-mortezaie-bKLKnHSwk4A-unsplash.webp?resize=525%2C300&ssl=1 1.5x, https:\/\/i0.wp.com\/kohenavocats.com\/wp-content\/uploads\/2024\/08\/amir-mortezaie-bKLKnHSwk4A-unsplash.webp?resize=700%2C400&ssl=1 2x, https:\/\/i0.wp.com\/kohenavocats.com\/wp-content\/uploads\/2024\/08\/amir-mortezaie-bKLKnHSwk4A-unsplash.webp?resize=1050%2C600&ssl=1 3x, https:\/\/i0.wp.com\/kohenavocats.com\/wp-content\/uploads\/2024\/08\/amir-mortezaie-bKLKnHSwk4A-unsplash.webp?resize=1400%2C800&ssl=1 4x"},"classes":[]}],"jetpack_sharing_enabled":true,"_links":{"self":[{"href":"https:\/\/kohenavocats.com\/pt-pt\/wp-json\/wp\/v2\/posts\/698336","targetHints":{"allow":["GET"]}}],"collection":[{"href":"https:\/\/kohenavocats.com\/pt-pt\/wp-json\/wp\/v2\/posts"}],"about":[{"href":"https:\/\/kohenavocats.com\/pt-pt\/wp-json\/wp\/v2\/types\/post"}],"author":[{"embeddable":true,"href":"https:\/\/kohenavocats.com\/pt-pt\/wp-json\/wp\/v2\/users\/232070755"}],"replies":[{"embeddable":true,"href":"https:\/\/kohenavocats.com\/pt-pt\/wp-json\/wp\/v2\/comments?post=698336"}],"version-history":[{"count":0,"href":"https:\/\/kohenavocats.com\/pt-pt\/wp-json\/wp\/v2\/posts\/698336\/revisions"}],"wp:featuredmedia":[{"embeddable":true,"href":"https:\/\/kohenavocats.com\/pt-pt\/wp-json\/wp\/v2\/media\/3570"}],"wp:attachment":[{"href":"https:\/\/kohenavocats.com\/pt-pt\/wp-json\/wp\/v2\/media?parent=698336"}],"wp:term":[{"taxonomy":"category","embeddable":true,"href":"https:\/\/kohenavocats.com\/pt-pt\/wp-json\/wp\/v2\/categories?post=698336"},{"taxonomy":"post_tag","embeddable":true,"href":"https:\/\/kohenavocats.com\/pt-pt\/wp-json\/wp\/v2\/tags?post=698336"}],"curies":[{"name":"wp","href":"https:\/\/api.w.org\/{rel}","templated":true}]}}