{"id":708842,"date":"2026-04-27T19:56:48","date_gmt":"2026-04-27T17:56:48","guid":{"rendered":"https:\/\/kohenavocats.com\/caa-caa-de-toulouse-16-04-2026-n-24tl00177\/"},"modified":"2026-04-27T19:56:48","modified_gmt":"2026-04-27T17:56:48","slug":"caa-caa-de-toulouse-16-04-2026-n-24tl00177","status":"publish","type":"post","link":"https:\/\/kohenavocats.com\/pt-pt\/caa-caa-de-toulouse-16-04-2026-n-24tl00177\/","title":{"rendered":"CAA &#8211; CAA de TOULOUSE &#8211; 16\/04\/2026 &#8211; n\u00b0 24TL00177"},"content":{"rendered":"<div class='article-content'>\n<style scoped>.toc-article{background:#f8f9fa;border:1px solid #e2e6ea;border-left:4px solid #2c5f8a;border-radius:6px;padding:20px 24px;margin:0 0 32px;font-size:15px;line-height:1.6}.toc-article p{margin:0 0 10px;font-size:16px;font-weight:600;color:#1a1a1a}.toc-article ul{list-style:none;margin:0;padding:0}.toc-article li.toc-h2{padding:4px 0}.toc-article li.toc-h3{padding:2px 0 2px 20px;font-size:14px}.toc-article a{color:#2c5f8a;text-decoration:none;border-bottom:1px dotted #a0b4c8}.toc-article a:hover{color:#1a3d5c;border-bottom-color:#1a3d5c}<\/style>\n<nav class=\"toc-article\" role=\"navigation\" aria-label=\"Sommaire\">\n<p>Sommaire<\/p>\n<ul>\n<li class=\"toc-h2\"><a href=\"#fondements-juridiques\">Fondements juridiques<\/a><\/li>\n<\/ul>\n<\/nav>\n<p>La cour administrative d\u2019appel de Toulouse a rendu un arr\u00eat le 16 avril 2026 rejetant la requ\u00eate d\u2019une soci\u00e9t\u00e9 concurrente contre un permis de construire valant autorisation d\u2019exploitation commerciale. L\u2019affaire portait sur l\u2019extension d\u2019un supermarch\u00e9 E. Leclerc \u00e0 Saint-Sulpice-la-Pointe, passant de 980 \u00e0 2 328 m\u00e8tres carr\u00e9s. La requ\u00e9rante contestait la l\u00e9galit\u00e9 de l\u2019arr\u00eat\u00e9 municipal du 19 d\u00e9cembre 2023, invoquant de nombreux moyens tir\u00e9s de l\u2019incomp\u00e9tence, de l\u2019incompl\u00e9tude du dossier, et de la m\u00e9connaissance des crit\u00e8res l\u00e9gaux. La question centrale \u00e9tait de savoir si le projet compromettait les objectifs d\u2019am\u00e9nagement du territoire, de d\u00e9veloppement durable et de protection des consommateurs. La cour a jug\u00e9 le projet conforme \u00e0 la r\u00e9glementation et a rejet\u00e9 l\u2019ensemble des moyens.<\/p>\n<p>I. La r\u00e9gularit\u00e9 de la proc\u00e9dure et la comp\u00e9tence de l\u2019autorit\u00e9.<\/p>\n<p>La cour \u00e9carte d\u2019abord le moyen tir\u00e9 de l\u2019incomp\u00e9tence du signataire de l\u2019arr\u00eat\u00e9 attaqu\u00e9. Elle rel\u00e8ve qu\u2019une d\u00e9l\u00e9gation de signature avait \u00e9t\u00e9 r\u00e9guli\u00e8rement donn\u00e9e \u00e0 un adjoint pour les actes d\u2019urbanisme. Ce constat factuel simple suffit \u00e0 \u00e9carter le grief, le moyen manquant en fait.<\/p>\n<p>Sur la compl\u00e9tude du dossier, la cour rappelle que seule une omission de nature \u00e0 fausser l\u2019appr\u00e9ciation de l\u2019administration est de nature \u00e0 vicier la proc\u00e9dure. Elle estime que les photomontages produits, bien qu\u2019imparfaits, permettaient d\u2019appr\u00e9cier l\u2019insertion du projet. La cour souligne surtout que le dossier avait \u00e9t\u00e9 compl\u00e9t\u00e9 en cours d\u2019instruction par de nouveaux documents.<\/p>\n<p>La solution retenue sur ce point est classique et conforme \u00e0 la jurisprudence constante. La valeur de cet arr\u00eat est de rappeler le caract\u00e8re non formaliste du contr\u00f4le sur le contenu du dossier. La port\u00e9e est de s\u00e9curiser les autorisations lorsque les omissions sont ult\u00e9rieurement corrig\u00e9es devant la commission.<\/p>\n<p>II. La compatibilit\u00e9 du projet avec les objectifs de l\u2019article L. 752-6 du code de commerce.<\/p>\n<p>La cour examine ensuite la conformit\u00e9 du projet aux crit\u00e8res d\u2019am\u00e9nagement du territoire, de d\u00e9veloppement durable et de protection des consommateurs. Elle commence par \u00e9carter l\u2019incompatibilit\u00e9 avec le sch\u00e9ma de coh\u00e9rence territoriale, jugeant que le projet s\u2019inscrit dans un secteur d\u00e9di\u00e9 au commerce et r\u00e9pond \u00e0 la croissance d\u00e9mographique.<\/p>\n<p>S\u2019agissant de l\u2019am\u00e9nagement du territoire, la cour estime que l\u2019impact sur les centres-villes est limit\u00e9 et que le projet maintient une compl\u00e9mentarit\u00e9 avec le commerce de proximit\u00e9. Elle pr\u00e9cise que l\u2019autorisation ne peut \u00eatre subordonn\u00e9e \u00e0 l\u2019absence de toute incidence n\u00e9gative.<\/p>\n<p>Sur le d\u00e9veloppement durable, la cour valide l\u2019insertion paysag\u00e8re et architecturale malgr\u00e9 l\u2019absence de mat\u00e9riaux locaux. Elle \u00e9carte le grief d\u2019artificialisation des sols en retenant que le projet remplit les conditions de d\u00e9rogation pr\u00e9vues par la loi. La cour cite le crit\u00e8re de l\u2019insertion dans un secteur d\u2019implantation p\u00e9riph\u00e9rique identifi\u00e9 avant la loi Climat et R\u00e9silience.<\/p>\n<p>Enfin, sur la protection des consommateurs, la cour \u00e9carte le risque d\u2019inondation en raison des mesures techniques pr\u00e9vues. L\u2019arr\u00eat confirme ici l\u2019office du juge qui exerce un contr\u00f4le restreint sur l\u2019appr\u00e9ciation des commissions d\u2019am\u00e9nagement commercial. La port\u00e9e de cette d\u00e9cision est de valider un projet d\u2019extension dans une zone p\u00e9riph\u00e9rique dynamique, au d\u00e9triment des commerces de centre-ville.<\/p>\n<\/div>\n<style scoped>.fondements-juridiques{margin:40px 0 0;padding:0}.fondements-juridiques>h2{font-size:22px;color:#1a1a1a;border-bottom:2px solid #2c5f8a;padding-bottom:10px;margin-bottom:20px}.fj-article{background:#fdfdfd;border:1px solid #e8e8e8;border-radius:6px;padding:20px;margin-bottom:16px}.fj-article h3{font-size:17px;color:#2c5f8a;margin:0 0 12px;font-weight:600}.fj-texte{font-size:15px;line-height:1.7;color:#333}.fj-texte p{margin:8px 0}.fj-badge{font-size:11px;padding:2px 8px;border-radius:3px;margin-left:8px;font-weight:500;vertical-align:middle}.fj-en-vigueur{background:#e8f5e9;color:#2e7d32}.fj-abroge{background:#ffebee;color:#c62828}.fj-modifie{background:#fff3e0;color:#e65100}<\/style>\n<section class=\"fondements-juridiques\">\n<h2 id=\"fondements-juridiques\">Fondements juridiques<\/h2>\n<div class=\"fj-article\">\n<h3><a href=\"https:\/\/www.legifrance.gouv.fr\/codes\/article_lc\/LEGIARTI000043978048\" rel=\"nofollow\" target=\"_blank\">Article L. 752-6 du Code de commerce<\/a> <span class=\"fj-badge fj-en-vigueur\">En vigueur<\/span><\/h3>\n<div class=\"fj-texte\">\n<p>I.-L&#8217;autorisation d&#8217;exploitation commerciale mentionn\u00e9e \u00e0 l&#8217;article L. 752-1 est compatible avec le document d&#8217;orientation et d&#8217;objectifs des sch\u00e9mas de coh\u00e9rence territoriale ou, le cas \u00e9ch\u00e9ant, avec les orientations d&#8217;am\u00e9nagement et de programmation des plans locaux d&#8217;urbanisme intercommunaux comportant les dispositions pr\u00e9vues au deuxi\u00e8me alin\u00e9a de l&#8217;article L. 151-6 du code de l&#8217;urbanisme.<\/p>\n<p>La commission d\u00e9partementale d&#8217;am\u00e9nagement commercial prend en consid\u00e9ration :<\/p>\n<p>1\u00b0 En mati\u00e8re d&#8217;am\u00e9nagement du territoire :<\/p>\n<p>a) La localisation du projet et son int\u00e9gration urbaine ;<\/p>\n<p>b) La consommation \u00e9conome de l&#8217;espace, notamment en termes de stationnement ;<\/p>\n<p>c) L&#8217;effet sur l&#8217;animation de la vie urbaine, rurale et dans les zones de montagne et du littoral ;<\/p>\n<p>d) L&#8217;effet du projet sur les flux de transports et son accessibilit\u00e9 par les transports collectifs et les modes de d\u00e9placement les plus \u00e9conomes en \u00e9mission de dioxyde de carbone ;<\/p>\n<p>e) La contribution du projet \u00e0 la pr\u00e9servation ou \u00e0 la revitalisation du tissu commercial du centre-ville de la commune d&#8217;implantation, des communes limitrophes et de l&#8217;\u00e9tablissement public de coop\u00e9ration intercommunale \u00e0 fiscalit\u00e9 propre dont la commune d&#8217;implantation est membre ;<\/p>\n<p>f) Les co\u00fbts indirects support\u00e9s par la collectivit\u00e9 en mati\u00e8re notamment d&#8217;infrastructures et de transports ;<\/p>\n<p>2\u00b0 En mati\u00e8re de d\u00e9veloppement durable :<\/p>\n<p>a) La qualit\u00e9 environnementale du projet, notamment du point de vue de la performance \u00e9nerg\u00e9tique et des \u00e9missions de gaz \u00e0 effet de serre par anticipation du bilan pr\u00e9vu aux 1\u00b0 et 2\u00b0 du I de l&#8217;article L. 229-25 du code de l&#8217;environnement, du recours le plus large qui soit aux \u00e9nergies renouvelables et \u00e0 l&#8217;emploi de mat\u00e9riaux ou proc\u00e9d\u00e9s \u00e9co-responsables, de la gestion des eaux pluviales, de l&#8217;imperm\u00e9abilisation des sols et de la pr\u00e9servation de l&#8217;environnement ;<\/p>\n<p>b) L&#8217;insertion paysag\u00e8re et architecturale du projet, notamment par l&#8217;utilisation de mat\u00e9riaux caract\u00e9ristiques des fili\u00e8res de production locales ;<\/p>\n<p>c) Les nuisances de toute nature que le projet est susceptible de g\u00e9n\u00e9rer au d\u00e9triment de son environnement proche.<\/p>\n<p>Les a et b du pr\u00e9sent 2\u00b0 s&#8217;appliquent \u00e9galement aux b\u00e2timents existants s&#8217;agissant des projets mentionn\u00e9s au 2\u00b0 de l&#8217;article L. 752-1 ;<\/p>\n<p>3\u00b0 En mati\u00e8re de protection des consommateurs :<\/p>\n<p>a) L&#8217;accessibilit\u00e9, en termes, notamment, de proximit\u00e9 de l&#8217;offre par rapport aux lieux de vie ;<\/p>\n<p>b) La contribution du projet \u00e0 la revitalisation du tissu commercial, notamment par la modernisation des \u00e9quipements commerciaux existants et la pr\u00e9servation des centres urbains ;<\/p>\n<p>c) La vari\u00e9t\u00e9 de l&#8217;offre propos\u00e9e par le projet, notamment par le d\u00e9veloppement de concepts novateurs et la valorisation de fili\u00e8res de production locales ;<\/p>\n<p>d) Les risques naturels, miniers et autres auxquels peut \u00eatre expos\u00e9 le site d&#8217;implantation du projet, ainsi que les mesures propres \u00e0 assurer la s\u00e9curit\u00e9 des consommateurs.<\/p>\n<p>II.-A titre accessoire, la commission peut prendre en consid\u00e9ration la contribution du projet en mati\u00e8re sociale.<\/p>\n<p>III.-La commission se prononce au vu d&#8217;une analyse d&#8217;impact du projet, produite par le demandeur \u00e0 l&#8217;appui de sa demande d&#8217;autorisation. R\u00e9alis\u00e9e par un organisme ind\u00e9pendant habilit\u00e9 par le repr\u00e9sentant de l&#8217;Etat dans le d\u00e9partement, cette analyse \u00e9value les effets du projet sur l&#8217;animation et le d\u00e9veloppement \u00e9conomique du centre-ville de la commune d&#8217;implantation, des communes limitrophes et de l&#8217;\u00e9tablissement public de coop\u00e9ration intercommunale \u00e0 fiscalit\u00e9 propre dont la commune d&#8217;implantation est membre, ainsi que sur l&#8217;emploi, en s&#8217;appuyant notamment sur l&#8217;\u00e9volution d\u00e9mographique, le taux de vacance commerciale et l&#8217;offre de m\u00e8tres carr\u00e9s commerciaux d\u00e9j\u00e0 existants dans la zone de chalandise pertinente, en tenant compte des \u00e9changes pendulaires journaliers et, le cas \u00e9ch\u00e9ant, saisonniers, entre les territoires.<\/p>\n<p>IV.-Le demandeur d&#8217;une autorisation d&#8217;exploitation commerciale doit d\u00e9montrer, dans l&#8217;analyse d&#8217;impact mentionn\u00e9e au III, qu&#8217;aucune friche existante en centre-ville ne permet l&#8217;accueil du projet envisag\u00e9. En l&#8217;absence d&#8217;une telle friche, il doit d\u00e9montrer qu&#8217;aucune friche existante en p\u00e9riph\u00e9rie ne permet l&#8217;accueil du projet envisag\u00e9.<\/p>\n<p>V.-L&#8217;autorisation d&#8217;exploitation commerciale ne peut \u00eatre d\u00e9livr\u00e9e pour une implantation ou une extension qui engendrerait une artificialisation des sols, au sens du neuvi\u00e8me alin\u00e9a de l&#8217;article L. 101-2-1 du code de l&#8217;urbanisme.<\/p>\n<p> Toutefois, une autorisation d&#8217;exploitation commerciale peut \u00eatre d\u00e9livr\u00e9e si le p\u00e9titionnaire d\u00e9montre, \u00e0 l&#8217;appui de l&#8217;analyse d&#8217;impact mentionn\u00e9e au III du pr\u00e9sent article, que son projet s&#8217;ins\u00e8re en continuit\u00e9 avec les espaces urbanis\u00e9s dans un secteur au type d&#8217;urbanisation ad\u00e9quat, qu&#8217;il r\u00e9pond aux besoins du territoire et qu&#8217;il ob\u00e9it \u00e0 l&#8217;un des crit\u00e8res suivants :<\/p>\n<p> 1\u00b0 L&#8217;insertion de ce projet, tel que d\u00e9fini \u00e0 l&#8217;article L. 752-1, dans le secteur d&#8217;intervention d&#8217;une op\u00e9ration de revitalisation de territoire ou dans un quartier prioritaire de la politique de la ville ;<\/p>\n<p> 2\u00b0 L&#8217;insertion du projet dans une op\u00e9ration d&#8217;am\u00e9nagement au sein d&#8217;un espace d\u00e9j\u00e0 urbanis\u00e9, afin de favoriser notamment la mixit\u00e9 fonctionnelle du secteur concern\u00e9 ;<\/p>\n<p> 3\u00b0 La compensation par la transformation d&#8217;un sol artificialis\u00e9 en sol non artificialis\u00e9, au sens de l&#8217;avant-dernier alin\u00e9a de l&#8217;article L. 101-2-1 du code de l&#8217;urbanisme ;<\/p>\n<p> 4\u00b0 L&#8217;insertion au sein d&#8217;un secteur d&#8217;implantation p\u00e9riph\u00e9rique ou d&#8217;une centralit\u00e9 urbaine identifi\u00e9s dans le document d&#8217;orientation et d&#8217;objectifs du sch\u00e9ma de coh\u00e9rence territoriale entr\u00e9 en vigueur avant la publication de la loi n\u00b0 2021-1104 du 22 ao\u00fbt 2021 portant lutte contre le d\u00e9r\u00e8glement climatique et renforcement de la r\u00e9silience face \u00e0 ses effets ou au sein d&#8217;une zone d&#8217;activit\u00e9 commerciale d\u00e9limit\u00e9e dans le r\u00e8glement du plan local d&#8217;urbanisme intercommunal entr\u00e9 en vigueur avant la publication de la m\u00eame loi.<\/p>\n<p> Les deuxi\u00e8me \u00e0 sixi\u00e8me alin\u00e9as du pr\u00e9sent V sont applicables uniquement aux projets ayant pour objet :<\/p>\n<p> a) La cr\u00e9ation d&#8217;un magasin de commerce de d\u00e9tail ou d&#8217;un ensemble commercial d&#8217;une surface de vente inf\u00e9rieure \u00e0 10 000 m\u00e8tres carr\u00e9s ;<\/p>\n<p> b) L&#8217;extension de la surface de vente d&#8217;un magasin de commerce de d\u00e9tail ou d&#8217;un ensemble commercial d\u00e8s lors que la surface de vente totale dudit magasin ou ensemble commercial reste inf\u00e9rieure \u00e0 10 000 m\u00e8tres carr\u00e9s ;<\/p>\n<p> c) L&#8217;extension de la surface de vente d&#8217;un magasin de commerce de d\u00e9tail ou d&#8217;un ensemble commercial ayant d\u00e9j\u00e0 atteint le seuil des 10 000 m\u00e8tres carr\u00e9s ou devant le d\u00e9passer par la r\u00e9alisation du projet, dans la limite d&#8217;une seule extension par magasin ou ensemble commercial et sous r\u00e9serve que l&#8217;extension de la surface de vente soit inf\u00e9rieure \u00e0 1 000 m\u00e8tres carr\u00e9s.<\/p>\n<p> Pour tout projet d&#8217;une surface de vente sup\u00e9rieure \u00e0 3 000 m\u00e8tres carr\u00e9s et inf\u00e9rieure \u00e0 10 000 m\u00e8tres carr\u00e9s, la d\u00e9rogation n&#8217;est accord\u00e9e qu&#8217;apr\u00e8s avis conforme du repr\u00e9sentant de l&#8217;Etat.<\/p>\n<p> Un d\u00e9cret en Conseil d&#8217;Etat pr\u00e9cise les modalit\u00e9s d&#8217;application du pr\u00e9sent V ainsi que les projets consid\u00e9r\u00e9s comme engendrant une artificialisation des sols au sens du premier alin\u00e9a du pr\u00e9sent V.<\/p>\n<\/p>\n<\/div>\n<\/div>\n<\/section>\n","protected":false},"excerpt":{"rendered":"<p>La cour administrative d\u2019appel de Toulouse a rendu un arr\u00eat le 16 avril 2026 rejetant la requ\u00eate d\u2019une soci\u00e9t\u00e9 concurrente contre un permis de construire&#8230;<\/p>\n","protected":false},"author":232070755,"featured_media":3913,"comment_status":"open","ping_status":"open","sticky":false,"template":"","format":"standard","meta":{"_crdt_document":"","_jetpack_newsletter_access":"","_jetpack_dont_email_post_to_subs":false,"_jetpack_newsletter_tier_id":0,"_jetpack_memberships_contains_paywalled_content":false,"_kj_source_type":"","_kj_official_id":"","_kj_official_url":"","_kj_judilibre_id":"","_kj_jur":"","_kj_lieu":"","_kj_chambre":"","_kj_rg":"","_kj_date":"","_jetpack_memberships_contains_paid_content":false,"footnotes":"","jetpack_post_was_ever_published":false},"categories":[7593],"tags":[],"class_list":["post-708842","post","type-post","status-publish","format-standard","has-post-thumbnail","hentry","category-juridictions-administratives"],"yoast_head":"<!-- This site is optimized with the Yoast SEO Premium plugin v27.4 (Yoast SEO v27.4) - https:\/\/yoast.com\/product\/yoast-seo-premium-wordpress\/ -->\n<title>CAA - CAA de TOULOUSE - 16\/04\/2026 - n\u00b0 24TL00177 - Ma\u00eetre Hassan Kohen, avocat en droit p\u00e9nal \u00e0 Paris<\/title>\n<meta name=\"description\" content=\"La cour administrative d\u2019appel de Toulouse a rendu un arr\u00eat le 16 avril 2026 rejetant la requ\u00eate d\u2019une soci\u00e9t\u00e9 concurrente contre un permis de construire...\" \/>\n<meta name=\"robots\" content=\"index, follow, max-snippet:-1, max-image-preview:large, max-video-preview:-1\" \/>\n<link rel=\"canonical\" href=\"https:\/\/kohenavocats.com\/pt-pt\/caa-caa-de-toulouse-16-04-2026-n-24tl00177\/\" \/>\n<meta property=\"og:locale\" content=\"pt_PT\" \/>\n<meta property=\"og:type\" content=\"article\" \/>\n<meta property=\"og:title\" content=\"CAA - CAA de TOULOUSE - 16\/04\/2026 - n\u00b0 24TL00177\" \/>\n<meta property=\"og:description\" content=\"La cour administrative d\u2019appel de Toulouse a rendu un arr\u00eat le 16 avril 2026 rejetant la requ\u00eate d\u2019une soci\u00e9t\u00e9 concurrente contre un permis de construire...\" \/>\n<meta property=\"og:url\" content=\"https:\/\/kohenavocats.com\/pt-pt\/caa-caa-de-toulouse-16-04-2026-n-24tl00177\/\" \/>\n<meta property=\"og:site_name\" content=\"Ma\u00eetre Hassan Kohen, avocat en droit p\u00e9nal \u00e0 Paris\" \/>\n<meta property=\"article:published_time\" content=\"2026-04-27T17:56:48+00:00\" \/>\n<meta property=\"og:image\" content=\"https:\/\/kohenavocats.com\/wp-content\/uploads\/2024\/07\/nathan-cima-OHE90W2rQF4-unsplash.webp\" \/>\n\t<meta property=\"og:image:width\" content=\"6000\" \/>\n\t<meta property=\"og:image:height\" content=\"4000\" \/>\n\t<meta property=\"og:image:type\" content=\"image\/webp\" \/>\n<meta name=\"author\" content=\"Kohen\" \/>\n<meta name=\"twitter:card\" content=\"summary_large_image\" \/>\n<meta name=\"twitter:label1\" content=\"Escrito por\" \/>\n\t<meta name=\"twitter:data1\" content=\"Kohen\" \/>\n\t<meta name=\"twitter:label2\" content=\"Tempo estimado de leitura\" \/>\n\t<meta name=\"twitter:data2\" content=\"9 minutos\" \/>\n<script type=\"application\/ld+json\" class=\"yoast-schema-graph\">{\"@context\":\"https:\\\/\\\/schema.org\",\"@graph\":[{\"@type\":\"Article\",\"@id\":\"https:\\\/\\\/kohenavocats.com\\\/pt-pt\\\/caa-caa-de-toulouse-16-04-2026-n-24tl00177\\\/#article\",\"isPartOf\":{\"@id\":\"https:\\\/\\\/kohenavocats.com\\\/pt-pt\\\/caa-caa-de-toulouse-16-04-2026-n-24tl00177\\\/\"},\"author\":{\"name\":\"Kohen\",\"@id\":\"https:\\\/\\\/kohenavocats.com\\\/pt-pt\\\/#\\\/schema\\\/person\\\/761c9ba54fa1ca84d405cef0831ff751\"},\"headline\":\"CAA &#8211; CAA de TOULOUSE &#8211; 16\\\/04\\\/2026 &#8211; n\u00b0 24TL00177\",\"datePublished\":\"2026-04-27T17:56:48+00:00\",\"mainEntityOfPage\":{\"@id\":\"https:\\\/\\\/kohenavocats.com\\\/pt-pt\\\/caa-caa-de-toulouse-16-04-2026-n-24tl00177\\\/\"},\"wordCount\":1885,\"commentCount\":0,\"publisher\":{\"@id\":\"https:\\\/\\\/kohenavocats.com\\\/pt-pt\\\/#organization\"},\"image\":{\"@id\":\"https:\\\/\\\/kohenavocats.com\\\/pt-pt\\\/caa-caa-de-toulouse-16-04-2026-n-24tl00177\\\/#primaryimage\"},\"thumbnailUrl\":\"https:\\\/\\\/kohenavocats.com\\\/wp-content\\\/uploads\\\/2024\\\/07\\\/nathan-cima-OHE90W2rQF4-unsplash.webp\",\"articleSection\":[\"Juridictions administratives\"],\"inLanguage\":\"pt-PT\",\"potentialAction\":[{\"@type\":\"CommentAction\",\"name\":\"Comment\",\"target\":[\"https:\\\/\\\/kohenavocats.com\\\/pt-pt\\\/caa-caa-de-toulouse-16-04-2026-n-24tl00177\\\/#respond\"]}],\"citation\":\"CAA &#8211; CAA de TOULOUSE &#8211; 16\\\/04\\\/2026 &#8211; n\u00b0 24TL00177\",\"about\":[{\"@type\":\"Thing\",\"name\":\"Juridictions administratives\"}],\"dateModified\":\"2026-04-27T17:56:48+00:00\",\"speakable\":{\"@type\":\"SpeakableSpecification\",\"cssSelector\":[\".article-content > p:first-of-type\"]}},{\"@type\":\"WebPage\",\"@id\":\"https:\\\/\\\/kohenavocats.com\\\/pt-pt\\\/caa-caa-de-toulouse-16-04-2026-n-24tl00177\\\/\",\"url\":\"https:\\\/\\\/kohenavocats.com\\\/pt-pt\\\/caa-caa-de-toulouse-16-04-2026-n-24tl00177\\\/\",\"name\":\"CAA - CAA de TOULOUSE - 16\\\/04\\\/2026 - n\u00b0 24TL00177 - Ma\u00eetre Hassan Kohen, avocat en droit p\u00e9nal \u00e0 Paris\",\"isPartOf\":{\"@id\":\"https:\\\/\\\/kohenavocats.com\\\/pt-pt\\\/#website\"},\"primaryImageOfPage\":{\"@id\":\"https:\\\/\\\/kohenavocats.com\\\/pt-pt\\\/caa-caa-de-toulouse-16-04-2026-n-24tl00177\\\/#primaryimage\"},\"image\":{\"@id\":\"https:\\\/\\\/kohenavocats.com\\\/pt-pt\\\/caa-caa-de-toulouse-16-04-2026-n-24tl00177\\\/#primaryimage\"},\"thumbnailUrl\":\"https:\\\/\\\/kohenavocats.com\\\/wp-content\\\/uploads\\\/2024\\\/07\\\/nathan-cima-OHE90W2rQF4-unsplash.webp\",\"datePublished\":\"2026-04-27T17:56:48+00:00\",\"description\":\"La cour administrative d\u2019appel de Toulouse a rendu un arr\u00eat le 16 avril 2026 rejetant la requ\u00eate d\u2019une soci\u00e9t\u00e9 concurrente contre un permis de construire...\",\"breadcrumb\":{\"@id\":\"https:\\\/\\\/kohenavocats.com\\\/pt-pt\\\/caa-caa-de-toulouse-16-04-2026-n-24tl00177\\\/#breadcrumb\"},\"inLanguage\":\"pt-PT\",\"potentialAction\":[{\"@type\":\"ReadAction\",\"target\":[\"https:\\\/\\\/kohenavocats.com\\\/pt-pt\\\/caa-caa-de-toulouse-16-04-2026-n-24tl00177\\\/\"]}]},{\"@type\":\"ImageObject\",\"inLanguage\":\"pt-PT\",\"@id\":\"https:\\\/\\\/kohenavocats.com\\\/pt-pt\\\/caa-caa-de-toulouse-16-04-2026-n-24tl00177\\\/#primaryimage\",\"url\":\"https:\\\/\\\/kohenavocats.com\\\/wp-content\\\/uploads\\\/2024\\\/07\\\/nathan-cima-OHE90W2rQF4-unsplash.webp\",\"contentUrl\":\"https:\\\/\\\/kohenavocats.com\\\/wp-content\\\/uploads\\\/2024\\\/07\\\/nathan-cima-OHE90W2rQF4-unsplash.webp\",\"width\":6000,\"height\":4000},{\"@type\":\"BreadcrumbList\",\"@id\":\"https:\\\/\\\/kohenavocats.com\\\/pt-pt\\\/caa-caa-de-toulouse-16-04-2026-n-24tl00177\\\/#breadcrumb\",\"itemListElement\":[{\"@type\":\"ListItem\",\"position\":1,\"name\":\"Home\",\"item\":\"https:\\\/\\\/kohenavocats.com\\\/pt-pt\\\/avocats-en-droit-penal-a-paris-conseil-et-defense-strategique\\\/\"},{\"@type\":\"ListItem\",\"position\":2,\"name\":\"CAA &#8211; CAA de TOULOUSE &#8211; 16\\\/04\\\/2026 &#8211; n\u00b0 24TL00177\"}]},{\"@type\":\"WebSite\",\"@id\":\"https:\\\/\\\/kohenavocats.com\\\/pt-pt\\\/#website\",\"url\":\"https:\\\/\\\/kohenavocats.com\\\/pt-pt\\\/\",\"name\":\"Kohen Avocats\",\"description\":\"Ma\u00eetre Hassan Kohen, avocat p\u00e9naliste \u00e0 Paris, intervient exclusivement en droit p\u00e9nal pour la d\u00e9fense des particuliers, notamment en mati\u00e8re d\u2019accusations de viol. Il assure un accompagnement rigoureux d\u00e8s la garde \u00e0 vue jusqu\u2019\u00e0 la Cour d\u2019assises, veillant au strict respect des garanties proc\u00e9durales.\",\"publisher\":{\"@id\":\"https:\\\/\\\/kohenavocats.com\\\/pt-pt\\\/#organization\"},\"potentialAction\":[{\"@type\":\"SearchAction\",\"target\":{\"@type\":\"EntryPoint\",\"urlTemplate\":\"https:\\\/\\\/kohenavocats.com\\\/pt-pt\\\/?s={search_term_string}\"},\"query-input\":{\"@type\":\"PropertyValueSpecification\",\"valueRequired\":true,\"valueName\":\"search_term_string\"}}],\"inLanguage\":\"pt-PT\"},{\"@type\":\"Organization\",\"@id\":\"https:\\\/\\\/kohenavocats.com\\\/pt-pt\\\/#organization\",\"name\":\"Kohen Avocats\",\"url\":\"https:\\\/\\\/kohenavocats.com\\\/pt-pt\\\/\",\"logo\":{\"@type\":\"ImageObject\",\"inLanguage\":\"pt-PT\",\"@id\":\"https:\\\/\\\/kohenavocats.com\\\/pt-pt\\\/#\\\/schema\\\/logo\\\/image\\\/\",\"url\":\"https:\\\/\\\/kohenavocats.com\\\/wp-content\\\/uploads\\\/2026\\\/01\\\/Logo-2-1.webp\",\"contentUrl\":\"https:\\\/\\\/kohenavocats.com\\\/wp-content\\\/uploads\\\/2026\\\/01\\\/Logo-2-1.webp\",\"width\":2114,\"height\":1253,\"caption\":\"Kohen Avocats\"},\"image\":{\"@id\":\"https:\\\/\\\/kohenavocats.com\\\/pt-pt\\\/#\\\/schema\\\/logo\\\/image\\\/\"}},{\"@type\":\"Person\",\"@id\":\"https:\\\/\\\/kohenavocats.com\\\/pt-pt\\\/#\\\/schema\\\/person\\\/761c9ba54fa1ca84d405cef0831ff751\",\"name\":\"Kohen\",\"image\":{\"@type\":\"ImageObject\",\"inLanguage\":\"pt-PT\",\"@id\":\"https:\\\/\\\/secure.gravatar.com\\\/avatar\\\/1c5e76ef76bbbfdd2b4da984e2bf2fa4056fd51a27d25ce2c332047f1dfd6e00?s=96&d=identicon&r=g\",\"url\":\"https:\\\/\\\/secure.gravatar.com\\\/avatar\\\/1c5e76ef76bbbfdd2b4da984e2bf2fa4056fd51a27d25ce2c332047f1dfd6e00?s=96&d=identicon&r=g\",\"contentUrl\":\"https:\\\/\\\/secure.gravatar.com\\\/avatar\\\/1c5e76ef76bbbfdd2b4da984e2bf2fa4056fd51a27d25ce2c332047f1dfd6e00?s=96&d=identicon&r=g\",\"caption\":\"Kohen\"},\"sameAs\":[\"https:\\\/\\\/www.linkedin.com\\\/in\\\/hassan-kohen-448548192\\\/\",\"https:\\\/\\\/www.youtube.com\\\/@Kohen-Avocats\"],\"url\":\"https:\\\/\\\/kohenavocats.com\\\/pt-pt\\\/author\\\/kohenmlk\\\/\"}]}<\/script>\n<!-- \/ Yoast SEO Premium plugin. -->","yoast_head_json":{"title":"CAA - CAA de TOULOUSE - 16\/04\/2026 - n\u00b0 24TL00177 - Ma\u00eetre Hassan Kohen, avocat en droit p\u00e9nal \u00e0 Paris","description":"La cour administrative d\u2019appel de Toulouse a rendu un arr\u00eat le 16 avril 2026 rejetant la requ\u00eate d\u2019une soci\u00e9t\u00e9 concurrente contre un permis de construire...","robots":{"index":"index","follow":"follow","max-snippet":"max-snippet:-1","max-image-preview":"max-image-preview:large","max-video-preview":"max-video-preview:-1"},"canonical":"https:\/\/kohenavocats.com\/pt-pt\/caa-caa-de-toulouse-16-04-2026-n-24tl00177\/","og_locale":"pt_PT","og_type":"article","og_title":"CAA - CAA de TOULOUSE - 16\/04\/2026 - n\u00b0 24TL00177","og_description":"La cour administrative d\u2019appel de Toulouse a rendu un arr\u00eat le 16 avril 2026 rejetant la requ\u00eate d\u2019une soci\u00e9t\u00e9 concurrente contre un permis de construire...","og_url":"https:\/\/kohenavocats.com\/pt-pt\/caa-caa-de-toulouse-16-04-2026-n-24tl00177\/","og_site_name":"Ma\u00eetre Hassan Kohen, avocat en droit p\u00e9nal \u00e0 Paris","article_published_time":"2026-04-27T17:56:48+00:00","og_image":[{"width":6000,"height":4000,"url":"https:\/\/kohenavocats.com\/wp-content\/uploads\/2024\/07\/nathan-cima-OHE90W2rQF4-unsplash.webp","type":"image\/webp"}],"author":"Kohen","twitter_card":"summary_large_image","twitter_misc":{"Escrito por":"Kohen","Tempo estimado de leitura":"9 minutos"},"schema":{"@context":"https:\/\/schema.org","@graph":[{"@type":"Article","@id":"https:\/\/kohenavocats.com\/pt-pt\/caa-caa-de-toulouse-16-04-2026-n-24tl00177\/#article","isPartOf":{"@id":"https:\/\/kohenavocats.com\/pt-pt\/caa-caa-de-toulouse-16-04-2026-n-24tl00177\/"},"author":{"name":"Kohen","@id":"https:\/\/kohenavocats.com\/pt-pt\/#\/schema\/person\/761c9ba54fa1ca84d405cef0831ff751"},"headline":"CAA &#8211; CAA de TOULOUSE &#8211; 16\/04\/2026 &#8211; n\u00b0 24TL00177","datePublished":"2026-04-27T17:56:48+00:00","mainEntityOfPage":{"@id":"https:\/\/kohenavocats.com\/pt-pt\/caa-caa-de-toulouse-16-04-2026-n-24tl00177\/"},"wordCount":1885,"commentCount":0,"publisher":{"@id":"https:\/\/kohenavocats.com\/pt-pt\/#organization"},"image":{"@id":"https:\/\/kohenavocats.com\/pt-pt\/caa-caa-de-toulouse-16-04-2026-n-24tl00177\/#primaryimage"},"thumbnailUrl":"https:\/\/kohenavocats.com\/wp-content\/uploads\/2024\/07\/nathan-cima-OHE90W2rQF4-unsplash.webp","articleSection":["Juridictions administratives"],"inLanguage":"pt-PT","potentialAction":[{"@type":"CommentAction","name":"Comment","target":["https:\/\/kohenavocats.com\/pt-pt\/caa-caa-de-toulouse-16-04-2026-n-24tl00177\/#respond"]}],"citation":"CAA &#8211; CAA de TOULOUSE &#8211; 16\/04\/2026 &#8211; n\u00b0 24TL00177","about":[{"@type":"Thing","name":"Juridictions administratives"}],"dateModified":"2026-04-27T17:56:48+00:00","speakable":{"@type":"SpeakableSpecification","cssSelector":[".article-content > p:first-of-type"]}},{"@type":"WebPage","@id":"https:\/\/kohenavocats.com\/pt-pt\/caa-caa-de-toulouse-16-04-2026-n-24tl00177\/","url":"https:\/\/kohenavocats.com\/pt-pt\/caa-caa-de-toulouse-16-04-2026-n-24tl00177\/","name":"CAA - CAA de TOULOUSE - 16\/04\/2026 - n\u00b0 24TL00177 - Ma\u00eetre Hassan Kohen, avocat en droit p\u00e9nal \u00e0 Paris","isPartOf":{"@id":"https:\/\/kohenavocats.com\/pt-pt\/#website"},"primaryImageOfPage":{"@id":"https:\/\/kohenavocats.com\/pt-pt\/caa-caa-de-toulouse-16-04-2026-n-24tl00177\/#primaryimage"},"image":{"@id":"https:\/\/kohenavocats.com\/pt-pt\/caa-caa-de-toulouse-16-04-2026-n-24tl00177\/#primaryimage"},"thumbnailUrl":"https:\/\/kohenavocats.com\/wp-content\/uploads\/2024\/07\/nathan-cima-OHE90W2rQF4-unsplash.webp","datePublished":"2026-04-27T17:56:48+00:00","description":"La cour administrative d\u2019appel de Toulouse a rendu un arr\u00eat le 16 avril 2026 rejetant la requ\u00eate d\u2019une soci\u00e9t\u00e9 concurrente contre un permis de construire...","breadcrumb":{"@id":"https:\/\/kohenavocats.com\/pt-pt\/caa-caa-de-toulouse-16-04-2026-n-24tl00177\/#breadcrumb"},"inLanguage":"pt-PT","potentialAction":[{"@type":"ReadAction","target":["https:\/\/kohenavocats.com\/pt-pt\/caa-caa-de-toulouse-16-04-2026-n-24tl00177\/"]}]},{"@type":"ImageObject","inLanguage":"pt-PT","@id":"https:\/\/kohenavocats.com\/pt-pt\/caa-caa-de-toulouse-16-04-2026-n-24tl00177\/#primaryimage","url":"https:\/\/kohenavocats.com\/wp-content\/uploads\/2024\/07\/nathan-cima-OHE90W2rQF4-unsplash.webp","contentUrl":"https:\/\/kohenavocats.com\/wp-content\/uploads\/2024\/07\/nathan-cima-OHE90W2rQF4-unsplash.webp","width":6000,"height":4000},{"@type":"BreadcrumbList","@id":"https:\/\/kohenavocats.com\/pt-pt\/caa-caa-de-toulouse-16-04-2026-n-24tl00177\/#breadcrumb","itemListElement":[{"@type":"ListItem","position":1,"name":"Home","item":"https:\/\/kohenavocats.com\/pt-pt\/avocats-en-droit-penal-a-paris-conseil-et-defense-strategique\/"},{"@type":"ListItem","position":2,"name":"CAA &#8211; CAA de TOULOUSE &#8211; 16\/04\/2026 &#8211; n\u00b0 24TL00177"}]},{"@type":"WebSite","@id":"https:\/\/kohenavocats.com\/pt-pt\/#website","url":"https:\/\/kohenavocats.com\/pt-pt\/","name":"Kohen Avocats","description":"Ma\u00eetre Hassan Kohen, avocat p\u00e9naliste \u00e0 Paris, intervient exclusivement en droit p\u00e9nal pour la d\u00e9fense des particuliers, notamment en mati\u00e8re d\u2019accusations de viol. Il assure un accompagnement rigoureux d\u00e8s la garde \u00e0 vue jusqu\u2019\u00e0 la Cour d\u2019assises, veillant au strict respect des garanties proc\u00e9durales.","publisher":{"@id":"https:\/\/kohenavocats.com\/pt-pt\/#organization"},"potentialAction":[{"@type":"SearchAction","target":{"@type":"EntryPoint","urlTemplate":"https:\/\/kohenavocats.com\/pt-pt\/?s={search_term_string}"},"query-input":{"@type":"PropertyValueSpecification","valueRequired":true,"valueName":"search_term_string"}}],"inLanguage":"pt-PT"},{"@type":"Organization","@id":"https:\/\/kohenavocats.com\/pt-pt\/#organization","name":"Kohen Avocats","url":"https:\/\/kohenavocats.com\/pt-pt\/","logo":{"@type":"ImageObject","inLanguage":"pt-PT","@id":"https:\/\/kohenavocats.com\/pt-pt\/#\/schema\/logo\/image\/","url":"https:\/\/kohenavocats.com\/wp-content\/uploads\/2026\/01\/Logo-2-1.webp","contentUrl":"https:\/\/kohenavocats.com\/wp-content\/uploads\/2026\/01\/Logo-2-1.webp","width":2114,"height":1253,"caption":"Kohen Avocats"},"image":{"@id":"https:\/\/kohenavocats.com\/pt-pt\/#\/schema\/logo\/image\/"}},{"@type":"Person","@id":"https:\/\/kohenavocats.com\/pt-pt\/#\/schema\/person\/761c9ba54fa1ca84d405cef0831ff751","name":"Kohen","image":{"@type":"ImageObject","inLanguage":"pt-PT","@id":"https:\/\/secure.gravatar.com\/avatar\/1c5e76ef76bbbfdd2b4da984e2bf2fa4056fd51a27d25ce2c332047f1dfd6e00?s=96&d=identicon&r=g","url":"https:\/\/secure.gravatar.com\/avatar\/1c5e76ef76bbbfdd2b4da984e2bf2fa4056fd51a27d25ce2c332047f1dfd6e00?s=96&d=identicon&r=g","contentUrl":"https:\/\/secure.gravatar.com\/avatar\/1c5e76ef76bbbfdd2b4da984e2bf2fa4056fd51a27d25ce2c332047f1dfd6e00?s=96&d=identicon&r=g","caption":"Kohen"},"sameAs":["https:\/\/www.linkedin.com\/in\/hassan-kohen-448548192\/","https:\/\/www.youtube.com\/@Kohen-Avocats"],"url":"https:\/\/kohenavocats.com\/pt-pt\/author\/kohenmlk\/"}]}},"jetpack_featured_media_url":"https:\/\/kohenavocats.com\/wp-content\/uploads\/2024\/07\/nathan-cima-OHE90W2rQF4-unsplash.webp","jetpack_likes_enabled":false,"jetpack_shortlink":"https:\/\/wp.me\/peCrII-2YoW","jetpack-related-posts":[{"id":724491,"url":"https:\/\/kohenavocats.com\/pt-pt\/caa-caa-de-toulouse-17-03-2026-n-25tl02350\/","url_meta":{"origin":708842,"position":0},"title":"CAA &#8211; CAA de TOULOUSE &#8211; 17\/03\/2026 &#8211; n\u00b0 25TL02350","author":"Kohen","date":"28 de Abril, 2026","format":false,"excerpt":"La cour administrative d\u2019appel de Toulouse, par une ordonnance du 17 mars 2026, rejette la requ\u00eate d\u2019un ancien gardien de la paix retrait\u00e9. Ce dernier...","rel":"","context":"In &quot;Juridictions administratives&quot;","block_context":{"text":"Juridictions administratives","link":"https:\/\/kohenavocats.com\/category\/juridictions-administratives\/"},"img":{"alt_text":"","src":"https:\/\/i0.wp.com\/kohenavocats.com\/wp-content\/uploads\/2024\/08\/kyle-glenn-TELAb4duebI-unsplash.webp?resize=350%2C200&ssl=1","width":350,"height":200,"srcset":"https:\/\/i0.wp.com\/kohenavocats.com\/wp-content\/uploads\/2024\/08\/kyle-glenn-TELAb4duebI-unsplash.webp?resize=350%2C200&ssl=1 1x, https:\/\/i0.wp.com\/kohenavocats.com\/wp-content\/uploads\/2024\/08\/kyle-glenn-TELAb4duebI-unsplash.webp?resize=525%2C300&ssl=1 1.5x, https:\/\/i0.wp.com\/kohenavocats.com\/wp-content\/uploads\/2024\/08\/kyle-glenn-TELAb4duebI-unsplash.webp?resize=700%2C400&ssl=1 2x, https:\/\/i0.wp.com\/kohenavocats.com\/wp-content\/uploads\/2024\/08\/kyle-glenn-TELAb4duebI-unsplash.webp?resize=1050%2C600&ssl=1 3x, https:\/\/i0.wp.com\/kohenavocats.com\/wp-content\/uploads\/2024\/08\/kyle-glenn-TELAb4duebI-unsplash.webp?resize=1400%2C800&ssl=1 4x"},"classes":[]},{"id":724457,"url":"https:\/\/kohenavocats.com\/pt-pt\/caa-caa-de-toulouse-17-03-2026-n-24tl01458\/","url_meta":{"origin":708842,"position":1},"title":"CAA &#8211; CAA de TOULOUSE &#8211; 17\/03\/2026 &#8211; n\u00b0 24TL01458","author":"Kohen","date":"28 de Abril, 2026","format":false,"excerpt":"Par un arr\u00eat du 17 mars 2026, la cour administrative d\u2019appel de Toulouse a annul\u00e9 un jugement du tribunal administratif de Montpellier. Un arr\u00eat\u00e9 du...","rel":"","context":"In &quot;Juridictions administratives&quot;","block_context":{"text":"Juridictions administratives","link":"https:\/\/kohenavocats.com\/category\/juridictions-administratives\/"},"img":{"alt_text":"","src":"https:\/\/i0.wp.com\/kohenavocats.com\/wp-content\/uploads\/2024\/08\/philippe-oursel-pWhx6q22d_I-unsplash.webp?resize=350%2C200&ssl=1","width":350,"height":200,"srcset":"https:\/\/i0.wp.com\/kohenavocats.com\/wp-content\/uploads\/2024\/08\/philippe-oursel-pWhx6q22d_I-unsplash.webp?resize=350%2C200&ssl=1 1x, https:\/\/i0.wp.com\/kohenavocats.com\/wp-content\/uploads\/2024\/08\/philippe-oursel-pWhx6q22d_I-unsplash.webp?resize=525%2C300&ssl=1 1.5x, https:\/\/i0.wp.com\/kohenavocats.com\/wp-content\/uploads\/2024\/08\/philippe-oursel-pWhx6q22d_I-unsplash.webp?resize=700%2C400&ssl=1 2x, https:\/\/i0.wp.com\/kohenavocats.com\/wp-content\/uploads\/2024\/08\/philippe-oursel-pWhx6q22d_I-unsplash.webp?resize=1050%2C600&ssl=1 3x, https:\/\/i0.wp.com\/kohenavocats.com\/wp-content\/uploads\/2024\/08\/philippe-oursel-pWhx6q22d_I-unsplash.webp?resize=1400%2C800&ssl=1 4x"},"classes":[]},{"id":724501,"url":"https:\/\/kohenavocats.com\/pt-pt\/caa-caa-de-toulouse-17-03-2026-n-24tl01343\/","url_meta":{"origin":708842,"position":2},"title":"CAA &#8211; CAA de TOULOUSE &#8211; 17\/03\/2026 &#8211; n\u00b0 24TL01343","author":"Kohen","date":"28 de Abril, 2026","format":false,"excerpt":"La cour administrative d\u2019appel de Toulouse a rendu un arr\u00eat le 17 mars 2026 concernant un d\u00e9sistement dans le cadre d\u2019un litige relatif \u00e0 un p\u00e9ril...","rel":"","context":"In &quot;Juridictions administratives&quot;","block_context":{"text":"Juridictions administratives","link":"https:\/\/kohenavocats.com\/category\/juridictions-administratives\/"},"img":{"alt_text":"","src":"https:\/\/i0.wp.com\/kohenavocats.com\/wp-content\/uploads\/2024\/07\/alex-block-PdDBTrkGYLo-unsplash-1-1.webp?resize=350%2C200&ssl=1","width":350,"height":200,"srcset":"https:\/\/i0.wp.com\/kohenavocats.com\/wp-content\/uploads\/2024\/07\/alex-block-PdDBTrkGYLo-unsplash-1-1.webp?resize=350%2C200&ssl=1 1x, https:\/\/i0.wp.com\/kohenavocats.com\/wp-content\/uploads\/2024\/07\/alex-block-PdDBTrkGYLo-unsplash-1-1.webp?resize=525%2C300&ssl=1 1.5x, https:\/\/i0.wp.com\/kohenavocats.com\/wp-content\/uploads\/2024\/07\/alex-block-PdDBTrkGYLo-unsplash-1-1.webp?resize=700%2C400&ssl=1 2x, https:\/\/i0.wp.com\/kohenavocats.com\/wp-content\/uploads\/2024\/07\/alex-block-PdDBTrkGYLo-unsplash-1-1.webp?resize=1050%2C600&ssl=1 3x, https:\/\/i0.wp.com\/kohenavocats.com\/wp-content\/uploads\/2024\/07\/alex-block-PdDBTrkGYLo-unsplash-1-1.webp?resize=1400%2C800&ssl=1 4x"},"classes":[]},{"id":723115,"url":"https:\/\/kohenavocats.com\/pt-pt\/caa-caa-de-toulouse-24-03-2026-n-24tl02948\/","url_meta":{"origin":708842,"position":3},"title":"CAA &#8211; CAA de TOULOUSE &#8211; 24\/03\/2026 &#8211; n\u00b0 24TL02948","author":"Kohen","date":"28 de Abril, 2026","format":false,"excerpt":"La cour administrative d\u2019appel de Toulouse a rendu un arr\u00eat le 24 mars 2026 dans le litige opposant une secr\u00e9taire de mairie \u00e0 sa commune employeur. La...","rel":"","context":"In &quot;Juridictions administratives&quot;","block_context":{"text":"Juridictions administratives","link":"https:\/\/kohenavocats.com\/category\/juridictions-administratives\/"},"img":{"alt_text":"","src":"https:\/\/i0.wp.com\/kohenavocats.com\/wp-content\/uploads\/2024\/08\/felix-fuchs-P4NdKIesk_A-unsplash.webp?resize=350%2C200&ssl=1","width":350,"height":200,"srcset":"https:\/\/i0.wp.com\/kohenavocats.com\/wp-content\/uploads\/2024\/08\/felix-fuchs-P4NdKIesk_A-unsplash.webp?resize=350%2C200&ssl=1 1x, https:\/\/i0.wp.com\/kohenavocats.com\/wp-content\/uploads\/2024\/08\/felix-fuchs-P4NdKIesk_A-unsplash.webp?resize=525%2C300&ssl=1 1.5x, https:\/\/i0.wp.com\/kohenavocats.com\/wp-content\/uploads\/2024\/08\/felix-fuchs-P4NdKIesk_A-unsplash.webp?resize=700%2C400&ssl=1 2x, https:\/\/i0.wp.com\/kohenavocats.com\/wp-content\/uploads\/2024\/08\/felix-fuchs-P4NdKIesk_A-unsplash.webp?resize=1050%2C600&ssl=1 3x, https:\/\/i0.wp.com\/kohenavocats.com\/wp-content\/uploads\/2024\/08\/felix-fuchs-P4NdKIesk_A-unsplash.webp?resize=1400%2C800&ssl=1 4x"},"classes":[]},{"id":724493,"url":"https:\/\/kohenavocats.com\/pt-pt\/caa-caa-de-toulouse-17-03-2026-n-24tl01231\/","url_meta":{"origin":708842,"position":4},"title":"CAA &#8211; CAA de TOULOUSE &#8211; 17\/03\/2026 &#8211; n\u00b0 24TL01231","author":"Kohen","date":"28 de Abril, 2026","format":false,"excerpt":"La cour administrative d\u2019appel de Toulouse, dans un arr\u00eat du 17 mars 2026, a rejet\u00e9 la requ\u00eate d\u2019un ressortissant guin\u00e9en contestant un refus de titre de...","rel":"","context":"In &quot;Juridictions administratives&quot;","block_context":{"text":"Juridictions administratives","link":"https:\/\/kohenavocats.com\/category\/juridictions-administratives\/"},"img":{"alt_text":"","src":"https:\/\/i0.wp.com\/kohenavocats.com\/wp-content\/uploads\/2024\/11\/mohamed-nohassi-RwwD1cmvyC0-unsplash.webp?resize=350%2C200&ssl=1","width":350,"height":200,"srcset":"https:\/\/i0.wp.com\/kohenavocats.com\/wp-content\/uploads\/2024\/11\/mohamed-nohassi-RwwD1cmvyC0-unsplash.webp?resize=350%2C200&ssl=1 1x, https:\/\/i0.wp.com\/kohenavocats.com\/wp-content\/uploads\/2024\/11\/mohamed-nohassi-RwwD1cmvyC0-unsplash.webp?resize=525%2C300&ssl=1 1.5x, https:\/\/i0.wp.com\/kohenavocats.com\/wp-content\/uploads\/2024\/11\/mohamed-nohassi-RwwD1cmvyC0-unsplash.webp?resize=700%2C400&ssl=1 2x, https:\/\/i0.wp.com\/kohenavocats.com\/wp-content\/uploads\/2024\/11\/mohamed-nohassi-RwwD1cmvyC0-unsplash.webp?resize=1050%2C600&ssl=1 3x, https:\/\/i0.wp.com\/kohenavocats.com\/wp-content\/uploads\/2024\/11\/mohamed-nohassi-RwwD1cmvyC0-unsplash.webp?resize=1400%2C800&ssl=1 4x"},"classes":[]},{"id":723082,"url":"https:\/\/kohenavocats.com\/pt-pt\/caa-caa-de-toulouse-24-03-2026-n-24tl01348\/","url_meta":{"origin":708842,"position":5},"title":"CAA &#8211; CAA de TOULOUSE &#8211; 24\/03\/2026 &#8211; n\u00b0 24TL01348","author":"Kohen","date":"28 de Abril, 2026","format":false,"excerpt":"La cour administrative d\u2019appel de Toulouse a rendu un arr\u00eat le 24 mars 2026 relatif au refus d\u2019un cong\u00e9 bonifi\u00e9. Une fonctionnaire territoriale, n\u00e9e en...","rel":"","context":"In &quot;Juridictions administratives&quot;","block_context":{"text":"Juridictions administratives","link":"https:\/\/kohenavocats.com\/category\/juridictions-administratives\/"},"img":{"alt_text":"","src":"https:\/\/i0.wp.com\/kohenavocats.com\/wp-content\/uploads\/2024\/11\/curated-lifestyle-qCnkmrhcitk-unsplash.webp?resize=350%2C200&ssl=1","width":350,"height":200,"srcset":"https:\/\/i0.wp.com\/kohenavocats.com\/wp-content\/uploads\/2024\/11\/curated-lifestyle-qCnkmrhcitk-unsplash.webp?resize=350%2C200&ssl=1 1x, https:\/\/i0.wp.com\/kohenavocats.com\/wp-content\/uploads\/2024\/11\/curated-lifestyle-qCnkmrhcitk-unsplash.webp?resize=525%2C300&ssl=1 1.5x, https:\/\/i0.wp.com\/kohenavocats.com\/wp-content\/uploads\/2024\/11\/curated-lifestyle-qCnkmrhcitk-unsplash.webp?resize=700%2C400&ssl=1 2x, https:\/\/i0.wp.com\/kohenavocats.com\/wp-content\/uploads\/2024\/11\/curated-lifestyle-qCnkmrhcitk-unsplash.webp?resize=1050%2C600&ssl=1 3x, https:\/\/i0.wp.com\/kohenavocats.com\/wp-content\/uploads\/2024\/11\/curated-lifestyle-qCnkmrhcitk-unsplash.webp?resize=1400%2C800&ssl=1 4x"},"classes":[]}],"jetpack_sharing_enabled":true,"_links":{"self":[{"href":"https:\/\/kohenavocats.com\/pt-pt\/wp-json\/wp\/v2\/posts\/708842","targetHints":{"allow":["GET"]}}],"collection":[{"href":"https:\/\/kohenavocats.com\/pt-pt\/wp-json\/wp\/v2\/posts"}],"about":[{"href":"https:\/\/kohenavocats.com\/pt-pt\/wp-json\/wp\/v2\/types\/post"}],"author":[{"embeddable":true,"href":"https:\/\/kohenavocats.com\/pt-pt\/wp-json\/wp\/v2\/users\/232070755"}],"replies":[{"embeddable":true,"href":"https:\/\/kohenavocats.com\/pt-pt\/wp-json\/wp\/v2\/comments?post=708842"}],"version-history":[{"count":0,"href":"https:\/\/kohenavocats.com\/pt-pt\/wp-json\/wp\/v2\/posts\/708842\/revisions"}],"wp:featuredmedia":[{"embeddable":true,"href":"https:\/\/kohenavocats.com\/pt-pt\/wp-json\/wp\/v2\/media\/3913"}],"wp:attachment":[{"href":"https:\/\/kohenavocats.com\/pt-pt\/wp-json\/wp\/v2\/media?parent=708842"}],"wp:term":[{"taxonomy":"category","embeddable":true,"href":"https:\/\/kohenavocats.com\/pt-pt\/wp-json\/wp\/v2\/categories?post=708842"},{"taxonomy":"post_tag","embeddable":true,"href":"https:\/\/kohenavocats.com\/pt-pt\/wp-json\/wp\/v2\/tags?post=708842"}],"curies":[{"name":"wp","href":"https:\/\/api.w.org\/{rel}","templated":true}]}}