{"id":608719,"date":"2026-04-19T17:58:45","date_gmt":"2026-04-19T15:58:45","guid":{"rendered":"https:\/\/kohenavocats.com\/cour-dappel-de-paris-le-9-juillet-2024-n24-18020\/"},"modified":"2026-04-19T17:58:45","modified_gmt":"2026-04-19T15:58:45","slug":"cour-dappel-de-paris-le-9-juillet-2024-n24-18020","status":"publish","type":"post","link":"https:\/\/kohenavocats.com\/ru\/cour-dappel-de-paris-le-9-juillet-2024-n24-18020\/","title":{"rendered":"Cour d&#8217;appel de Paris, le 9 juillet 2024, n\u00b024\/18020"},"content":{"rendered":"<div class=\"article-content\">\n<p>La cour d\u2019appel de Paris, statuant par d\u00e9faut le 9 juillet 2024, a examin\u00e9 une action en paiement fond\u00e9e sur un contrat de cr\u00e9dit. Le pr\u00eateur invoquait une offre sign\u00e9e \u00e9lectroniquement. La juridiction a confirm\u00e9 le jugement de premi\u00e8re instance d\u00e9boutant le demandeur. Elle a ainsi pr\u00e9cis\u00e9 les conditions de preuve de l\u2019existence d\u2019un contrat \u00e9lectronique.<\/p>\n<p>La preuve de l\u2019acte juridique \u00e9lectronique et ses exigences probatoires<\/p>\n<p>L\u2019\u00e9crit \u00e9lectronique b\u00e9n\u00e9ficie de la m\u00eame force probante que l\u2019\u00e9crit papier sous conditions. Le code civil exige que puisse \u00eatre d\u00fbment identifi\u00e9e la personne dont il \u00e9mane. Il impose aussi qu\u2019il soit \u00e9tabli et conserv\u00e9 dans des conditions garantissant son int\u00e9grit\u00e9. &#171;L&#8217;\u00e9crit \u00e9lectronique a la m\u00eame force probante que l&#8217;\u00e9crit sur support papier, sous r\u00e9serve que puisse \u00eatre d\u00fbment identifi\u00e9e la personne dont il \u00e9mane et qu&#8217;il soit \u00e9tabli et conserv\u00e9 dans des conditions de nature \u00e0 en garantir l&#8217;\u00e9tat l&#8217;int\u00e9grit\u00e9&#187; (article 1366 du code civil). La valeur de ce texte est d\u2019assimiler les deux supports tout en posant un cadre s\u00e9curis\u00e9. Sa port\u00e9e est d\u2019exiger une tra\u00e7abilit\u00e9 et une fiabilit\u00e9 techniques minimales pour la preuve.<\/p>\n<p>La signature \u00e9lectronique doit r\u00e9sulter d\u2019un proc\u00e9d\u00e9 fiable d\u2019identification garantissant son lien avec l\u2019acte. Une pr\u00e9somption de fiabilit\u00e9 est pr\u00e9vue par la loi pour les signatures qualifi\u00e9es. &#171;Lorsqu&#8217;elle est \u00e9lectronique, la signature consiste en l&#8217;usage d&#8217;un proc\u00e9d\u00e9 fiable d&#8217;identification garantissant son lien avec l&#8217;acte auquel elle s&#8217;attache&#187; (article 1367 alin\u00e9a 2 du code civil). Le sens est d\u2019exiger une s\u00e9curit\u00e9 \u00e9quivalente \u00e0 la signature manuscrite. La valeur r\u00e9side dans la cr\u00e9ation d\u2019une pr\u00e9somption facilitant la preuve. La port\u00e9e conditionne cette pr\u00e9somption au respect de standards techniques \u00e9lev\u00e9s.<\/p>\n<p>L\u2019insuffisance des \u00e9l\u00e9ments produits pour \u00e9tablir la preuve du contrat<\/p>\n<p>Les documents pr\u00e9sent\u00e9s par l\u2019\u00e9tablissement financier ne permettent pas d\u2019\u00e9tablir un proc\u00e9d\u00e9 fiable. Les captures d\u2019\u00e9cran ne renseignent pas sur les proc\u00e9d\u00e9s utilis\u00e9s pour garantir l\u2019identit\u00e9 du signataire. Les autres pi\u00e8ces techniques sont d\u00e9crites comme illisibles ou sans lien identifiable avec l\u2019offre. &#171;Ces \u00e9l\u00e9ments ne permettent pas \u00e9tablir la preuve du recours \u00e0 un proc\u00e9d\u00e9 fiable de recueil de signatures \u00e9lectroniques permettant de garantir l&#8217;int\u00e9grit\u00e9 de l&#8217;acte et l&#8217;identit\u00e9 du signataire&#187; (Motifs, sur la preuve). Le sens de cette analyse est un contr\u00f4le strict de la mat\u00e9rialit\u00e9 de la preuve. Sa valeur est d\u2019imposer une d\u00e9monstration concr\u00e8te et intelligible des processus. La port\u00e9e est un rejet des \u00e9l\u00e9ments opaques ou purement d\u00e9claratifs.<\/p>\n<p>L\u2019absence de preuve de la signature entra\u00eene l\u2019inexistence de consentement opposable. Aucune disposition contractuelle, notamment le taux d\u2019int\u00e9r\u00eat, ne peut \u00eatre invoqu\u00e9e. La demande en ex\u00e9cution du contrat est donc rejet\u00e9e. &#171;La preuve de la signature du contrat, laquelle implique l&#8217;acceptation par l&#8217;emprunteur des dispositions contractuelles dont le taux d&#8217;int\u00e9r\u00eat, n&#8217;est donc pas \u00e9tablie&#187; (Motifs, sur la preuve). Le sens est de lier indissociablement signature et acceptation des conditions. La valeur est de prot\u00e9ger le consentement comme fondement essentiel du contrat. La port\u00e9e est un strict partage de la charge de la preuve sur le cr\u00e9ancier.<\/p>\n<\/div>\n","protected":false},"excerpt":{"rendered":"<p>La cour d\u2019appel de Paris, statuant par d\u00e9faut le 9 juillet 2024, a examin\u00e9 une action en paiement fond\u00e9e sur un contrat de cr\u00e9dit. Le pr\u00eateur invoquait une o&#8230;<\/p>\n","protected":false},"author":232070755,"featured_media":4914,"comment_status":"open","ping_status":"open","sticky":false,"template":"","format":"standard","meta":{"_crdt_document":"","_jetpack_newsletter_access":"","_jetpack_dont_email_post_to_subs":false,"_jetpack_newsletter_tier_id":0,"_jetpack_memberships_contains_paywalled_content":false,"_kj_source_type":"judilibre","_kj_official_id":"6932b08872f940f4b6c9c7ff","_kj_official_url":"https:\/\/www.courdecassation.fr\/decision\/6932b08872f940f4b6c9c7ff","_kj_judilibre_id":"6932b08872f940f4b6c9c7ff","_kj_jur":"Cour d'appel","_kj_lieu":"Cour d'appel de Paris","_kj_chambre":"P\u00f4le 4 - Chambre 9 - A","_kj_rg":"24\/18020","_kj_date":"2025-12-04","_jetpack_memberships_contains_paid_content":false,"footnotes":"","jetpack_post_was_ever_published":false},"categories":[7597],"tags":[],"class_list":["post-608719","post","type-post","status-publish","format-standard","has-post-thumbnail","hentry","category-jurisprudence"],"yoast_head":"<!-- This site is optimized with the Yoast SEO Premium plugin v27.5 (Yoast SEO v27.5) - https:\/\/yoast.com\/product\/yoast-seo-premium-wordpress\/ -->\n<title>Cour d&#039;appel de Paris, le 9 juillet 2024, n\u00b024\/18020 - Ma\u00eetre Hassan Kohen, avocat en droit p\u00e9nal \u00e0 Paris<\/title>\n<meta name=\"description\" content=\"La cour d\u2019appel de Paris, statuant par d\u00e9faut le 9 juillet 2024, a examin\u00e9 une action en paiement fond\u00e9e sur un contrat de cr\u00e9dit. Le pr\u00eateur invoquait une o...\" \/>\n<meta name=\"robots\" content=\"index, follow, max-snippet:-1, max-image-preview:large, max-video-preview:-1\" \/>\n<link rel=\"canonical\" href=\"https:\/\/kohenavocats.com\/ru\/cour-dappel-de-paris-le-9-juillet-2024-n24-18020\/\" \/>\n<meta property=\"og:locale\" content=\"ru_RU\" \/>\n<meta property=\"og:type\" content=\"article\" \/>\n<meta property=\"og:title\" content=\"Cour d&#039;appel de Paris, le 9 juillet 2024, n\u00b024\/18020\" \/>\n<meta property=\"og:description\" content=\"La cour d\u2019appel de Paris, statuant par d\u00e9faut le 9 juillet 2024, a examin\u00e9 une action en paiement fond\u00e9e sur un contrat de cr\u00e9dit. Le pr\u00eateur invoquait une o...\" \/>\n<meta property=\"og:url\" content=\"https:\/\/kohenavocats.com\/ru\/cour-dappel-de-paris-le-9-juillet-2024-n24-18020\/\" \/>\n<meta property=\"og:site_name\" content=\"Ma\u00eetre Hassan Kohen, avocat en droit p\u00e9nal \u00e0 Paris\" \/>\n<meta property=\"article:published_time\" content=\"2026-04-19T15:58:45+00:00\" \/>\n<meta property=\"og:image\" content=\"https:\/\/kohenavocats.com\/wp-content\/uploads\/2024\/08\/mathias-reding-Fv_rvhKNXN0-unsplash.webp\" \/>\n\t<meta property=\"og:image:width\" content=\"6164\" \/>\n\t<meta property=\"og:image:height\" content=\"2754\" \/>\n\t<meta property=\"og:image:type\" content=\"image\/webp\" \/>\n<meta name=\"author\" content=\"Kohen\" \/>\n<meta name=\"twitter:card\" content=\"summary_large_image\" \/>\n<meta name=\"twitter:label1\" content=\"\u041d\u0430\u043f\u0438\u0441\u0430\u043d\u043e \u0430\u0432\u0442\u043e\u0440\u043e\u043c\" \/>\n\t<meta name=\"twitter:data1\" content=\"Kohen\" \/>\n\t<meta name=\"twitter:label2\" content=\"\u041f\u0440\u0438\u043c\u0435\u0440\u043d\u043e\u0435 \u0432\u0440\u0435\u043c\u044f \u0434\u043b\u044f \u0447\u0442\u0435\u043d\u0438\u044f\" \/>\n\t<meta name=\"twitter:data2\" content=\"3 \u043c\u0438\u043d\u0443\u0442\u044b\" \/>\n<script type=\"application\/ld+json\" class=\"yoast-schema-graph\">{\"@context\":\"https:\\\/\\\/schema.org\",\"@graph\":[{\"@type\":\"Article\",\"@id\":\"https:\\\/\\\/kohenavocats.com\\\/ru\\\/cour-dappel-de-paris-le-9-juillet-2024-n24-18020\\\/#article\",\"isPartOf\":{\"@id\":\"https:\\\/\\\/kohenavocats.com\\\/ru\\\/cour-dappel-de-paris-le-9-juillet-2024-n24-18020\\\/\"},\"author\":{\"name\":\"Kohen\",\"@id\":\"https:\\\/\\\/kohenavocats.com\\\/ru\\\/#\\\/schema\\\/person\\\/761c9ba54fa1ca84d405cef0831ff751\"},\"headline\":\"Cour d&#8217;appel de Paris, le 9 juillet 2024, n\u00b024\\\/18020\",\"datePublished\":\"2026-04-19T15:58:45+00:00\",\"mainEntityOfPage\":{\"@id\":\"https:\\\/\\\/kohenavocats.com\\\/ru\\\/cour-dappel-de-paris-le-9-juillet-2024-n24-18020\\\/\"},\"wordCount\":595,\"commentCount\":0,\"publisher\":{\"@id\":\"https:\\\/\\\/kohenavocats.com\\\/ru\\\/#organization\"},\"image\":{\"@id\":\"https:\\\/\\\/kohenavocats.com\\\/ru\\\/cour-dappel-de-paris-le-9-juillet-2024-n24-18020\\\/#primaryimage\"},\"thumbnailUrl\":\"https:\\\/\\\/kohenavocats.com\\\/wp-content\\\/uploads\\\/2024\\\/08\\\/mathias-reding-Fv_rvhKNXN0-unsplash.webp\",\"articleSection\":[\"Jurisprudence\"],\"inLanguage\":\"ru-RU\",\"potentialAction\":[{\"@type\":\"CommentAction\",\"name\":\"Comment\",\"target\":[\"https:\\\/\\\/kohenavocats.com\\\/ru\\\/cour-dappel-de-paris-le-9-juillet-2024-n24-18020\\\/#respond\"]}],\"citation\":\"Cour d&#8217;appel de Paris, le 9 juillet 2024, n\u00b024\\\/18020\",\"about\":[{\"@type\":\"Thing\",\"name\":\"Jurisprudence\"}],\"dateModified\":\"2026-04-19T15:58:45+00:00\",\"speakable\":{\"@type\":\"SpeakableSpecification\",\"cssSelector\":[\".article-content > p:first-of-type\"]}},{\"@type\":\"WebPage\",\"@id\":\"https:\\\/\\\/kohenavocats.com\\\/ru\\\/cour-dappel-de-paris-le-9-juillet-2024-n24-18020\\\/\",\"url\":\"https:\\\/\\\/kohenavocats.com\\\/ru\\\/cour-dappel-de-paris-le-9-juillet-2024-n24-18020\\\/\",\"name\":\"Cour d'appel de Paris, le 9 juillet 2024, n\u00b024\\\/18020 - Ma\u00eetre Hassan Kohen, avocat en droit p\u00e9nal \u00e0 Paris\",\"isPartOf\":{\"@id\":\"https:\\\/\\\/kohenavocats.com\\\/ru\\\/#website\"},\"primaryImageOfPage\":{\"@id\":\"https:\\\/\\\/kohenavocats.com\\\/ru\\\/cour-dappel-de-paris-le-9-juillet-2024-n24-18020\\\/#primaryimage\"},\"image\":{\"@id\":\"https:\\\/\\\/kohenavocats.com\\\/ru\\\/cour-dappel-de-paris-le-9-juillet-2024-n24-18020\\\/#primaryimage\"},\"thumbnailUrl\":\"https:\\\/\\\/kohenavocats.com\\\/wp-content\\\/uploads\\\/2024\\\/08\\\/mathias-reding-Fv_rvhKNXN0-unsplash.webp\",\"datePublished\":\"2026-04-19T15:58:45+00:00\",\"description\":\"La cour d\u2019appel de Paris, statuant par d\u00e9faut le 9 juillet 2024, a examin\u00e9 une action en paiement fond\u00e9e sur un contrat de cr\u00e9dit. Le pr\u00eateur invoquait une o...\",\"breadcrumb\":{\"@id\":\"https:\\\/\\\/kohenavocats.com\\\/ru\\\/cour-dappel-de-paris-le-9-juillet-2024-n24-18020\\\/#breadcrumb\"},\"inLanguage\":\"ru-RU\",\"potentialAction\":[{\"@type\":\"ReadAction\",\"target\":[\"https:\\\/\\\/kohenavocats.com\\\/ru\\\/cour-dappel-de-paris-le-9-juillet-2024-n24-18020\\\/\"]}]},{\"@type\":\"ImageObject\",\"inLanguage\":\"ru-RU\",\"@id\":\"https:\\\/\\\/kohenavocats.com\\\/ru\\\/cour-dappel-de-paris-le-9-juillet-2024-n24-18020\\\/#primaryimage\",\"url\":\"https:\\\/\\\/kohenavocats.com\\\/wp-content\\\/uploads\\\/2024\\\/08\\\/mathias-reding-Fv_rvhKNXN0-unsplash.webp\",\"contentUrl\":\"https:\\\/\\\/kohenavocats.com\\\/wp-content\\\/uploads\\\/2024\\\/08\\\/mathias-reding-Fv_rvhKNXN0-unsplash.webp\",\"width\":6164,\"height\":2754},{\"@type\":\"BreadcrumbList\",\"@id\":\"https:\\\/\\\/kohenavocats.com\\\/ru\\\/cour-dappel-de-paris-le-9-juillet-2024-n24-18020\\\/#breadcrumb\",\"itemListElement\":[{\"@type\":\"ListItem\",\"position\":1,\"name\":\"Home\",\"item\":\"https:\\\/\\\/kohenavocats.com\\\/ru\\\/avocats-en-droit-penal-a-paris-conseil-et-defense-strategique\\\/\"},{\"@type\":\"ListItem\",\"position\":2,\"name\":\"Cour d&rsquo;appel de Paris, le 9 juillet 2024, n\u00b024\\\/18020\"}]},{\"@type\":\"WebSite\",\"@id\":\"https:\\\/\\\/kohenavocats.com\\\/ru\\\/#website\",\"url\":\"https:\\\/\\\/kohenavocats.com\\\/ru\\\/\",\"name\":\"Kohen Avocats\",\"description\":\"Ma\u00eetre Hassan Kohen, avocat p\u00e9naliste \u00e0 Paris, intervient exclusivement en droit p\u00e9nal pour la d\u00e9fense des particuliers, notamment en mati\u00e8re d\u2019accusations de viol. Il assure un accompagnement rigoureux d\u00e8s la garde \u00e0 vue jusqu\u2019\u00e0 la Cour d\u2019assises, veillant au strict respect des garanties proc\u00e9durales.\",\"publisher\":{\"@id\":\"https:\\\/\\\/kohenavocats.com\\\/ru\\\/#organization\"},\"potentialAction\":[{\"@type\":\"SearchAction\",\"target\":{\"@type\":\"EntryPoint\",\"urlTemplate\":\"https:\\\/\\\/kohenavocats.com\\\/ru\\\/?s={search_term_string}\"},\"query-input\":{\"@type\":\"PropertyValueSpecification\",\"valueRequired\":true,\"valueName\":\"search_term_string\"}}],\"inLanguage\":\"ru-RU\"},{\"@type\":\"Organization\",\"@id\":\"https:\\\/\\\/kohenavocats.com\\\/ru\\\/#organization\",\"name\":\"Kohen Avocats\",\"url\":\"https:\\\/\\\/kohenavocats.com\\\/ru\\\/\",\"logo\":{\"@type\":\"ImageObject\",\"inLanguage\":\"ru-RU\",\"@id\":\"https:\\\/\\\/kohenavocats.com\\\/ru\\\/#\\\/schema\\\/logo\\\/image\\\/\",\"url\":\"https:\\\/\\\/kohenavocats.com\\\/wp-content\\\/uploads\\\/2026\\\/01\\\/Logo-2-1.webp\",\"contentUrl\":\"https:\\\/\\\/kohenavocats.com\\\/wp-content\\\/uploads\\\/2026\\\/01\\\/Logo-2-1.webp\",\"width\":2114,\"height\":1253,\"caption\":\"Kohen Avocats\"},\"image\":{\"@id\":\"https:\\\/\\\/kohenavocats.com\\\/ru\\\/#\\\/schema\\\/logo\\\/image\\\/\"}},{\"@type\":\"Person\",\"@id\":\"https:\\\/\\\/kohenavocats.com\\\/ru\\\/#\\\/schema\\\/person\\\/761c9ba54fa1ca84d405cef0831ff751\",\"name\":\"Kohen\",\"image\":{\"@type\":\"ImageObject\",\"inLanguage\":\"ru-RU\",\"@id\":\"https:\\\/\\\/secure.gravatar.com\\\/avatar\\\/1c5e76ef76bbbfdd2b4da984e2bf2fa4056fd51a27d25ce2c332047f1dfd6e00?s=96&d=identicon&r=g\",\"url\":\"https:\\\/\\\/secure.gravatar.com\\\/avatar\\\/1c5e76ef76bbbfdd2b4da984e2bf2fa4056fd51a27d25ce2c332047f1dfd6e00?s=96&d=identicon&r=g\",\"contentUrl\":\"https:\\\/\\\/secure.gravatar.com\\\/avatar\\\/1c5e76ef76bbbfdd2b4da984e2bf2fa4056fd51a27d25ce2c332047f1dfd6e00?s=96&d=identicon&r=g\",\"caption\":\"Kohen\"},\"sameAs\":[\"https:\\\/\\\/www.linkedin.com\\\/in\\\/hassan-kohen-448548192\\\/\",\"https:\\\/\\\/www.youtube.com\\\/@Kohen-Avocats\"],\"url\":\"https:\\\/\\\/kohenavocats.com\\\/ru\\\/author\\\/kohenmlk\\\/\"}]}<\/script>\n<!-- \/ Yoast SEO Premium plugin. -->","yoast_head_json":{"title":"Cour d'appel de Paris, le 9 juillet 2024, n\u00b024\/18020 - Ma\u00eetre Hassan Kohen, avocat en droit p\u00e9nal \u00e0 Paris","description":"La cour d\u2019appel de Paris, statuant par d\u00e9faut le 9 juillet 2024, a examin\u00e9 une action en paiement fond\u00e9e sur un contrat de cr\u00e9dit. Le pr\u00eateur invoquait une o...","robots":{"index":"index","follow":"follow","max-snippet":"max-snippet:-1","max-image-preview":"max-image-preview:large","max-video-preview":"max-video-preview:-1"},"canonical":"https:\/\/kohenavocats.com\/ru\/cour-dappel-de-paris-le-9-juillet-2024-n24-18020\/","og_locale":"ru_RU","og_type":"article","og_title":"Cour d'appel de Paris, le 9 juillet 2024, n\u00b024\/18020","og_description":"La cour d\u2019appel de Paris, statuant par d\u00e9faut le 9 juillet 2024, a examin\u00e9 une action en paiement fond\u00e9e sur un contrat de cr\u00e9dit. Le pr\u00eateur invoquait une o...","og_url":"https:\/\/kohenavocats.com\/ru\/cour-dappel-de-paris-le-9-juillet-2024-n24-18020\/","og_site_name":"Ma\u00eetre Hassan Kohen, avocat en droit p\u00e9nal \u00e0 Paris","article_published_time":"2026-04-19T15:58:45+00:00","og_image":[{"width":6164,"height":2754,"url":"https:\/\/kohenavocats.com\/wp-content\/uploads\/2024\/08\/mathias-reding-Fv_rvhKNXN0-unsplash.webp","type":"image\/webp"}],"author":"Kohen","twitter_card":"summary_large_image","twitter_misc":{"\u041d\u0430\u043f\u0438\u0441\u0430\u043d\u043e \u0430\u0432\u0442\u043e\u0440\u043e\u043c":"Kohen","\u041f\u0440\u0438\u043c\u0435\u0440\u043d\u043e\u0435 \u0432\u0440\u0435\u043c\u044f \u0434\u043b\u044f \u0447\u0442\u0435\u043d\u0438\u044f":"3 \u043c\u0438\u043d\u0443\u0442\u044b"},"schema":{"@context":"https:\/\/schema.org","@graph":[{"@type":"Article","@id":"https:\/\/kohenavocats.com\/ru\/cour-dappel-de-paris-le-9-juillet-2024-n24-18020\/#article","isPartOf":{"@id":"https:\/\/kohenavocats.com\/ru\/cour-dappel-de-paris-le-9-juillet-2024-n24-18020\/"},"author":{"name":"Kohen","@id":"https:\/\/kohenavocats.com\/ru\/#\/schema\/person\/761c9ba54fa1ca84d405cef0831ff751"},"headline":"Cour d&#8217;appel de Paris, le 9 juillet 2024, n\u00b024\/18020","datePublished":"2026-04-19T15:58:45+00:00","mainEntityOfPage":{"@id":"https:\/\/kohenavocats.com\/ru\/cour-dappel-de-paris-le-9-juillet-2024-n24-18020\/"},"wordCount":595,"commentCount":0,"publisher":{"@id":"https:\/\/kohenavocats.com\/ru\/#organization"},"image":{"@id":"https:\/\/kohenavocats.com\/ru\/cour-dappel-de-paris-le-9-juillet-2024-n24-18020\/#primaryimage"},"thumbnailUrl":"https:\/\/kohenavocats.com\/wp-content\/uploads\/2024\/08\/mathias-reding-Fv_rvhKNXN0-unsplash.webp","articleSection":["Jurisprudence"],"inLanguage":"ru-RU","potentialAction":[{"@type":"CommentAction","name":"Comment","target":["https:\/\/kohenavocats.com\/ru\/cour-dappel-de-paris-le-9-juillet-2024-n24-18020\/#respond"]}],"citation":"Cour d&#8217;appel de Paris, le 9 juillet 2024, n\u00b024\/18020","about":[{"@type":"Thing","name":"Jurisprudence"}],"dateModified":"2026-04-19T15:58:45+00:00","speakable":{"@type":"SpeakableSpecification","cssSelector":[".article-content > p:first-of-type"]}},{"@type":"WebPage","@id":"https:\/\/kohenavocats.com\/ru\/cour-dappel-de-paris-le-9-juillet-2024-n24-18020\/","url":"https:\/\/kohenavocats.com\/ru\/cour-dappel-de-paris-le-9-juillet-2024-n24-18020\/","name":"Cour d'appel de Paris, le 9 juillet 2024, n\u00b024\/18020 - Ma\u00eetre Hassan Kohen, avocat en droit p\u00e9nal \u00e0 Paris","isPartOf":{"@id":"https:\/\/kohenavocats.com\/ru\/#website"},"primaryImageOfPage":{"@id":"https:\/\/kohenavocats.com\/ru\/cour-dappel-de-paris-le-9-juillet-2024-n24-18020\/#primaryimage"},"image":{"@id":"https:\/\/kohenavocats.com\/ru\/cour-dappel-de-paris-le-9-juillet-2024-n24-18020\/#primaryimage"},"thumbnailUrl":"https:\/\/kohenavocats.com\/wp-content\/uploads\/2024\/08\/mathias-reding-Fv_rvhKNXN0-unsplash.webp","datePublished":"2026-04-19T15:58:45+00:00","description":"La cour d\u2019appel de Paris, statuant par d\u00e9faut le 9 juillet 2024, a examin\u00e9 une action en paiement fond\u00e9e sur un contrat de cr\u00e9dit. Le pr\u00eateur invoquait une o...","breadcrumb":{"@id":"https:\/\/kohenavocats.com\/ru\/cour-dappel-de-paris-le-9-juillet-2024-n24-18020\/#breadcrumb"},"inLanguage":"ru-RU","potentialAction":[{"@type":"ReadAction","target":["https:\/\/kohenavocats.com\/ru\/cour-dappel-de-paris-le-9-juillet-2024-n24-18020\/"]}]},{"@type":"ImageObject","inLanguage":"ru-RU","@id":"https:\/\/kohenavocats.com\/ru\/cour-dappel-de-paris-le-9-juillet-2024-n24-18020\/#primaryimage","url":"https:\/\/kohenavocats.com\/wp-content\/uploads\/2024\/08\/mathias-reding-Fv_rvhKNXN0-unsplash.webp","contentUrl":"https:\/\/kohenavocats.com\/wp-content\/uploads\/2024\/08\/mathias-reding-Fv_rvhKNXN0-unsplash.webp","width":6164,"height":2754},{"@type":"BreadcrumbList","@id":"https:\/\/kohenavocats.com\/ru\/cour-dappel-de-paris-le-9-juillet-2024-n24-18020\/#breadcrumb","itemListElement":[{"@type":"ListItem","position":1,"name":"Home","item":"https:\/\/kohenavocats.com\/ru\/avocats-en-droit-penal-a-paris-conseil-et-defense-strategique\/"},{"@type":"ListItem","position":2,"name":"Cour d&rsquo;appel de Paris, le 9 juillet 2024, n\u00b024\/18020"}]},{"@type":"WebSite","@id":"https:\/\/kohenavocats.com\/ru\/#website","url":"https:\/\/kohenavocats.com\/ru\/","name":"Kohen Avocats","description":"Ma\u00eetre Hassan Kohen, avocat p\u00e9naliste \u00e0 Paris, intervient exclusivement en droit p\u00e9nal pour la d\u00e9fense des particuliers, notamment en mati\u00e8re d\u2019accusations de viol. Il assure un accompagnement rigoureux d\u00e8s la garde \u00e0 vue jusqu\u2019\u00e0 la Cour d\u2019assises, veillant au strict respect des garanties proc\u00e9durales.","publisher":{"@id":"https:\/\/kohenavocats.com\/ru\/#organization"},"potentialAction":[{"@type":"SearchAction","target":{"@type":"EntryPoint","urlTemplate":"https:\/\/kohenavocats.com\/ru\/?s={search_term_string}"},"query-input":{"@type":"PropertyValueSpecification","valueRequired":true,"valueName":"search_term_string"}}],"inLanguage":"ru-RU"},{"@type":"Organization","@id":"https:\/\/kohenavocats.com\/ru\/#organization","name":"Kohen Avocats","url":"https:\/\/kohenavocats.com\/ru\/","logo":{"@type":"ImageObject","inLanguage":"ru-RU","@id":"https:\/\/kohenavocats.com\/ru\/#\/schema\/logo\/image\/","url":"https:\/\/kohenavocats.com\/wp-content\/uploads\/2026\/01\/Logo-2-1.webp","contentUrl":"https:\/\/kohenavocats.com\/wp-content\/uploads\/2026\/01\/Logo-2-1.webp","width":2114,"height":1253,"caption":"Kohen Avocats"},"image":{"@id":"https:\/\/kohenavocats.com\/ru\/#\/schema\/logo\/image\/"}},{"@type":"Person","@id":"https:\/\/kohenavocats.com\/ru\/#\/schema\/person\/761c9ba54fa1ca84d405cef0831ff751","name":"Kohen","image":{"@type":"ImageObject","inLanguage":"ru-RU","@id":"https:\/\/secure.gravatar.com\/avatar\/1c5e76ef76bbbfdd2b4da984e2bf2fa4056fd51a27d25ce2c332047f1dfd6e00?s=96&d=identicon&r=g","url":"https:\/\/secure.gravatar.com\/avatar\/1c5e76ef76bbbfdd2b4da984e2bf2fa4056fd51a27d25ce2c332047f1dfd6e00?s=96&d=identicon&r=g","contentUrl":"https:\/\/secure.gravatar.com\/avatar\/1c5e76ef76bbbfdd2b4da984e2bf2fa4056fd51a27d25ce2c332047f1dfd6e00?s=96&d=identicon&r=g","caption":"Kohen"},"sameAs":["https:\/\/www.linkedin.com\/in\/hassan-kohen-448548192\/","https:\/\/www.youtube.com\/@Kohen-Avocats"],"url":"https:\/\/kohenavocats.com\/ru\/author\/kohenmlk\/"}]}},"jetpack_featured_media_url":"https:\/\/kohenavocats.com\/wp-content\/uploads\/2024\/08\/mathias-reding-Fv_rvhKNXN0-unsplash.webp","jetpack_likes_enabled":false,"jetpack_shortlink":"https:\/\/wp.me\/peCrII-2ym3","jetpack-related-posts":[{"id":503938,"url":"https:\/\/kohenavocats.com\/ru\/cour-dappel-de-paris-le-15-janvier-2025-n24-05100\/","url_meta":{"origin":608719,"position":0},"title":"Cour d&#8217;appel de Paris, le 15 janvier 2025, n\u00b024\/05100","author":"Kohen","date":"08.04.2026","format":false,"excerpt":"La cour d'appel de Paris, le 15 janvier 2025, statue sur une action en paiement engag\u00e9e par un organisme de cr\u00e9dit suite \u00e0 la d\u00e9faillance d'un emprunteur dan...","rel":"","context":"\u0412 &quot;Jurisprudence&quot;","block_context":{"text":"Jurisprudence","link":"https:\/\/kohenavocats.com\/category\/jurisprudence\/"},"img":{"alt_text":"","src":"https:\/\/i0.wp.com\/kohenavocats.com\/wp-content\/uploads\/2024\/08\/philippe-oursel-pWhx6q22d_I-unsplash.webp?resize=350%2C200&ssl=1","width":350,"height":200,"srcset":"https:\/\/i0.wp.com\/kohenavocats.com\/wp-content\/uploads\/2024\/08\/philippe-oursel-pWhx6q22d_I-unsplash.webp?resize=350%2C200&ssl=1 1x, https:\/\/i0.wp.com\/kohenavocats.com\/wp-content\/uploads\/2024\/08\/philippe-oursel-pWhx6q22d_I-unsplash.webp?resize=525%2C300&ssl=1 1.5x, https:\/\/i0.wp.com\/kohenavocats.com\/wp-content\/uploads\/2024\/08\/philippe-oursel-pWhx6q22d_I-unsplash.webp?resize=700%2C400&ssl=1 2x, https:\/\/i0.wp.com\/kohenavocats.com\/wp-content\/uploads\/2024\/08\/philippe-oursel-pWhx6q22d_I-unsplash.webp?resize=1050%2C600&ssl=1 3x, https:\/\/i0.wp.com\/kohenavocats.com\/wp-content\/uploads\/2024\/08\/philippe-oursel-pWhx6q22d_I-unsplash.webp?resize=1400%2C800&ssl=1 4x"},"classes":[]},{"id":517128,"url":"https:\/\/kohenavocats.com\/ru\/tribunal-de-commerce-de-bordeaux-le-30-octobre-2025-n2025f01152\/","url_meta":{"origin":608719,"position":1},"title":"Tribunal de commerce de Bordeaux, le 30 octobre 2025, n\u00b02025F01152","author":"Kohen","date":"08.04.2026","format":false,"excerpt":"Le tribunal judiciaire, statuant en premier ressort par jugement du 8 mai 2025, examine un litige n\u00e9 de la r\u00e9siliation d\u2019un contrat de location. Le...","rel":"","context":"\u0412 &quot;D\u00e9cisions juridiques&quot;","block_context":{"text":"D\u00e9cisions juridiques","link":"https:\/\/kohenavocats.com\/category\/decisions-juridiques\/"},"img":{"alt_text":"","src":"https:\/\/i0.wp.com\/kohenavocats.com\/wp-content\/uploads\/2024\/07\/annie-spratt-GWCvnsMtiBg-unsplash.webp?resize=350%2C200&ssl=1","width":350,"height":200,"srcset":"https:\/\/i0.wp.com\/kohenavocats.com\/wp-content\/uploads\/2024\/07\/annie-spratt-GWCvnsMtiBg-unsplash.webp?resize=350%2C200&ssl=1 1x, https:\/\/i0.wp.com\/kohenavocats.com\/wp-content\/uploads\/2024\/07\/annie-spratt-GWCvnsMtiBg-unsplash.webp?resize=525%2C300&ssl=1 1.5x, https:\/\/i0.wp.com\/kohenavocats.com\/wp-content\/uploads\/2024\/07\/annie-spratt-GWCvnsMtiBg-unsplash.webp?resize=700%2C400&ssl=1 2x, https:\/\/i0.wp.com\/kohenavocats.com\/wp-content\/uploads\/2024\/07\/annie-spratt-GWCvnsMtiBg-unsplash.webp?resize=1050%2C600&ssl=1 3x, https:\/\/i0.wp.com\/kohenavocats.com\/wp-content\/uploads\/2024\/07\/annie-spratt-GWCvnsMtiBg-unsplash.webp?resize=1400%2C800&ssl=1 4x"},"classes":[]},{"id":511109,"url":"https:\/\/kohenavocats.com\/ru\/cour-dappel-de-paris-le-9-janvier-2025-n24-16677\/","url_meta":{"origin":608719,"position":2},"title":"Cour d&#8217;appel de Paris, le 9 janvier 2025, n\u00b024\/16677","author":"Kohen","date":"08.04.2026","format":false,"excerpt":"La cour d'appel de Paris, statuant par d\u00e9faut le 9 janvier 2025, a examin\u00e9 un litige relatif \u00e0 un cr\u00e9dit \u00e0 la consommation. L'\u00e9tablissement pr\u00eateur contestai...","rel":"","context":"\u0412 &quot;Jurisprudence&quot;","block_context":{"text":"Jurisprudence","link":"https:\/\/kohenavocats.com\/category\/jurisprudence\/"},"img":{"alt_text":"","src":"https:\/\/i0.wp.com\/kohenavocats.com\/wp-content\/uploads\/2024\/08\/nathan-cima-Oo1B6DhVtBo-unsplash.webp?resize=350%2C200&ssl=1","width":350,"height":200,"srcset":"https:\/\/i0.wp.com\/kohenavocats.com\/wp-content\/uploads\/2024\/08\/nathan-cima-Oo1B6DhVtBo-unsplash.webp?resize=350%2C200&ssl=1 1x, https:\/\/i0.wp.com\/kohenavocats.com\/wp-content\/uploads\/2024\/08\/nathan-cima-Oo1B6DhVtBo-unsplash.webp?resize=525%2C300&ssl=1 1.5x, https:\/\/i0.wp.com\/kohenavocats.com\/wp-content\/uploads\/2024\/08\/nathan-cima-Oo1B6DhVtBo-unsplash.webp?resize=700%2C400&ssl=1 2x, https:\/\/i0.wp.com\/kohenavocats.com\/wp-content\/uploads\/2024\/08\/nathan-cima-Oo1B6DhVtBo-unsplash.webp?resize=1050%2C600&ssl=1 3x, https:\/\/i0.wp.com\/kohenavocats.com\/wp-content\/uploads\/2024\/08\/nathan-cima-Oo1B6DhVtBo-unsplash.webp?resize=1400%2C800&ssl=1 4x"},"classes":[]},{"id":515205,"url":"https:\/\/kohenavocats.com\/ru\/cour-dappel-de-versailles-le-10-avril-2025-n24-07084\/","url_meta":{"origin":608719,"position":3},"title":"Cour d&#8217;appel de Versailles, le 10 avril 2025, n\u00b024\/07084","author":"Kohen","date":"08.04.2026","format":false,"excerpt":"La cour d\u2019appel de Versailles, le 10 avril 2025, a statu\u00e9 sur un pourvoi relatif \u00e0 un contrat de cr\u00e9dit \u00e0 la consommation. L\u2019\u00e9tablissement pr\u00eateur contestait...","rel":"","context":"\u0412 &quot;Jurisprudence&quot;","block_context":{"text":"Jurisprudence","link":"https:\/\/kohenavocats.com\/category\/jurisprudence\/"},"img":{"alt_text":"","src":"https:\/\/i0.wp.com\/kohenavocats.com\/wp-content\/uploads\/2024\/08\/jamieson-gordon-07cvLApfFvU-unsplash.webp?resize=350%2C200&ssl=1","width":350,"height":200,"srcset":"https:\/\/i0.wp.com\/kohenavocats.com\/wp-content\/uploads\/2024\/08\/jamieson-gordon-07cvLApfFvU-unsplash.webp?resize=350%2C200&ssl=1 1x, https:\/\/i0.wp.com\/kohenavocats.com\/wp-content\/uploads\/2024\/08\/jamieson-gordon-07cvLApfFvU-unsplash.webp?resize=525%2C300&ssl=1 1.5x, https:\/\/i0.wp.com\/kohenavocats.com\/wp-content\/uploads\/2024\/08\/jamieson-gordon-07cvLApfFvU-unsplash.webp?resize=700%2C400&ssl=1 2x, https:\/\/i0.wp.com\/kohenavocats.com\/wp-content\/uploads\/2024\/08\/jamieson-gordon-07cvLApfFvU-unsplash.webp?resize=1050%2C600&ssl=1 3x, https:\/\/i0.wp.com\/kohenavocats.com\/wp-content\/uploads\/2024\/08\/jamieson-gordon-07cvLApfFvU-unsplash.webp?resize=1400%2C800&ssl=1 4x"},"classes":[]},{"id":525884,"url":"https:\/\/kohenavocats.com\/ru\/tribunal-judiciaire-de-havre-le-17-novembre-2025-n25-00465\/","url_meta":{"origin":608719,"position":4},"title":"Tribunal judiciaire de Havre, le 17 novembre 2025, n\u00b025\/00465","author":"Kohen","date":"09.04.2026","format":false,"excerpt":"Le tribunal judiciaire du Havre, juge des contentieux de la protection, statue par jugement du 17 novembre 2025. Une soci\u00e9t\u00e9 financi\u00e8re demande le remboursem...","rel":"","context":"\u0412 &quot;Jurisprudence&quot;","block_context":{"text":"Jurisprudence","link":"https:\/\/kohenavocats.com\/category\/jurisprudence\/"},"img":{"alt_text":"","src":"https:\/\/i0.wp.com\/kohenavocats.com\/wp-content\/uploads\/2024\/08\/kris-atomic-6xJ9GUbbFEo-unsplash.webp?resize=350%2C200&ssl=1","width":350,"height":200,"srcset":"https:\/\/i0.wp.com\/kohenavocats.com\/wp-content\/uploads\/2024\/08\/kris-atomic-6xJ9GUbbFEo-unsplash.webp?resize=350%2C200&ssl=1 1x, https:\/\/i0.wp.com\/kohenavocats.com\/wp-content\/uploads\/2024\/08\/kris-atomic-6xJ9GUbbFEo-unsplash.webp?resize=525%2C300&ssl=1 1.5x, https:\/\/i0.wp.com\/kohenavocats.com\/wp-content\/uploads\/2024\/08\/kris-atomic-6xJ9GUbbFEo-unsplash.webp?resize=700%2C400&ssl=1 2x, https:\/\/i0.wp.com\/kohenavocats.com\/wp-content\/uploads\/2024\/08\/kris-atomic-6xJ9GUbbFEo-unsplash.webp?resize=1050%2C600&ssl=1 3x, https:\/\/i0.wp.com\/kohenavocats.com\/wp-content\/uploads\/2024\/08\/kris-atomic-6xJ9GUbbFEo-unsplash.webp?resize=1400%2C800&ssl=1 4x"},"classes":[]},{"id":479174,"url":"https:\/\/kohenavocats.com\/ru\/cour-dappel-de-bourges-le-9-janvier-2025-n23-12970\/","url_meta":{"origin":608719,"position":5},"title":"Cour d&#8217;appel de Bourges, le 9 janvier 2025, n\u00b023\/12970","author":"Kohen","date":"07.04.2026","format":false,"excerpt":"La Cour d\u2019appel de Bourges, le 9 janvier 2025, statue sur un litige relatif \u00e0 un cr\u00e9dit renouvelable. L\u2019\u00e9tablissement pr\u00eateur demande la condamnation de l\u2019em...","rel":"","context":"\u0412 &quot;Jurisprudence&quot;","block_context":{"text":"Jurisprudence","link":"https:\/\/kohenavocats.com\/category\/jurisprudence\/"},"img":{"alt_text":"","src":"https:\/\/i0.wp.com\/kohenavocats.com\/wp-content\/uploads\/2024\/07\/wesley-tingey-KJgkqQcdynQ-unsplash.webp?resize=350%2C200&ssl=1","width":350,"height":200,"srcset":"https:\/\/i0.wp.com\/kohenavocats.com\/wp-content\/uploads\/2024\/07\/wesley-tingey-KJgkqQcdynQ-unsplash.webp?resize=350%2C200&ssl=1 1x, https:\/\/i0.wp.com\/kohenavocats.com\/wp-content\/uploads\/2024\/07\/wesley-tingey-KJgkqQcdynQ-unsplash.webp?resize=525%2C300&ssl=1 1.5x, https:\/\/i0.wp.com\/kohenavocats.com\/wp-content\/uploads\/2024\/07\/wesley-tingey-KJgkqQcdynQ-unsplash.webp?resize=700%2C400&ssl=1 2x, https:\/\/i0.wp.com\/kohenavocats.com\/wp-content\/uploads\/2024\/07\/wesley-tingey-KJgkqQcdynQ-unsplash.webp?resize=1050%2C600&ssl=1 3x, https:\/\/i0.wp.com\/kohenavocats.com\/wp-content\/uploads\/2024\/07\/wesley-tingey-KJgkqQcdynQ-unsplash.webp?resize=1400%2C800&ssl=1 4x"},"classes":[]}],"jetpack_sharing_enabled":true,"_links":{"self":[{"href":"https:\/\/kohenavocats.com\/ru\/wp-json\/wp\/v2\/posts\/608719","targetHints":{"allow":["GET"]}}],"collection":[{"href":"https:\/\/kohenavocats.com\/ru\/wp-json\/wp\/v2\/posts"}],"about":[{"href":"https:\/\/kohenavocats.com\/ru\/wp-json\/wp\/v2\/types\/post"}],"author":[{"embeddable":true,"href":"https:\/\/kohenavocats.com\/ru\/wp-json\/wp\/v2\/users\/232070755"}],"replies":[{"embeddable":true,"href":"https:\/\/kohenavocats.com\/ru\/wp-json\/wp\/v2\/comments?post=608719"}],"version-history":[{"count":0,"href":"https:\/\/kohenavocats.com\/ru\/wp-json\/wp\/v2\/posts\/608719\/revisions"}],"wp:featuredmedia":[{"embeddable":true,"href":"https:\/\/kohenavocats.com\/ru\/wp-json\/wp\/v2\/media\/4914"}],"wp:attachment":[{"href":"https:\/\/kohenavocats.com\/ru\/wp-json\/wp\/v2\/media?parent=608719"}],"wp:term":[{"taxonomy":"category","embeddable":true,"href":"https:\/\/kohenavocats.com\/ru\/wp-json\/wp\/v2\/categories?post=608719"},{"taxonomy":"post_tag","embeddable":true,"href":"https:\/\/kohenavocats.com\/ru\/wp-json\/wp\/v2\/tags?post=608719"}],"curies":[{"name":"wp","href":"https:\/\/api.w.org\/{rel}","templated":true}]}}