{"id":635029,"date":"2026-04-21T11:37:56","date_gmt":"2026-04-21T09:37:56","guid":{"rendered":"https:\/\/kohenavocats.com\/cour-dappel-le-10-juillet-2024-n24-00513\/"},"modified":"2026-04-21T11:37:56","modified_gmt":"2026-04-21T09:37:56","slug":"cour-dappel-le-10-juillet-2024-n24-00513","status":"publish","type":"post","link":"https:\/\/kohenavocats.com\/ru\/cour-dappel-le-10-juillet-2024-n24-00513\/","title":{"rendered":"Cour d&#8217;appel, le 10 juillet 2024, n\u00b024\/00513"},"content":{"rendered":"<div class=\"article-content\">\n<p>La Cour de cassation, chambre sociale, dans un arr\u00eat du 10 juillet 2024, statue sur un litige relatif \u00e0 l\u2019aptitude m\u00e9dicale au travail. L\u2019affaire concerne un assur\u00e9 dont la caisse a fix\u00e9 une date d\u2019aptitude et cess\u00e9 le versement d\u2019indemnit\u00e9s journali\u00e8res. Saisie apr\u00e8s une proc\u00e9dure d\u2019expertise m\u00e9dicale, la cour d\u2019appel avait infirm\u00e9 le jugement de premi\u00e8re instance. La Haute juridiction examine la port\u00e9e de l\u2019avis de l\u2019expert d\u00e9sign\u00e9 par le juge et son autorit\u00e9 sur les parties. Elle confirme la d\u00e9cision d\u2019appel en retenant l\u2019obligation de poursuite du versement des indemnit\u00e9s.<\/p>\n<p>L\u2019autorit\u00e9 contraignante de l\u2019expertise judiciaire<\/p>\n<p>La Cour rappelle le principe fondamental de l\u2019autorit\u00e9 de l\u2019avis de l\u2019expert. Elle fonde sa d\u00e9cision sur une interpr\u00e9tation combin\u00e9e des articles l\u00e9gislatifs et r\u00e9glementaires applicables. Le dispositif pr\u00e9voit une proc\u00e9dure sp\u00e9cifique pour les contestations d\u2019ordre m\u00e9dical en mati\u00e8re de s\u00e9curit\u00e9 sociale. &#171;Lorsque le juge, saisi d&#8217;un diff\u00e9rend portant sur une d\u00e9cision prise apr\u00e8s mise en oeuvre de l&#8217;expertise m\u00e9dicale technique pr\u00e9vue par le premier, ordonne, \u00e0 la demande d&#8217;une partie, une nouvelle expertise, en application des deux derniers, l&#8217;avis de l&#8217;expert, d\u00e9sign\u00e9 dans les conditions pr\u00e9vues par le troisi\u00e8me, s&#8217;impose \u00e0 l&#8217;int\u00e9ress\u00e9 comme \u00e0 la caisse&#187; (Motifs). Cette r\u00e8gle assure la primaut\u00e9 de l\u2019expertise ordonn\u00e9e par le juge sur les pr\u00e9c\u00e9dentes \u00e9valuations. Elle consacre la force probante majeure de cette mesure d\u2019instruction dans le contentieux technique de la s\u00e9curit\u00e9 sociale. La solution renforce la s\u00e9curit\u00e9 juridique en \u00e9vitant des contestations r\u00e9p\u00e9t\u00e9es sur des questions purement m\u00e9dicales. Elle aligne la jurisprudence sur le principe d\u00e9j\u00e0 d\u00e9gag\u00e9 par d\u2019autres juridictions. &#171;Lorsque le juge saisi d&#8217;un diff\u00e9rend portant sur une d\u00e9cision prise apr\u00e8s mise en oeuvre de l&#8217;expertise m\u00e9dicale technique, ordonne, \u00e0 la demande d&#8217;une partie, une nouvelle expertise, l&#8217;avis de l&#8217;expert s&#8217;impose \u00e0 l&#8217;assur\u00e9 comme \u00e0 la caisse&#187; (Cour d&#8217;appel de Versailles, le 6 avril 2023, n\u00b022\/00293). La port\u00e9e de cette autorit\u00e9 est toutefois encadr\u00e9e par des limites proc\u00e9durales pr\u00e9cises.<\/p>\n<p>Les limites proc\u00e9durales \u00e0 l\u2019autorit\u00e9 de l\u2019expert<\/p>\n<p>L\u2019autorit\u00e9 de l\u2019expertise n\u2019est cependant pas absolue et rencontre des limites strictes. La Cour pr\u00e9cise que cette force probante ne vaut que si l\u2019avis est formul\u00e9 de mani\u00e8re claire et d\u00e9finitive. Elle admet la possibilit\u00e9 pour le juge de contourner cet avis dans des hypoth\u00e8ses restreintes. L\u2019expertise ne s\u2019impose plus &#171;sauf au juge \u00e0 ordonner un compl\u00e9ment d&#8217;expertise ou, \u00e0 la demande de l&#8217;une des parties, une nouvelle expertise lorsque cet avis est ambigu ou manque de clart\u00e9&#187; (Motifs). Cette pr\u00e9cision garantit que l\u2019expertise reste un outil au service de la manifestation de la v\u00e9rit\u00e9. En l\u2019esp\u00e8ce, la Cour constate que l\u2019expert a men\u00e9 sa mission dans le respect des r\u00e8gles d\u00e9ontologiques. &#171;L&#8217;expert d\u00e9sign\u00e9 par la cour d&#8217;appel de Colmar a conclu, de fa\u00e7on claire et pr\u00e9cise, apr\u00e8s consultation notamment d&#8217;un sapiteur en psychiatrie et apr\u00e8s discussion m\u00e9dicale des \u00e9l\u00e9ments transmis&#187; (Motifs). La valeur de cet arr\u00eat r\u00e9side dans la d\u00e9finition d\u2019un \u00e9quilibre entre l\u2019autorit\u00e9 de la preuve technique et le pouvoir souverain du juge. Le sens de la solution est de pr\u00e9venir les abus tout en assurant l\u2019efficacit\u00e9 de la proc\u00e9dure d\u2019expertise. La port\u00e9e pratique est significative pour les caisses et les assur\u00e9s, qui doivent fonder leurs demandes sur des expertises solides. Elle rappelle que la clart\u00e9 des conclusions de l\u2019expert est la condition de leur opposabilit\u00e9.<\/p>\n<\/div>\n","protected":false},"excerpt":{"rendered":"<p>La Cour de cassation, chambre sociale, dans un arr\u00eat du 10 juillet 2024, statue sur un litige relatif \u00e0 l\u2019aptitude m\u00e9dicale au travail. L\u2019affaire concerne un&#8230;<\/p>\n","protected":false},"author":232070755,"featured_media":4909,"comment_status":"open","ping_status":"open","sticky":false,"template":"","format":"standard","meta":{"_crdt_document":"","_jetpack_newsletter_access":"","_jetpack_dont_email_post_to_subs":false,"_jetpack_newsletter_tier_id":0,"_jetpack_memberships_contains_paywalled_content":false,"_kj_source_type":"judilibre","_kj_official_id":"68ef2c24796eb4b748562963","_kj_official_url":"https:\/\/www.courdecassation.fr\/decision\/68ef2c24796eb4b748562963","_kj_judilibre_id":"68ef2c24796eb4b748562963","_kj_jur":"Cour d'appel","_kj_lieu":"Cour d'appel de Metz","_kj_chambre":"Chambre Sociale-Section 3","_kj_rg":"24\/00513","_kj_date":"2025-10-13","_jetpack_memberships_contains_paid_content":false,"footnotes":"","jetpack_post_was_ever_published":false},"categories":[7597],"tags":[],"class_list":["post-635029","post","type-post","status-publish","format-standard","has-post-thumbnail","hentry","category-jurisprudence"],"yoast_head":"<!-- This site is optimized with the Yoast SEO Premium plugin v27.5 (Yoast SEO v27.5) - https:\/\/yoast.com\/product\/yoast-seo-premium-wordpress\/ -->\n<title>Cour d&#039;appel, le 10 juillet 2024, n\u00b024\/00513 - Ma\u00eetre Hassan Kohen, avocat en droit p\u00e9nal \u00e0 Paris<\/title>\n<meta name=\"description\" content=\"La Cour de cassation, chambre sociale, dans un arr\u00eat du 10 juillet 2024, statue sur un litige relatif \u00e0 l\u2019aptitude m\u00e9dicale au travail. L\u2019affaire concerne un...\" \/>\n<meta name=\"robots\" content=\"index, follow, max-snippet:-1, max-image-preview:large, max-video-preview:-1\" \/>\n<link rel=\"canonical\" href=\"https:\/\/kohenavocats.com\/ru\/cour-dappel-le-10-juillet-2024-n24-00513\/\" \/>\n<meta property=\"og:locale\" content=\"ru_RU\" \/>\n<meta property=\"og:type\" content=\"article\" \/>\n<meta property=\"og:title\" content=\"Cour d&#039;appel, le 10 juillet 2024, n\u00b024\/00513\" \/>\n<meta property=\"og:description\" content=\"La Cour de cassation, chambre sociale, dans un arr\u00eat du 10 juillet 2024, statue sur un litige relatif \u00e0 l\u2019aptitude m\u00e9dicale au travail. L\u2019affaire concerne un...\" \/>\n<meta property=\"og:url\" content=\"https:\/\/kohenavocats.com\/ru\/cour-dappel-le-10-juillet-2024-n24-00513\/\" \/>\n<meta property=\"og:site_name\" content=\"Ma\u00eetre Hassan Kohen, avocat en droit p\u00e9nal \u00e0 Paris\" \/>\n<meta property=\"article:published_time\" content=\"2026-04-21T09:37:56+00:00\" \/>\n<meta property=\"og:image\" content=\"https:\/\/kohenavocats.com\/wp-content\/uploads\/2024\/08\/pascal-bernardon-X8u7lVCzhT4-unsplash.webp\" \/>\n\t<meta property=\"og:image:width\" content=\"5472\" \/>\n\t<meta property=\"og:image:height\" content=\"4922\" \/>\n\t<meta property=\"og:image:type\" content=\"image\/webp\" \/>\n<meta name=\"author\" content=\"Kohen\" \/>\n<meta name=\"twitter:card\" content=\"summary_large_image\" \/>\n<meta name=\"twitter:label1\" content=\"\u041d\u0430\u043f\u0438\u0441\u0430\u043d\u043e \u0430\u0432\u0442\u043e\u0440\u043e\u043c\" \/>\n\t<meta name=\"twitter:data1\" content=\"Kohen\" \/>\n\t<meta name=\"twitter:label2\" content=\"\u041f\u0440\u0438\u043c\u0435\u0440\u043d\u043e\u0435 \u0432\u0440\u0435\u043c\u044f \u0434\u043b\u044f \u0447\u0442\u0435\u043d\u0438\u044f\" \/>\n\t<meta name=\"twitter:data2\" content=\"3 \u043c\u0438\u043d\u0443\u0442\u044b\" \/>\n<script type=\"application\/ld+json\" class=\"yoast-schema-graph\">{\"@context\":\"https:\\\/\\\/schema.org\",\"@graph\":[{\"@type\":\"Article\",\"@id\":\"https:\\\/\\\/kohenavocats.com\\\/ru\\\/cour-dappel-le-10-juillet-2024-n24-00513\\\/#article\",\"isPartOf\":{\"@id\":\"https:\\\/\\\/kohenavocats.com\\\/ru\\\/cour-dappel-le-10-juillet-2024-n24-00513\\\/\"},\"author\":{\"name\":\"Kohen\",\"@id\":\"https:\\\/\\\/kohenavocats.com\\\/ru\\\/#\\\/schema\\\/person\\\/761c9ba54fa1ca84d405cef0831ff751\"},\"headline\":\"Cour d&#8217;appel, le 10 juillet 2024, n\u00b024\\\/00513\",\"datePublished\":\"2026-04-21T09:37:56+00:00\",\"mainEntityOfPage\":{\"@id\":\"https:\\\/\\\/kohenavocats.com\\\/ru\\\/cour-dappel-le-10-juillet-2024-n24-00513\\\/\"},\"wordCount\":664,\"commentCount\":0,\"publisher\":{\"@id\":\"https:\\\/\\\/kohenavocats.com\\\/ru\\\/#organization\"},\"image\":{\"@id\":\"https:\\\/\\\/kohenavocats.com\\\/ru\\\/cour-dappel-le-10-juillet-2024-n24-00513\\\/#primaryimage\"},\"thumbnailUrl\":\"https:\\\/\\\/kohenavocats.com\\\/wp-content\\\/uploads\\\/2024\\\/08\\\/pascal-bernardon-X8u7lVCzhT4-unsplash.webp\",\"articleSection\":[\"Jurisprudence\"],\"inLanguage\":\"ru-RU\",\"potentialAction\":[{\"@type\":\"CommentAction\",\"name\":\"Comment\",\"target\":[\"https:\\\/\\\/kohenavocats.com\\\/ru\\\/cour-dappel-le-10-juillet-2024-n24-00513\\\/#respond\"]}],\"citation\":\"Cour d&#8217;appel, le 10 juillet 2024, n\u00b024\\\/00513\",\"about\":[{\"@type\":\"Thing\",\"name\":\"Jurisprudence\"}],\"dateModified\":\"2026-04-21T09:37:56+00:00\",\"speakable\":{\"@type\":\"SpeakableSpecification\",\"cssSelector\":[\".article-content > p:first-of-type\"]}},{\"@type\":\"WebPage\",\"@id\":\"https:\\\/\\\/kohenavocats.com\\\/ru\\\/cour-dappel-le-10-juillet-2024-n24-00513\\\/\",\"url\":\"https:\\\/\\\/kohenavocats.com\\\/ru\\\/cour-dappel-le-10-juillet-2024-n24-00513\\\/\",\"name\":\"Cour d'appel, le 10 juillet 2024, n\u00b024\\\/00513 - Ma\u00eetre Hassan Kohen, avocat en droit p\u00e9nal \u00e0 Paris\",\"isPartOf\":{\"@id\":\"https:\\\/\\\/kohenavocats.com\\\/ru\\\/#website\"},\"primaryImageOfPage\":{\"@id\":\"https:\\\/\\\/kohenavocats.com\\\/ru\\\/cour-dappel-le-10-juillet-2024-n24-00513\\\/#primaryimage\"},\"image\":{\"@id\":\"https:\\\/\\\/kohenavocats.com\\\/ru\\\/cour-dappel-le-10-juillet-2024-n24-00513\\\/#primaryimage\"},\"thumbnailUrl\":\"https:\\\/\\\/kohenavocats.com\\\/wp-content\\\/uploads\\\/2024\\\/08\\\/pascal-bernardon-X8u7lVCzhT4-unsplash.webp\",\"datePublished\":\"2026-04-21T09:37:56+00:00\",\"description\":\"La Cour de cassation, chambre sociale, dans un arr\u00eat du 10 juillet 2024, statue sur un litige relatif \u00e0 l\u2019aptitude m\u00e9dicale au travail. L\u2019affaire concerne un...\",\"breadcrumb\":{\"@id\":\"https:\\\/\\\/kohenavocats.com\\\/ru\\\/cour-dappel-le-10-juillet-2024-n24-00513\\\/#breadcrumb\"},\"inLanguage\":\"ru-RU\",\"potentialAction\":[{\"@type\":\"ReadAction\",\"target\":[\"https:\\\/\\\/kohenavocats.com\\\/ru\\\/cour-dappel-le-10-juillet-2024-n24-00513\\\/\"]}]},{\"@type\":\"ImageObject\",\"inLanguage\":\"ru-RU\",\"@id\":\"https:\\\/\\\/kohenavocats.com\\\/ru\\\/cour-dappel-le-10-juillet-2024-n24-00513\\\/#primaryimage\",\"url\":\"https:\\\/\\\/kohenavocats.com\\\/wp-content\\\/uploads\\\/2024\\\/08\\\/pascal-bernardon-X8u7lVCzhT4-unsplash.webp\",\"contentUrl\":\"https:\\\/\\\/kohenavocats.com\\\/wp-content\\\/uploads\\\/2024\\\/08\\\/pascal-bernardon-X8u7lVCzhT4-unsplash.webp\",\"width\":5472,\"height\":4922},{\"@type\":\"BreadcrumbList\",\"@id\":\"https:\\\/\\\/kohenavocats.com\\\/ru\\\/cour-dappel-le-10-juillet-2024-n24-00513\\\/#breadcrumb\",\"itemListElement\":[{\"@type\":\"ListItem\",\"position\":1,\"name\":\"Home\",\"item\":\"https:\\\/\\\/kohenavocats.com\\\/ru\\\/avocats-en-droit-penal-a-paris-conseil-et-defense-strategique\\\/\"},{\"@type\":\"ListItem\",\"position\":2,\"name\":\"Cour d&rsquo;appel, le 10 juillet 2024, n\u00b024\\\/00513\"}]},{\"@type\":\"WebSite\",\"@id\":\"https:\\\/\\\/kohenavocats.com\\\/ru\\\/#website\",\"url\":\"https:\\\/\\\/kohenavocats.com\\\/ru\\\/\",\"name\":\"Kohen Avocats\",\"description\":\"Ma\u00eetre Hassan Kohen, avocat p\u00e9naliste \u00e0 Paris, intervient exclusivement en droit p\u00e9nal pour la d\u00e9fense des particuliers, notamment en mati\u00e8re d\u2019accusations de viol. Il assure un accompagnement rigoureux d\u00e8s la garde \u00e0 vue jusqu\u2019\u00e0 la Cour d\u2019assises, veillant au strict respect des garanties proc\u00e9durales.\",\"publisher\":{\"@id\":\"https:\\\/\\\/kohenavocats.com\\\/ru\\\/#organization\"},\"potentialAction\":[{\"@type\":\"SearchAction\",\"target\":{\"@type\":\"EntryPoint\",\"urlTemplate\":\"https:\\\/\\\/kohenavocats.com\\\/ru\\\/?s={search_term_string}\"},\"query-input\":{\"@type\":\"PropertyValueSpecification\",\"valueRequired\":true,\"valueName\":\"search_term_string\"}}],\"inLanguage\":\"ru-RU\"},{\"@type\":\"Organization\",\"@id\":\"https:\\\/\\\/kohenavocats.com\\\/ru\\\/#organization\",\"name\":\"Kohen Avocats\",\"url\":\"https:\\\/\\\/kohenavocats.com\\\/ru\\\/\",\"logo\":{\"@type\":\"ImageObject\",\"inLanguage\":\"ru-RU\",\"@id\":\"https:\\\/\\\/kohenavocats.com\\\/ru\\\/#\\\/schema\\\/logo\\\/image\\\/\",\"url\":\"https:\\\/\\\/kohenavocats.com\\\/wp-content\\\/uploads\\\/2026\\\/01\\\/Logo-2-1.webp\",\"contentUrl\":\"https:\\\/\\\/kohenavocats.com\\\/wp-content\\\/uploads\\\/2026\\\/01\\\/Logo-2-1.webp\",\"width\":2114,\"height\":1253,\"caption\":\"Kohen Avocats\"},\"image\":{\"@id\":\"https:\\\/\\\/kohenavocats.com\\\/ru\\\/#\\\/schema\\\/logo\\\/image\\\/\"}},{\"@type\":\"Person\",\"@id\":\"https:\\\/\\\/kohenavocats.com\\\/ru\\\/#\\\/schema\\\/person\\\/761c9ba54fa1ca84d405cef0831ff751\",\"name\":\"Kohen\",\"image\":{\"@type\":\"ImageObject\",\"inLanguage\":\"ru-RU\",\"@id\":\"https:\\\/\\\/secure.gravatar.com\\\/avatar\\\/1c5e76ef76bbbfdd2b4da984e2bf2fa4056fd51a27d25ce2c332047f1dfd6e00?s=96&d=identicon&r=g\",\"url\":\"https:\\\/\\\/secure.gravatar.com\\\/avatar\\\/1c5e76ef76bbbfdd2b4da984e2bf2fa4056fd51a27d25ce2c332047f1dfd6e00?s=96&d=identicon&r=g\",\"contentUrl\":\"https:\\\/\\\/secure.gravatar.com\\\/avatar\\\/1c5e76ef76bbbfdd2b4da984e2bf2fa4056fd51a27d25ce2c332047f1dfd6e00?s=96&d=identicon&r=g\",\"caption\":\"Kohen\"},\"sameAs\":[\"https:\\\/\\\/www.linkedin.com\\\/in\\\/hassan-kohen-448548192\\\/\",\"https:\\\/\\\/www.youtube.com\\\/@Kohen-Avocats\"],\"url\":\"https:\\\/\\\/kohenavocats.com\\\/ru\\\/author\\\/kohenmlk\\\/\"}]}<\/script>\n<!-- \/ Yoast SEO Premium plugin. -->","yoast_head_json":{"title":"Cour d'appel, le 10 juillet 2024, n\u00b024\/00513 - Ma\u00eetre Hassan Kohen, avocat en droit p\u00e9nal \u00e0 Paris","description":"La Cour de cassation, chambre sociale, dans un arr\u00eat du 10 juillet 2024, statue sur un litige relatif \u00e0 l\u2019aptitude m\u00e9dicale au travail. L\u2019affaire concerne un...","robots":{"index":"index","follow":"follow","max-snippet":"max-snippet:-1","max-image-preview":"max-image-preview:large","max-video-preview":"max-video-preview:-1"},"canonical":"https:\/\/kohenavocats.com\/ru\/cour-dappel-le-10-juillet-2024-n24-00513\/","og_locale":"ru_RU","og_type":"article","og_title":"Cour d'appel, le 10 juillet 2024, n\u00b024\/00513","og_description":"La Cour de cassation, chambre sociale, dans un arr\u00eat du 10 juillet 2024, statue sur un litige relatif \u00e0 l\u2019aptitude m\u00e9dicale au travail. L\u2019affaire concerne un...","og_url":"https:\/\/kohenavocats.com\/ru\/cour-dappel-le-10-juillet-2024-n24-00513\/","og_site_name":"Ma\u00eetre Hassan Kohen, avocat en droit p\u00e9nal \u00e0 Paris","article_published_time":"2026-04-21T09:37:56+00:00","og_image":[{"width":5472,"height":4922,"url":"https:\/\/kohenavocats.com\/wp-content\/uploads\/2024\/08\/pascal-bernardon-X8u7lVCzhT4-unsplash.webp","type":"image\/webp"}],"author":"Kohen","twitter_card":"summary_large_image","twitter_misc":{"\u041d\u0430\u043f\u0438\u0441\u0430\u043d\u043e \u0430\u0432\u0442\u043e\u0440\u043e\u043c":"Kohen","\u041f\u0440\u0438\u043c\u0435\u0440\u043d\u043e\u0435 \u0432\u0440\u0435\u043c\u044f \u0434\u043b\u044f \u0447\u0442\u0435\u043d\u0438\u044f":"3 \u043c\u0438\u043d\u0443\u0442\u044b"},"schema":{"@context":"https:\/\/schema.org","@graph":[{"@type":"Article","@id":"https:\/\/kohenavocats.com\/ru\/cour-dappel-le-10-juillet-2024-n24-00513\/#article","isPartOf":{"@id":"https:\/\/kohenavocats.com\/ru\/cour-dappel-le-10-juillet-2024-n24-00513\/"},"author":{"name":"Kohen","@id":"https:\/\/kohenavocats.com\/ru\/#\/schema\/person\/761c9ba54fa1ca84d405cef0831ff751"},"headline":"Cour d&#8217;appel, le 10 juillet 2024, n\u00b024\/00513","datePublished":"2026-04-21T09:37:56+00:00","mainEntityOfPage":{"@id":"https:\/\/kohenavocats.com\/ru\/cour-dappel-le-10-juillet-2024-n24-00513\/"},"wordCount":664,"commentCount":0,"publisher":{"@id":"https:\/\/kohenavocats.com\/ru\/#organization"},"image":{"@id":"https:\/\/kohenavocats.com\/ru\/cour-dappel-le-10-juillet-2024-n24-00513\/#primaryimage"},"thumbnailUrl":"https:\/\/kohenavocats.com\/wp-content\/uploads\/2024\/08\/pascal-bernardon-X8u7lVCzhT4-unsplash.webp","articleSection":["Jurisprudence"],"inLanguage":"ru-RU","potentialAction":[{"@type":"CommentAction","name":"Comment","target":["https:\/\/kohenavocats.com\/ru\/cour-dappel-le-10-juillet-2024-n24-00513\/#respond"]}],"citation":"Cour d&#8217;appel, le 10 juillet 2024, n\u00b024\/00513","about":[{"@type":"Thing","name":"Jurisprudence"}],"dateModified":"2026-04-21T09:37:56+00:00","speakable":{"@type":"SpeakableSpecification","cssSelector":[".article-content > p:first-of-type"]}},{"@type":"WebPage","@id":"https:\/\/kohenavocats.com\/ru\/cour-dappel-le-10-juillet-2024-n24-00513\/","url":"https:\/\/kohenavocats.com\/ru\/cour-dappel-le-10-juillet-2024-n24-00513\/","name":"Cour d'appel, le 10 juillet 2024, n\u00b024\/00513 - Ma\u00eetre Hassan Kohen, avocat en droit p\u00e9nal \u00e0 Paris","isPartOf":{"@id":"https:\/\/kohenavocats.com\/ru\/#website"},"primaryImageOfPage":{"@id":"https:\/\/kohenavocats.com\/ru\/cour-dappel-le-10-juillet-2024-n24-00513\/#primaryimage"},"image":{"@id":"https:\/\/kohenavocats.com\/ru\/cour-dappel-le-10-juillet-2024-n24-00513\/#primaryimage"},"thumbnailUrl":"https:\/\/kohenavocats.com\/wp-content\/uploads\/2024\/08\/pascal-bernardon-X8u7lVCzhT4-unsplash.webp","datePublished":"2026-04-21T09:37:56+00:00","description":"La Cour de cassation, chambre sociale, dans un arr\u00eat du 10 juillet 2024, statue sur un litige relatif \u00e0 l\u2019aptitude m\u00e9dicale au travail. L\u2019affaire concerne un...","breadcrumb":{"@id":"https:\/\/kohenavocats.com\/ru\/cour-dappel-le-10-juillet-2024-n24-00513\/#breadcrumb"},"inLanguage":"ru-RU","potentialAction":[{"@type":"ReadAction","target":["https:\/\/kohenavocats.com\/ru\/cour-dappel-le-10-juillet-2024-n24-00513\/"]}]},{"@type":"ImageObject","inLanguage":"ru-RU","@id":"https:\/\/kohenavocats.com\/ru\/cour-dappel-le-10-juillet-2024-n24-00513\/#primaryimage","url":"https:\/\/kohenavocats.com\/wp-content\/uploads\/2024\/08\/pascal-bernardon-X8u7lVCzhT4-unsplash.webp","contentUrl":"https:\/\/kohenavocats.com\/wp-content\/uploads\/2024\/08\/pascal-bernardon-X8u7lVCzhT4-unsplash.webp","width":5472,"height":4922},{"@type":"BreadcrumbList","@id":"https:\/\/kohenavocats.com\/ru\/cour-dappel-le-10-juillet-2024-n24-00513\/#breadcrumb","itemListElement":[{"@type":"ListItem","position":1,"name":"Home","item":"https:\/\/kohenavocats.com\/ru\/avocats-en-droit-penal-a-paris-conseil-et-defense-strategique\/"},{"@type":"ListItem","position":2,"name":"Cour d&rsquo;appel, le 10 juillet 2024, n\u00b024\/00513"}]},{"@type":"WebSite","@id":"https:\/\/kohenavocats.com\/ru\/#website","url":"https:\/\/kohenavocats.com\/ru\/","name":"Kohen Avocats","description":"Ma\u00eetre Hassan Kohen, avocat p\u00e9naliste \u00e0 Paris, intervient exclusivement en droit p\u00e9nal pour la d\u00e9fense des particuliers, notamment en mati\u00e8re d\u2019accusations de viol. Il assure un accompagnement rigoureux d\u00e8s la garde \u00e0 vue jusqu\u2019\u00e0 la Cour d\u2019assises, veillant au strict respect des garanties proc\u00e9durales.","publisher":{"@id":"https:\/\/kohenavocats.com\/ru\/#organization"},"potentialAction":[{"@type":"SearchAction","target":{"@type":"EntryPoint","urlTemplate":"https:\/\/kohenavocats.com\/ru\/?s={search_term_string}"},"query-input":{"@type":"PropertyValueSpecification","valueRequired":true,"valueName":"search_term_string"}}],"inLanguage":"ru-RU"},{"@type":"Organization","@id":"https:\/\/kohenavocats.com\/ru\/#organization","name":"Kohen Avocats","url":"https:\/\/kohenavocats.com\/ru\/","logo":{"@type":"ImageObject","inLanguage":"ru-RU","@id":"https:\/\/kohenavocats.com\/ru\/#\/schema\/logo\/image\/","url":"https:\/\/kohenavocats.com\/wp-content\/uploads\/2026\/01\/Logo-2-1.webp","contentUrl":"https:\/\/kohenavocats.com\/wp-content\/uploads\/2026\/01\/Logo-2-1.webp","width":2114,"height":1253,"caption":"Kohen Avocats"},"image":{"@id":"https:\/\/kohenavocats.com\/ru\/#\/schema\/logo\/image\/"}},{"@type":"Person","@id":"https:\/\/kohenavocats.com\/ru\/#\/schema\/person\/761c9ba54fa1ca84d405cef0831ff751","name":"Kohen","image":{"@type":"ImageObject","inLanguage":"ru-RU","@id":"https:\/\/secure.gravatar.com\/avatar\/1c5e76ef76bbbfdd2b4da984e2bf2fa4056fd51a27d25ce2c332047f1dfd6e00?s=96&d=identicon&r=g","url":"https:\/\/secure.gravatar.com\/avatar\/1c5e76ef76bbbfdd2b4da984e2bf2fa4056fd51a27d25ce2c332047f1dfd6e00?s=96&d=identicon&r=g","contentUrl":"https:\/\/secure.gravatar.com\/avatar\/1c5e76ef76bbbfdd2b4da984e2bf2fa4056fd51a27d25ce2c332047f1dfd6e00?s=96&d=identicon&r=g","caption":"Kohen"},"sameAs":["https:\/\/www.linkedin.com\/in\/hassan-kohen-448548192\/","https:\/\/www.youtube.com\/@Kohen-Avocats"],"url":"https:\/\/kohenavocats.com\/ru\/author\/kohenmlk\/"}]}},"jetpack_featured_media_url":"https:\/\/kohenavocats.com\/wp-content\/uploads\/2024\/08\/pascal-bernardon-X8u7lVCzhT4-unsplash.webp","jetpack_likes_enabled":false,"jetpack_shortlink":"https:\/\/wp.me\/peCrII-2Fcp","jetpack-related-posts":[{"id":492173,"url":"https:\/\/kohenavocats.com\/ru\/cour-dappel-de-douai-le-17-decembre-2024-n24-09440\/","url_meta":{"origin":635029,"position":0},"title":"Cour d&#8217;appel de Douai, le 17 d\u00e9cembre 2024, n\u00b024\/09440","author":"Kohen","date":"08.04.2026","format":false,"excerpt":"La Cour d\u2019appel de Douai, statuant le 17 d\u00e9cembre 2024, a examin\u00e9 un litige relatif \u00e0 l\u2019arr\u00eat de versement d\u2019indemnit\u00e9s journali\u00e8res. L\u2019assur\u00e9e contestait la...","rel":"","context":"\u0412 &quot;Jurisprudence&quot;","block_context":{"text":"Jurisprudence","link":"https:\/\/kohenavocats.com\/category\/jurisprudence\/"},"img":{"alt_text":"","src":"https:\/\/i0.wp.com\/kohenavocats.com\/wp-content\/uploads\/2024\/11\/isidore-decamon-3M58ebH7qxc-unsplash.webp?resize=350%2C200&ssl=1","width":350,"height":200,"srcset":"https:\/\/i0.wp.com\/kohenavocats.com\/wp-content\/uploads\/2024\/11\/isidore-decamon-3M58ebH7qxc-unsplash.webp?resize=350%2C200&ssl=1 1x, https:\/\/i0.wp.com\/kohenavocats.com\/wp-content\/uploads\/2024\/11\/isidore-decamon-3M58ebH7qxc-unsplash.webp?resize=525%2C300&ssl=1 1.5x, https:\/\/i0.wp.com\/kohenavocats.com\/wp-content\/uploads\/2024\/11\/isidore-decamon-3M58ebH7qxc-unsplash.webp?resize=700%2C400&ssl=1 2x, https:\/\/i0.wp.com\/kohenavocats.com\/wp-content\/uploads\/2024\/11\/isidore-decamon-3M58ebH7qxc-unsplash.webp?resize=1050%2C600&ssl=1 3x, https:\/\/i0.wp.com\/kohenavocats.com\/wp-content\/uploads\/2024\/11\/isidore-decamon-3M58ebH7qxc-unsplash.webp?resize=1400%2C800&ssl=1 4x"},"classes":[]},{"id":633572,"url":"https:\/\/kohenavocats.com\/ru\/cour-dappel-de-douai-le-14-decembre-2017-n22-04401\/","url_meta":{"origin":635029,"position":1},"title":"Cour d&#8217;appel de Douai, le 14 d\u00e9cembre 2017, n\u00b022\/04401","author":"Kohen","date":"21.04.2026","format":false,"excerpt":"La cour d'appel de Douai, statuant le 14 d\u00e9cembre 2017, a examin\u00e9 un litige relatif au refus de versement d'indemnit\u00e9s journali\u00e8res. L'assur\u00e9e contestait la ...","rel":"","context":"\u0412 &quot;Jurisprudence&quot;","block_context":{"text":"Jurisprudence","link":"https:\/\/kohenavocats.com\/category\/jurisprudence\/"},"img":{"alt_text":"","src":"https:\/\/i0.wp.com\/kohenavocats.com\/wp-content\/uploads\/2024\/08\/dillon-t-lHQ7gU7SgdM-unsplash.webp?resize=350%2C200&ssl=1","width":350,"height":200,"srcset":"https:\/\/i0.wp.com\/kohenavocats.com\/wp-content\/uploads\/2024\/08\/dillon-t-lHQ7gU7SgdM-unsplash.webp?resize=350%2C200&ssl=1 1x, https:\/\/i0.wp.com\/kohenavocats.com\/wp-content\/uploads\/2024\/08\/dillon-t-lHQ7gU7SgdM-unsplash.webp?resize=525%2C300&ssl=1 1.5x, https:\/\/i0.wp.com\/kohenavocats.com\/wp-content\/uploads\/2024\/08\/dillon-t-lHQ7gU7SgdM-unsplash.webp?resize=700%2C400&ssl=1 2x, https:\/\/i0.wp.com\/kohenavocats.com\/wp-content\/uploads\/2024\/08\/dillon-t-lHQ7gU7SgdM-unsplash.webp?resize=1050%2C600&ssl=1 3x, https:\/\/i0.wp.com\/kohenavocats.com\/wp-content\/uploads\/2024\/08\/dillon-t-lHQ7gU7SgdM-unsplash.webp?resize=1400%2C800&ssl=1 4x"},"classes":[]},{"id":204430,"url":"https:\/\/kohenavocats.com\/ru\/cour-dappel-de-aix-en-provence-le-13-juin-2025-n23-10274\/","url_meta":{"origin":635029,"position":2},"title":"Cour d&#8217;appel de Aix-en-Provence, le 13 juin 2025, n\u00b023\/10274","author":"Kohen","date":"21.12.2025","format":false,"excerpt":"La Cour d'appel d'Aix\u2011en\u2011Provence, le 13 juin 2025, tranche un contentieux de s\u00e9curit\u00e9 sociale portant sur les indemnit\u00e9s journali\u00e8res. Apr\u00e8s un arr\u00eat de travail au printemps 2018 puis une reprise en mi\u2011temps th\u00e9rapeutique, la caisse a cess\u00e9 le versement au 15 septembre 2018. Le 8 juin 2023, la juridiction de\u2026","rel":"","context":"\u0412 &quot;6920&quot;","block_context":{"text":"6920","link":"https:\/\/kohenavocats.com\/category\/6920\/"},"img":{"alt_text":"","src":"https:\/\/i0.wp.com\/kohenavocats.com\/wp-content\/uploads\/2024\/11\/kristijan-arsov-A2a12i_diJs-unsplash.webp?resize=350%2C200&ssl=1","width":350,"height":200,"srcset":"https:\/\/i0.wp.com\/kohenavocats.com\/wp-content\/uploads\/2024\/11\/kristijan-arsov-A2a12i_diJs-unsplash.webp?resize=350%2C200&ssl=1 1x, https:\/\/i0.wp.com\/kohenavocats.com\/wp-content\/uploads\/2024\/11\/kristijan-arsov-A2a12i_diJs-unsplash.webp?resize=525%2C300&ssl=1 1.5x, https:\/\/i0.wp.com\/kohenavocats.com\/wp-content\/uploads\/2024\/11\/kristijan-arsov-A2a12i_diJs-unsplash.webp?resize=700%2C400&ssl=1 2x, https:\/\/i0.wp.com\/kohenavocats.com\/wp-content\/uploads\/2024\/11\/kristijan-arsov-A2a12i_diJs-unsplash.webp?resize=1050%2C600&ssl=1 3x, https:\/\/i0.wp.com\/kohenavocats.com\/wp-content\/uploads\/2024\/11\/kristijan-arsov-A2a12i_diJs-unsplash.webp?resize=1400%2C800&ssl=1 4x"},"classes":[]},{"id":464671,"url":"https:\/\/kohenavocats.com\/ru\/ce-conseil-detat-20-12-2024-n-467293\/","url_meta":{"origin":635029,"position":3},"title":"CE \u2013 Conseil d&#8217;\u00c9tat \u2013 20\/12\/2024 \u2013 n\u00b0 467293","author":"Kohen","date":"07.04.2026","format":false,"excerpt":"Par une d\u00e9cision du 20 d\u00e9cembre 2024, le Conseil d\u2019\u00c9tat pr\u00e9cise les conditions de reprise de fonctions d\u2019un agent territorial au terme d\u2019un cong\u00e9 de...","rel":"","context":"\u0412 &quot;Juridictions administratives&quot;","block_context":{"text":"Juridictions administratives","link":"https:\/\/kohenavocats.com\/category\/juridictions-administratives\/"},"img":{"alt_text":"","src":"https:\/\/i0.wp.com\/kohenavocats.com\/wp-content\/uploads\/2024\/11\/pawel-czerwinski-ZJk8NX0aR8s-unsplash.webp?resize=350%2C200&ssl=1","width":350,"height":200,"srcset":"https:\/\/i0.wp.com\/kohenavocats.com\/wp-content\/uploads\/2024\/11\/pawel-czerwinski-ZJk8NX0aR8s-unsplash.webp?resize=350%2C200&ssl=1 1x, https:\/\/i0.wp.com\/kohenavocats.com\/wp-content\/uploads\/2024\/11\/pawel-czerwinski-ZJk8NX0aR8s-unsplash.webp?resize=525%2C300&ssl=1 1.5x, https:\/\/i0.wp.com\/kohenavocats.com\/wp-content\/uploads\/2024\/11\/pawel-czerwinski-ZJk8NX0aR8s-unsplash.webp?resize=700%2C400&ssl=1 2x, https:\/\/i0.wp.com\/kohenavocats.com\/wp-content\/uploads\/2024\/11\/pawel-czerwinski-ZJk8NX0aR8s-unsplash.webp?resize=1050%2C600&ssl=1 3x, https:\/\/i0.wp.com\/kohenavocats.com\/wp-content\/uploads\/2024\/11\/pawel-czerwinski-ZJk8NX0aR8s-unsplash.webp?resize=1400%2C800&ssl=1 4x"},"classes":[]},{"id":239399,"url":"https:\/\/kohenavocats.com\/ru\/3eme-8eme-chambres-reunies-du-conseil-detat-le-20-decembre-2024-n467293\/","url_meta":{"origin":635029,"position":4},"title":"3\u00e8me &#8212; 8\u00e8me chambres r\u00e9unies du Conseil d&#8217;\u00c9tat, le 20 d\u00e9cembre 2024, n\u00b0467293","author":"Kohen","date":"01.01.2026","format":false,"excerpt":"Par une d\u00e9cision du 20 d\u00e9cembre 2024, le Conseil d\u2019\u00c9tat pr\u00e9cise les conditions de reprise de fonctions d\u2019un agent territorial au terme d\u2019un cong\u00e9 de longue maladie. Un technicien principal, plac\u00e9 en position de cong\u00e9 de longue maladie, sollicite sa r\u00e9int\u00e9gration aupr\u00e8s de son employeur public \u00e0 l\u2019expiration de sa\u2026","rel":"","context":"\u0412 &quot;Conseil d'\u00c9tat&quot;","block_context":{"text":"Conseil d'\u00c9tat","link":"https:\/\/kohenavocats.com\/category\/conseil-detat\/"},"img":{"alt_text":"","src":"https:\/\/i0.wp.com\/kohenavocats.com\/wp-content\/uploads\/2024\/08\/diane-picchiottino-KI_-ZrxR6J4-unsplash.webp?resize=350%2C200&ssl=1","width":350,"height":200,"srcset":"https:\/\/i0.wp.com\/kohenavocats.com\/wp-content\/uploads\/2024\/08\/diane-picchiottino-KI_-ZrxR6J4-unsplash.webp?resize=350%2C200&ssl=1 1x, https:\/\/i0.wp.com\/kohenavocats.com\/wp-content\/uploads\/2024\/08\/diane-picchiottino-KI_-ZrxR6J4-unsplash.webp?resize=525%2C300&ssl=1 1.5x, https:\/\/i0.wp.com\/kohenavocats.com\/wp-content\/uploads\/2024\/08\/diane-picchiottino-KI_-ZrxR6J4-unsplash.webp?resize=700%2C400&ssl=1 2x, https:\/\/i0.wp.com\/kohenavocats.com\/wp-content\/uploads\/2024\/08\/diane-picchiottino-KI_-ZrxR6J4-unsplash.webp?resize=1050%2C600&ssl=1 3x, https:\/\/i0.wp.com\/kohenavocats.com\/wp-content\/uploads\/2024\/08\/diane-picchiottino-KI_-ZrxR6J4-unsplash.webp?resize=1400%2C800&ssl=1 4x"},"classes":[]},{"id":611278,"url":"https:\/\/kohenavocats.com\/ru\/cour-dappel-de-paris-le-25-octobre-2021-n21-09617\/","url_meta":{"origin":635029,"position":5},"title":"Cour d&#8217;appel de Paris, le 25 octobre 2021, n\u00b021\/09617","author":"Kohen","date":"19.04.2026","format":false,"excerpt":"La Cour d'appel de Paris, statuant le 25 octobre 2021, examine un litige relatif au paiement d'indemnit\u00e9s journali\u00e8res. L'instance oppose un assur\u00e9 \u00e0 sa cais...","rel":"","context":"\u0412 &quot;Jurisprudence&quot;","block_context":{"text":"Jurisprudence","link":"https:\/\/kohenavocats.com\/category\/jurisprudence\/"},"img":{"alt_text":"","src":"https:\/\/i0.wp.com\/kohenavocats.com\/wp-content\/uploads\/2024\/08\/luis-cortes-NkmP4u5P1PM-unsplash.webp?resize=350%2C200&ssl=1","width":350,"height":200,"srcset":"https:\/\/i0.wp.com\/kohenavocats.com\/wp-content\/uploads\/2024\/08\/luis-cortes-NkmP4u5P1PM-unsplash.webp?resize=350%2C200&ssl=1 1x, https:\/\/i0.wp.com\/kohenavocats.com\/wp-content\/uploads\/2024\/08\/luis-cortes-NkmP4u5P1PM-unsplash.webp?resize=525%2C300&ssl=1 1.5x, https:\/\/i0.wp.com\/kohenavocats.com\/wp-content\/uploads\/2024\/08\/luis-cortes-NkmP4u5P1PM-unsplash.webp?resize=700%2C400&ssl=1 2x, https:\/\/i0.wp.com\/kohenavocats.com\/wp-content\/uploads\/2024\/08\/luis-cortes-NkmP4u5P1PM-unsplash.webp?resize=1050%2C600&ssl=1 3x, https:\/\/i0.wp.com\/kohenavocats.com\/wp-content\/uploads\/2024\/08\/luis-cortes-NkmP4u5P1PM-unsplash.webp?resize=1400%2C800&ssl=1 4x"},"classes":[]}],"jetpack_sharing_enabled":true,"_links":{"self":[{"href":"https:\/\/kohenavocats.com\/ru\/wp-json\/wp\/v2\/posts\/635029","targetHints":{"allow":["GET"]}}],"collection":[{"href":"https:\/\/kohenavocats.com\/ru\/wp-json\/wp\/v2\/posts"}],"about":[{"href":"https:\/\/kohenavocats.com\/ru\/wp-json\/wp\/v2\/types\/post"}],"author":[{"embeddable":true,"href":"https:\/\/kohenavocats.com\/ru\/wp-json\/wp\/v2\/users\/232070755"}],"replies":[{"embeddable":true,"href":"https:\/\/kohenavocats.com\/ru\/wp-json\/wp\/v2\/comments?post=635029"}],"version-history":[{"count":0,"href":"https:\/\/kohenavocats.com\/ru\/wp-json\/wp\/v2\/posts\/635029\/revisions"}],"wp:featuredmedia":[{"embeddable":true,"href":"https:\/\/kohenavocats.com\/ru\/wp-json\/wp\/v2\/media\/4909"}],"wp:attachment":[{"href":"https:\/\/kohenavocats.com\/ru\/wp-json\/wp\/v2\/media?parent=635029"}],"wp:term":[{"taxonomy":"category","embeddable":true,"href":"https:\/\/kohenavocats.com\/ru\/wp-json\/wp\/v2\/categories?post=635029"},{"taxonomy":"post_tag","embeddable":true,"href":"https:\/\/kohenavocats.com\/ru\/wp-json\/wp\/v2\/tags?post=635029"}],"curies":[{"name":"wp","href":"https:\/\/api.w.org\/{rel}","templated":true}]}}