{"id":640510,"date":"2026-04-21T21:45:33","date_gmt":"2026-04-21T19:45:33","guid":{"rendered":"https:\/\/kohenavocats.com\/cour-dappel-de-versailles-le-7-septembre-2023-n23-01045\/"},"modified":"2026-04-21T21:45:33","modified_gmt":"2026-04-21T19:45:33","slug":"cour-dappel-de-versailles-le-7-septembre-2023-n23-01045","status":"publish","type":"post","link":"https:\/\/kohenavocats.com\/ru\/cour-dappel-de-versailles-le-7-septembre-2023-n23-01045\/","title":{"rendered":"Cour d&#8217;appel de Versailles, le 7 septembre 2023, n\u00b023\/01045"},"content":{"rendered":"<div class=\"article-content\">\n<p>La Cour d&#8217;appel de Versailles, dans un arr\u00eat du 7 septembre 2023, a statu\u00e9 sur le recours form\u00e9 contre un jugement du conseil de prud&#8217;hommes. Un cadre dirigeant commercial contestait son licenciement pour insuffisance professionnelle et r\u00e9clamait diverses indemnit\u00e9s. La cour a d\u00fb examiner la validit\u00e9 de la convention de forfait en jours, le caract\u00e8re r\u00e9alisable des objectifs fix\u00e9s pour un bonus, et la l\u00e9galit\u00e9 du motif de licenciement. Elle a prononc\u00e9 la nullit\u00e9 du licenciement pour atteinte \u00e0 la libert\u00e9 d&#8217;expression, ordonn\u00e9 la r\u00e9int\u00e9gration, et allou\u00e9 plusieurs cr\u00e9ances salariales.<\/p>\n<p>La protection des droits du salari\u00e9 dans l&#8217;ex\u00e9cution du contrat<\/p>\n<p>La cour encadre strictement le pouvoir de direction de l&#8217;employeur concernant la fixation des objectifs. Elle rappelle que si l&#8217;employeur peut les d\u00e9finir unilat\u00e9ralement, ils doivent \u00eatre r\u00e9alisables et port\u00e9s \u00e0 la connaissance du salari\u00e9. En l&#8217;esp\u00e8ce, l&#8217;objectif quantitatif imposait une augmentation de 42% du chiffre d&#8217;affaires sans moyens suppl\u00e9mentaires. La cour estime que &#171;l&#8217;objectif global assign\u00e9 au salari\u00e9 n&#8217;\u00e9tait pas raisonnable et r\u00e9aliste&#187;. Elle fixe donc le bonus au montant de l&#8217;exercice pr\u00e9c\u00e9dent, prot\u00e9geant le salari\u00e9 contre des exigences d\u00e9raisonnables.<\/p>\n<p>Le r\u00e9gime du forfait en jours est soumis au strict respect des garanties pr\u00e9vues par l&#8217;accord collectif. La cour constate que l&#8217;employeur n&#8217;a pas justifi\u00e9 de l&#8217;\u00e9tablissement du document de contr\u00f4le exig\u00e9. Elle en d\u00e9duit que &#171;l&#8217;employeur n&#8217;a pas respect\u00e9 les conditions fix\u00e9es par la convention collective pour le contr\u00f4le des jours travaill\u00e9s, ce non-respect emportant l&#8217;inopposabilit\u00e9 au salari\u00e9 de la convention&#187;. Le salari\u00e9 retrouve ainsi le droit commun des heures suppl\u00e9mentaires, dont la cour \u00e9value souverainement le nombre.<\/p>\n<p>La sanction de l&#8217;atteinte \u00e0 une libert\u00e9 fondamentale<\/p>\n<p>La cour consacre la nullit\u00e9 du licenciement prononc\u00e9 en raison de l&#8217;exercice de la libert\u00e9 d&#8217;expression. Elle rel\u00e8ve que les propos reproch\u00e9s, exprimant une inqui\u00e9tude sur des objectifs jug\u00e9s irr\u00e9alistes, n&#8217;\u00e9taient &#171;ni injurieux, ni diffamatoire ou excessif&#187;. Elle applique la jurisprudence selon laquelle &#171;le caract\u00e8re illicite du motif du licenciement prononc\u00e9, m\u00eame en partie, en raison de l&#8217;exercice, par le salari\u00e9, de sa libert\u00e9 d&#8217;expression, libert\u00e9 fondamentale, entra\u00eene \u00e0 lui seul la nullit\u00e9 du licenciement&#187; (Soc., 29 juin 2022, n\u00b020-16.060). Cette protection s&#8217;applique m\u00eame \u00e0 un cadre membre du comit\u00e9 de direction.<\/p>\n<p>Les cons\u00e9quences de cette nullit\u00e9 sont particuli\u00e8rement rigoureuses. La cour ordonne la r\u00e9int\u00e9gration et condamne l&#8217;employeur au versement de &#171;l&#8217;indemnit\u00e9 \u00e9gale au montant de la r\u00e9mun\u00e9ration qu&#8217;il aurait d\u00fb percevoir entre son \u00e9viction de l&#8217;entreprise et sa r\u00e9int\u00e9gration, sans d\u00e9duction des \u00e9ventuels revenus de remplacement&#187;. Elle suit en cela la solution de la Chambre sociale qui a \u00e9tabli que le salari\u00e9 &#171;a droit au paiement d&#8217;une indemnit\u00e9 \u00e9gale au montant de la r\u00e9mun\u00e9ration qu&#8217;il aurait d\u00fb percevoir entre son \u00e9viction de l&#8217;entreprise et sa r\u00e9int\u00e9gration, sans d\u00e9duction des \u00e9ventuels revenus de remplacement dont il a pu b\u00e9n\u00e9ficier pendant cette p\u00e9riode&#187; (Soc., 23 octobre 2024, pourvoi n\u00b0 23-16.479). En contrepartie, le salari\u00e9 doit restituer les indemnit\u00e9s de rupture per\u00e7ues.<\/p>\n<p>Cet arr\u00eat illustre le contr\u00f4le renforc\u00e9 des juges sur le pouvoir de direction, notamment concernant les objectifs et le forfait en jours. Il r\u00e9affirme avec force la protection de la libert\u00e9 d&#8217;expression du salari\u00e9, dont la violation entra\u00eene des cons\u00e9quences financi\u00e8res lourdes pour l&#8217;employeur, incluant la r\u00e9int\u00e9gration et le paiement int\u00e9gral des salaires manquants. La d\u00e9cision op\u00e8re ainsi une conciliation exigeante entre les pr\u00e9rogatives de l&#8217;employeur et les droits fondamentaux du salari\u00e9.<\/p>\n<\/div>\n","protected":false},"excerpt":{"rendered":"<p>La Cour d&#8217;appel de Versailles, dans un arr\u00eat du 7 septembre 2023, a statu\u00e9 sur le recours form\u00e9 contre un jugement du conseil de prud&#8217;hommes. Un cadre dirige&#8230;<\/p>\n","protected":false},"author":232070755,"featured_media":4680,"comment_status":"open","ping_status":"open","sticky":false,"template":"","format":"standard","meta":{"_crdt_document":"","_jetpack_newsletter_access":"","_jetpack_dont_email_post_to_subs":false,"_jetpack_newsletter_tier_id":0,"_jetpack_memberships_contains_paywalled_content":false,"_kj_source_type":"judilibre","_kj_official_id":"68e892f7f271a402af33b793","_kj_official_url":"https:\/\/www.courdecassation.fr\/decision\/68e892f7f271a402af33b793","_kj_judilibre_id":"68e892f7f271a402af33b793","_kj_jur":"Cour d'appel","_kj_lieu":"Cour d'appel de Versailles","_kj_chambre":"Chambre sociale 4-2","_kj_rg":"23\/01045","_kj_date":"2025-10-09","_jetpack_memberships_contains_paid_content":false,"footnotes":"","jetpack_post_was_ever_published":false},"categories":[7597],"tags":[],"class_list":["post-640510","post","type-post","status-publish","format-standard","has-post-thumbnail","hentry","category-jurisprudence"],"yoast_head":"<!-- This site is optimized with the Yoast SEO Premium plugin v27.5 (Yoast SEO v27.5) - https:\/\/yoast.com\/product\/yoast-seo-premium-wordpress\/ -->\n<title>Cour d&#039;appel de Versailles, le 7 septembre 2023, n\u00b023\/01045 - Ma\u00eetre Hassan Kohen, avocat en droit p\u00e9nal \u00e0 Paris<\/title>\n<meta name=\"description\" content=\"La Cour d&#039;appel de Versailles, dans un arr\u00eat du 7 septembre 2023, a statu\u00e9 sur le recours form\u00e9 contre un jugement du conseil de prud&#039;hommes. Un cadre dirige...\" \/>\n<meta name=\"robots\" content=\"index, follow, max-snippet:-1, max-image-preview:large, max-video-preview:-1\" \/>\n<link rel=\"canonical\" href=\"https:\/\/kohenavocats.com\/ru\/cour-dappel-de-versailles-le-7-septembre-2023-n23-01045\/\" \/>\n<meta property=\"og:locale\" content=\"ru_RU\" \/>\n<meta property=\"og:type\" content=\"article\" \/>\n<meta property=\"og:title\" content=\"Cour d&#039;appel de Versailles, le 7 septembre 2023, n\u00b023\/01045\" \/>\n<meta property=\"og:description\" content=\"La Cour d&#039;appel de Versailles, dans un arr\u00eat du 7 septembre 2023, a statu\u00e9 sur le recours form\u00e9 contre un jugement du conseil de prud&#039;hommes. Un cadre dirige...\" \/>\n<meta property=\"og:url\" content=\"https:\/\/kohenavocats.com\/ru\/cour-dappel-de-versailles-le-7-septembre-2023-n23-01045\/\" \/>\n<meta property=\"og:site_name\" content=\"Ma\u00eetre Hassan Kohen, avocat en droit p\u00e9nal \u00e0 Paris\" \/>\n<meta property=\"article:published_time\" content=\"2026-04-21T19:45:33+00:00\" \/>\n<meta property=\"og:image\" content=\"https:\/\/kohenavocats.com\/wp-content\/uploads\/2024\/08\/stefan-steinbauer-HK8IoD-5zpg-unsplash.webp\" \/>\n\t<meta property=\"og:image:width\" content=\"7492\" \/>\n\t<meta property=\"og:image:height\" content=\"4973\" \/>\n\t<meta property=\"og:image:type\" content=\"image\/webp\" \/>\n<meta name=\"author\" content=\"Kohen\" \/>\n<meta name=\"twitter:card\" content=\"summary_large_image\" \/>\n<meta name=\"twitter:label1\" content=\"\u041d\u0430\u043f\u0438\u0441\u0430\u043d\u043e \u0430\u0432\u0442\u043e\u0440\u043e\u043c\" \/>\n\t<meta name=\"twitter:data1\" content=\"Kohen\" \/>\n\t<meta name=\"twitter:label2\" content=\"\u041f\u0440\u0438\u043c\u0435\u0440\u043d\u043e\u0435 \u0432\u0440\u0435\u043c\u044f \u0434\u043b\u044f \u0447\u0442\u0435\u043d\u0438\u044f\" \/>\n\t<meta name=\"twitter:data2\" content=\"3 \u043c\u0438\u043d\u0443\u0442\u044b\" \/>\n<script type=\"application\/ld+json\" class=\"yoast-schema-graph\">{\"@context\":\"https:\\\/\\\/schema.org\",\"@graph\":[{\"@type\":\"Article\",\"@id\":\"https:\\\/\\\/kohenavocats.com\\\/ru\\\/cour-dappel-de-versailles-le-7-septembre-2023-n23-01045\\\/#article\",\"isPartOf\":{\"@id\":\"https:\\\/\\\/kohenavocats.com\\\/ru\\\/cour-dappel-de-versailles-le-7-septembre-2023-n23-01045\\\/\"},\"author\":{\"name\":\"Kohen\",\"@id\":\"https:\\\/\\\/kohenavocats.com\\\/ru\\\/#\\\/schema\\\/person\\\/761c9ba54fa1ca84d405cef0831ff751\"},\"headline\":\"Cour d&#8217;appel de Versailles, le 7 septembre 2023, n\u00b023\\\/01045\",\"datePublished\":\"2026-04-21T19:45:33+00:00\",\"mainEntityOfPage\":{\"@id\":\"https:\\\/\\\/kohenavocats.com\\\/ru\\\/cour-dappel-de-versailles-le-7-septembre-2023-n23-01045\\\/\"},\"wordCount\":653,\"commentCount\":0,\"publisher\":{\"@id\":\"https:\\\/\\\/kohenavocats.com\\\/ru\\\/#organization\"},\"image\":{\"@id\":\"https:\\\/\\\/kohenavocats.com\\\/ru\\\/cour-dappel-de-versailles-le-7-septembre-2023-n23-01045\\\/#primaryimage\"},\"thumbnailUrl\":\"https:\\\/\\\/kohenavocats.com\\\/wp-content\\\/uploads\\\/2024\\\/08\\\/stefan-steinbauer-HK8IoD-5zpg-unsplash.webp\",\"articleSection\":[\"Jurisprudence\"],\"inLanguage\":\"ru-RU\",\"potentialAction\":[{\"@type\":\"CommentAction\",\"name\":\"Comment\",\"target\":[\"https:\\\/\\\/kohenavocats.com\\\/ru\\\/cour-dappel-de-versailles-le-7-septembre-2023-n23-01045\\\/#respond\"]}],\"citation\":\"Cour d&#8217;appel de Versailles, le 7 septembre 2023, n\u00b023\\\/01045\",\"about\":[{\"@type\":\"Thing\",\"name\":\"Jurisprudence\"}],\"dateModified\":\"2026-04-21T19:45:33+00:00\",\"speakable\":{\"@type\":\"SpeakableSpecification\",\"cssSelector\":[\".article-content > p:first-of-type\"]}},{\"@type\":\"WebPage\",\"@id\":\"https:\\\/\\\/kohenavocats.com\\\/ru\\\/cour-dappel-de-versailles-le-7-septembre-2023-n23-01045\\\/\",\"url\":\"https:\\\/\\\/kohenavocats.com\\\/ru\\\/cour-dappel-de-versailles-le-7-septembre-2023-n23-01045\\\/\",\"name\":\"Cour d'appel de Versailles, le 7 septembre 2023, n\u00b023\\\/01045 - Ma\u00eetre Hassan Kohen, avocat en droit p\u00e9nal \u00e0 Paris\",\"isPartOf\":{\"@id\":\"https:\\\/\\\/kohenavocats.com\\\/ru\\\/#website\"},\"primaryImageOfPage\":{\"@id\":\"https:\\\/\\\/kohenavocats.com\\\/ru\\\/cour-dappel-de-versailles-le-7-septembre-2023-n23-01045\\\/#primaryimage\"},\"image\":{\"@id\":\"https:\\\/\\\/kohenavocats.com\\\/ru\\\/cour-dappel-de-versailles-le-7-septembre-2023-n23-01045\\\/#primaryimage\"},\"thumbnailUrl\":\"https:\\\/\\\/kohenavocats.com\\\/wp-content\\\/uploads\\\/2024\\\/08\\\/stefan-steinbauer-HK8IoD-5zpg-unsplash.webp\",\"datePublished\":\"2026-04-21T19:45:33+00:00\",\"description\":\"La Cour d'appel de Versailles, dans un arr\u00eat du 7 septembre 2023, a statu\u00e9 sur le recours form\u00e9 contre un jugement du conseil de prud'hommes. Un cadre dirige...\",\"breadcrumb\":{\"@id\":\"https:\\\/\\\/kohenavocats.com\\\/ru\\\/cour-dappel-de-versailles-le-7-septembre-2023-n23-01045\\\/#breadcrumb\"},\"inLanguage\":\"ru-RU\",\"potentialAction\":[{\"@type\":\"ReadAction\",\"target\":[\"https:\\\/\\\/kohenavocats.com\\\/ru\\\/cour-dappel-de-versailles-le-7-septembre-2023-n23-01045\\\/\"]}]},{\"@type\":\"ImageObject\",\"inLanguage\":\"ru-RU\",\"@id\":\"https:\\\/\\\/kohenavocats.com\\\/ru\\\/cour-dappel-de-versailles-le-7-septembre-2023-n23-01045\\\/#primaryimage\",\"url\":\"https:\\\/\\\/kohenavocats.com\\\/wp-content\\\/uploads\\\/2024\\\/08\\\/stefan-steinbauer-HK8IoD-5zpg-unsplash.webp\",\"contentUrl\":\"https:\\\/\\\/kohenavocats.com\\\/wp-content\\\/uploads\\\/2024\\\/08\\\/stefan-steinbauer-HK8IoD-5zpg-unsplash.webp\",\"width\":7492,\"height\":4973},{\"@type\":\"BreadcrumbList\",\"@id\":\"https:\\\/\\\/kohenavocats.com\\\/ru\\\/cour-dappel-de-versailles-le-7-septembre-2023-n23-01045\\\/#breadcrumb\",\"itemListElement\":[{\"@type\":\"ListItem\",\"position\":1,\"name\":\"Home\",\"item\":\"https:\\\/\\\/kohenavocats.com\\\/ru\\\/avocats-en-droit-penal-a-paris-conseil-et-defense-strategique\\\/\"},{\"@type\":\"ListItem\",\"position\":2,\"name\":\"Cour d&rsquo;appel de Versailles, le 7 septembre 2023, n\u00b023\\\/01045\"}]},{\"@type\":\"WebSite\",\"@id\":\"https:\\\/\\\/kohenavocats.com\\\/ru\\\/#website\",\"url\":\"https:\\\/\\\/kohenavocats.com\\\/ru\\\/\",\"name\":\"Kohen Avocats\",\"description\":\"Ma\u00eetre Hassan Kohen, avocat p\u00e9naliste \u00e0 Paris, intervient exclusivement en droit p\u00e9nal pour la d\u00e9fense des particuliers, notamment en mati\u00e8re d\u2019accusations de viol. Il assure un accompagnement rigoureux d\u00e8s la garde \u00e0 vue jusqu\u2019\u00e0 la Cour d\u2019assises, veillant au strict respect des garanties proc\u00e9durales.\",\"publisher\":{\"@id\":\"https:\\\/\\\/kohenavocats.com\\\/ru\\\/#organization\"},\"potentialAction\":[{\"@type\":\"SearchAction\",\"target\":{\"@type\":\"EntryPoint\",\"urlTemplate\":\"https:\\\/\\\/kohenavocats.com\\\/ru\\\/?s={search_term_string}\"},\"query-input\":{\"@type\":\"PropertyValueSpecification\",\"valueRequired\":true,\"valueName\":\"search_term_string\"}}],\"inLanguage\":\"ru-RU\"},{\"@type\":\"Organization\",\"@id\":\"https:\\\/\\\/kohenavocats.com\\\/ru\\\/#organization\",\"name\":\"Kohen Avocats\",\"url\":\"https:\\\/\\\/kohenavocats.com\\\/ru\\\/\",\"logo\":{\"@type\":\"ImageObject\",\"inLanguage\":\"ru-RU\",\"@id\":\"https:\\\/\\\/kohenavocats.com\\\/ru\\\/#\\\/schema\\\/logo\\\/image\\\/\",\"url\":\"https:\\\/\\\/kohenavocats.com\\\/wp-content\\\/uploads\\\/2026\\\/01\\\/Logo-2-1.webp\",\"contentUrl\":\"https:\\\/\\\/kohenavocats.com\\\/wp-content\\\/uploads\\\/2026\\\/01\\\/Logo-2-1.webp\",\"width\":2114,\"height\":1253,\"caption\":\"Kohen Avocats\"},\"image\":{\"@id\":\"https:\\\/\\\/kohenavocats.com\\\/ru\\\/#\\\/schema\\\/logo\\\/image\\\/\"}},{\"@type\":\"Person\",\"@id\":\"https:\\\/\\\/kohenavocats.com\\\/ru\\\/#\\\/schema\\\/person\\\/761c9ba54fa1ca84d405cef0831ff751\",\"name\":\"Kohen\",\"image\":{\"@type\":\"ImageObject\",\"inLanguage\":\"ru-RU\",\"@id\":\"https:\\\/\\\/secure.gravatar.com\\\/avatar\\\/1c5e76ef76bbbfdd2b4da984e2bf2fa4056fd51a27d25ce2c332047f1dfd6e00?s=96&d=identicon&r=g\",\"url\":\"https:\\\/\\\/secure.gravatar.com\\\/avatar\\\/1c5e76ef76bbbfdd2b4da984e2bf2fa4056fd51a27d25ce2c332047f1dfd6e00?s=96&d=identicon&r=g\",\"contentUrl\":\"https:\\\/\\\/secure.gravatar.com\\\/avatar\\\/1c5e76ef76bbbfdd2b4da984e2bf2fa4056fd51a27d25ce2c332047f1dfd6e00?s=96&d=identicon&r=g\",\"caption\":\"Kohen\"},\"sameAs\":[\"https:\\\/\\\/www.linkedin.com\\\/in\\\/hassan-kohen-448548192\\\/\",\"https:\\\/\\\/www.youtube.com\\\/@Kohen-Avocats\"],\"url\":\"https:\\\/\\\/kohenavocats.com\\\/ru\\\/author\\\/kohenmlk\\\/\"}]}<\/script>\n<!-- \/ Yoast SEO Premium plugin. -->","yoast_head_json":{"title":"Cour d'appel de Versailles, le 7 septembre 2023, n\u00b023\/01045 - Ma\u00eetre Hassan Kohen, avocat en droit p\u00e9nal \u00e0 Paris","description":"La Cour d'appel de Versailles, dans un arr\u00eat du 7 septembre 2023, a statu\u00e9 sur le recours form\u00e9 contre un jugement du conseil de prud'hommes. Un cadre dirige...","robots":{"index":"index","follow":"follow","max-snippet":"max-snippet:-1","max-image-preview":"max-image-preview:large","max-video-preview":"max-video-preview:-1"},"canonical":"https:\/\/kohenavocats.com\/ru\/cour-dappel-de-versailles-le-7-septembre-2023-n23-01045\/","og_locale":"ru_RU","og_type":"article","og_title":"Cour d'appel de Versailles, le 7 septembre 2023, n\u00b023\/01045","og_description":"La Cour d'appel de Versailles, dans un arr\u00eat du 7 septembre 2023, a statu\u00e9 sur le recours form\u00e9 contre un jugement du conseil de prud'hommes. Un cadre dirige...","og_url":"https:\/\/kohenavocats.com\/ru\/cour-dappel-de-versailles-le-7-septembre-2023-n23-01045\/","og_site_name":"Ma\u00eetre Hassan Kohen, avocat en droit p\u00e9nal \u00e0 Paris","article_published_time":"2026-04-21T19:45:33+00:00","og_image":[{"width":7492,"height":4973,"url":"https:\/\/kohenavocats.com\/wp-content\/uploads\/2024\/08\/stefan-steinbauer-HK8IoD-5zpg-unsplash.webp","type":"image\/webp"}],"author":"Kohen","twitter_card":"summary_large_image","twitter_misc":{"\u041d\u0430\u043f\u0438\u0441\u0430\u043d\u043e \u0430\u0432\u0442\u043e\u0440\u043e\u043c":"Kohen","\u041f\u0440\u0438\u043c\u0435\u0440\u043d\u043e\u0435 \u0432\u0440\u0435\u043c\u044f \u0434\u043b\u044f \u0447\u0442\u0435\u043d\u0438\u044f":"3 \u043c\u0438\u043d\u0443\u0442\u044b"},"schema":{"@context":"https:\/\/schema.org","@graph":[{"@type":"Article","@id":"https:\/\/kohenavocats.com\/ru\/cour-dappel-de-versailles-le-7-septembre-2023-n23-01045\/#article","isPartOf":{"@id":"https:\/\/kohenavocats.com\/ru\/cour-dappel-de-versailles-le-7-septembre-2023-n23-01045\/"},"author":{"name":"Kohen","@id":"https:\/\/kohenavocats.com\/ru\/#\/schema\/person\/761c9ba54fa1ca84d405cef0831ff751"},"headline":"Cour d&#8217;appel de Versailles, le 7 septembre 2023, n\u00b023\/01045","datePublished":"2026-04-21T19:45:33+00:00","mainEntityOfPage":{"@id":"https:\/\/kohenavocats.com\/ru\/cour-dappel-de-versailles-le-7-septembre-2023-n23-01045\/"},"wordCount":653,"commentCount":0,"publisher":{"@id":"https:\/\/kohenavocats.com\/ru\/#organization"},"image":{"@id":"https:\/\/kohenavocats.com\/ru\/cour-dappel-de-versailles-le-7-septembre-2023-n23-01045\/#primaryimage"},"thumbnailUrl":"https:\/\/kohenavocats.com\/wp-content\/uploads\/2024\/08\/stefan-steinbauer-HK8IoD-5zpg-unsplash.webp","articleSection":["Jurisprudence"],"inLanguage":"ru-RU","potentialAction":[{"@type":"CommentAction","name":"Comment","target":["https:\/\/kohenavocats.com\/ru\/cour-dappel-de-versailles-le-7-septembre-2023-n23-01045\/#respond"]}],"citation":"Cour d&#8217;appel de Versailles, le 7 septembre 2023, n\u00b023\/01045","about":[{"@type":"Thing","name":"Jurisprudence"}],"dateModified":"2026-04-21T19:45:33+00:00","speakable":{"@type":"SpeakableSpecification","cssSelector":[".article-content > p:first-of-type"]}},{"@type":"WebPage","@id":"https:\/\/kohenavocats.com\/ru\/cour-dappel-de-versailles-le-7-septembre-2023-n23-01045\/","url":"https:\/\/kohenavocats.com\/ru\/cour-dappel-de-versailles-le-7-septembre-2023-n23-01045\/","name":"Cour d'appel de Versailles, le 7 septembre 2023, n\u00b023\/01045 - Ma\u00eetre Hassan Kohen, avocat en droit p\u00e9nal \u00e0 Paris","isPartOf":{"@id":"https:\/\/kohenavocats.com\/ru\/#website"},"primaryImageOfPage":{"@id":"https:\/\/kohenavocats.com\/ru\/cour-dappel-de-versailles-le-7-septembre-2023-n23-01045\/#primaryimage"},"image":{"@id":"https:\/\/kohenavocats.com\/ru\/cour-dappel-de-versailles-le-7-septembre-2023-n23-01045\/#primaryimage"},"thumbnailUrl":"https:\/\/kohenavocats.com\/wp-content\/uploads\/2024\/08\/stefan-steinbauer-HK8IoD-5zpg-unsplash.webp","datePublished":"2026-04-21T19:45:33+00:00","description":"La Cour d'appel de Versailles, dans un arr\u00eat du 7 septembre 2023, a statu\u00e9 sur le recours form\u00e9 contre un jugement du conseil de prud'hommes. Un cadre dirige...","breadcrumb":{"@id":"https:\/\/kohenavocats.com\/ru\/cour-dappel-de-versailles-le-7-septembre-2023-n23-01045\/#breadcrumb"},"inLanguage":"ru-RU","potentialAction":[{"@type":"ReadAction","target":["https:\/\/kohenavocats.com\/ru\/cour-dappel-de-versailles-le-7-septembre-2023-n23-01045\/"]}]},{"@type":"ImageObject","inLanguage":"ru-RU","@id":"https:\/\/kohenavocats.com\/ru\/cour-dappel-de-versailles-le-7-septembre-2023-n23-01045\/#primaryimage","url":"https:\/\/kohenavocats.com\/wp-content\/uploads\/2024\/08\/stefan-steinbauer-HK8IoD-5zpg-unsplash.webp","contentUrl":"https:\/\/kohenavocats.com\/wp-content\/uploads\/2024\/08\/stefan-steinbauer-HK8IoD-5zpg-unsplash.webp","width":7492,"height":4973},{"@type":"BreadcrumbList","@id":"https:\/\/kohenavocats.com\/ru\/cour-dappel-de-versailles-le-7-septembre-2023-n23-01045\/#breadcrumb","itemListElement":[{"@type":"ListItem","position":1,"name":"Home","item":"https:\/\/kohenavocats.com\/ru\/avocats-en-droit-penal-a-paris-conseil-et-defense-strategique\/"},{"@type":"ListItem","position":2,"name":"Cour d&rsquo;appel de Versailles, le 7 septembre 2023, n\u00b023\/01045"}]},{"@type":"WebSite","@id":"https:\/\/kohenavocats.com\/ru\/#website","url":"https:\/\/kohenavocats.com\/ru\/","name":"Kohen Avocats","description":"Ma\u00eetre Hassan Kohen, avocat p\u00e9naliste \u00e0 Paris, intervient exclusivement en droit p\u00e9nal pour la d\u00e9fense des particuliers, notamment en mati\u00e8re d\u2019accusations de viol. Il assure un accompagnement rigoureux d\u00e8s la garde \u00e0 vue jusqu\u2019\u00e0 la Cour d\u2019assises, veillant au strict respect des garanties proc\u00e9durales.","publisher":{"@id":"https:\/\/kohenavocats.com\/ru\/#organization"},"potentialAction":[{"@type":"SearchAction","target":{"@type":"EntryPoint","urlTemplate":"https:\/\/kohenavocats.com\/ru\/?s={search_term_string}"},"query-input":{"@type":"PropertyValueSpecification","valueRequired":true,"valueName":"search_term_string"}}],"inLanguage":"ru-RU"},{"@type":"Organization","@id":"https:\/\/kohenavocats.com\/ru\/#organization","name":"Kohen Avocats","url":"https:\/\/kohenavocats.com\/ru\/","logo":{"@type":"ImageObject","inLanguage":"ru-RU","@id":"https:\/\/kohenavocats.com\/ru\/#\/schema\/logo\/image\/","url":"https:\/\/kohenavocats.com\/wp-content\/uploads\/2026\/01\/Logo-2-1.webp","contentUrl":"https:\/\/kohenavocats.com\/wp-content\/uploads\/2026\/01\/Logo-2-1.webp","width":2114,"height":1253,"caption":"Kohen Avocats"},"image":{"@id":"https:\/\/kohenavocats.com\/ru\/#\/schema\/logo\/image\/"}},{"@type":"Person","@id":"https:\/\/kohenavocats.com\/ru\/#\/schema\/person\/761c9ba54fa1ca84d405cef0831ff751","name":"Kohen","image":{"@type":"ImageObject","inLanguage":"ru-RU","@id":"https:\/\/secure.gravatar.com\/avatar\/1c5e76ef76bbbfdd2b4da984e2bf2fa4056fd51a27d25ce2c332047f1dfd6e00?s=96&d=identicon&r=g","url":"https:\/\/secure.gravatar.com\/avatar\/1c5e76ef76bbbfdd2b4da984e2bf2fa4056fd51a27d25ce2c332047f1dfd6e00?s=96&d=identicon&r=g","contentUrl":"https:\/\/secure.gravatar.com\/avatar\/1c5e76ef76bbbfdd2b4da984e2bf2fa4056fd51a27d25ce2c332047f1dfd6e00?s=96&d=identicon&r=g","caption":"Kohen"},"sameAs":["https:\/\/www.linkedin.com\/in\/hassan-kohen-448548192\/","https:\/\/www.youtube.com\/@Kohen-Avocats"],"url":"https:\/\/kohenavocats.com\/ru\/author\/kohenmlk\/"}]}},"jetpack_featured_media_url":"https:\/\/kohenavocats.com\/wp-content\/uploads\/2024\/08\/stefan-steinbauer-HK8IoD-5zpg-unsplash.webp","jetpack_likes_enabled":false,"jetpack_shortlink":"https:\/\/wp.me\/peCrII-2GCO","jetpack-related-posts":[{"id":720532,"url":"https:\/\/kohenavocats.com\/ru\/cour-dappel-de-versailles-le-4-fevrier-2026-n23-03491\/","url_meta":{"origin":640510,"position":0},"title":"Cour d&#8217;appel de Versailles, le 4 f\u00e9vrier 2026, n\u00b023\/03491","author":"Kohen","date":"28.04.2026","format":false,"excerpt":"La cour d'appel de Versailles, dans un arr\u00eat du 4 f\u00e9vrier 2026, s'est prononc\u00e9e sur la prise d'acte de la rupture d'un salari\u00e9 et le rappel de sa r\u00e9mun\u00e9ratio...","rel":"","context":"\u0412 &quot;Jurisprudence&quot;","block_context":{"text":"Jurisprudence","link":"https:\/\/kohenavocats.com\/category\/jurisprudence\/"},"img":{"alt_text":"","src":"https:\/\/i0.wp.com\/kohenavocats.com\/wp-content\/uploads\/2024\/11\/n-c-gNefKC_WWXM-unsplash.webp?resize=350%2C200&ssl=1","width":350,"height":200,"srcset":"https:\/\/i0.wp.com\/kohenavocats.com\/wp-content\/uploads\/2024\/11\/n-c-gNefKC_WWXM-unsplash.webp?resize=350%2C200&ssl=1 1x, https:\/\/i0.wp.com\/kohenavocats.com\/wp-content\/uploads\/2024\/11\/n-c-gNefKC_WWXM-unsplash.webp?resize=525%2C300&ssl=1 1.5x, https:\/\/i0.wp.com\/kohenavocats.com\/wp-content\/uploads\/2024\/11\/n-c-gNefKC_WWXM-unsplash.webp?resize=700%2C400&ssl=1 2x, https:\/\/i0.wp.com\/kohenavocats.com\/wp-content\/uploads\/2024\/11\/n-c-gNefKC_WWXM-unsplash.webp?resize=1050%2C600&ssl=1 3x, https:\/\/i0.wp.com\/kohenavocats.com\/wp-content\/uploads\/2024\/11\/n-c-gNefKC_WWXM-unsplash.webp?resize=1400%2C800&ssl=1 4x"},"classes":[]},{"id":712245,"url":"https:\/\/kohenavocats.com\/ru\/cour-dappel-de-paris-le-7-janvier-2026-n22-06271\/","url_meta":{"origin":640510,"position":1},"title":"Cour d&#8217;appel de Paris, le 7 janvier 2026, n\u00b022\/06271","author":"Kohen","date":"27.04.2026","format":false,"excerpt":"La Cour d'appel de Paris, dans son arr\u00eat du 7 janvier 2026, a \u00e9t\u00e9 saisie d'un litige prud'homal portant sur la reconnaissance d'une relation de travail et se...","rel":"","context":"\u0412 &quot;Jurisprudence&quot;","block_context":{"text":"Jurisprudence","link":"https:\/\/kohenavocats.com\/category\/jurisprudence\/"},"img":{"alt_text":"","src":"https:\/\/i0.wp.com\/kohenavocats.com\/wp-content\/uploads\/2024\/11\/mohamed-nohassi-_gRInX3DeBQ-unsplash.webp?resize=350%2C200&ssl=1","width":350,"height":200,"srcset":"https:\/\/i0.wp.com\/kohenavocats.com\/wp-content\/uploads\/2024\/11\/mohamed-nohassi-_gRInX3DeBQ-unsplash.webp?resize=350%2C200&ssl=1 1x, https:\/\/i0.wp.com\/kohenavocats.com\/wp-content\/uploads\/2024\/11\/mohamed-nohassi-_gRInX3DeBQ-unsplash.webp?resize=525%2C300&ssl=1 1.5x, https:\/\/i0.wp.com\/kohenavocats.com\/wp-content\/uploads\/2024\/11\/mohamed-nohassi-_gRInX3DeBQ-unsplash.webp?resize=700%2C400&ssl=1 2x, https:\/\/i0.wp.com\/kohenavocats.com\/wp-content\/uploads\/2024\/11\/mohamed-nohassi-_gRInX3DeBQ-unsplash.webp?resize=1050%2C600&ssl=1 3x, https:\/\/i0.wp.com\/kohenavocats.com\/wp-content\/uploads\/2024\/11\/mohamed-nohassi-_gRInX3DeBQ-unsplash.webp?resize=1400%2C800&ssl=1 4x"},"classes":[]},{"id":763435,"url":"https:\/\/kohenavocats.com\/ru\/cour-dappel-de-lyon-le-13-janvier-2026-n22-02312\/","url_meta":{"origin":640510,"position":2},"title":"Cour d&#8217;appel de Lyon, le 13 janvier 2026, n\u00b022\/02312","author":"Kohen","date":"29.04.2026","format":false,"excerpt":"La Cour d'appel de Lyon, dans un arr\u00eat du 13 janvier 2026, s'est prononc\u00e9e sur le litige opposant un salari\u00e9 \u00e0 son employeur. Un technicien de maintenance av...","rel":"","context":"\u0412 &quot;Jurisprudence&quot;","block_context":{"text":"Jurisprudence","link":"https:\/\/kohenavocats.com\/category\/jurisprudence\/"},"img":{"alt_text":"","src":"https:\/\/i0.wp.com\/kohenavocats.com\/wp-content\/uploads\/2024\/08\/joshua-rawson-harris-WLXkaubn0Ig-unsplash.webp?resize=350%2C200&ssl=1","width":350,"height":200,"srcset":"https:\/\/i0.wp.com\/kohenavocats.com\/wp-content\/uploads\/2024\/08\/joshua-rawson-harris-WLXkaubn0Ig-unsplash.webp?resize=350%2C200&ssl=1 1x, https:\/\/i0.wp.com\/kohenavocats.com\/wp-content\/uploads\/2024\/08\/joshua-rawson-harris-WLXkaubn0Ig-unsplash.webp?resize=525%2C300&ssl=1 1.5x, https:\/\/i0.wp.com\/kohenavocats.com\/wp-content\/uploads\/2024\/08\/joshua-rawson-harris-WLXkaubn0Ig-unsplash.webp?resize=700%2C400&ssl=1 2x, https:\/\/i0.wp.com\/kohenavocats.com\/wp-content\/uploads\/2024\/08\/joshua-rawson-harris-WLXkaubn0Ig-unsplash.webp?resize=1050%2C600&ssl=1 3x, https:\/\/i0.wp.com\/kohenavocats.com\/wp-content\/uploads\/2024\/08\/joshua-rawson-harris-WLXkaubn0Ig-unsplash.webp?resize=1400%2C800&ssl=1 4x"},"classes":[]},{"id":712263,"url":"https:\/\/kohenavocats.com\/ru\/cour-dappel-de-versailles-le-7-janvier-2026-n23-01467\/","url_meta":{"origin":640510,"position":3},"title":"Cour d&#8217;appel de Versailles, le 7 janvier 2026, n\u00b023\/01467","author":"Kohen","date":"27.04.2026","format":false,"excerpt":"La cour d\u2019appel de Versailles, dans un arr\u00eat du 7 janvier 2026, a statu\u00e9 sur le licenciement d\u2019une serveuse, engag\u00e9e en juillet 2019 et licenci\u00e9e en mai 2020...","rel":"","context":"\u0412 &quot;Jurisprudence&quot;","block_context":{"text":"Jurisprudence","link":"https:\/\/kohenavocats.com\/category\/jurisprudence\/"},"img":{"alt_text":"","src":"https:\/\/i0.wp.com\/kohenavocats.com\/wp-content\/uploads\/2024\/11\/getty-images-sVQF3gE-ySg-unsplash.webp?resize=350%2C200&ssl=1","width":350,"height":200,"srcset":"https:\/\/i0.wp.com\/kohenavocats.com\/wp-content\/uploads\/2024\/11\/getty-images-sVQF3gE-ySg-unsplash.webp?resize=350%2C200&ssl=1 1x, https:\/\/i0.wp.com\/kohenavocats.com\/wp-content\/uploads\/2024\/11\/getty-images-sVQF3gE-ySg-unsplash.webp?resize=525%2C300&ssl=1 1.5x, https:\/\/i0.wp.com\/kohenavocats.com\/wp-content\/uploads\/2024\/11\/getty-images-sVQF3gE-ySg-unsplash.webp?resize=700%2C400&ssl=1 2x, https:\/\/i0.wp.com\/kohenavocats.com\/wp-content\/uploads\/2024\/11\/getty-images-sVQF3gE-ySg-unsplash.webp?resize=1050%2C600&ssl=1 3x, https:\/\/i0.wp.com\/kohenavocats.com\/wp-content\/uploads\/2024\/11\/getty-images-sVQF3gE-ySg-unsplash.webp?resize=1400%2C800&ssl=1 4x"},"classes":[]},{"id":720535,"url":"https:\/\/kohenavocats.com\/ru\/cour-dappel-de-versailles-le-4-fevrier-2026-n23-03474\/","url_meta":{"origin":640510,"position":4},"title":"Cour d&#8217;appel de Versailles, le 4 f\u00e9vrier 2026, n\u00b023\/03474","author":"Kohen","date":"28.04.2026","format":false,"excerpt":"La cour d\u2019appel de Versailles, dans un arr\u00eat du 4 f\u00e9vrier 2026, a annul\u00e9 le licenciement pour inaptitude d\u2019une salari\u00e9e victime de harc\u00e8lement sexuel. La sal...","rel":"","context":"\u0412 &quot;Jurisprudence&quot;","block_context":{"text":"Jurisprudence","link":"https:\/\/kohenavocats.com\/category\/jurisprudence\/"},"img":{"alt_text":"","src":"https:\/\/i0.wp.com\/kohenavocats.com\/wp-content\/uploads\/2024\/11\/getty-images-kDU9CJEIJpM-unsplash.webp?resize=350%2C200&ssl=1","width":350,"height":200,"srcset":"https:\/\/i0.wp.com\/kohenavocats.com\/wp-content\/uploads\/2024\/11\/getty-images-kDU9CJEIJpM-unsplash.webp?resize=350%2C200&ssl=1 1x, https:\/\/i0.wp.com\/kohenavocats.com\/wp-content\/uploads\/2024\/11\/getty-images-kDU9CJEIJpM-unsplash.webp?resize=525%2C300&ssl=1 1.5x, https:\/\/i0.wp.com\/kohenavocats.com\/wp-content\/uploads\/2024\/11\/getty-images-kDU9CJEIJpM-unsplash.webp?resize=700%2C400&ssl=1 2x, https:\/\/i0.wp.com\/kohenavocats.com\/wp-content\/uploads\/2024\/11\/getty-images-kDU9CJEIJpM-unsplash.webp?resize=1050%2C600&ssl=1 3x, https:\/\/i0.wp.com\/kohenavocats.com\/wp-content\/uploads\/2024\/11\/getty-images-kDU9CJEIJpM-unsplash.webp?resize=1400%2C800&ssl=1 4x"},"classes":[]},{"id":720529,"url":"https:\/\/kohenavocats.com\/ru\/cour-dappel-de-versailles-le-4-fevrier-2026-n23-03571\/","url_meta":{"origin":640510,"position":5},"title":"Cour d&#8217;appel de Versailles, le 4 f\u00e9vrier 2026, n\u00b023\/03571","author":"Kohen","date":"28.04.2026","format":false,"excerpt":"La cour d'appel de Versailles, dans un arr\u00eat du 4 f\u00e9vrier 2026, a confirm\u00e9 le jugement prud'homal d\u00e9clarant sans cause r\u00e9elle et s\u00e9rieuse le licenciement pou...","rel":"","context":"\u0412 &quot;Jurisprudence&quot;","block_context":{"text":"Jurisprudence","link":"https:\/\/kohenavocats.com\/category\/jurisprudence\/"},"img":{"alt_text":"","src":"https:\/\/i0.wp.com\/kohenavocats.com\/wp-content\/uploads\/2024\/08\/daniele-d-andreti-ud9u7beav2s-unsplash.webp?resize=350%2C200&ssl=1","width":350,"height":200,"srcset":"https:\/\/i0.wp.com\/kohenavocats.com\/wp-content\/uploads\/2024\/08\/daniele-d-andreti-ud9u7beav2s-unsplash.webp?resize=350%2C200&ssl=1 1x, https:\/\/i0.wp.com\/kohenavocats.com\/wp-content\/uploads\/2024\/08\/daniele-d-andreti-ud9u7beav2s-unsplash.webp?resize=525%2C300&ssl=1 1.5x, https:\/\/i0.wp.com\/kohenavocats.com\/wp-content\/uploads\/2024\/08\/daniele-d-andreti-ud9u7beav2s-unsplash.webp?resize=700%2C400&ssl=1 2x, https:\/\/i0.wp.com\/kohenavocats.com\/wp-content\/uploads\/2024\/08\/daniele-d-andreti-ud9u7beav2s-unsplash.webp?resize=1050%2C600&ssl=1 3x, https:\/\/i0.wp.com\/kohenavocats.com\/wp-content\/uploads\/2024\/08\/daniele-d-andreti-ud9u7beav2s-unsplash.webp?resize=1400%2C800&ssl=1 4x"},"classes":[]}],"jetpack_sharing_enabled":true,"_links":{"self":[{"href":"https:\/\/kohenavocats.com\/ru\/wp-json\/wp\/v2\/posts\/640510","targetHints":{"allow":["GET"]}}],"collection":[{"href":"https:\/\/kohenavocats.com\/ru\/wp-json\/wp\/v2\/posts"}],"about":[{"href":"https:\/\/kohenavocats.com\/ru\/wp-json\/wp\/v2\/types\/post"}],"author":[{"embeddable":true,"href":"https:\/\/kohenavocats.com\/ru\/wp-json\/wp\/v2\/users\/232070755"}],"replies":[{"embeddable":true,"href":"https:\/\/kohenavocats.com\/ru\/wp-json\/wp\/v2\/comments?post=640510"}],"version-history":[{"count":0,"href":"https:\/\/kohenavocats.com\/ru\/wp-json\/wp\/v2\/posts\/640510\/revisions"}],"wp:featuredmedia":[{"embeddable":true,"href":"https:\/\/kohenavocats.com\/ru\/wp-json\/wp\/v2\/media\/4680"}],"wp:attachment":[{"href":"https:\/\/kohenavocats.com\/ru\/wp-json\/wp\/v2\/media?parent=640510"}],"wp:term":[{"taxonomy":"category","embeddable":true,"href":"https:\/\/kohenavocats.com\/ru\/wp-json\/wp\/v2\/categories?post=640510"},{"taxonomy":"post_tag","embeddable":true,"href":"https:\/\/kohenavocats.com\/ru\/wp-json\/wp\/v2\/tags?post=640510"}],"curies":[{"name":"wp","href":"https:\/\/api.w.org\/{rel}","templated":true}]}}