{"id":640512,"date":"2026-04-21T21:45:40","date_gmt":"2026-04-21T19:45:40","guid":{"rendered":"https:\/\/kohenavocats.com\/cour-dappel-le-29-mars-2024-n22-02626\/"},"modified":"2026-04-21T21:45:40","modified_gmt":"2026-04-21T19:45:40","slug":"cour-dappel-le-29-mars-2024-n22-02626","status":"publish","type":"post","link":"https:\/\/kohenavocats.com\/ru\/cour-dappel-le-29-mars-2024-n22-02626\/","title":{"rendered":"Cour d&#8217;appel, le 29 mars 2024, n\u00b022\/02626"},"content":{"rendered":"<div class=\"article-content\">\n<p>La Cour administrative d&#8217;appel de Versailles, par arr\u00eat du 29 mars 2024, statue sur un litige opposant un organisme assureur \u00e0 l&#8217;Urssaf concernant trois chefs de redressement relatifs \u00e0 la taxe de solidarit\u00e9 additionnelle. L&#8217;administration avait r\u00e9int\u00e9gr\u00e9 dans l&#8217;assiette de la taxe des primes de contrats compl\u00e9mentaires sant\u00e9, au motif que les b\u00e9n\u00e9ficiaires r\u00e9sidaient en France. La juridiction administrative inf\u00e9rieure avait annul\u00e9 le premier chef. La cour d&#8217;appel, saisie de pourvois crois\u00e9s, devait trancher sur la r\u00e9gularit\u00e9 du contr\u00f4le et l&#8217;interpr\u00e9tation du champ d&#8217;application de la taxe. Elle infirme partiellement le jugement et confirme la validit\u00e9 des trois redressements.<\/p>\n<p>La r\u00e9gularit\u00e9 des op\u00e9rations de contr\u00f4le<\/p>\n<p>Le contr\u00f4le administratif et la charge de la preuve<\/p>\n<p>La cour \u00e9carte l&#8217;exception de nullit\u00e9 du contr\u00f4le soulev\u00e9e par l&#8217;organisme assureur. Elle rappelle que l&#8217;inspecteur n&#8217;a pas recouru \u00e0 une m\u00e9thode de v\u00e9rification par \u00e9chantillonnage. Les textes pr\u00e9voient une proc\u00e9dure encadr\u00e9e pour ce type de contr\u00f4le. L&#8217;absence d&#8217;\u00e9chantillonnage n&#8217;entra\u00eene pas ici la nullit\u00e9 des op\u00e9rations. La soci\u00e9t\u00e9 contr\u00f4l\u00e9e n&#8217;a pas produit les justificatifs n\u00e9cessaires durant la phase contradictoire. Elle invoquait l&#8217;anciennet\u00e9 des contrats et l&#8217;absence d&#8217;archivage exploitable. La cour souligne que la charge de la preuve incombe au cotisant qui r\u00e9clame une exon\u00e9ration. Il lui appartient de conserver et de produire les pi\u00e8ces justificatives probantes. Un simple fichier inexploitable ne suffit pas \u00e0 \u00e9tablir le bien-fond\u00e9 des exclusions.<\/p>\n<p>La port\u00e9e du principe de loyaut\u00e9 du contr\u00f4le<\/p>\n<p>Cette analyse renforce les obligations probatoires des cotisants en mati\u00e8re de contr\u00f4le social. La r\u00e9gularit\u00e9 du contr\u00f4le ne d\u00e9pend pas uniquement de la m\u00e9thode employ\u00e9e par l&#8217;administration. Elle est subordonn\u00e9e \u00e0 la coop\u00e9ration du contr\u00f4l\u00e9 et \u00e0 sa capacit\u00e9 \u00e0 fournir des \u00e9l\u00e9ments v\u00e9rifiables. La d\u00e9cision pr\u00e9cise que les pi\u00e8ces doivent \u00eatre produites durant le contr\u00f4le ou la phase contradictoire. Le d\u00e9faut de production engage la responsabilit\u00e9 du cotisant. Cela consacre une application stricte du principe selon lequel &#171;celui qui r\u00e9clame le b\u00e9n\u00e9fice d&#8217;une exon\u00e9ration de charge ou de taxe doit en prouver les conditions&#187;. Cette rigueur proc\u00e9durale vise \u00e0 garantir l&#8217;efficacit\u00e9 du contr\u00f4le a posteriori.<\/p>\n<p>L&#8217;interpr\u00e9tation du champ d&#8217;application de la taxe<\/p>\n<p>Le crit\u00e8re unique de la r\u00e9sidence en France<\/p>\n<p>Sur le fond, la cour interpr\u00e8te strictement l&#8217;article L. 862-4 du code de la s\u00e9curit\u00e9 sociale. La taxe est assise sur les garanties souscrites au b\u00e9n\u00e9fice de &#171;personnes physiques r\u00e9sidentes en France&#187;. Le texte n&#8217;op\u00e8re aucune distinction li\u00e9e au lieu de travail ou au r\u00e9gime de s\u00e9curit\u00e9 sociale. &#171;L&#8217;article L. 862-4 n&#8217;op\u00e8re aucune distinction en fonction du lieu de travail de la personne signataire du contrat ou du r\u00e9gime d&#8217;assurance maladie obligatoire dont elle rel\u00e8ve, qu&#8217;il soit fran\u00e7ais ou \u00e9tranger&#187; (Cass. Deuxi\u00e8me chambre civile, le 12 mai 2022, n\u00b020-14.607). Ainsi, les contrats souscrits par des r\u00e9sidents fran\u00e7ais travaillant \u00e0 Monaco ou en Suisse entrent dans le champ de la taxe. Le seul crit\u00e8re d\u00e9terminant est la r\u00e9sidence de l&#8217;assur\u00e9 en France au moment du fait g\u00e9n\u00e9rateur.<\/p>\n<p>L&#8217;exclusion limit\u00e9e des personnes non affili\u00e9es<\/p>\n<p>La cour pr\u00e9cise \u00e9galement le r\u00e9gime des personnes non assujetties \u00e0 un r\u00e9gime obligatoire. L&#8217;organisme assureur soutenait que ces contrats \u00e9taient exclus du champ de la taxe. La d\u00e9cision rappelle que cette exclusion ne vaut que pour les couvertures &#171;au premier euro&#187;. Elle ne concerne pas les garanties compl\u00e9mentaires souscrites par des r\u00e9sidents en France. &#171;Il en r\u00e9sulte que les sommes se rapportant \u00e0 la couverture sant\u00e9 des personnes non affili\u00e9es \u00e0 un r\u00e9gime obligatoire d&#8217;assurance maladie sont exclues du champ d&#8217;application de cette taxe&#187; (Cass. Deuxi\u00e8me chambre civile, le 2 juin 2022, n\u00b020-21.881). Cette jurisprudence s&#8217;applique uniquement aux contrats de base et non aux compl\u00e9mentaires sant\u00e9. La charge de prouver la non-affiliation p\u00e8se toujours sur l&#8217;organisme payeur, qui a manqu\u00e9 \u00e0 son obligation en l&#8217;esp\u00e8ce.<\/p>\n<p>La port\u00e9e d&#8217;une interpr\u00e9tation litt\u00e9rale<\/p>\n<p>Cette lecture stricte du texte l\u00e9gal a une port\u00e9e substantielle. Elle unifie le r\u00e9gime de la taxe pour tous les r\u00e9sidents sur le territoire national. Elle \u00e9carte toute interpr\u00e9tation extensive des circulaires administratives invoqu\u00e9es par le contribuable. Les circulaires ne peuvent ajouter des conditions non pr\u00e9vues par la loi. La d\u00e9cision affirme la primaut\u00e9 du texte l\u00e9gislatif sur les instructions de l&#8217;administration. Elle renforce la s\u00e9curit\u00e9 juridique en clarifiant le crit\u00e8re d&#8217;assujettissement. Cette approche litt\u00e9rale garantit une assiette large pour le financement de la couverture maladie universelle compl\u00e9mentaire. Elle limite les risques de contournement par la localisation de l&#8217;activit\u00e9 professionnelle \u00e0 l&#8217;\u00e9tranger.<\/p>\n<\/div>\n","protected":false},"excerpt":{"rendered":"<p>La Cour administrative d&#8217;appel de Versailles, par arr\u00eat du 29 mars 2024, statue sur un litige opposant un organisme assureur \u00e0 l&#8217;Urssaf concernant trois chef&#8230;<\/p>\n","protected":false},"author":232070755,"featured_media":9708,"comment_status":"open","ping_status":"open","sticky":false,"template":"","format":"standard","meta":{"_crdt_document":"","_jetpack_newsletter_access":"","_jetpack_dont_email_post_to_subs":false,"_jetpack_newsletter_tier_id":0,"_jetpack_memberships_contains_paywalled_content":false,"_kj_source_type":"judilibre","_kj_official_id":"68e892f8f271a402af33b7a1","_kj_official_url":"https:\/\/www.courdecassation.fr\/decision\/68e892f8f271a402af33b7a1","_kj_judilibre_id":"68e892f8f271a402af33b7a1","_kj_jur":"Cour d'appel","_kj_lieu":"Cour d'appel de Versailles","_kj_chambre":"Ch.protection sociale 4-7","_kj_rg":"22\/02626","_kj_date":"2025-10-09","_jetpack_memberships_contains_paid_content":false,"footnotes":"","jetpack_post_was_ever_published":false},"categories":[7597],"tags":[],"class_list":["post-640512","post","type-post","status-publish","format-standard","has-post-thumbnail","hentry","category-jurisprudence"],"yoast_head":"<!-- This site is optimized with the Yoast SEO Premium plugin v27.5 (Yoast SEO v27.5) - https:\/\/yoast.com\/product\/yoast-seo-premium-wordpress\/ -->\n<title>Cour d&#039;appel, le 29 mars 2024, n\u00b022\/02626 - Ma\u00eetre Hassan Kohen, avocat en droit p\u00e9nal \u00e0 Paris<\/title>\n<meta name=\"description\" content=\"La Cour administrative d&#039;appel de Versailles, par arr\u00eat du 29 mars 2024, statue sur un litige opposant un organisme assureur \u00e0 l&#039;Urssaf concernant trois chef...\" \/>\n<meta name=\"robots\" content=\"index, follow, max-snippet:-1, max-image-preview:large, max-video-preview:-1\" \/>\n<link rel=\"canonical\" href=\"https:\/\/kohenavocats.com\/ru\/cour-dappel-le-29-mars-2024-n22-02626\/\" \/>\n<meta property=\"og:locale\" content=\"ru_RU\" \/>\n<meta property=\"og:type\" content=\"article\" \/>\n<meta property=\"og:title\" content=\"Cour d&#039;appel, le 29 mars 2024, n\u00b022\/02626\" \/>\n<meta property=\"og:description\" content=\"La Cour administrative d&#039;appel de Versailles, par arr\u00eat du 29 mars 2024, statue sur un litige opposant un organisme assureur \u00e0 l&#039;Urssaf concernant trois chef...\" \/>\n<meta property=\"og:url\" content=\"https:\/\/kohenavocats.com\/ru\/cour-dappel-le-29-mars-2024-n22-02626\/\" \/>\n<meta property=\"og:site_name\" content=\"Ma\u00eetre Hassan Kohen, avocat en droit p\u00e9nal \u00e0 Paris\" \/>\n<meta property=\"article:published_time\" content=\"2026-04-21T19:45:40+00:00\" \/>\n<meta property=\"og:image\" content=\"https:\/\/kohenavocats.com\/wp-content\/uploads\/2024\/11\/xhiliana-CfCB8S-7RM4-unsplash.webp\" \/>\n\t<meta property=\"og:image:width\" content=\"3923\" \/>\n\t<meta property=\"og:image:height\" content=\"5884\" \/>\n\t<meta property=\"og:image:type\" content=\"image\/webp\" \/>\n<meta name=\"author\" content=\"Kohen\" \/>\n<meta name=\"twitter:card\" content=\"summary_large_image\" \/>\n<meta name=\"twitter:label1\" content=\"\u041d\u0430\u043f\u0438\u0441\u0430\u043d\u043e \u0430\u0432\u0442\u043e\u0440\u043e\u043c\" \/>\n\t<meta name=\"twitter:data1\" content=\"Kohen\" \/>\n\t<meta name=\"twitter:label2\" content=\"\u041f\u0440\u0438\u043c\u0435\u0440\u043d\u043e\u0435 \u0432\u0440\u0435\u043c\u044f \u0434\u043b\u044f \u0447\u0442\u0435\u043d\u0438\u044f\" \/>\n\t<meta name=\"twitter:data2\" content=\"4 \u043c\u0438\u043d\u0443\u0442\u044b\" \/>\n<script type=\"application\/ld+json\" class=\"yoast-schema-graph\">{\"@context\":\"https:\\\/\\\/schema.org\",\"@graph\":[{\"@type\":\"Article\",\"@id\":\"https:\\\/\\\/kohenavocats.com\\\/ru\\\/cour-dappel-le-29-mars-2024-n22-02626\\\/#article\",\"isPartOf\":{\"@id\":\"https:\\\/\\\/kohenavocats.com\\\/ru\\\/cour-dappel-le-29-mars-2024-n22-02626\\\/\"},\"author\":{\"name\":\"Kohen\",\"@id\":\"https:\\\/\\\/kohenavocats.com\\\/ru\\\/#\\\/schema\\\/person\\\/761c9ba54fa1ca84d405cef0831ff751\"},\"headline\":\"Cour d&#8217;appel, le 29 mars 2024, n\u00b022\\\/02626\",\"datePublished\":\"2026-04-21T19:45:40+00:00\",\"mainEntityOfPage\":{\"@id\":\"https:\\\/\\\/kohenavocats.com\\\/ru\\\/cour-dappel-le-29-mars-2024-n22-02626\\\/\"},\"wordCount\":860,\"commentCount\":0,\"publisher\":{\"@id\":\"https:\\\/\\\/kohenavocats.com\\\/ru\\\/#organization\"},\"image\":{\"@id\":\"https:\\\/\\\/kohenavocats.com\\\/ru\\\/cour-dappel-le-29-mars-2024-n22-02626\\\/#primaryimage\"},\"thumbnailUrl\":\"https:\\\/\\\/kohenavocats.com\\\/wp-content\\\/uploads\\\/2024\\\/11\\\/xhiliana-CfCB8S-7RM4-unsplash.webp\",\"articleSection\":[\"Jurisprudence\"],\"inLanguage\":\"ru-RU\",\"potentialAction\":[{\"@type\":\"CommentAction\",\"name\":\"Comment\",\"target\":[\"https:\\\/\\\/kohenavocats.com\\\/ru\\\/cour-dappel-le-29-mars-2024-n22-02626\\\/#respond\"]}],\"citation\":\"Cour d&#8217;appel, le 29 mars 2024, n\u00b022\\\/02626\",\"about\":[{\"@type\":\"Thing\",\"name\":\"Jurisprudence\"}],\"dateModified\":\"2026-04-21T19:45:40+00:00\",\"speakable\":{\"@type\":\"SpeakableSpecification\",\"cssSelector\":[\".article-content > p:first-of-type\"]}},{\"@type\":\"WebPage\",\"@id\":\"https:\\\/\\\/kohenavocats.com\\\/ru\\\/cour-dappel-le-29-mars-2024-n22-02626\\\/\",\"url\":\"https:\\\/\\\/kohenavocats.com\\\/ru\\\/cour-dappel-le-29-mars-2024-n22-02626\\\/\",\"name\":\"Cour d'appel, le 29 mars 2024, n\u00b022\\\/02626 - Ma\u00eetre Hassan Kohen, avocat en droit p\u00e9nal \u00e0 Paris\",\"isPartOf\":{\"@id\":\"https:\\\/\\\/kohenavocats.com\\\/ru\\\/#website\"},\"primaryImageOfPage\":{\"@id\":\"https:\\\/\\\/kohenavocats.com\\\/ru\\\/cour-dappel-le-29-mars-2024-n22-02626\\\/#primaryimage\"},\"image\":{\"@id\":\"https:\\\/\\\/kohenavocats.com\\\/ru\\\/cour-dappel-le-29-mars-2024-n22-02626\\\/#primaryimage\"},\"thumbnailUrl\":\"https:\\\/\\\/kohenavocats.com\\\/wp-content\\\/uploads\\\/2024\\\/11\\\/xhiliana-CfCB8S-7RM4-unsplash.webp\",\"datePublished\":\"2026-04-21T19:45:40+00:00\",\"description\":\"La Cour administrative d'appel de Versailles, par arr\u00eat du 29 mars 2024, statue sur un litige opposant un organisme assureur \u00e0 l'Urssaf concernant trois chef...\",\"breadcrumb\":{\"@id\":\"https:\\\/\\\/kohenavocats.com\\\/ru\\\/cour-dappel-le-29-mars-2024-n22-02626\\\/#breadcrumb\"},\"inLanguage\":\"ru-RU\",\"potentialAction\":[{\"@type\":\"ReadAction\",\"target\":[\"https:\\\/\\\/kohenavocats.com\\\/ru\\\/cour-dappel-le-29-mars-2024-n22-02626\\\/\"]}]},{\"@type\":\"ImageObject\",\"inLanguage\":\"ru-RU\",\"@id\":\"https:\\\/\\\/kohenavocats.com\\\/ru\\\/cour-dappel-le-29-mars-2024-n22-02626\\\/#primaryimage\",\"url\":\"https:\\\/\\\/kohenavocats.com\\\/wp-content\\\/uploads\\\/2024\\\/11\\\/xhiliana-CfCB8S-7RM4-unsplash.webp\",\"contentUrl\":\"https:\\\/\\\/kohenavocats.com\\\/wp-content\\\/uploads\\\/2024\\\/11\\\/xhiliana-CfCB8S-7RM4-unsplash.webp\",\"width\":3923,\"height\":5884},{\"@type\":\"BreadcrumbList\",\"@id\":\"https:\\\/\\\/kohenavocats.com\\\/ru\\\/cour-dappel-le-29-mars-2024-n22-02626\\\/#breadcrumb\",\"itemListElement\":[{\"@type\":\"ListItem\",\"position\":1,\"name\":\"Home\",\"item\":\"https:\\\/\\\/kohenavocats.com\\\/ru\\\/avocats-en-droit-penal-a-paris-conseil-et-defense-strategique\\\/\"},{\"@type\":\"ListItem\",\"position\":2,\"name\":\"Cour d&rsquo;appel, le 29 mars 2024, n\u00b022\\\/02626\"}]},{\"@type\":\"WebSite\",\"@id\":\"https:\\\/\\\/kohenavocats.com\\\/ru\\\/#website\",\"url\":\"https:\\\/\\\/kohenavocats.com\\\/ru\\\/\",\"name\":\"Kohen Avocats\",\"description\":\"Ma\u00eetre Hassan Kohen, avocat p\u00e9naliste \u00e0 Paris, intervient exclusivement en droit p\u00e9nal pour la d\u00e9fense des particuliers, notamment en mati\u00e8re d\u2019accusations de viol. Il assure un accompagnement rigoureux d\u00e8s la garde \u00e0 vue jusqu\u2019\u00e0 la Cour d\u2019assises, veillant au strict respect des garanties proc\u00e9durales.\",\"publisher\":{\"@id\":\"https:\\\/\\\/kohenavocats.com\\\/ru\\\/#organization\"},\"potentialAction\":[{\"@type\":\"SearchAction\",\"target\":{\"@type\":\"EntryPoint\",\"urlTemplate\":\"https:\\\/\\\/kohenavocats.com\\\/ru\\\/?s={search_term_string}\"},\"query-input\":{\"@type\":\"PropertyValueSpecification\",\"valueRequired\":true,\"valueName\":\"search_term_string\"}}],\"inLanguage\":\"ru-RU\"},{\"@type\":\"Organization\",\"@id\":\"https:\\\/\\\/kohenavocats.com\\\/ru\\\/#organization\",\"name\":\"Kohen Avocats\",\"url\":\"https:\\\/\\\/kohenavocats.com\\\/ru\\\/\",\"logo\":{\"@type\":\"ImageObject\",\"inLanguage\":\"ru-RU\",\"@id\":\"https:\\\/\\\/kohenavocats.com\\\/ru\\\/#\\\/schema\\\/logo\\\/image\\\/\",\"url\":\"https:\\\/\\\/kohenavocats.com\\\/wp-content\\\/uploads\\\/2026\\\/01\\\/Logo-2-1.webp\",\"contentUrl\":\"https:\\\/\\\/kohenavocats.com\\\/wp-content\\\/uploads\\\/2026\\\/01\\\/Logo-2-1.webp\",\"width\":2114,\"height\":1253,\"caption\":\"Kohen Avocats\"},\"image\":{\"@id\":\"https:\\\/\\\/kohenavocats.com\\\/ru\\\/#\\\/schema\\\/logo\\\/image\\\/\"}},{\"@type\":\"Person\",\"@id\":\"https:\\\/\\\/kohenavocats.com\\\/ru\\\/#\\\/schema\\\/person\\\/761c9ba54fa1ca84d405cef0831ff751\",\"name\":\"Kohen\",\"image\":{\"@type\":\"ImageObject\",\"inLanguage\":\"ru-RU\",\"@id\":\"https:\\\/\\\/secure.gravatar.com\\\/avatar\\\/1c5e76ef76bbbfdd2b4da984e2bf2fa4056fd51a27d25ce2c332047f1dfd6e00?s=96&d=identicon&r=g\",\"url\":\"https:\\\/\\\/secure.gravatar.com\\\/avatar\\\/1c5e76ef76bbbfdd2b4da984e2bf2fa4056fd51a27d25ce2c332047f1dfd6e00?s=96&d=identicon&r=g\",\"contentUrl\":\"https:\\\/\\\/secure.gravatar.com\\\/avatar\\\/1c5e76ef76bbbfdd2b4da984e2bf2fa4056fd51a27d25ce2c332047f1dfd6e00?s=96&d=identicon&r=g\",\"caption\":\"Kohen\"},\"sameAs\":[\"https:\\\/\\\/www.linkedin.com\\\/in\\\/hassan-kohen-448548192\\\/\",\"https:\\\/\\\/www.youtube.com\\\/@Kohen-Avocats\"],\"url\":\"https:\\\/\\\/kohenavocats.com\\\/ru\\\/author\\\/kohenmlk\\\/\"}]}<\/script>\n<!-- \/ Yoast SEO Premium plugin. -->","yoast_head_json":{"title":"Cour d'appel, le 29 mars 2024, n\u00b022\/02626 - Ma\u00eetre Hassan Kohen, avocat en droit p\u00e9nal \u00e0 Paris","description":"La Cour administrative d'appel de Versailles, par arr\u00eat du 29 mars 2024, statue sur un litige opposant un organisme assureur \u00e0 l'Urssaf concernant trois chef...","robots":{"index":"index","follow":"follow","max-snippet":"max-snippet:-1","max-image-preview":"max-image-preview:large","max-video-preview":"max-video-preview:-1"},"canonical":"https:\/\/kohenavocats.com\/ru\/cour-dappel-le-29-mars-2024-n22-02626\/","og_locale":"ru_RU","og_type":"article","og_title":"Cour d'appel, le 29 mars 2024, n\u00b022\/02626","og_description":"La Cour administrative d'appel de Versailles, par arr\u00eat du 29 mars 2024, statue sur un litige opposant un organisme assureur \u00e0 l'Urssaf concernant trois chef...","og_url":"https:\/\/kohenavocats.com\/ru\/cour-dappel-le-29-mars-2024-n22-02626\/","og_site_name":"Ma\u00eetre Hassan Kohen, avocat en droit p\u00e9nal \u00e0 Paris","article_published_time":"2026-04-21T19:45:40+00:00","og_image":[{"width":3923,"height":5884,"url":"https:\/\/kohenavocats.com\/wp-content\/uploads\/2024\/11\/xhiliana-CfCB8S-7RM4-unsplash.webp","type":"image\/webp"}],"author":"Kohen","twitter_card":"summary_large_image","twitter_misc":{"\u041d\u0430\u043f\u0438\u0441\u0430\u043d\u043e \u0430\u0432\u0442\u043e\u0440\u043e\u043c":"Kohen","\u041f\u0440\u0438\u043c\u0435\u0440\u043d\u043e\u0435 \u0432\u0440\u0435\u043c\u044f \u0434\u043b\u044f \u0447\u0442\u0435\u043d\u0438\u044f":"4 \u043c\u0438\u043d\u0443\u0442\u044b"},"schema":{"@context":"https:\/\/schema.org","@graph":[{"@type":"Article","@id":"https:\/\/kohenavocats.com\/ru\/cour-dappel-le-29-mars-2024-n22-02626\/#article","isPartOf":{"@id":"https:\/\/kohenavocats.com\/ru\/cour-dappel-le-29-mars-2024-n22-02626\/"},"author":{"name":"Kohen","@id":"https:\/\/kohenavocats.com\/ru\/#\/schema\/person\/761c9ba54fa1ca84d405cef0831ff751"},"headline":"Cour d&#8217;appel, le 29 mars 2024, n\u00b022\/02626","datePublished":"2026-04-21T19:45:40+00:00","mainEntityOfPage":{"@id":"https:\/\/kohenavocats.com\/ru\/cour-dappel-le-29-mars-2024-n22-02626\/"},"wordCount":860,"commentCount":0,"publisher":{"@id":"https:\/\/kohenavocats.com\/ru\/#organization"},"image":{"@id":"https:\/\/kohenavocats.com\/ru\/cour-dappel-le-29-mars-2024-n22-02626\/#primaryimage"},"thumbnailUrl":"https:\/\/kohenavocats.com\/wp-content\/uploads\/2024\/11\/xhiliana-CfCB8S-7RM4-unsplash.webp","articleSection":["Jurisprudence"],"inLanguage":"ru-RU","potentialAction":[{"@type":"CommentAction","name":"Comment","target":["https:\/\/kohenavocats.com\/ru\/cour-dappel-le-29-mars-2024-n22-02626\/#respond"]}],"citation":"Cour d&#8217;appel, le 29 mars 2024, n\u00b022\/02626","about":[{"@type":"Thing","name":"Jurisprudence"}],"dateModified":"2026-04-21T19:45:40+00:00","speakable":{"@type":"SpeakableSpecification","cssSelector":[".article-content > p:first-of-type"]}},{"@type":"WebPage","@id":"https:\/\/kohenavocats.com\/ru\/cour-dappel-le-29-mars-2024-n22-02626\/","url":"https:\/\/kohenavocats.com\/ru\/cour-dappel-le-29-mars-2024-n22-02626\/","name":"Cour d'appel, le 29 mars 2024, n\u00b022\/02626 - Ma\u00eetre Hassan Kohen, avocat en droit p\u00e9nal \u00e0 Paris","isPartOf":{"@id":"https:\/\/kohenavocats.com\/ru\/#website"},"primaryImageOfPage":{"@id":"https:\/\/kohenavocats.com\/ru\/cour-dappel-le-29-mars-2024-n22-02626\/#primaryimage"},"image":{"@id":"https:\/\/kohenavocats.com\/ru\/cour-dappel-le-29-mars-2024-n22-02626\/#primaryimage"},"thumbnailUrl":"https:\/\/kohenavocats.com\/wp-content\/uploads\/2024\/11\/xhiliana-CfCB8S-7RM4-unsplash.webp","datePublished":"2026-04-21T19:45:40+00:00","description":"La Cour administrative d'appel de Versailles, par arr\u00eat du 29 mars 2024, statue sur un litige opposant un organisme assureur \u00e0 l'Urssaf concernant trois chef...","breadcrumb":{"@id":"https:\/\/kohenavocats.com\/ru\/cour-dappel-le-29-mars-2024-n22-02626\/#breadcrumb"},"inLanguage":"ru-RU","potentialAction":[{"@type":"ReadAction","target":["https:\/\/kohenavocats.com\/ru\/cour-dappel-le-29-mars-2024-n22-02626\/"]}]},{"@type":"ImageObject","inLanguage":"ru-RU","@id":"https:\/\/kohenavocats.com\/ru\/cour-dappel-le-29-mars-2024-n22-02626\/#primaryimage","url":"https:\/\/kohenavocats.com\/wp-content\/uploads\/2024\/11\/xhiliana-CfCB8S-7RM4-unsplash.webp","contentUrl":"https:\/\/kohenavocats.com\/wp-content\/uploads\/2024\/11\/xhiliana-CfCB8S-7RM4-unsplash.webp","width":3923,"height":5884},{"@type":"BreadcrumbList","@id":"https:\/\/kohenavocats.com\/ru\/cour-dappel-le-29-mars-2024-n22-02626\/#breadcrumb","itemListElement":[{"@type":"ListItem","position":1,"name":"Home","item":"https:\/\/kohenavocats.com\/ru\/avocats-en-droit-penal-a-paris-conseil-et-defense-strategique\/"},{"@type":"ListItem","position":2,"name":"Cour d&rsquo;appel, le 29 mars 2024, n\u00b022\/02626"}]},{"@type":"WebSite","@id":"https:\/\/kohenavocats.com\/ru\/#website","url":"https:\/\/kohenavocats.com\/ru\/","name":"Kohen Avocats","description":"Ma\u00eetre Hassan Kohen, avocat p\u00e9naliste \u00e0 Paris, intervient exclusivement en droit p\u00e9nal pour la d\u00e9fense des particuliers, notamment en mati\u00e8re d\u2019accusations de viol. Il assure un accompagnement rigoureux d\u00e8s la garde \u00e0 vue jusqu\u2019\u00e0 la Cour d\u2019assises, veillant au strict respect des garanties proc\u00e9durales.","publisher":{"@id":"https:\/\/kohenavocats.com\/ru\/#organization"},"potentialAction":[{"@type":"SearchAction","target":{"@type":"EntryPoint","urlTemplate":"https:\/\/kohenavocats.com\/ru\/?s={search_term_string}"},"query-input":{"@type":"PropertyValueSpecification","valueRequired":true,"valueName":"search_term_string"}}],"inLanguage":"ru-RU"},{"@type":"Organization","@id":"https:\/\/kohenavocats.com\/ru\/#organization","name":"Kohen Avocats","url":"https:\/\/kohenavocats.com\/ru\/","logo":{"@type":"ImageObject","inLanguage":"ru-RU","@id":"https:\/\/kohenavocats.com\/ru\/#\/schema\/logo\/image\/","url":"https:\/\/kohenavocats.com\/wp-content\/uploads\/2026\/01\/Logo-2-1.webp","contentUrl":"https:\/\/kohenavocats.com\/wp-content\/uploads\/2026\/01\/Logo-2-1.webp","width":2114,"height":1253,"caption":"Kohen Avocats"},"image":{"@id":"https:\/\/kohenavocats.com\/ru\/#\/schema\/logo\/image\/"}},{"@type":"Person","@id":"https:\/\/kohenavocats.com\/ru\/#\/schema\/person\/761c9ba54fa1ca84d405cef0831ff751","name":"Kohen","image":{"@type":"ImageObject","inLanguage":"ru-RU","@id":"https:\/\/secure.gravatar.com\/avatar\/1c5e76ef76bbbfdd2b4da984e2bf2fa4056fd51a27d25ce2c332047f1dfd6e00?s=96&d=identicon&r=g","url":"https:\/\/secure.gravatar.com\/avatar\/1c5e76ef76bbbfdd2b4da984e2bf2fa4056fd51a27d25ce2c332047f1dfd6e00?s=96&d=identicon&r=g","contentUrl":"https:\/\/secure.gravatar.com\/avatar\/1c5e76ef76bbbfdd2b4da984e2bf2fa4056fd51a27d25ce2c332047f1dfd6e00?s=96&d=identicon&r=g","caption":"Kohen"},"sameAs":["https:\/\/www.linkedin.com\/in\/hassan-kohen-448548192\/","https:\/\/www.youtube.com\/@Kohen-Avocats"],"url":"https:\/\/kohenavocats.com\/ru\/author\/kohenmlk\/"}]}},"jetpack_featured_media_url":"https:\/\/kohenavocats.com\/wp-content\/uploads\/2024\/11\/xhiliana-CfCB8S-7RM4-unsplash.webp","jetpack_likes_enabled":false,"jetpack_shortlink":"https:\/\/wp.me\/peCrII-2GCQ","jetpack-related-posts":[{"id":736375,"url":"https:\/\/kohenavocats.com\/ru\/cour-dappel-de-bordeaux-le-29-janvier-2026-n24-00866\/","url_meta":{"origin":640512,"position":0},"title":"Cour d&#8217;appel de Bordeaux, le 29 janvier 2026, n\u00b024\/00866","author":"Kohen","date":"28.04.2026","format":false,"excerpt":"La cour d'appel de Bordeaux, dans un arr\u00eat du 29 janvier 2026, statue sur le recouvrement d'une allocation suppl\u00e9mentaire sur succession. Un allocataire...","rel":"","context":"\u0412 &quot;Cour d'appel&quot;","block_context":{"text":"Cour d'appel","link":"https:\/\/kohenavocats.com\/category\/cour-dappel\/"},"img":{"alt_text":"","src":"https:\/\/i0.wp.com\/kohenavocats.com\/wp-content\/uploads\/2024\/08\/nils-kaEhf0eZme8-unsplash.webp?resize=350%2C200&ssl=1","width":350,"height":200,"srcset":"https:\/\/i0.wp.com\/kohenavocats.com\/wp-content\/uploads\/2024\/08\/nils-kaEhf0eZme8-unsplash.webp?resize=350%2C200&ssl=1 1x, https:\/\/i0.wp.com\/kohenavocats.com\/wp-content\/uploads\/2024\/08\/nils-kaEhf0eZme8-unsplash.webp?resize=525%2C300&ssl=1 1.5x, https:\/\/i0.wp.com\/kohenavocats.com\/wp-content\/uploads\/2024\/08\/nils-kaEhf0eZme8-unsplash.webp?resize=700%2C400&ssl=1 2x, https:\/\/i0.wp.com\/kohenavocats.com\/wp-content\/uploads\/2024\/08\/nils-kaEhf0eZme8-unsplash.webp?resize=1050%2C600&ssl=1 3x, https:\/\/i0.wp.com\/kohenavocats.com\/wp-content\/uploads\/2024\/08\/nils-kaEhf0eZme8-unsplash.webp?resize=1400%2C800&ssl=1 4x"},"classes":[]},{"id":736126,"url":"https:\/\/kohenavocats.com\/ru\/cour-dappel-de-paris-le-29-janvier-2026-n25-05722\/","url_meta":{"origin":640512,"position":1},"title":"Cour d&#8217;appel de Paris, le 29 janvier 2026, n\u00b025\/05722","author":"Kohen","date":"28.04.2026","format":false,"excerpt":"La cour d'appel de Paris, dans un arr\u00eat du 29 janvier 2026, statuait sur la contestation d'une saisie-attribution. Un cr\u00e9ancier, fort d'un protocole...","rel":"","context":"\u0412 &quot;Cour d'appel&quot;","block_context":{"text":"Cour d'appel","link":"https:\/\/kohenavocats.com\/category\/cour-dappel\/"},"img":{"alt_text":"","src":"https:\/\/i0.wp.com\/kohenavocats.com\/wp-content\/uploads\/2024\/11\/resource-database-X0ndGue1HFY-unsplash.webp?resize=350%2C200&ssl=1","width":350,"height":200,"srcset":"https:\/\/i0.wp.com\/kohenavocats.com\/wp-content\/uploads\/2024\/11\/resource-database-X0ndGue1HFY-unsplash.webp?resize=350%2C200&ssl=1 1x, https:\/\/i0.wp.com\/kohenavocats.com\/wp-content\/uploads\/2024\/11\/resource-database-X0ndGue1HFY-unsplash.webp?resize=525%2C300&ssl=1 1.5x, https:\/\/i0.wp.com\/kohenavocats.com\/wp-content\/uploads\/2024\/11\/resource-database-X0ndGue1HFY-unsplash.webp?resize=700%2C400&ssl=1 2x, https:\/\/i0.wp.com\/kohenavocats.com\/wp-content\/uploads\/2024\/11\/resource-database-X0ndGue1HFY-unsplash.webp?resize=1050%2C600&ssl=1 3x, https:\/\/i0.wp.com\/kohenavocats.com\/wp-content\/uploads\/2024\/11\/resource-database-X0ndGue1HFY-unsplash.webp?resize=1400%2C800&ssl=1 4x"},"classes":[]},{"id":736219,"url":"https:\/\/kohenavocats.com\/ru\/cour-dappel-de-toulouse-le-29-janvier-2026-n24-01386\/","url_meta":{"origin":640512,"position":2},"title":"Cour d&#8217;appel de Toulouse, le 29 janvier 2026, n\u00b024\/01386","author":"Kohen","date":"28.04.2026","format":false,"excerpt":"La cour d'appel de Toulouse, dans son arr\u00eat du 29 janvier 2026, \u00e9tait saisie d'un recours contre un jugement ayant d\u00e9clar\u00e9 irrecevable la contestation d'une ...","rel":"","context":"\u0412 &quot;Jurisprudence&quot;","block_context":{"text":"Jurisprudence","link":"https:\/\/kohenavocats.com\/category\/jurisprudence\/"},"img":{"alt_text":"","src":"https:\/\/i0.wp.com\/kohenavocats.com\/wp-content\/uploads\/2024\/08\/luca-trassini-OhaRmr5mJYA-unsplash.webp?resize=350%2C200&ssl=1","width":350,"height":200,"srcset":"https:\/\/i0.wp.com\/kohenavocats.com\/wp-content\/uploads\/2024\/08\/luca-trassini-OhaRmr5mJYA-unsplash.webp?resize=350%2C200&ssl=1 1x, https:\/\/i0.wp.com\/kohenavocats.com\/wp-content\/uploads\/2024\/08\/luca-trassini-OhaRmr5mJYA-unsplash.webp?resize=525%2C300&ssl=1 1.5x, https:\/\/i0.wp.com\/kohenavocats.com\/wp-content\/uploads\/2024\/08\/luca-trassini-OhaRmr5mJYA-unsplash.webp?resize=700%2C400&ssl=1 2x, https:\/\/i0.wp.com\/kohenavocats.com\/wp-content\/uploads\/2024\/08\/luca-trassini-OhaRmr5mJYA-unsplash.webp?resize=1050%2C600&ssl=1 3x, https:\/\/i0.wp.com\/kohenavocats.com\/wp-content\/uploads\/2024\/08\/luca-trassini-OhaRmr5mJYA-unsplash.webp?resize=1400%2C800&ssl=1 4x"},"classes":[]},{"id":736127,"url":"https:\/\/kohenavocats.com\/ru\/cour-dappel-de-paris-le-29-janvier-2026-n25-04529\/","url_meta":{"origin":640512,"position":3},"title":"Cour d&#8217;appel de Paris, le 29 janvier 2026, n\u00b025\/04529","author":"Kohen","date":"28.04.2026","format":false,"excerpt":"La cour d'appel de Paris, dans un arr\u00eat du 29 janvier 2026, a infirm\u00e9 le jugement du juge de l'ex\u00e9cution qui avait d\u00e9bout\u00e9 un locataire de ses demandes....","rel":"","context":"\u0412 &quot;Cour d'appel&quot;","block_context":{"text":"Cour d'appel","link":"https:\/\/kohenavocats.com\/category\/cour-dappel\/"},"img":{"alt_text":"","src":"https:\/\/i0.wp.com\/kohenavocats.com\/wp-content\/uploads\/2024\/08\/pascal-bernardon-UDzwFLM50Ac-unsplash.webp?resize=350%2C200&ssl=1","width":350,"height":200,"srcset":"https:\/\/i0.wp.com\/kohenavocats.com\/wp-content\/uploads\/2024\/08\/pascal-bernardon-UDzwFLM50Ac-unsplash.webp?resize=350%2C200&ssl=1 1x, https:\/\/i0.wp.com\/kohenavocats.com\/wp-content\/uploads\/2024\/08\/pascal-bernardon-UDzwFLM50Ac-unsplash.webp?resize=525%2C300&ssl=1 1.5x, https:\/\/i0.wp.com\/kohenavocats.com\/wp-content\/uploads\/2024\/08\/pascal-bernardon-UDzwFLM50Ac-unsplash.webp?resize=700%2C400&ssl=1 2x, https:\/\/i0.wp.com\/kohenavocats.com\/wp-content\/uploads\/2024\/08\/pascal-bernardon-UDzwFLM50Ac-unsplash.webp?resize=1050%2C600&ssl=1 3x, https:\/\/i0.wp.com\/kohenavocats.com\/wp-content\/uploads\/2024\/08\/pascal-bernardon-UDzwFLM50Ac-unsplash.webp?resize=1400%2C800&ssl=1 4x"},"classes":[]},{"id":735893,"url":"https:\/\/kohenavocats.com\/ru\/cour-dappel-de-rouen-le-29-janvier-2026-n25-02048\/","url_meta":{"origin":640512,"position":4},"title":"Cour d&#8217;appel de Rouen, le 29 janvier 2026, n\u00b025\/02048","author":"Kohen","date":"28.04.2026","format":false,"excerpt":"La cour d\u2019appel de Rouen, dans son arr\u00eat du 29 janvier 2026, statue sur la validit\u00e9 d\u2019une saisie-attribution contest\u00e9e par un d\u00e9biteur. Un artisan,...","rel":"","context":"\u0412 &quot;Cour d'appel&quot;","block_context":{"text":"Cour d'appel","link":"https:\/\/kohenavocats.com\/category\/cour-dappel\/"},"img":{"alt_text":"","src":"https:\/\/i0.wp.com\/kohenavocats.com\/wp-content\/uploads\/2024\/11\/jsb-co-sz1m9nwdXKw-unsplash.webp?resize=350%2C200&ssl=1","width":350,"height":200,"srcset":"https:\/\/i0.wp.com\/kohenavocats.com\/wp-content\/uploads\/2024\/11\/jsb-co-sz1m9nwdXKw-unsplash.webp?resize=350%2C200&ssl=1 1x, https:\/\/i0.wp.com\/kohenavocats.com\/wp-content\/uploads\/2024\/11\/jsb-co-sz1m9nwdXKw-unsplash.webp?resize=525%2C300&ssl=1 1.5x, https:\/\/i0.wp.com\/kohenavocats.com\/wp-content\/uploads\/2024\/11\/jsb-co-sz1m9nwdXKw-unsplash.webp?resize=700%2C400&ssl=1 2x, https:\/\/i0.wp.com\/kohenavocats.com\/wp-content\/uploads\/2024\/11\/jsb-co-sz1m9nwdXKw-unsplash.webp?resize=1050%2C600&ssl=1 3x, https:\/\/i0.wp.com\/kohenavocats.com\/wp-content\/uploads\/2024\/11\/jsb-co-sz1m9nwdXKw-unsplash.webp?resize=1400%2C800&ssl=1 4x"},"classes":[]},{"id":735899,"url":"https:\/\/kohenavocats.com\/ru\/cour-dappel-de-la-reunion-le-29-janvier-2026-n23-00903\/","url_meta":{"origin":640512,"position":5},"title":"Cour d&#8217;appel de la R\u00e9union, le 29 janvier 2026, n\u00b023\/00903","author":"Kohen","date":"28.04.2026","format":false,"excerpt":"La cour d\u2019appel de Saint-Denis de la R\u00e9union, dans son arr\u00eat du 29 janvier 2026, a infirm\u00e9 le jugement prud\u2019homal sur la classification, le harc\u00e8lement...","rel":"","context":"\u0412 &quot;Cour d'appel&quot;","block_context":{"text":"Cour d'appel","link":"https:\/\/kohenavocats.com\/category\/cour-dappel\/"},"img":{"alt_text":"","src":"https:\/\/i0.wp.com\/kohenavocats.com\/wp-content\/uploads\/2024\/11\/osarugue-igbinoba-GtkcrFqc5hE-unsplash.webp?resize=350%2C200&ssl=1","width":350,"height":200,"srcset":"https:\/\/i0.wp.com\/kohenavocats.com\/wp-content\/uploads\/2024\/11\/osarugue-igbinoba-GtkcrFqc5hE-unsplash.webp?resize=350%2C200&ssl=1 1x, https:\/\/i0.wp.com\/kohenavocats.com\/wp-content\/uploads\/2024\/11\/osarugue-igbinoba-GtkcrFqc5hE-unsplash.webp?resize=525%2C300&ssl=1 1.5x, https:\/\/i0.wp.com\/kohenavocats.com\/wp-content\/uploads\/2024\/11\/osarugue-igbinoba-GtkcrFqc5hE-unsplash.webp?resize=700%2C400&ssl=1 2x, https:\/\/i0.wp.com\/kohenavocats.com\/wp-content\/uploads\/2024\/11\/osarugue-igbinoba-GtkcrFqc5hE-unsplash.webp?resize=1050%2C600&ssl=1 3x, https:\/\/i0.wp.com\/kohenavocats.com\/wp-content\/uploads\/2024\/11\/osarugue-igbinoba-GtkcrFqc5hE-unsplash.webp?resize=1400%2C800&ssl=1 4x"},"classes":[]}],"jetpack_sharing_enabled":true,"_links":{"self":[{"href":"https:\/\/kohenavocats.com\/ru\/wp-json\/wp\/v2\/posts\/640512","targetHints":{"allow":["GET"]}}],"collection":[{"href":"https:\/\/kohenavocats.com\/ru\/wp-json\/wp\/v2\/posts"}],"about":[{"href":"https:\/\/kohenavocats.com\/ru\/wp-json\/wp\/v2\/types\/post"}],"author":[{"embeddable":true,"href":"https:\/\/kohenavocats.com\/ru\/wp-json\/wp\/v2\/users\/232070755"}],"replies":[{"embeddable":true,"href":"https:\/\/kohenavocats.com\/ru\/wp-json\/wp\/v2\/comments?post=640512"}],"version-history":[{"count":0,"href":"https:\/\/kohenavocats.com\/ru\/wp-json\/wp\/v2\/posts\/640512\/revisions"}],"wp:featuredmedia":[{"embeddable":true,"href":"https:\/\/kohenavocats.com\/ru\/wp-json\/wp\/v2\/media\/9708"}],"wp:attachment":[{"href":"https:\/\/kohenavocats.com\/ru\/wp-json\/wp\/v2\/media?parent=640512"}],"wp:term":[{"taxonomy":"category","embeddable":true,"href":"https:\/\/kohenavocats.com\/ru\/wp-json\/wp\/v2\/categories?post=640512"},{"taxonomy":"post_tag","embeddable":true,"href":"https:\/\/kohenavocats.com\/ru\/wp-json\/wp\/v2\/tags?post=640512"}],"curies":[{"name":"wp","href":"https:\/\/api.w.org\/{rel}","templated":true}]}}