{"id":647551,"date":"2026-04-22T12:22:55","date_gmt":"2026-04-22T10:22:55","guid":{"rendered":"https:\/\/kohenavocats.com\/tribunal-judiciaire-de-libourne-le-3-octobre-2025-n24-00943\/"},"modified":"2026-04-22T12:22:55","modified_gmt":"2026-04-22T10:22:55","slug":"tribunal-judiciaire-de-libourne-le-3-octobre-2025-n24-00943","status":"publish","type":"post","link":"https:\/\/kohenavocats.com\/ru\/tribunal-judiciaire-de-libourne-le-3-octobre-2025-n24-00943\/","title":{"rendered":"Tribunal judiciaire de Libourne, le 3 octobre 2025, n\u00b024\/00943"},"content":{"rendered":"<div class=\"article-content\">\n<p>Le tribunal judiciaire, statuant le 3 octobre 2025, a \u00e9t\u00e9 saisi d&#8217;une action en garantie des vices cach\u00e9s et en responsabilit\u00e9 d\u00e9cennale suite \u00e0 la vente d&#8217;une maison pr\u00e9sentant divers d\u00e9sordres. L&#8217;acqu\u00e9reur demandait l&#8217;annulation de la vente et des indemnit\u00e9s. Le tribunal a partiellement accueilli ses demandes en retenant la garantie pour certains vices et en ordonnant la r\u00e9solution de la vente.<\/p>\n<p>La qualification du vendeur et l&#8217;\u00e9cartement des clauses limitatives<\/p>\n<p>La d\u00e9termination de la qualit\u00e9 du vendeur s&#8217;av\u00e8re d\u00e9cisive pour l&#8217;application des garanties. Le tribunal a minutieusement analys\u00e9 l&#8217;activit\u00e9 professionnelle du d\u00e9fendeur pour \u00e9carter une clause d&#8217;exclusion de garantie. Il a relev\u00e9 que ce dernier, qualifi\u00e9 d&#8217;artisan dans l&#8217;acte, dirigeait une soci\u00e9t\u00e9 dont l&#8217;objet incluait les travaux de b\u00e2timent. Le juge a constat\u00e9 que &#171;M. [P] via sa soci\u00e9t\u00e9 EDCCO a adress\u00e9 \u00e0 M. [A] un devis en date du 5 juillet 2021 portant sur des travaux de r\u00e9novation sur la maison litigieuse comportant des prestations dans diff\u00e9rents corps de m\u00e9tier du b\u00e2timent&#187;. Cette circonstance a conduit le tribunal \u00e0 le consid\u00e9rer comme un professionnel du secteur, r\u00e9put\u00e9 conna\u00eetre les vices. La mauvaise foi du vendeur a \u00e9t\u00e9 retenue, justifiant l&#8217;inopposabilit\u00e9 de la clause de non-garantie. Cette solution s&#8217;inscrit dans la lign\u00e9e d&#8217;une jurisprudence constante prot\u00e9geant l&#8217;acqu\u00e9reur contre les vendeurs professionnels. Une cour d&#8217;appel rappelle ainsi qu'&#187;un vendeur qui a r\u00e9alis\u00e9 lui-m\u00eame les travaux de r\u00e9habilitation doit \u00eatre assimil\u00e9 \u00e0 un vendeur professionnel r\u00e9put\u00e9 conna\u00eetre les vices affectant l&#8217;immeuble&#187; (Cour d&#8217;appel de Rennes, le 4 novembre 2025, n\u00b022\/02980). La port\u00e9e de cette analyse est essentielle, car elle conditionne l&#8217;application du r\u00e9gime de la garantie l\u00e9gale et l&#8217;\u00e9ventuelle condamnation \u00e0 des dommages-int\u00e9r\u00eats.<\/p>\n<p>La distinction op\u00e9ratoire entre garantie d\u00e9cennale et garantie des vices cach\u00e9s<\/p>\n<p>Le tribunal op\u00e8re une distinction rigoureuse entre les deux r\u00e9gimes de responsabilit\u00e9 invoqu\u00e9s, selon la nature des travaux r\u00e9alis\u00e9s par le vendeur. Pour les infiltrations de toiture, seule la garantie des vices cach\u00e9s est retenue, car &#171;il n\u2019est pas d\u00e9montr\u00e9 que M. [P] a fait des travaux au niveau de la couverture avant de revendre son bien&#187;. En revanche, concernant l&#8217;humidit\u00e9 ambiante, les deux garanties sont cumulativement appliqu\u00e9es. La responsabilit\u00e9 d\u00e9cennale est engag\u00e9e car le vendeur avait reconnu avoir effectu\u00e9 des travaux sur le mur concern\u00e9. Le jugement pr\u00e9cise que &#171;sa responsabilit\u00e9 civile d\u00e9cennale est \u00e9galement engag\u00e9e puisqu\u2019il a dit \u00e0 M. [O] qu\u2019il avait \u00e0 tout le moins appliqu\u00e9 un produit hydrofuge sur le mur de refend en pierre de taille&#187;. Cette approche d\u00e9montre que la garantie d\u00e9cennale requiert la preuve d&#8217;un acte de construction ou de r\u00e9novation li\u00e9 au d\u00e9sordre. La valeur de cette distinction r\u00e9side dans la clarification des r\u00e9gimes applicables, la d\u00e9cennale \u00e9tant plus stricte mais n\u00e9cessitant un lien avec une activit\u00e9 constructive. La port\u00e9e en est pratique, guidant les praticiens sur les \u00e9l\u00e9ments de preuve \u00e0 rapporter pour invoquer chaque fondement.<\/p>\n<p>Les modalit\u00e9s de la r\u00e9paration et l&#8217;exercice des options de l&#8217;acqu\u00e9reur<\/p>\n<p>Sur les cons\u00e9quences de l&#8217;application des garanties, le tribunal consacre le principe de libert\u00e9 de choix offert \u00e0 l&#8217;acqu\u00e9reur. Face \u00e0 des vices graves, l&#8217;acheteur a opt\u00e9 pour l&#8217;annulation de la vente. Le jugement rappelle que &#171;ce choix rel\u00e8ve de la libert\u00e9 de l\u2019acqu\u00e9reur qui n\u2019est pas tenu de se justifier&#187;. Cette solution stricte interdit au juge de substituer une r\u00e9paration en dommages-int\u00e9r\u00eats \u00e0 la demande en r\u00e9solution. La port\u00e9e en est de renforcer la s\u00e9curit\u00e9 juridique de l&#8217;acqu\u00e9reur victime d&#8217;un vice cach\u00e9. Concernant l&#8217;indemnisation, le tribunal rejette l&#8217;allocation de frais de travaux futurs, ceux-ci incombant d\u00e9sormais au vendeur devenu \u00e0 nouveau propri\u00e9taire. En revanche, un pr\u00e9judice locatif est indemnis\u00e9 sous forme de perte de chance, le juge estimant que &#171;ce pr\u00e9judice sera donc pris en consid\u00e9ration pendant 30 mois au regard de la r\u00e9elle perte de chance subie&#187;. La valeur de cette d\u00e9cision est de montrer que la r\u00e9paration int\u00e9grale peut coexister avec une appr\u00e9ciation in concreto des pr\u00e9judices accessoires. Enfin, le rejet de l&#8217;ex\u00e9cution provisoire, pour \u00e9viter des difficult\u00e9s de publicit\u00e9 fonci\u00e8re, illustre l&#8217;adaptation des mesures procedurales aux sp\u00e9cificit\u00e9s des litiges immobiliers.<\/p>\n<\/div>\n","protected":false},"excerpt":{"rendered":"<p>Le tribunal judiciaire, statuant le 3 octobre 2025, a \u00e9t\u00e9 saisi d&#8217;une action en garantie des vices cach\u00e9s et en responsabilit\u00e9 d\u00e9cennale suite \u00e0 la vente d&#8217;u&#8230;<\/p>\n","protected":false},"author":232070755,"featured_media":4907,"comment_status":"open","ping_status":"open","sticky":false,"template":"","format":"standard","meta":{"_crdt_document":"","_jetpack_newsletter_access":"","_jetpack_dont_email_post_to_subs":false,"_jetpack_newsletter_tier_id":0,"_jetpack_memberships_contains_paywalled_content":false,"_kj_source_type":"judilibre","_kj_official_id":"68f95202de0ebe408dac9e3a","_kj_official_url":"https:\/\/www.courdecassation.fr\/decision\/68f95202de0ebe408dac9e3a","_kj_judilibre_id":"68f95202de0ebe408dac9e3a","_kj_jur":"Tribunal judiciaire","_kj_lieu":"Tribunal judiciaire de Libourne","_kj_chambre":"Enr\u00f4lement","_kj_rg":"24\/00943","_kj_date":"2025-10-03","_jetpack_memberships_contains_paid_content":false,"footnotes":"","jetpack_post_was_ever_published":false},"categories":[7597],"tags":[],"class_list":["post-647551","post","type-post","status-publish","format-standard","has-post-thumbnail","hentry","category-jurisprudence"],"yoast_head":"<!-- This site is optimized with the Yoast SEO Premium plugin v27.5 (Yoast SEO v27.5) - https:\/\/yoast.com\/product\/yoast-seo-premium-wordpress\/ -->\n<title>Tribunal judiciaire de Libourne, le 3 octobre 2025, n\u00b024\/00943 - Ma\u00eetre Hassan Kohen, avocat en droit p\u00e9nal \u00e0 Paris<\/title>\n<meta name=\"description\" content=\"Le tribunal judiciaire, statuant le 3 octobre 2025, a \u00e9t\u00e9 saisi d&#039;une action en garantie des vices cach\u00e9s et en responsabilit\u00e9 d\u00e9cennale suite \u00e0 la vente d&#039;u...\" \/>\n<meta name=\"robots\" content=\"index, follow, max-snippet:-1, max-image-preview:large, max-video-preview:-1\" \/>\n<link rel=\"canonical\" href=\"https:\/\/kohenavocats.com\/ru\/tribunal-judiciaire-de-libourne-le-3-octobre-2025-n24-00943\/\" \/>\n<meta property=\"og:locale\" content=\"ru_RU\" \/>\n<meta property=\"og:type\" content=\"article\" \/>\n<meta property=\"og:title\" content=\"Tribunal judiciaire de Libourne, le 3 octobre 2025, n\u00b024\/00943\" \/>\n<meta property=\"og:description\" content=\"Le tribunal judiciaire, statuant le 3 octobre 2025, a \u00e9t\u00e9 saisi d&#039;une action en garantie des vices cach\u00e9s et en responsabilit\u00e9 d\u00e9cennale suite \u00e0 la vente d&#039;u...\" \/>\n<meta property=\"og:url\" content=\"https:\/\/kohenavocats.com\/ru\/tribunal-judiciaire-de-libourne-le-3-octobre-2025-n24-00943\/\" \/>\n<meta property=\"og:site_name\" content=\"Ma\u00eetre Hassan Kohen, avocat en droit p\u00e9nal \u00e0 Paris\" \/>\n<meta property=\"article:published_time\" content=\"2026-04-22T10:22:55+00:00\" \/>\n<meta property=\"og:image\" content=\"https:\/\/kohenavocats.com\/wp-content\/uploads\/2024\/08\/dmitrii-eliuseev-4Sv_AnXrGnQ-unsplash.webp\" \/>\n\t<meta property=\"og:image:width\" content=\"5120\" \/>\n\t<meta property=\"og:image:height\" content=\"4529\" \/>\n\t<meta property=\"og:image:type\" content=\"image\/webp\" \/>\n<meta name=\"author\" content=\"Kohen\" \/>\n<meta name=\"twitter:card\" content=\"summary_large_image\" \/>\n<meta name=\"twitter:label1\" content=\"\u041d\u0430\u043f\u0438\u0441\u0430\u043d\u043e \u0430\u0432\u0442\u043e\u0440\u043e\u043c\" \/>\n\t<meta name=\"twitter:data1\" content=\"Kohen\" \/>\n\t<meta name=\"twitter:label2\" content=\"\u041f\u0440\u0438\u043c\u0435\u0440\u043d\u043e\u0435 \u0432\u0440\u0435\u043c\u044f \u0434\u043b\u044f \u0447\u0442\u0435\u043d\u0438\u044f\" \/>\n\t<meta name=\"twitter:data2\" content=\"4 \u043c\u0438\u043d\u0443\u0442\u044b\" \/>\n<script type=\"application\/ld+json\" class=\"yoast-schema-graph\">{\"@context\":\"https:\\\/\\\/schema.org\",\"@graph\":[{\"@type\":\"Article\",\"@id\":\"https:\\\/\\\/kohenavocats.com\\\/ru\\\/tribunal-judiciaire-de-libourne-le-3-octobre-2025-n24-00943\\\/#article\",\"isPartOf\":{\"@id\":\"https:\\\/\\\/kohenavocats.com\\\/ru\\\/tribunal-judiciaire-de-libourne-le-3-octobre-2025-n24-00943\\\/\"},\"author\":{\"name\":\"Kohen\",\"@id\":\"https:\\\/\\\/kohenavocats.com\\\/ru\\\/#\\\/schema\\\/person\\\/761c9ba54fa1ca84d405cef0831ff751\"},\"headline\":\"Tribunal judiciaire de Libourne, le 3 octobre 2025, n\u00b024\\\/00943\",\"datePublished\":\"2026-04-22T10:22:55+00:00\",\"mainEntityOfPage\":{\"@id\":\"https:\\\/\\\/kohenavocats.com\\\/ru\\\/tribunal-judiciaire-de-libourne-le-3-octobre-2025-n24-00943\\\/\"},\"wordCount\":783,\"commentCount\":0,\"publisher\":{\"@id\":\"https:\\\/\\\/kohenavocats.com\\\/ru\\\/#organization\"},\"image\":{\"@id\":\"https:\\\/\\\/kohenavocats.com\\\/ru\\\/tribunal-judiciaire-de-libourne-le-3-octobre-2025-n24-00943\\\/#primaryimage\"},\"thumbnailUrl\":\"https:\\\/\\\/kohenavocats.com\\\/wp-content\\\/uploads\\\/2024\\\/08\\\/dmitrii-eliuseev-4Sv_AnXrGnQ-unsplash.webp\",\"articleSection\":[\"Jurisprudence\"],\"inLanguage\":\"ru-RU\",\"potentialAction\":[{\"@type\":\"CommentAction\",\"name\":\"Comment\",\"target\":[\"https:\\\/\\\/kohenavocats.com\\\/ru\\\/tribunal-judiciaire-de-libourne-le-3-octobre-2025-n24-00943\\\/#respond\"]}],\"citation\":\"Tribunal judiciaire de Libourne, le 3 octobre 2025, n\u00b024\\\/00943\",\"about\":[{\"@type\":\"Thing\",\"name\":\"Jurisprudence\"}],\"dateModified\":\"2026-04-22T10:22:55+00:00\",\"speakable\":{\"@type\":\"SpeakableSpecification\",\"cssSelector\":[\".article-content > p:first-of-type\"]}},{\"@type\":\"WebPage\",\"@id\":\"https:\\\/\\\/kohenavocats.com\\\/ru\\\/tribunal-judiciaire-de-libourne-le-3-octobre-2025-n24-00943\\\/\",\"url\":\"https:\\\/\\\/kohenavocats.com\\\/ru\\\/tribunal-judiciaire-de-libourne-le-3-octobre-2025-n24-00943\\\/\",\"name\":\"Tribunal judiciaire de Libourne, le 3 octobre 2025, n\u00b024\\\/00943 - Ma\u00eetre Hassan Kohen, avocat en droit p\u00e9nal \u00e0 Paris\",\"isPartOf\":{\"@id\":\"https:\\\/\\\/kohenavocats.com\\\/ru\\\/#website\"},\"primaryImageOfPage\":{\"@id\":\"https:\\\/\\\/kohenavocats.com\\\/ru\\\/tribunal-judiciaire-de-libourne-le-3-octobre-2025-n24-00943\\\/#primaryimage\"},\"image\":{\"@id\":\"https:\\\/\\\/kohenavocats.com\\\/ru\\\/tribunal-judiciaire-de-libourne-le-3-octobre-2025-n24-00943\\\/#primaryimage\"},\"thumbnailUrl\":\"https:\\\/\\\/kohenavocats.com\\\/wp-content\\\/uploads\\\/2024\\\/08\\\/dmitrii-eliuseev-4Sv_AnXrGnQ-unsplash.webp\",\"datePublished\":\"2026-04-22T10:22:55+00:00\",\"description\":\"Le tribunal judiciaire, statuant le 3 octobre 2025, a \u00e9t\u00e9 saisi d'une action en garantie des vices cach\u00e9s et en responsabilit\u00e9 d\u00e9cennale suite \u00e0 la vente d'u...\",\"breadcrumb\":{\"@id\":\"https:\\\/\\\/kohenavocats.com\\\/ru\\\/tribunal-judiciaire-de-libourne-le-3-octobre-2025-n24-00943\\\/#breadcrumb\"},\"inLanguage\":\"ru-RU\",\"potentialAction\":[{\"@type\":\"ReadAction\",\"target\":[\"https:\\\/\\\/kohenavocats.com\\\/ru\\\/tribunal-judiciaire-de-libourne-le-3-octobre-2025-n24-00943\\\/\"]}]},{\"@type\":\"ImageObject\",\"inLanguage\":\"ru-RU\",\"@id\":\"https:\\\/\\\/kohenavocats.com\\\/ru\\\/tribunal-judiciaire-de-libourne-le-3-octobre-2025-n24-00943\\\/#primaryimage\",\"url\":\"https:\\\/\\\/kohenavocats.com\\\/wp-content\\\/uploads\\\/2024\\\/08\\\/dmitrii-eliuseev-4Sv_AnXrGnQ-unsplash.webp\",\"contentUrl\":\"https:\\\/\\\/kohenavocats.com\\\/wp-content\\\/uploads\\\/2024\\\/08\\\/dmitrii-eliuseev-4Sv_AnXrGnQ-unsplash.webp\",\"width\":5120,\"height\":4529},{\"@type\":\"BreadcrumbList\",\"@id\":\"https:\\\/\\\/kohenavocats.com\\\/ru\\\/tribunal-judiciaire-de-libourne-le-3-octobre-2025-n24-00943\\\/#breadcrumb\",\"itemListElement\":[{\"@type\":\"ListItem\",\"position\":1,\"name\":\"Home\",\"item\":\"https:\\\/\\\/kohenavocats.com\\\/ru\\\/avocats-en-droit-penal-a-paris-conseil-et-defense-strategique\\\/\"},{\"@type\":\"ListItem\",\"position\":2,\"name\":\"Tribunal judiciaire de Libourne, le 3 octobre 2025, n\u00b024\\\/00943\"}]},{\"@type\":\"WebSite\",\"@id\":\"https:\\\/\\\/kohenavocats.com\\\/ru\\\/#website\",\"url\":\"https:\\\/\\\/kohenavocats.com\\\/ru\\\/\",\"name\":\"Kohen Avocats\",\"description\":\"Ma\u00eetre Hassan Kohen, avocat p\u00e9naliste \u00e0 Paris, intervient exclusivement en droit p\u00e9nal pour la d\u00e9fense des particuliers, notamment en mati\u00e8re d\u2019accusations de viol. Il assure un accompagnement rigoureux d\u00e8s la garde \u00e0 vue jusqu\u2019\u00e0 la Cour d\u2019assises, veillant au strict respect des garanties proc\u00e9durales.\",\"publisher\":{\"@id\":\"https:\\\/\\\/kohenavocats.com\\\/ru\\\/#organization\"},\"potentialAction\":[{\"@type\":\"SearchAction\",\"target\":{\"@type\":\"EntryPoint\",\"urlTemplate\":\"https:\\\/\\\/kohenavocats.com\\\/ru\\\/?s={search_term_string}\"},\"query-input\":{\"@type\":\"PropertyValueSpecification\",\"valueRequired\":true,\"valueName\":\"search_term_string\"}}],\"inLanguage\":\"ru-RU\"},{\"@type\":\"Organization\",\"@id\":\"https:\\\/\\\/kohenavocats.com\\\/ru\\\/#organization\",\"name\":\"Kohen Avocats\",\"url\":\"https:\\\/\\\/kohenavocats.com\\\/ru\\\/\",\"logo\":{\"@type\":\"ImageObject\",\"inLanguage\":\"ru-RU\",\"@id\":\"https:\\\/\\\/kohenavocats.com\\\/ru\\\/#\\\/schema\\\/logo\\\/image\\\/\",\"url\":\"https:\\\/\\\/kohenavocats.com\\\/wp-content\\\/uploads\\\/2026\\\/01\\\/Logo-2-1.webp\",\"contentUrl\":\"https:\\\/\\\/kohenavocats.com\\\/wp-content\\\/uploads\\\/2026\\\/01\\\/Logo-2-1.webp\",\"width\":2114,\"height\":1253,\"caption\":\"Kohen Avocats\"},\"image\":{\"@id\":\"https:\\\/\\\/kohenavocats.com\\\/ru\\\/#\\\/schema\\\/logo\\\/image\\\/\"}},{\"@type\":\"Person\",\"@id\":\"https:\\\/\\\/kohenavocats.com\\\/ru\\\/#\\\/schema\\\/person\\\/761c9ba54fa1ca84d405cef0831ff751\",\"name\":\"Kohen\",\"image\":{\"@type\":\"ImageObject\",\"inLanguage\":\"ru-RU\",\"@id\":\"https:\\\/\\\/secure.gravatar.com\\\/avatar\\\/1c5e76ef76bbbfdd2b4da984e2bf2fa4056fd51a27d25ce2c332047f1dfd6e00?s=96&d=identicon&r=g\",\"url\":\"https:\\\/\\\/secure.gravatar.com\\\/avatar\\\/1c5e76ef76bbbfdd2b4da984e2bf2fa4056fd51a27d25ce2c332047f1dfd6e00?s=96&d=identicon&r=g\",\"contentUrl\":\"https:\\\/\\\/secure.gravatar.com\\\/avatar\\\/1c5e76ef76bbbfdd2b4da984e2bf2fa4056fd51a27d25ce2c332047f1dfd6e00?s=96&d=identicon&r=g\",\"caption\":\"Kohen\"},\"sameAs\":[\"https:\\\/\\\/www.linkedin.com\\\/in\\\/hassan-kohen-448548192\\\/\",\"https:\\\/\\\/www.youtube.com\\\/@Kohen-Avocats\"],\"url\":\"https:\\\/\\\/kohenavocats.com\\\/ru\\\/author\\\/kohenmlk\\\/\"}]}<\/script>\n<!-- \/ Yoast SEO Premium plugin. -->","yoast_head_json":{"title":"Tribunal judiciaire de Libourne, le 3 octobre 2025, n\u00b024\/00943 - Ma\u00eetre Hassan Kohen, avocat en droit p\u00e9nal \u00e0 Paris","description":"Le tribunal judiciaire, statuant le 3 octobre 2025, a \u00e9t\u00e9 saisi d'une action en garantie des vices cach\u00e9s et en responsabilit\u00e9 d\u00e9cennale suite \u00e0 la vente d'u...","robots":{"index":"index","follow":"follow","max-snippet":"max-snippet:-1","max-image-preview":"max-image-preview:large","max-video-preview":"max-video-preview:-1"},"canonical":"https:\/\/kohenavocats.com\/ru\/tribunal-judiciaire-de-libourne-le-3-octobre-2025-n24-00943\/","og_locale":"ru_RU","og_type":"article","og_title":"Tribunal judiciaire de Libourne, le 3 octobre 2025, n\u00b024\/00943","og_description":"Le tribunal judiciaire, statuant le 3 octobre 2025, a \u00e9t\u00e9 saisi d'une action en garantie des vices cach\u00e9s et en responsabilit\u00e9 d\u00e9cennale suite \u00e0 la vente d'u...","og_url":"https:\/\/kohenavocats.com\/ru\/tribunal-judiciaire-de-libourne-le-3-octobre-2025-n24-00943\/","og_site_name":"Ma\u00eetre Hassan Kohen, avocat en droit p\u00e9nal \u00e0 Paris","article_published_time":"2026-04-22T10:22:55+00:00","og_image":[{"width":5120,"height":4529,"url":"https:\/\/kohenavocats.com\/wp-content\/uploads\/2024\/08\/dmitrii-eliuseev-4Sv_AnXrGnQ-unsplash.webp","type":"image\/webp"}],"author":"Kohen","twitter_card":"summary_large_image","twitter_misc":{"\u041d\u0430\u043f\u0438\u0441\u0430\u043d\u043e \u0430\u0432\u0442\u043e\u0440\u043e\u043c":"Kohen","\u041f\u0440\u0438\u043c\u0435\u0440\u043d\u043e\u0435 \u0432\u0440\u0435\u043c\u044f \u0434\u043b\u044f \u0447\u0442\u0435\u043d\u0438\u044f":"4 \u043c\u0438\u043d\u0443\u0442\u044b"},"schema":{"@context":"https:\/\/schema.org","@graph":[{"@type":"Article","@id":"https:\/\/kohenavocats.com\/ru\/tribunal-judiciaire-de-libourne-le-3-octobre-2025-n24-00943\/#article","isPartOf":{"@id":"https:\/\/kohenavocats.com\/ru\/tribunal-judiciaire-de-libourne-le-3-octobre-2025-n24-00943\/"},"author":{"name":"Kohen","@id":"https:\/\/kohenavocats.com\/ru\/#\/schema\/person\/761c9ba54fa1ca84d405cef0831ff751"},"headline":"Tribunal judiciaire de Libourne, le 3 octobre 2025, n\u00b024\/00943","datePublished":"2026-04-22T10:22:55+00:00","mainEntityOfPage":{"@id":"https:\/\/kohenavocats.com\/ru\/tribunal-judiciaire-de-libourne-le-3-octobre-2025-n24-00943\/"},"wordCount":783,"commentCount":0,"publisher":{"@id":"https:\/\/kohenavocats.com\/ru\/#organization"},"image":{"@id":"https:\/\/kohenavocats.com\/ru\/tribunal-judiciaire-de-libourne-le-3-octobre-2025-n24-00943\/#primaryimage"},"thumbnailUrl":"https:\/\/kohenavocats.com\/wp-content\/uploads\/2024\/08\/dmitrii-eliuseev-4Sv_AnXrGnQ-unsplash.webp","articleSection":["Jurisprudence"],"inLanguage":"ru-RU","potentialAction":[{"@type":"CommentAction","name":"Comment","target":["https:\/\/kohenavocats.com\/ru\/tribunal-judiciaire-de-libourne-le-3-octobre-2025-n24-00943\/#respond"]}],"citation":"Tribunal judiciaire de Libourne, le 3 octobre 2025, n\u00b024\/00943","about":[{"@type":"Thing","name":"Jurisprudence"}],"dateModified":"2026-04-22T10:22:55+00:00","speakable":{"@type":"SpeakableSpecification","cssSelector":[".article-content > p:first-of-type"]}},{"@type":"WebPage","@id":"https:\/\/kohenavocats.com\/ru\/tribunal-judiciaire-de-libourne-le-3-octobre-2025-n24-00943\/","url":"https:\/\/kohenavocats.com\/ru\/tribunal-judiciaire-de-libourne-le-3-octobre-2025-n24-00943\/","name":"Tribunal judiciaire de Libourne, le 3 octobre 2025, n\u00b024\/00943 - Ma\u00eetre Hassan Kohen, avocat en droit p\u00e9nal \u00e0 Paris","isPartOf":{"@id":"https:\/\/kohenavocats.com\/ru\/#website"},"primaryImageOfPage":{"@id":"https:\/\/kohenavocats.com\/ru\/tribunal-judiciaire-de-libourne-le-3-octobre-2025-n24-00943\/#primaryimage"},"image":{"@id":"https:\/\/kohenavocats.com\/ru\/tribunal-judiciaire-de-libourne-le-3-octobre-2025-n24-00943\/#primaryimage"},"thumbnailUrl":"https:\/\/kohenavocats.com\/wp-content\/uploads\/2024\/08\/dmitrii-eliuseev-4Sv_AnXrGnQ-unsplash.webp","datePublished":"2026-04-22T10:22:55+00:00","description":"Le tribunal judiciaire, statuant le 3 octobre 2025, a \u00e9t\u00e9 saisi d'une action en garantie des vices cach\u00e9s et en responsabilit\u00e9 d\u00e9cennale suite \u00e0 la vente d'u...","breadcrumb":{"@id":"https:\/\/kohenavocats.com\/ru\/tribunal-judiciaire-de-libourne-le-3-octobre-2025-n24-00943\/#breadcrumb"},"inLanguage":"ru-RU","potentialAction":[{"@type":"ReadAction","target":["https:\/\/kohenavocats.com\/ru\/tribunal-judiciaire-de-libourne-le-3-octobre-2025-n24-00943\/"]}]},{"@type":"ImageObject","inLanguage":"ru-RU","@id":"https:\/\/kohenavocats.com\/ru\/tribunal-judiciaire-de-libourne-le-3-octobre-2025-n24-00943\/#primaryimage","url":"https:\/\/kohenavocats.com\/wp-content\/uploads\/2024\/08\/dmitrii-eliuseev-4Sv_AnXrGnQ-unsplash.webp","contentUrl":"https:\/\/kohenavocats.com\/wp-content\/uploads\/2024\/08\/dmitrii-eliuseev-4Sv_AnXrGnQ-unsplash.webp","width":5120,"height":4529},{"@type":"BreadcrumbList","@id":"https:\/\/kohenavocats.com\/ru\/tribunal-judiciaire-de-libourne-le-3-octobre-2025-n24-00943\/#breadcrumb","itemListElement":[{"@type":"ListItem","position":1,"name":"Home","item":"https:\/\/kohenavocats.com\/ru\/avocats-en-droit-penal-a-paris-conseil-et-defense-strategique\/"},{"@type":"ListItem","position":2,"name":"Tribunal judiciaire de Libourne, le 3 octobre 2025, n\u00b024\/00943"}]},{"@type":"WebSite","@id":"https:\/\/kohenavocats.com\/ru\/#website","url":"https:\/\/kohenavocats.com\/ru\/","name":"Kohen Avocats","description":"Ma\u00eetre Hassan Kohen, avocat p\u00e9naliste \u00e0 Paris, intervient exclusivement en droit p\u00e9nal pour la d\u00e9fense des particuliers, notamment en mati\u00e8re d\u2019accusations de viol. Il assure un accompagnement rigoureux d\u00e8s la garde \u00e0 vue jusqu\u2019\u00e0 la Cour d\u2019assises, veillant au strict respect des garanties proc\u00e9durales.","publisher":{"@id":"https:\/\/kohenavocats.com\/ru\/#organization"},"potentialAction":[{"@type":"SearchAction","target":{"@type":"EntryPoint","urlTemplate":"https:\/\/kohenavocats.com\/ru\/?s={search_term_string}"},"query-input":{"@type":"PropertyValueSpecification","valueRequired":true,"valueName":"search_term_string"}}],"inLanguage":"ru-RU"},{"@type":"Organization","@id":"https:\/\/kohenavocats.com\/ru\/#organization","name":"Kohen Avocats","url":"https:\/\/kohenavocats.com\/ru\/","logo":{"@type":"ImageObject","inLanguage":"ru-RU","@id":"https:\/\/kohenavocats.com\/ru\/#\/schema\/logo\/image\/","url":"https:\/\/kohenavocats.com\/wp-content\/uploads\/2026\/01\/Logo-2-1.webp","contentUrl":"https:\/\/kohenavocats.com\/wp-content\/uploads\/2026\/01\/Logo-2-1.webp","width":2114,"height":1253,"caption":"Kohen Avocats"},"image":{"@id":"https:\/\/kohenavocats.com\/ru\/#\/schema\/logo\/image\/"}},{"@type":"Person","@id":"https:\/\/kohenavocats.com\/ru\/#\/schema\/person\/761c9ba54fa1ca84d405cef0831ff751","name":"Kohen","image":{"@type":"ImageObject","inLanguage":"ru-RU","@id":"https:\/\/secure.gravatar.com\/avatar\/1c5e76ef76bbbfdd2b4da984e2bf2fa4056fd51a27d25ce2c332047f1dfd6e00?s=96&d=identicon&r=g","url":"https:\/\/secure.gravatar.com\/avatar\/1c5e76ef76bbbfdd2b4da984e2bf2fa4056fd51a27d25ce2c332047f1dfd6e00?s=96&d=identicon&r=g","contentUrl":"https:\/\/secure.gravatar.com\/avatar\/1c5e76ef76bbbfdd2b4da984e2bf2fa4056fd51a27d25ce2c332047f1dfd6e00?s=96&d=identicon&r=g","caption":"Kohen"},"sameAs":["https:\/\/www.linkedin.com\/in\/hassan-kohen-448548192\/","https:\/\/www.youtube.com\/@Kohen-Avocats"],"url":"https:\/\/kohenavocats.com\/ru\/author\/kohenmlk\/"}]}},"jetpack_featured_media_url":"https:\/\/kohenavocats.com\/wp-content\/uploads\/2024\/08\/dmitrii-eliuseev-4Sv_AnXrGnQ-unsplash.webp","jetpack_likes_enabled":false,"jetpack_shortlink":"https:\/\/wp.me\/peCrII-2Isn","jetpack-related-posts":[{"id":722797,"url":"https:\/\/kohenavocats.com\/ru\/tribunal-judiciaire-de-paris-le-5-fevrier-2026-n21-09932\/","url_meta":{"origin":647551,"position":0},"title":"Tribunal judiciaire de Paris, le 5 f\u00e9vrier 2026, n\u00b021\/09932","author":"Kohen","date":"28.04.2026","format":false,"excerpt":"Le tribunal judiciaire de Paris, dans un jugement du 5 f\u00e9vrier 2026, a rejet\u00e9 l'ensemble des demandes d'une acqu\u00e9reur contre le vendeur et le notaire. L'acqu...","rel":"","context":"\u0412 &quot;Jurisprudence&quot;","block_context":{"text":"Jurisprudence","link":"https:\/\/kohenavocats.com\/category\/jurisprudence\/"},"img":{"alt_text":"","src":"https:\/\/i0.wp.com\/kohenavocats.com\/wp-content\/uploads\/2024\/08\/anthony-choren-WU1RbgzDoAs-unsplash.webp?resize=350%2C200&ssl=1","width":350,"height":200,"srcset":"https:\/\/i0.wp.com\/kohenavocats.com\/wp-content\/uploads\/2024\/08\/anthony-choren-WU1RbgzDoAs-unsplash.webp?resize=350%2C200&ssl=1 1x, https:\/\/i0.wp.com\/kohenavocats.com\/wp-content\/uploads\/2024\/08\/anthony-choren-WU1RbgzDoAs-unsplash.webp?resize=525%2C300&ssl=1 1.5x, https:\/\/i0.wp.com\/kohenavocats.com\/wp-content\/uploads\/2024\/08\/anthony-choren-WU1RbgzDoAs-unsplash.webp?resize=700%2C400&ssl=1 2x, https:\/\/i0.wp.com\/kohenavocats.com\/wp-content\/uploads\/2024\/08\/anthony-choren-WU1RbgzDoAs-unsplash.webp?resize=1050%2C600&ssl=1 3x, https:\/\/i0.wp.com\/kohenavocats.com\/wp-content\/uploads\/2024\/08\/anthony-choren-WU1RbgzDoAs-unsplash.webp?resize=1400%2C800&ssl=1 4x"},"classes":[]},{"id":763082,"url":"https:\/\/kohenavocats.com\/ru\/tribunal-judiciaire-de-paris-le-13-janvier-2026-n24-02850\/","url_meta":{"origin":647551,"position":1},"title":"Tribunal judiciaire de Paris, le 13 janvier 2026, n\u00b024\/02850","author":"Kohen","date":"29.04.2026","format":false,"excerpt":"Le tribunal judiciaire de Paris, dans un jugement du 13 janvier 2026, a prononc\u00e9 la r\u00e9solution de la vente d\u2019un v\u00e9hicule d\u2019occasion pour vices cach\u00e9s. L\u2019acqu...","rel":"","context":"\u0412 &quot;Jurisprudence&quot;","block_context":{"text":"Jurisprudence","link":"https:\/\/kohenavocats.com\/category\/jurisprudence\/"},"img":{"alt_text":"","src":"https:\/\/i0.wp.com\/kohenavocats.com\/wp-content\/uploads\/2024\/08\/sara-darcaj-YzamNB_T4WQ-unsplash.webp?resize=350%2C200&ssl=1","width":350,"height":200,"srcset":"https:\/\/i0.wp.com\/kohenavocats.com\/wp-content\/uploads\/2024\/08\/sara-darcaj-YzamNB_T4WQ-unsplash.webp?resize=350%2C200&ssl=1 1x, https:\/\/i0.wp.com\/kohenavocats.com\/wp-content\/uploads\/2024\/08\/sara-darcaj-YzamNB_T4WQ-unsplash.webp?resize=525%2C300&ssl=1 1.5x, https:\/\/i0.wp.com\/kohenavocats.com\/wp-content\/uploads\/2024\/08\/sara-darcaj-YzamNB_T4WQ-unsplash.webp?resize=700%2C400&ssl=1 2x, https:\/\/i0.wp.com\/kohenavocats.com\/wp-content\/uploads\/2024\/08\/sara-darcaj-YzamNB_T4WQ-unsplash.webp?resize=1050%2C600&ssl=1 3x, https:\/\/i0.wp.com\/kohenavocats.com\/wp-content\/uploads\/2024\/08\/sara-darcaj-YzamNB_T4WQ-unsplash.webp?resize=1400%2C800&ssl=1 4x"},"classes":[]},{"id":762671,"url":"https:\/\/kohenavocats.com\/ru\/tribunal-judiciaire-de-albi-le-13-janvier-2026-n24-01131\/","url_meta":{"origin":647551,"position":2},"title":"Tribunal judiciaire de Albi, le 13 janvier 2026, n\u00b024\/01131","author":"Kohen","date":"29.04.2026","format":false,"excerpt":"Le tribunal judiciaire d'Albi, dans un jugement du 13 janvier 2026, a prononc\u00e9 la r\u00e9solution de la vente d'un v\u00e9hicule de collection pour vices cach\u00e9s. Un ac...","rel":"","context":"\u0412 &quot;Jurisprudence&quot;","block_context":{"text":"Jurisprudence","link":"https:\/\/kohenavocats.com\/category\/jurisprudence\/"},"img":{"alt_text":"","src":"https:\/\/i0.wp.com\/kohenavocats.com\/wp-content\/uploads\/2024\/07\/annie-spratt-GWCvnsMtiBg-unsplash.webp?resize=350%2C200&ssl=1","width":350,"height":200,"srcset":"https:\/\/i0.wp.com\/kohenavocats.com\/wp-content\/uploads\/2024\/07\/annie-spratt-GWCvnsMtiBg-unsplash.webp?resize=350%2C200&ssl=1 1x, https:\/\/i0.wp.com\/kohenavocats.com\/wp-content\/uploads\/2024\/07\/annie-spratt-GWCvnsMtiBg-unsplash.webp?resize=525%2C300&ssl=1 1.5x, https:\/\/i0.wp.com\/kohenavocats.com\/wp-content\/uploads\/2024\/07\/annie-spratt-GWCvnsMtiBg-unsplash.webp?resize=700%2C400&ssl=1 2x, https:\/\/i0.wp.com\/kohenavocats.com\/wp-content\/uploads\/2024\/07\/annie-spratt-GWCvnsMtiBg-unsplash.webp?resize=1050%2C600&ssl=1 3x, https:\/\/i0.wp.com\/kohenavocats.com\/wp-content\/uploads\/2024\/07\/annie-spratt-GWCvnsMtiBg-unsplash.webp?resize=1400%2C800&ssl=1 4x"},"classes":[]},{"id":794086,"url":"https:\/\/kohenavocats.com\/ru\/tribunal-judiciaire-de-pau-le-11-decembre-2025-n25-00529\/","url_meta":{"origin":647551,"position":3},"title":"Tribunal judiciaire de Pau, le 11 d\u00e9cembre 2025, n\u00b025\/00529","author":"Kohen","date":"01.05.2026","format":false,"excerpt":"Le tribunal judiciaire de la ville site des Halles, dans un jugement rendu le 11 d\u00e9cembre 2025, a prononc\u00e9 la r\u00e9solution de la vente d\u2019un v\u00e9hicule d\u2019occasion...","rel":"","context":"\u0412 &quot;Jurisprudence&quot;","block_context":{"text":"Jurisprudence","link":"https:\/\/kohenavocats.com\/category\/jurisprudence\/"},"img":{"alt_text":"","src":"https:\/\/i0.wp.com\/kohenavocats.com\/wp-content\/uploads\/2024\/11\/isidore-decamon-3M58ebH7qxc-unsplash.webp?resize=350%2C200&ssl=1","width":350,"height":200,"srcset":"https:\/\/i0.wp.com\/kohenavocats.com\/wp-content\/uploads\/2024\/11\/isidore-decamon-3M58ebH7qxc-unsplash.webp?resize=350%2C200&ssl=1 1x, https:\/\/i0.wp.com\/kohenavocats.com\/wp-content\/uploads\/2024\/11\/isidore-decamon-3M58ebH7qxc-unsplash.webp?resize=525%2C300&ssl=1 1.5x, https:\/\/i0.wp.com\/kohenavocats.com\/wp-content\/uploads\/2024\/11\/isidore-decamon-3M58ebH7qxc-unsplash.webp?resize=700%2C400&ssl=1 2x, https:\/\/i0.wp.com\/kohenavocats.com\/wp-content\/uploads\/2024\/11\/isidore-decamon-3M58ebH7qxc-unsplash.webp?resize=1050%2C600&ssl=1 3x, https:\/\/i0.wp.com\/kohenavocats.com\/wp-content\/uploads\/2024\/11\/isidore-decamon-3M58ebH7qxc-unsplash.webp?resize=1400%2C800&ssl=1 4x"},"classes":[]},{"id":762497,"url":"https:\/\/kohenavocats.com\/ru\/tribunal-judiciaire-de-versailles-le-13-janvier-2026-n25-00714\/","url_meta":{"origin":647551,"position":4},"title":"Tribunal judiciaire de Versailles, le 13 janvier 2026, n\u00b025\/00714","author":"Kohen","date":"29.04.2026","format":false,"excerpt":"Le tribunal de proximit\u00e9 de Mantes la Jolie a rendu un jugement r\u00e9put\u00e9 contradictoire le 13 janvier 2026. Un particulier avait acquis un v\u00e9hicule d'occasion ...","rel":"","context":"\u0412 &quot;Jurisprudence&quot;","block_context":{"text":"Jurisprudence","link":"https:\/\/kohenavocats.com\/category\/jurisprudence\/"},"img":{"alt_text":"","src":"https:\/\/i0.wp.com\/kohenavocats.com\/wp-content\/uploads\/2024\/11\/n-c-gNefKC_WWXM-unsplash.webp?resize=350%2C200&ssl=1","width":350,"height":200,"srcset":"https:\/\/i0.wp.com\/kohenavocats.com\/wp-content\/uploads\/2024\/11\/n-c-gNefKC_WWXM-unsplash.webp?resize=350%2C200&ssl=1 1x, https:\/\/i0.wp.com\/kohenavocats.com\/wp-content\/uploads\/2024\/11\/n-c-gNefKC_WWXM-unsplash.webp?resize=525%2C300&ssl=1 1.5x, https:\/\/i0.wp.com\/kohenavocats.com\/wp-content\/uploads\/2024\/11\/n-c-gNefKC_WWXM-unsplash.webp?resize=700%2C400&ssl=1 2x, https:\/\/i0.wp.com\/kohenavocats.com\/wp-content\/uploads\/2024\/11\/n-c-gNefKC_WWXM-unsplash.webp?resize=1050%2C600&ssl=1 3x, https:\/\/i0.wp.com\/kohenavocats.com\/wp-content\/uploads\/2024\/11\/n-c-gNefKC_WWXM-unsplash.webp?resize=1400%2C800&ssl=1 4x"},"classes":[]},{"id":785567,"url":"https:\/\/kohenavocats.com\/ru\/tribunal-judiciaire-de-tarbes-le-17-decembre-2025-n25-01425\/","url_meta":{"origin":647551,"position":5},"title":"Tribunal judiciaire de Tarbes, le 17 d\u00e9cembre 2025, n\u00b025\/01425","author":"Kohen","date":"30.04.2026","format":false,"excerpt":"Le tribunal judiciaire de Tarbes, dans un jugement rendu le 17 d\u00e9cembre 2025, a prononc\u00e9 la r\u00e9solution d'une vente automobile pour vices cach\u00e9s. Un...","rel":"","context":"\u0412 &quot;D\u00e9cisions juridiques&quot;","block_context":{"text":"D\u00e9cisions juridiques","link":"https:\/\/kohenavocats.com\/category\/decisions-juridiques\/"},"img":{"alt_text":"","src":"https:\/\/i0.wp.com\/kohenavocats.com\/wp-content\/uploads\/2024\/08\/pascal-bernardon-bUC0D8FFwAA-unsplash.webp?resize=350%2C200&ssl=1","width":350,"height":200,"srcset":"https:\/\/i0.wp.com\/kohenavocats.com\/wp-content\/uploads\/2024\/08\/pascal-bernardon-bUC0D8FFwAA-unsplash.webp?resize=350%2C200&ssl=1 1x, https:\/\/i0.wp.com\/kohenavocats.com\/wp-content\/uploads\/2024\/08\/pascal-bernardon-bUC0D8FFwAA-unsplash.webp?resize=525%2C300&ssl=1 1.5x, https:\/\/i0.wp.com\/kohenavocats.com\/wp-content\/uploads\/2024\/08\/pascal-bernardon-bUC0D8FFwAA-unsplash.webp?resize=700%2C400&ssl=1 2x, https:\/\/i0.wp.com\/kohenavocats.com\/wp-content\/uploads\/2024\/08\/pascal-bernardon-bUC0D8FFwAA-unsplash.webp?resize=1050%2C600&ssl=1 3x, https:\/\/i0.wp.com\/kohenavocats.com\/wp-content\/uploads\/2024\/08\/pascal-bernardon-bUC0D8FFwAA-unsplash.webp?resize=1400%2C800&ssl=1 4x"},"classes":[]}],"jetpack_sharing_enabled":true,"_links":{"self":[{"href":"https:\/\/kohenavocats.com\/ru\/wp-json\/wp\/v2\/posts\/647551","targetHints":{"allow":["GET"]}}],"collection":[{"href":"https:\/\/kohenavocats.com\/ru\/wp-json\/wp\/v2\/posts"}],"about":[{"href":"https:\/\/kohenavocats.com\/ru\/wp-json\/wp\/v2\/types\/post"}],"author":[{"embeddable":true,"href":"https:\/\/kohenavocats.com\/ru\/wp-json\/wp\/v2\/users\/232070755"}],"replies":[{"embeddable":true,"href":"https:\/\/kohenavocats.com\/ru\/wp-json\/wp\/v2\/comments?post=647551"}],"version-history":[{"count":0,"href":"https:\/\/kohenavocats.com\/ru\/wp-json\/wp\/v2\/posts\/647551\/revisions"}],"wp:featuredmedia":[{"embeddable":true,"href":"https:\/\/kohenavocats.com\/ru\/wp-json\/wp\/v2\/media\/4907"}],"wp:attachment":[{"href":"https:\/\/kohenavocats.com\/ru\/wp-json\/wp\/v2\/media?parent=647551"}],"wp:term":[{"taxonomy":"category","embeddable":true,"href":"https:\/\/kohenavocats.com\/ru\/wp-json\/wp\/v2\/categories?post=647551"},{"taxonomy":"post_tag","embeddable":true,"href":"https:\/\/kohenavocats.com\/ru\/wp-json\/wp\/v2\/tags?post=647551"}],"curies":[{"name":"wp","href":"https:\/\/api.w.org\/{rel}","templated":true}]}}