{"id":650359,"date":"2026-04-22T18:29:37","date_gmt":"2026-04-22T16:29:37","guid":{"rendered":"https:\/\/kohenavocats.com\/tribunal-judiciaire-de-lyon-le-19-septembre-2024-n22-05832\/"},"modified":"2026-04-22T18:29:37","modified_gmt":"2026-04-22T16:29:37","slug":"tribunal-judiciaire-de-lyon-le-19-septembre-2024-n22-05832","status":"publish","type":"post","link":"https:\/\/kohenavocats.com\/ru\/tribunal-judiciaire-de-lyon-le-19-septembre-2024-n22-05832\/","title":{"rendered":"Tribunal judiciaire de Lyon, le 19 septembre 2024, n\u00b022\/05832"},"content":{"rendered":"<div class=\"article-content\">\n<p>Le tribunal judiciaire de Lyon, statuant par son juge de la mise en \u00e9tat, a rendu une ordonnance le 19 septembre 2024. Cette d\u00e9cision intervient dans un litige relatif \u00e0 des d\u00e9sordres affectant un bien immobilier suite \u00e0 des travaux. Les requ\u00e9rants sollicitaient la d\u00e9signation d&#8217;un expert judiciaire. Le juge a ordonn\u00e9 l&#8217;expertise tout en en limitant strictement l&#8217;objet et en d\u00e9finissant avec pr\u00e9cision la mission confi\u00e9e au technicien.<\/p>\n<p>La d\u00e9limitation rigoureuse de l&#8217;objet de la mesure d&#8217;instruction<\/p>\n<p>Le juge encadre strictement l&#8217;expertise en \u00e9cartant certains points de la demande. Il rappelle le principe selon lequel une mesure d&#8217;instruction ne peut pallier une carence dans l&#8217;administration de la preuve. &#171;En aucun cas une mesure d&#8217;instruction ne peut \u00eatre ordonn\u00e9e en vue de suppl\u00e9er la carence de la partie dans l&#8217;administration de la preuve&#187; (article 146 du code de proc\u00e9dure civile). En l&#8217;esp\u00e8ce, il estime que les pi\u00e8ces produites suffisent \u00e0 \u00e9tablir la vraisemblance des d\u00e9sordres all\u00e9gu\u00e9s, justifiant ainsi l&#8217;expertise.<\/p>\n<p>Toutefois, il exclut explicitement un aspect de la demande des requ\u00e9rants. Le juge estime que le point concern\u00e9 &#171;ne constitue pas un d\u00e9sordre affectant le bien immeuble&#187; mais rel\u00e8ve de l&#8217;appr\u00e9ciation juridique du tribunal. Cette exclusion illustre la distinction fondamentale entre les questions de fait, qui peuvent \u00eatre \u00e9clair\u00e9es par un expert, et les questions de droit, r\u00e9serv\u00e9es au juge. Elle pr\u00e9serve ainsi la nature purement technique et factuelle de la mission d&#8217;expertise judiciaire.<\/p>\n<p>La d\u00e9finition pr\u00e9cise d&#8217;une mission technique et circonscrite<\/p>\n<p>Le juge construit une mission d\u00e9taill\u00e9e \u00e9vitant les chevauchements et les g\u00e9n\u00e9ralit\u00e9s. Il rejette l&#8217;argument des d\u00e9fendeurs concernant un volet sp\u00e9cifique de la mission sollicit\u00e9e. Le juge consid\u00e8re que les questions soulev\u00e9es seront n\u00e9cessairement trait\u00e9es dans le cadre des autres volets impartis \u00e0 l&#8217;expert. L&#8217;examen ne sera &#171;pas g\u00e9n\u00e9ral mais circonscrit aux d\u00e9sordres objet de l&#8217;expertise ordonn\u00e9e&#187;.<\/p>\n<p>La mission, extr\u00eamement d\u00e9taill\u00e9e dans le dispositif, guide l&#8217;expert vers une analyse purement factuelle et technique. Elle vise \u00e0 v\u00e9rifier l&#8217;existence des d\u00e9sordres, en rechercher les causes et \u00e9valuer les responsabilit\u00e9s techniques. Cette pr\u00e9cision a pour valeur de cadrer strictement le travail de l&#8217;expert et d&#8217;\u00e9viter tout empi\u00e8tement sur la fonction juridictionnelle. Elle garantit que le rapport fournira des \u00e9l\u00e9ments utiles et neutres pour le jugement du fond, sans pr\u00e9juger des qualifications juridiques.<\/p>\n<p>Cette ordonnance rappelle avec fermet\u00e9 les principes gouvernant les mesures d&#8217;instruction. Elle affirme la comp\u00e9tence exclusive du juge de la mise en \u00e9tat pour ordonner de telles mesures avant son dessaisissement. En d\u00e9limitant scrupuleusement l&#8217;objet de l&#8217;expertise, elle en pr\u00e9serve le caract\u00e8re strictement technique. La mission, d\u00e9finie avec un grand degr\u00e9 de pr\u00e9cision, sert de garde-fou contre les d\u00e9rives et assure son utilit\u00e9 proc\u00e9durale. Cette d\u00e9cision constitue ainsi un mod\u00e8le de rigueur dans la direction de l&#8217;instruction des dossiers techniques complexes.<\/p>\n<\/div>\n","protected":false},"excerpt":{"rendered":"<p>Le tribunal judiciaire de Lyon, statuant par son juge de la mise en \u00e9tat, a rendu une ordonnance le 19 septembre 2024. Cette d\u00e9cision intervient dans un liti&#8230;<\/p>\n","protected":false},"author":232070755,"featured_media":4896,"comment_status":"open","ping_status":"open","sticky":false,"template":"","format":"standard","meta":{"_crdt_document":"","_jetpack_newsletter_access":"","_jetpack_dont_email_post_to_subs":false,"_jetpack_newsletter_tier_id":0,"_jetpack_memberships_contains_paywalled_content":false,"_kj_source_type":"","_kj_official_id":"","_kj_official_url":"","_kj_judilibre_id":"","_kj_jur":"","_kj_lieu":"","_kj_chambre":"","_kj_rg":"","_kj_date":"","_jetpack_memberships_contains_paid_content":false,"footnotes":"","jetpack_post_was_ever_published":false},"categories":[7597],"tags":[],"class_list":["post-650359","post","type-post","status-publish","format-standard","has-post-thumbnail","hentry","category-jurisprudence"],"yoast_head":"<!-- This site is optimized with the Yoast SEO Premium plugin v27.4 (Yoast SEO v27.4) - https:\/\/yoast.com\/product\/yoast-seo-premium-wordpress\/ -->\n<title>Tribunal judiciaire de Lyon, le 19 septembre 2024, n\u00b022\/05832 - Ma\u00eetre Hassan Kohen, avocat en droit p\u00e9nal \u00e0 Paris<\/title>\n<meta name=\"description\" content=\"Le tribunal judiciaire de Lyon, statuant par son juge de la mise en \u00e9tat, a rendu une ordonnance le 19 septembre 2024. Cette d\u00e9cision intervient dans un liti...\" \/>\n<meta name=\"robots\" content=\"index, follow, max-snippet:-1, max-image-preview:large, max-video-preview:-1\" \/>\n<link rel=\"canonical\" href=\"https:\/\/kohenavocats.com\/ru\/tribunal-judiciaire-de-lyon-le-19-septembre-2024-n22-05832\/\" \/>\n<meta property=\"og:locale\" content=\"ru_RU\" \/>\n<meta property=\"og:type\" content=\"article\" \/>\n<meta property=\"og:title\" content=\"Tribunal judiciaire de Lyon, le 19 septembre 2024, n\u00b022\/05832\" \/>\n<meta property=\"og:description\" content=\"Le tribunal judiciaire de Lyon, statuant par son juge de la mise en \u00e9tat, a rendu une ordonnance le 19 septembre 2024. Cette d\u00e9cision intervient dans un liti...\" \/>\n<meta property=\"og:url\" content=\"https:\/\/kohenavocats.com\/ru\/tribunal-judiciaire-de-lyon-le-19-septembre-2024-n22-05832\/\" \/>\n<meta property=\"og:site_name\" content=\"Ma\u00eetre Hassan Kohen, avocat en droit p\u00e9nal \u00e0 Paris\" \/>\n<meta property=\"article:published_time\" content=\"2026-04-22T16:29:37+00:00\" \/>\n<meta property=\"og:image\" content=\"https:\/\/kohenavocats.com\/wp-content\/uploads\/2024\/08\/stephanie-leblanc-B0sAjqnp1Q8-unsplash.webp\" \/>\n\t<meta property=\"og:image:width\" content=\"5832\" \/>\n\t<meta property=\"og:image:height\" content=\"3888\" \/>\n\t<meta property=\"og:image:type\" content=\"image\/webp\" \/>\n<meta name=\"author\" content=\"Kohen\" \/>\n<meta name=\"twitter:card\" content=\"summary_large_image\" \/>\n<meta name=\"twitter:label1\" content=\"\u041d\u0430\u043f\u0438\u0441\u0430\u043d\u043e \u0430\u0432\u0442\u043e\u0440\u043e\u043c\" \/>\n\t<meta name=\"twitter:data1\" content=\"Kohen\" \/>\n\t<meta name=\"twitter:label2\" content=\"\u041f\u0440\u0438\u043c\u0435\u0440\u043d\u043e\u0435 \u0432\u0440\u0435\u043c\u044f \u0434\u043b\u044f \u0447\u0442\u0435\u043d\u0438\u044f\" \/>\n\t<meta name=\"twitter:data2\" content=\"3 \u043c\u0438\u043d\u0443\u0442\u044b\" \/>\n<script type=\"application\/ld+json\" class=\"yoast-schema-graph\">{\"@context\":\"https:\\\/\\\/schema.org\",\"@graph\":[{\"@type\":\"Article\",\"@id\":\"https:\\\/\\\/kohenavocats.com\\\/ru\\\/tribunal-judiciaire-de-lyon-le-19-septembre-2024-n22-05832\\\/#article\",\"isPartOf\":{\"@id\":\"https:\\\/\\\/kohenavocats.com\\\/ru\\\/tribunal-judiciaire-de-lyon-le-19-septembre-2024-n22-05832\\\/\"},\"author\":{\"name\":\"Kohen\",\"@id\":\"https:\\\/\\\/kohenavocats.com\\\/ru\\\/#\\\/schema\\\/person\\\/761c9ba54fa1ca84d405cef0831ff751\"},\"headline\":\"Tribunal judiciaire de Lyon, le 19 septembre 2024, n\u00b022\\\/05832\",\"datePublished\":\"2026-04-22T16:29:37+00:00\",\"mainEntityOfPage\":{\"@id\":\"https:\\\/\\\/kohenavocats.com\\\/ru\\\/tribunal-judiciaire-de-lyon-le-19-septembre-2024-n22-05832\\\/\"},\"wordCount\":540,\"commentCount\":0,\"publisher\":{\"@id\":\"https:\\\/\\\/kohenavocats.com\\\/ru\\\/#organization\"},\"image\":{\"@id\":\"https:\\\/\\\/kohenavocats.com\\\/ru\\\/tribunal-judiciaire-de-lyon-le-19-septembre-2024-n22-05832\\\/#primaryimage\"},\"thumbnailUrl\":\"https:\\\/\\\/kohenavocats.com\\\/wp-content\\\/uploads\\\/2024\\\/08\\\/stephanie-leblanc-B0sAjqnp1Q8-unsplash.webp\",\"articleSection\":[\"Jurisprudence\"],\"inLanguage\":\"ru-RU\",\"potentialAction\":[{\"@type\":\"CommentAction\",\"name\":\"Comment\",\"target\":[\"https:\\\/\\\/kohenavocats.com\\\/ru\\\/tribunal-judiciaire-de-lyon-le-19-septembre-2024-n22-05832\\\/#respond\"]}],\"citation\":\"Tribunal judiciaire de Lyon, le 19 septembre 2024, n\u00b022\\\/05832\",\"about\":[{\"@type\":\"Thing\",\"name\":\"Jurisprudence\"}],\"dateModified\":\"2026-04-22T16:29:37+00:00\",\"speakable\":{\"@type\":\"SpeakableSpecification\",\"cssSelector\":[\".article-content > p:first-of-type\"]}},{\"@type\":\"WebPage\",\"@id\":\"https:\\\/\\\/kohenavocats.com\\\/ru\\\/tribunal-judiciaire-de-lyon-le-19-septembre-2024-n22-05832\\\/\",\"url\":\"https:\\\/\\\/kohenavocats.com\\\/ru\\\/tribunal-judiciaire-de-lyon-le-19-septembre-2024-n22-05832\\\/\",\"name\":\"Tribunal judiciaire de Lyon, le 19 septembre 2024, n\u00b022\\\/05832 - Ma\u00eetre Hassan Kohen, avocat en droit p\u00e9nal \u00e0 Paris\",\"isPartOf\":{\"@id\":\"https:\\\/\\\/kohenavocats.com\\\/ru\\\/#website\"},\"primaryImageOfPage\":{\"@id\":\"https:\\\/\\\/kohenavocats.com\\\/ru\\\/tribunal-judiciaire-de-lyon-le-19-septembre-2024-n22-05832\\\/#primaryimage\"},\"image\":{\"@id\":\"https:\\\/\\\/kohenavocats.com\\\/ru\\\/tribunal-judiciaire-de-lyon-le-19-septembre-2024-n22-05832\\\/#primaryimage\"},\"thumbnailUrl\":\"https:\\\/\\\/kohenavocats.com\\\/wp-content\\\/uploads\\\/2024\\\/08\\\/stephanie-leblanc-B0sAjqnp1Q8-unsplash.webp\",\"datePublished\":\"2026-04-22T16:29:37+00:00\",\"description\":\"Le tribunal judiciaire de Lyon, statuant par son juge de la mise en \u00e9tat, a rendu une ordonnance le 19 septembre 2024. Cette d\u00e9cision intervient dans un liti...\",\"breadcrumb\":{\"@id\":\"https:\\\/\\\/kohenavocats.com\\\/ru\\\/tribunal-judiciaire-de-lyon-le-19-septembre-2024-n22-05832\\\/#breadcrumb\"},\"inLanguage\":\"ru-RU\",\"potentialAction\":[{\"@type\":\"ReadAction\",\"target\":[\"https:\\\/\\\/kohenavocats.com\\\/ru\\\/tribunal-judiciaire-de-lyon-le-19-septembre-2024-n22-05832\\\/\"]}]},{\"@type\":\"ImageObject\",\"inLanguage\":\"ru-RU\",\"@id\":\"https:\\\/\\\/kohenavocats.com\\\/ru\\\/tribunal-judiciaire-de-lyon-le-19-septembre-2024-n22-05832\\\/#primaryimage\",\"url\":\"https:\\\/\\\/kohenavocats.com\\\/wp-content\\\/uploads\\\/2024\\\/08\\\/stephanie-leblanc-B0sAjqnp1Q8-unsplash.webp\",\"contentUrl\":\"https:\\\/\\\/kohenavocats.com\\\/wp-content\\\/uploads\\\/2024\\\/08\\\/stephanie-leblanc-B0sAjqnp1Q8-unsplash.webp\",\"width\":5832,\"height\":3888},{\"@type\":\"BreadcrumbList\",\"@id\":\"https:\\\/\\\/kohenavocats.com\\\/ru\\\/tribunal-judiciaire-de-lyon-le-19-septembre-2024-n22-05832\\\/#breadcrumb\",\"itemListElement\":[{\"@type\":\"ListItem\",\"position\":1,\"name\":\"Home\",\"item\":\"https:\\\/\\\/kohenavocats.com\\\/ru\\\/avocats-en-droit-penal-a-paris-conseil-et-defense-strategique\\\/\"},{\"@type\":\"ListItem\",\"position\":2,\"name\":\"Tribunal judiciaire de Lyon, le 19 septembre 2024, n\u00b022\\\/05832\"}]},{\"@type\":\"WebSite\",\"@id\":\"https:\\\/\\\/kohenavocats.com\\\/ru\\\/#website\",\"url\":\"https:\\\/\\\/kohenavocats.com\\\/ru\\\/\",\"name\":\"Kohen Avocats\",\"description\":\"Ma\u00eetre Hassan Kohen, avocat p\u00e9naliste \u00e0 Paris, intervient exclusivement en droit p\u00e9nal pour la d\u00e9fense des particuliers, notamment en mati\u00e8re d\u2019accusations de viol. Il assure un accompagnement rigoureux d\u00e8s la garde \u00e0 vue jusqu\u2019\u00e0 la Cour d\u2019assises, veillant au strict respect des garanties proc\u00e9durales.\",\"publisher\":{\"@id\":\"https:\\\/\\\/kohenavocats.com\\\/ru\\\/#organization\"},\"potentialAction\":[{\"@type\":\"SearchAction\",\"target\":{\"@type\":\"EntryPoint\",\"urlTemplate\":\"https:\\\/\\\/kohenavocats.com\\\/ru\\\/?s={search_term_string}\"},\"query-input\":{\"@type\":\"PropertyValueSpecification\",\"valueRequired\":true,\"valueName\":\"search_term_string\"}}],\"inLanguage\":\"ru-RU\"},{\"@type\":\"Organization\",\"@id\":\"https:\\\/\\\/kohenavocats.com\\\/ru\\\/#organization\",\"name\":\"Kohen Avocats\",\"url\":\"https:\\\/\\\/kohenavocats.com\\\/ru\\\/\",\"logo\":{\"@type\":\"ImageObject\",\"inLanguage\":\"ru-RU\",\"@id\":\"https:\\\/\\\/kohenavocats.com\\\/ru\\\/#\\\/schema\\\/logo\\\/image\\\/\",\"url\":\"https:\\\/\\\/kohenavocats.com\\\/wp-content\\\/uploads\\\/2026\\\/01\\\/Logo-2-1.webp\",\"contentUrl\":\"https:\\\/\\\/kohenavocats.com\\\/wp-content\\\/uploads\\\/2026\\\/01\\\/Logo-2-1.webp\",\"width\":2114,\"height\":1253,\"caption\":\"Kohen Avocats\"},\"image\":{\"@id\":\"https:\\\/\\\/kohenavocats.com\\\/ru\\\/#\\\/schema\\\/logo\\\/image\\\/\"}},{\"@type\":\"Person\",\"@id\":\"https:\\\/\\\/kohenavocats.com\\\/ru\\\/#\\\/schema\\\/person\\\/761c9ba54fa1ca84d405cef0831ff751\",\"name\":\"Kohen\",\"image\":{\"@type\":\"ImageObject\",\"inLanguage\":\"ru-RU\",\"@id\":\"https:\\\/\\\/secure.gravatar.com\\\/avatar\\\/1c5e76ef76bbbfdd2b4da984e2bf2fa4056fd51a27d25ce2c332047f1dfd6e00?s=96&d=identicon&r=g\",\"url\":\"https:\\\/\\\/secure.gravatar.com\\\/avatar\\\/1c5e76ef76bbbfdd2b4da984e2bf2fa4056fd51a27d25ce2c332047f1dfd6e00?s=96&d=identicon&r=g\",\"contentUrl\":\"https:\\\/\\\/secure.gravatar.com\\\/avatar\\\/1c5e76ef76bbbfdd2b4da984e2bf2fa4056fd51a27d25ce2c332047f1dfd6e00?s=96&d=identicon&r=g\",\"caption\":\"Kohen\"},\"sameAs\":[\"https:\\\/\\\/www.linkedin.com\\\/in\\\/hassan-kohen-448548192\\\/\",\"https:\\\/\\\/www.youtube.com\\\/@Kohen-Avocats\"],\"url\":\"https:\\\/\\\/kohenavocats.com\\\/ru\\\/author\\\/kohenmlk\\\/\"}]}<\/script>\n<!-- \/ Yoast SEO Premium plugin. -->","yoast_head_json":{"title":"Tribunal judiciaire de Lyon, le 19 septembre 2024, n\u00b022\/05832 - Ma\u00eetre Hassan Kohen, avocat en droit p\u00e9nal \u00e0 Paris","description":"Le tribunal judiciaire de Lyon, statuant par son juge de la mise en \u00e9tat, a rendu une ordonnance le 19 septembre 2024. Cette d\u00e9cision intervient dans un liti...","robots":{"index":"index","follow":"follow","max-snippet":"max-snippet:-1","max-image-preview":"max-image-preview:large","max-video-preview":"max-video-preview:-1"},"canonical":"https:\/\/kohenavocats.com\/ru\/tribunal-judiciaire-de-lyon-le-19-septembre-2024-n22-05832\/","og_locale":"ru_RU","og_type":"article","og_title":"Tribunal judiciaire de Lyon, le 19 septembre 2024, n\u00b022\/05832","og_description":"Le tribunal judiciaire de Lyon, statuant par son juge de la mise en \u00e9tat, a rendu une ordonnance le 19 septembre 2024. Cette d\u00e9cision intervient dans un liti...","og_url":"https:\/\/kohenavocats.com\/ru\/tribunal-judiciaire-de-lyon-le-19-septembre-2024-n22-05832\/","og_site_name":"Ma\u00eetre Hassan Kohen, avocat en droit p\u00e9nal \u00e0 Paris","article_published_time":"2026-04-22T16:29:37+00:00","og_image":[{"width":5832,"height":3888,"url":"https:\/\/kohenavocats.com\/wp-content\/uploads\/2024\/08\/stephanie-leblanc-B0sAjqnp1Q8-unsplash.webp","type":"image\/webp"}],"author":"Kohen","twitter_card":"summary_large_image","twitter_misc":{"\u041d\u0430\u043f\u0438\u0441\u0430\u043d\u043e \u0430\u0432\u0442\u043e\u0440\u043e\u043c":"Kohen","\u041f\u0440\u0438\u043c\u0435\u0440\u043d\u043e\u0435 \u0432\u0440\u0435\u043c\u044f \u0434\u043b\u044f \u0447\u0442\u0435\u043d\u0438\u044f":"3 \u043c\u0438\u043d\u0443\u0442\u044b"},"schema":{"@context":"https:\/\/schema.org","@graph":[{"@type":"Article","@id":"https:\/\/kohenavocats.com\/ru\/tribunal-judiciaire-de-lyon-le-19-septembre-2024-n22-05832\/#article","isPartOf":{"@id":"https:\/\/kohenavocats.com\/ru\/tribunal-judiciaire-de-lyon-le-19-septembre-2024-n22-05832\/"},"author":{"name":"Kohen","@id":"https:\/\/kohenavocats.com\/ru\/#\/schema\/person\/761c9ba54fa1ca84d405cef0831ff751"},"headline":"Tribunal judiciaire de Lyon, le 19 septembre 2024, n\u00b022\/05832","datePublished":"2026-04-22T16:29:37+00:00","mainEntityOfPage":{"@id":"https:\/\/kohenavocats.com\/ru\/tribunal-judiciaire-de-lyon-le-19-septembre-2024-n22-05832\/"},"wordCount":540,"commentCount":0,"publisher":{"@id":"https:\/\/kohenavocats.com\/ru\/#organization"},"image":{"@id":"https:\/\/kohenavocats.com\/ru\/tribunal-judiciaire-de-lyon-le-19-septembre-2024-n22-05832\/#primaryimage"},"thumbnailUrl":"https:\/\/kohenavocats.com\/wp-content\/uploads\/2024\/08\/stephanie-leblanc-B0sAjqnp1Q8-unsplash.webp","articleSection":["Jurisprudence"],"inLanguage":"ru-RU","potentialAction":[{"@type":"CommentAction","name":"Comment","target":["https:\/\/kohenavocats.com\/ru\/tribunal-judiciaire-de-lyon-le-19-septembre-2024-n22-05832\/#respond"]}],"citation":"Tribunal judiciaire de Lyon, le 19 septembre 2024, n\u00b022\/05832","about":[{"@type":"Thing","name":"Jurisprudence"}],"dateModified":"2026-04-22T16:29:37+00:00","speakable":{"@type":"SpeakableSpecification","cssSelector":[".article-content > p:first-of-type"]}},{"@type":"WebPage","@id":"https:\/\/kohenavocats.com\/ru\/tribunal-judiciaire-de-lyon-le-19-septembre-2024-n22-05832\/","url":"https:\/\/kohenavocats.com\/ru\/tribunal-judiciaire-de-lyon-le-19-septembre-2024-n22-05832\/","name":"Tribunal judiciaire de Lyon, le 19 septembre 2024, n\u00b022\/05832 - Ma\u00eetre Hassan Kohen, avocat en droit p\u00e9nal \u00e0 Paris","isPartOf":{"@id":"https:\/\/kohenavocats.com\/ru\/#website"},"primaryImageOfPage":{"@id":"https:\/\/kohenavocats.com\/ru\/tribunal-judiciaire-de-lyon-le-19-septembre-2024-n22-05832\/#primaryimage"},"image":{"@id":"https:\/\/kohenavocats.com\/ru\/tribunal-judiciaire-de-lyon-le-19-septembre-2024-n22-05832\/#primaryimage"},"thumbnailUrl":"https:\/\/kohenavocats.com\/wp-content\/uploads\/2024\/08\/stephanie-leblanc-B0sAjqnp1Q8-unsplash.webp","datePublished":"2026-04-22T16:29:37+00:00","description":"Le tribunal judiciaire de Lyon, statuant par son juge de la mise en \u00e9tat, a rendu une ordonnance le 19 septembre 2024. Cette d\u00e9cision intervient dans un liti...","breadcrumb":{"@id":"https:\/\/kohenavocats.com\/ru\/tribunal-judiciaire-de-lyon-le-19-septembre-2024-n22-05832\/#breadcrumb"},"inLanguage":"ru-RU","potentialAction":[{"@type":"ReadAction","target":["https:\/\/kohenavocats.com\/ru\/tribunal-judiciaire-de-lyon-le-19-septembre-2024-n22-05832\/"]}]},{"@type":"ImageObject","inLanguage":"ru-RU","@id":"https:\/\/kohenavocats.com\/ru\/tribunal-judiciaire-de-lyon-le-19-septembre-2024-n22-05832\/#primaryimage","url":"https:\/\/kohenavocats.com\/wp-content\/uploads\/2024\/08\/stephanie-leblanc-B0sAjqnp1Q8-unsplash.webp","contentUrl":"https:\/\/kohenavocats.com\/wp-content\/uploads\/2024\/08\/stephanie-leblanc-B0sAjqnp1Q8-unsplash.webp","width":5832,"height":3888},{"@type":"BreadcrumbList","@id":"https:\/\/kohenavocats.com\/ru\/tribunal-judiciaire-de-lyon-le-19-septembre-2024-n22-05832\/#breadcrumb","itemListElement":[{"@type":"ListItem","position":1,"name":"Home","item":"https:\/\/kohenavocats.com\/ru\/avocats-en-droit-penal-a-paris-conseil-et-defense-strategique\/"},{"@type":"ListItem","position":2,"name":"Tribunal judiciaire de Lyon, le 19 septembre 2024, n\u00b022\/05832"}]},{"@type":"WebSite","@id":"https:\/\/kohenavocats.com\/ru\/#website","url":"https:\/\/kohenavocats.com\/ru\/","name":"Kohen Avocats","description":"Ma\u00eetre Hassan Kohen, avocat p\u00e9naliste \u00e0 Paris, intervient exclusivement en droit p\u00e9nal pour la d\u00e9fense des particuliers, notamment en mati\u00e8re d\u2019accusations de viol. Il assure un accompagnement rigoureux d\u00e8s la garde \u00e0 vue jusqu\u2019\u00e0 la Cour d\u2019assises, veillant au strict respect des garanties proc\u00e9durales.","publisher":{"@id":"https:\/\/kohenavocats.com\/ru\/#organization"},"potentialAction":[{"@type":"SearchAction","target":{"@type":"EntryPoint","urlTemplate":"https:\/\/kohenavocats.com\/ru\/?s={search_term_string}"},"query-input":{"@type":"PropertyValueSpecification","valueRequired":true,"valueName":"search_term_string"}}],"inLanguage":"ru-RU"},{"@type":"Organization","@id":"https:\/\/kohenavocats.com\/ru\/#organization","name":"Kohen Avocats","url":"https:\/\/kohenavocats.com\/ru\/","logo":{"@type":"ImageObject","inLanguage":"ru-RU","@id":"https:\/\/kohenavocats.com\/ru\/#\/schema\/logo\/image\/","url":"https:\/\/kohenavocats.com\/wp-content\/uploads\/2026\/01\/Logo-2-1.webp","contentUrl":"https:\/\/kohenavocats.com\/wp-content\/uploads\/2026\/01\/Logo-2-1.webp","width":2114,"height":1253,"caption":"Kohen Avocats"},"image":{"@id":"https:\/\/kohenavocats.com\/ru\/#\/schema\/logo\/image\/"}},{"@type":"Person","@id":"https:\/\/kohenavocats.com\/ru\/#\/schema\/person\/761c9ba54fa1ca84d405cef0831ff751","name":"Kohen","image":{"@type":"ImageObject","inLanguage":"ru-RU","@id":"https:\/\/secure.gravatar.com\/avatar\/1c5e76ef76bbbfdd2b4da984e2bf2fa4056fd51a27d25ce2c332047f1dfd6e00?s=96&d=identicon&r=g","url":"https:\/\/secure.gravatar.com\/avatar\/1c5e76ef76bbbfdd2b4da984e2bf2fa4056fd51a27d25ce2c332047f1dfd6e00?s=96&d=identicon&r=g","contentUrl":"https:\/\/secure.gravatar.com\/avatar\/1c5e76ef76bbbfdd2b4da984e2bf2fa4056fd51a27d25ce2c332047f1dfd6e00?s=96&d=identicon&r=g","caption":"Kohen"},"sameAs":["https:\/\/www.linkedin.com\/in\/hassan-kohen-448548192\/","https:\/\/www.youtube.com\/@Kohen-Avocats"],"url":"https:\/\/kohenavocats.com\/ru\/author\/kohenmlk\/"}]}},"jetpack_featured_media_url":"https:\/\/kohenavocats.com\/wp-content\/uploads\/2024\/08\/stephanie-leblanc-B0sAjqnp1Q8-unsplash.webp","jetpack_likes_enabled":false,"jetpack_shortlink":"https:\/\/wp.me\/peCrII-2JbF","jetpack-related-posts":[{"id":422875,"url":"https:\/\/kohenavocats.com\/ru\/cour-dappel-de-lyon-le-21-novembre-2011-n09-02805\/","url_meta":{"origin":650359,"position":0},"title":"Cour d&#8217;appel de Lyon, le 21 novembre 2011, n\u00b009\/02805","author":"Kohen","date":"23.03.2026","format":false,"excerpt":"La Cour d'appel de Lyon, dans un arr\u00eat du 21 novembre 2011, statue sur les modalit\u00e9s de liquidation d\u2019une indivision post-communautaire. Les \u00e9poux, divorc\u00e9s par jugement de 1997, n\u2019ont pu proc\u00e9der au partage amiable de leurs biens. L\u2019\u00e9pouse avait initialement sollicit\u00e9 la vente par licitation d\u2019un immeuble lyonnais et la\u2026","rel":"","context":"\u0412 &quot;Cour d'appel&quot;","block_context":{"text":"Cour d'appel","link":"https:\/\/kohenavocats.com\/category\/cour-dappel\/"},"img":{"alt_text":"","src":"https:\/\/i0.wp.com\/kohenavocats.com\/wp-content\/uploads\/2024\/11\/andrej-lisakov-fLyCZtHPWjA-unsplash.webp?resize=350%2C200&ssl=1","width":350,"height":200,"srcset":"https:\/\/i0.wp.com\/kohenavocats.com\/wp-content\/uploads\/2024\/11\/andrej-lisakov-fLyCZtHPWjA-unsplash.webp?resize=350%2C200&ssl=1 1x, https:\/\/i0.wp.com\/kohenavocats.com\/wp-content\/uploads\/2024\/11\/andrej-lisakov-fLyCZtHPWjA-unsplash.webp?resize=525%2C300&ssl=1 1.5x, https:\/\/i0.wp.com\/kohenavocats.com\/wp-content\/uploads\/2024\/11\/andrej-lisakov-fLyCZtHPWjA-unsplash.webp?resize=700%2C400&ssl=1 2x, https:\/\/i0.wp.com\/kohenavocats.com\/wp-content\/uploads\/2024\/11\/andrej-lisakov-fLyCZtHPWjA-unsplash.webp?resize=1050%2C600&ssl=1 3x, https:\/\/i0.wp.com\/kohenavocats.com\/wp-content\/uploads\/2024\/11\/andrej-lisakov-fLyCZtHPWjA-unsplash.webp?resize=1400%2C800&ssl=1 4x"},"classes":[]},{"id":48935,"url":"https:\/\/kohenavocats.com\/ru\/cour-dappel-de-lyon-le-2-septembre-2025-n24-07879\/","url_meta":{"origin":650359,"position":1},"title":"Cour d&#8217;appel de Lyon, le 2 septembre 2025, n\u00b024\/07879","author":"Kohen","date":"07.11.2025","format":false,"excerpt":"La cour d'appel de Lyon, 2 septembre 2025, confirme en r\u00e9f\u00e9r\u00e9 le refus d'\u00e9tendre des op\u00e9rations d'expertise \u00e0 deux personnes initialement non appel\u00e9es. Le litige na\u00eet d\u2019un march\u00e9 de r\u00e9novation d\u2019une maison d\u2019habitation, demeur\u00e9 inachev\u00e9 et entach\u00e9 de d\u00e9sordres constat\u00e9s. Une expertise judiciaire avait \u00e9t\u00e9 ordonn\u00e9e par le tribunal judiciaire\u2026","rel":"","context":"\u0412 &quot;Cour d'appel&quot;","block_context":{"text":"Cour d'appel","link":"https:\/\/kohenavocats.com\/category\/cour-dappel\/"},"img":{"alt_text":"","src":"https:\/\/i0.wp.com\/kohenavocats.com\/wp-content\/uploads\/2024\/07\/alex-block-PdDBTrkGYLo-unsplash-2.webp?resize=350%2C200&ssl=1","width":350,"height":200,"srcset":"https:\/\/i0.wp.com\/kohenavocats.com\/wp-content\/uploads\/2024\/07\/alex-block-PdDBTrkGYLo-unsplash-2.webp?resize=350%2C200&ssl=1 1x, https:\/\/i0.wp.com\/kohenavocats.com\/wp-content\/uploads\/2024\/07\/alex-block-PdDBTrkGYLo-unsplash-2.webp?resize=525%2C300&ssl=1 1.5x, https:\/\/i0.wp.com\/kohenavocats.com\/wp-content\/uploads\/2024\/07\/alex-block-PdDBTrkGYLo-unsplash-2.webp?resize=700%2C400&ssl=1 2x, https:\/\/i0.wp.com\/kohenavocats.com\/wp-content\/uploads\/2024\/07\/alex-block-PdDBTrkGYLo-unsplash-2.webp?resize=1050%2C600&ssl=1 3x, https:\/\/i0.wp.com\/kohenavocats.com\/wp-content\/uploads\/2024\/07\/alex-block-PdDBTrkGYLo-unsplash-2.webp?resize=1400%2C800&ssl=1 4x"},"classes":[]},{"id":661352,"url":"https:\/\/kohenavocats.com\/ru\/cour-dappel-de-lyon-le-19-juin-2024-n21-01245\/","url_meta":{"origin":650359,"position":2},"title":"Cour d&#8217;appel de Lyon, le 19 juin 2024, n\u00b021\/01245","author":"Kohen","date":"23.04.2026","format":false,"excerpt":"La cour d'appel de Lyon, le 19 juin 2024, statue sur un litige en mati\u00e8re d'accident du travail. Un salari\u00e9 a subi un accident ayant entra\u00een\u00e9 des arr\u00eats de t...","rel":"","context":"\u0412 &quot;Jurisprudence&quot;","block_context":{"text":"Jurisprudence","link":"https:\/\/kohenavocats.com\/category\/jurisprudence\/"},"img":{"alt_text":"","src":"https:\/\/i0.wp.com\/kohenavocats.com\/wp-content\/uploads\/2024\/08\/mateus-campos-felipe-rgnkCd4rF1A-unsplash.webp?resize=350%2C200&ssl=1","width":350,"height":200,"srcset":"https:\/\/i0.wp.com\/kohenavocats.com\/wp-content\/uploads\/2024\/08\/mateus-campos-felipe-rgnkCd4rF1A-unsplash.webp?resize=350%2C200&ssl=1 1x, https:\/\/i0.wp.com\/kohenavocats.com\/wp-content\/uploads\/2024\/08\/mateus-campos-felipe-rgnkCd4rF1A-unsplash.webp?resize=525%2C300&ssl=1 1.5x, https:\/\/i0.wp.com\/kohenavocats.com\/wp-content\/uploads\/2024\/08\/mateus-campos-felipe-rgnkCd4rF1A-unsplash.webp?resize=700%2C400&ssl=1 2x, https:\/\/i0.wp.com\/kohenavocats.com\/wp-content\/uploads\/2024\/08\/mateus-campos-felipe-rgnkCd4rF1A-unsplash.webp?resize=1050%2C600&ssl=1 3x, https:\/\/i0.wp.com\/kohenavocats.com\/wp-content\/uploads\/2024\/08\/mateus-campos-felipe-rgnkCd4rF1A-unsplash.webp?resize=1400%2C800&ssl=1 4x"},"classes":[]},{"id":650034,"url":"https:\/\/kohenavocats.com\/ru\/tribunal-judiciaire-de-paris-le-3-septembre-2025-n25-00006\/","url_meta":{"origin":650359,"position":3},"title":"Tribunal judiciaire de Paris, le 3 septembre 2025, n\u00b025\/00006","author":"Kohen","date":"22.04.2026","format":false,"excerpt":"Le tribunal judiciaire de Paris, en date du 3 septembre 2025, statue sur un litige relatif \u00e0 l\u2019imputabilit\u00e9 d\u2019arr\u00eats de travail prolong\u00e9s \u00e0 un accident du tr...","rel":"","context":"\u0412 &quot;Jurisprudence&quot;","block_context":{"text":"Jurisprudence","link":"https:\/\/kohenavocats.com\/category\/jurisprudence\/"},"img":{"alt_text":"","src":"https:\/\/i0.wp.com\/kohenavocats.com\/wp-content\/uploads\/2024\/11\/getty-images-sMJ3mY9amdU-unsplash.webp?resize=350%2C200&ssl=1","width":350,"height":200,"srcset":"https:\/\/i0.wp.com\/kohenavocats.com\/wp-content\/uploads\/2024\/11\/getty-images-sMJ3mY9amdU-unsplash.webp?resize=350%2C200&ssl=1 1x, https:\/\/i0.wp.com\/kohenavocats.com\/wp-content\/uploads\/2024\/11\/getty-images-sMJ3mY9amdU-unsplash.webp?resize=525%2C300&ssl=1 1.5x, https:\/\/i0.wp.com\/kohenavocats.com\/wp-content\/uploads\/2024\/11\/getty-images-sMJ3mY9amdU-unsplash.webp?resize=700%2C400&ssl=1 2x, https:\/\/i0.wp.com\/kohenavocats.com\/wp-content\/uploads\/2024\/11\/getty-images-sMJ3mY9amdU-unsplash.webp?resize=1050%2C600&ssl=1 3x, https:\/\/i0.wp.com\/kohenavocats.com\/wp-content\/uploads\/2024\/11\/getty-images-sMJ3mY9amdU-unsplash.webp?resize=1400%2C800&ssl=1 4x"},"classes":[]},{"id":47686,"url":"https:\/\/kohenavocats.com\/ru\/tribunal-judiciaire-de-lyon-le-16-juin-2025-n25-00307\/","url_meta":{"origin":650359,"position":4},"title":"Tribunal judiciaire de Lyon, le 16 juin 2025, n\u00b025\/00307","author":"Kohen","date":"07.11.2025","format":false,"excerpt":"Tribunal judiciaire de Lyon, ordonnance de r\u00e9f\u00e9r\u00e9 du 16 juin 2025. \u00ab Statuant publiquement, contradictoirement et en premier ressort \u00bb, la juridiction est saisie d\u2019une demande d\u2019expertise pr\u00e9alable et d\u2019une provision \u00e0 raison d\u2019une chute survenue dans un magasin.Le 14 juillet 2023, une cliente glisse sur une d\u00e9jection canine dans\u2026","rel":"","context":"\u0412 &quot;D\u00e9cisions juridiques&quot;","block_context":{"text":"D\u00e9cisions juridiques","link":"https:\/\/kohenavocats.com\/category\/decisions-juridiques\/"},"img":{"alt_text":"","src":"https:\/\/i0.wp.com\/kohenavocats.com\/wp-content\/uploads\/2024\/08\/judith-ekedi-jangwa-fyfmXbDaR14-unsplash.webp?resize=350%2C200&ssl=1","width":350,"height":200,"srcset":"https:\/\/i0.wp.com\/kohenavocats.com\/wp-content\/uploads\/2024\/08\/judith-ekedi-jangwa-fyfmXbDaR14-unsplash.webp?resize=350%2C200&ssl=1 1x, https:\/\/i0.wp.com\/kohenavocats.com\/wp-content\/uploads\/2024\/08\/judith-ekedi-jangwa-fyfmXbDaR14-unsplash.webp?resize=525%2C300&ssl=1 1.5x, https:\/\/i0.wp.com\/kohenavocats.com\/wp-content\/uploads\/2024\/08\/judith-ekedi-jangwa-fyfmXbDaR14-unsplash.webp?resize=700%2C400&ssl=1 2x, https:\/\/i0.wp.com\/kohenavocats.com\/wp-content\/uploads\/2024\/08\/judith-ekedi-jangwa-fyfmXbDaR14-unsplash.webp?resize=1050%2C600&ssl=1 3x, https:\/\/i0.wp.com\/kohenavocats.com\/wp-content\/uploads\/2024\/08\/judith-ekedi-jangwa-fyfmXbDaR14-unsplash.webp?resize=1400%2C800&ssl=1 4x"},"classes":[]},{"id":643386,"url":"https:\/\/kohenavocats.com\/ru\/cour-dappel-de-lyon-le-9-septembre-2025-n25-01297\/","url_meta":{"origin":650359,"position":5},"title":"Cour d&#8217;appel de Lyon, le 9 septembre 2025, n\u00b025\/01297","author":"Kohen","date":"22.04.2026","format":false,"excerpt":"La Cour d'appel de Lyon, statuant en r\u00e9f\u00e9r\u00e9, a rendu un arr\u00eat le 9 septembre 2025. Une victime d'un accident de la circulation, ayant identifi\u00e9 le v\u00e9hicule e...","rel":"","context":"\u0412 &quot;Jurisprudence&quot;","block_context":{"text":"Jurisprudence","link":"https:\/\/kohenavocats.com\/category\/jurisprudence\/"},"img":{"alt_text":"","src":"https:\/\/i0.wp.com\/kohenavocats.com\/wp-content\/uploads\/2024\/08\/pierre-chatel-innocenti-bSUAjkiL7dQ-unsplash.webp?resize=350%2C200&ssl=1","width":350,"height":200,"srcset":"https:\/\/i0.wp.com\/kohenavocats.com\/wp-content\/uploads\/2024\/08\/pierre-chatel-innocenti-bSUAjkiL7dQ-unsplash.webp?resize=350%2C200&ssl=1 1x, https:\/\/i0.wp.com\/kohenavocats.com\/wp-content\/uploads\/2024\/08\/pierre-chatel-innocenti-bSUAjkiL7dQ-unsplash.webp?resize=525%2C300&ssl=1 1.5x, https:\/\/i0.wp.com\/kohenavocats.com\/wp-content\/uploads\/2024\/08\/pierre-chatel-innocenti-bSUAjkiL7dQ-unsplash.webp?resize=700%2C400&ssl=1 2x, https:\/\/i0.wp.com\/kohenavocats.com\/wp-content\/uploads\/2024\/08\/pierre-chatel-innocenti-bSUAjkiL7dQ-unsplash.webp?resize=1050%2C600&ssl=1 3x, https:\/\/i0.wp.com\/kohenavocats.com\/wp-content\/uploads\/2024\/08\/pierre-chatel-innocenti-bSUAjkiL7dQ-unsplash.webp?resize=1400%2C800&ssl=1 4x"},"classes":[]}],"jetpack_sharing_enabled":true,"_links":{"self":[{"href":"https:\/\/kohenavocats.com\/ru\/wp-json\/wp\/v2\/posts\/650359","targetHints":{"allow":["GET"]}}],"collection":[{"href":"https:\/\/kohenavocats.com\/ru\/wp-json\/wp\/v2\/posts"}],"about":[{"href":"https:\/\/kohenavocats.com\/ru\/wp-json\/wp\/v2\/types\/post"}],"author":[{"embeddable":true,"href":"https:\/\/kohenavocats.com\/ru\/wp-json\/wp\/v2\/users\/232070755"}],"replies":[{"embeddable":true,"href":"https:\/\/kohenavocats.com\/ru\/wp-json\/wp\/v2\/comments?post=650359"}],"version-history":[{"count":0,"href":"https:\/\/kohenavocats.com\/ru\/wp-json\/wp\/v2\/posts\/650359\/revisions"}],"wp:featuredmedia":[{"embeddable":true,"href":"https:\/\/kohenavocats.com\/ru\/wp-json\/wp\/v2\/media\/4896"}],"wp:attachment":[{"href":"https:\/\/kohenavocats.com\/ru\/wp-json\/wp\/v2\/media?parent=650359"}],"wp:term":[{"taxonomy":"category","embeddable":true,"href":"https:\/\/kohenavocats.com\/ru\/wp-json\/wp\/v2\/categories?post=650359"},{"taxonomy":"post_tag","embeddable":true,"href":"https:\/\/kohenavocats.com\/ru\/wp-json\/wp\/v2\/tags?post=650359"}],"curies":[{"name":"wp","href":"https:\/\/api.w.org\/{rel}","templated":true}]}}