{"id":650360,"date":"2026-04-22T18:29:41","date_gmt":"2026-04-22T16:29:41","guid":{"rendered":"https:\/\/kohenavocats.com\/tribunal-judiciaire-de-marseille-le-2-octobre-2025-n25-07962\/"},"modified":"2026-04-22T18:29:41","modified_gmt":"2026-04-22T16:29:41","slug":"tribunal-judiciaire-de-marseille-le-2-octobre-2025-n25-07962","status":"publish","type":"post","link":"https:\/\/kohenavocats.com\/ru\/tribunal-judiciaire-de-marseille-le-2-octobre-2025-n25-07962\/","title":{"rendered":"Tribunal judiciaire de Marseille, le 2 octobre 2025, n\u00b025\/07962"},"content":{"rendered":"<div class=\"article-content\">\n<p>Le juge de l&#8217;ex\u00e9cution, statuant par jugement mis \u00e0 disposition du public au greffe, rejette une demande de d\u00e9lai pour quitter les lieux. L&#8217;occupant, p\u00e8re de deux jeunes enfants, ne s&#8217;est acquitt\u00e9 d&#8217;aucun loyer depuis une ordonnance de r\u00e9f\u00e9r\u00e9. Sa compagne a connu r\u00e9cemment un mi-temps th\u00e9rapeutique. Le juge constate l&#8217;absence totale de d\u00e9marches pour un relogement malgr\u00e9 des revenus \u00e9lev\u00e9s. Il d\u00e9duit de cette inertie un manque de bonne foi n\u00e9cessaire \u00e0 l&#8217;octroi d&#8217;un d\u00e9lai.<\/p>\n<p>La pond\u00e9ration des crit\u00e8res l\u00e9gaux par le juge<br \/>\nL&#8217;appr\u00e9ciation souveraine des circonstances personnelles<br \/>\nLe juge applique scrupuleusement les crit\u00e8res \u00e9num\u00e9r\u00e9s par l&#8217;article L412-4 du code des proc\u00e9dures civiles d&#8217;ex\u00e9cution. Il prend acte de la situation de famille avec deux enfants en bas \u00e2ge. Il note \u00e9galement les difficult\u00e9s de sant\u00e9 temporaires de la conjointe de l&#8217;occupant. Ces \u00e9l\u00e9ments personnels sont objectivement relev\u00e9s et int\u00e9gr\u00e9s \u00e0 l&#8217;analyse. Leur prise en compte d\u00e9montre le respect du cadre l\u00e9gal par la juridiction. La d\u00e9cision proc\u00e8de ainsi \u00e0 une pes\u00e9e globale des int\u00e9r\u00eats en pr\u00e9sence.<\/p>\n<p>La sanction d&#8217;un comportement caract\u00e9ris\u00e9 par l&#8217;inertie<br \/>\nLe refus de d\u00e9lai trouve sa cause principale dans l&#8217;attitude de l&#8217;occupant. Celui-ci &#171;reconna\u00eet n\u2019avoir entrepris aucune d\u00e9marche pour trouver un nouveau logement&#187;. L&#8217;absence de recherche active est un facteur d\u00e9cisif dans le rejet. L&#8217;\u00e9tat et l&#8217;anciennet\u00e9 de la dette locative, qui continue de cro\u00eetre, sont \u00e9galement soulign\u00e9s. Le juge estime que cet ensemble &#171;ne permet pas de caract\u00e9riser la bonne foi n\u00e9cessaire&#187;. La volont\u00e9 du l\u00e9gislateur est ainsi respect\u00e9e pour sanctionner l&#8217;inaction.<\/p>\n<p>La port\u00e9e d&#8217;une d\u00e9cision affirmant l&#8217;exigence de diligence<br \/>\nL&#8217;exigence renforc\u00e9e de preuve d&#8217;une d\u00e9marche active<br \/>\nCette d\u00e9cison rappelle avec fermet\u00e9 que des circonstances personnelles difficiles ne suffisent pas. La jurisprudence admet g\u00e9n\u00e9ralement l&#8217;octroi de d\u00e9lais pour permettre un relogement dans des conditions normales. Un tribunal a ainsi accord\u00e9 un d\u00e9lai en tenant compte &#171;des d\u00e9marches de relogement engag\u00e9es&#187; et de &#171;la pr\u00e9sence d\u2019enfants mineurs&#187; (Tribunal judiciaire de Lille, le 4 juillet 2025, n\u00b025\/00194). Un autre a fait droit \u00e0 une demande en consid\u00e9rant &#171;l\u2019apurement quasi-int\u00e9gral de la dette&#187; (Tribunal judiciaire de Nanterre, le 2 d\u00e9cembre 2025, n\u00b025\/06099). En l&#8217;esp\u00e8ce, l&#8217;absence totale de d\u00e9marche et la dette persistante inversent la balance.<\/p>\n<p>La confirmation de la bonne foi comme condition sine qua non<br \/>\nLe jugement consacre la bonne foi comme un pr\u00e9requis indispensable \u00e0 l&#8217;obtention d&#8217;un d\u00e9lai. Les crit\u00e8res l\u00e9gaux sont subordonn\u00e9s \u00e0 cette condition pr\u00e9alable. Une situation financi\u00e8re ais\u00e9e et la propri\u00e9t\u00e9 d&#8217;un autre logement par l&#8217;occupant renforcent cette analyse. La d\u00e9cision limite ainsi les possibilit\u00e9s de jouer abusivement des d\u00e9lais de gr\u00e2ce. Elle prot\u00e8ge le propri\u00e9taire cr\u00e9ancier face \u00e0 un occupant de mauvaise foi. L&#8217;ex\u00e9cution provisoire de droit assure l&#8217;efficacit\u00e9 imm\u00e9diate de cette solution.<\/p>\n<\/div>\n","protected":false},"excerpt":{"rendered":"<p>Le juge de l&#8217;ex\u00e9cution, statuant par jugement mis \u00e0 disposition du public au greffe, rejette une demande de d\u00e9lai pour quitter les lieux. L&#8217;occupant, p\u00e8re de&#8230;<\/p>\n","protected":false},"author":232070755,"featured_media":9694,"comment_status":"open","ping_status":"open","sticky":false,"template":"","format":"standard","meta":{"_crdt_document":"","_jetpack_newsletter_access":"","_jetpack_dont_email_post_to_subs":false,"_jetpack_newsletter_tier_id":0,"_jetpack_memberships_contains_paywalled_content":false,"_kj_source_type":"judilibre","_kj_official_id":"68dec3f56af9fd1f8094e163","_kj_official_url":"https:\/\/www.courdecassation.fr\/decision\/68dec3f56af9fd1f8094e163","_kj_judilibre_id":"68dec3f56af9fd1f8094e163","_kj_jur":"Tribunal judiciaire","_kj_lieu":"Tribunal judiciaire de Marseille","_kj_chambre":"JEX","_kj_rg":"25\/07962","_kj_date":"2025-10-02","_jetpack_memberships_contains_paid_content":false,"footnotes":"","jetpack_post_was_ever_published":false},"categories":[7597],"tags":[],"class_list":["post-650360","post","type-post","status-publish","format-standard","has-post-thumbnail","hentry","category-jurisprudence"],"yoast_head":"<!-- This site is optimized with the Yoast SEO Premium plugin v27.5 (Yoast SEO v27.5) - https:\/\/yoast.com\/product\/yoast-seo-premium-wordpress\/ -->\n<title>Tribunal judiciaire de Marseille, le 2 octobre 2025, n\u00b025\/07962 - Ma\u00eetre Hassan Kohen, avocat en droit p\u00e9nal \u00e0 Paris<\/title>\n<meta name=\"description\" content=\"Le juge de l&#039;ex\u00e9cution, statuant par jugement mis \u00e0 disposition du public au greffe, rejette une demande de d\u00e9lai pour quitter les lieux. L&#039;occupant, p\u00e8re de...\" \/>\n<meta name=\"robots\" content=\"index, follow, max-snippet:-1, max-image-preview:large, max-video-preview:-1\" \/>\n<link rel=\"canonical\" href=\"https:\/\/kohenavocats.com\/ru\/tribunal-judiciaire-de-marseille-le-2-octobre-2025-n25-07962\/\" \/>\n<meta property=\"og:locale\" content=\"ru_RU\" \/>\n<meta property=\"og:type\" content=\"article\" \/>\n<meta property=\"og:title\" content=\"Tribunal judiciaire de Marseille, le 2 octobre 2025, n\u00b025\/07962\" \/>\n<meta property=\"og:description\" content=\"Le juge de l&#039;ex\u00e9cution, statuant par jugement mis \u00e0 disposition du public au greffe, rejette une demande de d\u00e9lai pour quitter les lieux. L&#039;occupant, p\u00e8re de...\" \/>\n<meta property=\"og:url\" content=\"https:\/\/kohenavocats.com\/ru\/tribunal-judiciaire-de-marseille-le-2-octobre-2025-n25-07962\/\" \/>\n<meta property=\"og:site_name\" content=\"Ma\u00eetre Hassan Kohen, avocat en droit p\u00e9nal \u00e0 Paris\" \/>\n<meta property=\"article:published_time\" content=\"2026-04-22T16:29:41+00:00\" \/>\n<meta property=\"og:image\" content=\"https:\/\/kohenavocats.com\/wp-content\/uploads\/2024\/11\/getty-images-TVMKiNPHZTE-unsplash.webp\" \/>\n\t<meta property=\"og:image:width\" content=\"2555\" \/>\n\t<meta property=\"og:image:height\" content=\"3830\" \/>\n\t<meta property=\"og:image:type\" content=\"image\/webp\" \/>\n<meta name=\"author\" content=\"Kohen\" \/>\n<meta name=\"twitter:card\" content=\"summary_large_image\" \/>\n<meta name=\"twitter:label1\" content=\"\u041d\u0430\u043f\u0438\u0441\u0430\u043d\u043e \u0430\u0432\u0442\u043e\u0440\u043e\u043c\" \/>\n\t<meta name=\"twitter:data1\" content=\"Kohen\" \/>\n\t<meta name=\"twitter:label2\" content=\"\u041f\u0440\u0438\u043c\u0435\u0440\u043d\u043e\u0435 \u0432\u0440\u0435\u043c\u044f \u0434\u043b\u044f \u0447\u0442\u0435\u043d\u0438\u044f\" \/>\n\t<meta name=\"twitter:data2\" content=\"3 \u043c\u0438\u043d\u0443\u0442\u044b\" \/>\n<script type=\"application\/ld+json\" class=\"yoast-schema-graph\">{\"@context\":\"https:\\\/\\\/schema.org\",\"@graph\":[{\"@type\":\"Article\",\"@id\":\"https:\\\/\\\/kohenavocats.com\\\/ru\\\/tribunal-judiciaire-de-marseille-le-2-octobre-2025-n25-07962\\\/#article\",\"isPartOf\":{\"@id\":\"https:\\\/\\\/kohenavocats.com\\\/ru\\\/tribunal-judiciaire-de-marseille-le-2-octobre-2025-n25-07962\\\/\"},\"author\":{\"name\":\"Kohen\",\"@id\":\"https:\\\/\\\/kohenavocats.com\\\/ru\\\/#\\\/schema\\\/person\\\/761c9ba54fa1ca84d405cef0831ff751\"},\"headline\":\"Tribunal judiciaire de Marseille, le 2 octobre 2025, n\u00b025\\\/07962\",\"datePublished\":\"2026-04-22T16:29:41+00:00\",\"mainEntityOfPage\":{\"@id\":\"https:\\\/\\\/kohenavocats.com\\\/ru\\\/tribunal-judiciaire-de-marseille-le-2-octobre-2025-n25-07962\\\/\"},\"wordCount\":553,\"commentCount\":0,\"publisher\":{\"@id\":\"https:\\\/\\\/kohenavocats.com\\\/ru\\\/#organization\"},\"image\":{\"@id\":\"https:\\\/\\\/kohenavocats.com\\\/ru\\\/tribunal-judiciaire-de-marseille-le-2-octobre-2025-n25-07962\\\/#primaryimage\"},\"thumbnailUrl\":\"https:\\\/\\\/kohenavocats.com\\\/wp-content\\\/uploads\\\/2024\\\/11\\\/getty-images-TVMKiNPHZTE-unsplash.webp\",\"articleSection\":[\"Jurisprudence\"],\"inLanguage\":\"ru-RU\",\"potentialAction\":[{\"@type\":\"CommentAction\",\"name\":\"Comment\",\"target\":[\"https:\\\/\\\/kohenavocats.com\\\/ru\\\/tribunal-judiciaire-de-marseille-le-2-octobre-2025-n25-07962\\\/#respond\"]}],\"citation\":\"Tribunal judiciaire de Marseille, le 2 octobre 2025, n\u00b025\\\/07962\",\"about\":[{\"@type\":\"Thing\",\"name\":\"Jurisprudence\"}],\"dateModified\":\"2026-04-22T16:29:41+00:00\",\"speakable\":{\"@type\":\"SpeakableSpecification\",\"cssSelector\":[\".article-content > p:first-of-type\"]}},{\"@type\":\"WebPage\",\"@id\":\"https:\\\/\\\/kohenavocats.com\\\/ru\\\/tribunal-judiciaire-de-marseille-le-2-octobre-2025-n25-07962\\\/\",\"url\":\"https:\\\/\\\/kohenavocats.com\\\/ru\\\/tribunal-judiciaire-de-marseille-le-2-octobre-2025-n25-07962\\\/\",\"name\":\"Tribunal judiciaire de Marseille, le 2 octobre 2025, n\u00b025\\\/07962 - Ma\u00eetre Hassan Kohen, avocat en droit p\u00e9nal \u00e0 Paris\",\"isPartOf\":{\"@id\":\"https:\\\/\\\/kohenavocats.com\\\/ru\\\/#website\"},\"primaryImageOfPage\":{\"@id\":\"https:\\\/\\\/kohenavocats.com\\\/ru\\\/tribunal-judiciaire-de-marseille-le-2-octobre-2025-n25-07962\\\/#primaryimage\"},\"image\":{\"@id\":\"https:\\\/\\\/kohenavocats.com\\\/ru\\\/tribunal-judiciaire-de-marseille-le-2-octobre-2025-n25-07962\\\/#primaryimage\"},\"thumbnailUrl\":\"https:\\\/\\\/kohenavocats.com\\\/wp-content\\\/uploads\\\/2024\\\/11\\\/getty-images-TVMKiNPHZTE-unsplash.webp\",\"datePublished\":\"2026-04-22T16:29:41+00:00\",\"description\":\"Le juge de l'ex\u00e9cution, statuant par jugement mis \u00e0 disposition du public au greffe, rejette une demande de d\u00e9lai pour quitter les lieux. L'occupant, p\u00e8re de...\",\"breadcrumb\":{\"@id\":\"https:\\\/\\\/kohenavocats.com\\\/ru\\\/tribunal-judiciaire-de-marseille-le-2-octobre-2025-n25-07962\\\/#breadcrumb\"},\"inLanguage\":\"ru-RU\",\"potentialAction\":[{\"@type\":\"ReadAction\",\"target\":[\"https:\\\/\\\/kohenavocats.com\\\/ru\\\/tribunal-judiciaire-de-marseille-le-2-octobre-2025-n25-07962\\\/\"]}]},{\"@type\":\"ImageObject\",\"inLanguage\":\"ru-RU\",\"@id\":\"https:\\\/\\\/kohenavocats.com\\\/ru\\\/tribunal-judiciaire-de-marseille-le-2-octobre-2025-n25-07962\\\/#primaryimage\",\"url\":\"https:\\\/\\\/kohenavocats.com\\\/wp-content\\\/uploads\\\/2024\\\/11\\\/getty-images-TVMKiNPHZTE-unsplash.webp\",\"contentUrl\":\"https:\\\/\\\/kohenavocats.com\\\/wp-content\\\/uploads\\\/2024\\\/11\\\/getty-images-TVMKiNPHZTE-unsplash.webp\",\"width\":2555,\"height\":3830},{\"@type\":\"BreadcrumbList\",\"@id\":\"https:\\\/\\\/kohenavocats.com\\\/ru\\\/tribunal-judiciaire-de-marseille-le-2-octobre-2025-n25-07962\\\/#breadcrumb\",\"itemListElement\":[{\"@type\":\"ListItem\",\"position\":1,\"name\":\"Home\",\"item\":\"https:\\\/\\\/kohenavocats.com\\\/ru\\\/avocats-en-droit-penal-a-paris-conseil-et-defense-strategique\\\/\"},{\"@type\":\"ListItem\",\"position\":2,\"name\":\"Tribunal judiciaire de Marseille, le 2 octobre 2025, n\u00b025\\\/07962\"}]},{\"@type\":\"WebSite\",\"@id\":\"https:\\\/\\\/kohenavocats.com\\\/ru\\\/#website\",\"url\":\"https:\\\/\\\/kohenavocats.com\\\/ru\\\/\",\"name\":\"Kohen Avocats\",\"description\":\"Ma\u00eetre Hassan Kohen, avocat p\u00e9naliste \u00e0 Paris, intervient exclusivement en droit p\u00e9nal pour la d\u00e9fense des particuliers, notamment en mati\u00e8re d\u2019accusations de viol. Il assure un accompagnement rigoureux d\u00e8s la garde \u00e0 vue jusqu\u2019\u00e0 la Cour d\u2019assises, veillant au strict respect des garanties proc\u00e9durales.\",\"publisher\":{\"@id\":\"https:\\\/\\\/kohenavocats.com\\\/ru\\\/#organization\"},\"potentialAction\":[{\"@type\":\"SearchAction\",\"target\":{\"@type\":\"EntryPoint\",\"urlTemplate\":\"https:\\\/\\\/kohenavocats.com\\\/ru\\\/?s={search_term_string}\"},\"query-input\":{\"@type\":\"PropertyValueSpecification\",\"valueRequired\":true,\"valueName\":\"search_term_string\"}}],\"inLanguage\":\"ru-RU\"},{\"@type\":\"Organization\",\"@id\":\"https:\\\/\\\/kohenavocats.com\\\/ru\\\/#organization\",\"name\":\"Kohen Avocats\",\"url\":\"https:\\\/\\\/kohenavocats.com\\\/ru\\\/\",\"logo\":{\"@type\":\"ImageObject\",\"inLanguage\":\"ru-RU\",\"@id\":\"https:\\\/\\\/kohenavocats.com\\\/ru\\\/#\\\/schema\\\/logo\\\/image\\\/\",\"url\":\"https:\\\/\\\/kohenavocats.com\\\/wp-content\\\/uploads\\\/2026\\\/01\\\/Logo-2-1.webp\",\"contentUrl\":\"https:\\\/\\\/kohenavocats.com\\\/wp-content\\\/uploads\\\/2026\\\/01\\\/Logo-2-1.webp\",\"width\":2114,\"height\":1253,\"caption\":\"Kohen Avocats\"},\"image\":{\"@id\":\"https:\\\/\\\/kohenavocats.com\\\/ru\\\/#\\\/schema\\\/logo\\\/image\\\/\"}},{\"@type\":\"Person\",\"@id\":\"https:\\\/\\\/kohenavocats.com\\\/ru\\\/#\\\/schema\\\/person\\\/761c9ba54fa1ca84d405cef0831ff751\",\"name\":\"Kohen\",\"image\":{\"@type\":\"ImageObject\",\"inLanguage\":\"ru-RU\",\"@id\":\"https:\\\/\\\/secure.gravatar.com\\\/avatar\\\/1c5e76ef76bbbfdd2b4da984e2bf2fa4056fd51a27d25ce2c332047f1dfd6e00?s=96&d=identicon&r=g\",\"url\":\"https:\\\/\\\/secure.gravatar.com\\\/avatar\\\/1c5e76ef76bbbfdd2b4da984e2bf2fa4056fd51a27d25ce2c332047f1dfd6e00?s=96&d=identicon&r=g\",\"contentUrl\":\"https:\\\/\\\/secure.gravatar.com\\\/avatar\\\/1c5e76ef76bbbfdd2b4da984e2bf2fa4056fd51a27d25ce2c332047f1dfd6e00?s=96&d=identicon&r=g\",\"caption\":\"Kohen\"},\"sameAs\":[\"https:\\\/\\\/www.linkedin.com\\\/in\\\/hassan-kohen-448548192\\\/\",\"https:\\\/\\\/www.youtube.com\\\/@Kohen-Avocats\"],\"url\":\"https:\\\/\\\/kohenavocats.com\\\/ru\\\/author\\\/kohenmlk\\\/\"}]}<\/script>\n<!-- \/ Yoast SEO Premium plugin. -->","yoast_head_json":{"title":"Tribunal judiciaire de Marseille, le 2 octobre 2025, n\u00b025\/07962 - Ma\u00eetre Hassan Kohen, avocat en droit p\u00e9nal \u00e0 Paris","description":"Le juge de l'ex\u00e9cution, statuant par jugement mis \u00e0 disposition du public au greffe, rejette une demande de d\u00e9lai pour quitter les lieux. L'occupant, p\u00e8re de...","robots":{"index":"index","follow":"follow","max-snippet":"max-snippet:-1","max-image-preview":"max-image-preview:large","max-video-preview":"max-video-preview:-1"},"canonical":"https:\/\/kohenavocats.com\/ru\/tribunal-judiciaire-de-marseille-le-2-octobre-2025-n25-07962\/","og_locale":"ru_RU","og_type":"article","og_title":"Tribunal judiciaire de Marseille, le 2 octobre 2025, n\u00b025\/07962","og_description":"Le juge de l'ex\u00e9cution, statuant par jugement mis \u00e0 disposition du public au greffe, rejette une demande de d\u00e9lai pour quitter les lieux. L'occupant, p\u00e8re de...","og_url":"https:\/\/kohenavocats.com\/ru\/tribunal-judiciaire-de-marseille-le-2-octobre-2025-n25-07962\/","og_site_name":"Ma\u00eetre Hassan Kohen, avocat en droit p\u00e9nal \u00e0 Paris","article_published_time":"2026-04-22T16:29:41+00:00","og_image":[{"width":2555,"height":3830,"url":"https:\/\/kohenavocats.com\/wp-content\/uploads\/2024\/11\/getty-images-TVMKiNPHZTE-unsplash.webp","type":"image\/webp"}],"author":"Kohen","twitter_card":"summary_large_image","twitter_misc":{"\u041d\u0430\u043f\u0438\u0441\u0430\u043d\u043e \u0430\u0432\u0442\u043e\u0440\u043e\u043c":"Kohen","\u041f\u0440\u0438\u043c\u0435\u0440\u043d\u043e\u0435 \u0432\u0440\u0435\u043c\u044f \u0434\u043b\u044f \u0447\u0442\u0435\u043d\u0438\u044f":"3 \u043c\u0438\u043d\u0443\u0442\u044b"},"schema":{"@context":"https:\/\/schema.org","@graph":[{"@type":"Article","@id":"https:\/\/kohenavocats.com\/ru\/tribunal-judiciaire-de-marseille-le-2-octobre-2025-n25-07962\/#article","isPartOf":{"@id":"https:\/\/kohenavocats.com\/ru\/tribunal-judiciaire-de-marseille-le-2-octobre-2025-n25-07962\/"},"author":{"name":"Kohen","@id":"https:\/\/kohenavocats.com\/ru\/#\/schema\/person\/761c9ba54fa1ca84d405cef0831ff751"},"headline":"Tribunal judiciaire de Marseille, le 2 octobre 2025, n\u00b025\/07962","datePublished":"2026-04-22T16:29:41+00:00","mainEntityOfPage":{"@id":"https:\/\/kohenavocats.com\/ru\/tribunal-judiciaire-de-marseille-le-2-octobre-2025-n25-07962\/"},"wordCount":553,"commentCount":0,"publisher":{"@id":"https:\/\/kohenavocats.com\/ru\/#organization"},"image":{"@id":"https:\/\/kohenavocats.com\/ru\/tribunal-judiciaire-de-marseille-le-2-octobre-2025-n25-07962\/#primaryimage"},"thumbnailUrl":"https:\/\/kohenavocats.com\/wp-content\/uploads\/2024\/11\/getty-images-TVMKiNPHZTE-unsplash.webp","articleSection":["Jurisprudence"],"inLanguage":"ru-RU","potentialAction":[{"@type":"CommentAction","name":"Comment","target":["https:\/\/kohenavocats.com\/ru\/tribunal-judiciaire-de-marseille-le-2-octobre-2025-n25-07962\/#respond"]}],"citation":"Tribunal judiciaire de Marseille, le 2 octobre 2025, n\u00b025\/07962","about":[{"@type":"Thing","name":"Jurisprudence"}],"dateModified":"2026-04-22T16:29:41+00:00","speakable":{"@type":"SpeakableSpecification","cssSelector":[".article-content > p:first-of-type"]}},{"@type":"WebPage","@id":"https:\/\/kohenavocats.com\/ru\/tribunal-judiciaire-de-marseille-le-2-octobre-2025-n25-07962\/","url":"https:\/\/kohenavocats.com\/ru\/tribunal-judiciaire-de-marseille-le-2-octobre-2025-n25-07962\/","name":"Tribunal judiciaire de Marseille, le 2 octobre 2025, n\u00b025\/07962 - Ma\u00eetre Hassan Kohen, avocat en droit p\u00e9nal \u00e0 Paris","isPartOf":{"@id":"https:\/\/kohenavocats.com\/ru\/#website"},"primaryImageOfPage":{"@id":"https:\/\/kohenavocats.com\/ru\/tribunal-judiciaire-de-marseille-le-2-octobre-2025-n25-07962\/#primaryimage"},"image":{"@id":"https:\/\/kohenavocats.com\/ru\/tribunal-judiciaire-de-marseille-le-2-octobre-2025-n25-07962\/#primaryimage"},"thumbnailUrl":"https:\/\/kohenavocats.com\/wp-content\/uploads\/2024\/11\/getty-images-TVMKiNPHZTE-unsplash.webp","datePublished":"2026-04-22T16:29:41+00:00","description":"Le juge de l'ex\u00e9cution, statuant par jugement mis \u00e0 disposition du public au greffe, rejette une demande de d\u00e9lai pour quitter les lieux. L'occupant, p\u00e8re de...","breadcrumb":{"@id":"https:\/\/kohenavocats.com\/ru\/tribunal-judiciaire-de-marseille-le-2-octobre-2025-n25-07962\/#breadcrumb"},"inLanguage":"ru-RU","potentialAction":[{"@type":"ReadAction","target":["https:\/\/kohenavocats.com\/ru\/tribunal-judiciaire-de-marseille-le-2-octobre-2025-n25-07962\/"]}]},{"@type":"ImageObject","inLanguage":"ru-RU","@id":"https:\/\/kohenavocats.com\/ru\/tribunal-judiciaire-de-marseille-le-2-octobre-2025-n25-07962\/#primaryimage","url":"https:\/\/kohenavocats.com\/wp-content\/uploads\/2024\/11\/getty-images-TVMKiNPHZTE-unsplash.webp","contentUrl":"https:\/\/kohenavocats.com\/wp-content\/uploads\/2024\/11\/getty-images-TVMKiNPHZTE-unsplash.webp","width":2555,"height":3830},{"@type":"BreadcrumbList","@id":"https:\/\/kohenavocats.com\/ru\/tribunal-judiciaire-de-marseille-le-2-octobre-2025-n25-07962\/#breadcrumb","itemListElement":[{"@type":"ListItem","position":1,"name":"Home","item":"https:\/\/kohenavocats.com\/ru\/avocats-en-droit-penal-a-paris-conseil-et-defense-strategique\/"},{"@type":"ListItem","position":2,"name":"Tribunal judiciaire de Marseille, le 2 octobre 2025, n\u00b025\/07962"}]},{"@type":"WebSite","@id":"https:\/\/kohenavocats.com\/ru\/#website","url":"https:\/\/kohenavocats.com\/ru\/","name":"Kohen Avocats","description":"Ma\u00eetre Hassan Kohen, avocat p\u00e9naliste \u00e0 Paris, intervient exclusivement en droit p\u00e9nal pour la d\u00e9fense des particuliers, notamment en mati\u00e8re d\u2019accusations de viol. Il assure un accompagnement rigoureux d\u00e8s la garde \u00e0 vue jusqu\u2019\u00e0 la Cour d\u2019assises, veillant au strict respect des garanties proc\u00e9durales.","publisher":{"@id":"https:\/\/kohenavocats.com\/ru\/#organization"},"potentialAction":[{"@type":"SearchAction","target":{"@type":"EntryPoint","urlTemplate":"https:\/\/kohenavocats.com\/ru\/?s={search_term_string}"},"query-input":{"@type":"PropertyValueSpecification","valueRequired":true,"valueName":"search_term_string"}}],"inLanguage":"ru-RU"},{"@type":"Organization","@id":"https:\/\/kohenavocats.com\/ru\/#organization","name":"Kohen Avocats","url":"https:\/\/kohenavocats.com\/ru\/","logo":{"@type":"ImageObject","inLanguage":"ru-RU","@id":"https:\/\/kohenavocats.com\/ru\/#\/schema\/logo\/image\/","url":"https:\/\/kohenavocats.com\/wp-content\/uploads\/2026\/01\/Logo-2-1.webp","contentUrl":"https:\/\/kohenavocats.com\/wp-content\/uploads\/2026\/01\/Logo-2-1.webp","width":2114,"height":1253,"caption":"Kohen Avocats"},"image":{"@id":"https:\/\/kohenavocats.com\/ru\/#\/schema\/logo\/image\/"}},{"@type":"Person","@id":"https:\/\/kohenavocats.com\/ru\/#\/schema\/person\/761c9ba54fa1ca84d405cef0831ff751","name":"Kohen","image":{"@type":"ImageObject","inLanguage":"ru-RU","@id":"https:\/\/secure.gravatar.com\/avatar\/1c5e76ef76bbbfdd2b4da984e2bf2fa4056fd51a27d25ce2c332047f1dfd6e00?s=96&d=identicon&r=g","url":"https:\/\/secure.gravatar.com\/avatar\/1c5e76ef76bbbfdd2b4da984e2bf2fa4056fd51a27d25ce2c332047f1dfd6e00?s=96&d=identicon&r=g","contentUrl":"https:\/\/secure.gravatar.com\/avatar\/1c5e76ef76bbbfdd2b4da984e2bf2fa4056fd51a27d25ce2c332047f1dfd6e00?s=96&d=identicon&r=g","caption":"Kohen"},"sameAs":["https:\/\/www.linkedin.com\/in\/hassan-kohen-448548192\/","https:\/\/www.youtube.com\/@Kohen-Avocats"],"url":"https:\/\/kohenavocats.com\/ru\/author\/kohenmlk\/"}]}},"jetpack_featured_media_url":"https:\/\/kohenavocats.com\/wp-content\/uploads\/2024\/11\/getty-images-TVMKiNPHZTE-unsplash.webp","jetpack_likes_enabled":false,"jetpack_shortlink":"https:\/\/wp.me\/peCrII-2JbG","jetpack-related-posts":[{"id":684784,"url":"https:\/\/kohenavocats.com\/ru\/cour-dappel-de-orleans-le-13-aout-2025-n24-02259\/","url_meta":{"origin":650360,"position":0},"title":"Cour d&#8217;appel de Orl\u00e9ans, le 13 ao\u00fbt 2025, n\u00b024\/02259","author":"Kohen","date":"25.04.2026","format":false,"excerpt":"Par un arr\u00eat rendu par la Cour d'appel d'Orl\u00e9ans, chambre des urgences, le 13 ao\u00fbt 2025, la juridiction statue sur un refus de d\u00e9lais d'expulsion. Elle contr...","rel":"","context":"\u0412 &quot;Jurisprudence&quot;","block_context":{"text":"Jurisprudence","link":"https:\/\/kohenavocats.com\/category\/jurisprudence\/"},"img":{"alt_text":"","src":"https:\/\/i0.wp.com\/kohenavocats.com\/wp-content\/uploads\/2024\/08\/ali-lokhandwala-KUr51Y4dOyo-unsplash.webp?resize=350%2C200&ssl=1","width":350,"height":200,"srcset":"https:\/\/i0.wp.com\/kohenavocats.com\/wp-content\/uploads\/2024\/08\/ali-lokhandwala-KUr51Y4dOyo-unsplash.webp?resize=350%2C200&ssl=1 1x, https:\/\/i0.wp.com\/kohenavocats.com\/wp-content\/uploads\/2024\/08\/ali-lokhandwala-KUr51Y4dOyo-unsplash.webp?resize=525%2C300&ssl=1 1.5x, https:\/\/i0.wp.com\/kohenavocats.com\/wp-content\/uploads\/2024\/08\/ali-lokhandwala-KUr51Y4dOyo-unsplash.webp?resize=700%2C400&ssl=1 2x, https:\/\/i0.wp.com\/kohenavocats.com\/wp-content\/uploads\/2024\/08\/ali-lokhandwala-KUr51Y4dOyo-unsplash.webp?resize=1050%2C600&ssl=1 3x, https:\/\/i0.wp.com\/kohenavocats.com\/wp-content\/uploads\/2024\/08\/ali-lokhandwala-KUr51Y4dOyo-unsplash.webp?resize=1400%2C800&ssl=1 4x"},"classes":[]},{"id":440408,"url":"https:\/\/kohenavocats.com\/ru\/pension-alimentaire-enfant-calcul\/","url_meta":{"origin":650360,"position":1},"title":"Pension alimentaire enfant : calcul, crit\u00e8res et m\u00e9thode (pension alimentaire enfant calcul)","author":"Kohen","date":"30.03.2026","format":false,"excerpt":"Guide juridique du calcul de la pension alimentaire pour un enfant : crit\u00e8res l\u00e9gaux (ressources, besoins), r\u00e9sidence, motivation du juge et r\u00e9vision.","rel":"","context":"\u0412 &quot;D\u00e9cryptage&quot;","block_context":{"text":"D\u00e9cryptage","link":"https:\/\/kohenavocats.com\/category\/decryptage\/"},"img":{"alt_text":"","src":"https:\/\/i0.wp.com\/kohenavocats.com\/wp-content\/uploads\/2024\/11\/allison-saeng-MrtYdShGeQY-unsplash.webp?resize=350%2C200&ssl=1","width":350,"height":200,"srcset":"https:\/\/i0.wp.com\/kohenavocats.com\/wp-content\/uploads\/2024\/11\/allison-saeng-MrtYdShGeQY-unsplash.webp?resize=350%2C200&ssl=1 1x, https:\/\/i0.wp.com\/kohenavocats.com\/wp-content\/uploads\/2024\/11\/allison-saeng-MrtYdShGeQY-unsplash.webp?resize=525%2C300&ssl=1 1.5x, https:\/\/i0.wp.com\/kohenavocats.com\/wp-content\/uploads\/2024\/11\/allison-saeng-MrtYdShGeQY-unsplash.webp?resize=700%2C400&ssl=1 2x, https:\/\/i0.wp.com\/kohenavocats.com\/wp-content\/uploads\/2024\/11\/allison-saeng-MrtYdShGeQY-unsplash.webp?resize=1050%2C600&ssl=1 3x, https:\/\/i0.wp.com\/kohenavocats.com\/wp-content\/uploads\/2024\/11\/allison-saeng-MrtYdShGeQY-unsplash.webp?resize=1400%2C800&ssl=1 4x"},"classes":[]},{"id":447506,"url":"https:\/\/kohenavocats.com\/ru\/tribunal-judiciaire-le-5-aout-2025-n24-01167\/","url_meta":{"origin":650360,"position":2},"title":"Tribunal judiciaire, le 5 ao\u00fbt 2025, n\u00b024\/01167","author":"","date":"05.04.2026","format":false,"excerpt":"Le Tribunal judiciaire de Vannes, statuant en tant que juge de l\u2019ex\u00e9cution, a rendu le 5 ao\u00fbt 2025 un jugement dans un litige opposant deux parents...","rel":"","context":"\u0412 &quot;D\u00e9cisions juridiques&quot;","block_context":{"text":"D\u00e9cisions juridiques","link":"https:\/\/kohenavocats.com\/category\/decisions-juridiques\/"},"img":{"alt_text":"","src":"https:\/\/i0.wp.com\/kohenavocats.com\/wp-content\/uploads\/2024\/08\/maximilian-zahn-SKf_POUVJnQ-unsplash.webp?resize=350%2C200&ssl=1","width":350,"height":200,"srcset":"https:\/\/i0.wp.com\/kohenavocats.com\/wp-content\/uploads\/2024\/08\/maximilian-zahn-SKf_POUVJnQ-unsplash.webp?resize=350%2C200&ssl=1 1x, https:\/\/i0.wp.com\/kohenavocats.com\/wp-content\/uploads\/2024\/08\/maximilian-zahn-SKf_POUVJnQ-unsplash.webp?resize=525%2C300&ssl=1 1.5x, https:\/\/i0.wp.com\/kohenavocats.com\/wp-content\/uploads\/2024\/08\/maximilian-zahn-SKf_POUVJnQ-unsplash.webp?resize=700%2C400&ssl=1 2x, https:\/\/i0.wp.com\/kohenavocats.com\/wp-content\/uploads\/2024\/08\/maximilian-zahn-SKf_POUVJnQ-unsplash.webp?resize=1050%2C600&ssl=1 3x, https:\/\/i0.wp.com\/kohenavocats.com\/wp-content\/uploads\/2024\/08\/maximilian-zahn-SKf_POUVJnQ-unsplash.webp?resize=1400%2C800&ssl=1 4x"},"classes":[]},{"id":201869,"url":"https:\/\/kohenavocats.com\/ru\/tribunal-judiciaire-de-rennes-le-19-juin-2025-n24-00432\/","url_meta":{"origin":650360,"position":3},"title":"Tribunal judiciaire de Rennes, le 19 juin 2025, n\u00b024\/00432","author":"Kohen","date":"21.12.2025","format":false,"excerpt":"Par un arr\u00eat du 19 juin 2025, la Cour d\u2019appel de Rennes (3e chambre civile, n\u00b0 RG 24\/00432, n\u00b0 Portalis DBYC-W-B7I-KXOH) r\u00e8gle les cons\u00e9quences d\u2019un divorce contentieux. La formation prononce la dissolution du mariage, homologue un acte liquidatif, fixe une prestation compensatoire, organise l\u2019autorit\u00e9 parentale et la contribution, et structure\u2026","rel":"","context":"\u0412 &quot;D\u00e9cisions juridiques&quot;","block_context":{"text":"D\u00e9cisions juridiques","link":"https:\/\/kohenavocats.com\/category\/decisions-juridiques\/"},"img":{"alt_text":"","src":"https:\/\/i0.wp.com\/kohenavocats.com\/wp-content\/uploads\/2024\/11\/ave-calvar-34SzSSXv2Qk-unsplash.webp?resize=350%2C200&ssl=1","width":350,"height":200,"srcset":"https:\/\/i0.wp.com\/kohenavocats.com\/wp-content\/uploads\/2024\/11\/ave-calvar-34SzSSXv2Qk-unsplash.webp?resize=350%2C200&ssl=1 1x, https:\/\/i0.wp.com\/kohenavocats.com\/wp-content\/uploads\/2024\/11\/ave-calvar-34SzSSXv2Qk-unsplash.webp?resize=525%2C300&ssl=1 1.5x, https:\/\/i0.wp.com\/kohenavocats.com\/wp-content\/uploads\/2024\/11\/ave-calvar-34SzSSXv2Qk-unsplash.webp?resize=700%2C400&ssl=1 2x, https:\/\/i0.wp.com\/kohenavocats.com\/wp-content\/uploads\/2024\/11\/ave-calvar-34SzSSXv2Qk-unsplash.webp?resize=1050%2C600&ssl=1 3x, https:\/\/i0.wp.com\/kohenavocats.com\/wp-content\/uploads\/2024\/11\/ave-calvar-34SzSSXv2Qk-unsplash.webp?resize=1400%2C800&ssl=1 4x"},"classes":[]},{"id":683895,"url":"https:\/\/kohenavocats.com\/ru\/cour-dappel-le-8-novembre-2021-n24-02259\/","url_meta":{"origin":650360,"position":4},"title":"Cour d&#8217;appel, le 8 novembre 2021, n\u00b024\/02259","author":"Kohen","date":"25.04.2026","format":false,"excerpt":"Cour d\u2019appel d\u2019Orl\u00e9ans, 13 ao\u00fbt 2025, Chambre des urgences, statuant en dernier ressort sur un refus de d\u00e9lais de gr\u00e2ce cons\u00e9cutif \u00e0 une expulsion locative. ...","rel":"","context":"\u0412 &quot;Jurisprudence&quot;","block_context":{"text":"Jurisprudence","link":"https:\/\/kohenavocats.com\/category\/jurisprudence\/"},"img":{"alt_text":"","src":"https:\/\/i0.wp.com\/kohenavocats.com\/wp-content\/uploads\/2024\/11\/mohamed-nohassi-2UZMc83XJ8I-unsplash.webp?resize=350%2C200&ssl=1","width":350,"height":200,"srcset":"https:\/\/i0.wp.com\/kohenavocats.com\/wp-content\/uploads\/2024\/11\/mohamed-nohassi-2UZMc83XJ8I-unsplash.webp?resize=350%2C200&ssl=1 1x, https:\/\/i0.wp.com\/kohenavocats.com\/wp-content\/uploads\/2024\/11\/mohamed-nohassi-2UZMc83XJ8I-unsplash.webp?resize=525%2C300&ssl=1 1.5x, https:\/\/i0.wp.com\/kohenavocats.com\/wp-content\/uploads\/2024\/11\/mohamed-nohassi-2UZMc83XJ8I-unsplash.webp?resize=700%2C400&ssl=1 2x, https:\/\/i0.wp.com\/kohenavocats.com\/wp-content\/uploads\/2024\/11\/mohamed-nohassi-2UZMc83XJ8I-unsplash.webp?resize=1050%2C600&ssl=1 3x, https:\/\/i0.wp.com\/kohenavocats.com\/wp-content\/uploads\/2024\/11\/mohamed-nohassi-2UZMc83XJ8I-unsplash.webp?resize=1400%2C800&ssl=1 4x"},"classes":[]},{"id":48617,"url":"https:\/\/kohenavocats.com\/ru\/tribunal-judiciaire-de-versailles-le-13-juin-2025-n25-00359\/","url_meta":{"origin":650360,"position":5},"title":"Tribunal judiciaire de Versailles, le 13 juin 2025, n\u00b025\/00359","author":"Kohen","date":"07.11.2025","format":false,"excerpt":"Le juge de l\u2019ex\u00e9cution du tribunal judiciaire de Versailles, 13 juin 2025, statue sur une contestation de saisies-attributions diligent\u00e9es pour recouvrer une contribution \u00e0 l\u2019entretien et \u00e0 l\u2019\u00e9ducation d\u2019un enfant devenu majeur. L\u2019affaire soul\u00e8ve la question des conditions du sursis \u00e0 statuer et du cantonnement d\u2019une ex\u00e9cution forc\u00e9e lorsque l\u2019obligation\u2026","rel":"","context":"\u0412 &quot;D\u00e9cisions juridiques&quot;","block_context":{"text":"D\u00e9cisions juridiques","link":"https:\/\/kohenavocats.com\/category\/decisions-juridiques\/"},"img":{"alt_text":"","src":"https:\/\/i0.wp.com\/kohenavocats.com\/wp-content\/uploads\/2024\/11\/mohamed-nohassi-2pwiobQzBhg-unsplash.webp?resize=350%2C200&ssl=1","width":350,"height":200,"srcset":"https:\/\/i0.wp.com\/kohenavocats.com\/wp-content\/uploads\/2024\/11\/mohamed-nohassi-2pwiobQzBhg-unsplash.webp?resize=350%2C200&ssl=1 1x, https:\/\/i0.wp.com\/kohenavocats.com\/wp-content\/uploads\/2024\/11\/mohamed-nohassi-2pwiobQzBhg-unsplash.webp?resize=525%2C300&ssl=1 1.5x, https:\/\/i0.wp.com\/kohenavocats.com\/wp-content\/uploads\/2024\/11\/mohamed-nohassi-2pwiobQzBhg-unsplash.webp?resize=700%2C400&ssl=1 2x, https:\/\/i0.wp.com\/kohenavocats.com\/wp-content\/uploads\/2024\/11\/mohamed-nohassi-2pwiobQzBhg-unsplash.webp?resize=1050%2C600&ssl=1 3x, https:\/\/i0.wp.com\/kohenavocats.com\/wp-content\/uploads\/2024\/11\/mohamed-nohassi-2pwiobQzBhg-unsplash.webp?resize=1400%2C800&ssl=1 4x"},"classes":[]}],"jetpack_sharing_enabled":true,"_links":{"self":[{"href":"https:\/\/kohenavocats.com\/ru\/wp-json\/wp\/v2\/posts\/650360","targetHints":{"allow":["GET"]}}],"collection":[{"href":"https:\/\/kohenavocats.com\/ru\/wp-json\/wp\/v2\/posts"}],"about":[{"href":"https:\/\/kohenavocats.com\/ru\/wp-json\/wp\/v2\/types\/post"}],"author":[{"embeddable":true,"href":"https:\/\/kohenavocats.com\/ru\/wp-json\/wp\/v2\/users\/232070755"}],"replies":[{"embeddable":true,"href":"https:\/\/kohenavocats.com\/ru\/wp-json\/wp\/v2\/comments?post=650360"}],"version-history":[{"count":0,"href":"https:\/\/kohenavocats.com\/ru\/wp-json\/wp\/v2\/posts\/650360\/revisions"}],"wp:featuredmedia":[{"embeddable":true,"href":"https:\/\/kohenavocats.com\/ru\/wp-json\/wp\/v2\/media\/9694"}],"wp:attachment":[{"href":"https:\/\/kohenavocats.com\/ru\/wp-json\/wp\/v2\/media?parent=650360"}],"wp:term":[{"taxonomy":"category","embeddable":true,"href":"https:\/\/kohenavocats.com\/ru\/wp-json\/wp\/v2\/categories?post=650360"},{"taxonomy":"post_tag","embeddable":true,"href":"https:\/\/kohenavocats.com\/ru\/wp-json\/wp\/v2\/tags?post=650360"}],"curies":[{"name":"wp","href":"https:\/\/api.w.org\/{rel}","templated":true}]}}