{"id":651394,"date":"2026-04-22T20:43:37","date_gmt":"2026-04-22T18:43:37","guid":{"rendered":"https:\/\/kohenavocats.com\/tribunal-judiciaire-de-paris-le-2-octobre-2025-n24-06733\/"},"modified":"2026-04-22T20:43:37","modified_gmt":"2026-04-22T18:43:37","slug":"tribunal-judiciaire-de-paris-le-2-octobre-2025-n24-06733","status":"publish","type":"post","link":"https:\/\/kohenavocats.com\/ru\/tribunal-judiciaire-de-paris-le-2-octobre-2025-n24-06733\/","title":{"rendered":"Tribunal judiciaire de Paris, le 2 octobre 2025, n\u00b024\/06733"},"content":{"rendered":"<div class=\"article-content\">\n<p>Le tribunal judiciaire, statuant par ordonnance de son juge de la mise en \u00e9tat le 2 octobre 2025, se prononce sur une fin de non-recevoir. Une soci\u00e9t\u00e9 propri\u00e9taire assigne deux soci\u00e9t\u00e9s pour des vices affectant un bail commercial. L\u2019une des soci\u00e9t\u00e9s d\u00e9fenderesses invoque son absence de qualit\u00e9. Le juge examine la recevabilit\u00e9 de l\u2019action en responsabilit\u00e9 dirig\u00e9e contre elle. Il d\u00e9clare la demanderesse irrecevable \u00e0 agir contre cette derni\u00e8re et met l\u2019autre d\u00e9fenderesse hors de cause.<\/p>\n<p>La substitution automatique de la soci\u00e9t\u00e9 absorbante<\/p>\n<p>Le juge rappelle le principe de la transmission universelle des contrats. La d\u00e9cision constate l\u2019absorption de la soci\u00e9t\u00e9 mandataire initiale par une autre soci\u00e9t\u00e9. Elle applique le r\u00e9gime l\u00e9gal des fusions pour r\u00e9soudre la question de la qualit\u00e9. &#171;Ainsi la soci\u00e9t\u00e9 absorbante se substitue \u00e0 tous les contrats en cours (dont les baux commerciaux), sans l\u2019accord des contractants sauf dispositions contractuelles contraires.&#187; (Motifs) Le transfert des droits et obligations op\u00e8re donc de plein droit. La lecture du mandat de location ne r\u00e9v\u00e8le aucune clause s\u2019opposant \u00e0 cette substitution. La port\u00e9e de ce point est essentielle en droit des soci\u00e9t\u00e9s. Il confirme le caract\u00e8re automatique de la d\u00e9volution contractuelle post-fusion. Cette automaticit\u00e9 s\u00e9curise les op\u00e9rations de concentration \u00e9conomique. Elle \u00e9vite de solliciter l\u2019accord individuel de chaque cocontractant.<\/p>\n<p>L\u2019appr\u00e9ciation stricte du d\u00e9faut de qualit\u00e9 pour agir<\/p>\n<p>Le juge de la mise en \u00e9tat v\u00e9rifie la qualit\u00e9 de la partie d\u00e9fenderesse. Il rel\u00e8ve que la soci\u00e9t\u00e9 effectivement absorbante n\u2019est pas celle initialement assign\u00e9e. La soci\u00e9t\u00e9 incorrectement vis\u00e9e d\u00e9montre son absence d\u2019intervention dans les faits litigieux. &#171;La SARL LA TOUR IMMO GESTION ajoute sans \u00eatre contredite n\u2019\u00eatre aucunement intervenue dans la mise en location du bien, ni dans la r\u00e9daction du bail litigieux.&#187; (Motifs) Le d\u00e9faut de qualit\u00e9 est ainsi \u00e9tabli \u00e0 la date de l\u2019assignation. La solution rappelle que la qualit\u00e9 s\u2019appr\u00e9cie de mani\u00e8re stricte et objective. La valeur de ce point r\u00e9side dans la rigueur proc\u00e9durale exig\u00e9e. Elle prot\u00e8ge une partie contre une action qui ne la concerne pas juridiquement. Cette analyse pr\u00e9alable \u00e9vite un examen au fond inutile et pr\u00e9serve la s\u00e9curit\u00e9 juridique.<\/p>\n<p>La comp\u00e9tence exclusive du juge de la mise en \u00e9tat<\/p>\n<p>L\u2019ordonnance commence par affirmer la comp\u00e9tence du juge de la mise en \u00e9tat. Elle se fonde sur les nouvelles dispositions du code de proc\u00e9dure civile. &#171;Le juge de la mise en \u00e9tat est \u00e0 compter de sa d\u00e9signation et jusqu\u2019\u00e0 son dessaisissement, seul comp\u00e9tent, \u00e0 l\u2019exclusion de toute autre formation du tribunal, pour statuer sur les fins de non-recevoir.&#187; (Motifs) Cette pr\u00e9cision est importante dans le contexte de la r\u00e9forme proc\u00e9durale. Elle consacre une attribution de comp\u00e9tence mat\u00e9rielle exclusive. La port\u00e9e de cette r\u00e8gle est d\u2019organiser efficacement la proc\u00e9dure devant le tribunal. Elle centralise les questions pr\u00e9alables entre les mains d\u2019un m\u00eame magistrat. Cette mesure vise \u00e0 fluidifier le d\u00e9roulement de l\u2019instance et \u00e0 \u00e9viter les dilations.<\/p>\n<p>Les cons\u00e9quences proc\u00e9durales de l\u2019irrecevabilit\u00e9 partielle<\/p>\n<p>La d\u00e9cision produit des effets diff\u00e9renci\u00e9s \u00e0 l\u2019\u00e9gard des deux d\u00e9fenderesses. Elle d\u00e9clare l\u2019action irrecevable contre l\u2019une et met l\u2019autre hors de cause. L\u2019instance au fond se poursuit uniquement \u00e0 l\u2019encontre de la soci\u00e9t\u00e9 absorbante. Le juge organise la suite de la proc\u00e9dure par des mesures d\u2019administration. Il renvoie l\u2019affaire \u00e0 une date ult\u00e9rieure pour la communication des conclusions. La valeur de cette gestion proc\u00e9durale est pragmatique. Elle permet d\u2019assainir le d\u00e9bat en \u00e9cartant une partie non concern\u00e9e. La port\u00e9e est de concentrer le litige sur le v\u00e9ritable rapport juridique en cause. Cette clarification sert l\u2019\u00e9conomie proc\u00e9durale et la bonne administration de la justice.<\/p>\n<\/div>\n","protected":false},"excerpt":{"rendered":"<p>Le tribunal judiciaire, statuant par ordonnance de son juge de la mise en \u00e9tat le 2 octobre 2025, se prononce sur une fin de non-recevoir. Une soci\u00e9t\u00e9 propri&#8230;<\/p>\n","protected":false},"author":232070755,"featured_media":9514,"comment_status":"open","ping_status":"open","sticky":false,"template":"","format":"standard","meta":{"_crdt_document":"","_jetpack_newsletter_access":"","_jetpack_dont_email_post_to_subs":false,"_jetpack_newsletter_tier_id":0,"_jetpack_memberships_contains_paywalled_content":false,"_kj_source_type":"judilibre","_kj_official_id":"68dec3c76af9fd1f8094db57","_kj_official_url":"https:\/\/www.courdecassation.fr\/decision\/68dec3c76af9fd1f8094db57","_kj_judilibre_id":"68dec3c76af9fd1f8094db57","_kj_jur":"Tribunal judiciaire","_kj_lieu":"Tribunal judiciaire de Paris","_kj_chambre":"4\u00e8me chambre 2\u00e8me section","_kj_rg":"24\/06733","_kj_date":"2025-10-02","_jetpack_memberships_contains_paid_content":false,"footnotes":"","jetpack_post_was_ever_published":false},"categories":[7597],"tags":[],"class_list":["post-651394","post","type-post","status-publish","format-standard","has-post-thumbnail","hentry","category-jurisprudence"],"yoast_head":"<!-- This site is optimized with the Yoast SEO Premium plugin v27.5 (Yoast SEO v27.5) - https:\/\/yoast.com\/product\/yoast-seo-premium-wordpress\/ -->\n<title>Tribunal judiciaire de Paris, le 2 octobre 2025, n\u00b024\/06733 - Ma\u00eetre Hassan Kohen, avocat en droit p\u00e9nal \u00e0 Paris<\/title>\n<meta name=\"description\" content=\"Le tribunal judiciaire, statuant par ordonnance de son juge de la mise en \u00e9tat le 2 octobre 2025, se prononce sur une fin de non-recevoir. Une soci\u00e9t\u00e9 propri...\" \/>\n<meta name=\"robots\" content=\"index, follow, max-snippet:-1, max-image-preview:large, max-video-preview:-1\" \/>\n<link rel=\"canonical\" href=\"https:\/\/kohenavocats.com\/ru\/tribunal-judiciaire-de-paris-le-2-octobre-2025-n24-06733\/\" \/>\n<meta property=\"og:locale\" content=\"ru_RU\" \/>\n<meta property=\"og:type\" content=\"article\" \/>\n<meta property=\"og:title\" content=\"Tribunal judiciaire de Paris, le 2 octobre 2025, n\u00b024\/06733\" \/>\n<meta property=\"og:description\" content=\"Le tribunal judiciaire, statuant par ordonnance de son juge de la mise en \u00e9tat le 2 octobre 2025, se prononce sur une fin de non-recevoir. Une soci\u00e9t\u00e9 propri...\" \/>\n<meta property=\"og:url\" content=\"https:\/\/kohenavocats.com\/ru\/tribunal-judiciaire-de-paris-le-2-octobre-2025-n24-06733\/\" \/>\n<meta property=\"og:site_name\" content=\"Ma\u00eetre Hassan Kohen, avocat en droit p\u00e9nal \u00e0 Paris\" \/>\n<meta property=\"article:published_time\" content=\"2026-04-22T18:43:37+00:00\" \/>\n<meta property=\"og:image\" content=\"https:\/\/kohenavocats.com\/wp-content\/uploads\/2024\/11\/zyanya-citlalli-050WJlLW2S4-unsplash.webp\" \/>\n\t<meta property=\"og:image:width\" content=\"3840\" \/>\n\t<meta property=\"og:image:height\" content=\"2160\" \/>\n\t<meta property=\"og:image:type\" content=\"image\/webp\" \/>\n<meta name=\"author\" content=\"Kohen\" \/>\n<meta name=\"twitter:card\" content=\"summary_large_image\" \/>\n<meta name=\"twitter:label1\" content=\"\u041d\u0430\u043f\u0438\u0441\u0430\u043d\u043e \u0430\u0432\u0442\u043e\u0440\u043e\u043c\" \/>\n\t<meta name=\"twitter:data1\" content=\"Kohen\" \/>\n\t<meta name=\"twitter:label2\" content=\"\u041f\u0440\u0438\u043c\u0435\u0440\u043d\u043e\u0435 \u0432\u0440\u0435\u043c\u044f \u0434\u043b\u044f \u0447\u0442\u0435\u043d\u0438\u044f\" \/>\n\t<meta name=\"twitter:data2\" content=\"3 \u043c\u0438\u043d\u0443\u0442\u044b\" \/>\n<script type=\"application\/ld+json\" class=\"yoast-schema-graph\">{\"@context\":\"https:\\\/\\\/schema.org\",\"@graph\":[{\"@type\":\"Article\",\"@id\":\"https:\\\/\\\/kohenavocats.com\\\/ru\\\/tribunal-judiciaire-de-paris-le-2-octobre-2025-n24-06733\\\/#article\",\"isPartOf\":{\"@id\":\"https:\\\/\\\/kohenavocats.com\\\/ru\\\/tribunal-judiciaire-de-paris-le-2-octobre-2025-n24-06733\\\/\"},\"author\":{\"name\":\"Kohen\",\"@id\":\"https:\\\/\\\/kohenavocats.com\\\/ru\\\/#\\\/schema\\\/person\\\/761c9ba54fa1ca84d405cef0831ff751\"},\"headline\":\"Tribunal judiciaire de Paris, le 2 octobre 2025, n\u00b024\\\/06733\",\"datePublished\":\"2026-04-22T18:43:37+00:00\",\"mainEntityOfPage\":{\"@id\":\"https:\\\/\\\/kohenavocats.com\\\/ru\\\/tribunal-judiciaire-de-paris-le-2-octobre-2025-n24-06733\\\/\"},\"wordCount\":687,\"commentCount\":0,\"publisher\":{\"@id\":\"https:\\\/\\\/kohenavocats.com\\\/ru\\\/#organization\"},\"image\":{\"@id\":\"https:\\\/\\\/kohenavocats.com\\\/ru\\\/tribunal-judiciaire-de-paris-le-2-octobre-2025-n24-06733\\\/#primaryimage\"},\"thumbnailUrl\":\"https:\\\/\\\/kohenavocats.com\\\/wp-content\\\/uploads\\\/2024\\\/11\\\/zyanya-citlalli-050WJlLW2S4-unsplash.webp\",\"articleSection\":[\"Jurisprudence\"],\"inLanguage\":\"ru-RU\",\"potentialAction\":[{\"@type\":\"CommentAction\",\"name\":\"Comment\",\"target\":[\"https:\\\/\\\/kohenavocats.com\\\/ru\\\/tribunal-judiciaire-de-paris-le-2-octobre-2025-n24-06733\\\/#respond\"]}],\"citation\":\"Tribunal judiciaire de Paris, le 2 octobre 2025, n\u00b024\\\/06733\",\"about\":[{\"@type\":\"Thing\",\"name\":\"Jurisprudence\"}],\"dateModified\":\"2026-04-22T18:43:37+00:00\",\"speakable\":{\"@type\":\"SpeakableSpecification\",\"cssSelector\":[\".article-content > p:first-of-type\"]}},{\"@type\":\"WebPage\",\"@id\":\"https:\\\/\\\/kohenavocats.com\\\/ru\\\/tribunal-judiciaire-de-paris-le-2-octobre-2025-n24-06733\\\/\",\"url\":\"https:\\\/\\\/kohenavocats.com\\\/ru\\\/tribunal-judiciaire-de-paris-le-2-octobre-2025-n24-06733\\\/\",\"name\":\"Tribunal judiciaire de Paris, le 2 octobre 2025, n\u00b024\\\/06733 - Ma\u00eetre Hassan Kohen, avocat en droit p\u00e9nal \u00e0 Paris\",\"isPartOf\":{\"@id\":\"https:\\\/\\\/kohenavocats.com\\\/ru\\\/#website\"},\"primaryImageOfPage\":{\"@id\":\"https:\\\/\\\/kohenavocats.com\\\/ru\\\/tribunal-judiciaire-de-paris-le-2-octobre-2025-n24-06733\\\/#primaryimage\"},\"image\":{\"@id\":\"https:\\\/\\\/kohenavocats.com\\\/ru\\\/tribunal-judiciaire-de-paris-le-2-octobre-2025-n24-06733\\\/#primaryimage\"},\"thumbnailUrl\":\"https:\\\/\\\/kohenavocats.com\\\/wp-content\\\/uploads\\\/2024\\\/11\\\/zyanya-citlalli-050WJlLW2S4-unsplash.webp\",\"datePublished\":\"2026-04-22T18:43:37+00:00\",\"description\":\"Le tribunal judiciaire, statuant par ordonnance de son juge de la mise en \u00e9tat le 2 octobre 2025, se prononce sur une fin de non-recevoir. Une soci\u00e9t\u00e9 propri...\",\"breadcrumb\":{\"@id\":\"https:\\\/\\\/kohenavocats.com\\\/ru\\\/tribunal-judiciaire-de-paris-le-2-octobre-2025-n24-06733\\\/#breadcrumb\"},\"inLanguage\":\"ru-RU\",\"potentialAction\":[{\"@type\":\"ReadAction\",\"target\":[\"https:\\\/\\\/kohenavocats.com\\\/ru\\\/tribunal-judiciaire-de-paris-le-2-octobre-2025-n24-06733\\\/\"]}]},{\"@type\":\"ImageObject\",\"inLanguage\":\"ru-RU\",\"@id\":\"https:\\\/\\\/kohenavocats.com\\\/ru\\\/tribunal-judiciaire-de-paris-le-2-octobre-2025-n24-06733\\\/#primaryimage\",\"url\":\"https:\\\/\\\/kohenavocats.com\\\/wp-content\\\/uploads\\\/2024\\\/11\\\/zyanya-citlalli-050WJlLW2S4-unsplash.webp\",\"contentUrl\":\"https:\\\/\\\/kohenavocats.com\\\/wp-content\\\/uploads\\\/2024\\\/11\\\/zyanya-citlalli-050WJlLW2S4-unsplash.webp\",\"width\":3840,\"height\":2160},{\"@type\":\"BreadcrumbList\",\"@id\":\"https:\\\/\\\/kohenavocats.com\\\/ru\\\/tribunal-judiciaire-de-paris-le-2-octobre-2025-n24-06733\\\/#breadcrumb\",\"itemListElement\":[{\"@type\":\"ListItem\",\"position\":1,\"name\":\"Home\",\"item\":\"https:\\\/\\\/kohenavocats.com\\\/ru\\\/avocats-en-droit-penal-a-paris-conseil-et-defense-strategique\\\/\"},{\"@type\":\"ListItem\",\"position\":2,\"name\":\"Tribunal judiciaire de Paris, le 2 octobre 2025, n\u00b024\\\/06733\"}]},{\"@type\":\"WebSite\",\"@id\":\"https:\\\/\\\/kohenavocats.com\\\/ru\\\/#website\",\"url\":\"https:\\\/\\\/kohenavocats.com\\\/ru\\\/\",\"name\":\"Kohen Avocats\",\"description\":\"Ma\u00eetre Hassan Kohen, avocat p\u00e9naliste \u00e0 Paris, intervient exclusivement en droit p\u00e9nal pour la d\u00e9fense des particuliers, notamment en mati\u00e8re d\u2019accusations de viol. Il assure un accompagnement rigoureux d\u00e8s la garde \u00e0 vue jusqu\u2019\u00e0 la Cour d\u2019assises, veillant au strict respect des garanties proc\u00e9durales.\",\"publisher\":{\"@id\":\"https:\\\/\\\/kohenavocats.com\\\/ru\\\/#organization\"},\"potentialAction\":[{\"@type\":\"SearchAction\",\"target\":{\"@type\":\"EntryPoint\",\"urlTemplate\":\"https:\\\/\\\/kohenavocats.com\\\/ru\\\/?s={search_term_string}\"},\"query-input\":{\"@type\":\"PropertyValueSpecification\",\"valueRequired\":true,\"valueName\":\"search_term_string\"}}],\"inLanguage\":\"ru-RU\"},{\"@type\":\"Organization\",\"@id\":\"https:\\\/\\\/kohenavocats.com\\\/ru\\\/#organization\",\"name\":\"Kohen Avocats\",\"url\":\"https:\\\/\\\/kohenavocats.com\\\/ru\\\/\",\"logo\":{\"@type\":\"ImageObject\",\"inLanguage\":\"ru-RU\",\"@id\":\"https:\\\/\\\/kohenavocats.com\\\/ru\\\/#\\\/schema\\\/logo\\\/image\\\/\",\"url\":\"https:\\\/\\\/kohenavocats.com\\\/wp-content\\\/uploads\\\/2026\\\/01\\\/Logo-2-1.webp\",\"contentUrl\":\"https:\\\/\\\/kohenavocats.com\\\/wp-content\\\/uploads\\\/2026\\\/01\\\/Logo-2-1.webp\",\"width\":2114,\"height\":1253,\"caption\":\"Kohen Avocats\"},\"image\":{\"@id\":\"https:\\\/\\\/kohenavocats.com\\\/ru\\\/#\\\/schema\\\/logo\\\/image\\\/\"}},{\"@type\":\"Person\",\"@id\":\"https:\\\/\\\/kohenavocats.com\\\/ru\\\/#\\\/schema\\\/person\\\/761c9ba54fa1ca84d405cef0831ff751\",\"name\":\"Kohen\",\"image\":{\"@type\":\"ImageObject\",\"inLanguage\":\"ru-RU\",\"@id\":\"https:\\\/\\\/secure.gravatar.com\\\/avatar\\\/1c5e76ef76bbbfdd2b4da984e2bf2fa4056fd51a27d25ce2c332047f1dfd6e00?s=96&d=identicon&r=g\",\"url\":\"https:\\\/\\\/secure.gravatar.com\\\/avatar\\\/1c5e76ef76bbbfdd2b4da984e2bf2fa4056fd51a27d25ce2c332047f1dfd6e00?s=96&d=identicon&r=g\",\"contentUrl\":\"https:\\\/\\\/secure.gravatar.com\\\/avatar\\\/1c5e76ef76bbbfdd2b4da984e2bf2fa4056fd51a27d25ce2c332047f1dfd6e00?s=96&d=identicon&r=g\",\"caption\":\"Kohen\"},\"sameAs\":[\"https:\\\/\\\/www.linkedin.com\\\/in\\\/hassan-kohen-448548192\\\/\",\"https:\\\/\\\/www.youtube.com\\\/@Kohen-Avocats\"],\"url\":\"https:\\\/\\\/kohenavocats.com\\\/ru\\\/author\\\/kohenmlk\\\/\"}]}<\/script>\n<!-- \/ Yoast SEO Premium plugin. -->","yoast_head_json":{"title":"Tribunal judiciaire de Paris, le 2 octobre 2025, n\u00b024\/06733 - Ma\u00eetre Hassan Kohen, avocat en droit p\u00e9nal \u00e0 Paris","description":"Le tribunal judiciaire, statuant par ordonnance de son juge de la mise en \u00e9tat le 2 octobre 2025, se prononce sur une fin de non-recevoir. Une soci\u00e9t\u00e9 propri...","robots":{"index":"index","follow":"follow","max-snippet":"max-snippet:-1","max-image-preview":"max-image-preview:large","max-video-preview":"max-video-preview:-1"},"canonical":"https:\/\/kohenavocats.com\/ru\/tribunal-judiciaire-de-paris-le-2-octobre-2025-n24-06733\/","og_locale":"ru_RU","og_type":"article","og_title":"Tribunal judiciaire de Paris, le 2 octobre 2025, n\u00b024\/06733","og_description":"Le tribunal judiciaire, statuant par ordonnance de son juge de la mise en \u00e9tat le 2 octobre 2025, se prononce sur une fin de non-recevoir. Une soci\u00e9t\u00e9 propri...","og_url":"https:\/\/kohenavocats.com\/ru\/tribunal-judiciaire-de-paris-le-2-octobre-2025-n24-06733\/","og_site_name":"Ma\u00eetre Hassan Kohen, avocat en droit p\u00e9nal \u00e0 Paris","article_published_time":"2026-04-22T18:43:37+00:00","og_image":[{"width":3840,"height":2160,"url":"https:\/\/kohenavocats.com\/wp-content\/uploads\/2024\/11\/zyanya-citlalli-050WJlLW2S4-unsplash.webp","type":"image\/webp"}],"author":"Kohen","twitter_card":"summary_large_image","twitter_misc":{"\u041d\u0430\u043f\u0438\u0441\u0430\u043d\u043e \u0430\u0432\u0442\u043e\u0440\u043e\u043c":"Kohen","\u041f\u0440\u0438\u043c\u0435\u0440\u043d\u043e\u0435 \u0432\u0440\u0435\u043c\u044f \u0434\u043b\u044f \u0447\u0442\u0435\u043d\u0438\u044f":"3 \u043c\u0438\u043d\u0443\u0442\u044b"},"schema":{"@context":"https:\/\/schema.org","@graph":[{"@type":"Article","@id":"https:\/\/kohenavocats.com\/ru\/tribunal-judiciaire-de-paris-le-2-octobre-2025-n24-06733\/#article","isPartOf":{"@id":"https:\/\/kohenavocats.com\/ru\/tribunal-judiciaire-de-paris-le-2-octobre-2025-n24-06733\/"},"author":{"name":"Kohen","@id":"https:\/\/kohenavocats.com\/ru\/#\/schema\/person\/761c9ba54fa1ca84d405cef0831ff751"},"headline":"Tribunal judiciaire de Paris, le 2 octobre 2025, n\u00b024\/06733","datePublished":"2026-04-22T18:43:37+00:00","mainEntityOfPage":{"@id":"https:\/\/kohenavocats.com\/ru\/tribunal-judiciaire-de-paris-le-2-octobre-2025-n24-06733\/"},"wordCount":687,"commentCount":0,"publisher":{"@id":"https:\/\/kohenavocats.com\/ru\/#organization"},"image":{"@id":"https:\/\/kohenavocats.com\/ru\/tribunal-judiciaire-de-paris-le-2-octobre-2025-n24-06733\/#primaryimage"},"thumbnailUrl":"https:\/\/kohenavocats.com\/wp-content\/uploads\/2024\/11\/zyanya-citlalli-050WJlLW2S4-unsplash.webp","articleSection":["Jurisprudence"],"inLanguage":"ru-RU","potentialAction":[{"@type":"CommentAction","name":"Comment","target":["https:\/\/kohenavocats.com\/ru\/tribunal-judiciaire-de-paris-le-2-octobre-2025-n24-06733\/#respond"]}],"citation":"Tribunal judiciaire de Paris, le 2 octobre 2025, n\u00b024\/06733","about":[{"@type":"Thing","name":"Jurisprudence"}],"dateModified":"2026-04-22T18:43:37+00:00","speakable":{"@type":"SpeakableSpecification","cssSelector":[".article-content > p:first-of-type"]}},{"@type":"WebPage","@id":"https:\/\/kohenavocats.com\/ru\/tribunal-judiciaire-de-paris-le-2-octobre-2025-n24-06733\/","url":"https:\/\/kohenavocats.com\/ru\/tribunal-judiciaire-de-paris-le-2-octobre-2025-n24-06733\/","name":"Tribunal judiciaire de Paris, le 2 octobre 2025, n\u00b024\/06733 - Ma\u00eetre Hassan Kohen, avocat en droit p\u00e9nal \u00e0 Paris","isPartOf":{"@id":"https:\/\/kohenavocats.com\/ru\/#website"},"primaryImageOfPage":{"@id":"https:\/\/kohenavocats.com\/ru\/tribunal-judiciaire-de-paris-le-2-octobre-2025-n24-06733\/#primaryimage"},"image":{"@id":"https:\/\/kohenavocats.com\/ru\/tribunal-judiciaire-de-paris-le-2-octobre-2025-n24-06733\/#primaryimage"},"thumbnailUrl":"https:\/\/kohenavocats.com\/wp-content\/uploads\/2024\/11\/zyanya-citlalli-050WJlLW2S4-unsplash.webp","datePublished":"2026-04-22T18:43:37+00:00","description":"Le tribunal judiciaire, statuant par ordonnance de son juge de la mise en \u00e9tat le 2 octobre 2025, se prononce sur une fin de non-recevoir. Une soci\u00e9t\u00e9 propri...","breadcrumb":{"@id":"https:\/\/kohenavocats.com\/ru\/tribunal-judiciaire-de-paris-le-2-octobre-2025-n24-06733\/#breadcrumb"},"inLanguage":"ru-RU","potentialAction":[{"@type":"ReadAction","target":["https:\/\/kohenavocats.com\/ru\/tribunal-judiciaire-de-paris-le-2-octobre-2025-n24-06733\/"]}]},{"@type":"ImageObject","inLanguage":"ru-RU","@id":"https:\/\/kohenavocats.com\/ru\/tribunal-judiciaire-de-paris-le-2-octobre-2025-n24-06733\/#primaryimage","url":"https:\/\/kohenavocats.com\/wp-content\/uploads\/2024\/11\/zyanya-citlalli-050WJlLW2S4-unsplash.webp","contentUrl":"https:\/\/kohenavocats.com\/wp-content\/uploads\/2024\/11\/zyanya-citlalli-050WJlLW2S4-unsplash.webp","width":3840,"height":2160},{"@type":"BreadcrumbList","@id":"https:\/\/kohenavocats.com\/ru\/tribunal-judiciaire-de-paris-le-2-octobre-2025-n24-06733\/#breadcrumb","itemListElement":[{"@type":"ListItem","position":1,"name":"Home","item":"https:\/\/kohenavocats.com\/ru\/avocats-en-droit-penal-a-paris-conseil-et-defense-strategique\/"},{"@type":"ListItem","position":2,"name":"Tribunal judiciaire de Paris, le 2 octobre 2025, n\u00b024\/06733"}]},{"@type":"WebSite","@id":"https:\/\/kohenavocats.com\/ru\/#website","url":"https:\/\/kohenavocats.com\/ru\/","name":"Kohen Avocats","description":"Ma\u00eetre Hassan Kohen, avocat p\u00e9naliste \u00e0 Paris, intervient exclusivement en droit p\u00e9nal pour la d\u00e9fense des particuliers, notamment en mati\u00e8re d\u2019accusations de viol. Il assure un accompagnement rigoureux d\u00e8s la garde \u00e0 vue jusqu\u2019\u00e0 la Cour d\u2019assises, veillant au strict respect des garanties proc\u00e9durales.","publisher":{"@id":"https:\/\/kohenavocats.com\/ru\/#organization"},"potentialAction":[{"@type":"SearchAction","target":{"@type":"EntryPoint","urlTemplate":"https:\/\/kohenavocats.com\/ru\/?s={search_term_string}"},"query-input":{"@type":"PropertyValueSpecification","valueRequired":true,"valueName":"search_term_string"}}],"inLanguage":"ru-RU"},{"@type":"Organization","@id":"https:\/\/kohenavocats.com\/ru\/#organization","name":"Kohen Avocats","url":"https:\/\/kohenavocats.com\/ru\/","logo":{"@type":"ImageObject","inLanguage":"ru-RU","@id":"https:\/\/kohenavocats.com\/ru\/#\/schema\/logo\/image\/","url":"https:\/\/kohenavocats.com\/wp-content\/uploads\/2026\/01\/Logo-2-1.webp","contentUrl":"https:\/\/kohenavocats.com\/wp-content\/uploads\/2026\/01\/Logo-2-1.webp","width":2114,"height":1253,"caption":"Kohen Avocats"},"image":{"@id":"https:\/\/kohenavocats.com\/ru\/#\/schema\/logo\/image\/"}},{"@type":"Person","@id":"https:\/\/kohenavocats.com\/ru\/#\/schema\/person\/761c9ba54fa1ca84d405cef0831ff751","name":"Kohen","image":{"@type":"ImageObject","inLanguage":"ru-RU","@id":"https:\/\/secure.gravatar.com\/avatar\/1c5e76ef76bbbfdd2b4da984e2bf2fa4056fd51a27d25ce2c332047f1dfd6e00?s=96&d=identicon&r=g","url":"https:\/\/secure.gravatar.com\/avatar\/1c5e76ef76bbbfdd2b4da984e2bf2fa4056fd51a27d25ce2c332047f1dfd6e00?s=96&d=identicon&r=g","contentUrl":"https:\/\/secure.gravatar.com\/avatar\/1c5e76ef76bbbfdd2b4da984e2bf2fa4056fd51a27d25ce2c332047f1dfd6e00?s=96&d=identicon&r=g","caption":"Kohen"},"sameAs":["https:\/\/www.linkedin.com\/in\/hassan-kohen-448548192\/","https:\/\/www.youtube.com\/@Kohen-Avocats"],"url":"https:\/\/kohenavocats.com\/ru\/author\/kohenmlk\/"}]}},"jetpack_featured_media_url":"https:\/\/kohenavocats.com\/wp-content\/uploads\/2024\/11\/zyanya-citlalli-050WJlLW2S4-unsplash.webp","jetpack_likes_enabled":false,"jetpack_shortlink":"https:\/\/wp.me\/peCrII-2Jsm","jetpack-related-posts":[{"id":643329,"url":"https:\/\/kohenavocats.com\/ru\/cour-dappel-le-8-octobre-2025-n25-02147\/","url_meta":{"origin":651394,"position":0},"title":"Cour d&#8217;appel, le 8 octobre 2025, n\u00b025\/02147","author":"Kohen","date":"22.04.2026","format":false,"excerpt":"La Cour d'appel, dans un arr\u00eat du [date non pr\u00e9cis\u00e9e], statue sur un litige opposant une salari\u00e9e \u00e0 son employeur. La salari\u00e9e avait saisi le conseil de prud...","rel":"","context":"\u0412 &quot;Jurisprudence&quot;","block_context":{"text":"Jurisprudence","link":"https:\/\/kohenavocats.com\/category\/jurisprudence\/"},"img":{"alt_text":"","src":"https:\/\/i0.wp.com\/kohenavocats.com\/wp-content\/uploads\/2024\/11\/bhavik-nasit-otN0Zt25rIk-unsplash.webp?resize=350%2C200&ssl=1","width":350,"height":200,"srcset":"https:\/\/i0.wp.com\/kohenavocats.com\/wp-content\/uploads\/2024\/11\/bhavik-nasit-otN0Zt25rIk-unsplash.webp?resize=350%2C200&ssl=1 1x, https:\/\/i0.wp.com\/kohenavocats.com\/wp-content\/uploads\/2024\/11\/bhavik-nasit-otN0Zt25rIk-unsplash.webp?resize=525%2C300&ssl=1 1.5x, https:\/\/i0.wp.com\/kohenavocats.com\/wp-content\/uploads\/2024\/11\/bhavik-nasit-otN0Zt25rIk-unsplash.webp?resize=700%2C400&ssl=1 2x, https:\/\/i0.wp.com\/kohenavocats.com\/wp-content\/uploads\/2024\/11\/bhavik-nasit-otN0Zt25rIk-unsplash.webp?resize=1050%2C600&ssl=1 3x, https:\/\/i0.wp.com\/kohenavocats.com\/wp-content\/uploads\/2024\/11\/bhavik-nasit-otN0Zt25rIk-unsplash.webp?resize=1400%2C800&ssl=1 4x"},"classes":[]},{"id":487998,"url":"https:\/\/kohenavocats.com\/ru\/tribunal-judiciaire-de-nice-le-25-novembre-2025-n21-02517\/","url_meta":{"origin":651394,"position":1},"title":"Tribunal judiciaire de Nice, le 25 novembre 2025, n\u00b021\/02517","author":"Kohen","date":"08.04.2026","format":false,"excerpt":"Le tribunal judiciaire de Nice, statuant par ordonnance de son juge de la mise en \u00e9tat, a \u00e9t\u00e9 saisi d\u2019un litige indemnitaire entre soci\u00e9t\u00e9s et une personne p...","rel":"","context":"\u0412 &quot;Jurisprudence&quot;","block_context":{"text":"Jurisprudence","link":"https:\/\/kohenavocats.com\/category\/jurisprudence\/"},"img":{"alt_text":"","src":"https:\/\/i0.wp.com\/kohenavocats.com\/wp-content\/uploads\/2024\/11\/zyanya-citlalli-0ITfUIWxi9k-unsplash.webp?resize=350%2C200&ssl=1","width":350,"height":200,"srcset":"https:\/\/i0.wp.com\/kohenavocats.com\/wp-content\/uploads\/2024\/11\/zyanya-citlalli-0ITfUIWxi9k-unsplash.webp?resize=350%2C200&ssl=1 1x, https:\/\/i0.wp.com\/kohenavocats.com\/wp-content\/uploads\/2024\/11\/zyanya-citlalli-0ITfUIWxi9k-unsplash.webp?resize=525%2C300&ssl=1 1.5x, https:\/\/i0.wp.com\/kohenavocats.com\/wp-content\/uploads\/2024\/11\/zyanya-citlalli-0ITfUIWxi9k-unsplash.webp?resize=700%2C400&ssl=1 2x, https:\/\/i0.wp.com\/kohenavocats.com\/wp-content\/uploads\/2024\/11\/zyanya-citlalli-0ITfUIWxi9k-unsplash.webp?resize=1050%2C600&ssl=1 3x, https:\/\/i0.wp.com\/kohenavocats.com\/wp-content\/uploads\/2024\/11\/zyanya-citlalli-0ITfUIWxi9k-unsplash.webp?resize=1400%2C800&ssl=1 4x"},"classes":[]},{"id":682463,"url":"https:\/\/kohenavocats.com\/ru\/cour-dappel-de-aix-en-provence-le-24-octobre-2024-n24-13435\/","url_meta":{"origin":651394,"position":2},"title":"Cour d&#8217;appel de Aix-en-Provence, le 24 octobre 2024, n\u00b024\/13435","author":"Kohen","date":"25.04.2026","format":false,"excerpt":"La Cour d'appel d'Aix-en-Provence, statuant par arr\u00eat r\u00e9put\u00e9 contradictoire, confirme le 24 octobre 2024 une ordonnance d'incident. Cette derni\u00e8re avait d\u00e9cl...","rel":"","context":"\u0412 &quot;Jurisprudence&quot;","block_context":{"text":"Jurisprudence","link":"https:\/\/kohenavocats.com\/category\/jurisprudence\/"},"img":{"alt_text":"","src":"https:\/\/i0.wp.com\/kohenavocats.com\/wp-content\/uploads\/2024\/11\/wesley-tingey-ucF8x5VggIA-unsplash.webp?resize=350%2C200&ssl=1","width":350,"height":200,"srcset":"https:\/\/i0.wp.com\/kohenavocats.com\/wp-content\/uploads\/2024\/11\/wesley-tingey-ucF8x5VggIA-unsplash.webp?resize=350%2C200&ssl=1 1x, https:\/\/i0.wp.com\/kohenavocats.com\/wp-content\/uploads\/2024\/11\/wesley-tingey-ucF8x5VggIA-unsplash.webp?resize=525%2C300&ssl=1 1.5x, https:\/\/i0.wp.com\/kohenavocats.com\/wp-content\/uploads\/2024\/11\/wesley-tingey-ucF8x5VggIA-unsplash.webp?resize=700%2C400&ssl=1 2x, https:\/\/i0.wp.com\/kohenavocats.com\/wp-content\/uploads\/2024\/11\/wesley-tingey-ucF8x5VggIA-unsplash.webp?resize=1050%2C600&ssl=1 3x, https:\/\/i0.wp.com\/kohenavocats.com\/wp-content\/uploads\/2024\/11\/wesley-tingey-ucF8x5VggIA-unsplash.webp?resize=1400%2C800&ssl=1 4x"},"classes":[]},{"id":431442,"url":"https:\/\/kohenavocats.com\/ru\/cour-dappel-de-lyon-le-26-fevrier-2026-n24-07581\/","url_meta":{"origin":651394,"position":3},"title":"Cour d&#8217;appel de Lyon, le 26 f\u00e9vrier 2026, n\u00b024\/07581","author":"Kohen","date":"24.03.2026","format":false,"excerpt":"La Cour d\u2019appel de Lyon, dans un arr\u00eat du 26 f\u00e9vrier 2026, a confirm\u00e9 une ordonnance du juge de la mise en \u00e9tat du tribunal judiciaire de Lyon du 17 septembre 2024. Cette ordonnance avait prononc\u00e9 la nullit\u00e9 d\u2019une assignation d\u00e9livr\u00e9e \u00e0 une soci\u00e9t\u00e9 absorb\u00e9e lors d\u2019une fusion. Un investisseur,\u2026","rel":"","context":"\u0412 &quot;Cour d'appel&quot;","block_context":{"text":"Cour d'appel","link":"https:\/\/kohenavocats.com\/category\/cour-dappel\/"},"img":{"alt_text":"","src":"https:\/\/i0.wp.com\/kohenavocats.com\/wp-content\/uploads\/2024\/07\/beatriz-perez-moya-XN4T2PVUUgk-unsplash.webp?resize=350%2C200&ssl=1","width":350,"height":200,"srcset":"https:\/\/i0.wp.com\/kohenavocats.com\/wp-content\/uploads\/2024\/07\/beatriz-perez-moya-XN4T2PVUUgk-unsplash.webp?resize=350%2C200&ssl=1 1x, https:\/\/i0.wp.com\/kohenavocats.com\/wp-content\/uploads\/2024\/07\/beatriz-perez-moya-XN4T2PVUUgk-unsplash.webp?resize=525%2C300&ssl=1 1.5x, https:\/\/i0.wp.com\/kohenavocats.com\/wp-content\/uploads\/2024\/07\/beatriz-perez-moya-XN4T2PVUUgk-unsplash.webp?resize=700%2C400&ssl=1 2x, https:\/\/i0.wp.com\/kohenavocats.com\/wp-content\/uploads\/2024\/07\/beatriz-perez-moya-XN4T2PVUUgk-unsplash.webp?resize=1050%2C600&ssl=1 3x, https:\/\/i0.wp.com\/kohenavocats.com\/wp-content\/uploads\/2024\/07\/beatriz-perez-moya-XN4T2PVUUgk-unsplash.webp?resize=1400%2C800&ssl=1 4x"},"classes":[]},{"id":619909,"url":"https:\/\/kohenavocats.com\/ru\/cour-dappel-le-7-mai-2024-n22-08706\/","url_meta":{"origin":651394,"position":4},"title":"Cour d&#8217;appel, le 7 mai 2024, n\u00b022\/08706","author":"Kohen","date":"20.04.2026","format":false,"excerpt":"Cour d\u2019appel de Paris, chambre sociale, arr\u00eat du 7 mai 2024. Suite \u00e0 une fusion, le contrat de travail d\u2019une salari\u00e9e est transf\u00e9r\u00e9 \u00e0 la soci\u00e9t\u00e9 absorbante. ...","rel":"","context":"\u0412 &quot;Jurisprudence&quot;","block_context":{"text":"Jurisprudence","link":"https:\/\/kohenavocats.com\/category\/jurisprudence\/"},"img":{"alt_text":"","src":"https:\/\/i0.wp.com\/kohenavocats.com\/wp-content\/uploads\/2024\/11\/steve-johnson-O6vuhf4ID2w-unsplash.webp?resize=350%2C200&ssl=1","width":350,"height":200,"srcset":"https:\/\/i0.wp.com\/kohenavocats.com\/wp-content\/uploads\/2024\/11\/steve-johnson-O6vuhf4ID2w-unsplash.webp?resize=350%2C200&ssl=1 1x, https:\/\/i0.wp.com\/kohenavocats.com\/wp-content\/uploads\/2024\/11\/steve-johnson-O6vuhf4ID2w-unsplash.webp?resize=525%2C300&ssl=1 1.5x, https:\/\/i0.wp.com\/kohenavocats.com\/wp-content\/uploads\/2024\/11\/steve-johnson-O6vuhf4ID2w-unsplash.webp?resize=700%2C400&ssl=1 2x, https:\/\/i0.wp.com\/kohenavocats.com\/wp-content\/uploads\/2024\/11\/steve-johnson-O6vuhf4ID2w-unsplash.webp?resize=1050%2C600&ssl=1 3x, https:\/\/i0.wp.com\/kohenavocats.com\/wp-content\/uploads\/2024\/11\/steve-johnson-O6vuhf4ID2w-unsplash.webp?resize=1400%2C800&ssl=1 4x"},"classes":[]},{"id":468016,"url":"https:\/\/kohenavocats.com\/ru\/tribunal-de-commerce-de-chalon-sur-saone-2025-12-08-n2025001768\/","url_meta":{"origin":651394,"position":5},"title":"Tribunal de commerce de Chalon-sur-Sa\u00f4ne &#8212; 2025-12-08 &#8212; n\u00b02025001768","author":"Kohen","date":"07.04.2026","format":false,"excerpt":"Le Tribunal de commerce de Chalon-sur-Sa\u00f4ne, par jugement du 8 d\u00e9cembre 2025, statue sur une demande en responsabilit\u00e9. Une soci\u00e9t\u00e9 de gestion comptable est ...","rel":"","context":"\u0412 &quot;Jurisprudence&quot;","block_context":{"text":"Jurisprudence","link":"https:\/\/kohenavocats.com\/category\/jurisprudence\/"},"img":{"alt_text":"","src":"https:\/\/i0.wp.com\/kohenavocats.com\/wp-content\/uploads\/2024\/07\/aleix-ventayol-yPoM-wmzKMM-unsplash-2.webp?resize=350%2C200&ssl=1","width":350,"height":200,"srcset":"https:\/\/i0.wp.com\/kohenavocats.com\/wp-content\/uploads\/2024\/07\/aleix-ventayol-yPoM-wmzKMM-unsplash-2.webp?resize=350%2C200&ssl=1 1x, https:\/\/i0.wp.com\/kohenavocats.com\/wp-content\/uploads\/2024\/07\/aleix-ventayol-yPoM-wmzKMM-unsplash-2.webp?resize=525%2C300&ssl=1 1.5x, https:\/\/i0.wp.com\/kohenavocats.com\/wp-content\/uploads\/2024\/07\/aleix-ventayol-yPoM-wmzKMM-unsplash-2.webp?resize=700%2C400&ssl=1 2x, https:\/\/i0.wp.com\/kohenavocats.com\/wp-content\/uploads\/2024\/07\/aleix-ventayol-yPoM-wmzKMM-unsplash-2.webp?resize=1050%2C600&ssl=1 3x, https:\/\/i0.wp.com\/kohenavocats.com\/wp-content\/uploads\/2024\/07\/aleix-ventayol-yPoM-wmzKMM-unsplash-2.webp?resize=1400%2C800&ssl=1 4x"},"classes":[]}],"jetpack_sharing_enabled":true,"_links":{"self":[{"href":"https:\/\/kohenavocats.com\/ru\/wp-json\/wp\/v2\/posts\/651394","targetHints":{"allow":["GET"]}}],"collection":[{"href":"https:\/\/kohenavocats.com\/ru\/wp-json\/wp\/v2\/posts"}],"about":[{"href":"https:\/\/kohenavocats.com\/ru\/wp-json\/wp\/v2\/types\/post"}],"author":[{"embeddable":true,"href":"https:\/\/kohenavocats.com\/ru\/wp-json\/wp\/v2\/users\/232070755"}],"replies":[{"embeddable":true,"href":"https:\/\/kohenavocats.com\/ru\/wp-json\/wp\/v2\/comments?post=651394"}],"version-history":[{"count":0,"href":"https:\/\/kohenavocats.com\/ru\/wp-json\/wp\/v2\/posts\/651394\/revisions"}],"wp:featuredmedia":[{"embeddable":true,"href":"https:\/\/kohenavocats.com\/ru\/wp-json\/wp\/v2\/media\/9514"}],"wp:attachment":[{"href":"https:\/\/kohenavocats.com\/ru\/wp-json\/wp\/v2\/media?parent=651394"}],"wp:term":[{"taxonomy":"category","embeddable":true,"href":"https:\/\/kohenavocats.com\/ru\/wp-json\/wp\/v2\/categories?post=651394"},{"taxonomy":"post_tag","embeddable":true,"href":"https:\/\/kohenavocats.com\/ru\/wp-json\/wp\/v2\/tags?post=651394"}],"curies":[{"name":"wp","href":"https:\/\/api.w.org\/{rel}","templated":true}]}}