{"id":651730,"date":"2026-04-22T21:41:09","date_gmt":"2026-04-22T19:41:09","guid":{"rendered":"https:\/\/kohenavocats.com\/tribunal-judiciaire-de-versailles-le-2-octobre-2025-n24-00881\/"},"modified":"2026-04-22T21:41:09","modified_gmt":"2026-04-22T19:41:09","slug":"tribunal-judiciaire-de-versailles-le-2-octobre-2025-n24-00881","status":"publish","type":"post","link":"https:\/\/kohenavocats.com\/ru\/tribunal-judiciaire-de-versailles-le-2-octobre-2025-n24-00881\/","title":{"rendered":"Tribunal judiciaire de Versailles, le 2 octobre 2025, n\u00b024\/00881"},"content":{"rendered":"<div class=\"article-content\">\n<p>Le tribunal de proximit\u00e9 de Saint-Germain-en-Laye, statuant par jugement r\u00e9put\u00e9 contradictoire le 2 octobre 2025, examine une action en paiement d&#8217;un cr\u00e9dit \u00e0 la consommation. L&#8217;\u00e9tablissement pr\u00eateur sollicite la d\u00e9ch\u00e9ance du terme du contrat pour d\u00e9faut de paiement. Le juge \u00e9carte cette demande pour vice de preuve de la mise en demeure mais prononce la r\u00e9siliation judiciaire du contrat. Il condamne l&#8217;emprunteur d\u00e9faillant au remboursement du capital et r\u00e9duit la clause p\u00e9nale contractuelle pour son caract\u00e8re excessif.<\/p>\n<p>La r\u00e9gularit\u00e9 proc\u00e9durale de la d\u00e9ch\u00e9ance du terme<\/p>\n<p>Le formalisme imp\u00e9ratif de la mise en demeure. Le juge rappelle le principe g\u00e9n\u00e9ral r\u00e9gissant la d\u00e9ch\u00e9ance du terme dans les contrats de pr\u00eat. &#171;Si le contrat de pr\u00eat peut pr\u00e9voir que la d\u00e9faillance de l\u2019emprunteur entrainera la d\u00e9ch\u00e9ance du terme, celle-ci ne peut, sauf disposition contraire expresse et non \u00e9quivoque, \u00eatre d\u00e9clar\u00e9e acquise au cr\u00e9ancier sans la d\u00e9livrance d\u2019une mise en demeure rest\u00e9e sans effet.&#187; Cette r\u00e8gle protectrice s&#8217;applique \u00e0 tout pr\u00eat de somme d&#8217;argent, notamment \u00e0 la consommation. Elle impose une formalit\u00e9 substantielle pr\u00e9alable \u00e0 l&#8217;activation d&#8217;une clause r\u00e9solutoire. La Cour de cassation en a pr\u00e9cis\u00e9 les conditions dans une jurisprudence constante. &#171;Si le contrat de pr\u00eat d&#8217;une somme d&#8217;argent peut pr\u00e9voir que la d\u00e9faillance de l&#8217;emprunteur non commer\u00e7ant entra\u00eenera la d\u00e9ch\u00e9ance du terme, celle-ci ne peut, sauf disposition expresse et non \u00e9quivoque, \u00eatre d\u00e9clar\u00e9e acquise au cr\u00e9ancier sans la d\u00e9livrance d&#8217;une mise en demeure rest\u00e9e sans effet, pr\u00e9cisant le d\u00e9lai dont dispose le d\u00e9biteur pour y faire obstacle ainsi que l&#8217;a jug\u00e9 la Cour de cassation (Civ. 1\u00e8re, 3 juin 2015, n\u00b0 14-15655).&#187; (Cour d&#8217;appel, le 27 mars 2025, n\u00b022\/13255). La mise en demeure constitue ainsi un garde-fou essentiel pour le d\u00e9biteur non commer\u00e7ant.<\/p>\n<p>L&#8217;exigence probatoire stricte pesant sur le cr\u00e9ancier. En l&#8217;esp\u00e8ce, le pr\u00eateur invoque une lettre de mise en demeure dat\u00e9e du 17 juin 2024. Le juge constate cependant l&#8217;absence de preuve mat\u00e9rielle de son envoi et de sa r\u00e9ception. &#171;Compte tenu de l\u2019enjeu et des cons\u00e9quences importantes de l\u2019application de la d\u00e9ch\u00e9ance du terme pour l\u2019emprunteur, l\u2019absence de preuve de l\u2019envoi et de son accus\u00e9 de r\u00e9ception de la lettre du 17 juin 2024 ne permet pas de consid\u00e9rer que la lettre visant la d\u00e9ch\u00e9ance du terme est r\u00e9guli\u00e8re.&#187; La rigueur de l&#8217;exigence probatoire est proportionn\u00e9e \u00e0 la gravit\u00e9 de la sanction encourue. Cette solution rappelle que la charge de la preuve de la r\u00e9gularit\u00e9 de la mise en demeure incombe int\u00e9gralement au cr\u00e9ancier. Une jurisprudence ant\u00e9rieure a valid\u00e9 une d\u00e9ch\u00e9ance du terme lorsque le pr\u00eateur produisait un avis de r\u00e9ception. &#171;Le pr\u00eateur produit une mise en demeure adress\u00e9e \u00e0 l&#8217;emprunteur, \u00e0 l&#8217;adresse mentionn\u00e9e au contrat, par lettre recommand\u00e9e avec accus\u00e9 de r\u00e9ception du 27 octobre 2020 avant le prononc\u00e9 de la d\u00e9ch\u00e9ance du terme.&#187; (Cour d&#8217;appel, le 20 f\u00e9vrier 2025, n\u00b022\/12990). L&#8217;absence d&#8217;un tel \u00e9l\u00e9ment justifie donc le rejet de la demande principale.<\/p>\n<p>Les effets et le contr\u00f4le de la r\u00e9siliation judiciaire<\/p>\n<p>La sanction alternative de l&#8217;inex\u00e9cution contractuelle. D\u00e9bout\u00e9 de sa demande en d\u00e9ch\u00e9ance du terme, le pr\u00eateur obtient gain de cause sur sa demande subsidiaire en r\u00e9siliation judiciaire. Le juge constate une inex\u00e9cution suffisamment grave des obligations de l&#8217;emprunteur, justifiant cette sanction. Le d\u00e9faut de paiement des \u00e9ch\u00e9ances depuis le 1er septembre 2023 constitue une violation d&#8217;une obligation essentielle du contrat. La r\u00e9siliation est prononc\u00e9e \u00e0 la date de l&#8217;assignation, soit le 19 d\u00e9cembre 2024, conform\u00e9ment aux principes du droit commun des contrats. Cette solution d\u00e9montre la distinction op\u00e9r\u00e9e par le juge entre la d\u00e9ch\u00e9ance du terme, proc\u00e9dure contractuelle formaliste, et la r\u00e9siliation judiciaire, sanction de l&#8217;inex\u00e9cution fond\u00e9e sur l&#8217;appr\u00e9ciation souveraine des juges du fond. Elle permet n\u00e9anmoins au cr\u00e9ancier d&#8217;obtenir le remboursement imm\u00e9diat du capital restant d\u00fb.<\/p>\n<p>Le pouvoir mod\u00e9rateur du juge sur les indemnit\u00e9s contractuelles. Le juge liquide les cons\u00e9quences p\u00e9cuniaires de la r\u00e9siliation en appliquant les dispositions imp\u00e9ratives du code de la consommation. Il rappelle le plafond l\u00e9gal de l&#8217;indemnit\u00e9 forfaitaire, dite Scrivener, fix\u00e9e \u00e0 8% du capital restant d\u00fb. Toutefois, il exerce son pouvoir de modulation pr\u00e9vu par l&#8217;article 1231-5 du code civil. &#171;Il convient de constater que la clause p\u00e9nale, cumul\u00e9e avec les int\u00e9r\u00eats contractuels rev\u00eat un caract\u00e8re manifestement excessif. Elle sera, en cons\u00e9quence, r\u00e9duite \u00e0 la somme de 300 euros.&#187; Cette r\u00e9duction souligne le contr\u00f4le effectif exerc\u00e9 par le juge sur les clauses p\u00e9nales, m\u00eame issues d&#8217;un bar\u00e8me r\u00e9glementaire, lorsque leur effet cumul\u00e9 avec d&#8217;autres \u00e9l\u00e9ments appara\u00eet disproportionn\u00e9. Le juge prot\u00e8ge ainsi l&#8217;emprunteur d\u00e9faillant contre des charges financi\u00e8res trop lourdes, tout en reconnaissant le pr\u00e9judice subi par le pr\u00eateur.<\/p>\n<\/div>\n","protected":false},"excerpt":{"rendered":"<p>Le tribunal de proximit\u00e9 de Saint-Germain-en-Laye, statuant par jugement r\u00e9put\u00e9 contradictoire le 2 octobre 2025, examine une action en paiement d&#8217;un cr\u00e9dit &#8230;<\/p>\n","protected":false},"author":232070755,"featured_media":4833,"comment_status":"open","ping_status":"open","sticky":false,"template":"","format":"standard","meta":{"_crdt_document":"","_jetpack_newsletter_access":"","_jetpack_dont_email_post_to_subs":false,"_jetpack_newsletter_tier_id":0,"_jetpack_memberships_contains_paywalled_content":false,"_kj_source_type":"judilibre","_kj_official_id":"68dec8746af9fd1f80952648","_kj_official_url":"https:\/\/www.courdecassation.fr\/decision\/68dec8746af9fd1f80952648","_kj_judilibre_id":"68dec8746af9fd1f80952648","_kj_jur":"Tribunal judiciaire","_kj_lieu":"Tribunal judiciaire de Versailles","_kj_chambre":"TPX SGL JCP FOND","_kj_rg":"24\/00881","_kj_date":"2025-10-02","_jetpack_memberships_contains_paid_content":false,"footnotes":"","jetpack_post_was_ever_published":false},"categories":[7597],"tags":[],"class_list":["post-651730","post","type-post","status-publish","format-standard","has-post-thumbnail","hentry","category-jurisprudence"],"yoast_head":"<!-- This site is optimized with the Yoast SEO Premium plugin v27.5 (Yoast SEO v27.5) - https:\/\/yoast.com\/product\/yoast-seo-premium-wordpress\/ -->\n<title>Tribunal judiciaire de Versailles, le 2 octobre 2025, n\u00b024\/00881 - Ma\u00eetre Hassan Kohen, avocat en droit p\u00e9nal \u00e0 Paris<\/title>\n<meta name=\"description\" content=\"Le tribunal de proximit\u00e9 de Saint-Germain-en-Laye, statuant par jugement r\u00e9put\u00e9 contradictoire le 2 octobre 2025, examine une action en paiement d&#039;un cr\u00e9dit ...\" \/>\n<meta name=\"robots\" content=\"index, follow, max-snippet:-1, max-image-preview:large, max-video-preview:-1\" \/>\n<link rel=\"canonical\" href=\"https:\/\/kohenavocats.com\/ru\/tribunal-judiciaire-de-versailles-le-2-octobre-2025-n24-00881\/\" \/>\n<meta property=\"og:locale\" content=\"ru_RU\" \/>\n<meta property=\"og:type\" content=\"article\" \/>\n<meta property=\"og:title\" content=\"Tribunal judiciaire de Versailles, le 2 octobre 2025, n\u00b024\/00881\" \/>\n<meta property=\"og:description\" content=\"Le tribunal de proximit\u00e9 de Saint-Germain-en-Laye, statuant par jugement r\u00e9put\u00e9 contradictoire le 2 octobre 2025, examine une action en paiement d&#039;un cr\u00e9dit ...\" \/>\n<meta property=\"og:url\" content=\"https:\/\/kohenavocats.com\/ru\/tribunal-judiciaire-de-versailles-le-2-octobre-2025-n24-00881\/\" \/>\n<meta property=\"og:site_name\" content=\"Ma\u00eetre Hassan Kohen, avocat en droit p\u00e9nal \u00e0 Paris\" \/>\n<meta property=\"article:published_time\" content=\"2026-04-22T19:41:09+00:00\" \/>\n<meta property=\"og:image\" content=\"https:\/\/kohenavocats.com\/wp-content\/uploads\/2024\/08\/andre-benz-AiORnUT6sC0-unsplash.webp\" \/>\n\t<meta property=\"og:image:width\" content=\"6627\" \/>\n\t<meta property=\"og:image:height\" content=\"4418\" \/>\n\t<meta property=\"og:image:type\" content=\"image\/webp\" \/>\n<meta name=\"author\" content=\"Kohen\" \/>\n<meta name=\"twitter:card\" content=\"summary_large_image\" \/>\n<meta name=\"twitter:label1\" content=\"\u041d\u0430\u043f\u0438\u0441\u0430\u043d\u043e \u0430\u0432\u0442\u043e\u0440\u043e\u043c\" \/>\n\t<meta name=\"twitter:data1\" content=\"Kohen\" \/>\n\t<meta name=\"twitter:label2\" content=\"\u041f\u0440\u0438\u043c\u0435\u0440\u043d\u043e\u0435 \u0432\u0440\u0435\u043c\u044f \u0434\u043b\u044f \u0447\u0442\u0435\u043d\u0438\u044f\" \/>\n\t<meta name=\"twitter:data2\" content=\"4 \u043c\u0438\u043d\u0443\u0442\u044b\" \/>\n<script type=\"application\/ld+json\" class=\"yoast-schema-graph\">{\"@context\":\"https:\\\/\\\/schema.org\",\"@graph\":[{\"@type\":\"Article\",\"@id\":\"https:\\\/\\\/kohenavocats.com\\\/ru\\\/tribunal-judiciaire-de-versailles-le-2-octobre-2025-n24-00881\\\/#article\",\"isPartOf\":{\"@id\":\"https:\\\/\\\/kohenavocats.com\\\/ru\\\/tribunal-judiciaire-de-versailles-le-2-octobre-2025-n24-00881\\\/\"},\"author\":{\"name\":\"Kohen\",\"@id\":\"https:\\\/\\\/kohenavocats.com\\\/ru\\\/#\\\/schema\\\/person\\\/761c9ba54fa1ca84d405cef0831ff751\"},\"headline\":\"Tribunal judiciaire de Versailles, le 2 octobre 2025, n\u00b024\\\/00881\",\"datePublished\":\"2026-04-22T19:41:09+00:00\",\"mainEntityOfPage\":{\"@id\":\"https:\\\/\\\/kohenavocats.com\\\/ru\\\/tribunal-judiciaire-de-versailles-le-2-octobre-2025-n24-00881\\\/\"},\"wordCount\":912,\"commentCount\":0,\"publisher\":{\"@id\":\"https:\\\/\\\/kohenavocats.com\\\/ru\\\/#organization\"},\"image\":{\"@id\":\"https:\\\/\\\/kohenavocats.com\\\/ru\\\/tribunal-judiciaire-de-versailles-le-2-octobre-2025-n24-00881\\\/#primaryimage\"},\"thumbnailUrl\":\"https:\\\/\\\/kohenavocats.com\\\/wp-content\\\/uploads\\\/2024\\\/08\\\/andre-benz-AiORnUT6sC0-unsplash.webp\",\"articleSection\":[\"Jurisprudence\"],\"inLanguage\":\"ru-RU\",\"potentialAction\":[{\"@type\":\"CommentAction\",\"name\":\"Comment\",\"target\":[\"https:\\\/\\\/kohenavocats.com\\\/ru\\\/tribunal-judiciaire-de-versailles-le-2-octobre-2025-n24-00881\\\/#respond\"]}],\"citation\":\"Tribunal judiciaire de Versailles, le 2 octobre 2025, n\u00b024\\\/00881\",\"about\":[{\"@type\":\"Thing\",\"name\":\"Jurisprudence\"}],\"dateModified\":\"2026-04-22T19:41:09+00:00\",\"speakable\":{\"@type\":\"SpeakableSpecification\",\"cssSelector\":[\".article-content > p:first-of-type\"]}},{\"@type\":\"WebPage\",\"@id\":\"https:\\\/\\\/kohenavocats.com\\\/ru\\\/tribunal-judiciaire-de-versailles-le-2-octobre-2025-n24-00881\\\/\",\"url\":\"https:\\\/\\\/kohenavocats.com\\\/ru\\\/tribunal-judiciaire-de-versailles-le-2-octobre-2025-n24-00881\\\/\",\"name\":\"Tribunal judiciaire de Versailles, le 2 octobre 2025, n\u00b024\\\/00881 - Ma\u00eetre Hassan Kohen, avocat en droit p\u00e9nal \u00e0 Paris\",\"isPartOf\":{\"@id\":\"https:\\\/\\\/kohenavocats.com\\\/ru\\\/#website\"},\"primaryImageOfPage\":{\"@id\":\"https:\\\/\\\/kohenavocats.com\\\/ru\\\/tribunal-judiciaire-de-versailles-le-2-octobre-2025-n24-00881\\\/#primaryimage\"},\"image\":{\"@id\":\"https:\\\/\\\/kohenavocats.com\\\/ru\\\/tribunal-judiciaire-de-versailles-le-2-octobre-2025-n24-00881\\\/#primaryimage\"},\"thumbnailUrl\":\"https:\\\/\\\/kohenavocats.com\\\/wp-content\\\/uploads\\\/2024\\\/08\\\/andre-benz-AiORnUT6sC0-unsplash.webp\",\"datePublished\":\"2026-04-22T19:41:09+00:00\",\"description\":\"Le tribunal de proximit\u00e9 de Saint-Germain-en-Laye, statuant par jugement r\u00e9put\u00e9 contradictoire le 2 octobre 2025, examine une action en paiement d'un cr\u00e9dit ...\",\"breadcrumb\":{\"@id\":\"https:\\\/\\\/kohenavocats.com\\\/ru\\\/tribunal-judiciaire-de-versailles-le-2-octobre-2025-n24-00881\\\/#breadcrumb\"},\"inLanguage\":\"ru-RU\",\"potentialAction\":[{\"@type\":\"ReadAction\",\"target\":[\"https:\\\/\\\/kohenavocats.com\\\/ru\\\/tribunal-judiciaire-de-versailles-le-2-octobre-2025-n24-00881\\\/\"]}]},{\"@type\":\"ImageObject\",\"inLanguage\":\"ru-RU\",\"@id\":\"https:\\\/\\\/kohenavocats.com\\\/ru\\\/tribunal-judiciaire-de-versailles-le-2-octobre-2025-n24-00881\\\/#primaryimage\",\"url\":\"https:\\\/\\\/kohenavocats.com\\\/wp-content\\\/uploads\\\/2024\\\/08\\\/andre-benz-AiORnUT6sC0-unsplash.webp\",\"contentUrl\":\"https:\\\/\\\/kohenavocats.com\\\/wp-content\\\/uploads\\\/2024\\\/08\\\/andre-benz-AiORnUT6sC0-unsplash.webp\",\"width\":6627,\"height\":4418},{\"@type\":\"BreadcrumbList\",\"@id\":\"https:\\\/\\\/kohenavocats.com\\\/ru\\\/tribunal-judiciaire-de-versailles-le-2-octobre-2025-n24-00881\\\/#breadcrumb\",\"itemListElement\":[{\"@type\":\"ListItem\",\"position\":1,\"name\":\"Home\",\"item\":\"https:\\\/\\\/kohenavocats.com\\\/ru\\\/avocats-en-droit-penal-a-paris-conseil-et-defense-strategique\\\/\"},{\"@type\":\"ListItem\",\"position\":2,\"name\":\"Tribunal judiciaire de Versailles, le 2 octobre 2025, n\u00b024\\\/00881\"}]},{\"@type\":\"WebSite\",\"@id\":\"https:\\\/\\\/kohenavocats.com\\\/ru\\\/#website\",\"url\":\"https:\\\/\\\/kohenavocats.com\\\/ru\\\/\",\"name\":\"Kohen Avocats\",\"description\":\"Ma\u00eetre Hassan Kohen, avocat p\u00e9naliste \u00e0 Paris, intervient exclusivement en droit p\u00e9nal pour la d\u00e9fense des particuliers, notamment en mati\u00e8re d\u2019accusations de viol. Il assure un accompagnement rigoureux d\u00e8s la garde \u00e0 vue jusqu\u2019\u00e0 la Cour d\u2019assises, veillant au strict respect des garanties proc\u00e9durales.\",\"publisher\":{\"@id\":\"https:\\\/\\\/kohenavocats.com\\\/ru\\\/#organization\"},\"potentialAction\":[{\"@type\":\"SearchAction\",\"target\":{\"@type\":\"EntryPoint\",\"urlTemplate\":\"https:\\\/\\\/kohenavocats.com\\\/ru\\\/?s={search_term_string}\"},\"query-input\":{\"@type\":\"PropertyValueSpecification\",\"valueRequired\":true,\"valueName\":\"search_term_string\"}}],\"inLanguage\":\"ru-RU\"},{\"@type\":\"Organization\",\"@id\":\"https:\\\/\\\/kohenavocats.com\\\/ru\\\/#organization\",\"name\":\"Kohen Avocats\",\"url\":\"https:\\\/\\\/kohenavocats.com\\\/ru\\\/\",\"logo\":{\"@type\":\"ImageObject\",\"inLanguage\":\"ru-RU\",\"@id\":\"https:\\\/\\\/kohenavocats.com\\\/ru\\\/#\\\/schema\\\/logo\\\/image\\\/\",\"url\":\"https:\\\/\\\/kohenavocats.com\\\/wp-content\\\/uploads\\\/2026\\\/01\\\/Logo-2-1.webp\",\"contentUrl\":\"https:\\\/\\\/kohenavocats.com\\\/wp-content\\\/uploads\\\/2026\\\/01\\\/Logo-2-1.webp\",\"width\":2114,\"height\":1253,\"caption\":\"Kohen Avocats\"},\"image\":{\"@id\":\"https:\\\/\\\/kohenavocats.com\\\/ru\\\/#\\\/schema\\\/logo\\\/image\\\/\"}},{\"@type\":\"Person\",\"@id\":\"https:\\\/\\\/kohenavocats.com\\\/ru\\\/#\\\/schema\\\/person\\\/761c9ba54fa1ca84d405cef0831ff751\",\"name\":\"Kohen\",\"image\":{\"@type\":\"ImageObject\",\"inLanguage\":\"ru-RU\",\"@id\":\"https:\\\/\\\/secure.gravatar.com\\\/avatar\\\/1c5e76ef76bbbfdd2b4da984e2bf2fa4056fd51a27d25ce2c332047f1dfd6e00?s=96&d=identicon&r=g\",\"url\":\"https:\\\/\\\/secure.gravatar.com\\\/avatar\\\/1c5e76ef76bbbfdd2b4da984e2bf2fa4056fd51a27d25ce2c332047f1dfd6e00?s=96&d=identicon&r=g\",\"contentUrl\":\"https:\\\/\\\/secure.gravatar.com\\\/avatar\\\/1c5e76ef76bbbfdd2b4da984e2bf2fa4056fd51a27d25ce2c332047f1dfd6e00?s=96&d=identicon&r=g\",\"caption\":\"Kohen\"},\"sameAs\":[\"https:\\\/\\\/www.linkedin.com\\\/in\\\/hassan-kohen-448548192\\\/\",\"https:\\\/\\\/www.youtube.com\\\/@Kohen-Avocats\"],\"url\":\"https:\\\/\\\/kohenavocats.com\\\/ru\\\/author\\\/kohenmlk\\\/\"}]}<\/script>\n<!-- \/ Yoast SEO Premium plugin. -->","yoast_head_json":{"title":"Tribunal judiciaire de Versailles, le 2 octobre 2025, n\u00b024\/00881 - Ma\u00eetre Hassan Kohen, avocat en droit p\u00e9nal \u00e0 Paris","description":"Le tribunal de proximit\u00e9 de Saint-Germain-en-Laye, statuant par jugement r\u00e9put\u00e9 contradictoire le 2 octobre 2025, examine une action en paiement d'un cr\u00e9dit ...","robots":{"index":"index","follow":"follow","max-snippet":"max-snippet:-1","max-image-preview":"max-image-preview:large","max-video-preview":"max-video-preview:-1"},"canonical":"https:\/\/kohenavocats.com\/ru\/tribunal-judiciaire-de-versailles-le-2-octobre-2025-n24-00881\/","og_locale":"ru_RU","og_type":"article","og_title":"Tribunal judiciaire de Versailles, le 2 octobre 2025, n\u00b024\/00881","og_description":"Le tribunal de proximit\u00e9 de Saint-Germain-en-Laye, statuant par jugement r\u00e9put\u00e9 contradictoire le 2 octobre 2025, examine une action en paiement d'un cr\u00e9dit ...","og_url":"https:\/\/kohenavocats.com\/ru\/tribunal-judiciaire-de-versailles-le-2-octobre-2025-n24-00881\/","og_site_name":"Ma\u00eetre Hassan Kohen, avocat en droit p\u00e9nal \u00e0 Paris","article_published_time":"2026-04-22T19:41:09+00:00","og_image":[{"width":6627,"height":4418,"url":"https:\/\/kohenavocats.com\/wp-content\/uploads\/2024\/08\/andre-benz-AiORnUT6sC0-unsplash.webp","type":"image\/webp"}],"author":"Kohen","twitter_card":"summary_large_image","twitter_misc":{"\u041d\u0430\u043f\u0438\u0441\u0430\u043d\u043e \u0430\u0432\u0442\u043e\u0440\u043e\u043c":"Kohen","\u041f\u0440\u0438\u043c\u0435\u0440\u043d\u043e\u0435 \u0432\u0440\u0435\u043c\u044f \u0434\u043b\u044f \u0447\u0442\u0435\u043d\u0438\u044f":"4 \u043c\u0438\u043d\u0443\u0442\u044b"},"schema":{"@context":"https:\/\/schema.org","@graph":[{"@type":"Article","@id":"https:\/\/kohenavocats.com\/ru\/tribunal-judiciaire-de-versailles-le-2-octobre-2025-n24-00881\/#article","isPartOf":{"@id":"https:\/\/kohenavocats.com\/ru\/tribunal-judiciaire-de-versailles-le-2-octobre-2025-n24-00881\/"},"author":{"name":"Kohen","@id":"https:\/\/kohenavocats.com\/ru\/#\/schema\/person\/761c9ba54fa1ca84d405cef0831ff751"},"headline":"Tribunal judiciaire de Versailles, le 2 octobre 2025, n\u00b024\/00881","datePublished":"2026-04-22T19:41:09+00:00","mainEntityOfPage":{"@id":"https:\/\/kohenavocats.com\/ru\/tribunal-judiciaire-de-versailles-le-2-octobre-2025-n24-00881\/"},"wordCount":912,"commentCount":0,"publisher":{"@id":"https:\/\/kohenavocats.com\/ru\/#organization"},"image":{"@id":"https:\/\/kohenavocats.com\/ru\/tribunal-judiciaire-de-versailles-le-2-octobre-2025-n24-00881\/#primaryimage"},"thumbnailUrl":"https:\/\/kohenavocats.com\/wp-content\/uploads\/2024\/08\/andre-benz-AiORnUT6sC0-unsplash.webp","articleSection":["Jurisprudence"],"inLanguage":"ru-RU","potentialAction":[{"@type":"CommentAction","name":"Comment","target":["https:\/\/kohenavocats.com\/ru\/tribunal-judiciaire-de-versailles-le-2-octobre-2025-n24-00881\/#respond"]}],"citation":"Tribunal judiciaire de Versailles, le 2 octobre 2025, n\u00b024\/00881","about":[{"@type":"Thing","name":"Jurisprudence"}],"dateModified":"2026-04-22T19:41:09+00:00","speakable":{"@type":"SpeakableSpecification","cssSelector":[".article-content > p:first-of-type"]}},{"@type":"WebPage","@id":"https:\/\/kohenavocats.com\/ru\/tribunal-judiciaire-de-versailles-le-2-octobre-2025-n24-00881\/","url":"https:\/\/kohenavocats.com\/ru\/tribunal-judiciaire-de-versailles-le-2-octobre-2025-n24-00881\/","name":"Tribunal judiciaire de Versailles, le 2 octobre 2025, n\u00b024\/00881 - Ma\u00eetre Hassan Kohen, avocat en droit p\u00e9nal \u00e0 Paris","isPartOf":{"@id":"https:\/\/kohenavocats.com\/ru\/#website"},"primaryImageOfPage":{"@id":"https:\/\/kohenavocats.com\/ru\/tribunal-judiciaire-de-versailles-le-2-octobre-2025-n24-00881\/#primaryimage"},"image":{"@id":"https:\/\/kohenavocats.com\/ru\/tribunal-judiciaire-de-versailles-le-2-octobre-2025-n24-00881\/#primaryimage"},"thumbnailUrl":"https:\/\/kohenavocats.com\/wp-content\/uploads\/2024\/08\/andre-benz-AiORnUT6sC0-unsplash.webp","datePublished":"2026-04-22T19:41:09+00:00","description":"Le tribunal de proximit\u00e9 de Saint-Germain-en-Laye, statuant par jugement r\u00e9put\u00e9 contradictoire le 2 octobre 2025, examine une action en paiement d'un cr\u00e9dit ...","breadcrumb":{"@id":"https:\/\/kohenavocats.com\/ru\/tribunal-judiciaire-de-versailles-le-2-octobre-2025-n24-00881\/#breadcrumb"},"inLanguage":"ru-RU","potentialAction":[{"@type":"ReadAction","target":["https:\/\/kohenavocats.com\/ru\/tribunal-judiciaire-de-versailles-le-2-octobre-2025-n24-00881\/"]}]},{"@type":"ImageObject","inLanguage":"ru-RU","@id":"https:\/\/kohenavocats.com\/ru\/tribunal-judiciaire-de-versailles-le-2-octobre-2025-n24-00881\/#primaryimage","url":"https:\/\/kohenavocats.com\/wp-content\/uploads\/2024\/08\/andre-benz-AiORnUT6sC0-unsplash.webp","contentUrl":"https:\/\/kohenavocats.com\/wp-content\/uploads\/2024\/08\/andre-benz-AiORnUT6sC0-unsplash.webp","width":6627,"height":4418},{"@type":"BreadcrumbList","@id":"https:\/\/kohenavocats.com\/ru\/tribunal-judiciaire-de-versailles-le-2-octobre-2025-n24-00881\/#breadcrumb","itemListElement":[{"@type":"ListItem","position":1,"name":"Home","item":"https:\/\/kohenavocats.com\/ru\/avocats-en-droit-penal-a-paris-conseil-et-defense-strategique\/"},{"@type":"ListItem","position":2,"name":"Tribunal judiciaire de Versailles, le 2 octobre 2025, n\u00b024\/00881"}]},{"@type":"WebSite","@id":"https:\/\/kohenavocats.com\/ru\/#website","url":"https:\/\/kohenavocats.com\/ru\/","name":"Kohen Avocats","description":"Ma\u00eetre Hassan Kohen, avocat p\u00e9naliste \u00e0 Paris, intervient exclusivement en droit p\u00e9nal pour la d\u00e9fense des particuliers, notamment en mati\u00e8re d\u2019accusations de viol. Il assure un accompagnement rigoureux d\u00e8s la garde \u00e0 vue jusqu\u2019\u00e0 la Cour d\u2019assises, veillant au strict respect des garanties proc\u00e9durales.","publisher":{"@id":"https:\/\/kohenavocats.com\/ru\/#organization"},"potentialAction":[{"@type":"SearchAction","target":{"@type":"EntryPoint","urlTemplate":"https:\/\/kohenavocats.com\/ru\/?s={search_term_string}"},"query-input":{"@type":"PropertyValueSpecification","valueRequired":true,"valueName":"search_term_string"}}],"inLanguage":"ru-RU"},{"@type":"Organization","@id":"https:\/\/kohenavocats.com\/ru\/#organization","name":"Kohen Avocats","url":"https:\/\/kohenavocats.com\/ru\/","logo":{"@type":"ImageObject","inLanguage":"ru-RU","@id":"https:\/\/kohenavocats.com\/ru\/#\/schema\/logo\/image\/","url":"https:\/\/kohenavocats.com\/wp-content\/uploads\/2026\/01\/Logo-2-1.webp","contentUrl":"https:\/\/kohenavocats.com\/wp-content\/uploads\/2026\/01\/Logo-2-1.webp","width":2114,"height":1253,"caption":"Kohen Avocats"},"image":{"@id":"https:\/\/kohenavocats.com\/ru\/#\/schema\/logo\/image\/"}},{"@type":"Person","@id":"https:\/\/kohenavocats.com\/ru\/#\/schema\/person\/761c9ba54fa1ca84d405cef0831ff751","name":"Kohen","image":{"@type":"ImageObject","inLanguage":"ru-RU","@id":"https:\/\/secure.gravatar.com\/avatar\/1c5e76ef76bbbfdd2b4da984e2bf2fa4056fd51a27d25ce2c332047f1dfd6e00?s=96&d=identicon&r=g","url":"https:\/\/secure.gravatar.com\/avatar\/1c5e76ef76bbbfdd2b4da984e2bf2fa4056fd51a27d25ce2c332047f1dfd6e00?s=96&d=identicon&r=g","contentUrl":"https:\/\/secure.gravatar.com\/avatar\/1c5e76ef76bbbfdd2b4da984e2bf2fa4056fd51a27d25ce2c332047f1dfd6e00?s=96&d=identicon&r=g","caption":"Kohen"},"sameAs":["https:\/\/www.linkedin.com\/in\/hassan-kohen-448548192\/","https:\/\/www.youtube.com\/@Kohen-Avocats"],"url":"https:\/\/kohenavocats.com\/ru\/author\/kohenmlk\/"}]}},"jetpack_featured_media_url":"https:\/\/kohenavocats.com\/wp-content\/uploads\/2024\/08\/andre-benz-AiORnUT6sC0-unsplash.webp","jetpack_likes_enabled":false,"jetpack_shortlink":"https:\/\/wp.me\/peCrII-2JxM","jetpack-related-posts":[{"id":239186,"url":"https:\/\/kohenavocats.com\/ru\/cour-dappel-de-versailles-le-1-juillet-2025-n24-06015\/","url_meta":{"origin":651730,"position":0},"title":"Cour d&#8217;appel de Versailles, le 1 juillet 2025, n\u00b024\/06015","author":"Kohen","date":"01.01.2026","format":false,"excerpt":"Par un arr\u00eat rendu le 1er juillet 2025, la Cour d'appel de Versailles s'est prononc\u00e9e sur un litige opposant un \u00e9tablissement de cr\u00e9dit \u00e0 un emprunteur d\u00e9faillant dans le cadre d'un contrat de regroupement de cr\u00e9dits. Cette d\u00e9cision soul\u00e8ve des questions essentielles relatives aux conditions de la d\u00e9ch\u00e9ance du terme\u2026","rel":"","context":"\u0412 &quot;Cour d'appel&quot;","block_context":{"text":"Cour d'appel","link":"https:\/\/kohenavocats.com\/category\/cour-dappel\/"},"img":{"alt_text":"","src":"https:\/\/i0.wp.com\/kohenavocats.com\/wp-content\/uploads\/2024\/08\/cecile-XeJmFXu_jeU-unsplash.webp?resize=350%2C200&ssl=1","width":350,"height":200,"srcset":"https:\/\/i0.wp.com\/kohenavocats.com\/wp-content\/uploads\/2024\/08\/cecile-XeJmFXu_jeU-unsplash.webp?resize=350%2C200&ssl=1 1x, https:\/\/i0.wp.com\/kohenavocats.com\/wp-content\/uploads\/2024\/08\/cecile-XeJmFXu_jeU-unsplash.webp?resize=525%2C300&ssl=1 1.5x, https:\/\/i0.wp.com\/kohenavocats.com\/wp-content\/uploads\/2024\/08\/cecile-XeJmFXu_jeU-unsplash.webp?resize=700%2C400&ssl=1 2x, https:\/\/i0.wp.com\/kohenavocats.com\/wp-content\/uploads\/2024\/08\/cecile-XeJmFXu_jeU-unsplash.webp?resize=1050%2C600&ssl=1 3x, https:\/\/i0.wp.com\/kohenavocats.com\/wp-content\/uploads\/2024\/08\/cecile-XeJmFXu_jeU-unsplash.webp?resize=1400%2C800&ssl=1 4x"},"classes":[]},{"id":611853,"url":"https:\/\/kohenavocats.com\/ru\/tribunal-judiciaire-de-strasbourg-le-30-octobre-2025-n25-02748\/","url_meta":{"origin":651730,"position":1},"title":"Tribunal judiciaire de Strasbourg, le 30 octobre 2025, n\u00b025\/02748","author":"Kohen","date":"19.04.2026","format":false,"excerpt":"Le Tribunal judiciaire de Strasbourg, le 30 octobre 2025, statue sur une demande de remboursement de deux pr\u00eats professionnels consentis \u00e0 un emprunteur d\u00e9fa...","rel":"","context":"\u0412 &quot;Jurisprudence&quot;","block_context":{"text":"Jurisprudence","link":"https:\/\/kohenavocats.com\/category\/jurisprudence\/"},"img":{"alt_text":"","src":"https:\/\/i0.wp.com\/kohenavocats.com\/wp-content\/uploads\/2024\/08\/miriam-espacio-nUiCEOe6vvA-unsplash.webp?resize=350%2C200&ssl=1","width":350,"height":200,"srcset":"https:\/\/i0.wp.com\/kohenavocats.com\/wp-content\/uploads\/2024\/08\/miriam-espacio-nUiCEOe6vvA-unsplash.webp?resize=350%2C200&ssl=1 1x, https:\/\/i0.wp.com\/kohenavocats.com\/wp-content\/uploads\/2024\/08\/miriam-espacio-nUiCEOe6vvA-unsplash.webp?resize=525%2C300&ssl=1 1.5x, https:\/\/i0.wp.com\/kohenavocats.com\/wp-content\/uploads\/2024\/08\/miriam-espacio-nUiCEOe6vvA-unsplash.webp?resize=700%2C400&ssl=1 2x, https:\/\/i0.wp.com\/kohenavocats.com\/wp-content\/uploads\/2024\/08\/miriam-espacio-nUiCEOe6vvA-unsplash.webp?resize=1050%2C600&ssl=1 3x, https:\/\/i0.wp.com\/kohenavocats.com\/wp-content\/uploads\/2024\/08\/miriam-espacio-nUiCEOe6vvA-unsplash.webp?resize=1400%2C800&ssl=1 4x"},"classes":[]},{"id":649965,"url":"https:\/\/kohenavocats.com\/ru\/tribunal-judiciaire-de-paris-le-2-octobre-2025-n25-03328\/","url_meta":{"origin":651730,"position":2},"title":"Tribunal judiciaire de Paris, le 2 octobre 2025, n\u00b025\/03328","author":"Kohen","date":"22.04.2026","format":false,"excerpt":"Le Juge des Contentieux de la Protection, statuant le 2 octobre 2025, examine une demande en paiement relative \u00e0 un cr\u00e9dit \u00e0 la consommation. L'emprunteur, d...","rel":"","context":"\u0412 &quot;Jurisprudence&quot;","block_context":{"text":"Jurisprudence","link":"https:\/\/kohenavocats.com\/category\/jurisprudence\/"},"img":{"alt_text":"","src":"https:\/\/i0.wp.com\/kohenavocats.com\/wp-content\/uploads\/2024\/11\/mohamed-nohassi-kF7auA4ZbMM-unsplash.webp?resize=350%2C200&ssl=1","width":350,"height":200,"srcset":"https:\/\/i0.wp.com\/kohenavocats.com\/wp-content\/uploads\/2024\/11\/mohamed-nohassi-kF7auA4ZbMM-unsplash.webp?resize=350%2C200&ssl=1 1x, https:\/\/i0.wp.com\/kohenavocats.com\/wp-content\/uploads\/2024\/11\/mohamed-nohassi-kF7auA4ZbMM-unsplash.webp?resize=525%2C300&ssl=1 1.5x, https:\/\/i0.wp.com\/kohenavocats.com\/wp-content\/uploads\/2024\/11\/mohamed-nohassi-kF7auA4ZbMM-unsplash.webp?resize=700%2C400&ssl=1 2x, https:\/\/i0.wp.com\/kohenavocats.com\/wp-content\/uploads\/2024\/11\/mohamed-nohassi-kF7auA4ZbMM-unsplash.webp?resize=1050%2C600&ssl=1 3x, https:\/\/i0.wp.com\/kohenavocats.com\/wp-content\/uploads\/2024\/11\/mohamed-nohassi-kF7auA4ZbMM-unsplash.webp?resize=1400%2C800&ssl=1 4x"},"classes":[]},{"id":651374,"url":"https:\/\/kohenavocats.com\/ru\/tribunal-judiciaire-de-versailles-le-2-octobre-2025-n24-00876\/","url_meta":{"origin":651730,"position":3},"title":"Tribunal judiciaire de Versailles, le 2 octobre 2025, n\u00b024\/00876","author":"Kohen","date":"22.04.2026","format":false,"excerpt":"Le tribunal de proximit\u00e9 de Saint-Germain-en-Laye, statuant en mati\u00e8re de protection, a rendu un jugement le 2 octobre 2025. L\u2019affaire concernait un litige n...","rel":"","context":"\u0412 &quot;Jurisprudence&quot;","block_context":{"text":"Jurisprudence","link":"https:\/\/kohenavocats.com\/category\/jurisprudence\/"},"img":{"alt_text":"","src":"https:\/\/i0.wp.com\/kohenavocats.com\/wp-content\/uploads\/2024\/11\/pawel-czerwinski-Tok1lhwcd6w-unsplash.webp?resize=350%2C200&ssl=1","width":350,"height":200,"srcset":"https:\/\/i0.wp.com\/kohenavocats.com\/wp-content\/uploads\/2024\/11\/pawel-czerwinski-Tok1lhwcd6w-unsplash.webp?resize=350%2C200&ssl=1 1x, https:\/\/i0.wp.com\/kohenavocats.com\/wp-content\/uploads\/2024\/11\/pawel-czerwinski-Tok1lhwcd6w-unsplash.webp?resize=525%2C300&ssl=1 1.5x, https:\/\/i0.wp.com\/kohenavocats.com\/wp-content\/uploads\/2024\/11\/pawel-czerwinski-Tok1lhwcd6w-unsplash.webp?resize=700%2C400&ssl=1 2x, https:\/\/i0.wp.com\/kohenavocats.com\/wp-content\/uploads\/2024\/11\/pawel-czerwinski-Tok1lhwcd6w-unsplash.webp?resize=1050%2C600&ssl=1 3x, https:\/\/i0.wp.com\/kohenavocats.com\/wp-content\/uploads\/2024\/11\/pawel-czerwinski-Tok1lhwcd6w-unsplash.webp?resize=1400%2C800&ssl=1 4x"},"classes":[]},{"id":623762,"url":"https:\/\/kohenavocats.com\/ru\/tribunal-judiciaire-de-saint-quentin-le-17-octobre-2025-n25-00091\/","url_meta":{"origin":651730,"position":4},"title":"Tribunal judiciaire de Saint-Quentin, le 17 octobre 2025, n\u00b025\/00091","author":"Kohen","date":"20.04.2026","format":false,"excerpt":"Le juge des contentieux de la protection, statuant par jugement r\u00e9put\u00e9 contradictoire le 17 octobre 2025, a examin\u00e9 une action en paiement d'un cr\u00e9dit \u00e0 la c...","rel":"","context":"\u0412 &quot;Jurisprudence&quot;","block_context":{"text":"Jurisprudence","link":"https:\/\/kohenavocats.com\/category\/jurisprudence\/"},"img":{"alt_text":"","src":"https:\/\/i0.wp.com\/kohenavocats.com\/wp-content\/uploads\/2024\/11\/zyanya-citlalli-qhFXS18P2OQ-unsplash-1.webp?resize=350%2C200&ssl=1","width":350,"height":200,"srcset":"https:\/\/i0.wp.com\/kohenavocats.com\/wp-content\/uploads\/2024\/11\/zyanya-citlalli-qhFXS18P2OQ-unsplash-1.webp?resize=350%2C200&ssl=1 1x, https:\/\/i0.wp.com\/kohenavocats.com\/wp-content\/uploads\/2024\/11\/zyanya-citlalli-qhFXS18P2OQ-unsplash-1.webp?resize=525%2C300&ssl=1 1.5x, https:\/\/i0.wp.com\/kohenavocats.com\/wp-content\/uploads\/2024\/11\/zyanya-citlalli-qhFXS18P2OQ-unsplash-1.webp?resize=700%2C400&ssl=1 2x, https:\/\/i0.wp.com\/kohenavocats.com\/wp-content\/uploads\/2024\/11\/zyanya-citlalli-qhFXS18P2OQ-unsplash-1.webp?resize=1050%2C600&ssl=1 3x, https:\/\/i0.wp.com\/kohenavocats.com\/wp-content\/uploads\/2024\/11\/zyanya-citlalli-qhFXS18P2OQ-unsplash-1.webp?resize=1400%2C800&ssl=1 4x"},"classes":[]},{"id":612035,"url":"https:\/\/kohenavocats.com\/ru\/tribunal-judiciaire-de-strasbourg-le-30-octobre-2025-n25-07258\/","url_meta":{"origin":651730,"position":5},"title":"Tribunal judiciaire de Strasbourg, le 30 octobre 2025, n\u00b025\/07258","author":"Kohen","date":"19.04.2026","format":false,"excerpt":"Le juge des contentieux de la protection, statuant par d\u00e9faut le 30 octobre 2025, examine la demande en paiement d'un \u00e9tablissement de cr\u00e9dit contre un empru...","rel":"","context":"\u0412 &quot;Jurisprudence&quot;","block_context":{"text":"Jurisprudence","link":"https:\/\/kohenavocats.com\/category\/jurisprudence\/"},"img":{"alt_text":"","src":"https:\/\/i0.wp.com\/kohenavocats.com\/wp-content\/uploads\/2024\/11\/anita-austvika-c3a-Tr6CM1Q-unsplash.webp?resize=350%2C200&ssl=1","width":350,"height":200,"srcset":"https:\/\/i0.wp.com\/kohenavocats.com\/wp-content\/uploads\/2024\/11\/anita-austvika-c3a-Tr6CM1Q-unsplash.webp?resize=350%2C200&ssl=1 1x, https:\/\/i0.wp.com\/kohenavocats.com\/wp-content\/uploads\/2024\/11\/anita-austvika-c3a-Tr6CM1Q-unsplash.webp?resize=525%2C300&ssl=1 1.5x, https:\/\/i0.wp.com\/kohenavocats.com\/wp-content\/uploads\/2024\/11\/anita-austvika-c3a-Tr6CM1Q-unsplash.webp?resize=700%2C400&ssl=1 2x, https:\/\/i0.wp.com\/kohenavocats.com\/wp-content\/uploads\/2024\/11\/anita-austvika-c3a-Tr6CM1Q-unsplash.webp?resize=1050%2C600&ssl=1 3x, https:\/\/i0.wp.com\/kohenavocats.com\/wp-content\/uploads\/2024\/11\/anita-austvika-c3a-Tr6CM1Q-unsplash.webp?resize=1400%2C800&ssl=1 4x"},"classes":[]}],"jetpack_sharing_enabled":true,"_links":{"self":[{"href":"https:\/\/kohenavocats.com\/ru\/wp-json\/wp\/v2\/posts\/651730","targetHints":{"allow":["GET"]}}],"collection":[{"href":"https:\/\/kohenavocats.com\/ru\/wp-json\/wp\/v2\/posts"}],"about":[{"href":"https:\/\/kohenavocats.com\/ru\/wp-json\/wp\/v2\/types\/post"}],"author":[{"embeddable":true,"href":"https:\/\/kohenavocats.com\/ru\/wp-json\/wp\/v2\/users\/232070755"}],"replies":[{"embeddable":true,"href":"https:\/\/kohenavocats.com\/ru\/wp-json\/wp\/v2\/comments?post=651730"}],"version-history":[{"count":0,"href":"https:\/\/kohenavocats.com\/ru\/wp-json\/wp\/v2\/posts\/651730\/revisions"}],"wp:featuredmedia":[{"embeddable":true,"href":"https:\/\/kohenavocats.com\/ru\/wp-json\/wp\/v2\/media\/4833"}],"wp:attachment":[{"href":"https:\/\/kohenavocats.com\/ru\/wp-json\/wp\/v2\/media?parent=651730"}],"wp:term":[{"taxonomy":"category","embeddable":true,"href":"https:\/\/kohenavocats.com\/ru\/wp-json\/wp\/v2\/categories?post=651730"},{"taxonomy":"post_tag","embeddable":true,"href":"https:\/\/kohenavocats.com\/ru\/wp-json\/wp\/v2\/tags?post=651730"}],"curies":[{"name":"wp","href":"https:\/\/api.w.org\/{rel}","templated":true}]}}