{"id":653520,"date":"2026-04-23T01:14:50","date_gmt":"2026-04-22T23:14:50","guid":{"rendered":"https:\/\/kohenavocats.com\/cour-dappel-de-paris-le-25-juin-2025-n22-02844\/"},"modified":"2026-04-23T01:14:50","modified_gmt":"2026-04-22T23:14:50","slug":"cour-dappel-de-paris-le-25-juin-2025-n22-02844","status":"publish","type":"post","link":"https:\/\/kohenavocats.com\/ru\/cour-dappel-de-paris-le-25-juin-2025-n22-02844\/","title":{"rendered":"Cour d&#8217;appel de Paris, le 25 juin 2025, n\u00b022\/02844"},"content":{"rendered":"<div class=\"article-content\">\n<p>La cour d&#8217;appel de Paris, statuant le 25 juin 2025, examine le litige opposant un salari\u00e9 \u00e0 son ancien employeur en liquidation judiciaire. Le salari\u00e9 contestait son licenciement pour faute grave et r\u00e9clamait le paiement d&#8217;une prime annuelle. La cour infirme partiellement le jugement de premi\u00e8re instance en retenant l&#8217;absence de cause r\u00e9elle et s\u00e9rieuse du licenciement mais rejette la demande de prime.<\/p>\n<p>La preuve des usages et des griefs disciplinaires<\/p>\n<p>La charge de la preuve p\u00e8se sur le salari\u00e9 pour \u00e9tablir l&#8217;existence d&#8217;un usage. Le salari\u00e9 invoquait un usage fond\u00e9 sur le versement r\u00e9p\u00e9t\u00e9 d&#8217;une prime annuelle. La cour rappelle que les crit\u00e8res de g\u00e9n\u00e9ralit\u00e9, de constance et de fixit\u00e9 sont cumulatifs. &#171;la preuve d&#8217;un usage incombe \u00e0 celui qui l&#8217;invoque, que les crit\u00e8res de g\u00e9n\u00e9ralit\u00e9, de fixit\u00e9 et de constance sont cumulatifs&#187; (Motifs). Le salari\u00e9, en ne produisant que ses propres bulletins, ne d\u00e9montre pas que la prime \u00e9tait attribu\u00e9e \u00e0 une cat\u00e9gorie du personnel. Cette solution rappelle la rigueur exig\u00e9e dans la preuve des avantages issus d&#8217;un usage non \u00e9crit. Elle prot\u00e8ge l&#8217;employeur contre des revendications individuelles non g\u00e9n\u00e9ralis\u00e9es.<\/p>\n<p>L&#8217;employeur doit rapporter la preuve des faits justifiant un licenciement pour faute grave. La cour examine chacun des trois griefs \u00e9nonc\u00e9s dans la lettre de licenciement. Elle constate syst\u00e9matiquement l&#8217;absence de preuve. &#171;ni la soci\u00e9t\u00e9 intim\u00e9e ni le liquidateur ne produisent de pi\u00e8ce venant au soutien des moyens d\u00e9velopp\u00e9s (&#8230;) \u00e9tant de nature \u00e0 \u00e9tablir la r\u00e9alit\u00e9, la mat\u00e9rialit\u00e9 ainsi que l&#8217;imputabilit\u00e9 directe et personnelle&#187; (Motifs). Ce d\u00e9faut de preuve est fatal \u00e0 la qualification de faute grave. Cette analyse rejoint une jurisprudence constante sur l&#8217;obligation probatoire de l&#8217;employeur. &#171;La r\u00e9alit\u00e9 des faits reproch\u00e9s dans la lettre de licenciement n&#8217;est pas \u00e9tablie. Le licenciement est d\u00e9pourvu de cause r\u00e9elle et s\u00e9rieuse&#187; (Cour d&#8217;appel de Paris, le 14 janvier 2026, n\u00b022\/06330).<\/p>\n<p>Les cons\u00e9quences d&#8217;un licenciement sans cause r\u00e9elle et s\u00e9rieuse<\/p>\n<p>Le juge op\u00e8re une requalification de la rupture et en tire les cons\u00e9quences indemnitaires. La cour, ayant \u00e9cart\u00e9 la faute grave, requalifie le licenciement en rupture sans cause r\u00e9elle et s\u00e9rieuse. Elle accorde en cons\u00e9quence l&#8217;int\u00e9gralit\u00e9 des indemnit\u00e9s l\u00e9gales et conventionnelles dues en cas de tel licenciement. Elle fixe \u00e9galement une indemnit\u00e9 suppl\u00e9mentaire au titre de l&#8217;article L.1235-3 du code du travail. Cette indemnisation compl\u00e8te vise \u00e0 r\u00e9parer le pr\u00e9judice subi du fait d&#8217;une rupture injustifi\u00e9e. Elle illustre le pouvoir souverain des juges du fond pour appr\u00e9cier le montant entre les bornes l\u00e9gales.<\/p>\n<p>Les sp\u00e9cificit\u00e9s de la proc\u00e9dure collective affectent le recouvrement des cr\u00e9ances. La cour d\u00e9clare l&#8217;arr\u00eat opposable \u00e0 l&#8217;AGS pour la garantie des cr\u00e9ances salariales dans les limites l\u00e9gales. Elle pr\u00e9cise que les int\u00e9r\u00eats l\u00e9gaux cessent \u00e0 l&#8217;ouverture de la liquidation. Les sommes allou\u00e9es sont fix\u00e9es au passif de la liquidation judiciaire. Ces mesures encadrent les effets pratiques de la condamnation dans un contexte d&#8217;insolvabilit\u00e9 de l&#8217;employeur. Elles assurent au salari\u00e9 un recours contre un garant solvable tout en respectant l&#8217;ordre des cr\u00e9ances dans la liquidation.<\/p>\n<\/div>\n","protected":false},"excerpt":{"rendered":"<p>La cour d&#8217;appel de Paris, statuant le 25 juin 2025, examine le litige opposant un salari\u00e9 \u00e0 son ancien employeur en liquidation judiciaire. Le salari\u00e9 contes&#8230;<\/p>\n","protected":false},"author":232070755,"featured_media":4714,"comment_status":"open","ping_status":"open","sticky":false,"template":"","format":"standard","meta":{"_crdt_document":"","_jetpack_newsletter_access":"","_jetpack_dont_email_post_to_subs":false,"_jetpack_newsletter_tier_id":0,"_jetpack_memberships_contains_paywalled_content":false,"_jetpack_memberships_contains_paid_content":false,"footnotes":"","jetpack_post_was_ever_published":false},"categories":[7597],"tags":[],"class_list":["post-653520","post","type-post","status-publish","format-standard","has-post-thumbnail","hentry","category-jurisprudence"],"yoast_head":"<!-- This site is optimized with the Yoast SEO Premium plugin v27.4 (Yoast SEO v27.4) - https:\/\/yoast.com\/product\/yoast-seo-premium-wordpress\/ -->\n<title>Cour d&#039;appel de Paris, le 25 juin 2025, n\u00b022\/02844 - Ma\u00eetre Hassan Kohen, avocat en droit p\u00e9nal \u00e0 Paris<\/title>\n<meta name=\"description\" content=\"La cour d&#039;appel de Paris, statuant le 25 juin 2025, examine le litige opposant un salari\u00e9 \u00e0 son ancien employeur en liquidation judiciaire. Le salari\u00e9 contes...\" \/>\n<meta name=\"robots\" content=\"index, follow, max-snippet:-1, max-image-preview:large, max-video-preview:-1\" \/>\n<link rel=\"canonical\" href=\"https:\/\/kohenavocats.com\/ru\/cour-dappel-de-paris-le-25-juin-2025-n22-02844\/\" \/>\n<meta property=\"og:locale\" content=\"ru_RU\" \/>\n<meta property=\"og:type\" content=\"article\" \/>\n<meta property=\"og:title\" content=\"Cour d&#039;appel de Paris, le 25 juin 2025, n\u00b022\/02844\" \/>\n<meta property=\"og:description\" content=\"La cour d&#039;appel de Paris, statuant le 25 juin 2025, examine le litige opposant un salari\u00e9 \u00e0 son ancien employeur en liquidation judiciaire. Le salari\u00e9 contes...\" \/>\n<meta property=\"og:url\" content=\"https:\/\/kohenavocats.com\/ru\/cour-dappel-de-paris-le-25-juin-2025-n22-02844\/\" \/>\n<meta property=\"og:site_name\" content=\"Ma\u00eetre Hassan Kohen, avocat en droit p\u00e9nal \u00e0 Paris\" \/>\n<meta property=\"article:published_time\" content=\"2026-04-22T23:14:50+00:00\" \/>\n<meta property=\"og:image\" content=\"https:\/\/kohenavocats.com\/wp-content\/uploads\/2024\/08\/jonathan-velasquez-eUSpDPSFdKU-unsplash.webp\" \/>\n\t<meta property=\"og:image:width\" content=\"5760\" \/>\n\t<meta property=\"og:image:height\" content=\"3840\" \/>\n\t<meta property=\"og:image:type\" content=\"image\/webp\" \/>\n<meta name=\"author\" content=\"Kohen\" \/>\n<meta name=\"twitter:card\" content=\"summary_large_image\" \/>\n<meta name=\"twitter:label1\" content=\"\u041d\u0430\u043f\u0438\u0441\u0430\u043d\u043e \u0430\u0432\u0442\u043e\u0440\u043e\u043c\" \/>\n\t<meta name=\"twitter:data1\" content=\"Kohen\" \/>\n\t<meta name=\"twitter:label2\" content=\"\u041f\u0440\u0438\u043c\u0435\u0440\u043d\u043e\u0435 \u0432\u0440\u0435\u043c\u044f \u0434\u043b\u044f \u0447\u0442\u0435\u043d\u0438\u044f\" \/>\n\t<meta name=\"twitter:data2\" content=\"3 \u043c\u0438\u043d\u0443\u0442\u044b\" \/>\n<script type=\"application\/ld+json\" class=\"yoast-schema-graph\">{\"@context\":\"https:\\\/\\\/schema.org\",\"@graph\":[{\"@type\":\"Article\",\"@id\":\"https:\\\/\\\/kohenavocats.com\\\/ru\\\/cour-dappel-de-paris-le-25-juin-2025-n22-02844\\\/#article\",\"isPartOf\":{\"@id\":\"https:\\\/\\\/kohenavocats.com\\\/ru\\\/cour-dappel-de-paris-le-25-juin-2025-n22-02844\\\/\"},\"author\":{\"name\":\"Kohen\",\"@id\":\"https:\\\/\\\/kohenavocats.com\\\/ru\\\/#\\\/schema\\\/person\\\/761c9ba54fa1ca84d405cef0831ff751\"},\"headline\":\"Cour d&#8217;appel de Paris, le 25 juin 2025, n\u00b022\\\/02844\",\"datePublished\":\"2026-04-22T23:14:50+00:00\",\"mainEntityOfPage\":{\"@id\":\"https:\\\/\\\/kohenavocats.com\\\/ru\\\/cour-dappel-de-paris-le-25-juin-2025-n22-02844\\\/\"},\"wordCount\":581,\"commentCount\":0,\"publisher\":{\"@id\":\"https:\\\/\\\/kohenavocats.com\\\/ru\\\/#organization\"},\"image\":{\"@id\":\"https:\\\/\\\/kohenavocats.com\\\/ru\\\/cour-dappel-de-paris-le-25-juin-2025-n22-02844\\\/#primaryimage\"},\"thumbnailUrl\":\"https:\\\/\\\/kohenavocats.com\\\/wp-content\\\/uploads\\\/2024\\\/08\\\/jonathan-velasquez-eUSpDPSFdKU-unsplash.webp\",\"articleSection\":[\"Jurisprudence\"],\"inLanguage\":\"ru-RU\",\"potentialAction\":[{\"@type\":\"CommentAction\",\"name\":\"Comment\",\"target\":[\"https:\\\/\\\/kohenavocats.com\\\/ru\\\/cour-dappel-de-paris-le-25-juin-2025-n22-02844\\\/#respond\"]}],\"citation\":\"Cour d&#8217;appel de Paris, le 25 juin 2025, n\u00b022\\\/02844\",\"about\":[{\"@type\":\"Thing\",\"name\":\"Jurisprudence\"}],\"dateModified\":\"2026-04-22T23:14:50+00:00\",\"speakable\":{\"@type\":\"SpeakableSpecification\",\"cssSelector\":[\".article-content > p:first-of-type\"]}},{\"@type\":\"WebPage\",\"@id\":\"https:\\\/\\\/kohenavocats.com\\\/ru\\\/cour-dappel-de-paris-le-25-juin-2025-n22-02844\\\/\",\"url\":\"https:\\\/\\\/kohenavocats.com\\\/ru\\\/cour-dappel-de-paris-le-25-juin-2025-n22-02844\\\/\",\"name\":\"Cour d'appel de Paris, le 25 juin 2025, n\u00b022\\\/02844 - Ma\u00eetre Hassan Kohen, avocat en droit p\u00e9nal \u00e0 Paris\",\"isPartOf\":{\"@id\":\"https:\\\/\\\/kohenavocats.com\\\/ru\\\/#website\"},\"primaryImageOfPage\":{\"@id\":\"https:\\\/\\\/kohenavocats.com\\\/ru\\\/cour-dappel-de-paris-le-25-juin-2025-n22-02844\\\/#primaryimage\"},\"image\":{\"@id\":\"https:\\\/\\\/kohenavocats.com\\\/ru\\\/cour-dappel-de-paris-le-25-juin-2025-n22-02844\\\/#primaryimage\"},\"thumbnailUrl\":\"https:\\\/\\\/kohenavocats.com\\\/wp-content\\\/uploads\\\/2024\\\/08\\\/jonathan-velasquez-eUSpDPSFdKU-unsplash.webp\",\"datePublished\":\"2026-04-22T23:14:50+00:00\",\"description\":\"La cour d'appel de Paris, statuant le 25 juin 2025, examine le litige opposant un salari\u00e9 \u00e0 son ancien employeur en liquidation judiciaire. Le salari\u00e9 contes...\",\"breadcrumb\":{\"@id\":\"https:\\\/\\\/kohenavocats.com\\\/ru\\\/cour-dappel-de-paris-le-25-juin-2025-n22-02844\\\/#breadcrumb\"},\"inLanguage\":\"ru-RU\",\"potentialAction\":[{\"@type\":\"ReadAction\",\"target\":[\"https:\\\/\\\/kohenavocats.com\\\/ru\\\/cour-dappel-de-paris-le-25-juin-2025-n22-02844\\\/\"]}]},{\"@type\":\"ImageObject\",\"inLanguage\":\"ru-RU\",\"@id\":\"https:\\\/\\\/kohenavocats.com\\\/ru\\\/cour-dappel-de-paris-le-25-juin-2025-n22-02844\\\/#primaryimage\",\"url\":\"https:\\\/\\\/kohenavocats.com\\\/wp-content\\\/uploads\\\/2024\\\/08\\\/jonathan-velasquez-eUSpDPSFdKU-unsplash.webp\",\"contentUrl\":\"https:\\\/\\\/kohenavocats.com\\\/wp-content\\\/uploads\\\/2024\\\/08\\\/jonathan-velasquez-eUSpDPSFdKU-unsplash.webp\",\"width\":5760,\"height\":3840},{\"@type\":\"BreadcrumbList\",\"@id\":\"https:\\\/\\\/kohenavocats.com\\\/ru\\\/cour-dappel-de-paris-le-25-juin-2025-n22-02844\\\/#breadcrumb\",\"itemListElement\":[{\"@type\":\"ListItem\",\"position\":1,\"name\":\"Home\",\"item\":\"https:\\\/\\\/kohenavocats.com\\\/ru\\\/avocats-en-droit-penal-a-paris-conseil-et-defense-strategique\\\/\"},{\"@type\":\"ListItem\",\"position\":2,\"name\":\"Cour d&rsquo;appel de Paris, le 25 juin 2025, n\u00b022\\\/02844\"}]},{\"@type\":\"WebSite\",\"@id\":\"https:\\\/\\\/kohenavocats.com\\\/ru\\\/#website\",\"url\":\"https:\\\/\\\/kohenavocats.com\\\/ru\\\/\",\"name\":\"Kohen Avocats\",\"description\":\"Ma\u00eetre Hassan Kohen, avocat p\u00e9naliste \u00e0 Paris, intervient exclusivement en droit p\u00e9nal pour la d\u00e9fense des particuliers, notamment en mati\u00e8re d\u2019accusations de viol. Il assure un accompagnement rigoureux d\u00e8s la garde \u00e0 vue jusqu\u2019\u00e0 la Cour d\u2019assises, veillant au strict respect des garanties proc\u00e9durales.\",\"publisher\":{\"@id\":\"https:\\\/\\\/kohenavocats.com\\\/ru\\\/#organization\"},\"potentialAction\":[{\"@type\":\"SearchAction\",\"target\":{\"@type\":\"EntryPoint\",\"urlTemplate\":\"https:\\\/\\\/kohenavocats.com\\\/ru\\\/?s={search_term_string}\"},\"query-input\":{\"@type\":\"PropertyValueSpecification\",\"valueRequired\":true,\"valueName\":\"search_term_string\"}}],\"inLanguage\":\"ru-RU\"},{\"@type\":\"Organization\",\"@id\":\"https:\\\/\\\/kohenavocats.com\\\/ru\\\/#organization\",\"name\":\"Kohen Avocats\",\"url\":\"https:\\\/\\\/kohenavocats.com\\\/ru\\\/\",\"logo\":{\"@type\":\"ImageObject\",\"inLanguage\":\"ru-RU\",\"@id\":\"https:\\\/\\\/kohenavocats.com\\\/ru\\\/#\\\/schema\\\/logo\\\/image\\\/\",\"url\":\"https:\\\/\\\/kohenavocats.com\\\/wp-content\\\/uploads\\\/2026\\\/01\\\/Logo-2-1.webp\",\"contentUrl\":\"https:\\\/\\\/kohenavocats.com\\\/wp-content\\\/uploads\\\/2026\\\/01\\\/Logo-2-1.webp\",\"width\":2114,\"height\":1253,\"caption\":\"Kohen Avocats\"},\"image\":{\"@id\":\"https:\\\/\\\/kohenavocats.com\\\/ru\\\/#\\\/schema\\\/logo\\\/image\\\/\"}},{\"@type\":\"Person\",\"@id\":\"https:\\\/\\\/kohenavocats.com\\\/ru\\\/#\\\/schema\\\/person\\\/761c9ba54fa1ca84d405cef0831ff751\",\"name\":\"Kohen\",\"image\":{\"@type\":\"ImageObject\",\"inLanguage\":\"ru-RU\",\"@id\":\"https:\\\/\\\/secure.gravatar.com\\\/avatar\\\/1c5e76ef76bbbfdd2b4da984e2bf2fa4056fd51a27d25ce2c332047f1dfd6e00?s=96&d=identicon&r=g\",\"url\":\"https:\\\/\\\/secure.gravatar.com\\\/avatar\\\/1c5e76ef76bbbfdd2b4da984e2bf2fa4056fd51a27d25ce2c332047f1dfd6e00?s=96&d=identicon&r=g\",\"contentUrl\":\"https:\\\/\\\/secure.gravatar.com\\\/avatar\\\/1c5e76ef76bbbfdd2b4da984e2bf2fa4056fd51a27d25ce2c332047f1dfd6e00?s=96&d=identicon&r=g\",\"caption\":\"Kohen\"},\"sameAs\":[\"https:\\\/\\\/www.linkedin.com\\\/in\\\/hassan-kohen-448548192\\\/\",\"https:\\\/\\\/www.youtube.com\\\/@Kohen-Avocats\"],\"url\":\"https:\\\/\\\/kohenavocats.com\\\/ru\\\/author\\\/kohenmlk\\\/\"}]}<\/script>\n<!-- \/ Yoast SEO Premium plugin. -->","yoast_head_json":{"title":"Cour d'appel de Paris, le 25 juin 2025, n\u00b022\/02844 - Ma\u00eetre Hassan Kohen, avocat en droit p\u00e9nal \u00e0 Paris","description":"La cour d'appel de Paris, statuant le 25 juin 2025, examine le litige opposant un salari\u00e9 \u00e0 son ancien employeur en liquidation judiciaire. Le salari\u00e9 contes...","robots":{"index":"index","follow":"follow","max-snippet":"max-snippet:-1","max-image-preview":"max-image-preview:large","max-video-preview":"max-video-preview:-1"},"canonical":"https:\/\/kohenavocats.com\/ru\/cour-dappel-de-paris-le-25-juin-2025-n22-02844\/","og_locale":"ru_RU","og_type":"article","og_title":"Cour d'appel de Paris, le 25 juin 2025, n\u00b022\/02844","og_description":"La cour d'appel de Paris, statuant le 25 juin 2025, examine le litige opposant un salari\u00e9 \u00e0 son ancien employeur en liquidation judiciaire. Le salari\u00e9 contes...","og_url":"https:\/\/kohenavocats.com\/ru\/cour-dappel-de-paris-le-25-juin-2025-n22-02844\/","og_site_name":"Ma\u00eetre Hassan Kohen, avocat en droit p\u00e9nal \u00e0 Paris","article_published_time":"2026-04-22T23:14:50+00:00","og_image":[{"width":5760,"height":3840,"url":"https:\/\/kohenavocats.com\/wp-content\/uploads\/2024\/08\/jonathan-velasquez-eUSpDPSFdKU-unsplash.webp","type":"image\/webp"}],"author":"Kohen","twitter_card":"summary_large_image","twitter_misc":{"\u041d\u0430\u043f\u0438\u0441\u0430\u043d\u043e \u0430\u0432\u0442\u043e\u0440\u043e\u043c":"Kohen","\u041f\u0440\u0438\u043c\u0435\u0440\u043d\u043e\u0435 \u0432\u0440\u0435\u043c\u044f \u0434\u043b\u044f \u0447\u0442\u0435\u043d\u0438\u044f":"3 \u043c\u0438\u043d\u0443\u0442\u044b"},"schema":{"@context":"https:\/\/schema.org","@graph":[{"@type":"Article","@id":"https:\/\/kohenavocats.com\/ru\/cour-dappel-de-paris-le-25-juin-2025-n22-02844\/#article","isPartOf":{"@id":"https:\/\/kohenavocats.com\/ru\/cour-dappel-de-paris-le-25-juin-2025-n22-02844\/"},"author":{"name":"Kohen","@id":"https:\/\/kohenavocats.com\/ru\/#\/schema\/person\/761c9ba54fa1ca84d405cef0831ff751"},"headline":"Cour d&#8217;appel de Paris, le 25 juin 2025, n\u00b022\/02844","datePublished":"2026-04-22T23:14:50+00:00","mainEntityOfPage":{"@id":"https:\/\/kohenavocats.com\/ru\/cour-dappel-de-paris-le-25-juin-2025-n22-02844\/"},"wordCount":581,"commentCount":0,"publisher":{"@id":"https:\/\/kohenavocats.com\/ru\/#organization"},"image":{"@id":"https:\/\/kohenavocats.com\/ru\/cour-dappel-de-paris-le-25-juin-2025-n22-02844\/#primaryimage"},"thumbnailUrl":"https:\/\/kohenavocats.com\/wp-content\/uploads\/2024\/08\/jonathan-velasquez-eUSpDPSFdKU-unsplash.webp","articleSection":["Jurisprudence"],"inLanguage":"ru-RU","potentialAction":[{"@type":"CommentAction","name":"Comment","target":["https:\/\/kohenavocats.com\/ru\/cour-dappel-de-paris-le-25-juin-2025-n22-02844\/#respond"]}],"citation":"Cour d&#8217;appel de Paris, le 25 juin 2025, n\u00b022\/02844","about":[{"@type":"Thing","name":"Jurisprudence"}],"dateModified":"2026-04-22T23:14:50+00:00","speakable":{"@type":"SpeakableSpecification","cssSelector":[".article-content > p:first-of-type"]}},{"@type":"WebPage","@id":"https:\/\/kohenavocats.com\/ru\/cour-dappel-de-paris-le-25-juin-2025-n22-02844\/","url":"https:\/\/kohenavocats.com\/ru\/cour-dappel-de-paris-le-25-juin-2025-n22-02844\/","name":"Cour d'appel de Paris, le 25 juin 2025, n\u00b022\/02844 - Ma\u00eetre Hassan Kohen, avocat en droit p\u00e9nal \u00e0 Paris","isPartOf":{"@id":"https:\/\/kohenavocats.com\/ru\/#website"},"primaryImageOfPage":{"@id":"https:\/\/kohenavocats.com\/ru\/cour-dappel-de-paris-le-25-juin-2025-n22-02844\/#primaryimage"},"image":{"@id":"https:\/\/kohenavocats.com\/ru\/cour-dappel-de-paris-le-25-juin-2025-n22-02844\/#primaryimage"},"thumbnailUrl":"https:\/\/kohenavocats.com\/wp-content\/uploads\/2024\/08\/jonathan-velasquez-eUSpDPSFdKU-unsplash.webp","datePublished":"2026-04-22T23:14:50+00:00","description":"La cour d'appel de Paris, statuant le 25 juin 2025, examine le litige opposant un salari\u00e9 \u00e0 son ancien employeur en liquidation judiciaire. Le salari\u00e9 contes...","breadcrumb":{"@id":"https:\/\/kohenavocats.com\/ru\/cour-dappel-de-paris-le-25-juin-2025-n22-02844\/#breadcrumb"},"inLanguage":"ru-RU","potentialAction":[{"@type":"ReadAction","target":["https:\/\/kohenavocats.com\/ru\/cour-dappel-de-paris-le-25-juin-2025-n22-02844\/"]}]},{"@type":"ImageObject","inLanguage":"ru-RU","@id":"https:\/\/kohenavocats.com\/ru\/cour-dappel-de-paris-le-25-juin-2025-n22-02844\/#primaryimage","url":"https:\/\/kohenavocats.com\/wp-content\/uploads\/2024\/08\/jonathan-velasquez-eUSpDPSFdKU-unsplash.webp","contentUrl":"https:\/\/kohenavocats.com\/wp-content\/uploads\/2024\/08\/jonathan-velasquez-eUSpDPSFdKU-unsplash.webp","width":5760,"height":3840},{"@type":"BreadcrumbList","@id":"https:\/\/kohenavocats.com\/ru\/cour-dappel-de-paris-le-25-juin-2025-n22-02844\/#breadcrumb","itemListElement":[{"@type":"ListItem","position":1,"name":"Home","item":"https:\/\/kohenavocats.com\/ru\/avocats-en-droit-penal-a-paris-conseil-et-defense-strategique\/"},{"@type":"ListItem","position":2,"name":"Cour d&rsquo;appel de Paris, le 25 juin 2025, n\u00b022\/02844"}]},{"@type":"WebSite","@id":"https:\/\/kohenavocats.com\/ru\/#website","url":"https:\/\/kohenavocats.com\/ru\/","name":"Kohen Avocats","description":"Ma\u00eetre Hassan Kohen, avocat p\u00e9naliste \u00e0 Paris, intervient exclusivement en droit p\u00e9nal pour la d\u00e9fense des particuliers, notamment en mati\u00e8re d\u2019accusations de viol. Il assure un accompagnement rigoureux d\u00e8s la garde \u00e0 vue jusqu\u2019\u00e0 la Cour d\u2019assises, veillant au strict respect des garanties proc\u00e9durales.","publisher":{"@id":"https:\/\/kohenavocats.com\/ru\/#organization"},"potentialAction":[{"@type":"SearchAction","target":{"@type":"EntryPoint","urlTemplate":"https:\/\/kohenavocats.com\/ru\/?s={search_term_string}"},"query-input":{"@type":"PropertyValueSpecification","valueRequired":true,"valueName":"search_term_string"}}],"inLanguage":"ru-RU"},{"@type":"Organization","@id":"https:\/\/kohenavocats.com\/ru\/#organization","name":"Kohen Avocats","url":"https:\/\/kohenavocats.com\/ru\/","logo":{"@type":"ImageObject","inLanguage":"ru-RU","@id":"https:\/\/kohenavocats.com\/ru\/#\/schema\/logo\/image\/","url":"https:\/\/kohenavocats.com\/wp-content\/uploads\/2026\/01\/Logo-2-1.webp","contentUrl":"https:\/\/kohenavocats.com\/wp-content\/uploads\/2026\/01\/Logo-2-1.webp","width":2114,"height":1253,"caption":"Kohen Avocats"},"image":{"@id":"https:\/\/kohenavocats.com\/ru\/#\/schema\/logo\/image\/"}},{"@type":"Person","@id":"https:\/\/kohenavocats.com\/ru\/#\/schema\/person\/761c9ba54fa1ca84d405cef0831ff751","name":"Kohen","image":{"@type":"ImageObject","inLanguage":"ru-RU","@id":"https:\/\/secure.gravatar.com\/avatar\/1c5e76ef76bbbfdd2b4da984e2bf2fa4056fd51a27d25ce2c332047f1dfd6e00?s=96&d=identicon&r=g","url":"https:\/\/secure.gravatar.com\/avatar\/1c5e76ef76bbbfdd2b4da984e2bf2fa4056fd51a27d25ce2c332047f1dfd6e00?s=96&d=identicon&r=g","contentUrl":"https:\/\/secure.gravatar.com\/avatar\/1c5e76ef76bbbfdd2b4da984e2bf2fa4056fd51a27d25ce2c332047f1dfd6e00?s=96&d=identicon&r=g","caption":"Kohen"},"sameAs":["https:\/\/www.linkedin.com\/in\/hassan-kohen-448548192\/","https:\/\/www.youtube.com\/@Kohen-Avocats"],"url":"https:\/\/kohenavocats.com\/ru\/author\/kohenmlk\/"}]}},"jetpack_featured_media_url":"https:\/\/kohenavocats.com\/wp-content\/uploads\/2024\/08\/jonathan-velasquez-eUSpDPSFdKU-unsplash.webp","jetpack_likes_enabled":false,"jetpack_shortlink":"https:\/\/wp.me\/peCrII-2K0E","jetpack-related-posts":[{"id":236472,"url":"https:\/\/kohenavocats.com\/ru\/cour-dappel-de-aix-en-provence-le-27-juin-2025-n22-02240\/","url_meta":{"origin":653520,"position":0},"title":"Cour d&#8217;appel de Aix-en-Provence, le 27 juin 2025, n\u00b022\/02240","author":"Kohen","date":"29.12.2025","format":false,"excerpt":"La qualit\u00e9 de la relation de travail d\u00e9pend souvent d'\u00e9l\u00e9ments de r\u00e9mun\u00e9ration accessoires dont le r\u00e9gime juridique demeure incertain. La distinction entre gratification b\u00e9n\u00e9vole, prime contractuelle et usage d'entreprise d\u00e9termine les droits du salari\u00e9 face aux modifications d\u00e9cid\u00e9es par l'employeur. Cette probl\u00e9matique se pose avec une acuit\u00e9 particuli\u00e8re lorsque la\u2026","rel":"","context":"\u0412 &quot;D\u00e9cisions juridiques&quot;","block_context":{"text":"D\u00e9cisions juridiques","link":"https:\/\/kohenavocats.com\/category\/decisions-juridiques\/"},"img":{"alt_text":"","src":"https:\/\/i0.wp.com\/kohenavocats.com\/wp-content\/uploads\/2024\/11\/ayush-kumar-lRZ-KmsecQ-unsplash.webp?resize=350%2C200&ssl=1","width":350,"height":200,"srcset":"https:\/\/i0.wp.com\/kohenavocats.com\/wp-content\/uploads\/2024\/11\/ayush-kumar-lRZ-KmsecQ-unsplash.webp?resize=350%2C200&ssl=1 1x, https:\/\/i0.wp.com\/kohenavocats.com\/wp-content\/uploads\/2024\/11\/ayush-kumar-lRZ-KmsecQ-unsplash.webp?resize=525%2C300&ssl=1 1.5x, https:\/\/i0.wp.com\/kohenavocats.com\/wp-content\/uploads\/2024\/11\/ayush-kumar-lRZ-KmsecQ-unsplash.webp?resize=700%2C400&ssl=1 2x, https:\/\/i0.wp.com\/kohenavocats.com\/wp-content\/uploads\/2024\/11\/ayush-kumar-lRZ-KmsecQ-unsplash.webp?resize=1050%2C600&ssl=1 3x, https:\/\/i0.wp.com\/kohenavocats.com\/wp-content\/uploads\/2024\/11\/ayush-kumar-lRZ-KmsecQ-unsplash.webp?resize=1400%2C800&ssl=1 4x"},"classes":[]},{"id":656868,"url":"https:\/\/kohenavocats.com\/ru\/cour-dappel-de-nancy-le-5-juillet-2024-n23-00700\/","url_meta":{"origin":653520,"position":1},"title":"Cour d&#8217;appel de Nancy, le 5 juillet 2024, n\u00b023\/00700","author":"Kohen","date":"23.04.2026","format":false,"excerpt":"La Cour d'appel de Nancy, le 5 juillet 2024, statue sur une demande de rappel de salaire au titre d'une prime de treizi\u00e8me mois. Le salari\u00e9 invoque un accord...","rel":"","context":"\u0412 &quot;Jurisprudence&quot;","block_context":{"text":"Jurisprudence","link":"https:\/\/kohenavocats.com\/category\/jurisprudence\/"},"img":{"alt_text":"","src":"https:\/\/i0.wp.com\/kohenavocats.com\/wp-content\/uploads\/2024\/11\/laura-adai-uVe-JpiFDmE-unsplash.webp?resize=350%2C200&ssl=1","width":350,"height":200,"srcset":"https:\/\/i0.wp.com\/kohenavocats.com\/wp-content\/uploads\/2024\/11\/laura-adai-uVe-JpiFDmE-unsplash.webp?resize=350%2C200&ssl=1 1x, https:\/\/i0.wp.com\/kohenavocats.com\/wp-content\/uploads\/2024\/11\/laura-adai-uVe-JpiFDmE-unsplash.webp?resize=525%2C300&ssl=1 1.5x, https:\/\/i0.wp.com\/kohenavocats.com\/wp-content\/uploads\/2024\/11\/laura-adai-uVe-JpiFDmE-unsplash.webp?resize=700%2C400&ssl=1 2x, https:\/\/i0.wp.com\/kohenavocats.com\/wp-content\/uploads\/2024\/11\/laura-adai-uVe-JpiFDmE-unsplash.webp?resize=1050%2C600&ssl=1 3x, https:\/\/i0.wp.com\/kohenavocats.com\/wp-content\/uploads\/2024\/11\/laura-adai-uVe-JpiFDmE-unsplash.webp?resize=1400%2C800&ssl=1 4x"},"classes":[]},{"id":52375,"url":"https:\/\/kohenavocats.com\/ru\/cour-dappel-de-aix-en-provence-le-27-juin-2025-n22-02241\/","url_meta":{"origin":653520,"position":2},"title":"Cour d&#8217;appel de Aix-en-Provence, le 27 juin 2025, n\u00b022\/02241","author":"Kohen","date":"08.11.2025","format":false,"excerpt":"La Cour d'appel d'Aix-en-Provence, 27 juin 2025, chambre 4\u20111, statue sur un litige prud'homal m\u00ealant r\u00e9mun\u00e9ration variable et transfert d'activit\u00e9 apr\u00e8s cessation d'exploitation. Une salari\u00e9e, engag\u00e9e comme secr\u00e9taire m\u00e9dicale, a per\u00e7u durant des ann\u00e9es une prime de rendement mensuelle avant une refonte unilat\u00e9rale annonc\u00e9e le 25 mars 2011. L'activit\u00e9 a\u2026","rel":"","context":"\u0412 &quot;Cour d'appel&quot;","block_context":{"text":"Cour d'appel","link":"https:\/\/kohenavocats.com\/category\/cour-dappel\/"},"img":{"alt_text":"","src":"https:\/\/i0.wp.com\/kohenavocats.com\/wp-content\/uploads\/2024\/08\/luke-michael-DUV8TJtD2QY-unsplash-1.webp?resize=350%2C200&ssl=1","width":350,"height":200,"srcset":"https:\/\/i0.wp.com\/kohenavocats.com\/wp-content\/uploads\/2024\/08\/luke-michael-DUV8TJtD2QY-unsplash-1.webp?resize=350%2C200&ssl=1 1x, https:\/\/i0.wp.com\/kohenavocats.com\/wp-content\/uploads\/2024\/08\/luke-michael-DUV8TJtD2QY-unsplash-1.webp?resize=525%2C300&ssl=1 1.5x, https:\/\/i0.wp.com\/kohenavocats.com\/wp-content\/uploads\/2024\/08\/luke-michael-DUV8TJtD2QY-unsplash-1.webp?resize=700%2C400&ssl=1 2x, https:\/\/i0.wp.com\/kohenavocats.com\/wp-content\/uploads\/2024\/08\/luke-michael-DUV8TJtD2QY-unsplash-1.webp?resize=1050%2C600&ssl=1 3x, https:\/\/i0.wp.com\/kohenavocats.com\/wp-content\/uploads\/2024\/08\/luke-michael-DUV8TJtD2QY-unsplash-1.webp?resize=1400%2C800&ssl=1 4x"},"classes":[]},{"id":231065,"url":"https:\/\/kohenavocats.com\/ru\/cour-dappel-de-aix-en-provence-le-27-juin-2025-n22-02243\/","url_meta":{"origin":653520,"position":3},"title":"Cour d&#8217;appel de Aix-en-Provence, le 27 juin 2025, n\u00b022\/02243","author":"Kohen","date":"27.12.2025","format":false,"excerpt":"L'article L. 1224-1 du code du travail pr\u00e9voit le maintien des contrats de travail en cas de transfert d'une entit\u00e9 \u00e9conomique autonome. La mise en \u0153uvre de ce texte suppose toutefois la r\u00e9union de conditions strictes dont l'appr\u00e9ciation rel\u00e8ve du pouvoir souverain des juges du fond. La cour d'appel d'Aix-en-Provence,\u2026","rel":"","context":"\u0412 &quot;Cour d'appel&quot;","block_context":{"text":"Cour d'appel","link":"https:\/\/kohenavocats.com\/category\/cour-dappel\/"},"img":{"alt_text":"","src":"https:\/\/i0.wp.com\/kohenavocats.com\/wp-content\/uploads\/2024\/11\/getty-images-XLYXqcKQm48-unsplash.webp?resize=350%2C200&ssl=1","width":350,"height":200,"srcset":"https:\/\/i0.wp.com\/kohenavocats.com\/wp-content\/uploads\/2024\/11\/getty-images-XLYXqcKQm48-unsplash.webp?resize=350%2C200&ssl=1 1x, https:\/\/i0.wp.com\/kohenavocats.com\/wp-content\/uploads\/2024\/11\/getty-images-XLYXqcKQm48-unsplash.webp?resize=525%2C300&ssl=1 1.5x, https:\/\/i0.wp.com\/kohenavocats.com\/wp-content\/uploads\/2024\/11\/getty-images-XLYXqcKQm48-unsplash.webp?resize=700%2C400&ssl=1 2x, https:\/\/i0.wp.com\/kohenavocats.com\/wp-content\/uploads\/2024\/11\/getty-images-XLYXqcKQm48-unsplash.webp?resize=1050%2C600&ssl=1 3x, https:\/\/i0.wp.com\/kohenavocats.com\/wp-content\/uploads\/2024\/11\/getty-images-XLYXqcKQm48-unsplash.webp?resize=1400%2C800&ssl=1 4x"},"classes":[]},{"id":482408,"url":"https:\/\/kohenavocats.com\/ru\/cour-dappel-de-montpellier-le-8-janvier-2025-n22-04567\/","url_meta":{"origin":653520,"position":4},"title":"Cour d&#8217;appel de Montpellier, le 8 janvier 2025, n\u00b022\/04567","author":"Kohen","date":"08.04.2026","format":false,"excerpt":"La Cour d\u2019appel de Montpellier, le 8 janvier 2025, statue sur un litige n\u00e9 d\u2019un licenciement. Un salari\u00e9 contestait son licenciement pour faute grave et form...","rel":"","context":"\u0412 &quot;Jurisprudence&quot;","block_context":{"text":"Jurisprudence","link":"https:\/\/kohenavocats.com\/category\/jurisprudence\/"},"img":{"alt_text":"","src":"https:\/\/i0.wp.com\/kohenavocats.com\/wp-content\/uploads\/2024\/11\/pawel-czerwinski-plv4_0R9-dc-unsplash.webp?resize=350%2C200&ssl=1","width":350,"height":200,"srcset":"https:\/\/i0.wp.com\/kohenavocats.com\/wp-content\/uploads\/2024\/11\/pawel-czerwinski-plv4_0R9-dc-unsplash.webp?resize=350%2C200&ssl=1 1x, https:\/\/i0.wp.com\/kohenavocats.com\/wp-content\/uploads\/2024\/11\/pawel-czerwinski-plv4_0R9-dc-unsplash.webp?resize=525%2C300&ssl=1 1.5x, https:\/\/i0.wp.com\/kohenavocats.com\/wp-content\/uploads\/2024\/11\/pawel-czerwinski-plv4_0R9-dc-unsplash.webp?resize=700%2C400&ssl=1 2x, https:\/\/i0.wp.com\/kohenavocats.com\/wp-content\/uploads\/2024\/11\/pawel-czerwinski-plv4_0R9-dc-unsplash.webp?resize=1050%2C600&ssl=1 3x, https:\/\/i0.wp.com\/kohenavocats.com\/wp-content\/uploads\/2024\/11\/pawel-czerwinski-plv4_0R9-dc-unsplash.webp?resize=1400%2C800&ssl=1 4x"},"classes":[]},{"id":481014,"url":"https:\/\/kohenavocats.com\/ru\/cour-dappel-de-montpellier-le-13-novembre-2025-n24-00261\/","url_meta":{"origin":653520,"position":5},"title":"Cour d&#8217;appel de Montpellier, le 13 novembre 2025, n\u00b024\/00261","author":"Kohen","date":"07.04.2026","format":false,"excerpt":"La Cour d\u2019appel de Montpellier, le 13 novembre 2025, statue sur un litige n\u00e9 de l\u2019ex\u00e9cution d\u2019un contrat de travail. Une salari\u00e9e reprochait \u00e0 son employeur ...","rel":"","context":"\u0412 &quot;Jurisprudence&quot;","block_context":{"text":"Jurisprudence","link":"https:\/\/kohenavocats.com\/category\/jurisprudence\/"},"img":{"alt_text":"","src":"https:\/\/i0.wp.com\/kohenavocats.com\/wp-content\/uploads\/2024\/08\/wei-hunag-0qGqvY7BA2g-unsplash.webp?resize=350%2C200&ssl=1","width":350,"height":200,"srcset":"https:\/\/i0.wp.com\/kohenavocats.com\/wp-content\/uploads\/2024\/08\/wei-hunag-0qGqvY7BA2g-unsplash.webp?resize=350%2C200&ssl=1 1x, https:\/\/i0.wp.com\/kohenavocats.com\/wp-content\/uploads\/2024\/08\/wei-hunag-0qGqvY7BA2g-unsplash.webp?resize=525%2C300&ssl=1 1.5x, https:\/\/i0.wp.com\/kohenavocats.com\/wp-content\/uploads\/2024\/08\/wei-hunag-0qGqvY7BA2g-unsplash.webp?resize=700%2C400&ssl=1 2x, https:\/\/i0.wp.com\/kohenavocats.com\/wp-content\/uploads\/2024\/08\/wei-hunag-0qGqvY7BA2g-unsplash.webp?resize=1050%2C600&ssl=1 3x, https:\/\/i0.wp.com\/kohenavocats.com\/wp-content\/uploads\/2024\/08\/wei-hunag-0qGqvY7BA2g-unsplash.webp?resize=1400%2C800&ssl=1 4x"},"classes":[]}],"jetpack_sharing_enabled":true,"_links":{"self":[{"href":"https:\/\/kohenavocats.com\/ru\/wp-json\/wp\/v2\/posts\/653520","targetHints":{"allow":["GET"]}}],"collection":[{"href":"https:\/\/kohenavocats.com\/ru\/wp-json\/wp\/v2\/posts"}],"about":[{"href":"https:\/\/kohenavocats.com\/ru\/wp-json\/wp\/v2\/types\/post"}],"author":[{"embeddable":true,"href":"https:\/\/kohenavocats.com\/ru\/wp-json\/wp\/v2\/users\/232070755"}],"replies":[{"embeddable":true,"href":"https:\/\/kohenavocats.com\/ru\/wp-json\/wp\/v2\/comments?post=653520"}],"version-history":[{"count":0,"href":"https:\/\/kohenavocats.com\/ru\/wp-json\/wp\/v2\/posts\/653520\/revisions"}],"wp:featuredmedia":[{"embeddable":true,"href":"https:\/\/kohenavocats.com\/ru\/wp-json\/wp\/v2\/media\/4714"}],"wp:attachment":[{"href":"https:\/\/kohenavocats.com\/ru\/wp-json\/wp\/v2\/media?parent=653520"}],"wp:term":[{"taxonomy":"category","embeddable":true,"href":"https:\/\/kohenavocats.com\/ru\/wp-json\/wp\/v2\/categories?post=653520"},{"taxonomy":"post_tag","embeddable":true,"href":"https:\/\/kohenavocats.com\/ru\/wp-json\/wp\/v2\/tags?post=653520"}],"curies":[{"name":"wp","href":"https:\/\/api.w.org\/{rel}","templated":true}]}}