{"id":654224,"date":"2026-04-23T03:08:31","date_gmt":"2026-04-23T01:08:31","guid":{"rendered":"https:\/\/kohenavocats.com\/tribunal-judiciaire-de-mesnil-amelot-le-1-octobre-2025-n25-03878\/"},"modified":"2026-04-23T03:08:31","modified_gmt":"2026-04-23T01:08:31","slug":"tribunal-judiciaire-de-mesnil-amelot-le-1-octobre-2025-n25-03878","status":"publish","type":"post","link":"https:\/\/kohenavocats.com\/ru\/tribunal-judiciaire-de-mesnil-amelot-le-1-octobre-2025-n25-03878\/","title":{"rendered":"Tribunal judiciaire de Mesnil-Amelot, le 1 octobre 2025, n\u00b025\/03878"},"content":{"rendered":"<div class=\"article-content\">\n<p>Le tribunal judiciaire du Mesnil-Amelot, statuant le 1er octobre 2025, examine une demande de prolongation de r\u00e9tention administrative. La personne retenue soul\u00e8ve plusieurs moyens d&#8217;irr\u00e9gularit\u00e9 proc\u00e9durale et d&#8217;irrecevabilit\u00e9 de la requ\u00eate. Le juge, apr\u00e8s un examen d\u00e9taill\u00e9, rejette l&#8217;ensemble des moyens et ordonne la prolongation de la r\u00e9tention pour vingt-six jours.<\/p>\n<p>Le contr\u00f4le rigoureux des garanties proc\u00e9durales entourant la privation de libert\u00e9<\/p>\n<p>L&#8217;exigence d&#8217;une information imm\u00e9diate du parquet sur le placement en r\u00e9tention. Le juge rappelle que l&#8217;information du procureur de la R\u00e9publique constitue une garantie essentielle. La jurisprudence exige que cette information soit prouv\u00e9e et intervienne sans d\u00e9lai excessif. &#171;lorsqu&#8217;il ne r\u00e9sulte pas des pi\u00e8ces du dossier que le procureur de la R\u00e9publique a \u00e9t\u00e9 inform\u00e9 du placement en r\u00e9tention, la proc\u00e9dure se trouve entach\u00e9e d&#8217;une nullit\u00e9 d&#8217;ordre public&#187; (Tribunal judiciaire de Meaux, le 15 juillet 2025, n\u00b025\/02767). En l&#8217;esp\u00e8ce, le juge estime que l&#8217;avis, intervenu avant 21h05 pour un placement \u00e0 20h01, satisfait \u00e0 l&#8217;exigence d&#8217;imm\u00e9diatet\u00e9 malgr\u00e9 l&#8217;absence d&#8217;horaire pr\u00e9cis. Cette solution affirme une interpr\u00e9tation pragmatique de l&#8217;imm\u00e9diatet\u00e9, privil\u00e9giant l&#8217;effectivit\u00e9 du contr\u00f4le parquetial sur un formalisme excessif.<\/p>\n<p>L&#8217;appr\u00e9ciation souveraine de la r\u00e9gularit\u00e9 des autres actes de la proc\u00e9dure. Le juge \u00e9carte le grief tir\u00e9 de la dur\u00e9e de la garde \u00e0 vue, celle-ci n&#8217;ayant pas exc\u00e9d\u00e9 le d\u00e9lai l\u00e9gal de vingt-quatre heures. Il retient l&#8217;absence de pr\u00e9judice substantiel li\u00e9 \u00e0 l&#8217;identification de l&#8217;agent notificateur. Concernant la lev\u00e9e de garde \u00e0 vue, il constate qu'&#187;aucune irr\u00e9gularit\u00e9 ne pouvait \u00eatre relev\u00e9e en l&#8217;esp\u00e8ce en l&#8217;absence d&#8217;un quelconque d\u00e9tournement de la proc\u00e9dure de garde \u00e0 vue qui en tout \u00e9tat de cause n&#8217;a pas d\u00e9pass\u00e9 la dur\u00e9e de 24 heures&#187; (Cour d&#8217;appel de Lyon, le 21 f\u00e9vrier 2025, n\u00b025\/01385). Le juge op\u00e8re ainsi un contr\u00f4le concret, recherchant syst\u00e9matiquement si les irr\u00e9gularit\u00e9s all\u00e9gu\u00e9es ont port\u00e9 une atteinte substantielle aux droits de l&#8217;int\u00e9ress\u00e9.<\/p>\n<p>La d\u00e9finition fonctionnelle des conditions de recevabilit\u00e9 de la requ\u00eate<\/p>\n<p>La nature probatoire du registre de r\u00e9tention et ses mentions obligatoires. Le moyen d&#8217;irrecevabilit\u00e9 est fond\u00e9 sur l&#8217;absence de mention de l&#8217;interdiction de retour sur le registre. Le juge rappelle que la production du registre vise \u00e0 permettre le contr\u00f4le de l&#8217;effectivit\u00e9 des droits. Il pr\u00e9cise qu&#8217;aucun texte ne dresse une liste exhaustive des mentions obligatoires. D\u00e8s lors, l&#8217;omission d&#8217;une information non requise par la loi ne saurait entra\u00eener l&#8217;irrecevabilit\u00e9. Cette analyse limite la port\u00e9e de l&#8217;exigence de production du registre \u00e0 sa finalit\u00e9 premi\u00e8re, \u00e9vitant un formalisme qui paralyserait l&#8217;examen au fond.<\/p>\n<p>La v\u00e9rification de l&#8217;existence d&#8217;une mesure d&#8217;\u00e9loignement justifiant la prolongation. Le juge estime que la mention de l&#8217;obligation de quitter le territoire fran\u00e7ais sur le registre suffit. L&#8217;interdiction de retour, bien que non mentionn\u00e9e, est contenue dans la mesure d&#8217;\u00e9loignement elle-m\u00eame. Le contr\u00f4le se concentre ainsi sur l&#8217;existence l\u00e9gale du fondement de la r\u00e9tention. Cette approche confirme que le juge des libert\u00e9s n&#8217;a pas \u00e0 v\u00e9rifier l&#8217;exhaustivit\u00e9 des donn\u00e9es administratives mais seulement les \u00e9l\u00e9ments essentiels \u00e0 son contr\u00f4le juridictionnel. La d\u00e9cision consolide une jurisprudence soucieuse de pr\u00e9server l&#8217;effectivit\u00e9 du recours tout en emp\u00eachant les moyens dilatoires.<\/p>\n<\/div>\n","protected":false},"excerpt":{"rendered":"<p>Le tribunal judiciaire du Mesnil-Amelot, statuant le 1er octobre 2025, examine une demande de prolongation de r\u00e9tention administrative. La personne retenue s&#8230;<\/p>\n","protected":false},"author":232070755,"featured_media":4729,"comment_status":"open","ping_status":"open","sticky":false,"template":"","format":"standard","meta":{"_crdt_document":"","_jetpack_newsletter_access":"","_jetpack_dont_email_post_to_subs":false,"_jetpack_newsletter_tier_id":0,"_jetpack_memberships_contains_paywalled_content":false,"_kj_source_type":"","_kj_official_id":"","_kj_official_url":"","_kj_judilibre_id":"","_kj_jur":"","_kj_lieu":"","_kj_chambre":"","_kj_rg":"","_kj_date":"","_jetpack_memberships_contains_paid_content":false,"footnotes":"","jetpack_post_was_ever_published":false},"categories":[7597],"tags":[],"class_list":["post-654224","post","type-post","status-publish","format-standard","has-post-thumbnail","hentry","category-jurisprudence"],"yoast_head":"<!-- This site is optimized with the Yoast SEO Premium plugin v27.5 (Yoast SEO v27.5) - https:\/\/yoast.com\/product\/yoast-seo-premium-wordpress\/ -->\n<title>Tribunal judiciaire de Mesnil-Amelot, le 1 octobre 2025, n\u00b025\/03878 - Ma\u00eetre Hassan Kohen, avocat en droit p\u00e9nal \u00e0 Paris<\/title>\n<meta name=\"description\" content=\"Le tribunal judiciaire du Mesnil-Amelot, statuant le 1er octobre 2025, examine une demande de prolongation de r\u00e9tention administrative. La personne retenue s...\" \/>\n<meta name=\"robots\" content=\"index, follow, max-snippet:-1, max-image-preview:large, max-video-preview:-1\" \/>\n<link rel=\"canonical\" href=\"https:\/\/kohenavocats.com\/ru\/tribunal-judiciaire-de-mesnil-amelot-le-1-octobre-2025-n25-03878\/\" \/>\n<meta property=\"og:locale\" content=\"ru_RU\" \/>\n<meta property=\"og:type\" content=\"article\" \/>\n<meta property=\"og:title\" content=\"Tribunal judiciaire de Mesnil-Amelot, le 1 octobre 2025, n\u00b025\/03878\" \/>\n<meta property=\"og:description\" content=\"Le tribunal judiciaire du Mesnil-Amelot, statuant le 1er octobre 2025, examine une demande de prolongation de r\u00e9tention administrative. La personne retenue s...\" \/>\n<meta property=\"og:url\" content=\"https:\/\/kohenavocats.com\/ru\/tribunal-judiciaire-de-mesnil-amelot-le-1-octobre-2025-n25-03878\/\" \/>\n<meta property=\"og:site_name\" content=\"Ma\u00eetre Hassan Kohen, avocat en droit p\u00e9nal \u00e0 Paris\" \/>\n<meta property=\"article:published_time\" content=\"2026-04-23T01:08:31+00:00\" \/>\n<meta property=\"og:image\" content=\"https:\/\/kohenavocats.com\/wp-content\/uploads\/2024\/08\/rafael-m-CTNHIGI2WcU-unsplash.webp\" \/>\n\t<meta property=\"og:image:width\" content=\"5730\" \/>\n\t<meta property=\"og:image:height\" content=\"3996\" \/>\n\t<meta property=\"og:image:type\" content=\"image\/webp\" \/>\n<meta name=\"author\" content=\"Kohen\" \/>\n<meta name=\"twitter:card\" content=\"summary_large_image\" \/>\n<meta name=\"twitter:label1\" content=\"\u041d\u0430\u043f\u0438\u0441\u0430\u043d\u043e \u0430\u0432\u0442\u043e\u0440\u043e\u043c\" \/>\n\t<meta name=\"twitter:data1\" content=\"Kohen\" \/>\n\t<meta name=\"twitter:label2\" content=\"\u041f\u0440\u0438\u043c\u0435\u0440\u043d\u043e\u0435 \u0432\u0440\u0435\u043c\u044f \u0434\u043b\u044f \u0447\u0442\u0435\u043d\u0438\u044f\" \/>\n\t<meta name=\"twitter:data2\" content=\"3 \u043c\u0438\u043d\u0443\u0442\u044b\" \/>\n<script type=\"application\/ld+json\" class=\"yoast-schema-graph\">{\"@context\":\"https:\\\/\\\/schema.org\",\"@graph\":[{\"@type\":\"Article\",\"@id\":\"https:\\\/\\\/kohenavocats.com\\\/ru\\\/tribunal-judiciaire-de-mesnil-amelot-le-1-octobre-2025-n25-03878\\\/#article\",\"isPartOf\":{\"@id\":\"https:\\\/\\\/kohenavocats.com\\\/ru\\\/tribunal-judiciaire-de-mesnil-amelot-le-1-octobre-2025-n25-03878\\\/\"},\"author\":{\"name\":\"Kohen\",\"@id\":\"https:\\\/\\\/kohenavocats.com\\\/ru\\\/#\\\/schema\\\/person\\\/761c9ba54fa1ca84d405cef0831ff751\"},\"headline\":\"Tribunal judiciaire de Mesnil-Amelot, le 1 octobre 2025, n\u00b025\\\/03878\",\"datePublished\":\"2026-04-23T01:08:31+00:00\",\"mainEntityOfPage\":{\"@id\":\"https:\\\/\\\/kohenavocats.com\\\/ru\\\/tribunal-judiciaire-de-mesnil-amelot-le-1-octobre-2025-n25-03878\\\/\"},\"wordCount\":616,\"commentCount\":0,\"publisher\":{\"@id\":\"https:\\\/\\\/kohenavocats.com\\\/ru\\\/#organization\"},\"image\":{\"@id\":\"https:\\\/\\\/kohenavocats.com\\\/ru\\\/tribunal-judiciaire-de-mesnil-amelot-le-1-octobre-2025-n25-03878\\\/#primaryimage\"},\"thumbnailUrl\":\"https:\\\/\\\/kohenavocats.com\\\/wp-content\\\/uploads\\\/2024\\\/08\\\/rafael-m-CTNHIGI2WcU-unsplash.webp\",\"articleSection\":[\"Jurisprudence\"],\"inLanguage\":\"ru-RU\",\"potentialAction\":[{\"@type\":\"CommentAction\",\"name\":\"Comment\",\"target\":[\"https:\\\/\\\/kohenavocats.com\\\/ru\\\/tribunal-judiciaire-de-mesnil-amelot-le-1-octobre-2025-n25-03878\\\/#respond\"]}],\"citation\":\"Tribunal judiciaire de Mesnil-Amelot, le 1 octobre 2025, n\u00b025\\\/03878\",\"about\":[{\"@type\":\"Thing\",\"name\":\"Jurisprudence\"}],\"dateModified\":\"2026-04-23T01:08:31+00:00\",\"speakable\":{\"@type\":\"SpeakableSpecification\",\"cssSelector\":[\".article-content > p:first-of-type\"]}},{\"@type\":\"WebPage\",\"@id\":\"https:\\\/\\\/kohenavocats.com\\\/ru\\\/tribunal-judiciaire-de-mesnil-amelot-le-1-octobre-2025-n25-03878\\\/\",\"url\":\"https:\\\/\\\/kohenavocats.com\\\/ru\\\/tribunal-judiciaire-de-mesnil-amelot-le-1-octobre-2025-n25-03878\\\/\",\"name\":\"Tribunal judiciaire de Mesnil-Amelot, le 1 octobre 2025, n\u00b025\\\/03878 - Ma\u00eetre Hassan Kohen, avocat en droit p\u00e9nal \u00e0 Paris\",\"isPartOf\":{\"@id\":\"https:\\\/\\\/kohenavocats.com\\\/ru\\\/#website\"},\"primaryImageOfPage\":{\"@id\":\"https:\\\/\\\/kohenavocats.com\\\/ru\\\/tribunal-judiciaire-de-mesnil-amelot-le-1-octobre-2025-n25-03878\\\/#primaryimage\"},\"image\":{\"@id\":\"https:\\\/\\\/kohenavocats.com\\\/ru\\\/tribunal-judiciaire-de-mesnil-amelot-le-1-octobre-2025-n25-03878\\\/#primaryimage\"},\"thumbnailUrl\":\"https:\\\/\\\/kohenavocats.com\\\/wp-content\\\/uploads\\\/2024\\\/08\\\/rafael-m-CTNHIGI2WcU-unsplash.webp\",\"datePublished\":\"2026-04-23T01:08:31+00:00\",\"description\":\"Le tribunal judiciaire du Mesnil-Amelot, statuant le 1er octobre 2025, examine une demande de prolongation de r\u00e9tention administrative. La personne retenue s...\",\"breadcrumb\":{\"@id\":\"https:\\\/\\\/kohenavocats.com\\\/ru\\\/tribunal-judiciaire-de-mesnil-amelot-le-1-octobre-2025-n25-03878\\\/#breadcrumb\"},\"inLanguage\":\"ru-RU\",\"potentialAction\":[{\"@type\":\"ReadAction\",\"target\":[\"https:\\\/\\\/kohenavocats.com\\\/ru\\\/tribunal-judiciaire-de-mesnil-amelot-le-1-octobre-2025-n25-03878\\\/\"]}]},{\"@type\":\"ImageObject\",\"inLanguage\":\"ru-RU\",\"@id\":\"https:\\\/\\\/kohenavocats.com\\\/ru\\\/tribunal-judiciaire-de-mesnil-amelot-le-1-octobre-2025-n25-03878\\\/#primaryimage\",\"url\":\"https:\\\/\\\/kohenavocats.com\\\/wp-content\\\/uploads\\\/2024\\\/08\\\/rafael-m-CTNHIGI2WcU-unsplash.webp\",\"contentUrl\":\"https:\\\/\\\/kohenavocats.com\\\/wp-content\\\/uploads\\\/2024\\\/08\\\/rafael-m-CTNHIGI2WcU-unsplash.webp\",\"width\":5730,\"height\":3996},{\"@type\":\"BreadcrumbList\",\"@id\":\"https:\\\/\\\/kohenavocats.com\\\/ru\\\/tribunal-judiciaire-de-mesnil-amelot-le-1-octobre-2025-n25-03878\\\/#breadcrumb\",\"itemListElement\":[{\"@type\":\"ListItem\",\"position\":1,\"name\":\"Home\",\"item\":\"https:\\\/\\\/kohenavocats.com\\\/ru\\\/avocats-en-droit-penal-a-paris-conseil-et-defense-strategique\\\/\"},{\"@type\":\"ListItem\",\"position\":2,\"name\":\"Tribunal judiciaire de Mesnil-Amelot, le 1 octobre 2025, n\u00b025\\\/03878\"}]},{\"@type\":\"WebSite\",\"@id\":\"https:\\\/\\\/kohenavocats.com\\\/ru\\\/#website\",\"url\":\"https:\\\/\\\/kohenavocats.com\\\/ru\\\/\",\"name\":\"Kohen Avocats\",\"description\":\"Ma\u00eetre Hassan Kohen, avocat p\u00e9naliste \u00e0 Paris, intervient exclusivement en droit p\u00e9nal pour la d\u00e9fense des particuliers, notamment en mati\u00e8re d\u2019accusations de viol. Il assure un accompagnement rigoureux d\u00e8s la garde \u00e0 vue jusqu\u2019\u00e0 la Cour d\u2019assises, veillant au strict respect des garanties proc\u00e9durales.\",\"publisher\":{\"@id\":\"https:\\\/\\\/kohenavocats.com\\\/ru\\\/#organization\"},\"potentialAction\":[{\"@type\":\"SearchAction\",\"target\":{\"@type\":\"EntryPoint\",\"urlTemplate\":\"https:\\\/\\\/kohenavocats.com\\\/ru\\\/?s={search_term_string}\"},\"query-input\":{\"@type\":\"PropertyValueSpecification\",\"valueRequired\":true,\"valueName\":\"search_term_string\"}}],\"inLanguage\":\"ru-RU\"},{\"@type\":\"Organization\",\"@id\":\"https:\\\/\\\/kohenavocats.com\\\/ru\\\/#organization\",\"name\":\"Kohen Avocats\",\"url\":\"https:\\\/\\\/kohenavocats.com\\\/ru\\\/\",\"logo\":{\"@type\":\"ImageObject\",\"inLanguage\":\"ru-RU\",\"@id\":\"https:\\\/\\\/kohenavocats.com\\\/ru\\\/#\\\/schema\\\/logo\\\/image\\\/\",\"url\":\"https:\\\/\\\/kohenavocats.com\\\/wp-content\\\/uploads\\\/2026\\\/01\\\/Logo-2-1.webp\",\"contentUrl\":\"https:\\\/\\\/kohenavocats.com\\\/wp-content\\\/uploads\\\/2026\\\/01\\\/Logo-2-1.webp\",\"width\":2114,\"height\":1253,\"caption\":\"Kohen Avocats\"},\"image\":{\"@id\":\"https:\\\/\\\/kohenavocats.com\\\/ru\\\/#\\\/schema\\\/logo\\\/image\\\/\"}},{\"@type\":\"Person\",\"@id\":\"https:\\\/\\\/kohenavocats.com\\\/ru\\\/#\\\/schema\\\/person\\\/761c9ba54fa1ca84d405cef0831ff751\",\"name\":\"Kohen\",\"image\":{\"@type\":\"ImageObject\",\"inLanguage\":\"ru-RU\",\"@id\":\"https:\\\/\\\/secure.gravatar.com\\\/avatar\\\/1c5e76ef76bbbfdd2b4da984e2bf2fa4056fd51a27d25ce2c332047f1dfd6e00?s=96&d=identicon&r=g\",\"url\":\"https:\\\/\\\/secure.gravatar.com\\\/avatar\\\/1c5e76ef76bbbfdd2b4da984e2bf2fa4056fd51a27d25ce2c332047f1dfd6e00?s=96&d=identicon&r=g\",\"contentUrl\":\"https:\\\/\\\/secure.gravatar.com\\\/avatar\\\/1c5e76ef76bbbfdd2b4da984e2bf2fa4056fd51a27d25ce2c332047f1dfd6e00?s=96&d=identicon&r=g\",\"caption\":\"Kohen\"},\"sameAs\":[\"https:\\\/\\\/www.linkedin.com\\\/in\\\/hassan-kohen-448548192\\\/\",\"https:\\\/\\\/www.youtube.com\\\/@Kohen-Avocats\"],\"url\":\"https:\\\/\\\/kohenavocats.com\\\/ru\\\/author\\\/kohenmlk\\\/\"}]}<\/script>\n<!-- \/ Yoast SEO Premium plugin. -->","yoast_head_json":{"title":"Tribunal judiciaire de Mesnil-Amelot, le 1 octobre 2025, n\u00b025\/03878 - Ma\u00eetre Hassan Kohen, avocat en droit p\u00e9nal \u00e0 Paris","description":"Le tribunal judiciaire du Mesnil-Amelot, statuant le 1er octobre 2025, examine une demande de prolongation de r\u00e9tention administrative. La personne retenue s...","robots":{"index":"index","follow":"follow","max-snippet":"max-snippet:-1","max-image-preview":"max-image-preview:large","max-video-preview":"max-video-preview:-1"},"canonical":"https:\/\/kohenavocats.com\/ru\/tribunal-judiciaire-de-mesnil-amelot-le-1-octobre-2025-n25-03878\/","og_locale":"ru_RU","og_type":"article","og_title":"Tribunal judiciaire de Mesnil-Amelot, le 1 octobre 2025, n\u00b025\/03878","og_description":"Le tribunal judiciaire du Mesnil-Amelot, statuant le 1er octobre 2025, examine une demande de prolongation de r\u00e9tention administrative. La personne retenue s...","og_url":"https:\/\/kohenavocats.com\/ru\/tribunal-judiciaire-de-mesnil-amelot-le-1-octobre-2025-n25-03878\/","og_site_name":"Ma\u00eetre Hassan Kohen, avocat en droit p\u00e9nal \u00e0 Paris","article_published_time":"2026-04-23T01:08:31+00:00","og_image":[{"width":5730,"height":3996,"url":"https:\/\/kohenavocats.com\/wp-content\/uploads\/2024\/08\/rafael-m-CTNHIGI2WcU-unsplash.webp","type":"image\/webp"}],"author":"Kohen","twitter_card":"summary_large_image","twitter_misc":{"\u041d\u0430\u043f\u0438\u0441\u0430\u043d\u043e \u0430\u0432\u0442\u043e\u0440\u043e\u043c":"Kohen","\u041f\u0440\u0438\u043c\u0435\u0440\u043d\u043e\u0435 \u0432\u0440\u0435\u043c\u044f \u0434\u043b\u044f \u0447\u0442\u0435\u043d\u0438\u044f":"3 \u043c\u0438\u043d\u0443\u0442\u044b"},"schema":{"@context":"https:\/\/schema.org","@graph":[{"@type":"Article","@id":"https:\/\/kohenavocats.com\/ru\/tribunal-judiciaire-de-mesnil-amelot-le-1-octobre-2025-n25-03878\/#article","isPartOf":{"@id":"https:\/\/kohenavocats.com\/ru\/tribunal-judiciaire-de-mesnil-amelot-le-1-octobre-2025-n25-03878\/"},"author":{"name":"Kohen","@id":"https:\/\/kohenavocats.com\/ru\/#\/schema\/person\/761c9ba54fa1ca84d405cef0831ff751"},"headline":"Tribunal judiciaire de Mesnil-Amelot, le 1 octobre 2025, n\u00b025\/03878","datePublished":"2026-04-23T01:08:31+00:00","mainEntityOfPage":{"@id":"https:\/\/kohenavocats.com\/ru\/tribunal-judiciaire-de-mesnil-amelot-le-1-octobre-2025-n25-03878\/"},"wordCount":616,"commentCount":0,"publisher":{"@id":"https:\/\/kohenavocats.com\/ru\/#organization"},"image":{"@id":"https:\/\/kohenavocats.com\/ru\/tribunal-judiciaire-de-mesnil-amelot-le-1-octobre-2025-n25-03878\/#primaryimage"},"thumbnailUrl":"https:\/\/kohenavocats.com\/wp-content\/uploads\/2024\/08\/rafael-m-CTNHIGI2WcU-unsplash.webp","articleSection":["Jurisprudence"],"inLanguage":"ru-RU","potentialAction":[{"@type":"CommentAction","name":"Comment","target":["https:\/\/kohenavocats.com\/ru\/tribunal-judiciaire-de-mesnil-amelot-le-1-octobre-2025-n25-03878\/#respond"]}],"citation":"Tribunal judiciaire de Mesnil-Amelot, le 1 octobre 2025, n\u00b025\/03878","about":[{"@type":"Thing","name":"Jurisprudence"}],"dateModified":"2026-04-23T01:08:31+00:00","speakable":{"@type":"SpeakableSpecification","cssSelector":[".article-content > p:first-of-type"]}},{"@type":"WebPage","@id":"https:\/\/kohenavocats.com\/ru\/tribunal-judiciaire-de-mesnil-amelot-le-1-octobre-2025-n25-03878\/","url":"https:\/\/kohenavocats.com\/ru\/tribunal-judiciaire-de-mesnil-amelot-le-1-octobre-2025-n25-03878\/","name":"Tribunal judiciaire de Mesnil-Amelot, le 1 octobre 2025, n\u00b025\/03878 - Ma\u00eetre Hassan Kohen, avocat en droit p\u00e9nal \u00e0 Paris","isPartOf":{"@id":"https:\/\/kohenavocats.com\/ru\/#website"},"primaryImageOfPage":{"@id":"https:\/\/kohenavocats.com\/ru\/tribunal-judiciaire-de-mesnil-amelot-le-1-octobre-2025-n25-03878\/#primaryimage"},"image":{"@id":"https:\/\/kohenavocats.com\/ru\/tribunal-judiciaire-de-mesnil-amelot-le-1-octobre-2025-n25-03878\/#primaryimage"},"thumbnailUrl":"https:\/\/kohenavocats.com\/wp-content\/uploads\/2024\/08\/rafael-m-CTNHIGI2WcU-unsplash.webp","datePublished":"2026-04-23T01:08:31+00:00","description":"Le tribunal judiciaire du Mesnil-Amelot, statuant le 1er octobre 2025, examine une demande de prolongation de r\u00e9tention administrative. La personne retenue s...","breadcrumb":{"@id":"https:\/\/kohenavocats.com\/ru\/tribunal-judiciaire-de-mesnil-amelot-le-1-octobre-2025-n25-03878\/#breadcrumb"},"inLanguage":"ru-RU","potentialAction":[{"@type":"ReadAction","target":["https:\/\/kohenavocats.com\/ru\/tribunal-judiciaire-de-mesnil-amelot-le-1-octobre-2025-n25-03878\/"]}]},{"@type":"ImageObject","inLanguage":"ru-RU","@id":"https:\/\/kohenavocats.com\/ru\/tribunal-judiciaire-de-mesnil-amelot-le-1-octobre-2025-n25-03878\/#primaryimage","url":"https:\/\/kohenavocats.com\/wp-content\/uploads\/2024\/08\/rafael-m-CTNHIGI2WcU-unsplash.webp","contentUrl":"https:\/\/kohenavocats.com\/wp-content\/uploads\/2024\/08\/rafael-m-CTNHIGI2WcU-unsplash.webp","width":5730,"height":3996},{"@type":"BreadcrumbList","@id":"https:\/\/kohenavocats.com\/ru\/tribunal-judiciaire-de-mesnil-amelot-le-1-octobre-2025-n25-03878\/#breadcrumb","itemListElement":[{"@type":"ListItem","position":1,"name":"Home","item":"https:\/\/kohenavocats.com\/ru\/avocats-en-droit-penal-a-paris-conseil-et-defense-strategique\/"},{"@type":"ListItem","position":2,"name":"Tribunal judiciaire de Mesnil-Amelot, le 1 octobre 2025, n\u00b025\/03878"}]},{"@type":"WebSite","@id":"https:\/\/kohenavocats.com\/ru\/#website","url":"https:\/\/kohenavocats.com\/ru\/","name":"Kohen Avocats","description":"Ma\u00eetre Hassan Kohen, avocat p\u00e9naliste \u00e0 Paris, intervient exclusivement en droit p\u00e9nal pour la d\u00e9fense des particuliers, notamment en mati\u00e8re d\u2019accusations de viol. Il assure un accompagnement rigoureux d\u00e8s la garde \u00e0 vue jusqu\u2019\u00e0 la Cour d\u2019assises, veillant au strict respect des garanties proc\u00e9durales.","publisher":{"@id":"https:\/\/kohenavocats.com\/ru\/#organization"},"potentialAction":[{"@type":"SearchAction","target":{"@type":"EntryPoint","urlTemplate":"https:\/\/kohenavocats.com\/ru\/?s={search_term_string}"},"query-input":{"@type":"PropertyValueSpecification","valueRequired":true,"valueName":"search_term_string"}}],"inLanguage":"ru-RU"},{"@type":"Organization","@id":"https:\/\/kohenavocats.com\/ru\/#organization","name":"Kohen Avocats","url":"https:\/\/kohenavocats.com\/ru\/","logo":{"@type":"ImageObject","inLanguage":"ru-RU","@id":"https:\/\/kohenavocats.com\/ru\/#\/schema\/logo\/image\/","url":"https:\/\/kohenavocats.com\/wp-content\/uploads\/2026\/01\/Logo-2-1.webp","contentUrl":"https:\/\/kohenavocats.com\/wp-content\/uploads\/2026\/01\/Logo-2-1.webp","width":2114,"height":1253,"caption":"Kohen Avocats"},"image":{"@id":"https:\/\/kohenavocats.com\/ru\/#\/schema\/logo\/image\/"}},{"@type":"Person","@id":"https:\/\/kohenavocats.com\/ru\/#\/schema\/person\/761c9ba54fa1ca84d405cef0831ff751","name":"Kohen","image":{"@type":"ImageObject","inLanguage":"ru-RU","@id":"https:\/\/secure.gravatar.com\/avatar\/1c5e76ef76bbbfdd2b4da984e2bf2fa4056fd51a27d25ce2c332047f1dfd6e00?s=96&d=identicon&r=g","url":"https:\/\/secure.gravatar.com\/avatar\/1c5e76ef76bbbfdd2b4da984e2bf2fa4056fd51a27d25ce2c332047f1dfd6e00?s=96&d=identicon&r=g","contentUrl":"https:\/\/secure.gravatar.com\/avatar\/1c5e76ef76bbbfdd2b4da984e2bf2fa4056fd51a27d25ce2c332047f1dfd6e00?s=96&d=identicon&r=g","caption":"Kohen"},"sameAs":["https:\/\/www.linkedin.com\/in\/hassan-kohen-448548192\/","https:\/\/www.youtube.com\/@Kohen-Avocats"],"url":"https:\/\/kohenavocats.com\/ru\/author\/kohenmlk\/"}]}},"jetpack_featured_media_url":"https:\/\/kohenavocats.com\/wp-content\/uploads\/2024\/08\/rafael-m-CTNHIGI2WcU-unsplash.webp","jetpack_likes_enabled":false,"jetpack_shortlink":"https:\/\/wp.me\/peCrII-2Kc0","jetpack-related-posts":[{"id":659026,"url":"https:\/\/kohenavocats.com\/ru\/tribunal-judiciaire-de-mesnil-amelot-le-27-septembre-2025-n25-03826\/","url_meta":{"origin":654224,"position":0},"title":"Tribunal judiciaire de Mesnil-Amelot, le 27 septembre 2025, n\u00b025\/03826","author":"Kohen","date":"23.04.2026","format":false,"excerpt":"Le tribunal judiciaire du Mesnil-Amelot, statuant le 27 septembre 2025, examine une demande de prolongation de r\u00e9tention administrative et un recours contre ...","rel":"","context":"\u0412 &quot;Jurisprudence&quot;","block_context":{"text":"Jurisprudence","link":"https:\/\/kohenavocats.com\/category\/jurisprudence\/"},"img":{"alt_text":"","src":"https:\/\/i0.wp.com\/kohenavocats.com\/wp-content\/uploads\/2024\/08\/luis-cortes-NkmP4u5P1PM-unsplash.webp?resize=350%2C200&ssl=1","width":350,"height":200,"srcset":"https:\/\/i0.wp.com\/kohenavocats.com\/wp-content\/uploads\/2024\/08\/luis-cortes-NkmP4u5P1PM-unsplash.webp?resize=350%2C200&ssl=1 1x, https:\/\/i0.wp.com\/kohenavocats.com\/wp-content\/uploads\/2024\/08\/luis-cortes-NkmP4u5P1PM-unsplash.webp?resize=525%2C300&ssl=1 1.5x, https:\/\/i0.wp.com\/kohenavocats.com\/wp-content\/uploads\/2024\/08\/luis-cortes-NkmP4u5P1PM-unsplash.webp?resize=700%2C400&ssl=1 2x, https:\/\/i0.wp.com\/kohenavocats.com\/wp-content\/uploads\/2024\/08\/luis-cortes-NkmP4u5P1PM-unsplash.webp?resize=1050%2C600&ssl=1 3x, https:\/\/i0.wp.com\/kohenavocats.com\/wp-content\/uploads\/2024\/08\/luis-cortes-NkmP4u5P1PM-unsplash.webp?resize=1400%2C800&ssl=1 4x"},"classes":[]},{"id":668858,"url":"https:\/\/kohenavocats.com\/ru\/tribunal-judiciaire-de-mesnil-amelot-le-20-septembre-2025-n25-03729\/","url_meta":{"origin":654224,"position":1},"title":"Tribunal judiciaire de Mesnil-Amelot, le 20 septembre 2025, n\u00b025\/03729","author":"Kohen","date":"24.04.2026","format":false,"excerpt":"Le tribunal judiciaire du Mesnil-Amelot, statuant en r\u00e9f\u00e9r\u00e9-libert\u00e9 le 20 septembre 2025, se prononce sur un recours contre un placement en r\u00e9tention et une ...","rel":"","context":"\u0412 &quot;Jurisprudence&quot;","block_context":{"text":"Jurisprudence","link":"https:\/\/kohenavocats.com\/category\/jurisprudence\/"},"img":{"alt_text":"","src":"https:\/\/i0.wp.com\/kohenavocats.com\/wp-content\/uploads\/2024\/08\/leonhard-niederwimmer-GOqi8yEDEsE-unsplash.webp?resize=350%2C200&ssl=1","width":350,"height":200,"srcset":"https:\/\/i0.wp.com\/kohenavocats.com\/wp-content\/uploads\/2024\/08\/leonhard-niederwimmer-GOqi8yEDEsE-unsplash.webp?resize=350%2C200&ssl=1 1x, https:\/\/i0.wp.com\/kohenavocats.com\/wp-content\/uploads\/2024\/08\/leonhard-niederwimmer-GOqi8yEDEsE-unsplash.webp?resize=525%2C300&ssl=1 1.5x, https:\/\/i0.wp.com\/kohenavocats.com\/wp-content\/uploads\/2024\/08\/leonhard-niederwimmer-GOqi8yEDEsE-unsplash.webp?resize=700%2C400&ssl=1 2x, https:\/\/i0.wp.com\/kohenavocats.com\/wp-content\/uploads\/2024\/08\/leonhard-niederwimmer-GOqi8yEDEsE-unsplash.webp?resize=1050%2C600&ssl=1 3x, https:\/\/i0.wp.com\/kohenavocats.com\/wp-content\/uploads\/2024\/08\/leonhard-niederwimmer-GOqi8yEDEsE-unsplash.webp?resize=1400%2C800&ssl=1 4x"},"classes":[]},{"id":644188,"url":"https:\/\/kohenavocats.com\/ru\/tribunal-judiciaire-de-mesnil-amelot-le-7-octobre-2025-n25-03996\/","url_meta":{"origin":654224,"position":2},"title":"Tribunal judiciaire de Mesnil-Amelot, le 7 octobre 2025, n\u00b025\/03996","author":"Kohen","date":"22.04.2026","format":false,"excerpt":"Le tribunal judiciaire du Mesnil-Amelot, statuant le 7 octobre 2025, a examin\u00e9 un recours contre un arr\u00eat\u00e9 de placement en r\u00e9tention administrative et une re...","rel":"","context":"\u0412 &quot;Jurisprudence&quot;","block_context":{"text":"Jurisprudence","link":"https:\/\/kohenavocats.com\/category\/jurisprudence\/"},"img":{"alt_text":"","src":"https:\/\/i0.wp.com\/kohenavocats.com\/wp-content\/uploads\/2024\/11\/zyanya-citlalli-050WJlLW2S4-unsplash.webp?resize=350%2C200&ssl=1","width":350,"height":200,"srcset":"https:\/\/i0.wp.com\/kohenavocats.com\/wp-content\/uploads\/2024\/11\/zyanya-citlalli-050WJlLW2S4-unsplash.webp?resize=350%2C200&ssl=1 1x, https:\/\/i0.wp.com\/kohenavocats.com\/wp-content\/uploads\/2024\/11\/zyanya-citlalli-050WJlLW2S4-unsplash.webp?resize=525%2C300&ssl=1 1.5x, https:\/\/i0.wp.com\/kohenavocats.com\/wp-content\/uploads\/2024\/11\/zyanya-citlalli-050WJlLW2S4-unsplash.webp?resize=700%2C400&ssl=1 2x, https:\/\/i0.wp.com\/kohenavocats.com\/wp-content\/uploads\/2024\/11\/zyanya-citlalli-050WJlLW2S4-unsplash.webp?resize=1050%2C600&ssl=1 3x, https:\/\/i0.wp.com\/kohenavocats.com\/wp-content\/uploads\/2024\/11\/zyanya-citlalli-050WJlLW2S4-unsplash.webp?resize=1400%2C800&ssl=1 4x"},"classes":[]},{"id":648168,"url":"https:\/\/kohenavocats.com\/ru\/tribunal-judiciaire-de-mesnil-amelot-le-3-octobre-2025-n25-03902\/","url_meta":{"origin":654224,"position":3},"title":"Tribunal judiciaire de Mesnil-Amelot, le 3 octobre 2025, n\u00b025\/03902","author":"Kohen","date":"22.04.2026","format":false,"excerpt":"Le tribunal judiciaire du Mesnil-Amelot, statuant le 3 octobre 2025, examine une demande de prolongation de r\u00e9tention administrative. L\u2019int\u00e9ress\u00e9 conteste la...","rel":"","context":"\u0412 &quot;Jurisprudence&quot;","block_context":{"text":"Jurisprudence","link":"https:\/\/kohenavocats.com\/category\/jurisprudence\/"},"img":{"alt_text":"","src":"https:\/\/i0.wp.com\/kohenavocats.com\/wp-content\/uploads\/2024\/11\/frank-van-hulst-DNYn_v6WVJo-unsplash.webp?resize=350%2C200&ssl=1","width":350,"height":200,"srcset":"https:\/\/i0.wp.com\/kohenavocats.com\/wp-content\/uploads\/2024\/11\/frank-van-hulst-DNYn_v6WVJo-unsplash.webp?resize=350%2C200&ssl=1 1x, https:\/\/i0.wp.com\/kohenavocats.com\/wp-content\/uploads\/2024\/11\/frank-van-hulst-DNYn_v6WVJo-unsplash.webp?resize=525%2C300&ssl=1 1.5x, https:\/\/i0.wp.com\/kohenavocats.com\/wp-content\/uploads\/2024\/11\/frank-van-hulst-DNYn_v6WVJo-unsplash.webp?resize=700%2C400&ssl=1 2x, https:\/\/i0.wp.com\/kohenavocats.com\/wp-content\/uploads\/2024\/11\/frank-van-hulst-DNYn_v6WVJo-unsplash.webp?resize=1050%2C600&ssl=1 3x, https:\/\/i0.wp.com\/kohenavocats.com\/wp-content\/uploads\/2024\/11\/frank-van-hulst-DNYn_v6WVJo-unsplash.webp?resize=1400%2C800&ssl=1 4x"},"classes":[]},{"id":485465,"url":"https:\/\/kohenavocats.com\/ru\/tribunal-judiciaire-de-mesnil-amelot-le-1-decembre-2025-n25-04891\/","url_meta":{"origin":654224,"position":4},"title":"Tribunal judiciaire de Mesnil-Amelot, le 1 d\u00e9cembre 2025, n\u00b025\/04891","author":"Kohen","date":"08.04.2026","format":false,"excerpt":"Le tribunal judiciaire du Mesnil-Amelot, statuant en mati\u00e8re de r\u00e9tention administrative, a rendu une ordonnance le premier d\u00e9cembre 2025. Saisi d\u2019un recours...","rel":"","context":"\u0412 &quot;Jurisprudence&quot;","block_context":{"text":"Jurisprudence","link":"https:\/\/kohenavocats.com\/category\/jurisprudence\/"},"img":{"alt_text":"","src":"https:\/\/i0.wp.com\/kohenavocats.com\/wp-content\/uploads\/2024\/11\/pramod-tiwari-fcMI6xvRcYE-unsplash.webp?resize=350%2C200&ssl=1","width":350,"height":200,"srcset":"https:\/\/i0.wp.com\/kohenavocats.com\/wp-content\/uploads\/2024\/11\/pramod-tiwari-fcMI6xvRcYE-unsplash.webp?resize=350%2C200&ssl=1 1x, https:\/\/i0.wp.com\/kohenavocats.com\/wp-content\/uploads\/2024\/11\/pramod-tiwari-fcMI6xvRcYE-unsplash.webp?resize=525%2C300&ssl=1 1.5x, https:\/\/i0.wp.com\/kohenavocats.com\/wp-content\/uploads\/2024\/11\/pramod-tiwari-fcMI6xvRcYE-unsplash.webp?resize=700%2C400&ssl=1 2x, https:\/\/i0.wp.com\/kohenavocats.com\/wp-content\/uploads\/2024\/11\/pramod-tiwari-fcMI6xvRcYE-unsplash.webp?resize=1050%2C600&ssl=1 3x, https:\/\/i0.wp.com\/kohenavocats.com\/wp-content\/uploads\/2024\/11\/pramod-tiwari-fcMI6xvRcYE-unsplash.webp?resize=1400%2C800&ssl=1 4x"},"classes":[]},{"id":666946,"url":"https:\/\/kohenavocats.com\/ru\/tribunal-judiciaire-de-mesnil-amelot-le-23-septembre-2025-n25-03775\/","url_meta":{"origin":654224,"position":5},"title":"Tribunal judiciaire de Mesnil-Amelot, le 23 septembre 2025, n\u00b025\/03775","author":"Kohen","date":"24.04.2026","format":false,"excerpt":"Le tribunal judiciaire du Mesnil-Amelot, statuant le 23 septembre 2025, examine une demande de prolongation de r\u00e9tention administrative. L\u2019int\u00e9ress\u00e9, faisant...","rel":"","context":"\u0412 &quot;Droit P\u00e9nal&quot;","block_context":{"text":"Droit P\u00e9nal","link":"https:\/\/kohenavocats.com\/category\/travaux-parlementaires\/droit-penal\/"},"img":{"alt_text":"","src":"https:\/\/i0.wp.com\/kohenavocats.com\/wp-content\/uploads\/2024\/11\/laura-adai-KfphgU3nUqQ-unsplash.webp?resize=350%2C200&ssl=1","width":350,"height":200,"srcset":"https:\/\/i0.wp.com\/kohenavocats.com\/wp-content\/uploads\/2024\/11\/laura-adai-KfphgU3nUqQ-unsplash.webp?resize=350%2C200&ssl=1 1x, https:\/\/i0.wp.com\/kohenavocats.com\/wp-content\/uploads\/2024\/11\/laura-adai-KfphgU3nUqQ-unsplash.webp?resize=525%2C300&ssl=1 1.5x, https:\/\/i0.wp.com\/kohenavocats.com\/wp-content\/uploads\/2024\/11\/laura-adai-KfphgU3nUqQ-unsplash.webp?resize=700%2C400&ssl=1 2x, https:\/\/i0.wp.com\/kohenavocats.com\/wp-content\/uploads\/2024\/11\/laura-adai-KfphgU3nUqQ-unsplash.webp?resize=1050%2C600&ssl=1 3x, https:\/\/i0.wp.com\/kohenavocats.com\/wp-content\/uploads\/2024\/11\/laura-adai-KfphgU3nUqQ-unsplash.webp?resize=1400%2C800&ssl=1 4x"},"classes":[]}],"jetpack_sharing_enabled":true,"_links":{"self":[{"href":"https:\/\/kohenavocats.com\/ru\/wp-json\/wp\/v2\/posts\/654224","targetHints":{"allow":["GET"]}}],"collection":[{"href":"https:\/\/kohenavocats.com\/ru\/wp-json\/wp\/v2\/posts"}],"about":[{"href":"https:\/\/kohenavocats.com\/ru\/wp-json\/wp\/v2\/types\/post"}],"author":[{"embeddable":true,"href":"https:\/\/kohenavocats.com\/ru\/wp-json\/wp\/v2\/users\/232070755"}],"replies":[{"embeddable":true,"href":"https:\/\/kohenavocats.com\/ru\/wp-json\/wp\/v2\/comments?post=654224"}],"version-history":[{"count":0,"href":"https:\/\/kohenavocats.com\/ru\/wp-json\/wp\/v2\/posts\/654224\/revisions"}],"wp:featuredmedia":[{"embeddable":true,"href":"https:\/\/kohenavocats.com\/ru\/wp-json\/wp\/v2\/media\/4729"}],"wp:attachment":[{"href":"https:\/\/kohenavocats.com\/ru\/wp-json\/wp\/v2\/media?parent=654224"}],"wp:term":[{"taxonomy":"category","embeddable":true,"href":"https:\/\/kohenavocats.com\/ru\/wp-json\/wp\/v2\/categories?post=654224"},{"taxonomy":"post_tag","embeddable":true,"href":"https:\/\/kohenavocats.com\/ru\/wp-json\/wp\/v2\/tags?post=654224"}],"curies":[{"name":"wp","href":"https:\/\/api.w.org\/{rel}","templated":true}]}}