{"id":654851,"date":"2026-04-23T04:07:00","date_gmt":"2026-04-23T02:07:00","guid":{"rendered":"https:\/\/kohenavocats.com\/cour-dappel-le-17-septembre-2025-n24-00283\/"},"modified":"2026-04-23T04:07:00","modified_gmt":"2026-04-23T02:07:00","slug":"cour-dappel-le-17-septembre-2025-n24-00283","status":"publish","type":"post","link":"https:\/\/kohenavocats.com\/ru\/cour-dappel-le-17-septembre-2025-n24-00283\/","title":{"rendered":"Cour d&#8217;appel, le 17 septembre 2025, n\u00b024\/00283"},"content":{"rendered":"<div class=\"article-content\">\n<p>La Cour de cassation, chambre commerciale, financi\u00e8re et \u00e9conomique, dans un arr\u00eat du 17 septembre 2025, a examin\u00e9 un litige fiscal relatif \u00e0 l\u2019imp\u00f4t de solidarit\u00e9 sur la fortune. Un contribuable contestait la limitation de la d\u00e9ductibilit\u00e9 de sa dette de droits de succession. La juridiction supr\u00eame a cass\u00e9 l\u2019arr\u00eat de la cour d\u2019appel pour violation de la r\u00e8gle de la contradiction. Elle a ensuite statu\u00e9 sur le fond, reconnaissant la d\u00e9ductibilit\u00e9 int\u00e9grale de cette dette l\u00e9gale. Cette d\u00e9cision pr\u00e9cise les conditions de l\u2019acquiescement tacite et le r\u00e9gime des dettes d\u00e9ductibles de l\u2019assiette de l\u2019ISF.<\/p>\n<p>L\u2019exigence d\u2019une renonciation non \u00e9quivoque en proc\u00e9dure<\/p>\n<p>La sanction d\u2019une modification de l\u2019objet du litige<\/p>\n<p>La Cour casse l\u2019arr\u00eat d\u2019appel pour avoir m\u00e9connu l\u2019\u00e9tendue des moyens du contribuable. La cour d\u2019appel avait restreint l\u2019objet du litige \u00e0 deux chefs, n\u00e9gligeant un troisi\u00e8me moyen. Elle a ainsi modifi\u00e9 l\u2019objet du litige soumis \u00e0 sa d\u00e9cision. Cette violation proc\u00e9durale justifie \u00e0 elle seule l\u2019annulation de la d\u00e9cision attaqu\u00e9e. La port\u00e9e de la cassation est strictement limit\u00e9e \u00e0 ce chef du dispositif infirm\u00e9.<\/p>\n<p>La preuve rigoureuse d\u2019un acquiescement tacite<\/p>\n<p>Le silence de l\u2019administration ne vaut pas renonciation \u00e0 ses droits. La Cour rappelle qu\u2019une renonciation peut \u00eatre tacite si les circonstances l\u2019\u00e9tablissent de fa\u00e7on non \u00e9quivoque. En l\u2019esp\u00e8ce, l\u2019administration est rest\u00e9e silencieuse sur ce point dans ses conclusions \u00e9crites. &#171;Il n&#8217;est pas d\u00e9montr\u00e9 que dans ses explications orales devant la cour d&#8217;appel de Bordeaux, l&#8217;administration fiscale a acquiesc\u00e9&#187; (Motifs). Son simple silence ne constitue pas une volont\u00e9 claire de ne pas contester la demande.<\/p>\n<p>Le r\u00e9gime d\u00e9ductible des dettes l\u00e9gales d\u2019imp\u00f4t<\/p>\n<p>L\u2019exclusion de l\u2019imputation prioritaire sur les biens exon\u00e9r\u00e9s<\/p>\n<p>La Cour op\u00e8re une distinction essentielle entre dettes contractuelles et dettes l\u00e9gales. Les droits de succession constituent une cr\u00e9ance fiscale n\u00e9e du d\u00e9c\u00e8s, non une dette contract\u00e9e pour acqu\u00e9rir un bien. &#171;Les droits de succession sont une dette l\u00e9gale d&#8217;imp\u00f4t incombant au redevable, non une dette d&#8217;origine contractuelle&#187; (Motifs). L\u2019article 769 du CGI r\u00e9gissant l\u2019imputation prioritaire ne s\u2019applique donc pas. Cette dette ne peut \u00eatre consid\u00e9r\u00e9e comme contract\u00e9e pour l\u2019achat de biens exon\u00e9r\u00e9s.<\/p>\n<p>La d\u00e9ductibilit\u00e9 int\u00e9grale de la dette de droits de succession<\/p>\n<p>Les conditions g\u00e9n\u00e9rales de d\u00e9ductibilit\u00e9 des dettes \u00e0 l\u2019ISF sont remplies. La dette existait au premier janvier de chaque ann\u00e9e d\u2019imposition et \u00e9tait justifi\u00e9e. Elle \u00e9tait \u00e0 la charge personnelle du redevable d\u00e9sign\u00e9 l\u00e9gataire universel. D\u00e8s lors, elle est d\u00e9ductible en totalit\u00e9 de l\u2019assiette taxable, sans limitation. La Cour infirme le jugement de premi\u00e8re instance qui avait suivi la position de l\u2019administration. Elle prononce la d\u00e9charge des impositions suppl\u00e9mentaires pour les ann\u00e9es 2004 \u00e0 2009.<\/p>\n<p>Cette d\u00e9cision affirme l\u2019autonomie des r\u00e8gles de d\u00e9ductibilit\u00e9 \u00e0 l\u2019ISF par rapport au r\u00e9gime des mutations. Elle prot\u00e8ge le contribuable contre une interpr\u00e9tation extensive de l\u2019imputation prioritaire. Le silence proc\u00e9dural ne vaut pas acquiescement, pr\u00e9servant ainsi les droits de l\u2019administration. Enfin, elle consacre le principe de la d\u00e9ductibilit\u00e9 int\u00e9grale des dettes l\u00e9gales d\u2019imp\u00f4t d\u00e8s lors qu\u2019elles sont certaines et personnelles.<\/p>\n<\/div>\n","protected":false},"excerpt":{"rendered":"<p>La Cour de cassation, chambre commerciale, financi\u00e8re et \u00e9conomique, dans un arr\u00eat du 17 septembre 2025, a examin\u00e9 un litige fiscal relatif \u00e0 l\u2019imp\u00f4t de soli&#8230;<\/p>\n","protected":false},"author":232070755,"featured_media":9735,"comment_status":"open","ping_status":"open","sticky":false,"template":"","format":"standard","meta":{"_crdt_document":"","_jetpack_newsletter_access":"","_jetpack_dont_email_post_to_subs":false,"_jetpack_newsletter_tier_id":0,"_jetpack_memberships_contains_paywalled_content":false,"_kj_source_type":"judilibre","_kj_official_id":"68de07141bc19e7640ea3d89","_kj_official_url":"https:\/\/www.courdecassation.fr\/decision\/68de07141bc19e7640ea3d89","_kj_judilibre_id":"68de07141bc19e7640ea3d89","_kj_jur":"Cour d'appel","_kj_lieu":"Cour d'appel de Toulouse","_kj_chambre":"1ere Chambre Section 1","_kj_rg":"24\/00283","_kj_date":"2025-10-01","_jetpack_memberships_contains_paid_content":false,"footnotes":"","jetpack_post_was_ever_published":false},"categories":[7597],"tags":[],"class_list":["post-654851","post","type-post","status-publish","format-standard","has-post-thumbnail","hentry","category-jurisprudence"],"yoast_head":"<!-- This site is optimized with the Yoast SEO Premium plugin v27.5 (Yoast SEO v27.5) - https:\/\/yoast.com\/product\/yoast-seo-premium-wordpress\/ -->\n<title>Cour d&#039;appel, le 17 septembre 2025, n\u00b024\/00283 - Ma\u00eetre Hassan Kohen, avocat en droit p\u00e9nal \u00e0 Paris<\/title>\n<meta name=\"description\" content=\"La Cour de cassation, chambre commerciale, financi\u00e8re et \u00e9conomique, dans un arr\u00eat du 17 septembre 2025, a examin\u00e9 un litige fiscal relatif \u00e0 l\u2019imp\u00f4t de soli...\" \/>\n<meta name=\"robots\" content=\"index, follow, max-snippet:-1, max-image-preview:large, max-video-preview:-1\" \/>\n<link rel=\"canonical\" href=\"https:\/\/kohenavocats.com\/ru\/cour-dappel-le-17-septembre-2025-n24-00283\/\" \/>\n<meta property=\"og:locale\" content=\"ru_RU\" \/>\n<meta property=\"og:type\" content=\"article\" \/>\n<meta property=\"og:title\" content=\"Cour d&#039;appel, le 17 septembre 2025, n\u00b024\/00283\" \/>\n<meta property=\"og:description\" content=\"La Cour de cassation, chambre commerciale, financi\u00e8re et \u00e9conomique, dans un arr\u00eat du 17 septembre 2025, a examin\u00e9 un litige fiscal relatif \u00e0 l\u2019imp\u00f4t de soli...\" \/>\n<meta property=\"og:url\" content=\"https:\/\/kohenavocats.com\/ru\/cour-dappel-le-17-septembre-2025-n24-00283\/\" \/>\n<meta property=\"og:site_name\" content=\"Ma\u00eetre Hassan Kohen, avocat en droit p\u00e9nal \u00e0 Paris\" \/>\n<meta property=\"article:published_time\" content=\"2026-04-23T02:07:00+00:00\" \/>\n<meta property=\"og:image\" content=\"https:\/\/kohenavocats.com\/wp-content\/uploads\/2024\/11\/lala-azizli-FwzWgaUqjlc-unsplash.webp\" \/>\n\t<meta property=\"og:image:width\" content=\"6000\" \/>\n\t<meta property=\"og:image:height\" content=\"4000\" \/>\n\t<meta property=\"og:image:type\" content=\"image\/webp\" \/>\n<meta name=\"author\" content=\"Kohen\" \/>\n<meta name=\"twitter:card\" content=\"summary_large_image\" \/>\n<meta name=\"twitter:label1\" content=\"\u041d\u0430\u043f\u0438\u0441\u0430\u043d\u043e \u0430\u0432\u0442\u043e\u0440\u043e\u043c\" \/>\n\t<meta name=\"twitter:data1\" content=\"Kohen\" \/>\n\t<meta name=\"twitter:label2\" content=\"\u041f\u0440\u0438\u043c\u0435\u0440\u043d\u043e\u0435 \u0432\u0440\u0435\u043c\u044f \u0434\u043b\u044f \u0447\u0442\u0435\u043d\u0438\u044f\" \/>\n\t<meta name=\"twitter:data2\" content=\"3 \u043c\u0438\u043d\u0443\u0442\u044b\" \/>\n<script type=\"application\/ld+json\" class=\"yoast-schema-graph\">{\"@context\":\"https:\\\/\\\/schema.org\",\"@graph\":[{\"@type\":\"Article\",\"@id\":\"https:\\\/\\\/kohenavocats.com\\\/ru\\\/cour-dappel-le-17-septembre-2025-n24-00283\\\/#article\",\"isPartOf\":{\"@id\":\"https:\\\/\\\/kohenavocats.com\\\/ru\\\/cour-dappel-le-17-septembre-2025-n24-00283\\\/\"},\"author\":{\"name\":\"Kohen\",\"@id\":\"https:\\\/\\\/kohenavocats.com\\\/ru\\\/#\\\/schema\\\/person\\\/761c9ba54fa1ca84d405cef0831ff751\"},\"headline\":\"Cour d&#8217;appel, le 17 septembre 2025, n\u00b024\\\/00283\",\"datePublished\":\"2026-04-23T02:07:00+00:00\",\"mainEntityOfPage\":{\"@id\":\"https:\\\/\\\/kohenavocats.com\\\/ru\\\/cour-dappel-le-17-septembre-2025-n24-00283\\\/\"},\"wordCount\":604,\"commentCount\":0,\"publisher\":{\"@id\":\"https:\\\/\\\/kohenavocats.com\\\/ru\\\/#organization\"},\"image\":{\"@id\":\"https:\\\/\\\/kohenavocats.com\\\/ru\\\/cour-dappel-le-17-septembre-2025-n24-00283\\\/#primaryimage\"},\"thumbnailUrl\":\"https:\\\/\\\/kohenavocats.com\\\/wp-content\\\/uploads\\\/2024\\\/11\\\/lala-azizli-FwzWgaUqjlc-unsplash.webp\",\"articleSection\":[\"Jurisprudence\"],\"inLanguage\":\"ru-RU\",\"potentialAction\":[{\"@type\":\"CommentAction\",\"name\":\"Comment\",\"target\":[\"https:\\\/\\\/kohenavocats.com\\\/ru\\\/cour-dappel-le-17-septembre-2025-n24-00283\\\/#respond\"]}],\"citation\":\"Cour d&#8217;appel, le 17 septembre 2025, n\u00b024\\\/00283\",\"about\":[{\"@type\":\"Thing\",\"name\":\"Jurisprudence\"}],\"dateModified\":\"2026-04-23T02:07:00+00:00\",\"speakable\":{\"@type\":\"SpeakableSpecification\",\"cssSelector\":[\".article-content > p:first-of-type\"]}},{\"@type\":\"WebPage\",\"@id\":\"https:\\\/\\\/kohenavocats.com\\\/ru\\\/cour-dappel-le-17-septembre-2025-n24-00283\\\/\",\"url\":\"https:\\\/\\\/kohenavocats.com\\\/ru\\\/cour-dappel-le-17-septembre-2025-n24-00283\\\/\",\"name\":\"Cour d'appel, le 17 septembre 2025, n\u00b024\\\/00283 - Ma\u00eetre Hassan Kohen, avocat en droit p\u00e9nal \u00e0 Paris\",\"isPartOf\":{\"@id\":\"https:\\\/\\\/kohenavocats.com\\\/ru\\\/#website\"},\"primaryImageOfPage\":{\"@id\":\"https:\\\/\\\/kohenavocats.com\\\/ru\\\/cour-dappel-le-17-septembre-2025-n24-00283\\\/#primaryimage\"},\"image\":{\"@id\":\"https:\\\/\\\/kohenavocats.com\\\/ru\\\/cour-dappel-le-17-septembre-2025-n24-00283\\\/#primaryimage\"},\"thumbnailUrl\":\"https:\\\/\\\/kohenavocats.com\\\/wp-content\\\/uploads\\\/2024\\\/11\\\/lala-azizli-FwzWgaUqjlc-unsplash.webp\",\"datePublished\":\"2026-04-23T02:07:00+00:00\",\"description\":\"La Cour de cassation, chambre commerciale, financi\u00e8re et \u00e9conomique, dans un arr\u00eat du 17 septembre 2025, a examin\u00e9 un litige fiscal relatif \u00e0 l\u2019imp\u00f4t de soli...\",\"breadcrumb\":{\"@id\":\"https:\\\/\\\/kohenavocats.com\\\/ru\\\/cour-dappel-le-17-septembre-2025-n24-00283\\\/#breadcrumb\"},\"inLanguage\":\"ru-RU\",\"potentialAction\":[{\"@type\":\"ReadAction\",\"target\":[\"https:\\\/\\\/kohenavocats.com\\\/ru\\\/cour-dappel-le-17-septembre-2025-n24-00283\\\/\"]}]},{\"@type\":\"ImageObject\",\"inLanguage\":\"ru-RU\",\"@id\":\"https:\\\/\\\/kohenavocats.com\\\/ru\\\/cour-dappel-le-17-septembre-2025-n24-00283\\\/#primaryimage\",\"url\":\"https:\\\/\\\/kohenavocats.com\\\/wp-content\\\/uploads\\\/2024\\\/11\\\/lala-azizli-FwzWgaUqjlc-unsplash.webp\",\"contentUrl\":\"https:\\\/\\\/kohenavocats.com\\\/wp-content\\\/uploads\\\/2024\\\/11\\\/lala-azizli-FwzWgaUqjlc-unsplash.webp\",\"width\":6000,\"height\":4000},{\"@type\":\"BreadcrumbList\",\"@id\":\"https:\\\/\\\/kohenavocats.com\\\/ru\\\/cour-dappel-le-17-septembre-2025-n24-00283\\\/#breadcrumb\",\"itemListElement\":[{\"@type\":\"ListItem\",\"position\":1,\"name\":\"Home\",\"item\":\"https:\\\/\\\/kohenavocats.com\\\/ru\\\/avocats-en-droit-penal-a-paris-conseil-et-defense-strategique\\\/\"},{\"@type\":\"ListItem\",\"position\":2,\"name\":\"Cour d&rsquo;appel, le 17 septembre 2025, n\u00b024\\\/00283\"}]},{\"@type\":\"WebSite\",\"@id\":\"https:\\\/\\\/kohenavocats.com\\\/ru\\\/#website\",\"url\":\"https:\\\/\\\/kohenavocats.com\\\/ru\\\/\",\"name\":\"Kohen Avocats\",\"description\":\"Ma\u00eetre Hassan Kohen, avocat p\u00e9naliste \u00e0 Paris, intervient exclusivement en droit p\u00e9nal pour la d\u00e9fense des particuliers, notamment en mati\u00e8re d\u2019accusations de viol. Il assure un accompagnement rigoureux d\u00e8s la garde \u00e0 vue jusqu\u2019\u00e0 la Cour d\u2019assises, veillant au strict respect des garanties proc\u00e9durales.\",\"publisher\":{\"@id\":\"https:\\\/\\\/kohenavocats.com\\\/ru\\\/#organization\"},\"potentialAction\":[{\"@type\":\"SearchAction\",\"target\":{\"@type\":\"EntryPoint\",\"urlTemplate\":\"https:\\\/\\\/kohenavocats.com\\\/ru\\\/?s={search_term_string}\"},\"query-input\":{\"@type\":\"PropertyValueSpecification\",\"valueRequired\":true,\"valueName\":\"search_term_string\"}}],\"inLanguage\":\"ru-RU\"},{\"@type\":\"Organization\",\"@id\":\"https:\\\/\\\/kohenavocats.com\\\/ru\\\/#organization\",\"name\":\"Kohen Avocats\",\"url\":\"https:\\\/\\\/kohenavocats.com\\\/ru\\\/\",\"logo\":{\"@type\":\"ImageObject\",\"inLanguage\":\"ru-RU\",\"@id\":\"https:\\\/\\\/kohenavocats.com\\\/ru\\\/#\\\/schema\\\/logo\\\/image\\\/\",\"url\":\"https:\\\/\\\/kohenavocats.com\\\/wp-content\\\/uploads\\\/2026\\\/01\\\/Logo-2-1.webp\",\"contentUrl\":\"https:\\\/\\\/kohenavocats.com\\\/wp-content\\\/uploads\\\/2026\\\/01\\\/Logo-2-1.webp\",\"width\":2114,\"height\":1253,\"caption\":\"Kohen Avocats\"},\"image\":{\"@id\":\"https:\\\/\\\/kohenavocats.com\\\/ru\\\/#\\\/schema\\\/logo\\\/image\\\/\"}},{\"@type\":\"Person\",\"@id\":\"https:\\\/\\\/kohenavocats.com\\\/ru\\\/#\\\/schema\\\/person\\\/761c9ba54fa1ca84d405cef0831ff751\",\"name\":\"Kohen\",\"image\":{\"@type\":\"ImageObject\",\"inLanguage\":\"ru-RU\",\"@id\":\"https:\\\/\\\/secure.gravatar.com\\\/avatar\\\/1c5e76ef76bbbfdd2b4da984e2bf2fa4056fd51a27d25ce2c332047f1dfd6e00?s=96&d=identicon&r=g\",\"url\":\"https:\\\/\\\/secure.gravatar.com\\\/avatar\\\/1c5e76ef76bbbfdd2b4da984e2bf2fa4056fd51a27d25ce2c332047f1dfd6e00?s=96&d=identicon&r=g\",\"contentUrl\":\"https:\\\/\\\/secure.gravatar.com\\\/avatar\\\/1c5e76ef76bbbfdd2b4da984e2bf2fa4056fd51a27d25ce2c332047f1dfd6e00?s=96&d=identicon&r=g\",\"caption\":\"Kohen\"},\"sameAs\":[\"https:\\\/\\\/www.linkedin.com\\\/in\\\/hassan-kohen-448548192\\\/\",\"https:\\\/\\\/www.youtube.com\\\/@Kohen-Avocats\"],\"url\":\"https:\\\/\\\/kohenavocats.com\\\/ru\\\/author\\\/kohenmlk\\\/\"}]}<\/script>\n<!-- \/ Yoast SEO Premium plugin. -->","yoast_head_json":{"title":"Cour d'appel, le 17 septembre 2025, n\u00b024\/00283 - Ma\u00eetre Hassan Kohen, avocat en droit p\u00e9nal \u00e0 Paris","description":"La Cour de cassation, chambre commerciale, financi\u00e8re et \u00e9conomique, dans un arr\u00eat du 17 septembre 2025, a examin\u00e9 un litige fiscal relatif \u00e0 l\u2019imp\u00f4t de soli...","robots":{"index":"index","follow":"follow","max-snippet":"max-snippet:-1","max-image-preview":"max-image-preview:large","max-video-preview":"max-video-preview:-1"},"canonical":"https:\/\/kohenavocats.com\/ru\/cour-dappel-le-17-septembre-2025-n24-00283\/","og_locale":"ru_RU","og_type":"article","og_title":"Cour d'appel, le 17 septembre 2025, n\u00b024\/00283","og_description":"La Cour de cassation, chambre commerciale, financi\u00e8re et \u00e9conomique, dans un arr\u00eat du 17 septembre 2025, a examin\u00e9 un litige fiscal relatif \u00e0 l\u2019imp\u00f4t de soli...","og_url":"https:\/\/kohenavocats.com\/ru\/cour-dappel-le-17-septembre-2025-n24-00283\/","og_site_name":"Ma\u00eetre Hassan Kohen, avocat en droit p\u00e9nal \u00e0 Paris","article_published_time":"2026-04-23T02:07:00+00:00","og_image":[{"width":6000,"height":4000,"url":"https:\/\/kohenavocats.com\/wp-content\/uploads\/2024\/11\/lala-azizli-FwzWgaUqjlc-unsplash.webp","type":"image\/webp"}],"author":"Kohen","twitter_card":"summary_large_image","twitter_misc":{"\u041d\u0430\u043f\u0438\u0441\u0430\u043d\u043e \u0430\u0432\u0442\u043e\u0440\u043e\u043c":"Kohen","\u041f\u0440\u0438\u043c\u0435\u0440\u043d\u043e\u0435 \u0432\u0440\u0435\u043c\u044f \u0434\u043b\u044f \u0447\u0442\u0435\u043d\u0438\u044f":"3 \u043c\u0438\u043d\u0443\u0442\u044b"},"schema":{"@context":"https:\/\/schema.org","@graph":[{"@type":"Article","@id":"https:\/\/kohenavocats.com\/ru\/cour-dappel-le-17-septembre-2025-n24-00283\/#article","isPartOf":{"@id":"https:\/\/kohenavocats.com\/ru\/cour-dappel-le-17-septembre-2025-n24-00283\/"},"author":{"name":"Kohen","@id":"https:\/\/kohenavocats.com\/ru\/#\/schema\/person\/761c9ba54fa1ca84d405cef0831ff751"},"headline":"Cour d&#8217;appel, le 17 septembre 2025, n\u00b024\/00283","datePublished":"2026-04-23T02:07:00+00:00","mainEntityOfPage":{"@id":"https:\/\/kohenavocats.com\/ru\/cour-dappel-le-17-septembre-2025-n24-00283\/"},"wordCount":604,"commentCount":0,"publisher":{"@id":"https:\/\/kohenavocats.com\/ru\/#organization"},"image":{"@id":"https:\/\/kohenavocats.com\/ru\/cour-dappel-le-17-septembre-2025-n24-00283\/#primaryimage"},"thumbnailUrl":"https:\/\/kohenavocats.com\/wp-content\/uploads\/2024\/11\/lala-azizli-FwzWgaUqjlc-unsplash.webp","articleSection":["Jurisprudence"],"inLanguage":"ru-RU","potentialAction":[{"@type":"CommentAction","name":"Comment","target":["https:\/\/kohenavocats.com\/ru\/cour-dappel-le-17-septembre-2025-n24-00283\/#respond"]}],"citation":"Cour d&#8217;appel, le 17 septembre 2025, n\u00b024\/00283","about":[{"@type":"Thing","name":"Jurisprudence"}],"dateModified":"2026-04-23T02:07:00+00:00","speakable":{"@type":"SpeakableSpecification","cssSelector":[".article-content > p:first-of-type"]}},{"@type":"WebPage","@id":"https:\/\/kohenavocats.com\/ru\/cour-dappel-le-17-septembre-2025-n24-00283\/","url":"https:\/\/kohenavocats.com\/ru\/cour-dappel-le-17-septembre-2025-n24-00283\/","name":"Cour d'appel, le 17 septembre 2025, n\u00b024\/00283 - Ma\u00eetre Hassan Kohen, avocat en droit p\u00e9nal \u00e0 Paris","isPartOf":{"@id":"https:\/\/kohenavocats.com\/ru\/#website"},"primaryImageOfPage":{"@id":"https:\/\/kohenavocats.com\/ru\/cour-dappel-le-17-septembre-2025-n24-00283\/#primaryimage"},"image":{"@id":"https:\/\/kohenavocats.com\/ru\/cour-dappel-le-17-septembre-2025-n24-00283\/#primaryimage"},"thumbnailUrl":"https:\/\/kohenavocats.com\/wp-content\/uploads\/2024\/11\/lala-azizli-FwzWgaUqjlc-unsplash.webp","datePublished":"2026-04-23T02:07:00+00:00","description":"La Cour de cassation, chambre commerciale, financi\u00e8re et \u00e9conomique, dans un arr\u00eat du 17 septembre 2025, a examin\u00e9 un litige fiscal relatif \u00e0 l\u2019imp\u00f4t de soli...","breadcrumb":{"@id":"https:\/\/kohenavocats.com\/ru\/cour-dappel-le-17-septembre-2025-n24-00283\/#breadcrumb"},"inLanguage":"ru-RU","potentialAction":[{"@type":"ReadAction","target":["https:\/\/kohenavocats.com\/ru\/cour-dappel-le-17-septembre-2025-n24-00283\/"]}]},{"@type":"ImageObject","inLanguage":"ru-RU","@id":"https:\/\/kohenavocats.com\/ru\/cour-dappel-le-17-septembre-2025-n24-00283\/#primaryimage","url":"https:\/\/kohenavocats.com\/wp-content\/uploads\/2024\/11\/lala-azizli-FwzWgaUqjlc-unsplash.webp","contentUrl":"https:\/\/kohenavocats.com\/wp-content\/uploads\/2024\/11\/lala-azizli-FwzWgaUqjlc-unsplash.webp","width":6000,"height":4000},{"@type":"BreadcrumbList","@id":"https:\/\/kohenavocats.com\/ru\/cour-dappel-le-17-septembre-2025-n24-00283\/#breadcrumb","itemListElement":[{"@type":"ListItem","position":1,"name":"Home","item":"https:\/\/kohenavocats.com\/ru\/avocats-en-droit-penal-a-paris-conseil-et-defense-strategique\/"},{"@type":"ListItem","position":2,"name":"Cour d&rsquo;appel, le 17 septembre 2025, n\u00b024\/00283"}]},{"@type":"WebSite","@id":"https:\/\/kohenavocats.com\/ru\/#website","url":"https:\/\/kohenavocats.com\/ru\/","name":"Kohen Avocats","description":"Ma\u00eetre Hassan Kohen, avocat p\u00e9naliste \u00e0 Paris, intervient exclusivement en droit p\u00e9nal pour la d\u00e9fense des particuliers, notamment en mati\u00e8re d\u2019accusations de viol. Il assure un accompagnement rigoureux d\u00e8s la garde \u00e0 vue jusqu\u2019\u00e0 la Cour d\u2019assises, veillant au strict respect des garanties proc\u00e9durales.","publisher":{"@id":"https:\/\/kohenavocats.com\/ru\/#organization"},"potentialAction":[{"@type":"SearchAction","target":{"@type":"EntryPoint","urlTemplate":"https:\/\/kohenavocats.com\/ru\/?s={search_term_string}"},"query-input":{"@type":"PropertyValueSpecification","valueRequired":true,"valueName":"search_term_string"}}],"inLanguage":"ru-RU"},{"@type":"Organization","@id":"https:\/\/kohenavocats.com\/ru\/#organization","name":"Kohen Avocats","url":"https:\/\/kohenavocats.com\/ru\/","logo":{"@type":"ImageObject","inLanguage":"ru-RU","@id":"https:\/\/kohenavocats.com\/ru\/#\/schema\/logo\/image\/","url":"https:\/\/kohenavocats.com\/wp-content\/uploads\/2026\/01\/Logo-2-1.webp","contentUrl":"https:\/\/kohenavocats.com\/wp-content\/uploads\/2026\/01\/Logo-2-1.webp","width":2114,"height":1253,"caption":"Kohen Avocats"},"image":{"@id":"https:\/\/kohenavocats.com\/ru\/#\/schema\/logo\/image\/"}},{"@type":"Person","@id":"https:\/\/kohenavocats.com\/ru\/#\/schema\/person\/761c9ba54fa1ca84d405cef0831ff751","name":"Kohen","image":{"@type":"ImageObject","inLanguage":"ru-RU","@id":"https:\/\/secure.gravatar.com\/avatar\/1c5e76ef76bbbfdd2b4da984e2bf2fa4056fd51a27d25ce2c332047f1dfd6e00?s=96&d=identicon&r=g","url":"https:\/\/secure.gravatar.com\/avatar\/1c5e76ef76bbbfdd2b4da984e2bf2fa4056fd51a27d25ce2c332047f1dfd6e00?s=96&d=identicon&r=g","contentUrl":"https:\/\/secure.gravatar.com\/avatar\/1c5e76ef76bbbfdd2b4da984e2bf2fa4056fd51a27d25ce2c332047f1dfd6e00?s=96&d=identicon&r=g","caption":"Kohen"},"sameAs":["https:\/\/www.linkedin.com\/in\/hassan-kohen-448548192\/","https:\/\/www.youtube.com\/@Kohen-Avocats"],"url":"https:\/\/kohenavocats.com\/ru\/author\/kohenmlk\/"}]}},"jetpack_featured_media_url":"https:\/\/kohenavocats.com\/wp-content\/uploads\/2024\/11\/lala-azizli-FwzWgaUqjlc-unsplash.webp","jetpack_likes_enabled":false,"jetpack_shortlink":"https:\/\/wp.me\/peCrII-2Km7","jetpack-related-posts":[{"id":280339,"url":"https:\/\/kohenavocats.com\/ru\/cour-dappel-administrative-de-paris-le-18-decembre-2025-n24pa00106\/","url_meta":{"origin":654851,"position":0},"title":"Cour d&#8217;appel administrative de Paris, le 18 d\u00e9cembre 2025, n\u00b024PA00106","author":"Kohen","date":"12.01.2026","format":false,"excerpt":"La cour administrative d\u2019appel de Paris s\u2019est prononc\u00e9e sur la r\u00e9gularit\u00e9 d\u2019une proc\u00e9dure de v\u00e9rification de comptabilit\u00e9 et le bien-fond\u00e9 de redressements fiscaux. Une soci\u00e9t\u00e9 d\u2019exercice lib\u00e9ral \u00e0 responsabilit\u00e9 limit\u00e9e a fait l\u2019objet de rappels d\u2019imp\u00f4t sur les soci\u00e9t\u00e9s et de taxe sur les v\u00e9hicules de soci\u00e9t\u00e9s. Le tribunal administratif\u2026","rel":"","context":"\u0412 &quot;Cour administrative d'appel&quot;","block_context":{"text":"Cour administrative d'appel","link":"https:\/\/kohenavocats.com\/category\/cour-administrative-dappel\/"},"img":{"alt_text":"","src":"https:\/\/i0.wp.com\/kohenavocats.com\/wp-content\/uploads\/2024\/11\/laura-adai-483rEMrcau8-unsplash.webp?resize=350%2C200&ssl=1","width":350,"height":200,"srcset":"https:\/\/i0.wp.com\/kohenavocats.com\/wp-content\/uploads\/2024\/11\/laura-adai-483rEMrcau8-unsplash.webp?resize=350%2C200&ssl=1 1x, https:\/\/i0.wp.com\/kohenavocats.com\/wp-content\/uploads\/2024\/11\/laura-adai-483rEMrcau8-unsplash.webp?resize=525%2C300&ssl=1 1.5x, https:\/\/i0.wp.com\/kohenavocats.com\/wp-content\/uploads\/2024\/11\/laura-adai-483rEMrcau8-unsplash.webp?resize=700%2C400&ssl=1 2x, https:\/\/i0.wp.com\/kohenavocats.com\/wp-content\/uploads\/2024\/11\/laura-adai-483rEMrcau8-unsplash.webp?resize=1050%2C600&ssl=1 3x, https:\/\/i0.wp.com\/kohenavocats.com\/wp-content\/uploads\/2024\/11\/laura-adai-483rEMrcau8-unsplash.webp?resize=1400%2C800&ssl=1 4x"},"classes":[]},{"id":723079,"url":"https:\/\/kohenavocats.com\/ru\/caa-caa-de-nantes-24-03-2026-n-25nt01484\/","url_meta":{"origin":654851,"position":1},"title":"CAA &#8212; CAA de NANTES &#8212; 24\/03\/2026 &#8212; n\u00b0 25NT01484","author":"Kohen","date":"28.04.2026","format":false,"excerpt":"La cour administrative d\u2019appel de Nantes, dans un arr\u00eat du 24 mars 2026, s\u2019est prononc\u00e9e sur la d\u00e9ductibilit\u00e9 de charges et la qualification d\u2019une...","rel":"","context":"\u0412 &quot;Juridictions administratives&quot;","block_context":{"text":"Juridictions administratives","link":"https:\/\/kohenavocats.com\/category\/juridictions-administratives\/"},"img":{"alt_text":"","src":"https:\/\/i0.wp.com\/kohenavocats.com\/wp-content\/uploads\/2024\/11\/zyanya-citlalli-MB_Pu3bOkQg-unsplash.webp?resize=350%2C200&ssl=1","width":350,"height":200,"srcset":"https:\/\/i0.wp.com\/kohenavocats.com\/wp-content\/uploads\/2024\/11\/zyanya-citlalli-MB_Pu3bOkQg-unsplash.webp?resize=350%2C200&ssl=1 1x, https:\/\/i0.wp.com\/kohenavocats.com\/wp-content\/uploads\/2024\/11\/zyanya-citlalli-MB_Pu3bOkQg-unsplash.webp?resize=525%2C300&ssl=1 1.5x, https:\/\/i0.wp.com\/kohenavocats.com\/wp-content\/uploads\/2024\/11\/zyanya-citlalli-MB_Pu3bOkQg-unsplash.webp?resize=700%2C400&ssl=1 2x, https:\/\/i0.wp.com\/kohenavocats.com\/wp-content\/uploads\/2024\/11\/zyanya-citlalli-MB_Pu3bOkQg-unsplash.webp?resize=1050%2C600&ssl=1 3x, https:\/\/i0.wp.com\/kohenavocats.com\/wp-content\/uploads\/2024\/11\/zyanya-citlalli-MB_Pu3bOkQg-unsplash.webp?resize=1400%2C800&ssl=1 4x"},"classes":[]},{"id":271801,"url":"https:\/\/kohenavocats.com\/ru\/cour-dappel-administrative-de-versailles-le-9-decembre-2025-n23ve01260\/","url_meta":{"origin":654851,"position":2},"title":"Cour d&#8217;appel administrative de Versailles, le 9 d\u00e9cembre 2025, n\u00b023VE01260","author":"Kohen","date":"11.01.2026","format":false,"excerpt":"La Cour administrative d\u2019appel de Versailles a rendu, le 9 d\u00e9cembre 2025, une d\u00e9cision relative au r\u00e9gime fiscal des revenus distribu\u00e9s. Un g\u00e9rant et associ\u00e9 majoritaire contestait le redressement de son imp\u00f4t sur le revenu suite au rejet de d\u00e9ductibilit\u00e9 de diverses charges. Les d\u00e9penses litigieuses concernaient notamment l'achat de\u2026","rel":"","context":"\u0412 &quot;Cour administrative d'appel&quot;","block_context":{"text":"Cour administrative d'appel","link":"https:\/\/kohenavocats.com\/category\/cour-administrative-dappel\/"},"img":{"alt_text":"","src":"https:\/\/i0.wp.com\/kohenavocats.com\/wp-content\/uploads\/2024\/08\/nathan-cima-bfSlMwZNBtY-unsplash.webp?resize=350%2C200&ssl=1","width":350,"height":200,"srcset":"https:\/\/i0.wp.com\/kohenavocats.com\/wp-content\/uploads\/2024\/08\/nathan-cima-bfSlMwZNBtY-unsplash.webp?resize=350%2C200&ssl=1 1x, https:\/\/i0.wp.com\/kohenavocats.com\/wp-content\/uploads\/2024\/08\/nathan-cima-bfSlMwZNBtY-unsplash.webp?resize=525%2C300&ssl=1 1.5x, https:\/\/i0.wp.com\/kohenavocats.com\/wp-content\/uploads\/2024\/08\/nathan-cima-bfSlMwZNBtY-unsplash.webp?resize=700%2C400&ssl=1 2x, https:\/\/i0.wp.com\/kohenavocats.com\/wp-content\/uploads\/2024\/08\/nathan-cima-bfSlMwZNBtY-unsplash.webp?resize=1050%2C600&ssl=1 3x, https:\/\/i0.wp.com\/kohenavocats.com\/wp-content\/uploads\/2024\/08\/nathan-cima-bfSlMwZNBtY-unsplash.webp?resize=1400%2C800&ssl=1 4x"},"classes":[]},{"id":272231,"url":"https:\/\/kohenavocats.com\/ru\/cour-dappel-administrative-de-paris-le-10-decembre-2025-n25pa00451\/","url_meta":{"origin":654851,"position":3},"title":"Cour d&#8217;appel administrative de Paris, le 10 d\u00e9cembre 2025, n\u00b025PA00451","author":"Kohen","date":"11.01.2026","format":false,"excerpt":"La cour administrative d'appel de Paris a rendu le 10 d\u00e9cembre 2025 une d\u00e9cision relative \u00e0 la d\u00e9ductibilit\u00e9 fiscale de redevances de marque. Deux soci\u00e9t\u00e9s fran\u00e7aises ont vers\u00e9 des sommes correspondant \u00e0 un pour cent de leur chiffre d'affaires \u00e0 leur soci\u00e9t\u00e9 m\u00e8re situ\u00e9e au Luxembourg. L'administration fiscale a remis\u2026","rel":"","context":"\u0412 &quot;Cour administrative d'appel&quot;","block_context":{"text":"Cour administrative d'appel","link":"https:\/\/kohenavocats.com\/category\/cour-administrative-dappel\/"},"img":{"alt_text":"","src":"https:\/\/i0.wp.com\/kohenavocats.com\/wp-content\/uploads\/2024\/08\/luis-cortes-m92ge4NGDIM-unsplash.webp?resize=350%2C200&ssl=1","width":350,"height":200,"srcset":"https:\/\/i0.wp.com\/kohenavocats.com\/wp-content\/uploads\/2024\/08\/luis-cortes-m92ge4NGDIM-unsplash.webp?resize=350%2C200&ssl=1 1x, https:\/\/i0.wp.com\/kohenavocats.com\/wp-content\/uploads\/2024\/08\/luis-cortes-m92ge4NGDIM-unsplash.webp?resize=525%2C300&ssl=1 1.5x, https:\/\/i0.wp.com\/kohenavocats.com\/wp-content\/uploads\/2024\/08\/luis-cortes-m92ge4NGDIM-unsplash.webp?resize=700%2C400&ssl=1 2x, https:\/\/i0.wp.com\/kohenavocats.com\/wp-content\/uploads\/2024\/08\/luis-cortes-m92ge4NGDIM-unsplash.webp?resize=1050%2C600&ssl=1 3x, https:\/\/i0.wp.com\/kohenavocats.com\/wp-content\/uploads\/2024\/08\/luis-cortes-m92ge4NGDIM-unsplash.webp?resize=1400%2C800&ssl=1 4x"},"classes":[]},{"id":725185,"url":"https:\/\/kohenavocats.com\/ru\/ce-conseil-detat-13-03-2026-n-499320\/","url_meta":{"origin":654851,"position":4},"title":"CE &#8212; Conseil d&#8217;\u00c9tat &#8212; 13\/03\/2026 &#8212; n\u00b0 499320","author":"Kohen","date":"28.04.2026","format":false,"excerpt":"Le Conseil d'\u00c9tat, statuant au contentieux, a rendu le 13 mars 2026 un arr\u00eat relatif \u00e0 la d\u00e9ductibilit\u00e9 des pertes issues d\u2019extorsions de fonds subies par...","rel":"","context":"\u0412 &quot;Juridictions administratives&quot;","block_context":{"text":"Juridictions administratives","link":"https:\/\/kohenavocats.com\/category\/juridictions-administratives\/"},"img":{"alt_text":"","src":"https:\/\/i0.wp.com\/kohenavocats.com\/wp-content\/uploads\/2024\/11\/laura-adai-483rEMrcau8-unsplash.webp?resize=350%2C200&ssl=1","width":350,"height":200,"srcset":"https:\/\/i0.wp.com\/kohenavocats.com\/wp-content\/uploads\/2024\/11\/laura-adai-483rEMrcau8-unsplash.webp?resize=350%2C200&ssl=1 1x, https:\/\/i0.wp.com\/kohenavocats.com\/wp-content\/uploads\/2024\/11\/laura-adai-483rEMrcau8-unsplash.webp?resize=525%2C300&ssl=1 1.5x, https:\/\/i0.wp.com\/kohenavocats.com\/wp-content\/uploads\/2024\/11\/laura-adai-483rEMrcau8-unsplash.webp?resize=700%2C400&ssl=1 2x, https:\/\/i0.wp.com\/kohenavocats.com\/wp-content\/uploads\/2024\/11\/laura-adai-483rEMrcau8-unsplash.webp?resize=1050%2C600&ssl=1 3x, https:\/\/i0.wp.com\/kohenavocats.com\/wp-content\/uploads\/2024\/11\/laura-adai-483rEMrcau8-unsplash.webp?resize=1400%2C800&ssl=1 4x"},"classes":[]},{"id":272841,"url":"https:\/\/kohenavocats.com\/ru\/cour-dappel-administrative-de-paris-le-10-decembre-2025-n25pa00446\/","url_meta":{"origin":654851,"position":5},"title":"Cour d&#8217;appel administrative de Paris, le 10 d\u00e9cembre 2025, n\u00b025PA00446","author":"Kohen","date":"11.01.2026","format":false,"excerpt":"La Cour administrative d'appel de Paris a rendu, le 10 d\u00e9cembre 2025, une d\u00e9cision relative \u00e0 la r\u00e9gularit\u00e9 et au bien-fond\u00e9 de redressements fiscaux. Une soci\u00e9t\u00e9 exer\u00e7ant une activit\u00e9 de t\u00e9l\u00e9conseil a fait l'objet d'une v\u00e9rification de comptabilit\u00e9 portant sur l'imp\u00f4t sur les soci\u00e9t\u00e9s et la taxe sur la valeur\u2026","rel":"","context":"\u0412 &quot;6917&quot;","block_context":{"text":"6917","link":"https:\/\/kohenavocats.com\/category\/6917\/"},"img":{"alt_text":"","src":"https:\/\/i0.wp.com\/kohenavocats.com\/wp-content\/uploads\/2024\/08\/alexandre-brondino-jCxM7spcAWY-unsplash-1.webp?resize=350%2C200&ssl=1","width":350,"height":200,"srcset":"https:\/\/i0.wp.com\/kohenavocats.com\/wp-content\/uploads\/2024\/08\/alexandre-brondino-jCxM7spcAWY-unsplash-1.webp?resize=350%2C200&ssl=1 1x, https:\/\/i0.wp.com\/kohenavocats.com\/wp-content\/uploads\/2024\/08\/alexandre-brondino-jCxM7spcAWY-unsplash-1.webp?resize=525%2C300&ssl=1 1.5x, https:\/\/i0.wp.com\/kohenavocats.com\/wp-content\/uploads\/2024\/08\/alexandre-brondino-jCxM7spcAWY-unsplash-1.webp?resize=700%2C400&ssl=1 2x, https:\/\/i0.wp.com\/kohenavocats.com\/wp-content\/uploads\/2024\/08\/alexandre-brondino-jCxM7spcAWY-unsplash-1.webp?resize=1050%2C600&ssl=1 3x, https:\/\/i0.wp.com\/kohenavocats.com\/wp-content\/uploads\/2024\/08\/alexandre-brondino-jCxM7spcAWY-unsplash-1.webp?resize=1400%2C800&ssl=1 4x"},"classes":[]}],"jetpack_sharing_enabled":true,"_links":{"self":[{"href":"https:\/\/kohenavocats.com\/ru\/wp-json\/wp\/v2\/posts\/654851","targetHints":{"allow":["GET"]}}],"collection":[{"href":"https:\/\/kohenavocats.com\/ru\/wp-json\/wp\/v2\/posts"}],"about":[{"href":"https:\/\/kohenavocats.com\/ru\/wp-json\/wp\/v2\/types\/post"}],"author":[{"embeddable":true,"href":"https:\/\/kohenavocats.com\/ru\/wp-json\/wp\/v2\/users\/232070755"}],"replies":[{"embeddable":true,"href":"https:\/\/kohenavocats.com\/ru\/wp-json\/wp\/v2\/comments?post=654851"}],"version-history":[{"count":0,"href":"https:\/\/kohenavocats.com\/ru\/wp-json\/wp\/v2\/posts\/654851\/revisions"}],"wp:featuredmedia":[{"embeddable":true,"href":"https:\/\/kohenavocats.com\/ru\/wp-json\/wp\/v2\/media\/9735"}],"wp:attachment":[{"href":"https:\/\/kohenavocats.com\/ru\/wp-json\/wp\/v2\/media?parent=654851"}],"wp:term":[{"taxonomy":"category","embeddable":true,"href":"https:\/\/kohenavocats.com\/ru\/wp-json\/wp\/v2\/categories?post=654851"},{"taxonomy":"post_tag","embeddable":true,"href":"https:\/\/kohenavocats.com\/ru\/wp-json\/wp\/v2\/tags?post=654851"}],"curies":[{"name":"wp","href":"https:\/\/api.w.org\/{rel}","templated":true}]}}