{"id":654859,"date":"2026-04-23T04:08:05","date_gmt":"2026-04-23T02:08:05","guid":{"rendered":"https:\/\/kohenavocats.com\/cour-dappel-de-paris-le-10-avril-2025-n21-07777\/"},"modified":"2026-04-23T04:08:05","modified_gmt":"2026-04-23T02:08:05","slug":"cour-dappel-de-paris-le-10-avril-2025-n21-07777","status":"publish","type":"post","link":"https:\/\/kohenavocats.com\/ru\/cour-dappel-de-paris-le-10-avril-2025-n21-07777\/","title":{"rendered":"Cour d&#8217;appel de Paris, le 10 avril 2025, n\u00b021\/07777"},"content":{"rendered":"<div class=\"article-content\">\n<p>La Cour d&#8217;appel de Paris, le 10 avril 2025, a statu\u00e9 sur un litige opposant un salari\u00e9 \u00e0 son employeur dans le secteur de la s\u00e9curit\u00e9. Le salari\u00e9 r\u00e9clamait des rappels de salaire pour plusieurs mois et contestait son licenciement pour faute grave. La cour a partiellement accueilli ses demandes p\u00e9cuniaires mais a confirm\u00e9 la validit\u00e9 du licenciement. Elle a ainsi pr\u00e9cis\u00e9 les obligations respectives des parties en mati\u00e8re d&#8217;organisation du travail et de preuve des absences.<\/p>\n<p>La r\u00e9partition des obligations probatoires en cas de litige sur le travail fourni<\/p>\n<p>L&#8217;employeur doit justifier du refus du salari\u00e9 d&#8217;ex\u00e9cuter son travail. Le droit du travail impose \u00e0 l&#8217;employeur de fournir un travail et de payer le salari\u00e9 qui se tient \u00e0 sa disposition. En cas de contestation sur la pr\u00e9sence du salari\u00e9, la charge de la preuve p\u00e8se sur l&#8217;employeur. Il lui appartient de d\u00e9montrer que le salari\u00e9 a refus\u00e9 d&#8217;ex\u00e9cuter son travail ou ne s&#8217;est pas tenu \u00e0 sa disposition. Cette r\u00e8gle proc\u00e9durale est essentielle pour prot\u00e9ger le salari\u00e9 dans le rapport de subordination.<\/p>\n<p>L&#8217;information pr\u00e9alable du salari\u00e9 conditionne la qualification d&#8217;absence injustifi\u00e9e. La cour a appliqu\u00e9 cette r\u00e8gle aux plannings de travail successifs. Elle a jug\u00e9 que l&#8217;employeur ne pouvait reprocher des absences pour les p\u00e9riodes o\u00f9 il n&#8217;avait pas communiqu\u00e9 les plannings en temps utile. &#171;Faute d&#8217;\u00e9tablir qu&#8217;il a inform\u00e9 [le salari\u00e9] de son planning pour le mois d&#8217;octobre, il ne peut imputer au salari\u00e9 ses absences&#187; (Motifs). L&#8217;absence d&#8217;information pr\u00e9alable prive l&#8217;employeur du droit de sanctionner.<\/p>\n<p>La modulation du temps de travail absorbe certaines r\u00e9clamations de rappel d&#8217;heures. La cour a valid\u00e9 le m\u00e9canisme de l&#8217;accord de modulation sur une base quadrimestrielle. Les heures suppl\u00e9mentaires r\u00e9clam\u00e9es pour certains mois ont \u00e9t\u00e9 consid\u00e9r\u00e9es comme absorb\u00e9es par un d\u00e9ficit d&#8217;heures sur d&#8217;autres p\u00e9riodes de r\u00e9f\u00e9rence. Cette analyse technique souligne l&#8217;importance des accords collectifs dans l&#8217;am\u00e9nagement du temps de travail et leur effet sur le calcul de la r\u00e9mun\u00e9ration.<\/p>\n<p>La bonne foi dans l&#8217;ex\u00e9cution du contrat et la qualification de la faute grave<\/p>\n<p>La mise en \u0153uvre de la clause de mobilit\u00e9 est soumise \u00e0 l&#8217;exigence de bonne foi. La cour a examin\u00e9 si les nouvelles affectations constituaient un usage abusif de cette clause. Elle a estim\u00e9 que l&#8217;affectation sur un site n\u00e9cessitant des correspondances complexes et sur un poste non qualifi\u00e9 \u00e9tait disproportionn\u00e9e. &#171;Son affectation sur le site [X] traduit un manquement de la soci\u00e9t\u00e9 \u00e0 son obligation d&#8217;ex\u00e9cuter de bonne foi le contrat de travail&#187; (Motifs). Cette appr\u00e9ciation in concreto limite le pouvoir de direction de l&#8217;employeur.<\/p>\n<p>La faute grave requiert une violation rendant impossible le maintien dans l&#8217;entreprise. La cour a rappel\u00e9 la d\u00e9finition exigeante de la faute grave. Elle a ensuite qualifi\u00e9 les absences non justifi\u00e9es de d\u00e9cembre 2019 et janvier 2020, malgr\u00e9 des mises en demeure. Ces faits, dans un secteur o\u00f9 la pr\u00e9sence est cruciale, ont \u00e9t\u00e9 jug\u00e9s d&#8217;une gravit\u00e9 suffisante. Ils &#171;constituent une violation de ses obligations contractuelles d&#8217;une importance telle&#8230; qu&#8217;elle rendait impossible son maintien dans l&#8217;entreprise&#187; (Motifs). Cette d\u00e9cision rejoint la jurisprudence qui lie la gravit\u00e9 \u00e0 l&#8217;impact sur l&#8217;organisation.<\/p>\n<p>La preuve de la faute grave et la r\u00e9alit\u00e9 des griefs sont \u00e0 la charge de l&#8217;employeur. La cour a m\u00e9thodiquement v\u00e9rifi\u00e9 chaque p\u00e9riode d&#8217;absence all\u00e9gu\u00e9e. Elle a distingu\u00e9 les absences justifi\u00e9es par un d\u00e9faut d&#8217;information de celles constituant une v\u00e9ritable d\u00e9faillance du salari\u00e9. Seules ces derni\u00e8res, \u00e9tablies par des mises en demeure non contest\u00e9es, ont pu fonder le licenciement. Cette rigueur probatoire est conforme \u00e0 la charge qui incombe \u00e0 l&#8217;employeur de prouver les faits reproch\u00e9s.<\/p>\n<p>Cette d\u00e9cision op\u00e8re une conciliation pragmatique entre les pr\u00e9rogatives de l&#8217;employeur et les droits du salari\u00e9. Elle rappelle avec force que le pouvoir de direction, notamment via la clause de mobilit\u00e9, s&#8217;exerce dans le respect de la bonne foi contractuelle. Elle pr\u00e9cise \u00e9galement les conditions de preuve des absences et les cons\u00e9quences d&#8217;un d\u00e9faut d&#8217;information du salari\u00e9. En confirmant le licenciement pour faute grave, elle souligne que l&#8217;absence injustifi\u00e9e et persistante dans un secteur sensible peut rompre le lien de confiance. La port\u00e9e de l&#8217;arr\u00eat r\u00e9side dans son analyse circonstanci\u00e9e, qui refuse les qualifications abstraites au profit d&#8217;une appr\u00e9ciation concr\u00e8te des comportements et de leurs cons\u00e9quences.<\/p>\n<\/div>\n","protected":false},"excerpt":{"rendered":"<p>La Cour d&#8217;appel de Paris, le 10 avril 2025, a statu\u00e9 sur un litige opposant un salari\u00e9 \u00e0 son employeur dans le secteur de la s\u00e9curit\u00e9. Le salari\u00e9 r\u00e9clamait d&#8230;<\/p>\n","protected":false},"author":232070755,"featured_media":4782,"comment_status":"open","ping_status":"open","sticky":false,"template":"","format":"standard","meta":{"_crdt_document":"","_jetpack_newsletter_access":"","_jetpack_dont_email_post_to_subs":false,"_jetpack_newsletter_tier_id":0,"_jetpack_memberships_contains_paywalled_content":false,"_kj_source_type":"judilibre","_kj_official_id":"68df5a3721a269c127203a7c","_kj_official_url":"https:\/\/www.courdecassation.fr\/decision\/68df5a3721a269c127203a7c","_kj_judilibre_id":"68df5a3721a269c127203a7c","_kj_jur":"Cour d'appel","_kj_lieu":"Cour d'appel de Paris","_kj_chambre":"P\u00f4le 6 - Chambre 4","_kj_rg":"21\/07777","_kj_date":"2025-10-01","_jetpack_memberships_contains_paid_content":false,"footnotes":"","jetpack_post_was_ever_published":false},"categories":[7597],"tags":[],"class_list":["post-654859","post","type-post","status-publish","format-standard","has-post-thumbnail","hentry","category-jurisprudence"],"yoast_head":"<!-- This site is optimized with the Yoast SEO Premium plugin v27.5 (Yoast SEO v27.5) - https:\/\/yoast.com\/product\/yoast-seo-premium-wordpress\/ -->\n<title>Cour d&#039;appel de Paris, le 10 avril 2025, n\u00b021\/07777 - Ma\u00eetre Hassan Kohen, avocat en droit p\u00e9nal \u00e0 Paris<\/title>\n<meta name=\"description\" content=\"La Cour d&#039;appel de Paris, le 10 avril 2025, a statu\u00e9 sur un litige opposant un salari\u00e9 \u00e0 son employeur dans le secteur de la s\u00e9curit\u00e9. Le salari\u00e9 r\u00e9clamait d...\" \/>\n<meta name=\"robots\" content=\"index, follow, max-snippet:-1, max-image-preview:large, max-video-preview:-1\" \/>\n<link rel=\"canonical\" href=\"https:\/\/kohenavocats.com\/ru\/cour-dappel-de-paris-le-10-avril-2025-n21-07777\/\" \/>\n<meta property=\"og:locale\" content=\"ru_RU\" \/>\n<meta property=\"og:type\" content=\"article\" \/>\n<meta property=\"og:title\" content=\"Cour d&#039;appel de Paris, le 10 avril 2025, n\u00b021\/07777\" \/>\n<meta property=\"og:description\" content=\"La Cour d&#039;appel de Paris, le 10 avril 2025, a statu\u00e9 sur un litige opposant un salari\u00e9 \u00e0 son employeur dans le secteur de la s\u00e9curit\u00e9. Le salari\u00e9 r\u00e9clamait d...\" \/>\n<meta property=\"og:url\" content=\"https:\/\/kohenavocats.com\/ru\/cour-dappel-de-paris-le-10-avril-2025-n21-07777\/\" \/>\n<meta property=\"og:site_name\" content=\"Ma\u00eetre Hassan Kohen, avocat en droit p\u00e9nal \u00e0 Paris\" \/>\n<meta property=\"article:published_time\" content=\"2026-04-23T02:08:05+00:00\" \/>\n<meta property=\"og:image\" content=\"https:\/\/kohenavocats.com\/wp-content\/uploads\/2024\/08\/patrick-robert-doyle-OvXht_wi5Ew-unsplash.webp\" \/>\n\t<meta property=\"og:image:width\" content=\"5938\" \/>\n\t<meta property=\"og:image:height\" content=\"3711\" \/>\n\t<meta property=\"og:image:type\" content=\"image\/webp\" \/>\n<meta name=\"author\" content=\"Kohen\" \/>\n<meta name=\"twitter:card\" content=\"summary_large_image\" \/>\n<meta name=\"twitter:label1\" content=\"\u041d\u0430\u043f\u0438\u0441\u0430\u043d\u043e \u0430\u0432\u0442\u043e\u0440\u043e\u043c\" \/>\n\t<meta name=\"twitter:data1\" content=\"Kohen\" \/>\n\t<meta name=\"twitter:label2\" content=\"\u041f\u0440\u0438\u043c\u0435\u0440\u043d\u043e\u0435 \u0432\u0440\u0435\u043c\u044f \u0434\u043b\u044f \u0447\u0442\u0435\u043d\u0438\u044f\" \/>\n\t<meta name=\"twitter:data2\" content=\"4 \u043c\u0438\u043d\u0443\u0442\u044b\" \/>\n<script type=\"application\/ld+json\" class=\"yoast-schema-graph\">{\"@context\":\"https:\\\/\\\/schema.org\",\"@graph\":[{\"@type\":\"Article\",\"@id\":\"https:\\\/\\\/kohenavocats.com\\\/ru\\\/cour-dappel-de-paris-le-10-avril-2025-n21-07777\\\/#article\",\"isPartOf\":{\"@id\":\"https:\\\/\\\/kohenavocats.com\\\/ru\\\/cour-dappel-de-paris-le-10-avril-2025-n21-07777\\\/\"},\"author\":{\"name\":\"Kohen\",\"@id\":\"https:\\\/\\\/kohenavocats.com\\\/ru\\\/#\\\/schema\\\/person\\\/761c9ba54fa1ca84d405cef0831ff751\"},\"headline\":\"Cour d&#8217;appel de Paris, le 10 avril 2025, n\u00b021\\\/07777\",\"datePublished\":\"2026-04-23T02:08:05+00:00\",\"mainEntityOfPage\":{\"@id\":\"https:\\\/\\\/kohenavocats.com\\\/ru\\\/cour-dappel-de-paris-le-10-avril-2025-n21-07777\\\/\"},\"wordCount\":806,\"commentCount\":0,\"publisher\":{\"@id\":\"https:\\\/\\\/kohenavocats.com\\\/ru\\\/#organization\"},\"image\":{\"@id\":\"https:\\\/\\\/kohenavocats.com\\\/ru\\\/cour-dappel-de-paris-le-10-avril-2025-n21-07777\\\/#primaryimage\"},\"thumbnailUrl\":\"https:\\\/\\\/kohenavocats.com\\\/wp-content\\\/uploads\\\/2024\\\/08\\\/patrick-robert-doyle-OvXht_wi5Ew-unsplash.webp\",\"articleSection\":[\"Jurisprudence\"],\"inLanguage\":\"ru-RU\",\"potentialAction\":[{\"@type\":\"CommentAction\",\"name\":\"Comment\",\"target\":[\"https:\\\/\\\/kohenavocats.com\\\/ru\\\/cour-dappel-de-paris-le-10-avril-2025-n21-07777\\\/#respond\"]}],\"citation\":\"Cour d&#8217;appel de Paris, le 10 avril 2025, n\u00b021\\\/07777\",\"about\":[{\"@type\":\"Thing\",\"name\":\"Jurisprudence\"}],\"dateModified\":\"2026-04-23T02:08:05+00:00\",\"speakable\":{\"@type\":\"SpeakableSpecification\",\"cssSelector\":[\".article-content > p:first-of-type\"]}},{\"@type\":\"WebPage\",\"@id\":\"https:\\\/\\\/kohenavocats.com\\\/ru\\\/cour-dappel-de-paris-le-10-avril-2025-n21-07777\\\/\",\"url\":\"https:\\\/\\\/kohenavocats.com\\\/ru\\\/cour-dappel-de-paris-le-10-avril-2025-n21-07777\\\/\",\"name\":\"Cour d'appel de Paris, le 10 avril 2025, n\u00b021\\\/07777 - Ma\u00eetre Hassan Kohen, avocat en droit p\u00e9nal \u00e0 Paris\",\"isPartOf\":{\"@id\":\"https:\\\/\\\/kohenavocats.com\\\/ru\\\/#website\"},\"primaryImageOfPage\":{\"@id\":\"https:\\\/\\\/kohenavocats.com\\\/ru\\\/cour-dappel-de-paris-le-10-avril-2025-n21-07777\\\/#primaryimage\"},\"image\":{\"@id\":\"https:\\\/\\\/kohenavocats.com\\\/ru\\\/cour-dappel-de-paris-le-10-avril-2025-n21-07777\\\/#primaryimage\"},\"thumbnailUrl\":\"https:\\\/\\\/kohenavocats.com\\\/wp-content\\\/uploads\\\/2024\\\/08\\\/patrick-robert-doyle-OvXht_wi5Ew-unsplash.webp\",\"datePublished\":\"2026-04-23T02:08:05+00:00\",\"description\":\"La Cour d'appel de Paris, le 10 avril 2025, a statu\u00e9 sur un litige opposant un salari\u00e9 \u00e0 son employeur dans le secteur de la s\u00e9curit\u00e9. Le salari\u00e9 r\u00e9clamait d...\",\"breadcrumb\":{\"@id\":\"https:\\\/\\\/kohenavocats.com\\\/ru\\\/cour-dappel-de-paris-le-10-avril-2025-n21-07777\\\/#breadcrumb\"},\"inLanguage\":\"ru-RU\",\"potentialAction\":[{\"@type\":\"ReadAction\",\"target\":[\"https:\\\/\\\/kohenavocats.com\\\/ru\\\/cour-dappel-de-paris-le-10-avril-2025-n21-07777\\\/\"]}]},{\"@type\":\"ImageObject\",\"inLanguage\":\"ru-RU\",\"@id\":\"https:\\\/\\\/kohenavocats.com\\\/ru\\\/cour-dappel-de-paris-le-10-avril-2025-n21-07777\\\/#primaryimage\",\"url\":\"https:\\\/\\\/kohenavocats.com\\\/wp-content\\\/uploads\\\/2024\\\/08\\\/patrick-robert-doyle-OvXht_wi5Ew-unsplash.webp\",\"contentUrl\":\"https:\\\/\\\/kohenavocats.com\\\/wp-content\\\/uploads\\\/2024\\\/08\\\/patrick-robert-doyle-OvXht_wi5Ew-unsplash.webp\",\"width\":5938,\"height\":3711},{\"@type\":\"BreadcrumbList\",\"@id\":\"https:\\\/\\\/kohenavocats.com\\\/ru\\\/cour-dappel-de-paris-le-10-avril-2025-n21-07777\\\/#breadcrumb\",\"itemListElement\":[{\"@type\":\"ListItem\",\"position\":1,\"name\":\"Home\",\"item\":\"https:\\\/\\\/kohenavocats.com\\\/ru\\\/avocats-en-droit-penal-a-paris-conseil-et-defense-strategique\\\/\"},{\"@type\":\"ListItem\",\"position\":2,\"name\":\"Cour d&rsquo;appel de Paris, le 10 avril 2025, n\u00b021\\\/07777\"}]},{\"@type\":\"WebSite\",\"@id\":\"https:\\\/\\\/kohenavocats.com\\\/ru\\\/#website\",\"url\":\"https:\\\/\\\/kohenavocats.com\\\/ru\\\/\",\"name\":\"Kohen Avocats\",\"description\":\"Ma\u00eetre Hassan Kohen, avocat p\u00e9naliste \u00e0 Paris, intervient exclusivement en droit p\u00e9nal pour la d\u00e9fense des particuliers, notamment en mati\u00e8re d\u2019accusations de viol. Il assure un accompagnement rigoureux d\u00e8s la garde \u00e0 vue jusqu\u2019\u00e0 la Cour d\u2019assises, veillant au strict respect des garanties proc\u00e9durales.\",\"publisher\":{\"@id\":\"https:\\\/\\\/kohenavocats.com\\\/ru\\\/#organization\"},\"potentialAction\":[{\"@type\":\"SearchAction\",\"target\":{\"@type\":\"EntryPoint\",\"urlTemplate\":\"https:\\\/\\\/kohenavocats.com\\\/ru\\\/?s={search_term_string}\"},\"query-input\":{\"@type\":\"PropertyValueSpecification\",\"valueRequired\":true,\"valueName\":\"search_term_string\"}}],\"inLanguage\":\"ru-RU\"},{\"@type\":\"Organization\",\"@id\":\"https:\\\/\\\/kohenavocats.com\\\/ru\\\/#organization\",\"name\":\"Kohen Avocats\",\"url\":\"https:\\\/\\\/kohenavocats.com\\\/ru\\\/\",\"logo\":{\"@type\":\"ImageObject\",\"inLanguage\":\"ru-RU\",\"@id\":\"https:\\\/\\\/kohenavocats.com\\\/ru\\\/#\\\/schema\\\/logo\\\/image\\\/\",\"url\":\"https:\\\/\\\/kohenavocats.com\\\/wp-content\\\/uploads\\\/2026\\\/01\\\/Logo-2-1.webp\",\"contentUrl\":\"https:\\\/\\\/kohenavocats.com\\\/wp-content\\\/uploads\\\/2026\\\/01\\\/Logo-2-1.webp\",\"width\":2114,\"height\":1253,\"caption\":\"Kohen Avocats\"},\"image\":{\"@id\":\"https:\\\/\\\/kohenavocats.com\\\/ru\\\/#\\\/schema\\\/logo\\\/image\\\/\"}},{\"@type\":\"Person\",\"@id\":\"https:\\\/\\\/kohenavocats.com\\\/ru\\\/#\\\/schema\\\/person\\\/761c9ba54fa1ca84d405cef0831ff751\",\"name\":\"Kohen\",\"image\":{\"@type\":\"ImageObject\",\"inLanguage\":\"ru-RU\",\"@id\":\"https:\\\/\\\/secure.gravatar.com\\\/avatar\\\/1c5e76ef76bbbfdd2b4da984e2bf2fa4056fd51a27d25ce2c332047f1dfd6e00?s=96&d=identicon&r=g\",\"url\":\"https:\\\/\\\/secure.gravatar.com\\\/avatar\\\/1c5e76ef76bbbfdd2b4da984e2bf2fa4056fd51a27d25ce2c332047f1dfd6e00?s=96&d=identicon&r=g\",\"contentUrl\":\"https:\\\/\\\/secure.gravatar.com\\\/avatar\\\/1c5e76ef76bbbfdd2b4da984e2bf2fa4056fd51a27d25ce2c332047f1dfd6e00?s=96&d=identicon&r=g\",\"caption\":\"Kohen\"},\"sameAs\":[\"https:\\\/\\\/www.linkedin.com\\\/in\\\/hassan-kohen-448548192\\\/\",\"https:\\\/\\\/www.youtube.com\\\/@Kohen-Avocats\"],\"url\":\"https:\\\/\\\/kohenavocats.com\\\/ru\\\/author\\\/kohenmlk\\\/\"}]}<\/script>\n<!-- \/ Yoast SEO Premium plugin. -->","yoast_head_json":{"title":"Cour d'appel de Paris, le 10 avril 2025, n\u00b021\/07777 - Ma\u00eetre Hassan Kohen, avocat en droit p\u00e9nal \u00e0 Paris","description":"La Cour d'appel de Paris, le 10 avril 2025, a statu\u00e9 sur un litige opposant un salari\u00e9 \u00e0 son employeur dans le secteur de la s\u00e9curit\u00e9. Le salari\u00e9 r\u00e9clamait d...","robots":{"index":"index","follow":"follow","max-snippet":"max-snippet:-1","max-image-preview":"max-image-preview:large","max-video-preview":"max-video-preview:-1"},"canonical":"https:\/\/kohenavocats.com\/ru\/cour-dappel-de-paris-le-10-avril-2025-n21-07777\/","og_locale":"ru_RU","og_type":"article","og_title":"Cour d'appel de Paris, le 10 avril 2025, n\u00b021\/07777","og_description":"La Cour d'appel de Paris, le 10 avril 2025, a statu\u00e9 sur un litige opposant un salari\u00e9 \u00e0 son employeur dans le secteur de la s\u00e9curit\u00e9. Le salari\u00e9 r\u00e9clamait d...","og_url":"https:\/\/kohenavocats.com\/ru\/cour-dappel-de-paris-le-10-avril-2025-n21-07777\/","og_site_name":"Ma\u00eetre Hassan Kohen, avocat en droit p\u00e9nal \u00e0 Paris","article_published_time":"2026-04-23T02:08:05+00:00","og_image":[{"width":5938,"height":3711,"url":"https:\/\/kohenavocats.com\/wp-content\/uploads\/2024\/08\/patrick-robert-doyle-OvXht_wi5Ew-unsplash.webp","type":"image\/webp"}],"author":"Kohen","twitter_card":"summary_large_image","twitter_misc":{"\u041d\u0430\u043f\u0438\u0441\u0430\u043d\u043e \u0430\u0432\u0442\u043e\u0440\u043e\u043c":"Kohen","\u041f\u0440\u0438\u043c\u0435\u0440\u043d\u043e\u0435 \u0432\u0440\u0435\u043c\u044f \u0434\u043b\u044f \u0447\u0442\u0435\u043d\u0438\u044f":"4 \u043c\u0438\u043d\u0443\u0442\u044b"},"schema":{"@context":"https:\/\/schema.org","@graph":[{"@type":"Article","@id":"https:\/\/kohenavocats.com\/ru\/cour-dappel-de-paris-le-10-avril-2025-n21-07777\/#article","isPartOf":{"@id":"https:\/\/kohenavocats.com\/ru\/cour-dappel-de-paris-le-10-avril-2025-n21-07777\/"},"author":{"name":"Kohen","@id":"https:\/\/kohenavocats.com\/ru\/#\/schema\/person\/761c9ba54fa1ca84d405cef0831ff751"},"headline":"Cour d&#8217;appel de Paris, le 10 avril 2025, n\u00b021\/07777","datePublished":"2026-04-23T02:08:05+00:00","mainEntityOfPage":{"@id":"https:\/\/kohenavocats.com\/ru\/cour-dappel-de-paris-le-10-avril-2025-n21-07777\/"},"wordCount":806,"commentCount":0,"publisher":{"@id":"https:\/\/kohenavocats.com\/ru\/#organization"},"image":{"@id":"https:\/\/kohenavocats.com\/ru\/cour-dappel-de-paris-le-10-avril-2025-n21-07777\/#primaryimage"},"thumbnailUrl":"https:\/\/kohenavocats.com\/wp-content\/uploads\/2024\/08\/patrick-robert-doyle-OvXht_wi5Ew-unsplash.webp","articleSection":["Jurisprudence"],"inLanguage":"ru-RU","potentialAction":[{"@type":"CommentAction","name":"Comment","target":["https:\/\/kohenavocats.com\/ru\/cour-dappel-de-paris-le-10-avril-2025-n21-07777\/#respond"]}],"citation":"Cour d&#8217;appel de Paris, le 10 avril 2025, n\u00b021\/07777","about":[{"@type":"Thing","name":"Jurisprudence"}],"dateModified":"2026-04-23T02:08:05+00:00","speakable":{"@type":"SpeakableSpecification","cssSelector":[".article-content > p:first-of-type"]}},{"@type":"WebPage","@id":"https:\/\/kohenavocats.com\/ru\/cour-dappel-de-paris-le-10-avril-2025-n21-07777\/","url":"https:\/\/kohenavocats.com\/ru\/cour-dappel-de-paris-le-10-avril-2025-n21-07777\/","name":"Cour d'appel de Paris, le 10 avril 2025, n\u00b021\/07777 - Ma\u00eetre Hassan Kohen, avocat en droit p\u00e9nal \u00e0 Paris","isPartOf":{"@id":"https:\/\/kohenavocats.com\/ru\/#website"},"primaryImageOfPage":{"@id":"https:\/\/kohenavocats.com\/ru\/cour-dappel-de-paris-le-10-avril-2025-n21-07777\/#primaryimage"},"image":{"@id":"https:\/\/kohenavocats.com\/ru\/cour-dappel-de-paris-le-10-avril-2025-n21-07777\/#primaryimage"},"thumbnailUrl":"https:\/\/kohenavocats.com\/wp-content\/uploads\/2024\/08\/patrick-robert-doyle-OvXht_wi5Ew-unsplash.webp","datePublished":"2026-04-23T02:08:05+00:00","description":"La Cour d'appel de Paris, le 10 avril 2025, a statu\u00e9 sur un litige opposant un salari\u00e9 \u00e0 son employeur dans le secteur de la s\u00e9curit\u00e9. Le salari\u00e9 r\u00e9clamait d...","breadcrumb":{"@id":"https:\/\/kohenavocats.com\/ru\/cour-dappel-de-paris-le-10-avril-2025-n21-07777\/#breadcrumb"},"inLanguage":"ru-RU","potentialAction":[{"@type":"ReadAction","target":["https:\/\/kohenavocats.com\/ru\/cour-dappel-de-paris-le-10-avril-2025-n21-07777\/"]}]},{"@type":"ImageObject","inLanguage":"ru-RU","@id":"https:\/\/kohenavocats.com\/ru\/cour-dappel-de-paris-le-10-avril-2025-n21-07777\/#primaryimage","url":"https:\/\/kohenavocats.com\/wp-content\/uploads\/2024\/08\/patrick-robert-doyle-OvXht_wi5Ew-unsplash.webp","contentUrl":"https:\/\/kohenavocats.com\/wp-content\/uploads\/2024\/08\/patrick-robert-doyle-OvXht_wi5Ew-unsplash.webp","width":5938,"height":3711},{"@type":"BreadcrumbList","@id":"https:\/\/kohenavocats.com\/ru\/cour-dappel-de-paris-le-10-avril-2025-n21-07777\/#breadcrumb","itemListElement":[{"@type":"ListItem","position":1,"name":"Home","item":"https:\/\/kohenavocats.com\/ru\/avocats-en-droit-penal-a-paris-conseil-et-defense-strategique\/"},{"@type":"ListItem","position":2,"name":"Cour d&rsquo;appel de Paris, le 10 avril 2025, n\u00b021\/07777"}]},{"@type":"WebSite","@id":"https:\/\/kohenavocats.com\/ru\/#website","url":"https:\/\/kohenavocats.com\/ru\/","name":"Kohen Avocats","description":"Ma\u00eetre Hassan Kohen, avocat p\u00e9naliste \u00e0 Paris, intervient exclusivement en droit p\u00e9nal pour la d\u00e9fense des particuliers, notamment en mati\u00e8re d\u2019accusations de viol. Il assure un accompagnement rigoureux d\u00e8s la garde \u00e0 vue jusqu\u2019\u00e0 la Cour d\u2019assises, veillant au strict respect des garanties proc\u00e9durales.","publisher":{"@id":"https:\/\/kohenavocats.com\/ru\/#organization"},"potentialAction":[{"@type":"SearchAction","target":{"@type":"EntryPoint","urlTemplate":"https:\/\/kohenavocats.com\/ru\/?s={search_term_string}"},"query-input":{"@type":"PropertyValueSpecification","valueRequired":true,"valueName":"search_term_string"}}],"inLanguage":"ru-RU"},{"@type":"Organization","@id":"https:\/\/kohenavocats.com\/ru\/#organization","name":"Kohen Avocats","url":"https:\/\/kohenavocats.com\/ru\/","logo":{"@type":"ImageObject","inLanguage":"ru-RU","@id":"https:\/\/kohenavocats.com\/ru\/#\/schema\/logo\/image\/","url":"https:\/\/kohenavocats.com\/wp-content\/uploads\/2026\/01\/Logo-2-1.webp","contentUrl":"https:\/\/kohenavocats.com\/wp-content\/uploads\/2026\/01\/Logo-2-1.webp","width":2114,"height":1253,"caption":"Kohen Avocats"},"image":{"@id":"https:\/\/kohenavocats.com\/ru\/#\/schema\/logo\/image\/"}},{"@type":"Person","@id":"https:\/\/kohenavocats.com\/ru\/#\/schema\/person\/761c9ba54fa1ca84d405cef0831ff751","name":"Kohen","image":{"@type":"ImageObject","inLanguage":"ru-RU","@id":"https:\/\/secure.gravatar.com\/avatar\/1c5e76ef76bbbfdd2b4da984e2bf2fa4056fd51a27d25ce2c332047f1dfd6e00?s=96&d=identicon&r=g","url":"https:\/\/secure.gravatar.com\/avatar\/1c5e76ef76bbbfdd2b4da984e2bf2fa4056fd51a27d25ce2c332047f1dfd6e00?s=96&d=identicon&r=g","contentUrl":"https:\/\/secure.gravatar.com\/avatar\/1c5e76ef76bbbfdd2b4da984e2bf2fa4056fd51a27d25ce2c332047f1dfd6e00?s=96&d=identicon&r=g","caption":"Kohen"},"sameAs":["https:\/\/www.linkedin.com\/in\/hassan-kohen-448548192\/","https:\/\/www.youtube.com\/@Kohen-Avocats"],"url":"https:\/\/kohenavocats.com\/ru\/author\/kohenmlk\/"}]}},"jetpack_featured_media_url":"https:\/\/kohenavocats.com\/wp-content\/uploads\/2024\/08\/patrick-robert-doyle-OvXht_wi5Ew-unsplash.webp","jetpack_likes_enabled":false,"jetpack_shortlink":"https:\/\/wp.me\/peCrII-2Kmf","jetpack-related-posts":[{"id":641732,"url":"https:\/\/kohenavocats.com\/ru\/cour-dappel-de-paris-le-12-avril-2023-n22-08892\/","url_meta":{"origin":654859,"position":0},"title":"Cour d&#8217;appel de Paris, le 12 avril 2023, n\u00b022\/08892","author":"Kohen","date":"21.04.2026","format":false,"excerpt":"La Cour d'appel de Paris, le 12 avril 2023, a statu\u00e9 sur un litige opposant un salari\u00e9 \u00e0 son ancien employeur. Le salari\u00e9 contestait son licenciement et r\u00e9cl...","rel":"","context":"\u0412 &quot;Jurisprudence&quot;","block_context":{"text":"Jurisprudence","link":"https:\/\/kohenavocats.com\/category\/jurisprudence\/"},"img":{"alt_text":"","src":"https:\/\/i0.wp.com\/kohenavocats.com\/wp-content\/uploads\/2024\/08\/pierre-chatel-innocenti-bSUAjkiL7dQ-unsplash.webp?resize=350%2C200&ssl=1","width":350,"height":200,"srcset":"https:\/\/i0.wp.com\/kohenavocats.com\/wp-content\/uploads\/2024\/08\/pierre-chatel-innocenti-bSUAjkiL7dQ-unsplash.webp?resize=350%2C200&ssl=1 1x, https:\/\/i0.wp.com\/kohenavocats.com\/wp-content\/uploads\/2024\/08\/pierre-chatel-innocenti-bSUAjkiL7dQ-unsplash.webp?resize=525%2C300&ssl=1 1.5x, https:\/\/i0.wp.com\/kohenavocats.com\/wp-content\/uploads\/2024\/08\/pierre-chatel-innocenti-bSUAjkiL7dQ-unsplash.webp?resize=700%2C400&ssl=1 2x, https:\/\/i0.wp.com\/kohenavocats.com\/wp-content\/uploads\/2024\/08\/pierre-chatel-innocenti-bSUAjkiL7dQ-unsplash.webp?resize=1050%2C600&ssl=1 3x, https:\/\/i0.wp.com\/kohenavocats.com\/wp-content\/uploads\/2024\/08\/pierre-chatel-innocenti-bSUAjkiL7dQ-unsplash.webp?resize=1400%2C800&ssl=1 4x"},"classes":[]},{"id":422413,"url":"https:\/\/kohenavocats.com\/ru\/cour-dappel-de-paris-le-14-decembre-2011-n10-02693\/","url_meta":{"origin":654859,"position":1},"title":"Cour d&#8217;appel de Paris, le 14 d\u00e9cembre 2011, n\u00b010\/02693","author":"Kohen","date":"22.03.2026","format":false,"excerpt":"La Cour d\u2019appel de Paris, dans un arr\u00eat du 14 d\u00e9cembre 2011, a \u00e9t\u00e9 saisie d\u2019un litige n\u00e9 de la rupture d\u2019un contrat de travail. Un salari\u00e9 avait \u00e9t\u00e9 engag\u00e9 en 2005 et licenci\u00e9 en 2009 pour inaptitude non professionnelle. Il contestait la r\u00e9gularit\u00e9 de ce licenciement et r\u00e9clamait diverses\u2026","rel":"","context":"\u0412 &quot;Cour d'appel&quot;","block_context":{"text":"Cour d'appel","link":"https:\/\/kohenavocats.com\/category\/cour-dappel\/"},"img":{"alt_text":"","src":"https:\/\/i0.wp.com\/kohenavocats.com\/wp-content\/uploads\/2024\/08\/jan-zinnbauer-XoiUrDgtB-g-unsplash.webp?resize=350%2C200&ssl=1","width":350,"height":200,"srcset":"https:\/\/i0.wp.com\/kohenavocats.com\/wp-content\/uploads\/2024\/08\/jan-zinnbauer-XoiUrDgtB-g-unsplash.webp?resize=350%2C200&ssl=1 1x, https:\/\/i0.wp.com\/kohenavocats.com\/wp-content\/uploads\/2024\/08\/jan-zinnbauer-XoiUrDgtB-g-unsplash.webp?resize=525%2C300&ssl=1 1.5x, https:\/\/i0.wp.com\/kohenavocats.com\/wp-content\/uploads\/2024\/08\/jan-zinnbauer-XoiUrDgtB-g-unsplash.webp?resize=700%2C400&ssl=1 2x, https:\/\/i0.wp.com\/kohenavocats.com\/wp-content\/uploads\/2024\/08\/jan-zinnbauer-XoiUrDgtB-g-unsplash.webp?resize=1050%2C600&ssl=1 3x, https:\/\/i0.wp.com\/kohenavocats.com\/wp-content\/uploads\/2024\/08\/jan-zinnbauer-XoiUrDgtB-g-unsplash.webp?resize=1400%2C800&ssl=1 4x"},"classes":[]},{"id":480968,"url":"https:\/\/kohenavocats.com\/ru\/cour-dappel-de-lyon-le-9-avril-2025-n24-03030\/","url_meta":{"origin":654859,"position":2},"title":"Cour d&#8217;appel de Lyon, le 9 avril 2025, n\u00b024\/03030","author":"Kohen","date":"07.04.2026","format":false,"excerpt":"La Cour d'appel de Lyon, le 9 avril 2025, a statu\u00e9 sur un litige opposant un salari\u00e9 \u00e0 son ancien employeur, une soci\u00e9t\u00e9 de transport. Le salari\u00e9 contestait ...","rel":"","context":"\u0412 &quot;Jurisprudence&quot;","block_context":{"text":"Jurisprudence","link":"https:\/\/kohenavocats.com\/category\/jurisprudence\/"},"img":{"alt_text":"","src":"https:\/\/i0.wp.com\/kohenavocats.com\/wp-content\/uploads\/2024\/08\/billy-chester-vvk9VoMTUwg-unsplash.webp?resize=350%2C200&ssl=1","width":350,"height":200,"srcset":"https:\/\/i0.wp.com\/kohenavocats.com\/wp-content\/uploads\/2024\/08\/billy-chester-vvk9VoMTUwg-unsplash.webp?resize=350%2C200&ssl=1 1x, https:\/\/i0.wp.com\/kohenavocats.com\/wp-content\/uploads\/2024\/08\/billy-chester-vvk9VoMTUwg-unsplash.webp?resize=525%2C300&ssl=1 1.5x, https:\/\/i0.wp.com\/kohenavocats.com\/wp-content\/uploads\/2024\/08\/billy-chester-vvk9VoMTUwg-unsplash.webp?resize=700%2C400&ssl=1 2x, https:\/\/i0.wp.com\/kohenavocats.com\/wp-content\/uploads\/2024\/08\/billy-chester-vvk9VoMTUwg-unsplash.webp?resize=1050%2C600&ssl=1 3x, https:\/\/i0.wp.com\/kohenavocats.com\/wp-content\/uploads\/2024\/08\/billy-chester-vvk9VoMTUwg-unsplash.webp?resize=1400%2C800&ssl=1 4x"},"classes":[]},{"id":667841,"url":"https:\/\/kohenavocats.com\/ru\/cour-dappel-de-paris-le-23-septembre-2025-n23-01656\/","url_meta":{"origin":654859,"position":3},"title":"Cour d&#8217;appel de Paris, le 23 septembre 2025, n\u00b023\/01656","author":"Kohen","date":"24.04.2026","format":false,"excerpt":"La cour d'appel de Paris, statuant en date non pr\u00e9cis\u00e9e, a \u00e9t\u00e9 saisie d'un pourvoi form\u00e9 contre un jugement du conseil de prud'hommes. Un salari\u00e9 contestait ...","rel":"","context":"\u0412 &quot;Code des assurances&quot;","block_context":{"text":"Code des assurances","link":"https:\/\/kohenavocats.com\/category\/code-des-assurances\/"},"img":{"alt_text":"","src":"https:\/\/i0.wp.com\/kohenavocats.com\/wp-content\/uploads\/2024\/08\/chris-linnett-aoJDcEy2tBo-unsplash.webp?resize=350%2C200&ssl=1","width":350,"height":200,"srcset":"https:\/\/i0.wp.com\/kohenavocats.com\/wp-content\/uploads\/2024\/08\/chris-linnett-aoJDcEy2tBo-unsplash.webp?resize=350%2C200&ssl=1 1x, https:\/\/i0.wp.com\/kohenavocats.com\/wp-content\/uploads\/2024\/08\/chris-linnett-aoJDcEy2tBo-unsplash.webp?resize=525%2C300&ssl=1 1.5x, https:\/\/i0.wp.com\/kohenavocats.com\/wp-content\/uploads\/2024\/08\/chris-linnett-aoJDcEy2tBo-unsplash.webp?resize=700%2C400&ssl=1 2x, https:\/\/i0.wp.com\/kohenavocats.com\/wp-content\/uploads\/2024\/08\/chris-linnett-aoJDcEy2tBo-unsplash.webp?resize=1050%2C600&ssl=1 3x, https:\/\/i0.wp.com\/kohenavocats.com\/wp-content\/uploads\/2024\/08\/chris-linnett-aoJDcEy2tBo-unsplash.webp?resize=1400%2C800&ssl=1 4x"},"classes":[]},{"id":474453,"url":"https:\/\/kohenavocats.com\/ru\/cour-dappel-de-rouen-le-13-fevrier-2025-n22-00469\/","url_meta":{"origin":654859,"position":4},"title":"Cour d&#8217;appel de Rouen, le 13 f\u00e9vrier 2025, n\u00b022\/00469","author":"Kohen","date":"07.04.2026","format":false,"excerpt":"La Cour d\u2019appel de Paris, statuant le 13 f\u00e9vrier 2025, a examin\u00e9 un litige entre un salari\u00e9 et son employeur en liquidation judiciaire. Le salari\u00e9 contestait...","rel":"","context":"\u0412 &quot;Jurisprudence&quot;","block_context":{"text":"Jurisprudence","link":"https:\/\/kohenavocats.com\/category\/jurisprudence\/"},"img":{"alt_text":"","src":"https:\/\/i0.wp.com\/kohenavocats.com\/wp-content\/uploads\/2024\/11\/laura-adai-QMJsqsUvCmA-unsplash.webp?resize=350%2C200&ssl=1","width":350,"height":200,"srcset":"https:\/\/i0.wp.com\/kohenavocats.com\/wp-content\/uploads\/2024\/11\/laura-adai-QMJsqsUvCmA-unsplash.webp?resize=350%2C200&ssl=1 1x, https:\/\/i0.wp.com\/kohenavocats.com\/wp-content\/uploads\/2024\/11\/laura-adai-QMJsqsUvCmA-unsplash.webp?resize=525%2C300&ssl=1 1.5x, https:\/\/i0.wp.com\/kohenavocats.com\/wp-content\/uploads\/2024\/11\/laura-adai-QMJsqsUvCmA-unsplash.webp?resize=700%2C400&ssl=1 2x, https:\/\/i0.wp.com\/kohenavocats.com\/wp-content\/uploads\/2024\/11\/laura-adai-QMJsqsUvCmA-unsplash.webp?resize=1050%2C600&ssl=1 3x, https:\/\/i0.wp.com\/kohenavocats.com\/wp-content\/uploads\/2024\/11\/laura-adai-QMJsqsUvCmA-unsplash.webp?resize=1400%2C800&ssl=1 4x"},"classes":[]},{"id":478433,"url":"https:\/\/kohenavocats.com\/ru\/cour-dappel-de-paris-le-13-juin-2025-n23-01709\/","url_meta":{"origin":654859,"position":5},"title":"Cour d&#8217;appel de Paris, le 13 juin 2025, n\u00b023\/01709","author":"Kohen","date":"07.04.2026","format":false,"excerpt":"La Cour d'appel de Paris, statuant le 13 juin 2025, examine le litige opposant un salari\u00e9 \u00e0 son ancien employeur suite \u00e0 son licenciement pour faute grave. L...","rel":"","context":"\u0412 &quot;Jurisprudence&quot;","block_context":{"text":"Jurisprudence","link":"https:\/\/kohenavocats.com\/category\/jurisprudence\/"},"img":{"alt_text":"","src":"https:\/\/i0.wp.com\/kohenavocats.com\/wp-content\/uploads\/2024\/11\/pawel-czerwinski-ibx3hNM2eMc-unsplash.webp?resize=350%2C200&ssl=1","width":350,"height":200,"srcset":"https:\/\/i0.wp.com\/kohenavocats.com\/wp-content\/uploads\/2024\/11\/pawel-czerwinski-ibx3hNM2eMc-unsplash.webp?resize=350%2C200&ssl=1 1x, https:\/\/i0.wp.com\/kohenavocats.com\/wp-content\/uploads\/2024\/11\/pawel-czerwinski-ibx3hNM2eMc-unsplash.webp?resize=525%2C300&ssl=1 1.5x, https:\/\/i0.wp.com\/kohenavocats.com\/wp-content\/uploads\/2024\/11\/pawel-czerwinski-ibx3hNM2eMc-unsplash.webp?resize=700%2C400&ssl=1 2x, https:\/\/i0.wp.com\/kohenavocats.com\/wp-content\/uploads\/2024\/11\/pawel-czerwinski-ibx3hNM2eMc-unsplash.webp?resize=1050%2C600&ssl=1 3x, https:\/\/i0.wp.com\/kohenavocats.com\/wp-content\/uploads\/2024\/11\/pawel-czerwinski-ibx3hNM2eMc-unsplash.webp?resize=1400%2C800&ssl=1 4x"},"classes":[]}],"jetpack_sharing_enabled":true,"_links":{"self":[{"href":"https:\/\/kohenavocats.com\/ru\/wp-json\/wp\/v2\/posts\/654859","targetHints":{"allow":["GET"]}}],"collection":[{"href":"https:\/\/kohenavocats.com\/ru\/wp-json\/wp\/v2\/posts"}],"about":[{"href":"https:\/\/kohenavocats.com\/ru\/wp-json\/wp\/v2\/types\/post"}],"author":[{"embeddable":true,"href":"https:\/\/kohenavocats.com\/ru\/wp-json\/wp\/v2\/users\/232070755"}],"replies":[{"embeddable":true,"href":"https:\/\/kohenavocats.com\/ru\/wp-json\/wp\/v2\/comments?post=654859"}],"version-history":[{"count":0,"href":"https:\/\/kohenavocats.com\/ru\/wp-json\/wp\/v2\/posts\/654859\/revisions"}],"wp:featuredmedia":[{"embeddable":true,"href":"https:\/\/kohenavocats.com\/ru\/wp-json\/wp\/v2\/media\/4782"}],"wp:attachment":[{"href":"https:\/\/kohenavocats.com\/ru\/wp-json\/wp\/v2\/media?parent=654859"}],"wp:term":[{"taxonomy":"category","embeddable":true,"href":"https:\/\/kohenavocats.com\/ru\/wp-json\/wp\/v2\/categories?post=654859"},{"taxonomy":"post_tag","embeddable":true,"href":"https:\/\/kohenavocats.com\/ru\/wp-json\/wp\/v2\/tags?post=654859"}],"curies":[{"name":"wp","href":"https:\/\/api.w.org\/{rel}","templated":true}]}}