{"id":654974,"date":"2026-04-23T04:18:01","date_gmt":"2026-04-23T02:18:01","guid":{"rendered":"https:\/\/kohenavocats.com\/cour-dappel-le-16-mai-2025-n24-00944\/"},"modified":"2026-04-23T04:18:01","modified_gmt":"2026-04-23T02:18:01","slug":"cour-dappel-le-16-mai-2025-n24-00944","status":"publish","type":"post","link":"https:\/\/kohenavocats.com\/ru\/cour-dappel-le-16-mai-2025-n24-00944\/","title":{"rendered":"Cour d&#8217;appel, le 16 mai 2025, n\u00b024\/00944"},"content":{"rendered":"<div class=\"article-content\">\n<p>La cour d&#8217;appel, statuant en dernier ressort, a rendu un arr\u00eat r\u00e9put\u00e9 contradictoire le 16 mai 2025. Elle se pronon\u00e7ait sur l&#8217;appel form\u00e9 contre une ordonnance de juge commissaire ayant d\u00e9clar\u00e9 irrecevable une requ\u00eate en omission de statuer. La question centrale \u00e9tait la r\u00e9gularit\u00e9 de la proc\u00e9dure de rectification d&#8217;une d\u00e9cision omettant de quantifier des int\u00e9r\u00eats. La cour a accueilli l&#8217;appel et ordonn\u00e9 la rectification de l&#8217;omission.<\/p>\n<p>La recevabilit\u00e9 de la voie d&#8217;appel<\/p>\n<p>Le rejet de l&#8217;exception d&#8217;irrecevabilit\u00e9<\/p>\n<p>La partie d\u00e9bitrice soutenait l&#8217;irrecevabilit\u00e9 de l&#8217;appel au visa de l&#8217;autorit\u00e9 de la chose jug\u00e9e. Elle estimait que seul l&#8217;appel de la d\u00e9cision initiale \u00e9tait possible. La cour \u00e9carte ce moyen en rappelant le droit commun de l&#8217;appel. Elle souligne que l&#8217;appel tend \u00e0 l&#8217;infirmation du chef ayant d\u00e9clar\u00e9 la requ\u00eate irrecevable. &#171;Le moyen tir\u00e9 de l&#8217;irrecevabilit\u00e9 de l&#8217;appel est rejet\u00e9, comme inop\u00e9rant.&#187; (Motifs) Cette solution affirme l&#8217;autonomie du recours contre une d\u00e9cision statuant sur une exception de proc\u00e9dure. Elle pr\u00e9serve le droit \u00e0 un recours effectif contre toute d\u00e9cision juridictionnelle faisant grief.<\/p>\n<p>La nature de la requ\u00eate en omission de statuer<\/p>\n<p>La cour pr\u00e9cise la distinction fondamentale entre appel et requ\u00eate en rectification. Elle rappelle que l&#8217;appel \u00e9tait ferm\u00e9 pour le cr\u00e9ancier, qui n&#8217;avait pas succomb\u00e9. &#171;Il s&#8217;agit l\u00e0 d&#8217;une omission de statuer, que seule la requ\u00eate en omission de statuer pouvait rectifier.&#187; (Motifs) Cette analyse restreint la voie de l&#8217;appel aux seules parties l\u00e9s\u00e9es par le dispositif. Elle confirme la nature sp\u00e9cifique de la proc\u00e9dure de l&#8217;article 463 du code de proc\u00e9dure civile. Cette derni\u00e8re constitue une voie de droit extraordinaire et compl\u00e9mentaire.<\/p>\n<p>Le fondement de l&#8217;omission de statuer<\/p>\n<p>La caract\u00e9risation de l&#8217;omission<\/p>\n<p>La cour examine si la d\u00e9cision initiale du juge commissaire comporte une omission. Elle constate que l&#8217;ordonnance admet le principe des int\u00e9r\u00eats aux taux contractuels. Pourtant, elle ne pr\u00e9cise pas le taux applicable ni les modalit\u00e9s de calcul. &#171;La seule mention &#8216;int\u00e9r\u00eats aux taux contractuels&#8217; ne permet pas de calculer le montant.&#187; (Motifs) La cour en d\u00e9duit l&#8217;existence d&#8217;une omission sur un chef de demande. Le juge a omis de statuer sur l&#8217;\u00e9tendue pr\u00e9cise de la cr\u00e9ance d\u00e9clar\u00e9e. Cette interpr\u00e9tation prot\u00e8ge le droit du cr\u00e9ancier \u00e0 une d\u00e9cision ex\u00e9cutoire et certaine.<\/p>\n<p>Le r\u00e9gime de la rectification<\/p>\n<p>La cour applique strictement les conditions de l&#8217;article 463 du code de proc\u00e9dure civile. Elle valide la requ\u00eate en rectification pr\u00e9sent\u00e9e dans le d\u00e9lai d&#8217;un an. La jurisprudence ant\u00e9rieure \u00e9claire ce point de proc\u00e9dure. &#171;Il est constant que la requ\u00eate en omission de statuer n&#8217;exclue pas que le chef de demande sur lequel le juge ne s&#8217;est pas prononc\u00e9 soit l&#8217;objet d&#8217;une nouvelle instance.&#187; (Cour d&#8217;appel de Metz, le 6 mars 2025, n\u00b023\/02222) La solution garantit que l&#8217;autorit\u00e9 de la chose jug\u00e9e ne fait pas obstacle \u00e0 la compl\u00e9tion. Elle permet de corriger une d\u00e9cision incompl\u00e8te sans remettre en cause son fond.<\/p>\n<p>La port\u00e9e de la d\u00e9cision<\/p>\n<p>Cet arr\u00eat consolide la jurisprudence sur l&#8217;omission de statuer en mati\u00e8re collective. Il rappelle que l&#8217;admission d&#8217;une cr\u00e9ance doit \u00eatre suffisamment pr\u00e9cise. Une mention g\u00e9n\u00e9rique sur les int\u00e9r\u00eats contractuels peut constituer une omission. La cour renforce ainsi les exigences de clart\u00e9 des d\u00e9cisions du juge commissaire. Elle aligne le droit des proc\u00e9dures collectives sur le droit processuel commun. Cette d\u00e9cision s\u00e9curise les d\u00e9clarations de cr\u00e9ance en imposant un quantum d\u00e9termin\u00e9. Elle \u00e9vite les contentieux ult\u00e9rieurs sur l&#8217;ex\u00e9cution des plans de redressement.<\/p>\n<\/div>\n","protected":false},"excerpt":{"rendered":"<p>La cour d&#8217;appel, statuant en dernier ressort, a rendu un arr\u00eat r\u00e9put\u00e9 contradictoire le 16 mai 2025. Elle se pronon\u00e7ait sur l&#8217;appel form\u00e9 contre une ordonnan&#8230;<\/p>\n","protected":false},"author":232070755,"featured_media":4740,"comment_status":"open","ping_status":"open","sticky":false,"template":"","format":"standard","meta":{"_crdt_document":"","_jetpack_newsletter_access":"","_jetpack_dont_email_post_to_subs":false,"_jetpack_newsletter_tier_id":0,"_jetpack_memberships_contains_paywalled_content":false,"_kj_source_type":"","_kj_official_id":"","_kj_official_url":"","_kj_judilibre_id":"","_kj_jur":"","_kj_lieu":"","_kj_chambre":"","_kj_rg":"","_kj_date":"","_jetpack_memberships_contains_paid_content":false,"footnotes":"","jetpack_post_was_ever_published":false},"categories":[7597],"tags":[],"class_list":["post-654974","post","type-post","status-publish","format-standard","has-post-thumbnail","hentry","category-jurisprudence"],"yoast_head":"<!-- This site is optimized with the Yoast SEO Premium plugin v27.5 (Yoast SEO v27.5) - https:\/\/yoast.com\/product\/yoast-seo-premium-wordpress\/ -->\n<title>Cour d&#039;appel, le 16 mai 2025, n\u00b024\/00944 - Ma\u00eetre Hassan Kohen, avocat en droit p\u00e9nal \u00e0 Paris<\/title>\n<meta name=\"description\" content=\"La cour d&#039;appel, statuant en dernier ressort, a rendu un arr\u00eat r\u00e9put\u00e9 contradictoire le 16 mai 2025. Elle se pronon\u00e7ait sur l&#039;appel form\u00e9 contre une ordonnan...\" \/>\n<meta name=\"robots\" content=\"index, follow, max-snippet:-1, max-image-preview:large, max-video-preview:-1\" \/>\n<link rel=\"canonical\" href=\"https:\/\/kohenavocats.com\/ru\/cour-dappel-le-16-mai-2025-n24-00944\/\" \/>\n<meta property=\"og:locale\" content=\"ru_RU\" \/>\n<meta property=\"og:type\" content=\"article\" \/>\n<meta property=\"og:title\" content=\"Cour d&#039;appel, le 16 mai 2025, n\u00b024\/00944\" \/>\n<meta property=\"og:description\" content=\"La cour d&#039;appel, statuant en dernier ressort, a rendu un arr\u00eat r\u00e9put\u00e9 contradictoire le 16 mai 2025. Elle se pronon\u00e7ait sur l&#039;appel form\u00e9 contre une ordonnan...\" \/>\n<meta property=\"og:url\" content=\"https:\/\/kohenavocats.com\/ru\/cour-dappel-le-16-mai-2025-n24-00944\/\" \/>\n<meta property=\"og:site_name\" content=\"Ma\u00eetre Hassan Kohen, avocat en droit p\u00e9nal \u00e0 Paris\" \/>\n<meta property=\"article:published_time\" content=\"2026-04-23T02:18:01+00:00\" \/>\n<meta property=\"og:image\" content=\"https:\/\/kohenavocats.com\/wp-content\/uploads\/2024\/08\/adam-ling-qmEbuqzB6L0-unsplash.webp\" \/>\n\t<meta property=\"og:image:width\" content=\"6000\" \/>\n\t<meta property=\"og:image:height\" content=\"4000\" \/>\n\t<meta property=\"og:image:type\" content=\"image\/webp\" \/>\n<meta name=\"author\" content=\"Kohen\" \/>\n<meta name=\"twitter:card\" content=\"summary_large_image\" \/>\n<meta name=\"twitter:label1\" content=\"\u041d\u0430\u043f\u0438\u0441\u0430\u043d\u043e \u0430\u0432\u0442\u043e\u0440\u043e\u043c\" \/>\n\t<meta name=\"twitter:data1\" content=\"Kohen\" \/>\n\t<meta name=\"twitter:label2\" content=\"\u041f\u0440\u0438\u043c\u0435\u0440\u043d\u043e\u0435 \u0432\u0440\u0435\u043c\u044f \u0434\u043b\u044f \u0447\u0442\u0435\u043d\u0438\u044f\" \/>\n\t<meta name=\"twitter:data2\" content=\"3 \u043c\u0438\u043d\u0443\u0442\u044b\" \/>\n<script type=\"application\/ld+json\" class=\"yoast-schema-graph\">{\"@context\":\"https:\\\/\\\/schema.org\",\"@graph\":[{\"@type\":\"Article\",\"@id\":\"https:\\\/\\\/kohenavocats.com\\\/ru\\\/cour-dappel-le-16-mai-2025-n24-00944\\\/#article\",\"isPartOf\":{\"@id\":\"https:\\\/\\\/kohenavocats.com\\\/ru\\\/cour-dappel-le-16-mai-2025-n24-00944\\\/\"},\"author\":{\"name\":\"Kohen\",\"@id\":\"https:\\\/\\\/kohenavocats.com\\\/ru\\\/#\\\/schema\\\/person\\\/761c9ba54fa1ca84d405cef0831ff751\"},\"headline\":\"Cour d&#8217;appel, le 16 mai 2025, n\u00b024\\\/00944\",\"datePublished\":\"2026-04-23T02:18:01+00:00\",\"mainEntityOfPage\":{\"@id\":\"https:\\\/\\\/kohenavocats.com\\\/ru\\\/cour-dappel-le-16-mai-2025-n24-00944\\\/\"},\"wordCount\":677,\"commentCount\":0,\"publisher\":{\"@id\":\"https:\\\/\\\/kohenavocats.com\\\/ru\\\/#organization\"},\"image\":{\"@id\":\"https:\\\/\\\/kohenavocats.com\\\/ru\\\/cour-dappel-le-16-mai-2025-n24-00944\\\/#primaryimage\"},\"thumbnailUrl\":\"https:\\\/\\\/kohenavocats.com\\\/wp-content\\\/uploads\\\/2024\\\/08\\\/adam-ling-qmEbuqzB6L0-unsplash.webp\",\"articleSection\":[\"Jurisprudence\"],\"inLanguage\":\"ru-RU\",\"potentialAction\":[{\"@type\":\"CommentAction\",\"name\":\"Comment\",\"target\":[\"https:\\\/\\\/kohenavocats.com\\\/ru\\\/cour-dappel-le-16-mai-2025-n24-00944\\\/#respond\"]}],\"citation\":\"Cour d&#8217;appel, le 16 mai 2025, n\u00b024\\\/00944\",\"about\":[{\"@type\":\"Thing\",\"name\":\"Jurisprudence\"}],\"dateModified\":\"2026-04-23T02:18:01+00:00\",\"speakable\":{\"@type\":\"SpeakableSpecification\",\"cssSelector\":[\".article-content > p:first-of-type\"]}},{\"@type\":\"WebPage\",\"@id\":\"https:\\\/\\\/kohenavocats.com\\\/ru\\\/cour-dappel-le-16-mai-2025-n24-00944\\\/\",\"url\":\"https:\\\/\\\/kohenavocats.com\\\/ru\\\/cour-dappel-le-16-mai-2025-n24-00944\\\/\",\"name\":\"Cour d'appel, le 16 mai 2025, n\u00b024\\\/00944 - Ma\u00eetre Hassan Kohen, avocat en droit p\u00e9nal \u00e0 Paris\",\"isPartOf\":{\"@id\":\"https:\\\/\\\/kohenavocats.com\\\/ru\\\/#website\"},\"primaryImageOfPage\":{\"@id\":\"https:\\\/\\\/kohenavocats.com\\\/ru\\\/cour-dappel-le-16-mai-2025-n24-00944\\\/#primaryimage\"},\"image\":{\"@id\":\"https:\\\/\\\/kohenavocats.com\\\/ru\\\/cour-dappel-le-16-mai-2025-n24-00944\\\/#primaryimage\"},\"thumbnailUrl\":\"https:\\\/\\\/kohenavocats.com\\\/wp-content\\\/uploads\\\/2024\\\/08\\\/adam-ling-qmEbuqzB6L0-unsplash.webp\",\"datePublished\":\"2026-04-23T02:18:01+00:00\",\"description\":\"La cour d'appel, statuant en dernier ressort, a rendu un arr\u00eat r\u00e9put\u00e9 contradictoire le 16 mai 2025. Elle se pronon\u00e7ait sur l'appel form\u00e9 contre une ordonnan...\",\"breadcrumb\":{\"@id\":\"https:\\\/\\\/kohenavocats.com\\\/ru\\\/cour-dappel-le-16-mai-2025-n24-00944\\\/#breadcrumb\"},\"inLanguage\":\"ru-RU\",\"potentialAction\":[{\"@type\":\"ReadAction\",\"target\":[\"https:\\\/\\\/kohenavocats.com\\\/ru\\\/cour-dappel-le-16-mai-2025-n24-00944\\\/\"]}]},{\"@type\":\"ImageObject\",\"inLanguage\":\"ru-RU\",\"@id\":\"https:\\\/\\\/kohenavocats.com\\\/ru\\\/cour-dappel-le-16-mai-2025-n24-00944\\\/#primaryimage\",\"url\":\"https:\\\/\\\/kohenavocats.com\\\/wp-content\\\/uploads\\\/2024\\\/08\\\/adam-ling-qmEbuqzB6L0-unsplash.webp\",\"contentUrl\":\"https:\\\/\\\/kohenavocats.com\\\/wp-content\\\/uploads\\\/2024\\\/08\\\/adam-ling-qmEbuqzB6L0-unsplash.webp\",\"width\":6000,\"height\":4000},{\"@type\":\"BreadcrumbList\",\"@id\":\"https:\\\/\\\/kohenavocats.com\\\/ru\\\/cour-dappel-le-16-mai-2025-n24-00944\\\/#breadcrumb\",\"itemListElement\":[{\"@type\":\"ListItem\",\"position\":1,\"name\":\"Home\",\"item\":\"https:\\\/\\\/kohenavocats.com\\\/ru\\\/avocats-en-droit-penal-a-paris-conseil-et-defense-strategique\\\/\"},{\"@type\":\"ListItem\",\"position\":2,\"name\":\"Cour d&rsquo;appel, le 16 mai 2025, n\u00b024\\\/00944\"}]},{\"@type\":\"WebSite\",\"@id\":\"https:\\\/\\\/kohenavocats.com\\\/ru\\\/#website\",\"url\":\"https:\\\/\\\/kohenavocats.com\\\/ru\\\/\",\"name\":\"Kohen Avocats\",\"description\":\"Ma\u00eetre Hassan Kohen, avocat p\u00e9naliste \u00e0 Paris, intervient exclusivement en droit p\u00e9nal pour la d\u00e9fense des particuliers, notamment en mati\u00e8re d\u2019accusations de viol. Il assure un accompagnement rigoureux d\u00e8s la garde \u00e0 vue jusqu\u2019\u00e0 la Cour d\u2019assises, veillant au strict respect des garanties proc\u00e9durales.\",\"publisher\":{\"@id\":\"https:\\\/\\\/kohenavocats.com\\\/ru\\\/#organization\"},\"potentialAction\":[{\"@type\":\"SearchAction\",\"target\":{\"@type\":\"EntryPoint\",\"urlTemplate\":\"https:\\\/\\\/kohenavocats.com\\\/ru\\\/?s={search_term_string}\"},\"query-input\":{\"@type\":\"PropertyValueSpecification\",\"valueRequired\":true,\"valueName\":\"search_term_string\"}}],\"inLanguage\":\"ru-RU\"},{\"@type\":\"Organization\",\"@id\":\"https:\\\/\\\/kohenavocats.com\\\/ru\\\/#organization\",\"name\":\"Kohen Avocats\",\"url\":\"https:\\\/\\\/kohenavocats.com\\\/ru\\\/\",\"logo\":{\"@type\":\"ImageObject\",\"inLanguage\":\"ru-RU\",\"@id\":\"https:\\\/\\\/kohenavocats.com\\\/ru\\\/#\\\/schema\\\/logo\\\/image\\\/\",\"url\":\"https:\\\/\\\/kohenavocats.com\\\/wp-content\\\/uploads\\\/2026\\\/01\\\/Logo-2-1.webp\",\"contentUrl\":\"https:\\\/\\\/kohenavocats.com\\\/wp-content\\\/uploads\\\/2026\\\/01\\\/Logo-2-1.webp\",\"width\":2114,\"height\":1253,\"caption\":\"Kohen Avocats\"},\"image\":{\"@id\":\"https:\\\/\\\/kohenavocats.com\\\/ru\\\/#\\\/schema\\\/logo\\\/image\\\/\"}},{\"@type\":\"Person\",\"@id\":\"https:\\\/\\\/kohenavocats.com\\\/ru\\\/#\\\/schema\\\/person\\\/761c9ba54fa1ca84d405cef0831ff751\",\"name\":\"Kohen\",\"image\":{\"@type\":\"ImageObject\",\"inLanguage\":\"ru-RU\",\"@id\":\"https:\\\/\\\/secure.gravatar.com\\\/avatar\\\/1c5e76ef76bbbfdd2b4da984e2bf2fa4056fd51a27d25ce2c332047f1dfd6e00?s=96&d=identicon&r=g\",\"url\":\"https:\\\/\\\/secure.gravatar.com\\\/avatar\\\/1c5e76ef76bbbfdd2b4da984e2bf2fa4056fd51a27d25ce2c332047f1dfd6e00?s=96&d=identicon&r=g\",\"contentUrl\":\"https:\\\/\\\/secure.gravatar.com\\\/avatar\\\/1c5e76ef76bbbfdd2b4da984e2bf2fa4056fd51a27d25ce2c332047f1dfd6e00?s=96&d=identicon&r=g\",\"caption\":\"Kohen\"},\"sameAs\":[\"https:\\\/\\\/www.linkedin.com\\\/in\\\/hassan-kohen-448548192\\\/\",\"https:\\\/\\\/www.youtube.com\\\/@Kohen-Avocats\"],\"url\":\"https:\\\/\\\/kohenavocats.com\\\/ru\\\/author\\\/kohenmlk\\\/\"}]}<\/script>\n<!-- \/ Yoast SEO Premium plugin. -->","yoast_head_json":{"title":"Cour d'appel, le 16 mai 2025, n\u00b024\/00944 - Ma\u00eetre Hassan Kohen, avocat en droit p\u00e9nal \u00e0 Paris","description":"La cour d'appel, statuant en dernier ressort, a rendu un arr\u00eat r\u00e9put\u00e9 contradictoire le 16 mai 2025. Elle se pronon\u00e7ait sur l'appel form\u00e9 contre une ordonnan...","robots":{"index":"index","follow":"follow","max-snippet":"max-snippet:-1","max-image-preview":"max-image-preview:large","max-video-preview":"max-video-preview:-1"},"canonical":"https:\/\/kohenavocats.com\/ru\/cour-dappel-le-16-mai-2025-n24-00944\/","og_locale":"ru_RU","og_type":"article","og_title":"Cour d'appel, le 16 mai 2025, n\u00b024\/00944","og_description":"La cour d'appel, statuant en dernier ressort, a rendu un arr\u00eat r\u00e9put\u00e9 contradictoire le 16 mai 2025. Elle se pronon\u00e7ait sur l'appel form\u00e9 contre une ordonnan...","og_url":"https:\/\/kohenavocats.com\/ru\/cour-dappel-le-16-mai-2025-n24-00944\/","og_site_name":"Ma\u00eetre Hassan Kohen, avocat en droit p\u00e9nal \u00e0 Paris","article_published_time":"2026-04-23T02:18:01+00:00","og_image":[{"width":6000,"height":4000,"url":"https:\/\/kohenavocats.com\/wp-content\/uploads\/2024\/08\/adam-ling-qmEbuqzB6L0-unsplash.webp","type":"image\/webp"}],"author":"Kohen","twitter_card":"summary_large_image","twitter_misc":{"\u041d\u0430\u043f\u0438\u0441\u0430\u043d\u043e \u0430\u0432\u0442\u043e\u0440\u043e\u043c":"Kohen","\u041f\u0440\u0438\u043c\u0435\u0440\u043d\u043e\u0435 \u0432\u0440\u0435\u043c\u044f \u0434\u043b\u044f \u0447\u0442\u0435\u043d\u0438\u044f":"3 \u043c\u0438\u043d\u0443\u0442\u044b"},"schema":{"@context":"https:\/\/schema.org","@graph":[{"@type":"Article","@id":"https:\/\/kohenavocats.com\/ru\/cour-dappel-le-16-mai-2025-n24-00944\/#article","isPartOf":{"@id":"https:\/\/kohenavocats.com\/ru\/cour-dappel-le-16-mai-2025-n24-00944\/"},"author":{"name":"Kohen","@id":"https:\/\/kohenavocats.com\/ru\/#\/schema\/person\/761c9ba54fa1ca84d405cef0831ff751"},"headline":"Cour d&#8217;appel, le 16 mai 2025, n\u00b024\/00944","datePublished":"2026-04-23T02:18:01+00:00","mainEntityOfPage":{"@id":"https:\/\/kohenavocats.com\/ru\/cour-dappel-le-16-mai-2025-n24-00944\/"},"wordCount":677,"commentCount":0,"publisher":{"@id":"https:\/\/kohenavocats.com\/ru\/#organization"},"image":{"@id":"https:\/\/kohenavocats.com\/ru\/cour-dappel-le-16-mai-2025-n24-00944\/#primaryimage"},"thumbnailUrl":"https:\/\/kohenavocats.com\/wp-content\/uploads\/2024\/08\/adam-ling-qmEbuqzB6L0-unsplash.webp","articleSection":["Jurisprudence"],"inLanguage":"ru-RU","potentialAction":[{"@type":"CommentAction","name":"Comment","target":["https:\/\/kohenavocats.com\/ru\/cour-dappel-le-16-mai-2025-n24-00944\/#respond"]}],"citation":"Cour d&#8217;appel, le 16 mai 2025, n\u00b024\/00944","about":[{"@type":"Thing","name":"Jurisprudence"}],"dateModified":"2026-04-23T02:18:01+00:00","speakable":{"@type":"SpeakableSpecification","cssSelector":[".article-content > p:first-of-type"]}},{"@type":"WebPage","@id":"https:\/\/kohenavocats.com\/ru\/cour-dappel-le-16-mai-2025-n24-00944\/","url":"https:\/\/kohenavocats.com\/ru\/cour-dappel-le-16-mai-2025-n24-00944\/","name":"Cour d'appel, le 16 mai 2025, n\u00b024\/00944 - Ma\u00eetre Hassan Kohen, avocat en droit p\u00e9nal \u00e0 Paris","isPartOf":{"@id":"https:\/\/kohenavocats.com\/ru\/#website"},"primaryImageOfPage":{"@id":"https:\/\/kohenavocats.com\/ru\/cour-dappel-le-16-mai-2025-n24-00944\/#primaryimage"},"image":{"@id":"https:\/\/kohenavocats.com\/ru\/cour-dappel-le-16-mai-2025-n24-00944\/#primaryimage"},"thumbnailUrl":"https:\/\/kohenavocats.com\/wp-content\/uploads\/2024\/08\/adam-ling-qmEbuqzB6L0-unsplash.webp","datePublished":"2026-04-23T02:18:01+00:00","description":"La cour d'appel, statuant en dernier ressort, a rendu un arr\u00eat r\u00e9put\u00e9 contradictoire le 16 mai 2025. Elle se pronon\u00e7ait sur l'appel form\u00e9 contre une ordonnan...","breadcrumb":{"@id":"https:\/\/kohenavocats.com\/ru\/cour-dappel-le-16-mai-2025-n24-00944\/#breadcrumb"},"inLanguage":"ru-RU","potentialAction":[{"@type":"ReadAction","target":["https:\/\/kohenavocats.com\/ru\/cour-dappel-le-16-mai-2025-n24-00944\/"]}]},{"@type":"ImageObject","inLanguage":"ru-RU","@id":"https:\/\/kohenavocats.com\/ru\/cour-dappel-le-16-mai-2025-n24-00944\/#primaryimage","url":"https:\/\/kohenavocats.com\/wp-content\/uploads\/2024\/08\/adam-ling-qmEbuqzB6L0-unsplash.webp","contentUrl":"https:\/\/kohenavocats.com\/wp-content\/uploads\/2024\/08\/adam-ling-qmEbuqzB6L0-unsplash.webp","width":6000,"height":4000},{"@type":"BreadcrumbList","@id":"https:\/\/kohenavocats.com\/ru\/cour-dappel-le-16-mai-2025-n24-00944\/#breadcrumb","itemListElement":[{"@type":"ListItem","position":1,"name":"Home","item":"https:\/\/kohenavocats.com\/ru\/avocats-en-droit-penal-a-paris-conseil-et-defense-strategique\/"},{"@type":"ListItem","position":2,"name":"Cour d&rsquo;appel, le 16 mai 2025, n\u00b024\/00944"}]},{"@type":"WebSite","@id":"https:\/\/kohenavocats.com\/ru\/#website","url":"https:\/\/kohenavocats.com\/ru\/","name":"Kohen Avocats","description":"Ma\u00eetre Hassan Kohen, avocat p\u00e9naliste \u00e0 Paris, intervient exclusivement en droit p\u00e9nal pour la d\u00e9fense des particuliers, notamment en mati\u00e8re d\u2019accusations de viol. Il assure un accompagnement rigoureux d\u00e8s la garde \u00e0 vue jusqu\u2019\u00e0 la Cour d\u2019assises, veillant au strict respect des garanties proc\u00e9durales.","publisher":{"@id":"https:\/\/kohenavocats.com\/ru\/#organization"},"potentialAction":[{"@type":"SearchAction","target":{"@type":"EntryPoint","urlTemplate":"https:\/\/kohenavocats.com\/ru\/?s={search_term_string}"},"query-input":{"@type":"PropertyValueSpecification","valueRequired":true,"valueName":"search_term_string"}}],"inLanguage":"ru-RU"},{"@type":"Organization","@id":"https:\/\/kohenavocats.com\/ru\/#organization","name":"Kohen Avocats","url":"https:\/\/kohenavocats.com\/ru\/","logo":{"@type":"ImageObject","inLanguage":"ru-RU","@id":"https:\/\/kohenavocats.com\/ru\/#\/schema\/logo\/image\/","url":"https:\/\/kohenavocats.com\/wp-content\/uploads\/2026\/01\/Logo-2-1.webp","contentUrl":"https:\/\/kohenavocats.com\/wp-content\/uploads\/2026\/01\/Logo-2-1.webp","width":2114,"height":1253,"caption":"Kohen Avocats"},"image":{"@id":"https:\/\/kohenavocats.com\/ru\/#\/schema\/logo\/image\/"}},{"@type":"Person","@id":"https:\/\/kohenavocats.com\/ru\/#\/schema\/person\/761c9ba54fa1ca84d405cef0831ff751","name":"Kohen","image":{"@type":"ImageObject","inLanguage":"ru-RU","@id":"https:\/\/secure.gravatar.com\/avatar\/1c5e76ef76bbbfdd2b4da984e2bf2fa4056fd51a27d25ce2c332047f1dfd6e00?s=96&d=identicon&r=g","url":"https:\/\/secure.gravatar.com\/avatar\/1c5e76ef76bbbfdd2b4da984e2bf2fa4056fd51a27d25ce2c332047f1dfd6e00?s=96&d=identicon&r=g","contentUrl":"https:\/\/secure.gravatar.com\/avatar\/1c5e76ef76bbbfdd2b4da984e2bf2fa4056fd51a27d25ce2c332047f1dfd6e00?s=96&d=identicon&r=g","caption":"Kohen"},"sameAs":["https:\/\/www.linkedin.com\/in\/hassan-kohen-448548192\/","https:\/\/www.youtube.com\/@Kohen-Avocats"],"url":"https:\/\/kohenavocats.com\/ru\/author\/kohenmlk\/"}]}},"jetpack_featured_media_url":"https:\/\/kohenavocats.com\/wp-content\/uploads\/2024\/08\/adam-ling-qmEbuqzB6L0-unsplash.webp","jetpack_likes_enabled":false,"jetpack_shortlink":"https:\/\/wp.me\/peCrII-2Ko6","jetpack-related-posts":[{"id":654817,"url":"https:\/\/kohenavocats.com\/ru\/cour-dappel-de-bordeaux-le-16-mai-2025-n24-00915\/","url_meta":{"origin":654974,"position":0},"title":"Cour d&#8217;appel de Bordeaux, le 16 mai 2025, n\u00b024\/00915","author":"Kohen","date":"23.04.2026","format":false,"excerpt":"La cour d'appel de Bordeaux, statuant le 16 mai 2025, examine un litige n\u00e9 dans le cadre d'une proc\u00e9dure collective. Le juge commissaire avait admis une cr\u00e9a...","rel":"","context":"\u0412 &quot;Jurisprudence&quot;","block_context":{"text":"Jurisprudence","link":"https:\/\/kohenavocats.com\/category\/jurisprudence\/"},"img":{"alt_text":"","src":"https:\/\/i0.wp.com\/kohenavocats.com\/wp-content\/uploads\/2024\/07\/louis-velazquez-XWW746i6WoM-unsplash.webp?resize=350%2C200&ssl=1","width":350,"height":200,"srcset":"https:\/\/i0.wp.com\/kohenavocats.com\/wp-content\/uploads\/2024\/07\/louis-velazquez-XWW746i6WoM-unsplash.webp?resize=350%2C200&ssl=1 1x, https:\/\/i0.wp.com\/kohenavocats.com\/wp-content\/uploads\/2024\/07\/louis-velazquez-XWW746i6WoM-unsplash.webp?resize=525%2C300&ssl=1 1.5x, https:\/\/i0.wp.com\/kohenavocats.com\/wp-content\/uploads\/2024\/07\/louis-velazquez-XWW746i6WoM-unsplash.webp?resize=700%2C400&ssl=1 2x, https:\/\/i0.wp.com\/kohenavocats.com\/wp-content\/uploads\/2024\/07\/louis-velazquez-XWW746i6WoM-unsplash.webp?resize=1050%2C600&ssl=1 3x, https:\/\/i0.wp.com\/kohenavocats.com\/wp-content\/uploads\/2024\/07\/louis-velazquez-XWW746i6WoM-unsplash.webp?resize=1400%2C800&ssl=1 4x"},"classes":[]},{"id":654722,"url":"https:\/\/kohenavocats.com\/ru\/cour-dappel-de-bordeaux-le-16-mai-2025-n24-00927\/","url_meta":{"origin":654974,"position":1},"title":"Cour d&#8217;appel de Bordeaux, le 16 mai 2025, n\u00b024\/00927","author":"Kohen","date":"23.04.2026","format":false,"excerpt":"La cour d'appel de Bordeaux, statuant le 16 mai 2025, se prononce sur un litige n\u00e9 dans le cadre d'une proc\u00e9dure collective. Le juge commissaire avait admis ...","rel":"","context":"\u0412 &quot;Jurisprudence&quot;","block_context":{"text":"Jurisprudence","link":"https:\/\/kohenavocats.com\/category\/jurisprudence\/"},"img":{"alt_text":"","src":"https:\/\/i0.wp.com\/kohenavocats.com\/wp-content\/uploads\/2024\/11\/allison-saeng-ynhGXZEH5gQ-unsplash.webp?resize=350%2C200&ssl=1","width":350,"height":200,"srcset":"https:\/\/i0.wp.com\/kohenavocats.com\/wp-content\/uploads\/2024\/11\/allison-saeng-ynhGXZEH5gQ-unsplash.webp?resize=350%2C200&ssl=1 1x, https:\/\/i0.wp.com\/kohenavocats.com\/wp-content\/uploads\/2024\/11\/allison-saeng-ynhGXZEH5gQ-unsplash.webp?resize=525%2C300&ssl=1 1.5x, https:\/\/i0.wp.com\/kohenavocats.com\/wp-content\/uploads\/2024\/11\/allison-saeng-ynhGXZEH5gQ-unsplash.webp?resize=700%2C400&ssl=1 2x, https:\/\/i0.wp.com\/kohenavocats.com\/wp-content\/uploads\/2024\/11\/allison-saeng-ynhGXZEH5gQ-unsplash.webp?resize=1050%2C600&ssl=1 3x, https:\/\/i0.wp.com\/kohenavocats.com\/wp-content\/uploads\/2024\/11\/allison-saeng-ynhGXZEH5gQ-unsplash.webp?resize=1400%2C800&ssl=1 4x"},"classes":[]},{"id":654917,"url":"https:\/\/kohenavocats.com\/ru\/cour-dappel-de-agen-le-16-mai-2025-n24-00908\/","url_meta":{"origin":654974,"position":2},"title":"Cour d&#8217;appel de Agen, le 16 mai 2025, n\u00b024\/00908","author":"Kohen","date":"23.04.2026","format":false,"excerpt":"La Cour d'appel d'Agen, statuant le 16 mai 2025, examine un litige n\u00e9 dans le cadre d'une proc\u00e9dure collective. Un \u00e9tablissement de cr\u00e9dit avait sollicit\u00e9 l'...","rel":"","context":"\u0412 &quot;Jurisprudence&quot;","block_context":{"text":"Jurisprudence","link":"https:\/\/kohenavocats.com\/category\/jurisprudence\/"},"img":{"alt_text":"","src":"https:\/\/i0.wp.com\/kohenavocats.com\/wp-content\/uploads\/2024\/11\/getty-images-btf-2n_Kcgw-unsplash.webp?resize=350%2C200&ssl=1","width":350,"height":200,"srcset":"https:\/\/i0.wp.com\/kohenavocats.com\/wp-content\/uploads\/2024\/11\/getty-images-btf-2n_Kcgw-unsplash.webp?resize=350%2C200&ssl=1 1x, https:\/\/i0.wp.com\/kohenavocats.com\/wp-content\/uploads\/2024\/11\/getty-images-btf-2n_Kcgw-unsplash.webp?resize=525%2C300&ssl=1 1.5x, https:\/\/i0.wp.com\/kohenavocats.com\/wp-content\/uploads\/2024\/11\/getty-images-btf-2n_Kcgw-unsplash.webp?resize=700%2C400&ssl=1 2x, https:\/\/i0.wp.com\/kohenavocats.com\/wp-content\/uploads\/2024\/11\/getty-images-btf-2n_Kcgw-unsplash.webp?resize=1050%2C600&ssl=1 3x, https:\/\/i0.wp.com\/kohenavocats.com\/wp-content\/uploads\/2024\/11\/getty-images-btf-2n_Kcgw-unsplash.webp?resize=1400%2C800&ssl=1 4x"},"classes":[]},{"id":654715,"url":"https:\/\/kohenavocats.com\/ru\/cour-dappel-de-agen-le-16-mai-2025-n24-00911\/","url_meta":{"origin":654974,"position":3},"title":"Cour d&#8217;appel de Agen, le 16 mai 2025, n\u00b024\/00911","author":"Kohen","date":"23.04.2026","format":false,"excerpt":"La cour d'appel d'Agen, statuant le 16 mai 2025, examine un litige n\u00e9 d'une proc\u00e9dure collective. Le mandataire judiciaire avait sollicit\u00e9 l'admission d'une ...","rel":"","context":"\u0412 &quot;Jurisprudence&quot;","block_context":{"text":"Jurisprudence","link":"https:\/\/kohenavocats.com\/category\/jurisprudence\/"},"img":{"alt_text":"","src":"https:\/\/i0.wp.com\/kohenavocats.com\/wp-content\/uploads\/2024\/11\/lala-azizli-IdY1J7h1vwQ-unsplash.webp?resize=350%2C200&ssl=1","width":350,"height":200,"srcset":"https:\/\/i0.wp.com\/kohenavocats.com\/wp-content\/uploads\/2024\/11\/lala-azizli-IdY1J7h1vwQ-unsplash.webp?resize=350%2C200&ssl=1 1x, https:\/\/i0.wp.com\/kohenavocats.com\/wp-content\/uploads\/2024\/11\/lala-azizli-IdY1J7h1vwQ-unsplash.webp?resize=525%2C300&ssl=1 1.5x, https:\/\/i0.wp.com\/kohenavocats.com\/wp-content\/uploads\/2024\/11\/lala-azizli-IdY1J7h1vwQ-unsplash.webp?resize=700%2C400&ssl=1 2x, https:\/\/i0.wp.com\/kohenavocats.com\/wp-content\/uploads\/2024\/11\/lala-azizli-IdY1J7h1vwQ-unsplash.webp?resize=1050%2C600&ssl=1 3x, https:\/\/i0.wp.com\/kohenavocats.com\/wp-content\/uploads\/2024\/11\/lala-azizli-IdY1J7h1vwQ-unsplash.webp?resize=1400%2C800&ssl=1 4x"},"classes":[]},{"id":654921,"url":"https:\/\/kohenavocats.com\/ru\/cour-dappel-de-bordeaux-le-13-mai-2025-n24-00917\/","url_meta":{"origin":654974,"position":4},"title":"Cour d&#8217;appel de Bordeaux, le 13 mai 2025, n\u00b024\/00917","author":"Kohen","date":"23.04.2026","format":false,"excerpt":"La cour d'appel de Bordeaux, statuant le 13 mai 2025, examine un litige n\u00e9 en proc\u00e9dure collective. Un \u00e9tablissement de cr\u00e9dit avait sollicit\u00e9 l'admission de...","rel":"","context":"\u0412 &quot;Jurisprudence&quot;","block_context":{"text":"Jurisprudence","link":"https:\/\/kohenavocats.com\/category\/jurisprudence\/"},"img":{"alt_text":"","src":"https:\/\/i0.wp.com\/kohenavocats.com\/wp-content\/uploads\/2024\/08\/chris-linnett-aoJDcEy2tBo-unsplash.webp?resize=350%2C200&ssl=1","width":350,"height":200,"srcset":"https:\/\/i0.wp.com\/kohenavocats.com\/wp-content\/uploads\/2024\/08\/chris-linnett-aoJDcEy2tBo-unsplash.webp?resize=350%2C200&ssl=1 1x, https:\/\/i0.wp.com\/kohenavocats.com\/wp-content\/uploads\/2024\/08\/chris-linnett-aoJDcEy2tBo-unsplash.webp?resize=525%2C300&ssl=1 1.5x, https:\/\/i0.wp.com\/kohenavocats.com\/wp-content\/uploads\/2024\/08\/chris-linnett-aoJDcEy2tBo-unsplash.webp?resize=700%2C400&ssl=1 2x, https:\/\/i0.wp.com\/kohenavocats.com\/wp-content\/uploads\/2024\/08\/chris-linnett-aoJDcEy2tBo-unsplash.webp?resize=1050%2C600&ssl=1 3x, https:\/\/i0.wp.com\/kohenavocats.com\/wp-content\/uploads\/2024\/08\/chris-linnett-aoJDcEy2tBo-unsplash.webp?resize=1400%2C800&ssl=1 4x"},"classes":[]},{"id":654838,"url":"https:\/\/kohenavocats.com\/ru\/cour-dappel-le-7-mai-2025-n24-00940\/","url_meta":{"origin":654974,"position":5},"title":"Cour d&#8217;appel, le 7 mai 2025, n\u00b024\/00940","author":"Kohen","date":"23.04.2026","format":false,"excerpt":"La cour d'appel, statuant en mati\u00e8re commerciale, a rendu un arr\u00eat le 7 mai 2025. Cette d\u00e9cision intervient dans le cadre d'une proc\u00e9dure de redressement jud...","rel":"","context":"\u0412 &quot;Jurisprudence&quot;","block_context":{"text":"Jurisprudence","link":"https:\/\/kohenavocats.com\/category\/jurisprudence\/"},"img":{"alt_text":"","src":"https:\/\/i0.wp.com\/kohenavocats.com\/wp-content\/uploads\/2024\/11\/kateryna-hliznitsova-cSf0iO7Txkw-unsplash.webp?resize=350%2C200&ssl=1","width":350,"height":200,"srcset":"https:\/\/i0.wp.com\/kohenavocats.com\/wp-content\/uploads\/2024\/11\/kateryna-hliznitsova-cSf0iO7Txkw-unsplash.webp?resize=350%2C200&ssl=1 1x, https:\/\/i0.wp.com\/kohenavocats.com\/wp-content\/uploads\/2024\/11\/kateryna-hliznitsova-cSf0iO7Txkw-unsplash.webp?resize=525%2C300&ssl=1 1.5x, https:\/\/i0.wp.com\/kohenavocats.com\/wp-content\/uploads\/2024\/11\/kateryna-hliznitsova-cSf0iO7Txkw-unsplash.webp?resize=700%2C400&ssl=1 2x, https:\/\/i0.wp.com\/kohenavocats.com\/wp-content\/uploads\/2024\/11\/kateryna-hliznitsova-cSf0iO7Txkw-unsplash.webp?resize=1050%2C600&ssl=1 3x, https:\/\/i0.wp.com\/kohenavocats.com\/wp-content\/uploads\/2024\/11\/kateryna-hliznitsova-cSf0iO7Txkw-unsplash.webp?resize=1400%2C800&ssl=1 4x"},"classes":[]}],"jetpack_sharing_enabled":true,"_links":{"self":[{"href":"https:\/\/kohenavocats.com\/ru\/wp-json\/wp\/v2\/posts\/654974","targetHints":{"allow":["GET"]}}],"collection":[{"href":"https:\/\/kohenavocats.com\/ru\/wp-json\/wp\/v2\/posts"}],"about":[{"href":"https:\/\/kohenavocats.com\/ru\/wp-json\/wp\/v2\/types\/post"}],"author":[{"embeddable":true,"href":"https:\/\/kohenavocats.com\/ru\/wp-json\/wp\/v2\/users\/232070755"}],"replies":[{"embeddable":true,"href":"https:\/\/kohenavocats.com\/ru\/wp-json\/wp\/v2\/comments?post=654974"}],"version-history":[{"count":0,"href":"https:\/\/kohenavocats.com\/ru\/wp-json\/wp\/v2\/posts\/654974\/revisions"}],"wp:featuredmedia":[{"embeddable":true,"href":"https:\/\/kohenavocats.com\/ru\/wp-json\/wp\/v2\/media\/4740"}],"wp:attachment":[{"href":"https:\/\/kohenavocats.com\/ru\/wp-json\/wp\/v2\/media?parent=654974"}],"wp:term":[{"taxonomy":"category","embeddable":true,"href":"https:\/\/kohenavocats.com\/ru\/wp-json\/wp\/v2\/categories?post=654974"},{"taxonomy":"post_tag","embeddable":true,"href":"https:\/\/kohenavocats.com\/ru\/wp-json\/wp\/v2\/tags?post=654974"}],"curies":[{"name":"wp","href":"https:\/\/api.w.org\/{rel}","templated":true}]}}