{"id":655763,"date":"2026-04-23T06:12:21","date_gmt":"2026-04-23T04:12:21","guid":{"rendered":"https:\/\/kohenavocats.com\/tribunal-judiciaire-de-saint-etienne-le-10-fevrier-2025-n23-00043\/"},"modified":"2026-04-23T06:12:21","modified_gmt":"2026-04-23T04:12:21","slug":"tribunal-judiciaire-de-saint-etienne-le-10-fevrier-2025-n23-00043","status":"publish","type":"post","link":"https:\/\/kohenavocats.com\/ru\/tribunal-judiciaire-de-saint-etienne-le-10-fevrier-2025-n23-00043\/","title":{"rendered":"Tribunal judiciaire de Saint-\u00c9tienne, le 10 f\u00e9vrier 2025, n\u00b023\/00043"},"content":{"rendered":"<div class=\"article-content\">\n<p>Le tribunal judiciaire de Saint-\u00c9tienne, statuant le 10 f\u00e9vrier 2025, a examin\u00e9 un litige relatif \u00e0 la date d\u2019entr\u00e9e en jouissance d\u2019une pension de r\u00e9version. Le conjoint survivant contestait la fixation de cette date au premier jour du mois suivant sa demande formelle. Les juges ont d\u00e9bout\u00e9 le demandeur, estimant que la caisse avait correctement appliqu\u00e9 la r\u00e9glementation en l\u2019absence d\u2019une demande r\u00e9guli\u00e8re ant\u00e9rieure. La d\u00e9cision pr\u00e9cise les conditions d\u2019ouverture du droit et les limites de l\u2019obligation d\u2019information des organismes sociaux.<\/p>\n<p>L\u2019exigence d\u2019une demande formelle pour la liquidation des droits<\/p>\n<p>La recevabilit\u00e9 de la demande est soumise \u00e0 des conditions imp\u00e9ratives. Le tribunal rappelle que l\u2019attribution d\u2019une pension n\u2019est pas automatique puisqu\u2019elle est soumise \u00e0 certaines conditions. La jurisprudence confirme cette exigence d\u2019une d\u00e9marche claire et expresse de la part de l\u2019assur\u00e9. La circulaire administrative subordonne la recevabilit\u00e9 \u00e0 la transmission d\u2019un imprim\u00e9 r\u00e9glementaire d\u00fbment rempli. En l\u2019esp\u00e8ce, le demandeur ne d\u00e9montre pas avoir r\u00e9gularis\u00e9 une demande ant\u00e9rieurement \u00e0 la date de r\u00e9ception du formulaire. Cette solution affirme le caract\u00e8re d\u00e9claratif du droit \u00e0 pension. Elle souligne la charge probatoire incombant au demandeur pour \u00e9tablir la date de sa premi\u00e8re requ\u00eate.<\/p>\n<p>La date d\u2019entr\u00e9e en jouissance est strictement encadr\u00e9e par la loi. L\u2019article R 353-7 dispose que la date ne peut pas \u00eatre ant\u00e9rieure au d\u00e9p\u00f4t de la demande. Le tribunal applique ce principe en fixant la jouissance au premier jour du mois suivant la r\u00e9ception de la demande. Cette solution est conforme \u00e0 la jurisprudence existante sur le point de droit identique. &#171;A d\u00e9faut d&#8217;exercice de ce droit, la date d&#8217;entr\u00e9e en jouissance est fix\u00e9e au premier jour du mois suivant la date de r\u00e9ception de la demande&#187; (Tribunal judiciaire, le 30 janvier 2025, n\u00b023\/00570). La port\u00e9e de l\u2019arr\u00eat est de rappeler la rigueur des d\u00e9lais l\u00e9gaux. Elle \u00e9carte toute ant\u00e9riorit\u00e9 fond\u00e9e sur une simple information de la caisse du d\u00e9c\u00e8s.<\/p>\n<p>Les limites de l\u2019obligation d\u2019information de la caisse<\/p>\n<p>L\u2019organisme social n\u2019a pas d\u2019obligation g\u00e9n\u00e9rale de conseil. Le tribunal fonde sa d\u00e9cision sur l\u2019article L262-1 du code de la s\u00e9curit\u00e9 sociale. L\u2019obligation d\u2019information g\u00e9n\u00e9rale n\u2019impose nullement \u00e0 la caisse de prendre l\u2019initiative de les renseigner. Cette analyse restreint le devoir de l\u2019administration \u00e0 une action sanitaire et sociale globale. Elle prot\u00e8ge les organismes de s\u00e9curit\u00e9 sociale contre des requ\u00eates fond\u00e9es sur un simple d\u00e9faut de proposition. La valeur de cette interpr\u00e9tation est de clarifier le p\u00e9rim\u00e8tre de la responsabilit\u00e9 des caisses. Elle \u00e9vite de transformer une mission d\u2019information g\u00e9n\u00e9rale en une obligation de conseil personnalis\u00e9.<\/p>\n<p>La responsabilit\u00e9 de la caisse n\u2019est engag\u00e9e qu\u2019en cas de faute caract\u00e9ris\u00e9e. Le tribunal rappelle le fondement de l\u2019article 1240 du code civil. Le demandeur ne rapporte pas la preuve de la r\u00e9ception par la CARSAT d\u2019une quelconque demande d\u2019information. En l\u2019absence de sollicitation pr\u00e9cise, aucune faute ne peut \u00eatre retenue contre l\u2019organisme payeur. Cette solution est conforme aux principes g\u00e9n\u00e9raux de la responsabilit\u00e9 civile. Elle place la charge de la preuve d\u2019une d\u00e9marche active sur le demandeur. La port\u00e9e de l\u2019arr\u00eat est de circonscrire strictement les cas de mise en cause de la responsabilit\u00e9 des caisses. Elle conditionne l\u2019indemnisation \u00e0 la d\u00e9monstration d\u2019une faute li\u00e9e \u00e0 une demande sp\u00e9cifique non trait\u00e9e.<\/p>\n<\/div>\n","protected":false},"excerpt":{"rendered":"<p>Le tribunal judiciaire de Saint-\u00c9tienne, statuant le 10 f\u00e9vrier 2025, a examin\u00e9 un litige relatif \u00e0 la date d\u2019entr\u00e9e en jouissance d\u2019une pension de r\u00e9version&#8230;<\/p>\n","protected":false},"author":232070755,"featured_media":9593,"comment_status":"open","ping_status":"open","sticky":false,"template":"","format":"standard","meta":{"_crdt_document":"","_jetpack_newsletter_access":"","_jetpack_dont_email_post_to_subs":false,"_jetpack_newsletter_tier_id":0,"_jetpack_memberships_contains_paywalled_content":false,"_kj_source_type":"judilibre","_kj_official_id":"68deda396af9fd1f8096313a","_kj_official_url":"https:\/\/www.courdecassation.fr\/decision\/68deda396af9fd1f8096313a","_kj_judilibre_id":"68deda396af9fd1f8096313a","_kj_jur":"Tribunal judiciaire","_kj_lieu":"Tribunal judiciaire de Saint-Etienne","_kj_chambre":"CTX PROTECTION SOCIALE","_kj_rg":"23\/00043","_kj_date":"2025-09-30","_jetpack_memberships_contains_paid_content":false,"footnotes":"","jetpack_post_was_ever_published":false},"categories":[7597],"tags":[],"class_list":["post-655763","post","type-post","status-publish","format-standard","has-post-thumbnail","hentry","category-jurisprudence"],"yoast_head":"<!-- This site is optimized with the Yoast SEO Premium plugin v27.5 (Yoast SEO v27.5) - https:\/\/yoast.com\/product\/yoast-seo-premium-wordpress\/ -->\n<title>Tribunal judiciaire de Saint-\u00c9tienne, le 10 f\u00e9vrier 2025, n\u00b023\/00043 - Ma\u00eetre Hassan Kohen, avocat en droit p\u00e9nal \u00e0 Paris<\/title>\n<meta name=\"description\" content=\"Le tribunal judiciaire de Saint-\u00c9tienne, statuant le 10 f\u00e9vrier 2025, a examin\u00e9 un litige relatif \u00e0 la date d\u2019entr\u00e9e en jouissance d\u2019une pension de r\u00e9version...\" \/>\n<meta name=\"robots\" content=\"index, follow, max-snippet:-1, max-image-preview:large, max-video-preview:-1\" \/>\n<link rel=\"canonical\" href=\"https:\/\/kohenavocats.com\/ru\/tribunal-judiciaire-de-saint-etienne-le-10-fevrier-2025-n23-00043\/\" \/>\n<meta property=\"og:locale\" content=\"ru_RU\" \/>\n<meta property=\"og:type\" content=\"article\" \/>\n<meta property=\"og:title\" content=\"Tribunal judiciaire de Saint-\u00c9tienne, le 10 f\u00e9vrier 2025, n\u00b023\/00043\" \/>\n<meta property=\"og:description\" content=\"Le tribunal judiciaire de Saint-\u00c9tienne, statuant le 10 f\u00e9vrier 2025, a examin\u00e9 un litige relatif \u00e0 la date d\u2019entr\u00e9e en jouissance d\u2019une pension de r\u00e9version...\" \/>\n<meta property=\"og:url\" content=\"https:\/\/kohenavocats.com\/ru\/tribunal-judiciaire-de-saint-etienne-le-10-fevrier-2025-n23-00043\/\" \/>\n<meta property=\"og:site_name\" content=\"Ma\u00eetre Hassan Kohen, avocat en droit p\u00e9nal \u00e0 Paris\" \/>\n<meta property=\"article:published_time\" content=\"2026-04-23T04:12:21+00:00\" \/>\n<meta property=\"og:image\" content=\"https:\/\/kohenavocats.com\/wp-content\/uploads\/2024\/11\/planet-volumes-YGEIDE-iUi8-unsplash.webp\" \/>\n\t<meta property=\"og:image:width\" content=\"2500\" \/>\n\t<meta property=\"og:image:height\" content=\"3500\" \/>\n\t<meta property=\"og:image:type\" content=\"image\/webp\" \/>\n<meta name=\"author\" content=\"Kohen\" \/>\n<meta name=\"twitter:card\" content=\"summary_large_image\" \/>\n<meta name=\"twitter:label1\" content=\"\u041d\u0430\u043f\u0438\u0441\u0430\u043d\u043e \u0430\u0432\u0442\u043e\u0440\u043e\u043c\" \/>\n\t<meta name=\"twitter:data1\" content=\"Kohen\" \/>\n\t<meta name=\"twitter:label2\" content=\"\u041f\u0440\u0438\u043c\u0435\u0440\u043d\u043e\u0435 \u0432\u0440\u0435\u043c\u044f \u0434\u043b\u044f \u0447\u0442\u0435\u043d\u0438\u044f\" \/>\n\t<meta name=\"twitter:data2\" content=\"3 \u043c\u0438\u043d\u0443\u0442\u044b\" \/>\n<script type=\"application\/ld+json\" class=\"yoast-schema-graph\">{\"@context\":\"https:\\\/\\\/schema.org\",\"@graph\":[{\"@type\":\"Article\",\"@id\":\"https:\\\/\\\/kohenavocats.com\\\/ru\\\/tribunal-judiciaire-de-saint-etienne-le-10-fevrier-2025-n23-00043\\\/#article\",\"isPartOf\":{\"@id\":\"https:\\\/\\\/kohenavocats.com\\\/ru\\\/tribunal-judiciaire-de-saint-etienne-le-10-fevrier-2025-n23-00043\\\/\"},\"author\":{\"name\":\"Kohen\",\"@id\":\"https:\\\/\\\/kohenavocats.com\\\/ru\\\/#\\\/schema\\\/person\\\/761c9ba54fa1ca84d405cef0831ff751\"},\"headline\":\"Tribunal judiciaire de Saint-\u00c9tienne, le 10 f\u00e9vrier 2025, n\u00b023\\\/00043\",\"datePublished\":\"2026-04-23T04:12:21+00:00\",\"mainEntityOfPage\":{\"@id\":\"https:\\\/\\\/kohenavocats.com\\\/ru\\\/tribunal-judiciaire-de-saint-etienne-le-10-fevrier-2025-n23-00043\\\/\"},\"wordCount\":639,\"commentCount\":0,\"publisher\":{\"@id\":\"https:\\\/\\\/kohenavocats.com\\\/ru\\\/#organization\"},\"image\":{\"@id\":\"https:\\\/\\\/kohenavocats.com\\\/ru\\\/tribunal-judiciaire-de-saint-etienne-le-10-fevrier-2025-n23-00043\\\/#primaryimage\"},\"thumbnailUrl\":\"https:\\\/\\\/kohenavocats.com\\\/wp-content\\\/uploads\\\/2024\\\/11\\\/planet-volumes-YGEIDE-iUi8-unsplash.webp\",\"articleSection\":[\"Jurisprudence\"],\"inLanguage\":\"ru-RU\",\"potentialAction\":[{\"@type\":\"CommentAction\",\"name\":\"Comment\",\"target\":[\"https:\\\/\\\/kohenavocats.com\\\/ru\\\/tribunal-judiciaire-de-saint-etienne-le-10-fevrier-2025-n23-00043\\\/#respond\"]}],\"citation\":\"Tribunal judiciaire de Saint-\u00c9tienne, le 10 f\u00e9vrier 2025, n\u00b023\\\/00043\",\"about\":[{\"@type\":\"Thing\",\"name\":\"Jurisprudence\"}],\"dateModified\":\"2026-04-23T04:12:21+00:00\",\"speakable\":{\"@type\":\"SpeakableSpecification\",\"cssSelector\":[\".article-content > p:first-of-type\"]}},{\"@type\":\"WebPage\",\"@id\":\"https:\\\/\\\/kohenavocats.com\\\/ru\\\/tribunal-judiciaire-de-saint-etienne-le-10-fevrier-2025-n23-00043\\\/\",\"url\":\"https:\\\/\\\/kohenavocats.com\\\/ru\\\/tribunal-judiciaire-de-saint-etienne-le-10-fevrier-2025-n23-00043\\\/\",\"name\":\"Tribunal judiciaire de Saint-\u00c9tienne, le 10 f\u00e9vrier 2025, n\u00b023\\\/00043 - Ma\u00eetre Hassan Kohen, avocat en droit p\u00e9nal \u00e0 Paris\",\"isPartOf\":{\"@id\":\"https:\\\/\\\/kohenavocats.com\\\/ru\\\/#website\"},\"primaryImageOfPage\":{\"@id\":\"https:\\\/\\\/kohenavocats.com\\\/ru\\\/tribunal-judiciaire-de-saint-etienne-le-10-fevrier-2025-n23-00043\\\/#primaryimage\"},\"image\":{\"@id\":\"https:\\\/\\\/kohenavocats.com\\\/ru\\\/tribunal-judiciaire-de-saint-etienne-le-10-fevrier-2025-n23-00043\\\/#primaryimage\"},\"thumbnailUrl\":\"https:\\\/\\\/kohenavocats.com\\\/wp-content\\\/uploads\\\/2024\\\/11\\\/planet-volumes-YGEIDE-iUi8-unsplash.webp\",\"datePublished\":\"2026-04-23T04:12:21+00:00\",\"description\":\"Le tribunal judiciaire de Saint-\u00c9tienne, statuant le 10 f\u00e9vrier 2025, a examin\u00e9 un litige relatif \u00e0 la date d\u2019entr\u00e9e en jouissance d\u2019une pension de r\u00e9version...\",\"breadcrumb\":{\"@id\":\"https:\\\/\\\/kohenavocats.com\\\/ru\\\/tribunal-judiciaire-de-saint-etienne-le-10-fevrier-2025-n23-00043\\\/#breadcrumb\"},\"inLanguage\":\"ru-RU\",\"potentialAction\":[{\"@type\":\"ReadAction\",\"target\":[\"https:\\\/\\\/kohenavocats.com\\\/ru\\\/tribunal-judiciaire-de-saint-etienne-le-10-fevrier-2025-n23-00043\\\/\"]}]},{\"@type\":\"ImageObject\",\"inLanguage\":\"ru-RU\",\"@id\":\"https:\\\/\\\/kohenavocats.com\\\/ru\\\/tribunal-judiciaire-de-saint-etienne-le-10-fevrier-2025-n23-00043\\\/#primaryimage\",\"url\":\"https:\\\/\\\/kohenavocats.com\\\/wp-content\\\/uploads\\\/2024\\\/11\\\/planet-volumes-YGEIDE-iUi8-unsplash.webp\",\"contentUrl\":\"https:\\\/\\\/kohenavocats.com\\\/wp-content\\\/uploads\\\/2024\\\/11\\\/planet-volumes-YGEIDE-iUi8-unsplash.webp\",\"width\":2500,\"height\":3500},{\"@type\":\"BreadcrumbList\",\"@id\":\"https:\\\/\\\/kohenavocats.com\\\/ru\\\/tribunal-judiciaire-de-saint-etienne-le-10-fevrier-2025-n23-00043\\\/#breadcrumb\",\"itemListElement\":[{\"@type\":\"ListItem\",\"position\":1,\"name\":\"Home\",\"item\":\"https:\\\/\\\/kohenavocats.com\\\/ru\\\/avocats-en-droit-penal-a-paris-conseil-et-defense-strategique\\\/\"},{\"@type\":\"ListItem\",\"position\":2,\"name\":\"Tribunal judiciaire de Saint-\u00c9tienne, le 10 f\u00e9vrier 2025, n\u00b023\\\/00043\"}]},{\"@type\":\"WebSite\",\"@id\":\"https:\\\/\\\/kohenavocats.com\\\/ru\\\/#website\",\"url\":\"https:\\\/\\\/kohenavocats.com\\\/ru\\\/\",\"name\":\"Kohen Avocats\",\"description\":\"Ma\u00eetre Hassan Kohen, avocat p\u00e9naliste \u00e0 Paris, intervient exclusivement en droit p\u00e9nal pour la d\u00e9fense des particuliers, notamment en mati\u00e8re d\u2019accusations de viol. Il assure un accompagnement rigoureux d\u00e8s la garde \u00e0 vue jusqu\u2019\u00e0 la Cour d\u2019assises, veillant au strict respect des garanties proc\u00e9durales.\",\"publisher\":{\"@id\":\"https:\\\/\\\/kohenavocats.com\\\/ru\\\/#organization\"},\"potentialAction\":[{\"@type\":\"SearchAction\",\"target\":{\"@type\":\"EntryPoint\",\"urlTemplate\":\"https:\\\/\\\/kohenavocats.com\\\/ru\\\/?s={search_term_string}\"},\"query-input\":{\"@type\":\"PropertyValueSpecification\",\"valueRequired\":true,\"valueName\":\"search_term_string\"}}],\"inLanguage\":\"ru-RU\"},{\"@type\":\"Organization\",\"@id\":\"https:\\\/\\\/kohenavocats.com\\\/ru\\\/#organization\",\"name\":\"Kohen Avocats\",\"url\":\"https:\\\/\\\/kohenavocats.com\\\/ru\\\/\",\"logo\":{\"@type\":\"ImageObject\",\"inLanguage\":\"ru-RU\",\"@id\":\"https:\\\/\\\/kohenavocats.com\\\/ru\\\/#\\\/schema\\\/logo\\\/image\\\/\",\"url\":\"https:\\\/\\\/kohenavocats.com\\\/wp-content\\\/uploads\\\/2026\\\/01\\\/Logo-2-1.webp\",\"contentUrl\":\"https:\\\/\\\/kohenavocats.com\\\/wp-content\\\/uploads\\\/2026\\\/01\\\/Logo-2-1.webp\",\"width\":2114,\"height\":1253,\"caption\":\"Kohen Avocats\"},\"image\":{\"@id\":\"https:\\\/\\\/kohenavocats.com\\\/ru\\\/#\\\/schema\\\/logo\\\/image\\\/\"}},{\"@type\":\"Person\",\"@id\":\"https:\\\/\\\/kohenavocats.com\\\/ru\\\/#\\\/schema\\\/person\\\/761c9ba54fa1ca84d405cef0831ff751\",\"name\":\"Kohen\",\"image\":{\"@type\":\"ImageObject\",\"inLanguage\":\"ru-RU\",\"@id\":\"https:\\\/\\\/secure.gravatar.com\\\/avatar\\\/1c5e76ef76bbbfdd2b4da984e2bf2fa4056fd51a27d25ce2c332047f1dfd6e00?s=96&d=identicon&r=g\",\"url\":\"https:\\\/\\\/secure.gravatar.com\\\/avatar\\\/1c5e76ef76bbbfdd2b4da984e2bf2fa4056fd51a27d25ce2c332047f1dfd6e00?s=96&d=identicon&r=g\",\"contentUrl\":\"https:\\\/\\\/secure.gravatar.com\\\/avatar\\\/1c5e76ef76bbbfdd2b4da984e2bf2fa4056fd51a27d25ce2c332047f1dfd6e00?s=96&d=identicon&r=g\",\"caption\":\"Kohen\"},\"sameAs\":[\"https:\\\/\\\/www.linkedin.com\\\/in\\\/hassan-kohen-448548192\\\/\",\"https:\\\/\\\/www.youtube.com\\\/@Kohen-Avocats\"],\"url\":\"https:\\\/\\\/kohenavocats.com\\\/ru\\\/author\\\/kohenmlk\\\/\"}]}<\/script>\n<!-- \/ Yoast SEO Premium plugin. -->","yoast_head_json":{"title":"Tribunal judiciaire de Saint-\u00c9tienne, le 10 f\u00e9vrier 2025, n\u00b023\/00043 - Ma\u00eetre Hassan Kohen, avocat en droit p\u00e9nal \u00e0 Paris","description":"Le tribunal judiciaire de Saint-\u00c9tienne, statuant le 10 f\u00e9vrier 2025, a examin\u00e9 un litige relatif \u00e0 la date d\u2019entr\u00e9e en jouissance d\u2019une pension de r\u00e9version...","robots":{"index":"index","follow":"follow","max-snippet":"max-snippet:-1","max-image-preview":"max-image-preview:large","max-video-preview":"max-video-preview:-1"},"canonical":"https:\/\/kohenavocats.com\/ru\/tribunal-judiciaire-de-saint-etienne-le-10-fevrier-2025-n23-00043\/","og_locale":"ru_RU","og_type":"article","og_title":"Tribunal judiciaire de Saint-\u00c9tienne, le 10 f\u00e9vrier 2025, n\u00b023\/00043","og_description":"Le tribunal judiciaire de Saint-\u00c9tienne, statuant le 10 f\u00e9vrier 2025, a examin\u00e9 un litige relatif \u00e0 la date d\u2019entr\u00e9e en jouissance d\u2019une pension de r\u00e9version...","og_url":"https:\/\/kohenavocats.com\/ru\/tribunal-judiciaire-de-saint-etienne-le-10-fevrier-2025-n23-00043\/","og_site_name":"Ma\u00eetre Hassan Kohen, avocat en droit p\u00e9nal \u00e0 Paris","article_published_time":"2026-04-23T04:12:21+00:00","og_image":[{"width":2500,"height":3500,"url":"https:\/\/kohenavocats.com\/wp-content\/uploads\/2024\/11\/planet-volumes-YGEIDE-iUi8-unsplash.webp","type":"image\/webp"}],"author":"Kohen","twitter_card":"summary_large_image","twitter_misc":{"\u041d\u0430\u043f\u0438\u0441\u0430\u043d\u043e \u0430\u0432\u0442\u043e\u0440\u043e\u043c":"Kohen","\u041f\u0440\u0438\u043c\u0435\u0440\u043d\u043e\u0435 \u0432\u0440\u0435\u043c\u044f \u0434\u043b\u044f \u0447\u0442\u0435\u043d\u0438\u044f":"3 \u043c\u0438\u043d\u0443\u0442\u044b"},"schema":{"@context":"https:\/\/schema.org","@graph":[{"@type":"Article","@id":"https:\/\/kohenavocats.com\/ru\/tribunal-judiciaire-de-saint-etienne-le-10-fevrier-2025-n23-00043\/#article","isPartOf":{"@id":"https:\/\/kohenavocats.com\/ru\/tribunal-judiciaire-de-saint-etienne-le-10-fevrier-2025-n23-00043\/"},"author":{"name":"Kohen","@id":"https:\/\/kohenavocats.com\/ru\/#\/schema\/person\/761c9ba54fa1ca84d405cef0831ff751"},"headline":"Tribunal judiciaire de Saint-\u00c9tienne, le 10 f\u00e9vrier 2025, n\u00b023\/00043","datePublished":"2026-04-23T04:12:21+00:00","mainEntityOfPage":{"@id":"https:\/\/kohenavocats.com\/ru\/tribunal-judiciaire-de-saint-etienne-le-10-fevrier-2025-n23-00043\/"},"wordCount":639,"commentCount":0,"publisher":{"@id":"https:\/\/kohenavocats.com\/ru\/#organization"},"image":{"@id":"https:\/\/kohenavocats.com\/ru\/tribunal-judiciaire-de-saint-etienne-le-10-fevrier-2025-n23-00043\/#primaryimage"},"thumbnailUrl":"https:\/\/kohenavocats.com\/wp-content\/uploads\/2024\/11\/planet-volumes-YGEIDE-iUi8-unsplash.webp","articleSection":["Jurisprudence"],"inLanguage":"ru-RU","potentialAction":[{"@type":"CommentAction","name":"Comment","target":["https:\/\/kohenavocats.com\/ru\/tribunal-judiciaire-de-saint-etienne-le-10-fevrier-2025-n23-00043\/#respond"]}],"citation":"Tribunal judiciaire de Saint-\u00c9tienne, le 10 f\u00e9vrier 2025, n\u00b023\/00043","about":[{"@type":"Thing","name":"Jurisprudence"}],"dateModified":"2026-04-23T04:12:21+00:00","speakable":{"@type":"SpeakableSpecification","cssSelector":[".article-content > p:first-of-type"]}},{"@type":"WebPage","@id":"https:\/\/kohenavocats.com\/ru\/tribunal-judiciaire-de-saint-etienne-le-10-fevrier-2025-n23-00043\/","url":"https:\/\/kohenavocats.com\/ru\/tribunal-judiciaire-de-saint-etienne-le-10-fevrier-2025-n23-00043\/","name":"Tribunal judiciaire de Saint-\u00c9tienne, le 10 f\u00e9vrier 2025, n\u00b023\/00043 - Ma\u00eetre Hassan Kohen, avocat en droit p\u00e9nal \u00e0 Paris","isPartOf":{"@id":"https:\/\/kohenavocats.com\/ru\/#website"},"primaryImageOfPage":{"@id":"https:\/\/kohenavocats.com\/ru\/tribunal-judiciaire-de-saint-etienne-le-10-fevrier-2025-n23-00043\/#primaryimage"},"image":{"@id":"https:\/\/kohenavocats.com\/ru\/tribunal-judiciaire-de-saint-etienne-le-10-fevrier-2025-n23-00043\/#primaryimage"},"thumbnailUrl":"https:\/\/kohenavocats.com\/wp-content\/uploads\/2024\/11\/planet-volumes-YGEIDE-iUi8-unsplash.webp","datePublished":"2026-04-23T04:12:21+00:00","description":"Le tribunal judiciaire de Saint-\u00c9tienne, statuant le 10 f\u00e9vrier 2025, a examin\u00e9 un litige relatif \u00e0 la date d\u2019entr\u00e9e en jouissance d\u2019une pension de r\u00e9version...","breadcrumb":{"@id":"https:\/\/kohenavocats.com\/ru\/tribunal-judiciaire-de-saint-etienne-le-10-fevrier-2025-n23-00043\/#breadcrumb"},"inLanguage":"ru-RU","potentialAction":[{"@type":"ReadAction","target":["https:\/\/kohenavocats.com\/ru\/tribunal-judiciaire-de-saint-etienne-le-10-fevrier-2025-n23-00043\/"]}]},{"@type":"ImageObject","inLanguage":"ru-RU","@id":"https:\/\/kohenavocats.com\/ru\/tribunal-judiciaire-de-saint-etienne-le-10-fevrier-2025-n23-00043\/#primaryimage","url":"https:\/\/kohenavocats.com\/wp-content\/uploads\/2024\/11\/planet-volumes-YGEIDE-iUi8-unsplash.webp","contentUrl":"https:\/\/kohenavocats.com\/wp-content\/uploads\/2024\/11\/planet-volumes-YGEIDE-iUi8-unsplash.webp","width":2500,"height":3500},{"@type":"BreadcrumbList","@id":"https:\/\/kohenavocats.com\/ru\/tribunal-judiciaire-de-saint-etienne-le-10-fevrier-2025-n23-00043\/#breadcrumb","itemListElement":[{"@type":"ListItem","position":1,"name":"Home","item":"https:\/\/kohenavocats.com\/ru\/avocats-en-droit-penal-a-paris-conseil-et-defense-strategique\/"},{"@type":"ListItem","position":2,"name":"Tribunal judiciaire de Saint-\u00c9tienne, le 10 f\u00e9vrier 2025, n\u00b023\/00043"}]},{"@type":"WebSite","@id":"https:\/\/kohenavocats.com\/ru\/#website","url":"https:\/\/kohenavocats.com\/ru\/","name":"Kohen Avocats","description":"Ma\u00eetre Hassan Kohen, avocat p\u00e9naliste \u00e0 Paris, intervient exclusivement en droit p\u00e9nal pour la d\u00e9fense des particuliers, notamment en mati\u00e8re d\u2019accusations de viol. Il assure un accompagnement rigoureux d\u00e8s la garde \u00e0 vue jusqu\u2019\u00e0 la Cour d\u2019assises, veillant au strict respect des garanties proc\u00e9durales.","publisher":{"@id":"https:\/\/kohenavocats.com\/ru\/#organization"},"potentialAction":[{"@type":"SearchAction","target":{"@type":"EntryPoint","urlTemplate":"https:\/\/kohenavocats.com\/ru\/?s={search_term_string}"},"query-input":{"@type":"PropertyValueSpecification","valueRequired":true,"valueName":"search_term_string"}}],"inLanguage":"ru-RU"},{"@type":"Organization","@id":"https:\/\/kohenavocats.com\/ru\/#organization","name":"Kohen Avocats","url":"https:\/\/kohenavocats.com\/ru\/","logo":{"@type":"ImageObject","inLanguage":"ru-RU","@id":"https:\/\/kohenavocats.com\/ru\/#\/schema\/logo\/image\/","url":"https:\/\/kohenavocats.com\/wp-content\/uploads\/2026\/01\/Logo-2-1.webp","contentUrl":"https:\/\/kohenavocats.com\/wp-content\/uploads\/2026\/01\/Logo-2-1.webp","width":2114,"height":1253,"caption":"Kohen Avocats"},"image":{"@id":"https:\/\/kohenavocats.com\/ru\/#\/schema\/logo\/image\/"}},{"@type":"Person","@id":"https:\/\/kohenavocats.com\/ru\/#\/schema\/person\/761c9ba54fa1ca84d405cef0831ff751","name":"Kohen","image":{"@type":"ImageObject","inLanguage":"ru-RU","@id":"https:\/\/secure.gravatar.com\/avatar\/1c5e76ef76bbbfdd2b4da984e2bf2fa4056fd51a27d25ce2c332047f1dfd6e00?s=96&d=identicon&r=g","url":"https:\/\/secure.gravatar.com\/avatar\/1c5e76ef76bbbfdd2b4da984e2bf2fa4056fd51a27d25ce2c332047f1dfd6e00?s=96&d=identicon&r=g","contentUrl":"https:\/\/secure.gravatar.com\/avatar\/1c5e76ef76bbbfdd2b4da984e2bf2fa4056fd51a27d25ce2c332047f1dfd6e00?s=96&d=identicon&r=g","caption":"Kohen"},"sameAs":["https:\/\/www.linkedin.com\/in\/hassan-kohen-448548192\/","https:\/\/www.youtube.com\/@Kohen-Avocats"],"url":"https:\/\/kohenavocats.com\/ru\/author\/kohenmlk\/"}]}},"jetpack_featured_media_url":"https:\/\/kohenavocats.com\/wp-content\/uploads\/2024\/11\/planet-volumes-YGEIDE-iUi8-unsplash.webp","jetpack_likes_enabled":false,"jetpack_shortlink":"https:\/\/wp.me\/peCrII-2KAP","jetpack-related-posts":[{"id":539470,"url":"https:\/\/kohenavocats.com\/ru\/tribunal-judiciaire-de-saint-etienne-le-30-septembre-2025-n23-00043\/","url_meta":{"origin":655763,"position":0},"title":"Tribunal judiciaire de Saint-Etienne, le 30 septembre 2025, n\u00b023\/00043","author":"Kohen","date":"09.04.2026","format":false,"excerpt":"Le tribunal judiciaire de Saint-\u00c9tienne, statuant le 10 f\u00e9vrier 2025, a examin\u00e9 un litige relatif \u00e0 la date d\u2019entr\u00e9e en jouissance d\u2019une pension de...","rel":"","context":"\u0412 &quot;D\u00e9cisions juridiques&quot;","block_context":{"text":"D\u00e9cisions juridiques","link":"https:\/\/kohenavocats.com\/category\/decisions-juridiques\/"},"img":{"alt_text":"","src":"https:\/\/i0.wp.com\/kohenavocats.com\/wp-content\/uploads\/2024\/08\/drown_-in_city-Ir1VMSMY3i4-unsplash.webp?resize=350%2C200&ssl=1","width":350,"height":200,"srcset":"https:\/\/i0.wp.com\/kohenavocats.com\/wp-content\/uploads\/2024\/08\/drown_-in_city-Ir1VMSMY3i4-unsplash.webp?resize=350%2C200&ssl=1 1x, https:\/\/i0.wp.com\/kohenavocats.com\/wp-content\/uploads\/2024\/08\/drown_-in_city-Ir1VMSMY3i4-unsplash.webp?resize=525%2C300&ssl=1 1.5x, https:\/\/i0.wp.com\/kohenavocats.com\/wp-content\/uploads\/2024\/08\/drown_-in_city-Ir1VMSMY3i4-unsplash.webp?resize=700%2C400&ssl=1 2x, https:\/\/i0.wp.com\/kohenavocats.com\/wp-content\/uploads\/2024\/08\/drown_-in_city-Ir1VMSMY3i4-unsplash.webp?resize=1050%2C600&ssl=1 3x, https:\/\/i0.wp.com\/kohenavocats.com\/wp-content\/uploads\/2024\/08\/drown_-in_city-Ir1VMSMY3i4-unsplash.webp?resize=1400%2C800&ssl=1 4x"},"classes":[]},{"id":322223,"url":"https:\/\/kohenavocats.com\/ru\/tribunal-judiciaire-de-saint-etienne-le-24-juillet-2025-n23-00668\/","url_meta":{"origin":655763,"position":1},"title":"Tribunal judiciaire de Saint Etienne, le 24 juillet 2025, n\u00b023\/00668","author":"Kohen","date":"09.02.2026","format":false,"excerpt":"Le Tribunal judiciaire de Saint-\u00c9tienne, statuant en mati\u00e8re de s\u00e9curit\u00e9 sociale, a rendu un jugement le 24 juillet 2025 dans une affaire opposant un...","rel":"","context":"\u0412 &quot;D\u00e9cisions juridiques&quot;","block_context":{"text":"D\u00e9cisions juridiques","link":"https:\/\/kohenavocats.com\/category\/decisions-juridiques\/"},"img":{"alt_text":"","src":"https:\/\/i0.wp.com\/kohenavocats.com\/wp-content\/uploads\/2024\/11\/virginia-marinova-CUq6KAqzzNY-unsplash.webp?resize=350%2C200&ssl=1","width":350,"height":200,"srcset":"https:\/\/i0.wp.com\/kohenavocats.com\/wp-content\/uploads\/2024\/11\/virginia-marinova-CUq6KAqzzNY-unsplash.webp?resize=350%2C200&ssl=1 1x, https:\/\/i0.wp.com\/kohenavocats.com\/wp-content\/uploads\/2024\/11\/virginia-marinova-CUq6KAqzzNY-unsplash.webp?resize=525%2C300&ssl=1 1.5x, https:\/\/i0.wp.com\/kohenavocats.com\/wp-content\/uploads\/2024\/11\/virginia-marinova-CUq6KAqzzNY-unsplash.webp?resize=700%2C400&ssl=1 2x, https:\/\/i0.wp.com\/kohenavocats.com\/wp-content\/uploads\/2024\/11\/virginia-marinova-CUq6KAqzzNY-unsplash.webp?resize=1050%2C600&ssl=1 3x, https:\/\/i0.wp.com\/kohenavocats.com\/wp-content\/uploads\/2024\/11\/virginia-marinova-CUq6KAqzzNY-unsplash.webp?resize=1400%2C800&ssl=1 4x"},"classes":[]},{"id":666977,"url":"https:\/\/kohenavocats.com\/ru\/tribunal-judiciaire-de-saint-etienne-le-24-juillet-2025-n24-03012\/","url_meta":{"origin":655763,"position":2},"title":"Tribunal judiciaire de Saint-Etienne, le 24 juillet 2025, n\u00b024\/03012","author":"Kohen","date":"24.04.2026","format":false,"excerpt":"Le tribunal judiciaire de Saint-Etienne, par un jugement du 24 juillet 2025, statue sur la date d'entr\u00e9e en jouissance d'une pension de r\u00e9version. L'\u00e9pouse s...","rel":"","context":"\u0412 &quot;Jurisprudence&quot;","block_context":{"text":"Jurisprudence","link":"https:\/\/kohenavocats.com\/category\/jurisprudence\/"},"img":{"alt_text":"","src":"https:\/\/i0.wp.com\/kohenavocats.com\/wp-content\/uploads\/2024\/11\/getty-images-TGyzkRiEysA-unsplash.webp?resize=350%2C200&ssl=1","width":350,"height":200,"srcset":"https:\/\/i0.wp.com\/kohenavocats.com\/wp-content\/uploads\/2024\/11\/getty-images-TGyzkRiEysA-unsplash.webp?resize=350%2C200&ssl=1 1x, https:\/\/i0.wp.com\/kohenavocats.com\/wp-content\/uploads\/2024\/11\/getty-images-TGyzkRiEysA-unsplash.webp?resize=525%2C300&ssl=1 1.5x, https:\/\/i0.wp.com\/kohenavocats.com\/wp-content\/uploads\/2024\/11\/getty-images-TGyzkRiEysA-unsplash.webp?resize=700%2C400&ssl=1 2x, https:\/\/i0.wp.com\/kohenavocats.com\/wp-content\/uploads\/2024\/11\/getty-images-TGyzkRiEysA-unsplash.webp?resize=1050%2C600&ssl=1 3x, https:\/\/i0.wp.com\/kohenavocats.com\/wp-content\/uploads\/2024\/11\/getty-images-TGyzkRiEysA-unsplash.webp?resize=1400%2C800&ssl=1 4x"},"classes":[]},{"id":632335,"url":"https:\/\/kohenavocats.com\/ru\/cour-dappel-de-saint-etienne-le-14-octobre-2025-n24-00655\/","url_meta":{"origin":655763,"position":3},"title":"Cour d&#8217;appel de Saint-Etienne, le 14 octobre 2025, n\u00b024\/00655","author":"Kohen","date":"21.04.2026","format":false,"excerpt":"La cour d'appel de Saint-Etienne, statuant en date du 14 octobre 2025, a rendu une ordonnance de mise en \u00e9tat dans le cadre d'une proc\u00e9dure familiale. Cette ...","rel":"","context":"\u0412 &quot;Jurisprudence&quot;","block_context":{"text":"Jurisprudence","link":"https:\/\/kohenavocats.com\/category\/jurisprudence\/"},"img":{"alt_text":"","src":"https:\/\/i0.wp.com\/kohenavocats.com\/wp-content\/uploads\/2024\/11\/pawel-czerwinski-EPAQ0_u0VZo-unsplash.webp?resize=350%2C200&ssl=1","width":350,"height":200,"srcset":"https:\/\/i0.wp.com\/kohenavocats.com\/wp-content\/uploads\/2024\/11\/pawel-czerwinski-EPAQ0_u0VZo-unsplash.webp?resize=350%2C200&ssl=1 1x, https:\/\/i0.wp.com\/kohenavocats.com\/wp-content\/uploads\/2024\/11\/pawel-czerwinski-EPAQ0_u0VZo-unsplash.webp?resize=525%2C300&ssl=1 1.5x, https:\/\/i0.wp.com\/kohenavocats.com\/wp-content\/uploads\/2024\/11\/pawel-czerwinski-EPAQ0_u0VZo-unsplash.webp?resize=700%2C400&ssl=1 2x, https:\/\/i0.wp.com\/kohenavocats.com\/wp-content\/uploads\/2024\/11\/pawel-czerwinski-EPAQ0_u0VZo-unsplash.webp?resize=1050%2C600&ssl=1 3x, https:\/\/i0.wp.com\/kohenavocats.com\/wp-content\/uploads\/2024\/11\/pawel-czerwinski-EPAQ0_u0VZo-unsplash.webp?resize=1400%2C800&ssl=1 4x"},"classes":[]},{"id":722666,"url":"https:\/\/kohenavocats.com\/ru\/tribunal-judiciaire-de-saint-etienne-le-5-fevrier-2026-n25-00548\/","url_meta":{"origin":655763,"position":4},"title":"Tribunal judiciaire de Saint-Etienne, le 5 f\u00e9vrier 2026, n\u00b025\/00548","author":"Kohen","date":"28.04.2026","format":false,"excerpt":"Le tribunal judiciaire de Saint-\u00c9tienne, statuant comme juge de la mise en \u00e9tat, a rendu un jugement le 5 f\u00e9vrier 2026. Une soci\u00e9t\u00e9 avait form\u00e9 opposition...","rel":"","context":"\u0412 &quot;D\u00e9cisions juridiques&quot;","block_context":{"text":"D\u00e9cisions juridiques","link":"https:\/\/kohenavocats.com\/category\/decisions-juridiques\/"},"img":{"alt_text":"","src":"https:\/\/i0.wp.com\/kohenavocats.com\/wp-content\/uploads\/2024\/08\/sandip-roy-OSDpThB9elc-unsplash.webp?resize=350%2C200&ssl=1","width":350,"height":200,"srcset":"https:\/\/i0.wp.com\/kohenavocats.com\/wp-content\/uploads\/2024\/08\/sandip-roy-OSDpThB9elc-unsplash.webp?resize=350%2C200&ssl=1 1x, https:\/\/i0.wp.com\/kohenavocats.com\/wp-content\/uploads\/2024\/08\/sandip-roy-OSDpThB9elc-unsplash.webp?resize=525%2C300&ssl=1 1.5x, https:\/\/i0.wp.com\/kohenavocats.com\/wp-content\/uploads\/2024\/08\/sandip-roy-OSDpThB9elc-unsplash.webp?resize=700%2C400&ssl=1 2x, https:\/\/i0.wp.com\/kohenavocats.com\/wp-content\/uploads\/2024\/08\/sandip-roy-OSDpThB9elc-unsplash.webp?resize=1050%2C600&ssl=1 3x, https:\/\/i0.wp.com\/kohenavocats.com\/wp-content\/uploads\/2024\/08\/sandip-roy-OSDpThB9elc-unsplash.webp?resize=1400%2C800&ssl=1 4x"},"classes":[]},{"id":225290,"url":"https:\/\/kohenavocats.com\/ru\/tribunal-judiciaire-de-saint-etienne-le-20-juin-2025-n22-01264\/","url_meta":{"origin":655763,"position":5},"title":"Tribunal judiciaire de Saint-Etienne, le 20 juin 2025, n\u00b022\/01264","author":"Kohen","date":"26.12.2025","format":false,"excerpt":"Le prononc\u00e9 d\u2019un divorce pour alt\u00e9ration d\u00e9finitive du lien conjugal emporte n\u00e9cessairement des cons\u00e9quences sur l\u2019exercice de l\u2019autorit\u00e9 parentale. Le juge aux affaires familiales du tribunal judiciaire de Saint-Etienne, par un jugement rendu le 20 juin 2025, illustre cette articulation entre la dissolution du mariage et la protection de l\u2019int\u00e9r\u00eat\u2026","rel":"","context":"\u0412 &quot;D\u00e9cisions juridiques&quot;","block_context":{"text":"D\u00e9cisions juridiques","link":"https:\/\/kohenavocats.com\/category\/decisions-juridiques\/"},"img":{"alt_text":"","src":"https:\/\/i0.wp.com\/kohenavocats.com\/wp-content\/uploads\/2024\/08\/robert-bye-Onwjkrjy1kk-unsplash.webp?resize=350%2C200&ssl=1","width":350,"height":200,"srcset":"https:\/\/i0.wp.com\/kohenavocats.com\/wp-content\/uploads\/2024\/08\/robert-bye-Onwjkrjy1kk-unsplash.webp?resize=350%2C200&ssl=1 1x, https:\/\/i0.wp.com\/kohenavocats.com\/wp-content\/uploads\/2024\/08\/robert-bye-Onwjkrjy1kk-unsplash.webp?resize=525%2C300&ssl=1 1.5x, https:\/\/i0.wp.com\/kohenavocats.com\/wp-content\/uploads\/2024\/08\/robert-bye-Onwjkrjy1kk-unsplash.webp?resize=700%2C400&ssl=1 2x, https:\/\/i0.wp.com\/kohenavocats.com\/wp-content\/uploads\/2024\/08\/robert-bye-Onwjkrjy1kk-unsplash.webp?resize=1050%2C600&ssl=1 3x, https:\/\/i0.wp.com\/kohenavocats.com\/wp-content\/uploads\/2024\/08\/robert-bye-Onwjkrjy1kk-unsplash.webp?resize=1400%2C800&ssl=1 4x"},"classes":[]}],"jetpack_sharing_enabled":true,"_links":{"self":[{"href":"https:\/\/kohenavocats.com\/ru\/wp-json\/wp\/v2\/posts\/655763","targetHints":{"allow":["GET"]}}],"collection":[{"href":"https:\/\/kohenavocats.com\/ru\/wp-json\/wp\/v2\/posts"}],"about":[{"href":"https:\/\/kohenavocats.com\/ru\/wp-json\/wp\/v2\/types\/post"}],"author":[{"embeddable":true,"href":"https:\/\/kohenavocats.com\/ru\/wp-json\/wp\/v2\/users\/232070755"}],"replies":[{"embeddable":true,"href":"https:\/\/kohenavocats.com\/ru\/wp-json\/wp\/v2\/comments?post=655763"}],"version-history":[{"count":0,"href":"https:\/\/kohenavocats.com\/ru\/wp-json\/wp\/v2\/posts\/655763\/revisions"}],"wp:featuredmedia":[{"embeddable":true,"href":"https:\/\/kohenavocats.com\/ru\/wp-json\/wp\/v2\/media\/9593"}],"wp:attachment":[{"href":"https:\/\/kohenavocats.com\/ru\/wp-json\/wp\/v2\/media?parent=655763"}],"wp:term":[{"taxonomy":"category","embeddable":true,"href":"https:\/\/kohenavocats.com\/ru\/wp-json\/wp\/v2\/categories?post=655763"},{"taxonomy":"post_tag","embeddable":true,"href":"https:\/\/kohenavocats.com\/ru\/wp-json\/wp\/v2\/tags?post=655763"}],"curies":[{"name":"wp","href":"https:\/\/api.w.org\/{rel}","templated":true}]}}