{"id":655780,"date":"2026-04-23T06:14:42","date_gmt":"2026-04-23T04:14:42","guid":{"rendered":"https:\/\/kohenavocats.com\/tribunal-judiciaire-de-dijon-le-18-fevrier-2025-n22-02852\/"},"modified":"2026-04-23T06:14:42","modified_gmt":"2026-04-23T04:14:42","slug":"tribunal-judiciaire-de-dijon-le-18-fevrier-2025-n22-02852","status":"publish","type":"post","link":"https:\/\/kohenavocats.com\/ru\/tribunal-judiciaire-de-dijon-le-18-fevrier-2025-n22-02852\/","title":{"rendered":"Tribunal judiciaire de Dijon, le 18 f\u00e9vrier 2025, n\u00b022\/02852"},"content":{"rendered":"<div class=\"article-content\">\n<p>Le tribunal judiciaire de Dijon, par jugement du 18 f\u00e9vrier 2025, statue sur une demande en annulation de donation pour dol. Les h\u00e9ritiers du disposant soutenaient que l&#8217;employ\u00e9e de maison b\u00e9n\u00e9ficiaire avait us\u00e9 de man\u0153uvres pour obtenir sa lib\u00e9ralit\u00e9. Le tribunal rejette l&#8217;ensemble des demandes des requ\u00e9rants et valide ainsi la donation contest\u00e9e.<\/p>\n<p>L&#8217;absence de man\u0153uvres dolosives caract\u00e9ris\u00e9es<br \/>\nLa preuve d&#8217;une emprise d\u00e9l\u00e9t\u00e8re sur le disposant n&#8217;est pas rapport\u00e9e. Le tribunal rel\u00e8ve que l&#8217;insanit\u00e9 d&#8217;esprit du donateur n&#8217;est pas discut\u00e9e en l&#8217;esp\u00e8ce. Il constate surtout que sa lucidit\u00e9 au moment de l&#8217;acte est \u00e9tablie par plusieurs attestations. La pr\u00e9sence constante de la b\u00e9n\u00e9ficiaire a cr\u00e9\u00e9 une d\u00e9pendance affective av\u00e9r\u00e9e. Cette situation r\u00e9sultait cependant de la volont\u00e9 claire du donateur de rester \u00e0 son domicile. Il verbalisait avec lucidit\u00e9 que cette pr\u00e9sence lui \u00e9vitait un d\u00e9part en maison de retraite. La jurisprudence rappelle que des pi\u00e8ces m\u00e9dicales non probantes ne suffisent pas \u00e0 \u00e9tablir un vice. &#171;En l&#8217;esp\u00e8ce, les pi\u00e8ces m\u00e9dicales vers\u00e9es aux d\u00e9bats justifiant, selon l&#8217;appelant, l&#8217;annulation de la donation ne sont pas probantes.&#187; (Cour d&#8217;appel de Versailles, le 7 mars 2023, n\u00b021\/01557) Le lien de d\u00e9pendance trouvait donc sa source dans un choix \u00e9clair\u00e9 et non dans une manipulation.<\/p>\n<p>Le maintien des relations familiales exclut l&#8217;isolement<br \/>\nL&#8217;all\u00e9gation d&#8217;un isolement provoqu\u00e9 par la b\u00e9n\u00e9ficiaire est infirm\u00e9e par les \u00e9l\u00e9ments du dossier. Le disposant recevait r\u00e9guli\u00e8rement des visites de sa famille et de professionnels de sant\u00e9. Certains t\u00e9moignages \u00e9voquent des relations tendues avec la d\u00e9fenderesse. La distance prise par certains proches \u00e9tait imputable \u00e0 la p\u00e9riode de confinement. Le tribunal en d\u00e9duit l&#8217;absence de man\u0153uvre visant \u00e0 couper le donateur de son entourage. Les mensonges all\u00e9gu\u00e9s, comme une s\u00e9paration fictive, ne sont pas \u00e9tablis comme d\u00e9terminants. Son emm\u00e9nagement est post\u00e9rieur \u00e0 la donation et ne pouvait donc la vicier. Le dol suppose un mensonge d\u00e9terminant du consentement, ce qui fait d\u00e9faut ici. Le disposant avait parfaitement conscience du r\u00f4le de la b\u00e9n\u00e9ficiaire dans sa vie quotidienne.<\/p>\n<p>L&#8217;exigence d&#8217;un \u00e9l\u00e9ment d\u00e9terminant pour le dol<br \/>\nLa d\u00e9finition l\u00e9gale du dol impose la preuve d&#8217;un \u00e9l\u00e9ment ayant tromp\u00e9 le consentement. &#171;Le dol est d\u00e9fini par l&#8217;article 1137 du code civil comme \u00ab le fait pour un contractant d&#8217;obtenir le consentement de l&#8217;autre par des man\u0153uvres ou des mensonges.&#187; (Motifs) Le tribunal souligne que le mensonge doit avoir \u00e9t\u00e9 d\u00e9terminant du consentement du donateur. En l&#8217;esp\u00e8ce, la conscience qu&#8217;avait le disposant de la situation exclut ce caract\u00e8re d\u00e9terminant. Les autres griefs, comme la gestion des comptes, sont \u00e9galement \u00e9cart\u00e9s. Le banquier a confirm\u00e9 que le donateur contr\u00f4lait seul ses op\u00e9rations bancaires. Les lib\u00e9ralit\u00e9s apparaissent ainsi comme la contrepartie volontaire d&#8217;un service rendu. La d\u00e9cision prot\u00e8ge donc la volont\u00e9 du disposant lucide, m\u00eame en situation de vuln\u00e9rabilit\u00e9.<\/p>\n<p>La n\u00e9cessaire preuve de l&#8217;incapacit\u00e9 d&#8217;agir<br \/>\nLa port\u00e9e de l&#8217;arr\u00eat renforce l&#8217;exigence probatoire pesant sur les demandeurs en annulation. Il ne suffit pas d&#8217;all\u00e9guer une vuln\u00e9rabilit\u00e9 ou une influence pour obtenir la nullit\u00e9. La preuve de man\u0153uvres actives et d\u00e9terminantes doit \u00eatre concr\u00e8tement apport\u00e9e. Une jurisprudence ant\u00e9rieure a annul\u00e9 une donation lorsque la preuve d&#8217;une alt\u00e9ration des facult\u00e9s \u00e9tait rapport\u00e9e. &#171;Il r\u00e9sulte du rapport d&#8217;expertise, mais \u00e9galement des certificats m\u00e9dicaux (&#8230;) que cette maladie d\u00e9g\u00e9n\u00e9rative (&#8230;) l&#8217;a rendu inapte \u00e0 d\u00e9fendre ses int\u00e9r\u00eats en 2018.&#187; (Cour d&#8217;appel de Versailles, le 10 d\u00e9cembre 2024, n\u00b020\/06324) A l&#8217;inverse, en l&#8217;absence d&#8217;une telle preuve, la lib\u00e9ralit\u00e9 est valide. La d\u00e9cision consacre ainsi une forme de cause en contrepartie de soins attentifs. Elle s\u00e9curise les donations faites par gratitude en fin de vie.<\/p>\n<\/div>\n","protected":false},"excerpt":{"rendered":"<p>Le tribunal judiciaire de Dijon, par jugement du 18 f\u00e9vrier 2025, statue sur une demande en annulation de donation pour dol. Les h\u00e9ritiers du disposant soute&#8230;<\/p>\n","protected":false},"author":232070755,"featured_media":9676,"comment_status":"open","ping_status":"open","sticky":false,"template":"","format":"standard","meta":{"_crdt_document":"","_jetpack_newsletter_access":"","_jetpack_dont_email_post_to_subs":false,"_jetpack_newsletter_tier_id":0,"_jetpack_memberships_contains_paywalled_content":false,"_kj_source_type":"judilibre","_kj_official_id":"68dec9206af9fd1f80953023","_kj_official_url":"https:\/\/www.courdecassation.fr\/decision\/68dec9206af9fd1f80953023","_kj_judilibre_id":"68dec9206af9fd1f80953023","_kj_jur":"Tribunal judiciaire","_kj_lieu":"Tribunal judiciaire de Privas","_kj_chambre":"1ere CHAMBRE","_kj_rg":"22\/02852","_kj_date":"2025-09-30","_jetpack_memberships_contains_paid_content":false,"footnotes":"","jetpack_post_was_ever_published":false},"categories":[7597],"tags":[],"class_list":["post-655780","post","type-post","status-publish","format-standard","has-post-thumbnail","hentry","category-jurisprudence"],"yoast_head":"<!-- This site is optimized with the Yoast SEO Premium plugin v27.5 (Yoast SEO v27.5) - https:\/\/yoast.com\/product\/yoast-seo-premium-wordpress\/ -->\n<title>Tribunal judiciaire de Dijon, le 18 f\u00e9vrier 2025, n\u00b022\/02852 - Ma\u00eetre Hassan Kohen, avocat en droit p\u00e9nal \u00e0 Paris<\/title>\n<meta name=\"description\" content=\"Le tribunal judiciaire de Dijon, par jugement du 18 f\u00e9vrier 2025, statue sur une demande en annulation de donation pour dol. Les h\u00e9ritiers du disposant soute...\" \/>\n<meta name=\"robots\" content=\"index, follow, max-snippet:-1, max-image-preview:large, max-video-preview:-1\" \/>\n<link rel=\"canonical\" href=\"https:\/\/kohenavocats.com\/ru\/tribunal-judiciaire-de-dijon-le-18-fevrier-2025-n22-02852\/\" \/>\n<meta property=\"og:locale\" content=\"ru_RU\" \/>\n<meta property=\"og:type\" content=\"article\" \/>\n<meta property=\"og:title\" content=\"Tribunal judiciaire de Dijon, le 18 f\u00e9vrier 2025, n\u00b022\/02852\" \/>\n<meta property=\"og:description\" content=\"Le tribunal judiciaire de Dijon, par jugement du 18 f\u00e9vrier 2025, statue sur une demande en annulation de donation pour dol. Les h\u00e9ritiers du disposant soute...\" \/>\n<meta property=\"og:url\" content=\"https:\/\/kohenavocats.com\/ru\/tribunal-judiciaire-de-dijon-le-18-fevrier-2025-n22-02852\/\" \/>\n<meta property=\"og:site_name\" content=\"Ma\u00eetre Hassan Kohen, avocat en droit p\u00e9nal \u00e0 Paris\" \/>\n<meta property=\"article:published_time\" content=\"2026-04-23T04:14:42+00:00\" \/>\n<meta property=\"og:image\" content=\"https:\/\/kohenavocats.com\/wp-content\/uploads\/2024\/11\/kristijan-arsov-A2a12i_diJs-unsplash.webp\" \/>\n\t<meta property=\"og:image:width\" content=\"4968\" \/>\n\t<meta property=\"og:image:height\" content=\"3332\" \/>\n\t<meta property=\"og:image:type\" content=\"image\/webp\" \/>\n<meta name=\"author\" content=\"Kohen\" \/>\n<meta name=\"twitter:card\" content=\"summary_large_image\" \/>\n<meta name=\"twitter:label1\" content=\"\u041d\u0430\u043f\u0438\u0441\u0430\u043d\u043e \u0430\u0432\u0442\u043e\u0440\u043e\u043c\" \/>\n\t<meta name=\"twitter:data1\" content=\"Kohen\" \/>\n\t<meta name=\"twitter:label2\" content=\"\u041f\u0440\u0438\u043c\u0435\u0440\u043d\u043e\u0435 \u0432\u0440\u0435\u043c\u044f \u0434\u043b\u044f \u0447\u0442\u0435\u043d\u0438\u044f\" \/>\n\t<meta name=\"twitter:data2\" content=\"3 \u043c\u0438\u043d\u0443\u0442\u044b\" \/>\n<script type=\"application\/ld+json\" class=\"yoast-schema-graph\">{\"@context\":\"https:\\\/\\\/schema.org\",\"@graph\":[{\"@type\":\"Article\",\"@id\":\"https:\\\/\\\/kohenavocats.com\\\/ru\\\/tribunal-judiciaire-de-dijon-le-18-fevrier-2025-n22-02852\\\/#article\",\"isPartOf\":{\"@id\":\"https:\\\/\\\/kohenavocats.com\\\/ru\\\/tribunal-judiciaire-de-dijon-le-18-fevrier-2025-n22-02852\\\/\"},\"author\":{\"name\":\"Kohen\",\"@id\":\"https:\\\/\\\/kohenavocats.com\\\/ru\\\/#\\\/schema\\\/person\\\/761c9ba54fa1ca84d405cef0831ff751\"},\"headline\":\"Tribunal judiciaire de Dijon, le 18 f\u00e9vrier 2025, n\u00b022\\\/02852\",\"datePublished\":\"2026-04-23T04:14:42+00:00\",\"mainEntityOfPage\":{\"@id\":\"https:\\\/\\\/kohenavocats.com\\\/ru\\\/tribunal-judiciaire-de-dijon-le-18-fevrier-2025-n22-02852\\\/\"},\"wordCount\":714,\"commentCount\":0,\"publisher\":{\"@id\":\"https:\\\/\\\/kohenavocats.com\\\/ru\\\/#organization\"},\"image\":{\"@id\":\"https:\\\/\\\/kohenavocats.com\\\/ru\\\/tribunal-judiciaire-de-dijon-le-18-fevrier-2025-n22-02852\\\/#primaryimage\"},\"thumbnailUrl\":\"https:\\\/\\\/kohenavocats.com\\\/wp-content\\\/uploads\\\/2024\\\/11\\\/kristijan-arsov-A2a12i_diJs-unsplash.webp\",\"articleSection\":[\"Jurisprudence\"],\"inLanguage\":\"ru-RU\",\"potentialAction\":[{\"@type\":\"CommentAction\",\"name\":\"Comment\",\"target\":[\"https:\\\/\\\/kohenavocats.com\\\/ru\\\/tribunal-judiciaire-de-dijon-le-18-fevrier-2025-n22-02852\\\/#respond\"]}],\"citation\":\"Tribunal judiciaire de Dijon, le 18 f\u00e9vrier 2025, n\u00b022\\\/02852\",\"about\":[{\"@type\":\"Thing\",\"name\":\"Jurisprudence\"}],\"dateModified\":\"2026-04-23T04:14:42+00:00\",\"speakable\":{\"@type\":\"SpeakableSpecification\",\"cssSelector\":[\".article-content > p:first-of-type\"]}},{\"@type\":\"WebPage\",\"@id\":\"https:\\\/\\\/kohenavocats.com\\\/ru\\\/tribunal-judiciaire-de-dijon-le-18-fevrier-2025-n22-02852\\\/\",\"url\":\"https:\\\/\\\/kohenavocats.com\\\/ru\\\/tribunal-judiciaire-de-dijon-le-18-fevrier-2025-n22-02852\\\/\",\"name\":\"Tribunal judiciaire de Dijon, le 18 f\u00e9vrier 2025, n\u00b022\\\/02852 - Ma\u00eetre Hassan Kohen, avocat en droit p\u00e9nal \u00e0 Paris\",\"isPartOf\":{\"@id\":\"https:\\\/\\\/kohenavocats.com\\\/ru\\\/#website\"},\"primaryImageOfPage\":{\"@id\":\"https:\\\/\\\/kohenavocats.com\\\/ru\\\/tribunal-judiciaire-de-dijon-le-18-fevrier-2025-n22-02852\\\/#primaryimage\"},\"image\":{\"@id\":\"https:\\\/\\\/kohenavocats.com\\\/ru\\\/tribunal-judiciaire-de-dijon-le-18-fevrier-2025-n22-02852\\\/#primaryimage\"},\"thumbnailUrl\":\"https:\\\/\\\/kohenavocats.com\\\/wp-content\\\/uploads\\\/2024\\\/11\\\/kristijan-arsov-A2a12i_diJs-unsplash.webp\",\"datePublished\":\"2026-04-23T04:14:42+00:00\",\"description\":\"Le tribunal judiciaire de Dijon, par jugement du 18 f\u00e9vrier 2025, statue sur une demande en annulation de donation pour dol. Les h\u00e9ritiers du disposant soute...\",\"breadcrumb\":{\"@id\":\"https:\\\/\\\/kohenavocats.com\\\/ru\\\/tribunal-judiciaire-de-dijon-le-18-fevrier-2025-n22-02852\\\/#breadcrumb\"},\"inLanguage\":\"ru-RU\",\"potentialAction\":[{\"@type\":\"ReadAction\",\"target\":[\"https:\\\/\\\/kohenavocats.com\\\/ru\\\/tribunal-judiciaire-de-dijon-le-18-fevrier-2025-n22-02852\\\/\"]}]},{\"@type\":\"ImageObject\",\"inLanguage\":\"ru-RU\",\"@id\":\"https:\\\/\\\/kohenavocats.com\\\/ru\\\/tribunal-judiciaire-de-dijon-le-18-fevrier-2025-n22-02852\\\/#primaryimage\",\"url\":\"https:\\\/\\\/kohenavocats.com\\\/wp-content\\\/uploads\\\/2024\\\/11\\\/kristijan-arsov-A2a12i_diJs-unsplash.webp\",\"contentUrl\":\"https:\\\/\\\/kohenavocats.com\\\/wp-content\\\/uploads\\\/2024\\\/11\\\/kristijan-arsov-A2a12i_diJs-unsplash.webp\",\"width\":4968,\"height\":3332},{\"@type\":\"BreadcrumbList\",\"@id\":\"https:\\\/\\\/kohenavocats.com\\\/ru\\\/tribunal-judiciaire-de-dijon-le-18-fevrier-2025-n22-02852\\\/#breadcrumb\",\"itemListElement\":[{\"@type\":\"ListItem\",\"position\":1,\"name\":\"Home\",\"item\":\"https:\\\/\\\/kohenavocats.com\\\/ru\\\/avocats-en-droit-penal-a-paris-conseil-et-defense-strategique\\\/\"},{\"@type\":\"ListItem\",\"position\":2,\"name\":\"Tribunal judiciaire de Dijon, le 18 f\u00e9vrier 2025, n\u00b022\\\/02852\"}]},{\"@type\":\"WebSite\",\"@id\":\"https:\\\/\\\/kohenavocats.com\\\/ru\\\/#website\",\"url\":\"https:\\\/\\\/kohenavocats.com\\\/ru\\\/\",\"name\":\"Kohen Avocats\",\"description\":\"Ma\u00eetre Hassan Kohen, avocat p\u00e9naliste \u00e0 Paris, intervient exclusivement en droit p\u00e9nal pour la d\u00e9fense des particuliers, notamment en mati\u00e8re d\u2019accusations de viol. Il assure un accompagnement rigoureux d\u00e8s la garde \u00e0 vue jusqu\u2019\u00e0 la Cour d\u2019assises, veillant au strict respect des garanties proc\u00e9durales.\",\"publisher\":{\"@id\":\"https:\\\/\\\/kohenavocats.com\\\/ru\\\/#organization\"},\"potentialAction\":[{\"@type\":\"SearchAction\",\"target\":{\"@type\":\"EntryPoint\",\"urlTemplate\":\"https:\\\/\\\/kohenavocats.com\\\/ru\\\/?s={search_term_string}\"},\"query-input\":{\"@type\":\"PropertyValueSpecification\",\"valueRequired\":true,\"valueName\":\"search_term_string\"}}],\"inLanguage\":\"ru-RU\"},{\"@type\":\"Organization\",\"@id\":\"https:\\\/\\\/kohenavocats.com\\\/ru\\\/#organization\",\"name\":\"Kohen Avocats\",\"url\":\"https:\\\/\\\/kohenavocats.com\\\/ru\\\/\",\"logo\":{\"@type\":\"ImageObject\",\"inLanguage\":\"ru-RU\",\"@id\":\"https:\\\/\\\/kohenavocats.com\\\/ru\\\/#\\\/schema\\\/logo\\\/image\\\/\",\"url\":\"https:\\\/\\\/kohenavocats.com\\\/wp-content\\\/uploads\\\/2026\\\/01\\\/Logo-2-1.webp\",\"contentUrl\":\"https:\\\/\\\/kohenavocats.com\\\/wp-content\\\/uploads\\\/2026\\\/01\\\/Logo-2-1.webp\",\"width\":2114,\"height\":1253,\"caption\":\"Kohen Avocats\"},\"image\":{\"@id\":\"https:\\\/\\\/kohenavocats.com\\\/ru\\\/#\\\/schema\\\/logo\\\/image\\\/\"}},{\"@type\":\"Person\",\"@id\":\"https:\\\/\\\/kohenavocats.com\\\/ru\\\/#\\\/schema\\\/person\\\/761c9ba54fa1ca84d405cef0831ff751\",\"name\":\"Kohen\",\"image\":{\"@type\":\"ImageObject\",\"inLanguage\":\"ru-RU\",\"@id\":\"https:\\\/\\\/secure.gravatar.com\\\/avatar\\\/1c5e76ef76bbbfdd2b4da984e2bf2fa4056fd51a27d25ce2c332047f1dfd6e00?s=96&d=identicon&r=g\",\"url\":\"https:\\\/\\\/secure.gravatar.com\\\/avatar\\\/1c5e76ef76bbbfdd2b4da984e2bf2fa4056fd51a27d25ce2c332047f1dfd6e00?s=96&d=identicon&r=g\",\"contentUrl\":\"https:\\\/\\\/secure.gravatar.com\\\/avatar\\\/1c5e76ef76bbbfdd2b4da984e2bf2fa4056fd51a27d25ce2c332047f1dfd6e00?s=96&d=identicon&r=g\",\"caption\":\"Kohen\"},\"sameAs\":[\"https:\\\/\\\/www.linkedin.com\\\/in\\\/hassan-kohen-448548192\\\/\",\"https:\\\/\\\/www.youtube.com\\\/@Kohen-Avocats\"],\"url\":\"https:\\\/\\\/kohenavocats.com\\\/ru\\\/author\\\/kohenmlk\\\/\"}]}<\/script>\n<!-- \/ Yoast SEO Premium plugin. -->","yoast_head_json":{"title":"Tribunal judiciaire de Dijon, le 18 f\u00e9vrier 2025, n\u00b022\/02852 - Ma\u00eetre Hassan Kohen, avocat en droit p\u00e9nal \u00e0 Paris","description":"Le tribunal judiciaire de Dijon, par jugement du 18 f\u00e9vrier 2025, statue sur une demande en annulation de donation pour dol. Les h\u00e9ritiers du disposant soute...","robots":{"index":"index","follow":"follow","max-snippet":"max-snippet:-1","max-image-preview":"max-image-preview:large","max-video-preview":"max-video-preview:-1"},"canonical":"https:\/\/kohenavocats.com\/ru\/tribunal-judiciaire-de-dijon-le-18-fevrier-2025-n22-02852\/","og_locale":"ru_RU","og_type":"article","og_title":"Tribunal judiciaire de Dijon, le 18 f\u00e9vrier 2025, n\u00b022\/02852","og_description":"Le tribunal judiciaire de Dijon, par jugement du 18 f\u00e9vrier 2025, statue sur une demande en annulation de donation pour dol. Les h\u00e9ritiers du disposant soute...","og_url":"https:\/\/kohenavocats.com\/ru\/tribunal-judiciaire-de-dijon-le-18-fevrier-2025-n22-02852\/","og_site_name":"Ma\u00eetre Hassan Kohen, avocat en droit p\u00e9nal \u00e0 Paris","article_published_time":"2026-04-23T04:14:42+00:00","og_image":[{"width":4968,"height":3332,"url":"https:\/\/kohenavocats.com\/wp-content\/uploads\/2024\/11\/kristijan-arsov-A2a12i_diJs-unsplash.webp","type":"image\/webp"}],"author":"Kohen","twitter_card":"summary_large_image","twitter_misc":{"\u041d\u0430\u043f\u0438\u0441\u0430\u043d\u043e \u0430\u0432\u0442\u043e\u0440\u043e\u043c":"Kohen","\u041f\u0440\u0438\u043c\u0435\u0440\u043d\u043e\u0435 \u0432\u0440\u0435\u043c\u044f \u0434\u043b\u044f \u0447\u0442\u0435\u043d\u0438\u044f":"3 \u043c\u0438\u043d\u0443\u0442\u044b"},"schema":{"@context":"https:\/\/schema.org","@graph":[{"@type":"Article","@id":"https:\/\/kohenavocats.com\/ru\/tribunal-judiciaire-de-dijon-le-18-fevrier-2025-n22-02852\/#article","isPartOf":{"@id":"https:\/\/kohenavocats.com\/ru\/tribunal-judiciaire-de-dijon-le-18-fevrier-2025-n22-02852\/"},"author":{"name":"Kohen","@id":"https:\/\/kohenavocats.com\/ru\/#\/schema\/person\/761c9ba54fa1ca84d405cef0831ff751"},"headline":"Tribunal judiciaire de Dijon, le 18 f\u00e9vrier 2025, n\u00b022\/02852","datePublished":"2026-04-23T04:14:42+00:00","mainEntityOfPage":{"@id":"https:\/\/kohenavocats.com\/ru\/tribunal-judiciaire-de-dijon-le-18-fevrier-2025-n22-02852\/"},"wordCount":714,"commentCount":0,"publisher":{"@id":"https:\/\/kohenavocats.com\/ru\/#organization"},"image":{"@id":"https:\/\/kohenavocats.com\/ru\/tribunal-judiciaire-de-dijon-le-18-fevrier-2025-n22-02852\/#primaryimage"},"thumbnailUrl":"https:\/\/kohenavocats.com\/wp-content\/uploads\/2024\/11\/kristijan-arsov-A2a12i_diJs-unsplash.webp","articleSection":["Jurisprudence"],"inLanguage":"ru-RU","potentialAction":[{"@type":"CommentAction","name":"Comment","target":["https:\/\/kohenavocats.com\/ru\/tribunal-judiciaire-de-dijon-le-18-fevrier-2025-n22-02852\/#respond"]}],"citation":"Tribunal judiciaire de Dijon, le 18 f\u00e9vrier 2025, n\u00b022\/02852","about":[{"@type":"Thing","name":"Jurisprudence"}],"dateModified":"2026-04-23T04:14:42+00:00","speakable":{"@type":"SpeakableSpecification","cssSelector":[".article-content > p:first-of-type"]}},{"@type":"WebPage","@id":"https:\/\/kohenavocats.com\/ru\/tribunal-judiciaire-de-dijon-le-18-fevrier-2025-n22-02852\/","url":"https:\/\/kohenavocats.com\/ru\/tribunal-judiciaire-de-dijon-le-18-fevrier-2025-n22-02852\/","name":"Tribunal judiciaire de Dijon, le 18 f\u00e9vrier 2025, n\u00b022\/02852 - Ma\u00eetre Hassan Kohen, avocat en droit p\u00e9nal \u00e0 Paris","isPartOf":{"@id":"https:\/\/kohenavocats.com\/ru\/#website"},"primaryImageOfPage":{"@id":"https:\/\/kohenavocats.com\/ru\/tribunal-judiciaire-de-dijon-le-18-fevrier-2025-n22-02852\/#primaryimage"},"image":{"@id":"https:\/\/kohenavocats.com\/ru\/tribunal-judiciaire-de-dijon-le-18-fevrier-2025-n22-02852\/#primaryimage"},"thumbnailUrl":"https:\/\/kohenavocats.com\/wp-content\/uploads\/2024\/11\/kristijan-arsov-A2a12i_diJs-unsplash.webp","datePublished":"2026-04-23T04:14:42+00:00","description":"Le tribunal judiciaire de Dijon, par jugement du 18 f\u00e9vrier 2025, statue sur une demande en annulation de donation pour dol. Les h\u00e9ritiers du disposant soute...","breadcrumb":{"@id":"https:\/\/kohenavocats.com\/ru\/tribunal-judiciaire-de-dijon-le-18-fevrier-2025-n22-02852\/#breadcrumb"},"inLanguage":"ru-RU","potentialAction":[{"@type":"ReadAction","target":["https:\/\/kohenavocats.com\/ru\/tribunal-judiciaire-de-dijon-le-18-fevrier-2025-n22-02852\/"]}]},{"@type":"ImageObject","inLanguage":"ru-RU","@id":"https:\/\/kohenavocats.com\/ru\/tribunal-judiciaire-de-dijon-le-18-fevrier-2025-n22-02852\/#primaryimage","url":"https:\/\/kohenavocats.com\/wp-content\/uploads\/2024\/11\/kristijan-arsov-A2a12i_diJs-unsplash.webp","contentUrl":"https:\/\/kohenavocats.com\/wp-content\/uploads\/2024\/11\/kristijan-arsov-A2a12i_diJs-unsplash.webp","width":4968,"height":3332},{"@type":"BreadcrumbList","@id":"https:\/\/kohenavocats.com\/ru\/tribunal-judiciaire-de-dijon-le-18-fevrier-2025-n22-02852\/#breadcrumb","itemListElement":[{"@type":"ListItem","position":1,"name":"Home","item":"https:\/\/kohenavocats.com\/ru\/avocats-en-droit-penal-a-paris-conseil-et-defense-strategique\/"},{"@type":"ListItem","position":2,"name":"Tribunal judiciaire de Dijon, le 18 f\u00e9vrier 2025, n\u00b022\/02852"}]},{"@type":"WebSite","@id":"https:\/\/kohenavocats.com\/ru\/#website","url":"https:\/\/kohenavocats.com\/ru\/","name":"Kohen Avocats","description":"Ma\u00eetre Hassan Kohen, avocat p\u00e9naliste \u00e0 Paris, intervient exclusivement en droit p\u00e9nal pour la d\u00e9fense des particuliers, notamment en mati\u00e8re d\u2019accusations de viol. Il assure un accompagnement rigoureux d\u00e8s la garde \u00e0 vue jusqu\u2019\u00e0 la Cour d\u2019assises, veillant au strict respect des garanties proc\u00e9durales.","publisher":{"@id":"https:\/\/kohenavocats.com\/ru\/#organization"},"potentialAction":[{"@type":"SearchAction","target":{"@type":"EntryPoint","urlTemplate":"https:\/\/kohenavocats.com\/ru\/?s={search_term_string}"},"query-input":{"@type":"PropertyValueSpecification","valueRequired":true,"valueName":"search_term_string"}}],"inLanguage":"ru-RU"},{"@type":"Organization","@id":"https:\/\/kohenavocats.com\/ru\/#organization","name":"Kohen Avocats","url":"https:\/\/kohenavocats.com\/ru\/","logo":{"@type":"ImageObject","inLanguage":"ru-RU","@id":"https:\/\/kohenavocats.com\/ru\/#\/schema\/logo\/image\/","url":"https:\/\/kohenavocats.com\/wp-content\/uploads\/2026\/01\/Logo-2-1.webp","contentUrl":"https:\/\/kohenavocats.com\/wp-content\/uploads\/2026\/01\/Logo-2-1.webp","width":2114,"height":1253,"caption":"Kohen Avocats"},"image":{"@id":"https:\/\/kohenavocats.com\/ru\/#\/schema\/logo\/image\/"}},{"@type":"Person","@id":"https:\/\/kohenavocats.com\/ru\/#\/schema\/person\/761c9ba54fa1ca84d405cef0831ff751","name":"Kohen","image":{"@type":"ImageObject","inLanguage":"ru-RU","@id":"https:\/\/secure.gravatar.com\/avatar\/1c5e76ef76bbbfdd2b4da984e2bf2fa4056fd51a27d25ce2c332047f1dfd6e00?s=96&d=identicon&r=g","url":"https:\/\/secure.gravatar.com\/avatar\/1c5e76ef76bbbfdd2b4da984e2bf2fa4056fd51a27d25ce2c332047f1dfd6e00?s=96&d=identicon&r=g","contentUrl":"https:\/\/secure.gravatar.com\/avatar\/1c5e76ef76bbbfdd2b4da984e2bf2fa4056fd51a27d25ce2c332047f1dfd6e00?s=96&d=identicon&r=g","caption":"Kohen"},"sameAs":["https:\/\/www.linkedin.com\/in\/hassan-kohen-448548192\/","https:\/\/www.youtube.com\/@Kohen-Avocats"],"url":"https:\/\/kohenavocats.com\/ru\/author\/kohenmlk\/"}]}},"jetpack_featured_media_url":"https:\/\/kohenavocats.com\/wp-content\/uploads\/2024\/11\/kristijan-arsov-A2a12i_diJs-unsplash.webp","jetpack_likes_enabled":false,"jetpack_shortlink":"https:\/\/wp.me\/peCrII-2KB6","jetpack-related-posts":[{"id":539485,"url":"https:\/\/kohenavocats.com\/ru\/tribunal-judiciaire-de-privas-le-30-septembre-2025-n22-02852\/","url_meta":{"origin":655780,"position":0},"title":"Tribunal judiciaire de Privas, le 30 septembre 2025, n\u00b022\/02852","author":"Kohen","date":"09.04.2026","format":false,"excerpt":"Le tribunal judiciaire de Dijon, par jugement du 18 f\u00e9vrier 2025, statue sur une demande en annulation de donation pour dol. Les h\u00e9ritiers du disposant...","rel":"","context":"\u0412 &quot;D\u00e9cisions juridiques&quot;","block_context":{"text":"D\u00e9cisions juridiques","link":"https:\/\/kohenavocats.com\/category\/decisions-juridiques\/"},"img":{"alt_text":"","src":"https:\/\/i0.wp.com\/kohenavocats.com\/wp-content\/uploads\/2024\/08\/tristan-guillemet-1v8NEQ3IodU-unsplash.webp?resize=350%2C200&ssl=1","width":350,"height":200,"srcset":"https:\/\/i0.wp.com\/kohenavocats.com\/wp-content\/uploads\/2024\/08\/tristan-guillemet-1v8NEQ3IodU-unsplash.webp?resize=350%2C200&ssl=1 1x, https:\/\/i0.wp.com\/kohenavocats.com\/wp-content\/uploads\/2024\/08\/tristan-guillemet-1v8NEQ3IodU-unsplash.webp?resize=525%2C300&ssl=1 1.5x, https:\/\/i0.wp.com\/kohenavocats.com\/wp-content\/uploads\/2024\/08\/tristan-guillemet-1v8NEQ3IodU-unsplash.webp?resize=700%2C400&ssl=1 2x, https:\/\/i0.wp.com\/kohenavocats.com\/wp-content\/uploads\/2024\/08\/tristan-guillemet-1v8NEQ3IodU-unsplash.webp?resize=1050%2C600&ssl=1 3x, https:\/\/i0.wp.com\/kohenavocats.com\/wp-content\/uploads\/2024\/08\/tristan-guillemet-1v8NEQ3IodU-unsplash.webp?resize=1400%2C800&ssl=1 4x"},"classes":[]},{"id":412301,"url":"https:\/\/kohenavocats.com\/ru\/cour-dappel-de-douai-le-3-decembre-2012-n12-01362\/","url_meta":{"origin":655780,"position":1},"title":"Cour d&#8217;appel de Douai, le 3 d\u00e9cembre 2012, n\u00b012\/01362","author":"Kohen","date":"21.03.2026","format":false,"excerpt":"L\u2019administration douani\u00e8re a engag\u00e9 une action paulienne contre une donation consentie par des redevables de droits et p\u00e9nalit\u00e9s. Le Tribunal de grande instance de Boulogne-sur-Mer a accueilli cette action par jugement du 22 novembre 2011. Les donateurs et leurs enfants, b\u00e9n\u00e9ficiaires de la lib\u00e9ralit\u00e9, ont interjet\u00e9 appel. La Cour d\u2019appel\u2026","rel":"","context":"\u0412 &quot;Cour d'appel&quot;","block_context":{"text":"Cour d'appel","link":"https:\/\/kohenavocats.com\/category\/cour-dappel\/"},"img":{"alt_text":"","src":"https:\/\/i0.wp.com\/kohenavocats.com\/wp-content\/uploads\/2024\/11\/laura-adai-QMJsqsUvCmA-unsplash.webp?resize=350%2C200&ssl=1","width":350,"height":200,"srcset":"https:\/\/i0.wp.com\/kohenavocats.com\/wp-content\/uploads\/2024\/11\/laura-adai-QMJsqsUvCmA-unsplash.webp?resize=350%2C200&ssl=1 1x, https:\/\/i0.wp.com\/kohenavocats.com\/wp-content\/uploads\/2024\/11\/laura-adai-QMJsqsUvCmA-unsplash.webp?resize=525%2C300&ssl=1 1.5x, https:\/\/i0.wp.com\/kohenavocats.com\/wp-content\/uploads\/2024\/11\/laura-adai-QMJsqsUvCmA-unsplash.webp?resize=700%2C400&ssl=1 2x, https:\/\/i0.wp.com\/kohenavocats.com\/wp-content\/uploads\/2024\/11\/laura-adai-QMJsqsUvCmA-unsplash.webp?resize=1050%2C600&ssl=1 3x, https:\/\/i0.wp.com\/kohenavocats.com\/wp-content\/uploads\/2024\/11\/laura-adai-QMJsqsUvCmA-unsplash.webp?resize=1400%2C800&ssl=1 4x"},"classes":[]},{"id":218120,"url":"https:\/\/kohenavocats.com\/ru\/enr-mutations-a-titre-gratuit-de-meubles-ou-dimmeubles-donations-conditions-dexigibilite-du-droit-de-donation-principe\/","url_meta":{"origin":655780,"position":2},"title":"ENR &#8212; Mutations \u00e0 titre gratuit de meubles ou d&#8217;immeubles &#8212; Donations &#8212; Conditions d&#8217;exigibilit\u00e9 du droit de donation &#8212; Principe","author":"Kohen","date":"25.12.2025","format":false,"excerpt":"1 La donation entre vifs est un acte par lequel le donateur se d\u00e9pouille actuellement et irr\u00e9vocablement de la chose donn\u00e9e en faveur du donataire qui l\u2019accepte (code civil (C. civ.), art. 894). L\u2019exigibilit\u00e9 des droits de mutation \u00e0 titre gratuit est soumise aux conditions suivantes : \u2013 le contrat\u2026","rel":"","context":"\u0412 &quot;BOFIP&quot;","block_context":{"text":"BOFIP","link":"https:\/\/kohenavocats.com\/category\/bofip\/"},"img":{"alt_text":"","src":"https:\/\/i0.wp.com\/kohenavocats.com\/wp-content\/uploads\/2024\/08\/julio-wolf-OG1cF0cWPfo-unsplash.webp?resize=350%2C200&ssl=1","width":350,"height":200,"srcset":"https:\/\/i0.wp.com\/kohenavocats.com\/wp-content\/uploads\/2024\/08\/julio-wolf-OG1cF0cWPfo-unsplash.webp?resize=350%2C200&ssl=1 1x, https:\/\/i0.wp.com\/kohenavocats.com\/wp-content\/uploads\/2024\/08\/julio-wolf-OG1cF0cWPfo-unsplash.webp?resize=525%2C300&ssl=1 1.5x, https:\/\/i0.wp.com\/kohenavocats.com\/wp-content\/uploads\/2024\/08\/julio-wolf-OG1cF0cWPfo-unsplash.webp?resize=700%2C400&ssl=1 2x, https:\/\/i0.wp.com\/kohenavocats.com\/wp-content\/uploads\/2024\/08\/julio-wolf-OG1cF0cWPfo-unsplash.webp?resize=1050%2C600&ssl=1 3x, https:\/\/i0.wp.com\/kohenavocats.com\/wp-content\/uploads\/2024\/08\/julio-wolf-OG1cF0cWPfo-unsplash.webp?resize=1400%2C800&ssl=1 4x"},"classes":[]},{"id":220321,"url":"https:\/\/kohenavocats.com\/ru\/enr-mutations-a-titre-gratuit-donations-exonerations-et-regimes-speciaux-regimes-speciaux\/","url_meta":{"origin":655780,"position":3},"title":"ENR &#8212; Mutations \u00e0 titre gratuit &#8212; Donations &#8212; Exon\u00e9rations et r\u00e9gimes sp\u00e9ciaux \u2013 R\u00e9gimes sp\u00e9ciaux","author":"Kohen","date":"25.12.2025","format":false,"excerpt":"I. Donation-partage A. Pr\u00e9sentation de la donation-partage 1 Toute personne peut faire, entre ses h\u00e9ritiers pr\u00e9somptifs, la distribution et le partage de ses biens et de ses droits. Cet acte peut se faire sous forme de donation-partage (code civil, art. 1075). Si leurs biens comprennent une entreprise individuelle \u00e0 caract\u00e8re\u2026","rel":"","context":"\u0412 &quot;BOFIP&quot;","block_context":{"text":"BOFIP","link":"https:\/\/kohenavocats.com\/category\/bofip\/"},"img":{"alt_text":"","src":"https:\/\/i0.wp.com\/kohenavocats.com\/wp-content\/uploads\/2024\/11\/getty-images-TVMKiNPHZTE-unsplash.webp?resize=350%2C200&ssl=1","width":350,"height":200,"srcset":"https:\/\/i0.wp.com\/kohenavocats.com\/wp-content\/uploads\/2024\/11\/getty-images-TVMKiNPHZTE-unsplash.webp?resize=350%2C200&ssl=1 1x, https:\/\/i0.wp.com\/kohenavocats.com\/wp-content\/uploads\/2024\/11\/getty-images-TVMKiNPHZTE-unsplash.webp?resize=525%2C300&ssl=1 1.5x, https:\/\/i0.wp.com\/kohenavocats.com\/wp-content\/uploads\/2024\/11\/getty-images-TVMKiNPHZTE-unsplash.webp?resize=700%2C400&ssl=1 2x, https:\/\/i0.wp.com\/kohenavocats.com\/wp-content\/uploads\/2024\/11\/getty-images-TVMKiNPHZTE-unsplash.webp?resize=1050%2C600&ssl=1 3x, https:\/\/i0.wp.com\/kohenavocats.com\/wp-content\/uploads\/2024\/11\/getty-images-TVMKiNPHZTE-unsplash.webp?resize=1400%2C800&ssl=1 4x"},"classes":[]},{"id":235616,"url":"https:\/\/kohenavocats.com\/ru\/peut-on-vendre-donner-ou-leguer-une-concession-funeraire-dans-un-cimetiere\/","url_meta":{"origin":655780,"position":4},"title":"Peut-on vendre, donner ou l\u00e9guer une concession fun\u00e9raire dans un cimeti\u00e8re\u00a0?","author":"Kohen","date":"28.12.2025","format":false,"excerpt":"Information : Cette fiche presente les regles generales applicables. Votre situation personnelle peut necessiter une analyse specifique. Contactez notre cabinet pour un accompagnement personnalise. Si vous avez acquis la concession aupr\u00e8s de la commune concern\u00e9e (vous b\u00e9n\u00e9ficiez d\u2019un acte de concession \u00e0 votre nom), les r\u00e8gles varient selon que la\u2026","rel":"","context":"\u0412 &quot;Droit de la Famille&quot;","block_context":{"text":"Droit de la Famille","link":"https:\/\/kohenavocats.com\/category\/travaux-parlementaires\/droit-de-la-famille\/"},"img":{"alt_text":"","src":"https:\/\/i0.wp.com\/kohenavocats.com\/wp-content\/uploads\/2024\/07\/giammarco-boscaro-zeH-ljawHtg-unsplash.webp?resize=350%2C200&ssl=1","width":350,"height":200,"srcset":"https:\/\/i0.wp.com\/kohenavocats.com\/wp-content\/uploads\/2024\/07\/giammarco-boscaro-zeH-ljawHtg-unsplash.webp?resize=350%2C200&ssl=1 1x, https:\/\/i0.wp.com\/kohenavocats.com\/wp-content\/uploads\/2024\/07\/giammarco-boscaro-zeH-ljawHtg-unsplash.webp?resize=525%2C300&ssl=1 1.5x, https:\/\/i0.wp.com\/kohenavocats.com\/wp-content\/uploads\/2024\/07\/giammarco-boscaro-zeH-ljawHtg-unsplash.webp?resize=700%2C400&ssl=1 2x, https:\/\/i0.wp.com\/kohenavocats.com\/wp-content\/uploads\/2024\/07\/giammarco-boscaro-zeH-ljawHtg-unsplash.webp?resize=1050%2C600&ssl=1 3x, https:\/\/i0.wp.com\/kohenavocats.com\/wp-content\/uploads\/2024\/07\/giammarco-boscaro-zeH-ljawHtg-unsplash.webp?resize=1400%2C800&ssl=1 4x"},"classes":[]},{"id":657957,"url":"https:\/\/kohenavocats.com\/ru\/revocation-donation-ingratitude-inexecution-charges-procedure-effets\/","url_meta":{"origin":655780,"position":5},"title":"R\u00e9vocation de donation pour ingratitude ou inex\u00e9cution des charges : causes, proc\u00e9dure et effets patrimoniaux","author":"Kohen","date":"23.04.2026","format":false,"excerpt":"R\u00e9vocation d'une donation pour ingratitude (art. 955 C. civ.) ou inex\u00e9cution des charges (art. 953) : causes limitatives, qualit\u00e9 pour agir, d\u00e9lai d'un an de l'article 957, report sur la condamnation p\u00e9nale, effet r\u00e9troactif et sort des tiers. Jurisprudence 2019-2026 de la premi\u00e8re chambre civile, dont Cass. 1re civ., 10\u2026","rel":"","context":"\u0412 &quot;Non cat\u00e9goris\u00e9&quot;","block_context":{"text":"Non cat\u00e9goris\u00e9","link":"https:\/\/kohenavocats.com\/category\/non-categorise\/"},"img":{"alt_text":"","src":"https:\/\/i0.wp.com\/kohenavocats.com\/wp-content\/uploads\/2024\/11\/resource-database-lRwnx8gdAW0-unsplash.webp?resize=350%2C200&ssl=1","width":350,"height":200,"srcset":"https:\/\/i0.wp.com\/kohenavocats.com\/wp-content\/uploads\/2024\/11\/resource-database-lRwnx8gdAW0-unsplash.webp?resize=350%2C200&ssl=1 1x, https:\/\/i0.wp.com\/kohenavocats.com\/wp-content\/uploads\/2024\/11\/resource-database-lRwnx8gdAW0-unsplash.webp?resize=525%2C300&ssl=1 1.5x, https:\/\/i0.wp.com\/kohenavocats.com\/wp-content\/uploads\/2024\/11\/resource-database-lRwnx8gdAW0-unsplash.webp?resize=700%2C400&ssl=1 2x, https:\/\/i0.wp.com\/kohenavocats.com\/wp-content\/uploads\/2024\/11\/resource-database-lRwnx8gdAW0-unsplash.webp?resize=1050%2C600&ssl=1 3x, https:\/\/i0.wp.com\/kohenavocats.com\/wp-content\/uploads\/2024\/11\/resource-database-lRwnx8gdAW0-unsplash.webp?resize=1400%2C800&ssl=1 4x"},"classes":[]}],"jetpack_sharing_enabled":true,"_links":{"self":[{"href":"https:\/\/kohenavocats.com\/ru\/wp-json\/wp\/v2\/posts\/655780","targetHints":{"allow":["GET"]}}],"collection":[{"href":"https:\/\/kohenavocats.com\/ru\/wp-json\/wp\/v2\/posts"}],"about":[{"href":"https:\/\/kohenavocats.com\/ru\/wp-json\/wp\/v2\/types\/post"}],"author":[{"embeddable":true,"href":"https:\/\/kohenavocats.com\/ru\/wp-json\/wp\/v2\/users\/232070755"}],"replies":[{"embeddable":true,"href":"https:\/\/kohenavocats.com\/ru\/wp-json\/wp\/v2\/comments?post=655780"}],"version-history":[{"count":0,"href":"https:\/\/kohenavocats.com\/ru\/wp-json\/wp\/v2\/posts\/655780\/revisions"}],"wp:featuredmedia":[{"embeddable":true,"href":"https:\/\/kohenavocats.com\/ru\/wp-json\/wp\/v2\/media\/9676"}],"wp:attachment":[{"href":"https:\/\/kohenavocats.com\/ru\/wp-json\/wp\/v2\/media?parent=655780"}],"wp:term":[{"taxonomy":"category","embeddable":true,"href":"https:\/\/kohenavocats.com\/ru\/wp-json\/wp\/v2\/categories?post=655780"},{"taxonomy":"post_tag","embeddable":true,"href":"https:\/\/kohenavocats.com\/ru\/wp-json\/wp\/v2\/tags?post=655780"}],"curies":[{"name":"wp","href":"https:\/\/api.w.org\/{rel}","templated":true}]}}