{"id":655787,"date":"2026-04-23T06:15:33","date_gmt":"2026-04-23T04:15:33","guid":{"rendered":"https:\/\/kohenavocats.com\/tribunal-judiciaire-de-paris-le-30-septembre-2025-n16-16730\/"},"modified":"2026-04-23T06:15:33","modified_gmt":"2026-04-23T04:15:33","slug":"tribunal-judiciaire-de-paris-le-30-septembre-2025-n16-16730","status":"publish","type":"post","link":"https:\/\/kohenavocats.com\/ru\/tribunal-judiciaire-de-paris-le-30-septembre-2025-n16-16730\/","title":{"rendered":"Tribunal judiciaire de Paris, le 30 septembre 2025, n\u00b016\/16730"},"content":{"rendered":"<div class=\"article-content\">\n<p>Le tribunal judiciaire de Paris, statuant en la personne du juge de la mise en \u00e9tat, a rendu une ordonnance le trente septembre deux mille vingt-cinq. Cette d\u00e9cision intervient dans une instance relative \u00e0 un accident corporel survenu lors d&#8217;une activit\u00e9 sportive. Le juge a \u00e9t\u00e9 saisi de multiples demandes incidentes, notamment en intervention volontaire et en d\u00e9signation d&#8217;expert. La question principale \u00e9tait de d\u00e9terminer les mesures provisoires et d&#8217;instruction appropri\u00e9es avant le jugement au fond. L&#8217;ordonnance accueille partiellement les requ\u00eates en allouant des provisions et en ordonnant une expertise m\u00e9dicale.<\/p>\n<p>Les pouvoirs \u00e9tendus du juge de la mise en \u00e9tat<\/p>\n<p>Le juge rappelle avec pr\u00e9cision l&#8217;\u00e9tendue de sa comp\u00e9tence avant son dessaisissement. Le texte l\u00e9gal \u00e9num\u00e8re les attributions sp\u00e9cifiques de ce magistrat en cours d&#8217;instance. &#171;lorsque la demande est pr\u00e9sent\u00e9e post\u00e9rieurement \u00e0 sa d\u00e9signation, le juge de la mise en \u00e9tat est, jusqu&#8217;\u00e0 son dessaisissement, seul comp\u00e9tent, \u00e0 l&#8217;exclusion de toute autre formation du tribunal, pour : 1\u00b0 Statuer sur les exceptions de proc\u00e9dure (&#8230;) 2\u00b0 Allouer une provision pour le proc\u00e8s ; 3\u00b0 Accorder une provision au cr\u00e9ancier lorsque l&#8217;existence de l&#8217;obligation n&#8217;est pas s\u00e9rieusement contestable. (&#8230;) 5\u00b0 Ordonner, m\u00eame d&#8217;office, toute mesure d&#8217;instruction ; 6\u00b0 Statuer sur les fins de non-recevoir.&#187; (Motifs). Cette \u00e9num\u00e9ration l\u00e9gale fonde son pouvoir pour statuer sur les demandes pr\u00e9sentes. Le juge use de cette comp\u00e9tence pour trancher des demandes accessoires mais essentielles \u00e0 la bonne marche du proc\u00e8s. Il organise ainsi la phase pr\u00e9alable au jugement d\u00e9finitif sur la responsabilit\u00e9.<\/p>\n<p>La d\u00e9cision illustre la mise en \u0153uvre concr\u00e8te de ces pouvoirs pour assurer l&#8217;effectivit\u00e9 du proc\u00e8s. Le magistrat ordonne une mesure d&#8217;expertise m\u00e9dicale compl\u00e8te pour \u00e9valuer les pr\u00e9judices de la victime devenue majeure. Il alloue \u00e9galement une provision ad litem pour couvrir les frais de cette expertise. Une provision distincte est accord\u00e9e \u00e0 la caisse primaire d&#8217;assurance maladie sur sa cr\u00e9ance r\u00e9cursoire. Ces mesures provisoires sont caract\u00e9ristiques de la mission du juge de la mise en \u00e9tat. Elles permettent de pr\u00e9parer le d\u00e9bat sur le fond sans pr\u00e9juger de l&#8217;issue ultime. Le juge veille ainsi \u00e0 la bonne administration de la preuve et \u00e0 l&#8217;\u00e9quilibre des positions proc\u00e9durales.<\/p>\n<p>La pr\u00e9paration du d\u00e9bat sur la responsabilit\u00e9 et les pr\u00e9judices<\/p>\n<p>L&#8217;expertise ordonn\u00e9e vise \u00e0 \u00e9tablir un \u00e9tat des lieux m\u00e9dical pr\u00e9cis et incontestable. La mission confi\u00e9e au m\u00e9decin expert est d&#8217;une grande ampleur et suit le canevas habituel en mati\u00e8re de pr\u00e9judice corporel. Elle inclut la d\u00e9termination de l&#8217;incapacit\u00e9 temporaire et du d\u00e9ficit fonctionnel permanent. L&#8217;expert devra aussi se prononcer sur la n\u00e9cessit\u00e9 d&#8217;une tierce personne et sur les pr\u00e9judices extrapatrimoniaux. &#171;Donner un avis sur l&#8217;importance des souffrances (physiques et\/ou morales)sur une \u00e9chelle de 1\/7(avant consolidation, les souffrances d\u00e9finies relevant du poste d\u00e9ficit fonctionnel permanent).&#187; (Dispositif). Cette instruction minutieuse pr\u00e9parera une d\u00e9cision au fond \u00e9clair\u00e9e et \u00e9quitable. Elle r\u00e9pond \u00e0 l&#8217;exigence de contradiction et de c\u00e9l\u00e9rit\u00e9 dans le traitement des litiges complexes.<\/p>\n<p>La d\u00e9cision anticipe \u00e9galement les questions de garantie et de solidarit\u00e9 potentielles entre les cod\u00e9fendeurs. Le juge rappelle l&#8217;existence d&#8217;une obligation de garantie de la part de la soci\u00e9t\u00e9 d&#8217;\u00e9conomie mixte envers l&#8217;organisateur sportif. Ce rappel, bien que sans effet ex\u00e9cutoire imm\u00e9diat, oriente les d\u00e9bats futurs sur la r\u00e9partition des responsabilit\u00e9s. Les provisions sont mises \u00e0 la charge de l&#8217;organisateur seul, r\u00e9servant les recours ult\u00e9rieurs. Cette solution proc\u00e9durale est prudente et respectueuse du principe du contradictoire. Elle \u00e9vite de pr\u00e9juger d&#8217;une condamnation solidaire qui rel\u00e8ve du fond. L&#8217;ordonnance organise ainsi une phase d&#8217;instruction compl\u00e8te et \u00e9quilibr\u00e9e pour toutes les parties impliqu\u00e9es.<\/p>\n<\/div>\n","protected":false},"excerpt":{"rendered":"<p>Le tribunal judiciaire de Paris, statuant en la personne du juge de la mise en \u00e9tat, a rendu une ordonnance le trente septembre deux mille vingt-cinq. Cette &#8230;<\/p>\n","protected":false},"author":232070755,"featured_media":9492,"comment_status":"open","ping_status":"open","sticky":false,"template":"","format":"standard","meta":{"_crdt_document":"","_jetpack_newsletter_access":"","_jetpack_dont_email_post_to_subs":false,"_jetpack_newsletter_tier_id":0,"_jetpack_memberships_contains_paywalled_content":false,"_kj_source_type":"judilibre","_kj_official_id":"68dd724b548223b2c7ab3a00","_kj_official_url":"https:\/\/www.courdecassation.fr\/decision\/68dd724b548223b2c7ab3a00","_kj_judilibre_id":"68dd724b548223b2c7ab3a00","_kj_jur":"Tribunal judiciaire","_kj_lieu":"Tribunal judiciaire de Paris","_kj_chambre":"19\u00e8me chambre civile","_kj_rg":"16\/16730","_kj_date":"2025-09-30","_jetpack_memberships_contains_paid_content":false,"footnotes":"","jetpack_post_was_ever_published":false},"categories":[7597],"tags":[],"class_list":["post-655787","post","type-post","status-publish","format-standard","has-post-thumbnail","hentry","category-jurisprudence"],"yoast_head":"<!-- This site is optimized with the Yoast SEO Premium plugin v27.5 (Yoast SEO v27.5) - https:\/\/yoast.com\/product\/yoast-seo-premium-wordpress\/ -->\n<title>Tribunal judiciaire de Paris, le 30 septembre 2025, n\u00b016\/16730 - Ma\u00eetre Hassan Kohen, avocat en droit p\u00e9nal \u00e0 Paris<\/title>\n<meta name=\"description\" content=\"Le tribunal judiciaire de Paris, statuant en la personne du juge de la mise en \u00e9tat, a rendu une ordonnance le trente septembre deux mille vingt-cinq. Cette ...\" \/>\n<meta name=\"robots\" content=\"index, follow, max-snippet:-1, max-image-preview:large, max-video-preview:-1\" \/>\n<link rel=\"canonical\" href=\"https:\/\/kohenavocats.com\/ru\/tribunal-judiciaire-de-paris-le-30-septembre-2025-n16-16730\/\" \/>\n<meta property=\"og:locale\" content=\"ru_RU\" \/>\n<meta property=\"og:type\" content=\"article\" \/>\n<meta property=\"og:title\" content=\"Tribunal judiciaire de Paris, le 30 septembre 2025, n\u00b016\/16730\" \/>\n<meta property=\"og:description\" content=\"Le tribunal judiciaire de Paris, statuant en la personne du juge de la mise en \u00e9tat, a rendu une ordonnance le trente septembre deux mille vingt-cinq. Cette ...\" \/>\n<meta property=\"og:url\" content=\"https:\/\/kohenavocats.com\/ru\/tribunal-judiciaire-de-paris-le-30-septembre-2025-n16-16730\/\" \/>\n<meta property=\"og:site_name\" content=\"Ma\u00eetre Hassan Kohen, avocat en droit p\u00e9nal \u00e0 Paris\" \/>\n<meta property=\"article:published_time\" content=\"2026-04-23T04:15:33+00:00\" \/>\n<meta property=\"og:image\" content=\"https:\/\/kohenavocats.com\/wp-content\/uploads\/2024\/11\/planet-volumes-3eXgkMpE-pQ-unsplash.webp\" \/>\n\t<meta property=\"og:image:width\" content=\"2200\" \/>\n\t<meta property=\"og:image:height\" content=\"3500\" \/>\n\t<meta property=\"og:image:type\" content=\"image\/webp\" \/>\n<meta name=\"author\" content=\"Kohen\" \/>\n<meta name=\"twitter:card\" content=\"summary_large_image\" \/>\n<meta name=\"twitter:label1\" content=\"\u041d\u0430\u043f\u0438\u0441\u0430\u043d\u043e \u0430\u0432\u0442\u043e\u0440\u043e\u043c\" \/>\n\t<meta name=\"twitter:data1\" content=\"Kohen\" \/>\n\t<meta name=\"twitter:label2\" content=\"\u041f\u0440\u0438\u043c\u0435\u0440\u043d\u043e\u0435 \u0432\u0440\u0435\u043c\u044f \u0434\u043b\u044f \u0447\u0442\u0435\u043d\u0438\u044f\" \/>\n\t<meta name=\"twitter:data2\" content=\"3 \u043c\u0438\u043d\u0443\u0442\u044b\" \/>\n<script type=\"application\/ld+json\" class=\"yoast-schema-graph\">{\"@context\":\"https:\\\/\\\/schema.org\",\"@graph\":[{\"@type\":\"Article\",\"@id\":\"https:\\\/\\\/kohenavocats.com\\\/ru\\\/tribunal-judiciaire-de-paris-le-30-septembre-2025-n16-16730\\\/#article\",\"isPartOf\":{\"@id\":\"https:\\\/\\\/kohenavocats.com\\\/ru\\\/tribunal-judiciaire-de-paris-le-30-septembre-2025-n16-16730\\\/\"},\"author\":{\"name\":\"Kohen\",\"@id\":\"https:\\\/\\\/kohenavocats.com\\\/ru\\\/#\\\/schema\\\/person\\\/761c9ba54fa1ca84d405cef0831ff751\"},\"headline\":\"Tribunal judiciaire de Paris, le 30 septembre 2025, n\u00b016\\\/16730\",\"datePublished\":\"2026-04-23T04:15:33+00:00\",\"mainEntityOfPage\":{\"@id\":\"https:\\\/\\\/kohenavocats.com\\\/ru\\\/tribunal-judiciaire-de-paris-le-30-septembre-2025-n16-16730\\\/\"},\"wordCount\":680,\"commentCount\":0,\"publisher\":{\"@id\":\"https:\\\/\\\/kohenavocats.com\\\/ru\\\/#organization\"},\"image\":{\"@id\":\"https:\\\/\\\/kohenavocats.com\\\/ru\\\/tribunal-judiciaire-de-paris-le-30-septembre-2025-n16-16730\\\/#primaryimage\"},\"thumbnailUrl\":\"https:\\\/\\\/kohenavocats.com\\\/wp-content\\\/uploads\\\/2024\\\/11\\\/planet-volumes-3eXgkMpE-pQ-unsplash.webp\",\"articleSection\":[\"Jurisprudence\"],\"inLanguage\":\"ru-RU\",\"potentialAction\":[{\"@type\":\"CommentAction\",\"name\":\"Comment\",\"target\":[\"https:\\\/\\\/kohenavocats.com\\\/ru\\\/tribunal-judiciaire-de-paris-le-30-septembre-2025-n16-16730\\\/#respond\"]}],\"citation\":\"Tribunal judiciaire de Paris, le 30 septembre 2025, n\u00b016\\\/16730\",\"about\":[{\"@type\":\"Thing\",\"name\":\"Jurisprudence\"}],\"dateModified\":\"2026-04-23T04:15:33+00:00\",\"speakable\":{\"@type\":\"SpeakableSpecification\",\"cssSelector\":[\".article-content > p:first-of-type\"]}},{\"@type\":\"WebPage\",\"@id\":\"https:\\\/\\\/kohenavocats.com\\\/ru\\\/tribunal-judiciaire-de-paris-le-30-septembre-2025-n16-16730\\\/\",\"url\":\"https:\\\/\\\/kohenavocats.com\\\/ru\\\/tribunal-judiciaire-de-paris-le-30-septembre-2025-n16-16730\\\/\",\"name\":\"Tribunal judiciaire de Paris, le 30 septembre 2025, n\u00b016\\\/16730 - Ma\u00eetre Hassan Kohen, avocat en droit p\u00e9nal \u00e0 Paris\",\"isPartOf\":{\"@id\":\"https:\\\/\\\/kohenavocats.com\\\/ru\\\/#website\"},\"primaryImageOfPage\":{\"@id\":\"https:\\\/\\\/kohenavocats.com\\\/ru\\\/tribunal-judiciaire-de-paris-le-30-septembre-2025-n16-16730\\\/#primaryimage\"},\"image\":{\"@id\":\"https:\\\/\\\/kohenavocats.com\\\/ru\\\/tribunal-judiciaire-de-paris-le-30-septembre-2025-n16-16730\\\/#primaryimage\"},\"thumbnailUrl\":\"https:\\\/\\\/kohenavocats.com\\\/wp-content\\\/uploads\\\/2024\\\/11\\\/planet-volumes-3eXgkMpE-pQ-unsplash.webp\",\"datePublished\":\"2026-04-23T04:15:33+00:00\",\"description\":\"Le tribunal judiciaire de Paris, statuant en la personne du juge de la mise en \u00e9tat, a rendu une ordonnance le trente septembre deux mille vingt-cinq. Cette ...\",\"breadcrumb\":{\"@id\":\"https:\\\/\\\/kohenavocats.com\\\/ru\\\/tribunal-judiciaire-de-paris-le-30-septembre-2025-n16-16730\\\/#breadcrumb\"},\"inLanguage\":\"ru-RU\",\"potentialAction\":[{\"@type\":\"ReadAction\",\"target\":[\"https:\\\/\\\/kohenavocats.com\\\/ru\\\/tribunal-judiciaire-de-paris-le-30-septembre-2025-n16-16730\\\/\"]}]},{\"@type\":\"ImageObject\",\"inLanguage\":\"ru-RU\",\"@id\":\"https:\\\/\\\/kohenavocats.com\\\/ru\\\/tribunal-judiciaire-de-paris-le-30-septembre-2025-n16-16730\\\/#primaryimage\",\"url\":\"https:\\\/\\\/kohenavocats.com\\\/wp-content\\\/uploads\\\/2024\\\/11\\\/planet-volumes-3eXgkMpE-pQ-unsplash.webp\",\"contentUrl\":\"https:\\\/\\\/kohenavocats.com\\\/wp-content\\\/uploads\\\/2024\\\/11\\\/planet-volumes-3eXgkMpE-pQ-unsplash.webp\",\"width\":2200,\"height\":3500},{\"@type\":\"BreadcrumbList\",\"@id\":\"https:\\\/\\\/kohenavocats.com\\\/ru\\\/tribunal-judiciaire-de-paris-le-30-septembre-2025-n16-16730\\\/#breadcrumb\",\"itemListElement\":[{\"@type\":\"ListItem\",\"position\":1,\"name\":\"Home\",\"item\":\"https:\\\/\\\/kohenavocats.com\\\/ru\\\/avocats-en-droit-penal-a-paris-conseil-et-defense-strategique\\\/\"},{\"@type\":\"ListItem\",\"position\":2,\"name\":\"Tribunal judiciaire de Paris, le 30 septembre 2025, n\u00b016\\\/16730\"}]},{\"@type\":\"WebSite\",\"@id\":\"https:\\\/\\\/kohenavocats.com\\\/ru\\\/#website\",\"url\":\"https:\\\/\\\/kohenavocats.com\\\/ru\\\/\",\"name\":\"Kohen Avocats\",\"description\":\"Ma\u00eetre Hassan Kohen, avocat p\u00e9naliste \u00e0 Paris, intervient exclusivement en droit p\u00e9nal pour la d\u00e9fense des particuliers, notamment en mati\u00e8re d\u2019accusations de viol. Il assure un accompagnement rigoureux d\u00e8s la garde \u00e0 vue jusqu\u2019\u00e0 la Cour d\u2019assises, veillant au strict respect des garanties proc\u00e9durales.\",\"publisher\":{\"@id\":\"https:\\\/\\\/kohenavocats.com\\\/ru\\\/#organization\"},\"potentialAction\":[{\"@type\":\"SearchAction\",\"target\":{\"@type\":\"EntryPoint\",\"urlTemplate\":\"https:\\\/\\\/kohenavocats.com\\\/ru\\\/?s={search_term_string}\"},\"query-input\":{\"@type\":\"PropertyValueSpecification\",\"valueRequired\":true,\"valueName\":\"search_term_string\"}}],\"inLanguage\":\"ru-RU\"},{\"@type\":\"Organization\",\"@id\":\"https:\\\/\\\/kohenavocats.com\\\/ru\\\/#organization\",\"name\":\"Kohen Avocats\",\"url\":\"https:\\\/\\\/kohenavocats.com\\\/ru\\\/\",\"logo\":{\"@type\":\"ImageObject\",\"inLanguage\":\"ru-RU\",\"@id\":\"https:\\\/\\\/kohenavocats.com\\\/ru\\\/#\\\/schema\\\/logo\\\/image\\\/\",\"url\":\"https:\\\/\\\/kohenavocats.com\\\/wp-content\\\/uploads\\\/2026\\\/01\\\/Logo-2-1.webp\",\"contentUrl\":\"https:\\\/\\\/kohenavocats.com\\\/wp-content\\\/uploads\\\/2026\\\/01\\\/Logo-2-1.webp\",\"width\":2114,\"height\":1253,\"caption\":\"Kohen Avocats\"},\"image\":{\"@id\":\"https:\\\/\\\/kohenavocats.com\\\/ru\\\/#\\\/schema\\\/logo\\\/image\\\/\"}},{\"@type\":\"Person\",\"@id\":\"https:\\\/\\\/kohenavocats.com\\\/ru\\\/#\\\/schema\\\/person\\\/761c9ba54fa1ca84d405cef0831ff751\",\"name\":\"Kohen\",\"image\":{\"@type\":\"ImageObject\",\"inLanguage\":\"ru-RU\",\"@id\":\"https:\\\/\\\/secure.gravatar.com\\\/avatar\\\/1c5e76ef76bbbfdd2b4da984e2bf2fa4056fd51a27d25ce2c332047f1dfd6e00?s=96&d=identicon&r=g\",\"url\":\"https:\\\/\\\/secure.gravatar.com\\\/avatar\\\/1c5e76ef76bbbfdd2b4da984e2bf2fa4056fd51a27d25ce2c332047f1dfd6e00?s=96&d=identicon&r=g\",\"contentUrl\":\"https:\\\/\\\/secure.gravatar.com\\\/avatar\\\/1c5e76ef76bbbfdd2b4da984e2bf2fa4056fd51a27d25ce2c332047f1dfd6e00?s=96&d=identicon&r=g\",\"caption\":\"Kohen\"},\"sameAs\":[\"https:\\\/\\\/www.linkedin.com\\\/in\\\/hassan-kohen-448548192\\\/\",\"https:\\\/\\\/www.youtube.com\\\/@Kohen-Avocats\"],\"url\":\"https:\\\/\\\/kohenavocats.com\\\/ru\\\/author\\\/kohenmlk\\\/\"}]}<\/script>\n<!-- \/ Yoast SEO Premium plugin. -->","yoast_head_json":{"title":"Tribunal judiciaire de Paris, le 30 septembre 2025, n\u00b016\/16730 - Ma\u00eetre Hassan Kohen, avocat en droit p\u00e9nal \u00e0 Paris","description":"Le tribunal judiciaire de Paris, statuant en la personne du juge de la mise en \u00e9tat, a rendu une ordonnance le trente septembre deux mille vingt-cinq. Cette ...","robots":{"index":"index","follow":"follow","max-snippet":"max-snippet:-1","max-image-preview":"max-image-preview:large","max-video-preview":"max-video-preview:-1"},"canonical":"https:\/\/kohenavocats.com\/ru\/tribunal-judiciaire-de-paris-le-30-septembre-2025-n16-16730\/","og_locale":"ru_RU","og_type":"article","og_title":"Tribunal judiciaire de Paris, le 30 septembre 2025, n\u00b016\/16730","og_description":"Le tribunal judiciaire de Paris, statuant en la personne du juge de la mise en \u00e9tat, a rendu une ordonnance le trente septembre deux mille vingt-cinq. Cette ...","og_url":"https:\/\/kohenavocats.com\/ru\/tribunal-judiciaire-de-paris-le-30-septembre-2025-n16-16730\/","og_site_name":"Ma\u00eetre Hassan Kohen, avocat en droit p\u00e9nal \u00e0 Paris","article_published_time":"2026-04-23T04:15:33+00:00","og_image":[{"width":2200,"height":3500,"url":"https:\/\/kohenavocats.com\/wp-content\/uploads\/2024\/11\/planet-volumes-3eXgkMpE-pQ-unsplash.webp","type":"image\/webp"}],"author":"Kohen","twitter_card":"summary_large_image","twitter_misc":{"\u041d\u0430\u043f\u0438\u0441\u0430\u043d\u043e \u0430\u0432\u0442\u043e\u0440\u043e\u043c":"Kohen","\u041f\u0440\u0438\u043c\u0435\u0440\u043d\u043e\u0435 \u0432\u0440\u0435\u043c\u044f \u0434\u043b\u044f \u0447\u0442\u0435\u043d\u0438\u044f":"3 \u043c\u0438\u043d\u0443\u0442\u044b"},"schema":{"@context":"https:\/\/schema.org","@graph":[{"@type":"Article","@id":"https:\/\/kohenavocats.com\/ru\/tribunal-judiciaire-de-paris-le-30-septembre-2025-n16-16730\/#article","isPartOf":{"@id":"https:\/\/kohenavocats.com\/ru\/tribunal-judiciaire-de-paris-le-30-septembre-2025-n16-16730\/"},"author":{"name":"Kohen","@id":"https:\/\/kohenavocats.com\/ru\/#\/schema\/person\/761c9ba54fa1ca84d405cef0831ff751"},"headline":"Tribunal judiciaire de Paris, le 30 septembre 2025, n\u00b016\/16730","datePublished":"2026-04-23T04:15:33+00:00","mainEntityOfPage":{"@id":"https:\/\/kohenavocats.com\/ru\/tribunal-judiciaire-de-paris-le-30-septembre-2025-n16-16730\/"},"wordCount":680,"commentCount":0,"publisher":{"@id":"https:\/\/kohenavocats.com\/ru\/#organization"},"image":{"@id":"https:\/\/kohenavocats.com\/ru\/tribunal-judiciaire-de-paris-le-30-septembre-2025-n16-16730\/#primaryimage"},"thumbnailUrl":"https:\/\/kohenavocats.com\/wp-content\/uploads\/2024\/11\/planet-volumes-3eXgkMpE-pQ-unsplash.webp","articleSection":["Jurisprudence"],"inLanguage":"ru-RU","potentialAction":[{"@type":"CommentAction","name":"Comment","target":["https:\/\/kohenavocats.com\/ru\/tribunal-judiciaire-de-paris-le-30-septembre-2025-n16-16730\/#respond"]}],"citation":"Tribunal judiciaire de Paris, le 30 septembre 2025, n\u00b016\/16730","about":[{"@type":"Thing","name":"Jurisprudence"}],"dateModified":"2026-04-23T04:15:33+00:00","speakable":{"@type":"SpeakableSpecification","cssSelector":[".article-content > p:first-of-type"]}},{"@type":"WebPage","@id":"https:\/\/kohenavocats.com\/ru\/tribunal-judiciaire-de-paris-le-30-septembre-2025-n16-16730\/","url":"https:\/\/kohenavocats.com\/ru\/tribunal-judiciaire-de-paris-le-30-septembre-2025-n16-16730\/","name":"Tribunal judiciaire de Paris, le 30 septembre 2025, n\u00b016\/16730 - Ma\u00eetre Hassan Kohen, avocat en droit p\u00e9nal \u00e0 Paris","isPartOf":{"@id":"https:\/\/kohenavocats.com\/ru\/#website"},"primaryImageOfPage":{"@id":"https:\/\/kohenavocats.com\/ru\/tribunal-judiciaire-de-paris-le-30-septembre-2025-n16-16730\/#primaryimage"},"image":{"@id":"https:\/\/kohenavocats.com\/ru\/tribunal-judiciaire-de-paris-le-30-septembre-2025-n16-16730\/#primaryimage"},"thumbnailUrl":"https:\/\/kohenavocats.com\/wp-content\/uploads\/2024\/11\/planet-volumes-3eXgkMpE-pQ-unsplash.webp","datePublished":"2026-04-23T04:15:33+00:00","description":"Le tribunal judiciaire de Paris, statuant en la personne du juge de la mise en \u00e9tat, a rendu une ordonnance le trente septembre deux mille vingt-cinq. Cette ...","breadcrumb":{"@id":"https:\/\/kohenavocats.com\/ru\/tribunal-judiciaire-de-paris-le-30-septembre-2025-n16-16730\/#breadcrumb"},"inLanguage":"ru-RU","potentialAction":[{"@type":"ReadAction","target":["https:\/\/kohenavocats.com\/ru\/tribunal-judiciaire-de-paris-le-30-septembre-2025-n16-16730\/"]}]},{"@type":"ImageObject","inLanguage":"ru-RU","@id":"https:\/\/kohenavocats.com\/ru\/tribunal-judiciaire-de-paris-le-30-septembre-2025-n16-16730\/#primaryimage","url":"https:\/\/kohenavocats.com\/wp-content\/uploads\/2024\/11\/planet-volumes-3eXgkMpE-pQ-unsplash.webp","contentUrl":"https:\/\/kohenavocats.com\/wp-content\/uploads\/2024\/11\/planet-volumes-3eXgkMpE-pQ-unsplash.webp","width":2200,"height":3500},{"@type":"BreadcrumbList","@id":"https:\/\/kohenavocats.com\/ru\/tribunal-judiciaire-de-paris-le-30-septembre-2025-n16-16730\/#breadcrumb","itemListElement":[{"@type":"ListItem","position":1,"name":"Home","item":"https:\/\/kohenavocats.com\/ru\/avocats-en-droit-penal-a-paris-conseil-et-defense-strategique\/"},{"@type":"ListItem","position":2,"name":"Tribunal judiciaire de Paris, le 30 septembre 2025, n\u00b016\/16730"}]},{"@type":"WebSite","@id":"https:\/\/kohenavocats.com\/ru\/#website","url":"https:\/\/kohenavocats.com\/ru\/","name":"Kohen Avocats","description":"Ma\u00eetre Hassan Kohen, avocat p\u00e9naliste \u00e0 Paris, intervient exclusivement en droit p\u00e9nal pour la d\u00e9fense des particuliers, notamment en mati\u00e8re d\u2019accusations de viol. Il assure un accompagnement rigoureux d\u00e8s la garde \u00e0 vue jusqu\u2019\u00e0 la Cour d\u2019assises, veillant au strict respect des garanties proc\u00e9durales.","publisher":{"@id":"https:\/\/kohenavocats.com\/ru\/#organization"},"potentialAction":[{"@type":"SearchAction","target":{"@type":"EntryPoint","urlTemplate":"https:\/\/kohenavocats.com\/ru\/?s={search_term_string}"},"query-input":{"@type":"PropertyValueSpecification","valueRequired":true,"valueName":"search_term_string"}}],"inLanguage":"ru-RU"},{"@type":"Organization","@id":"https:\/\/kohenavocats.com\/ru\/#organization","name":"Kohen Avocats","url":"https:\/\/kohenavocats.com\/ru\/","logo":{"@type":"ImageObject","inLanguage":"ru-RU","@id":"https:\/\/kohenavocats.com\/ru\/#\/schema\/logo\/image\/","url":"https:\/\/kohenavocats.com\/wp-content\/uploads\/2026\/01\/Logo-2-1.webp","contentUrl":"https:\/\/kohenavocats.com\/wp-content\/uploads\/2026\/01\/Logo-2-1.webp","width":2114,"height":1253,"caption":"Kohen Avocats"},"image":{"@id":"https:\/\/kohenavocats.com\/ru\/#\/schema\/logo\/image\/"}},{"@type":"Person","@id":"https:\/\/kohenavocats.com\/ru\/#\/schema\/person\/761c9ba54fa1ca84d405cef0831ff751","name":"Kohen","image":{"@type":"ImageObject","inLanguage":"ru-RU","@id":"https:\/\/secure.gravatar.com\/avatar\/1c5e76ef76bbbfdd2b4da984e2bf2fa4056fd51a27d25ce2c332047f1dfd6e00?s=96&d=identicon&r=g","url":"https:\/\/secure.gravatar.com\/avatar\/1c5e76ef76bbbfdd2b4da984e2bf2fa4056fd51a27d25ce2c332047f1dfd6e00?s=96&d=identicon&r=g","contentUrl":"https:\/\/secure.gravatar.com\/avatar\/1c5e76ef76bbbfdd2b4da984e2bf2fa4056fd51a27d25ce2c332047f1dfd6e00?s=96&d=identicon&r=g","caption":"Kohen"},"sameAs":["https:\/\/www.linkedin.com\/in\/hassan-kohen-448548192\/","https:\/\/www.youtube.com\/@Kohen-Avocats"],"url":"https:\/\/kohenavocats.com\/ru\/author\/kohenmlk\/"}]}},"jetpack_featured_media_url":"https:\/\/kohenavocats.com\/wp-content\/uploads\/2024\/11\/planet-volumes-3eXgkMpE-pQ-unsplash.webp","jetpack_likes_enabled":false,"jetpack_shortlink":"https:\/\/wp.me\/peCrII-2KBd","jetpack-related-posts":[{"id":666881,"url":"https:\/\/kohenavocats.com\/ru\/cour-dappel-de-paris-le-23-septembre-2025-n24-02541\/","url_meta":{"origin":655787,"position":0},"title":"Cour d&#8217;appel de Paris, le 23 septembre 2025, n\u00b024\/02541","author":"Kohen","date":"24.04.2026","format":false,"excerpt":"La cour d'appel de Paris, tribunal judiciaire de Bobigny, rend le 23 septembre 2025 une ordonnance avant dire droit. L'affaire concerne le refus d'attributio...","rel":"","context":"\u0412 &quot;Jurisprudence&quot;","block_context":{"text":"Jurisprudence","link":"https:\/\/kohenavocats.com\/category\/jurisprudence\/"},"img":{"alt_text":"","src":"https:\/\/i0.wp.com\/kohenavocats.com\/wp-content\/uploads\/2024\/06\/robin-ooode-A5hD0BMzsbo-unsplash.webp?resize=350%2C200&ssl=1","width":350,"height":200,"srcset":"https:\/\/i0.wp.com\/kohenavocats.com\/wp-content\/uploads\/2024\/06\/robin-ooode-A5hD0BMzsbo-unsplash.webp?resize=350%2C200&ssl=1 1x, https:\/\/i0.wp.com\/kohenavocats.com\/wp-content\/uploads\/2024\/06\/robin-ooode-A5hD0BMzsbo-unsplash.webp?resize=525%2C300&ssl=1 1.5x, https:\/\/i0.wp.com\/kohenavocats.com\/wp-content\/uploads\/2024\/06\/robin-ooode-A5hD0BMzsbo-unsplash.webp?resize=700%2C400&ssl=1 2x, https:\/\/i0.wp.com\/kohenavocats.com\/wp-content\/uploads\/2024\/06\/robin-ooode-A5hD0BMzsbo-unsplash.webp?resize=1050%2C600&ssl=1 3x, https:\/\/i0.wp.com\/kohenavocats.com\/wp-content\/uploads\/2024\/06\/robin-ooode-A5hD0BMzsbo-unsplash.webp?resize=1400%2C800&ssl=1 4x"},"classes":[]},{"id":640581,"url":"https:\/\/kohenavocats.com\/ru\/cour-dappel-de-paris-le-5-septembre-2025-n25-03208\/","url_meta":{"origin":655787,"position":1},"title":"Cour d&#8217;appel de Paris, le 5 septembre 2025, n\u00b025\/03208","author":"Kohen","date":"21.04.2026","format":false,"excerpt":"La Cour d\u2019appel de Paris, statuant le 5 septembre 2025, confirme une ordonnance d\u2019irrecevabilit\u00e9 d\u2019un appel. Elle rejette un d\u00e9f\u00e9r\u00e9 form\u00e9 contre cette ordonn...","rel":"","context":"\u0412 &quot;Jurisprudence&quot;","block_context":{"text":"Jurisprudence","link":"https:\/\/kohenavocats.com\/category\/jurisprudence\/"},"img":{"alt_text":"","src":"https:\/\/i0.wp.com\/kohenavocats.com\/wp-content\/uploads\/2024\/11\/getty-images-3YlszAwDqLI-unsplash.webp?resize=350%2C200&ssl=1","width":350,"height":200,"srcset":"https:\/\/i0.wp.com\/kohenavocats.com\/wp-content\/uploads\/2024\/11\/getty-images-3YlszAwDqLI-unsplash.webp?resize=350%2C200&ssl=1 1x, https:\/\/i0.wp.com\/kohenavocats.com\/wp-content\/uploads\/2024\/11\/getty-images-3YlszAwDqLI-unsplash.webp?resize=525%2C300&ssl=1 1.5x, https:\/\/i0.wp.com\/kohenavocats.com\/wp-content\/uploads\/2024\/11\/getty-images-3YlszAwDqLI-unsplash.webp?resize=700%2C400&ssl=1 2x, https:\/\/i0.wp.com\/kohenavocats.com\/wp-content\/uploads\/2024\/11\/getty-images-3YlszAwDqLI-unsplash.webp?resize=1050%2C600&ssl=1 3x, https:\/\/i0.wp.com\/kohenavocats.com\/wp-content\/uploads\/2024\/11\/getty-images-3YlszAwDqLI-unsplash.webp?resize=1400%2C800&ssl=1 4x"},"classes":[]},{"id":666503,"url":"https:\/\/kohenavocats.com\/ru\/cour-dappel-de-paris-le-23-septembre-2025-n25-00903\/","url_meta":{"origin":655787,"position":2},"title":"Cour d&#8217;appel de Paris, le 23 septembre 2025, n\u00b025\/00903","author":"Kohen","date":"24.04.2026","format":false,"excerpt":"La cour d'appel de Paris, tribunal judiciaire de Bobigny, rend le 23 septembre 2025 une ordonnance de mise en \u00e9tat. Elle statue sur une contestation du taux ...","rel":"","context":"\u0412 &quot;Droit du travail&quot;","block_context":{"text":"Droit du travail","link":"https:\/\/kohenavocats.com\/category\/droit-du-travail\/"},"img":{"alt_text":"","src":"https:\/\/i0.wp.com\/kohenavocats.com\/wp-content\/uploads\/2024\/08\/waqar-KY7GFNrxoOY-unsplash-2.webp?resize=350%2C200&ssl=1","width":350,"height":200,"srcset":"https:\/\/i0.wp.com\/kohenavocats.com\/wp-content\/uploads\/2024\/08\/waqar-KY7GFNrxoOY-unsplash-2.webp?resize=350%2C200&ssl=1 1x, https:\/\/i0.wp.com\/kohenavocats.com\/wp-content\/uploads\/2024\/08\/waqar-KY7GFNrxoOY-unsplash-2.webp?resize=525%2C300&ssl=1 1.5x, https:\/\/i0.wp.com\/kohenavocats.com\/wp-content\/uploads\/2024\/08\/waqar-KY7GFNrxoOY-unsplash-2.webp?resize=700%2C400&ssl=1 2x, https:\/\/i0.wp.com\/kohenavocats.com\/wp-content\/uploads\/2024\/08\/waqar-KY7GFNrxoOY-unsplash-2.webp?resize=1050%2C600&ssl=1 3x, https:\/\/i0.wp.com\/kohenavocats.com\/wp-content\/uploads\/2024\/08\/waqar-KY7GFNrxoOY-unsplash-2.webp?resize=1400%2C800&ssl=1 4x"},"classes":[]},{"id":683094,"url":"https:\/\/kohenavocats.com\/ru\/tribunal-judiciaire-de-paris-le-17-septembre-2025-n25-00921\/","url_meta":{"origin":655787,"position":3},"title":"Tribunal judiciaire de Paris, le 17 septembre 2025, n\u00b025\/00921","author":"Kohen","date":"25.04.2026","format":false,"excerpt":"Le tribunal judiciaire de Paris, le 17 septembre 2025, se prononce sur une demande en r\u00e9f\u00e9r\u00e9. Une soci\u00e9t\u00e9 demande \u00e0 rendre commune une expertise d\u00e9j\u00e0 ordonn\u00e9...","rel":"","context":"\u0412 &quot;Jurisprudence&quot;","block_context":{"text":"Jurisprudence","link":"https:\/\/kohenavocats.com\/category\/jurisprudence\/"},"img":{"alt_text":"","src":"https:\/\/i0.wp.com\/kohenavocats.com\/wp-content\/uploads\/2024\/06\/tingey-injury-law-firm-nSpj-Z12lX0-unsplash.jpg?resize=350%2C200&ssl=1","width":350,"height":200,"srcset":"https:\/\/i0.wp.com\/kohenavocats.com\/wp-content\/uploads\/2024\/06\/tingey-injury-law-firm-nSpj-Z12lX0-unsplash.jpg?resize=350%2C200&ssl=1 1x, https:\/\/i0.wp.com\/kohenavocats.com\/wp-content\/uploads\/2024\/06\/tingey-injury-law-firm-nSpj-Z12lX0-unsplash.jpg?resize=525%2C300&ssl=1 1.5x, https:\/\/i0.wp.com\/kohenavocats.com\/wp-content\/uploads\/2024\/06\/tingey-injury-law-firm-nSpj-Z12lX0-unsplash.jpg?resize=700%2C400&ssl=1 2x, https:\/\/i0.wp.com\/kohenavocats.com\/wp-content\/uploads\/2024\/06\/tingey-injury-law-firm-nSpj-Z12lX0-unsplash.jpg?resize=1050%2C600&ssl=1 3x, https:\/\/i0.wp.com\/kohenavocats.com\/wp-content\/uploads\/2024\/06\/tingey-injury-law-firm-nSpj-Z12lX0-unsplash.jpg?resize=1400%2C800&ssl=1 4x"},"classes":[]},{"id":660400,"url":"https:\/\/kohenavocats.com\/ru\/cour-dappel-de-paris-le-11-septembre-2024-n25-00178\/","url_meta":{"origin":655787,"position":4},"title":"Cour d&#8217;appel de Paris, le 11 septembre 2024, n\u00b025\/00178","author":"Kohen","date":"23.04.2026","format":false,"excerpt":"La Cour d'appel de Paris, statuant en r\u00e9f\u00e9r\u00e9 le 11 septembre 2024, examine une demande en communication de pi\u00e8ces sur le fondement de l'article 145 du code d...","rel":"","context":"\u0412 &quot;Jurisprudence&quot;","block_context":{"text":"Jurisprudence","link":"https:\/\/kohenavocats.com\/category\/jurisprudence\/"},"img":{"alt_text":"","src":"https:\/\/i0.wp.com\/kohenavocats.com\/wp-content\/uploads\/2024\/07\/inaki-del-olmo-NIJuEQw0RKg-unsplash.webp?resize=350%2C200&ssl=1","width":350,"height":200,"srcset":"https:\/\/i0.wp.com\/kohenavocats.com\/wp-content\/uploads\/2024\/07\/inaki-del-olmo-NIJuEQw0RKg-unsplash.webp?resize=350%2C200&ssl=1 1x, https:\/\/i0.wp.com\/kohenavocats.com\/wp-content\/uploads\/2024\/07\/inaki-del-olmo-NIJuEQw0RKg-unsplash.webp?resize=525%2C300&ssl=1 1.5x, https:\/\/i0.wp.com\/kohenavocats.com\/wp-content\/uploads\/2024\/07\/inaki-del-olmo-NIJuEQw0RKg-unsplash.webp?resize=700%2C400&ssl=1 2x, https:\/\/i0.wp.com\/kohenavocats.com\/wp-content\/uploads\/2024\/07\/inaki-del-olmo-NIJuEQw0RKg-unsplash.webp?resize=1050%2C600&ssl=1 3x, https:\/\/i0.wp.com\/kohenavocats.com\/wp-content\/uploads\/2024\/07\/inaki-del-olmo-NIJuEQw0RKg-unsplash.webp?resize=1400%2C800&ssl=1 4x"},"classes":[]},{"id":655611,"url":"https:\/\/kohenavocats.com\/ru\/tribunal-judiciaire-de-paris-le-30-septembre-2025-n24-00948\/","url_meta":{"origin":655787,"position":5},"title":"Tribunal judiciaire de Paris, le 30 septembre 2025, n\u00b024\/00948","author":"Kohen","date":"23.04.2026","format":false,"excerpt":"Le tribunal judiciaire, statuant en mati\u00e8re de contentieux de la protection, rend un jugement avant dire droit le trente septembre deux mille vingt-cinq. L'a...","rel":"","context":"\u0412 &quot;Jurisprudence&quot;","block_context":{"text":"Jurisprudence","link":"https:\/\/kohenavocats.com\/category\/jurisprudence\/"},"img":{"alt_text":"","src":"https:\/\/i0.wp.com\/kohenavocats.com\/wp-content\/uploads\/2024\/11\/laura-adai-cc4Z4TqvPOg-unsplash.webp?resize=350%2C200&ssl=1","width":350,"height":200,"srcset":"https:\/\/i0.wp.com\/kohenavocats.com\/wp-content\/uploads\/2024\/11\/laura-adai-cc4Z4TqvPOg-unsplash.webp?resize=350%2C200&ssl=1 1x, https:\/\/i0.wp.com\/kohenavocats.com\/wp-content\/uploads\/2024\/11\/laura-adai-cc4Z4TqvPOg-unsplash.webp?resize=525%2C300&ssl=1 1.5x, https:\/\/i0.wp.com\/kohenavocats.com\/wp-content\/uploads\/2024\/11\/laura-adai-cc4Z4TqvPOg-unsplash.webp?resize=700%2C400&ssl=1 2x, https:\/\/i0.wp.com\/kohenavocats.com\/wp-content\/uploads\/2024\/11\/laura-adai-cc4Z4TqvPOg-unsplash.webp?resize=1050%2C600&ssl=1 3x, https:\/\/i0.wp.com\/kohenavocats.com\/wp-content\/uploads\/2024\/11\/laura-adai-cc4Z4TqvPOg-unsplash.webp?resize=1400%2C800&ssl=1 4x"},"classes":[]}],"jetpack_sharing_enabled":true,"_links":{"self":[{"href":"https:\/\/kohenavocats.com\/ru\/wp-json\/wp\/v2\/posts\/655787","targetHints":{"allow":["GET"]}}],"collection":[{"href":"https:\/\/kohenavocats.com\/ru\/wp-json\/wp\/v2\/posts"}],"about":[{"href":"https:\/\/kohenavocats.com\/ru\/wp-json\/wp\/v2\/types\/post"}],"author":[{"embeddable":true,"href":"https:\/\/kohenavocats.com\/ru\/wp-json\/wp\/v2\/users\/232070755"}],"replies":[{"embeddable":true,"href":"https:\/\/kohenavocats.com\/ru\/wp-json\/wp\/v2\/comments?post=655787"}],"version-history":[{"count":0,"href":"https:\/\/kohenavocats.com\/ru\/wp-json\/wp\/v2\/posts\/655787\/revisions"}],"wp:featuredmedia":[{"embeddable":true,"href":"https:\/\/kohenavocats.com\/ru\/wp-json\/wp\/v2\/media\/9492"}],"wp:attachment":[{"href":"https:\/\/kohenavocats.com\/ru\/wp-json\/wp\/v2\/media?parent=655787"}],"wp:term":[{"taxonomy":"category","embeddable":true,"href":"https:\/\/kohenavocats.com\/ru\/wp-json\/wp\/v2\/categories?post=655787"},{"taxonomy":"post_tag","embeddable":true,"href":"https:\/\/kohenavocats.com\/ru\/wp-json\/wp\/v2\/tags?post=655787"}],"curies":[{"name":"wp","href":"https:\/\/api.w.org\/{rel}","templated":true}]}}