{"id":655905,"date":"2026-04-23T06:28:19","date_gmt":"2026-04-23T04:28:19","guid":{"rendered":"https:\/\/kohenavocats.com\/tribunal-judiciaire-de-rennes-le-30-septembre-2025-n24-00009\/"},"modified":"2026-04-23T06:28:19","modified_gmt":"2026-04-23T04:28:19","slug":"tribunal-judiciaire-de-rennes-le-30-septembre-2025-n24-00009","status":"publish","type":"post","link":"https:\/\/kohenavocats.com\/ru\/tribunal-judiciaire-de-rennes-le-30-septembre-2025-n24-00009\/","title":{"rendered":"Tribunal judiciaire de Rennes, le 30 septembre 2025, n\u00b024\/00009"},"content":{"rendered":"<div class=\"article-content\">\n<p>Le tribunal paritaire des baux ruraux, statuant en premier ressort, a annul\u00e9 par jugement un bail rural sign\u00e9 par un octog\u00e9naire. L\u2019acte fut conclu peu avant l\u2019ouverture d\u2019une mesure de tutelle \u00e0 son encontre. La juridiction a retenu la nullit\u00e9 du contrat pour insanit\u00e9 d\u2019esprit du bailleur au moment de son consentement. Elle a \u00e9galement allou\u00e9 des indemnit\u00e9s au propri\u00e9taire et ordonn\u00e9 l\u2019\u00e9vacuation des lieux.<\/p>\n<p>L\u2019appr\u00e9ciation in concreto de l\u2019alt\u00e9ration des facult\u00e9s mentales<\/p>\n<p>Le juge op\u00e8re une analyse concr\u00e8te des circonstances entourant la conclusion de l\u2019acte. Il rel\u00e8ve les signes patents de confusion du consentement lors des rendez-vous notariaux. Le futur prot\u00e9g\u00e9 manifestait une volont\u00e9 contradictoire quant \u00e0 l\u2019identit\u00e9 du preneur. &#171;Manifestement, cet \u00e9tat de confusion mentale doit \u00eatre mis en lien avec les troubles mn\u00e9siques&#187; (Motifs). Cette approche atteste que le trouble doit \u00eatre appr\u00e9ci\u00e9 au moment pr\u00e9cis de la signature. La preuve de l\u2019alt\u00e9ration s\u2019appuie ainsi sur un faisceau d\u2019indices convergents et contemporains.<\/p>\n<p>La d\u00e9cision d\u00e9montre que l\u2019expertise m\u00e9dicale post\u00e9rieure \u00e9claire le pass\u00e9 juridique. Le certificat du m\u00e9decin expert, intervenu six semaines apr\u00e8s, constate une alt\u00e9ration des facult\u00e9s mentales. Le juge des tutelles en a d\u00e9duit la n\u00e9cessit\u00e9 d\u2019une repr\u00e9sentation continue. &#171;Il en r\u00e9sulte que Monsieur n\u2019\u00e9tait pas sain d\u2019esprit lorsqu\u2019il a donn\u00e9 procuration&#187; (Motifs). La jurisprudence rappelle que &#171;l\u2019insanit\u00e9 d\u2019esprit peut \u00eatre d\u00e9finie comme toutes les vari\u00e9t\u00e9s d&#8217;affections mentales suffisamment graves&#187; (Tribunal judiciaire de B\u00e9thune, le 17 juin 2025, n\u00b023\/00314). La port\u00e9e de l\u2019arr\u00eat est de valider la r\u00e9troactivit\u00e9 du diagnostic m\u00e9dical pour \u00e9tablir le vice de consentement.<\/p>\n<p>Les cons\u00e9quences civiles de la nullit\u00e9 pour insanit\u00e9 d\u2019esprit<\/p>\n<p>L\u2019annulation du bail entra\u00eene la remise en \u00e9tat ant\u00e9rieur et la r\u00e9paration int\u00e9grale du pr\u00e9judice. Le juge ordonne la lib\u00e9ration des terres et une indemnit\u00e9 d\u2019occupation calcul\u00e9e sur le dernier fermage connu. Il retient \u00e9galement un pr\u00e9judice moral li\u00e9 \u00e0 la pression subie par le propri\u00e9taire vuln\u00e9rable. &#171;Monsieur a \u00e9t\u00e9 press\u00e9 d\u2019accepter un contrat qu\u2019il ne souhaitait pas concr\u00e9tiser&#187; (Motifs). La solution assure une protection effective de la personne dont les facult\u00e9s \u00e9taient alt\u00e9r\u00e9es.<\/p>\n<p>La condamnation au paiement de dommages-int\u00e9r\u00eats sanctionne le comportement du cocontractant. Le juge rel\u00e8ve l\u2019empressement douteux et l\u2019obtention d\u2019une procuration hors la pr\u00e9sence du notaire. Ceci d\u00e9montre que la connaissance de la vuln\u00e9rabilit\u00e9 peut engager la responsabilit\u00e9. La d\u00e9cision \u00e9carte les demandes reconventionnelles de la preneuse. Elle condamne cette derni\u00e8re aux d\u00e9pens et aux frais non compris. La port\u00e9e est de dissuader l\u2019exploitation de la faiblesse d\u2019autrui dans les relations contractuelles.<\/p>\n<\/div>\n","protected":false},"excerpt":{"rendered":"<p>Le tribunal paritaire des baux ruraux, statuant en premier ressort, a annul\u00e9 par jugement un bail rural sign\u00e9 par un octog\u00e9naire. L\u2019acte fut conclu peu avant&#8230;<\/p>\n","protected":false},"author":232070755,"featured_media":4880,"comment_status":"open","ping_status":"open","sticky":false,"template":"","format":"standard","meta":{"_crdt_document":"","_jetpack_newsletter_access":"","_jetpack_dont_email_post_to_subs":false,"_jetpack_newsletter_tier_id":0,"_jetpack_memberships_contains_paywalled_content":false,"_kj_source_type":"judilibre","_kj_official_id":"68dec6126af9fd1f809501cf","_kj_official_url":"https:\/\/www.courdecassation.fr\/decision\/68dec6126af9fd1f809501cf","_kj_judilibre_id":"68dec6126af9fd1f809501cf","_kj_jur":"Tribunal judiciaire","_kj_lieu":"Tribunal judiciaire de Rennes","_kj_chambre":"TPBR","_kj_rg":"24\/00009","_kj_date":"2025-09-30","_jetpack_memberships_contains_paid_content":false,"footnotes":"","jetpack_post_was_ever_published":false},"categories":[7597],"tags":[],"class_list":["post-655905","post","type-post","status-publish","format-standard","has-post-thumbnail","hentry","category-jurisprudence"],"yoast_head":"<!-- This site is optimized with the Yoast SEO Premium plugin v27.5 (Yoast SEO v27.5) - https:\/\/yoast.com\/product\/yoast-seo-premium-wordpress\/ -->\n<title>Tribunal judiciaire de Rennes, le 30 septembre 2025, n\u00b024\/00009 - Ma\u00eetre Hassan Kohen, avocat en droit p\u00e9nal \u00e0 Paris<\/title>\n<meta name=\"description\" content=\"Le tribunal paritaire des baux ruraux, statuant en premier ressort, a annul\u00e9 par jugement un bail rural sign\u00e9 par un octog\u00e9naire. L\u2019acte fut conclu peu avant...\" \/>\n<meta name=\"robots\" content=\"index, follow, max-snippet:-1, max-image-preview:large, max-video-preview:-1\" \/>\n<link rel=\"canonical\" href=\"https:\/\/kohenavocats.com\/ru\/tribunal-judiciaire-de-rennes-le-30-septembre-2025-n24-00009\/\" \/>\n<meta property=\"og:locale\" content=\"ru_RU\" \/>\n<meta property=\"og:type\" content=\"article\" \/>\n<meta property=\"og:title\" content=\"Tribunal judiciaire de Rennes, le 30 septembre 2025, n\u00b024\/00009\" \/>\n<meta property=\"og:description\" content=\"Le tribunal paritaire des baux ruraux, statuant en premier ressort, a annul\u00e9 par jugement un bail rural sign\u00e9 par un octog\u00e9naire. L\u2019acte fut conclu peu avant...\" \/>\n<meta property=\"og:url\" content=\"https:\/\/kohenavocats.com\/ru\/tribunal-judiciaire-de-rennes-le-30-septembre-2025-n24-00009\/\" \/>\n<meta property=\"og:site_name\" content=\"Ma\u00eetre Hassan Kohen, avocat en droit p\u00e9nal \u00e0 Paris\" \/>\n<meta property=\"article:published_time\" content=\"2026-04-23T04:28:19+00:00\" \/>\n<meta property=\"og:image\" content=\"https:\/\/kohenavocats.com\/wp-content\/uploads\/2024\/08\/stephanie-leblanc-h5RH0srRrwY-unsplash.webp\" \/>\n\t<meta property=\"og:image:width\" content=\"6240\" \/>\n\t<meta property=\"og:image:height\" content=\"4160\" \/>\n\t<meta property=\"og:image:type\" content=\"image\/webp\" \/>\n<meta name=\"author\" content=\"Kohen\" \/>\n<meta name=\"twitter:card\" content=\"summary_large_image\" \/>\n<meta name=\"twitter:label1\" content=\"\u041d\u0430\u043f\u0438\u0441\u0430\u043d\u043e \u0430\u0432\u0442\u043e\u0440\u043e\u043c\" \/>\n\t<meta name=\"twitter:data1\" content=\"Kohen\" \/>\n\t<meta name=\"twitter:label2\" content=\"\u041f\u0440\u0438\u043c\u0435\u0440\u043d\u043e\u0435 \u0432\u0440\u0435\u043c\u044f \u0434\u043b\u044f \u0447\u0442\u0435\u043d\u0438\u044f\" \/>\n\t<meta name=\"twitter:data2\" content=\"2 \u043c\u0438\u043d\u0443\u0442\u044b\" \/>\n<script type=\"application\/ld+json\" class=\"yoast-schema-graph\">{\"@context\":\"https:\\\/\\\/schema.org\",\"@graph\":[{\"@type\":\"Article\",\"@id\":\"https:\\\/\\\/kohenavocats.com\\\/ru\\\/tribunal-judiciaire-de-rennes-le-30-septembre-2025-n24-00009\\\/#article\",\"isPartOf\":{\"@id\":\"https:\\\/\\\/kohenavocats.com\\\/ru\\\/tribunal-judiciaire-de-rennes-le-30-septembre-2025-n24-00009\\\/\"},\"author\":{\"name\":\"Kohen\",\"@id\":\"https:\\\/\\\/kohenavocats.com\\\/ru\\\/#\\\/schema\\\/person\\\/761c9ba54fa1ca84d405cef0831ff751\"},\"headline\":\"Tribunal judiciaire de Rennes, le 30 septembre 2025, n\u00b024\\\/00009\",\"datePublished\":\"2026-04-23T04:28:19+00:00\",\"mainEntityOfPage\":{\"@id\":\"https:\\\/\\\/kohenavocats.com\\\/ru\\\/tribunal-judiciaire-de-rennes-le-30-septembre-2025-n24-00009\\\/\"},\"wordCount\":497,\"commentCount\":0,\"publisher\":{\"@id\":\"https:\\\/\\\/kohenavocats.com\\\/ru\\\/#organization\"},\"image\":{\"@id\":\"https:\\\/\\\/kohenavocats.com\\\/ru\\\/tribunal-judiciaire-de-rennes-le-30-septembre-2025-n24-00009\\\/#primaryimage\"},\"thumbnailUrl\":\"https:\\\/\\\/kohenavocats.com\\\/wp-content\\\/uploads\\\/2024\\\/08\\\/stephanie-leblanc-h5RH0srRrwY-unsplash.webp\",\"articleSection\":[\"Jurisprudence\"],\"inLanguage\":\"ru-RU\",\"potentialAction\":[{\"@type\":\"CommentAction\",\"name\":\"Comment\",\"target\":[\"https:\\\/\\\/kohenavocats.com\\\/ru\\\/tribunal-judiciaire-de-rennes-le-30-septembre-2025-n24-00009\\\/#respond\"]}],\"citation\":\"Tribunal judiciaire de Rennes, le 30 septembre 2025, n\u00b024\\\/00009\",\"about\":[{\"@type\":\"Thing\",\"name\":\"Jurisprudence\"}],\"dateModified\":\"2026-04-23T04:28:19+00:00\",\"speakable\":{\"@type\":\"SpeakableSpecification\",\"cssSelector\":[\".article-content > p:first-of-type\"]}},{\"@type\":\"WebPage\",\"@id\":\"https:\\\/\\\/kohenavocats.com\\\/ru\\\/tribunal-judiciaire-de-rennes-le-30-septembre-2025-n24-00009\\\/\",\"url\":\"https:\\\/\\\/kohenavocats.com\\\/ru\\\/tribunal-judiciaire-de-rennes-le-30-septembre-2025-n24-00009\\\/\",\"name\":\"Tribunal judiciaire de Rennes, le 30 septembre 2025, n\u00b024\\\/00009 - Ma\u00eetre Hassan Kohen, avocat en droit p\u00e9nal \u00e0 Paris\",\"isPartOf\":{\"@id\":\"https:\\\/\\\/kohenavocats.com\\\/ru\\\/#website\"},\"primaryImageOfPage\":{\"@id\":\"https:\\\/\\\/kohenavocats.com\\\/ru\\\/tribunal-judiciaire-de-rennes-le-30-septembre-2025-n24-00009\\\/#primaryimage\"},\"image\":{\"@id\":\"https:\\\/\\\/kohenavocats.com\\\/ru\\\/tribunal-judiciaire-de-rennes-le-30-septembre-2025-n24-00009\\\/#primaryimage\"},\"thumbnailUrl\":\"https:\\\/\\\/kohenavocats.com\\\/wp-content\\\/uploads\\\/2024\\\/08\\\/stephanie-leblanc-h5RH0srRrwY-unsplash.webp\",\"datePublished\":\"2026-04-23T04:28:19+00:00\",\"description\":\"Le tribunal paritaire des baux ruraux, statuant en premier ressort, a annul\u00e9 par jugement un bail rural sign\u00e9 par un octog\u00e9naire. L\u2019acte fut conclu peu avant...\",\"breadcrumb\":{\"@id\":\"https:\\\/\\\/kohenavocats.com\\\/ru\\\/tribunal-judiciaire-de-rennes-le-30-septembre-2025-n24-00009\\\/#breadcrumb\"},\"inLanguage\":\"ru-RU\",\"potentialAction\":[{\"@type\":\"ReadAction\",\"target\":[\"https:\\\/\\\/kohenavocats.com\\\/ru\\\/tribunal-judiciaire-de-rennes-le-30-septembre-2025-n24-00009\\\/\"]}]},{\"@type\":\"ImageObject\",\"inLanguage\":\"ru-RU\",\"@id\":\"https:\\\/\\\/kohenavocats.com\\\/ru\\\/tribunal-judiciaire-de-rennes-le-30-septembre-2025-n24-00009\\\/#primaryimage\",\"url\":\"https:\\\/\\\/kohenavocats.com\\\/wp-content\\\/uploads\\\/2024\\\/08\\\/stephanie-leblanc-h5RH0srRrwY-unsplash.webp\",\"contentUrl\":\"https:\\\/\\\/kohenavocats.com\\\/wp-content\\\/uploads\\\/2024\\\/08\\\/stephanie-leblanc-h5RH0srRrwY-unsplash.webp\",\"width\":6240,\"height\":4160},{\"@type\":\"BreadcrumbList\",\"@id\":\"https:\\\/\\\/kohenavocats.com\\\/ru\\\/tribunal-judiciaire-de-rennes-le-30-septembre-2025-n24-00009\\\/#breadcrumb\",\"itemListElement\":[{\"@type\":\"ListItem\",\"position\":1,\"name\":\"Home\",\"item\":\"https:\\\/\\\/kohenavocats.com\\\/ru\\\/avocats-en-droit-penal-a-paris-conseil-et-defense-strategique\\\/\"},{\"@type\":\"ListItem\",\"position\":2,\"name\":\"Tribunal judiciaire de Rennes, le 30 septembre 2025, n\u00b024\\\/00009\"}]},{\"@type\":\"WebSite\",\"@id\":\"https:\\\/\\\/kohenavocats.com\\\/ru\\\/#website\",\"url\":\"https:\\\/\\\/kohenavocats.com\\\/ru\\\/\",\"name\":\"Kohen Avocats\",\"description\":\"Ma\u00eetre Hassan Kohen, avocat p\u00e9naliste \u00e0 Paris, intervient exclusivement en droit p\u00e9nal pour la d\u00e9fense des particuliers, notamment en mati\u00e8re d\u2019accusations de viol. Il assure un accompagnement rigoureux d\u00e8s la garde \u00e0 vue jusqu\u2019\u00e0 la Cour d\u2019assises, veillant au strict respect des garanties proc\u00e9durales.\",\"publisher\":{\"@id\":\"https:\\\/\\\/kohenavocats.com\\\/ru\\\/#organization\"},\"potentialAction\":[{\"@type\":\"SearchAction\",\"target\":{\"@type\":\"EntryPoint\",\"urlTemplate\":\"https:\\\/\\\/kohenavocats.com\\\/ru\\\/?s={search_term_string}\"},\"query-input\":{\"@type\":\"PropertyValueSpecification\",\"valueRequired\":true,\"valueName\":\"search_term_string\"}}],\"inLanguage\":\"ru-RU\"},{\"@type\":\"Organization\",\"@id\":\"https:\\\/\\\/kohenavocats.com\\\/ru\\\/#organization\",\"name\":\"Kohen Avocats\",\"url\":\"https:\\\/\\\/kohenavocats.com\\\/ru\\\/\",\"logo\":{\"@type\":\"ImageObject\",\"inLanguage\":\"ru-RU\",\"@id\":\"https:\\\/\\\/kohenavocats.com\\\/ru\\\/#\\\/schema\\\/logo\\\/image\\\/\",\"url\":\"https:\\\/\\\/kohenavocats.com\\\/wp-content\\\/uploads\\\/2026\\\/01\\\/Logo-2-1.webp\",\"contentUrl\":\"https:\\\/\\\/kohenavocats.com\\\/wp-content\\\/uploads\\\/2026\\\/01\\\/Logo-2-1.webp\",\"width\":2114,\"height\":1253,\"caption\":\"Kohen Avocats\"},\"image\":{\"@id\":\"https:\\\/\\\/kohenavocats.com\\\/ru\\\/#\\\/schema\\\/logo\\\/image\\\/\"}},{\"@type\":\"Person\",\"@id\":\"https:\\\/\\\/kohenavocats.com\\\/ru\\\/#\\\/schema\\\/person\\\/761c9ba54fa1ca84d405cef0831ff751\",\"name\":\"Kohen\",\"image\":{\"@type\":\"ImageObject\",\"inLanguage\":\"ru-RU\",\"@id\":\"https:\\\/\\\/secure.gravatar.com\\\/avatar\\\/1c5e76ef76bbbfdd2b4da984e2bf2fa4056fd51a27d25ce2c332047f1dfd6e00?s=96&d=identicon&r=g\",\"url\":\"https:\\\/\\\/secure.gravatar.com\\\/avatar\\\/1c5e76ef76bbbfdd2b4da984e2bf2fa4056fd51a27d25ce2c332047f1dfd6e00?s=96&d=identicon&r=g\",\"contentUrl\":\"https:\\\/\\\/secure.gravatar.com\\\/avatar\\\/1c5e76ef76bbbfdd2b4da984e2bf2fa4056fd51a27d25ce2c332047f1dfd6e00?s=96&d=identicon&r=g\",\"caption\":\"Kohen\"},\"sameAs\":[\"https:\\\/\\\/www.linkedin.com\\\/in\\\/hassan-kohen-448548192\\\/\",\"https:\\\/\\\/www.youtube.com\\\/@Kohen-Avocats\"],\"url\":\"https:\\\/\\\/kohenavocats.com\\\/ru\\\/author\\\/kohenmlk\\\/\"}]}<\/script>\n<!-- \/ Yoast SEO Premium plugin. -->","yoast_head_json":{"title":"Tribunal judiciaire de Rennes, le 30 septembre 2025, n\u00b024\/00009 - Ma\u00eetre Hassan Kohen, avocat en droit p\u00e9nal \u00e0 Paris","description":"Le tribunal paritaire des baux ruraux, statuant en premier ressort, a annul\u00e9 par jugement un bail rural sign\u00e9 par un octog\u00e9naire. L\u2019acte fut conclu peu avant...","robots":{"index":"index","follow":"follow","max-snippet":"max-snippet:-1","max-image-preview":"max-image-preview:large","max-video-preview":"max-video-preview:-1"},"canonical":"https:\/\/kohenavocats.com\/ru\/tribunal-judiciaire-de-rennes-le-30-septembre-2025-n24-00009\/","og_locale":"ru_RU","og_type":"article","og_title":"Tribunal judiciaire de Rennes, le 30 septembre 2025, n\u00b024\/00009","og_description":"Le tribunal paritaire des baux ruraux, statuant en premier ressort, a annul\u00e9 par jugement un bail rural sign\u00e9 par un octog\u00e9naire. L\u2019acte fut conclu peu avant...","og_url":"https:\/\/kohenavocats.com\/ru\/tribunal-judiciaire-de-rennes-le-30-septembre-2025-n24-00009\/","og_site_name":"Ma\u00eetre Hassan Kohen, avocat en droit p\u00e9nal \u00e0 Paris","article_published_time":"2026-04-23T04:28:19+00:00","og_image":[{"width":6240,"height":4160,"url":"https:\/\/kohenavocats.com\/wp-content\/uploads\/2024\/08\/stephanie-leblanc-h5RH0srRrwY-unsplash.webp","type":"image\/webp"}],"author":"Kohen","twitter_card":"summary_large_image","twitter_misc":{"\u041d\u0430\u043f\u0438\u0441\u0430\u043d\u043e \u0430\u0432\u0442\u043e\u0440\u043e\u043c":"Kohen","\u041f\u0440\u0438\u043c\u0435\u0440\u043d\u043e\u0435 \u0432\u0440\u0435\u043c\u044f \u0434\u043b\u044f \u0447\u0442\u0435\u043d\u0438\u044f":"2 \u043c\u0438\u043d\u0443\u0442\u044b"},"schema":{"@context":"https:\/\/schema.org","@graph":[{"@type":"Article","@id":"https:\/\/kohenavocats.com\/ru\/tribunal-judiciaire-de-rennes-le-30-septembre-2025-n24-00009\/#article","isPartOf":{"@id":"https:\/\/kohenavocats.com\/ru\/tribunal-judiciaire-de-rennes-le-30-septembre-2025-n24-00009\/"},"author":{"name":"Kohen","@id":"https:\/\/kohenavocats.com\/ru\/#\/schema\/person\/761c9ba54fa1ca84d405cef0831ff751"},"headline":"Tribunal judiciaire de Rennes, le 30 septembre 2025, n\u00b024\/00009","datePublished":"2026-04-23T04:28:19+00:00","mainEntityOfPage":{"@id":"https:\/\/kohenavocats.com\/ru\/tribunal-judiciaire-de-rennes-le-30-septembre-2025-n24-00009\/"},"wordCount":497,"commentCount":0,"publisher":{"@id":"https:\/\/kohenavocats.com\/ru\/#organization"},"image":{"@id":"https:\/\/kohenavocats.com\/ru\/tribunal-judiciaire-de-rennes-le-30-septembre-2025-n24-00009\/#primaryimage"},"thumbnailUrl":"https:\/\/kohenavocats.com\/wp-content\/uploads\/2024\/08\/stephanie-leblanc-h5RH0srRrwY-unsplash.webp","articleSection":["Jurisprudence"],"inLanguage":"ru-RU","potentialAction":[{"@type":"CommentAction","name":"Comment","target":["https:\/\/kohenavocats.com\/ru\/tribunal-judiciaire-de-rennes-le-30-septembre-2025-n24-00009\/#respond"]}],"citation":"Tribunal judiciaire de Rennes, le 30 septembre 2025, n\u00b024\/00009","about":[{"@type":"Thing","name":"Jurisprudence"}],"dateModified":"2026-04-23T04:28:19+00:00","speakable":{"@type":"SpeakableSpecification","cssSelector":[".article-content > p:first-of-type"]}},{"@type":"WebPage","@id":"https:\/\/kohenavocats.com\/ru\/tribunal-judiciaire-de-rennes-le-30-septembre-2025-n24-00009\/","url":"https:\/\/kohenavocats.com\/ru\/tribunal-judiciaire-de-rennes-le-30-septembre-2025-n24-00009\/","name":"Tribunal judiciaire de Rennes, le 30 septembre 2025, n\u00b024\/00009 - Ma\u00eetre Hassan Kohen, avocat en droit p\u00e9nal \u00e0 Paris","isPartOf":{"@id":"https:\/\/kohenavocats.com\/ru\/#website"},"primaryImageOfPage":{"@id":"https:\/\/kohenavocats.com\/ru\/tribunal-judiciaire-de-rennes-le-30-septembre-2025-n24-00009\/#primaryimage"},"image":{"@id":"https:\/\/kohenavocats.com\/ru\/tribunal-judiciaire-de-rennes-le-30-septembre-2025-n24-00009\/#primaryimage"},"thumbnailUrl":"https:\/\/kohenavocats.com\/wp-content\/uploads\/2024\/08\/stephanie-leblanc-h5RH0srRrwY-unsplash.webp","datePublished":"2026-04-23T04:28:19+00:00","description":"Le tribunal paritaire des baux ruraux, statuant en premier ressort, a annul\u00e9 par jugement un bail rural sign\u00e9 par un octog\u00e9naire. L\u2019acte fut conclu peu avant...","breadcrumb":{"@id":"https:\/\/kohenavocats.com\/ru\/tribunal-judiciaire-de-rennes-le-30-septembre-2025-n24-00009\/#breadcrumb"},"inLanguage":"ru-RU","potentialAction":[{"@type":"ReadAction","target":["https:\/\/kohenavocats.com\/ru\/tribunal-judiciaire-de-rennes-le-30-septembre-2025-n24-00009\/"]}]},{"@type":"ImageObject","inLanguage":"ru-RU","@id":"https:\/\/kohenavocats.com\/ru\/tribunal-judiciaire-de-rennes-le-30-septembre-2025-n24-00009\/#primaryimage","url":"https:\/\/kohenavocats.com\/wp-content\/uploads\/2024\/08\/stephanie-leblanc-h5RH0srRrwY-unsplash.webp","contentUrl":"https:\/\/kohenavocats.com\/wp-content\/uploads\/2024\/08\/stephanie-leblanc-h5RH0srRrwY-unsplash.webp","width":6240,"height":4160},{"@type":"BreadcrumbList","@id":"https:\/\/kohenavocats.com\/ru\/tribunal-judiciaire-de-rennes-le-30-septembre-2025-n24-00009\/#breadcrumb","itemListElement":[{"@type":"ListItem","position":1,"name":"Home","item":"https:\/\/kohenavocats.com\/ru\/avocats-en-droit-penal-a-paris-conseil-et-defense-strategique\/"},{"@type":"ListItem","position":2,"name":"Tribunal judiciaire de Rennes, le 30 septembre 2025, n\u00b024\/00009"}]},{"@type":"WebSite","@id":"https:\/\/kohenavocats.com\/ru\/#website","url":"https:\/\/kohenavocats.com\/ru\/","name":"Kohen Avocats","description":"Ma\u00eetre Hassan Kohen, avocat p\u00e9naliste \u00e0 Paris, intervient exclusivement en droit p\u00e9nal pour la d\u00e9fense des particuliers, notamment en mati\u00e8re d\u2019accusations de viol. Il assure un accompagnement rigoureux d\u00e8s la garde \u00e0 vue jusqu\u2019\u00e0 la Cour d\u2019assises, veillant au strict respect des garanties proc\u00e9durales.","publisher":{"@id":"https:\/\/kohenavocats.com\/ru\/#organization"},"potentialAction":[{"@type":"SearchAction","target":{"@type":"EntryPoint","urlTemplate":"https:\/\/kohenavocats.com\/ru\/?s={search_term_string}"},"query-input":{"@type":"PropertyValueSpecification","valueRequired":true,"valueName":"search_term_string"}}],"inLanguage":"ru-RU"},{"@type":"Organization","@id":"https:\/\/kohenavocats.com\/ru\/#organization","name":"Kohen Avocats","url":"https:\/\/kohenavocats.com\/ru\/","logo":{"@type":"ImageObject","inLanguage":"ru-RU","@id":"https:\/\/kohenavocats.com\/ru\/#\/schema\/logo\/image\/","url":"https:\/\/kohenavocats.com\/wp-content\/uploads\/2026\/01\/Logo-2-1.webp","contentUrl":"https:\/\/kohenavocats.com\/wp-content\/uploads\/2026\/01\/Logo-2-1.webp","width":2114,"height":1253,"caption":"Kohen Avocats"},"image":{"@id":"https:\/\/kohenavocats.com\/ru\/#\/schema\/logo\/image\/"}},{"@type":"Person","@id":"https:\/\/kohenavocats.com\/ru\/#\/schema\/person\/761c9ba54fa1ca84d405cef0831ff751","name":"Kohen","image":{"@type":"ImageObject","inLanguage":"ru-RU","@id":"https:\/\/secure.gravatar.com\/avatar\/1c5e76ef76bbbfdd2b4da984e2bf2fa4056fd51a27d25ce2c332047f1dfd6e00?s=96&d=identicon&r=g","url":"https:\/\/secure.gravatar.com\/avatar\/1c5e76ef76bbbfdd2b4da984e2bf2fa4056fd51a27d25ce2c332047f1dfd6e00?s=96&d=identicon&r=g","contentUrl":"https:\/\/secure.gravatar.com\/avatar\/1c5e76ef76bbbfdd2b4da984e2bf2fa4056fd51a27d25ce2c332047f1dfd6e00?s=96&d=identicon&r=g","caption":"Kohen"},"sameAs":["https:\/\/www.linkedin.com\/in\/hassan-kohen-448548192\/","https:\/\/www.youtube.com\/@Kohen-Avocats"],"url":"https:\/\/kohenavocats.com\/ru\/author\/kohenmlk\/"}]}},"jetpack_featured_media_url":"https:\/\/kohenavocats.com\/wp-content\/uploads\/2024\/08\/stephanie-leblanc-h5RH0srRrwY-unsplash.webp","jetpack_likes_enabled":false,"jetpack_shortlink":"https:\/\/wp.me\/peCrII-2KD7","jetpack-related-posts":[{"id":663971,"url":"https:\/\/kohenavocats.com\/ru\/cour-dappel-le-25-septembre-2025-n24-02661\/","url_meta":{"origin":655905,"position":0},"title":"Cour d&#8217;appel, le 25 septembre 2025, n\u00b024\/02661","author":"Kohen","date":"23.04.2026","format":false,"excerpt":"La cour d'appel, statuant en date non pr\u00e9cis\u00e9e, a examin\u00e9 un litige relatif \u00e0 la validit\u00e9 d'un bail rural. Le preneur contestait la recevabilit\u00e9 de l'action ...","rel":"","context":"\u0412 &quot;Jurisprudence&quot;","block_context":{"text":"Jurisprudence","link":"https:\/\/kohenavocats.com\/category\/jurisprudence\/"},"img":{"alt_text":"","src":"https:\/\/i0.wp.com\/kohenavocats.com\/wp-content\/uploads\/2024\/08\/doctor-tinieblas-0HVonrT2MBM-unsplash.webp?resize=350%2C200&ssl=1","width":350,"height":200,"srcset":"https:\/\/i0.wp.com\/kohenavocats.com\/wp-content\/uploads\/2024\/08\/doctor-tinieblas-0HVonrT2MBM-unsplash.webp?resize=350%2C200&ssl=1 1x, https:\/\/i0.wp.com\/kohenavocats.com\/wp-content\/uploads\/2024\/08\/doctor-tinieblas-0HVonrT2MBM-unsplash.webp?resize=525%2C300&ssl=1 1.5x, https:\/\/i0.wp.com\/kohenavocats.com\/wp-content\/uploads\/2024\/08\/doctor-tinieblas-0HVonrT2MBM-unsplash.webp?resize=700%2C400&ssl=1 2x, https:\/\/i0.wp.com\/kohenavocats.com\/wp-content\/uploads\/2024\/08\/doctor-tinieblas-0HVonrT2MBM-unsplash.webp?resize=1050%2C600&ssl=1 3x, https:\/\/i0.wp.com\/kohenavocats.com\/wp-content\/uploads\/2024\/08\/doctor-tinieblas-0HVonrT2MBM-unsplash.webp?resize=1400%2C800&ssl=1 4x"},"classes":[]},{"id":660639,"url":"https:\/\/kohenavocats.com\/ru\/cour-dappel-de-bourg-en-bresse-le-26-septembre-2025-n24-00562\/","url_meta":{"origin":655905,"position":1},"title":"Cour d&#8217;appel de Bourg-en-Bresse, le 26 septembre 2025, n\u00b024\/00562","author":"Kohen","date":"23.04.2026","format":false,"excerpt":"La Cour d'appel de Bourg-en-Bresse, le 26 septembre 2025, statue sur un litige concernant l'existence d'un bail rural verbal. Suite au d\u00e9c\u00e8s du preneur histo...","rel":"","context":"\u0412 &quot;Jurisprudence&quot;","block_context":{"text":"Jurisprudence","link":"https:\/\/kohenavocats.com\/category\/jurisprudence\/"},"img":{"alt_text":"","src":"https:\/\/i0.wp.com\/kohenavocats.com\/wp-content\/uploads\/2024\/07\/clarisse-meyer-jKU2NneZAbI-unsplash.webp?resize=350%2C200&ssl=1","width":350,"height":200,"srcset":"https:\/\/i0.wp.com\/kohenavocats.com\/wp-content\/uploads\/2024\/07\/clarisse-meyer-jKU2NneZAbI-unsplash.webp?resize=350%2C200&ssl=1 1x, https:\/\/i0.wp.com\/kohenavocats.com\/wp-content\/uploads\/2024\/07\/clarisse-meyer-jKU2NneZAbI-unsplash.webp?resize=525%2C300&ssl=1 1.5x, https:\/\/i0.wp.com\/kohenavocats.com\/wp-content\/uploads\/2024\/07\/clarisse-meyer-jKU2NneZAbI-unsplash.webp?resize=700%2C400&ssl=1 2x, https:\/\/i0.wp.com\/kohenavocats.com\/wp-content\/uploads\/2024\/07\/clarisse-meyer-jKU2NneZAbI-unsplash.webp?resize=1050%2C600&ssl=1 3x, https:\/\/i0.wp.com\/kohenavocats.com\/wp-content\/uploads\/2024\/07\/clarisse-meyer-jKU2NneZAbI-unsplash.webp?resize=1400%2C800&ssl=1 4x"},"classes":[]},{"id":635030,"url":"https:\/\/kohenavocats.com\/ru\/cour-dappel-de-colmar-le-7-mai-2025-n23-03055\/","url_meta":{"origin":655905,"position":2},"title":"Cour d&#8217;appel de Colmar, le 7 mai 2025, n\u00b023\/03055","author":"Kohen","date":"21.04.2026","format":false,"excerpt":"La Cour d'appel de Colmar, statuant le 7 mai 2025, examine un litige relatif \u00e0 la validit\u00e9 d'un cong\u00e9 d\u00e9livr\u00e9 par une commune \u00e0 un preneur de bail rural. La ...","rel":"","context":"\u0412 &quot;Jurisprudence&quot;","block_context":{"text":"Jurisprudence","link":"https:\/\/kohenavocats.com\/category\/jurisprudence\/"},"img":{"alt_text":"","src":"https:\/\/i0.wp.com\/kohenavocats.com\/wp-content\/uploads\/2024\/08\/chris-linnett-aoJDcEy2tBo-unsplash.webp?resize=350%2C200&ssl=1","width":350,"height":200,"srcset":"https:\/\/i0.wp.com\/kohenavocats.com\/wp-content\/uploads\/2024\/08\/chris-linnett-aoJDcEy2tBo-unsplash.webp?resize=350%2C200&ssl=1 1x, https:\/\/i0.wp.com\/kohenavocats.com\/wp-content\/uploads\/2024\/08\/chris-linnett-aoJDcEy2tBo-unsplash.webp?resize=525%2C300&ssl=1 1.5x, https:\/\/i0.wp.com\/kohenavocats.com\/wp-content\/uploads\/2024\/08\/chris-linnett-aoJDcEy2tBo-unsplash.webp?resize=700%2C400&ssl=1 2x, https:\/\/i0.wp.com\/kohenavocats.com\/wp-content\/uploads\/2024\/08\/chris-linnett-aoJDcEy2tBo-unsplash.webp?resize=1050%2C600&ssl=1 3x, https:\/\/i0.wp.com\/kohenavocats.com\/wp-content\/uploads\/2024\/08\/chris-linnett-aoJDcEy2tBo-unsplash.webp?resize=1400%2C800&ssl=1 4x"},"classes":[]},{"id":685447,"url":"https:\/\/kohenavocats.com\/ru\/cour-dappel-de-bastia-le-2-juillet-2025-n25-00131\/","url_meta":{"origin":655905,"position":3},"title":"Cour d&#8217;appel de Bastia, le 2 juillet 2025, n\u00b025\/00131","author":"Kohen","date":"25.04.2026","format":false,"excerpt":"Par un arr\u00eat rendu le 2 juillet 2025, la Cour d'appel de Bastia, chambre civile, tranche un conflit de comp\u00e9tence li\u00e9 \u00e0 un litige agricole. Des propri\u00e9taires...","rel":"","context":"\u0412 &quot;Jurisprudence&quot;","block_context":{"text":"Jurisprudence","link":"https:\/\/kohenavocats.com\/category\/jurisprudence\/"},"img":{"alt_text":"","src":"https:\/\/i0.wp.com\/kohenavocats.com\/wp-content\/uploads\/2024\/07\/annie-spratt-GWCvnsMtiBg-unsplash.webp?resize=350%2C200&ssl=1","width":350,"height":200,"srcset":"https:\/\/i0.wp.com\/kohenavocats.com\/wp-content\/uploads\/2024\/07\/annie-spratt-GWCvnsMtiBg-unsplash.webp?resize=350%2C200&ssl=1 1x, https:\/\/i0.wp.com\/kohenavocats.com\/wp-content\/uploads\/2024\/07\/annie-spratt-GWCvnsMtiBg-unsplash.webp?resize=525%2C300&ssl=1 1.5x, https:\/\/i0.wp.com\/kohenavocats.com\/wp-content\/uploads\/2024\/07\/annie-spratt-GWCvnsMtiBg-unsplash.webp?resize=700%2C400&ssl=1 2x, https:\/\/i0.wp.com\/kohenavocats.com\/wp-content\/uploads\/2024\/07\/annie-spratt-GWCvnsMtiBg-unsplash.webp?resize=1050%2C600&ssl=1 3x, https:\/\/i0.wp.com\/kohenavocats.com\/wp-content\/uploads\/2024\/07\/annie-spratt-GWCvnsMtiBg-unsplash.webp?resize=1400%2C800&ssl=1 4x"},"classes":[]},{"id":478037,"url":"https:\/\/kohenavocats.com\/ru\/tribunal-judiciaire-de-auxerre-le-4-decembre-2025-n24-00006\/","url_meta":{"origin":655905,"position":4},"title":"Tribunal judiciaire de Auxerre, le 4 d\u00e9cembre 2025, n\u00b024\/00006","author":"Kohen","date":"07.04.2026","format":false,"excerpt":"Tribunal judiciaire de Bordeaux, statuant en mati\u00e8re rurale, rejette la demande en nullit\u00e9 d'un cong\u00e9 d\u00e9livr\u00e9 par une bailleresse. La d\u00e9cision \u00e9carte success...","rel":"","context":"\u0412 &quot;Jurisprudence&quot;","block_context":{"text":"Jurisprudence","link":"https:\/\/kohenavocats.com\/category\/jurisprudence\/"},"img":{"alt_text":"","src":"https:\/\/i0.wp.com\/kohenavocats.com\/wp-content\/uploads\/2024\/08\/daniel-bustos-KfhRfj6ZQPY-unsplash.webp?resize=350%2C200&ssl=1","width":350,"height":200,"srcset":"https:\/\/i0.wp.com\/kohenavocats.com\/wp-content\/uploads\/2024\/08\/daniel-bustos-KfhRfj6ZQPY-unsplash.webp?resize=350%2C200&ssl=1 1x, https:\/\/i0.wp.com\/kohenavocats.com\/wp-content\/uploads\/2024\/08\/daniel-bustos-KfhRfj6ZQPY-unsplash.webp?resize=525%2C300&ssl=1 1.5x, https:\/\/i0.wp.com\/kohenavocats.com\/wp-content\/uploads\/2024\/08\/daniel-bustos-KfhRfj6ZQPY-unsplash.webp?resize=700%2C400&ssl=1 2x, https:\/\/i0.wp.com\/kohenavocats.com\/wp-content\/uploads\/2024\/08\/daniel-bustos-KfhRfj6ZQPY-unsplash.webp?resize=1050%2C600&ssl=1 3x, https:\/\/i0.wp.com\/kohenavocats.com\/wp-content\/uploads\/2024\/08\/daniel-bustos-KfhRfj6ZQPY-unsplash.webp?resize=1400%2C800&ssl=1 4x"},"classes":[]},{"id":32881,"url":"https:\/\/kohenavocats.com\/ru\/cour-dappel-de-orleans-le-23-juillet-2025-n24-02920\/","url_meta":{"origin":655905,"position":5},"title":"Cour d&#8217;appel de Orl\u00e9ans, le 23 juillet 2025, n\u00b024\/02920","author":"Kohen","date":"05.11.2025","format":false,"excerpt":"Par un arr\u00eat du 23 juillet 2025, la Cour d'appel d'Orl\u00e9ans statue sur un litige de bail rural m\u00ealant bail verbal all\u00e9gu\u00e9, nullit\u00e9 d\u2019un bail de 1989 et cession prohib\u00e9e. Les biens litigieux, constitu\u00e9s de parcelles viticoles, avaient fait l\u2019objet d\u2019un bail du 29 novembre 1979 consenti \u00e0 deux preneurs,\u2026","rel":"","context":"\u0412 &quot;Cour d'appel&quot;","block_context":{"text":"Cour d'appel","link":"https:\/\/kohenavocats.com\/category\/cour-dappel\/"},"img":{"alt_text":"","src":"https:\/\/i0.wp.com\/kohenavocats.com\/wp-content\/uploads\/2024\/08\/felix-fuchs-P4NdKIesk_A-unsplash.webp?resize=350%2C200&ssl=1","width":350,"height":200,"srcset":"https:\/\/i0.wp.com\/kohenavocats.com\/wp-content\/uploads\/2024\/08\/felix-fuchs-P4NdKIesk_A-unsplash.webp?resize=350%2C200&ssl=1 1x, https:\/\/i0.wp.com\/kohenavocats.com\/wp-content\/uploads\/2024\/08\/felix-fuchs-P4NdKIesk_A-unsplash.webp?resize=525%2C300&ssl=1 1.5x, https:\/\/i0.wp.com\/kohenavocats.com\/wp-content\/uploads\/2024\/08\/felix-fuchs-P4NdKIesk_A-unsplash.webp?resize=700%2C400&ssl=1 2x, https:\/\/i0.wp.com\/kohenavocats.com\/wp-content\/uploads\/2024\/08\/felix-fuchs-P4NdKIesk_A-unsplash.webp?resize=1050%2C600&ssl=1 3x, https:\/\/i0.wp.com\/kohenavocats.com\/wp-content\/uploads\/2024\/08\/felix-fuchs-P4NdKIesk_A-unsplash.webp?resize=1400%2C800&ssl=1 4x"},"classes":[]}],"jetpack_sharing_enabled":true,"_links":{"self":[{"href":"https:\/\/kohenavocats.com\/ru\/wp-json\/wp\/v2\/posts\/655905","targetHints":{"allow":["GET"]}}],"collection":[{"href":"https:\/\/kohenavocats.com\/ru\/wp-json\/wp\/v2\/posts"}],"about":[{"href":"https:\/\/kohenavocats.com\/ru\/wp-json\/wp\/v2\/types\/post"}],"author":[{"embeddable":true,"href":"https:\/\/kohenavocats.com\/ru\/wp-json\/wp\/v2\/users\/232070755"}],"replies":[{"embeddable":true,"href":"https:\/\/kohenavocats.com\/ru\/wp-json\/wp\/v2\/comments?post=655905"}],"version-history":[{"count":0,"href":"https:\/\/kohenavocats.com\/ru\/wp-json\/wp\/v2\/posts\/655905\/revisions"}],"wp:featuredmedia":[{"embeddable":true,"href":"https:\/\/kohenavocats.com\/ru\/wp-json\/wp\/v2\/media\/4880"}],"wp:attachment":[{"href":"https:\/\/kohenavocats.com\/ru\/wp-json\/wp\/v2\/media?parent=655905"}],"wp:term":[{"taxonomy":"category","embeddable":true,"href":"https:\/\/kohenavocats.com\/ru\/wp-json\/wp\/v2\/categories?post=655905"},{"taxonomy":"post_tag","embeddable":true,"href":"https:\/\/kohenavocats.com\/ru\/wp-json\/wp\/v2\/tags?post=655905"}],"curies":[{"name":"wp","href":"https:\/\/api.w.org\/{rel}","templated":true}]}}