{"id":656599,"date":"2026-04-23T07:38:26","date_gmt":"2026-04-23T05:38:26","guid":{"rendered":"https:\/\/kohenavocats.com\/tribunal-judiciaire-de-mulhouse-le-30-septembre-2025-n25-00565\/"},"modified":"2026-04-23T07:38:26","modified_gmt":"2026-04-23T05:38:26","slug":"tribunal-judiciaire-de-mulhouse-le-30-septembre-2025-n25-00565","status":"publish","type":"post","link":"https:\/\/kohenavocats.com\/ru\/tribunal-judiciaire-de-mulhouse-le-30-septembre-2025-n25-00565\/","title":{"rendered":"Tribunal judiciaire de Mulhouse, le 30 septembre 2025, n\u00b025\/00565"},"content":{"rendered":"<div class=\"article-content\">\n<p>Le tribunal judiciaire, statuant par d\u00e9faut le 30 septembre 2025, a examin\u00e9 un litige contractuel relatif \u00e0 des travaux de r\u00e9novation. La partie demanderesse avait vers\u00e9 une somme pour des travaux rest\u00e9s largement inachev\u00e9s. Le tribunal a condamn\u00e9 l&#8217;entreprise contractante au remboursement du prix et \u00e0 des dommages-int\u00e9r\u00eats. Il a \u00e9galement prononc\u00e9 une condamnation aux d\u00e9pens et rappel\u00e9 le principe de l&#8217;ex\u00e9cution provisoire de droit.<\/p>\n<p>La sanction de l&#8217;inex\u00e9cution contractuelle<\/p>\n<p>La preuve du manquement contractuel<\/p>\n<p>Le juge rappelle d&#8217;abord les principes g\u00e9n\u00e9raux r\u00e9gissant la charge de la preuve en mati\u00e8re contractuelle. Il souligne que &#171;il revient au cr\u00e9ancier de rapporter la preuve de l\u2019obligation dont il r\u00e9clame l\u2019ex\u00e9cution&#187; (article 1353 du Code civil). En l&#8217;esp\u00e8ce, la preuve de l&#8217;inex\u00e9cution est \u00e9tablie par la combinaison de plusieurs \u00e9l\u00e9ments. Le proc\u00e8s-verbal de commissaire de justice constate l&#8217;\u00e9tat minimal des travaux, notant qu'&#187;aucun mat\u00e9riel de peinture n\u2019a \u00e9t\u00e9 vu dans la pi\u00e8ce&#187;. Cet \u00e9l\u00e9ment factuel est corrobor\u00e9 par les \u00e9changes de messages entre les parties. La d\u00e9fenderesse, en ne comparaisant pas, &#171;\u00e9choue ainsi dans l\u2019administration de la preuve qui lui incombe&#187;. La valeur de cette analyse r\u00e9side dans l&#8217;application rigoureuse des r\u00e8gles probatoires, m\u00eame en l&#8217;absence d&#8217;une partie. La port\u00e9e en est la s\u00e9curisation du cr\u00e9ancier qui peut s&#8217;appuyer sur des constats mat\u00e9riels et des \u00e9crits.<\/p>\n<p>Les sanctions prononc\u00e9es<\/p>\n<p>Face \u00e0 cette inex\u00e9cution, le tribunal applique le r\u00e9gime des sanctions pr\u00e9vues par le code civil. Il rappelle que &#171;la partie envers laquelle l&#8217;engagement n&#8217;a pas \u00e9t\u00e9 ex\u00e9cut\u00e9, ou l&#8217;a \u00e9t\u00e9 imparfaitement, peut [&#8230;] provoquer la r\u00e9solution du contrat [et] demander r\u00e9paration des cons\u00e9quences de l&#8217;inex\u00e9cution&#187; (article 1217 du code civil). La solution retenue combine ainsi la r\u00e9solution du contrat, entra\u00eenant la restitution du prix vers\u00e9, et l&#8217;allocation de dommages-int\u00e9r\u00eats. Cette approche est conforme \u00e0 la jurisprudence qui admet le cumul des sanctions non incompatibles. Le tribunal judiciaire de Strasbourg a par exemple jug\u00e9 que &#171;Les manquements [&#8230;] ont impos\u00e9 \u00e0 [la demanderesse] des d\u00e9marches dont elle aurait pu se dispenser [&#8230;] Ces d\u00e9marches et tracasseries constituent un pr\u00e9judice&#187; (Tribunal judiciaire de Strasbourg, le 23 avril 2025, n\u00b022\/04781). La d\u00e9cision comment\u00e9e en \u00e9tend le principe \u00e0 la r\u00e9paration d&#8217;un pr\u00e9judice \u00e9conomique distinct.<\/p>\n<p>La r\u00e9paration du pr\u00e9judice distinct<\/p>\n<p>Le pr\u00e9judice li\u00e9 \u00e0 l&#8217;impossibilit\u00e9 de louer<\/p>\n<p>Au-del\u00e0 du simple remboursement, le tribunal accueille la demande en r\u00e9paration d&#8217;un pr\u00e9judice autonome. Il se fonde sur l&#8217;article 1231-6 du Code civil, qui pr\u00e9voit des dommages et int\u00e9r\u00eats distincts pour le pr\u00e9judice caus\u00e9 par la mauvaise foi du d\u00e9biteur. Le juge constate qu'&#187;en raison de l\u2019indisponibilit\u00e9 du fait des travaux de r\u00e9fection programm\u00e9s, [la demanderesse] n\u2019a pas pu louer sa chambre&#187;. Ce pr\u00e9judice, \u00e9tay\u00e9 par des messages avec des potentiels locataires, est consid\u00e9r\u00e9 comme ind\u00e9pendant du retard dans l&#8217;ex\u00e9cution. La d\u00e9cision op\u00e8re ainsi une distinction nette entre la sanction de l&#8217;inex\u00e9cution et la r\u00e9paration de ses cons\u00e9quences collat\u00e9rales. Sa valeur tient \u00e0 la reconnaissance concr\u00e8te des pertes de chance \u00e9conomiques subies par le cr\u00e9ancier du fait d&#8217;un contrat non honor\u00e9. Elle encourage une indemnisation compl\u00e8te du pr\u00e9judice subi.<\/p>\n<p>La condamnation aux frais de proc\u00e9dure<\/p>\n<p>Le tribunal compl\u00e8te la r\u00e9paration par une condamnation aux entiers d\u00e9pens. Il applique l&#8217;article 696 du code de proc\u00e9dure civile, selon lequel &#171;la partie perdante est condamn\u00e9e aux d\u00e9pens&#187;. Sont inclus non seulement les frais d&#8217;assignation, mais aussi les frais de constat d&#8217;huissier et de lettre recommand\u00e9e. Cette d\u00e9cision a pour sens de ne pas laisser \u00e0 la partie victorieuse la charge financi\u00e8re de l&#8217;action en justice rendue n\u00e9cessaire par l&#8217;inex\u00e9cution. Sa port\u00e9e est pratique et dissuasive, assurant une r\u00e9paration int\u00e9grale des frais expos\u00e9s. Elle s&#8217;inscrit en coh\u00e9rence avec la jurisprudence qui vise \u00e0 indemniser l&#8217;ensemble des d\u00e9marches induites par le manquement contractuel. Le rappel de l&#8217;ex\u00e9cution provisoire de droit renforce enfin l&#8217;effectivit\u00e9 de la d\u00e9cision au b\u00e9n\u00e9fice du cr\u00e9ancier.<\/p>\n<\/div>\n","protected":false},"excerpt":{"rendered":"<p>Le tribunal judiciaire, statuant par d\u00e9faut le 30 septembre 2025, a examin\u00e9 un litige contractuel relatif \u00e0 des travaux de r\u00e9novation. La partie demanderesse&#8230;<\/p>\n","protected":false},"author":232070755,"featured_media":9641,"comment_status":"open","ping_status":"open","sticky":false,"template":"","format":"standard","meta":{"_crdt_document":"","_jetpack_newsletter_access":"","_jetpack_dont_email_post_to_subs":false,"_jetpack_newsletter_tier_id":0,"_jetpack_memberships_contains_paywalled_content":false,"_kj_source_type":"judilibre","_kj_official_id":"68e57f620e2901d10fa58ee9","_kj_official_url":"https:\/\/www.courdecassation.fr\/decision\/68e57f620e2901d10fa58ee9","_kj_judilibre_id":"68e57f620e2901d10fa58ee9","_kj_jur":"Tribunal judiciaire","_kj_lieu":"Tribunal judiciaire de Mulhouse","_kj_chambre":"PPEP Civil","_kj_rg":"25\/00565","_kj_date":"2025-09-30","_jetpack_memberships_contains_paid_content":false,"footnotes":"","jetpack_post_was_ever_published":false},"categories":[7597],"tags":[],"class_list":["post-656599","post","type-post","status-publish","format-standard","has-post-thumbnail","hentry","category-jurisprudence"],"yoast_head":"<!-- This site is optimized with the Yoast SEO Premium plugin v27.5 (Yoast SEO v27.5) - https:\/\/yoast.com\/product\/yoast-seo-premium-wordpress\/ -->\n<title>Tribunal judiciaire de Mulhouse, le 30 septembre 2025, n\u00b025\/00565 - Ma\u00eetre Hassan Kohen, avocat en droit p\u00e9nal \u00e0 Paris<\/title>\n<meta name=\"description\" content=\"Le tribunal judiciaire, statuant par d\u00e9faut le 30 septembre 2025, a examin\u00e9 un litige contractuel relatif \u00e0 des travaux de r\u00e9novation. La partie demanderesse...\" \/>\n<meta name=\"robots\" content=\"index, follow, max-snippet:-1, max-image-preview:large, max-video-preview:-1\" \/>\n<link rel=\"canonical\" href=\"https:\/\/kohenavocats.com\/ru\/tribunal-judiciaire-de-mulhouse-le-30-septembre-2025-n25-00565\/\" \/>\n<meta property=\"og:locale\" content=\"ru_RU\" \/>\n<meta property=\"og:type\" content=\"article\" \/>\n<meta property=\"og:title\" content=\"Tribunal judiciaire de Mulhouse, le 30 septembre 2025, n\u00b025\/00565\" \/>\n<meta property=\"og:description\" content=\"Le tribunal judiciaire, statuant par d\u00e9faut le 30 septembre 2025, a examin\u00e9 un litige contractuel relatif \u00e0 des travaux de r\u00e9novation. La partie demanderesse...\" \/>\n<meta property=\"og:url\" content=\"https:\/\/kohenavocats.com\/ru\/tribunal-judiciaire-de-mulhouse-le-30-septembre-2025-n25-00565\/\" \/>\n<meta property=\"og:site_name\" content=\"Ma\u00eetre Hassan Kohen, avocat en droit p\u00e9nal \u00e0 Paris\" \/>\n<meta property=\"article:published_time\" content=\"2026-04-23T05:38:26+00:00\" \/>\n<meta property=\"og:image\" content=\"https:\/\/kohenavocats.com\/wp-content\/uploads\/2024\/11\/chris-czermak-PamFFHL6fVY-unsplash.webp\" \/>\n\t<meta property=\"og:image:width\" content=\"4608\" \/>\n\t<meta property=\"og:image:height\" content=\"3456\" \/>\n\t<meta property=\"og:image:type\" content=\"image\/webp\" \/>\n<meta name=\"author\" content=\"Kohen\" \/>\n<meta name=\"twitter:card\" content=\"summary_large_image\" \/>\n<meta name=\"twitter:label1\" content=\"\u041d\u0430\u043f\u0438\u0441\u0430\u043d\u043e \u0430\u0432\u0442\u043e\u0440\u043e\u043c\" \/>\n\t<meta name=\"twitter:data1\" content=\"Kohen\" \/>\n\t<meta name=\"twitter:label2\" content=\"\u041f\u0440\u0438\u043c\u0435\u0440\u043d\u043e\u0435 \u0432\u0440\u0435\u043c\u044f \u0434\u043b\u044f \u0447\u0442\u0435\u043d\u0438\u044f\" \/>\n\t<meta name=\"twitter:data2\" content=\"4 \u043c\u0438\u043d\u0443\u0442\u044b\" \/>\n<script type=\"application\/ld+json\" class=\"yoast-schema-graph\">{\"@context\":\"https:\\\/\\\/schema.org\",\"@graph\":[{\"@type\":\"Article\",\"@id\":\"https:\\\/\\\/kohenavocats.com\\\/ru\\\/tribunal-judiciaire-de-mulhouse-le-30-septembre-2025-n25-00565\\\/#article\",\"isPartOf\":{\"@id\":\"https:\\\/\\\/kohenavocats.com\\\/ru\\\/tribunal-judiciaire-de-mulhouse-le-30-septembre-2025-n25-00565\\\/\"},\"author\":{\"name\":\"Kohen\",\"@id\":\"https:\\\/\\\/kohenavocats.com\\\/ru\\\/#\\\/schema\\\/person\\\/761c9ba54fa1ca84d405cef0831ff751\"},\"headline\":\"Tribunal judiciaire de Mulhouse, le 30 septembre 2025, n\u00b025\\\/00565\",\"datePublished\":\"2026-04-23T05:38:26+00:00\",\"mainEntityOfPage\":{\"@id\":\"https:\\\/\\\/kohenavocats.com\\\/ru\\\/tribunal-judiciaire-de-mulhouse-le-30-septembre-2025-n25-00565\\\/\"},\"wordCount\":752,\"commentCount\":0,\"publisher\":{\"@id\":\"https:\\\/\\\/kohenavocats.com\\\/ru\\\/#organization\"},\"image\":{\"@id\":\"https:\\\/\\\/kohenavocats.com\\\/ru\\\/tribunal-judiciaire-de-mulhouse-le-30-septembre-2025-n25-00565\\\/#primaryimage\"},\"thumbnailUrl\":\"https:\\\/\\\/kohenavocats.com\\\/wp-content\\\/uploads\\\/2024\\\/11\\\/chris-czermak-PamFFHL6fVY-unsplash.webp\",\"articleSection\":[\"Jurisprudence\"],\"inLanguage\":\"ru-RU\",\"potentialAction\":[{\"@type\":\"CommentAction\",\"name\":\"Comment\",\"target\":[\"https:\\\/\\\/kohenavocats.com\\\/ru\\\/tribunal-judiciaire-de-mulhouse-le-30-septembre-2025-n25-00565\\\/#respond\"]}],\"citation\":\"Tribunal judiciaire de Mulhouse, le 30 septembre 2025, n\u00b025\\\/00565\",\"about\":[{\"@type\":\"Thing\",\"name\":\"Jurisprudence\"}],\"dateModified\":\"2026-04-23T05:38:26+00:00\",\"speakable\":{\"@type\":\"SpeakableSpecification\",\"cssSelector\":[\".article-content > p:first-of-type\"]}},{\"@type\":\"WebPage\",\"@id\":\"https:\\\/\\\/kohenavocats.com\\\/ru\\\/tribunal-judiciaire-de-mulhouse-le-30-septembre-2025-n25-00565\\\/\",\"url\":\"https:\\\/\\\/kohenavocats.com\\\/ru\\\/tribunal-judiciaire-de-mulhouse-le-30-septembre-2025-n25-00565\\\/\",\"name\":\"Tribunal judiciaire de Mulhouse, le 30 septembre 2025, n\u00b025\\\/00565 - Ma\u00eetre Hassan Kohen, avocat en droit p\u00e9nal \u00e0 Paris\",\"isPartOf\":{\"@id\":\"https:\\\/\\\/kohenavocats.com\\\/ru\\\/#website\"},\"primaryImageOfPage\":{\"@id\":\"https:\\\/\\\/kohenavocats.com\\\/ru\\\/tribunal-judiciaire-de-mulhouse-le-30-septembre-2025-n25-00565\\\/#primaryimage\"},\"image\":{\"@id\":\"https:\\\/\\\/kohenavocats.com\\\/ru\\\/tribunal-judiciaire-de-mulhouse-le-30-septembre-2025-n25-00565\\\/#primaryimage\"},\"thumbnailUrl\":\"https:\\\/\\\/kohenavocats.com\\\/wp-content\\\/uploads\\\/2024\\\/11\\\/chris-czermak-PamFFHL6fVY-unsplash.webp\",\"datePublished\":\"2026-04-23T05:38:26+00:00\",\"description\":\"Le tribunal judiciaire, statuant par d\u00e9faut le 30 septembre 2025, a examin\u00e9 un litige contractuel relatif \u00e0 des travaux de r\u00e9novation. La partie demanderesse...\",\"breadcrumb\":{\"@id\":\"https:\\\/\\\/kohenavocats.com\\\/ru\\\/tribunal-judiciaire-de-mulhouse-le-30-septembre-2025-n25-00565\\\/#breadcrumb\"},\"inLanguage\":\"ru-RU\",\"potentialAction\":[{\"@type\":\"ReadAction\",\"target\":[\"https:\\\/\\\/kohenavocats.com\\\/ru\\\/tribunal-judiciaire-de-mulhouse-le-30-septembre-2025-n25-00565\\\/\"]}]},{\"@type\":\"ImageObject\",\"inLanguage\":\"ru-RU\",\"@id\":\"https:\\\/\\\/kohenavocats.com\\\/ru\\\/tribunal-judiciaire-de-mulhouse-le-30-septembre-2025-n25-00565\\\/#primaryimage\",\"url\":\"https:\\\/\\\/kohenavocats.com\\\/wp-content\\\/uploads\\\/2024\\\/11\\\/chris-czermak-PamFFHL6fVY-unsplash.webp\",\"contentUrl\":\"https:\\\/\\\/kohenavocats.com\\\/wp-content\\\/uploads\\\/2024\\\/11\\\/chris-czermak-PamFFHL6fVY-unsplash.webp\",\"width\":4608,\"height\":3456},{\"@type\":\"BreadcrumbList\",\"@id\":\"https:\\\/\\\/kohenavocats.com\\\/ru\\\/tribunal-judiciaire-de-mulhouse-le-30-septembre-2025-n25-00565\\\/#breadcrumb\",\"itemListElement\":[{\"@type\":\"ListItem\",\"position\":1,\"name\":\"Home\",\"item\":\"https:\\\/\\\/kohenavocats.com\\\/ru\\\/avocats-en-droit-penal-a-paris-conseil-et-defense-strategique\\\/\"},{\"@type\":\"ListItem\",\"position\":2,\"name\":\"Tribunal judiciaire de Mulhouse, le 30 septembre 2025, n\u00b025\\\/00565\"}]},{\"@type\":\"WebSite\",\"@id\":\"https:\\\/\\\/kohenavocats.com\\\/ru\\\/#website\",\"url\":\"https:\\\/\\\/kohenavocats.com\\\/ru\\\/\",\"name\":\"Kohen Avocats\",\"description\":\"Ma\u00eetre Hassan Kohen, avocat p\u00e9naliste \u00e0 Paris, intervient exclusivement en droit p\u00e9nal pour la d\u00e9fense des particuliers, notamment en mati\u00e8re d\u2019accusations de viol. Il assure un accompagnement rigoureux d\u00e8s la garde \u00e0 vue jusqu\u2019\u00e0 la Cour d\u2019assises, veillant au strict respect des garanties proc\u00e9durales.\",\"publisher\":{\"@id\":\"https:\\\/\\\/kohenavocats.com\\\/ru\\\/#organization\"},\"potentialAction\":[{\"@type\":\"SearchAction\",\"target\":{\"@type\":\"EntryPoint\",\"urlTemplate\":\"https:\\\/\\\/kohenavocats.com\\\/ru\\\/?s={search_term_string}\"},\"query-input\":{\"@type\":\"PropertyValueSpecification\",\"valueRequired\":true,\"valueName\":\"search_term_string\"}}],\"inLanguage\":\"ru-RU\"},{\"@type\":\"Organization\",\"@id\":\"https:\\\/\\\/kohenavocats.com\\\/ru\\\/#organization\",\"name\":\"Kohen Avocats\",\"url\":\"https:\\\/\\\/kohenavocats.com\\\/ru\\\/\",\"logo\":{\"@type\":\"ImageObject\",\"inLanguage\":\"ru-RU\",\"@id\":\"https:\\\/\\\/kohenavocats.com\\\/ru\\\/#\\\/schema\\\/logo\\\/image\\\/\",\"url\":\"https:\\\/\\\/kohenavocats.com\\\/wp-content\\\/uploads\\\/2026\\\/01\\\/Logo-2-1.webp\",\"contentUrl\":\"https:\\\/\\\/kohenavocats.com\\\/wp-content\\\/uploads\\\/2026\\\/01\\\/Logo-2-1.webp\",\"width\":2114,\"height\":1253,\"caption\":\"Kohen Avocats\"},\"image\":{\"@id\":\"https:\\\/\\\/kohenavocats.com\\\/ru\\\/#\\\/schema\\\/logo\\\/image\\\/\"}},{\"@type\":\"Person\",\"@id\":\"https:\\\/\\\/kohenavocats.com\\\/ru\\\/#\\\/schema\\\/person\\\/761c9ba54fa1ca84d405cef0831ff751\",\"name\":\"Kohen\",\"image\":{\"@type\":\"ImageObject\",\"inLanguage\":\"ru-RU\",\"@id\":\"https:\\\/\\\/secure.gravatar.com\\\/avatar\\\/1c5e76ef76bbbfdd2b4da984e2bf2fa4056fd51a27d25ce2c332047f1dfd6e00?s=96&d=identicon&r=g\",\"url\":\"https:\\\/\\\/secure.gravatar.com\\\/avatar\\\/1c5e76ef76bbbfdd2b4da984e2bf2fa4056fd51a27d25ce2c332047f1dfd6e00?s=96&d=identicon&r=g\",\"contentUrl\":\"https:\\\/\\\/secure.gravatar.com\\\/avatar\\\/1c5e76ef76bbbfdd2b4da984e2bf2fa4056fd51a27d25ce2c332047f1dfd6e00?s=96&d=identicon&r=g\",\"caption\":\"Kohen\"},\"sameAs\":[\"https:\\\/\\\/www.linkedin.com\\\/in\\\/hassan-kohen-448548192\\\/\",\"https:\\\/\\\/www.youtube.com\\\/@Kohen-Avocats\"],\"url\":\"https:\\\/\\\/kohenavocats.com\\\/ru\\\/author\\\/kohenmlk\\\/\"}]}<\/script>\n<!-- \/ Yoast SEO Premium plugin. -->","yoast_head_json":{"title":"Tribunal judiciaire de Mulhouse, le 30 septembre 2025, n\u00b025\/00565 - Ma\u00eetre Hassan Kohen, avocat en droit p\u00e9nal \u00e0 Paris","description":"Le tribunal judiciaire, statuant par d\u00e9faut le 30 septembre 2025, a examin\u00e9 un litige contractuel relatif \u00e0 des travaux de r\u00e9novation. La partie demanderesse...","robots":{"index":"index","follow":"follow","max-snippet":"max-snippet:-1","max-image-preview":"max-image-preview:large","max-video-preview":"max-video-preview:-1"},"canonical":"https:\/\/kohenavocats.com\/ru\/tribunal-judiciaire-de-mulhouse-le-30-septembre-2025-n25-00565\/","og_locale":"ru_RU","og_type":"article","og_title":"Tribunal judiciaire de Mulhouse, le 30 septembre 2025, n\u00b025\/00565","og_description":"Le tribunal judiciaire, statuant par d\u00e9faut le 30 septembre 2025, a examin\u00e9 un litige contractuel relatif \u00e0 des travaux de r\u00e9novation. La partie demanderesse...","og_url":"https:\/\/kohenavocats.com\/ru\/tribunal-judiciaire-de-mulhouse-le-30-septembre-2025-n25-00565\/","og_site_name":"Ma\u00eetre Hassan Kohen, avocat en droit p\u00e9nal \u00e0 Paris","article_published_time":"2026-04-23T05:38:26+00:00","og_image":[{"width":4608,"height":3456,"url":"https:\/\/kohenavocats.com\/wp-content\/uploads\/2024\/11\/chris-czermak-PamFFHL6fVY-unsplash.webp","type":"image\/webp"}],"author":"Kohen","twitter_card":"summary_large_image","twitter_misc":{"\u041d\u0430\u043f\u0438\u0441\u0430\u043d\u043e \u0430\u0432\u0442\u043e\u0440\u043e\u043c":"Kohen","\u041f\u0440\u0438\u043c\u0435\u0440\u043d\u043e\u0435 \u0432\u0440\u0435\u043c\u044f \u0434\u043b\u044f \u0447\u0442\u0435\u043d\u0438\u044f":"4 \u043c\u0438\u043d\u0443\u0442\u044b"},"schema":{"@context":"https:\/\/schema.org","@graph":[{"@type":"Article","@id":"https:\/\/kohenavocats.com\/ru\/tribunal-judiciaire-de-mulhouse-le-30-septembre-2025-n25-00565\/#article","isPartOf":{"@id":"https:\/\/kohenavocats.com\/ru\/tribunal-judiciaire-de-mulhouse-le-30-septembre-2025-n25-00565\/"},"author":{"name":"Kohen","@id":"https:\/\/kohenavocats.com\/ru\/#\/schema\/person\/761c9ba54fa1ca84d405cef0831ff751"},"headline":"Tribunal judiciaire de Mulhouse, le 30 septembre 2025, n\u00b025\/00565","datePublished":"2026-04-23T05:38:26+00:00","mainEntityOfPage":{"@id":"https:\/\/kohenavocats.com\/ru\/tribunal-judiciaire-de-mulhouse-le-30-septembre-2025-n25-00565\/"},"wordCount":752,"commentCount":0,"publisher":{"@id":"https:\/\/kohenavocats.com\/ru\/#organization"},"image":{"@id":"https:\/\/kohenavocats.com\/ru\/tribunal-judiciaire-de-mulhouse-le-30-septembre-2025-n25-00565\/#primaryimage"},"thumbnailUrl":"https:\/\/kohenavocats.com\/wp-content\/uploads\/2024\/11\/chris-czermak-PamFFHL6fVY-unsplash.webp","articleSection":["Jurisprudence"],"inLanguage":"ru-RU","potentialAction":[{"@type":"CommentAction","name":"Comment","target":["https:\/\/kohenavocats.com\/ru\/tribunal-judiciaire-de-mulhouse-le-30-septembre-2025-n25-00565\/#respond"]}],"citation":"Tribunal judiciaire de Mulhouse, le 30 septembre 2025, n\u00b025\/00565","about":[{"@type":"Thing","name":"Jurisprudence"}],"dateModified":"2026-04-23T05:38:26+00:00","speakable":{"@type":"SpeakableSpecification","cssSelector":[".article-content > p:first-of-type"]}},{"@type":"WebPage","@id":"https:\/\/kohenavocats.com\/ru\/tribunal-judiciaire-de-mulhouse-le-30-septembre-2025-n25-00565\/","url":"https:\/\/kohenavocats.com\/ru\/tribunal-judiciaire-de-mulhouse-le-30-septembre-2025-n25-00565\/","name":"Tribunal judiciaire de Mulhouse, le 30 septembre 2025, n\u00b025\/00565 - Ma\u00eetre Hassan Kohen, avocat en droit p\u00e9nal \u00e0 Paris","isPartOf":{"@id":"https:\/\/kohenavocats.com\/ru\/#website"},"primaryImageOfPage":{"@id":"https:\/\/kohenavocats.com\/ru\/tribunal-judiciaire-de-mulhouse-le-30-septembre-2025-n25-00565\/#primaryimage"},"image":{"@id":"https:\/\/kohenavocats.com\/ru\/tribunal-judiciaire-de-mulhouse-le-30-septembre-2025-n25-00565\/#primaryimage"},"thumbnailUrl":"https:\/\/kohenavocats.com\/wp-content\/uploads\/2024\/11\/chris-czermak-PamFFHL6fVY-unsplash.webp","datePublished":"2026-04-23T05:38:26+00:00","description":"Le tribunal judiciaire, statuant par d\u00e9faut le 30 septembre 2025, a examin\u00e9 un litige contractuel relatif \u00e0 des travaux de r\u00e9novation. La partie demanderesse...","breadcrumb":{"@id":"https:\/\/kohenavocats.com\/ru\/tribunal-judiciaire-de-mulhouse-le-30-septembre-2025-n25-00565\/#breadcrumb"},"inLanguage":"ru-RU","potentialAction":[{"@type":"ReadAction","target":["https:\/\/kohenavocats.com\/ru\/tribunal-judiciaire-de-mulhouse-le-30-septembre-2025-n25-00565\/"]}]},{"@type":"ImageObject","inLanguage":"ru-RU","@id":"https:\/\/kohenavocats.com\/ru\/tribunal-judiciaire-de-mulhouse-le-30-septembre-2025-n25-00565\/#primaryimage","url":"https:\/\/kohenavocats.com\/wp-content\/uploads\/2024\/11\/chris-czermak-PamFFHL6fVY-unsplash.webp","contentUrl":"https:\/\/kohenavocats.com\/wp-content\/uploads\/2024\/11\/chris-czermak-PamFFHL6fVY-unsplash.webp","width":4608,"height":3456},{"@type":"BreadcrumbList","@id":"https:\/\/kohenavocats.com\/ru\/tribunal-judiciaire-de-mulhouse-le-30-septembre-2025-n25-00565\/#breadcrumb","itemListElement":[{"@type":"ListItem","position":1,"name":"Home","item":"https:\/\/kohenavocats.com\/ru\/avocats-en-droit-penal-a-paris-conseil-et-defense-strategique\/"},{"@type":"ListItem","position":2,"name":"Tribunal judiciaire de Mulhouse, le 30 septembre 2025, n\u00b025\/00565"}]},{"@type":"WebSite","@id":"https:\/\/kohenavocats.com\/ru\/#website","url":"https:\/\/kohenavocats.com\/ru\/","name":"Kohen Avocats","description":"Ma\u00eetre Hassan Kohen, avocat p\u00e9naliste \u00e0 Paris, intervient exclusivement en droit p\u00e9nal pour la d\u00e9fense des particuliers, notamment en mati\u00e8re d\u2019accusations de viol. Il assure un accompagnement rigoureux d\u00e8s la garde \u00e0 vue jusqu\u2019\u00e0 la Cour d\u2019assises, veillant au strict respect des garanties proc\u00e9durales.","publisher":{"@id":"https:\/\/kohenavocats.com\/ru\/#organization"},"potentialAction":[{"@type":"SearchAction","target":{"@type":"EntryPoint","urlTemplate":"https:\/\/kohenavocats.com\/ru\/?s={search_term_string}"},"query-input":{"@type":"PropertyValueSpecification","valueRequired":true,"valueName":"search_term_string"}}],"inLanguage":"ru-RU"},{"@type":"Organization","@id":"https:\/\/kohenavocats.com\/ru\/#organization","name":"Kohen Avocats","url":"https:\/\/kohenavocats.com\/ru\/","logo":{"@type":"ImageObject","inLanguage":"ru-RU","@id":"https:\/\/kohenavocats.com\/ru\/#\/schema\/logo\/image\/","url":"https:\/\/kohenavocats.com\/wp-content\/uploads\/2026\/01\/Logo-2-1.webp","contentUrl":"https:\/\/kohenavocats.com\/wp-content\/uploads\/2026\/01\/Logo-2-1.webp","width":2114,"height":1253,"caption":"Kohen Avocats"},"image":{"@id":"https:\/\/kohenavocats.com\/ru\/#\/schema\/logo\/image\/"}},{"@type":"Person","@id":"https:\/\/kohenavocats.com\/ru\/#\/schema\/person\/761c9ba54fa1ca84d405cef0831ff751","name":"Kohen","image":{"@type":"ImageObject","inLanguage":"ru-RU","@id":"https:\/\/secure.gravatar.com\/avatar\/1c5e76ef76bbbfdd2b4da984e2bf2fa4056fd51a27d25ce2c332047f1dfd6e00?s=96&d=identicon&r=g","url":"https:\/\/secure.gravatar.com\/avatar\/1c5e76ef76bbbfdd2b4da984e2bf2fa4056fd51a27d25ce2c332047f1dfd6e00?s=96&d=identicon&r=g","contentUrl":"https:\/\/secure.gravatar.com\/avatar\/1c5e76ef76bbbfdd2b4da984e2bf2fa4056fd51a27d25ce2c332047f1dfd6e00?s=96&d=identicon&r=g","caption":"Kohen"},"sameAs":["https:\/\/www.linkedin.com\/in\/hassan-kohen-448548192\/","https:\/\/www.youtube.com\/@Kohen-Avocats"],"url":"https:\/\/kohenavocats.com\/ru\/author\/kohenmlk\/"}]}},"jetpack_featured_media_url":"https:\/\/kohenavocats.com\/wp-content\/uploads\/2024\/11\/chris-czermak-PamFFHL6fVY-unsplash.webp","jetpack_likes_enabled":false,"jetpack_shortlink":"https:\/\/wp.me\/peCrII-2KOj","jetpack-related-posts":[{"id":749982,"url":"https:\/\/kohenavocats.com\/ru\/tribunal-judiciaire-de-mulhouse-le-20-janvier-2026-n22-00172\/","url_meta":{"origin":656599,"position":0},"title":"Tribunal judiciaire de Mulhouse, le 20 janvier 2026, n\u00b022\/00172","author":"Kohen","date":"29.04.2026","format":false,"excerpt":"Le Tribunal judiciaire de Mulhouse, dans un jugement du 20 janvier 2026, a statu\u00e9 sur un litige n\u00e9 de l\u2019inex\u00e9cution d\u2019un contrat de travaux d\u2019am\u00e9nagement....","rel":"","context":"\u0412 &quot;D\u00e9cisions juridiques&quot;","block_context":{"text":"D\u00e9cisions juridiques","link":"https:\/\/kohenavocats.com\/category\/decisions-juridiques\/"},"img":{"alt_text":"","src":"https:\/\/i0.wp.com\/kohenavocats.com\/wp-content\/uploads\/2024\/11\/getty-images-IQwGidv9mK0-unsplash.webp?resize=350%2C200&ssl=1","width":350,"height":200,"srcset":"https:\/\/i0.wp.com\/kohenavocats.com\/wp-content\/uploads\/2024\/11\/getty-images-IQwGidv9mK0-unsplash.webp?resize=350%2C200&ssl=1 1x, https:\/\/i0.wp.com\/kohenavocats.com\/wp-content\/uploads\/2024\/11\/getty-images-IQwGidv9mK0-unsplash.webp?resize=525%2C300&ssl=1 1.5x, https:\/\/i0.wp.com\/kohenavocats.com\/wp-content\/uploads\/2024\/11\/getty-images-IQwGidv9mK0-unsplash.webp?resize=700%2C400&ssl=1 2x, https:\/\/i0.wp.com\/kohenavocats.com\/wp-content\/uploads\/2024\/11\/getty-images-IQwGidv9mK0-unsplash.webp?resize=1050%2C600&ssl=1 3x, https:\/\/i0.wp.com\/kohenavocats.com\/wp-content\/uploads\/2024\/11\/getty-images-IQwGidv9mK0-unsplash.webp?resize=1400%2C800&ssl=1 4x"},"classes":[]},{"id":750058,"url":"https:\/\/kohenavocats.com\/ru\/tribunal-judiciaire-de-nimes-le-20-janvier-2026-n25-03297\/","url_meta":{"origin":656599,"position":1},"title":"Tribunal judiciaire de N\u00eemes, le 20 janvier 2026, n\u00b025\/03297","author":"Kohen","date":"29.04.2026","format":false,"excerpt":"Le Tribunal judiciaire de N\u00eemes, dans un jugement du 20 janvier 2026, a condamn\u00e9 une soci\u00e9t\u00e9 civile immobili\u00e8re \u00e0 payer le solde d\u2019une facture de raccordemen...","rel":"","context":"\u0412 &quot;Jurisprudence&quot;","block_context":{"text":"Jurisprudence","link":"https:\/\/kohenavocats.com\/category\/jurisprudence\/"},"img":{"alt_text":"","src":"https:\/\/i0.wp.com\/kohenavocats.com\/wp-content\/uploads\/2024\/08\/pierre-chatel-innocenti-bSUAjkiL7dQ-unsplash.webp?resize=350%2C200&ssl=1","width":350,"height":200,"srcset":"https:\/\/i0.wp.com\/kohenavocats.com\/wp-content\/uploads\/2024\/08\/pierre-chatel-innocenti-bSUAjkiL7dQ-unsplash.webp?resize=350%2C200&ssl=1 1x, https:\/\/i0.wp.com\/kohenavocats.com\/wp-content\/uploads\/2024\/08\/pierre-chatel-innocenti-bSUAjkiL7dQ-unsplash.webp?resize=525%2C300&ssl=1 1.5x, https:\/\/i0.wp.com\/kohenavocats.com\/wp-content\/uploads\/2024\/08\/pierre-chatel-innocenti-bSUAjkiL7dQ-unsplash.webp?resize=700%2C400&ssl=1 2x, https:\/\/i0.wp.com\/kohenavocats.com\/wp-content\/uploads\/2024\/08\/pierre-chatel-innocenti-bSUAjkiL7dQ-unsplash.webp?resize=1050%2C600&ssl=1 3x, https:\/\/i0.wp.com\/kohenavocats.com\/wp-content\/uploads\/2024\/08\/pierre-chatel-innocenti-bSUAjkiL7dQ-unsplash.webp?resize=1400%2C800&ssl=1 4x"},"classes":[]},{"id":749837,"url":"https:\/\/kohenavocats.com\/ru\/tribunal-judiciaire-de-mulhouse-le-20-janvier-2026-n23-01857\/","url_meta":{"origin":656599,"position":2},"title":"Tribunal judiciaire de Mulhouse, le 20 janvier 2026, n\u00b023\/01857","author":"Kohen","date":"29.04.2026","format":false,"excerpt":"Le tribunal judiciaire de Mulhouse, dans un jugement r\u00e9put\u00e9 contradictoire du 20 janvier 2026, a prononc\u00e9 la r\u00e9solution d\u2019un contrat de vente conclu lors d\u2019u...","rel":"","context":"\u0412 &quot;Jurisprudence&quot;","block_context":{"text":"Jurisprudence","link":"https:\/\/kohenavocats.com\/category\/jurisprudence\/"},"img":{"alt_text":"","src":"https:\/\/i0.wp.com\/kohenavocats.com\/wp-content\/uploads\/2024\/11\/mohamed-nohassi-_gRInX3DeBQ-unsplash.webp?resize=350%2C200&ssl=1","width":350,"height":200,"srcset":"https:\/\/i0.wp.com\/kohenavocats.com\/wp-content\/uploads\/2024\/11\/mohamed-nohassi-_gRInX3DeBQ-unsplash.webp?resize=350%2C200&ssl=1 1x, https:\/\/i0.wp.com\/kohenavocats.com\/wp-content\/uploads\/2024\/11\/mohamed-nohassi-_gRInX3DeBQ-unsplash.webp?resize=525%2C300&ssl=1 1.5x, https:\/\/i0.wp.com\/kohenavocats.com\/wp-content\/uploads\/2024\/11\/mohamed-nohassi-_gRInX3DeBQ-unsplash.webp?resize=700%2C400&ssl=1 2x, https:\/\/i0.wp.com\/kohenavocats.com\/wp-content\/uploads\/2024\/11\/mohamed-nohassi-_gRInX3DeBQ-unsplash.webp?resize=1050%2C600&ssl=1 3x, https:\/\/i0.wp.com\/kohenavocats.com\/wp-content\/uploads\/2024\/11\/mohamed-nohassi-_gRInX3DeBQ-unsplash.webp?resize=1400%2C800&ssl=1 4x"},"classes":[]},{"id":736051,"url":"https:\/\/kohenavocats.com\/ru\/cour-dappel-de-paris-le-29-janvier-2026-n22-19625-2\/","url_meta":{"origin":656599,"position":3},"title":"Cour d&#8217;appel de Paris, le 29 janvier 2026, n\u00b022\/19625","author":"Kohen","date":"28.04.2026","format":false,"excerpt":"La cour d\u2019appel de Paris, dans son arr\u00eat du 29 janvier 2026, a infirm\u00e9 le jugement du tribunal judiciaire sur la demande de remboursement de travaux. Un loca...","rel":"","context":"\u0412 &quot;Jurisprudence&quot;","block_context":{"text":"Jurisprudence","link":"https:\/\/kohenavocats.com\/category\/jurisprudence\/"},"img":{"alt_text":"","src":"https:\/\/i0.wp.com\/kohenavocats.com\/wp-content\/uploads\/2024\/11\/and-machines-6IbHR1pTE0Q-unsplash.webp?resize=350%2C200&ssl=1","width":350,"height":200,"srcset":"https:\/\/i0.wp.com\/kohenavocats.com\/wp-content\/uploads\/2024\/11\/and-machines-6IbHR1pTE0Q-unsplash.webp?resize=350%2C200&ssl=1 1x, https:\/\/i0.wp.com\/kohenavocats.com\/wp-content\/uploads\/2024\/11\/and-machines-6IbHR1pTE0Q-unsplash.webp?resize=525%2C300&ssl=1 1.5x, https:\/\/i0.wp.com\/kohenavocats.com\/wp-content\/uploads\/2024\/11\/and-machines-6IbHR1pTE0Q-unsplash.webp?resize=700%2C400&ssl=1 2x, https:\/\/i0.wp.com\/kohenavocats.com\/wp-content\/uploads\/2024\/11\/and-machines-6IbHR1pTE0Q-unsplash.webp?resize=1050%2C600&ssl=1 3x, https:\/\/i0.wp.com\/kohenavocats.com\/wp-content\/uploads\/2024\/11\/and-machines-6IbHR1pTE0Q-unsplash.webp?resize=1400%2C800&ssl=1 4x"},"classes":[]},{"id":750108,"url":"https:\/\/kohenavocats.com\/ru\/tribunal-judiciaire-de-versailles-le-20-janvier-2026-n25-00960-2\/","url_meta":{"origin":656599,"position":4},"title":"Tribunal judiciaire de Versailles, le 20 janvier 2026, n\u00b025\/00960","author":"Kohen","date":"29.04.2026","format":false,"excerpt":"Le 20 janvier 2026, le juge des contentieux de la protection du tribunal judiciaire de Versailles a statu\u00e9 sur une demande en paiement de loyers impay\u00e9s....","rel":"","context":"\u0412 &quot;D\u00e9cisions juridiques&quot;","block_context":{"text":"D\u00e9cisions juridiques","link":"https:\/\/kohenavocats.com\/category\/decisions-juridiques\/"},"img":{"alt_text":"","src":"https:\/\/i0.wp.com\/kohenavocats.com\/wp-content\/uploads\/2024\/08\/paul-melki-gX7o0yQsrRo-unsplash.webp?resize=350%2C200&ssl=1","width":350,"height":200,"srcset":"https:\/\/i0.wp.com\/kohenavocats.com\/wp-content\/uploads\/2024\/08\/paul-melki-gX7o0yQsrRo-unsplash.webp?resize=350%2C200&ssl=1 1x, https:\/\/i0.wp.com\/kohenavocats.com\/wp-content\/uploads\/2024\/08\/paul-melki-gX7o0yQsrRo-unsplash.webp?resize=525%2C300&ssl=1 1.5x, https:\/\/i0.wp.com\/kohenavocats.com\/wp-content\/uploads\/2024\/08\/paul-melki-gX7o0yQsrRo-unsplash.webp?resize=700%2C400&ssl=1 2x, https:\/\/i0.wp.com\/kohenavocats.com\/wp-content\/uploads\/2024\/08\/paul-melki-gX7o0yQsrRo-unsplash.webp?resize=1050%2C600&ssl=1 3x, https:\/\/i0.wp.com\/kohenavocats.com\/wp-content\/uploads\/2024\/08\/paul-melki-gX7o0yQsrRo-unsplash.webp?resize=1400%2C800&ssl=1 4x"},"classes":[]},{"id":750107,"url":"https:\/\/kohenavocats.com\/ru\/tribunal-judiciaire-de-versailles-le-20-janvier-2026-n25-00960\/","url_meta":{"origin":656599,"position":5},"title":"Tribunal judiciaire de Versailles, le 20 janvier 2026, n\u00b025\/00960","author":"Kohen","date":"29.04.2026","format":false,"excerpt":"Le 20 janvier 2026, le juge des contentieux de la protection du tribunal judiciaire de Versailles a statu\u00e9 sur une demande en paiement de loyers impay\u00e9s.","rel":"","context":"\u0412 &quot;Jurisprudence&quot;","block_context":{"text":"Jurisprudence","link":"https:\/\/kohenavocats.com\/category\/jurisprudence\/"},"img":{"alt_text":"","src":"https:\/\/i0.wp.com\/kohenavocats.com\/wp-content\/uploads\/2024\/11\/zyanya-citlalli-qhFXS18P2OQ-unsplash-1.webp?resize=350%2C200&ssl=1","width":350,"height":200,"srcset":"https:\/\/i0.wp.com\/kohenavocats.com\/wp-content\/uploads\/2024\/11\/zyanya-citlalli-qhFXS18P2OQ-unsplash-1.webp?resize=350%2C200&ssl=1 1x, https:\/\/i0.wp.com\/kohenavocats.com\/wp-content\/uploads\/2024\/11\/zyanya-citlalli-qhFXS18P2OQ-unsplash-1.webp?resize=525%2C300&ssl=1 1.5x, https:\/\/i0.wp.com\/kohenavocats.com\/wp-content\/uploads\/2024\/11\/zyanya-citlalli-qhFXS18P2OQ-unsplash-1.webp?resize=700%2C400&ssl=1 2x, https:\/\/i0.wp.com\/kohenavocats.com\/wp-content\/uploads\/2024\/11\/zyanya-citlalli-qhFXS18P2OQ-unsplash-1.webp?resize=1050%2C600&ssl=1 3x, https:\/\/i0.wp.com\/kohenavocats.com\/wp-content\/uploads\/2024\/11\/zyanya-citlalli-qhFXS18P2OQ-unsplash-1.webp?resize=1400%2C800&ssl=1 4x"},"classes":[]}],"jetpack_sharing_enabled":true,"_links":{"self":[{"href":"https:\/\/kohenavocats.com\/ru\/wp-json\/wp\/v2\/posts\/656599","targetHints":{"allow":["GET"]}}],"collection":[{"href":"https:\/\/kohenavocats.com\/ru\/wp-json\/wp\/v2\/posts"}],"about":[{"href":"https:\/\/kohenavocats.com\/ru\/wp-json\/wp\/v2\/types\/post"}],"author":[{"embeddable":true,"href":"https:\/\/kohenavocats.com\/ru\/wp-json\/wp\/v2\/users\/232070755"}],"replies":[{"embeddable":true,"href":"https:\/\/kohenavocats.com\/ru\/wp-json\/wp\/v2\/comments?post=656599"}],"version-history":[{"count":0,"href":"https:\/\/kohenavocats.com\/ru\/wp-json\/wp\/v2\/posts\/656599\/revisions"}],"wp:featuredmedia":[{"embeddable":true,"href":"https:\/\/kohenavocats.com\/ru\/wp-json\/wp\/v2\/media\/9641"}],"wp:attachment":[{"href":"https:\/\/kohenavocats.com\/ru\/wp-json\/wp\/v2\/media?parent=656599"}],"wp:term":[{"taxonomy":"category","embeddable":true,"href":"https:\/\/kohenavocats.com\/ru\/wp-json\/wp\/v2\/categories?post=656599"},{"taxonomy":"post_tag","embeddable":true,"href":"https:\/\/kohenavocats.com\/ru\/wp-json\/wp\/v2\/tags?post=656599"}],"curies":[{"name":"wp","href":"https:\/\/api.w.org\/{rel}","templated":true}]}}