{"id":656760,"date":"2026-04-23T07:52:24","date_gmt":"2026-04-23T05:52:24","guid":{"rendered":"https:\/\/kohenavocats.com\/tribunal-judiciaire-de-caen-le-7-octobre-2024-n24-04264\/"},"modified":"2026-04-23T07:52:24","modified_gmt":"2026-04-23T05:52:24","slug":"tribunal-judiciaire-de-caen-le-7-octobre-2024-n24-04264","status":"publish","type":"post","link":"https:\/\/kohenavocats.com\/ru\/tribunal-judiciaire-de-caen-le-7-octobre-2024-n24-04264\/","title":{"rendered":"Tribunal judiciaire de Caen, le 7 octobre 2024, n\u00b024\/04264"},"content":{"rendered":"<div class=\"article-content\">\n<p>Le tribunal judiciaire, statuant en mati\u00e8re de contentieux de la protection, a rendu un jugement le 7 octobre 2024. Des emprunteurs, pr\u00e9alablement admis \u00e0 un plan de surendettement, faisaient l&#8217;objet d&#8217;une action en paiement intent\u00e9e par leur \u00e9tablissement pr\u00eateur suite \u00e0 la caducit\u00e9 de ce plan. Le juge a examin\u00e9 la recevabilit\u00e9 de la demande, l&#8217;exigibilit\u00e9 de la cr\u00e9ance, et plusieurs moyens de d\u00e9fense soulev\u00e9s par les emprunteurs, notamment la nullit\u00e9 du contrat et le d\u00e9faut de v\u00e9rification de solvabilit\u00e9. La solution retenue admet la recevabilit\u00e9 et l&#8217;exigibilit\u00e9 de la cr\u00e9ance capitale, mais prononce la d\u00e9ch\u00e9ance du droit aux int\u00e9r\u00eats pour manquement du pr\u00eateur \u00e0 ses obligations d&#8217;information et de v\u00e9rification.<\/p>\n<p>La sanction des manquements du pr\u00eateur aux obligations protectrices<\/p>\n<p>Le contr\u00f4le rigoureux du respect des obligations pr\u00e9contractuelles. Le juge rappelle avec fermet\u00e9 le caract\u00e8re imp\u00e9ratif des obligations pesant sur le pr\u00eateur en mati\u00e8re de cr\u00e9dit \u00e0 la consommation. Il souligne que &#171;p\u00e8se sur tout organisme pr\u00eateur, une obligation de v\u00e9rifier, en rassemblant les informations n\u00e9cessaires, l\u2019ad\u00e9quation du cr\u00e9dit qu\u2019il propose \u00e0 la situation financi\u00e8re, et personnelle de l\u2019emprunteur.&#187; (Sur le droit du pr\u00eateur aux int\u00e9r\u00eats). Cette v\u00e9rification exige des d\u00e9marches actives et ne peut se contenter des seules d\u00e9clarations de l&#8217;emprunteur. La d\u00e9cision pr\u00e9cise que &#171;le pr\u00eateur ne doit pas s\u2019arr\u00eater aux seules d\u00e9clarations de l\u2019emprunteur mais effectuer ses propres v\u00e9rifications&#187; (Sur le droit du pr\u00eateur aux int\u00e9r\u00eats). En l&#8217;esp\u00e8ce, la production d&#8217;une simple fiche de dialogue non \u00e9tay\u00e9e par des justificatifs constitue un manquement \u00e0 cette obligation.<\/p>\n<p>La port\u00e9e pratique de la d\u00e9ch\u00e9ance du droit aux int\u00e9r\u00eats. Ce manquement est lourdement sanctionn\u00e9 par la d\u00e9ch\u00e9ance totale du droit aux int\u00e9r\u00eats, une mesure d&#8217;ordre public. La d\u00e9cision applique strictement l&#8217;article L341-8 du code de la consommation, pr\u00e9cisant que &#171;en cas de d\u00e9ch\u00e9ance du droit aux int\u00e9r\u00eats, l\u2019emprunteur n\u2019est tenu qu\u2019au seul remboursement du capital suivant l\u2019\u00e9ch\u00e9ancier pr\u00e9vu&#187; (Sur les sommes restant dues). Cette sanction est \u00e9tendue aux primes d&#8217;assurance et emp\u00eache toute capitalisation d&#8217;int\u00e9r\u00eats. Elle assure ainsi une protection effective du consommateur en le lib\u00e9rant du poids des int\u00e9r\u00eats, tout en maintenant l&#8217;obligation de rembourser le capital re\u00e7u. La rigueur de ce contr\u00f4le dissuade les pratiques laxistes dans l&#8217;octroi de cr\u00e9dit.<\/p>\n<p>La confirmation des principes gouvernant l&#8217;exigibilit\u00e9 et la recevabilit\u00e9<\/p>\n<p>L&#8217;articulation d\u00e9licate entre proc\u00e9dure de surendettement et actions en recouvrement. La d\u00e9cision apporte des pr\u00e9cisions sur les d\u00e9lais applicables lorsque le recouvrement intervient apr\u00e8s un plan de surendettement. Elle retient que le point de d\u00e9part du d\u00e9lai de forclusion de l&#8217;action en paiement est &#171;le premier incident non r\u00e9gularis\u00e9 intervenu apr\u00e8s l&#8217;adoption du plan conventionnel de redressement ou apr\u00e8s d\u00e9cision de la commission imposant les mesures de surendettement&#187; (Sur la recevabilit\u00e9). Ce principe, d\u00e9j\u00e0 illustr\u00e9 par une jurisprudence r\u00e9cente, trouve ici une application concr\u00e8te. La Cour d&#8217;appel de Reims a en effet jug\u00e9 que &#171;pour constater la prescription de la cr\u00e9ance de la banque en recouvrement de sommes dues au titre d&#8217;un pr\u00eat notari\u00e9, le jugement rel\u00e8ve qu&#8217;au regard d&#8217;une d\u00e9ch\u00e9ance du terme intervenue en janvier 2013, la prescription quinquennale \u00e9tait acquise en janvier 2018, \u00e0 d\u00e9faut de fait interruptif se d\u00e9duisant de la proc\u00e9dure de surendettement.&#187; (Cour d&#8217;appel de Reims, le 11 f\u00e9vrier 2025, n\u00b024\/00034). Le jugement op\u00e8re ainsi une distinction nette entre la suspension des proc\u00e9dures d&#8217;ex\u00e9cution, effet principal du surendettement, et la poursuite de la prescription ou de la forclusion des actions.<\/p>\n<p>La validation des conditions de mise en \u0153uvre de la d\u00e9ch\u00e9ance du terme. Le juge rappelle les conditions strictes pos\u00e9es par le droit commun des contrats et le code de la consommation pour l&#8217;exigibilit\u00e9 anticip\u00e9e. Il souligne que la d\u00e9ch\u00e9ance du terme &#171;ne peut, sauf disposition expresse et non \u00e9quivoque \u00eatre d\u00e9clar\u00e9e acquise au cr\u00e9ancier sans d\u00e9livrance d\u2019une mise en demeure rest\u00e9e sans effet pr\u00e9cisant le d\u00e9lai dont dispose le d\u00e9biteur pour y faire obstacle&#187; (Sur l\u2019exigibilit\u00e9 de la cr\u00e9ance). En l&#8217;esp\u00e8ce, la condition est remplie par l&#8217;envoi d&#8217;une demande de r\u00e8glement rest\u00e9e sans r\u00e9ponse suite \u00e0 la caducit\u00e9 du plan. Cette solution r\u00e9affirme l&#8217;exigence d&#8217;une mise en demeure formalis\u00e9e, prot\u00e9geant l&#8217;emprunteur contre une exigibilit\u00e9 brutale. Elle assure une s\u00e9curit\u00e9 juridique tant pour le cr\u00e9ancier, qui doit respecter une proc\u00e9dure claire, que pour le d\u00e9biteur, inform\u00e9 des cons\u00e9quences de sa d\u00e9faillance.<\/p>\n<\/div>\n","protected":false},"excerpt":{"rendered":"<p>Le tribunal judiciaire, statuant en mati\u00e8re de contentieux de la protection, a rendu un jugement le 7 octobre 2024. Des emprunteurs, pr\u00e9alablement admis \u00e0 un&#8230;<\/p>\n","protected":false},"author":232070755,"featured_media":9684,"comment_status":"open","ping_status":"open","sticky":false,"template":"","format":"standard","meta":{"_crdt_document":"","_jetpack_newsletter_access":"","_jetpack_dont_email_post_to_subs":false,"_jetpack_newsletter_tier_id":0,"_jetpack_memberships_contains_paywalled_content":false,"_kj_source_type":"judilibre","_kj_official_id":"68e96ac03ea43407b911e0c7","_kj_official_url":"https:\/\/www.courdecassation.fr\/decision\/68e96ac03ea43407b911e0c7","_kj_judilibre_id":"68e96ac03ea43407b911e0c7","_kj_jur":"Tribunal judiciaire","_kj_lieu":"Tribunal judiciaire de Caen","_kj_chambre":"3\u00e8me chambre civile","_kj_rg":"24\/04264","_kj_date":"2025-09-30","_jetpack_memberships_contains_paid_content":false,"footnotes":"","jetpack_post_was_ever_published":false},"categories":[7597],"tags":[],"class_list":["post-656760","post","type-post","status-publish","format-standard","has-post-thumbnail","hentry","category-jurisprudence"],"yoast_head":"<!-- This site is optimized with the Yoast SEO Premium plugin v27.5 (Yoast SEO v27.5) - https:\/\/yoast.com\/product\/yoast-seo-premium-wordpress\/ -->\n<title>Tribunal judiciaire de Caen, le 7 octobre 2024, n\u00b024\/04264 - Ma\u00eetre Hassan Kohen, avocat en droit p\u00e9nal \u00e0 Paris<\/title>\n<meta name=\"description\" content=\"Le tribunal judiciaire, statuant en mati\u00e8re de contentieux de la protection, a rendu un jugement le 7 octobre 2024. Des emprunteurs, pr\u00e9alablement admis \u00e0 un...\" \/>\n<meta name=\"robots\" content=\"index, follow, max-snippet:-1, max-image-preview:large, max-video-preview:-1\" \/>\n<link rel=\"canonical\" href=\"https:\/\/kohenavocats.com\/ru\/tribunal-judiciaire-de-caen-le-7-octobre-2024-n24-04264\/\" \/>\n<meta property=\"og:locale\" content=\"ru_RU\" \/>\n<meta property=\"og:type\" content=\"article\" \/>\n<meta property=\"og:title\" content=\"Tribunal judiciaire de Caen, le 7 octobre 2024, n\u00b024\/04264\" \/>\n<meta property=\"og:description\" content=\"Le tribunal judiciaire, statuant en mati\u00e8re de contentieux de la protection, a rendu un jugement le 7 octobre 2024. Des emprunteurs, pr\u00e9alablement admis \u00e0 un...\" \/>\n<meta property=\"og:url\" content=\"https:\/\/kohenavocats.com\/ru\/tribunal-judiciaire-de-caen-le-7-octobre-2024-n24-04264\/\" \/>\n<meta property=\"og:site_name\" content=\"Ma\u00eetre Hassan Kohen, avocat en droit p\u00e9nal \u00e0 Paris\" \/>\n<meta property=\"article:published_time\" content=\"2026-04-23T05:52:24+00:00\" \/>\n<meta property=\"og:image\" content=\"https:\/\/kohenavocats.com\/wp-content\/uploads\/2024\/11\/allison-saeng-HoeAHyJKj6o-unsplash.webp\" \/>\n\t<meta property=\"og:image:width\" content=\"4000\" \/>\n\t<meta property=\"og:image:height\" content=\"3000\" \/>\n\t<meta property=\"og:image:type\" content=\"image\/webp\" \/>\n<meta name=\"author\" content=\"Kohen\" \/>\n<meta name=\"twitter:card\" content=\"summary_large_image\" \/>\n<meta name=\"twitter:label1\" content=\"\u041d\u0430\u043f\u0438\u0441\u0430\u043d\u043e \u0430\u0432\u0442\u043e\u0440\u043e\u043c\" \/>\n\t<meta name=\"twitter:data1\" content=\"Kohen\" \/>\n\t<meta name=\"twitter:label2\" content=\"\u041f\u0440\u0438\u043c\u0435\u0440\u043d\u043e\u0435 \u0432\u0440\u0435\u043c\u044f \u0434\u043b\u044f \u0447\u0442\u0435\u043d\u0438\u044f\" \/>\n\t<meta name=\"twitter:data2\" content=\"4 \u043c\u0438\u043d\u0443\u0442\u044b\" \/>\n<script type=\"application\/ld+json\" class=\"yoast-schema-graph\">{\"@context\":\"https:\\\/\\\/schema.org\",\"@graph\":[{\"@type\":\"Article\",\"@id\":\"https:\\\/\\\/kohenavocats.com\\\/ru\\\/tribunal-judiciaire-de-caen-le-7-octobre-2024-n24-04264\\\/#article\",\"isPartOf\":{\"@id\":\"https:\\\/\\\/kohenavocats.com\\\/ru\\\/tribunal-judiciaire-de-caen-le-7-octobre-2024-n24-04264\\\/\"},\"author\":{\"name\":\"Kohen\",\"@id\":\"https:\\\/\\\/kohenavocats.com\\\/ru\\\/#\\\/schema\\\/person\\\/761c9ba54fa1ca84d405cef0831ff751\"},\"headline\":\"Tribunal judiciaire de Caen, le 7 octobre 2024, n\u00b024\\\/04264\",\"datePublished\":\"2026-04-23T05:52:24+00:00\",\"mainEntityOfPage\":{\"@id\":\"https:\\\/\\\/kohenavocats.com\\\/ru\\\/tribunal-judiciaire-de-caen-le-7-octobre-2024-n24-04264\\\/\"},\"wordCount\":862,\"commentCount\":0,\"publisher\":{\"@id\":\"https:\\\/\\\/kohenavocats.com\\\/ru\\\/#organization\"},\"image\":{\"@id\":\"https:\\\/\\\/kohenavocats.com\\\/ru\\\/tribunal-judiciaire-de-caen-le-7-octobre-2024-n24-04264\\\/#primaryimage\"},\"thumbnailUrl\":\"https:\\\/\\\/kohenavocats.com\\\/wp-content\\\/uploads\\\/2024\\\/11\\\/allison-saeng-HoeAHyJKj6o-unsplash.webp\",\"articleSection\":[\"Jurisprudence\"],\"inLanguage\":\"ru-RU\",\"potentialAction\":[{\"@type\":\"CommentAction\",\"name\":\"Comment\",\"target\":[\"https:\\\/\\\/kohenavocats.com\\\/ru\\\/tribunal-judiciaire-de-caen-le-7-octobre-2024-n24-04264\\\/#respond\"]}],\"citation\":\"Tribunal judiciaire de Caen, le 7 octobre 2024, n\u00b024\\\/04264\",\"about\":[{\"@type\":\"Thing\",\"name\":\"Jurisprudence\"}],\"dateModified\":\"2026-04-23T05:52:24+00:00\",\"speakable\":{\"@type\":\"SpeakableSpecification\",\"cssSelector\":[\".article-content > p:first-of-type\"]}},{\"@type\":\"WebPage\",\"@id\":\"https:\\\/\\\/kohenavocats.com\\\/ru\\\/tribunal-judiciaire-de-caen-le-7-octobre-2024-n24-04264\\\/\",\"url\":\"https:\\\/\\\/kohenavocats.com\\\/ru\\\/tribunal-judiciaire-de-caen-le-7-octobre-2024-n24-04264\\\/\",\"name\":\"Tribunal judiciaire de Caen, le 7 octobre 2024, n\u00b024\\\/04264 - Ma\u00eetre Hassan Kohen, avocat en droit p\u00e9nal \u00e0 Paris\",\"isPartOf\":{\"@id\":\"https:\\\/\\\/kohenavocats.com\\\/ru\\\/#website\"},\"primaryImageOfPage\":{\"@id\":\"https:\\\/\\\/kohenavocats.com\\\/ru\\\/tribunal-judiciaire-de-caen-le-7-octobre-2024-n24-04264\\\/#primaryimage\"},\"image\":{\"@id\":\"https:\\\/\\\/kohenavocats.com\\\/ru\\\/tribunal-judiciaire-de-caen-le-7-octobre-2024-n24-04264\\\/#primaryimage\"},\"thumbnailUrl\":\"https:\\\/\\\/kohenavocats.com\\\/wp-content\\\/uploads\\\/2024\\\/11\\\/allison-saeng-HoeAHyJKj6o-unsplash.webp\",\"datePublished\":\"2026-04-23T05:52:24+00:00\",\"description\":\"Le tribunal judiciaire, statuant en mati\u00e8re de contentieux de la protection, a rendu un jugement le 7 octobre 2024. Des emprunteurs, pr\u00e9alablement admis \u00e0 un...\",\"breadcrumb\":{\"@id\":\"https:\\\/\\\/kohenavocats.com\\\/ru\\\/tribunal-judiciaire-de-caen-le-7-octobre-2024-n24-04264\\\/#breadcrumb\"},\"inLanguage\":\"ru-RU\",\"potentialAction\":[{\"@type\":\"ReadAction\",\"target\":[\"https:\\\/\\\/kohenavocats.com\\\/ru\\\/tribunal-judiciaire-de-caen-le-7-octobre-2024-n24-04264\\\/\"]}]},{\"@type\":\"ImageObject\",\"inLanguage\":\"ru-RU\",\"@id\":\"https:\\\/\\\/kohenavocats.com\\\/ru\\\/tribunal-judiciaire-de-caen-le-7-octobre-2024-n24-04264\\\/#primaryimage\",\"url\":\"https:\\\/\\\/kohenavocats.com\\\/wp-content\\\/uploads\\\/2024\\\/11\\\/allison-saeng-HoeAHyJKj6o-unsplash.webp\",\"contentUrl\":\"https:\\\/\\\/kohenavocats.com\\\/wp-content\\\/uploads\\\/2024\\\/11\\\/allison-saeng-HoeAHyJKj6o-unsplash.webp\",\"width\":4000,\"height\":3000},{\"@type\":\"BreadcrumbList\",\"@id\":\"https:\\\/\\\/kohenavocats.com\\\/ru\\\/tribunal-judiciaire-de-caen-le-7-octobre-2024-n24-04264\\\/#breadcrumb\",\"itemListElement\":[{\"@type\":\"ListItem\",\"position\":1,\"name\":\"Home\",\"item\":\"https:\\\/\\\/kohenavocats.com\\\/ru\\\/avocats-en-droit-penal-a-paris-conseil-et-defense-strategique\\\/\"},{\"@type\":\"ListItem\",\"position\":2,\"name\":\"Tribunal judiciaire de Caen, le 7 octobre 2024, n\u00b024\\\/04264\"}]},{\"@type\":\"WebSite\",\"@id\":\"https:\\\/\\\/kohenavocats.com\\\/ru\\\/#website\",\"url\":\"https:\\\/\\\/kohenavocats.com\\\/ru\\\/\",\"name\":\"Kohen Avocats\",\"description\":\"Ma\u00eetre Hassan Kohen, avocat p\u00e9naliste \u00e0 Paris, intervient exclusivement en droit p\u00e9nal pour la d\u00e9fense des particuliers, notamment en mati\u00e8re d\u2019accusations de viol. Il assure un accompagnement rigoureux d\u00e8s la garde \u00e0 vue jusqu\u2019\u00e0 la Cour d\u2019assises, veillant au strict respect des garanties proc\u00e9durales.\",\"publisher\":{\"@id\":\"https:\\\/\\\/kohenavocats.com\\\/ru\\\/#organization\"},\"potentialAction\":[{\"@type\":\"SearchAction\",\"target\":{\"@type\":\"EntryPoint\",\"urlTemplate\":\"https:\\\/\\\/kohenavocats.com\\\/ru\\\/?s={search_term_string}\"},\"query-input\":{\"@type\":\"PropertyValueSpecification\",\"valueRequired\":true,\"valueName\":\"search_term_string\"}}],\"inLanguage\":\"ru-RU\"},{\"@type\":\"Organization\",\"@id\":\"https:\\\/\\\/kohenavocats.com\\\/ru\\\/#organization\",\"name\":\"Kohen Avocats\",\"url\":\"https:\\\/\\\/kohenavocats.com\\\/ru\\\/\",\"logo\":{\"@type\":\"ImageObject\",\"inLanguage\":\"ru-RU\",\"@id\":\"https:\\\/\\\/kohenavocats.com\\\/ru\\\/#\\\/schema\\\/logo\\\/image\\\/\",\"url\":\"https:\\\/\\\/kohenavocats.com\\\/wp-content\\\/uploads\\\/2026\\\/01\\\/Logo-2-1.webp\",\"contentUrl\":\"https:\\\/\\\/kohenavocats.com\\\/wp-content\\\/uploads\\\/2026\\\/01\\\/Logo-2-1.webp\",\"width\":2114,\"height\":1253,\"caption\":\"Kohen Avocats\"},\"image\":{\"@id\":\"https:\\\/\\\/kohenavocats.com\\\/ru\\\/#\\\/schema\\\/logo\\\/image\\\/\"}},{\"@type\":\"Person\",\"@id\":\"https:\\\/\\\/kohenavocats.com\\\/ru\\\/#\\\/schema\\\/person\\\/761c9ba54fa1ca84d405cef0831ff751\",\"name\":\"Kohen\",\"image\":{\"@type\":\"ImageObject\",\"inLanguage\":\"ru-RU\",\"@id\":\"https:\\\/\\\/secure.gravatar.com\\\/avatar\\\/1c5e76ef76bbbfdd2b4da984e2bf2fa4056fd51a27d25ce2c332047f1dfd6e00?s=96&d=identicon&r=g\",\"url\":\"https:\\\/\\\/secure.gravatar.com\\\/avatar\\\/1c5e76ef76bbbfdd2b4da984e2bf2fa4056fd51a27d25ce2c332047f1dfd6e00?s=96&d=identicon&r=g\",\"contentUrl\":\"https:\\\/\\\/secure.gravatar.com\\\/avatar\\\/1c5e76ef76bbbfdd2b4da984e2bf2fa4056fd51a27d25ce2c332047f1dfd6e00?s=96&d=identicon&r=g\",\"caption\":\"Kohen\"},\"sameAs\":[\"https:\\\/\\\/www.linkedin.com\\\/in\\\/hassan-kohen-448548192\\\/\",\"https:\\\/\\\/www.youtube.com\\\/@Kohen-Avocats\"],\"url\":\"https:\\\/\\\/kohenavocats.com\\\/ru\\\/author\\\/kohenmlk\\\/\"}]}<\/script>\n<!-- \/ Yoast SEO Premium plugin. -->","yoast_head_json":{"title":"Tribunal judiciaire de Caen, le 7 octobre 2024, n\u00b024\/04264 - Ma\u00eetre Hassan Kohen, avocat en droit p\u00e9nal \u00e0 Paris","description":"Le tribunal judiciaire, statuant en mati\u00e8re de contentieux de la protection, a rendu un jugement le 7 octobre 2024. Des emprunteurs, pr\u00e9alablement admis \u00e0 un...","robots":{"index":"index","follow":"follow","max-snippet":"max-snippet:-1","max-image-preview":"max-image-preview:large","max-video-preview":"max-video-preview:-1"},"canonical":"https:\/\/kohenavocats.com\/ru\/tribunal-judiciaire-de-caen-le-7-octobre-2024-n24-04264\/","og_locale":"ru_RU","og_type":"article","og_title":"Tribunal judiciaire de Caen, le 7 octobre 2024, n\u00b024\/04264","og_description":"Le tribunal judiciaire, statuant en mati\u00e8re de contentieux de la protection, a rendu un jugement le 7 octobre 2024. Des emprunteurs, pr\u00e9alablement admis \u00e0 un...","og_url":"https:\/\/kohenavocats.com\/ru\/tribunal-judiciaire-de-caen-le-7-octobre-2024-n24-04264\/","og_site_name":"Ma\u00eetre Hassan Kohen, avocat en droit p\u00e9nal \u00e0 Paris","article_published_time":"2026-04-23T05:52:24+00:00","og_image":[{"width":4000,"height":3000,"url":"https:\/\/kohenavocats.com\/wp-content\/uploads\/2024\/11\/allison-saeng-HoeAHyJKj6o-unsplash.webp","type":"image\/webp"}],"author":"Kohen","twitter_card":"summary_large_image","twitter_misc":{"\u041d\u0430\u043f\u0438\u0441\u0430\u043d\u043e \u0430\u0432\u0442\u043e\u0440\u043e\u043c":"Kohen","\u041f\u0440\u0438\u043c\u0435\u0440\u043d\u043e\u0435 \u0432\u0440\u0435\u043c\u044f \u0434\u043b\u044f \u0447\u0442\u0435\u043d\u0438\u044f":"4 \u043c\u0438\u043d\u0443\u0442\u044b"},"schema":{"@context":"https:\/\/schema.org","@graph":[{"@type":"Article","@id":"https:\/\/kohenavocats.com\/ru\/tribunal-judiciaire-de-caen-le-7-octobre-2024-n24-04264\/#article","isPartOf":{"@id":"https:\/\/kohenavocats.com\/ru\/tribunal-judiciaire-de-caen-le-7-octobre-2024-n24-04264\/"},"author":{"name":"Kohen","@id":"https:\/\/kohenavocats.com\/ru\/#\/schema\/person\/761c9ba54fa1ca84d405cef0831ff751"},"headline":"Tribunal judiciaire de Caen, le 7 octobre 2024, n\u00b024\/04264","datePublished":"2026-04-23T05:52:24+00:00","mainEntityOfPage":{"@id":"https:\/\/kohenavocats.com\/ru\/tribunal-judiciaire-de-caen-le-7-octobre-2024-n24-04264\/"},"wordCount":862,"commentCount":0,"publisher":{"@id":"https:\/\/kohenavocats.com\/ru\/#organization"},"image":{"@id":"https:\/\/kohenavocats.com\/ru\/tribunal-judiciaire-de-caen-le-7-octobre-2024-n24-04264\/#primaryimage"},"thumbnailUrl":"https:\/\/kohenavocats.com\/wp-content\/uploads\/2024\/11\/allison-saeng-HoeAHyJKj6o-unsplash.webp","articleSection":["Jurisprudence"],"inLanguage":"ru-RU","potentialAction":[{"@type":"CommentAction","name":"Comment","target":["https:\/\/kohenavocats.com\/ru\/tribunal-judiciaire-de-caen-le-7-octobre-2024-n24-04264\/#respond"]}],"citation":"Tribunal judiciaire de Caen, le 7 octobre 2024, n\u00b024\/04264","about":[{"@type":"Thing","name":"Jurisprudence"}],"dateModified":"2026-04-23T05:52:24+00:00","speakable":{"@type":"SpeakableSpecification","cssSelector":[".article-content > p:first-of-type"]}},{"@type":"WebPage","@id":"https:\/\/kohenavocats.com\/ru\/tribunal-judiciaire-de-caen-le-7-octobre-2024-n24-04264\/","url":"https:\/\/kohenavocats.com\/ru\/tribunal-judiciaire-de-caen-le-7-octobre-2024-n24-04264\/","name":"Tribunal judiciaire de Caen, le 7 octobre 2024, n\u00b024\/04264 - Ma\u00eetre Hassan Kohen, avocat en droit p\u00e9nal \u00e0 Paris","isPartOf":{"@id":"https:\/\/kohenavocats.com\/ru\/#website"},"primaryImageOfPage":{"@id":"https:\/\/kohenavocats.com\/ru\/tribunal-judiciaire-de-caen-le-7-octobre-2024-n24-04264\/#primaryimage"},"image":{"@id":"https:\/\/kohenavocats.com\/ru\/tribunal-judiciaire-de-caen-le-7-octobre-2024-n24-04264\/#primaryimage"},"thumbnailUrl":"https:\/\/kohenavocats.com\/wp-content\/uploads\/2024\/11\/allison-saeng-HoeAHyJKj6o-unsplash.webp","datePublished":"2026-04-23T05:52:24+00:00","description":"Le tribunal judiciaire, statuant en mati\u00e8re de contentieux de la protection, a rendu un jugement le 7 octobre 2024. Des emprunteurs, pr\u00e9alablement admis \u00e0 un...","breadcrumb":{"@id":"https:\/\/kohenavocats.com\/ru\/tribunal-judiciaire-de-caen-le-7-octobre-2024-n24-04264\/#breadcrumb"},"inLanguage":"ru-RU","potentialAction":[{"@type":"ReadAction","target":["https:\/\/kohenavocats.com\/ru\/tribunal-judiciaire-de-caen-le-7-octobre-2024-n24-04264\/"]}]},{"@type":"ImageObject","inLanguage":"ru-RU","@id":"https:\/\/kohenavocats.com\/ru\/tribunal-judiciaire-de-caen-le-7-octobre-2024-n24-04264\/#primaryimage","url":"https:\/\/kohenavocats.com\/wp-content\/uploads\/2024\/11\/allison-saeng-HoeAHyJKj6o-unsplash.webp","contentUrl":"https:\/\/kohenavocats.com\/wp-content\/uploads\/2024\/11\/allison-saeng-HoeAHyJKj6o-unsplash.webp","width":4000,"height":3000},{"@type":"BreadcrumbList","@id":"https:\/\/kohenavocats.com\/ru\/tribunal-judiciaire-de-caen-le-7-octobre-2024-n24-04264\/#breadcrumb","itemListElement":[{"@type":"ListItem","position":1,"name":"Home","item":"https:\/\/kohenavocats.com\/ru\/avocats-en-droit-penal-a-paris-conseil-et-defense-strategique\/"},{"@type":"ListItem","position":2,"name":"Tribunal judiciaire de Caen, le 7 octobre 2024, n\u00b024\/04264"}]},{"@type":"WebSite","@id":"https:\/\/kohenavocats.com\/ru\/#website","url":"https:\/\/kohenavocats.com\/ru\/","name":"Kohen Avocats","description":"Ma\u00eetre Hassan Kohen, avocat p\u00e9naliste \u00e0 Paris, intervient exclusivement en droit p\u00e9nal pour la d\u00e9fense des particuliers, notamment en mati\u00e8re d\u2019accusations de viol. Il assure un accompagnement rigoureux d\u00e8s la garde \u00e0 vue jusqu\u2019\u00e0 la Cour d\u2019assises, veillant au strict respect des garanties proc\u00e9durales.","publisher":{"@id":"https:\/\/kohenavocats.com\/ru\/#organization"},"potentialAction":[{"@type":"SearchAction","target":{"@type":"EntryPoint","urlTemplate":"https:\/\/kohenavocats.com\/ru\/?s={search_term_string}"},"query-input":{"@type":"PropertyValueSpecification","valueRequired":true,"valueName":"search_term_string"}}],"inLanguage":"ru-RU"},{"@type":"Organization","@id":"https:\/\/kohenavocats.com\/ru\/#organization","name":"Kohen Avocats","url":"https:\/\/kohenavocats.com\/ru\/","logo":{"@type":"ImageObject","inLanguage":"ru-RU","@id":"https:\/\/kohenavocats.com\/ru\/#\/schema\/logo\/image\/","url":"https:\/\/kohenavocats.com\/wp-content\/uploads\/2026\/01\/Logo-2-1.webp","contentUrl":"https:\/\/kohenavocats.com\/wp-content\/uploads\/2026\/01\/Logo-2-1.webp","width":2114,"height":1253,"caption":"Kohen Avocats"},"image":{"@id":"https:\/\/kohenavocats.com\/ru\/#\/schema\/logo\/image\/"}},{"@type":"Person","@id":"https:\/\/kohenavocats.com\/ru\/#\/schema\/person\/761c9ba54fa1ca84d405cef0831ff751","name":"Kohen","image":{"@type":"ImageObject","inLanguage":"ru-RU","@id":"https:\/\/secure.gravatar.com\/avatar\/1c5e76ef76bbbfdd2b4da984e2bf2fa4056fd51a27d25ce2c332047f1dfd6e00?s=96&d=identicon&r=g","url":"https:\/\/secure.gravatar.com\/avatar\/1c5e76ef76bbbfdd2b4da984e2bf2fa4056fd51a27d25ce2c332047f1dfd6e00?s=96&d=identicon&r=g","contentUrl":"https:\/\/secure.gravatar.com\/avatar\/1c5e76ef76bbbfdd2b4da984e2bf2fa4056fd51a27d25ce2c332047f1dfd6e00?s=96&d=identicon&r=g","caption":"Kohen"},"sameAs":["https:\/\/www.linkedin.com\/in\/hassan-kohen-448548192\/","https:\/\/www.youtube.com\/@Kohen-Avocats"],"url":"https:\/\/kohenavocats.com\/ru\/author\/kohenmlk\/"}]}},"jetpack_featured_media_url":"https:\/\/kohenavocats.com\/wp-content\/uploads\/2024\/11\/allison-saeng-HoeAHyJKj6o-unsplash.webp","jetpack_likes_enabled":false,"jetpack_shortlink":"https:\/\/wp.me\/peCrII-2KQU","jetpack-related-posts":[{"id":605383,"url":"https:\/\/kohenavocats.com\/ru\/tribunal-judiciaire-de-rouen-le-6-octobre-2025-n25-01001\/","url_meta":{"origin":656760,"position":0},"title":"Tribunal judiciaire de Rouen, le 6 octobre 2025, n\u00b025\/01001","author":"Kohen","date":"19.04.2026","format":false,"excerpt":"Le juge des contentieux de la protection de Rouen, statuant le 6 octobre 2025, a examin\u00e9 une action en paiement relative \u00e0 un cr\u00e9dit \u00e0 la consommation. L'org...","rel":"","context":"\u0412 &quot;Jurisprudence&quot;","block_context":{"text":"Jurisprudence","link":"https:\/\/kohenavocats.com\/category\/jurisprudence\/"},"img":{"alt_text":"","src":"https:\/\/i0.wp.com\/kohenavocats.com\/wp-content\/uploads\/2024\/08\/patrick-schneider-cFeRWofFkw8-unsplash.webp?resize=350%2C200&ssl=1","width":350,"height":200,"srcset":"https:\/\/i0.wp.com\/kohenavocats.com\/wp-content\/uploads\/2024\/08\/patrick-schneider-cFeRWofFkw8-unsplash.webp?resize=350%2C200&ssl=1 1x, https:\/\/i0.wp.com\/kohenavocats.com\/wp-content\/uploads\/2024\/08\/patrick-schneider-cFeRWofFkw8-unsplash.webp?resize=525%2C300&ssl=1 1.5x, https:\/\/i0.wp.com\/kohenavocats.com\/wp-content\/uploads\/2024\/08\/patrick-schneider-cFeRWofFkw8-unsplash.webp?resize=700%2C400&ssl=1 2x, https:\/\/i0.wp.com\/kohenavocats.com\/wp-content\/uploads\/2024\/08\/patrick-schneider-cFeRWofFkw8-unsplash.webp?resize=1050%2C600&ssl=1 3x, https:\/\/i0.wp.com\/kohenavocats.com\/wp-content\/uploads\/2024\/08\/patrick-schneider-cFeRWofFkw8-unsplash.webp?resize=1400%2C800&ssl=1 4x"},"classes":[]},{"id":683051,"url":"https:\/\/kohenavocats.com\/ru\/tribunal-judiciaire-de-meaux-le-8-novembre-2024-n25-00385\/","url_meta":{"origin":656760,"position":1},"title":"Tribunal judiciaire de Meaux, le 8 novembre 2024, n\u00b025\/00385","author":"Kohen","date":"25.04.2026","format":false,"excerpt":"Le tribunal judiciaire de [Localit\u00e9 5], statuant en mati\u00e8re de contentieux de la protection, a rendu une d\u00e9cision le 8 novembre 2024. Cette d\u00e9cision concerna...","rel":"","context":"\u0412 &quot;Jurisprudence&quot;","block_context":{"text":"Jurisprudence","link":"https:\/\/kohenavocats.com\/category\/jurisprudence\/"},"img":{"alt_text":"","src":"https:\/\/i0.wp.com\/kohenavocats.com\/wp-content\/uploads\/2024\/08\/clark-van-der-beken-Azns3dVZEBQ-unsplash.webp?resize=350%2C200&ssl=1","width":350,"height":200,"srcset":"https:\/\/i0.wp.com\/kohenavocats.com\/wp-content\/uploads\/2024\/08\/clark-van-der-beken-Azns3dVZEBQ-unsplash.webp?resize=350%2C200&ssl=1 1x, https:\/\/i0.wp.com\/kohenavocats.com\/wp-content\/uploads\/2024\/08\/clark-van-der-beken-Azns3dVZEBQ-unsplash.webp?resize=525%2C300&ssl=1 1.5x, https:\/\/i0.wp.com\/kohenavocats.com\/wp-content\/uploads\/2024\/08\/clark-van-der-beken-Azns3dVZEBQ-unsplash.webp?resize=700%2C400&ssl=1 2x, https:\/\/i0.wp.com\/kohenavocats.com\/wp-content\/uploads\/2024\/08\/clark-van-der-beken-Azns3dVZEBQ-unsplash.webp?resize=1050%2C600&ssl=1 3x, https:\/\/i0.wp.com\/kohenavocats.com\/wp-content\/uploads\/2024\/08\/clark-van-der-beken-Azns3dVZEBQ-unsplash.webp?resize=1400%2C800&ssl=1 4x"},"classes":[]},{"id":682834,"url":"https:\/\/kohenavocats.com\/ru\/tribunal-judiciaire-de-meaux-le-8-novembre-2024-n25-00262\/","url_meta":{"origin":656760,"position":2},"title":"Tribunal judiciaire de Meaux, le 8 novembre 2024, n\u00b025\/00262","author":"Kohen","date":"25.04.2026","format":false,"excerpt":"Le tribunal judiciaire de [Localit\u00e9 5], statuant le 8 novembre 2024, examine une action en paiement engag\u00e9e par un \u00e9tablissement financier contre un emprunte...","rel":"","context":"\u0412 &quot;Jurisprudence&quot;","block_context":{"text":"Jurisprudence","link":"https:\/\/kohenavocats.com\/category\/jurisprudence\/"},"img":{"alt_text":"","src":"https:\/\/i0.wp.com\/kohenavocats.com\/wp-content\/uploads\/2024\/08\/kylie-paz-cbl1K6yJlDI-unsplash-1.webp?resize=350%2C200&ssl=1","width":350,"height":200,"srcset":"https:\/\/i0.wp.com\/kohenavocats.com\/wp-content\/uploads\/2024\/08\/kylie-paz-cbl1K6yJlDI-unsplash-1.webp?resize=350%2C200&ssl=1 1x, https:\/\/i0.wp.com\/kohenavocats.com\/wp-content\/uploads\/2024\/08\/kylie-paz-cbl1K6yJlDI-unsplash-1.webp?resize=525%2C300&ssl=1 1.5x, https:\/\/i0.wp.com\/kohenavocats.com\/wp-content\/uploads\/2024\/08\/kylie-paz-cbl1K6yJlDI-unsplash-1.webp?resize=700%2C400&ssl=1 2x, https:\/\/i0.wp.com\/kohenavocats.com\/wp-content\/uploads\/2024\/08\/kylie-paz-cbl1K6yJlDI-unsplash-1.webp?resize=1050%2C600&ssl=1 3x, https:\/\/i0.wp.com\/kohenavocats.com\/wp-content\/uploads\/2024\/08\/kylie-paz-cbl1K6yJlDI-unsplash-1.webp?resize=1400%2C800&ssl=1 4x"},"classes":[]},{"id":611098,"url":"https:\/\/kohenavocats.com\/ru\/tribunal-judiciaire-de-montpellier-le-31-octobre-2025-n25-00997\/","url_meta":{"origin":656760,"position":3},"title":"Tribunal judiciaire de Montpellier, le 31 octobre 2025, n\u00b025\/00997","author":"Kohen","date":"19.04.2026","format":false,"excerpt":"Le juge des contentieux de la protection, statuant par d\u00e9faut, a rendu un jugement le [date non pr\u00e9cis\u00e9e]. Il s\u2019agissait d\u2019une action en paiement intent\u00e9e pa...","rel":"","context":"\u0412 &quot;Jurisprudence&quot;","block_context":{"text":"Jurisprudence","link":"https:\/\/kohenavocats.com\/category\/jurisprudence\/"},"img":{"alt_text":"","src":"https:\/\/i0.wp.com\/kohenavocats.com\/wp-content\/uploads\/2024\/08\/jacob-diehl-P_iWOHWnawg-unsplash.webp?resize=350%2C200&ssl=1","width":350,"height":200,"srcset":"https:\/\/i0.wp.com\/kohenavocats.com\/wp-content\/uploads\/2024\/08\/jacob-diehl-P_iWOHWnawg-unsplash.webp?resize=350%2C200&ssl=1 1x, https:\/\/i0.wp.com\/kohenavocats.com\/wp-content\/uploads\/2024\/08\/jacob-diehl-P_iWOHWnawg-unsplash.webp?resize=525%2C300&ssl=1 1.5x, https:\/\/i0.wp.com\/kohenavocats.com\/wp-content\/uploads\/2024\/08\/jacob-diehl-P_iWOHWnawg-unsplash.webp?resize=700%2C400&ssl=1 2x, https:\/\/i0.wp.com\/kohenavocats.com\/wp-content\/uploads\/2024\/08\/jacob-diehl-P_iWOHWnawg-unsplash.webp?resize=1050%2C600&ssl=1 3x, https:\/\/i0.wp.com\/kohenavocats.com\/wp-content\/uploads\/2024\/08\/jacob-diehl-P_iWOHWnawg-unsplash.webp?resize=1400%2C800&ssl=1 4x"},"classes":[]},{"id":682854,"url":"https:\/\/kohenavocats.com\/ru\/tribunal-judiciaire-de-paris-le-25-octobre-2024-n24-05099\/","url_meta":{"origin":656760,"position":4},"title":"Tribunal judiciaire de Paris, le 25 octobre 2024, n\u00b024\/05099","author":"Kohen","date":"25.04.2026","format":false,"excerpt":"Le tribunal judiciaire de Paris, statuant en dernier ressort par jugement par d\u00e9faut le 25 octobre 2024, examine une demande en paiement d\u2019un cr\u00e9dit \u00e0 la con...","rel":"","context":"\u0412 &quot;Jurisprudence&quot;","block_context":{"text":"Jurisprudence","link":"https:\/\/kohenavocats.com\/category\/jurisprudence\/"},"img":{"alt_text":"","src":"https:\/\/i0.wp.com\/kohenavocats.com\/wp-content\/uploads\/2024\/11\/mohamed-nohassi-2UZMc83XJ8I-unsplash.webp?resize=350%2C200&ssl=1","width":350,"height":200,"srcset":"https:\/\/i0.wp.com\/kohenavocats.com\/wp-content\/uploads\/2024\/11\/mohamed-nohassi-2UZMc83XJ8I-unsplash.webp?resize=350%2C200&ssl=1 1x, https:\/\/i0.wp.com\/kohenavocats.com\/wp-content\/uploads\/2024\/11\/mohamed-nohassi-2UZMc83XJ8I-unsplash.webp?resize=525%2C300&ssl=1 1.5x, https:\/\/i0.wp.com\/kohenavocats.com\/wp-content\/uploads\/2024\/11\/mohamed-nohassi-2UZMc83XJ8I-unsplash.webp?resize=700%2C400&ssl=1 2x, https:\/\/i0.wp.com\/kohenavocats.com\/wp-content\/uploads\/2024\/11\/mohamed-nohassi-2UZMc83XJ8I-unsplash.webp?resize=1050%2C600&ssl=1 3x, https:\/\/i0.wp.com\/kohenavocats.com\/wp-content\/uploads\/2024\/11\/mohamed-nohassi-2UZMc83XJ8I-unsplash.webp?resize=1400%2C800&ssl=1 4x"},"classes":[]},{"id":610342,"url":"https:\/\/kohenavocats.com\/ru\/tribunal-judiciaire-de-la-rochelle-le-3-novembre-2025-n25-01524\/","url_meta":{"origin":656760,"position":5},"title":"Tribunal judiciaire de La Rochelle, le 3 novembre 2025, n\u00b025\/01524","author":"Kohen","date":"19.04.2026","format":false,"excerpt":"Le tribunal judiciaire de La Rochelle, statuant le 3 novembre 2025, a examin\u00e9 une action en paiement form\u00e9e par un \u00e9tablissement de cr\u00e9dit contre deux emprun...","rel":"","context":"\u0412 &quot;Jurisprudence&quot;","block_context":{"text":"Jurisprudence","link":"https:\/\/kohenavocats.com\/category\/jurisprudence\/"},"img":{"alt_text":"","src":"https:\/\/i0.wp.com\/kohenavocats.com\/wp-content\/uploads\/2024\/11\/allison-saeng-FimlRcXllbw-unsplash.webp?resize=350%2C200&ssl=1","width":350,"height":200,"srcset":"https:\/\/i0.wp.com\/kohenavocats.com\/wp-content\/uploads\/2024\/11\/allison-saeng-FimlRcXllbw-unsplash.webp?resize=350%2C200&ssl=1 1x, https:\/\/i0.wp.com\/kohenavocats.com\/wp-content\/uploads\/2024\/11\/allison-saeng-FimlRcXllbw-unsplash.webp?resize=525%2C300&ssl=1 1.5x, https:\/\/i0.wp.com\/kohenavocats.com\/wp-content\/uploads\/2024\/11\/allison-saeng-FimlRcXllbw-unsplash.webp?resize=700%2C400&ssl=1 2x, https:\/\/i0.wp.com\/kohenavocats.com\/wp-content\/uploads\/2024\/11\/allison-saeng-FimlRcXllbw-unsplash.webp?resize=1050%2C600&ssl=1 3x, https:\/\/i0.wp.com\/kohenavocats.com\/wp-content\/uploads\/2024\/11\/allison-saeng-FimlRcXllbw-unsplash.webp?resize=1400%2C800&ssl=1 4x"},"classes":[]}],"jetpack_sharing_enabled":true,"_links":{"self":[{"href":"https:\/\/kohenavocats.com\/ru\/wp-json\/wp\/v2\/posts\/656760","targetHints":{"allow":["GET"]}}],"collection":[{"href":"https:\/\/kohenavocats.com\/ru\/wp-json\/wp\/v2\/posts"}],"about":[{"href":"https:\/\/kohenavocats.com\/ru\/wp-json\/wp\/v2\/types\/post"}],"author":[{"embeddable":true,"href":"https:\/\/kohenavocats.com\/ru\/wp-json\/wp\/v2\/users\/232070755"}],"replies":[{"embeddable":true,"href":"https:\/\/kohenavocats.com\/ru\/wp-json\/wp\/v2\/comments?post=656760"}],"version-history":[{"count":0,"href":"https:\/\/kohenavocats.com\/ru\/wp-json\/wp\/v2\/posts\/656760\/revisions"}],"wp:featuredmedia":[{"embeddable":true,"href":"https:\/\/kohenavocats.com\/ru\/wp-json\/wp\/v2\/media\/9684"}],"wp:attachment":[{"href":"https:\/\/kohenavocats.com\/ru\/wp-json\/wp\/v2\/media?parent=656760"}],"wp:term":[{"taxonomy":"category","embeddable":true,"href":"https:\/\/kohenavocats.com\/ru\/wp-json\/wp\/v2\/categories?post=656760"},{"taxonomy":"post_tag","embeddable":true,"href":"https:\/\/kohenavocats.com\/ru\/wp-json\/wp\/v2\/tags?post=656760"}],"curies":[{"name":"wp","href":"https:\/\/api.w.org\/{rel}","templated":true}]}}