{"id":656762,"date":"2026-04-23T07:52:32","date_gmt":"2026-04-23T05:52:32","guid":{"rendered":"https:\/\/kohenavocats.com\/tribunal-judiciaire-de-caen-le-30-septembre-2025-n24-03435\/"},"modified":"2026-04-23T07:52:32","modified_gmt":"2026-04-23T05:52:32","slug":"tribunal-judiciaire-de-caen-le-30-septembre-2025-n24-03435","status":"publish","type":"post","link":"https:\/\/kohenavocats.com\/ru\/tribunal-judiciaire-de-caen-le-30-septembre-2025-n24-03435\/","title":{"rendered":"Tribunal judiciaire de Caen, le 30 septembre 2025, n\u00b024\/03435"},"content":{"rendered":"<div class=\"article-content\">\n<p>Le Tribunal judiciaire de Caen, en sa troisi\u00e8me chambre civile, a statu\u00e9 le trente septembre deux mille vingt-cinq. L&#8217;affaire opposait un \u00e9tablissement de cr\u00e9dit \u00e0 une personne physique concernant un contrat de pr\u00eat. La d\u00e9fenderesse avait form\u00e9 opposition \u00e0 une ordonnance d&#8217;injonction de payer. Les juges ont examin\u00e9 la recevabilit\u00e9 de cette opposition puis le fond de la demande en paiement. Ils ont d\u00e9clar\u00e9 l&#8217;opposition recevable et ont d\u00e9bout\u00e9 l&#8217;\u00e9tablissement financier de l&#8217;ensemble de ses demandes.<\/p>\n<p>Sur la recevabilit\u00e9 de l&#8217;opposition<\/p>\n<p>Le tribunal rappelle les conditions du d\u00e9lai pour contester une injonction. Le texte pr\u00e9voit un mois suivant la signification de l&#8217;ordonnance pour former opposition. Ce d\u00e9lai ne court pas si l&#8217;acte n&#8217;est pas signifi\u00e9 \u00e0 personne. &#171;En l\u2019esp\u00e8ce, l\u2019ordonnance du 05 ao\u00fbt 2024 a \u00e9t\u00e9 signifi\u00e9e le 12 ao\u00fbt 2024 \u00e0 l\u2019\u00e9tude du commissaire de Justice. Aucun acte n&#8217;a \u00e9t\u00e9 signifi\u00e9 \u00e0 personne et aucune mesure d&#8217;ex\u00e9cution n&#8217;a rendu les biens du d\u00e9biteur indisponibles.&#187; (Motifs) La solution retenue est conforme \u00e0 une jurisprudence constante sur le point de d\u00e9part du d\u00e9lai. Un tribunal a d\u00e9j\u00e0 jug\u00e9 que &#171;la signification de l&#8217;ordonnance d&#8217;injonction de payer n&#8217;a pas \u00e9t\u00e9 faite \u00e0 personne, et il n&#8217;est pas contest\u00e9 que le d\u00e9lai d&#8217;opposition n&#8217;a pu commencer \u00e0 courir dans ces conditions.&#187; (Tribunal judiciaire de Verdun, le 2 f\u00e9vrier 2026, n\u00b025\/00005) Cette rigueur proc\u00e9durale prot\u00e8ge les droits de la d\u00e9fense. Elle garantit qu&#8217;un d\u00e9biteur ne peut \u00eatre priv\u00e9 de recours sans notification effective.<\/p>\n<p>Sur le fondement de la demande en paiement<\/p>\n<p>Les juges analysent la validit\u00e9 du consentement au contrat litigieux. La d\u00e9fenderesse soutenait que sa signature avait \u00e9t\u00e9 falsifi\u00e9e par son ex-conjoint. L&#8217;examen des pi\u00e8ces et une attestation ont convaincu le tribunal. &#171;Il d\u00e9coule de l&#8217;examen des pi\u00e8ces produites en d\u00e9fense que la signature de Madame [X] n\u2019est pas similaire \u00e0 celle figurant sur le contrat de pr\u00eat et que le caract\u00e8re grossier de l\u2019imitation de signature est av\u00e9r\u00e9.&#187; (Motifs) L&#8217;absence de consentement personnel est ainsi \u00e9tablie de mani\u00e8re certaine. La banque ne pouvait invoquer la solidarit\u00e9 entre \u00e9poux pour ce pr\u00eat. &#171;Le pr\u00eat litigieux portait sur une somme de 16.820 euros. Il n\u2019est pas d\u00e9montr\u00e9 (&#8230;) que le pr\u00eat portait sur une somme modeste n\u00e9cessaire aux besoins de la vie courante.&#187; (Motifs) Le rejet de la demande en paiement en d\u00e9coule logiquement. Cette solution rappelle l&#8217;importance du consentement expr\u00e8s et v\u00e9rifi\u00e9. Elle met \u00e0 la charge du cr\u00e9ancier une obligation de diligence lors de la signature.<\/p>\n<p>La port\u00e9e de cette d\u00e9cision est significative en mati\u00e8re de preuve et de proc\u00e9dure. Elle rappelle la n\u00e9cessit\u00e9 d&#8217;une signification effective pour faire courir les d\u00e9lais. Le cr\u00e9ancier doit s&#8217;assurer que l&#8217;acte parvient personnellement au d\u00e9biteur. Sur le fond, l&#8217;arr\u00eat prot\u00e8ge l&#8217;\u00e9poux contre un engagement frauduleux. Il exige des \u00e9tablissements pr\u00eateurs une vigilance accrue quant \u00e0 l&#8217;authenticit\u00e9 des signatures. La banque ne pouvait se pr\u00e9valoir d&#8217;un document manifestement falsifi\u00e9. Cette jurisprudence rejoint une pr\u00e9occupation contemporaine de s\u00e9curisation des actes. Elle souligne que la simple production d&#8217;un document sign\u00e9 ne suffit pas. Le juge doit v\u00e9rifier la r\u00e9alit\u00e9 du consentement lorsque la fraude est plausible.<\/p>\n<\/div>\n","protected":false},"excerpt":{"rendered":"<p>Le Tribunal judiciaire de Caen, en sa troisi\u00e8me chambre civile, a statu\u00e9 le trente septembre deux mille vingt-cinq. L&#8217;affaire opposait un \u00e9tablissement de cr&#8230;<\/p>\n","protected":false},"author":232070755,"featured_media":4785,"comment_status":"open","ping_status":"open","sticky":false,"template":"","format":"standard","meta":{"_crdt_document":"","_jetpack_newsletter_access":"","_jetpack_dont_email_post_to_subs":false,"_jetpack_newsletter_tier_id":0,"_jetpack_memberships_contains_paywalled_content":false,"_kj_source_type":"judilibre","_kj_official_id":"68e96ac03ea43407b911e0df","_kj_official_url":"https:\/\/www.courdecassation.fr\/decision\/68e96ac03ea43407b911e0df","_kj_judilibre_id":"68e96ac03ea43407b911e0df","_kj_jur":"Tribunal judiciaire","_kj_lieu":"Tribunal judiciaire de Caen","_kj_chambre":"3\u00e8me chambre civile","_kj_rg":"24\/03435","_kj_date":"2025-09-30","_jetpack_memberships_contains_paid_content":false,"footnotes":"","jetpack_post_was_ever_published":false},"categories":[7597],"tags":[],"class_list":["post-656762","post","type-post","status-publish","format-standard","has-post-thumbnail","hentry","category-jurisprudence"],"yoast_head":"<!-- This site is optimized with the Yoast SEO Premium plugin v27.5 (Yoast SEO v27.5) - https:\/\/yoast.com\/product\/yoast-seo-premium-wordpress\/ -->\n<title>Tribunal judiciaire de Caen, le 30 septembre 2025, n\u00b024\/03435 - Ma\u00eetre Hassan Kohen, avocat en droit p\u00e9nal \u00e0 Paris<\/title>\n<meta name=\"description\" content=\"Le Tribunal judiciaire de Caen, en sa troisi\u00e8me chambre civile, a statu\u00e9 le trente septembre deux mille vingt-cinq. L&#039;affaire opposait un \u00e9tablissement de cr...\" \/>\n<meta name=\"robots\" content=\"index, follow, max-snippet:-1, max-image-preview:large, max-video-preview:-1\" \/>\n<link rel=\"canonical\" href=\"https:\/\/kohenavocats.com\/ru\/tribunal-judiciaire-de-caen-le-30-septembre-2025-n24-03435\/\" \/>\n<meta property=\"og:locale\" content=\"ru_RU\" \/>\n<meta property=\"og:type\" content=\"article\" \/>\n<meta property=\"og:title\" content=\"Tribunal judiciaire de Caen, le 30 septembre 2025, n\u00b024\/03435\" \/>\n<meta property=\"og:description\" content=\"Le Tribunal judiciaire de Caen, en sa troisi\u00e8me chambre civile, a statu\u00e9 le trente septembre deux mille vingt-cinq. L&#039;affaire opposait un \u00e9tablissement de cr...\" \/>\n<meta property=\"og:url\" content=\"https:\/\/kohenavocats.com\/ru\/tribunal-judiciaire-de-caen-le-30-septembre-2025-n24-03435\/\" \/>\n<meta property=\"og:site_name\" content=\"Ma\u00eetre Hassan Kohen, avocat en droit p\u00e9nal \u00e0 Paris\" \/>\n<meta property=\"article:published_time\" content=\"2026-04-23T05:52:32+00:00\" \/>\n<meta property=\"og:image\" content=\"https:\/\/kohenavocats.com\/wp-content\/uploads\/2024\/08\/billy-chester-vvk9VoMTUwg-unsplash.webp\" \/>\n\t<meta property=\"og:image:width\" content=\"3161\" \/>\n\t<meta property=\"og:image:height\" content=\"2370\" \/>\n\t<meta property=\"og:image:type\" content=\"image\/webp\" \/>\n<meta name=\"author\" content=\"Kohen\" \/>\n<meta name=\"twitter:card\" content=\"summary_large_image\" \/>\n<meta name=\"twitter:label1\" content=\"\u041d\u0430\u043f\u0438\u0441\u0430\u043d\u043e \u0430\u0432\u0442\u043e\u0440\u043e\u043c\" \/>\n\t<meta name=\"twitter:data1\" content=\"Kohen\" \/>\n\t<meta name=\"twitter:label2\" content=\"\u041f\u0440\u0438\u043c\u0435\u0440\u043d\u043e\u0435 \u0432\u0440\u0435\u043c\u044f \u0434\u043b\u044f \u0447\u0442\u0435\u043d\u0438\u044f\" \/>\n\t<meta name=\"twitter:data2\" content=\"3 \u043c\u0438\u043d\u0443\u0442\u044b\" \/>\n<script type=\"application\/ld+json\" class=\"yoast-schema-graph\">{\"@context\":\"https:\\\/\\\/schema.org\",\"@graph\":[{\"@type\":\"Article\",\"@id\":\"https:\\\/\\\/kohenavocats.com\\\/ru\\\/tribunal-judiciaire-de-caen-le-30-septembre-2025-n24-03435\\\/#article\",\"isPartOf\":{\"@id\":\"https:\\\/\\\/kohenavocats.com\\\/ru\\\/tribunal-judiciaire-de-caen-le-30-septembre-2025-n24-03435\\\/\"},\"author\":{\"name\":\"Kohen\",\"@id\":\"https:\\\/\\\/kohenavocats.com\\\/ru\\\/#\\\/schema\\\/person\\\/761c9ba54fa1ca84d405cef0831ff751\"},\"headline\":\"Tribunal judiciaire de Caen, le 30 septembre 2025, n\u00b024\\\/03435\",\"datePublished\":\"2026-04-23T05:52:32+00:00\",\"mainEntityOfPage\":{\"@id\":\"https:\\\/\\\/kohenavocats.com\\\/ru\\\/tribunal-judiciaire-de-caen-le-30-septembre-2025-n24-03435\\\/\"},\"wordCount\":592,\"commentCount\":0,\"publisher\":{\"@id\":\"https:\\\/\\\/kohenavocats.com\\\/ru\\\/#organization\"},\"image\":{\"@id\":\"https:\\\/\\\/kohenavocats.com\\\/ru\\\/tribunal-judiciaire-de-caen-le-30-septembre-2025-n24-03435\\\/#primaryimage\"},\"thumbnailUrl\":\"https:\\\/\\\/kohenavocats.com\\\/wp-content\\\/uploads\\\/2024\\\/08\\\/billy-chester-vvk9VoMTUwg-unsplash.webp\",\"articleSection\":[\"Jurisprudence\"],\"inLanguage\":\"ru-RU\",\"potentialAction\":[{\"@type\":\"CommentAction\",\"name\":\"Comment\",\"target\":[\"https:\\\/\\\/kohenavocats.com\\\/ru\\\/tribunal-judiciaire-de-caen-le-30-septembre-2025-n24-03435\\\/#respond\"]}],\"citation\":\"Tribunal judiciaire de Caen, le 30 septembre 2025, n\u00b024\\\/03435\",\"about\":[{\"@type\":\"Thing\",\"name\":\"Jurisprudence\"}],\"dateModified\":\"2026-04-23T05:52:32+00:00\",\"speakable\":{\"@type\":\"SpeakableSpecification\",\"cssSelector\":[\".article-content > p:first-of-type\"]}},{\"@type\":\"WebPage\",\"@id\":\"https:\\\/\\\/kohenavocats.com\\\/ru\\\/tribunal-judiciaire-de-caen-le-30-septembre-2025-n24-03435\\\/\",\"url\":\"https:\\\/\\\/kohenavocats.com\\\/ru\\\/tribunal-judiciaire-de-caen-le-30-septembre-2025-n24-03435\\\/\",\"name\":\"Tribunal judiciaire de Caen, le 30 septembre 2025, n\u00b024\\\/03435 - Ma\u00eetre Hassan Kohen, avocat en droit p\u00e9nal \u00e0 Paris\",\"isPartOf\":{\"@id\":\"https:\\\/\\\/kohenavocats.com\\\/ru\\\/#website\"},\"primaryImageOfPage\":{\"@id\":\"https:\\\/\\\/kohenavocats.com\\\/ru\\\/tribunal-judiciaire-de-caen-le-30-septembre-2025-n24-03435\\\/#primaryimage\"},\"image\":{\"@id\":\"https:\\\/\\\/kohenavocats.com\\\/ru\\\/tribunal-judiciaire-de-caen-le-30-septembre-2025-n24-03435\\\/#primaryimage\"},\"thumbnailUrl\":\"https:\\\/\\\/kohenavocats.com\\\/wp-content\\\/uploads\\\/2024\\\/08\\\/billy-chester-vvk9VoMTUwg-unsplash.webp\",\"datePublished\":\"2026-04-23T05:52:32+00:00\",\"description\":\"Le Tribunal judiciaire de Caen, en sa troisi\u00e8me chambre civile, a statu\u00e9 le trente septembre deux mille vingt-cinq. L'affaire opposait un \u00e9tablissement de cr...\",\"breadcrumb\":{\"@id\":\"https:\\\/\\\/kohenavocats.com\\\/ru\\\/tribunal-judiciaire-de-caen-le-30-septembre-2025-n24-03435\\\/#breadcrumb\"},\"inLanguage\":\"ru-RU\",\"potentialAction\":[{\"@type\":\"ReadAction\",\"target\":[\"https:\\\/\\\/kohenavocats.com\\\/ru\\\/tribunal-judiciaire-de-caen-le-30-septembre-2025-n24-03435\\\/\"]}]},{\"@type\":\"ImageObject\",\"inLanguage\":\"ru-RU\",\"@id\":\"https:\\\/\\\/kohenavocats.com\\\/ru\\\/tribunal-judiciaire-de-caen-le-30-septembre-2025-n24-03435\\\/#primaryimage\",\"url\":\"https:\\\/\\\/kohenavocats.com\\\/wp-content\\\/uploads\\\/2024\\\/08\\\/billy-chester-vvk9VoMTUwg-unsplash.webp\",\"contentUrl\":\"https:\\\/\\\/kohenavocats.com\\\/wp-content\\\/uploads\\\/2024\\\/08\\\/billy-chester-vvk9VoMTUwg-unsplash.webp\",\"width\":3161,\"height\":2370},{\"@type\":\"BreadcrumbList\",\"@id\":\"https:\\\/\\\/kohenavocats.com\\\/ru\\\/tribunal-judiciaire-de-caen-le-30-septembre-2025-n24-03435\\\/#breadcrumb\",\"itemListElement\":[{\"@type\":\"ListItem\",\"position\":1,\"name\":\"Home\",\"item\":\"https:\\\/\\\/kohenavocats.com\\\/ru\\\/avocats-en-droit-penal-a-paris-conseil-et-defense-strategique\\\/\"},{\"@type\":\"ListItem\",\"position\":2,\"name\":\"Tribunal judiciaire de Caen, le 30 septembre 2025, n\u00b024\\\/03435\"}]},{\"@type\":\"WebSite\",\"@id\":\"https:\\\/\\\/kohenavocats.com\\\/ru\\\/#website\",\"url\":\"https:\\\/\\\/kohenavocats.com\\\/ru\\\/\",\"name\":\"Kohen Avocats\",\"description\":\"Ma\u00eetre Hassan Kohen, avocat p\u00e9naliste \u00e0 Paris, intervient exclusivement en droit p\u00e9nal pour la d\u00e9fense des particuliers, notamment en mati\u00e8re d\u2019accusations de viol. Il assure un accompagnement rigoureux d\u00e8s la garde \u00e0 vue jusqu\u2019\u00e0 la Cour d\u2019assises, veillant au strict respect des garanties proc\u00e9durales.\",\"publisher\":{\"@id\":\"https:\\\/\\\/kohenavocats.com\\\/ru\\\/#organization\"},\"potentialAction\":[{\"@type\":\"SearchAction\",\"target\":{\"@type\":\"EntryPoint\",\"urlTemplate\":\"https:\\\/\\\/kohenavocats.com\\\/ru\\\/?s={search_term_string}\"},\"query-input\":{\"@type\":\"PropertyValueSpecification\",\"valueRequired\":true,\"valueName\":\"search_term_string\"}}],\"inLanguage\":\"ru-RU\"},{\"@type\":\"Organization\",\"@id\":\"https:\\\/\\\/kohenavocats.com\\\/ru\\\/#organization\",\"name\":\"Kohen Avocats\",\"url\":\"https:\\\/\\\/kohenavocats.com\\\/ru\\\/\",\"logo\":{\"@type\":\"ImageObject\",\"inLanguage\":\"ru-RU\",\"@id\":\"https:\\\/\\\/kohenavocats.com\\\/ru\\\/#\\\/schema\\\/logo\\\/image\\\/\",\"url\":\"https:\\\/\\\/kohenavocats.com\\\/wp-content\\\/uploads\\\/2026\\\/01\\\/Logo-2-1.webp\",\"contentUrl\":\"https:\\\/\\\/kohenavocats.com\\\/wp-content\\\/uploads\\\/2026\\\/01\\\/Logo-2-1.webp\",\"width\":2114,\"height\":1253,\"caption\":\"Kohen Avocats\"},\"image\":{\"@id\":\"https:\\\/\\\/kohenavocats.com\\\/ru\\\/#\\\/schema\\\/logo\\\/image\\\/\"}},{\"@type\":\"Person\",\"@id\":\"https:\\\/\\\/kohenavocats.com\\\/ru\\\/#\\\/schema\\\/person\\\/761c9ba54fa1ca84d405cef0831ff751\",\"name\":\"Kohen\",\"image\":{\"@type\":\"ImageObject\",\"inLanguage\":\"ru-RU\",\"@id\":\"https:\\\/\\\/secure.gravatar.com\\\/avatar\\\/1c5e76ef76bbbfdd2b4da984e2bf2fa4056fd51a27d25ce2c332047f1dfd6e00?s=96&d=identicon&r=g\",\"url\":\"https:\\\/\\\/secure.gravatar.com\\\/avatar\\\/1c5e76ef76bbbfdd2b4da984e2bf2fa4056fd51a27d25ce2c332047f1dfd6e00?s=96&d=identicon&r=g\",\"contentUrl\":\"https:\\\/\\\/secure.gravatar.com\\\/avatar\\\/1c5e76ef76bbbfdd2b4da984e2bf2fa4056fd51a27d25ce2c332047f1dfd6e00?s=96&d=identicon&r=g\",\"caption\":\"Kohen\"},\"sameAs\":[\"https:\\\/\\\/www.linkedin.com\\\/in\\\/hassan-kohen-448548192\\\/\",\"https:\\\/\\\/www.youtube.com\\\/@Kohen-Avocats\"],\"url\":\"https:\\\/\\\/kohenavocats.com\\\/ru\\\/author\\\/kohenmlk\\\/\"}]}<\/script>\n<!-- \/ Yoast SEO Premium plugin. -->","yoast_head_json":{"title":"Tribunal judiciaire de Caen, le 30 septembre 2025, n\u00b024\/03435 - Ma\u00eetre Hassan Kohen, avocat en droit p\u00e9nal \u00e0 Paris","description":"Le Tribunal judiciaire de Caen, en sa troisi\u00e8me chambre civile, a statu\u00e9 le trente septembre deux mille vingt-cinq. L'affaire opposait un \u00e9tablissement de cr...","robots":{"index":"index","follow":"follow","max-snippet":"max-snippet:-1","max-image-preview":"max-image-preview:large","max-video-preview":"max-video-preview:-1"},"canonical":"https:\/\/kohenavocats.com\/ru\/tribunal-judiciaire-de-caen-le-30-septembre-2025-n24-03435\/","og_locale":"ru_RU","og_type":"article","og_title":"Tribunal judiciaire de Caen, le 30 septembre 2025, n\u00b024\/03435","og_description":"Le Tribunal judiciaire de Caen, en sa troisi\u00e8me chambre civile, a statu\u00e9 le trente septembre deux mille vingt-cinq. L'affaire opposait un \u00e9tablissement de cr...","og_url":"https:\/\/kohenavocats.com\/ru\/tribunal-judiciaire-de-caen-le-30-septembre-2025-n24-03435\/","og_site_name":"Ma\u00eetre Hassan Kohen, avocat en droit p\u00e9nal \u00e0 Paris","article_published_time":"2026-04-23T05:52:32+00:00","og_image":[{"width":3161,"height":2370,"url":"https:\/\/kohenavocats.com\/wp-content\/uploads\/2024\/08\/billy-chester-vvk9VoMTUwg-unsplash.webp","type":"image\/webp"}],"author":"Kohen","twitter_card":"summary_large_image","twitter_misc":{"\u041d\u0430\u043f\u0438\u0441\u0430\u043d\u043e \u0430\u0432\u0442\u043e\u0440\u043e\u043c":"Kohen","\u041f\u0440\u0438\u043c\u0435\u0440\u043d\u043e\u0435 \u0432\u0440\u0435\u043c\u044f \u0434\u043b\u044f \u0447\u0442\u0435\u043d\u0438\u044f":"3 \u043c\u0438\u043d\u0443\u0442\u044b"},"schema":{"@context":"https:\/\/schema.org","@graph":[{"@type":"Article","@id":"https:\/\/kohenavocats.com\/ru\/tribunal-judiciaire-de-caen-le-30-septembre-2025-n24-03435\/#article","isPartOf":{"@id":"https:\/\/kohenavocats.com\/ru\/tribunal-judiciaire-de-caen-le-30-septembre-2025-n24-03435\/"},"author":{"name":"Kohen","@id":"https:\/\/kohenavocats.com\/ru\/#\/schema\/person\/761c9ba54fa1ca84d405cef0831ff751"},"headline":"Tribunal judiciaire de Caen, le 30 septembre 2025, n\u00b024\/03435","datePublished":"2026-04-23T05:52:32+00:00","mainEntityOfPage":{"@id":"https:\/\/kohenavocats.com\/ru\/tribunal-judiciaire-de-caen-le-30-septembre-2025-n24-03435\/"},"wordCount":592,"commentCount":0,"publisher":{"@id":"https:\/\/kohenavocats.com\/ru\/#organization"},"image":{"@id":"https:\/\/kohenavocats.com\/ru\/tribunal-judiciaire-de-caen-le-30-septembre-2025-n24-03435\/#primaryimage"},"thumbnailUrl":"https:\/\/kohenavocats.com\/wp-content\/uploads\/2024\/08\/billy-chester-vvk9VoMTUwg-unsplash.webp","articleSection":["Jurisprudence"],"inLanguage":"ru-RU","potentialAction":[{"@type":"CommentAction","name":"Comment","target":["https:\/\/kohenavocats.com\/ru\/tribunal-judiciaire-de-caen-le-30-septembre-2025-n24-03435\/#respond"]}],"citation":"Tribunal judiciaire de Caen, le 30 septembre 2025, n\u00b024\/03435","about":[{"@type":"Thing","name":"Jurisprudence"}],"dateModified":"2026-04-23T05:52:32+00:00","speakable":{"@type":"SpeakableSpecification","cssSelector":[".article-content > p:first-of-type"]}},{"@type":"WebPage","@id":"https:\/\/kohenavocats.com\/ru\/tribunal-judiciaire-de-caen-le-30-septembre-2025-n24-03435\/","url":"https:\/\/kohenavocats.com\/ru\/tribunal-judiciaire-de-caen-le-30-septembre-2025-n24-03435\/","name":"Tribunal judiciaire de Caen, le 30 septembre 2025, n\u00b024\/03435 - Ma\u00eetre Hassan Kohen, avocat en droit p\u00e9nal \u00e0 Paris","isPartOf":{"@id":"https:\/\/kohenavocats.com\/ru\/#website"},"primaryImageOfPage":{"@id":"https:\/\/kohenavocats.com\/ru\/tribunal-judiciaire-de-caen-le-30-septembre-2025-n24-03435\/#primaryimage"},"image":{"@id":"https:\/\/kohenavocats.com\/ru\/tribunal-judiciaire-de-caen-le-30-septembre-2025-n24-03435\/#primaryimage"},"thumbnailUrl":"https:\/\/kohenavocats.com\/wp-content\/uploads\/2024\/08\/billy-chester-vvk9VoMTUwg-unsplash.webp","datePublished":"2026-04-23T05:52:32+00:00","description":"Le Tribunal judiciaire de Caen, en sa troisi\u00e8me chambre civile, a statu\u00e9 le trente septembre deux mille vingt-cinq. L'affaire opposait un \u00e9tablissement de cr...","breadcrumb":{"@id":"https:\/\/kohenavocats.com\/ru\/tribunal-judiciaire-de-caen-le-30-septembre-2025-n24-03435\/#breadcrumb"},"inLanguage":"ru-RU","potentialAction":[{"@type":"ReadAction","target":["https:\/\/kohenavocats.com\/ru\/tribunal-judiciaire-de-caen-le-30-septembre-2025-n24-03435\/"]}]},{"@type":"ImageObject","inLanguage":"ru-RU","@id":"https:\/\/kohenavocats.com\/ru\/tribunal-judiciaire-de-caen-le-30-septembre-2025-n24-03435\/#primaryimage","url":"https:\/\/kohenavocats.com\/wp-content\/uploads\/2024\/08\/billy-chester-vvk9VoMTUwg-unsplash.webp","contentUrl":"https:\/\/kohenavocats.com\/wp-content\/uploads\/2024\/08\/billy-chester-vvk9VoMTUwg-unsplash.webp","width":3161,"height":2370},{"@type":"BreadcrumbList","@id":"https:\/\/kohenavocats.com\/ru\/tribunal-judiciaire-de-caen-le-30-septembre-2025-n24-03435\/#breadcrumb","itemListElement":[{"@type":"ListItem","position":1,"name":"Home","item":"https:\/\/kohenavocats.com\/ru\/avocats-en-droit-penal-a-paris-conseil-et-defense-strategique\/"},{"@type":"ListItem","position":2,"name":"Tribunal judiciaire de Caen, le 30 septembre 2025, n\u00b024\/03435"}]},{"@type":"WebSite","@id":"https:\/\/kohenavocats.com\/ru\/#website","url":"https:\/\/kohenavocats.com\/ru\/","name":"Kohen Avocats","description":"Ma\u00eetre Hassan Kohen, avocat p\u00e9naliste \u00e0 Paris, intervient exclusivement en droit p\u00e9nal pour la d\u00e9fense des particuliers, notamment en mati\u00e8re d\u2019accusations de viol. Il assure un accompagnement rigoureux d\u00e8s la garde \u00e0 vue jusqu\u2019\u00e0 la Cour d\u2019assises, veillant au strict respect des garanties proc\u00e9durales.","publisher":{"@id":"https:\/\/kohenavocats.com\/ru\/#organization"},"potentialAction":[{"@type":"SearchAction","target":{"@type":"EntryPoint","urlTemplate":"https:\/\/kohenavocats.com\/ru\/?s={search_term_string}"},"query-input":{"@type":"PropertyValueSpecification","valueRequired":true,"valueName":"search_term_string"}}],"inLanguage":"ru-RU"},{"@type":"Organization","@id":"https:\/\/kohenavocats.com\/ru\/#organization","name":"Kohen Avocats","url":"https:\/\/kohenavocats.com\/ru\/","logo":{"@type":"ImageObject","inLanguage":"ru-RU","@id":"https:\/\/kohenavocats.com\/ru\/#\/schema\/logo\/image\/","url":"https:\/\/kohenavocats.com\/wp-content\/uploads\/2026\/01\/Logo-2-1.webp","contentUrl":"https:\/\/kohenavocats.com\/wp-content\/uploads\/2026\/01\/Logo-2-1.webp","width":2114,"height":1253,"caption":"Kohen Avocats"},"image":{"@id":"https:\/\/kohenavocats.com\/ru\/#\/schema\/logo\/image\/"}},{"@type":"Person","@id":"https:\/\/kohenavocats.com\/ru\/#\/schema\/person\/761c9ba54fa1ca84d405cef0831ff751","name":"Kohen","image":{"@type":"ImageObject","inLanguage":"ru-RU","@id":"https:\/\/secure.gravatar.com\/avatar\/1c5e76ef76bbbfdd2b4da984e2bf2fa4056fd51a27d25ce2c332047f1dfd6e00?s=96&d=identicon&r=g","url":"https:\/\/secure.gravatar.com\/avatar\/1c5e76ef76bbbfdd2b4da984e2bf2fa4056fd51a27d25ce2c332047f1dfd6e00?s=96&d=identicon&r=g","contentUrl":"https:\/\/secure.gravatar.com\/avatar\/1c5e76ef76bbbfdd2b4da984e2bf2fa4056fd51a27d25ce2c332047f1dfd6e00?s=96&d=identicon&r=g","caption":"Kohen"},"sameAs":["https:\/\/www.linkedin.com\/in\/hassan-kohen-448548192\/","https:\/\/www.youtube.com\/@Kohen-Avocats"],"url":"https:\/\/kohenavocats.com\/ru\/author\/kohenmlk\/"}]}},"jetpack_featured_media_url":"https:\/\/kohenavocats.com\/wp-content\/uploads\/2024\/08\/billy-chester-vvk9VoMTUwg-unsplash.webp","jetpack_likes_enabled":false,"jetpack_shortlink":"https:\/\/wp.me\/peCrII-2KQW","jetpack-related-posts":[{"id":667336,"url":"https:\/\/kohenavocats.com\/ru\/tribunal-judiciaire-de-caen-le-23-septembre-2025-n25-00635\/","url_meta":{"origin":656762,"position":0},"title":"Tribunal judiciaire de Caen, le 23 septembre 2025, n\u00b025\/00635","author":"Kohen","date":"24.04.2026","format":false,"excerpt":"Le Tribunal judiciaire de Caen, en date du 23 septembre 2025, statue sur une opposition \u00e0 une injonction de payer. Une association r\u00e9clamait le paiement de p...","rel":"","context":"\u0412 &quot;Droit des affaires&quot;","block_context":{"text":"Droit des affaires","link":"https:\/\/kohenavocats.com\/category\/droit-des-affaires\/"},"img":{"alt_text":"","src":"https:\/\/i0.wp.com\/kohenavocats.com\/wp-content\/uploads\/2024\/11\/virginia-marinova-d0LTrcpOS6w-unsplash.webp?resize=350%2C200&ssl=1","width":350,"height":200,"srcset":"https:\/\/i0.wp.com\/kohenavocats.com\/wp-content\/uploads\/2024\/11\/virginia-marinova-d0LTrcpOS6w-unsplash.webp?resize=350%2C200&ssl=1 1x, https:\/\/i0.wp.com\/kohenavocats.com\/wp-content\/uploads\/2024\/11\/virginia-marinova-d0LTrcpOS6w-unsplash.webp?resize=525%2C300&ssl=1 1.5x, https:\/\/i0.wp.com\/kohenavocats.com\/wp-content\/uploads\/2024\/11\/virginia-marinova-d0LTrcpOS6w-unsplash.webp?resize=700%2C400&ssl=1 2x, https:\/\/i0.wp.com\/kohenavocats.com\/wp-content\/uploads\/2024\/11\/virginia-marinova-d0LTrcpOS6w-unsplash.webp?resize=1050%2C600&ssl=1 3x, https:\/\/i0.wp.com\/kohenavocats.com\/wp-content\/uploads\/2024\/11\/virginia-marinova-d0LTrcpOS6w-unsplash.webp?resize=1400%2C800&ssl=1 4x"},"classes":[]},{"id":480888,"url":"https:\/\/kohenavocats.com\/ru\/tribunal-de-commerce-de-caen-le-12-novembre-2025-n2025003925\/","url_meta":{"origin":656762,"position":1},"title":"Tribunal de commerce de Caen, le 12 novembre 2025, n\u00b02025003925","author":"Kohen","date":"07.04.2026","format":false,"excerpt":"Le Tribunal de commerce de Caen, statuant le 12 novembre 2025, a examin\u00e9 une opposition \u00e0 une injonction de payer. Un grossiste r\u00e9clamait le prix de marchand...","rel":"","context":"\u0412 &quot;Jurisprudence&quot;","block_context":{"text":"Jurisprudence","link":"https:\/\/kohenavocats.com\/category\/jurisprudence\/"},"img":{"alt_text":"","src":"https:\/\/i0.wp.com\/kohenavocats.com\/wp-content\/uploads\/2024\/11\/laura-adai-01cs-31crqQ-unsplash.webp?resize=350%2C200&ssl=1","width":350,"height":200,"srcset":"https:\/\/i0.wp.com\/kohenavocats.com\/wp-content\/uploads\/2024\/11\/laura-adai-01cs-31crqQ-unsplash.webp?resize=350%2C200&ssl=1 1x, https:\/\/i0.wp.com\/kohenavocats.com\/wp-content\/uploads\/2024\/11\/laura-adai-01cs-31crqQ-unsplash.webp?resize=525%2C300&ssl=1 1.5x, https:\/\/i0.wp.com\/kohenavocats.com\/wp-content\/uploads\/2024\/11\/laura-adai-01cs-31crqQ-unsplash.webp?resize=700%2C400&ssl=1 2x, https:\/\/i0.wp.com\/kohenavocats.com\/wp-content\/uploads\/2024\/11\/laura-adai-01cs-31crqQ-unsplash.webp?resize=1050%2C600&ssl=1 3x, https:\/\/i0.wp.com\/kohenavocats.com\/wp-content\/uploads\/2024\/11\/laura-adai-01cs-31crqQ-unsplash.webp?resize=1400%2C800&ssl=1 4x"},"classes":[]},{"id":480883,"url":"https:\/\/kohenavocats.com\/ru\/tribunal-de-commerce-de-caen-le-12-novembre-2025-n2024007075\/","url_meta":{"origin":656762,"position":2},"title":"Tribunal de commerce de Caen, le 12 novembre 2025, n\u00b02024007075","author":"Kohen","date":"07.04.2026","format":false,"excerpt":"Le Tribunal de commerce de Caen, le 12 novembre 2025, statue sur deux oppositions \u00e0 injonction de payer. Une entreprise de gros \u0153uvre, mandataire d\u2019un compte...","rel":"","context":"\u0412 &quot;Jurisprudence&quot;","block_context":{"text":"Jurisprudence","link":"https:\/\/kohenavocats.com\/category\/jurisprudence\/"},"img":{"alt_text":"","src":"https:\/\/i0.wp.com\/kohenavocats.com\/wp-content\/uploads\/2024\/11\/mohamed-nohassi-_amjPlrSrKA-unsplash.webp?resize=350%2C200&ssl=1","width":350,"height":200,"srcset":"https:\/\/i0.wp.com\/kohenavocats.com\/wp-content\/uploads\/2024\/11\/mohamed-nohassi-_amjPlrSrKA-unsplash.webp?resize=350%2C200&ssl=1 1x, https:\/\/i0.wp.com\/kohenavocats.com\/wp-content\/uploads\/2024\/11\/mohamed-nohassi-_amjPlrSrKA-unsplash.webp?resize=525%2C300&ssl=1 1.5x, https:\/\/i0.wp.com\/kohenavocats.com\/wp-content\/uploads\/2024\/11\/mohamed-nohassi-_amjPlrSrKA-unsplash.webp?resize=700%2C400&ssl=1 2x, https:\/\/i0.wp.com\/kohenavocats.com\/wp-content\/uploads\/2024\/11\/mohamed-nohassi-_amjPlrSrKA-unsplash.webp?resize=1050%2C600&ssl=1 3x, https:\/\/i0.wp.com\/kohenavocats.com\/wp-content\/uploads\/2024\/11\/mohamed-nohassi-_amjPlrSrKA-unsplash.webp?resize=1400%2C800&ssl=1 4x"},"classes":[]},{"id":499308,"url":"https:\/\/kohenavocats.com\/ru\/cour-dappel-de-caen-le-27-novembre-2025-n24-02616\/","url_meta":{"origin":656762,"position":3},"title":"Cour d&#8217;appel de Caen, le 27 novembre 2025, n\u00b024\/02616","author":"Kohen","date":"08.04.2026","format":false,"excerpt":"La Cour d'appel de Caen, premi\u00e8re chambre civile, le 27 novembre 2025, statue sur un appel form\u00e9 contre une ordonnance de juge de la mise en \u00e9tat. Cette...","rel":"","context":"\u0412 &quot;Cour d'appel&quot;","block_context":{"text":"Cour d'appel","link":"https:\/\/kohenavocats.com\/category\/cour-dappel\/"},"img":{"alt_text":"","src":"https:\/\/i0.wp.com\/kohenavocats.com\/wp-content\/uploads\/2024\/08\/roman-suslov-7jSq1rrpku0-unsplash.webp?resize=350%2C200&ssl=1","width":350,"height":200,"srcset":"https:\/\/i0.wp.com\/kohenavocats.com\/wp-content\/uploads\/2024\/08\/roman-suslov-7jSq1rrpku0-unsplash.webp?resize=350%2C200&ssl=1 1x, https:\/\/i0.wp.com\/kohenavocats.com\/wp-content\/uploads\/2024\/08\/roman-suslov-7jSq1rrpku0-unsplash.webp?resize=525%2C300&ssl=1 1.5x, https:\/\/i0.wp.com\/kohenavocats.com\/wp-content\/uploads\/2024\/08\/roman-suslov-7jSq1rrpku0-unsplash.webp?resize=700%2C400&ssl=1 2x, https:\/\/i0.wp.com\/kohenavocats.com\/wp-content\/uploads\/2024\/08\/roman-suslov-7jSq1rrpku0-unsplash.webp?resize=1050%2C600&ssl=1 3x, https:\/\/i0.wp.com\/kohenavocats.com\/wp-content\/uploads\/2024\/08\/roman-suslov-7jSq1rrpku0-unsplash.webp?resize=1400%2C800&ssl=1 4x"},"classes":[]},{"id":666716,"url":"https:\/\/kohenavocats.com\/ru\/tribunal-judiciaire-de-caen-le-13-janvier-2025-n24-00986\/","url_meta":{"origin":656762,"position":4},"title":"Tribunal judiciaire de Caen, le 13 janvier 2025, n\u00b024\/00986","author":"Kohen","date":"24.04.2026","format":false,"excerpt":"Le tribunal judiciaire de Caen, statuant le 13 janvier 2025, examine une opposition \u00e0 une injonction de payer. Les parties ont ult\u00e9rieurement conclu un accor...","rel":"","context":"\u0412 &quot;Jurisprudence&quot;","block_context":{"text":"Jurisprudence","link":"https:\/\/kohenavocats.com\/category\/jurisprudence\/"},"img":{"alt_text":"","src":"https:\/\/i0.wp.com\/kohenavocats.com\/wp-content\/uploads\/2024\/07\/wesley-tingey-KJgkqQcdynQ-unsplash.webp?resize=350%2C200&ssl=1","width":350,"height":200,"srcset":"https:\/\/i0.wp.com\/kohenavocats.com\/wp-content\/uploads\/2024\/07\/wesley-tingey-KJgkqQcdynQ-unsplash.webp?resize=350%2C200&ssl=1 1x, https:\/\/i0.wp.com\/kohenavocats.com\/wp-content\/uploads\/2024\/07\/wesley-tingey-KJgkqQcdynQ-unsplash.webp?resize=525%2C300&ssl=1 1.5x, https:\/\/i0.wp.com\/kohenavocats.com\/wp-content\/uploads\/2024\/07\/wesley-tingey-KJgkqQcdynQ-unsplash.webp?resize=700%2C400&ssl=1 2x, https:\/\/i0.wp.com\/kohenavocats.com\/wp-content\/uploads\/2024\/07\/wesley-tingey-KJgkqQcdynQ-unsplash.webp?resize=1050%2C600&ssl=1 3x, https:\/\/i0.wp.com\/kohenavocats.com\/wp-content\/uploads\/2024\/07\/wesley-tingey-KJgkqQcdynQ-unsplash.webp?resize=1400%2C800&ssl=1 4x"},"classes":[]},{"id":654373,"url":"https:\/\/kohenavocats.com\/ru\/tribunal-judiciaire-de-saint-etienne-le-9-janvier-2025-n24-00473\/","url_meta":{"origin":656762,"position":5},"title":"Tribunal judiciaire de Saint-Etienne, le 9 janvier 2025, n\u00b024\/00473","author":"Kohen","date":"23.04.2026","format":false,"excerpt":"Le tribunal judiciaire de Saint-Etienne, statuant le 9 janvier 2025, examine la recevabilit\u00e9 d'une opposition \u00e0 une injonction de payer. L'ordonnance, signif...","rel":"","context":"\u0412 &quot;Jurisprudence&quot;","block_context":{"text":"Jurisprudence","link":"https:\/\/kohenavocats.com\/category\/jurisprudence\/"},"img":{"alt_text":"","src":"https:\/\/i0.wp.com\/kohenavocats.com\/wp-content\/uploads\/2024\/11\/shubham-dhage-ICCn56-jyuw-unsplash.webp?resize=350%2C200&ssl=1","width":350,"height":200,"srcset":"https:\/\/i0.wp.com\/kohenavocats.com\/wp-content\/uploads\/2024\/11\/shubham-dhage-ICCn56-jyuw-unsplash.webp?resize=350%2C200&ssl=1 1x, https:\/\/i0.wp.com\/kohenavocats.com\/wp-content\/uploads\/2024\/11\/shubham-dhage-ICCn56-jyuw-unsplash.webp?resize=525%2C300&ssl=1 1.5x, https:\/\/i0.wp.com\/kohenavocats.com\/wp-content\/uploads\/2024\/11\/shubham-dhage-ICCn56-jyuw-unsplash.webp?resize=700%2C400&ssl=1 2x, https:\/\/i0.wp.com\/kohenavocats.com\/wp-content\/uploads\/2024\/11\/shubham-dhage-ICCn56-jyuw-unsplash.webp?resize=1050%2C600&ssl=1 3x, https:\/\/i0.wp.com\/kohenavocats.com\/wp-content\/uploads\/2024\/11\/shubham-dhage-ICCn56-jyuw-unsplash.webp?resize=1400%2C800&ssl=1 4x"},"classes":[]}],"jetpack_sharing_enabled":true,"_links":{"self":[{"href":"https:\/\/kohenavocats.com\/ru\/wp-json\/wp\/v2\/posts\/656762","targetHints":{"allow":["GET"]}}],"collection":[{"href":"https:\/\/kohenavocats.com\/ru\/wp-json\/wp\/v2\/posts"}],"about":[{"href":"https:\/\/kohenavocats.com\/ru\/wp-json\/wp\/v2\/types\/post"}],"author":[{"embeddable":true,"href":"https:\/\/kohenavocats.com\/ru\/wp-json\/wp\/v2\/users\/232070755"}],"replies":[{"embeddable":true,"href":"https:\/\/kohenavocats.com\/ru\/wp-json\/wp\/v2\/comments?post=656762"}],"version-history":[{"count":0,"href":"https:\/\/kohenavocats.com\/ru\/wp-json\/wp\/v2\/posts\/656762\/revisions"}],"wp:featuredmedia":[{"embeddable":true,"href":"https:\/\/kohenavocats.com\/ru\/wp-json\/wp\/v2\/media\/4785"}],"wp:attachment":[{"href":"https:\/\/kohenavocats.com\/ru\/wp-json\/wp\/v2\/media?parent=656762"}],"wp:term":[{"taxonomy":"category","embeddable":true,"href":"https:\/\/kohenavocats.com\/ru\/wp-json\/wp\/v2\/categories?post=656762"},{"taxonomy":"post_tag","embeddable":true,"href":"https:\/\/kohenavocats.com\/ru\/wp-json\/wp\/v2\/tags?post=656762"}],"curies":[{"name":"wp","href":"https:\/\/api.w.org\/{rel}","templated":true}]}}