{"id":656865,"date":"2026-04-23T08:14:37","date_gmt":"2026-04-23T06:14:37","guid":{"rendered":"https:\/\/kohenavocats.com\/cour-dappel-de-saint-denis-de-la-reunion-le-11-octobre-2024-n24-01454\/"},"modified":"2026-04-23T08:14:37","modified_gmt":"2026-04-23T06:14:37","slug":"cour-dappel-de-saint-denis-de-la-reunion-le-11-octobre-2024-n24-01454","status":"publish","type":"post","link":"https:\/\/kohenavocats.com\/ru\/cour-dappel-de-saint-denis-de-la-reunion-le-11-octobre-2024-n24-01454\/","title":{"rendered":"Cour d&#8217;appel de Saint-Denis de La R\u00e9union, le 11 octobre 2024, n\u00b024\/01454"},"content":{"rendered":"<div class=\"article-content\">\n<p>La Cour d&#8217;appel de Saint-Denis de La R\u00e9union, statuant le 11 octobre 2024, a examin\u00e9 un litige entre un salari\u00e9 et l&#8217;AGS. Le salari\u00e9 r\u00e9clamait le paiement de salaires impay\u00e9s, d&#8217;indemnit\u00e9s de cong\u00e9s pay\u00e9s et de dommages-int\u00e9r\u00eats. La juridiction a confirm\u00e9 en grande partie la d\u00e9cision des prud&#8217;hommes, tout en pr\u00e9cisant l&#8217;\u00e9tendue de la garantie de l&#8217;AGS et en infirmant certains points. Elle a ainsi reconnu la cr\u00e9ance salariale et sanctionn\u00e9 un travail dissimul\u00e9.<\/p>\n<p>La preuve du paiement des salaires incombe \u00e0 l&#8217;employeur.<\/p>\n<p>La cour rappelle le principe de r\u00e9partition de la charge de la preuve en mati\u00e8re de paiement du salaire. Elle applique strictement l&#8217;article 1353 du code civil, qui impose au salari\u00e9 de fournir les \u00e9l\u00e9ments de calcul et \u00e0 l&#8217;employeur de prouver le r\u00e8glement. &#171;en cas de contestation portant sur le montant et le paiement du salaire, il appartient au salari\u00e9 de fournir les \u00e9l\u00e9ments permettant de d\u00e9terminer le montant du salaire d\u00fb et \u00e0 l&#8217;employeur de rapporter la preuve de son paiement.&#187; (Motifs). Cette r\u00e8gle est d&#8217;une port\u00e9e pratique essentielle, car elle place la charge probatoire la plus lourde sur la partie qui d\u00e9tient les justificatifs de paiement.<\/p>\n<p>La preuve apport\u00e9e par l&#8217;employeur est jug\u00e9e insuffisante.<\/p>\n<p>En l&#8217;esp\u00e8ce, l&#8217;AGS, se substituant \u00e0 l&#8217;employeur, produit des relev\u00e9s bancaires de la soci\u00e9t\u00e9 faisant appara\u00eetre des virements. La cour \u00e9carte cette preuve car elle ne permet pas d&#8217;\u00e9tablir que les sommes ont effectivement \u00e9t\u00e9 cr\u00e9dit\u00e9es au compte du salari\u00e9. &#171;les relev\u00e9s bancaires qui font apparaitre des paiements ne constituent pas une preuve que le virement a \u00e9t\u00e9 ex\u00e9cut\u00e9&#187; (Motifs). Cette analyse restrictive de la valeur probante d&#8217;un simple relev\u00e9 d&#8217;\u00e9metteur prot\u00e8ge le salari\u00e9 contre des all\u00e9gations de paiement non v\u00e9rifi\u00e9es.<\/p>\n<p>La caract\u00e9risation du travail dissimul\u00e9 repose sur l&#8217;intention de l&#8217;employeur.<\/p>\n<p>La cour retient l&#8217;infraction de travail dissimul\u00e9 d\u00e9finie \u00e0 l&#8217;article L.8221-5 du code du travail. Elle rejette l&#8217;argument de l&#8217;AGS qui invoquait l&#8217;absence de preuve du caract\u00e8re intentionnel. La preuve de p\u00e9riodes de non-d\u00e9claration, notamment avant l&#8217;ouverture de la proc\u00e9dure collective, suffit \u00e0 \u00e9tablir l&#8217;intention. &#171;Il est donc \u00e9tabli l&#8217;intention de dissimulation d&#8217;emploi de l&#8217;employeur, non seulement \u00e0 cette \u00e9poque pr\u00e9c\u00e9dant la proc\u00e9dure collective mais \u00e9galement pendant un an et neuf mois&#187; (Motifs). Cette d\u00e9cision affirme que la dissimulation peut \u00eatre caract\u00e9ris\u00e9e par la r\u00e9p\u00e9tition des manquements, ind\u00e9pendamment du contexte \u00e9conomique.<\/p>\n<p>La sanction indemnitaire du travail dissimul\u00e9 est automatique.<\/p>\n<p>Constatant l&#8217;infraction, la cour applique le r\u00e9gime de l&#8217;article L.8223-1 du code du travail. Elle confirme l&#8217;allocation d&#8217;une indemnit\u00e9 forfaitaire \u00e9gale \u00e0 six mois de salaire. Cette indemnit\u00e9, due de plein droit d\u00e8s que l&#8217;infraction est \u00e9tablie, a une fonction \u00e0 la fois r\u00e9paratrice et dissuasive. Elle compense le pr\u00e9judice subi du fait de l&#8217;emploi dissimul\u00e9 et sanctionne la fraude sociale de l&#8217;employeur.<\/p>\n<p>La garantie de l&#8217;AGS est strictement encadr\u00e9e par la loi.<\/p>\n<p>La cour rappelle le principe de la limitation de la garantie de l&#8217;AGS aux cr\u00e9ances et dans les conditions pr\u00e9vues par les articles L.3253-8 et suivants du code du travail. Elle en d\u00e9duit que la garantie pour les salaires dus pendant la p\u00e9riode d&#8217;observation est plafonn\u00e9e \u00e0 quarante-cinq jours. &#171;la garantie de l&#8217;AGS au titre des salaires pour la p\u00e9riode post\u00e9rieure au 9 ao\u00fbt 2023 est limit\u00e9e \u00e0 un mois et demi&#187; (Motifs). Cette interpr\u00e9tation restrictive prot\u00e8ge le fonds de garantie et renvoie le salari\u00e9 \u00e0 la proc\u00e9dure collective pour le surplus de sa cr\u00e9ance.<\/p>\n<p>Le calcul de la garantie op\u00e8re une distinction temporelle pr\u00e9cise.<\/p>\n<p>La cour proc\u00e8de \u00e0 un calcul d\u00e9taill\u00e9 pour d\u00e9terminer la part de la cr\u00e9ance salariale garantie. Elle isole la p\u00e9riode ant\u00e9rieure \u00e0 l&#8217;ouverture de la proc\u00e9dure, int\u00e9gralement couverte, et la p\u00e9riode d&#8217;observation, limit\u00e9e \u00e0 quarante-cinq jours. Cette m\u00e9thode de calcul, appliqu\u00e9e \u00e9galement aux cong\u00e9s pay\u00e9s, assure une mise en \u0153uvre exacte des textes et une s\u00e9curit\u00e9 juridique pour toutes les parties.<\/p>\n<p>Le pr\u00e9judice r\u00e9sultant du d\u00e9faut de paiement est pr\u00e9sum\u00e9 \u00e9tabli.<\/p>\n<p>La cour confirme l&#8217;allocation de dommages-int\u00e9r\u00eats pour pr\u00e9judice moral et financier. Elle consid\u00e8re que les difficult\u00e9s financi\u00e8res concr\u00e8tes du salari\u00e9, comme une proc\u00e9dure de surendettement, \u00e9tablissent le lien de causalit\u00e9 avec l&#8217;absence de salaire. &#171;Le lien de causalit\u00e9 entre ces difficult\u00e9s financi\u00e8res et l&#8217;absence de paiement des salaires depuis octobre 2022 est \u00e9tabli&#187; (Motifs). Cette approche reconna\u00eet la vuln\u00e9rabilit\u00e9 particuli\u00e8re du salari\u00e9 priv\u00e9 de sa r\u00e9mun\u00e9ration.<\/p>\n<p>L&#8217;inaction du salari\u00e9 n&#8217;exon\u00e8re pas l&#8217;employeur de sa responsabilit\u00e9.<\/p>\n<p>La cour \u00e9carte l&#8217;argument de l&#8217;AGS selon lequel le salari\u00e9, en n&#8217;agissant pas plus t\u00f4t, aurait contribu\u00e9 \u00e0 son pr\u00e9judice. Elle estime que cela ne constitue pas un motif exon\u00e9ratoire de la responsabilit\u00e9 contractuelle de l&#8217;employeur. Cette solution affirme le caract\u00e8re autonome de l&#8217;obligation de payer le salaire et de ses cons\u00e9quences en cas de manquement.<\/p>\n<p>Les int\u00e9r\u00eats l\u00e9gaux sont arr\u00eat\u00e9s par l&#8217;ouverture de la proc\u00e9dure collective.<\/p>\n<p>La cour infirme le jugement sur ce point en appliquant les articles L.622-28 et L.641-3 du code de commerce. Elle rappelle que le jugement d&#8217;ouverture d&#8217;une proc\u00e9dure collective arr\u00eate le cours des int\u00e9r\u00eats. Cette r\u00e8gle d&#8217;ordre public vise \u00e0 pr\u00e9server l&#8217;actif de la d\u00e9confiture au profit de l&#8217;ensemble des cr\u00e9anciers.<\/p>\n<p>La remise des documents de fin de contrat ne n\u00e9cessite pas d&#8217;astreinte.<\/p>\n<p>La cour, tout en ordonnant la d\u00e9livrance des bulletins de salaire et du certificat de travail, estime qu&#8217;une astreinte n&#8217;est pas justifi\u00e9e. Elle consid\u00e8re que l&#8217;obligation l\u00e9gale du mandataire liquidateur suffit \u00e0 garantir l&#8217;ex\u00e9cution. Cette d\u00e9cision temp\u00e8re la sanction pour privil\u00e9gier l&#8217;ex\u00e9cution spontan\u00e9e de l&#8217;obligation.<\/p>\n<p>Cet arr\u00eat illustre la protection accord\u00e9e au salari\u00e9 en cas de d\u00e9faillance de l&#8217;employeur, notamment dans un contexte de proc\u00e9dure collective. Il rappelle avec force les r\u00e8gles de preuve sur le paiement du salaire et sanctionne s\u00e9v\u00e8rement le travail dissimul\u00e9. Toutefois, il limite strictement la garantie de l&#8217;AGS au cadre l\u00e9gal, renvoyant le salari\u00e9 vers la masse des cr\u00e9anciers pour le solde. La reconnaissance d&#8217;un pr\u00e9judice moral et financier autonome constitue \u00e9galement un point notable, offrant une r\u00e9paration au-del\u00e0 du simple rappel de salaire.<\/p>\n<\/div>\n","protected":false},"excerpt":{"rendered":"<p>La Cour d&#8217;appel de Saint-Denis de La R\u00e9union, statuant le 11 octobre 2024, a examin\u00e9 un litige entre un salari\u00e9 et l&#8217;AGS. Le salari\u00e9 r\u00e9clamait le paiement de&#8230;<\/p>\n","protected":false},"author":232070755,"featured_media":9630,"comment_status":"open","ping_status":"open","sticky":false,"template":"","format":"standard","meta":{"_crdt_document":"","_jetpack_newsletter_access":"","_jetpack_dont_email_post_to_subs":false,"_jetpack_newsletter_tier_id":0,"_jetpack_memberships_contains_paywalled_content":false,"_kj_source_type":"judilibre","_kj_official_id":"68de07151bc19e7640ea3da1","_kj_official_url":"https:\/\/www.courdecassation.fr\/decision\/68de07151bc19e7640ea3da1","_kj_judilibre_id":"68de07151bc19e7640ea3da1","_kj_jur":"Cour d'appel","_kj_lieu":"Cour d'appel de Saint-Denis de la R\u00e9union","_kj_chambre":"Chambre sociale","_kj_rg":"24\/01454","_kj_date":"2025-09-30","_jetpack_memberships_contains_paid_content":false,"footnotes":"","jetpack_post_was_ever_published":false},"categories":[7597],"tags":[],"class_list":["post-656865","post","type-post","status-publish","format-standard","has-post-thumbnail","hentry","category-jurisprudence"],"yoast_head":"<!-- This site is optimized with the Yoast SEO Premium plugin v27.5 (Yoast SEO v27.5) - https:\/\/yoast.com\/product\/yoast-seo-premium-wordpress\/ -->\n<title>Cour d&#039;appel de Saint-Denis de La R\u00e9union, le 11 octobre 2024, n\u00b024\/01454 - Ma\u00eetre Hassan Kohen, avocat en droit p\u00e9nal \u00e0 Paris<\/title>\n<meta name=\"description\" content=\"La Cour d&#039;appel de Saint-Denis de La R\u00e9union, statuant le 11 octobre 2024, a examin\u00e9 un litige entre un salari\u00e9 et l&#039;AGS. Le salari\u00e9 r\u00e9clamait le paiement de...\" \/>\n<meta name=\"robots\" content=\"index, follow, max-snippet:-1, max-image-preview:large, max-video-preview:-1\" \/>\n<link rel=\"canonical\" href=\"https:\/\/kohenavocats.com\/ru\/cour-dappel-de-saint-denis-de-la-reunion-le-11-octobre-2024-n24-01454\/\" \/>\n<meta property=\"og:locale\" content=\"ru_RU\" \/>\n<meta property=\"og:type\" content=\"article\" \/>\n<meta property=\"og:title\" content=\"Cour d&#039;appel de Saint-Denis de La R\u00e9union, le 11 octobre 2024, n\u00b024\/01454\" \/>\n<meta property=\"og:description\" content=\"La Cour d&#039;appel de Saint-Denis de La R\u00e9union, statuant le 11 octobre 2024, a examin\u00e9 un litige entre un salari\u00e9 et l&#039;AGS. Le salari\u00e9 r\u00e9clamait le paiement de...\" \/>\n<meta property=\"og:url\" content=\"https:\/\/kohenavocats.com\/ru\/cour-dappel-de-saint-denis-de-la-reunion-le-11-octobre-2024-n24-01454\/\" \/>\n<meta property=\"og:site_name\" content=\"Ma\u00eetre Hassan Kohen, avocat en droit p\u00e9nal \u00e0 Paris\" \/>\n<meta property=\"article:published_time\" content=\"2026-04-23T06:14:37+00:00\" \/>\n<meta property=\"og:image\" content=\"https:\/\/kohenavocats.com\/wp-content\/uploads\/2024\/11\/chris-barbalis-2t1i0nXa-BI-unsplash.webp\" \/>\n\t<meta property=\"og:image:width\" content=\"5891\" \/>\n\t<meta property=\"og:image:height\" content=\"3321\" \/>\n\t<meta property=\"og:image:type\" content=\"image\/webp\" \/>\n<meta name=\"author\" content=\"Kohen\" \/>\n<meta name=\"twitter:card\" content=\"summary_large_image\" \/>\n<meta name=\"twitter:label1\" content=\"\u041d\u0430\u043f\u0438\u0441\u0430\u043d\u043e \u0430\u0432\u0442\u043e\u0440\u043e\u043c\" \/>\n\t<meta name=\"twitter:data1\" content=\"Kohen\" \/>\n\t<meta name=\"twitter:label2\" content=\"\u041f\u0440\u0438\u043c\u0435\u0440\u043d\u043e\u0435 \u0432\u0440\u0435\u043c\u044f \u0434\u043b\u044f \u0447\u0442\u0435\u043d\u0438\u044f\" \/>\n\t<meta name=\"twitter:data2\" content=\"6 \u043c\u0438\u043d\u0443\u0442\" \/>\n<script type=\"application\/ld+json\" class=\"yoast-schema-graph\">{\"@context\":\"https:\\\/\\\/schema.org\",\"@graph\":[{\"@type\":\"Article\",\"@id\":\"https:\\\/\\\/kohenavocats.com\\\/ru\\\/cour-dappel-de-saint-denis-de-la-reunion-le-11-octobre-2024-n24-01454\\\/#article\",\"isPartOf\":{\"@id\":\"https:\\\/\\\/kohenavocats.com\\\/ru\\\/cour-dappel-de-saint-denis-de-la-reunion-le-11-octobre-2024-n24-01454\\\/\"},\"author\":{\"name\":\"Kohen\",\"@id\":\"https:\\\/\\\/kohenavocats.com\\\/ru\\\/#\\\/schema\\\/person\\\/761c9ba54fa1ca84d405cef0831ff751\"},\"headline\":\"Cour d&#8217;appel de Saint-Denis de La R\u00e9union, le 11 octobre 2024, n\u00b024\\\/01454\",\"datePublished\":\"2026-04-23T06:14:37+00:00\",\"mainEntityOfPage\":{\"@id\":\"https:\\\/\\\/kohenavocats.com\\\/ru\\\/cour-dappel-de-saint-denis-de-la-reunion-le-11-octobre-2024-n24-01454\\\/\"},\"wordCount\":1180,\"commentCount\":0,\"publisher\":{\"@id\":\"https:\\\/\\\/kohenavocats.com\\\/ru\\\/#organization\"},\"image\":{\"@id\":\"https:\\\/\\\/kohenavocats.com\\\/ru\\\/cour-dappel-de-saint-denis-de-la-reunion-le-11-octobre-2024-n24-01454\\\/#primaryimage\"},\"thumbnailUrl\":\"https:\\\/\\\/kohenavocats.com\\\/wp-content\\\/uploads\\\/2024\\\/11\\\/chris-barbalis-2t1i0nXa-BI-unsplash.webp\",\"articleSection\":[\"Jurisprudence\"],\"inLanguage\":\"ru-RU\",\"potentialAction\":[{\"@type\":\"CommentAction\",\"name\":\"Comment\",\"target\":[\"https:\\\/\\\/kohenavocats.com\\\/ru\\\/cour-dappel-de-saint-denis-de-la-reunion-le-11-octobre-2024-n24-01454\\\/#respond\"]}],\"citation\":\"Cour d&#8217;appel de Saint-Denis de La R\u00e9union, le 11 octobre 2024, n\u00b024\\\/01454\",\"about\":[{\"@type\":\"Thing\",\"name\":\"Jurisprudence\"}],\"dateModified\":\"2026-04-23T06:14:37+00:00\",\"speakable\":{\"@type\":\"SpeakableSpecification\",\"cssSelector\":[\".article-content > p:first-of-type\"]}},{\"@type\":\"WebPage\",\"@id\":\"https:\\\/\\\/kohenavocats.com\\\/ru\\\/cour-dappel-de-saint-denis-de-la-reunion-le-11-octobre-2024-n24-01454\\\/\",\"url\":\"https:\\\/\\\/kohenavocats.com\\\/ru\\\/cour-dappel-de-saint-denis-de-la-reunion-le-11-octobre-2024-n24-01454\\\/\",\"name\":\"Cour d'appel de Saint-Denis de La R\u00e9union, le 11 octobre 2024, n\u00b024\\\/01454 - Ma\u00eetre Hassan Kohen, avocat en droit p\u00e9nal \u00e0 Paris\",\"isPartOf\":{\"@id\":\"https:\\\/\\\/kohenavocats.com\\\/ru\\\/#website\"},\"primaryImageOfPage\":{\"@id\":\"https:\\\/\\\/kohenavocats.com\\\/ru\\\/cour-dappel-de-saint-denis-de-la-reunion-le-11-octobre-2024-n24-01454\\\/#primaryimage\"},\"image\":{\"@id\":\"https:\\\/\\\/kohenavocats.com\\\/ru\\\/cour-dappel-de-saint-denis-de-la-reunion-le-11-octobre-2024-n24-01454\\\/#primaryimage\"},\"thumbnailUrl\":\"https:\\\/\\\/kohenavocats.com\\\/wp-content\\\/uploads\\\/2024\\\/11\\\/chris-barbalis-2t1i0nXa-BI-unsplash.webp\",\"datePublished\":\"2026-04-23T06:14:37+00:00\",\"description\":\"La Cour d'appel de Saint-Denis de La R\u00e9union, statuant le 11 octobre 2024, a examin\u00e9 un litige entre un salari\u00e9 et l'AGS. Le salari\u00e9 r\u00e9clamait le paiement de...\",\"breadcrumb\":{\"@id\":\"https:\\\/\\\/kohenavocats.com\\\/ru\\\/cour-dappel-de-saint-denis-de-la-reunion-le-11-octobre-2024-n24-01454\\\/#breadcrumb\"},\"inLanguage\":\"ru-RU\",\"potentialAction\":[{\"@type\":\"ReadAction\",\"target\":[\"https:\\\/\\\/kohenavocats.com\\\/ru\\\/cour-dappel-de-saint-denis-de-la-reunion-le-11-octobre-2024-n24-01454\\\/\"]}]},{\"@type\":\"ImageObject\",\"inLanguage\":\"ru-RU\",\"@id\":\"https:\\\/\\\/kohenavocats.com\\\/ru\\\/cour-dappel-de-saint-denis-de-la-reunion-le-11-octobre-2024-n24-01454\\\/#primaryimage\",\"url\":\"https:\\\/\\\/kohenavocats.com\\\/wp-content\\\/uploads\\\/2024\\\/11\\\/chris-barbalis-2t1i0nXa-BI-unsplash.webp\",\"contentUrl\":\"https:\\\/\\\/kohenavocats.com\\\/wp-content\\\/uploads\\\/2024\\\/11\\\/chris-barbalis-2t1i0nXa-BI-unsplash.webp\",\"width\":5891,\"height\":3321},{\"@type\":\"BreadcrumbList\",\"@id\":\"https:\\\/\\\/kohenavocats.com\\\/ru\\\/cour-dappel-de-saint-denis-de-la-reunion-le-11-octobre-2024-n24-01454\\\/#breadcrumb\",\"itemListElement\":[{\"@type\":\"ListItem\",\"position\":1,\"name\":\"Home\",\"item\":\"https:\\\/\\\/kohenavocats.com\\\/ru\\\/avocats-en-droit-penal-a-paris-conseil-et-defense-strategique\\\/\"},{\"@type\":\"ListItem\",\"position\":2,\"name\":\"Cour d&rsquo;appel de Saint-Denis de La R\u00e9union, le 11 octobre 2024, n\u00b024\\\/01454\"}]},{\"@type\":\"WebSite\",\"@id\":\"https:\\\/\\\/kohenavocats.com\\\/ru\\\/#website\",\"url\":\"https:\\\/\\\/kohenavocats.com\\\/ru\\\/\",\"name\":\"Kohen Avocats\",\"description\":\"Ma\u00eetre Hassan Kohen, avocat p\u00e9naliste \u00e0 Paris, intervient exclusivement en droit p\u00e9nal pour la d\u00e9fense des particuliers, notamment en mati\u00e8re d\u2019accusations de viol. Il assure un accompagnement rigoureux d\u00e8s la garde \u00e0 vue jusqu\u2019\u00e0 la Cour d\u2019assises, veillant au strict respect des garanties proc\u00e9durales.\",\"publisher\":{\"@id\":\"https:\\\/\\\/kohenavocats.com\\\/ru\\\/#organization\"},\"potentialAction\":[{\"@type\":\"SearchAction\",\"target\":{\"@type\":\"EntryPoint\",\"urlTemplate\":\"https:\\\/\\\/kohenavocats.com\\\/ru\\\/?s={search_term_string}\"},\"query-input\":{\"@type\":\"PropertyValueSpecification\",\"valueRequired\":true,\"valueName\":\"search_term_string\"}}],\"inLanguage\":\"ru-RU\"},{\"@type\":\"Organization\",\"@id\":\"https:\\\/\\\/kohenavocats.com\\\/ru\\\/#organization\",\"name\":\"Kohen Avocats\",\"url\":\"https:\\\/\\\/kohenavocats.com\\\/ru\\\/\",\"logo\":{\"@type\":\"ImageObject\",\"inLanguage\":\"ru-RU\",\"@id\":\"https:\\\/\\\/kohenavocats.com\\\/ru\\\/#\\\/schema\\\/logo\\\/image\\\/\",\"url\":\"https:\\\/\\\/kohenavocats.com\\\/wp-content\\\/uploads\\\/2026\\\/01\\\/Logo-2-1.webp\",\"contentUrl\":\"https:\\\/\\\/kohenavocats.com\\\/wp-content\\\/uploads\\\/2026\\\/01\\\/Logo-2-1.webp\",\"width\":2114,\"height\":1253,\"caption\":\"Kohen Avocats\"},\"image\":{\"@id\":\"https:\\\/\\\/kohenavocats.com\\\/ru\\\/#\\\/schema\\\/logo\\\/image\\\/\"}},{\"@type\":\"Person\",\"@id\":\"https:\\\/\\\/kohenavocats.com\\\/ru\\\/#\\\/schema\\\/person\\\/761c9ba54fa1ca84d405cef0831ff751\",\"name\":\"Kohen\",\"image\":{\"@type\":\"ImageObject\",\"inLanguage\":\"ru-RU\",\"@id\":\"https:\\\/\\\/secure.gravatar.com\\\/avatar\\\/1c5e76ef76bbbfdd2b4da984e2bf2fa4056fd51a27d25ce2c332047f1dfd6e00?s=96&d=identicon&r=g\",\"url\":\"https:\\\/\\\/secure.gravatar.com\\\/avatar\\\/1c5e76ef76bbbfdd2b4da984e2bf2fa4056fd51a27d25ce2c332047f1dfd6e00?s=96&d=identicon&r=g\",\"contentUrl\":\"https:\\\/\\\/secure.gravatar.com\\\/avatar\\\/1c5e76ef76bbbfdd2b4da984e2bf2fa4056fd51a27d25ce2c332047f1dfd6e00?s=96&d=identicon&r=g\",\"caption\":\"Kohen\"},\"sameAs\":[\"https:\\\/\\\/www.linkedin.com\\\/in\\\/hassan-kohen-448548192\\\/\",\"https:\\\/\\\/www.youtube.com\\\/@Kohen-Avocats\"],\"url\":\"https:\\\/\\\/kohenavocats.com\\\/ru\\\/author\\\/kohenmlk\\\/\"}]}<\/script>\n<!-- \/ Yoast SEO Premium plugin. -->","yoast_head_json":{"title":"Cour d'appel de Saint-Denis de La R\u00e9union, le 11 octobre 2024, n\u00b024\/01454 - Ma\u00eetre Hassan Kohen, avocat en droit p\u00e9nal \u00e0 Paris","description":"La Cour d'appel de Saint-Denis de La R\u00e9union, statuant le 11 octobre 2024, a examin\u00e9 un litige entre un salari\u00e9 et l'AGS. Le salari\u00e9 r\u00e9clamait le paiement de...","robots":{"index":"index","follow":"follow","max-snippet":"max-snippet:-1","max-image-preview":"max-image-preview:large","max-video-preview":"max-video-preview:-1"},"canonical":"https:\/\/kohenavocats.com\/ru\/cour-dappel-de-saint-denis-de-la-reunion-le-11-octobre-2024-n24-01454\/","og_locale":"ru_RU","og_type":"article","og_title":"Cour d'appel de Saint-Denis de La R\u00e9union, le 11 octobre 2024, n\u00b024\/01454","og_description":"La Cour d'appel de Saint-Denis de La R\u00e9union, statuant le 11 octobre 2024, a examin\u00e9 un litige entre un salari\u00e9 et l'AGS. Le salari\u00e9 r\u00e9clamait le paiement de...","og_url":"https:\/\/kohenavocats.com\/ru\/cour-dappel-de-saint-denis-de-la-reunion-le-11-octobre-2024-n24-01454\/","og_site_name":"Ma\u00eetre Hassan Kohen, avocat en droit p\u00e9nal \u00e0 Paris","article_published_time":"2026-04-23T06:14:37+00:00","og_image":[{"width":5891,"height":3321,"url":"https:\/\/kohenavocats.com\/wp-content\/uploads\/2024\/11\/chris-barbalis-2t1i0nXa-BI-unsplash.webp","type":"image\/webp"}],"author":"Kohen","twitter_card":"summary_large_image","twitter_misc":{"\u041d\u0430\u043f\u0438\u0441\u0430\u043d\u043e \u0430\u0432\u0442\u043e\u0440\u043e\u043c":"Kohen","\u041f\u0440\u0438\u043c\u0435\u0440\u043d\u043e\u0435 \u0432\u0440\u0435\u043c\u044f \u0434\u043b\u044f \u0447\u0442\u0435\u043d\u0438\u044f":"6 \u043c\u0438\u043d\u0443\u0442"},"schema":{"@context":"https:\/\/schema.org","@graph":[{"@type":"Article","@id":"https:\/\/kohenavocats.com\/ru\/cour-dappel-de-saint-denis-de-la-reunion-le-11-octobre-2024-n24-01454\/#article","isPartOf":{"@id":"https:\/\/kohenavocats.com\/ru\/cour-dappel-de-saint-denis-de-la-reunion-le-11-octobre-2024-n24-01454\/"},"author":{"name":"Kohen","@id":"https:\/\/kohenavocats.com\/ru\/#\/schema\/person\/761c9ba54fa1ca84d405cef0831ff751"},"headline":"Cour d&#8217;appel de Saint-Denis de La R\u00e9union, le 11 octobre 2024, n\u00b024\/01454","datePublished":"2026-04-23T06:14:37+00:00","mainEntityOfPage":{"@id":"https:\/\/kohenavocats.com\/ru\/cour-dappel-de-saint-denis-de-la-reunion-le-11-octobre-2024-n24-01454\/"},"wordCount":1180,"commentCount":0,"publisher":{"@id":"https:\/\/kohenavocats.com\/ru\/#organization"},"image":{"@id":"https:\/\/kohenavocats.com\/ru\/cour-dappel-de-saint-denis-de-la-reunion-le-11-octobre-2024-n24-01454\/#primaryimage"},"thumbnailUrl":"https:\/\/kohenavocats.com\/wp-content\/uploads\/2024\/11\/chris-barbalis-2t1i0nXa-BI-unsplash.webp","articleSection":["Jurisprudence"],"inLanguage":"ru-RU","potentialAction":[{"@type":"CommentAction","name":"Comment","target":["https:\/\/kohenavocats.com\/ru\/cour-dappel-de-saint-denis-de-la-reunion-le-11-octobre-2024-n24-01454\/#respond"]}],"citation":"Cour d&#8217;appel de Saint-Denis de La R\u00e9union, le 11 octobre 2024, n\u00b024\/01454","about":[{"@type":"Thing","name":"Jurisprudence"}],"dateModified":"2026-04-23T06:14:37+00:00","speakable":{"@type":"SpeakableSpecification","cssSelector":[".article-content > p:first-of-type"]}},{"@type":"WebPage","@id":"https:\/\/kohenavocats.com\/ru\/cour-dappel-de-saint-denis-de-la-reunion-le-11-octobre-2024-n24-01454\/","url":"https:\/\/kohenavocats.com\/ru\/cour-dappel-de-saint-denis-de-la-reunion-le-11-octobre-2024-n24-01454\/","name":"Cour d'appel de Saint-Denis de La R\u00e9union, le 11 octobre 2024, n\u00b024\/01454 - Ma\u00eetre Hassan Kohen, avocat en droit p\u00e9nal \u00e0 Paris","isPartOf":{"@id":"https:\/\/kohenavocats.com\/ru\/#website"},"primaryImageOfPage":{"@id":"https:\/\/kohenavocats.com\/ru\/cour-dappel-de-saint-denis-de-la-reunion-le-11-octobre-2024-n24-01454\/#primaryimage"},"image":{"@id":"https:\/\/kohenavocats.com\/ru\/cour-dappel-de-saint-denis-de-la-reunion-le-11-octobre-2024-n24-01454\/#primaryimage"},"thumbnailUrl":"https:\/\/kohenavocats.com\/wp-content\/uploads\/2024\/11\/chris-barbalis-2t1i0nXa-BI-unsplash.webp","datePublished":"2026-04-23T06:14:37+00:00","description":"La Cour d'appel de Saint-Denis de La R\u00e9union, statuant le 11 octobre 2024, a examin\u00e9 un litige entre un salari\u00e9 et l'AGS. Le salari\u00e9 r\u00e9clamait le paiement de...","breadcrumb":{"@id":"https:\/\/kohenavocats.com\/ru\/cour-dappel-de-saint-denis-de-la-reunion-le-11-octobre-2024-n24-01454\/#breadcrumb"},"inLanguage":"ru-RU","potentialAction":[{"@type":"ReadAction","target":["https:\/\/kohenavocats.com\/ru\/cour-dappel-de-saint-denis-de-la-reunion-le-11-octobre-2024-n24-01454\/"]}]},{"@type":"ImageObject","inLanguage":"ru-RU","@id":"https:\/\/kohenavocats.com\/ru\/cour-dappel-de-saint-denis-de-la-reunion-le-11-octobre-2024-n24-01454\/#primaryimage","url":"https:\/\/kohenavocats.com\/wp-content\/uploads\/2024\/11\/chris-barbalis-2t1i0nXa-BI-unsplash.webp","contentUrl":"https:\/\/kohenavocats.com\/wp-content\/uploads\/2024\/11\/chris-barbalis-2t1i0nXa-BI-unsplash.webp","width":5891,"height":3321},{"@type":"BreadcrumbList","@id":"https:\/\/kohenavocats.com\/ru\/cour-dappel-de-saint-denis-de-la-reunion-le-11-octobre-2024-n24-01454\/#breadcrumb","itemListElement":[{"@type":"ListItem","position":1,"name":"Home","item":"https:\/\/kohenavocats.com\/ru\/avocats-en-droit-penal-a-paris-conseil-et-defense-strategique\/"},{"@type":"ListItem","position":2,"name":"Cour d&rsquo;appel de Saint-Denis de La R\u00e9union, le 11 octobre 2024, n\u00b024\/01454"}]},{"@type":"WebSite","@id":"https:\/\/kohenavocats.com\/ru\/#website","url":"https:\/\/kohenavocats.com\/ru\/","name":"Kohen Avocats","description":"Ma\u00eetre Hassan Kohen, avocat p\u00e9naliste \u00e0 Paris, intervient exclusivement en droit p\u00e9nal pour la d\u00e9fense des particuliers, notamment en mati\u00e8re d\u2019accusations de viol. Il assure un accompagnement rigoureux d\u00e8s la garde \u00e0 vue jusqu\u2019\u00e0 la Cour d\u2019assises, veillant au strict respect des garanties proc\u00e9durales.","publisher":{"@id":"https:\/\/kohenavocats.com\/ru\/#organization"},"potentialAction":[{"@type":"SearchAction","target":{"@type":"EntryPoint","urlTemplate":"https:\/\/kohenavocats.com\/ru\/?s={search_term_string}"},"query-input":{"@type":"PropertyValueSpecification","valueRequired":true,"valueName":"search_term_string"}}],"inLanguage":"ru-RU"},{"@type":"Organization","@id":"https:\/\/kohenavocats.com\/ru\/#organization","name":"Kohen Avocats","url":"https:\/\/kohenavocats.com\/ru\/","logo":{"@type":"ImageObject","inLanguage":"ru-RU","@id":"https:\/\/kohenavocats.com\/ru\/#\/schema\/logo\/image\/","url":"https:\/\/kohenavocats.com\/wp-content\/uploads\/2026\/01\/Logo-2-1.webp","contentUrl":"https:\/\/kohenavocats.com\/wp-content\/uploads\/2026\/01\/Logo-2-1.webp","width":2114,"height":1253,"caption":"Kohen Avocats"},"image":{"@id":"https:\/\/kohenavocats.com\/ru\/#\/schema\/logo\/image\/"}},{"@type":"Person","@id":"https:\/\/kohenavocats.com\/ru\/#\/schema\/person\/761c9ba54fa1ca84d405cef0831ff751","name":"Kohen","image":{"@type":"ImageObject","inLanguage":"ru-RU","@id":"https:\/\/secure.gravatar.com\/avatar\/1c5e76ef76bbbfdd2b4da984e2bf2fa4056fd51a27d25ce2c332047f1dfd6e00?s=96&d=identicon&r=g","url":"https:\/\/secure.gravatar.com\/avatar\/1c5e76ef76bbbfdd2b4da984e2bf2fa4056fd51a27d25ce2c332047f1dfd6e00?s=96&d=identicon&r=g","contentUrl":"https:\/\/secure.gravatar.com\/avatar\/1c5e76ef76bbbfdd2b4da984e2bf2fa4056fd51a27d25ce2c332047f1dfd6e00?s=96&d=identicon&r=g","caption":"Kohen"},"sameAs":["https:\/\/www.linkedin.com\/in\/hassan-kohen-448548192\/","https:\/\/www.youtube.com\/@Kohen-Avocats"],"url":"https:\/\/kohenavocats.com\/ru\/author\/kohenmlk\/"}]}},"jetpack_featured_media_url":"https:\/\/kohenavocats.com\/wp-content\/uploads\/2024\/11\/chris-barbalis-2t1i0nXa-BI-unsplash.webp","jetpack_likes_enabled":false,"jetpack_shortlink":"https:\/\/wp.me\/peCrII-2KSB","jetpack-related-posts":[{"id":719284,"url":"https:\/\/kohenavocats.com\/ru\/cour-dappel-de-saint-denis-de-la-reunion-le-29-janvier-2026-n24-00979\/","url_meta":{"origin":656865,"position":0},"title":"Cour d&#8217;appel de Saint-Denis de La R\u00e9union, le 29 janvier 2026, n\u00b024\/00979","author":"Kohen","date":"28.04.2026","format":false,"excerpt":"La cour d'appel de Saint-Denis de La R\u00e9union, dans son arr\u00eat du 29 janvier 2026, a statu\u00e9 sur le licenciement d'un ma\u00eetre ouvrier. Le salari\u00e9 contestait la r...","rel":"","context":"\u0412 &quot;Jurisprudence&quot;","block_context":{"text":"Jurisprudence","link":"https:\/\/kohenavocats.com\/category\/jurisprudence\/"},"img":{"alt_text":"","src":"https:\/\/i0.wp.com\/kohenavocats.com\/wp-content\/uploads\/2024\/07\/pierre-bamin-tY7hL5Bu7Ic-unsplash.webp?resize=350%2C200&ssl=1","width":350,"height":200,"srcset":"https:\/\/i0.wp.com\/kohenavocats.com\/wp-content\/uploads\/2024\/07\/pierre-bamin-tY7hL5Bu7Ic-unsplash.webp?resize=350%2C200&ssl=1 1x, https:\/\/i0.wp.com\/kohenavocats.com\/wp-content\/uploads\/2024\/07\/pierre-bamin-tY7hL5Bu7Ic-unsplash.webp?resize=525%2C300&ssl=1 1.5x, https:\/\/i0.wp.com\/kohenavocats.com\/wp-content\/uploads\/2024\/07\/pierre-bamin-tY7hL5Bu7Ic-unsplash.webp?resize=700%2C400&ssl=1 2x, https:\/\/i0.wp.com\/kohenavocats.com\/wp-content\/uploads\/2024\/07\/pierre-bamin-tY7hL5Bu7Ic-unsplash.webp?resize=1050%2C600&ssl=1 3x, https:\/\/i0.wp.com\/kohenavocats.com\/wp-content\/uploads\/2024\/07\/pierre-bamin-tY7hL5Bu7Ic-unsplash.webp?resize=1400%2C800&ssl=1 4x"},"classes":[]},{"id":303685,"url":"https:\/\/kohenavocats.com\/ru\/cour-dappel-de-paris-le-8-octobre-2025-n23-00505\/","url_meta":{"origin":656865,"position":1},"title":"Cour d&#8217;appel de Paris, le 8 octobre 2025, n\u00b023\/00505","author":"Kohen","date":"05.02.2026","format":false,"excerpt":"Un salari\u00e9 a \u00e9t\u00e9 successivement employ\u00e9 par trois soci\u00e9t\u00e9s dirig\u00e9es par une m\u00eame personne. Les deux premi\u00e8res soci\u00e9t\u00e9s ont fait l\u2019objet d\u2019une liquidation judiciaire. \u00c0 la suite du licenciement prononc\u00e9 par le liquidateur de la seconde soci\u00e9t\u00e9, le salari\u00e9 a sollicit\u00e9 la garantie de l\u2019AGS pour le paiement de ses\u2026","rel":"","context":"\u0412 &quot;Cour d'appel&quot;","block_context":{"text":"Cour d'appel","link":"https:\/\/kohenavocats.com\/category\/cour-dappel\/"},"img":{"alt_text":"","src":"https:\/\/i0.wp.com\/kohenavocats.com\/wp-content\/uploads\/2024\/11\/lala-azizli-IdY1J7h1vwQ-unsplash.webp?resize=350%2C200&ssl=1","width":350,"height":200,"srcset":"https:\/\/i0.wp.com\/kohenavocats.com\/wp-content\/uploads\/2024\/11\/lala-azizli-IdY1J7h1vwQ-unsplash.webp?resize=350%2C200&ssl=1 1x, https:\/\/i0.wp.com\/kohenavocats.com\/wp-content\/uploads\/2024\/11\/lala-azizli-IdY1J7h1vwQ-unsplash.webp?resize=525%2C300&ssl=1 1.5x, https:\/\/i0.wp.com\/kohenavocats.com\/wp-content\/uploads\/2024\/11\/lala-azizli-IdY1J7h1vwQ-unsplash.webp?resize=700%2C400&ssl=1 2x, https:\/\/i0.wp.com\/kohenavocats.com\/wp-content\/uploads\/2024\/11\/lala-azizli-IdY1J7h1vwQ-unsplash.webp?resize=1050%2C600&ssl=1 3x, https:\/\/i0.wp.com\/kohenavocats.com\/wp-content\/uploads\/2024\/11\/lala-azizli-IdY1J7h1vwQ-unsplash.webp?resize=1400%2C800&ssl=1 4x"},"classes":[]},{"id":228912,"url":"https:\/\/kohenavocats.com\/ru\/cour-dappel-de-nimes-le-9-septembre-2025-n24-00942\/","url_meta":{"origin":656865,"position":2},"title":"Cour d&#8217;appel de N\u00eemes, le 9 septembre 2025, n\u00b024\/00942","author":"Kohen","date":"27.12.2025","format":false,"excerpt":"Now using node v22.15.1 (npm v10.8.2)Utilisation de Node.js v20.19.4 et npm 10.8.2Codex est d\u00e9j\u00e0 install\u00e9.Lancement de Codex\u2026Par un arr\u00eat de la Cour d\u2019appel de N\u00eemes du 9 septembre 2025, sur appel d\u2019un jugement du Conseil de prud\u2019hommes d\u2019Avignon du 14 f\u00e9vrier 2024, la juridiction a statu\u00e9 sur plusieurs demandes li\u00e9es\u2026","rel":"","context":"\u0412 &quot;Cour d'appel&quot;","block_context":{"text":"Cour d'appel","link":"https:\/\/kohenavocats.com\/category\/cour-dappel\/"},"img":{"alt_text":"","src":"https:\/\/i0.wp.com\/kohenavocats.com\/wp-content\/uploads\/2024\/11\/laura-adai-QMJsqsUvCmA-unsplash.webp?resize=350%2C200&ssl=1","width":350,"height":200,"srcset":"https:\/\/i0.wp.com\/kohenavocats.com\/wp-content\/uploads\/2024\/11\/laura-adai-QMJsqsUvCmA-unsplash.webp?resize=350%2C200&ssl=1 1x, https:\/\/i0.wp.com\/kohenavocats.com\/wp-content\/uploads\/2024\/11\/laura-adai-QMJsqsUvCmA-unsplash.webp?resize=525%2C300&ssl=1 1.5x, https:\/\/i0.wp.com\/kohenavocats.com\/wp-content\/uploads\/2024\/11\/laura-adai-QMJsqsUvCmA-unsplash.webp?resize=700%2C400&ssl=1 2x, https:\/\/i0.wp.com\/kohenavocats.com\/wp-content\/uploads\/2024\/11\/laura-adai-QMJsqsUvCmA-unsplash.webp?resize=1050%2C600&ssl=1 3x, https:\/\/i0.wp.com\/kohenavocats.com\/wp-content\/uploads\/2024\/11\/laura-adai-QMJsqsUvCmA-unsplash.webp?resize=1400%2C800&ssl=1 4x"},"classes":[]},{"id":228771,"url":"https:\/\/kohenavocats.com\/ru\/cour-dappel-de-colmar-le-15-juillet-2025-n23-00006\/","url_meta":{"origin":656865,"position":3},"title":"Cour d&#8217;appel de Colmar, le 15 juillet 2025, n\u00b023\/00006","author":"Kohen","date":"27.12.2025","format":false,"excerpt":"Now using node v22.15.1 (npm v10.8.2)Utilisation de Node.js v20.19.4 et npm 10.8.2Codex est d\u00e9j\u00e0 install\u00e9.Lancement de Codex...La Cour d\u2019appel de Colmar, chambre sociale, par un arr\u00eat du 15 juillet 2025, statue sur l\u2019appel d\u2019un jugement de d\u00e9partage du conseil de prud\u2019hommes de Saverne. La d\u00e9cision tranche la validit\u00e9 d\u2019une demande\u2026","rel":"","context":"\u0412 &quot;Cour d'appel&quot;","block_context":{"text":"Cour d'appel","link":"https:\/\/kohenavocats.com\/category\/cour-dappel\/"},"img":{"alt_text":"","src":"https:\/\/i0.wp.com\/kohenavocats.com\/wp-content\/uploads\/2024\/07\/lucie-morel-DsWjM4iOmyA-unsplash.webp?resize=350%2C200&ssl=1","width":350,"height":200,"srcset":"https:\/\/i0.wp.com\/kohenavocats.com\/wp-content\/uploads\/2024\/07\/lucie-morel-DsWjM4iOmyA-unsplash.webp?resize=350%2C200&ssl=1 1x, https:\/\/i0.wp.com\/kohenavocats.com\/wp-content\/uploads\/2024\/07\/lucie-morel-DsWjM4iOmyA-unsplash.webp?resize=525%2C300&ssl=1 1.5x, https:\/\/i0.wp.com\/kohenavocats.com\/wp-content\/uploads\/2024\/07\/lucie-morel-DsWjM4iOmyA-unsplash.webp?resize=700%2C400&ssl=1 2x, https:\/\/i0.wp.com\/kohenavocats.com\/wp-content\/uploads\/2024\/07\/lucie-morel-DsWjM4iOmyA-unsplash.webp?resize=1050%2C600&ssl=1 3x, https:\/\/i0.wp.com\/kohenavocats.com\/wp-content\/uploads\/2024\/07\/lucie-morel-DsWjM4iOmyA-unsplash.webp?resize=1400%2C800&ssl=1 4x"},"classes":[]},{"id":33041,"url":"https:\/\/kohenavocats.com\/ru\/cour-dappel-de-toulouse-le-26-juin-2025-n23-04475\/","url_meta":{"origin":656865,"position":4},"title":"Cour d&#8217;appel de Toulouse, le 26 juin 2025, n\u00b023\/04475","author":"Kohen","date":"05.11.2025","format":false,"excerpt":"La Cour d\u2019appel de Toulouse, le 26 juin 2025, infirme un jugement prud\u2019homal et d\u00e9termine les effets d\u2019une prise d\u2019acte fond\u00e9e sur des manquements graves de l\u2019employeur. L\u2019affaire concerne un salari\u00e9 embauch\u00e9 en 2021, qui d\u00e9nonce des retards de salaire r\u00e9p\u00e9t\u00e9s puis l\u2019interruption de son activit\u00e9 et de sa r\u00e9mun\u00e9ration\u2026","rel":"","context":"\u0412 &quot;Cour d'appel&quot;","block_context":{"text":"Cour d'appel","link":"https:\/\/kohenavocats.com\/category\/cour-dappel\/"},"img":{"alt_text":"","src":"https:\/\/i0.wp.com\/kohenavocats.com\/wp-content\/uploads\/2024\/11\/lala-azizli-oAaj82io-2k-unsplash.webp?resize=350%2C200&ssl=1","width":350,"height":200,"srcset":"https:\/\/i0.wp.com\/kohenavocats.com\/wp-content\/uploads\/2024\/11\/lala-azizli-oAaj82io-2k-unsplash.webp?resize=350%2C200&ssl=1 1x, https:\/\/i0.wp.com\/kohenavocats.com\/wp-content\/uploads\/2024\/11\/lala-azizli-oAaj82io-2k-unsplash.webp?resize=525%2C300&ssl=1 1.5x, https:\/\/i0.wp.com\/kohenavocats.com\/wp-content\/uploads\/2024\/11\/lala-azizli-oAaj82io-2k-unsplash.webp?resize=700%2C400&ssl=1 2x, https:\/\/i0.wp.com\/kohenavocats.com\/wp-content\/uploads\/2024\/11\/lala-azizli-oAaj82io-2k-unsplash.webp?resize=1050%2C600&ssl=1 3x, https:\/\/i0.wp.com\/kohenavocats.com\/wp-content\/uploads\/2024\/11\/lala-azizli-oAaj82io-2k-unsplash.webp?resize=1400%2C800&ssl=1 4x"},"classes":[]},{"id":303155,"url":"https:\/\/kohenavocats.com\/ru\/cour-dappel-de-paris-le-8-octobre-2025-n23-00338\/","url_meta":{"origin":656865,"position":5},"title":"Cour d&#8217;appel de Paris, le 8 octobre 2025, n\u00b023\/00338","author":"Kohen","date":"05.02.2026","format":false,"excerpt":"Un salari\u00e9 avait \u00e9t\u00e9 engag\u00e9 en 2016 par une premi\u00e8re soci\u00e9t\u00e9. Celle-ci fut plac\u00e9e en redressement judiciaire en 2017 puis liquid\u00e9e en 2019. Le salari\u00e9 fut alors embauch\u00e9 par une seconde soci\u00e9t\u00e9, cr\u00e9\u00e9e par le m\u00eame dirigeant. Cette seconde soci\u00e9t\u00e9 fut \u00e9galement liquid\u00e9e en 2021, et le salari\u00e9 licenci\u00e9 pour\u2026","rel":"","context":"\u0412 &quot;Cour d'appel&quot;","block_context":{"text":"Cour d'appel","link":"https:\/\/kohenavocats.com\/category\/cour-dappel\/"},"img":{"alt_text":"","src":"https:\/\/i0.wp.com\/kohenavocats.com\/wp-content\/uploads\/2024\/08\/real_-jansen-vGG8w7zDoMw-unsplash.webp?resize=350%2C200&ssl=1","width":350,"height":200,"srcset":"https:\/\/i0.wp.com\/kohenavocats.com\/wp-content\/uploads\/2024\/08\/real_-jansen-vGG8w7zDoMw-unsplash.webp?resize=350%2C200&ssl=1 1x, https:\/\/i0.wp.com\/kohenavocats.com\/wp-content\/uploads\/2024\/08\/real_-jansen-vGG8w7zDoMw-unsplash.webp?resize=525%2C300&ssl=1 1.5x, https:\/\/i0.wp.com\/kohenavocats.com\/wp-content\/uploads\/2024\/08\/real_-jansen-vGG8w7zDoMw-unsplash.webp?resize=700%2C400&ssl=1 2x, https:\/\/i0.wp.com\/kohenavocats.com\/wp-content\/uploads\/2024\/08\/real_-jansen-vGG8w7zDoMw-unsplash.webp?resize=1050%2C600&ssl=1 3x, https:\/\/i0.wp.com\/kohenavocats.com\/wp-content\/uploads\/2024\/08\/real_-jansen-vGG8w7zDoMw-unsplash.webp?resize=1400%2C800&ssl=1 4x"},"classes":[]}],"jetpack_sharing_enabled":true,"_links":{"self":[{"href":"https:\/\/kohenavocats.com\/ru\/wp-json\/wp\/v2\/posts\/656865","targetHints":{"allow":["GET"]}}],"collection":[{"href":"https:\/\/kohenavocats.com\/ru\/wp-json\/wp\/v2\/posts"}],"about":[{"href":"https:\/\/kohenavocats.com\/ru\/wp-json\/wp\/v2\/types\/post"}],"author":[{"embeddable":true,"href":"https:\/\/kohenavocats.com\/ru\/wp-json\/wp\/v2\/users\/232070755"}],"replies":[{"embeddable":true,"href":"https:\/\/kohenavocats.com\/ru\/wp-json\/wp\/v2\/comments?post=656865"}],"version-history":[{"count":0,"href":"https:\/\/kohenavocats.com\/ru\/wp-json\/wp\/v2\/posts\/656865\/revisions"}],"wp:featuredmedia":[{"embeddable":true,"href":"https:\/\/kohenavocats.com\/ru\/wp-json\/wp\/v2\/media\/9630"}],"wp:attachment":[{"href":"https:\/\/kohenavocats.com\/ru\/wp-json\/wp\/v2\/media?parent=656865"}],"wp:term":[{"taxonomy":"category","embeddable":true,"href":"https:\/\/kohenavocats.com\/ru\/wp-json\/wp\/v2\/categories?post=656865"},{"taxonomy":"post_tag","embeddable":true,"href":"https:\/\/kohenavocats.com\/ru\/wp-json\/wp\/v2\/tags?post=656865"}],"curies":[{"name":"wp","href":"https:\/\/api.w.org\/{rel}","templated":true}]}}