{"id":658992,"date":"2026-04-23T12:32:57","date_gmt":"2026-04-23T10:32:57","guid":{"rendered":"https:\/\/kohenavocats.com\/cour-dappel-de-metz-le-12-juillet-2023-n23-01532\/"},"modified":"2026-04-23T12:32:57","modified_gmt":"2026-04-23T10:32:57","slug":"cour-dappel-de-metz-le-12-juillet-2023-n23-01532","status":"publish","type":"post","link":"https:\/\/kohenavocats.com\/ru\/cour-dappel-de-metz-le-12-juillet-2023-n23-01532\/","title":{"rendered":"Cour d&#8217;appel de Metz, le 12 juillet 2023, n\u00b023\/01532"},"content":{"rendered":"<div class=\"article-content\">\n<p>La Cour d&#8217;appel de Metz, statuant le 12 juillet 2023, examine une demande de d\u00e9lais de paiement concernant un indu d&#8217;allocation de solidarit\u00e9 aux personnes \u00e2g\u00e9es. Le d\u00e9biteur reconna\u00eet la dette mais propose un \u00e9ch\u00e9ancier modique. La juridiction confirme le principe de l&#8217;indu tout en validant le plan de paiement accept\u00e9 par l&#8217;organisme cr\u00e9ancier. Elle statue ainsi sur l&#8217;articulation entre l&#8217;exigibilit\u00e9 d&#8217;une cr\u00e9ance et l&#8217;am\u00e9nagement de son recouvrement.<\/p>\n<p>Le principe de l&#8217;exigibilit\u00e9 imm\u00e9diate de la cr\u00e9ance<\/p>\n<p>La reconnaissance de la dette et son caract\u00e8re certain. Le d\u00e9biteur ne conteste pas le montant de l&#8217;indu, \u00e9tabli \u00e0 4 468,52 euros. Cette absence de contestation conf\u00e8re un caract\u00e8re certain et liquide \u00e0 la cr\u00e9ance de l&#8217;organisme payeur. La cr\u00e9ance devient donc imm\u00e9diatement exigible, ind\u00e9pendamment de la situation financi\u00e8re du redevable. Le juge constate ainsi l&#8217;existence d&#8217;une obligation incontest\u00e9e.<\/p>\n<p>L&#8217;absence d&#8217;effet suspensif d&#8217;une proposition de paiement. La demande de d\u00e9lais formul\u00e9e par le d\u00e9biteur n&#8217;a pas pour effet de suspendre l&#8217;exigibilit\u00e9. La solution retenue rejoint une jurisprudence constante sur ce point. &#171;Le fait de proposer un \u00e9ch\u00e9ancier, accept\u00e9 par les d\u00e9biteurs, est sans effet sur le principe d&#8217;exigibilit\u00e9 de la cr\u00e9ance et ne prive pas le pr\u00eateur de la possibilit\u00e9 de saisir le juge afin d&#8217;obtenir un titre ex\u00e9cutoire.&#187; (Cour d&#8217;appel de Rennes, le 22 juillet 2025, n\u00b023\/00684) Le droit d&#8217;agir en justice pour obtenir un titre ex\u00e9cutoire est donc pr\u00e9serv\u00e9.<\/p>\n<p>La validation judiciaire d&#8217;un \u00e9ch\u00e9ancier amiable<\/p>\n<p>L&#8217;homologation d&#8217;un accord intervenu entre les parties. Bien que confirmant le principe de l&#8217;exigibilit\u00e9, la cour valide l&#8217;\u00e9ch\u00e9ancier accept\u00e9 par l&#8217;organisme cr\u00e9ancier en cause d&#8217;appel. Elle int\u00e8gre cet accord dans le dispositif de sa d\u00e9cision, lui conf\u00e9rant ainsi force ex\u00e9cutoire. Le juge compl\u00e8te donc le jugement entrepris pour acter cet am\u00e9nagement convenu entre les parties.<\/p>\n<p>Les modalit\u00e9s pratiques du recouvrement \u00e9chelonn\u00e9. La cour pr\u00e9cise les termes de l&#8217;\u00e9ch\u00e9ancier en ordonnant trente-cinq mensualit\u00e9s de cinquante euros. Le solde restant deviendra exigible \u00e0 l&#8217;issue de cette p\u00e9riode de trente-six mois. Cette pr\u00e9cision vise \u00e0 s\u00e9curiser le recouvrement futur et \u00e0 \u00e9viter tout nouveau litige sur les modalit\u00e9s d&#8217;ex\u00e9cution. L&#8217;\u00e9quilibre est trouv\u00e9 entre le droit au recouvrement et les capacit\u00e9s du d\u00e9biteur.<\/p>\n<p>Cette d\u00e9cision illustre la distinction fondamentale entre l&#8217;existence d&#8217;une cr\u00e9ance et les modalit\u00e9s de son recouvrement. Elle rappelle que l&#8217;exigibilit\u00e9 n&#8217;est pas remise en cause par un accord sur les d\u00e9lais de paiement. La port\u00e9e de l&#8217;arr\u00eat r\u00e9side dans l&#8217;homologation judiciaire d&#8217;un tel accord, qui le rend contraignant pour les deux parties. La valeur de cette solution est de concilier la protection des droits du cr\u00e9ancier avec une gestion pragmatique des difficult\u00e9s de tr\u00e9sorerie du d\u00e9biteur.<\/p>\n<\/div>\n","protected":false},"excerpt":{"rendered":"<p>La Cour d&#8217;appel de Metz, statuant le 12 juillet 2023, examine une demande de d\u00e9lais de paiement concernant un indu d&#8217;allocation de solidarit\u00e9 aux personnes \u00e2&#8230;<\/p>\n","protected":false},"author":232070755,"featured_media":9551,"comment_status":"open","ping_status":"open","sticky":false,"template":"","format":"standard","meta":{"_crdt_document":"","_jetpack_newsletter_access":"","_jetpack_dont_email_post_to_subs":false,"_jetpack_newsletter_tier_id":0,"_jetpack_memberships_contains_paywalled_content":false,"_kj_source_type":"judilibre","_kj_official_id":"68dce598137fb746f70f66b7","_kj_official_url":"https:\/\/www.courdecassation.fr\/decision\/68dce598137fb746f70f66b7","_kj_judilibre_id":"68dce598137fb746f70f66b7","_kj_jur":"Cour d'appel","_kj_lieu":"Cour d'appel de Metz","_kj_chambre":"Chambre Sociale-Section 3","_kj_rg":"23\/01532","_kj_date":"2025-09-29","_jetpack_memberships_contains_paid_content":false,"footnotes":"","jetpack_post_was_ever_published":false},"categories":[7597],"tags":[],"class_list":["post-658992","post","type-post","status-publish","format-standard","has-post-thumbnail","hentry","category-jurisprudence"],"yoast_head":"<!-- This site is optimized with the Yoast SEO Premium plugin v27.5 (Yoast SEO v27.5) - https:\/\/yoast.com\/product\/yoast-seo-premium-wordpress\/ -->\n<title>Cour d&#039;appel de Metz, le 12 juillet 2023, n\u00b023\/01532 - Ma\u00eetre Hassan Kohen, avocat en droit p\u00e9nal \u00e0 Paris<\/title>\n<meta name=\"description\" content=\"La Cour d&#039;appel de Metz, statuant le 12 juillet 2023, examine une demande de d\u00e9lais de paiement concernant un indu d&#039;allocation de solidarit\u00e9 aux personnes \u00e2...\" \/>\n<meta name=\"robots\" content=\"index, follow, max-snippet:-1, max-image-preview:large, max-video-preview:-1\" \/>\n<link rel=\"canonical\" href=\"https:\/\/kohenavocats.com\/ru\/cour-dappel-de-metz-le-12-juillet-2023-n23-01532\/\" \/>\n<meta property=\"og:locale\" content=\"ru_RU\" \/>\n<meta property=\"og:type\" content=\"article\" \/>\n<meta property=\"og:title\" content=\"Cour d&#039;appel de Metz, le 12 juillet 2023, n\u00b023\/01532\" \/>\n<meta property=\"og:description\" content=\"La Cour d&#039;appel de Metz, statuant le 12 juillet 2023, examine une demande de d\u00e9lais de paiement concernant un indu d&#039;allocation de solidarit\u00e9 aux personnes \u00e2...\" \/>\n<meta property=\"og:url\" content=\"https:\/\/kohenavocats.com\/ru\/cour-dappel-de-metz-le-12-juillet-2023-n23-01532\/\" \/>\n<meta property=\"og:site_name\" content=\"Ma\u00eetre Hassan Kohen, avocat en droit p\u00e9nal \u00e0 Paris\" \/>\n<meta property=\"article:published_time\" content=\"2026-04-23T10:32:57+00:00\" \/>\n<meta property=\"og:image\" content=\"https:\/\/kohenavocats.com\/wp-content\/uploads\/2024\/11\/getty-images-HWIZ10Iyb84-unsplash.webp\" \/>\n\t<meta property=\"og:image:width\" content=\"4104\" \/>\n\t<meta property=\"og:image:height\" content=\"2736\" \/>\n\t<meta property=\"og:image:type\" content=\"image\/webp\" \/>\n<meta name=\"author\" content=\"Kohen\" \/>\n<meta name=\"twitter:card\" content=\"summary_large_image\" \/>\n<meta name=\"twitter:label1\" content=\"\u041d\u0430\u043f\u0438\u0441\u0430\u043d\u043e \u0430\u0432\u0442\u043e\u0440\u043e\u043c\" \/>\n\t<meta name=\"twitter:data1\" content=\"Kohen\" \/>\n\t<meta name=\"twitter:label2\" content=\"\u041f\u0440\u0438\u043c\u0435\u0440\u043d\u043e\u0435 \u0432\u0440\u0435\u043c\u044f \u0434\u043b\u044f \u0447\u0442\u0435\u043d\u0438\u044f\" \/>\n\t<meta name=\"twitter:data2\" content=\"2 \u043c\u0438\u043d\u0443\u0442\u044b\" \/>\n<script type=\"application\/ld+json\" class=\"yoast-schema-graph\">{\"@context\":\"https:\\\/\\\/schema.org\",\"@graph\":[{\"@type\":\"Article\",\"@id\":\"https:\\\/\\\/kohenavocats.com\\\/ru\\\/cour-dappel-de-metz-le-12-juillet-2023-n23-01532\\\/#article\",\"isPartOf\":{\"@id\":\"https:\\\/\\\/kohenavocats.com\\\/ru\\\/cour-dappel-de-metz-le-12-juillet-2023-n23-01532\\\/\"},\"author\":{\"name\":\"Kohen\",\"@id\":\"https:\\\/\\\/kohenavocats.com\\\/ru\\\/#\\\/schema\\\/person\\\/761c9ba54fa1ca84d405cef0831ff751\"},\"headline\":\"Cour d&#8217;appel de Metz, le 12 juillet 2023, n\u00b023\\\/01532\",\"datePublished\":\"2026-04-23T10:32:57+00:00\",\"mainEntityOfPage\":{\"@id\":\"https:\\\/\\\/kohenavocats.com\\\/ru\\\/cour-dappel-de-metz-le-12-juillet-2023-n23-01532\\\/\"},\"wordCount\":527,\"commentCount\":0,\"publisher\":{\"@id\":\"https:\\\/\\\/kohenavocats.com\\\/ru\\\/#organization\"},\"image\":{\"@id\":\"https:\\\/\\\/kohenavocats.com\\\/ru\\\/cour-dappel-de-metz-le-12-juillet-2023-n23-01532\\\/#primaryimage\"},\"thumbnailUrl\":\"https:\\\/\\\/kohenavocats.com\\\/wp-content\\\/uploads\\\/2024\\\/11\\\/getty-images-HWIZ10Iyb84-unsplash.webp\",\"articleSection\":[\"Jurisprudence\"],\"inLanguage\":\"ru-RU\",\"potentialAction\":[{\"@type\":\"CommentAction\",\"name\":\"Comment\",\"target\":[\"https:\\\/\\\/kohenavocats.com\\\/ru\\\/cour-dappel-de-metz-le-12-juillet-2023-n23-01532\\\/#respond\"]}],\"citation\":\"Cour d&#8217;appel de Metz, le 12 juillet 2023, n\u00b023\\\/01532\",\"about\":[{\"@type\":\"Thing\",\"name\":\"Jurisprudence\"}],\"dateModified\":\"2026-04-23T10:32:57+00:00\",\"speakable\":{\"@type\":\"SpeakableSpecification\",\"cssSelector\":[\".article-content > p:first-of-type\"]}},{\"@type\":\"WebPage\",\"@id\":\"https:\\\/\\\/kohenavocats.com\\\/ru\\\/cour-dappel-de-metz-le-12-juillet-2023-n23-01532\\\/\",\"url\":\"https:\\\/\\\/kohenavocats.com\\\/ru\\\/cour-dappel-de-metz-le-12-juillet-2023-n23-01532\\\/\",\"name\":\"Cour d'appel de Metz, le 12 juillet 2023, n\u00b023\\\/01532 - Ma\u00eetre Hassan Kohen, avocat en droit p\u00e9nal \u00e0 Paris\",\"isPartOf\":{\"@id\":\"https:\\\/\\\/kohenavocats.com\\\/ru\\\/#website\"},\"primaryImageOfPage\":{\"@id\":\"https:\\\/\\\/kohenavocats.com\\\/ru\\\/cour-dappel-de-metz-le-12-juillet-2023-n23-01532\\\/#primaryimage\"},\"image\":{\"@id\":\"https:\\\/\\\/kohenavocats.com\\\/ru\\\/cour-dappel-de-metz-le-12-juillet-2023-n23-01532\\\/#primaryimage\"},\"thumbnailUrl\":\"https:\\\/\\\/kohenavocats.com\\\/wp-content\\\/uploads\\\/2024\\\/11\\\/getty-images-HWIZ10Iyb84-unsplash.webp\",\"datePublished\":\"2026-04-23T10:32:57+00:00\",\"description\":\"La Cour d'appel de Metz, statuant le 12 juillet 2023, examine une demande de d\u00e9lais de paiement concernant un indu d'allocation de solidarit\u00e9 aux personnes \u00e2...\",\"breadcrumb\":{\"@id\":\"https:\\\/\\\/kohenavocats.com\\\/ru\\\/cour-dappel-de-metz-le-12-juillet-2023-n23-01532\\\/#breadcrumb\"},\"inLanguage\":\"ru-RU\",\"potentialAction\":[{\"@type\":\"ReadAction\",\"target\":[\"https:\\\/\\\/kohenavocats.com\\\/ru\\\/cour-dappel-de-metz-le-12-juillet-2023-n23-01532\\\/\"]}]},{\"@type\":\"ImageObject\",\"inLanguage\":\"ru-RU\",\"@id\":\"https:\\\/\\\/kohenavocats.com\\\/ru\\\/cour-dappel-de-metz-le-12-juillet-2023-n23-01532\\\/#primaryimage\",\"url\":\"https:\\\/\\\/kohenavocats.com\\\/wp-content\\\/uploads\\\/2024\\\/11\\\/getty-images-HWIZ10Iyb84-unsplash.webp\",\"contentUrl\":\"https:\\\/\\\/kohenavocats.com\\\/wp-content\\\/uploads\\\/2024\\\/11\\\/getty-images-HWIZ10Iyb84-unsplash.webp\",\"width\":4104,\"height\":2736},{\"@type\":\"BreadcrumbList\",\"@id\":\"https:\\\/\\\/kohenavocats.com\\\/ru\\\/cour-dappel-de-metz-le-12-juillet-2023-n23-01532\\\/#breadcrumb\",\"itemListElement\":[{\"@type\":\"ListItem\",\"position\":1,\"name\":\"Home\",\"item\":\"https:\\\/\\\/kohenavocats.com\\\/ru\\\/avocats-en-droit-penal-a-paris-conseil-et-defense-strategique\\\/\"},{\"@type\":\"ListItem\",\"position\":2,\"name\":\"Cour d&rsquo;appel de Metz, le 12 juillet 2023, n\u00b023\\\/01532\"}]},{\"@type\":\"WebSite\",\"@id\":\"https:\\\/\\\/kohenavocats.com\\\/ru\\\/#website\",\"url\":\"https:\\\/\\\/kohenavocats.com\\\/ru\\\/\",\"name\":\"Kohen Avocats\",\"description\":\"Ma\u00eetre Hassan Kohen, avocat p\u00e9naliste \u00e0 Paris, intervient exclusivement en droit p\u00e9nal pour la d\u00e9fense des particuliers, notamment en mati\u00e8re d\u2019accusations de viol. Il assure un accompagnement rigoureux d\u00e8s la garde \u00e0 vue jusqu\u2019\u00e0 la Cour d\u2019assises, veillant au strict respect des garanties proc\u00e9durales.\",\"publisher\":{\"@id\":\"https:\\\/\\\/kohenavocats.com\\\/ru\\\/#organization\"},\"potentialAction\":[{\"@type\":\"SearchAction\",\"target\":{\"@type\":\"EntryPoint\",\"urlTemplate\":\"https:\\\/\\\/kohenavocats.com\\\/ru\\\/?s={search_term_string}\"},\"query-input\":{\"@type\":\"PropertyValueSpecification\",\"valueRequired\":true,\"valueName\":\"search_term_string\"}}],\"inLanguage\":\"ru-RU\"},{\"@type\":\"Organization\",\"@id\":\"https:\\\/\\\/kohenavocats.com\\\/ru\\\/#organization\",\"name\":\"Kohen Avocats\",\"url\":\"https:\\\/\\\/kohenavocats.com\\\/ru\\\/\",\"logo\":{\"@type\":\"ImageObject\",\"inLanguage\":\"ru-RU\",\"@id\":\"https:\\\/\\\/kohenavocats.com\\\/ru\\\/#\\\/schema\\\/logo\\\/image\\\/\",\"url\":\"https:\\\/\\\/kohenavocats.com\\\/wp-content\\\/uploads\\\/2026\\\/01\\\/Logo-2-1.webp\",\"contentUrl\":\"https:\\\/\\\/kohenavocats.com\\\/wp-content\\\/uploads\\\/2026\\\/01\\\/Logo-2-1.webp\",\"width\":2114,\"height\":1253,\"caption\":\"Kohen Avocats\"},\"image\":{\"@id\":\"https:\\\/\\\/kohenavocats.com\\\/ru\\\/#\\\/schema\\\/logo\\\/image\\\/\"}},{\"@type\":\"Person\",\"@id\":\"https:\\\/\\\/kohenavocats.com\\\/ru\\\/#\\\/schema\\\/person\\\/761c9ba54fa1ca84d405cef0831ff751\",\"name\":\"Kohen\",\"image\":{\"@type\":\"ImageObject\",\"inLanguage\":\"ru-RU\",\"@id\":\"https:\\\/\\\/secure.gravatar.com\\\/avatar\\\/1c5e76ef76bbbfdd2b4da984e2bf2fa4056fd51a27d25ce2c332047f1dfd6e00?s=96&d=identicon&r=g\",\"url\":\"https:\\\/\\\/secure.gravatar.com\\\/avatar\\\/1c5e76ef76bbbfdd2b4da984e2bf2fa4056fd51a27d25ce2c332047f1dfd6e00?s=96&d=identicon&r=g\",\"contentUrl\":\"https:\\\/\\\/secure.gravatar.com\\\/avatar\\\/1c5e76ef76bbbfdd2b4da984e2bf2fa4056fd51a27d25ce2c332047f1dfd6e00?s=96&d=identicon&r=g\",\"caption\":\"Kohen\"},\"sameAs\":[\"https:\\\/\\\/www.linkedin.com\\\/in\\\/hassan-kohen-448548192\\\/\",\"https:\\\/\\\/www.youtube.com\\\/@Kohen-Avocats\"],\"url\":\"https:\\\/\\\/kohenavocats.com\\\/ru\\\/author\\\/kohenmlk\\\/\"}]}<\/script>\n<!-- \/ Yoast SEO Premium plugin. -->","yoast_head_json":{"title":"Cour d'appel de Metz, le 12 juillet 2023, n\u00b023\/01532 - Ma\u00eetre Hassan Kohen, avocat en droit p\u00e9nal \u00e0 Paris","description":"La Cour d'appel de Metz, statuant le 12 juillet 2023, examine une demande de d\u00e9lais de paiement concernant un indu d'allocation de solidarit\u00e9 aux personnes \u00e2...","robots":{"index":"index","follow":"follow","max-snippet":"max-snippet:-1","max-image-preview":"max-image-preview:large","max-video-preview":"max-video-preview:-1"},"canonical":"https:\/\/kohenavocats.com\/ru\/cour-dappel-de-metz-le-12-juillet-2023-n23-01532\/","og_locale":"ru_RU","og_type":"article","og_title":"Cour d'appel de Metz, le 12 juillet 2023, n\u00b023\/01532","og_description":"La Cour d'appel de Metz, statuant le 12 juillet 2023, examine une demande de d\u00e9lais de paiement concernant un indu d'allocation de solidarit\u00e9 aux personnes \u00e2...","og_url":"https:\/\/kohenavocats.com\/ru\/cour-dappel-de-metz-le-12-juillet-2023-n23-01532\/","og_site_name":"Ma\u00eetre Hassan Kohen, avocat en droit p\u00e9nal \u00e0 Paris","article_published_time":"2026-04-23T10:32:57+00:00","og_image":[{"width":4104,"height":2736,"url":"https:\/\/kohenavocats.com\/wp-content\/uploads\/2024\/11\/getty-images-HWIZ10Iyb84-unsplash.webp","type":"image\/webp"}],"author":"Kohen","twitter_card":"summary_large_image","twitter_misc":{"\u041d\u0430\u043f\u0438\u0441\u0430\u043d\u043e \u0430\u0432\u0442\u043e\u0440\u043e\u043c":"Kohen","\u041f\u0440\u0438\u043c\u0435\u0440\u043d\u043e\u0435 \u0432\u0440\u0435\u043c\u044f \u0434\u043b\u044f \u0447\u0442\u0435\u043d\u0438\u044f":"2 \u043c\u0438\u043d\u0443\u0442\u044b"},"schema":{"@context":"https:\/\/schema.org","@graph":[{"@type":"Article","@id":"https:\/\/kohenavocats.com\/ru\/cour-dappel-de-metz-le-12-juillet-2023-n23-01532\/#article","isPartOf":{"@id":"https:\/\/kohenavocats.com\/ru\/cour-dappel-de-metz-le-12-juillet-2023-n23-01532\/"},"author":{"name":"Kohen","@id":"https:\/\/kohenavocats.com\/ru\/#\/schema\/person\/761c9ba54fa1ca84d405cef0831ff751"},"headline":"Cour d&#8217;appel de Metz, le 12 juillet 2023, n\u00b023\/01532","datePublished":"2026-04-23T10:32:57+00:00","mainEntityOfPage":{"@id":"https:\/\/kohenavocats.com\/ru\/cour-dappel-de-metz-le-12-juillet-2023-n23-01532\/"},"wordCount":527,"commentCount":0,"publisher":{"@id":"https:\/\/kohenavocats.com\/ru\/#organization"},"image":{"@id":"https:\/\/kohenavocats.com\/ru\/cour-dappel-de-metz-le-12-juillet-2023-n23-01532\/#primaryimage"},"thumbnailUrl":"https:\/\/kohenavocats.com\/wp-content\/uploads\/2024\/11\/getty-images-HWIZ10Iyb84-unsplash.webp","articleSection":["Jurisprudence"],"inLanguage":"ru-RU","potentialAction":[{"@type":"CommentAction","name":"Comment","target":["https:\/\/kohenavocats.com\/ru\/cour-dappel-de-metz-le-12-juillet-2023-n23-01532\/#respond"]}],"citation":"Cour d&#8217;appel de Metz, le 12 juillet 2023, n\u00b023\/01532","about":[{"@type":"Thing","name":"Jurisprudence"}],"dateModified":"2026-04-23T10:32:57+00:00","speakable":{"@type":"SpeakableSpecification","cssSelector":[".article-content > p:first-of-type"]}},{"@type":"WebPage","@id":"https:\/\/kohenavocats.com\/ru\/cour-dappel-de-metz-le-12-juillet-2023-n23-01532\/","url":"https:\/\/kohenavocats.com\/ru\/cour-dappel-de-metz-le-12-juillet-2023-n23-01532\/","name":"Cour d'appel de Metz, le 12 juillet 2023, n\u00b023\/01532 - Ma\u00eetre Hassan Kohen, avocat en droit p\u00e9nal \u00e0 Paris","isPartOf":{"@id":"https:\/\/kohenavocats.com\/ru\/#website"},"primaryImageOfPage":{"@id":"https:\/\/kohenavocats.com\/ru\/cour-dappel-de-metz-le-12-juillet-2023-n23-01532\/#primaryimage"},"image":{"@id":"https:\/\/kohenavocats.com\/ru\/cour-dappel-de-metz-le-12-juillet-2023-n23-01532\/#primaryimage"},"thumbnailUrl":"https:\/\/kohenavocats.com\/wp-content\/uploads\/2024\/11\/getty-images-HWIZ10Iyb84-unsplash.webp","datePublished":"2026-04-23T10:32:57+00:00","description":"La Cour d'appel de Metz, statuant le 12 juillet 2023, examine une demande de d\u00e9lais de paiement concernant un indu d'allocation de solidarit\u00e9 aux personnes \u00e2...","breadcrumb":{"@id":"https:\/\/kohenavocats.com\/ru\/cour-dappel-de-metz-le-12-juillet-2023-n23-01532\/#breadcrumb"},"inLanguage":"ru-RU","potentialAction":[{"@type":"ReadAction","target":["https:\/\/kohenavocats.com\/ru\/cour-dappel-de-metz-le-12-juillet-2023-n23-01532\/"]}]},{"@type":"ImageObject","inLanguage":"ru-RU","@id":"https:\/\/kohenavocats.com\/ru\/cour-dappel-de-metz-le-12-juillet-2023-n23-01532\/#primaryimage","url":"https:\/\/kohenavocats.com\/wp-content\/uploads\/2024\/11\/getty-images-HWIZ10Iyb84-unsplash.webp","contentUrl":"https:\/\/kohenavocats.com\/wp-content\/uploads\/2024\/11\/getty-images-HWIZ10Iyb84-unsplash.webp","width":4104,"height":2736},{"@type":"BreadcrumbList","@id":"https:\/\/kohenavocats.com\/ru\/cour-dappel-de-metz-le-12-juillet-2023-n23-01532\/#breadcrumb","itemListElement":[{"@type":"ListItem","position":1,"name":"Home","item":"https:\/\/kohenavocats.com\/ru\/avocats-en-droit-penal-a-paris-conseil-et-defense-strategique\/"},{"@type":"ListItem","position":2,"name":"Cour d&rsquo;appel de Metz, le 12 juillet 2023, n\u00b023\/01532"}]},{"@type":"WebSite","@id":"https:\/\/kohenavocats.com\/ru\/#website","url":"https:\/\/kohenavocats.com\/ru\/","name":"Kohen Avocats","description":"Ma\u00eetre Hassan Kohen, avocat p\u00e9naliste \u00e0 Paris, intervient exclusivement en droit p\u00e9nal pour la d\u00e9fense des particuliers, notamment en mati\u00e8re d\u2019accusations de viol. Il assure un accompagnement rigoureux d\u00e8s la garde \u00e0 vue jusqu\u2019\u00e0 la Cour d\u2019assises, veillant au strict respect des garanties proc\u00e9durales.","publisher":{"@id":"https:\/\/kohenavocats.com\/ru\/#organization"},"potentialAction":[{"@type":"SearchAction","target":{"@type":"EntryPoint","urlTemplate":"https:\/\/kohenavocats.com\/ru\/?s={search_term_string}"},"query-input":{"@type":"PropertyValueSpecification","valueRequired":true,"valueName":"search_term_string"}}],"inLanguage":"ru-RU"},{"@type":"Organization","@id":"https:\/\/kohenavocats.com\/ru\/#organization","name":"Kohen Avocats","url":"https:\/\/kohenavocats.com\/ru\/","logo":{"@type":"ImageObject","inLanguage":"ru-RU","@id":"https:\/\/kohenavocats.com\/ru\/#\/schema\/logo\/image\/","url":"https:\/\/kohenavocats.com\/wp-content\/uploads\/2026\/01\/Logo-2-1.webp","contentUrl":"https:\/\/kohenavocats.com\/wp-content\/uploads\/2026\/01\/Logo-2-1.webp","width":2114,"height":1253,"caption":"Kohen Avocats"},"image":{"@id":"https:\/\/kohenavocats.com\/ru\/#\/schema\/logo\/image\/"}},{"@type":"Person","@id":"https:\/\/kohenavocats.com\/ru\/#\/schema\/person\/761c9ba54fa1ca84d405cef0831ff751","name":"Kohen","image":{"@type":"ImageObject","inLanguage":"ru-RU","@id":"https:\/\/secure.gravatar.com\/avatar\/1c5e76ef76bbbfdd2b4da984e2bf2fa4056fd51a27d25ce2c332047f1dfd6e00?s=96&d=identicon&r=g","url":"https:\/\/secure.gravatar.com\/avatar\/1c5e76ef76bbbfdd2b4da984e2bf2fa4056fd51a27d25ce2c332047f1dfd6e00?s=96&d=identicon&r=g","contentUrl":"https:\/\/secure.gravatar.com\/avatar\/1c5e76ef76bbbfdd2b4da984e2bf2fa4056fd51a27d25ce2c332047f1dfd6e00?s=96&d=identicon&r=g","caption":"Kohen"},"sameAs":["https:\/\/www.linkedin.com\/in\/hassan-kohen-448548192\/","https:\/\/www.youtube.com\/@Kohen-Avocats"],"url":"https:\/\/kohenavocats.com\/ru\/author\/kohenmlk\/"}]}},"jetpack_featured_media_url":"https:\/\/kohenavocats.com\/wp-content\/uploads\/2024\/11\/getty-images-HWIZ10Iyb84-unsplash.webp","jetpack_likes_enabled":false,"jetpack_shortlink":"https:\/\/wp.me\/peCrII-2LqU","jetpack-related-posts":[{"id":631922,"url":"https:\/\/kohenavocats.com\/ru\/tribunal-judiciaire-de-metz-le-14-novembre-2025-n25-00237\/","url_meta":{"origin":658992,"position":0},"title":"Tribunal judiciaire de Metz, le 14 novembre 2025, n\u00b025\/00237","author":"Kohen","date":"21.04.2026","format":false,"excerpt":"Le tribunal judiciaire de Metz, statuant le 14 novembre 2025, examine l'opposition \u00e0 une contrainte \u00e9mise par France Travail. Le d\u00e9biteur contestait la r\u00e9gul...","rel":"","context":"\u0412 &quot;Jurisprudence&quot;","block_context":{"text":"Jurisprudence","link":"https:\/\/kohenavocats.com\/category\/jurisprudence\/"},"img":{"alt_text":"","src":"https:\/\/i0.wp.com\/kohenavocats.com\/wp-content\/uploads\/2024\/11\/allison-saeng-MrtYdShGeQY-unsplash.webp?resize=350%2C200&ssl=1","width":350,"height":200,"srcset":"https:\/\/i0.wp.com\/kohenavocats.com\/wp-content\/uploads\/2024\/11\/allison-saeng-MrtYdShGeQY-unsplash.webp?resize=350%2C200&ssl=1 1x, https:\/\/i0.wp.com\/kohenavocats.com\/wp-content\/uploads\/2024\/11\/allison-saeng-MrtYdShGeQY-unsplash.webp?resize=525%2C300&ssl=1 1.5x, https:\/\/i0.wp.com\/kohenavocats.com\/wp-content\/uploads\/2024\/11\/allison-saeng-MrtYdShGeQY-unsplash.webp?resize=700%2C400&ssl=1 2x, https:\/\/i0.wp.com\/kohenavocats.com\/wp-content\/uploads\/2024\/11\/allison-saeng-MrtYdShGeQY-unsplash.webp?resize=1050%2C600&ssl=1 3x, https:\/\/i0.wp.com\/kohenavocats.com\/wp-content\/uploads\/2024\/11\/allison-saeng-MrtYdShGeQY-unsplash.webp?resize=1400%2C800&ssl=1 4x"},"classes":[]},{"id":63919,"url":"https:\/\/kohenavocats.com\/ru\/cour-dappel-de-metz-le-17-juillet-2025-n24-00272\/","url_meta":{"origin":658992,"position":1},"title":"Cour d&#8217;appel de Metz, le 17 juillet 2025, n\u00b024\/00272","author":"Kohen","date":"09.11.2025","format":false,"excerpt":"La Cour d'appel de Metz, 17 juillet 2025, statue sur un indu d\u2019allocations de ch\u00f4mage vers\u00e9es pendant une formation, assorti d\u2019une contrainte et d\u2019une opposition. Le litige soul\u00e8ve aussi la question, centrale et d\u00e9licate, des effets d\u2019un r\u00e9tablissement personnel sans liquidation judiciaire sur une cr\u00e9ance d\u2019indu non d\u00e9clar\u00e9e.Les faits tiennent\u2026","rel":"","context":"\u0412 &quot;Cour d'appel&quot;","block_context":{"text":"Cour d'appel","link":"https:\/\/kohenavocats.com\/category\/cour-dappel\/"},"img":{"alt_text":"","src":"https:\/\/i0.wp.com\/kohenavocats.com\/wp-content\/uploads\/2024\/08\/chelms-varthoumlien-m6gbOoP_7GQ-unsplash.webp?resize=350%2C200&ssl=1","width":350,"height":200,"srcset":"https:\/\/i0.wp.com\/kohenavocats.com\/wp-content\/uploads\/2024\/08\/chelms-varthoumlien-m6gbOoP_7GQ-unsplash.webp?resize=350%2C200&ssl=1 1x, https:\/\/i0.wp.com\/kohenavocats.com\/wp-content\/uploads\/2024\/08\/chelms-varthoumlien-m6gbOoP_7GQ-unsplash.webp?resize=525%2C300&ssl=1 1.5x, https:\/\/i0.wp.com\/kohenavocats.com\/wp-content\/uploads\/2024\/08\/chelms-varthoumlien-m6gbOoP_7GQ-unsplash.webp?resize=700%2C400&ssl=1 2x, https:\/\/i0.wp.com\/kohenavocats.com\/wp-content\/uploads\/2024\/08\/chelms-varthoumlien-m6gbOoP_7GQ-unsplash.webp?resize=1050%2C600&ssl=1 3x, https:\/\/i0.wp.com\/kohenavocats.com\/wp-content\/uploads\/2024\/08\/chelms-varthoumlien-m6gbOoP_7GQ-unsplash.webp?resize=1400%2C800&ssl=1 4x"},"classes":[]},{"id":498639,"url":"https:\/\/kohenavocats.com\/ru\/tribunal-judiciaire-de-metz-le-27-novembre-2025-n24-01941\/","url_meta":{"origin":658992,"position":2},"title":"Tribunal judiciaire de Metz, le 27 novembre 2025, n\u00b024\/01941","author":"Kohen","date":"08.04.2026","format":false,"excerpt":"Le tribunal judiciaire, p\u00f4le social, a rendu un jugement le 27 novembre 2025. L\u2019affaire concernait une opposition \u00e0 contrainte \u00e9mise par une caisse de...","rel":"","context":"\u0412 &quot;D\u00e9cisions juridiques&quot;","block_context":{"text":"D\u00e9cisions juridiques","link":"https:\/\/kohenavocats.com\/category\/decisions-juridiques\/"},"img":{"alt_text":"","src":"https:\/\/i0.wp.com\/kohenavocats.com\/wp-content\/uploads\/2024\/08\/asa-rodger-QTbiwll3e68-unsplash.webp?resize=350%2C200&ssl=1","width":350,"height":200,"srcset":"https:\/\/i0.wp.com\/kohenavocats.com\/wp-content\/uploads\/2024\/08\/asa-rodger-QTbiwll3e68-unsplash.webp?resize=350%2C200&ssl=1 1x, https:\/\/i0.wp.com\/kohenavocats.com\/wp-content\/uploads\/2024\/08\/asa-rodger-QTbiwll3e68-unsplash.webp?resize=525%2C300&ssl=1 1.5x, https:\/\/i0.wp.com\/kohenavocats.com\/wp-content\/uploads\/2024\/08\/asa-rodger-QTbiwll3e68-unsplash.webp?resize=700%2C400&ssl=1 2x, https:\/\/i0.wp.com\/kohenavocats.com\/wp-content\/uploads\/2024\/08\/asa-rodger-QTbiwll3e68-unsplash.webp?resize=1050%2C600&ssl=1 3x, https:\/\/i0.wp.com\/kohenavocats.com\/wp-content\/uploads\/2024\/08\/asa-rodger-QTbiwll3e68-unsplash.webp?resize=1400%2C800&ssl=1 4x"},"classes":[]},{"id":237090,"url":"https:\/\/kohenavocats.com\/ru\/cour-dappel-de-metz-le-3-juillet-2025-n22-01033\/","url_meta":{"origin":658992,"position":3},"title":"Cour d&#8217;appel de Metz, le 3 juillet 2025, n\u00b022\/01033","author":"Kohen","date":"30.12.2025","format":false,"excerpt":"Par un arr\u00eat rendu le 3 juillet 2025, la cour d'appel de Metz se prononce sur l'exercice du recours personnel de la caution contre l'emprunteur d\u00e9faillant et sur l'articulation entre ce recours et la r\u00e9glementation des clauses abusives. Cette d\u00e9cision illustre les limites de la protection du consommateur lorsque celui-ci\u2026","rel":"","context":"\u0412 &quot;Cour d'appel&quot;","block_context":{"text":"Cour d'appel","link":"https:\/\/kohenavocats.com\/category\/cour-dappel\/"},"img":{"alt_text":"","src":"https:\/\/i0.wp.com\/kohenavocats.com\/wp-content\/uploads\/2024\/11\/zyanya-citlalli-UacA8X7HWwg-unsplash-1.webp?resize=350%2C200&ssl=1","width":350,"height":200,"srcset":"https:\/\/i0.wp.com\/kohenavocats.com\/wp-content\/uploads\/2024\/11\/zyanya-citlalli-UacA8X7HWwg-unsplash-1.webp?resize=350%2C200&ssl=1 1x, https:\/\/i0.wp.com\/kohenavocats.com\/wp-content\/uploads\/2024\/11\/zyanya-citlalli-UacA8X7HWwg-unsplash-1.webp?resize=525%2C300&ssl=1 1.5x, https:\/\/i0.wp.com\/kohenavocats.com\/wp-content\/uploads\/2024\/11\/zyanya-citlalli-UacA8X7HWwg-unsplash-1.webp?resize=700%2C400&ssl=1 2x, https:\/\/i0.wp.com\/kohenavocats.com\/wp-content\/uploads\/2024\/11\/zyanya-citlalli-UacA8X7HWwg-unsplash-1.webp?resize=1050%2C600&ssl=1 3x, https:\/\/i0.wp.com\/kohenavocats.com\/wp-content\/uploads\/2024\/11\/zyanya-citlalli-UacA8X7HWwg-unsplash-1.webp?resize=1400%2C800&ssl=1 4x"},"classes":[]},{"id":45122,"url":"https:\/\/kohenavocats.com\/ru\/tribunal-judiciaire-de-amiens-le-16-juin-2025-n25-00124\/","url_meta":{"origin":658992,"position":4},"title":"Tribunal judiciaire de Amiens, le 16 juin 2025, n\u00b025\/00124","author":"Kohen","date":"07.11.2025","format":false,"excerpt":"Le tribunal judiciaire d\u2019Amiens, 16 juin 2025, est saisi d\u2019une opposition \u00e0 contrainte \u00e9mise pour le recouvrement d\u2019un indu d\u2019allocations d\u2019aide au retour \u00e0 l\u2019emploi. La contrainte, signifi\u00e9e le 20 janvier 2025, porte sur 780,99 euros et fait suite \u00e0 des versements intervenus pendant un arr\u00eat de travail ouvrant droit\u2026","rel":"","context":"\u0412 &quot;D\u00e9cisions juridiques&quot;","block_context":{"text":"D\u00e9cisions juridiques","link":"https:\/\/kohenavocats.com\/category\/decisions-juridiques\/"},"img":{"alt_text":"","src":"https:\/\/i0.wp.com\/kohenavocats.com\/wp-content\/uploads\/2024\/08\/kylie-paz-cbl1K6yJlDI-unsplash-1.webp?resize=350%2C200&ssl=1","width":350,"height":200,"srcset":"https:\/\/i0.wp.com\/kohenavocats.com\/wp-content\/uploads\/2024\/08\/kylie-paz-cbl1K6yJlDI-unsplash-1.webp?resize=350%2C200&ssl=1 1x, https:\/\/i0.wp.com\/kohenavocats.com\/wp-content\/uploads\/2024\/08\/kylie-paz-cbl1K6yJlDI-unsplash-1.webp?resize=525%2C300&ssl=1 1.5x, https:\/\/i0.wp.com\/kohenavocats.com\/wp-content\/uploads\/2024\/08\/kylie-paz-cbl1K6yJlDI-unsplash-1.webp?resize=700%2C400&ssl=1 2x, https:\/\/i0.wp.com\/kohenavocats.com\/wp-content\/uploads\/2024\/08\/kylie-paz-cbl1K6yJlDI-unsplash-1.webp?resize=1050%2C600&ssl=1 3x, https:\/\/i0.wp.com\/kohenavocats.com\/wp-content\/uploads\/2024\/08\/kylie-paz-cbl1K6yJlDI-unsplash-1.webp?resize=1400%2C800&ssl=1 4x"},"classes":[]},{"id":658923,"url":"https:\/\/kohenavocats.com\/ru\/tribunal-judiciaire-de-lille-le-25-juillet-2025-n25-05529\/","url_meta":{"origin":658992,"position":5},"title":"Tribunal judiciaire de Lille, le 25 juillet 2025, n\u00b025\/05529","author":"Kohen","date":"23.04.2026","format":false,"excerpt":"Le tribunal judiciaire, statuant en mati\u00e8re de contentieux de la protection, a rendu une d\u00e9cision le 25 juillet 2025. L\u2019affaire concernait l\u2019opposition form\u00e9...","rel":"","context":"\u0412 &quot;Jurisprudence&quot;","block_context":{"text":"Jurisprudence","link":"https:\/\/kohenavocats.com\/category\/jurisprudence\/"},"img":{"alt_text":"","src":"https:\/\/i0.wp.com\/kohenavocats.com\/wp-content\/uploads\/2024\/11\/zyanya-citlalli-UacA8X7HWwg-unsplash-1.webp?resize=350%2C200&ssl=1","width":350,"height":200,"srcset":"https:\/\/i0.wp.com\/kohenavocats.com\/wp-content\/uploads\/2024\/11\/zyanya-citlalli-UacA8X7HWwg-unsplash-1.webp?resize=350%2C200&ssl=1 1x, https:\/\/i0.wp.com\/kohenavocats.com\/wp-content\/uploads\/2024\/11\/zyanya-citlalli-UacA8X7HWwg-unsplash-1.webp?resize=525%2C300&ssl=1 1.5x, https:\/\/i0.wp.com\/kohenavocats.com\/wp-content\/uploads\/2024\/11\/zyanya-citlalli-UacA8X7HWwg-unsplash-1.webp?resize=700%2C400&ssl=1 2x, https:\/\/i0.wp.com\/kohenavocats.com\/wp-content\/uploads\/2024\/11\/zyanya-citlalli-UacA8X7HWwg-unsplash-1.webp?resize=1050%2C600&ssl=1 3x, https:\/\/i0.wp.com\/kohenavocats.com\/wp-content\/uploads\/2024\/11\/zyanya-citlalli-UacA8X7HWwg-unsplash-1.webp?resize=1400%2C800&ssl=1 4x"},"classes":[]}],"jetpack_sharing_enabled":true,"_links":{"self":[{"href":"https:\/\/kohenavocats.com\/ru\/wp-json\/wp\/v2\/posts\/658992","targetHints":{"allow":["GET"]}}],"collection":[{"href":"https:\/\/kohenavocats.com\/ru\/wp-json\/wp\/v2\/posts"}],"about":[{"href":"https:\/\/kohenavocats.com\/ru\/wp-json\/wp\/v2\/types\/post"}],"author":[{"embeddable":true,"href":"https:\/\/kohenavocats.com\/ru\/wp-json\/wp\/v2\/users\/232070755"}],"replies":[{"embeddable":true,"href":"https:\/\/kohenavocats.com\/ru\/wp-json\/wp\/v2\/comments?post=658992"}],"version-history":[{"count":0,"href":"https:\/\/kohenavocats.com\/ru\/wp-json\/wp\/v2\/posts\/658992\/revisions"}],"wp:featuredmedia":[{"embeddable":true,"href":"https:\/\/kohenavocats.com\/ru\/wp-json\/wp\/v2\/media\/9551"}],"wp:attachment":[{"href":"https:\/\/kohenavocats.com\/ru\/wp-json\/wp\/v2\/media?parent=658992"}],"wp:term":[{"taxonomy":"category","embeddable":true,"href":"https:\/\/kohenavocats.com\/ru\/wp-json\/wp\/v2\/categories?post=658992"},{"taxonomy":"post_tag","embeddable":true,"href":"https:\/\/kohenavocats.com\/ru\/wp-json\/wp\/v2\/tags?post=658992"}],"curies":[{"name":"wp","href":"https:\/\/api.w.org\/{rel}","templated":true}]}}