{"id":659153,"date":"2026-04-23T12:47:07","date_gmt":"2026-04-23T10:47:07","guid":{"rendered":"https:\/\/kohenavocats.com\/tribunal-judiciaire-de-tours-le-26-septembre-2025-n24-05304\/"},"modified":"2026-04-23T12:47:07","modified_gmt":"2026-04-23T10:47:07","slug":"tribunal-judiciaire-de-tours-le-26-septembre-2025-n24-05304","status":"publish","type":"post","link":"https:\/\/kohenavocats.com\/ru\/tribunal-judiciaire-de-tours-le-26-septembre-2025-n24-05304\/","title":{"rendered":"Tribunal judiciaire de Tours, le 26 septembre 2025, n\u00b024\/05304"},"content":{"rendered":"<div class=\"article-content\">\n<p>Le tribunal judiciaire de Tours, statuant en premier ressort le 26 septembre 2025, se prononce sur une demande en r\u00e9siliation de bail pour impay\u00e9s. Le bailleur, ayant d\u00e9livr\u00e9 un commandement de payer le 29 novembre 2023, sollicite l&#8217;expulsion des locataires et le paiement des sommes dues. Ces derniers demandent l&#8217;octroi de d\u00e9lais de paiement. Le juge constate la r\u00e9gularit\u00e9 de la proc\u00e9dure et la r\u00e9siliation du bail au 30 janvier 2024. Il condamne n\u00e9anmoins les locataires au paiement des arri\u00e9r\u00e9s tout en leur accordant des d\u00e9lais de paiement \u00e9tendus, suspendant ainsi les effets de la r\u00e9siliation.<\/p>\n<p>La r\u00e9gularit\u00e9 formelle du commandement de payer<\/p>\n<p>Le juge v\u00e9rifie scrupuleusement le respect des conditions l\u00e9gales pr\u00e9alables \u00e0 l&#8217;action en r\u00e9siliation. La notification de l&#8217;assignation au pr\u00e9fet dans les d\u00e9lais requis est ainsi valid\u00e9e, rendant la demande recevable. L&#8217;examen du commandement de payer r\u00e9v\u00e8le une erreur substantielle dans la fixation du d\u00e9lai laiss\u00e9 aux locataires. Le commandement appliquait le d\u00e9lai de six semaines issu de la loi du 27 juillet 2023. Or, le bail \u00e9tant ant\u00e9rieur \u00e0 cette r\u00e9forme, le d\u00e9lai l\u00e9gal demeurait de deux mois. &#171;Le commandemant fait application de l\u2019article 10 de la loi du 27 juillet 2023 en laissant aux locataires un d\u00e9lai de six semaines pour s\u2019acquitter des causes du commandement. Or, le contrat de bail a \u00e9t\u00e9 conclu le 21 mars 2008 soit ant\u00e9rieurement \u00e0 l\u2019entr\u00e9e en vigueur de la loi du 27 juillet 2023.&#187; (Motifs). Cette m\u00e9prise n&#8217;est toutefois pas fatale en l&#8217;esp\u00e8ce, les locataires n&#8217;ayant pas r\u00e9gl\u00e9 dans le d\u00e9lai de deux mois. La d\u00e9cision rappelle ainsi l&#8217;importance cruciale de l&#8217;application du r\u00e9gime transitoire. La jurisprudence confirme cette exigence de pr\u00e9cision dans la r\u00e9daction des commandements soumis \u00e0 la nouvelle loi. &#171;Par cons\u00e9quent, le bailleur qui a d\u00e9cid\u00e9 de signifier un commandement de payer visant la clause r\u00e9solutoire du bail, doit d\u00e9sormais pour tout commandement de payer post\u00e9rieur \u00e0 cette date du 29\/07\/2023, mentionner le nouveau l\u00e9gal d\u00e9lai de six semaines imparti pour r\u00e9gler la dette.&#187; (Tribunal judiciaire de Blois, le 3 d\u00e9cembre 2025, n\u00b024\/02955). L&#8217;office du juge s&#8217;exerce \u00e9galement sur la composition de la dette, excluant les frais de proc\u00e9dure du calcul des loyers impay\u00e9s.<\/p>\n<p>L&#8217;am\u00e9nagement judiciaire des cons\u00e9quences de la r\u00e9siliation<\/p>\n<p>Le juge use largement de son pouvoir d&#8217;am\u00e9nagement pour concilier le droit du bailleur et la situation des locataires. Il constate tout d&#8217;abord la r\u00e9siliation de plein droit intervenue au terme du d\u00e9lai de deux mois, faute de paiement. La clause r\u00e9solutoire a donc produit ses effets, permettant th\u00e9oriquement l&#8217;expulsion. Toutefois, le juge suspend ces effets en accordant des d\u00e9lais de paiement \u00e9tal\u00e9s sur vingt-neuf mois. Ce pouvoir discr\u00e9tionnaire est subordonn\u00e9 \u00e0 des conditions strictes, remplies en l&#8217;esp\u00e8ce. &#171;Il r\u00e9sulte du d\u00e9compte susvis\u00e9 que Monsieur et Madame [H] [N] et [U] ont repris les paiements avant l\u2019audience, et ce depuis mars 2025 d\u00e9montrant ainsi qu\u2019ils disposent des capacit\u00e9s financi\u00e8res suffisantes&#187; (Motifs). La reprise du paiement du loyer courant avant l&#8217;audience est une condition sine qua non. La d\u00e9cision op\u00e8re ainsi une distinction nette entre l&#8217;acquisition du droit \u00e0 la r\u00e9siliation et son ex\u00e9cution forc\u00e9e. Elle illustre la finalit\u00e9 sociale de la proc\u00e9dure, visant \u00e0 \u00e9viter l&#8217;expulsion lorsque le rattrapage de la dette est possible. Le dispositif d\u00e9taill\u00e9 cr\u00e9e un m\u00e9canisme conditionnel : le respect des \u00e9ch\u00e9ances efface r\u00e9troactivement la r\u00e9siliation, tandis qu&#8217;un seul d\u00e9faut la r\u00e9active avec des cons\u00e9quences accrues. Cette solution \u00e9quilibr\u00e9e privil\u00e9gie le maintien dans les lieux tout en garantissant au bailleur le recouvrement de sa cr\u00e9ance.<\/p>\n<\/div>\n","protected":false},"excerpt":{"rendered":"<p>Le tribunal judiciaire de Tours, statuant en premier ressort le 26 septembre 2025, se prononce sur une demande en r\u00e9siliation de bail pour impay\u00e9s. Le baille&#8230;<\/p>\n","protected":false},"author":232070755,"featured_media":9673,"comment_status":"open","ping_status":"open","sticky":false,"template":"","format":"standard","meta":{"_crdt_document":"","_jetpack_newsletter_access":"","_jetpack_dont_email_post_to_subs":false,"_jetpack_newsletter_tier_id":0,"_jetpack_memberships_contains_paywalled_content":false,"_kj_source_type":"","_kj_official_id":"","_kj_official_url":"","_kj_judilibre_id":"","_kj_jur":"","_kj_lieu":"","_kj_chambre":"","_kj_rg":"","_kj_date":"","_jetpack_memberships_contains_paid_content":false,"footnotes":"","jetpack_post_was_ever_published":false},"categories":[7597],"tags":[],"class_list":["post-659153","post","type-post","status-publish","format-standard","has-post-thumbnail","hentry","category-jurisprudence"],"yoast_head":"<!-- This site is optimized with the Yoast SEO Premium plugin v27.5 (Yoast SEO v27.5) - https:\/\/yoast.com\/product\/yoast-seo-premium-wordpress\/ -->\n<title>Tribunal judiciaire de Tours, le 26 septembre 2025, n\u00b024\/05304 - Ma\u00eetre Hassan Kohen, avocat en droit p\u00e9nal \u00e0 Paris<\/title>\n<meta name=\"description\" content=\"Le tribunal judiciaire de Tours, statuant en premier ressort le 26 septembre 2025, se prononce sur une demande en r\u00e9siliation de bail pour impay\u00e9s. Le baille...\" \/>\n<meta name=\"robots\" content=\"index, follow, max-snippet:-1, max-image-preview:large, max-video-preview:-1\" \/>\n<link rel=\"canonical\" href=\"https:\/\/kohenavocats.com\/ru\/tribunal-judiciaire-de-tours-le-26-septembre-2025-n24-05304\/\" \/>\n<meta property=\"og:locale\" content=\"ru_RU\" \/>\n<meta property=\"og:type\" content=\"article\" \/>\n<meta property=\"og:title\" content=\"Tribunal judiciaire de Tours, le 26 septembre 2025, n\u00b024\/05304\" \/>\n<meta property=\"og:description\" content=\"Le tribunal judiciaire de Tours, statuant en premier ressort le 26 septembre 2025, se prononce sur une demande en r\u00e9siliation de bail pour impay\u00e9s. Le baille...\" \/>\n<meta property=\"og:url\" content=\"https:\/\/kohenavocats.com\/ru\/tribunal-judiciaire-de-tours-le-26-septembre-2025-n24-05304\/\" \/>\n<meta property=\"og:site_name\" content=\"Ma\u00eetre Hassan Kohen, avocat en droit p\u00e9nal \u00e0 Paris\" \/>\n<meta property=\"article:published_time\" content=\"2026-04-23T10:47:07+00:00\" \/>\n<meta property=\"og:image\" content=\"https:\/\/kohenavocats.com\/wp-content\/uploads\/2024\/11\/alex-shuper-EpYGXgIeTTQ-unsplash.webp\" \/>\n\t<meta property=\"og:image:width\" content=\"6000\" \/>\n\t<meta property=\"og:image:height\" content=\"4000\" \/>\n\t<meta property=\"og:image:type\" content=\"image\/webp\" \/>\n<meta name=\"author\" content=\"Kohen\" \/>\n<meta name=\"twitter:card\" content=\"summary_large_image\" \/>\n<meta name=\"twitter:label1\" content=\"\u041d\u0430\u043f\u0438\u0441\u0430\u043d\u043e \u0430\u0432\u0442\u043e\u0440\u043e\u043c\" \/>\n\t<meta name=\"twitter:data1\" content=\"Kohen\" \/>\n\t<meta name=\"twitter:label2\" content=\"\u041f\u0440\u0438\u043c\u0435\u0440\u043d\u043e\u0435 \u0432\u0440\u0435\u043c\u044f \u0434\u043b\u044f \u0447\u0442\u0435\u043d\u0438\u044f\" \/>\n\t<meta name=\"twitter:data2\" content=\"3 \u043c\u0438\u043d\u0443\u0442\u044b\" \/>\n<script type=\"application\/ld+json\" class=\"yoast-schema-graph\">{\"@context\":\"https:\\\/\\\/schema.org\",\"@graph\":[{\"@type\":\"Article\",\"@id\":\"https:\\\/\\\/kohenavocats.com\\\/ru\\\/tribunal-judiciaire-de-tours-le-26-septembre-2025-n24-05304\\\/#article\",\"isPartOf\":{\"@id\":\"https:\\\/\\\/kohenavocats.com\\\/ru\\\/tribunal-judiciaire-de-tours-le-26-septembre-2025-n24-05304\\\/\"},\"author\":{\"name\":\"Kohen\",\"@id\":\"https:\\\/\\\/kohenavocats.com\\\/ru\\\/#\\\/schema\\\/person\\\/761c9ba54fa1ca84d405cef0831ff751\"},\"headline\":\"Tribunal judiciaire de Tours, le 26 septembre 2025, n\u00b024\\\/05304\",\"datePublished\":\"2026-04-23T10:47:07+00:00\",\"mainEntityOfPage\":{\"@id\":\"https:\\\/\\\/kohenavocats.com\\\/ru\\\/tribunal-judiciaire-de-tours-le-26-septembre-2025-n24-05304\\\/\"},\"wordCount\":665,\"commentCount\":0,\"publisher\":{\"@id\":\"https:\\\/\\\/kohenavocats.com\\\/ru\\\/#organization\"},\"image\":{\"@id\":\"https:\\\/\\\/kohenavocats.com\\\/ru\\\/tribunal-judiciaire-de-tours-le-26-septembre-2025-n24-05304\\\/#primaryimage\"},\"thumbnailUrl\":\"https:\\\/\\\/kohenavocats.com\\\/wp-content\\\/uploads\\\/2024\\\/11\\\/alex-shuper-EpYGXgIeTTQ-unsplash.webp\",\"articleSection\":[\"Jurisprudence\"],\"inLanguage\":\"ru-RU\",\"potentialAction\":[{\"@type\":\"CommentAction\",\"name\":\"Comment\",\"target\":[\"https:\\\/\\\/kohenavocats.com\\\/ru\\\/tribunal-judiciaire-de-tours-le-26-septembre-2025-n24-05304\\\/#respond\"]}],\"citation\":\"Tribunal judiciaire de Tours, le 26 septembre 2025, n\u00b024\\\/05304\",\"about\":[{\"@type\":\"Thing\",\"name\":\"Jurisprudence\"}],\"dateModified\":\"2026-04-23T10:47:07+00:00\",\"speakable\":{\"@type\":\"SpeakableSpecification\",\"cssSelector\":[\".article-content > p:first-of-type\"]}},{\"@type\":\"WebPage\",\"@id\":\"https:\\\/\\\/kohenavocats.com\\\/ru\\\/tribunal-judiciaire-de-tours-le-26-septembre-2025-n24-05304\\\/\",\"url\":\"https:\\\/\\\/kohenavocats.com\\\/ru\\\/tribunal-judiciaire-de-tours-le-26-septembre-2025-n24-05304\\\/\",\"name\":\"Tribunal judiciaire de Tours, le 26 septembre 2025, n\u00b024\\\/05304 - Ma\u00eetre Hassan Kohen, avocat en droit p\u00e9nal \u00e0 Paris\",\"isPartOf\":{\"@id\":\"https:\\\/\\\/kohenavocats.com\\\/ru\\\/#website\"},\"primaryImageOfPage\":{\"@id\":\"https:\\\/\\\/kohenavocats.com\\\/ru\\\/tribunal-judiciaire-de-tours-le-26-septembre-2025-n24-05304\\\/#primaryimage\"},\"image\":{\"@id\":\"https:\\\/\\\/kohenavocats.com\\\/ru\\\/tribunal-judiciaire-de-tours-le-26-septembre-2025-n24-05304\\\/#primaryimage\"},\"thumbnailUrl\":\"https:\\\/\\\/kohenavocats.com\\\/wp-content\\\/uploads\\\/2024\\\/11\\\/alex-shuper-EpYGXgIeTTQ-unsplash.webp\",\"datePublished\":\"2026-04-23T10:47:07+00:00\",\"description\":\"Le tribunal judiciaire de Tours, statuant en premier ressort le 26 septembre 2025, se prononce sur une demande en r\u00e9siliation de bail pour impay\u00e9s. Le baille...\",\"breadcrumb\":{\"@id\":\"https:\\\/\\\/kohenavocats.com\\\/ru\\\/tribunal-judiciaire-de-tours-le-26-septembre-2025-n24-05304\\\/#breadcrumb\"},\"inLanguage\":\"ru-RU\",\"potentialAction\":[{\"@type\":\"ReadAction\",\"target\":[\"https:\\\/\\\/kohenavocats.com\\\/ru\\\/tribunal-judiciaire-de-tours-le-26-septembre-2025-n24-05304\\\/\"]}]},{\"@type\":\"ImageObject\",\"inLanguage\":\"ru-RU\",\"@id\":\"https:\\\/\\\/kohenavocats.com\\\/ru\\\/tribunal-judiciaire-de-tours-le-26-septembre-2025-n24-05304\\\/#primaryimage\",\"url\":\"https:\\\/\\\/kohenavocats.com\\\/wp-content\\\/uploads\\\/2024\\\/11\\\/alex-shuper-EpYGXgIeTTQ-unsplash.webp\",\"contentUrl\":\"https:\\\/\\\/kohenavocats.com\\\/wp-content\\\/uploads\\\/2024\\\/11\\\/alex-shuper-EpYGXgIeTTQ-unsplash.webp\",\"width\":6000,\"height\":4000},{\"@type\":\"BreadcrumbList\",\"@id\":\"https:\\\/\\\/kohenavocats.com\\\/ru\\\/tribunal-judiciaire-de-tours-le-26-septembre-2025-n24-05304\\\/#breadcrumb\",\"itemListElement\":[{\"@type\":\"ListItem\",\"position\":1,\"name\":\"Home\",\"item\":\"https:\\\/\\\/kohenavocats.com\\\/ru\\\/avocats-en-droit-penal-a-paris-conseil-et-defense-strategique\\\/\"},{\"@type\":\"ListItem\",\"position\":2,\"name\":\"Tribunal judiciaire de Tours, le 26 septembre 2025, n\u00b024\\\/05304\"}]},{\"@type\":\"WebSite\",\"@id\":\"https:\\\/\\\/kohenavocats.com\\\/ru\\\/#website\",\"url\":\"https:\\\/\\\/kohenavocats.com\\\/ru\\\/\",\"name\":\"Kohen Avocats\",\"description\":\"Ma\u00eetre Hassan Kohen, avocat p\u00e9naliste \u00e0 Paris, intervient exclusivement en droit p\u00e9nal pour la d\u00e9fense des particuliers, notamment en mati\u00e8re d\u2019accusations de viol. Il assure un accompagnement rigoureux d\u00e8s la garde \u00e0 vue jusqu\u2019\u00e0 la Cour d\u2019assises, veillant au strict respect des garanties proc\u00e9durales.\",\"publisher\":{\"@id\":\"https:\\\/\\\/kohenavocats.com\\\/ru\\\/#organization\"},\"potentialAction\":[{\"@type\":\"SearchAction\",\"target\":{\"@type\":\"EntryPoint\",\"urlTemplate\":\"https:\\\/\\\/kohenavocats.com\\\/ru\\\/?s={search_term_string}\"},\"query-input\":{\"@type\":\"PropertyValueSpecification\",\"valueRequired\":true,\"valueName\":\"search_term_string\"}}],\"inLanguage\":\"ru-RU\"},{\"@type\":\"Organization\",\"@id\":\"https:\\\/\\\/kohenavocats.com\\\/ru\\\/#organization\",\"name\":\"Kohen Avocats\",\"url\":\"https:\\\/\\\/kohenavocats.com\\\/ru\\\/\",\"logo\":{\"@type\":\"ImageObject\",\"inLanguage\":\"ru-RU\",\"@id\":\"https:\\\/\\\/kohenavocats.com\\\/ru\\\/#\\\/schema\\\/logo\\\/image\\\/\",\"url\":\"https:\\\/\\\/kohenavocats.com\\\/wp-content\\\/uploads\\\/2026\\\/01\\\/Logo-2-1.webp\",\"contentUrl\":\"https:\\\/\\\/kohenavocats.com\\\/wp-content\\\/uploads\\\/2026\\\/01\\\/Logo-2-1.webp\",\"width\":2114,\"height\":1253,\"caption\":\"Kohen Avocats\"},\"image\":{\"@id\":\"https:\\\/\\\/kohenavocats.com\\\/ru\\\/#\\\/schema\\\/logo\\\/image\\\/\"}},{\"@type\":\"Person\",\"@id\":\"https:\\\/\\\/kohenavocats.com\\\/ru\\\/#\\\/schema\\\/person\\\/761c9ba54fa1ca84d405cef0831ff751\",\"name\":\"Kohen\",\"image\":{\"@type\":\"ImageObject\",\"inLanguage\":\"ru-RU\",\"@id\":\"https:\\\/\\\/secure.gravatar.com\\\/avatar\\\/1c5e76ef76bbbfdd2b4da984e2bf2fa4056fd51a27d25ce2c332047f1dfd6e00?s=96&d=identicon&r=g\",\"url\":\"https:\\\/\\\/secure.gravatar.com\\\/avatar\\\/1c5e76ef76bbbfdd2b4da984e2bf2fa4056fd51a27d25ce2c332047f1dfd6e00?s=96&d=identicon&r=g\",\"contentUrl\":\"https:\\\/\\\/secure.gravatar.com\\\/avatar\\\/1c5e76ef76bbbfdd2b4da984e2bf2fa4056fd51a27d25ce2c332047f1dfd6e00?s=96&d=identicon&r=g\",\"caption\":\"Kohen\"},\"sameAs\":[\"https:\\\/\\\/www.linkedin.com\\\/in\\\/hassan-kohen-448548192\\\/\",\"https:\\\/\\\/www.youtube.com\\\/@Kohen-Avocats\"],\"url\":\"https:\\\/\\\/kohenavocats.com\\\/ru\\\/author\\\/kohenmlk\\\/\"}]}<\/script>\n<!-- \/ Yoast SEO Premium plugin. -->","yoast_head_json":{"title":"Tribunal judiciaire de Tours, le 26 septembre 2025, n\u00b024\/05304 - Ma\u00eetre Hassan Kohen, avocat en droit p\u00e9nal \u00e0 Paris","description":"Le tribunal judiciaire de Tours, statuant en premier ressort le 26 septembre 2025, se prononce sur une demande en r\u00e9siliation de bail pour impay\u00e9s. Le baille...","robots":{"index":"index","follow":"follow","max-snippet":"max-snippet:-1","max-image-preview":"max-image-preview:large","max-video-preview":"max-video-preview:-1"},"canonical":"https:\/\/kohenavocats.com\/ru\/tribunal-judiciaire-de-tours-le-26-septembre-2025-n24-05304\/","og_locale":"ru_RU","og_type":"article","og_title":"Tribunal judiciaire de Tours, le 26 septembre 2025, n\u00b024\/05304","og_description":"Le tribunal judiciaire de Tours, statuant en premier ressort le 26 septembre 2025, se prononce sur une demande en r\u00e9siliation de bail pour impay\u00e9s. Le baille...","og_url":"https:\/\/kohenavocats.com\/ru\/tribunal-judiciaire-de-tours-le-26-septembre-2025-n24-05304\/","og_site_name":"Ma\u00eetre Hassan Kohen, avocat en droit p\u00e9nal \u00e0 Paris","article_published_time":"2026-04-23T10:47:07+00:00","og_image":[{"width":6000,"height":4000,"url":"https:\/\/kohenavocats.com\/wp-content\/uploads\/2024\/11\/alex-shuper-EpYGXgIeTTQ-unsplash.webp","type":"image\/webp"}],"author":"Kohen","twitter_card":"summary_large_image","twitter_misc":{"\u041d\u0430\u043f\u0438\u0441\u0430\u043d\u043e \u0430\u0432\u0442\u043e\u0440\u043e\u043c":"Kohen","\u041f\u0440\u0438\u043c\u0435\u0440\u043d\u043e\u0435 \u0432\u0440\u0435\u043c\u044f \u0434\u043b\u044f \u0447\u0442\u0435\u043d\u0438\u044f":"3 \u043c\u0438\u043d\u0443\u0442\u044b"},"schema":{"@context":"https:\/\/schema.org","@graph":[{"@type":"Article","@id":"https:\/\/kohenavocats.com\/ru\/tribunal-judiciaire-de-tours-le-26-septembre-2025-n24-05304\/#article","isPartOf":{"@id":"https:\/\/kohenavocats.com\/ru\/tribunal-judiciaire-de-tours-le-26-septembre-2025-n24-05304\/"},"author":{"name":"Kohen","@id":"https:\/\/kohenavocats.com\/ru\/#\/schema\/person\/761c9ba54fa1ca84d405cef0831ff751"},"headline":"Tribunal judiciaire de Tours, le 26 septembre 2025, n\u00b024\/05304","datePublished":"2026-04-23T10:47:07+00:00","mainEntityOfPage":{"@id":"https:\/\/kohenavocats.com\/ru\/tribunal-judiciaire-de-tours-le-26-septembre-2025-n24-05304\/"},"wordCount":665,"commentCount":0,"publisher":{"@id":"https:\/\/kohenavocats.com\/ru\/#organization"},"image":{"@id":"https:\/\/kohenavocats.com\/ru\/tribunal-judiciaire-de-tours-le-26-septembre-2025-n24-05304\/#primaryimage"},"thumbnailUrl":"https:\/\/kohenavocats.com\/wp-content\/uploads\/2024\/11\/alex-shuper-EpYGXgIeTTQ-unsplash.webp","articleSection":["Jurisprudence"],"inLanguage":"ru-RU","potentialAction":[{"@type":"CommentAction","name":"Comment","target":["https:\/\/kohenavocats.com\/ru\/tribunal-judiciaire-de-tours-le-26-septembre-2025-n24-05304\/#respond"]}],"citation":"Tribunal judiciaire de Tours, le 26 septembre 2025, n\u00b024\/05304","about":[{"@type":"Thing","name":"Jurisprudence"}],"dateModified":"2026-04-23T10:47:07+00:00","speakable":{"@type":"SpeakableSpecification","cssSelector":[".article-content > p:first-of-type"]}},{"@type":"WebPage","@id":"https:\/\/kohenavocats.com\/ru\/tribunal-judiciaire-de-tours-le-26-septembre-2025-n24-05304\/","url":"https:\/\/kohenavocats.com\/ru\/tribunal-judiciaire-de-tours-le-26-septembre-2025-n24-05304\/","name":"Tribunal judiciaire de Tours, le 26 septembre 2025, n\u00b024\/05304 - Ma\u00eetre Hassan Kohen, avocat en droit p\u00e9nal \u00e0 Paris","isPartOf":{"@id":"https:\/\/kohenavocats.com\/ru\/#website"},"primaryImageOfPage":{"@id":"https:\/\/kohenavocats.com\/ru\/tribunal-judiciaire-de-tours-le-26-septembre-2025-n24-05304\/#primaryimage"},"image":{"@id":"https:\/\/kohenavocats.com\/ru\/tribunal-judiciaire-de-tours-le-26-septembre-2025-n24-05304\/#primaryimage"},"thumbnailUrl":"https:\/\/kohenavocats.com\/wp-content\/uploads\/2024\/11\/alex-shuper-EpYGXgIeTTQ-unsplash.webp","datePublished":"2026-04-23T10:47:07+00:00","description":"Le tribunal judiciaire de Tours, statuant en premier ressort le 26 septembre 2025, se prononce sur une demande en r\u00e9siliation de bail pour impay\u00e9s. Le baille...","breadcrumb":{"@id":"https:\/\/kohenavocats.com\/ru\/tribunal-judiciaire-de-tours-le-26-septembre-2025-n24-05304\/#breadcrumb"},"inLanguage":"ru-RU","potentialAction":[{"@type":"ReadAction","target":["https:\/\/kohenavocats.com\/ru\/tribunal-judiciaire-de-tours-le-26-septembre-2025-n24-05304\/"]}]},{"@type":"ImageObject","inLanguage":"ru-RU","@id":"https:\/\/kohenavocats.com\/ru\/tribunal-judiciaire-de-tours-le-26-septembre-2025-n24-05304\/#primaryimage","url":"https:\/\/kohenavocats.com\/wp-content\/uploads\/2024\/11\/alex-shuper-EpYGXgIeTTQ-unsplash.webp","contentUrl":"https:\/\/kohenavocats.com\/wp-content\/uploads\/2024\/11\/alex-shuper-EpYGXgIeTTQ-unsplash.webp","width":6000,"height":4000},{"@type":"BreadcrumbList","@id":"https:\/\/kohenavocats.com\/ru\/tribunal-judiciaire-de-tours-le-26-septembre-2025-n24-05304\/#breadcrumb","itemListElement":[{"@type":"ListItem","position":1,"name":"Home","item":"https:\/\/kohenavocats.com\/ru\/avocats-en-droit-penal-a-paris-conseil-et-defense-strategique\/"},{"@type":"ListItem","position":2,"name":"Tribunal judiciaire de Tours, le 26 septembre 2025, n\u00b024\/05304"}]},{"@type":"WebSite","@id":"https:\/\/kohenavocats.com\/ru\/#website","url":"https:\/\/kohenavocats.com\/ru\/","name":"Kohen Avocats","description":"Ma\u00eetre Hassan Kohen, avocat p\u00e9naliste \u00e0 Paris, intervient exclusivement en droit p\u00e9nal pour la d\u00e9fense des particuliers, notamment en mati\u00e8re d\u2019accusations de viol. Il assure un accompagnement rigoureux d\u00e8s la garde \u00e0 vue jusqu\u2019\u00e0 la Cour d\u2019assises, veillant au strict respect des garanties proc\u00e9durales.","publisher":{"@id":"https:\/\/kohenavocats.com\/ru\/#organization"},"potentialAction":[{"@type":"SearchAction","target":{"@type":"EntryPoint","urlTemplate":"https:\/\/kohenavocats.com\/ru\/?s={search_term_string}"},"query-input":{"@type":"PropertyValueSpecification","valueRequired":true,"valueName":"search_term_string"}}],"inLanguage":"ru-RU"},{"@type":"Organization","@id":"https:\/\/kohenavocats.com\/ru\/#organization","name":"Kohen Avocats","url":"https:\/\/kohenavocats.com\/ru\/","logo":{"@type":"ImageObject","inLanguage":"ru-RU","@id":"https:\/\/kohenavocats.com\/ru\/#\/schema\/logo\/image\/","url":"https:\/\/kohenavocats.com\/wp-content\/uploads\/2026\/01\/Logo-2-1.webp","contentUrl":"https:\/\/kohenavocats.com\/wp-content\/uploads\/2026\/01\/Logo-2-1.webp","width":2114,"height":1253,"caption":"Kohen Avocats"},"image":{"@id":"https:\/\/kohenavocats.com\/ru\/#\/schema\/logo\/image\/"}},{"@type":"Person","@id":"https:\/\/kohenavocats.com\/ru\/#\/schema\/person\/761c9ba54fa1ca84d405cef0831ff751","name":"Kohen","image":{"@type":"ImageObject","inLanguage":"ru-RU","@id":"https:\/\/secure.gravatar.com\/avatar\/1c5e76ef76bbbfdd2b4da984e2bf2fa4056fd51a27d25ce2c332047f1dfd6e00?s=96&d=identicon&r=g","url":"https:\/\/secure.gravatar.com\/avatar\/1c5e76ef76bbbfdd2b4da984e2bf2fa4056fd51a27d25ce2c332047f1dfd6e00?s=96&d=identicon&r=g","contentUrl":"https:\/\/secure.gravatar.com\/avatar\/1c5e76ef76bbbfdd2b4da984e2bf2fa4056fd51a27d25ce2c332047f1dfd6e00?s=96&d=identicon&r=g","caption":"Kohen"},"sameAs":["https:\/\/www.linkedin.com\/in\/hassan-kohen-448548192\/","https:\/\/www.youtube.com\/@Kohen-Avocats"],"url":"https:\/\/kohenavocats.com\/ru\/author\/kohenmlk\/"}]}},"jetpack_featured_media_url":"https:\/\/kohenavocats.com\/wp-content\/uploads\/2024\/11\/alex-shuper-EpYGXgIeTTQ-unsplash.webp","jetpack_likes_enabled":false,"jetpack_shortlink":"https:\/\/wp.me\/peCrII-2Ltv","jetpack-related-posts":[{"id":659479,"url":"https:\/\/kohenavocats.com\/ru\/tribunal-judiciaire-de-tours-le-26-septembre-2025-n24-05046\/","url_meta":{"origin":659153,"position":0},"title":"Tribunal judiciaire de Tours, le 26 septembre 2025, n\u00b024\/05046","author":"Kohen","date":"23.04.2026","format":false,"excerpt":"Le tribunal judiciaire de Tours, statuant le 26 septembre 2025, examine une demande en r\u00e9siliation de bail pour impay\u00e9s. Le bailleur, apr\u00e8s un commandement d...","rel":"","context":"\u0412 &quot;Jurisprudence&quot;","block_context":{"text":"Jurisprudence","link":"https:\/\/kohenavocats.com\/category\/jurisprudence\/"},"img":{"alt_text":"","src":"https:\/\/i0.wp.com\/kohenavocats.com\/wp-content\/uploads\/2024\/11\/levi-meir-clancy-7G0nL85xi-w-unsplash.webp?resize=350%2C200&ssl=1","width":350,"height":200,"srcset":"https:\/\/i0.wp.com\/kohenavocats.com\/wp-content\/uploads\/2024\/11\/levi-meir-clancy-7G0nL85xi-w-unsplash.webp?resize=350%2C200&ssl=1 1x, https:\/\/i0.wp.com\/kohenavocats.com\/wp-content\/uploads\/2024\/11\/levi-meir-clancy-7G0nL85xi-w-unsplash.webp?resize=525%2C300&ssl=1 1.5x, https:\/\/i0.wp.com\/kohenavocats.com\/wp-content\/uploads\/2024\/11\/levi-meir-clancy-7G0nL85xi-w-unsplash.webp?resize=700%2C400&ssl=1 2x, https:\/\/i0.wp.com\/kohenavocats.com\/wp-content\/uploads\/2024\/11\/levi-meir-clancy-7G0nL85xi-w-unsplash.webp?resize=1050%2C600&ssl=1 3x, https:\/\/i0.wp.com\/kohenavocats.com\/wp-content\/uploads\/2024\/11\/levi-meir-clancy-7G0nL85xi-w-unsplash.webp?resize=1400%2C800&ssl=1 4x"},"classes":[]},{"id":659568,"url":"https:\/\/kohenavocats.com\/ru\/tribunal-judiciaire-de-tours-le-26-septembre-2025-n24-05286\/","url_meta":{"origin":659153,"position":1},"title":"Tribunal judiciaire de Tours, le 26 septembre 2025, n\u00b024\/05286","author":"Kohen","date":"23.04.2026","format":false,"excerpt":"Le tribunal judiciaire de Tours, statuant en premier ressort le 26 septembre 2025, se prononce sur une demande en r\u00e9siliation de bail pour impay\u00e9s. Le baille...","rel":"","context":"\u0412 &quot;Jurisprudence&quot;","block_context":{"text":"Jurisprudence","link":"https:\/\/kohenavocats.com\/category\/jurisprudence\/"},"img":{"alt_text":"","src":"https:\/\/i0.wp.com\/kohenavocats.com\/wp-content\/uploads\/2024\/07\/louis-velazquez-XWW746i6WoM-unsplash.webp?resize=350%2C200&ssl=1","width":350,"height":200,"srcset":"https:\/\/i0.wp.com\/kohenavocats.com\/wp-content\/uploads\/2024\/07\/louis-velazquez-XWW746i6WoM-unsplash.webp?resize=350%2C200&ssl=1 1x, https:\/\/i0.wp.com\/kohenavocats.com\/wp-content\/uploads\/2024\/07\/louis-velazquez-XWW746i6WoM-unsplash.webp?resize=525%2C300&ssl=1 1.5x, https:\/\/i0.wp.com\/kohenavocats.com\/wp-content\/uploads\/2024\/07\/louis-velazquez-XWW746i6WoM-unsplash.webp?resize=700%2C400&ssl=1 2x, https:\/\/i0.wp.com\/kohenavocats.com\/wp-content\/uploads\/2024\/07\/louis-velazquez-XWW746i6WoM-unsplash.webp?resize=1050%2C600&ssl=1 3x, https:\/\/i0.wp.com\/kohenavocats.com\/wp-content\/uploads\/2024\/07\/louis-velazquez-XWW746i6WoM-unsplash.webp?resize=1400%2C800&ssl=1 4x"},"classes":[]},{"id":659502,"url":"https:\/\/kohenavocats.com\/ru\/tribunal-judiciaire-de-tours-le-26-septembre-2025-n24-05235\/","url_meta":{"origin":659153,"position":2},"title":"Tribunal judiciaire de Tours, le 26 septembre 2025, n\u00b024\/05235","author":"Kohen","date":"23.04.2026","format":false,"excerpt":"Le tribunal judiciaire de Tours, statuant en mati\u00e8re de contentieux de la protection, a rendu un jugement le 26 septembre 2025. Un organisme public de l'habi...","rel":"","context":"\u0412 &quot;Jurisprudence&quot;","block_context":{"text":"Jurisprudence","link":"https:\/\/kohenavocats.com\/category\/jurisprudence\/"},"img":{"alt_text":"","src":"https:\/\/i0.wp.com\/kohenavocats.com\/wp-content\/uploads\/2024\/08\/diogo-nunes-bNEaIT3HIMk-unsplash.webp?resize=350%2C200&ssl=1","width":350,"height":200,"srcset":"https:\/\/i0.wp.com\/kohenavocats.com\/wp-content\/uploads\/2024\/08\/diogo-nunes-bNEaIT3HIMk-unsplash.webp?resize=350%2C200&ssl=1 1x, https:\/\/i0.wp.com\/kohenavocats.com\/wp-content\/uploads\/2024\/08\/diogo-nunes-bNEaIT3HIMk-unsplash.webp?resize=525%2C300&ssl=1 1.5x, https:\/\/i0.wp.com\/kohenavocats.com\/wp-content\/uploads\/2024\/08\/diogo-nunes-bNEaIT3HIMk-unsplash.webp?resize=700%2C400&ssl=1 2x, https:\/\/i0.wp.com\/kohenavocats.com\/wp-content\/uploads\/2024\/08\/diogo-nunes-bNEaIT3HIMk-unsplash.webp?resize=1050%2C600&ssl=1 3x, https:\/\/i0.wp.com\/kohenavocats.com\/wp-content\/uploads\/2024\/08\/diogo-nunes-bNEaIT3HIMk-unsplash.webp?resize=1400%2C800&ssl=1 4x"},"classes":[]},{"id":660015,"url":"https:\/\/kohenavocats.com\/ru\/tribunal-judiciaire-de-tours-le-26-septembre-2025-n25-00624\/","url_meta":{"origin":659153,"position":3},"title":"Tribunal judiciaire de Tours, le 26 septembre 2025, n\u00b025\/00624","author":"Kohen","date":"23.04.2026","format":false,"excerpt":"Le Tribunal judiciaire de Tours, statuant en mati\u00e8re de contentieux de la protection, a rendu un jugement le 26 septembre 2025. Des bailleurs indivis ont ass...","rel":"","context":"\u0412 &quot;Jurisprudence&quot;","block_context":{"text":"Jurisprudence","link":"https:\/\/kohenavocats.com\/category\/jurisprudence\/"},"img":{"alt_text":"","src":"https:\/\/i0.wp.com\/kohenavocats.com\/wp-content\/uploads\/2024\/11\/cash-macanaya-nv3Z-1Nsd3g-unsplash.webp?resize=350%2C200&ssl=1","width":350,"height":200,"srcset":"https:\/\/i0.wp.com\/kohenavocats.com\/wp-content\/uploads\/2024\/11\/cash-macanaya-nv3Z-1Nsd3g-unsplash.webp?resize=350%2C200&ssl=1 1x, https:\/\/i0.wp.com\/kohenavocats.com\/wp-content\/uploads\/2024\/11\/cash-macanaya-nv3Z-1Nsd3g-unsplash.webp?resize=525%2C300&ssl=1 1.5x, https:\/\/i0.wp.com\/kohenavocats.com\/wp-content\/uploads\/2024\/11\/cash-macanaya-nv3Z-1Nsd3g-unsplash.webp?resize=700%2C400&ssl=1 2x, https:\/\/i0.wp.com\/kohenavocats.com\/wp-content\/uploads\/2024\/11\/cash-macanaya-nv3Z-1Nsd3g-unsplash.webp?resize=1050%2C600&ssl=1 3x, https:\/\/i0.wp.com\/kohenavocats.com\/wp-content\/uploads\/2024\/11\/cash-macanaya-nv3Z-1Nsd3g-unsplash.webp?resize=1400%2C800&ssl=1 4x"},"classes":[]},{"id":660007,"url":"https:\/\/kohenavocats.com\/ru\/tribunal-judiciaire-de-tours-le-26-septembre-2025-n24-05114\/","url_meta":{"origin":659153,"position":4},"title":"Tribunal judiciaire de Tours, le 26 septembre 2025, n\u00b024\/05114","author":"Kohen","date":"23.04.2026","format":false,"excerpt":"Le Tribunal judiciaire de Tours, statuant en mati\u00e8re de contentieux de la protection, a rendu un jugement le 26 septembre 2025. Le bailleur demandait la r\u00e9si...","rel":"","context":"\u0412 &quot;Jurisprudence&quot;","block_context":{"text":"Jurisprudence","link":"https:\/\/kohenavocats.com\/category\/jurisprudence\/"},"img":{"alt_text":"","src":"https:\/\/i0.wp.com\/kohenavocats.com\/wp-content\/uploads\/2024\/08\/mathias-reding-Fv_rvhKNXN0-unsplash.webp?resize=350%2C200&ssl=1","width":350,"height":200,"srcset":"https:\/\/i0.wp.com\/kohenavocats.com\/wp-content\/uploads\/2024\/08\/mathias-reding-Fv_rvhKNXN0-unsplash.webp?resize=350%2C200&ssl=1 1x, https:\/\/i0.wp.com\/kohenavocats.com\/wp-content\/uploads\/2024\/08\/mathias-reding-Fv_rvhKNXN0-unsplash.webp?resize=525%2C300&ssl=1 1.5x, https:\/\/i0.wp.com\/kohenavocats.com\/wp-content\/uploads\/2024\/08\/mathias-reding-Fv_rvhKNXN0-unsplash.webp?resize=700%2C400&ssl=1 2x, https:\/\/i0.wp.com\/kohenavocats.com\/wp-content\/uploads\/2024\/08\/mathias-reding-Fv_rvhKNXN0-unsplash.webp?resize=1050%2C600&ssl=1 3x, https:\/\/i0.wp.com\/kohenavocats.com\/wp-content\/uploads\/2024\/08\/mathias-reding-Fv_rvhKNXN0-unsplash.webp?resize=1400%2C800&ssl=1 4x"},"classes":[]},{"id":659138,"url":"https:\/\/kohenavocats.com\/ru\/tribunal-judiciaire-de-tours-le-26-septembre-2025-n24-05113\/","url_meta":{"origin":659153,"position":5},"title":"Tribunal judiciaire de Tours, le 26 septembre 2025, n\u00b024\/05113","author":"Kohen","date":"23.04.2026","format":false,"excerpt":"Le tribunal judiciaire de Tours, statuant en mati\u00e8re de contentieux de la protection, a rendu un jugement le 26 septembre 2025. Le bailleur demandait la r\u00e9si...","rel":"","context":"\u0412 &quot;Jurisprudence&quot;","block_context":{"text":"Jurisprudence","link":"https:\/\/kohenavocats.com\/category\/jurisprudence\/"},"img":{"alt_text":"","src":"https:\/\/i0.wp.com\/kohenavocats.com\/wp-content\/uploads\/2024\/08\/philippe-oursel-qtRnYktkhxw-unsplash.webp?resize=350%2C200&ssl=1","width":350,"height":200,"srcset":"https:\/\/i0.wp.com\/kohenavocats.com\/wp-content\/uploads\/2024\/08\/philippe-oursel-qtRnYktkhxw-unsplash.webp?resize=350%2C200&ssl=1 1x, https:\/\/i0.wp.com\/kohenavocats.com\/wp-content\/uploads\/2024\/08\/philippe-oursel-qtRnYktkhxw-unsplash.webp?resize=525%2C300&ssl=1 1.5x, https:\/\/i0.wp.com\/kohenavocats.com\/wp-content\/uploads\/2024\/08\/philippe-oursel-qtRnYktkhxw-unsplash.webp?resize=700%2C400&ssl=1 2x, https:\/\/i0.wp.com\/kohenavocats.com\/wp-content\/uploads\/2024\/08\/philippe-oursel-qtRnYktkhxw-unsplash.webp?resize=1050%2C600&ssl=1 3x, https:\/\/i0.wp.com\/kohenavocats.com\/wp-content\/uploads\/2024\/08\/philippe-oursel-qtRnYktkhxw-unsplash.webp?resize=1400%2C800&ssl=1 4x"},"classes":[]}],"jetpack_sharing_enabled":true,"_links":{"self":[{"href":"https:\/\/kohenavocats.com\/ru\/wp-json\/wp\/v2\/posts\/659153","targetHints":{"allow":["GET"]}}],"collection":[{"href":"https:\/\/kohenavocats.com\/ru\/wp-json\/wp\/v2\/posts"}],"about":[{"href":"https:\/\/kohenavocats.com\/ru\/wp-json\/wp\/v2\/types\/post"}],"author":[{"embeddable":true,"href":"https:\/\/kohenavocats.com\/ru\/wp-json\/wp\/v2\/users\/232070755"}],"replies":[{"embeddable":true,"href":"https:\/\/kohenavocats.com\/ru\/wp-json\/wp\/v2\/comments?post=659153"}],"version-history":[{"count":0,"href":"https:\/\/kohenavocats.com\/ru\/wp-json\/wp\/v2\/posts\/659153\/revisions"}],"wp:featuredmedia":[{"embeddable":true,"href":"https:\/\/kohenavocats.com\/ru\/wp-json\/wp\/v2\/media\/9673"}],"wp:attachment":[{"href":"https:\/\/kohenavocats.com\/ru\/wp-json\/wp\/v2\/media?parent=659153"}],"wp:term":[{"taxonomy":"category","embeddable":true,"href":"https:\/\/kohenavocats.com\/ru\/wp-json\/wp\/v2\/categories?post=659153"},{"taxonomy":"post_tag","embeddable":true,"href":"https:\/\/kohenavocats.com\/ru\/wp-json\/wp\/v2\/tags?post=659153"}],"curies":[{"name":"wp","href":"https:\/\/api.w.org\/{rel}","templated":true}]}}