{"id":659655,"date":"2026-04-23T13:41:04","date_gmt":"2026-04-23T11:41:04","guid":{"rendered":"https:\/\/kohenavocats.com\/tribunal-judiciaire-de-caen-le-25-novembre-2025-n24-00608\/"},"modified":"2026-04-23T13:41:04","modified_gmt":"2026-04-23T11:41:04","slug":"tribunal-judiciaire-de-caen-le-25-novembre-2025-n24-00608","status":"publish","type":"post","link":"https:\/\/kohenavocats.com\/ru\/tribunal-judiciaire-de-caen-le-25-novembre-2025-n24-00608\/","title":{"rendered":"Tribunal judiciaire de Caen, le 25 novembre 2025, n\u00b024\/00608"},"content":{"rendered":"<div class=\"article-content\">\n<p>Le tribunal judiciaire de Caen, statuant en premier ressort, a rendu un jugement le 25 novembre 2025. L&#8217;affaire concernait le recouvrement d&#8217;un indu d&#8217;allocation de solidarit\u00e9 aux personnes \u00e2g\u00e9es. La juridiction a d&#8217;abord d\u00e9clar\u00e9 irrecevable un recours amiable pour forclusion. Elle a ensuite rejet\u00e9 l&#8217;exception de prescription soulev\u00e9e par la b\u00e9n\u00e9ficiaire, retenant la qualification de fraude. Le tribunal a finalement condamn\u00e9 la requ\u00e9rante au remboursement int\u00e9gral des sommes ind\u00fbment per\u00e7ues sur une p\u00e9riode de pr\u00e8s de quatorze ans.<\/p>\n<p>La rigueur des d\u00e9lais de recours<\/p>\n<p>Le respect des d\u00e9lais proc\u00e9duraux est strictement exig\u00e9 pour les recours amiables. La notification de la d\u00e9cision initiale fait courir un d\u00e9lai de recours imp\u00e9ratif. Ce d\u00e9lai ne peut \u00eatre oppos\u00e9 sous forme de forclusion que si la notification en porte mention expresse. En l&#8217;esp\u00e8ce, la lettre recommand\u00e9e notifiant la d\u00e9cision a \u00e9t\u00e9 re\u00e7ue le 5 juin 2024. Le recours amiable, form\u00e9 par courrier dat\u00e9 du 6 ao\u00fbt 2024, \u00e9tait donc tardif d&#8217;un seul jour. La juridiction a ainsi d\u00e9clar\u00e9 ce recours irrecevable, soulignant que la notification indiquait r\u00e9guli\u00e8rement le d\u00e9lai de deux mois. Cette solution rappelle le caract\u00e8re d&#8217;ordre public des d\u00e9lais forclusifs en mati\u00e8re de contentieux social. Elle garantit la s\u00e9curit\u00e9 juridique et l&#8217;efficacit\u00e9 des proc\u00e9dures administratives.<\/p>\n<p>La sanction des omissions d\u00e9claratives<\/p>\n<p>La r\u00e9gularit\u00e9 des proc\u00e9dures de recouvrement d\u00e9pend du point de d\u00e9part du d\u00e9lai de prescription. L&#8217;article L. 553-1 du code de la s\u00e9curit\u00e9 sociale pr\u00e9voit un d\u00e9lai de deux ans, sauf en cas de fraude ou fausse d\u00e9claration o\u00f9 il est port\u00e9 \u00e0 cinq ans. &#171;La prescription est interrompue par une des causes pr\u00e9vues par le code civil&#187; (Motifs). L&#8217;interruption peut notamment r\u00e9sulter de l&#8217;envoi d&#8217;une lettre recommand\u00e9e. La jurisprudence rappelle que &#171;l&#8217;envoi par la caisse d\u2019une r\u00e9clamation par lettre recommand\u00e9e avec accus\u00e9 de r\u00e9ception en vue du remboursement du trop-per\u00e7u vaut commandement interruptif de prescription&#187; (Motifs). Le point de d\u00e9part de la prescription est crucial. Il se situe \u00e0 la date de paiement des prestations, sauf en cas de fraude o\u00f9 il est report\u00e9 \u00e0 la date de sa d\u00e9couverte. La cour d&#8217;appel de Paris a pr\u00e9cis\u00e9 que &#171;L&#8217;article L.133-4-6 dispose que l&#8217;interruption de la prescription peut, en outre, r\u00e9sulter de l&#8217;envoi d&#8217;une lettre recommand\u00e9e avec demande d&#8217;avis de r\u00e9ception, quels qu&#8217;en aient \u00e9t\u00e9 les modes de d\u00e9livrance&#187; (Cour d&#8217;appel de Paris, le 17 juin 2022, n\u00b019\/06286). Cette r\u00e8gle assure l&#8217;efficacit\u00e9 de l&#8217;action en recouvrement des organismes sociaux.<\/p>\n<p>La caract\u00e9risation de la fraude par un faisceau d&#8217;indices<\/p>\n<p>La qualification de fraude ou de fausse d\u00e9claration allonge le d\u00e9lai de prescription et permet un recouvrement sur une p\u00e9riode \u00e9tendue. Elle repose sur la preuve d&#8217;omissions r\u00e9p\u00e9t\u00e9es et d\u00e9lib\u00e9r\u00e9es. L&#8217;allocataire a l&#8217;obligation de d\u00e9clarer spontan\u00e9ment toutes ses ressources et tout changement de situation familiale. En l&#8217;esp\u00e8ce, la juridiction a relev\u00e9 une absence de d\u00e9claration de ressources mobili\u00e8res substantielles sur une longue p\u00e9riode. Elle a \u00e9galement constat\u00e9 l&#8217;omission d&#8217;une situation de concubinage stable, caract\u00e9ris\u00e9e par un domicile commun et une mise en commun des charges. &#171;Une vie de couple stable et continue peut \u00eatre \u00e9tablie par un faisceau d\u2019indices concordants, au nombre desquels la circonstance que les int\u00e9ress\u00e9s mettent en commun leurs ressources et leurs charges&#187; (Motifs). Ces \u00e9l\u00e9ments ont permis de retenir la fraude. Cette approche confirme que des omissions r\u00e9p\u00e9t\u00e9es, m\u00eame passives, constituent des fausses d\u00e9clarations. Elle prot\u00e8ge l&#8217;int\u00e9grit\u00e9 des r\u00e9gimes de solidarit\u00e9 nationale contre les comportements abusifs.<\/p>\n<p>Les cons\u00e9quences patrimoniales de la fraude<\/p>\n<p>La fraude a pour effet d&#8217;appliquer le d\u00e9lai de prescription de droit commun de cinq ans. Elle permet aussi de recouvrer l&#8217;indu au-del\u00e0 de la p\u00e9riode de deux ans vis\u00e9e par certains articles. La prescription extinctive de droit commun ne peut toutefois exc\u00e9der vingt ans \u00e0 compter de la naissance du droit. En l&#8217;esp\u00e8ce, la d\u00e9couverte de la frauve fin 2023 a permis une action en recouvrement dans le d\u00e9lai de cinq ans. La p\u00e9riode d&#8217;indu recouvrable a \u00e9t\u00e9 fix\u00e9e du 1er octobre 2007 au 31 mai 2021, soit pr\u00e8s de quatorze ans. Le tribunal a ainsi condamn\u00e9 la requ\u00e9rante au remboursement de la totalit\u00e9 des sommes ind\u00fbment per\u00e7ues. Cette solution d\u00e9montre la gravit\u00e9 des cons\u00e9quences financi\u00e8res de la fraude en mati\u00e8re d&#8217;aides sociales. Elle sert d&#8217;avertissement quant aux obligations d\u00e9claratives strictes qui p\u00e8sent sur les b\u00e9n\u00e9ficiaires. Le jugement assure la protection des deniers publics et le principe de solidarit\u00e9 nationale.<\/p>\n<\/div>\n","protected":false},"excerpt":{"rendered":"<p>Le tribunal judiciaire de Caen, statuant en premier ressort, a rendu un jugement le 25 novembre 2025. L&#8217;affaire concernait le recouvrement d&#8217;un indu d&#8217;alloca&#8230;<\/p>\n","protected":false},"author":232070755,"featured_media":4745,"comment_status":"open","ping_status":"open","sticky":false,"template":"","format":"standard","meta":{"_crdt_document":"","_jetpack_newsletter_access":"","_jetpack_dont_email_post_to_subs":false,"_jetpack_newsletter_tier_id":0,"_jetpack_memberships_contains_paywalled_content":false,"_kj_source_type":"judilibre","_kj_official_id":"68dae9f8763c15057e58b31f","_kj_official_url":"https:\/\/www.courdecassation.fr\/decision\/68dae9f8763c15057e58b31f","_kj_judilibre_id":"68dae9f8763c15057e58b31f","_kj_jur":"Tribunal judiciaire","_kj_lieu":"Tribunal judiciaire de Caen","_kj_chambre":"CTX PROTECTION SOCIALE","_kj_rg":"24\/00608","_kj_date":"2025-09-26","_jetpack_memberships_contains_paid_content":false,"footnotes":"","jetpack_post_was_ever_published":false},"categories":[7597],"tags":[],"class_list":["post-659655","post","type-post","status-publish","format-standard","has-post-thumbnail","hentry","category-jurisprudence"],"yoast_head":"<!-- This site is optimized with the Yoast SEO Premium plugin v27.5 (Yoast SEO v27.5) - https:\/\/yoast.com\/product\/yoast-seo-premium-wordpress\/ -->\n<title>Tribunal judiciaire de Caen, le 25 novembre 2025, n\u00b024\/00608 - Ma\u00eetre Hassan Kohen, avocat en droit p\u00e9nal \u00e0 Paris<\/title>\n<meta name=\"description\" content=\"Le tribunal judiciaire de Caen, statuant en premier ressort, a rendu un jugement le 25 novembre 2025. L&#039;affaire concernait le recouvrement d&#039;un indu d&#039;alloca...\" \/>\n<meta name=\"robots\" content=\"index, follow, max-snippet:-1, max-image-preview:large, max-video-preview:-1\" \/>\n<link rel=\"canonical\" href=\"https:\/\/kohenavocats.com\/ru\/tribunal-judiciaire-de-caen-le-25-novembre-2025-n24-00608\/\" \/>\n<meta property=\"og:locale\" content=\"ru_RU\" \/>\n<meta property=\"og:type\" content=\"article\" \/>\n<meta property=\"og:title\" content=\"Tribunal judiciaire de Caen, le 25 novembre 2025, n\u00b024\/00608\" \/>\n<meta property=\"og:description\" content=\"Le tribunal judiciaire de Caen, statuant en premier ressort, a rendu un jugement le 25 novembre 2025. L&#039;affaire concernait le recouvrement d&#039;un indu d&#039;alloca...\" \/>\n<meta property=\"og:url\" content=\"https:\/\/kohenavocats.com\/ru\/tribunal-judiciaire-de-caen-le-25-novembre-2025-n24-00608\/\" \/>\n<meta property=\"og:site_name\" content=\"Ma\u00eetre Hassan Kohen, avocat en droit p\u00e9nal \u00e0 Paris\" \/>\n<meta property=\"article:published_time\" content=\"2026-04-23T11:41:04+00:00\" \/>\n<meta property=\"og:image\" content=\"https:\/\/kohenavocats.com\/wp-content\/uploads\/2024\/08\/sarah-donisi-yf0ndtS1k-U-unsplash.webp\" \/>\n\t<meta property=\"og:image:width\" content=\"4032\" \/>\n\t<meta property=\"og:image:height\" content=\"3024\" \/>\n\t<meta property=\"og:image:type\" content=\"image\/webp\" \/>\n<meta name=\"author\" content=\"Kohen\" \/>\n<meta name=\"twitter:card\" content=\"summary_large_image\" \/>\n<meta name=\"twitter:label1\" content=\"\u041d\u0430\u043f\u0438\u0441\u0430\u043d\u043e \u0430\u0432\u0442\u043e\u0440\u043e\u043c\" \/>\n\t<meta name=\"twitter:data1\" content=\"Kohen\" \/>\n\t<meta name=\"twitter:label2\" content=\"\u041f\u0440\u0438\u043c\u0435\u0440\u043d\u043e\u0435 \u0432\u0440\u0435\u043c\u044f \u0434\u043b\u044f \u0447\u0442\u0435\u043d\u0438\u044f\" \/>\n\t<meta name=\"twitter:data2\" content=\"4 \u043c\u0438\u043d\u0443\u0442\u044b\" \/>\n<script type=\"application\/ld+json\" class=\"yoast-schema-graph\">{\"@context\":\"https:\\\/\\\/schema.org\",\"@graph\":[{\"@type\":\"Article\",\"@id\":\"https:\\\/\\\/kohenavocats.com\\\/ru\\\/tribunal-judiciaire-de-caen-le-25-novembre-2025-n24-00608\\\/#article\",\"isPartOf\":{\"@id\":\"https:\\\/\\\/kohenavocats.com\\\/ru\\\/tribunal-judiciaire-de-caen-le-25-novembre-2025-n24-00608\\\/\"},\"author\":{\"name\":\"Kohen\",\"@id\":\"https:\\\/\\\/kohenavocats.com\\\/ru\\\/#\\\/schema\\\/person\\\/761c9ba54fa1ca84d405cef0831ff751\"},\"headline\":\"Tribunal judiciaire de Caen, le 25 novembre 2025, n\u00b024\\\/00608\",\"datePublished\":\"2026-04-23T11:41:04+00:00\",\"mainEntityOfPage\":{\"@id\":\"https:\\\/\\\/kohenavocats.com\\\/ru\\\/tribunal-judiciaire-de-caen-le-25-novembre-2025-n24-00608\\\/\"},\"wordCount\":854,\"commentCount\":0,\"publisher\":{\"@id\":\"https:\\\/\\\/kohenavocats.com\\\/ru\\\/#organization\"},\"image\":{\"@id\":\"https:\\\/\\\/kohenavocats.com\\\/ru\\\/tribunal-judiciaire-de-caen-le-25-novembre-2025-n24-00608\\\/#primaryimage\"},\"thumbnailUrl\":\"https:\\\/\\\/kohenavocats.com\\\/wp-content\\\/uploads\\\/2024\\\/08\\\/sarah-donisi-yf0ndtS1k-U-unsplash.webp\",\"articleSection\":[\"Jurisprudence\"],\"inLanguage\":\"ru-RU\",\"potentialAction\":[{\"@type\":\"CommentAction\",\"name\":\"Comment\",\"target\":[\"https:\\\/\\\/kohenavocats.com\\\/ru\\\/tribunal-judiciaire-de-caen-le-25-novembre-2025-n24-00608\\\/#respond\"]}],\"citation\":\"Tribunal judiciaire de Caen, le 25 novembre 2025, n\u00b024\\\/00608\",\"about\":[{\"@type\":\"Thing\",\"name\":\"Jurisprudence\"}],\"dateModified\":\"2026-04-23T11:41:04+00:00\",\"speakable\":{\"@type\":\"SpeakableSpecification\",\"cssSelector\":[\".article-content > p:first-of-type\"]}},{\"@type\":\"WebPage\",\"@id\":\"https:\\\/\\\/kohenavocats.com\\\/ru\\\/tribunal-judiciaire-de-caen-le-25-novembre-2025-n24-00608\\\/\",\"url\":\"https:\\\/\\\/kohenavocats.com\\\/ru\\\/tribunal-judiciaire-de-caen-le-25-novembre-2025-n24-00608\\\/\",\"name\":\"Tribunal judiciaire de Caen, le 25 novembre 2025, n\u00b024\\\/00608 - Ma\u00eetre Hassan Kohen, avocat en droit p\u00e9nal \u00e0 Paris\",\"isPartOf\":{\"@id\":\"https:\\\/\\\/kohenavocats.com\\\/ru\\\/#website\"},\"primaryImageOfPage\":{\"@id\":\"https:\\\/\\\/kohenavocats.com\\\/ru\\\/tribunal-judiciaire-de-caen-le-25-novembre-2025-n24-00608\\\/#primaryimage\"},\"image\":{\"@id\":\"https:\\\/\\\/kohenavocats.com\\\/ru\\\/tribunal-judiciaire-de-caen-le-25-novembre-2025-n24-00608\\\/#primaryimage\"},\"thumbnailUrl\":\"https:\\\/\\\/kohenavocats.com\\\/wp-content\\\/uploads\\\/2024\\\/08\\\/sarah-donisi-yf0ndtS1k-U-unsplash.webp\",\"datePublished\":\"2026-04-23T11:41:04+00:00\",\"description\":\"Le tribunal judiciaire de Caen, statuant en premier ressort, a rendu un jugement le 25 novembre 2025. L'affaire concernait le recouvrement d'un indu d'alloca...\",\"breadcrumb\":{\"@id\":\"https:\\\/\\\/kohenavocats.com\\\/ru\\\/tribunal-judiciaire-de-caen-le-25-novembre-2025-n24-00608\\\/#breadcrumb\"},\"inLanguage\":\"ru-RU\",\"potentialAction\":[{\"@type\":\"ReadAction\",\"target\":[\"https:\\\/\\\/kohenavocats.com\\\/ru\\\/tribunal-judiciaire-de-caen-le-25-novembre-2025-n24-00608\\\/\"]}]},{\"@type\":\"ImageObject\",\"inLanguage\":\"ru-RU\",\"@id\":\"https:\\\/\\\/kohenavocats.com\\\/ru\\\/tribunal-judiciaire-de-caen-le-25-novembre-2025-n24-00608\\\/#primaryimage\",\"url\":\"https:\\\/\\\/kohenavocats.com\\\/wp-content\\\/uploads\\\/2024\\\/08\\\/sarah-donisi-yf0ndtS1k-U-unsplash.webp\",\"contentUrl\":\"https:\\\/\\\/kohenavocats.com\\\/wp-content\\\/uploads\\\/2024\\\/08\\\/sarah-donisi-yf0ndtS1k-U-unsplash.webp\",\"width\":4032,\"height\":3024},{\"@type\":\"BreadcrumbList\",\"@id\":\"https:\\\/\\\/kohenavocats.com\\\/ru\\\/tribunal-judiciaire-de-caen-le-25-novembre-2025-n24-00608\\\/#breadcrumb\",\"itemListElement\":[{\"@type\":\"ListItem\",\"position\":1,\"name\":\"Home\",\"item\":\"https:\\\/\\\/kohenavocats.com\\\/ru\\\/avocats-en-droit-penal-a-paris-conseil-et-defense-strategique\\\/\"},{\"@type\":\"ListItem\",\"position\":2,\"name\":\"Tribunal judiciaire de Caen, le 25 novembre 2025, n\u00b024\\\/00608\"}]},{\"@type\":\"WebSite\",\"@id\":\"https:\\\/\\\/kohenavocats.com\\\/ru\\\/#website\",\"url\":\"https:\\\/\\\/kohenavocats.com\\\/ru\\\/\",\"name\":\"Kohen Avocats\",\"description\":\"Ma\u00eetre Hassan Kohen, avocat p\u00e9naliste \u00e0 Paris, intervient exclusivement en droit p\u00e9nal pour la d\u00e9fense des particuliers, notamment en mati\u00e8re d\u2019accusations de viol. Il assure un accompagnement rigoureux d\u00e8s la garde \u00e0 vue jusqu\u2019\u00e0 la Cour d\u2019assises, veillant au strict respect des garanties proc\u00e9durales.\",\"publisher\":{\"@id\":\"https:\\\/\\\/kohenavocats.com\\\/ru\\\/#organization\"},\"potentialAction\":[{\"@type\":\"SearchAction\",\"target\":{\"@type\":\"EntryPoint\",\"urlTemplate\":\"https:\\\/\\\/kohenavocats.com\\\/ru\\\/?s={search_term_string}\"},\"query-input\":{\"@type\":\"PropertyValueSpecification\",\"valueRequired\":true,\"valueName\":\"search_term_string\"}}],\"inLanguage\":\"ru-RU\"},{\"@type\":\"Organization\",\"@id\":\"https:\\\/\\\/kohenavocats.com\\\/ru\\\/#organization\",\"name\":\"Kohen Avocats\",\"url\":\"https:\\\/\\\/kohenavocats.com\\\/ru\\\/\",\"logo\":{\"@type\":\"ImageObject\",\"inLanguage\":\"ru-RU\",\"@id\":\"https:\\\/\\\/kohenavocats.com\\\/ru\\\/#\\\/schema\\\/logo\\\/image\\\/\",\"url\":\"https:\\\/\\\/kohenavocats.com\\\/wp-content\\\/uploads\\\/2026\\\/01\\\/Logo-2-1.webp\",\"contentUrl\":\"https:\\\/\\\/kohenavocats.com\\\/wp-content\\\/uploads\\\/2026\\\/01\\\/Logo-2-1.webp\",\"width\":2114,\"height\":1253,\"caption\":\"Kohen Avocats\"},\"image\":{\"@id\":\"https:\\\/\\\/kohenavocats.com\\\/ru\\\/#\\\/schema\\\/logo\\\/image\\\/\"}},{\"@type\":\"Person\",\"@id\":\"https:\\\/\\\/kohenavocats.com\\\/ru\\\/#\\\/schema\\\/person\\\/761c9ba54fa1ca84d405cef0831ff751\",\"name\":\"Kohen\",\"image\":{\"@type\":\"ImageObject\",\"inLanguage\":\"ru-RU\",\"@id\":\"https:\\\/\\\/secure.gravatar.com\\\/avatar\\\/1c5e76ef76bbbfdd2b4da984e2bf2fa4056fd51a27d25ce2c332047f1dfd6e00?s=96&d=identicon&r=g\",\"url\":\"https:\\\/\\\/secure.gravatar.com\\\/avatar\\\/1c5e76ef76bbbfdd2b4da984e2bf2fa4056fd51a27d25ce2c332047f1dfd6e00?s=96&d=identicon&r=g\",\"contentUrl\":\"https:\\\/\\\/secure.gravatar.com\\\/avatar\\\/1c5e76ef76bbbfdd2b4da984e2bf2fa4056fd51a27d25ce2c332047f1dfd6e00?s=96&d=identicon&r=g\",\"caption\":\"Kohen\"},\"sameAs\":[\"https:\\\/\\\/www.linkedin.com\\\/in\\\/hassan-kohen-448548192\\\/\",\"https:\\\/\\\/www.youtube.com\\\/@Kohen-Avocats\"],\"url\":\"https:\\\/\\\/kohenavocats.com\\\/ru\\\/author\\\/kohenmlk\\\/\"}]}<\/script>\n<!-- \/ Yoast SEO Premium plugin. -->","yoast_head_json":{"title":"Tribunal judiciaire de Caen, le 25 novembre 2025, n\u00b024\/00608 - Ma\u00eetre Hassan Kohen, avocat en droit p\u00e9nal \u00e0 Paris","description":"Le tribunal judiciaire de Caen, statuant en premier ressort, a rendu un jugement le 25 novembre 2025. L'affaire concernait le recouvrement d'un indu d'alloca...","robots":{"index":"index","follow":"follow","max-snippet":"max-snippet:-1","max-image-preview":"max-image-preview:large","max-video-preview":"max-video-preview:-1"},"canonical":"https:\/\/kohenavocats.com\/ru\/tribunal-judiciaire-de-caen-le-25-novembre-2025-n24-00608\/","og_locale":"ru_RU","og_type":"article","og_title":"Tribunal judiciaire de Caen, le 25 novembre 2025, n\u00b024\/00608","og_description":"Le tribunal judiciaire de Caen, statuant en premier ressort, a rendu un jugement le 25 novembre 2025. L'affaire concernait le recouvrement d'un indu d'alloca...","og_url":"https:\/\/kohenavocats.com\/ru\/tribunal-judiciaire-de-caen-le-25-novembre-2025-n24-00608\/","og_site_name":"Ma\u00eetre Hassan Kohen, avocat en droit p\u00e9nal \u00e0 Paris","article_published_time":"2026-04-23T11:41:04+00:00","og_image":[{"width":4032,"height":3024,"url":"https:\/\/kohenavocats.com\/wp-content\/uploads\/2024\/08\/sarah-donisi-yf0ndtS1k-U-unsplash.webp","type":"image\/webp"}],"author":"Kohen","twitter_card":"summary_large_image","twitter_misc":{"\u041d\u0430\u043f\u0438\u0441\u0430\u043d\u043e \u0430\u0432\u0442\u043e\u0440\u043e\u043c":"Kohen","\u041f\u0440\u0438\u043c\u0435\u0440\u043d\u043e\u0435 \u0432\u0440\u0435\u043c\u044f \u0434\u043b\u044f \u0447\u0442\u0435\u043d\u0438\u044f":"4 \u043c\u0438\u043d\u0443\u0442\u044b"},"schema":{"@context":"https:\/\/schema.org","@graph":[{"@type":"Article","@id":"https:\/\/kohenavocats.com\/ru\/tribunal-judiciaire-de-caen-le-25-novembre-2025-n24-00608\/#article","isPartOf":{"@id":"https:\/\/kohenavocats.com\/ru\/tribunal-judiciaire-de-caen-le-25-novembre-2025-n24-00608\/"},"author":{"name":"Kohen","@id":"https:\/\/kohenavocats.com\/ru\/#\/schema\/person\/761c9ba54fa1ca84d405cef0831ff751"},"headline":"Tribunal judiciaire de Caen, le 25 novembre 2025, n\u00b024\/00608","datePublished":"2026-04-23T11:41:04+00:00","mainEntityOfPage":{"@id":"https:\/\/kohenavocats.com\/ru\/tribunal-judiciaire-de-caen-le-25-novembre-2025-n24-00608\/"},"wordCount":854,"commentCount":0,"publisher":{"@id":"https:\/\/kohenavocats.com\/ru\/#organization"},"image":{"@id":"https:\/\/kohenavocats.com\/ru\/tribunal-judiciaire-de-caen-le-25-novembre-2025-n24-00608\/#primaryimage"},"thumbnailUrl":"https:\/\/kohenavocats.com\/wp-content\/uploads\/2024\/08\/sarah-donisi-yf0ndtS1k-U-unsplash.webp","articleSection":["Jurisprudence"],"inLanguage":"ru-RU","potentialAction":[{"@type":"CommentAction","name":"Comment","target":["https:\/\/kohenavocats.com\/ru\/tribunal-judiciaire-de-caen-le-25-novembre-2025-n24-00608\/#respond"]}],"citation":"Tribunal judiciaire de Caen, le 25 novembre 2025, n\u00b024\/00608","about":[{"@type":"Thing","name":"Jurisprudence"}],"dateModified":"2026-04-23T11:41:04+00:00","speakable":{"@type":"SpeakableSpecification","cssSelector":[".article-content > p:first-of-type"]}},{"@type":"WebPage","@id":"https:\/\/kohenavocats.com\/ru\/tribunal-judiciaire-de-caen-le-25-novembre-2025-n24-00608\/","url":"https:\/\/kohenavocats.com\/ru\/tribunal-judiciaire-de-caen-le-25-novembre-2025-n24-00608\/","name":"Tribunal judiciaire de Caen, le 25 novembre 2025, n\u00b024\/00608 - Ma\u00eetre Hassan Kohen, avocat en droit p\u00e9nal \u00e0 Paris","isPartOf":{"@id":"https:\/\/kohenavocats.com\/ru\/#website"},"primaryImageOfPage":{"@id":"https:\/\/kohenavocats.com\/ru\/tribunal-judiciaire-de-caen-le-25-novembre-2025-n24-00608\/#primaryimage"},"image":{"@id":"https:\/\/kohenavocats.com\/ru\/tribunal-judiciaire-de-caen-le-25-novembre-2025-n24-00608\/#primaryimage"},"thumbnailUrl":"https:\/\/kohenavocats.com\/wp-content\/uploads\/2024\/08\/sarah-donisi-yf0ndtS1k-U-unsplash.webp","datePublished":"2026-04-23T11:41:04+00:00","description":"Le tribunal judiciaire de Caen, statuant en premier ressort, a rendu un jugement le 25 novembre 2025. L'affaire concernait le recouvrement d'un indu d'alloca...","breadcrumb":{"@id":"https:\/\/kohenavocats.com\/ru\/tribunal-judiciaire-de-caen-le-25-novembre-2025-n24-00608\/#breadcrumb"},"inLanguage":"ru-RU","potentialAction":[{"@type":"ReadAction","target":["https:\/\/kohenavocats.com\/ru\/tribunal-judiciaire-de-caen-le-25-novembre-2025-n24-00608\/"]}]},{"@type":"ImageObject","inLanguage":"ru-RU","@id":"https:\/\/kohenavocats.com\/ru\/tribunal-judiciaire-de-caen-le-25-novembre-2025-n24-00608\/#primaryimage","url":"https:\/\/kohenavocats.com\/wp-content\/uploads\/2024\/08\/sarah-donisi-yf0ndtS1k-U-unsplash.webp","contentUrl":"https:\/\/kohenavocats.com\/wp-content\/uploads\/2024\/08\/sarah-donisi-yf0ndtS1k-U-unsplash.webp","width":4032,"height":3024},{"@type":"BreadcrumbList","@id":"https:\/\/kohenavocats.com\/ru\/tribunal-judiciaire-de-caen-le-25-novembre-2025-n24-00608\/#breadcrumb","itemListElement":[{"@type":"ListItem","position":1,"name":"Home","item":"https:\/\/kohenavocats.com\/ru\/avocats-en-droit-penal-a-paris-conseil-et-defense-strategique\/"},{"@type":"ListItem","position":2,"name":"Tribunal judiciaire de Caen, le 25 novembre 2025, n\u00b024\/00608"}]},{"@type":"WebSite","@id":"https:\/\/kohenavocats.com\/ru\/#website","url":"https:\/\/kohenavocats.com\/ru\/","name":"Kohen Avocats","description":"Ma\u00eetre Hassan Kohen, avocat p\u00e9naliste \u00e0 Paris, intervient exclusivement en droit p\u00e9nal pour la d\u00e9fense des particuliers, notamment en mati\u00e8re d\u2019accusations de viol. Il assure un accompagnement rigoureux d\u00e8s la garde \u00e0 vue jusqu\u2019\u00e0 la Cour d\u2019assises, veillant au strict respect des garanties proc\u00e9durales.","publisher":{"@id":"https:\/\/kohenavocats.com\/ru\/#organization"},"potentialAction":[{"@type":"SearchAction","target":{"@type":"EntryPoint","urlTemplate":"https:\/\/kohenavocats.com\/ru\/?s={search_term_string}"},"query-input":{"@type":"PropertyValueSpecification","valueRequired":true,"valueName":"search_term_string"}}],"inLanguage":"ru-RU"},{"@type":"Organization","@id":"https:\/\/kohenavocats.com\/ru\/#organization","name":"Kohen Avocats","url":"https:\/\/kohenavocats.com\/ru\/","logo":{"@type":"ImageObject","inLanguage":"ru-RU","@id":"https:\/\/kohenavocats.com\/ru\/#\/schema\/logo\/image\/","url":"https:\/\/kohenavocats.com\/wp-content\/uploads\/2026\/01\/Logo-2-1.webp","contentUrl":"https:\/\/kohenavocats.com\/wp-content\/uploads\/2026\/01\/Logo-2-1.webp","width":2114,"height":1253,"caption":"Kohen Avocats"},"image":{"@id":"https:\/\/kohenavocats.com\/ru\/#\/schema\/logo\/image\/"}},{"@type":"Person","@id":"https:\/\/kohenavocats.com\/ru\/#\/schema\/person\/761c9ba54fa1ca84d405cef0831ff751","name":"Kohen","image":{"@type":"ImageObject","inLanguage":"ru-RU","@id":"https:\/\/secure.gravatar.com\/avatar\/1c5e76ef76bbbfdd2b4da984e2bf2fa4056fd51a27d25ce2c332047f1dfd6e00?s=96&d=identicon&r=g","url":"https:\/\/secure.gravatar.com\/avatar\/1c5e76ef76bbbfdd2b4da984e2bf2fa4056fd51a27d25ce2c332047f1dfd6e00?s=96&d=identicon&r=g","contentUrl":"https:\/\/secure.gravatar.com\/avatar\/1c5e76ef76bbbfdd2b4da984e2bf2fa4056fd51a27d25ce2c332047f1dfd6e00?s=96&d=identicon&r=g","caption":"Kohen"},"sameAs":["https:\/\/www.linkedin.com\/in\/hassan-kohen-448548192\/","https:\/\/www.youtube.com\/@Kohen-Avocats"],"url":"https:\/\/kohenavocats.com\/ru\/author\/kohenmlk\/"}]}},"jetpack_featured_media_url":"https:\/\/kohenavocats.com\/wp-content\/uploads\/2024\/08\/sarah-donisi-yf0ndtS1k-U-unsplash.webp","jetpack_likes_enabled":false,"jetpack_shortlink":"https:\/\/wp.me\/peCrII-2LBB","jetpack-related-posts":[{"id":492612,"url":"https:\/\/kohenavocats.com\/ru\/tribunal-judiciaire-de-caen-le-13-novembre-2025-n23-00482\/","url_meta":{"origin":659655,"position":0},"title":"Tribunal judiciaire de Caen, le 13 novembre 2025, n\u00b023\/00482","author":"Kohen","date":"08.04.2026","format":false,"excerpt":"Le tribunal judiciaire de Caen, statuant en mati\u00e8re sociale, a rendu un jugement le 13 novembre 2025. Une soci\u00e9t\u00e9 de travail temporaire contestait la...","rel":"","context":"\u0412 &quot;D\u00e9cisions juridiques&quot;","block_context":{"text":"D\u00e9cisions juridiques","link":"https:\/\/kohenavocats.com\/category\/decisions-juridiques\/"},"img":{"alt_text":"","src":"https:\/\/i0.wp.com\/kohenavocats.com\/wp-content\/uploads\/2024\/11\/allison-saeng-otvLRPkYfIo-unsplash.webp?resize=350%2C200&ssl=1","width":350,"height":200,"srcset":"https:\/\/i0.wp.com\/kohenavocats.com\/wp-content\/uploads\/2024\/11\/allison-saeng-otvLRPkYfIo-unsplash.webp?resize=350%2C200&ssl=1 1x, https:\/\/i0.wp.com\/kohenavocats.com\/wp-content\/uploads\/2024\/11\/allison-saeng-otvLRPkYfIo-unsplash.webp?resize=525%2C300&ssl=1 1.5x, https:\/\/i0.wp.com\/kohenavocats.com\/wp-content\/uploads\/2024\/11\/allison-saeng-otvLRPkYfIo-unsplash.webp?resize=700%2C400&ssl=1 2x, https:\/\/i0.wp.com\/kohenavocats.com\/wp-content\/uploads\/2024\/11\/allison-saeng-otvLRPkYfIo-unsplash.webp?resize=1050%2C600&ssl=1 3x, https:\/\/i0.wp.com\/kohenavocats.com\/wp-content\/uploads\/2024\/11\/allison-saeng-otvLRPkYfIo-unsplash.webp?resize=1400%2C800&ssl=1 4x"},"classes":[]},{"id":492430,"url":"https:\/\/kohenavocats.com\/ru\/tribunal-judiciaire-de-caen-le-13-novembre-2025-n25-00266\/","url_meta":{"origin":659655,"position":1},"title":"Tribunal judiciaire de Caen, le 13 novembre 2025, n\u00b025\/00266","author":"Kohen","date":"08.04.2026","format":false,"excerpt":"Le tribunal judiciaire de Caen, statuant en r\u00e9f\u00e9r\u00e9 le 5 f\u00e9vrier 2026, est saisi d'un conflit de voisinage. Le juge, avant de statuer sur le fond, ordonne...","rel":"","context":"\u0412 &quot;D\u00e9cisions juridiques&quot;","block_context":{"text":"D\u00e9cisions juridiques","link":"https:\/\/kohenavocats.com\/category\/decisions-juridiques\/"},"img":{"alt_text":"","src":"https:\/\/i0.wp.com\/kohenavocats.com\/wp-content\/uploads\/2024\/08\/alice-P1D60RN7KuQ-unsplash.webp?resize=350%2C200&ssl=1","width":350,"height":200,"srcset":"https:\/\/i0.wp.com\/kohenavocats.com\/wp-content\/uploads\/2024\/08\/alice-P1D60RN7KuQ-unsplash.webp?resize=350%2C200&ssl=1 1x, https:\/\/i0.wp.com\/kohenavocats.com\/wp-content\/uploads\/2024\/08\/alice-P1D60RN7KuQ-unsplash.webp?resize=525%2C300&ssl=1 1.5x, https:\/\/i0.wp.com\/kohenavocats.com\/wp-content\/uploads\/2024\/08\/alice-P1D60RN7KuQ-unsplash.webp?resize=700%2C400&ssl=1 2x, https:\/\/i0.wp.com\/kohenavocats.com\/wp-content\/uploads\/2024\/08\/alice-P1D60RN7KuQ-unsplash.webp?resize=1050%2C600&ssl=1 3x, https:\/\/i0.wp.com\/kohenavocats.com\/wp-content\/uploads\/2024\/08\/alice-P1D60RN7KuQ-unsplash.webp?resize=1400%2C800&ssl=1 4x"},"classes":[]},{"id":481092,"url":"https:\/\/kohenavocats.com\/ru\/tribunal-judiciaire-de-caen-le-13-novembre-2025-n23-04225\/","url_meta":{"origin":659655,"position":2},"title":"Tribunal judiciaire de Caen, le 13 novembre 2025, n\u00b023\/04225","author":"Kohen","date":"07.04.2026","format":false,"excerpt":"Le tribunal judiciaire de Caen, statuant le 13 novembre 2025, a \u00e9t\u00e9 saisi d'un litige n\u00e9 de la r\u00e9siliation anticip\u00e9e d'un bail commercial. La soci\u00e9t\u00e9 bailler...","rel":"","context":"\u0412 &quot;Jurisprudence&quot;","block_context":{"text":"Jurisprudence","link":"https:\/\/kohenavocats.com\/category\/jurisprudence\/"},"img":{"alt_text":"","src":"https:\/\/i0.wp.com\/kohenavocats.com\/wp-content\/uploads\/2024\/11\/pawel-czerwinski-plv4_0R9-dc-unsplash.webp?resize=350%2C200&ssl=1","width":350,"height":200,"srcset":"https:\/\/i0.wp.com\/kohenavocats.com\/wp-content\/uploads\/2024\/11\/pawel-czerwinski-plv4_0R9-dc-unsplash.webp?resize=350%2C200&ssl=1 1x, https:\/\/i0.wp.com\/kohenavocats.com\/wp-content\/uploads\/2024\/11\/pawel-czerwinski-plv4_0R9-dc-unsplash.webp?resize=525%2C300&ssl=1 1.5x, https:\/\/i0.wp.com\/kohenavocats.com\/wp-content\/uploads\/2024\/11\/pawel-czerwinski-plv4_0R9-dc-unsplash.webp?resize=700%2C400&ssl=1 2x, https:\/\/i0.wp.com\/kohenavocats.com\/wp-content\/uploads\/2024\/11\/pawel-czerwinski-plv4_0R9-dc-unsplash.webp?resize=1050%2C600&ssl=1 3x, https:\/\/i0.wp.com\/kohenavocats.com\/wp-content\/uploads\/2024\/11\/pawel-czerwinski-plv4_0R9-dc-unsplash.webp?resize=1400%2C800&ssl=1 4x"},"classes":[]},{"id":656777,"url":"https:\/\/kohenavocats.com\/ru\/tribunal-judiciaire-de-dijon-le-25-novembre-2024-n24-00364\/","url_meta":{"origin":659655,"position":3},"title":"Tribunal judiciaire de Dijon, le 25 novembre 2024, n\u00b024\/00364","author":"Kohen","date":"23.04.2026","format":false,"excerpt":"Le tribunal judiciaire de Dijon, le 25 novembre 2024, a statu\u00e9 sur la recevabilit\u00e9 d\u2019un recours form\u00e9 contre une d\u00e9cision d\u2019un organisme de s\u00e9curit\u00e9 sociale....","rel":"","context":"\u0412 &quot;Jurisprudence&quot;","block_context":{"text":"Jurisprudence","link":"https:\/\/kohenavocats.com\/category\/jurisprudence\/"},"img":{"alt_text":"","src":"https:\/\/i0.wp.com\/kohenavocats.com\/wp-content\/uploads\/2024\/08\/pierre-chatel-innocenti-hJEqMutj3qc-unsplash.webp?resize=350%2C200&ssl=1","width":350,"height":200,"srcset":"https:\/\/i0.wp.com\/kohenavocats.com\/wp-content\/uploads\/2024\/08\/pierre-chatel-innocenti-hJEqMutj3qc-unsplash.webp?resize=350%2C200&ssl=1 1x, https:\/\/i0.wp.com\/kohenavocats.com\/wp-content\/uploads\/2024\/08\/pierre-chatel-innocenti-hJEqMutj3qc-unsplash.webp?resize=525%2C300&ssl=1 1.5x, https:\/\/i0.wp.com\/kohenavocats.com\/wp-content\/uploads\/2024\/08\/pierre-chatel-innocenti-hJEqMutj3qc-unsplash.webp?resize=700%2C400&ssl=1 2x, https:\/\/i0.wp.com\/kohenavocats.com\/wp-content\/uploads\/2024\/08\/pierre-chatel-innocenti-hJEqMutj3qc-unsplash.webp?resize=1050%2C600&ssl=1 3x, https:\/\/i0.wp.com\/kohenavocats.com\/wp-content\/uploads\/2024\/08\/pierre-chatel-innocenti-hJEqMutj3qc-unsplash.webp?resize=1400%2C800&ssl=1 4x"},"classes":[]},{"id":498435,"url":"https:\/\/kohenavocats.com\/ru\/tribunal-judiciaire-de-evreux-le-27-novembre-2025-n25-00262\/","url_meta":{"origin":659655,"position":4},"title":"Tribunal judiciaire de \u00c9vreux, le 27 novembre 2025, n\u00b025\/00262","author":"Kohen","date":"08.04.2026","format":false,"excerpt":"Le tribunal judiciaire de Caen, statuant le 10 juillet 2025, examine une opposition \u00e0 une contrainte \u00e9mise par l'Urssaf. Le d\u00e9biteur a form\u00e9 son recours...","rel":"","context":"\u0412 &quot;D\u00e9cisions juridiques&quot;","block_context":{"text":"D\u00e9cisions juridiques","link":"https:\/\/kohenavocats.com\/category\/decisions-juridiques\/"},"img":{"alt_text":"","src":"https:\/\/i0.wp.com\/kohenavocats.com\/wp-content\/uploads\/2024\/08\/zhu-yunxiao-M-RTlATkDWU-unsplash.webp?resize=350%2C200&ssl=1","width":350,"height":200,"srcset":"https:\/\/i0.wp.com\/kohenavocats.com\/wp-content\/uploads\/2024\/08\/zhu-yunxiao-M-RTlATkDWU-unsplash.webp?resize=350%2C200&ssl=1 1x, https:\/\/i0.wp.com\/kohenavocats.com\/wp-content\/uploads\/2024\/08\/zhu-yunxiao-M-RTlATkDWU-unsplash.webp?resize=525%2C300&ssl=1 1.5x, https:\/\/i0.wp.com\/kohenavocats.com\/wp-content\/uploads\/2024\/08\/zhu-yunxiao-M-RTlATkDWU-unsplash.webp?resize=700%2C400&ssl=1 2x, https:\/\/i0.wp.com\/kohenavocats.com\/wp-content\/uploads\/2024\/08\/zhu-yunxiao-M-RTlATkDWU-unsplash.webp?resize=1050%2C600&ssl=1 3x, https:\/\/i0.wp.com\/kohenavocats.com\/wp-content\/uploads\/2024\/08\/zhu-yunxiao-M-RTlATkDWU-unsplash.webp?resize=1400%2C800&ssl=1 4x"},"classes":[]},{"id":235788,"url":"https:\/\/kohenavocats.com\/ru\/cour-dappel-de-rennes-le-18-juin-2025-n22-04619\/","url_meta":{"origin":659655,"position":5},"title":"Cour d&#8217;appel de Rennes, le 18 juin 2025, n\u00b022\/04619","author":"Kohen","date":"28.12.2025","format":false,"excerpt":"La d\u00e9cision comment\u00e9e a \u00e9t\u00e9 rendue par la Cour d'appel de Rennes, 9\u00e8me chambre S\u00e9curit\u00e9 Sociale, le 18 juin 2025. Elle statue sur la recevabilit\u00e9 du recours d'un employeur contestant le taux d'incapacit\u00e9 permanente partielle attribu\u00e9 \u00e0 son salari\u00e9 au titre d'une maladie professionnelle.Un salari\u00e9, employ\u00e9 en qualit\u00e9 d'ouvrier poseur\u2026","rel":"","context":"\u0412 &quot;Cour d'appel&quot;","block_context":{"text":"Cour d'appel","link":"https:\/\/kohenavocats.com\/category\/cour-dappel\/"},"img":{"alt_text":"","src":"https:\/\/i0.wp.com\/kohenavocats.com\/wp-content\/uploads\/2024\/11\/etienne-girardet-ALIEN0anXKg-unsplash.webp?resize=350%2C200&ssl=1","width":350,"height":200,"srcset":"https:\/\/i0.wp.com\/kohenavocats.com\/wp-content\/uploads\/2024\/11\/etienne-girardet-ALIEN0anXKg-unsplash.webp?resize=350%2C200&ssl=1 1x, https:\/\/i0.wp.com\/kohenavocats.com\/wp-content\/uploads\/2024\/11\/etienne-girardet-ALIEN0anXKg-unsplash.webp?resize=525%2C300&ssl=1 1.5x, https:\/\/i0.wp.com\/kohenavocats.com\/wp-content\/uploads\/2024\/11\/etienne-girardet-ALIEN0anXKg-unsplash.webp?resize=700%2C400&ssl=1 2x, https:\/\/i0.wp.com\/kohenavocats.com\/wp-content\/uploads\/2024\/11\/etienne-girardet-ALIEN0anXKg-unsplash.webp?resize=1050%2C600&ssl=1 3x, https:\/\/i0.wp.com\/kohenavocats.com\/wp-content\/uploads\/2024\/11\/etienne-girardet-ALIEN0anXKg-unsplash.webp?resize=1400%2C800&ssl=1 4x"},"classes":[]}],"jetpack_sharing_enabled":true,"_links":{"self":[{"href":"https:\/\/kohenavocats.com\/ru\/wp-json\/wp\/v2\/posts\/659655","targetHints":{"allow":["GET"]}}],"collection":[{"href":"https:\/\/kohenavocats.com\/ru\/wp-json\/wp\/v2\/posts"}],"about":[{"href":"https:\/\/kohenavocats.com\/ru\/wp-json\/wp\/v2\/types\/post"}],"author":[{"embeddable":true,"href":"https:\/\/kohenavocats.com\/ru\/wp-json\/wp\/v2\/users\/232070755"}],"replies":[{"embeddable":true,"href":"https:\/\/kohenavocats.com\/ru\/wp-json\/wp\/v2\/comments?post=659655"}],"version-history":[{"count":0,"href":"https:\/\/kohenavocats.com\/ru\/wp-json\/wp\/v2\/posts\/659655\/revisions"}],"wp:featuredmedia":[{"embeddable":true,"href":"https:\/\/kohenavocats.com\/ru\/wp-json\/wp\/v2\/media\/4745"}],"wp:attachment":[{"href":"https:\/\/kohenavocats.com\/ru\/wp-json\/wp\/v2\/media?parent=659655"}],"wp:term":[{"taxonomy":"category","embeddable":true,"href":"https:\/\/kohenavocats.com\/ru\/wp-json\/wp\/v2\/categories?post=659655"},{"taxonomy":"post_tag","embeddable":true,"href":"https:\/\/kohenavocats.com\/ru\/wp-json\/wp\/v2\/tags?post=659655"}],"curies":[{"name":"wp","href":"https:\/\/api.w.org\/{rel}","templated":true}]}}