{"id":660914,"date":"2026-04-23T16:06:25","date_gmt":"2026-04-23T14:06:25","guid":{"rendered":"https:\/\/kohenavocats.com\/cour-dappel-de-paris-le-9-octobre-2025-n23-01143\/"},"modified":"2026-04-23T16:06:25","modified_gmt":"2026-04-23T14:06:25","slug":"cour-dappel-de-paris-le-9-octobre-2025-n23-01143","status":"publish","type":"post","link":"https:\/\/kohenavocats.com\/ru\/cour-dappel-de-paris-le-9-octobre-2025-n23-01143\/","title":{"rendered":"Cour d&#8217;appel de Paris, le 9 octobre 2025, n\u00b023\/01143"},"content":{"rendered":"<div class=\"article-content\">\n<p>La Cour d&#8217;appel de Paris, dans un arr\u00eat du 9 octobre 2025, statue sur un litige relatif au d\u00e9compte du temps de travail dans une entreprise de transport sanitaire. L&#8217;employeur soutenait l&#8217;application d&#8217;un cycle de travail de huit semaines pour calculer les heures suppl\u00e9mentaires. Le salari\u00e9 contestait cette organisation, arguant de l&#8217;absence de r\u00e9p\u00e9tition identique des plannings. La cour rejette le syst\u00e8me cyclique invoqu\u00e9 par l&#8217;employeur et confirme la condamnation au paiement d&#8217;heures suppl\u00e9mentaires et d&#8217;indemnit\u00e9s pour ex\u00e9cution d\u00e9loyale. Elle infirme en revanche certaines condamnations relatives aux jours f\u00e9ri\u00e9s et au temps de travail effectif.<\/p>\n<p>La d\u00e9finition l\u00e9gale du cycle de travail et son application<\/p>\n<p>Le caract\u00e8re imp\u00e9ratif de la r\u00e9p\u00e9tition identique du cycle. La cour rappelle avec fermet\u00e9 la condition essentielle \u00e0 la validit\u00e9 d&#8217;un cycle de travail. Elle souligne que le dispositif l\u00e9gal exige une organisation se r\u00e9p\u00e9tant \u00e0 l&#8217;identique d&#8217;une p\u00e9riode \u00e0 l&#8217;autre. Cette exigence est v\u00e9rifi\u00e9e par un examen concret des d\u00e9comptes d&#8217;heures fournis par l&#8217;employeur. &#171;L&#8217;examen des d\u00e9comptes d&#8217;heures ne permet pas de mettre en \u00e9vidence une r\u00e9partition de la dur\u00e9e du travail se r\u00e9p\u00e9tant \u00e0 l&#8217;identique d&#8217;un cycle \u00e0 l&#8217;autre&#187; (Motifs). Cette analyse factuelle est d\u00e9terminante pour rejeter le syst\u00e8me mis en place. La port\u00e9e de cette exigence est ainsi strictement interpr\u00e9t\u00e9e, ne laissant aucune place \u00e0 une organisation al\u00e9atoire ou variable masqu\u00e9e sous le terme de cycle.<\/p>\n<p>L&#8217;inopportunit\u00e9 des r\u00e9f\u00e9rences juridiques avanc\u00e9es par l&#8217;employeur. La cour \u00e9carte successivement les fondements juridiques invoqu\u00e9s pour justifier l&#8217;irr\u00e9gularit\u00e9 des cycles. Elle constate d&#8217;abord l&#8217;absence de texte d&#8217;application permettant une d\u00e9rogation dans le transport. &#171;Or, aucun d\u00e9cret n&#8217;a \u00e9t\u00e9 pris en application de ce texte&#187; (Motifs). Elle rappelle ensuite que l&#8217;accord collectif sectoriel, qui se r\u00e9f\u00e8re au code du travail, ne peut valider un cycle irr\u00e9gulier. Enfin, la r\u00e9f\u00e9rence \u00e0 l&#8217;irr\u00e9gularit\u00e9 des cycles dans le code des transports est jug\u00e9e inop\u00e9rante pour autoriser l&#8217;employeur \u00e0 agir unilat\u00e9ralement. La valeur de cet argumentaire est de clarifier le paysage normatif et de rejeter une interpr\u00e9tation extensive des textes invoqu\u00e9s.<\/p>\n<p>Les cons\u00e9quences de l&#8217;organisation irr\u00e9guli\u00e8re du temps de travail<\/p>\n<p>La requalification du d\u00e9compte et le paiement des heures dues. La nullit\u00e9 du cycle entra\u00eene n\u00e9cessairement la requalification de la m\u00e9thode de d\u00e9compte. La cour impose le calcul hebdomadaire des heures suppl\u00e9mentaires, conform\u00e9ment au droit commun. Elle rejette les critiques de l&#8217;employeur sur les calculs du salari\u00e9, fond\u00e9s sur le temps de travail effectif. La cour valide \u00e9galement la demande de majoration pour des heures pay\u00e9es au taux normal. Elle constate que &#171;l&#8217;employeur ne fournit pas d&#8217;explications pertinentes sur la nature desdites heures&#187; (Motifs). La port\u00e9e est de garantir une compensation int\u00e9grale du pr\u00e9judice subi par le salari\u00e9 du fait d&#8217;un d\u00e9compte ill\u00e9gal.<\/p>\n<p>L&#8217;articulation du droit du travail national et des principes europ\u00e9ens. La cour op\u00e8re une mise \u00e0 l&#8217;\u00e9cart partielle du droit national au profit des principes europ\u00e9ens concernant les cong\u00e9s pay\u00e9s. Elle suit la jurisprudence de la Cour de justice de l&#8217;Union europ\u00e9enne pour garantir l&#8217;effet utile du droit au cong\u00e9. Elle \u00e9carte donc l&#8217;article L. 3121-28 du code du travail en ce qu&#8217;il exclut les p\u00e9riodes de cong\u00e9 du calcul du seuil des heures suppl\u00e9mentaires. La valeur de cette solution est de faire primer le droit europ\u00e9en et la Charte des droits fondamentaux sur une disposition nationale contraire. Elle assure ainsi une protection renforc\u00e9e du salari\u00e9 lors de ses absences pour cong\u00e9s.<\/p>\n<p>La reconnaissance d&#8217;une ex\u00e9cution d\u00e9loyale du contrat. La mauvaise foi de l&#8217;employeur est \u00e9tablie par sa persistance \u00e0 appliquer un syst\u00e8me ill\u00e9gal malgr\u00e9 les mises en demeure. La cour rel\u00e8ve qu&#8217;il &#171;a \u00e9t\u00e9 destinataire de plusieurs courriers de l&#8217;inspection du travail&#187; (Motifs). Cette inertie volontaire constitue une faute contractuelle justifiant l&#8217;octroi de dommages-int\u00e9r\u00eats. Le pr\u00e9judice est \u00e9valu\u00e9 de mani\u00e8re forfaitaire par les juges du fond. La port\u00e9e de cette condamnation est de sanctionner les comportements abusifs qui complexifient intentionnellement la gestion du temps de travail. Elle renforce l&#8217;obligation de loyaut\u00e9 dans l&#8217;ex\u00e9cution du contrat de travail.<\/p>\n<\/div>\n","protected":false},"excerpt":{"rendered":"<p>La Cour d&#8217;appel de Paris, dans un arr\u00eat du 9 octobre 2025, statue sur un litige relatif au d\u00e9compte du temps de travail dans une entreprise de transport sani&#8230;<\/p>\n","protected":false},"author":232070755,"featured_media":3899,"comment_status":"open","ping_status":"open","sticky":false,"template":"","format":"standard","meta":{"_crdt_document":"","_jetpack_newsletter_access":"","_jetpack_dont_email_post_to_subs":false,"_jetpack_newsletter_tier_id":0,"_jetpack_memberships_contains_paywalled_content":false,"_kj_source_type":"judilibre","_kj_official_id":"68e897e96d821fc8a3c65564","_kj_official_url":"https:\/\/www.courdecassation.fr\/decision\/68e897e96d821fc8a3c65564","_kj_judilibre_id":"68e897e96d821fc8a3c65564","_kj_jur":"Cour d'appel","_kj_lieu":"Cour d'appel de Douai","_kj_chambre":"Sociale C salle 1","_kj_rg":"23\/01143","_kj_date":"2025-09-26","_jetpack_memberships_contains_paid_content":false,"footnotes":"","jetpack_post_was_ever_published":false},"categories":[7597],"tags":[],"class_list":["post-660914","post","type-post","status-publish","format-standard","has-post-thumbnail","hentry","category-jurisprudence"],"yoast_head":"<!-- This site is optimized with the Yoast SEO Premium plugin v27.5 (Yoast SEO v27.5) - https:\/\/yoast.com\/product\/yoast-seo-premium-wordpress\/ -->\n<title>Cour d&#039;appel de Paris, le 9 octobre 2025, n\u00b023\/01143 - Ma\u00eetre Hassan Kohen, avocat en droit p\u00e9nal \u00e0 Paris<\/title>\n<meta name=\"description\" content=\"La Cour d&#039;appel de Paris, dans un arr\u00eat du 9 octobre 2025, statue sur un litige relatif au d\u00e9compte du temps de travail dans une entreprise de transport sani...\" \/>\n<meta name=\"robots\" content=\"index, follow, max-snippet:-1, max-image-preview:large, max-video-preview:-1\" \/>\n<link rel=\"canonical\" href=\"https:\/\/kohenavocats.com\/ru\/cour-dappel-de-paris-le-9-octobre-2025-n23-01143\/\" \/>\n<meta property=\"og:locale\" content=\"ru_RU\" \/>\n<meta property=\"og:type\" content=\"article\" \/>\n<meta property=\"og:title\" content=\"Cour d&#039;appel de Paris, le 9 octobre 2025, n\u00b023\/01143\" \/>\n<meta property=\"og:description\" content=\"La Cour d&#039;appel de Paris, dans un arr\u00eat du 9 octobre 2025, statue sur un litige relatif au d\u00e9compte du temps de travail dans une entreprise de transport sani...\" \/>\n<meta property=\"og:url\" content=\"https:\/\/kohenavocats.com\/ru\/cour-dappel-de-paris-le-9-octobre-2025-n23-01143\/\" \/>\n<meta property=\"og:site_name\" content=\"Ma\u00eetre Hassan Kohen, avocat en droit p\u00e9nal \u00e0 Paris\" \/>\n<meta property=\"article:published_time\" content=\"2026-04-23T14:06:25+00:00\" \/>\n<meta property=\"og:image\" content=\"https:\/\/kohenavocats.com\/wp-content\/uploads\/2024\/07\/daniel-roe-2OqFyMN7R_E-unsplash.webp\" \/>\n\t<meta property=\"og:image:width\" content=\"3168\" \/>\n\t<meta property=\"og:image:height\" content=\"2116\" \/>\n\t<meta property=\"og:image:type\" content=\"image\/webp\" \/>\n<meta name=\"author\" content=\"Kohen\" \/>\n<meta name=\"twitter:card\" content=\"summary_large_image\" \/>\n<meta name=\"twitter:label1\" content=\"\u041d\u0430\u043f\u0438\u0441\u0430\u043d\u043e \u0430\u0432\u0442\u043e\u0440\u043e\u043c\" \/>\n\t<meta name=\"twitter:data1\" content=\"Kohen\" \/>\n\t<meta name=\"twitter:label2\" content=\"\u041f\u0440\u0438\u043c\u0435\u0440\u043d\u043e\u0435 \u0432\u0440\u0435\u043c\u044f \u0434\u043b\u044f \u0447\u0442\u0435\u043d\u0438\u044f\" \/>\n\t<meta name=\"twitter:data2\" content=\"4 \u043c\u0438\u043d\u0443\u0442\u044b\" \/>\n<script type=\"application\/ld+json\" class=\"yoast-schema-graph\">{\"@context\":\"https:\\\/\\\/schema.org\",\"@graph\":[{\"@type\":\"Article\",\"@id\":\"https:\\\/\\\/kohenavocats.com\\\/ru\\\/cour-dappel-de-paris-le-9-octobre-2025-n23-01143\\\/#article\",\"isPartOf\":{\"@id\":\"https:\\\/\\\/kohenavocats.com\\\/ru\\\/cour-dappel-de-paris-le-9-octobre-2025-n23-01143\\\/\"},\"author\":{\"name\":\"Kohen\",\"@id\":\"https:\\\/\\\/kohenavocats.com\\\/ru\\\/#\\\/schema\\\/person\\\/761c9ba54fa1ca84d405cef0831ff751\"},\"headline\":\"Cour d&#8217;appel de Paris, le 9 octobre 2025, n\u00b023\\\/01143\",\"datePublished\":\"2026-04-23T14:06:25+00:00\",\"mainEntityOfPage\":{\"@id\":\"https:\\\/\\\/kohenavocats.com\\\/ru\\\/cour-dappel-de-paris-le-9-octobre-2025-n23-01143\\\/\"},\"wordCount\":787,\"commentCount\":0,\"publisher\":{\"@id\":\"https:\\\/\\\/kohenavocats.com\\\/ru\\\/#organization\"},\"image\":{\"@id\":\"https:\\\/\\\/kohenavocats.com\\\/ru\\\/cour-dappel-de-paris-le-9-octobre-2025-n23-01143\\\/#primaryimage\"},\"thumbnailUrl\":\"https:\\\/\\\/kohenavocats.com\\\/wp-content\\\/uploads\\\/2024\\\/07\\\/daniel-roe-2OqFyMN7R_E-unsplash.webp\",\"articleSection\":[\"Jurisprudence\"],\"inLanguage\":\"ru-RU\",\"potentialAction\":[{\"@type\":\"CommentAction\",\"name\":\"Comment\",\"target\":[\"https:\\\/\\\/kohenavocats.com\\\/ru\\\/cour-dappel-de-paris-le-9-octobre-2025-n23-01143\\\/#respond\"]}],\"citation\":\"Cour d&#8217;appel de Paris, le 9 octobre 2025, n\u00b023\\\/01143\",\"about\":[{\"@type\":\"Thing\",\"name\":\"Jurisprudence\"}],\"dateModified\":\"2026-04-23T14:06:25+00:00\",\"speakable\":{\"@type\":\"SpeakableSpecification\",\"cssSelector\":[\".article-content > p:first-of-type\"]}},{\"@type\":\"WebPage\",\"@id\":\"https:\\\/\\\/kohenavocats.com\\\/ru\\\/cour-dappel-de-paris-le-9-octobre-2025-n23-01143\\\/\",\"url\":\"https:\\\/\\\/kohenavocats.com\\\/ru\\\/cour-dappel-de-paris-le-9-octobre-2025-n23-01143\\\/\",\"name\":\"Cour d'appel de Paris, le 9 octobre 2025, n\u00b023\\\/01143 - Ma\u00eetre Hassan Kohen, avocat en droit p\u00e9nal \u00e0 Paris\",\"isPartOf\":{\"@id\":\"https:\\\/\\\/kohenavocats.com\\\/ru\\\/#website\"},\"primaryImageOfPage\":{\"@id\":\"https:\\\/\\\/kohenavocats.com\\\/ru\\\/cour-dappel-de-paris-le-9-octobre-2025-n23-01143\\\/#primaryimage\"},\"image\":{\"@id\":\"https:\\\/\\\/kohenavocats.com\\\/ru\\\/cour-dappel-de-paris-le-9-octobre-2025-n23-01143\\\/#primaryimage\"},\"thumbnailUrl\":\"https:\\\/\\\/kohenavocats.com\\\/wp-content\\\/uploads\\\/2024\\\/07\\\/daniel-roe-2OqFyMN7R_E-unsplash.webp\",\"datePublished\":\"2026-04-23T14:06:25+00:00\",\"description\":\"La Cour d'appel de Paris, dans un arr\u00eat du 9 octobre 2025, statue sur un litige relatif au d\u00e9compte du temps de travail dans une entreprise de transport sani...\",\"breadcrumb\":{\"@id\":\"https:\\\/\\\/kohenavocats.com\\\/ru\\\/cour-dappel-de-paris-le-9-octobre-2025-n23-01143\\\/#breadcrumb\"},\"inLanguage\":\"ru-RU\",\"potentialAction\":[{\"@type\":\"ReadAction\",\"target\":[\"https:\\\/\\\/kohenavocats.com\\\/ru\\\/cour-dappel-de-paris-le-9-octobre-2025-n23-01143\\\/\"]}]},{\"@type\":\"ImageObject\",\"inLanguage\":\"ru-RU\",\"@id\":\"https:\\\/\\\/kohenavocats.com\\\/ru\\\/cour-dappel-de-paris-le-9-octobre-2025-n23-01143\\\/#primaryimage\",\"url\":\"https:\\\/\\\/kohenavocats.com\\\/wp-content\\\/uploads\\\/2024\\\/07\\\/daniel-roe-2OqFyMN7R_E-unsplash.webp\",\"contentUrl\":\"https:\\\/\\\/kohenavocats.com\\\/wp-content\\\/uploads\\\/2024\\\/07\\\/daniel-roe-2OqFyMN7R_E-unsplash.webp\",\"width\":3168,\"height\":2116},{\"@type\":\"BreadcrumbList\",\"@id\":\"https:\\\/\\\/kohenavocats.com\\\/ru\\\/cour-dappel-de-paris-le-9-octobre-2025-n23-01143\\\/#breadcrumb\",\"itemListElement\":[{\"@type\":\"ListItem\",\"position\":1,\"name\":\"Home\",\"item\":\"https:\\\/\\\/kohenavocats.com\\\/ru\\\/avocats-en-droit-penal-a-paris-conseil-et-defense-strategique\\\/\"},{\"@type\":\"ListItem\",\"position\":2,\"name\":\"Cour d&rsquo;appel de Paris, le 9 octobre 2025, n\u00b023\\\/01143\"}]},{\"@type\":\"WebSite\",\"@id\":\"https:\\\/\\\/kohenavocats.com\\\/ru\\\/#website\",\"url\":\"https:\\\/\\\/kohenavocats.com\\\/ru\\\/\",\"name\":\"Kohen Avocats\",\"description\":\"Ma\u00eetre Hassan Kohen, avocat p\u00e9naliste \u00e0 Paris, intervient exclusivement en droit p\u00e9nal pour la d\u00e9fense des particuliers, notamment en mati\u00e8re d\u2019accusations de viol. Il assure un accompagnement rigoureux d\u00e8s la garde \u00e0 vue jusqu\u2019\u00e0 la Cour d\u2019assises, veillant au strict respect des garanties proc\u00e9durales.\",\"publisher\":{\"@id\":\"https:\\\/\\\/kohenavocats.com\\\/ru\\\/#organization\"},\"potentialAction\":[{\"@type\":\"SearchAction\",\"target\":{\"@type\":\"EntryPoint\",\"urlTemplate\":\"https:\\\/\\\/kohenavocats.com\\\/ru\\\/?s={search_term_string}\"},\"query-input\":{\"@type\":\"PropertyValueSpecification\",\"valueRequired\":true,\"valueName\":\"search_term_string\"}}],\"inLanguage\":\"ru-RU\"},{\"@type\":\"Organization\",\"@id\":\"https:\\\/\\\/kohenavocats.com\\\/ru\\\/#organization\",\"name\":\"Kohen Avocats\",\"url\":\"https:\\\/\\\/kohenavocats.com\\\/ru\\\/\",\"logo\":{\"@type\":\"ImageObject\",\"inLanguage\":\"ru-RU\",\"@id\":\"https:\\\/\\\/kohenavocats.com\\\/ru\\\/#\\\/schema\\\/logo\\\/image\\\/\",\"url\":\"https:\\\/\\\/kohenavocats.com\\\/wp-content\\\/uploads\\\/2026\\\/01\\\/Logo-2-1.webp\",\"contentUrl\":\"https:\\\/\\\/kohenavocats.com\\\/wp-content\\\/uploads\\\/2026\\\/01\\\/Logo-2-1.webp\",\"width\":2114,\"height\":1253,\"caption\":\"Kohen Avocats\"},\"image\":{\"@id\":\"https:\\\/\\\/kohenavocats.com\\\/ru\\\/#\\\/schema\\\/logo\\\/image\\\/\"}},{\"@type\":\"Person\",\"@id\":\"https:\\\/\\\/kohenavocats.com\\\/ru\\\/#\\\/schema\\\/person\\\/761c9ba54fa1ca84d405cef0831ff751\",\"name\":\"Kohen\",\"image\":{\"@type\":\"ImageObject\",\"inLanguage\":\"ru-RU\",\"@id\":\"https:\\\/\\\/secure.gravatar.com\\\/avatar\\\/1c5e76ef76bbbfdd2b4da984e2bf2fa4056fd51a27d25ce2c332047f1dfd6e00?s=96&d=identicon&r=g\",\"url\":\"https:\\\/\\\/secure.gravatar.com\\\/avatar\\\/1c5e76ef76bbbfdd2b4da984e2bf2fa4056fd51a27d25ce2c332047f1dfd6e00?s=96&d=identicon&r=g\",\"contentUrl\":\"https:\\\/\\\/secure.gravatar.com\\\/avatar\\\/1c5e76ef76bbbfdd2b4da984e2bf2fa4056fd51a27d25ce2c332047f1dfd6e00?s=96&d=identicon&r=g\",\"caption\":\"Kohen\"},\"sameAs\":[\"https:\\\/\\\/www.linkedin.com\\\/in\\\/hassan-kohen-448548192\\\/\",\"https:\\\/\\\/www.youtube.com\\\/@Kohen-Avocats\"],\"url\":\"https:\\\/\\\/kohenavocats.com\\\/ru\\\/author\\\/kohenmlk\\\/\"}]}<\/script>\n<!-- \/ Yoast SEO Premium plugin. -->","yoast_head_json":{"title":"Cour d'appel de Paris, le 9 octobre 2025, n\u00b023\/01143 - Ma\u00eetre Hassan Kohen, avocat en droit p\u00e9nal \u00e0 Paris","description":"La Cour d'appel de Paris, dans un arr\u00eat du 9 octobre 2025, statue sur un litige relatif au d\u00e9compte du temps de travail dans une entreprise de transport sani...","robots":{"index":"index","follow":"follow","max-snippet":"max-snippet:-1","max-image-preview":"max-image-preview:large","max-video-preview":"max-video-preview:-1"},"canonical":"https:\/\/kohenavocats.com\/ru\/cour-dappel-de-paris-le-9-octobre-2025-n23-01143\/","og_locale":"ru_RU","og_type":"article","og_title":"Cour d'appel de Paris, le 9 octobre 2025, n\u00b023\/01143","og_description":"La Cour d'appel de Paris, dans un arr\u00eat du 9 octobre 2025, statue sur un litige relatif au d\u00e9compte du temps de travail dans une entreprise de transport sani...","og_url":"https:\/\/kohenavocats.com\/ru\/cour-dappel-de-paris-le-9-octobre-2025-n23-01143\/","og_site_name":"Ma\u00eetre Hassan Kohen, avocat en droit p\u00e9nal \u00e0 Paris","article_published_time":"2026-04-23T14:06:25+00:00","og_image":[{"width":3168,"height":2116,"url":"https:\/\/kohenavocats.com\/wp-content\/uploads\/2024\/07\/daniel-roe-2OqFyMN7R_E-unsplash.webp","type":"image\/webp"}],"author":"Kohen","twitter_card":"summary_large_image","twitter_misc":{"\u041d\u0430\u043f\u0438\u0441\u0430\u043d\u043e \u0430\u0432\u0442\u043e\u0440\u043e\u043c":"Kohen","\u041f\u0440\u0438\u043c\u0435\u0440\u043d\u043e\u0435 \u0432\u0440\u0435\u043c\u044f \u0434\u043b\u044f \u0447\u0442\u0435\u043d\u0438\u044f":"4 \u043c\u0438\u043d\u0443\u0442\u044b"},"schema":{"@context":"https:\/\/schema.org","@graph":[{"@type":"Article","@id":"https:\/\/kohenavocats.com\/ru\/cour-dappel-de-paris-le-9-octobre-2025-n23-01143\/#article","isPartOf":{"@id":"https:\/\/kohenavocats.com\/ru\/cour-dappel-de-paris-le-9-octobre-2025-n23-01143\/"},"author":{"name":"Kohen","@id":"https:\/\/kohenavocats.com\/ru\/#\/schema\/person\/761c9ba54fa1ca84d405cef0831ff751"},"headline":"Cour d&#8217;appel de Paris, le 9 octobre 2025, n\u00b023\/01143","datePublished":"2026-04-23T14:06:25+00:00","mainEntityOfPage":{"@id":"https:\/\/kohenavocats.com\/ru\/cour-dappel-de-paris-le-9-octobre-2025-n23-01143\/"},"wordCount":787,"commentCount":0,"publisher":{"@id":"https:\/\/kohenavocats.com\/ru\/#organization"},"image":{"@id":"https:\/\/kohenavocats.com\/ru\/cour-dappel-de-paris-le-9-octobre-2025-n23-01143\/#primaryimage"},"thumbnailUrl":"https:\/\/kohenavocats.com\/wp-content\/uploads\/2024\/07\/daniel-roe-2OqFyMN7R_E-unsplash.webp","articleSection":["Jurisprudence"],"inLanguage":"ru-RU","potentialAction":[{"@type":"CommentAction","name":"Comment","target":["https:\/\/kohenavocats.com\/ru\/cour-dappel-de-paris-le-9-octobre-2025-n23-01143\/#respond"]}],"citation":"Cour d&#8217;appel de Paris, le 9 octobre 2025, n\u00b023\/01143","about":[{"@type":"Thing","name":"Jurisprudence"}],"dateModified":"2026-04-23T14:06:25+00:00","speakable":{"@type":"SpeakableSpecification","cssSelector":[".article-content > p:first-of-type"]}},{"@type":"WebPage","@id":"https:\/\/kohenavocats.com\/ru\/cour-dappel-de-paris-le-9-octobre-2025-n23-01143\/","url":"https:\/\/kohenavocats.com\/ru\/cour-dappel-de-paris-le-9-octobre-2025-n23-01143\/","name":"Cour d'appel de Paris, le 9 octobre 2025, n\u00b023\/01143 - Ma\u00eetre Hassan Kohen, avocat en droit p\u00e9nal \u00e0 Paris","isPartOf":{"@id":"https:\/\/kohenavocats.com\/ru\/#website"},"primaryImageOfPage":{"@id":"https:\/\/kohenavocats.com\/ru\/cour-dappel-de-paris-le-9-octobre-2025-n23-01143\/#primaryimage"},"image":{"@id":"https:\/\/kohenavocats.com\/ru\/cour-dappel-de-paris-le-9-octobre-2025-n23-01143\/#primaryimage"},"thumbnailUrl":"https:\/\/kohenavocats.com\/wp-content\/uploads\/2024\/07\/daniel-roe-2OqFyMN7R_E-unsplash.webp","datePublished":"2026-04-23T14:06:25+00:00","description":"La Cour d'appel de Paris, dans un arr\u00eat du 9 octobre 2025, statue sur un litige relatif au d\u00e9compte du temps de travail dans une entreprise de transport sani...","breadcrumb":{"@id":"https:\/\/kohenavocats.com\/ru\/cour-dappel-de-paris-le-9-octobre-2025-n23-01143\/#breadcrumb"},"inLanguage":"ru-RU","potentialAction":[{"@type":"ReadAction","target":["https:\/\/kohenavocats.com\/ru\/cour-dappel-de-paris-le-9-octobre-2025-n23-01143\/"]}]},{"@type":"ImageObject","inLanguage":"ru-RU","@id":"https:\/\/kohenavocats.com\/ru\/cour-dappel-de-paris-le-9-octobre-2025-n23-01143\/#primaryimage","url":"https:\/\/kohenavocats.com\/wp-content\/uploads\/2024\/07\/daniel-roe-2OqFyMN7R_E-unsplash.webp","contentUrl":"https:\/\/kohenavocats.com\/wp-content\/uploads\/2024\/07\/daniel-roe-2OqFyMN7R_E-unsplash.webp","width":3168,"height":2116},{"@type":"BreadcrumbList","@id":"https:\/\/kohenavocats.com\/ru\/cour-dappel-de-paris-le-9-octobre-2025-n23-01143\/#breadcrumb","itemListElement":[{"@type":"ListItem","position":1,"name":"Home","item":"https:\/\/kohenavocats.com\/ru\/avocats-en-droit-penal-a-paris-conseil-et-defense-strategique\/"},{"@type":"ListItem","position":2,"name":"Cour d&rsquo;appel de Paris, le 9 octobre 2025, n\u00b023\/01143"}]},{"@type":"WebSite","@id":"https:\/\/kohenavocats.com\/ru\/#website","url":"https:\/\/kohenavocats.com\/ru\/","name":"Kohen Avocats","description":"Ma\u00eetre Hassan Kohen, avocat p\u00e9naliste \u00e0 Paris, intervient exclusivement en droit p\u00e9nal pour la d\u00e9fense des particuliers, notamment en mati\u00e8re d\u2019accusations de viol. Il assure un accompagnement rigoureux d\u00e8s la garde \u00e0 vue jusqu\u2019\u00e0 la Cour d\u2019assises, veillant au strict respect des garanties proc\u00e9durales.","publisher":{"@id":"https:\/\/kohenavocats.com\/ru\/#organization"},"potentialAction":[{"@type":"SearchAction","target":{"@type":"EntryPoint","urlTemplate":"https:\/\/kohenavocats.com\/ru\/?s={search_term_string}"},"query-input":{"@type":"PropertyValueSpecification","valueRequired":true,"valueName":"search_term_string"}}],"inLanguage":"ru-RU"},{"@type":"Organization","@id":"https:\/\/kohenavocats.com\/ru\/#organization","name":"Kohen Avocats","url":"https:\/\/kohenavocats.com\/ru\/","logo":{"@type":"ImageObject","inLanguage":"ru-RU","@id":"https:\/\/kohenavocats.com\/ru\/#\/schema\/logo\/image\/","url":"https:\/\/kohenavocats.com\/wp-content\/uploads\/2026\/01\/Logo-2-1.webp","contentUrl":"https:\/\/kohenavocats.com\/wp-content\/uploads\/2026\/01\/Logo-2-1.webp","width":2114,"height":1253,"caption":"Kohen Avocats"},"image":{"@id":"https:\/\/kohenavocats.com\/ru\/#\/schema\/logo\/image\/"}},{"@type":"Person","@id":"https:\/\/kohenavocats.com\/ru\/#\/schema\/person\/761c9ba54fa1ca84d405cef0831ff751","name":"Kohen","image":{"@type":"ImageObject","inLanguage":"ru-RU","@id":"https:\/\/secure.gravatar.com\/avatar\/1c5e76ef76bbbfdd2b4da984e2bf2fa4056fd51a27d25ce2c332047f1dfd6e00?s=96&d=identicon&r=g","url":"https:\/\/secure.gravatar.com\/avatar\/1c5e76ef76bbbfdd2b4da984e2bf2fa4056fd51a27d25ce2c332047f1dfd6e00?s=96&d=identicon&r=g","contentUrl":"https:\/\/secure.gravatar.com\/avatar\/1c5e76ef76bbbfdd2b4da984e2bf2fa4056fd51a27d25ce2c332047f1dfd6e00?s=96&d=identicon&r=g","caption":"Kohen"},"sameAs":["https:\/\/www.linkedin.com\/in\/hassan-kohen-448548192\/","https:\/\/www.youtube.com\/@Kohen-Avocats"],"url":"https:\/\/kohenavocats.com\/ru\/author\/kohenmlk\/"}]}},"jetpack_featured_media_url":"https:\/\/kohenavocats.com\/wp-content\/uploads\/2024\/07\/daniel-roe-2OqFyMN7R_E-unsplash.webp","jetpack_likes_enabled":false,"jetpack_shortlink":"https:\/\/wp.me\/peCrII-2LVU","jetpack-related-posts":[{"id":508221,"url":"https:\/\/kohenavocats.com\/ru\/cour-dappel-de-paris-le-25-mars-2025-n24-01500\/","url_meta":{"origin":660914,"position":0},"title":"Cour d&#8217;appel de Paris, le 25 mars 2025, n\u00b024\/01500","author":"Kohen","date":"08.04.2026","format":false,"excerpt":"La cour d'appel de Paris, statuant le 25 mars 2025, examine le cas d'un salari\u00e9 engag\u00e9 \u00e0 temps partiel. Celui-ci effectue un travail en \u00e9quipes successives s...","rel":"","context":"\u0412 &quot;Jurisprudence&quot;","block_context":{"text":"Jurisprudence","link":"https:\/\/kohenavocats.com\/category\/jurisprudence\/"},"img":{"alt_text":"","src":"https:\/\/i0.wp.com\/kohenavocats.com\/wp-content\/uploads\/2024\/07\/zac-nielson-s4vuMuapk4Y-unsplash.webp?resize=350%2C200&ssl=1","width":350,"height":200,"srcset":"https:\/\/i0.wp.com\/kohenavocats.com\/wp-content\/uploads\/2024\/07\/zac-nielson-s4vuMuapk4Y-unsplash.webp?resize=350%2C200&ssl=1 1x, https:\/\/i0.wp.com\/kohenavocats.com\/wp-content\/uploads\/2024\/07\/zac-nielson-s4vuMuapk4Y-unsplash.webp?resize=525%2C300&ssl=1 1.5x, https:\/\/i0.wp.com\/kohenavocats.com\/wp-content\/uploads\/2024\/07\/zac-nielson-s4vuMuapk4Y-unsplash.webp?resize=700%2C400&ssl=1 2x, https:\/\/i0.wp.com\/kohenavocats.com\/wp-content\/uploads\/2024\/07\/zac-nielson-s4vuMuapk4Y-unsplash.webp?resize=1050%2C600&ssl=1 3x, https:\/\/i0.wp.com\/kohenavocats.com\/wp-content\/uploads\/2024\/07\/zac-nielson-s4vuMuapk4Y-unsplash.webp?resize=1400%2C800&ssl=1 4x"},"classes":[]},{"id":352830,"url":"https:\/\/kohenavocats.com\/ru\/cour-dappel-de-nimes-le-17-novembre-2025-n24-03183\/","url_meta":{"origin":660914,"position":1},"title":"Cour d&#8217;appel de N\u00eemes, le 17 novembre 2025, n\u00b024\/03183","author":"Kohen","date":"11.02.2026","format":false,"excerpt":"La Cour d\u2019appel de N\u00eemes, statuant en formation sociale le 17 novembre 2025, a \u00e9t\u00e9 saisie \u00e0 la suite d\u2019un arr\u00eat de cassation de la Cour de cassation du 4...","rel":"","context":"\u0412 &quot;Cour d'appel&quot;","block_context":{"text":"Cour d'appel","link":"https:\/\/kohenavocats.com\/category\/cour-dappel\/"},"img":{"alt_text":"","src":"https:\/\/i0.wp.com\/kohenavocats.com\/wp-content\/uploads\/2024\/11\/chris-barbalis-r4ytn1RdQas-unsplash.webp?resize=350%2C200&ssl=1","width":350,"height":200,"srcset":"https:\/\/i0.wp.com\/kohenavocats.com\/wp-content\/uploads\/2024\/11\/chris-barbalis-r4ytn1RdQas-unsplash.webp?resize=350%2C200&ssl=1 1x, https:\/\/i0.wp.com\/kohenavocats.com\/wp-content\/uploads\/2024\/11\/chris-barbalis-r4ytn1RdQas-unsplash.webp?resize=525%2C300&ssl=1 1.5x, https:\/\/i0.wp.com\/kohenavocats.com\/wp-content\/uploads\/2024\/11\/chris-barbalis-r4ytn1RdQas-unsplash.webp?resize=700%2C400&ssl=1 2x, https:\/\/i0.wp.com\/kohenavocats.com\/wp-content\/uploads\/2024\/11\/chris-barbalis-r4ytn1RdQas-unsplash.webp?resize=1050%2C600&ssl=1 3x, https:\/\/i0.wp.com\/kohenavocats.com\/wp-content\/uploads\/2024\/11\/chris-barbalis-r4ytn1RdQas-unsplash.webp?resize=1400%2C800&ssl=1 4x"},"classes":[]},{"id":236827,"url":"https:\/\/kohenavocats.com\/ru\/cour-dappel-de-paris-le-10-juillet-2025-n24-04000\/","url_meta":{"origin":660914,"position":2},"title":"Cour d&#8217;appel de Paris, le 10 juillet 2025, n\u00b024\/04000","author":"Kohen","date":"29.12.2025","format":false,"excerpt":"La gestion du temps de travail au sein des entreprises issues de la transformation des services publics suscite un contentieux r\u00e9current. La coexistence de personnels soumis \u00e0 des r\u00e9gimes juridiques distincts g\u00e9n\u00e8re des difficult\u00e9s d'interpr\u00e9tation des textes conventionnels et des engagements unilat\u00e9raux de l'employeur. L'arr\u00eat rendu par la Cour d'appel\u2026","rel":"","context":"\u0412 &quot;Cour d'appel&quot;","block_context":{"text":"Cour d'appel","link":"https:\/\/kohenavocats.com\/category\/cour-dappel\/"},"img":{"alt_text":"","src":"https:\/\/i0.wp.com\/kohenavocats.com\/wp-content\/uploads\/2024\/11\/and-machines-9aygGTfubo-unsplash.webp?resize=350%2C200&ssl=1","width":350,"height":200,"srcset":"https:\/\/i0.wp.com\/kohenavocats.com\/wp-content\/uploads\/2024\/11\/and-machines-9aygGTfubo-unsplash.webp?resize=350%2C200&ssl=1 1x, https:\/\/i0.wp.com\/kohenavocats.com\/wp-content\/uploads\/2024\/11\/and-machines-9aygGTfubo-unsplash.webp?resize=525%2C300&ssl=1 1.5x, https:\/\/i0.wp.com\/kohenavocats.com\/wp-content\/uploads\/2024\/11\/and-machines-9aygGTfubo-unsplash.webp?resize=700%2C400&ssl=1 2x, https:\/\/i0.wp.com\/kohenavocats.com\/wp-content\/uploads\/2024\/11\/and-machines-9aygGTfubo-unsplash.webp?resize=1050%2C600&ssl=1 3x, https:\/\/i0.wp.com\/kohenavocats.com\/wp-content\/uploads\/2024\/11\/and-machines-9aygGTfubo-unsplash.webp?resize=1400%2C800&ssl=1 4x"},"classes":[]},{"id":49307,"url":"https:\/\/kohenavocats.com\/ru\/reduction-du-temps-de-travail-convention-idcc-2264\/","url_meta":{"origin":660914,"position":3},"title":"R\u00e9duction du temps de travail &#8212; Convention IDCC 2264","author":"Kohen","date":"08.11.2025","format":false,"excerpt":"Accueil > Conventions collectives > Convention collective nationale de l'hos > \u2190 Retour \u00e0 la convention IDCC 2264 IDCC : 2264 Type : ACCORD \u00c9tat : Date du texte : 2000-01-27 Derni\u00e8re modification : 2014-06-03 Pr\u00e9ambule Le pr\u00e9sent accord a pour objectif, dans le cadre de la loi d'orientation et\u2026","rel":"","context":"\u0412 &quot;Hide&quot;","block_context":{"text":"Hide","link":"https:\/\/kohenavocats.com\/category\/hide\/"},"img":{"alt_text":"","src":"https:\/\/i0.wp.com\/kohenavocats.com\/wp-content\/uploads\/2024\/11\/laura-adai-XdxxYxeOFUo-unsplash.webp?resize=350%2C200&ssl=1","width":350,"height":200,"srcset":"https:\/\/i0.wp.com\/kohenavocats.com\/wp-content\/uploads\/2024\/11\/laura-adai-XdxxYxeOFUo-unsplash.webp?resize=350%2C200&ssl=1 1x, https:\/\/i0.wp.com\/kohenavocats.com\/wp-content\/uploads\/2024\/11\/laura-adai-XdxxYxeOFUo-unsplash.webp?resize=525%2C300&ssl=1 1.5x, https:\/\/i0.wp.com\/kohenavocats.com\/wp-content\/uploads\/2024\/11\/laura-adai-XdxxYxeOFUo-unsplash.webp?resize=700%2C400&ssl=1 2x, https:\/\/i0.wp.com\/kohenavocats.com\/wp-content\/uploads\/2024\/11\/laura-adai-XdxxYxeOFUo-unsplash.webp?resize=1050%2C600&ssl=1 3x, https:\/\/i0.wp.com\/kohenavocats.com\/wp-content\/uploads\/2024\/11\/laura-adai-XdxxYxeOFUo-unsplash.webp?resize=1400%2C800&ssl=1 4x"},"classes":[]},{"id":234321,"url":"https:\/\/kohenavocats.com\/ru\/duree-du-travail-dans-la-fonction-publique-hospitaliere-fph\/","url_meta":{"origin":660914,"position":4},"title":"Dur\u00e9e du travail dans la fonction publique hospitali\u00e8re (FPH)","author":"Kohen","date":"05.04.2026","format":false,"excerpt":"Information : Cette fiche presente les regles generales applicables. Votre situation personnelle peut necessiter une analyse specifique. Contactez notre cabinet pour un accompagnement personnalise. Vous \u00eates agent hospitalier et souhaitez connaitre les r\u00e8gles concernant votre dur\u00e9e du travail ? Voici les informations essentielles \u00e0 conna\u00eetre. Quelle est la dur\u00e9e l\u00e9gale\u2026","rel":"","context":"\u0412 &quot;Droit du travail&quot;","block_context":{"text":"Droit du travail","link":"https:\/\/kohenavocats.com\/category\/droit-du-travail\/"},"img":{"alt_text":"","src":"https:\/\/i0.wp.com\/kohenavocats.com\/wp-content\/uploads\/2024\/11\/getty-images-FZXDalHMmRM-unsplash.webp?resize=350%2C200&ssl=1","width":350,"height":200,"srcset":"https:\/\/i0.wp.com\/kohenavocats.com\/wp-content\/uploads\/2024\/11\/getty-images-FZXDalHMmRM-unsplash.webp?resize=350%2C200&ssl=1 1x, https:\/\/i0.wp.com\/kohenavocats.com\/wp-content\/uploads\/2024\/11\/getty-images-FZXDalHMmRM-unsplash.webp?resize=525%2C300&ssl=1 1.5x, https:\/\/i0.wp.com\/kohenavocats.com\/wp-content\/uploads\/2024\/11\/getty-images-FZXDalHMmRM-unsplash.webp?resize=700%2C400&ssl=1 2x, https:\/\/i0.wp.com\/kohenavocats.com\/wp-content\/uploads\/2024\/11\/getty-images-FZXDalHMmRM-unsplash.webp?resize=1050%2C600&ssl=1 3x, https:\/\/i0.wp.com\/kohenavocats.com\/wp-content\/uploads\/2024\/11\/getty-images-FZXDalHMmRM-unsplash.webp?resize=1400%2C800&ssl=1 4x"},"classes":[]},{"id":526227,"url":"https:\/\/kohenavocats.com\/ru\/cour-dappel-de-montpellier-le-4-septembre-2024-n24-03183\/","url_meta":{"origin":660914,"position":5},"title":"Cour d&#8217;appel de Montpellier, le 4 septembre 2024, n\u00b024\/03183","author":"Kohen","date":"09.04.2026","format":false,"excerpt":"La Cour d'appel de Montpellier, statuant le 4 septembre 2024, a examin\u00e9 un litige relatif au d\u00e9compte d'heures suppl\u00e9mentaires et \u00e0 la qualification de p\u00e9rio...","rel":"","context":"\u0412 &quot;Jurisprudence&quot;","block_context":{"text":"Jurisprudence","link":"https:\/\/kohenavocats.com\/category\/jurisprudence\/"},"img":{"alt_text":"","src":"https:\/\/i0.wp.com\/kohenavocats.com\/wp-content\/uploads\/2024\/08\/jonathan-velasquez-eUSpDPSFdKU-unsplash-1.webp?resize=350%2C200&ssl=1","width":350,"height":200,"srcset":"https:\/\/i0.wp.com\/kohenavocats.com\/wp-content\/uploads\/2024\/08\/jonathan-velasquez-eUSpDPSFdKU-unsplash-1.webp?resize=350%2C200&ssl=1 1x, https:\/\/i0.wp.com\/kohenavocats.com\/wp-content\/uploads\/2024\/08\/jonathan-velasquez-eUSpDPSFdKU-unsplash-1.webp?resize=525%2C300&ssl=1 1.5x, https:\/\/i0.wp.com\/kohenavocats.com\/wp-content\/uploads\/2024\/08\/jonathan-velasquez-eUSpDPSFdKU-unsplash-1.webp?resize=700%2C400&ssl=1 2x, https:\/\/i0.wp.com\/kohenavocats.com\/wp-content\/uploads\/2024\/08\/jonathan-velasquez-eUSpDPSFdKU-unsplash-1.webp?resize=1050%2C600&ssl=1 3x, https:\/\/i0.wp.com\/kohenavocats.com\/wp-content\/uploads\/2024\/08\/jonathan-velasquez-eUSpDPSFdKU-unsplash-1.webp?resize=1400%2C800&ssl=1 4x"},"classes":[]}],"jetpack_sharing_enabled":true,"_links":{"self":[{"href":"https:\/\/kohenavocats.com\/ru\/wp-json\/wp\/v2\/posts\/660914","targetHints":{"allow":["GET"]}}],"collection":[{"href":"https:\/\/kohenavocats.com\/ru\/wp-json\/wp\/v2\/posts"}],"about":[{"href":"https:\/\/kohenavocats.com\/ru\/wp-json\/wp\/v2\/types\/post"}],"author":[{"embeddable":true,"href":"https:\/\/kohenavocats.com\/ru\/wp-json\/wp\/v2\/users\/232070755"}],"replies":[{"embeddable":true,"href":"https:\/\/kohenavocats.com\/ru\/wp-json\/wp\/v2\/comments?post=660914"}],"version-history":[{"count":0,"href":"https:\/\/kohenavocats.com\/ru\/wp-json\/wp\/v2\/posts\/660914\/revisions"}],"wp:featuredmedia":[{"embeddable":true,"href":"https:\/\/kohenavocats.com\/ru\/wp-json\/wp\/v2\/media\/3899"}],"wp:attachment":[{"href":"https:\/\/kohenavocats.com\/ru\/wp-json\/wp\/v2\/media?parent=660914"}],"wp:term":[{"taxonomy":"category","embeddable":true,"href":"https:\/\/kohenavocats.com\/ru\/wp-json\/wp\/v2\/categories?post=660914"},{"taxonomy":"post_tag","embeddable":true,"href":"https:\/\/kohenavocats.com\/ru\/wp-json\/wp\/v2\/tags?post=660914"}],"curies":[{"name":"wp","href":"https:\/\/api.w.org\/{rel}","templated":true}]}}